{"id":53612,"date":"2024-01-20T08:35:49","date_gmt":"2024-01-20T06:35:49","guid":{"rendered":"https:\/\/just-now.news\/de\/deutschland\/voelkische-massenbasis-oder-bunter-nato-faschismus\/"},"modified":"2024-01-20T08:35:49","modified_gmt":"2024-01-20T06:35:49","slug":"voelkische-massenbasis-oder-bunter-nato-faschismus","status":"publish","type":"post","link":"https:\/\/now-news.de\/de\/deutschland\/voelkische-massenbasis-oder-bunter-nato-faschismus\/","title":{"rendered":"&quot;V\u00f6lkische&quot; Massenbasis oder &quot;bunter&quot; NATO-Faschismus?"},"content":{"rendered":"<p><img decoding=\"async\" src=\"http:\/\/just-now.news\/de\/wp-content\/uploads\/sites\/3\/2024\/01\/65a938b048fbef0e30359bec.jpg\" \/><\/p>\n<div class=\"Text-root Text-type_1 \">\n                Die Diffamierung des sozialen Protests funktioniert nicht mehr. Die teils ausufernde Polizeigewalt, mit der der Staat auf die Proteste der Bauern und anderer Werkt\u00e4tiger reagierte, legt die Nervosit\u00e4t blo\u00df, die in Politik und Repressionsapparaten inzwischen herrscht. Wo stehen wir heute?\n            <\/div>\n<p><\/p>\n<div class=\"Text-root Text-type_5 ArticleView-text ViewText-root \">\n<p><em>Von Martin Eulenburg<\/em><\/p>\n<p>Wie soll und kann es mit dem Gemeinwesen weitergehen? Wer bestimmt Inhalt und Richtung der Politik? Wie steht es um die etablierten Institutionen? Werden die Interessen der Mehrheit \u2013 einmal gro\u00dfz\u00fcgig unterstellt, dies sei in der Bundesrepublik Deutschland je der Fall gewesen \u2013 noch vertreten?<\/p>\n<p>Sicher, nach 1945 musste der Kapitalismus sich im westdeutschen Separatstaat aufh\u00fcbschen und t\u00fcchtig anstrengen (Bertolt Brecht\/Hanns Eisler\/Ernst Busch: &#8220;<a rel=\"nofollow noopener\" target=\"_blank\" href=\"https:\/\/www.youtube.com\/watch?v=QV_ZRB3lU9k\">Der anachronistische Zug oder Freiheit und Democracy<\/a>&#8220;), nicht zuletzt angesichts der alsbald propagierten, jedoch zutiefst unpopul\u00e4ren Remilitarisierung, um als das attraktivere Modell in der globalen Systemkonkurrenz des Kalten Krieges zu erscheinen. Die KPD, die gegen die Wiederbewaffnung antrat, wurde verboten und bleibt es bis heute.<\/p>\n<p>Auch wenn die Kriegs- und Weltherrschaftsziele des in Westdeutschland restaurierten Imperialismus und seiner faschistischen Kr\u00e4fte die gleichen blieben: Nach der Kapitulation war der Hitlerfaschismus zu sehr weltweit diskreditiert, als dass sie unter gleicher \u00e4u\u00dferer Erscheinung weiterverfolgt werden konnten. Die neuen Kr\u00e4fteverh\u00e4ltnisse erforderten die Unterordnung des westdeutschen Gro\u00dfkapitals unter die USA und die NATO. Das blieb der einzig m\u00f6gliche Hebel zu &#8220;neuer Gr\u00f6\u00dfe&#8221;. Damit auch die ideologische Unterordnung: Die reaktion\u00e4rsten Kreise traten von nun an unter der Maske von &#8220;Re-Education&#8221; und &#8220;Totalitarismustheorie&#8221; auf. Sogar die &#8220;Frankfurter Schule&#8221; beriet insgeheim die alten Wehrmachtsgenerale beim Aufbau der Bundeswehr. Ab den 1970er-Jahren, mit dem &#8220;Club of Rome&#8221; und seinen &#8220;Grenzen des Wachstums&#8221;, fand die \u00e4u\u00dferste Reaktion einen konstanten Verb\u00fcndeten in der &#8220;gr\u00fcnen&#8221; Ideologie bis<br \/>heute. Die Rolle von Altnazis in gemeinsamer Fronde mit Ultralinken bei der Gr\u00fcndung der gleichnamigen Partei war kein blo\u00dfer Geburtsfehler, sondern blieb ihr ideologischer Grundstoff bis zu Annalena Baerbock und Robert Habeck.<\/p>\n<p>Nach 1989\/90 und der vorl\u00e4ufigen Niederlage des Sozialismus in Europa hat der US-dominierte deutsche Imperialismus samt seiner um die annektierte DDR vergr\u00f6\u00dferten BRD allerdings immer weniger Schminke aufgelegt. Er kehrte sozusagen zum Normalbetrieb zur\u00fcck, wie es au\u00dferhalb von Europa vor 1989 von jeher der Fall war. Allerdings haben die dem System eigenen Widerspr\u00fcche in den Jahrzehnten seit 1990 unvermeidlich dazu gef\u00fchrt, dass die inneren Gegens\u00e4tze und die \u00e4u\u00dferen Konflikte immer \u00f6fter in offene Gewalt m\u00fcnden. Dies nicht zuletzt deshalb, weil von der westlichen Politik zielstrebig nahezu alle bis 1989 mehr oder weniger notgedrungen hingenommenen Beschr\u00e4nkungen des liberalen Kapitalismus \u2013 als da w\u00e4ren: Sozialstaat, demokratische Rechte, Abr\u00fcstungsvertr\u00e4ge und V\u00f6lkerrecht \u2013 systematisch abgebaut oder missachtet wurden. Die Beschw\u00f6rung einer R\u00fcckkehr zur &#8220;guten&#8221; Sozialdemokratie der 1970er-Jahre ist heute eine hoffnungslos illusorische R\u00fcckw\u00e4rtsutopie.<\/p>\n<p>Was die deutsche Bourgeoisie betrifft, so gab sie sich nach 1990 kurz dem euphorischen Wahn hin, das &#8220;Neue Normal&#8221;, das der Sieg der Roten Armee 1945 \u00fcber sie verh\u00e4ngte, sei nun Geschichte. Seit der Sprengung der Nord-Stream-Pipelines durch den &#8220;Gro\u00dfen Bruder&#8221; ist klar, dass das &#8220;Ende der Geschichte&#8221; sie nur umso tiefer in die Abh\u00e4ngigkeiten von diesem verstrickte. W\u00e4hrend Franz Josef Strau\u00df die BRD noch als &#8220;politischen Zwerg und wirtschaftlichen Riesen&#8221; bezeichnete, ist von Angela Merkel bis zur &#8220;Ampel&#8221; mit der weiteren politischen auch die wirtschaftliche Verzwergung besiegelt<br \/>worden.<\/p>\n<p>Gegen\u00fcber <em>RT DE<\/em> erkl\u00e4rte Klaus Linder, ehemaliger langj\u00e4hriger Vorsitzender des Berliner Landesverbandes der <a rel=\"nofollow noopener\" target=\"_blank\" href=\"https:\/\/www.freidenker.org\/\">Freidenker<\/a>, wie sich die Kr\u00e4fteverh\u00e4ltnisse zugespitzt haben und vor welchen Aufgaben Antifaschistischen in der aktuellen Lage stehen.<\/p>\n<p>So geht Linder davon aus, dass die &#8220;gegenw\u00e4rtige Regierungsform in Deutschland&#8221; die &#8220;Faschisierung&#8221; bereits so weit vorangetrieben habe, dass man von einer &#8220;unmittelbaren Vorbereitungsetappe zur Aufrichtung des Faschismus&#8221; sprechen k\u00f6nne, in der wir uns im Augenblick bef\u00e4nden. Dies festzustellen bedeute jedoch keinen Determinismus, demzufolge es unvermeidlich zu einem neuen Faschismus durch den Austausch der Regierungsform kommen m\u00fcsse.<\/p>\n<p>Eine solche &#8220;def\u00e4tistische Auslegung&#8221; sei vielmehr abzulehnen. Auch wenn viele Anzeichen auf einen kommenden Faschismus hindeuteten, so lasse er sich noch verhindern. Gerade in der gegenw\u00e4rtigen &#8220;Vorbereitungsetappe&#8221; k\u00f6nne ihm in den Arm gefallen werden. Das Potenzial der Bev\u00f6lkerung dazu, so Linder, s\u00e4hen wir gerade zum Beispiel an den &#8220;Bauernprotesten&#8221;. Die Zur\u00fcckhaltung der Arbeiterklasse, die \u2013 wie \u00fcbrigens auch die Bauern \u2013 \u00fcber keine Partei mehr verf\u00fcgt, die ihre Interessen vertr\u00e4te, d\u00fcrfe nicht als Passivit\u00e4t missdeutet werden. Der Faschismus kann von den Herrschenden nicht \u00fcber Nacht und per Knopfdruck etabliert werden. Damit dieser Stopp gelingen k\u00f6nne, m\u00fcsse man sich dar\u00fcber klar werden, in welcher Etappe sich die Gesellschaft national und international befinde, so Linder.<\/p>\n<p>Das setze allerdings die &#8220;Identifizierung der Triebkr\u00e4fte voraus, von<br \/>denen er tats\u00e4chlich ausgeht und vorangetrieben wird&#8221;. Man m\u00fcsse sich verdeutlichen,<\/p>\n<blockquote>\n<p><em>&#8220;dass ein Faschismus an der Macht von genau denjenigen Kr\u00e4ften kommen w\u00fcrde, die jetzt schon durch die Ampel repr\u00e4sentiert werden (und davor durch Merkel). Und das sind die Kr\u00e4fte maximaler Unterordnung unter die USA und ihren Hebel NATO. Es sind die Kr\u00e4fte, die auf die Zwingburg EU angewiesen sind, die Regenbogen-Faschisten unter &#8216;kosmopolitischer&#8217; Maske.&#8221;<\/em><\/p>\n<\/blockquote>\n<p>Seien erst einmal diese potenziellen Tr\u00e4gerkr\u00e4fte f\u00fcr eine neue faschistische Ordnung, die im antifaschistischen Gewand auftrete, ausgemacht, komme es auch auf das &#8220;Wie&#8221; f\u00fcr eine antifaschistische Strategie an. Aus dem Gesagten folgt f\u00fcr Linder, dass hierzulande ein neuer Faschismus eher durch einen &#8220;kalten&#8221; oder &#8220;hei\u00dfen&#8221; NATO-gesteuerten Putsch oder einen anderen NATO-gesteuerten Weg der Liquidierung der Reste parlamentarischer Demokratie an die Macht gelangen w\u00fcrde.<\/p>\n<blockquote>\n<p><em>&#8220;An USA und NATO vorbei wird ein Land, dessen Au\u00dfenministerium nach der Pfeife der hierzu eingeb\u00fcrgerten Jennifer Morgan (Tiefer Staat in den USA, Greenpeace) tanzt, keinen weiteren Schritt der Faschisierung tun k\u00f6nnen. Ein Festhalten am &#8216;Unternehmen Barbarossa II gegen Russland&#8217; sei Kernelement der weiteren Faschisierung&#8221;, so Linder.<\/em><\/p>\n<\/blockquote>\n<p>So sehr selbst der Bandera-Faschismus aus dem deutschen Scho\u00df entsprungen sei: Ein existenzf\u00e4higer Faschismus &#8220;an der Macht&#8221; m\u00fcsse in Deutschland in gewissem Ma\u00dfe reimportiert und von au\u00dfen abgesichert werden und k\u00f6nne nicht durch Mobilisierung einer inl\u00e4ndischen Massenbasis erreicht und an der Macht erhalten werden. Deshalb seien subjektive Interpretationen und &#8220;soziologische Erhebungen&#8221; \u00fcber &#8220;rechtes Gedankengut&#8221; und &#8220;konnotierte Vokabeln&#8221; der unterdr\u00fcckten Klassen sowohl Ablenkungsman\u00f6ver als auch Zeitverschwendung.<\/p>\n<p>Um einen solchen faschistischen Umsturz zu kaschieren, leisten die vielfach genutzten Regime-Change-Techniken ihre Dienste \u2013 mit den bekannten Elementen einer &#8220;Bunten&#8221; oder &#8220;Farbrevolution&#8221;, die das provokatorische Potenzial zum B\u00fcrgerkrieg in sich tragen. Die Faschisierung sei, so Linder, auf gesteuerte Bodentruppen angewiesen, die das autorit\u00e4re Regieren der Exekutive, \u00fcber die Vorw\u00e4nde etlicher Ausnahmezust\u00e4nde, als Pseudo-Au\u00dferparlamentarische Opposition auf der Stra\u00dfe fordern und durch unausgesetzte Provokationen gegen die Werkt\u00e4tigen vorantreiben. Solche Bodentruppen der Faschisierung seien beispielsweise &#8220;Fridays for Future&#8221;, die &#8220;Letzte Generation&#8221;, &#8220;Pulse of Europe&#8221; sowie simulierte &#8220;B\u00fcndnisse gegen rechts&#8221;, die auch naive Wohlmeinende einzubinden verm\u00f6chten.<\/p>\n<p>W\u00e4hrend die deutsche Version der &#8220;Corona-Ma\u00dfnahmen&#8221; weitgehend zur Einf\u00fchrung des autorit\u00e4ren Verordnungsregierens durch die Exekutive genutzt werden konnte, sei die zentrale Offensive zur Erreichung des Ausnahmezustands und Bek\u00e4mpfung der Werkt\u00e4tigen weiterhin in der &#8220;Klimarettungsideologie&#8221; zu sehen, die die panischen Apokalypse-\u00c4ngste des krisengesch\u00fcttelten B\u00fcrgertums sozusagen zeitlos sch\u00fcrt. Die Klima-Ideologie ging bruchlos in die der &#8220;Zeitenwende&#8221; des imperialistischen Krieges und der Sanktionspolitik \u00fcber. Das Ganze wird weiterhin \u00fcberw\u00f6lbt durch den angeblichen &#8220;Kampf gegen Rechts&#8221;, unter dessen irref\u00fchrenden Vorw\u00e4nden aktuell die letzten demokratischen Rechte weiter geschleift werden sollen (<a rel=\"nofollow noopener\" target=\"_blank\" href=\"https:\/\/freedert.online\/meinung\/192711-laeuft-gerade-eine-grosse-kampagne-fuer-ein-afd-verbot\/\">AfD-Parteiverbot<\/a>, <a rel=\"nofollow noopener\" target=\"_blank\" href=\"https:\/\/freedert.online\/meinung\/192962-grundrechtsverwirkung-ist-kein-buttermesser\/\">Entzug von Grundrechten<\/a>, &#8220;<a rel=\"nofollow noopener\" target=\"_blank\" href=\"https:\/\/freedert.online\/meinung\/156562-reichsbuerger-razzia-vor-geplantem-systemumbruch\/\">Rollator<\/a>&#8211;<a rel=\"nofollow noopener\" target=\"_blank\" href=\"https:\/\/freedert.online\/kurzclips\/video\/189586-warum-rollator-gang-wirklich-verhaftet\/\">Putsch<\/a>&#8220;).<\/p>\n<p>Doch genau darin best\u00fcnden die T\u00e4uschungsman\u00f6ver in der erw\u00e4hnten &#8220;Vorbereitungsetappe&#8221;, worauf Linder nicht m\u00fcde wird hinzuweisen. Demzufolge sei die &#8220;den &#8216;links&#8217;-opportunistischen Einflussnehmern so teure Gebetsformel, der Faschismus komme in Deutschland &#8216;wie 1933&#8217; durch eine inl\u00e4ndische Massenbasis und ihr &#8216;falsches Bewusstsein&#8217; an die Macht&#8221;, nichts als eine &#8220;Nebelkerze, die der Faschisierung ausschlie\u00dflich n\u00fctzt&#8221;.<\/p>\n<p>Nat\u00fcrlich d\u00fcrften in einem solchen Panik-Szenario die ultimativen Feindbilder nicht fehlen: Der neue Faschismus, \u00fcbrigens ganz wie der alte, werde sich extrem antirussisch \u2013 und antichinesisch \u2013 geb\u00e4rden. Auch dazu laufen seit Jahren die propagandistischen Vorbereitungen, was auf <em>RT DE<\/em> nicht n\u00e4her ausgef\u00fchrt zu werden braucht.<\/p>\n<p>So gebe es eigentlich nur noch ein Szenario, allerdings ein akutes, wie der Faschismus in Deutschland wieder an die Macht gelangen k\u00f6nnte. Und dies sei dasselbe wie in der Ukraine: &#8220;durch die USA, die NATO und ihre Handlanger&#8221;. Im Prinzip ist es dasselbe Muster wie schon &#8220;vor Jahrzehnten in Griechenland&#8221;. Je mehr in Deutschland die<br \/>&#8220;demokratischen&#8221;, gar &#8220;antifaschistischen&#8221; Masken fielen, desto deutlicher komme dabei aber wieder das Gesicht des in der BRD niemals beseitigten &#8220;alten&#8221; Faschismus zum Vorschein.<\/p>\n<p>Linder begr\u00fcndet seine Analyse folgenderma\u00dfen:<\/p>\n<blockquote>\n<p><em>&#8220;Dies sind nun mal die Bedingungen, Kr\u00e4fte- und Hegemonieverh\u00e4ltnisse in Europa seit 1945. Darum ist es den Kr\u00e4ften der Faschisierung, die wir am Wochenende in Potsdam erlebten, mit Scholz, Baerbock, Neubauer \u2013 die sich woanders kaum noch auf die Stra\u00dfe trauen k\u00f6nnten \u2013 eminent wichtig, dass sie das gesamte verrannte &#8216;links&#8217;-opportunistische Kontinuum, von &#8216;Omas gegen Rechts&#8217;, junge Welt, VVN-BdA und so weiter und so fort, die<br \/>Insolvenzmasse der Linkspartei, dazu etliche &#8216;zivilgesellschaftliche&#8217; sogenannte Nichtregierungsorganisationen immer mit im Boot haben. Und selbstverst\u00e4ndlich diejenigen SPD-gesteuerten leitenden Gewerkschaftsapparate, die mit &#8216;Zeitenwende&#8217; und gr\u00fcner Transformationsideologie auf Kriegs- und Faschisierungskurs gehalten werden \u2013 gegen die Interessen ihrer Mitglieder. Sie brauchen das, weil sie keine Massenbasis mehr haben und auch keine mehr bekommen k\u00f6nnen.&#8221;<\/em><\/p>\n<\/blockquote>\n<p>Es gelte, so Linder, das Wort von Georgi Dimitrow: &#8220;Der Faschismus ist eine grausame, aber keine feste Macht.&#8221; Dies umso mehr, als die Formierung der internationalen Gegenkr\u00e4fte, gef\u00fchrt durch die Kooperation von Russland und China, unter dem Schlagwort &#8220;Multipolare Weltordnung&#8221; den kombinierten Imperialismus zwar noch nicht zum Papiertiger machte, aber im Begriff steht, ihm eine epochale Niederlage zu bereiten.<\/p>\n<p><strong>Mehr zum Thema<\/strong> \u2013 <a rel=\"nofollow noopener\" target=\"_blank\" href=\"https:\/\/freedert.online\/meinung\/190486-total-entgrenzte-staatsmacht-neue-faschismus\/\">Total entgrenzte Staatsmacht \u2013 &#8220;Der Neue Faschismus, der keiner sein will&#8221;<\/a><\/p>\n<\/div>\n<p><br \/>\n<br \/><a href=\"https:\/\/de.rt.com\/gesellschaft\/193142-voelkische-massenbasis-oder-bunter-nato-faschismus\/\">Source link <\/a><\/p>\n","protected":false},"excerpt":{"rendered":"<p>Die Diffamierung des sozialen Protests funktioniert nicht mehr. Die teils ausufernde Polizeigewalt, mit der der Staat auf die Proteste der Bauern und anderer Werkt\u00e4tiger reagierte, legt die Nervosit\u00e4t blo\u00df, die in Politik und Repressionsapparaten inzwischen herrscht. Wo stehen wir heute? Von Martin Eulenburg Wie soll und kann es mit dem Gemeinwesen weitergehen? Wer bestimmt Inhalt [&hellip;]<\/p>\n","protected":false},"author":3,"featured_media":53613,"comment_status":"open","ping_status":"open","sticky":false,"template":"","format":"standard","meta":{"_yoast_indexnow_last_ping":["1705733146"],"wp_automatic_camp":["217"],"5723615f45fe26d0ff48f9d83c722c3b":["&quot;V\u00f6lkische&quot; Massenbasis oder &quot;bunter&quot; NATO-Faschismus?"],"original_link":["https:\/\/de.rt.com\/gesellschaft\/193142-voelkische-massenbasis-oder-bunter-nato-faschismus\/"],"_thumbnail_id":["53613"],"_wptgpro_p2tg_sent2tg":["a:1:{i:23737;s:19:\"2024-01-20 08:48:38\";}"],"jnews_social_counter_last_update":["1777364566"]},"categories":[19,23],"tags":[52646,52648,268,52647,52645],"yoast_head":"<!-- This site is optimized with the Yoast SEO Premium plugin v22.7 (Yoast SEO v22.7) - https:\/\/yoast.com\/wordpress\/plugins\/seo\/ -->\n<title>&quot;V\u00f6lkische&quot; Massenbasis oder &quot;bunter&quot; NATO-Faschismus? - just-now.NEWS Deutschland<\/title>\n<meta name=\"robots\" content=\"index, follow, max-snippet:-1, max-image-preview:large, max-video-preview:-1\" \/>\n<link rel=\"canonical\" href=\"https:\/\/now-news.de\/de\/deutschland\/voelkische-massenbasis-oder-bunter-nato-faschismus\/\" \/>\n<meta property=\"og:locale\" content=\"de_DE\" \/>\n<meta property=\"og:type\" content=\"article\" \/>\n<meta property=\"og:title\" content=\"&quot;V\u00f6lkische&quot; Massenbasis oder &quot;bunter&quot; NATO-Faschismus?\" \/>\n<meta property=\"og:description\" content=\"Die Diffamierung des sozialen Protests funktioniert nicht mehr. Die teils ausufernde Polizeigewalt, mit der der Staat auf die Proteste der Bauern und anderer Werkt\u00e4tiger reagierte, legt die Nervosit\u00e4t blo\u00df, die in Politik und Repressionsapparaten inzwischen herrscht. Wo stehen wir heute? Von Martin Eulenburg Wie soll und kann es mit dem Gemeinwesen weitergehen? Wer bestimmt Inhalt [&hellip;]\" \/>\n<meta property=\"og:url\" content=\"https:\/\/now-news.de\/de\/deutschland\/voelkische-massenbasis-oder-bunter-nato-faschismus\/\" \/>\n<meta property=\"og:site_name\" content=\"just-now.NEWS Deutschland\" \/>\n<meta property=\"article:publisher\" content=\"https:\/\/www.facebook.com\/wirmachenauf\" \/>\n<meta property=\"article:published_time\" content=\"2024-01-20T06:35:49+00:00\" \/>\n<meta property=\"og:image\" content=\"https:\/\/now-news.de\/de\/wp-content\/uploads\/sites\/3\/2024\/01\/quotVoelkischequot-Massenbasis-oder-quotbunterquot-NATO-Faschismus.jpg\" \/>\n\t<meta property=\"og:image:width\" content=\"460\" \/>\n\t<meta property=\"og:image:height\" content=\"259\" \/>\n\t<meta property=\"og:image:type\" content=\"image\/jpeg\" \/>\n<meta name=\"author\" content=\"rtnews\" \/>\n<meta name=\"twitter:card\" content=\"summary_large_image\" \/>\n<meta name=\"twitter:creator\" content=\"@WirMachenAuf_de\" \/>\n<meta name=\"twitter:site\" content=\"@WirMachenAuf_de\" \/>\n<meta name=\"twitter:label1\" content=\"Verfasst von\" \/>\n\t<meta name=\"twitter:data1\" content=\"rtnews\" \/>\n\t<meta name=\"twitter:label2\" content=\"Gesch\u00e4tzte Lesezeit\" \/>\n\t<meta name=\"twitter:data2\" content=\"8\u00a0Minuten\" \/>\n<script type=\"application\/ld+json\" class=\"yoast-schema-graph\">{\"@context\":\"https:\/\/schema.org\",\"@graph\":[{\"@type\":\"Article\",\"@id\":\"https:\/\/now-news.de\/de\/deutschland\/voelkische-massenbasis-oder-bunter-nato-faschismus\/#article\",\"isPartOf\":{\"@id\":\"https:\/\/now-news.de\/de\/deutschland\/voelkische-massenbasis-oder-bunter-nato-faschismus\/\"},\"author\":{\"name\":\"rtnews\",\"@id\":\"https:\/\/now-news.de\/de\/#\/schema\/person\/fb534a4e865501d8b3285208df34a9b5\"},\"headline\":\"&quot;V\u00f6lkische&quot; Massenbasis oder &quot;bunter&quot; NATO-Faschismus?\",\"datePublished\":\"2024-01-20T06:35:49+00:00\",\"dateModified\":\"2024-01-20T06:35:49+00:00\",\"mainEntityOfPage\":{\"@id\":\"https:\/\/now-news.de\/de\/deutschland\/voelkische-massenbasis-oder-bunter-nato-faschismus\/\"},\"wordCount\":1654,\"commentCount\":0,\"publisher\":{\"@id\":\"https:\/\/now-news.de\/de\/#organization\"},\"image\":{\"@id\":\"https:\/\/now-news.de\/de\/deutschland\/voelkische-massenbasis-oder-bunter-nato-faschismus\/#primaryimage\"},\"thumbnailUrl\":\"https:\/\/now-news.de\/de\/wp-content\/uploads\/sites\/3\/2024\/01\/quotVoelkischequot-Massenbasis-oder-quotbunterquot-NATO-Faschismus.jpg\",\"keywords\":[\"Massenbasis\",\"NATOFaschismus\",\"oder\",\"quotbunterquot\",\"quotV\u00f6lkischequot\"],\"articleSection\":[\"Deutschland\",\"Russland\"],\"inLanguage\":\"de\",\"potentialAction\":[{\"@type\":\"CommentAction\",\"name\":\"Comment\",\"target\":[\"https:\/\/now-news.de\/de\/deutschland\/voelkische-massenbasis-oder-bunter-nato-faschismus\/#respond\"]}]},{\"@type\":\"WebPage\",\"@id\":\"https:\/\/now-news.de\/de\/deutschland\/voelkische-massenbasis-oder-bunter-nato-faschismus\/\",\"url\":\"https:\/\/now-news.de\/de\/deutschland\/voelkische-massenbasis-oder-bunter-nato-faschismus\/\",\"name\":\"&quot;V\u00f6lkische&quot; Massenbasis oder &quot;bunter&quot; NATO-Faschismus? - just-now.NEWS Deutschland\",\"isPartOf\":{\"@id\":\"https:\/\/now-news.de\/de\/#website\"},\"primaryImageOfPage\":{\"@id\":\"https:\/\/now-news.de\/de\/deutschland\/voelkische-massenbasis-oder-bunter-nato-faschismus\/#primaryimage\"},\"image\":{\"@id\":\"https:\/\/now-news.de\/de\/deutschland\/voelkische-massenbasis-oder-bunter-nato-faschismus\/#primaryimage\"},\"thumbnailUrl\":\"https:\/\/now-news.de\/de\/wp-content\/uploads\/sites\/3\/2024\/01\/quotVoelkischequot-Massenbasis-oder-quotbunterquot-NATO-Faschismus.jpg\",\"datePublished\":\"2024-01-20T06:35:49+00:00\",\"dateModified\":\"2024-01-20T06:35:49+00:00\",\"breadcrumb\":{\"@id\":\"https:\/\/now-news.de\/de\/deutschland\/voelkische-massenbasis-oder-bunter-nato-faschismus\/#breadcrumb\"},\"inLanguage\":\"de\",\"potentialAction\":[{\"@type\":\"ReadAction\",\"target\":[\"https:\/\/now-news.de\/de\/deutschland\/voelkische-massenbasis-oder-bunter-nato-faschismus\/\"]}]},{\"@type\":\"ImageObject\",\"inLanguage\":\"de\",\"@id\":\"https:\/\/now-news.de\/de\/deutschland\/voelkische-massenbasis-oder-bunter-nato-faschismus\/#primaryimage\",\"url\":\"https:\/\/now-news.de\/de\/wp-content\/uploads\/sites\/3\/2024\/01\/quotVoelkischequot-Massenbasis-oder-quotbunterquot-NATO-Faschismus.jpg\",\"contentUrl\":\"https:\/\/now-news.de\/de\/wp-content\/uploads\/sites\/3\/2024\/01\/quotVoelkischequot-Massenbasis-oder-quotbunterquot-NATO-Faschismus.jpg\",\"width\":460,\"height\":259,\"caption\":\"&quot;V\u00f6lkische&quot; Massenbasis oder &quot;bunter&quot; NATO-Faschismus?\"},{\"@type\":\"BreadcrumbList\",\"@id\":\"https:\/\/now-news.de\/de\/deutschland\/voelkische-massenbasis-oder-bunter-nato-faschismus\/#breadcrumb\",\"itemListElement\":[{\"@type\":\"ListItem\",\"position\":1,\"name\":\"Home\",\"item\":\"https:\/\/now-news.de\/de\/\"},{\"@type\":\"ListItem\",\"position\":2,\"name\":\"&quot;V\u00f6lkische&quot; Massenbasis oder &quot;bunter&quot; NATO-Faschismus?\"}]},{\"@type\":\"WebSite\",\"@id\":\"https:\/\/now-news.de\/de\/#website\",\"url\":\"https:\/\/now-news.de\/de\/\",\"name\":\"just-now.NEWS Deutschland\",\"description\":\"Das Portal f\u00fcr unzensierte Nachrichten aus der Welt\",\"publisher\":{\"@id\":\"https:\/\/now-news.de\/de\/#organization\"},\"potentialAction\":[{\"@type\":\"SearchAction\",\"target\":{\"@type\":\"EntryPoint\",\"urlTemplate\":\"https:\/\/now-news.de\/de\/?s={search_term_string}\"},\"query-input\":\"required name=search_term_string\"}],\"inLanguage\":\"de\"},{\"@type\":\"Organization\",\"@id\":\"https:\/\/now-news.de\/de\/#organization\",\"name\":\"Just Now News\",\"url\":\"https:\/\/now-news.de\/de\/\",\"logo\":{\"@type\":\"ImageObject\",\"inLanguage\":\"de\",\"@id\":\"https:\/\/now-news.de\/de\/#\/schema\/logo\/image\/\",\"url\":\"http:\/\/just-now.news\/de\/wp-content\/uploads\/sites\/3\/2022\/04\/logo500x500.jpg\",\"contentUrl\":\"http:\/\/just-now.news\/de\/wp-content\/uploads\/sites\/3\/2022\/04\/logo500x500.jpg\",\"width\":500,\"height\":500,\"caption\":\"Just Now News\"},\"image\":{\"@id\":\"https:\/\/now-news.de\/de\/#\/schema\/logo\/image\/\"},\"sameAs\":[\"https:\/\/www.facebook.com\/wirmachenauf\",\"https:\/\/x.com\/WirMachenAuf_de\"]},{\"@type\":\"Person\",\"@id\":\"https:\/\/now-news.de\/de\/#\/schema\/person\/fb534a4e865501d8b3285208df34a9b5\",\"name\":\"rtnews\",\"image\":{\"@type\":\"ImageObject\",\"inLanguage\":\"de\",\"@id\":\"https:\/\/now-news.de\/de\/#\/schema\/person\/image\/\",\"url\":\"https:\/\/secure.gravatar.com\/avatar\/82aafea7d8127119dd649515f56e2117?s=96&d=mm&r=g\",\"contentUrl\":\"https:\/\/secure.gravatar.com\/avatar\/82aafea7d8127119dd649515f56e2117?s=96&d=mm&r=g\",\"caption\":\"rtnews\"},\"url\":\"https:\/\/now-news.de\/de\/author\/rnews\/\"}]}<\/script>\n<!-- \/ Yoast SEO Premium plugin. -->","yoast_head_json":{"title":"&quot;V\u00f6lkische&quot; Massenbasis oder &quot;bunter&quot; NATO-Faschismus? - just-now.NEWS Deutschland","robots":{"index":"index","follow":"follow","max-snippet":"max-snippet:-1","max-image-preview":"max-image-preview:large","max-video-preview":"max-video-preview:-1"},"canonical":"https:\/\/now-news.de\/de\/deutschland\/voelkische-massenbasis-oder-bunter-nato-faschismus\/","og_locale":"de_DE","og_type":"article","og_title":"&quot;V\u00f6lkische&quot; Massenbasis oder &quot;bunter&quot; NATO-Faschismus?","og_description":"Die Diffamierung des sozialen Protests funktioniert nicht mehr. Die teils ausufernde Polizeigewalt, mit der der Staat auf die Proteste der Bauern und anderer Werkt\u00e4tiger reagierte, legt die Nervosit\u00e4t blo\u00df, die in Politik und Repressionsapparaten inzwischen herrscht. Wo stehen wir heute? Von Martin Eulenburg Wie soll und kann es mit dem Gemeinwesen weitergehen? Wer bestimmt Inhalt [&hellip;]","og_url":"https:\/\/now-news.de\/de\/deutschland\/voelkische-massenbasis-oder-bunter-nato-faschismus\/","og_site_name":"just-now.NEWS Deutschland","article_publisher":"https:\/\/www.facebook.com\/wirmachenauf","article_published_time":"2024-01-20T06:35:49+00:00","og_image":[{"width":460,"height":259,"url":"https:\/\/now-news.de\/de\/wp-content\/uploads\/sites\/3\/2024\/01\/quotVoelkischequot-Massenbasis-oder-quotbunterquot-NATO-Faschismus.jpg","type":"image\/jpeg"}],"author":"rtnews","twitter_card":"summary_large_image","twitter_creator":"@WirMachenAuf_de","twitter_site":"@WirMachenAuf_de","twitter_misc":{"Verfasst von":"rtnews","Gesch\u00e4tzte Lesezeit":"8\u00a0Minuten"},"schema":{"@context":"https:\/\/schema.org","@graph":[{"@type":"Article","@id":"https:\/\/now-news.de\/de\/deutschland\/voelkische-massenbasis-oder-bunter-nato-faschismus\/#article","isPartOf":{"@id":"https:\/\/now-news.de\/de\/deutschland\/voelkische-massenbasis-oder-bunter-nato-faschismus\/"},"author":{"name":"rtnews","@id":"https:\/\/now-news.de\/de\/#\/schema\/person\/fb534a4e865501d8b3285208df34a9b5"},"headline":"&quot;V\u00f6lkische&quot; Massenbasis oder &quot;bunter&quot; NATO-Faschismus?","datePublished":"2024-01-20T06:35:49+00:00","dateModified":"2024-01-20T06:35:49+00:00","mainEntityOfPage":{"@id":"https:\/\/now-news.de\/de\/deutschland\/voelkische-massenbasis-oder-bunter-nato-faschismus\/"},"wordCount":1654,"commentCount":0,"publisher":{"@id":"https:\/\/now-news.de\/de\/#organization"},"image":{"@id":"https:\/\/now-news.de\/de\/deutschland\/voelkische-massenbasis-oder-bunter-nato-faschismus\/#primaryimage"},"thumbnailUrl":"https:\/\/now-news.de\/de\/wp-content\/uploads\/sites\/3\/2024\/01\/quotVoelkischequot-Massenbasis-oder-quotbunterquot-NATO-Faschismus.jpg","keywords":["Massenbasis","NATOFaschismus","oder","quotbunterquot","quotV\u00f6lkischequot"],"articleSection":["Deutschland","Russland"],"inLanguage":"de","potentialAction":[{"@type":"CommentAction","name":"Comment","target":["https:\/\/now-news.de\/de\/deutschland\/voelkische-massenbasis-oder-bunter-nato-faschismus\/#respond"]}]},{"@type":"WebPage","@id":"https:\/\/now-news.de\/de\/deutschland\/voelkische-massenbasis-oder-bunter-nato-faschismus\/","url":"https:\/\/now-news.de\/de\/deutschland\/voelkische-massenbasis-oder-bunter-nato-faschismus\/","name":"&quot;V\u00f6lkische&quot; Massenbasis oder &quot;bunter&quot; NATO-Faschismus? - just-now.NEWS Deutschland","isPartOf":{"@id":"https:\/\/now-news.de\/de\/#website"},"primaryImageOfPage":{"@id":"https:\/\/now-news.de\/de\/deutschland\/voelkische-massenbasis-oder-bunter-nato-faschismus\/#primaryimage"},"image":{"@id":"https:\/\/now-news.de\/de\/deutschland\/voelkische-massenbasis-oder-bunter-nato-faschismus\/#primaryimage"},"thumbnailUrl":"https:\/\/now-news.de\/de\/wp-content\/uploads\/sites\/3\/2024\/01\/quotVoelkischequot-Massenbasis-oder-quotbunterquot-NATO-Faschismus.jpg","datePublished":"2024-01-20T06:35:49+00:00","dateModified":"2024-01-20T06:35:49+00:00","breadcrumb":{"@id":"https:\/\/now-news.de\/de\/deutschland\/voelkische-massenbasis-oder-bunter-nato-faschismus\/#breadcrumb"},"inLanguage":"de","potentialAction":[{"@type":"ReadAction","target":["https:\/\/now-news.de\/de\/deutschland\/voelkische-massenbasis-oder-bunter-nato-faschismus\/"]}]},{"@type":"ImageObject","inLanguage":"de","@id":"https:\/\/now-news.de\/de\/deutschland\/voelkische-massenbasis-oder-bunter-nato-faschismus\/#primaryimage","url":"https:\/\/now-news.de\/de\/wp-content\/uploads\/sites\/3\/2024\/01\/quotVoelkischequot-Massenbasis-oder-quotbunterquot-NATO-Faschismus.jpg","contentUrl":"https:\/\/now-news.de\/de\/wp-content\/uploads\/sites\/3\/2024\/01\/quotVoelkischequot-Massenbasis-oder-quotbunterquot-NATO-Faschismus.jpg","width":460,"height":259,"caption":"&quot;V\u00f6lkische&quot; Massenbasis oder &quot;bunter&quot; NATO-Faschismus?"},{"@type":"BreadcrumbList","@id":"https:\/\/now-news.de\/de\/deutschland\/voelkische-massenbasis-oder-bunter-nato-faschismus\/#breadcrumb","itemListElement":[{"@type":"ListItem","position":1,"name":"Home","item":"https:\/\/now-news.de\/de\/"},{"@type":"ListItem","position":2,"name":"&quot;V\u00f6lkische&quot; Massenbasis oder &quot;bunter&quot; NATO-Faschismus?"}]},{"@type":"WebSite","@id":"https:\/\/now-news.de\/de\/#website","url":"https:\/\/now-news.de\/de\/","name":"just-now.NEWS Deutschland","description":"Das Portal f\u00fcr unzensierte Nachrichten aus der Welt","publisher":{"@id":"https:\/\/now-news.de\/de\/#organization"},"potentialAction":[{"@type":"SearchAction","target":{"@type":"EntryPoint","urlTemplate":"https:\/\/now-news.de\/de\/?s={search_term_string}"},"query-input":"required name=search_term_string"}],"inLanguage":"de"},{"@type":"Organization","@id":"https:\/\/now-news.de\/de\/#organization","name":"Just Now News","url":"https:\/\/now-news.de\/de\/","logo":{"@type":"ImageObject","inLanguage":"de","@id":"https:\/\/now-news.de\/de\/#\/schema\/logo\/image\/","url":"http:\/\/just-now.news\/de\/wp-content\/uploads\/sites\/3\/2022\/04\/logo500x500.jpg","contentUrl":"http:\/\/just-now.news\/de\/wp-content\/uploads\/sites\/3\/2022\/04\/logo500x500.jpg","width":500,"height":500,"caption":"Just Now News"},"image":{"@id":"https:\/\/now-news.de\/de\/#\/schema\/logo\/image\/"},"sameAs":["https:\/\/www.facebook.com\/wirmachenauf","https:\/\/x.com\/WirMachenAuf_de"]},{"@type":"Person","@id":"https:\/\/now-news.de\/de\/#\/schema\/person\/fb534a4e865501d8b3285208df34a9b5","name":"rtnews","image":{"@type":"ImageObject","inLanguage":"de","@id":"https:\/\/now-news.de\/de\/#\/schema\/person\/image\/","url":"https:\/\/secure.gravatar.com\/avatar\/82aafea7d8127119dd649515f56e2117?s=96&d=mm&r=g","contentUrl":"https:\/\/secure.gravatar.com\/avatar\/82aafea7d8127119dd649515f56e2117?s=96&d=mm&r=g","caption":"rtnews"},"url":"https:\/\/now-news.de\/de\/author\/rnews\/"}]}},"_links":{"self":[{"href":"https:\/\/now-news.de\/de\/wp-json\/wp\/v2\/posts\/53612"}],"collection":[{"href":"https:\/\/now-news.de\/de\/wp-json\/wp\/v2\/posts"}],"about":[{"href":"https:\/\/now-news.de\/de\/wp-json\/wp\/v2\/types\/post"}],"author":[{"embeddable":true,"href":"https:\/\/now-news.de\/de\/wp-json\/wp\/v2\/users\/3"}],"replies":[{"embeddable":true,"href":"https:\/\/now-news.de\/de\/wp-json\/wp\/v2\/comments?post=53612"}],"version-history":[{"count":0,"href":"https:\/\/now-news.de\/de\/wp-json\/wp\/v2\/posts\/53612\/revisions"}],"wp:featuredmedia":[{"embeddable":true,"href":"https:\/\/now-news.de\/de\/wp-json\/wp\/v2\/media\/53613"}],"wp:attachment":[{"href":"https:\/\/now-news.de\/de\/wp-json\/wp\/v2\/media?parent=53612"}],"wp:term":[{"taxonomy":"category","embeddable":true,"href":"https:\/\/now-news.de\/de\/wp-json\/wp\/v2\/categories?post=53612"},{"taxonomy":"post_tag","embeddable":true,"href":"https:\/\/now-news.de\/de\/wp-json\/wp\/v2\/tags?post=53612"}],"curies":[{"name":"wp","href":"https:\/\/api.w.org\/{rel}","templated":true}]}}