{"id":53586,"date":"2024-01-19T18:40:38","date_gmt":"2024-01-19T16:40:38","guid":{"rendered":"https:\/\/just-now.news\/de\/deutschland\/die-brauchen-razzien-zu-hause-rnd-chefredakteurin-fordert-hartes-vorgehen-gegen-extremisten\/"},"modified":"2024-01-19T18:40:38","modified_gmt":"2024-01-19T16:40:38","slug":"die-brauchen-razzien-zu-hause-rnd-chefredakteurin-fordert-hartes-vorgehen-gegen-extremisten","status":"publish","type":"post","link":"https:\/\/now-news.de\/de\/deutschland\/die-brauchen-razzien-zu-hause-rnd-chefredakteurin-fordert-hartes-vorgehen-gegen-extremisten\/","title":{"rendered":"&quot;Die brauchen Razzien zu Hause!&quot; RND-Chefredakteurin fordert hartes Vorgehen gegen &quot;Extremisten&quot;"},"content":{"rendered":"<p><img decoding=\"async\" src=\"http:\/\/just-now.news\/de\/wp-content\/uploads\/sites\/3\/2024\/01\/65aa7133b480cc4bf3017b2d.jpg\" \/><\/p>\n<div class=\"Text-root Text-type_1 \">\n                Der vermeintlich investigative &#8220;Correctiv&#8221;-Artikel zur Causa Remigration war auch Thema im &#8220;ZDF&#8221;. Eine geladene Journalistin beeindruckte durch ihre Forderungen mit direkter Wortwahl. Die &#8220;RND&#8221;-Chefredakteurin stellte f\u00fcr sich fest, dass noch mehr Medienkontrolle im Land vonn\u00f6ten sei. F\u00fcr kritische B\u00fcrger &#8220;muss das ungem\u00fctlich&#8221; werden.\n            <\/div>\n<p><\/p>\n<div class=\"Text-root Text-type_5 ArticleView-text ViewText-root \">\n<p>Der Titel der j\u00fcngsten Ausgabe der Illner-Talksendung im <em>ZDF<\/em> lautete:<\/p>\n<p><em>&#8220;Regieren unter Protest \u2013 Migrationskrise ungel\u00f6st?&#8221;<\/em><\/p>\n<p>Laut Mediathek-Webseite geh\u00f6rten dabei mehrere beeindruckende Wahrnehmungen und Forderungen eines der anwesenden G\u00e4ste nicht zu den &#8220;<a rel=\"nofollow noopener\" target=\"_blank\" href=\"https:\/\/www.zdf.de\/politik\/maybrit-illner\">Highlights<\/a> vom 18. Januar 2024&#8243;. Geladen war, neben\u00a0Bundesministerin Nancy Faeser (SPD), dem stellvertretenden Vorsitzenden der CDU\/CSU-Fraktion im Bundestag Jens Spahn, dem Autoren Haznain Kazim und der <em>ZDF<\/em>-Rechtsexpertin Sarah Tacke, auch die aktuelle Chefredakteurin vom <em>RedaktionsNetzwerk Deutschland (RND),<\/em> Eva Quadbeck.<\/p>\n<p>Das <em>RND<\/em> geh\u00f6rt zur Verlagsgesellschaft Madsack und ist zudem ein Medienbeteiligungsunternehmen der Kanzler-Partei SPD. Der einleitende Text der <em>ZDF-<\/em>Webseite zur aktuellen Sendung lautet:<\/p>\n<p><em>&#8220;Der Kanzler und seine Regierung stecken fest im Umfragetief \u2013 ihre Werte werden stetig schlechter. Nach Heizungs- und Haushaltsdesaster sollen zum Auftakt des Jahres Versch\u00e4rfungen im Asylrecht der Ampel aus der Krise helfen. Wird dies zum Befreiungsschlag? Oder droht Rot-Gr\u00fcn-Gelb wieder im Streit zu versinken? F\u00fchren Abschreckung und Abschottung zum Ziel oder ist dies alles nur Wasser auf die M\u00fchlen der rechten Kr\u00e4fte im Land? Kommt jetzt wirklich die Asylwende?&#8221;<\/em><\/p>\n<p>Zum Dauerthema Migration, dabei kontroversen Wahrnehmungen in der Gesellschaft und j\u00fcngsten Reaktionen aus dem politischen Berlin, wertete Frau Quadbeck &#8220;zwei Signale&#8221; seitens der Ampelregierung &#8220;als gelungen&#8221;. Diese w\u00e4ren das &#8220;Abschiebegesetz&#8221;, das jedoch nur in &#8220;hom\u00f6opathischer Funktion etwas \u00e4ndern&#8221; w\u00fcrde. Zum Thema &#8220;Staatsb\u00fcrgerschaft, der schnelleren Einb\u00fcrgerung&#8221;, w\u00fcrde das &#8220;Signal&#8221; lauten, eine &#8220;Einwanderung ohne Ressentiments. Dass man sagt, die Leute, die hier sind, sollen sich integrieren und die sollen auch schnell zu uns geh\u00f6ren.&#8221;<\/p>\n<p>Frau Quadbeck erkl\u00e4rte den <em>ZDF-<\/em>Zuschauern &#8220;das Problem, wer sich nicht nach f\u00fcnf Jahren integriert hat, wird sich auch nicht nach acht Jahren integrieren&#8221;, bezogen auf die Neuerung im Asylgesetz, dass die deutsche Staatsb\u00fcrgerschaft zuk\u00fcnftig seitens der Gesetzesregelung bereits nach f\u00fcnf Jahren zu erm\u00f6glichen sei.<\/p>\n<p>Moderatorin Illner stellt dann der <em>RND-<\/em>Chefredakteurin die hypothetische Frage, ob die AfD &#8220;in den Umfragen nicht da w\u00e4re, wo sie heute ist&#8221;, wenn die Bundespolitik hinsichtlich der Asylpolitik, &#8220;dieses Problem Migration fr\u00fcher angegangen w\u00e4re.&#8221;<\/p>\n<p>Quadbeck res\u00fcmiert, seit dem &#8220;1. Quartal 2023 ist tats\u00e4chlich nicht schnell genug reagiert worden.&#8221; Gegenseitige Schuldzuweisungen in Berlin, jedoch auch in den L\u00e4ndern und Kommunen, zu unterschiedlichen politischen Reizthemen der Gegenwart, w\u00fcrden sich den B\u00fcrgern nicht nachdr\u00fccklich vermitteln lassen.<\/p>\n<p>Der Gast Jens Spahn wollte argumentativ erg\u00e4nzen, jedoch die Moderatorin wollte lieber inhaltlich strategisch \u2013 &#8220;sie haben wahrscheinlich wie wir alle verfolgt&#8221; \u2013 zu &#8220;den Recherchen von einem Magazin Correctiv&#8221; wechseln. Nach kurzer Abhandlung und einem weiteren Themenwechsel kehrt die Gespr\u00e4chsrunde zur\u00fcck zur &#8220;Correctiv-Recherche&#8221; und dem Thema AfD. Die <em>ZDF<\/em>-Rechtsexpertin erl\u00e4utert ihre Sicht auf die unterstellten und vermeintlichen Ereignisse des Treffens.<\/p>\n<p>Frau Illner fragt:<\/p>\n<p><em> &#8220;Wo beginnt Volksverhetzung, ist ja die entscheidende Frage?&#8221;<\/em><\/p>\n<p>Frau Tacke erkennt den &#8220;Kontext-Einzelfall, um dies beurteilen zu k\u00f6nnen.&#8221; Dann bittet die Moderatorin darum, eine &#8220;erste wichtige Einordnung&#8221; zu geben: &#8220;Wie sinnvoll oder wie einfach, juristisch einfach, w\u00e4re es, eine Partei, wie die AfD zu verbieten?&#8221;<\/p>\n<p>&#8220;Juristisch einfacher&#8221;, so die <em>ZDF-<\/em>Rechtsexpertin, gegen\u00fcber einem langj\u00e4hrigen Prozess eines Parteiverbotsverfahrens, w\u00e4re demgegen\u00fcber die aktuell breit medial-gesellschaftliche Forderung des &#8220;Grundrechteentzugs&#8221; des AfD-Politikers Bj\u00f6rn H\u00f6cke. Zu ber\u00fccksichtigen sei, dieser Vorgang\u00a0wurde\u00a0bereits &#8220;viermal versucht und ist viermal gescheitert&#8221;. Der zitierte juristische <a rel=\"nofollow noopener\" target=\"_blank\" href=\"https:\/\/www.gesetze-im-internet.de\/gg\/art_18.html\">Artikel \u00a718<\/a>\u00a0zu dem Vorgang stehe existent im Grundgesetz, als &#8220;Instrument der wehrhaften Demokratie&#8221;.<\/p>\n<p>Die &#8220;politische Journalistin&#8221; Quadbeck, so Illner, befragt zu dem Ereignis der mittlerweile \u00fcber 1 Million Unterzeichner der Petition gegen Bj\u00f6rn H\u00f6cke und Parteiverbotsdiskussionen, erl\u00e4utert, dass diese &#8220;nicht zielf\u00fchrend w\u00e4ren&#8221;, da ja dann &#8220;immer noch die Leute&#8221; (Zitat: Illner) da w\u00e4ren, die weiterhin unzufrieden blieben. Quadbeck dann w\u00f6rtlich:<\/p>\n<p><em>&#8220;Dennoch glaube ich, dass die Demokratie sich wehrhafter zeigen muss. Artikel 18 halte ich da f\u00fcr ein gutes Instrument, das ist ja auch nicht ohne Grund ins Grundgesetz gewandert.&#8221;<\/em><\/p>\n<p>Quadbeck, regelrecht in Fahrt gekommen, f\u00fchrt\u00a0anschlie\u00dfend\u00a0weiter ihr subjektives Verst\u00e4ndnis von gelebter Demokratie aus:<\/p>\n<p><em>&#8220;Also wenn man sieht, wie sich Rechtsradikale organisieren \u00fcber soziale Netzwerke, das BKA hat schon Personal aufgestockt, um mehr Streife zu gehen im Internet. Aus meiner Sicht reicht das \u00fcberhaupt noch nicht aus. Ich glaube, dass die Demokratie da noch nicht wehrhaft ist. Die Medien haben recht strenge Gesetze, was sie d\u00fcrfen und was sie nicht d\u00fcrfen und wer wie senden darf. Aber Social Media, da kann jeder sein eigener Publisher, sein eigener Ver\u00f6ffentlicher sein und das in die Welt setzen, was er gerade mal f\u00fcr richtig h\u00e4lt. Und da glaube ich, muss es mehr Kontrolle geben.&#8221;<\/em><\/p>\n<p>Die RND-Journalistin erkl\u00e4rt final den <em>ZDF-<\/em>Zuschauern und Mitdiskutanten ihren individuellen Ma\u00dfnahmenkatalog gegen ihr missliebige Mitb\u00fcrger:<\/p>\n<p><em>&#8220;Und da m\u00fcssen Leute, die verfassungswidrig agieren und auch wirklich, f\u00fcr die muss das ungem\u00fctlich sein, die m\u00fcssen erwischt werden, die m\u00fcssen bestraft werden, die brauchen auch Razzien zu Hause. Und das sehe ich \u00fcberhaupt noch nicht in ausreichendem Umfang und geschehen.&#8221;<\/em><\/p>\n<p>Keiner der anwesenden G\u00e4ste widersprach oder erg\u00e4nzte kritisierend solche Forderungen. Frau Illner lenkte das Gespr\u00e4ch unbeeindruckt zur Innenministerin, mit der Frage:<\/p>\n<p><em>&#8220;Vielleicht muss man ja wirklich die AfD verbieten?&#8221;<\/em><\/p>\n<p>Faerser betonte, man m\u00fcsse es &#8220;den Rechtsextremen so ungem\u00fctlich, wie nur m\u00f6glich machen.&#8221; Jens Spahn bemerkte abschlie\u00dfend:<\/p>\n<p><em>&#8220;Das beste Mittel, um die AfD kleiner zu kriegen, ist eine andere, eine bessere Politik und vor allem auch eine Regierung, die dann gemeinsam dasteht. Man kann Unmut nicht verbieten.&#8221;<\/em><\/p>\n<p>Autor und Journalist Kazim monierte final, auf die suggestive Illner-Bemerkung: &#8220;Da ist ein ganzes Land nach rechts ger\u00fcckt&#8221;, als vermeintliche Wahrnehmung der Stunde im Land:<\/p>\n<blockquote>\n<p><em>&#8220;Ich h\u00f6re das sehr oft, dass alle Parteien hinterherrennen, dass die AfD den Ton vorgibt, ja, das stimmt leider manchmal&#8221;.<\/em><\/p>\n<\/blockquote>\n<p><strong>Mehr zum Thema &#8211;<\/strong>\u00a0<a rel=\"nofollow noopener\" target=\"_blank\" href=\"https:\/\/freeassange.rtde.life\/meinung\/193121-lesermeinung-zur-correctiv-recherche-oder\/\">Lesermeinung zur Correctiv-&#8220;Recherche&#8221; oder: Krude Verschw\u00f6rungsschwurbeleien von Nicht-Juristen<\/a><\/p>\n<\/p>\n<\/div>\n<p><br \/>\n<br \/><a href=\"https:\/\/de.rt.com\/inland\/193319-rnd-chefredakteurin-bei-illner-afd\/\">Source link <\/a><\/p>\n","protected":false},"excerpt":{"rendered":"<p>Der vermeintlich investigative &#8220;Correctiv&#8221;-Artikel zur Causa Remigration war auch Thema im &#8220;ZDF&#8221;. Eine geladene Journalistin beeindruckte durch ihre Forderungen mit direkter Wortwahl. Die &#8220;RND&#8221;-Chefredakteurin stellte f\u00fcr sich fest, dass noch mehr Medienkontrolle im Land vonn\u00f6ten sei. F\u00fcr kritische B\u00fcrger &#8220;muss das ungem\u00fctlich&#8221; werden. Der Titel der j\u00fcngsten Ausgabe der Illner-Talksendung im ZDF lautete: &#8220;Regieren unter [&hellip;]<\/p>\n","protected":false},"author":3,"featured_media":53587,"comment_status":"open","ping_status":"open","sticky":false,"template":"","format":"standard","meta":{"_yoast_indexnow_last_ping":["1705682781"],"wp_automatic_camp":["217"],"c3e2e89795e66699e68a200f24c550d7":["&quot;Die brauchen Razzien zu Hause!&quot; RND-Chefredakteurin fordert hartes Vorgehen gegen &quot;Extremisten&quot;"],"original_link":["https:\/\/de.rt.com\/inland\/193319-rnd-chefredakteurin-bei-illner-afd\/"],"_thumbnail_id":["53587"],"_wptgpro_p2tg_sent2tg":["a:1:{i:23737;s:19:\"2024-01-19 18:47:22\";}"],"jnews_social_counter_last_update":["1777167900"]},"categories":[19,23],"tags":[16210,355,278,37253,36885,1933,31292,32108,52626,359],"yoast_head":"<!-- This site is optimized with the Yoast SEO Premium plugin v22.7 (Yoast SEO v22.7) - https:\/\/yoast.com\/wordpress\/plugins\/seo\/ -->\n<title>&quot;Die brauchen Razzien zu Hause!&quot; RND-Chefredakteurin fordert hartes Vorgehen gegen &quot;Extremisten&quot; - just-now.NEWS Deutschland<\/title>\n<meta name=\"robots\" content=\"index, follow, max-snippet:-1, max-image-preview:large, max-video-preview:-1\" \/>\n<link rel=\"canonical\" href=\"https:\/\/now-news.de\/de\/deutschland\/die-brauchen-razzien-zu-hause-rnd-chefredakteurin-fordert-hartes-vorgehen-gegen-extremisten\/\" \/>\n<meta property=\"og:locale\" content=\"de_DE\" \/>\n<meta property=\"og:type\" content=\"article\" \/>\n<meta property=\"og:title\" content=\"&quot;Die brauchen Razzien zu Hause!&quot; RND-Chefredakteurin fordert hartes Vorgehen gegen &quot;Extremisten&quot;\" \/>\n<meta property=\"og:description\" content=\"Der vermeintlich investigative &#8220;Correctiv&#8221;-Artikel zur Causa Remigration war auch Thema im &#8220;ZDF&#8221;. Eine geladene Journalistin beeindruckte durch ihre Forderungen mit direkter Wortwahl. Die &#8220;RND&#8221;-Chefredakteurin stellte f\u00fcr sich fest, dass noch mehr Medienkontrolle im Land vonn\u00f6ten sei. F\u00fcr kritische B\u00fcrger &#8220;muss das ungem\u00fctlich&#8221; werden. Der Titel der j\u00fcngsten Ausgabe der Illner-Talksendung im ZDF lautete: &#8220;Regieren unter [&hellip;]\" \/>\n<meta property=\"og:url\" content=\"https:\/\/now-news.de\/de\/deutschland\/die-brauchen-razzien-zu-hause-rnd-chefredakteurin-fordert-hartes-vorgehen-gegen-extremisten\/\" \/>\n<meta property=\"og:site_name\" content=\"just-now.NEWS Deutschland\" \/>\n<meta property=\"article:publisher\" content=\"https:\/\/www.facebook.com\/wirmachenauf\" \/>\n<meta property=\"article:published_time\" content=\"2024-01-19T16:40:38+00:00\" \/>\n<meta property=\"og:image\" content=\"https:\/\/now-news.de\/de\/wp-content\/uploads\/sites\/3\/2024\/01\/quotDie-brauchen-Razzien-zu-Hausequot-RND-Chefredakteurin-fordert-hartes-Vorgehen-gegen.jpg\" \/>\n\t<meta property=\"og:image:width\" content=\"460\" \/>\n\t<meta property=\"og:image:height\" content=\"259\" \/>\n\t<meta property=\"og:image:type\" content=\"image\/jpeg\" \/>\n<meta name=\"author\" content=\"rtnews\" \/>\n<meta name=\"twitter:card\" content=\"summary_large_image\" \/>\n<meta name=\"twitter:creator\" content=\"@WirMachenAuf_de\" \/>\n<meta name=\"twitter:site\" content=\"@WirMachenAuf_de\" \/>\n<meta name=\"twitter:label1\" content=\"Verfasst von\" \/>\n\t<meta name=\"twitter:data1\" content=\"rtnews\" \/>\n\t<meta name=\"twitter:label2\" content=\"Gesch\u00e4tzte Lesezeit\" \/>\n\t<meta name=\"twitter:data2\" content=\"5\u00a0Minuten\" \/>\n<script type=\"application\/ld+json\" class=\"yoast-schema-graph\">{\"@context\":\"https:\/\/schema.org\",\"@graph\":[{\"@type\":\"Article\",\"@id\":\"https:\/\/now-news.de\/de\/deutschland\/die-brauchen-razzien-zu-hause-rnd-chefredakteurin-fordert-hartes-vorgehen-gegen-extremisten\/#article\",\"isPartOf\":{\"@id\":\"https:\/\/now-news.de\/de\/deutschland\/die-brauchen-razzien-zu-hause-rnd-chefredakteurin-fordert-hartes-vorgehen-gegen-extremisten\/\"},\"author\":{\"name\":\"rtnews\",\"@id\":\"https:\/\/now-news.de\/de\/#\/schema\/person\/fb534a4e865501d8b3285208df34a9b5\"},\"headline\":\"&quot;Die brauchen Razzien zu Hause!&quot; RND-Chefredakteurin fordert hartes Vorgehen gegen &quot;Extremisten&quot;\",\"datePublished\":\"2024-01-19T16:40:38+00:00\",\"dateModified\":\"2024-01-19T16:40:38+00:00\",\"mainEntityOfPage\":{\"@id\":\"https:\/\/now-news.de\/de\/deutschland\/die-brauchen-razzien-zu-hause-rnd-chefredakteurin-fordert-hartes-vorgehen-gegen-extremisten\/\"},\"wordCount\":1034,\"commentCount\":0,\"publisher\":{\"@id\":\"https:\/\/now-news.de\/de\/#organization\"},\"image\":{\"@id\":\"https:\/\/now-news.de\/de\/deutschland\/die-brauchen-razzien-zu-hause-rnd-chefredakteurin-fordert-hartes-vorgehen-gegen-extremisten\/#primaryimage\"},\"thumbnailUrl\":\"https:\/\/now-news.de\/de\/wp-content\/uploads\/sites\/3\/2024\/01\/quotDie-brauchen-Razzien-zu-Hausequot-RND-Chefredakteurin-fordert-hartes-Vorgehen-gegen.jpg\",\"keywords\":[\"BRAUCHEN\",\"fordert\",\"gegen\",\"hartes\",\"Hausequot\",\"quotDie\",\"quotExtremistenquot\",\"Razzien\",\"RNDChefredakteurin\",\"Vorgehen\"],\"articleSection\":[\"Deutschland\",\"Russland\"],\"inLanguage\":\"de\",\"potentialAction\":[{\"@type\":\"CommentAction\",\"name\":\"Comment\",\"target\":[\"https:\/\/now-news.de\/de\/deutschland\/die-brauchen-razzien-zu-hause-rnd-chefredakteurin-fordert-hartes-vorgehen-gegen-extremisten\/#respond\"]}]},{\"@type\":\"WebPage\",\"@id\":\"https:\/\/now-news.de\/de\/deutschland\/die-brauchen-razzien-zu-hause-rnd-chefredakteurin-fordert-hartes-vorgehen-gegen-extremisten\/\",\"url\":\"https:\/\/now-news.de\/de\/deutschland\/die-brauchen-razzien-zu-hause-rnd-chefredakteurin-fordert-hartes-vorgehen-gegen-extremisten\/\",\"name\":\"&quot;Die brauchen Razzien zu Hause!&quot; RND-Chefredakteurin fordert hartes Vorgehen gegen &quot;Extremisten&quot; - just-now.NEWS Deutschland\",\"isPartOf\":{\"@id\":\"https:\/\/now-news.de\/de\/#website\"},\"primaryImageOfPage\":{\"@id\":\"https:\/\/now-news.de\/de\/deutschland\/die-brauchen-razzien-zu-hause-rnd-chefredakteurin-fordert-hartes-vorgehen-gegen-extremisten\/#primaryimage\"},\"image\":{\"@id\":\"https:\/\/now-news.de\/de\/deutschland\/die-brauchen-razzien-zu-hause-rnd-chefredakteurin-fordert-hartes-vorgehen-gegen-extremisten\/#primaryimage\"},\"thumbnailUrl\":\"https:\/\/now-news.de\/de\/wp-content\/uploads\/sites\/3\/2024\/01\/quotDie-brauchen-Razzien-zu-Hausequot-RND-Chefredakteurin-fordert-hartes-Vorgehen-gegen.jpg\",\"datePublished\":\"2024-01-19T16:40:38+00:00\",\"dateModified\":\"2024-01-19T16:40:38+00:00\",\"breadcrumb\":{\"@id\":\"https:\/\/now-news.de\/de\/deutschland\/die-brauchen-razzien-zu-hause-rnd-chefredakteurin-fordert-hartes-vorgehen-gegen-extremisten\/#breadcrumb\"},\"inLanguage\":\"de\",\"potentialAction\":[{\"@type\":\"ReadAction\",\"target\":[\"https:\/\/now-news.de\/de\/deutschland\/die-brauchen-razzien-zu-hause-rnd-chefredakteurin-fordert-hartes-vorgehen-gegen-extremisten\/\"]}]},{\"@type\":\"ImageObject\",\"inLanguage\":\"de\",\"@id\":\"https:\/\/now-news.de\/de\/deutschland\/die-brauchen-razzien-zu-hause-rnd-chefredakteurin-fordert-hartes-vorgehen-gegen-extremisten\/#primaryimage\",\"url\":\"https:\/\/now-news.de\/de\/wp-content\/uploads\/sites\/3\/2024\/01\/quotDie-brauchen-Razzien-zu-Hausequot-RND-Chefredakteurin-fordert-hartes-Vorgehen-gegen.jpg\",\"contentUrl\":\"https:\/\/now-news.de\/de\/wp-content\/uploads\/sites\/3\/2024\/01\/quotDie-brauchen-Razzien-zu-Hausequot-RND-Chefredakteurin-fordert-hartes-Vorgehen-gegen.jpg\",\"width\":460,\"height\":259,\"caption\":\"&quot;Die brauchen Razzien zu Hause!&quot; RND-Chefredakteurin fordert hartes Vorgehen gegen &quot;Extremisten&quot;\"},{\"@type\":\"BreadcrumbList\",\"@id\":\"https:\/\/now-news.de\/de\/deutschland\/die-brauchen-razzien-zu-hause-rnd-chefredakteurin-fordert-hartes-vorgehen-gegen-extremisten\/#breadcrumb\",\"itemListElement\":[{\"@type\":\"ListItem\",\"position\":1,\"name\":\"Home\",\"item\":\"https:\/\/now-news.de\/de\/\"},{\"@type\":\"ListItem\",\"position\":2,\"name\":\"&quot;Die brauchen Razzien zu Hause!&quot; RND-Chefredakteurin fordert hartes Vorgehen gegen &quot;Extremisten&quot;\"}]},{\"@type\":\"WebSite\",\"@id\":\"https:\/\/now-news.de\/de\/#website\",\"url\":\"https:\/\/now-news.de\/de\/\",\"name\":\"just-now.NEWS Deutschland\",\"description\":\"Das Portal f\u00fcr unzensierte Nachrichten aus der Welt\",\"publisher\":{\"@id\":\"https:\/\/now-news.de\/de\/#organization\"},\"potentialAction\":[{\"@type\":\"SearchAction\",\"target\":{\"@type\":\"EntryPoint\",\"urlTemplate\":\"https:\/\/now-news.de\/de\/?s={search_term_string}\"},\"query-input\":\"required name=search_term_string\"}],\"inLanguage\":\"de\"},{\"@type\":\"Organization\",\"@id\":\"https:\/\/now-news.de\/de\/#organization\",\"name\":\"Just Now News\",\"url\":\"https:\/\/now-news.de\/de\/\",\"logo\":{\"@type\":\"ImageObject\",\"inLanguage\":\"de\",\"@id\":\"https:\/\/now-news.de\/de\/#\/schema\/logo\/image\/\",\"url\":\"http:\/\/just-now.news\/de\/wp-content\/uploads\/sites\/3\/2022\/04\/logo500x500.jpg\",\"contentUrl\":\"http:\/\/just-now.news\/de\/wp-content\/uploads\/sites\/3\/2022\/04\/logo500x500.jpg\",\"width\":500,\"height\":500,\"caption\":\"Just Now News\"},\"image\":{\"@id\":\"https:\/\/now-news.de\/de\/#\/schema\/logo\/image\/\"},\"sameAs\":[\"https:\/\/www.facebook.com\/wirmachenauf\",\"https:\/\/x.com\/WirMachenAuf_de\"]},{\"@type\":\"Person\",\"@id\":\"https:\/\/now-news.de\/de\/#\/schema\/person\/fb534a4e865501d8b3285208df34a9b5\",\"name\":\"rtnews\",\"image\":{\"@type\":\"ImageObject\",\"inLanguage\":\"de\",\"@id\":\"https:\/\/now-news.de\/de\/#\/schema\/person\/image\/\",\"url\":\"https:\/\/secure.gravatar.com\/avatar\/82aafea7d8127119dd649515f56e2117?s=96&d=mm&r=g\",\"contentUrl\":\"https:\/\/secure.gravatar.com\/avatar\/82aafea7d8127119dd649515f56e2117?s=96&d=mm&r=g\",\"caption\":\"rtnews\"},\"url\":\"https:\/\/now-news.de\/de\/author\/rnews\/\"}]}<\/script>\n<!-- \/ Yoast SEO Premium plugin. -->","yoast_head_json":{"title":"&quot;Die brauchen Razzien zu Hause!&quot; RND-Chefredakteurin fordert hartes Vorgehen gegen &quot;Extremisten&quot; - just-now.NEWS Deutschland","robots":{"index":"index","follow":"follow","max-snippet":"max-snippet:-1","max-image-preview":"max-image-preview:large","max-video-preview":"max-video-preview:-1"},"canonical":"https:\/\/now-news.de\/de\/deutschland\/die-brauchen-razzien-zu-hause-rnd-chefredakteurin-fordert-hartes-vorgehen-gegen-extremisten\/","og_locale":"de_DE","og_type":"article","og_title":"&quot;Die brauchen Razzien zu Hause!&quot; RND-Chefredakteurin fordert hartes Vorgehen gegen &quot;Extremisten&quot;","og_description":"Der vermeintlich investigative &#8220;Correctiv&#8221;-Artikel zur Causa Remigration war auch Thema im &#8220;ZDF&#8221;. Eine geladene Journalistin beeindruckte durch ihre Forderungen mit direkter Wortwahl. Die &#8220;RND&#8221;-Chefredakteurin stellte f\u00fcr sich fest, dass noch mehr Medienkontrolle im Land vonn\u00f6ten sei. F\u00fcr kritische B\u00fcrger &#8220;muss das ungem\u00fctlich&#8221; werden. Der Titel der j\u00fcngsten Ausgabe der Illner-Talksendung im ZDF lautete: &#8220;Regieren unter [&hellip;]","og_url":"https:\/\/now-news.de\/de\/deutschland\/die-brauchen-razzien-zu-hause-rnd-chefredakteurin-fordert-hartes-vorgehen-gegen-extremisten\/","og_site_name":"just-now.NEWS Deutschland","article_publisher":"https:\/\/www.facebook.com\/wirmachenauf","article_published_time":"2024-01-19T16:40:38+00:00","og_image":[{"width":460,"height":259,"url":"https:\/\/now-news.de\/de\/wp-content\/uploads\/sites\/3\/2024\/01\/quotDie-brauchen-Razzien-zu-Hausequot-RND-Chefredakteurin-fordert-hartes-Vorgehen-gegen.jpg","type":"image\/jpeg"}],"author":"rtnews","twitter_card":"summary_large_image","twitter_creator":"@WirMachenAuf_de","twitter_site":"@WirMachenAuf_de","twitter_misc":{"Verfasst von":"rtnews","Gesch\u00e4tzte Lesezeit":"5\u00a0Minuten"},"schema":{"@context":"https:\/\/schema.org","@graph":[{"@type":"Article","@id":"https:\/\/now-news.de\/de\/deutschland\/die-brauchen-razzien-zu-hause-rnd-chefredakteurin-fordert-hartes-vorgehen-gegen-extremisten\/#article","isPartOf":{"@id":"https:\/\/now-news.de\/de\/deutschland\/die-brauchen-razzien-zu-hause-rnd-chefredakteurin-fordert-hartes-vorgehen-gegen-extremisten\/"},"author":{"name":"rtnews","@id":"https:\/\/now-news.de\/de\/#\/schema\/person\/fb534a4e865501d8b3285208df34a9b5"},"headline":"&quot;Die brauchen Razzien zu Hause!&quot; RND-Chefredakteurin fordert hartes Vorgehen gegen &quot;Extremisten&quot;","datePublished":"2024-01-19T16:40:38+00:00","dateModified":"2024-01-19T16:40:38+00:00","mainEntityOfPage":{"@id":"https:\/\/now-news.de\/de\/deutschland\/die-brauchen-razzien-zu-hause-rnd-chefredakteurin-fordert-hartes-vorgehen-gegen-extremisten\/"},"wordCount":1034,"commentCount":0,"publisher":{"@id":"https:\/\/now-news.de\/de\/#organization"},"image":{"@id":"https:\/\/now-news.de\/de\/deutschland\/die-brauchen-razzien-zu-hause-rnd-chefredakteurin-fordert-hartes-vorgehen-gegen-extremisten\/#primaryimage"},"thumbnailUrl":"https:\/\/now-news.de\/de\/wp-content\/uploads\/sites\/3\/2024\/01\/quotDie-brauchen-Razzien-zu-Hausequot-RND-Chefredakteurin-fordert-hartes-Vorgehen-gegen.jpg","keywords":["BRAUCHEN","fordert","gegen","hartes","Hausequot","quotDie","quotExtremistenquot","Razzien","RNDChefredakteurin","Vorgehen"],"articleSection":["Deutschland","Russland"],"inLanguage":"de","potentialAction":[{"@type":"CommentAction","name":"Comment","target":["https:\/\/now-news.de\/de\/deutschland\/die-brauchen-razzien-zu-hause-rnd-chefredakteurin-fordert-hartes-vorgehen-gegen-extremisten\/#respond"]}]},{"@type":"WebPage","@id":"https:\/\/now-news.de\/de\/deutschland\/die-brauchen-razzien-zu-hause-rnd-chefredakteurin-fordert-hartes-vorgehen-gegen-extremisten\/","url":"https:\/\/now-news.de\/de\/deutschland\/die-brauchen-razzien-zu-hause-rnd-chefredakteurin-fordert-hartes-vorgehen-gegen-extremisten\/","name":"&quot;Die brauchen Razzien zu Hause!&quot; RND-Chefredakteurin fordert hartes Vorgehen gegen &quot;Extremisten&quot; - just-now.NEWS Deutschland","isPartOf":{"@id":"https:\/\/now-news.de\/de\/#website"},"primaryImageOfPage":{"@id":"https:\/\/now-news.de\/de\/deutschland\/die-brauchen-razzien-zu-hause-rnd-chefredakteurin-fordert-hartes-vorgehen-gegen-extremisten\/#primaryimage"},"image":{"@id":"https:\/\/now-news.de\/de\/deutschland\/die-brauchen-razzien-zu-hause-rnd-chefredakteurin-fordert-hartes-vorgehen-gegen-extremisten\/#primaryimage"},"thumbnailUrl":"https:\/\/now-news.de\/de\/wp-content\/uploads\/sites\/3\/2024\/01\/quotDie-brauchen-Razzien-zu-Hausequot-RND-Chefredakteurin-fordert-hartes-Vorgehen-gegen.jpg","datePublished":"2024-01-19T16:40:38+00:00","dateModified":"2024-01-19T16:40:38+00:00","breadcrumb":{"@id":"https:\/\/now-news.de\/de\/deutschland\/die-brauchen-razzien-zu-hause-rnd-chefredakteurin-fordert-hartes-vorgehen-gegen-extremisten\/#breadcrumb"},"inLanguage":"de","potentialAction":[{"@type":"ReadAction","target":["https:\/\/now-news.de\/de\/deutschland\/die-brauchen-razzien-zu-hause-rnd-chefredakteurin-fordert-hartes-vorgehen-gegen-extremisten\/"]}]},{"@type":"ImageObject","inLanguage":"de","@id":"https:\/\/now-news.de\/de\/deutschland\/die-brauchen-razzien-zu-hause-rnd-chefredakteurin-fordert-hartes-vorgehen-gegen-extremisten\/#primaryimage","url":"https:\/\/now-news.de\/de\/wp-content\/uploads\/sites\/3\/2024\/01\/quotDie-brauchen-Razzien-zu-Hausequot-RND-Chefredakteurin-fordert-hartes-Vorgehen-gegen.jpg","contentUrl":"https:\/\/now-news.de\/de\/wp-content\/uploads\/sites\/3\/2024\/01\/quotDie-brauchen-Razzien-zu-Hausequot-RND-Chefredakteurin-fordert-hartes-Vorgehen-gegen.jpg","width":460,"height":259,"caption":"&quot;Die brauchen Razzien zu Hause!&quot; RND-Chefredakteurin fordert hartes Vorgehen gegen &quot;Extremisten&quot;"},{"@type":"BreadcrumbList","@id":"https:\/\/now-news.de\/de\/deutschland\/die-brauchen-razzien-zu-hause-rnd-chefredakteurin-fordert-hartes-vorgehen-gegen-extremisten\/#breadcrumb","itemListElement":[{"@type":"ListItem","position":1,"name":"Home","item":"https:\/\/now-news.de\/de\/"},{"@type":"ListItem","position":2,"name":"&quot;Die brauchen Razzien zu Hause!&quot; RND-Chefredakteurin fordert hartes Vorgehen gegen &quot;Extremisten&quot;"}]},{"@type":"WebSite","@id":"https:\/\/now-news.de\/de\/#website","url":"https:\/\/now-news.de\/de\/","name":"just-now.NEWS Deutschland","description":"Das Portal f\u00fcr unzensierte Nachrichten aus der Welt","publisher":{"@id":"https:\/\/now-news.de\/de\/#organization"},"potentialAction":[{"@type":"SearchAction","target":{"@type":"EntryPoint","urlTemplate":"https:\/\/now-news.de\/de\/?s={search_term_string}"},"query-input":"required name=search_term_string"}],"inLanguage":"de"},{"@type":"Organization","@id":"https:\/\/now-news.de\/de\/#organization","name":"Just Now News","url":"https:\/\/now-news.de\/de\/","logo":{"@type":"ImageObject","inLanguage":"de","@id":"https:\/\/now-news.de\/de\/#\/schema\/logo\/image\/","url":"http:\/\/just-now.news\/de\/wp-content\/uploads\/sites\/3\/2022\/04\/logo500x500.jpg","contentUrl":"http:\/\/just-now.news\/de\/wp-content\/uploads\/sites\/3\/2022\/04\/logo500x500.jpg","width":500,"height":500,"caption":"Just Now News"},"image":{"@id":"https:\/\/now-news.de\/de\/#\/schema\/logo\/image\/"},"sameAs":["https:\/\/www.facebook.com\/wirmachenauf","https:\/\/x.com\/WirMachenAuf_de"]},{"@type":"Person","@id":"https:\/\/now-news.de\/de\/#\/schema\/person\/fb534a4e865501d8b3285208df34a9b5","name":"rtnews","image":{"@type":"ImageObject","inLanguage":"de","@id":"https:\/\/now-news.de\/de\/#\/schema\/person\/image\/","url":"https:\/\/secure.gravatar.com\/avatar\/82aafea7d8127119dd649515f56e2117?s=96&d=mm&r=g","contentUrl":"https:\/\/secure.gravatar.com\/avatar\/82aafea7d8127119dd649515f56e2117?s=96&d=mm&r=g","caption":"rtnews"},"url":"https:\/\/now-news.de\/de\/author\/rnews\/"}]}},"_links":{"self":[{"href":"https:\/\/now-news.de\/de\/wp-json\/wp\/v2\/posts\/53586"}],"collection":[{"href":"https:\/\/now-news.de\/de\/wp-json\/wp\/v2\/posts"}],"about":[{"href":"https:\/\/now-news.de\/de\/wp-json\/wp\/v2\/types\/post"}],"author":[{"embeddable":true,"href":"https:\/\/now-news.de\/de\/wp-json\/wp\/v2\/users\/3"}],"replies":[{"embeddable":true,"href":"https:\/\/now-news.de\/de\/wp-json\/wp\/v2\/comments?post=53586"}],"version-history":[{"count":0,"href":"https:\/\/now-news.de\/de\/wp-json\/wp\/v2\/posts\/53586\/revisions"}],"wp:featuredmedia":[{"embeddable":true,"href":"https:\/\/now-news.de\/de\/wp-json\/wp\/v2\/media\/53587"}],"wp:attachment":[{"href":"https:\/\/now-news.de\/de\/wp-json\/wp\/v2\/media?parent=53586"}],"wp:term":[{"taxonomy":"category","embeddable":true,"href":"https:\/\/now-news.de\/de\/wp-json\/wp\/v2\/categories?post=53586"},{"taxonomy":"post_tag","embeddable":true,"href":"https:\/\/now-news.de\/de\/wp-json\/wp\/v2\/tags?post=53586"}],"curies":[{"name":"wp","href":"https:\/\/api.w.org\/{rel}","templated":true}]}}