{"id":53576,"date":"2024-01-19T16:48:26","date_gmt":"2024-01-19T14:48:26","guid":{"rendered":"https:\/\/just-now.news\/de\/deutschland\/legionaers-affaere-franzoesischer-botschafter-verlaesst-kommentarlos-das-russische-aussenministerium\/"},"modified":"2024-01-19T16:48:26","modified_gmt":"2024-01-19T14:48:26","slug":"legionaers-affaere-franzoesischer-botschafter-verlaesst-kommentarlos-das-russische-aussenministerium","status":"publish","type":"post","link":"https:\/\/now-news.de\/de\/deutschland\/legionaers-affaere-franzoesischer-botschafter-verlaesst-kommentarlos-das-russische-aussenministerium\/","title":{"rendered":"Legion\u00e4rs-Aff\u00e4re: Franz\u00f6sischer Botschafter verl\u00e4sst kommentarlos das russische Au\u00dfenministerium"},"content":{"rendered":"<p><img decoding=\"async\" src=\"http:\/\/just-now.news\/de\/wp-content\/uploads\/sites\/3\/2024\/01\/65aa865f48fbef0b2812377f.jpg\" \/><\/p>\n<div class=\"Text-root Text-type_1 \">\n                Der am Donnerstag in der Legion\u00e4rs-Aff\u00e4re in das Au\u00dfenministerium in Moskau vorgeladene franz\u00f6sische Botschafter hat sich am Freitag geweigert, sich \u00f6ffentlich dazu zu \u00e4u\u00dfern. Frankreich steht im Verdacht, S\u00f6ldner der Fremdenlegion in die Ukraine entsandt zu haben.\n            <\/div>\n<p><\/p>\n<div class=\"Text-root Text-type_5 ArticleView-text ViewText-root \">\n<p>Der franz\u00f6sische Botschafter in Russland, Pierre Levy, der am Donnerstag wegen der Anwesenheit franz\u00f6sischer S\u00f6ldner in der Ukraine ins russische Au\u00dfenministerium vorgeladen wurde, hat das Ministerium, nachdem er am Freitag der Forderung nachgekommen und im Hauptgeb\u00e4ude des Ministeriums in Moskau erschienen war, kommentarlos verlassen, berichtet ein <em>TASS<\/em>-Korrespondent.<\/p>\n<p>Der Diplomat hielt sich etwa 45 Minuten im Ministerium auf.<\/p>\n<div class=\"EmbedBlock-root EmbedBlock-twitter\">\n<div class=\"TwitterEmbed\">\n<blockquote class=\"twitter-tweet lazyload\" data-twitter=\"twitter-tweet\">\n<p lang=\"ru\" dir=\"ltr\">\u0422\u0438\u043f\u0438\u0447\u043d\u044b\u0439 \u0442\u0430\u043a\u043e\u0439 \u0431\u0443\u0440\u0436\u0443\u0438\u043d \u0438\u0437 \u043b\u0438\u0442\u0435\u0440\u0430\u0442\u0443\u0440\u044b \u043c\u043e\u0435\u0433\u043e \u0434\u0435\u0442\u0441\u0442\u0432\u0430, \u0444\u0440\u0430\u043d\u0446\u0443\u0437\u0441\u043a\u0438\u0439 \u043f\u043e\u0441\u043e\u043b \u043c\u043e\u043b\u0447\u0430 \u043f\u044b\u0445\u0442\u0435\u043b \u0432 \u043e\u0442\u0432\u0435\u0442 \u043d\u0430 \u0432\u043e\u043f\u0440\u043e\u0441\u044b \u043a\u043e\u0440\u0440\u0430 \u043d\u0430\u0448\u0435\u0439 \u0444\u0440\u0430\u043d\u0446\u0443\u0437\u0441\u043a\u043e\u0439 \u0440\u0435\u0434\u0430\u043a\u0446\u0438\u0438. \u0410 \u0432\u043e\u043f\u0440\u043e\u0441\u044b \u0431\u044b\u043b\u0438 \u0442\u0430\u043a\u0438\u0435:&#8217;\u041a\u0430\u043a \u0432\u044b \u043e\u0431\u044a\u044f\u0441\u043d\u0438\u0442\u0435 \u0442\u043e\u0442 \u0444\u0430\u043a\u0442, \u0447\u0442\u043e \u043d\u0430 \u0423\u043a\u0440\u0430\u0438\u043d\u0435 \u0432\u043e\u044e\u044e\u0442 \u043d\u0430\u0435\u043c\u043d\u0438\u043a\u0438? \u0427\u0442\u043e \u043d\u0430 \u0423\u043a\u0440\u0430\u0438\u043d\u0435 \u0434\u0435\u043b\u0430\u044e\u0442 \u0444\u0440\u0430\u043d\u0446\u0443\u0437\u0441\u043a\u0438\u0435 \u043d\u0430\u0435\u043c\u043d\u0438\u043a\u0438? \u0412\u0430\u043c \u043d\u0435 \u0441\u0442\u044b\u0434\u043d\u043e?&#8217; <a rel=\"nofollow noopener\" target=\"_blank\" href=\"https:\/\/t.co\/yqcrwhrRmV\">pic.twitter.com\/yqcrwhrRmV<\/a><\/p>\n<p>\u2014 \u041c\u0430\u0440\u0433\u0430\u0440\u0438\u0442\u0430 \u0421\u0438\u043c\u043e\u043d\u044c\u044f\u043d (@M_Simonyan) <a rel=\"nofollow noopener\" target=\"_blank\" href=\"https:\/\/twitter.com\/M_Simonyan\/status\/1748349898318078231?ref_src=twsrc%5Etfw\">January 19, 2024<\/a><\/p><\/blockquote>\n<\/div>\n<\/div>\n<p>Das russische Verteidigungsministerium hatte am Mittwoch mitgeteilt, dass russische Streitkr\u00e4fte einen gezielten Angriff auf ein provisorisches Quartier ausl\u00e4ndischer K\u00e4mpfer in Charkow durchgef\u00fchrt hatten. Nach Angaben des Ministeriums handelte es sich bei den meisten ausl\u00e4ndischen S\u00f6ldnern um franz\u00f6sische Staatsangeh\u00f6rige. Bei dem Angriff wurden 60 K\u00e4mpfer get\u00f6tet und mehr als 20 verwundet.<\/p>\n<p>Gut informierte russische Telegram-Kan\u00e4le aus dem Umfeld von Kriegsberichterstattern schreiben inzwischen, dass es sich bei den in Charkow get\u00f6teten und verwundeten Franzosen nicht um individuell angereiste S\u00f6ldner handle, sondern um Mitglieder der franz\u00f6sischen Fremdenlegion. Eine offizielle Best\u00e4tigung daf\u00fcr gibt es bislang nicht. Frankreich hat offiziell die Anwesenheit franz\u00f6sischer Staatsangeh\u00f6riger in Charkow grunds\u00e4tzlich bestritten.<\/p>\n<p><strong>Mehr zum Thema<\/strong> \u2013 <a rel=\"nofollow noopener\" target=\"_blank\" href=\"https:\/\/freedert.online\/international\/193232-legionaere-in-charkow-russische-aussenministerium-bestellt-botschafter-ein\/\">Legion\u00e4re in Charkow? Russisches Au\u00dfenministerium bestellt franz\u00f6sischen Botschafter ein<\/a><\/p>\n<\/p>\n<\/div>\n<p><script async src=\"https:\/\/platform.twitter.com\/widgets.js\" charset=\"utf-8\"><\/script><br \/>\n<br \/><br \/>\n<br \/><a href=\"https:\/\/de.rt.com\/international\/193332-legionaers-affaere-franzoesischer-botschafter-verlaesst-ministerium\/\">Source link <\/a><\/p>\n","protected":false},"excerpt":{"rendered":"<p>Der am Donnerstag in der Legion\u00e4rs-Aff\u00e4re in das Au\u00dfenministerium in Moskau vorgeladene franz\u00f6sische Botschafter hat sich am Freitag geweigert, sich \u00f6ffentlich dazu zu \u00e4u\u00dfern. Frankreich steht im Verdacht, S\u00f6ldner der Fremdenlegion in die Ukraine entsandt zu haben. Der franz\u00f6sische Botschafter in Russland, Pierre Levy, der am Donnerstag wegen der Anwesenheit franz\u00f6sischer S\u00f6ldner in der Ukraine [&hellip;]<\/p>\n","protected":false},"author":3,"featured_media":53577,"comment_status":"open","ping_status":"open","sticky":false,"template":"","format":"standard","meta":{"_yoast_indexnow_last_ping":["1705676067"],"wp_automatic_camp":["217"],"1b303ab3d34fc3ead2c7890241db1f2f":["Legion\u00e4rs-Aff\u00e4re: Franz\u00f6sischer Botschafter verl\u00e4sst kommentarlos das russische Au\u00dfenministerium"],"original_link":["https:\/\/de.rt.com\/international\/193332-legionaers-affaere-franzoesischer-botschafter-verlaesst-ministerium\/"],"_thumbnail_id":["53577"],"jnews_social_counter_last_update":["1777607437"],"_wptgpro_p2tg_sent2tg":["a:1:{i:23737;s:19:\"2024-01-19 16:55:58\";}"]},"categories":[19,23],"tags":[16681,4992,427,9154,52618,52617,570,1444],"yoast_head":"<!-- This site is optimized with the Yoast SEO Premium plugin v22.7 (Yoast SEO v22.7) - https:\/\/yoast.com\/wordpress\/plugins\/seo\/ -->\n<title>Legion\u00e4rs-Aff\u00e4re: Franz\u00f6sischer Botschafter verl\u00e4sst kommentarlos das russische Au\u00dfenministerium - just-now.NEWS Deutschland<\/title>\n<meta name=\"robots\" content=\"index, follow, max-snippet:-1, max-image-preview:large, max-video-preview:-1\" \/>\n<link rel=\"canonical\" href=\"https:\/\/now-news.de\/de\/deutschland\/legionaers-affaere-franzoesischer-botschafter-verlaesst-kommentarlos-das-russische-aussenministerium\/\" \/>\n<meta property=\"og:locale\" content=\"de_DE\" \/>\n<meta property=\"og:type\" content=\"article\" \/>\n<meta property=\"og:title\" content=\"Legion\u00e4rs-Aff\u00e4re: Franz\u00f6sischer Botschafter verl\u00e4sst kommentarlos das russische Au\u00dfenministerium\" \/>\n<meta property=\"og:description\" content=\"Der am Donnerstag in der Legion\u00e4rs-Aff\u00e4re in das Au\u00dfenministerium in Moskau vorgeladene franz\u00f6sische Botschafter hat sich am Freitag geweigert, sich \u00f6ffentlich dazu zu \u00e4u\u00dfern. Frankreich steht im Verdacht, S\u00f6ldner der Fremdenlegion in die Ukraine entsandt zu haben. Der franz\u00f6sische Botschafter in Russland, Pierre Levy, der am Donnerstag wegen der Anwesenheit franz\u00f6sischer S\u00f6ldner in der Ukraine [&hellip;]\" \/>\n<meta property=\"og:url\" content=\"https:\/\/now-news.de\/de\/deutschland\/legionaers-affaere-franzoesischer-botschafter-verlaesst-kommentarlos-das-russische-aussenministerium\/\" \/>\n<meta property=\"og:site_name\" content=\"just-now.NEWS Deutschland\" \/>\n<meta property=\"article:publisher\" content=\"https:\/\/www.facebook.com\/wirmachenauf\" \/>\n<meta property=\"article:published_time\" content=\"2024-01-19T14:48:26+00:00\" \/>\n<meta property=\"og:image\" content=\"https:\/\/now-news.de\/de\/wp-content\/uploads\/sites\/3\/2024\/01\/Legionaers-Affaere-Franzoesischer-Botschafter-verlaesst-kommentarlos-das-russische-Aussenministerium.jpg\" \/>\n\t<meta property=\"og:image:width\" content=\"460\" \/>\n\t<meta property=\"og:image:height\" content=\"259\" \/>\n\t<meta property=\"og:image:type\" content=\"image\/jpeg\" \/>\n<meta name=\"author\" content=\"rtnews\" \/>\n<meta name=\"twitter:card\" content=\"summary_large_image\" \/>\n<meta name=\"twitter:creator\" content=\"@WirMachenAuf_de\" \/>\n<meta name=\"twitter:site\" content=\"@WirMachenAuf_de\" \/>\n<meta name=\"twitter:label1\" content=\"Verfasst von\" \/>\n\t<meta name=\"twitter:data1\" content=\"rtnews\" \/>\n\t<meta name=\"twitter:label2\" content=\"Gesch\u00e4tzte Lesezeit\" \/>\n\t<meta name=\"twitter:data2\" content=\"1\u00a0Minute\" \/>\n<script type=\"application\/ld+json\" class=\"yoast-schema-graph\">{\"@context\":\"https:\/\/schema.org\",\"@graph\":[{\"@type\":\"Article\",\"@id\":\"https:\/\/now-news.de\/de\/deutschland\/legionaers-affaere-franzoesischer-botschafter-verlaesst-kommentarlos-das-russische-aussenministerium\/#article\",\"isPartOf\":{\"@id\":\"https:\/\/now-news.de\/de\/deutschland\/legionaers-affaere-franzoesischer-botschafter-verlaesst-kommentarlos-das-russische-aussenministerium\/\"},\"author\":{\"name\":\"rtnews\",\"@id\":\"https:\/\/now-news.de\/de\/#\/schema\/person\/fb534a4e865501d8b3285208df34a9b5\"},\"headline\":\"Legion\u00e4rs-Aff\u00e4re: Franz\u00f6sischer Botschafter verl\u00e4sst kommentarlos das russische Au\u00dfenministerium\",\"datePublished\":\"2024-01-19T14:48:26+00:00\",\"dateModified\":\"2024-01-19T14:48:26+00:00\",\"mainEntityOfPage\":{\"@id\":\"https:\/\/now-news.de\/de\/deutschland\/legionaers-affaere-franzoesischer-botschafter-verlaesst-kommentarlos-das-russische-aussenministerium\/\"},\"wordCount\":306,\"commentCount\":0,\"publisher\":{\"@id\":\"https:\/\/now-news.de\/de\/#organization\"},\"image\":{\"@id\":\"https:\/\/now-news.de\/de\/deutschland\/legionaers-affaere-franzoesischer-botschafter-verlaesst-kommentarlos-das-russische-aussenministerium\/#primaryimage\"},\"thumbnailUrl\":\"https:\/\/now-news.de\/de\/wp-content\/uploads\/sites\/3\/2024\/01\/Legionaers-Affaere-Franzoesischer-Botschafter-verlaesst-kommentarlos-das-russische-Aussenministerium.jpg\",\"keywords\":[\"Au\u00dfenministerium\",\"Botschafter\",\"das\",\"franz\u00f6sischer\",\"kommentarlos\",\"Legion\u00e4rsAff\u00e4re\",\"Russische\",\"verl\u00e4sst\"],\"articleSection\":[\"Deutschland\",\"Russland\"],\"inLanguage\":\"de\",\"potentialAction\":[{\"@type\":\"CommentAction\",\"name\":\"Comment\",\"target\":[\"https:\/\/now-news.de\/de\/deutschland\/legionaers-affaere-franzoesischer-botschafter-verlaesst-kommentarlos-das-russische-aussenministerium\/#respond\"]}]},{\"@type\":\"WebPage\",\"@id\":\"https:\/\/now-news.de\/de\/deutschland\/legionaers-affaere-franzoesischer-botschafter-verlaesst-kommentarlos-das-russische-aussenministerium\/\",\"url\":\"https:\/\/now-news.de\/de\/deutschland\/legionaers-affaere-franzoesischer-botschafter-verlaesst-kommentarlos-das-russische-aussenministerium\/\",\"name\":\"Legion\u00e4rs-Aff\u00e4re: Franz\u00f6sischer Botschafter verl\u00e4sst kommentarlos das russische Au\u00dfenministerium - just-now.NEWS Deutschland\",\"isPartOf\":{\"@id\":\"https:\/\/now-news.de\/de\/#website\"},\"primaryImageOfPage\":{\"@id\":\"https:\/\/now-news.de\/de\/deutschland\/legionaers-affaere-franzoesischer-botschafter-verlaesst-kommentarlos-das-russische-aussenministerium\/#primaryimage\"},\"image\":{\"@id\":\"https:\/\/now-news.de\/de\/deutschland\/legionaers-affaere-franzoesischer-botschafter-verlaesst-kommentarlos-das-russische-aussenministerium\/#primaryimage\"},\"thumbnailUrl\":\"https:\/\/now-news.de\/de\/wp-content\/uploads\/sites\/3\/2024\/01\/Legionaers-Affaere-Franzoesischer-Botschafter-verlaesst-kommentarlos-das-russische-Aussenministerium.jpg\",\"datePublished\":\"2024-01-19T14:48:26+00:00\",\"dateModified\":\"2024-01-19T14:48:26+00:00\",\"breadcrumb\":{\"@id\":\"https:\/\/now-news.de\/de\/deutschland\/legionaers-affaere-franzoesischer-botschafter-verlaesst-kommentarlos-das-russische-aussenministerium\/#breadcrumb\"},\"inLanguage\":\"de\",\"potentialAction\":[{\"@type\":\"ReadAction\",\"target\":[\"https:\/\/now-news.de\/de\/deutschland\/legionaers-affaere-franzoesischer-botschafter-verlaesst-kommentarlos-das-russische-aussenministerium\/\"]}]},{\"@type\":\"ImageObject\",\"inLanguage\":\"de\",\"@id\":\"https:\/\/now-news.de\/de\/deutschland\/legionaers-affaere-franzoesischer-botschafter-verlaesst-kommentarlos-das-russische-aussenministerium\/#primaryimage\",\"url\":\"https:\/\/now-news.de\/de\/wp-content\/uploads\/sites\/3\/2024\/01\/Legionaers-Affaere-Franzoesischer-Botschafter-verlaesst-kommentarlos-das-russische-Aussenministerium.jpg\",\"contentUrl\":\"https:\/\/now-news.de\/de\/wp-content\/uploads\/sites\/3\/2024\/01\/Legionaers-Affaere-Franzoesischer-Botschafter-verlaesst-kommentarlos-das-russische-Aussenministerium.jpg\",\"width\":460,\"height\":259,\"caption\":\"Legion\u00e4rs-Aff\u00e4re: Franz\u00f6sischer Botschafter verl\u00e4sst kommentarlos das russische Au\u00dfenministerium\"},{\"@type\":\"BreadcrumbList\",\"@id\":\"https:\/\/now-news.de\/de\/deutschland\/legionaers-affaere-franzoesischer-botschafter-verlaesst-kommentarlos-das-russische-aussenministerium\/#breadcrumb\",\"itemListElement\":[{\"@type\":\"ListItem\",\"position\":1,\"name\":\"Home\",\"item\":\"https:\/\/now-news.de\/de\/\"},{\"@type\":\"ListItem\",\"position\":2,\"name\":\"Legion\u00e4rs-Aff\u00e4re: Franz\u00f6sischer Botschafter verl\u00e4sst kommentarlos das russische Au\u00dfenministerium\"}]},{\"@type\":\"WebSite\",\"@id\":\"https:\/\/now-news.de\/de\/#website\",\"url\":\"https:\/\/now-news.de\/de\/\",\"name\":\"just-now.NEWS Deutschland\",\"description\":\"Das Portal f\u00fcr unzensierte Nachrichten aus der Welt\",\"publisher\":{\"@id\":\"https:\/\/now-news.de\/de\/#organization\"},\"potentialAction\":[{\"@type\":\"SearchAction\",\"target\":{\"@type\":\"EntryPoint\",\"urlTemplate\":\"https:\/\/now-news.de\/de\/?s={search_term_string}\"},\"query-input\":\"required name=search_term_string\"}],\"inLanguage\":\"de\"},{\"@type\":\"Organization\",\"@id\":\"https:\/\/now-news.de\/de\/#organization\",\"name\":\"Just Now News\",\"url\":\"https:\/\/now-news.de\/de\/\",\"logo\":{\"@type\":\"ImageObject\",\"inLanguage\":\"de\",\"@id\":\"https:\/\/now-news.de\/de\/#\/schema\/logo\/image\/\",\"url\":\"http:\/\/just-now.news\/de\/wp-content\/uploads\/sites\/3\/2022\/04\/logo500x500.jpg\",\"contentUrl\":\"http:\/\/just-now.news\/de\/wp-content\/uploads\/sites\/3\/2022\/04\/logo500x500.jpg\",\"width\":500,\"height\":500,\"caption\":\"Just Now News\"},\"image\":{\"@id\":\"https:\/\/now-news.de\/de\/#\/schema\/logo\/image\/\"},\"sameAs\":[\"https:\/\/www.facebook.com\/wirmachenauf\",\"https:\/\/x.com\/WirMachenAuf_de\"]},{\"@type\":\"Person\",\"@id\":\"https:\/\/now-news.de\/de\/#\/schema\/person\/fb534a4e865501d8b3285208df34a9b5\",\"name\":\"rtnews\",\"image\":{\"@type\":\"ImageObject\",\"inLanguage\":\"de\",\"@id\":\"https:\/\/now-news.de\/de\/#\/schema\/person\/image\/\",\"url\":\"https:\/\/secure.gravatar.com\/avatar\/82aafea7d8127119dd649515f56e2117?s=96&d=mm&r=g\",\"contentUrl\":\"https:\/\/secure.gravatar.com\/avatar\/82aafea7d8127119dd649515f56e2117?s=96&d=mm&r=g\",\"caption\":\"rtnews\"},\"url\":\"https:\/\/now-news.de\/de\/author\/rnews\/\"}]}<\/script>\n<!-- \/ Yoast SEO Premium plugin. -->","yoast_head_json":{"title":"Legion\u00e4rs-Aff\u00e4re: Franz\u00f6sischer Botschafter verl\u00e4sst kommentarlos das russische Au\u00dfenministerium - just-now.NEWS Deutschland","robots":{"index":"index","follow":"follow","max-snippet":"max-snippet:-1","max-image-preview":"max-image-preview:large","max-video-preview":"max-video-preview:-1"},"canonical":"https:\/\/now-news.de\/de\/deutschland\/legionaers-affaere-franzoesischer-botschafter-verlaesst-kommentarlos-das-russische-aussenministerium\/","og_locale":"de_DE","og_type":"article","og_title":"Legion\u00e4rs-Aff\u00e4re: Franz\u00f6sischer Botschafter verl\u00e4sst kommentarlos das russische Au\u00dfenministerium","og_description":"Der am Donnerstag in der Legion\u00e4rs-Aff\u00e4re in das Au\u00dfenministerium in Moskau vorgeladene franz\u00f6sische Botschafter hat sich am Freitag geweigert, sich \u00f6ffentlich dazu zu \u00e4u\u00dfern. Frankreich steht im Verdacht, S\u00f6ldner der Fremdenlegion in die Ukraine entsandt zu haben. Der franz\u00f6sische Botschafter in Russland, Pierre Levy, der am Donnerstag wegen der Anwesenheit franz\u00f6sischer S\u00f6ldner in der Ukraine [&hellip;]","og_url":"https:\/\/now-news.de\/de\/deutschland\/legionaers-affaere-franzoesischer-botschafter-verlaesst-kommentarlos-das-russische-aussenministerium\/","og_site_name":"just-now.NEWS Deutschland","article_publisher":"https:\/\/www.facebook.com\/wirmachenauf","article_published_time":"2024-01-19T14:48:26+00:00","og_image":[{"width":460,"height":259,"url":"https:\/\/now-news.de\/de\/wp-content\/uploads\/sites\/3\/2024\/01\/Legionaers-Affaere-Franzoesischer-Botschafter-verlaesst-kommentarlos-das-russische-Aussenministerium.jpg","type":"image\/jpeg"}],"author":"rtnews","twitter_card":"summary_large_image","twitter_creator":"@WirMachenAuf_de","twitter_site":"@WirMachenAuf_de","twitter_misc":{"Verfasst von":"rtnews","Gesch\u00e4tzte Lesezeit":"1\u00a0Minute"},"schema":{"@context":"https:\/\/schema.org","@graph":[{"@type":"Article","@id":"https:\/\/now-news.de\/de\/deutschland\/legionaers-affaere-franzoesischer-botschafter-verlaesst-kommentarlos-das-russische-aussenministerium\/#article","isPartOf":{"@id":"https:\/\/now-news.de\/de\/deutschland\/legionaers-affaere-franzoesischer-botschafter-verlaesst-kommentarlos-das-russische-aussenministerium\/"},"author":{"name":"rtnews","@id":"https:\/\/now-news.de\/de\/#\/schema\/person\/fb534a4e865501d8b3285208df34a9b5"},"headline":"Legion\u00e4rs-Aff\u00e4re: Franz\u00f6sischer Botschafter verl\u00e4sst kommentarlos das russische Au\u00dfenministerium","datePublished":"2024-01-19T14:48:26+00:00","dateModified":"2024-01-19T14:48:26+00:00","mainEntityOfPage":{"@id":"https:\/\/now-news.de\/de\/deutschland\/legionaers-affaere-franzoesischer-botschafter-verlaesst-kommentarlos-das-russische-aussenministerium\/"},"wordCount":306,"commentCount":0,"publisher":{"@id":"https:\/\/now-news.de\/de\/#organization"},"image":{"@id":"https:\/\/now-news.de\/de\/deutschland\/legionaers-affaere-franzoesischer-botschafter-verlaesst-kommentarlos-das-russische-aussenministerium\/#primaryimage"},"thumbnailUrl":"https:\/\/now-news.de\/de\/wp-content\/uploads\/sites\/3\/2024\/01\/Legionaers-Affaere-Franzoesischer-Botschafter-verlaesst-kommentarlos-das-russische-Aussenministerium.jpg","keywords":["Au\u00dfenministerium","Botschafter","das","franz\u00f6sischer","kommentarlos","Legion\u00e4rsAff\u00e4re","Russische","verl\u00e4sst"],"articleSection":["Deutschland","Russland"],"inLanguage":"de","potentialAction":[{"@type":"CommentAction","name":"Comment","target":["https:\/\/now-news.de\/de\/deutschland\/legionaers-affaere-franzoesischer-botschafter-verlaesst-kommentarlos-das-russische-aussenministerium\/#respond"]}]},{"@type":"WebPage","@id":"https:\/\/now-news.de\/de\/deutschland\/legionaers-affaere-franzoesischer-botschafter-verlaesst-kommentarlos-das-russische-aussenministerium\/","url":"https:\/\/now-news.de\/de\/deutschland\/legionaers-affaere-franzoesischer-botschafter-verlaesst-kommentarlos-das-russische-aussenministerium\/","name":"Legion\u00e4rs-Aff\u00e4re: Franz\u00f6sischer Botschafter verl\u00e4sst kommentarlos das russische Au\u00dfenministerium - just-now.NEWS Deutschland","isPartOf":{"@id":"https:\/\/now-news.de\/de\/#website"},"primaryImageOfPage":{"@id":"https:\/\/now-news.de\/de\/deutschland\/legionaers-affaere-franzoesischer-botschafter-verlaesst-kommentarlos-das-russische-aussenministerium\/#primaryimage"},"image":{"@id":"https:\/\/now-news.de\/de\/deutschland\/legionaers-affaere-franzoesischer-botschafter-verlaesst-kommentarlos-das-russische-aussenministerium\/#primaryimage"},"thumbnailUrl":"https:\/\/now-news.de\/de\/wp-content\/uploads\/sites\/3\/2024\/01\/Legionaers-Affaere-Franzoesischer-Botschafter-verlaesst-kommentarlos-das-russische-Aussenministerium.jpg","datePublished":"2024-01-19T14:48:26+00:00","dateModified":"2024-01-19T14:48:26+00:00","breadcrumb":{"@id":"https:\/\/now-news.de\/de\/deutschland\/legionaers-affaere-franzoesischer-botschafter-verlaesst-kommentarlos-das-russische-aussenministerium\/#breadcrumb"},"inLanguage":"de","potentialAction":[{"@type":"ReadAction","target":["https:\/\/now-news.de\/de\/deutschland\/legionaers-affaere-franzoesischer-botschafter-verlaesst-kommentarlos-das-russische-aussenministerium\/"]}]},{"@type":"ImageObject","inLanguage":"de","@id":"https:\/\/now-news.de\/de\/deutschland\/legionaers-affaere-franzoesischer-botschafter-verlaesst-kommentarlos-das-russische-aussenministerium\/#primaryimage","url":"https:\/\/now-news.de\/de\/wp-content\/uploads\/sites\/3\/2024\/01\/Legionaers-Affaere-Franzoesischer-Botschafter-verlaesst-kommentarlos-das-russische-Aussenministerium.jpg","contentUrl":"https:\/\/now-news.de\/de\/wp-content\/uploads\/sites\/3\/2024\/01\/Legionaers-Affaere-Franzoesischer-Botschafter-verlaesst-kommentarlos-das-russische-Aussenministerium.jpg","width":460,"height":259,"caption":"Legion\u00e4rs-Aff\u00e4re: Franz\u00f6sischer Botschafter verl\u00e4sst kommentarlos das russische Au\u00dfenministerium"},{"@type":"BreadcrumbList","@id":"https:\/\/now-news.de\/de\/deutschland\/legionaers-affaere-franzoesischer-botschafter-verlaesst-kommentarlos-das-russische-aussenministerium\/#breadcrumb","itemListElement":[{"@type":"ListItem","position":1,"name":"Home","item":"https:\/\/now-news.de\/de\/"},{"@type":"ListItem","position":2,"name":"Legion\u00e4rs-Aff\u00e4re: Franz\u00f6sischer Botschafter verl\u00e4sst kommentarlos das russische Au\u00dfenministerium"}]},{"@type":"WebSite","@id":"https:\/\/now-news.de\/de\/#website","url":"https:\/\/now-news.de\/de\/","name":"just-now.NEWS Deutschland","description":"Das Portal f\u00fcr unzensierte Nachrichten aus der Welt","publisher":{"@id":"https:\/\/now-news.de\/de\/#organization"},"potentialAction":[{"@type":"SearchAction","target":{"@type":"EntryPoint","urlTemplate":"https:\/\/now-news.de\/de\/?s={search_term_string}"},"query-input":"required name=search_term_string"}],"inLanguage":"de"},{"@type":"Organization","@id":"https:\/\/now-news.de\/de\/#organization","name":"Just Now News","url":"https:\/\/now-news.de\/de\/","logo":{"@type":"ImageObject","inLanguage":"de","@id":"https:\/\/now-news.de\/de\/#\/schema\/logo\/image\/","url":"http:\/\/just-now.news\/de\/wp-content\/uploads\/sites\/3\/2022\/04\/logo500x500.jpg","contentUrl":"http:\/\/just-now.news\/de\/wp-content\/uploads\/sites\/3\/2022\/04\/logo500x500.jpg","width":500,"height":500,"caption":"Just Now News"},"image":{"@id":"https:\/\/now-news.de\/de\/#\/schema\/logo\/image\/"},"sameAs":["https:\/\/www.facebook.com\/wirmachenauf","https:\/\/x.com\/WirMachenAuf_de"]},{"@type":"Person","@id":"https:\/\/now-news.de\/de\/#\/schema\/person\/fb534a4e865501d8b3285208df34a9b5","name":"rtnews","image":{"@type":"ImageObject","inLanguage":"de","@id":"https:\/\/now-news.de\/de\/#\/schema\/person\/image\/","url":"https:\/\/secure.gravatar.com\/avatar\/82aafea7d8127119dd649515f56e2117?s=96&d=mm&r=g","contentUrl":"https:\/\/secure.gravatar.com\/avatar\/82aafea7d8127119dd649515f56e2117?s=96&d=mm&r=g","caption":"rtnews"},"url":"https:\/\/now-news.de\/de\/author\/rnews\/"}]}},"_links":{"self":[{"href":"https:\/\/now-news.de\/de\/wp-json\/wp\/v2\/posts\/53576"}],"collection":[{"href":"https:\/\/now-news.de\/de\/wp-json\/wp\/v2\/posts"}],"about":[{"href":"https:\/\/now-news.de\/de\/wp-json\/wp\/v2\/types\/post"}],"author":[{"embeddable":true,"href":"https:\/\/now-news.de\/de\/wp-json\/wp\/v2\/users\/3"}],"replies":[{"embeddable":true,"href":"https:\/\/now-news.de\/de\/wp-json\/wp\/v2\/comments?post=53576"}],"version-history":[{"count":0,"href":"https:\/\/now-news.de\/de\/wp-json\/wp\/v2\/posts\/53576\/revisions"}],"wp:featuredmedia":[{"embeddable":true,"href":"https:\/\/now-news.de\/de\/wp-json\/wp\/v2\/media\/53577"}],"wp:attachment":[{"href":"https:\/\/now-news.de\/de\/wp-json\/wp\/v2\/media?parent=53576"}],"wp:term":[{"taxonomy":"category","embeddable":true,"href":"https:\/\/now-news.de\/de\/wp-json\/wp\/v2\/categories?post=53576"},{"taxonomy":"post_tag","embeddable":true,"href":"https:\/\/now-news.de\/de\/wp-json\/wp\/v2\/tags?post=53576"}],"curies":[{"name":"wp","href":"https:\/\/api.w.org\/{rel}","templated":true}]}}