{"id":53528,"date":"2024-01-18T20:47:25","date_gmt":"2024-01-18T18:47:25","guid":{"rendered":"https:\/\/just-now.news\/de\/deutschland\/bartsch-blickt-besorgt-auf-ost-wahlen-linke-fordert-von-bsw-mandate-in-sachsen-zurueck\/"},"modified":"2024-01-18T20:47:25","modified_gmt":"2024-01-18T18:47:25","slug":"bartsch-blickt-besorgt-auf-ost-wahlen-linke-fordert-von-bsw-mandate-in-sachsen-zurueck","status":"publish","type":"post","link":"https:\/\/now-news.de\/de\/deutschland\/bartsch-blickt-besorgt-auf-ost-wahlen-linke-fordert-von-bsw-mandate-in-sachsen-zurueck\/","title":{"rendered":"Bartsch blickt besorgt auf Ost-Wahlen \u2013 Linke fordert von BSW Mandate in Sachsen zur\u00fcck"},"content":{"rendered":"<p><img decoding=\"async\" src=\"http:\/\/just-now.news\/de\/wp-content\/uploads\/sites\/3\/2024\/01\/65a957f3b480cc5c9601efa6.jpg\" \/><\/p>\n<div class=\"Text-root Text-type_1 \">\n                Das Superwahljahr 2024 wirft schon jetzt seine Schatten voraus: Vor allem bei der Partei Die Linke geht die Angst um, bei den anstehenden drei Landtagswahlen in Sachsen, Th\u00fcringen und Brandenburg unter die R\u00e4der zu kommen. Speziell mit Blick auf das &#8220;B\u00fcndnis Sahra Wagenknecht&#8221; wird mit harten Bandagen gek\u00e4mpft.\n            <\/div>\n<p><\/p>\n<div class=\"Text-root Text-type_5 ArticleView-text ViewText-root \">\n<p>Den durch den Austritt von Sahra Wagenknecht und ihre Gefolgsleute verloren gegangenen Fraktionsstatus bezeichnete Dietmar Bartsch als &#8220;Tiefpunkt&#8221; f\u00fcr seine Partei Die Linke. Im Interview mit dem Portal <em>web.de<\/em>\u00a0<a rel=\"nofollow noopener\" target=\"_blank\" href=\"https:\/\/web.de\/magazine\/politik\/dietmar-bartsch-ost-wahlen-comeback-entscheidend-39073914\">sagte<\/a>\u00a0der ehemalige Fraktionsvorsitzende mit Blick auf das Jahr 2024 und die anstehenden Landtagswahlen:<\/p>\n<blockquote>\n<p><em>&#8220;Politischer Druck von links wird dringend gebraucht. Das sehen wir in diesen Tagen. Ob es die berechtigten Bauernproteste sind, die Inflation, die wieder anzieht, oder der obsz\u00f6ne Reichtum einiger weniger \u2013 all das erfordert eine linke Opposition im Bund. Vor allem, da die Ampel so hilflos agiert. Ich sehe es so: Wir haben nach einer viel zu langen Zeit der qu\u00e4lenden Selbstbesch\u00e4ftigung nun die Chance, wieder Politik zu machen.&#8221;<\/em><\/p>\n<\/blockquote>\n<p>Die Situation sei &#8220;dramatisch, aber sie ist nicht chancenlos&#8221;. Man wolle sich nun verst\u00e4rkt auf die L\u00e4nder- und kommunale Ebene begeben.\u00a0Der Bundesregierung unterstellte Bartsch eine &#8220;katastrophale Politik&#8221;. Davon habe Die Linke allerdings nicht profitieren k\u00f6nnen. Das &#8220;Bild der Zerstrittenheit&#8221;, das nach au\u00dfen dringt, sei schuld daran: &#8220;Es wirkte so, als w\u00fcrden wir uns nur mit uns selbst besch\u00e4ftigen. Nat\u00fcrlich: Wir m\u00fcssen in der Sache um den besten Weg streiten. Aber die pers\u00f6nlichen Angriffe m\u00fcssen aufh\u00f6ren, das ist verheerend. Ich wei\u00df aus Erfahrung: Der Abstieg geht schnell, zur\u00fcckzukommen dauert l\u00e4nger, das ist harte Arbeit.&#8221;<\/p>\n<p>Auf Twitter\/X tat sich Bartsch mit \u00e4hnlichen\u00a0Plattit\u00fcden hervor. Er postete am Donnerstag:<\/p>\n<blockquote>\n<p><em>&#8220;Die Linke muss ihren Charakter als gesellschaftliche Opposition deutlicher machen. Die n\u00e4chsten zwei Jahre entscheiden. Der Abstieg geht schnell, zur\u00fcckzukommen dauert l\u00e4nger, das ist harte Arbeit. Nur gemeinsam haben wir eine Chance. Der Osten ist die Herzkammer der Linken.&#8221;<br \/><\/em><\/p>\n<\/blockquote>\n<div class=\"EmbedBlock-root EmbedBlock-twitter\">\n<div class=\"TwitterEmbed\">\n<blockquote class=\"twitter-tweet lazyload\" data-twitter=\"twitter-tweet\">\n<p lang=\"de\" dir=\"ltr\">Die Linke muss ihren Charakter als gesellschaftliche Opposition deutlicher machen. Die n\u00e4chsten zwei Jahre entscheiden. Der Abstieg geht schnell, zur\u00fcckzukommen dauert l\u00e4nger, das ist harte Arbeit. Nur gemeinsam haben wir eine Chance. Der Osten ist die Herzkammer der Linken. Auch\u2026 <a rel=\"nofollow noopener\" target=\"_blank\" href=\"https:\/\/t.co\/UNICkXanwM\">pic.twitter.com\/UNICkXanwM<\/a><\/p>\n<p>\u2014 Dietmar Bartsch (@DietmarBartsch) <a rel=\"nofollow noopener\" target=\"_blank\" href=\"https:\/\/twitter.com\/DietmarBartsch\/status\/1747913686361018593?ref_src=twsrc%5Etfw\">January 18, 2024<\/a><\/p><\/blockquote>\n<\/div>\n<\/div>\n<p>Mit Blick auf Wagenknecht gab sich Bartsch zun\u00e4chst eher verhalten. Die Partei der langj\u00e4hrigen Weggef\u00e4hrtin, das &#8220;B\u00fcndnis Sahra Wagenknecht&#8221; (BSW), sei nur &#8220;ein Konkurrent mehr \u2013 nicht mehr und nicht weniger&#8221;. Er sei aber nicht froh, dass sie nun weg ist:<\/p>\n<blockquote>\n<p><em>&#8220;Nein, ich habe bis zum Schluss darum gek\u00e4mpft, dass sie und ihre Mitstreiter in der Fraktion bleiben. Historisch haben Spaltungen und Abspaltungen in der Linken noch nie zu mehr Erfolg gef\u00fchrt \u2013 das gilt bis heute. Schauen wir nach Griechenland: Dort hat Syriza regiert, inzwischen ist sie mehrfach gespalten. Schauen wir nach Italien. Die Kommunistische Partei hat in besseren Zeiten bis zu 35 Prozent geholt. Heute gibt es f\u00fcnf linke Parteien, mehr <\/em><em>oder weniger alle bedeutungslos.&#8221;<\/em><\/p>\n<\/blockquote>\n<p>Ostdeutsche Interessen allerdings habe Die Linke vernachl\u00e4ssigt, f\u00fcr viele gelte sie als Teil des Establishments. Beides m\u00fcsse sich wieder \u00e4ndern: &#8220;Die L\u00f6hne im Osten sind Tausende Euro niedriger als im Westen. Wie sind die Spitzenpositionen in Politik, Wirtschaft, Justiz, Medien besetzt? Vor allem mit Westdeutschen. Kennen Sie einen Ostdeutschen, der im Westen Minister ist? Ich nicht. Umgekehrt aber schon. Ich will das Thema der benachteiligten Ostdeutschen wieder st\u00e4rker ins Zentrum unserer Politik r\u00fccken.&#8221;<\/p>\n<p>Dennoch g\u00f6nnt man Wagenknecht und ihren Mitstreitern nichts. Laut <em>MDR<\/em>\u00a0<a rel=\"nofollow noopener\" target=\"_blank\" href=\"https:\/\/www.mdr.de\/nachrichten\/sachsen\/chemnitz\/zwickau\/streit-sahra-wagenknecht-stadtrat-fraktion-100.html\">kracht<\/a> es gerade in Sachsen: Anlass ist der Austritt von vier Zwickauer Stadtratsmitgliedern aus der siebenk\u00f6pfigen Fraktion der Linken. Diese haben nun selbst eine eigene Fraktion des BSW im Stadtrat gebildet. Lars Kleba, Landesgesch\u00e4ftsf\u00fchrer der Linken in Sachsen, forderte die\u00a0Politiker am Montag dazu auf, ihre Mandate zur\u00fcckzugeben. Er betonte:<\/p>\n<blockquote>\n<p><em>&#8220;Die Stadtr\u00e4te sitzen dank des Programms und der Ressourcen der Linken im Stadtrat. Auch wenn die Zusammenstellung unserer Listen eine Personenwahl ist: Als Einzelkandidatinnen und -kandidaten h\u00e4tten sie wohl kaum den Sprung in den Stadtrat geschafft.&#8221;<\/em><\/p>\n<\/blockquote>\n<p>Die W\u00e4hler h\u00e4tten ihre Stimme f\u00fcr linke Politik abgegeben. &#8220;Wer inmitten der Wahlperiode pl\u00f6tzlich f\u00fcr ein anderes Wahlprogramm eintritt, betr\u00fcgt seine W\u00e4hler&#8221;, so Kleba. Wagenknecht und Co. betonen jedoch stets, dass Die Linke ohne sie als prominentes Flagschiff und ihre Mitstreiter bei den letzten Wahlen erst gar nicht mehr in den Bundestag oder eben auf kommunaler Ebene in die entsprechenden Gremien eingezogen w\u00e4re.<\/p>\n<p>In Sachsen kommt Die Linke derzeit laut <a rel=\"nofollow noopener\" target=\"_blank\" href=\"https:\/\/www.wahlrecht.de\/umfragen\/landtage\/sachsen.htm\">Forsa-Umfrage<\/a> nur noch auf sechs bis sieben Prozent der W\u00e4hlerstimmen, in Brandenburg zeichnet sich ein <a rel=\"nofollow noopener\" target=\"_blank\" href=\"https:\/\/dawum.de\/Brandenburg\/\">\u00e4hnlich tr\u00fcbes Bild<\/a> ab, und auch in Th\u00fcringen muss die Partei von Ministerpr\u00e4sident Bodo Ramelow mit 16 Prozent deutlich Federn lassen: Die Regierungskoalition mit SPD und Gr\u00fcnen steht derzeit nur bei gut 28 Prozent. Die Wagenknecht-Partei <a rel=\"nofollow noopener\" target=\"_blank\" href=\"https:\/\/dawum.de\/Thueringen\/\">k\u00e4me dort<\/a> derzeit auf 11,1 Prozent.<\/p>\n<p><strong>Mehr zum Thema<\/strong>\u00a0\u2013\u00a0<a rel=\"nofollow noopener\" target=\"_blank\" href=\"https:\/\/freedert.online\/kurzclips\/video\/192236-wagenknecht-partei-soll-deutsches-parteiensystem\/\">Wagenknecht-Partei soll &#8220;deutsches Parteiensystem ver\u00e4ndern&#8221;<\/a><\/p>\n<\/div>\n<p><script async src=\"https:\/\/platform.twitter.com\/widgets.js\" charset=\"utf-8\"><\/script><br \/>\n<br \/><br \/>\n<br \/><a href=\"https:\/\/de.rt.com\/inland\/193225-bartsch-blickt-besorgt-auf-ost-wahlen-linke-fordert-von-bsw-mandate-in-sachsen-zurueck\/\">Source link <\/a><\/p>\n","protected":false},"excerpt":{"rendered":"<p>Das Superwahljahr 2024 wirft schon jetzt seine Schatten voraus: Vor allem bei der Partei Die Linke geht die Angst um, bei den anstehenden drei Landtagswahlen in Sachsen, Th\u00fcringen und Brandenburg unter die R\u00e4der zu kommen. Speziell mit Blick auf das &#8220;B\u00fcndnis Sahra Wagenknecht&#8221; wird mit harten Bandagen gek\u00e4mpft. Den durch den Austritt von Sahra Wagenknecht [&hellip;]<\/p>\n","protected":false},"author":3,"featured_media":53529,"comment_status":"open","ping_status":"open","sticky":false,"template":"","format":"standard","meta":{"_yoast_indexnow_last_ping":["1705604264"],"wp_automatic_camp":["217"],"d9ee2091971bdfa32dea672c4f8e23db":["Bartsch blickt besorgt auf Ost-Wahlen \u2013 Linke fordert von BSW Mandate in Sachsen zur\u00fcck"],"original_link":["https:\/\/de.rt.com\/inland\/193225-bartsch-blickt-besorgt-auf-ost-wahlen-linke-fordert-von-bsw-mandate-in-sachsen-zurueck\/"],"_thumbnail_id":["53529"],"_wptgpro_p2tg_sent2tg":["a:1:{i:23737;s:19:\"2024-01-18 20:59:00\";}"],"jnews_social_counter_last_update":["1777179422"]},"categories":[19,23],"tags":[133,32901,669,49817,51583,355,1301,9032,52592,5488,50,3337],"yoast_head":"<!-- This site is optimized with the Yoast SEO Premium plugin v22.7 (Yoast SEO v22.7) - https:\/\/yoast.com\/wordpress\/plugins\/seo\/ -->\n<title>Bartsch blickt besorgt auf Ost-Wahlen \u2013 Linke fordert von BSW Mandate in Sachsen zur\u00fcck - just-now.NEWS Deutschland<\/title>\n<meta name=\"robots\" content=\"index, follow, max-snippet:-1, max-image-preview:large, max-video-preview:-1\" \/>\n<link rel=\"canonical\" href=\"https:\/\/now-news.de\/de\/deutschland\/bartsch-blickt-besorgt-auf-ost-wahlen-linke-fordert-von-bsw-mandate-in-sachsen-zurueck\/\" \/>\n<meta property=\"og:locale\" content=\"de_DE\" \/>\n<meta property=\"og:type\" content=\"article\" \/>\n<meta property=\"og:title\" content=\"Bartsch blickt besorgt auf Ost-Wahlen \u2013 Linke fordert von BSW Mandate in Sachsen zur\u00fcck\" \/>\n<meta property=\"og:description\" content=\"Das Superwahljahr 2024 wirft schon jetzt seine Schatten voraus: Vor allem bei der Partei Die Linke geht die Angst um, bei den anstehenden drei Landtagswahlen in Sachsen, Th\u00fcringen und Brandenburg unter die R\u00e4der zu kommen. Speziell mit Blick auf das &#8220;B\u00fcndnis Sahra Wagenknecht&#8221; wird mit harten Bandagen gek\u00e4mpft. Den durch den Austritt von Sahra Wagenknecht [&hellip;]\" \/>\n<meta property=\"og:url\" content=\"https:\/\/now-news.de\/de\/deutschland\/bartsch-blickt-besorgt-auf-ost-wahlen-linke-fordert-von-bsw-mandate-in-sachsen-zurueck\/\" \/>\n<meta property=\"og:site_name\" content=\"just-now.NEWS Deutschland\" \/>\n<meta property=\"article:publisher\" content=\"https:\/\/www.facebook.com\/wirmachenauf\" \/>\n<meta property=\"article:published_time\" content=\"2024-01-18T18:47:25+00:00\" \/>\n<meta property=\"og:image\" content=\"https:\/\/now-news.de\/de\/wp-content\/uploads\/sites\/3\/2024\/01\/Bartsch-blickt-besorgt-auf-Ost-Wahlen-\u2013-Linke-fordert-von-BSW.jpg\" \/>\n\t<meta property=\"og:image:width\" content=\"460\" \/>\n\t<meta property=\"og:image:height\" content=\"259\" \/>\n\t<meta property=\"og:image:type\" content=\"image\/jpeg\" \/>\n<meta name=\"author\" content=\"rtnews\" \/>\n<meta name=\"twitter:card\" content=\"summary_large_image\" \/>\n<meta name=\"twitter:creator\" content=\"@WirMachenAuf_de\" \/>\n<meta name=\"twitter:site\" content=\"@WirMachenAuf_de\" \/>\n<meta name=\"twitter:label1\" content=\"Verfasst von\" \/>\n\t<meta name=\"twitter:data1\" content=\"rtnews\" \/>\n\t<meta name=\"twitter:label2\" content=\"Gesch\u00e4tzte Lesezeit\" \/>\n\t<meta name=\"twitter:data2\" content=\"4\u00a0Minuten\" \/>\n<script type=\"application\/ld+json\" class=\"yoast-schema-graph\">{\"@context\":\"https:\/\/schema.org\",\"@graph\":[{\"@type\":\"Article\",\"@id\":\"https:\/\/now-news.de\/de\/deutschland\/bartsch-blickt-besorgt-auf-ost-wahlen-linke-fordert-von-bsw-mandate-in-sachsen-zurueck\/#article\",\"isPartOf\":{\"@id\":\"https:\/\/now-news.de\/de\/deutschland\/bartsch-blickt-besorgt-auf-ost-wahlen-linke-fordert-von-bsw-mandate-in-sachsen-zurueck\/\"},\"author\":{\"name\":\"rtnews\",\"@id\":\"https:\/\/now-news.de\/de\/#\/schema\/person\/fb534a4e865501d8b3285208df34a9b5\"},\"headline\":\"Bartsch blickt besorgt auf Ost-Wahlen \u2013 Linke fordert von BSW Mandate in Sachsen zur\u00fcck\",\"datePublished\":\"2024-01-18T18:47:25+00:00\",\"dateModified\":\"2024-01-18T18:47:25+00:00\",\"mainEntityOfPage\":{\"@id\":\"https:\/\/now-news.de\/de\/deutschland\/bartsch-blickt-besorgt-auf-ost-wahlen-linke-fordert-von-bsw-mandate-in-sachsen-zurueck\/\"},\"wordCount\":848,\"commentCount\":0,\"publisher\":{\"@id\":\"https:\/\/now-news.de\/de\/#organization\"},\"image\":{\"@id\":\"https:\/\/now-news.de\/de\/deutschland\/bartsch-blickt-besorgt-auf-ost-wahlen-linke-fordert-von-bsw-mandate-in-sachsen-zurueck\/#primaryimage\"},\"thumbnailUrl\":\"https:\/\/now-news.de\/de\/wp-content\/uploads\/sites\/3\/2024\/01\/Bartsch-blickt-besorgt-auf-Ost-Wahlen-\u2013-Linke-fordert-von-BSW.jpg\",\"keywords\":[\"AUF\",\"Bartsch\",\"besorgt\",\"blickt\",\"BSW\",\"fordert\",\"Linke\",\"mandate\",\"OstWahlen\",\"Sachsen\",\"von\",\"zur\u00fcck\"],\"articleSection\":[\"Deutschland\",\"Russland\"],\"inLanguage\":\"de\",\"potentialAction\":[{\"@type\":\"CommentAction\",\"name\":\"Comment\",\"target\":[\"https:\/\/now-news.de\/de\/deutschland\/bartsch-blickt-besorgt-auf-ost-wahlen-linke-fordert-von-bsw-mandate-in-sachsen-zurueck\/#respond\"]}]},{\"@type\":\"WebPage\",\"@id\":\"https:\/\/now-news.de\/de\/deutschland\/bartsch-blickt-besorgt-auf-ost-wahlen-linke-fordert-von-bsw-mandate-in-sachsen-zurueck\/\",\"url\":\"https:\/\/now-news.de\/de\/deutschland\/bartsch-blickt-besorgt-auf-ost-wahlen-linke-fordert-von-bsw-mandate-in-sachsen-zurueck\/\",\"name\":\"Bartsch blickt besorgt auf Ost-Wahlen \u2013 Linke fordert von BSW Mandate in Sachsen zur\u00fcck - just-now.NEWS Deutschland\",\"isPartOf\":{\"@id\":\"https:\/\/now-news.de\/de\/#website\"},\"primaryImageOfPage\":{\"@id\":\"https:\/\/now-news.de\/de\/deutschland\/bartsch-blickt-besorgt-auf-ost-wahlen-linke-fordert-von-bsw-mandate-in-sachsen-zurueck\/#primaryimage\"},\"image\":{\"@id\":\"https:\/\/now-news.de\/de\/deutschland\/bartsch-blickt-besorgt-auf-ost-wahlen-linke-fordert-von-bsw-mandate-in-sachsen-zurueck\/#primaryimage\"},\"thumbnailUrl\":\"https:\/\/now-news.de\/de\/wp-content\/uploads\/sites\/3\/2024\/01\/Bartsch-blickt-besorgt-auf-Ost-Wahlen-\u2013-Linke-fordert-von-BSW.jpg\",\"datePublished\":\"2024-01-18T18:47:25+00:00\",\"dateModified\":\"2024-01-18T18:47:25+00:00\",\"breadcrumb\":{\"@id\":\"https:\/\/now-news.de\/de\/deutschland\/bartsch-blickt-besorgt-auf-ost-wahlen-linke-fordert-von-bsw-mandate-in-sachsen-zurueck\/#breadcrumb\"},\"inLanguage\":\"de\",\"potentialAction\":[{\"@type\":\"ReadAction\",\"target\":[\"https:\/\/now-news.de\/de\/deutschland\/bartsch-blickt-besorgt-auf-ost-wahlen-linke-fordert-von-bsw-mandate-in-sachsen-zurueck\/\"]}]},{\"@type\":\"ImageObject\",\"inLanguage\":\"de\",\"@id\":\"https:\/\/now-news.de\/de\/deutschland\/bartsch-blickt-besorgt-auf-ost-wahlen-linke-fordert-von-bsw-mandate-in-sachsen-zurueck\/#primaryimage\",\"url\":\"https:\/\/now-news.de\/de\/wp-content\/uploads\/sites\/3\/2024\/01\/Bartsch-blickt-besorgt-auf-Ost-Wahlen-\u2013-Linke-fordert-von-BSW.jpg\",\"contentUrl\":\"https:\/\/now-news.de\/de\/wp-content\/uploads\/sites\/3\/2024\/01\/Bartsch-blickt-besorgt-auf-Ost-Wahlen-\u2013-Linke-fordert-von-BSW.jpg\",\"width\":460,\"height\":259,\"caption\":\"Bartsch blickt besorgt auf Ost-Wahlen \u2013 Linke fordert von BSW Mandate in Sachsen zur\u00fcck\"},{\"@type\":\"BreadcrumbList\",\"@id\":\"https:\/\/now-news.de\/de\/deutschland\/bartsch-blickt-besorgt-auf-ost-wahlen-linke-fordert-von-bsw-mandate-in-sachsen-zurueck\/#breadcrumb\",\"itemListElement\":[{\"@type\":\"ListItem\",\"position\":1,\"name\":\"Home\",\"item\":\"https:\/\/now-news.de\/de\/\"},{\"@type\":\"ListItem\",\"position\":2,\"name\":\"Bartsch blickt besorgt auf Ost-Wahlen \u2013 Linke fordert von BSW Mandate in Sachsen zur\u00fcck\"}]},{\"@type\":\"WebSite\",\"@id\":\"https:\/\/now-news.de\/de\/#website\",\"url\":\"https:\/\/now-news.de\/de\/\",\"name\":\"just-now.NEWS Deutschland\",\"description\":\"Das Portal f\u00fcr unzensierte Nachrichten aus der Welt\",\"publisher\":{\"@id\":\"https:\/\/now-news.de\/de\/#organization\"},\"potentialAction\":[{\"@type\":\"SearchAction\",\"target\":{\"@type\":\"EntryPoint\",\"urlTemplate\":\"https:\/\/now-news.de\/de\/?s={search_term_string}\"},\"query-input\":\"required name=search_term_string\"}],\"inLanguage\":\"de\"},{\"@type\":\"Organization\",\"@id\":\"https:\/\/now-news.de\/de\/#organization\",\"name\":\"Just Now News\",\"url\":\"https:\/\/now-news.de\/de\/\",\"logo\":{\"@type\":\"ImageObject\",\"inLanguage\":\"de\",\"@id\":\"https:\/\/now-news.de\/de\/#\/schema\/logo\/image\/\",\"url\":\"http:\/\/just-now.news\/de\/wp-content\/uploads\/sites\/3\/2022\/04\/logo500x500.jpg\",\"contentUrl\":\"http:\/\/just-now.news\/de\/wp-content\/uploads\/sites\/3\/2022\/04\/logo500x500.jpg\",\"width\":500,\"height\":500,\"caption\":\"Just Now News\"},\"image\":{\"@id\":\"https:\/\/now-news.de\/de\/#\/schema\/logo\/image\/\"},\"sameAs\":[\"https:\/\/www.facebook.com\/wirmachenauf\",\"https:\/\/x.com\/WirMachenAuf_de\"]},{\"@type\":\"Person\",\"@id\":\"https:\/\/now-news.de\/de\/#\/schema\/person\/fb534a4e865501d8b3285208df34a9b5\",\"name\":\"rtnews\",\"image\":{\"@type\":\"ImageObject\",\"inLanguage\":\"de\",\"@id\":\"https:\/\/now-news.de\/de\/#\/schema\/person\/image\/\",\"url\":\"https:\/\/secure.gravatar.com\/avatar\/82aafea7d8127119dd649515f56e2117?s=96&d=mm&r=g\",\"contentUrl\":\"https:\/\/secure.gravatar.com\/avatar\/82aafea7d8127119dd649515f56e2117?s=96&d=mm&r=g\",\"caption\":\"rtnews\"},\"url\":\"https:\/\/now-news.de\/de\/author\/rnews\/\"}]}<\/script>\n<!-- \/ Yoast SEO Premium plugin. -->","yoast_head_json":{"title":"Bartsch blickt besorgt auf Ost-Wahlen \u2013 Linke fordert von BSW Mandate in Sachsen zur\u00fcck - just-now.NEWS Deutschland","robots":{"index":"index","follow":"follow","max-snippet":"max-snippet:-1","max-image-preview":"max-image-preview:large","max-video-preview":"max-video-preview:-1"},"canonical":"https:\/\/now-news.de\/de\/deutschland\/bartsch-blickt-besorgt-auf-ost-wahlen-linke-fordert-von-bsw-mandate-in-sachsen-zurueck\/","og_locale":"de_DE","og_type":"article","og_title":"Bartsch blickt besorgt auf Ost-Wahlen \u2013 Linke fordert von BSW Mandate in Sachsen zur\u00fcck","og_description":"Das Superwahljahr 2024 wirft schon jetzt seine Schatten voraus: Vor allem bei der Partei Die Linke geht die Angst um, bei den anstehenden drei Landtagswahlen in Sachsen, Th\u00fcringen und Brandenburg unter die R\u00e4der zu kommen. Speziell mit Blick auf das &#8220;B\u00fcndnis Sahra Wagenknecht&#8221; wird mit harten Bandagen gek\u00e4mpft. Den durch den Austritt von Sahra Wagenknecht [&hellip;]","og_url":"https:\/\/now-news.de\/de\/deutschland\/bartsch-blickt-besorgt-auf-ost-wahlen-linke-fordert-von-bsw-mandate-in-sachsen-zurueck\/","og_site_name":"just-now.NEWS Deutschland","article_publisher":"https:\/\/www.facebook.com\/wirmachenauf","article_published_time":"2024-01-18T18:47:25+00:00","og_image":[{"width":460,"height":259,"url":"https:\/\/now-news.de\/de\/wp-content\/uploads\/sites\/3\/2024\/01\/Bartsch-blickt-besorgt-auf-Ost-Wahlen-\u2013-Linke-fordert-von-BSW.jpg","type":"image\/jpeg"}],"author":"rtnews","twitter_card":"summary_large_image","twitter_creator":"@WirMachenAuf_de","twitter_site":"@WirMachenAuf_de","twitter_misc":{"Verfasst von":"rtnews","Gesch\u00e4tzte Lesezeit":"4\u00a0Minuten"},"schema":{"@context":"https:\/\/schema.org","@graph":[{"@type":"Article","@id":"https:\/\/now-news.de\/de\/deutschland\/bartsch-blickt-besorgt-auf-ost-wahlen-linke-fordert-von-bsw-mandate-in-sachsen-zurueck\/#article","isPartOf":{"@id":"https:\/\/now-news.de\/de\/deutschland\/bartsch-blickt-besorgt-auf-ost-wahlen-linke-fordert-von-bsw-mandate-in-sachsen-zurueck\/"},"author":{"name":"rtnews","@id":"https:\/\/now-news.de\/de\/#\/schema\/person\/fb534a4e865501d8b3285208df34a9b5"},"headline":"Bartsch blickt besorgt auf Ost-Wahlen \u2013 Linke fordert von BSW Mandate in Sachsen zur\u00fcck","datePublished":"2024-01-18T18:47:25+00:00","dateModified":"2024-01-18T18:47:25+00:00","mainEntityOfPage":{"@id":"https:\/\/now-news.de\/de\/deutschland\/bartsch-blickt-besorgt-auf-ost-wahlen-linke-fordert-von-bsw-mandate-in-sachsen-zurueck\/"},"wordCount":848,"commentCount":0,"publisher":{"@id":"https:\/\/now-news.de\/de\/#organization"},"image":{"@id":"https:\/\/now-news.de\/de\/deutschland\/bartsch-blickt-besorgt-auf-ost-wahlen-linke-fordert-von-bsw-mandate-in-sachsen-zurueck\/#primaryimage"},"thumbnailUrl":"https:\/\/now-news.de\/de\/wp-content\/uploads\/sites\/3\/2024\/01\/Bartsch-blickt-besorgt-auf-Ost-Wahlen-\u2013-Linke-fordert-von-BSW.jpg","keywords":["AUF","Bartsch","besorgt","blickt","BSW","fordert","Linke","mandate","OstWahlen","Sachsen","von","zur\u00fcck"],"articleSection":["Deutschland","Russland"],"inLanguage":"de","potentialAction":[{"@type":"CommentAction","name":"Comment","target":["https:\/\/now-news.de\/de\/deutschland\/bartsch-blickt-besorgt-auf-ost-wahlen-linke-fordert-von-bsw-mandate-in-sachsen-zurueck\/#respond"]}]},{"@type":"WebPage","@id":"https:\/\/now-news.de\/de\/deutschland\/bartsch-blickt-besorgt-auf-ost-wahlen-linke-fordert-von-bsw-mandate-in-sachsen-zurueck\/","url":"https:\/\/now-news.de\/de\/deutschland\/bartsch-blickt-besorgt-auf-ost-wahlen-linke-fordert-von-bsw-mandate-in-sachsen-zurueck\/","name":"Bartsch blickt besorgt auf Ost-Wahlen \u2013 Linke fordert von BSW Mandate in Sachsen zur\u00fcck - just-now.NEWS Deutschland","isPartOf":{"@id":"https:\/\/now-news.de\/de\/#website"},"primaryImageOfPage":{"@id":"https:\/\/now-news.de\/de\/deutschland\/bartsch-blickt-besorgt-auf-ost-wahlen-linke-fordert-von-bsw-mandate-in-sachsen-zurueck\/#primaryimage"},"image":{"@id":"https:\/\/now-news.de\/de\/deutschland\/bartsch-blickt-besorgt-auf-ost-wahlen-linke-fordert-von-bsw-mandate-in-sachsen-zurueck\/#primaryimage"},"thumbnailUrl":"https:\/\/now-news.de\/de\/wp-content\/uploads\/sites\/3\/2024\/01\/Bartsch-blickt-besorgt-auf-Ost-Wahlen-\u2013-Linke-fordert-von-BSW.jpg","datePublished":"2024-01-18T18:47:25+00:00","dateModified":"2024-01-18T18:47:25+00:00","breadcrumb":{"@id":"https:\/\/now-news.de\/de\/deutschland\/bartsch-blickt-besorgt-auf-ost-wahlen-linke-fordert-von-bsw-mandate-in-sachsen-zurueck\/#breadcrumb"},"inLanguage":"de","potentialAction":[{"@type":"ReadAction","target":["https:\/\/now-news.de\/de\/deutschland\/bartsch-blickt-besorgt-auf-ost-wahlen-linke-fordert-von-bsw-mandate-in-sachsen-zurueck\/"]}]},{"@type":"ImageObject","inLanguage":"de","@id":"https:\/\/now-news.de\/de\/deutschland\/bartsch-blickt-besorgt-auf-ost-wahlen-linke-fordert-von-bsw-mandate-in-sachsen-zurueck\/#primaryimage","url":"https:\/\/now-news.de\/de\/wp-content\/uploads\/sites\/3\/2024\/01\/Bartsch-blickt-besorgt-auf-Ost-Wahlen-\u2013-Linke-fordert-von-BSW.jpg","contentUrl":"https:\/\/now-news.de\/de\/wp-content\/uploads\/sites\/3\/2024\/01\/Bartsch-blickt-besorgt-auf-Ost-Wahlen-\u2013-Linke-fordert-von-BSW.jpg","width":460,"height":259,"caption":"Bartsch blickt besorgt auf Ost-Wahlen \u2013 Linke fordert von BSW Mandate in Sachsen zur\u00fcck"},{"@type":"BreadcrumbList","@id":"https:\/\/now-news.de\/de\/deutschland\/bartsch-blickt-besorgt-auf-ost-wahlen-linke-fordert-von-bsw-mandate-in-sachsen-zurueck\/#breadcrumb","itemListElement":[{"@type":"ListItem","position":1,"name":"Home","item":"https:\/\/now-news.de\/de\/"},{"@type":"ListItem","position":2,"name":"Bartsch blickt besorgt auf Ost-Wahlen \u2013 Linke fordert von BSW Mandate in Sachsen zur\u00fcck"}]},{"@type":"WebSite","@id":"https:\/\/now-news.de\/de\/#website","url":"https:\/\/now-news.de\/de\/","name":"just-now.NEWS Deutschland","description":"Das Portal f\u00fcr unzensierte Nachrichten aus der Welt","publisher":{"@id":"https:\/\/now-news.de\/de\/#organization"},"potentialAction":[{"@type":"SearchAction","target":{"@type":"EntryPoint","urlTemplate":"https:\/\/now-news.de\/de\/?s={search_term_string}"},"query-input":"required name=search_term_string"}],"inLanguage":"de"},{"@type":"Organization","@id":"https:\/\/now-news.de\/de\/#organization","name":"Just Now News","url":"https:\/\/now-news.de\/de\/","logo":{"@type":"ImageObject","inLanguage":"de","@id":"https:\/\/now-news.de\/de\/#\/schema\/logo\/image\/","url":"http:\/\/just-now.news\/de\/wp-content\/uploads\/sites\/3\/2022\/04\/logo500x500.jpg","contentUrl":"http:\/\/just-now.news\/de\/wp-content\/uploads\/sites\/3\/2022\/04\/logo500x500.jpg","width":500,"height":500,"caption":"Just Now News"},"image":{"@id":"https:\/\/now-news.de\/de\/#\/schema\/logo\/image\/"},"sameAs":["https:\/\/www.facebook.com\/wirmachenauf","https:\/\/x.com\/WirMachenAuf_de"]},{"@type":"Person","@id":"https:\/\/now-news.de\/de\/#\/schema\/person\/fb534a4e865501d8b3285208df34a9b5","name":"rtnews","image":{"@type":"ImageObject","inLanguage":"de","@id":"https:\/\/now-news.de\/de\/#\/schema\/person\/image\/","url":"https:\/\/secure.gravatar.com\/avatar\/82aafea7d8127119dd649515f56e2117?s=96&d=mm&r=g","contentUrl":"https:\/\/secure.gravatar.com\/avatar\/82aafea7d8127119dd649515f56e2117?s=96&d=mm&r=g","caption":"rtnews"},"url":"https:\/\/now-news.de\/de\/author\/rnews\/"}]}},"_links":{"self":[{"href":"https:\/\/now-news.de\/de\/wp-json\/wp\/v2\/posts\/53528"}],"collection":[{"href":"https:\/\/now-news.de\/de\/wp-json\/wp\/v2\/posts"}],"about":[{"href":"https:\/\/now-news.de\/de\/wp-json\/wp\/v2\/types\/post"}],"author":[{"embeddable":true,"href":"https:\/\/now-news.de\/de\/wp-json\/wp\/v2\/users\/3"}],"replies":[{"embeddable":true,"href":"https:\/\/now-news.de\/de\/wp-json\/wp\/v2\/comments?post=53528"}],"version-history":[{"count":0,"href":"https:\/\/now-news.de\/de\/wp-json\/wp\/v2\/posts\/53528\/revisions"}],"wp:featuredmedia":[{"embeddable":true,"href":"https:\/\/now-news.de\/de\/wp-json\/wp\/v2\/media\/53529"}],"wp:attachment":[{"href":"https:\/\/now-news.de\/de\/wp-json\/wp\/v2\/media?parent=53528"}],"wp:term":[{"taxonomy":"category","embeddable":true,"href":"https:\/\/now-news.de\/de\/wp-json\/wp\/v2\/categories?post=53528"},{"taxonomy":"post_tag","embeddable":true,"href":"https:\/\/now-news.de\/de\/wp-json\/wp\/v2\/tags?post=53528"}],"curies":[{"name":"wp","href":"https:\/\/api.w.org\/{rel}","templated":true}]}}