{"id":53512,"date":"2024-01-18T16:09:00","date_gmt":"2024-01-18T14:09:00","guid":{"rendered":"https:\/\/just-now.news\/de\/deutschland\/soldatengottesdienst-den-einsatz-kuenstlicher-intelligenz-im-krieg-ausloten-beim-beten\/"},"modified":"2024-01-18T16:09:00","modified_gmt":"2024-01-18T14:09:00","slug":"soldatengottesdienst-den-einsatz-kuenstlicher-intelligenz-im-krieg-ausloten-beim-beten","status":"publish","type":"post","link":"https:\/\/now-news.de\/de\/deutschland\/soldatengottesdienst-den-einsatz-kuenstlicher-intelligenz-im-krieg-ausloten-beim-beten\/","title":{"rendered":"Soldatengottesdienst: Den Einsatz K\u00fcnstlicher Intelligenz im Krieg ausloten \u2013 beim Beten"},"content":{"rendered":"<div class=\"Text-root Text-type_1 \">\n                Friedensaktivisten protestierten gegen den Soldatengottesdienst im K\u00f6lner Dom. Der katholische Milit\u00e4rdekan Schnettker verteidigte ihn hingegen: Christliche Soldaten sein im Krieg mit moralischen Fragen konfrontiert \u2013 insbesondere wegen des Einsatzes von K\u00fcnstlicher Intelligenz. Der Gottesdienst diene dazu, das eigene Tun zu reflektieren.\n            <\/div>\n<p><\/p>\n<div class=\"Text-root Text-type_5 ArticleView-text ViewText-root \">\n<p><em>Von Felicitas Rabe<\/em><\/p>\n<p>Seit 1978 <a rel=\"nofollow noopener\" target=\"_blank\" href=\"https:\/\/www.domradio.de\/artikel\/eine-frage-des-friedensverstaendnisses-pax-christi-uebt-kritik-am-konzept-des\">findet im K\u00f6lner Dom<\/a> allj\u00e4hrlich zum Weltfriedenstag der Internationale Soldatengottesdienst der statt. Bis zu 3.000 Bundeswehrsoldaten nahmen schon an der katholischen Messe im Dom teil. Dabei lassen sich die Teilnehmer des Gottesdienstes auch in diesem Jahr vom K\u00f6lner Kardinal Rainer Woelki in ihrer Funktion als Soldaten segnen.<\/p>\n<p>Im gemeinsamen <a rel=\"nofollow noopener\" target=\"_blank\" href=\"https:\/\/koelner-friedensforum.org\/protest-gegen-den-soldatengottesdient\/\">Protestaufruf<\/a> des K\u00f6lner Friedensforums und der Deutschen Friedensgesellschaft \u2013 Vereinigte KriegsdienstgegnerInnen (DFG-VK) gegen den Soldatengottesdienst am Donnerstag, kritisieren die Friedenaktivisten, dass mit der gemeinsamen Veranstaltung von Bundeswehr und Kirche Kriegshandlungen als normale Aktivit\u00e4ten in die Gesellschaft integriert werden: \u00a0<\/p>\n<blockquote>\n<p><em>&#8220;Hier wird der Krieg zur gesellschaftlichen Normalit\u00e4t gemacht.&#8221;<\/em><\/p>\n<\/blockquote>\n<figure class=\"RTImage-root\">\n<div class=\"RTImage-image RTImage-original\"><picture class=\"Picture-root Picture-original\"><!--[if IE 9]><video style=\"display: none;\"><![endif]--><source media=\"(-webkit-min-device-pixel-ratio: 2) and (min-resolution: 120dpi)\" data-srcset=\" \nhttp:\/\/just-now.news\/de\/wp-content\/uploads\/sites\/3\/2024\/01\/65a91a15b480cc362d7695b2.jpg 850w,\n                http:\/\/just-now.news\/de\/wp-content\/uploads\/sites\/3\/2024\/01\/65a91a15b480cc362d7695b2.jpg 1960w, 1960w,\n            \" ><source data-srcset=\" \nhttp:\/\/just-now.news\/de\/wp-content\/uploads\/sites\/3\/2024\/01\/65a91a15b480cc362d7695b2.jpg 460w,\n              http:\/\/just-now.news\/de\/wp-content\/uploads\/sites\/3\/2024\/01\/65a91a15b480cc362d7695b2.jpg 980w,\n            \" ><!--[if IE 9]><\/video><![endif]--><img decoding=\"async\" data- src=\"data:image\/png;base64,iVBORw0KGgoAAAANSUhEUgAAABAAAAAJCAQAAACRI2S5AAAAEElEQVR42mNkIAAYRxWAAQAG9gAKqv6+AwAAAABJRU5ErkJggg==\" class=\"Picture-root Picture-original lazyload\" data-src=\"http:\/\/just-now.news\/de\/wp-content\/uploads\/sites\/3\/2024\/01\/65a91a15b480cc362d7695b2.jpg\" alt=\"\"><\/source><\/source><\/picture><!-- noscript pattern --><noscript><img decoding=\"async\" src=\"http:\/\/just-now.news\/de\/wp-content\/uploads\/sites\/3\/2024\/01\/65a91a15b480cc362d7695b2.jpg\" alt=\"\"><\/noscript><\/div><figcaption class=\"RTImage-footer\"><span class=\"RTImage-caption\"><span class=\"RTImage-captionItem\">Protest gegen den Soldatengottesdienst im K\u00f6lner Dom, 18. Januar 2024<\/span><\/span><span class=\"RTImage-source\"><span class=\"RTImage-captionItem\">Felicitas Rabe<\/span><\/span><\/figcaption><\/figure>\n<p>Doch w\u00e4hrend man im K\u00f6lner Dom bei einer katholischen Messe die Soldaten segnet, verurteilte der amtierende Papst Franziskus erst k\u00fcrzlich in seiner Weihnachtsansprache den Krieg in Israel und im Gazastreifen sowie in der Ukraine und Russland. &#8220;Ich flehe darum, dass die Milit\u00e4roperationen mit ihren entsetzlichen Folgen unschuldiger ziviler Opfer eingestellt werden&#8221;, zitierte das Friedensforum aus der Rede des Papstes. Insbesondere verurteilte Papst Franziskus auch die Gesch\u00e4fte der R\u00fcstungsindustrie. Wenn man Nein zum Krieg sage, bedeute das auch, dass man Nein zur Logik des Krieges und zu Waffen sagen m\u00fcsse, erkl\u00e4rte der Papst.<\/p>\n<figure class=\"RTImage-root\">\n<div class=\"RTImage-image RTImage-original\"><picture class=\"Picture-root Picture-original\"><!--[if IE 9]><video style=\"display: none;\"><![endif]--><source media=\"(-webkit-min-device-pixel-ratio: 2) and (min-resolution: 120dpi)\" data-srcset=\" \nhttp:\/\/just-now.news\/de\/wp-content\/uploads\/sites\/3\/2024\/01\/65a91b30b480cc1c2d7382d9.jpg 850w,\n                http:\/\/just-now.news\/de\/wp-content\/uploads\/sites\/3\/2024\/01\/65a91b30b480cc1c2d7382d9.jpg 1960w, 1960w,\n            \" ><source data-srcset=\" \nhttp:\/\/just-now.news\/de\/wp-content\/uploads\/sites\/3\/2024\/01\/65a91b30b480cc1c2d7382d9.jpg 460w,\n              http:\/\/just-now.news\/de\/wp-content\/uploads\/sites\/3\/2024\/01\/65a91b30b480cc1c2d7382d9.jpg 980w,\n            \" ><!--[if IE 9]><\/video><![endif]--><img decoding=\"async\" data- src=\"data:image\/png;base64,iVBORw0KGgoAAAANSUhEUgAAABAAAAAJCAQAAACRI2S5AAAAEElEQVR42mNkIAAYRxWAAQAG9gAKqv6+AwAAAABJRU5ErkJggg==\" class=\"Picture-root Picture-original lazyload\" data-src=\"http:\/\/just-now.news\/de\/wp-content\/uploads\/sites\/3\/2024\/01\/65a91b30b480cc1c2d7382d9.jpg\" alt=\"\"><\/source><\/source><\/picture><!-- noscript pattern --><noscript><img decoding=\"async\" src=\"http:\/\/just-now.news\/de\/wp-content\/uploads\/sites\/3\/2024\/01\/65a91b30b480cc1c2d7382d9.jpg\" alt=\"\"><\/noscript><\/div><figcaption class=\"RTImage-footer\"><span class=\"RTImage-caption\"><span class=\"RTImage-captionItem\">Protest gegen den Soldatengottesdienst im K\u00f6lner Dom, 18. Januar 2024<\/span><\/span><span class=\"RTImage-source\"><span class=\"RTImage-captionItem\">Felicitas Rabe<\/span><\/span><\/figcaption><\/figure>\n<p>Stattdessen gebe sich Boris Pistorius als Kriegsminister aus, kritisieren die Vertreter der Friedensbewegung, die auch im Jahr 2024 wieder vor dem K\u00f6lner Dom gegen die Segnung der Kriegsert\u00fcchtigung Deutschlands protestieren. Dieser deutsche Bundesminister &#8220;fordert Kriegst\u00fcchtigkeit nicht nur von der Bundeswehr, sondern von der ganzen zivilen Gesellschaft&#8221;, hei\u00dft es in ihrem Protestaufruf.<\/p>\n<figure class=\"RTImage-root\">\n<div class=\"RTImage-image RTImage-original\"><picture class=\"Picture-root Picture-original\"><!--[if IE 9]><video style=\"display: none;\"><![endif]--><source media=\"(-webkit-min-device-pixel-ratio: 2) and (min-resolution: 120dpi)\" data-srcset=\" \nhttp:\/\/just-now.news\/de\/wp-content\/uploads\/sites\/3\/2024\/01\/65a91ba048fbef5bc42e4c43.jpg 850w,\n                http:\/\/just-now.news\/de\/wp-content\/uploads\/sites\/3\/2024\/01\/65a91ba048fbef5bc42e4c43.jpg 1960w, 1960w,\n            \" ><source data-srcset=\" \nhttp:\/\/just-now.news\/de\/wp-content\/uploads\/sites\/3\/2024\/01\/65a91ba048fbef5bc42e4c43.jpg 460w,\n              http:\/\/just-now.news\/de\/wp-content\/uploads\/sites\/3\/2024\/01\/65a91ba048fbef5bc42e4c43.jpg 980w,\n            \" ><!--[if IE 9]><\/video><![endif]--><img decoding=\"async\" data- src=\"data:image\/png;base64,iVBORw0KGgoAAAANSUhEUgAAABAAAAAJCAQAAACRI2S5AAAAEElEQVR42mNkIAAYRxWAAQAG9gAKqv6+AwAAAABJRU5ErkJggg==\" class=\"Picture-root Picture-original lazyload\" data-src=\"http:\/\/just-now.news\/de\/wp-content\/uploads\/sites\/3\/2024\/01\/65a91ba048fbef5bc42e4c43.jpg\" alt=\"\"><\/source><\/source><\/picture><!-- noscript pattern --><noscript><img decoding=\"async\" src=\"http:\/\/just-now.news\/de\/wp-content\/uploads\/sites\/3\/2024\/01\/65a91ba048fbef5bc42e4c43.jpg\" alt=\"\"><\/noscript><\/div><figcaption class=\"RTImage-footer\"><span class=\"RTImage-caption\"><span class=\"RTImage-captionItem\">Protest gegen den Soldatengottesdienst im K\u00f6lner Dom, 18. Januar 2024<\/span><\/span><span class=\"RTImage-source\"><span class=\"RTImage-captionItem\">Felicitas Rabe<\/span><\/span><\/figcaption><\/figure>\n<p>Immer mehr Geld werde in die massive Militarisierung in Deutschland investiert. Soziale Aufgaben, Umweltschutz, Bildung, Kultur, und Gesundheit fielen dagegen dem Rotstift zum Opfer. Menschen mit geringem Einkommen seien jetzt schon nicht mehr in der Lage, ihre Grundbed\u00fcrfnisse zu decken. Wohnen, Heizen oder Essen sei f\u00fcr manchen unbezahlbar geworden. Die Bundesregierung m\u00fcsse die Unterst\u00fctzung von Kriegen beenden:<\/p>\n<blockquote>\n<p><em>&#8220;Wir fordern die Bundesregierung auf, endlich ihrer Verpflichtung nachzukommen, diplomatische Initiativen f\u00fcr Verhandlungen zu ergreifen und die Unterst\u00fctzung dieser Kriege durch Waffenlieferungen zu beenden.&#8221;<\/em><\/p>\n<\/blockquote>\n<p>Tats\u00e4chlich beteiligen sich die Bundesregierung und in ihrem Auftrag die Bundeswehr in einer Art Salamitaktik immer mehr an einem Krieg gegen die Russische F\u00f6deration, was nun gar nicht dem Schutz der Bev\u00f6lkerung in Deutschland dient. Sondern damit riskiere man die Ausweitung des Krieges in der Ukraine auf ganz Europa.<\/p>\n<figure class=\"RTImage-root\">\n<div class=\"RTImage-image RTImage-original\"><picture class=\"Picture-root Picture-original\"><!--[if IE 9]><video style=\"display: none;\"><![endif]--><source media=\"(-webkit-min-device-pixel-ratio: 2) and (min-resolution: 120dpi)\" data-srcset=\" \nhttp:\/\/just-now.news\/de\/wp-content\/uploads\/sites\/3\/2024\/01\/65a91bf648fbef561f161d63.jpg 850w,\n                http:\/\/just-now.news\/de\/wp-content\/uploads\/sites\/3\/2024\/01\/65a91bf648fbef561f161d63.jpg 1960w, 1960w,\n            \" ><source data-srcset=\" \nhttp:\/\/just-now.news\/de\/wp-content\/uploads\/sites\/3\/2024\/01\/65a91bf648fbef561f161d63.jpg 460w,\n              http:\/\/just-now.news\/de\/wp-content\/uploads\/sites\/3\/2024\/01\/65a91bf648fbef561f161d63.jpg 980w,\n            \" ><!--[if IE 9]><\/video><![endif]--><img decoding=\"async\" data- src=\"data:image\/png;base64,iVBORw0KGgoAAAANSUhEUgAAABAAAAAJCAQAAACRI2S5AAAAEElEQVR42mNkIAAYRxWAAQAG9gAKqv6+AwAAAABJRU5ErkJggg==\" class=\"Picture-root Picture-original lazyload\" data-src=\"http:\/\/just-now.news\/de\/wp-content\/uploads\/sites\/3\/2024\/01\/65a91bf648fbef561f161d63.jpg\" alt=\"\"><\/source><\/source><\/picture><!-- noscript pattern --><noscript><img decoding=\"async\" src=\"http:\/\/just-now.news\/de\/wp-content\/uploads\/sites\/3\/2024\/01\/65a91bf648fbef561f161d63.jpg\" alt=\"\"><\/noscript><\/div><figcaption class=\"RTImage-footer\"><span class=\"RTImage-caption\"><span class=\"RTImage-captionItem\">Protest gegen den Soldatengottesdienst im K\u00f6lner Dom, 18. Januar 2024<\/span><\/span><span class=\"RTImage-source\"><span class=\"RTImage-captionItem\">Felicitas Rabe<\/span><\/span><\/figcaption><\/figure>\n<p>In einer <a rel=\"nofollow noopener\" target=\"_blank\" href=\"https:\/\/www.bundeswehr.de\/de\/organisation\/weitere-bmvg-dienststellen\/territoriales-fuehrungskommando-der-bundeswehr\/aktuelles\/kraftfahrausbildung-auf-dem-schuetzenpanzer-marder-bei-eumam-ua--5727430\">aktuellen Mitteilung<\/a> auf der Website der Bundeswehr preist diese vermeintlich &#8220;genderkorrekt&#8221; an, dass die deutschen Soldaten das neue Jahr 2024 damit beginnen, ukrainische Soldaten am deutschen Sch\u00fctzenpanzer Marder auszubilden:<\/p>\n<blockquote>\n<p><em>&#8220;Mit der Ausbildung ukrainischer Streitkr\u00e4fteangeh\u00f6riger zur Kettenfahrzeugf\u00fchrerin beziehungsweise zum Kettenfahrzeugf\u00fchrer beginnt bei der EU-Ausbildungsmission EUMAM UA (European Union Military Assistance Mission Ukraine) das neue Jahr 2024. Als Grundlage f\u00fcr die weiterf\u00fchrende Panzergrenadierausbildung lernen ukrainische Soldatinnen und Soldaten seit Anfang Januar den Sch\u00fctzenpanzer Marder zu fahren, mit dem sie anschlie\u00dfend auch an der Front eingesetzt werden sollen.&#8221;<\/em><\/p>\n<\/blockquote>\n<figure class=\"RTImage-root\">\n<div class=\"RTImage-image RTImage-original\"><picture class=\"Picture-root Picture-original\"><!--[if IE 9]><video style=\"display: none;\"><![endif]--><source media=\"(-webkit-min-device-pixel-ratio: 2) and (min-resolution: 120dpi)\" data-srcset=\" \nhttp:\/\/just-now.news\/de\/wp-content\/uploads\/sites\/3\/2024\/01\/65a91d54b480cc362d7695c2.jpg 850w,\n                http:\/\/just-now.news\/de\/wp-content\/uploads\/sites\/3\/2024\/01\/65a91d54b480cc362d7695c2.jpg 1960w, 1960w,\n            \" ><source data-srcset=\" \nhttp:\/\/just-now.news\/de\/wp-content\/uploads\/sites\/3\/2024\/01\/65a91d54b480cc362d7695c2.jpg 460w,\n              http:\/\/just-now.news\/de\/wp-content\/uploads\/sites\/3\/2024\/01\/65a91d54b480cc362d7695c2.jpg 980w,\n            \" ><!--[if IE 9]><\/video><![endif]--><img decoding=\"async\" data- src=\"data:image\/png;base64,iVBORw0KGgoAAAANSUhEUgAAABAAAAAJCAQAAACRI2S5AAAAEElEQVR42mNkIAAYRxWAAQAG9gAKqv6+AwAAAABJRU5ErkJggg==\" class=\"Picture-root Picture-original lazyload\" data-src=\"http:\/\/just-now.news\/de\/wp-content\/uploads\/sites\/3\/2024\/01\/65a91d54b480cc362d7695c2.jpg\" alt=\"\"><\/source><\/source><\/picture><!-- noscript pattern --><noscript><img decoding=\"async\" src=\"http:\/\/just-now.news\/de\/wp-content\/uploads\/sites\/3\/2024\/01\/65a91d54b480cc362d7695c2.jpg\" alt=\"\"><\/noscript><\/div><figcaption class=\"RTImage-footer\"><span class=\"RTImage-caption\"><span class=\"RTImage-captionItem\">Protest gegen den Soldatengottesdienst im K\u00f6lner Dom, 18. Januar 2024<\/span><\/span><span class=\"RTImage-source\"><span class=\"RTImage-captionItem\">Felicitas Rabe<\/span><\/span><\/figcaption><\/figure>\n<p>Im <a rel=\"nofollow noopener\" target=\"_blank\" href=\"https:\/\/www.domradio.de\/artikel\/militaerdekan-verteidigt-soldatengottesdienst-gegen-kritik\">Interview<\/a> mit dem <em>Domradio<\/em> verteidigte der zust\u00e4ndige katholische Leitende Milit\u00e4rdekan Monsignore Rainer Schnettker (vom Standort der Luftwaffe in K\u00f6ln-Wahn) am Donnerstag den Soldatengottesdienst. Bei ihrem Kriegseinsatz seien viele &#8220;christliche Soldaten&#8221; mit moralischen Fragen konfrontiert. Der Soldatengottesdienst diene ihnen dazu, &#8220;das eigene Tun zu reflektieren&#8221;, erkl\u00e4rte der katholische Geistliche. Eine der neuesten Herausforderungen f\u00fcr die Bundeswehr sei schlie\u00dflich auch der Einsatz der K\u00fcnstlichen Intelligenz in der Kriegsf\u00fchrung: &#8220;Von daher ist es auch vor der Botschaft des Heiligen Vaters f\u00fcr uns eine neue ethische Herausforderung, da eine Beurteilung zu machen, inwieweit das auch im Einsatz des Milit\u00e4rischen ethisch m\u00f6glich und erlaubt ist. Wo sind die Grenzen?&#8221;, m\u00fcsse der Soldat sich fragen.<\/p>\n<p><strong>Mehr zum Thema<\/strong> &#8211; <a rel=\"nofollow noopener\" target=\"_blank\" href=\"https:\/\/freedert.online\/inland\/193182-ex-aussenminister-fischer-beste-was\/\">Ex-Au\u00dfenminister Fischer: &#8220;Das Beste, was wir f\u00fcr den Frieden tun k\u00f6nnen, ist massiv aufzur\u00fcsten&#8221;<\/a><\/p>\n<\/div>\n<p><br \/>\n<br \/><a href=\"https:\/\/de.rt.com\/gesellschaft\/193196-soldatengottesdienst-einsatz-kuenstlichen-intelligenz-in\/\">Source link <\/a><\/p>\n","protected":false},"excerpt":{"rendered":"<p>Friedensaktivisten protestierten gegen den Soldatengottesdienst im K\u00f6lner Dom. Der katholische Milit\u00e4rdekan Schnettker verteidigte ihn hingegen: Christliche Soldaten sein im Krieg mit moralischen Fragen konfrontiert \u2013 insbesondere wegen des Einsatzes von K\u00fcnstlicher Intelligenz. Der Gottesdienst diene dazu, das eigene Tun zu reflektieren. Von Felicitas Rabe Seit 1978 findet im K\u00f6lner Dom allj\u00e4hrlich zum Weltfriedenstag der Internationale [&hellip;]<\/p>\n","protected":false},"author":3,"featured_media":53513,"comment_status":"open","ping_status":"open","sticky":false,"template":"","format":"standard","meta":{"_yoast_indexnow_last_ping":["1705592665"],"wp_automatic_camp":["217"],"63ec6684f6f711f72c0af99f9843e7b8":["Soldatengottesdienst: Den Einsatz K\u00fcnstlicher Intelligenz im Krieg ausloten \u2013 beim Beten"],"original_link":["https:\/\/de.rt.com\/gesellschaft\/193196-soldatengottesdienst-einsatz-kuenstlichen-intelligenz-in\/"],"_thumbnail_id":["53513"],"_wptgpro_p2tg_sent2tg":["a:1:{i:23737;s:19:\"2024-01-18 17:45:30\";}"],"jnews_social_counter_last_update":["1777224222"]},"categories":[19,23],"tags":[52582,1814,2241,48,1021,775,130,21775,52581],"yoast_head":"<!-- This site is optimized with the Yoast SEO Premium plugin v22.7 (Yoast SEO v22.7) - https:\/\/yoast.com\/wordpress\/plugins\/seo\/ -->\n<title>Soldatengottesdienst: Den Einsatz K\u00fcnstlicher Intelligenz im Krieg ausloten \u2013 beim Beten - just-now.NEWS Deutschland<\/title>\n<meta name=\"robots\" content=\"index, follow, max-snippet:-1, max-image-preview:large, max-video-preview:-1\" \/>\n<link rel=\"canonical\" href=\"https:\/\/now-news.de\/de\/deutschland\/soldatengottesdienst-den-einsatz-kuenstlicher-intelligenz-im-krieg-ausloten-beim-beten\/\" \/>\n<meta property=\"og:locale\" content=\"de_DE\" \/>\n<meta property=\"og:type\" content=\"article\" \/>\n<meta property=\"og:title\" content=\"Soldatengottesdienst: Den Einsatz K\u00fcnstlicher Intelligenz im Krieg ausloten \u2013 beim Beten\" \/>\n<meta property=\"og:description\" content=\"Friedensaktivisten protestierten gegen den Soldatengottesdienst im K\u00f6lner Dom. Der katholische Milit\u00e4rdekan Schnettker verteidigte ihn hingegen: Christliche Soldaten sein im Krieg mit moralischen Fragen konfrontiert \u2013 insbesondere wegen des Einsatzes von K\u00fcnstlicher Intelligenz. Der Gottesdienst diene dazu, das eigene Tun zu reflektieren. Von Felicitas Rabe Seit 1978 findet im K\u00f6lner Dom allj\u00e4hrlich zum Weltfriedenstag der Internationale [&hellip;]\" \/>\n<meta property=\"og:url\" content=\"https:\/\/now-news.de\/de\/deutschland\/soldatengottesdienst-den-einsatz-kuenstlicher-intelligenz-im-krieg-ausloten-beim-beten\/\" \/>\n<meta property=\"og:site_name\" content=\"just-now.NEWS Deutschland\" \/>\n<meta property=\"article:publisher\" content=\"https:\/\/www.facebook.com\/wirmachenauf\" \/>\n<meta property=\"article:published_time\" content=\"2024-01-18T14:09:00+00:00\" \/>\n<meta property=\"og:image\" content=\"https:\/\/now-news.de\/de\/wp-content\/uploads\/sites\/3\/2024\/01\/Soldatengottesdienst-Den-Einsatz-Kuenstlicher-Intelligenz-im-Krieg-ausloten-\u2013-beim.jpg\" \/>\n\t<meta property=\"og:image:width\" content=\"1280\" \/>\n\t<meta property=\"og:image:height\" content=\"960\" \/>\n\t<meta property=\"og:image:type\" content=\"image\/jpeg\" \/>\n<meta name=\"author\" content=\"rtnews\" \/>\n<meta name=\"twitter:card\" content=\"summary_large_image\" \/>\n<meta name=\"twitter:creator\" content=\"@WirMachenAuf_de\" \/>\n<meta name=\"twitter:site\" content=\"@WirMachenAuf_de\" \/>\n<meta name=\"twitter:label1\" content=\"Verfasst von\" \/>\n\t<meta name=\"twitter:data1\" content=\"rtnews\" \/>\n\t<meta name=\"twitter:label2\" content=\"Gesch\u00e4tzte Lesezeit\" \/>\n\t<meta name=\"twitter:data2\" content=\"4\u00a0Minuten\" \/>\n<script type=\"application\/ld+json\" class=\"yoast-schema-graph\">{\"@context\":\"https:\/\/schema.org\",\"@graph\":[{\"@type\":\"Article\",\"@id\":\"https:\/\/now-news.de\/de\/deutschland\/soldatengottesdienst-den-einsatz-kuenstlicher-intelligenz-im-krieg-ausloten-beim-beten\/#article\",\"isPartOf\":{\"@id\":\"https:\/\/now-news.de\/de\/deutschland\/soldatengottesdienst-den-einsatz-kuenstlicher-intelligenz-im-krieg-ausloten-beim-beten\/\"},\"author\":{\"name\":\"rtnews\",\"@id\":\"https:\/\/now-news.de\/de\/#\/schema\/person\/fb534a4e865501d8b3285208df34a9b5\"},\"headline\":\"Soldatengottesdienst: Den Einsatz K\u00fcnstlicher Intelligenz im Krieg ausloten \u2013 beim Beten\",\"datePublished\":\"2024-01-18T14:09:00+00:00\",\"dateModified\":\"2024-01-18T14:09:00+00:00\",\"mainEntityOfPage\":{\"@id\":\"https:\/\/now-news.de\/de\/deutschland\/soldatengottesdienst-den-einsatz-kuenstlicher-intelligenz-im-krieg-ausloten-beim-beten\/\"},\"wordCount\":746,\"commentCount\":0,\"publisher\":{\"@id\":\"https:\/\/now-news.de\/de\/#organization\"},\"image\":{\"@id\":\"https:\/\/now-news.de\/de\/deutschland\/soldatengottesdienst-den-einsatz-kuenstlicher-intelligenz-im-krieg-ausloten-beim-beten\/#primaryimage\"},\"thumbnailUrl\":\"https:\/\/now-news.de\/de\/wp-content\/uploads\/sites\/3\/2024\/01\/Soldatengottesdienst-Den-Einsatz-Kuenstlicher-Intelligenz-im-Krieg-ausloten-\u2013-beim.jpg\",\"keywords\":[\"ausloten\",\"beim\",\"Beten\",\"den\",\"Einsatz\",\"Intelligenz\",\"krieg\",\"k\u00fcnstlicher\",\"Soldatengottesdienst\"],\"articleSection\":[\"Deutschland\",\"Russland\"],\"inLanguage\":\"de\",\"potentialAction\":[{\"@type\":\"CommentAction\",\"name\":\"Comment\",\"target\":[\"https:\/\/now-news.de\/de\/deutschland\/soldatengottesdienst-den-einsatz-kuenstlicher-intelligenz-im-krieg-ausloten-beim-beten\/#respond\"]}]},{\"@type\":\"WebPage\",\"@id\":\"https:\/\/now-news.de\/de\/deutschland\/soldatengottesdienst-den-einsatz-kuenstlicher-intelligenz-im-krieg-ausloten-beim-beten\/\",\"url\":\"https:\/\/now-news.de\/de\/deutschland\/soldatengottesdienst-den-einsatz-kuenstlicher-intelligenz-im-krieg-ausloten-beim-beten\/\",\"name\":\"Soldatengottesdienst: Den Einsatz K\u00fcnstlicher Intelligenz im Krieg ausloten \u2013 beim Beten - just-now.NEWS Deutschland\",\"isPartOf\":{\"@id\":\"https:\/\/now-news.de\/de\/#website\"},\"primaryImageOfPage\":{\"@id\":\"https:\/\/now-news.de\/de\/deutschland\/soldatengottesdienst-den-einsatz-kuenstlicher-intelligenz-im-krieg-ausloten-beim-beten\/#primaryimage\"},\"image\":{\"@id\":\"https:\/\/now-news.de\/de\/deutschland\/soldatengottesdienst-den-einsatz-kuenstlicher-intelligenz-im-krieg-ausloten-beim-beten\/#primaryimage\"},\"thumbnailUrl\":\"https:\/\/now-news.de\/de\/wp-content\/uploads\/sites\/3\/2024\/01\/Soldatengottesdienst-Den-Einsatz-Kuenstlicher-Intelligenz-im-Krieg-ausloten-\u2013-beim.jpg\",\"datePublished\":\"2024-01-18T14:09:00+00:00\",\"dateModified\":\"2024-01-18T14:09:00+00:00\",\"breadcrumb\":{\"@id\":\"https:\/\/now-news.de\/de\/deutschland\/soldatengottesdienst-den-einsatz-kuenstlicher-intelligenz-im-krieg-ausloten-beim-beten\/#breadcrumb\"},\"inLanguage\":\"de\",\"potentialAction\":[{\"@type\":\"ReadAction\",\"target\":[\"https:\/\/now-news.de\/de\/deutschland\/soldatengottesdienst-den-einsatz-kuenstlicher-intelligenz-im-krieg-ausloten-beim-beten\/\"]}]},{\"@type\":\"ImageObject\",\"inLanguage\":\"de\",\"@id\":\"https:\/\/now-news.de\/de\/deutschland\/soldatengottesdienst-den-einsatz-kuenstlicher-intelligenz-im-krieg-ausloten-beim-beten\/#primaryimage\",\"url\":\"https:\/\/now-news.de\/de\/wp-content\/uploads\/sites\/3\/2024\/01\/Soldatengottesdienst-Den-Einsatz-Kuenstlicher-Intelligenz-im-Krieg-ausloten-\u2013-beim.jpg\",\"contentUrl\":\"https:\/\/now-news.de\/de\/wp-content\/uploads\/sites\/3\/2024\/01\/Soldatengottesdienst-Den-Einsatz-Kuenstlicher-Intelligenz-im-Krieg-ausloten-\u2013-beim.jpg\",\"width\":1280,\"height\":960,\"caption\":\"Soldatengottesdienst: Den Einsatz K\u00fcnstlicher Intelligenz im Krieg ausloten \u2013 beim Beten\"},{\"@type\":\"BreadcrumbList\",\"@id\":\"https:\/\/now-news.de\/de\/deutschland\/soldatengottesdienst-den-einsatz-kuenstlicher-intelligenz-im-krieg-ausloten-beim-beten\/#breadcrumb\",\"itemListElement\":[{\"@type\":\"ListItem\",\"position\":1,\"name\":\"Home\",\"item\":\"https:\/\/now-news.de\/de\/\"},{\"@type\":\"ListItem\",\"position\":2,\"name\":\"Soldatengottesdienst: Den Einsatz K\u00fcnstlicher Intelligenz im Krieg ausloten \u2013 beim Beten\"}]},{\"@type\":\"WebSite\",\"@id\":\"https:\/\/now-news.de\/de\/#website\",\"url\":\"https:\/\/now-news.de\/de\/\",\"name\":\"just-now.NEWS Deutschland\",\"description\":\"Das Portal f\u00fcr unzensierte Nachrichten aus der Welt\",\"publisher\":{\"@id\":\"https:\/\/now-news.de\/de\/#organization\"},\"potentialAction\":[{\"@type\":\"SearchAction\",\"target\":{\"@type\":\"EntryPoint\",\"urlTemplate\":\"https:\/\/now-news.de\/de\/?s={search_term_string}\"},\"query-input\":\"required name=search_term_string\"}],\"inLanguage\":\"de\"},{\"@type\":\"Organization\",\"@id\":\"https:\/\/now-news.de\/de\/#organization\",\"name\":\"Just Now News\",\"url\":\"https:\/\/now-news.de\/de\/\",\"logo\":{\"@type\":\"ImageObject\",\"inLanguage\":\"de\",\"@id\":\"https:\/\/now-news.de\/de\/#\/schema\/logo\/image\/\",\"url\":\"http:\/\/just-now.news\/de\/wp-content\/uploads\/sites\/3\/2022\/04\/logo500x500.jpg\",\"contentUrl\":\"http:\/\/just-now.news\/de\/wp-content\/uploads\/sites\/3\/2022\/04\/logo500x500.jpg\",\"width\":500,\"height\":500,\"caption\":\"Just Now News\"},\"image\":{\"@id\":\"https:\/\/now-news.de\/de\/#\/schema\/logo\/image\/\"},\"sameAs\":[\"https:\/\/www.facebook.com\/wirmachenauf\",\"https:\/\/x.com\/WirMachenAuf_de\"]},{\"@type\":\"Person\",\"@id\":\"https:\/\/now-news.de\/de\/#\/schema\/person\/fb534a4e865501d8b3285208df34a9b5\",\"name\":\"rtnews\",\"image\":{\"@type\":\"ImageObject\",\"inLanguage\":\"de\",\"@id\":\"https:\/\/now-news.de\/de\/#\/schema\/person\/image\/\",\"url\":\"https:\/\/secure.gravatar.com\/avatar\/82aafea7d8127119dd649515f56e2117?s=96&d=mm&r=g\",\"contentUrl\":\"https:\/\/secure.gravatar.com\/avatar\/82aafea7d8127119dd649515f56e2117?s=96&d=mm&r=g\",\"caption\":\"rtnews\"},\"url\":\"https:\/\/now-news.de\/de\/author\/rnews\/\"}]}<\/script>\n<!-- \/ Yoast SEO Premium plugin. -->","yoast_head_json":{"title":"Soldatengottesdienst: Den Einsatz K\u00fcnstlicher Intelligenz im Krieg ausloten \u2013 beim Beten - just-now.NEWS Deutschland","robots":{"index":"index","follow":"follow","max-snippet":"max-snippet:-1","max-image-preview":"max-image-preview:large","max-video-preview":"max-video-preview:-1"},"canonical":"https:\/\/now-news.de\/de\/deutschland\/soldatengottesdienst-den-einsatz-kuenstlicher-intelligenz-im-krieg-ausloten-beim-beten\/","og_locale":"de_DE","og_type":"article","og_title":"Soldatengottesdienst: Den Einsatz K\u00fcnstlicher Intelligenz im Krieg ausloten \u2013 beim Beten","og_description":"Friedensaktivisten protestierten gegen den Soldatengottesdienst im K\u00f6lner Dom. Der katholische Milit\u00e4rdekan Schnettker verteidigte ihn hingegen: Christliche Soldaten sein im Krieg mit moralischen Fragen konfrontiert \u2013 insbesondere wegen des Einsatzes von K\u00fcnstlicher Intelligenz. Der Gottesdienst diene dazu, das eigene Tun zu reflektieren. Von Felicitas Rabe Seit 1978 findet im K\u00f6lner Dom allj\u00e4hrlich zum Weltfriedenstag der Internationale [&hellip;]","og_url":"https:\/\/now-news.de\/de\/deutschland\/soldatengottesdienst-den-einsatz-kuenstlicher-intelligenz-im-krieg-ausloten-beim-beten\/","og_site_name":"just-now.NEWS Deutschland","article_publisher":"https:\/\/www.facebook.com\/wirmachenauf","article_published_time":"2024-01-18T14:09:00+00:00","og_image":[{"width":1280,"height":960,"url":"https:\/\/now-news.de\/de\/wp-content\/uploads\/sites\/3\/2024\/01\/Soldatengottesdienst-Den-Einsatz-Kuenstlicher-Intelligenz-im-Krieg-ausloten-\u2013-beim.jpg","type":"image\/jpeg"}],"author":"rtnews","twitter_card":"summary_large_image","twitter_creator":"@WirMachenAuf_de","twitter_site":"@WirMachenAuf_de","twitter_misc":{"Verfasst von":"rtnews","Gesch\u00e4tzte Lesezeit":"4\u00a0Minuten"},"schema":{"@context":"https:\/\/schema.org","@graph":[{"@type":"Article","@id":"https:\/\/now-news.de\/de\/deutschland\/soldatengottesdienst-den-einsatz-kuenstlicher-intelligenz-im-krieg-ausloten-beim-beten\/#article","isPartOf":{"@id":"https:\/\/now-news.de\/de\/deutschland\/soldatengottesdienst-den-einsatz-kuenstlicher-intelligenz-im-krieg-ausloten-beim-beten\/"},"author":{"name":"rtnews","@id":"https:\/\/now-news.de\/de\/#\/schema\/person\/fb534a4e865501d8b3285208df34a9b5"},"headline":"Soldatengottesdienst: Den Einsatz K\u00fcnstlicher Intelligenz im Krieg ausloten \u2013 beim Beten","datePublished":"2024-01-18T14:09:00+00:00","dateModified":"2024-01-18T14:09:00+00:00","mainEntityOfPage":{"@id":"https:\/\/now-news.de\/de\/deutschland\/soldatengottesdienst-den-einsatz-kuenstlicher-intelligenz-im-krieg-ausloten-beim-beten\/"},"wordCount":746,"commentCount":0,"publisher":{"@id":"https:\/\/now-news.de\/de\/#organization"},"image":{"@id":"https:\/\/now-news.de\/de\/deutschland\/soldatengottesdienst-den-einsatz-kuenstlicher-intelligenz-im-krieg-ausloten-beim-beten\/#primaryimage"},"thumbnailUrl":"https:\/\/now-news.de\/de\/wp-content\/uploads\/sites\/3\/2024\/01\/Soldatengottesdienst-Den-Einsatz-Kuenstlicher-Intelligenz-im-Krieg-ausloten-\u2013-beim.jpg","keywords":["ausloten","beim","Beten","den","Einsatz","Intelligenz","krieg","k\u00fcnstlicher","Soldatengottesdienst"],"articleSection":["Deutschland","Russland"],"inLanguage":"de","potentialAction":[{"@type":"CommentAction","name":"Comment","target":["https:\/\/now-news.de\/de\/deutschland\/soldatengottesdienst-den-einsatz-kuenstlicher-intelligenz-im-krieg-ausloten-beim-beten\/#respond"]}]},{"@type":"WebPage","@id":"https:\/\/now-news.de\/de\/deutschland\/soldatengottesdienst-den-einsatz-kuenstlicher-intelligenz-im-krieg-ausloten-beim-beten\/","url":"https:\/\/now-news.de\/de\/deutschland\/soldatengottesdienst-den-einsatz-kuenstlicher-intelligenz-im-krieg-ausloten-beim-beten\/","name":"Soldatengottesdienst: Den Einsatz K\u00fcnstlicher Intelligenz im Krieg ausloten \u2013 beim Beten - just-now.NEWS Deutschland","isPartOf":{"@id":"https:\/\/now-news.de\/de\/#website"},"primaryImageOfPage":{"@id":"https:\/\/now-news.de\/de\/deutschland\/soldatengottesdienst-den-einsatz-kuenstlicher-intelligenz-im-krieg-ausloten-beim-beten\/#primaryimage"},"image":{"@id":"https:\/\/now-news.de\/de\/deutschland\/soldatengottesdienst-den-einsatz-kuenstlicher-intelligenz-im-krieg-ausloten-beim-beten\/#primaryimage"},"thumbnailUrl":"https:\/\/now-news.de\/de\/wp-content\/uploads\/sites\/3\/2024\/01\/Soldatengottesdienst-Den-Einsatz-Kuenstlicher-Intelligenz-im-Krieg-ausloten-\u2013-beim.jpg","datePublished":"2024-01-18T14:09:00+00:00","dateModified":"2024-01-18T14:09:00+00:00","breadcrumb":{"@id":"https:\/\/now-news.de\/de\/deutschland\/soldatengottesdienst-den-einsatz-kuenstlicher-intelligenz-im-krieg-ausloten-beim-beten\/#breadcrumb"},"inLanguage":"de","potentialAction":[{"@type":"ReadAction","target":["https:\/\/now-news.de\/de\/deutschland\/soldatengottesdienst-den-einsatz-kuenstlicher-intelligenz-im-krieg-ausloten-beim-beten\/"]}]},{"@type":"ImageObject","inLanguage":"de","@id":"https:\/\/now-news.de\/de\/deutschland\/soldatengottesdienst-den-einsatz-kuenstlicher-intelligenz-im-krieg-ausloten-beim-beten\/#primaryimage","url":"https:\/\/now-news.de\/de\/wp-content\/uploads\/sites\/3\/2024\/01\/Soldatengottesdienst-Den-Einsatz-Kuenstlicher-Intelligenz-im-Krieg-ausloten-\u2013-beim.jpg","contentUrl":"https:\/\/now-news.de\/de\/wp-content\/uploads\/sites\/3\/2024\/01\/Soldatengottesdienst-Den-Einsatz-Kuenstlicher-Intelligenz-im-Krieg-ausloten-\u2013-beim.jpg","width":1280,"height":960,"caption":"Soldatengottesdienst: Den Einsatz K\u00fcnstlicher Intelligenz im Krieg ausloten \u2013 beim Beten"},{"@type":"BreadcrumbList","@id":"https:\/\/now-news.de\/de\/deutschland\/soldatengottesdienst-den-einsatz-kuenstlicher-intelligenz-im-krieg-ausloten-beim-beten\/#breadcrumb","itemListElement":[{"@type":"ListItem","position":1,"name":"Home","item":"https:\/\/now-news.de\/de\/"},{"@type":"ListItem","position":2,"name":"Soldatengottesdienst: Den Einsatz K\u00fcnstlicher Intelligenz im Krieg ausloten \u2013 beim Beten"}]},{"@type":"WebSite","@id":"https:\/\/now-news.de\/de\/#website","url":"https:\/\/now-news.de\/de\/","name":"just-now.NEWS Deutschland","description":"Das Portal f\u00fcr unzensierte Nachrichten aus der Welt","publisher":{"@id":"https:\/\/now-news.de\/de\/#organization"},"potentialAction":[{"@type":"SearchAction","target":{"@type":"EntryPoint","urlTemplate":"https:\/\/now-news.de\/de\/?s={search_term_string}"},"query-input":"required name=search_term_string"}],"inLanguage":"de"},{"@type":"Organization","@id":"https:\/\/now-news.de\/de\/#organization","name":"Just Now News","url":"https:\/\/now-news.de\/de\/","logo":{"@type":"ImageObject","inLanguage":"de","@id":"https:\/\/now-news.de\/de\/#\/schema\/logo\/image\/","url":"http:\/\/just-now.news\/de\/wp-content\/uploads\/sites\/3\/2022\/04\/logo500x500.jpg","contentUrl":"http:\/\/just-now.news\/de\/wp-content\/uploads\/sites\/3\/2022\/04\/logo500x500.jpg","width":500,"height":500,"caption":"Just Now News"},"image":{"@id":"https:\/\/now-news.de\/de\/#\/schema\/logo\/image\/"},"sameAs":["https:\/\/www.facebook.com\/wirmachenauf","https:\/\/x.com\/WirMachenAuf_de"]},{"@type":"Person","@id":"https:\/\/now-news.de\/de\/#\/schema\/person\/fb534a4e865501d8b3285208df34a9b5","name":"rtnews","image":{"@type":"ImageObject","inLanguage":"de","@id":"https:\/\/now-news.de\/de\/#\/schema\/person\/image\/","url":"https:\/\/secure.gravatar.com\/avatar\/82aafea7d8127119dd649515f56e2117?s=96&d=mm&r=g","contentUrl":"https:\/\/secure.gravatar.com\/avatar\/82aafea7d8127119dd649515f56e2117?s=96&d=mm&r=g","caption":"rtnews"},"url":"https:\/\/now-news.de\/de\/author\/rnews\/"}]}},"_links":{"self":[{"href":"https:\/\/now-news.de\/de\/wp-json\/wp\/v2\/posts\/53512"}],"collection":[{"href":"https:\/\/now-news.de\/de\/wp-json\/wp\/v2\/posts"}],"about":[{"href":"https:\/\/now-news.de\/de\/wp-json\/wp\/v2\/types\/post"}],"author":[{"embeddable":true,"href":"https:\/\/now-news.de\/de\/wp-json\/wp\/v2\/users\/3"}],"replies":[{"embeddable":true,"href":"https:\/\/now-news.de\/de\/wp-json\/wp\/v2\/comments?post=53512"}],"version-history":[{"count":0,"href":"https:\/\/now-news.de\/de\/wp-json\/wp\/v2\/posts\/53512\/revisions"}],"wp:featuredmedia":[{"embeddable":true,"href":"https:\/\/now-news.de\/de\/wp-json\/wp\/v2\/media\/53513"}],"wp:attachment":[{"href":"https:\/\/now-news.de\/de\/wp-json\/wp\/v2\/media?parent=53512"}],"wp:term":[{"taxonomy":"category","embeddable":true,"href":"https:\/\/now-news.de\/de\/wp-json\/wp\/v2\/categories?post=53512"},{"taxonomy":"post_tag","embeddable":true,"href":"https:\/\/now-news.de\/de\/wp-json\/wp\/v2\/tags?post=53512"}],"curies":[{"name":"wp","href":"https:\/\/api.w.org\/{rel}","templated":true}]}}