{"id":53483,"date":"2024-01-18T12:12:39","date_gmt":"2024-01-18T10:12:39","guid":{"rendered":"https:\/\/just-now.news\/de\/deutschland\/raketenangriffe-gefaehrliche-spannungen-zwischen-pakistan-und-iran\/"},"modified":"2024-01-18T12:12:39","modified_gmt":"2024-01-18T10:12:39","slug":"raketenangriffe-gefaehrliche-spannungen-zwischen-pakistan-und-iran","status":"publish","type":"post","link":"https:\/\/now-news.de\/de\/deutschland\/raketenangriffe-gefaehrliche-spannungen-zwischen-pakistan-und-iran\/","title":{"rendered":"Raketenangriffe: Gef\u00e4hrliche Spannungen zwischen Pakistan und Iran"},"content":{"rendered":"<p><img decoding=\"async\" src=\"http:\/\/just-now.news\/de\/wp-content\/uploads\/sites\/3\/2024\/01\/65a8fb3448fbef5bc5392862.jpg\" \/><\/p>\n<div class=\"Text-root Text-type_1 \">\n                Pakistan und Iran werfen sich immer wieder gegenseitig vor, Extremisten von ihrem Territorium aus Angriffe auf das andere Land ver\u00fcben zu lassen. Die jetzigen Luftangriffe beider L\u00e4nder versch\u00e4rfen die Spannungen in der Region inmitten des Gaza-Kriegs. China erkl\u00e4rt sich derzeit bereit, zwischen Iran und Pakistan zu vermitteln.\n            <\/div>\n<p><\/p>\n<div class=\"Text-root Text-type_5 ArticleView-text ViewText-root \">\n<p>Pakistan hat nach einem iranischen Luftangriff auf sein Territorium nach eigenen Angaben seinerseits &#8220;Extremisten&#8221; in\u00a0Iran\u00a0angegriffen. Das pakistanische Au\u00dfenministerium sprach am Donnerstag von &#8220;gezielten milit\u00e4rischen Pr\u00e4zisionsangriffen gegen Terroristen-Verstecke&#8221; in der iranischen Provinz Sistan\u00a0und\u00a0Belutschistan im S\u00fcdosten des Nachbarlandes. Dabei seien mehrere Terroristen get\u00f6tet worden.<\/p>\n<p>Das iranische Staatsfernsehen berichtete, bei einem pakistanischen Raketenangriff auf ein Dorf in Grenzn\u00e4he seien drei Frauen und vier Kinder get\u00f6tet worden. Bei den Todesopfern handle es sich nicht um iranische Staatsb\u00fcrger. Die iranische Nachrichtenagentur <em>Mehr<\/em> sprach von einem &#8220;Drohnen- und Raketenangriff&#8221; auf die Stadt Saravan, die in der an Pakistan angrenzenden Provinz Sistan\u00a0und\u00a0Belutschistan liegt.\u00a0<\/p>\n<p>Das pakistanische Au\u00dfenministerium teilte mit, die Angriffe seien angesichts &#8220;glaubw\u00fcrdiger Geheimdienstinformationen&#8221; \u00fcber bevorstehende &#8220;terroristische Aktivit\u00e4ten von gro\u00dfem Ausma\u00df&#8221; beschlossen worden. &#8220;Pakistan respektiert die Souver\u00e4nit\u00e4t und territoriale Integrit\u00e4t der Islamischen Republik Iran vollkommen&#8221;, f\u00fcgte das Ministerium hinzu. Die Angriffe h\u00e4tten lediglich\u00a0Pakistans\u00a0Sicherheit gedient.<\/p>\n<p><strong><\/strong>Iran hat den pakistanischen Gesch\u00e4ftstr\u00e4ger in der Hauptstadt Teheran aus Protest gegen einen Anschlag in der s\u00fcd\u00f6stlichen iranischen Provinz Sistan und Belutschistan vorgeladen.<\/p>\n<p>Der pakistanische Diplomat wurde am Donnerstag in Abwesenheit des pakistanischen Botschafters in Teheran ins Ministerium gerufen, um eine Erkl\u00e4rung f\u00fcr mehrere Explosionen in verschiedenen Gebieten um die Stadt Saravan in der Provinz Sistan und Belutschistan nahe der Grenze zu Pakistan zu erhalten.\u00a0China erkl\u00e4rt sich derzeit bereit, zwischen Iran und Pakistan zu vermitteln, da sich die Beziehungen der beiden Nachbarl\u00e4nder verschlechtern.\u00a0<\/p>\n<p>Pakistan hatte Iran am Mittwoch vorgeworfen, bei einem Luftangriff auf sein Territorium zwei Kinder get\u00f6tet zu haben. Als Reaktion auf den Angriff berief die Regierung in Islamabad ihren Botschafter in Teheran zur\u00fcck.<\/p>\n<p>Der iranische Au\u00dfenminister Hossein Amir-Abdollahian sagte am\u00a0Mittwoch, dass die militante Gruppe, die Iran am Dienstag mit Raketenangriffen in Pakistan ins Visier genommen hatte, mit Israel verbunden gewesen sei. Der iranische Au\u00dfenminister erkl\u00e4rte seinerzeit, Teheran respektiere die Souver\u00e4nit\u00e4t Pakistans und unterhalte weiterhin gute Beziehungen zu Islamabad.<\/p>\n<p><strong>Mehr zum Thema<\/strong> &#8211; <a rel=\"nofollow noopener\" target=\"_blank\" href=\"https:\/\/freeassange.rtde.life\/der-nahe-osten\/193098-pakistan-ruft-botschafter-aus-iran-ab\/\">Pakistan beruft Botschafter aus Iran ab<\/a><\/p>\n<div class=\"EmbedBlock-root EmbedBlock-externalVideo EmbedBlock-odysee\">\n<div class=\"VkEmbed\"><iframe class=\"lazyload\" data-src=\"https:\/\/odysee.com\/%24\/embed\/%40RTDE%3Ae%2FNeue-Konfliktgefahr--Iran-greift-Extremisten-mit-Raketen-an%3Ab\" frameborder=\"0\" width=\"853\" height=\"480\" allowfullscreen><\/iframe><\/div>\n<\/div>\n<\/div>\n<p><br \/>\n<br \/><a href=\"https:\/\/de.rt.com\/der-nahe-osten\/193167-nach-iranischem-raketenangriff-pakistan-veruebt\/\">Source link <\/a><\/p>\n","protected":false},"excerpt":{"rendered":"<p>Pakistan und Iran werfen sich immer wieder gegenseitig vor, Extremisten von ihrem Territorium aus Angriffe auf das andere Land ver\u00fcben zu lassen. Die jetzigen Luftangriffe beider L\u00e4nder versch\u00e4rfen die Spannungen in der Region inmitten des Gaza-Kriegs. China erkl\u00e4rt sich derzeit bereit, zwischen Iran und Pakistan zu vermitteln. Pakistan hat nach einem iranischen Luftangriff auf sein [&hellip;]<\/p>\n","protected":false},"author":3,"featured_media":53484,"comment_status":"open","ping_status":"open","sticky":false,"template":"","format":"standard","meta":{"_yoast_indexnow_last_ping":["1705573337"],"wp_automatic_camp":["217"],"61ab3bd0ce40e6c79c41e5fb69a0b843":["Raketenangriffe: Gef\u00e4hrliche Spannungen zwischen Pakistan und Iran"],"original_link":["https:\/\/de.rt.com\/der-nahe-osten\/193167-nach-iranischem-raketenangriff-pakistan-veruebt\/"],"_thumbnail_id":["53484"],"_wptgpro_p2tg_sent2tg":["a:1:{i:23737;s:19:\"2024-01-18 12:23:16\";}"],"jnews_social_counter_last_update":["1777305865"]},"categories":[19,23],"tags":[23365,1786,1787,35108,4832,140,436],"yoast_head":"<!-- This site is optimized with the Yoast SEO Premium plugin v22.7 (Yoast SEO v22.7) - https:\/\/yoast.com\/wordpress\/plugins\/seo\/ -->\n<title>Raketenangriffe: Gef\u00e4hrliche Spannungen zwischen Pakistan und Iran - just-now.NEWS Deutschland<\/title>\n<meta name=\"robots\" content=\"index, follow, max-snippet:-1, max-image-preview:large, max-video-preview:-1\" \/>\n<link rel=\"canonical\" href=\"https:\/\/now-news.de\/de\/deutschland\/raketenangriffe-gefaehrliche-spannungen-zwischen-pakistan-und-iran\/\" \/>\n<meta property=\"og:locale\" content=\"de_DE\" \/>\n<meta property=\"og:type\" content=\"article\" \/>\n<meta property=\"og:title\" content=\"Raketenangriffe: Gef\u00e4hrliche Spannungen zwischen Pakistan und Iran\" \/>\n<meta property=\"og:description\" content=\"Pakistan und Iran werfen sich immer wieder gegenseitig vor, Extremisten von ihrem Territorium aus Angriffe auf das andere Land ver\u00fcben zu lassen. Die jetzigen Luftangriffe beider L\u00e4nder versch\u00e4rfen die Spannungen in der Region inmitten des Gaza-Kriegs. China erkl\u00e4rt sich derzeit bereit, zwischen Iran und Pakistan zu vermitteln. Pakistan hat nach einem iranischen Luftangriff auf sein [&hellip;]\" \/>\n<meta property=\"og:url\" content=\"https:\/\/now-news.de\/de\/deutschland\/raketenangriffe-gefaehrliche-spannungen-zwischen-pakistan-und-iran\/\" \/>\n<meta property=\"og:site_name\" content=\"just-now.NEWS Deutschland\" \/>\n<meta property=\"article:publisher\" content=\"https:\/\/www.facebook.com\/wirmachenauf\" \/>\n<meta property=\"article:published_time\" content=\"2024-01-18T10:12:39+00:00\" \/>\n<meta property=\"og:image\" content=\"https:\/\/now-news.de\/de\/wp-content\/uploads\/sites\/3\/2024\/01\/Raketenangriffe-Gefaehrliche-Spannungen-zwischen-Pakistan-und-Iran.jpg\" \/>\n\t<meta property=\"og:image:width\" content=\"460\" \/>\n\t<meta property=\"og:image:height\" content=\"259\" \/>\n\t<meta property=\"og:image:type\" content=\"image\/jpeg\" \/>\n<meta name=\"author\" content=\"rtnews\" \/>\n<meta name=\"twitter:card\" content=\"summary_large_image\" \/>\n<meta name=\"twitter:creator\" content=\"@WirMachenAuf_de\" \/>\n<meta name=\"twitter:site\" content=\"@WirMachenAuf_de\" \/>\n<meta name=\"twitter:label1\" content=\"Verfasst von\" \/>\n\t<meta name=\"twitter:data1\" content=\"rtnews\" \/>\n\t<meta name=\"twitter:label2\" content=\"Gesch\u00e4tzte Lesezeit\" \/>\n\t<meta name=\"twitter:data2\" content=\"2\u00a0Minuten\" \/>\n<script type=\"application\/ld+json\" class=\"yoast-schema-graph\">{\"@context\":\"https:\/\/schema.org\",\"@graph\":[{\"@type\":\"Article\",\"@id\":\"https:\/\/now-news.de\/de\/deutschland\/raketenangriffe-gefaehrliche-spannungen-zwischen-pakistan-und-iran\/#article\",\"isPartOf\":{\"@id\":\"https:\/\/now-news.de\/de\/deutschland\/raketenangriffe-gefaehrliche-spannungen-zwischen-pakistan-und-iran\/\"},\"author\":{\"name\":\"rtnews\",\"@id\":\"https:\/\/now-news.de\/de\/#\/schema\/person\/fb534a4e865501d8b3285208df34a9b5\"},\"headline\":\"Raketenangriffe: Gef\u00e4hrliche Spannungen zwischen Pakistan und Iran\",\"datePublished\":\"2024-01-18T10:12:39+00:00\",\"dateModified\":\"2024-01-18T10:12:39+00:00\",\"mainEntityOfPage\":{\"@id\":\"https:\/\/now-news.de\/de\/deutschland\/raketenangriffe-gefaehrliche-spannungen-zwischen-pakistan-und-iran\/\"},\"wordCount\":411,\"commentCount\":0,\"publisher\":{\"@id\":\"https:\/\/now-news.de\/de\/#organization\"},\"image\":{\"@id\":\"https:\/\/now-news.de\/de\/deutschland\/raketenangriffe-gefaehrliche-spannungen-zwischen-pakistan-und-iran\/#primaryimage\"},\"thumbnailUrl\":\"https:\/\/now-news.de\/de\/wp-content\/uploads\/sites\/3\/2024\/01\/Raketenangriffe-Gefaehrliche-Spannungen-zwischen-Pakistan-und-Iran.jpg\",\"keywords\":[\"Gef\u00e4hrliche\",\"Iran\",\"Pakistan\",\"Raketenangriffe\",\"Spannungen\",\"und\",\"zwischen\"],\"articleSection\":[\"Deutschland\",\"Russland\"],\"inLanguage\":\"de\",\"potentialAction\":[{\"@type\":\"CommentAction\",\"name\":\"Comment\",\"target\":[\"https:\/\/now-news.de\/de\/deutschland\/raketenangriffe-gefaehrliche-spannungen-zwischen-pakistan-und-iran\/#respond\"]}]},{\"@type\":\"WebPage\",\"@id\":\"https:\/\/now-news.de\/de\/deutschland\/raketenangriffe-gefaehrliche-spannungen-zwischen-pakistan-und-iran\/\",\"url\":\"https:\/\/now-news.de\/de\/deutschland\/raketenangriffe-gefaehrliche-spannungen-zwischen-pakistan-und-iran\/\",\"name\":\"Raketenangriffe: Gef\u00e4hrliche Spannungen zwischen Pakistan und Iran - just-now.NEWS Deutschland\",\"isPartOf\":{\"@id\":\"https:\/\/now-news.de\/de\/#website\"},\"primaryImageOfPage\":{\"@id\":\"https:\/\/now-news.de\/de\/deutschland\/raketenangriffe-gefaehrliche-spannungen-zwischen-pakistan-und-iran\/#primaryimage\"},\"image\":{\"@id\":\"https:\/\/now-news.de\/de\/deutschland\/raketenangriffe-gefaehrliche-spannungen-zwischen-pakistan-und-iran\/#primaryimage\"},\"thumbnailUrl\":\"https:\/\/now-news.de\/de\/wp-content\/uploads\/sites\/3\/2024\/01\/Raketenangriffe-Gefaehrliche-Spannungen-zwischen-Pakistan-und-Iran.jpg\",\"datePublished\":\"2024-01-18T10:12:39+00:00\",\"dateModified\":\"2024-01-18T10:12:39+00:00\",\"breadcrumb\":{\"@id\":\"https:\/\/now-news.de\/de\/deutschland\/raketenangriffe-gefaehrliche-spannungen-zwischen-pakistan-und-iran\/#breadcrumb\"},\"inLanguage\":\"de\",\"potentialAction\":[{\"@type\":\"ReadAction\",\"target\":[\"https:\/\/now-news.de\/de\/deutschland\/raketenangriffe-gefaehrliche-spannungen-zwischen-pakistan-und-iran\/\"]}]},{\"@type\":\"ImageObject\",\"inLanguage\":\"de\",\"@id\":\"https:\/\/now-news.de\/de\/deutschland\/raketenangriffe-gefaehrliche-spannungen-zwischen-pakistan-und-iran\/#primaryimage\",\"url\":\"https:\/\/now-news.de\/de\/wp-content\/uploads\/sites\/3\/2024\/01\/Raketenangriffe-Gefaehrliche-Spannungen-zwischen-Pakistan-und-Iran.jpg\",\"contentUrl\":\"https:\/\/now-news.de\/de\/wp-content\/uploads\/sites\/3\/2024\/01\/Raketenangriffe-Gefaehrliche-Spannungen-zwischen-Pakistan-und-Iran.jpg\",\"width\":460,\"height\":259,\"caption\":\"Raketenangriffe: Gef\u00e4hrliche Spannungen zwischen Pakistan und Iran\"},{\"@type\":\"BreadcrumbList\",\"@id\":\"https:\/\/now-news.de\/de\/deutschland\/raketenangriffe-gefaehrliche-spannungen-zwischen-pakistan-und-iran\/#breadcrumb\",\"itemListElement\":[{\"@type\":\"ListItem\",\"position\":1,\"name\":\"Home\",\"item\":\"https:\/\/now-news.de\/de\/\"},{\"@type\":\"ListItem\",\"position\":2,\"name\":\"Raketenangriffe: Gef\u00e4hrliche Spannungen zwischen Pakistan und Iran\"}]},{\"@type\":\"WebSite\",\"@id\":\"https:\/\/now-news.de\/de\/#website\",\"url\":\"https:\/\/now-news.de\/de\/\",\"name\":\"just-now.NEWS Deutschland\",\"description\":\"Das Portal f\u00fcr unzensierte Nachrichten aus der Welt\",\"publisher\":{\"@id\":\"https:\/\/now-news.de\/de\/#organization\"},\"potentialAction\":[{\"@type\":\"SearchAction\",\"target\":{\"@type\":\"EntryPoint\",\"urlTemplate\":\"https:\/\/now-news.de\/de\/?s={search_term_string}\"},\"query-input\":\"required name=search_term_string\"}],\"inLanguage\":\"de\"},{\"@type\":\"Organization\",\"@id\":\"https:\/\/now-news.de\/de\/#organization\",\"name\":\"Just Now News\",\"url\":\"https:\/\/now-news.de\/de\/\",\"logo\":{\"@type\":\"ImageObject\",\"inLanguage\":\"de\",\"@id\":\"https:\/\/now-news.de\/de\/#\/schema\/logo\/image\/\",\"url\":\"http:\/\/just-now.news\/de\/wp-content\/uploads\/sites\/3\/2022\/04\/logo500x500.jpg\",\"contentUrl\":\"http:\/\/just-now.news\/de\/wp-content\/uploads\/sites\/3\/2022\/04\/logo500x500.jpg\",\"width\":500,\"height\":500,\"caption\":\"Just Now News\"},\"image\":{\"@id\":\"https:\/\/now-news.de\/de\/#\/schema\/logo\/image\/\"},\"sameAs\":[\"https:\/\/www.facebook.com\/wirmachenauf\",\"https:\/\/x.com\/WirMachenAuf_de\"]},{\"@type\":\"Person\",\"@id\":\"https:\/\/now-news.de\/de\/#\/schema\/person\/fb534a4e865501d8b3285208df34a9b5\",\"name\":\"rtnews\",\"image\":{\"@type\":\"ImageObject\",\"inLanguage\":\"de\",\"@id\":\"https:\/\/now-news.de\/de\/#\/schema\/person\/image\/\",\"url\":\"https:\/\/secure.gravatar.com\/avatar\/82aafea7d8127119dd649515f56e2117?s=96&d=mm&r=g\",\"contentUrl\":\"https:\/\/secure.gravatar.com\/avatar\/82aafea7d8127119dd649515f56e2117?s=96&d=mm&r=g\",\"caption\":\"rtnews\"},\"url\":\"https:\/\/now-news.de\/de\/author\/rnews\/\"}]}<\/script>\n<!-- \/ Yoast SEO Premium plugin. -->","yoast_head_json":{"title":"Raketenangriffe: Gef\u00e4hrliche Spannungen zwischen Pakistan und Iran - just-now.NEWS Deutschland","robots":{"index":"index","follow":"follow","max-snippet":"max-snippet:-1","max-image-preview":"max-image-preview:large","max-video-preview":"max-video-preview:-1"},"canonical":"https:\/\/now-news.de\/de\/deutschland\/raketenangriffe-gefaehrliche-spannungen-zwischen-pakistan-und-iran\/","og_locale":"de_DE","og_type":"article","og_title":"Raketenangriffe: Gef\u00e4hrliche Spannungen zwischen Pakistan und Iran","og_description":"Pakistan und Iran werfen sich immer wieder gegenseitig vor, Extremisten von ihrem Territorium aus Angriffe auf das andere Land ver\u00fcben zu lassen. Die jetzigen Luftangriffe beider L\u00e4nder versch\u00e4rfen die Spannungen in der Region inmitten des Gaza-Kriegs. China erkl\u00e4rt sich derzeit bereit, zwischen Iran und Pakistan zu vermitteln. Pakistan hat nach einem iranischen Luftangriff auf sein [&hellip;]","og_url":"https:\/\/now-news.de\/de\/deutschland\/raketenangriffe-gefaehrliche-spannungen-zwischen-pakistan-und-iran\/","og_site_name":"just-now.NEWS Deutschland","article_publisher":"https:\/\/www.facebook.com\/wirmachenauf","article_published_time":"2024-01-18T10:12:39+00:00","og_image":[{"width":460,"height":259,"url":"https:\/\/now-news.de\/de\/wp-content\/uploads\/sites\/3\/2024\/01\/Raketenangriffe-Gefaehrliche-Spannungen-zwischen-Pakistan-und-Iran.jpg","type":"image\/jpeg"}],"author":"rtnews","twitter_card":"summary_large_image","twitter_creator":"@WirMachenAuf_de","twitter_site":"@WirMachenAuf_de","twitter_misc":{"Verfasst von":"rtnews","Gesch\u00e4tzte Lesezeit":"2\u00a0Minuten"},"schema":{"@context":"https:\/\/schema.org","@graph":[{"@type":"Article","@id":"https:\/\/now-news.de\/de\/deutschland\/raketenangriffe-gefaehrliche-spannungen-zwischen-pakistan-und-iran\/#article","isPartOf":{"@id":"https:\/\/now-news.de\/de\/deutschland\/raketenangriffe-gefaehrliche-spannungen-zwischen-pakistan-und-iran\/"},"author":{"name":"rtnews","@id":"https:\/\/now-news.de\/de\/#\/schema\/person\/fb534a4e865501d8b3285208df34a9b5"},"headline":"Raketenangriffe: Gef\u00e4hrliche Spannungen zwischen Pakistan und Iran","datePublished":"2024-01-18T10:12:39+00:00","dateModified":"2024-01-18T10:12:39+00:00","mainEntityOfPage":{"@id":"https:\/\/now-news.de\/de\/deutschland\/raketenangriffe-gefaehrliche-spannungen-zwischen-pakistan-und-iran\/"},"wordCount":411,"commentCount":0,"publisher":{"@id":"https:\/\/now-news.de\/de\/#organization"},"image":{"@id":"https:\/\/now-news.de\/de\/deutschland\/raketenangriffe-gefaehrliche-spannungen-zwischen-pakistan-und-iran\/#primaryimage"},"thumbnailUrl":"https:\/\/now-news.de\/de\/wp-content\/uploads\/sites\/3\/2024\/01\/Raketenangriffe-Gefaehrliche-Spannungen-zwischen-Pakistan-und-Iran.jpg","keywords":["Gef\u00e4hrliche","Iran","Pakistan","Raketenangriffe","Spannungen","und","zwischen"],"articleSection":["Deutschland","Russland"],"inLanguage":"de","potentialAction":[{"@type":"CommentAction","name":"Comment","target":["https:\/\/now-news.de\/de\/deutschland\/raketenangriffe-gefaehrliche-spannungen-zwischen-pakistan-und-iran\/#respond"]}]},{"@type":"WebPage","@id":"https:\/\/now-news.de\/de\/deutschland\/raketenangriffe-gefaehrliche-spannungen-zwischen-pakistan-und-iran\/","url":"https:\/\/now-news.de\/de\/deutschland\/raketenangriffe-gefaehrliche-spannungen-zwischen-pakistan-und-iran\/","name":"Raketenangriffe: Gef\u00e4hrliche Spannungen zwischen Pakistan und Iran - just-now.NEWS Deutschland","isPartOf":{"@id":"https:\/\/now-news.de\/de\/#website"},"primaryImageOfPage":{"@id":"https:\/\/now-news.de\/de\/deutschland\/raketenangriffe-gefaehrliche-spannungen-zwischen-pakistan-und-iran\/#primaryimage"},"image":{"@id":"https:\/\/now-news.de\/de\/deutschland\/raketenangriffe-gefaehrliche-spannungen-zwischen-pakistan-und-iran\/#primaryimage"},"thumbnailUrl":"https:\/\/now-news.de\/de\/wp-content\/uploads\/sites\/3\/2024\/01\/Raketenangriffe-Gefaehrliche-Spannungen-zwischen-Pakistan-und-Iran.jpg","datePublished":"2024-01-18T10:12:39+00:00","dateModified":"2024-01-18T10:12:39+00:00","breadcrumb":{"@id":"https:\/\/now-news.de\/de\/deutschland\/raketenangriffe-gefaehrliche-spannungen-zwischen-pakistan-und-iran\/#breadcrumb"},"inLanguage":"de","potentialAction":[{"@type":"ReadAction","target":["https:\/\/now-news.de\/de\/deutschland\/raketenangriffe-gefaehrliche-spannungen-zwischen-pakistan-und-iran\/"]}]},{"@type":"ImageObject","inLanguage":"de","@id":"https:\/\/now-news.de\/de\/deutschland\/raketenangriffe-gefaehrliche-spannungen-zwischen-pakistan-und-iran\/#primaryimage","url":"https:\/\/now-news.de\/de\/wp-content\/uploads\/sites\/3\/2024\/01\/Raketenangriffe-Gefaehrliche-Spannungen-zwischen-Pakistan-und-Iran.jpg","contentUrl":"https:\/\/now-news.de\/de\/wp-content\/uploads\/sites\/3\/2024\/01\/Raketenangriffe-Gefaehrliche-Spannungen-zwischen-Pakistan-und-Iran.jpg","width":460,"height":259,"caption":"Raketenangriffe: Gef\u00e4hrliche Spannungen zwischen Pakistan und Iran"},{"@type":"BreadcrumbList","@id":"https:\/\/now-news.de\/de\/deutschland\/raketenangriffe-gefaehrliche-spannungen-zwischen-pakistan-und-iran\/#breadcrumb","itemListElement":[{"@type":"ListItem","position":1,"name":"Home","item":"https:\/\/now-news.de\/de\/"},{"@type":"ListItem","position":2,"name":"Raketenangriffe: Gef\u00e4hrliche Spannungen zwischen Pakistan und Iran"}]},{"@type":"WebSite","@id":"https:\/\/now-news.de\/de\/#website","url":"https:\/\/now-news.de\/de\/","name":"just-now.NEWS Deutschland","description":"Das Portal f\u00fcr unzensierte Nachrichten aus der Welt","publisher":{"@id":"https:\/\/now-news.de\/de\/#organization"},"potentialAction":[{"@type":"SearchAction","target":{"@type":"EntryPoint","urlTemplate":"https:\/\/now-news.de\/de\/?s={search_term_string}"},"query-input":"required name=search_term_string"}],"inLanguage":"de"},{"@type":"Organization","@id":"https:\/\/now-news.de\/de\/#organization","name":"Just Now News","url":"https:\/\/now-news.de\/de\/","logo":{"@type":"ImageObject","inLanguage":"de","@id":"https:\/\/now-news.de\/de\/#\/schema\/logo\/image\/","url":"http:\/\/just-now.news\/de\/wp-content\/uploads\/sites\/3\/2022\/04\/logo500x500.jpg","contentUrl":"http:\/\/just-now.news\/de\/wp-content\/uploads\/sites\/3\/2022\/04\/logo500x500.jpg","width":500,"height":500,"caption":"Just Now News"},"image":{"@id":"https:\/\/now-news.de\/de\/#\/schema\/logo\/image\/"},"sameAs":["https:\/\/www.facebook.com\/wirmachenauf","https:\/\/x.com\/WirMachenAuf_de"]},{"@type":"Person","@id":"https:\/\/now-news.de\/de\/#\/schema\/person\/fb534a4e865501d8b3285208df34a9b5","name":"rtnews","image":{"@type":"ImageObject","inLanguage":"de","@id":"https:\/\/now-news.de\/de\/#\/schema\/person\/image\/","url":"https:\/\/secure.gravatar.com\/avatar\/82aafea7d8127119dd649515f56e2117?s=96&d=mm&r=g","contentUrl":"https:\/\/secure.gravatar.com\/avatar\/82aafea7d8127119dd649515f56e2117?s=96&d=mm&r=g","caption":"rtnews"},"url":"https:\/\/now-news.de\/de\/author\/rnews\/"}]}},"_links":{"self":[{"href":"https:\/\/now-news.de\/de\/wp-json\/wp\/v2\/posts\/53483"}],"collection":[{"href":"https:\/\/now-news.de\/de\/wp-json\/wp\/v2\/posts"}],"about":[{"href":"https:\/\/now-news.de\/de\/wp-json\/wp\/v2\/types\/post"}],"author":[{"embeddable":true,"href":"https:\/\/now-news.de\/de\/wp-json\/wp\/v2\/users\/3"}],"replies":[{"embeddable":true,"href":"https:\/\/now-news.de\/de\/wp-json\/wp\/v2\/comments?post=53483"}],"version-history":[{"count":0,"href":"https:\/\/now-news.de\/de\/wp-json\/wp\/v2\/posts\/53483\/revisions"}],"wp:featuredmedia":[{"embeddable":true,"href":"https:\/\/now-news.de\/de\/wp-json\/wp\/v2\/media\/53484"}],"wp:attachment":[{"href":"https:\/\/now-news.de\/de\/wp-json\/wp\/v2\/media?parent=53483"}],"wp:term":[{"taxonomy":"category","embeddable":true,"href":"https:\/\/now-news.de\/de\/wp-json\/wp\/v2\/categories?post=53483"},{"taxonomy":"post_tag","embeddable":true,"href":"https:\/\/now-news.de\/de\/wp-json\/wp\/v2\/tags?post=53483"}],"curies":[{"name":"wp","href":"https:\/\/api.w.org\/{rel}","templated":true}]}}