{"id":53455,"date":"2024-01-17T20:46:43","date_gmt":"2024-01-17T18:46:43","guid":{"rendered":"https:\/\/just-now.news\/de\/deutschland\/parasitaere-partei-soeder-will-verbeamtung-von-afdlern-verbieten\/"},"modified":"2024-01-17T20:46:43","modified_gmt":"2024-01-17T18:46:43","slug":"parasitaere-partei-soeder-will-verbeamtung-von-afdlern-verbieten","status":"publish","type":"post","link":"https:\/\/now-news.de\/de\/deutschland\/parasitaere-partei-soeder-will-verbeamtung-von-afdlern-verbieten\/","title":{"rendered":"&quot;Parasit\u00e4re Partei&quot;: S\u00f6der will Verbeamtung von AfDlern verbieten"},"content":{"rendered":"<p><img decoding=\"async\" src=\"http:\/\/just-now.news\/de\/wp-content\/uploads\/sites\/3\/2024\/01\/65a8139db480cc688f56841c.jpg\" \/><\/p>\n<div class=\"Text-root Text-type_1 \">\n                Bayerns Ministerpr\u00e4sident Markus S\u00f6der h\u00e4lt die Eignung von AfD-Mitgliedern f\u00fcr den Staatsdienst zumindest f\u00fcr fraglich und will das Verbot einer Verbeamtung f\u00fcr AfD-Mitglieder pr\u00fcfen lassen. Die AfD sei eine &#8220;parasit\u00e4re Partei&#8221;, so S\u00f6der.\n            <\/div>\n<p><\/p>\n<div class=\"Text-root Text-type_5 ArticleView-text ViewText-root \">\n<p>Bayerns Ministerpr\u00e4sident Markus S\u00f6der (CSU) hat sich f\u00fcr eine \u00dcberpr\u00fcfung der Vereinbarkeit einer AfD-Mitgliedschaft mit der T\u00e4tigkeit im \u00f6ffentlichen Dienst ausgesprochen. Zu diesem Thema habe die CSU eine &#8220;ganz klare Haltung&#8221;. S\u00f6der h\u00e4lt die Eignung von AfD-Mitgliedern f\u00fcr den Staatsdienst demnach zumindest f\u00fcr fraglich. Laut einem Bericht der <em>Zeit<\/em> sagte S\u00f6der am 15. Januar nach der Sitzung des Kabinetts in M\u00fcnchen, es gelte, diese Frage nun dringend zu kl\u00e4ren. S\u00f6der sagte: &#8220;Wir haben da eine ganz klare Haltung [gegen die Verbeamtung von AfD-Mitgliedern] und sagen die auch deutlich.&#8221;<\/p>\n<blockquote>\n<p><em>&#8220;Die AfD ist eine parasit\u00e4re Partei. Sie nutzt nur Unzufriedenheit, vermeintliche Ungerechtigkeit aus, um dann damit Protest zu sch\u00fcren.&#8221;<\/em><\/p>\n<\/blockquote>\n<p>Au\u00dferdem behauptete er, dass die AfD willentlich als &#8220;Steigb\u00fcgelhalter&#8221; f\u00fcr den russischen Pr\u00e4sidenten Wladimir Putin diene. Es gebe &#8220;keine Partei, die so abh\u00e4ngig&#8221; von und so &#8220;eng verbunden&#8221; mit Russland sei wie die AfD.<\/p>\n<p>Allerdings wird S\u00f6ders Vorsto\u00df selbst vom Vorsitzenden des bayerischen Beamtenbundes, Rainer Nachtigall, kritisch gesehen. Nachtigall zufolge m\u00fcsste die AfD erst f\u00fcr verfassungswidrig erkl\u00e4rt werden und der Bewerber m\u00fcsste weitere Kriterien erf\u00fcllen, wie die <em>dpa<\/em> berichtet.<\/p>\n<p>Dies w\u00e4ren &#8220;insbesondere&#8221; die \u00dcbernahme von Funktionen innerhalb der Partei, verfassungsfeindliche \u00c4u\u00dferungen oder sonstiges Verhalten, das eine verfassungsfeindliche Gesinnung [eindeutig] aufzeigt, sagte Nachtigall. Allerdings \u00fcberpr\u00fcfe man bereits heute vor der Einstellung eines Bewerbers selbstverst\u00e4ndlich penibel die Verfassungstreue desselben. &#8220;Grunds\u00e4tzlich erfolgt die Verbeamtung unabh\u00e4ngig von politischen Anschauungen&#8221;, so Nachtigall. &#8220;Die Grenze zeigt aber die Verfassungstreue auf, f\u00fcr die jeder Besch\u00e4ftigte \u2013 unabdingbar und verl\u00e4sslich \u2013 Gew\u00e4hr bieten muss.&#8221;<\/p>\n<p><strong>Mehr zum Thema &#8211;<\/strong>\u00a0<a rel=\"nofollow noopener\" target=\"_blank\" href=\"https:\/\/freedert.online\/inland\/192823-afd-medienkampagne-remigration-wird-flugs\/\">AfD-Medienkampagne: &#8220;Remigration&#8221; wird flugs zum &#8220;Unwort des Jahres&#8221; gek\u00fcrt <\/a><\/p>\n<\/div>\n<p><br \/>\n<br \/><a href=\"https:\/\/de.rt.com\/inland\/193133-parasitaere-partei-soeder-will-verbeamtung\/\">Source link <\/a><\/p>\n","protected":false},"excerpt":{"rendered":"<p>Bayerns Ministerpr\u00e4sident Markus S\u00f6der h\u00e4lt die Eignung von AfD-Mitgliedern f\u00fcr den Staatsdienst zumindest f\u00fcr fraglich und will das Verbot einer Verbeamtung f\u00fcr AfD-Mitglieder pr\u00fcfen lassen. Die AfD sei eine &#8220;parasit\u00e4re Partei&#8221;, so S\u00f6der. Bayerns Ministerpr\u00e4sident Markus S\u00f6der (CSU) hat sich f\u00fcr eine \u00dcberpr\u00fcfung der Vereinbarkeit einer AfD-Mitgliedschaft mit der T\u00e4tigkeit im \u00f6ffentlichen Dienst ausgesprochen. Zu [&hellip;]<\/p>\n","protected":false},"author":3,"featured_media":53456,"comment_status":"open","ping_status":"open","sticky":false,"template":"","format":"standard","meta":{"_yoast_indexnow_last_ping":["1705518151"],"wp_automatic_camp":["217"],"d5c3aa8bdf2eee24217216f0b84c1fbd":["&quot;Parasit\u00e4re Partei&quot;: S\u00f6der will Verbeamtung von AfDlern verbieten"],"original_link":["https:\/\/de.rt.com\/inland\/193133-parasitaere-partei-soeder-will-verbeamtung\/"],"_thumbnail_id":["53456"],"_wptgpro_p2tg_sent2tg":["a:1:{i:23737;s:19:\"2024-01-17 21:03:42\";}"],"jnews_social_counter_last_update":["1777191046"]},"categories":[19,23],"tags":[52558,47112,52556,3822,52557,1523,50],"yoast_head":"<!-- This site is optimized with the Yoast SEO Premium plugin v22.7 (Yoast SEO v22.7) - https:\/\/yoast.com\/wordpress\/plugins\/seo\/ -->\n<title>&quot;Parasit\u00e4re Partei&quot;: S\u00f6der will Verbeamtung von AfDlern verbieten - just-now.NEWS Deutschland<\/title>\n<meta name=\"robots\" content=\"index, follow, max-snippet:-1, max-image-preview:large, max-video-preview:-1\" \/>\n<link rel=\"canonical\" href=\"https:\/\/now-news.de\/de\/deutschland\/parasitaere-partei-soeder-will-verbeamtung-von-afdlern-verbieten\/\" \/>\n<meta property=\"og:locale\" content=\"de_DE\" \/>\n<meta property=\"og:type\" content=\"article\" \/>\n<meta property=\"og:title\" content=\"&quot;Parasit\u00e4re Partei&quot;: S\u00f6der will Verbeamtung von AfDlern verbieten\" \/>\n<meta property=\"og:description\" content=\"Bayerns Ministerpr\u00e4sident Markus S\u00f6der h\u00e4lt die Eignung von AfD-Mitgliedern f\u00fcr den Staatsdienst zumindest f\u00fcr fraglich und will das Verbot einer Verbeamtung f\u00fcr AfD-Mitglieder pr\u00fcfen lassen. Die AfD sei eine &#8220;parasit\u00e4re Partei&#8221;, so S\u00f6der. Bayerns Ministerpr\u00e4sident Markus S\u00f6der (CSU) hat sich f\u00fcr eine \u00dcberpr\u00fcfung der Vereinbarkeit einer AfD-Mitgliedschaft mit der T\u00e4tigkeit im \u00f6ffentlichen Dienst ausgesprochen. Zu [&hellip;]\" \/>\n<meta property=\"og:url\" content=\"https:\/\/now-news.de\/de\/deutschland\/parasitaere-partei-soeder-will-verbeamtung-von-afdlern-verbieten\/\" \/>\n<meta property=\"og:site_name\" content=\"just-now.NEWS Deutschland\" \/>\n<meta property=\"article:publisher\" content=\"https:\/\/www.facebook.com\/wirmachenauf\" \/>\n<meta property=\"article:published_time\" content=\"2024-01-17T18:46:43+00:00\" \/>\n<meta property=\"og:image\" content=\"https:\/\/now-news.de\/de\/wp-content\/uploads\/sites\/3\/2024\/01\/quotParasitaere-Parteiquot-Soeder-will-Verbeamtung-von-AfDlern-verbieten.jpg\" \/>\n\t<meta property=\"og:image:width\" content=\"460\" \/>\n\t<meta property=\"og:image:height\" content=\"259\" \/>\n\t<meta property=\"og:image:type\" content=\"image\/jpeg\" \/>\n<meta name=\"author\" content=\"rtnews\" \/>\n<meta name=\"twitter:card\" content=\"summary_large_image\" \/>\n<meta name=\"twitter:creator\" content=\"@WirMachenAuf_de\" \/>\n<meta name=\"twitter:site\" content=\"@WirMachenAuf_de\" \/>\n<meta name=\"twitter:label1\" content=\"Verfasst von\" \/>\n\t<meta name=\"twitter:data1\" content=\"rtnews\" \/>\n\t<meta name=\"twitter:label2\" content=\"Gesch\u00e4tzte Lesezeit\" \/>\n\t<meta name=\"twitter:data2\" content=\"2\u00a0Minuten\" \/>\n<script type=\"application\/ld+json\" class=\"yoast-schema-graph\">{\"@context\":\"https:\/\/schema.org\",\"@graph\":[{\"@type\":\"Article\",\"@id\":\"https:\/\/now-news.de\/de\/deutschland\/parasitaere-partei-soeder-will-verbeamtung-von-afdlern-verbieten\/#article\",\"isPartOf\":{\"@id\":\"https:\/\/now-news.de\/de\/deutschland\/parasitaere-partei-soeder-will-verbeamtung-von-afdlern-verbieten\/\"},\"author\":{\"name\":\"rtnews\",\"@id\":\"https:\/\/now-news.de\/de\/#\/schema\/person\/fb534a4e865501d8b3285208df34a9b5\"},\"headline\":\"&quot;Parasit\u00e4re Partei&quot;: S\u00f6der will Verbeamtung von AfDlern verbieten\",\"datePublished\":\"2024-01-17T18:46:43+00:00\",\"dateModified\":\"2024-01-17T18:46:43+00:00\",\"mainEntityOfPage\":{\"@id\":\"https:\/\/now-news.de\/de\/deutschland\/parasitaere-partei-soeder-will-verbeamtung-von-afdlern-verbieten\/\"},\"wordCount\":347,\"commentCount\":0,\"publisher\":{\"@id\":\"https:\/\/now-news.de\/de\/#organization\"},\"image\":{\"@id\":\"https:\/\/now-news.de\/de\/deutschland\/parasitaere-partei-soeder-will-verbeamtung-von-afdlern-verbieten\/#primaryimage\"},\"thumbnailUrl\":\"https:\/\/now-news.de\/de\/wp-content\/uploads\/sites\/3\/2024\/01\/quotParasitaere-Parteiquot-Soeder-will-Verbeamtung-von-AfDlern-verbieten.jpg\",\"keywords\":[\"AfDlern\",\"Parteiquot\",\"quotParasit\u00e4re\",\"S\u00f6der\",\"Verbeamtung\",\"verbieten\",\"von\"],\"articleSection\":[\"Deutschland\",\"Russland\"],\"inLanguage\":\"de\",\"potentialAction\":[{\"@type\":\"CommentAction\",\"name\":\"Comment\",\"target\":[\"https:\/\/now-news.de\/de\/deutschland\/parasitaere-partei-soeder-will-verbeamtung-von-afdlern-verbieten\/#respond\"]}]},{\"@type\":\"WebPage\",\"@id\":\"https:\/\/now-news.de\/de\/deutschland\/parasitaere-partei-soeder-will-verbeamtung-von-afdlern-verbieten\/\",\"url\":\"https:\/\/now-news.de\/de\/deutschland\/parasitaere-partei-soeder-will-verbeamtung-von-afdlern-verbieten\/\",\"name\":\"&quot;Parasit\u00e4re Partei&quot;: S\u00f6der will Verbeamtung von AfDlern verbieten - just-now.NEWS Deutschland\",\"isPartOf\":{\"@id\":\"https:\/\/now-news.de\/de\/#website\"},\"primaryImageOfPage\":{\"@id\":\"https:\/\/now-news.de\/de\/deutschland\/parasitaere-partei-soeder-will-verbeamtung-von-afdlern-verbieten\/#primaryimage\"},\"image\":{\"@id\":\"https:\/\/now-news.de\/de\/deutschland\/parasitaere-partei-soeder-will-verbeamtung-von-afdlern-verbieten\/#primaryimage\"},\"thumbnailUrl\":\"https:\/\/now-news.de\/de\/wp-content\/uploads\/sites\/3\/2024\/01\/quotParasitaere-Parteiquot-Soeder-will-Verbeamtung-von-AfDlern-verbieten.jpg\",\"datePublished\":\"2024-01-17T18:46:43+00:00\",\"dateModified\":\"2024-01-17T18:46:43+00:00\",\"breadcrumb\":{\"@id\":\"https:\/\/now-news.de\/de\/deutschland\/parasitaere-partei-soeder-will-verbeamtung-von-afdlern-verbieten\/#breadcrumb\"},\"inLanguage\":\"de\",\"potentialAction\":[{\"@type\":\"ReadAction\",\"target\":[\"https:\/\/now-news.de\/de\/deutschland\/parasitaere-partei-soeder-will-verbeamtung-von-afdlern-verbieten\/\"]}]},{\"@type\":\"ImageObject\",\"inLanguage\":\"de\",\"@id\":\"https:\/\/now-news.de\/de\/deutschland\/parasitaere-partei-soeder-will-verbeamtung-von-afdlern-verbieten\/#primaryimage\",\"url\":\"https:\/\/now-news.de\/de\/wp-content\/uploads\/sites\/3\/2024\/01\/quotParasitaere-Parteiquot-Soeder-will-Verbeamtung-von-AfDlern-verbieten.jpg\",\"contentUrl\":\"https:\/\/now-news.de\/de\/wp-content\/uploads\/sites\/3\/2024\/01\/quotParasitaere-Parteiquot-Soeder-will-Verbeamtung-von-AfDlern-verbieten.jpg\",\"width\":460,\"height\":259,\"caption\":\"&quot;Parasit\u00e4re Partei&quot;: S\u00f6der will Verbeamtung von AfDlern verbieten\"},{\"@type\":\"BreadcrumbList\",\"@id\":\"https:\/\/now-news.de\/de\/deutschland\/parasitaere-partei-soeder-will-verbeamtung-von-afdlern-verbieten\/#breadcrumb\",\"itemListElement\":[{\"@type\":\"ListItem\",\"position\":1,\"name\":\"Home\",\"item\":\"https:\/\/now-news.de\/de\/\"},{\"@type\":\"ListItem\",\"position\":2,\"name\":\"&quot;Parasit\u00e4re Partei&quot;: S\u00f6der will Verbeamtung von AfDlern verbieten\"}]},{\"@type\":\"WebSite\",\"@id\":\"https:\/\/now-news.de\/de\/#website\",\"url\":\"https:\/\/now-news.de\/de\/\",\"name\":\"just-now.NEWS Deutschland\",\"description\":\"Das Portal f\u00fcr unzensierte Nachrichten aus der Welt\",\"publisher\":{\"@id\":\"https:\/\/now-news.de\/de\/#organization\"},\"potentialAction\":[{\"@type\":\"SearchAction\",\"target\":{\"@type\":\"EntryPoint\",\"urlTemplate\":\"https:\/\/now-news.de\/de\/?s={search_term_string}\"},\"query-input\":\"required name=search_term_string\"}],\"inLanguage\":\"de\"},{\"@type\":\"Organization\",\"@id\":\"https:\/\/now-news.de\/de\/#organization\",\"name\":\"Just Now News\",\"url\":\"https:\/\/now-news.de\/de\/\",\"logo\":{\"@type\":\"ImageObject\",\"inLanguage\":\"de\",\"@id\":\"https:\/\/now-news.de\/de\/#\/schema\/logo\/image\/\",\"url\":\"http:\/\/just-now.news\/de\/wp-content\/uploads\/sites\/3\/2022\/04\/logo500x500.jpg\",\"contentUrl\":\"http:\/\/just-now.news\/de\/wp-content\/uploads\/sites\/3\/2022\/04\/logo500x500.jpg\",\"width\":500,\"height\":500,\"caption\":\"Just Now News\"},\"image\":{\"@id\":\"https:\/\/now-news.de\/de\/#\/schema\/logo\/image\/\"},\"sameAs\":[\"https:\/\/www.facebook.com\/wirmachenauf\",\"https:\/\/x.com\/WirMachenAuf_de\"]},{\"@type\":\"Person\",\"@id\":\"https:\/\/now-news.de\/de\/#\/schema\/person\/fb534a4e865501d8b3285208df34a9b5\",\"name\":\"rtnews\",\"image\":{\"@type\":\"ImageObject\",\"inLanguage\":\"de\",\"@id\":\"https:\/\/now-news.de\/de\/#\/schema\/person\/image\/\",\"url\":\"https:\/\/secure.gravatar.com\/avatar\/82aafea7d8127119dd649515f56e2117?s=96&d=mm&r=g\",\"contentUrl\":\"https:\/\/secure.gravatar.com\/avatar\/82aafea7d8127119dd649515f56e2117?s=96&d=mm&r=g\",\"caption\":\"rtnews\"},\"url\":\"https:\/\/now-news.de\/de\/author\/rnews\/\"}]}<\/script>\n<!-- \/ Yoast SEO Premium plugin. -->","yoast_head_json":{"title":"&quot;Parasit\u00e4re Partei&quot;: S\u00f6der will Verbeamtung von AfDlern verbieten - just-now.NEWS Deutschland","robots":{"index":"index","follow":"follow","max-snippet":"max-snippet:-1","max-image-preview":"max-image-preview:large","max-video-preview":"max-video-preview:-1"},"canonical":"https:\/\/now-news.de\/de\/deutschland\/parasitaere-partei-soeder-will-verbeamtung-von-afdlern-verbieten\/","og_locale":"de_DE","og_type":"article","og_title":"&quot;Parasit\u00e4re Partei&quot;: S\u00f6der will Verbeamtung von AfDlern verbieten","og_description":"Bayerns Ministerpr\u00e4sident Markus S\u00f6der h\u00e4lt die Eignung von AfD-Mitgliedern f\u00fcr den Staatsdienst zumindest f\u00fcr fraglich und will das Verbot einer Verbeamtung f\u00fcr AfD-Mitglieder pr\u00fcfen lassen. Die AfD sei eine &#8220;parasit\u00e4re Partei&#8221;, so S\u00f6der. Bayerns Ministerpr\u00e4sident Markus S\u00f6der (CSU) hat sich f\u00fcr eine \u00dcberpr\u00fcfung der Vereinbarkeit einer AfD-Mitgliedschaft mit der T\u00e4tigkeit im \u00f6ffentlichen Dienst ausgesprochen. Zu [&hellip;]","og_url":"https:\/\/now-news.de\/de\/deutschland\/parasitaere-partei-soeder-will-verbeamtung-von-afdlern-verbieten\/","og_site_name":"just-now.NEWS Deutschland","article_publisher":"https:\/\/www.facebook.com\/wirmachenauf","article_published_time":"2024-01-17T18:46:43+00:00","og_image":[{"width":460,"height":259,"url":"https:\/\/now-news.de\/de\/wp-content\/uploads\/sites\/3\/2024\/01\/quotParasitaere-Parteiquot-Soeder-will-Verbeamtung-von-AfDlern-verbieten.jpg","type":"image\/jpeg"}],"author":"rtnews","twitter_card":"summary_large_image","twitter_creator":"@WirMachenAuf_de","twitter_site":"@WirMachenAuf_de","twitter_misc":{"Verfasst von":"rtnews","Gesch\u00e4tzte Lesezeit":"2\u00a0Minuten"},"schema":{"@context":"https:\/\/schema.org","@graph":[{"@type":"Article","@id":"https:\/\/now-news.de\/de\/deutschland\/parasitaere-partei-soeder-will-verbeamtung-von-afdlern-verbieten\/#article","isPartOf":{"@id":"https:\/\/now-news.de\/de\/deutschland\/parasitaere-partei-soeder-will-verbeamtung-von-afdlern-verbieten\/"},"author":{"name":"rtnews","@id":"https:\/\/now-news.de\/de\/#\/schema\/person\/fb534a4e865501d8b3285208df34a9b5"},"headline":"&quot;Parasit\u00e4re Partei&quot;: S\u00f6der will Verbeamtung von AfDlern verbieten","datePublished":"2024-01-17T18:46:43+00:00","dateModified":"2024-01-17T18:46:43+00:00","mainEntityOfPage":{"@id":"https:\/\/now-news.de\/de\/deutschland\/parasitaere-partei-soeder-will-verbeamtung-von-afdlern-verbieten\/"},"wordCount":347,"commentCount":0,"publisher":{"@id":"https:\/\/now-news.de\/de\/#organization"},"image":{"@id":"https:\/\/now-news.de\/de\/deutschland\/parasitaere-partei-soeder-will-verbeamtung-von-afdlern-verbieten\/#primaryimage"},"thumbnailUrl":"https:\/\/now-news.de\/de\/wp-content\/uploads\/sites\/3\/2024\/01\/quotParasitaere-Parteiquot-Soeder-will-Verbeamtung-von-AfDlern-verbieten.jpg","keywords":["AfDlern","Parteiquot","quotParasit\u00e4re","S\u00f6der","Verbeamtung","verbieten","von"],"articleSection":["Deutschland","Russland"],"inLanguage":"de","potentialAction":[{"@type":"CommentAction","name":"Comment","target":["https:\/\/now-news.de\/de\/deutschland\/parasitaere-partei-soeder-will-verbeamtung-von-afdlern-verbieten\/#respond"]}]},{"@type":"WebPage","@id":"https:\/\/now-news.de\/de\/deutschland\/parasitaere-partei-soeder-will-verbeamtung-von-afdlern-verbieten\/","url":"https:\/\/now-news.de\/de\/deutschland\/parasitaere-partei-soeder-will-verbeamtung-von-afdlern-verbieten\/","name":"&quot;Parasit\u00e4re Partei&quot;: S\u00f6der will Verbeamtung von AfDlern verbieten - just-now.NEWS Deutschland","isPartOf":{"@id":"https:\/\/now-news.de\/de\/#website"},"primaryImageOfPage":{"@id":"https:\/\/now-news.de\/de\/deutschland\/parasitaere-partei-soeder-will-verbeamtung-von-afdlern-verbieten\/#primaryimage"},"image":{"@id":"https:\/\/now-news.de\/de\/deutschland\/parasitaere-partei-soeder-will-verbeamtung-von-afdlern-verbieten\/#primaryimage"},"thumbnailUrl":"https:\/\/now-news.de\/de\/wp-content\/uploads\/sites\/3\/2024\/01\/quotParasitaere-Parteiquot-Soeder-will-Verbeamtung-von-AfDlern-verbieten.jpg","datePublished":"2024-01-17T18:46:43+00:00","dateModified":"2024-01-17T18:46:43+00:00","breadcrumb":{"@id":"https:\/\/now-news.de\/de\/deutschland\/parasitaere-partei-soeder-will-verbeamtung-von-afdlern-verbieten\/#breadcrumb"},"inLanguage":"de","potentialAction":[{"@type":"ReadAction","target":["https:\/\/now-news.de\/de\/deutschland\/parasitaere-partei-soeder-will-verbeamtung-von-afdlern-verbieten\/"]}]},{"@type":"ImageObject","inLanguage":"de","@id":"https:\/\/now-news.de\/de\/deutschland\/parasitaere-partei-soeder-will-verbeamtung-von-afdlern-verbieten\/#primaryimage","url":"https:\/\/now-news.de\/de\/wp-content\/uploads\/sites\/3\/2024\/01\/quotParasitaere-Parteiquot-Soeder-will-Verbeamtung-von-AfDlern-verbieten.jpg","contentUrl":"https:\/\/now-news.de\/de\/wp-content\/uploads\/sites\/3\/2024\/01\/quotParasitaere-Parteiquot-Soeder-will-Verbeamtung-von-AfDlern-verbieten.jpg","width":460,"height":259,"caption":"&quot;Parasit\u00e4re Partei&quot;: S\u00f6der will Verbeamtung von AfDlern verbieten"},{"@type":"BreadcrumbList","@id":"https:\/\/now-news.de\/de\/deutschland\/parasitaere-partei-soeder-will-verbeamtung-von-afdlern-verbieten\/#breadcrumb","itemListElement":[{"@type":"ListItem","position":1,"name":"Home","item":"https:\/\/now-news.de\/de\/"},{"@type":"ListItem","position":2,"name":"&quot;Parasit\u00e4re Partei&quot;: S\u00f6der will Verbeamtung von AfDlern verbieten"}]},{"@type":"WebSite","@id":"https:\/\/now-news.de\/de\/#website","url":"https:\/\/now-news.de\/de\/","name":"just-now.NEWS Deutschland","description":"Das Portal f\u00fcr unzensierte Nachrichten aus der Welt","publisher":{"@id":"https:\/\/now-news.de\/de\/#organization"},"potentialAction":[{"@type":"SearchAction","target":{"@type":"EntryPoint","urlTemplate":"https:\/\/now-news.de\/de\/?s={search_term_string}"},"query-input":"required name=search_term_string"}],"inLanguage":"de"},{"@type":"Organization","@id":"https:\/\/now-news.de\/de\/#organization","name":"Just Now News","url":"https:\/\/now-news.de\/de\/","logo":{"@type":"ImageObject","inLanguage":"de","@id":"https:\/\/now-news.de\/de\/#\/schema\/logo\/image\/","url":"http:\/\/just-now.news\/de\/wp-content\/uploads\/sites\/3\/2022\/04\/logo500x500.jpg","contentUrl":"http:\/\/just-now.news\/de\/wp-content\/uploads\/sites\/3\/2022\/04\/logo500x500.jpg","width":500,"height":500,"caption":"Just Now News"},"image":{"@id":"https:\/\/now-news.de\/de\/#\/schema\/logo\/image\/"},"sameAs":["https:\/\/www.facebook.com\/wirmachenauf","https:\/\/x.com\/WirMachenAuf_de"]},{"@type":"Person","@id":"https:\/\/now-news.de\/de\/#\/schema\/person\/fb534a4e865501d8b3285208df34a9b5","name":"rtnews","image":{"@type":"ImageObject","inLanguage":"de","@id":"https:\/\/now-news.de\/de\/#\/schema\/person\/image\/","url":"https:\/\/secure.gravatar.com\/avatar\/82aafea7d8127119dd649515f56e2117?s=96&d=mm&r=g","contentUrl":"https:\/\/secure.gravatar.com\/avatar\/82aafea7d8127119dd649515f56e2117?s=96&d=mm&r=g","caption":"rtnews"},"url":"https:\/\/now-news.de\/de\/author\/rnews\/"}]}},"_links":{"self":[{"href":"https:\/\/now-news.de\/de\/wp-json\/wp\/v2\/posts\/53455"}],"collection":[{"href":"https:\/\/now-news.de\/de\/wp-json\/wp\/v2\/posts"}],"about":[{"href":"https:\/\/now-news.de\/de\/wp-json\/wp\/v2\/types\/post"}],"author":[{"embeddable":true,"href":"https:\/\/now-news.de\/de\/wp-json\/wp\/v2\/users\/3"}],"replies":[{"embeddable":true,"href":"https:\/\/now-news.de\/de\/wp-json\/wp\/v2\/comments?post=53455"}],"version-history":[{"count":0,"href":"https:\/\/now-news.de\/de\/wp-json\/wp\/v2\/posts\/53455\/revisions"}],"wp:featuredmedia":[{"embeddable":true,"href":"https:\/\/now-news.de\/de\/wp-json\/wp\/v2\/media\/53456"}],"wp:attachment":[{"href":"https:\/\/now-news.de\/de\/wp-json\/wp\/v2\/media?parent=53455"}],"wp:term":[{"taxonomy":"category","embeddable":true,"href":"https:\/\/now-news.de\/de\/wp-json\/wp\/v2\/categories?post=53455"},{"taxonomy":"post_tag","embeddable":true,"href":"https:\/\/now-news.de\/de\/wp-json\/wp\/v2\/tags?post=53455"}],"curies":[{"name":"wp","href":"https:\/\/api.w.org\/{rel}","templated":true}]}}