{"id":53435,"date":"2024-01-17T17:38:41","date_gmt":"2024-01-17T15:38:41","guid":{"rendered":"https:\/\/just-now.news\/de\/deutschland\/durchschnittsrente-kenn-ich-nicht-ricarda-lang-weit-weg-von-den-buergern\/"},"modified":"2024-01-17T17:38:41","modified_gmt":"2024-01-17T15:38:41","slug":"durchschnittsrente-kenn-ich-nicht-ricarda-lang-weit-weg-von-den-buergern","status":"publish","type":"post","link":"https:\/\/now-news.de\/de\/deutschland\/durchschnittsrente-kenn-ich-nicht-ricarda-lang-weit-weg-von-den-buergern\/","title":{"rendered":"&quot;Durchschnittsrente kenn ich nicht&quot; \u2013 Ricarda Lang weit weg von den B\u00fcrgern"},"content":{"rendered":"<p><img decoding=\"async\" src=\"http:\/\/just-now.news\/de\/wp-content\/uploads\/sites\/3\/2024\/01\/65a7f0e0b480cc282333495b.jpeg\" \/><\/p>\n<div class=\"Text-root Text-type_1 \">\n                Ricarda Lang, Bundesvorsitzende der Gr\u00fcnen, polarisiert und provoziert durch vermeintlich souver\u00e4ne Eigenpr\u00e4sentation in den Medien. Ihre j\u00fcngste Fehleinsch\u00e4tzung im &#8220;ZDF&#8221; zur H\u00f6he deutscher Durchschnittsrenten wird nun zum pers\u00f6nlichen Medien-GAU.\n            <\/div>\n<p><\/p>\n<div class=\"Text-root Text-type_5 ArticleView-text ViewText-root \">\n<p>In einem\u00a0<em>Focus<\/em>-Online-<a rel=\"nofollow noopener\" target=\"_blank\" href=\"https:\/\/www.focus.de\/finanzen\/altersvorsorge\/focus-online-interview-kuemmern-sich-die-gruenen-ueberhaupt-um-unsere-renten-frau-lang_id_193075280.html\">Interview<\/a> im Mai 2023 mit der Titel\u00fcberschrift: &#8220;K\u00fcmmern sich die Gr\u00fcnen \u00fcberhaupt um unsere Renten, Frau Lang?&#8221; pr\u00e4sentierte sich die\u00a0Bundesvorsitzende der Gr\u00fcnen in gewohnt selbstbewusster Manier als erkl\u00e4rende, vermeintliche inhaltliche Kennerin der angesprochenen Thematik. Knapp ein Jahr sp\u00e4ter war Lang mal wieder zu Gast in der <em>ZDF-<\/em><a rel=\"nofollow noopener\" target=\"_blank\" href=\"https:\/\/www.zdf.de\/gesellschaft\/markus-lanz\/markus-lanz-vom-16-januar-2024-100.html\">Talksendung<\/a>\u00a0&#8220;Markus Lanz&#8221;. Der Moderator konfrontierte die meist in sich ruhend wirkende &#8220;Berufspolitikerin&#8221; mit der schlichten Frage:<\/p>\n<blockquote>\n<p><em>&#8220;Wissen Sie ungef\u00e4hr: Wie hoch ist die Durchschnittsrente in Deutschland?&#8221;<\/em><\/p>\n<\/blockquote>\n<p>Frau Lang antwortete wortw\u00f6rtlich wie folgt, zusammenfassend zitiert mit den Nachfragen von Markus Lanz:<\/p>\n<p><em><strong>Lang:<\/strong> &#8220;Durchschnittsrente kenne ich tats\u00e4chlich nicht.&#8221;<\/em><\/p>\n<p><em><strong>Lanz:<\/strong> &#8220;Haben Sie eine Idee?&#8221;<\/em><\/p>\n<p><em><strong>Lang:<\/strong> &#8220;Nee, tats\u00e4chlich keine konkrete.&#8221;<\/em><\/p>\n<p><em><strong>Lanz:<\/strong> &#8220;Nur ungef\u00e4hr &#8230;&#8221;<\/em><\/p>\n<p><em><strong>Lang:<\/strong> &#8220;Ich w\u00fcrde davon ausgehen, dass wir\u00a0(kopfsch\u00fcttelnd abw\u00e4gend) um die 2.000 Euro liegen.&#8221;<\/em><\/p>\n<p>Der Moderator musste sie daraufhin korrigieren, je nach Blickwinkel belehren:<\/p>\n<blockquote>\n<p><em>&#8220;1.543 Euro. Nach 45 Jahren Arbeit. Ist das gerecht?&#8221;<\/em><\/p>\n<\/blockquote>\n<div class=\"EmbedBlock-root EmbedBlock-twitter\">\n<div class=\"TwitterEmbed\">\n<blockquote class=\"twitter-tweet lazyload\" data-twitter=\"twitter-tweet\" data-media-max-width=\"560\">\n<p lang=\"de\" dir=\"ltr\">Ricarda Lang und die Durchschnittsrente <a rel=\"nofollow noopener\" target=\"_blank\" href=\"https:\/\/t.co\/cjn6DBnnmS\">pic.twitter.com\/cjn6DBnnmS<\/a><\/p>\n<p>\u2014 _horizont_ (@hori_____zont) <a rel=\"nofollow noopener\" target=\"_blank\" href=\"https:\/\/twitter.com\/hori_____zont\/status\/1747573257325121927?ref_src=twsrc%5Etfw\">January 17, 2024<\/a><\/p><\/blockquote>\n<\/div>\n<\/div>\n<p>Frau Lang bemerkte immerhin, &#8220;das ist schon ein St\u00fcck geringer.&#8221; Die Antwort zum Thema Gerechtigkeit lautete kurz und knapp von ihr: &#8220;Nein.&#8221; Und auf die Nachfrage: &#8220;Was machen wir dagegen?&#8221; folgten nicht weiter erw\u00e4hnenswerte auswendiggelernte Politphrasen aus dem &#8220;Endloskatalog&#8221; spontaner und rechtfertigender Politikerantworten.<\/p>\n<p>Die Nachrichtenwebseite <em>Nius <\/em>berechnete f\u00fcr ihre Leser im Rahmen eines <a rel=\"nofollow noopener\" target=\"_blank\" href=\"https:\/\/www.nius.de\/News\/nach-irrer-aeusserung-zu-rentnern-das-sind-die-pensionsansprueche-von-ricarda-lang\/6d02293d-bc65-4505-8741-9ff0facc9cb9\">Artikels<\/a> zur Lanz-Sendung die rosigen Aussichten\u00a0f\u00fcr die Gr\u00fcnen-Politikerin:<\/p>\n<p><em>&#8220;Auf Grundlage der aktuellen Di\u00e4ten betr\u00e4gt ihr Jahresgehalt im Bundestag 120.154,68 Euro (zzgl. \u00fcppiger Pauschalen). Die Pensionsanspr\u00fcche von Lang berechnen sich wie folgt:<\/em><\/p>\n<ul>\n<li><em>Jahresdi\u00e4ten: 10.012,89 Euro \u00d7 12 Monate = 120.154,68 Euro.<\/em><\/li>\n<li><em>Pension pro Jahr im Bundestag (2,5 Prozent der Jahresdi\u00e4t): 120.154,68 Euro \u00d7 2,5 Prozent = 3.003,87 Euro.<\/em><\/li>\n<li><em>Pensionsanspruch nach vier Jahren: 3.003,87 Euro \u00d7 4 Jahre = 12.015,48 Euro pro Jahr.&#8221;<\/em><\/li>\n<\/ul>\n<p>Nach einer m\u00f6glichen realistischen vierj\u00e4hrigen\u00a0Anwesenheit im Bundestag, ausgehend von ausbleibenden Neuwahlen vor dem Jahr 2025,\u00a0w\u00fcrde Lang damit einen Pensionsanspruch &#8220;von rund 12.015,48 Euro pro Jahr&#8221; erlangen. Dies entspricht dann rund 1.000 Euro Rente f\u00fcr vier Jahre Mitgliedschaft im Parlament. Bei einer Mitgliedschaft von acht Jahren, also zwei Wahlperioden, so der <em>Nius<\/em>-Artikel darlegend, w\u00fcrde &#8220;dieser Anspruch auf etwa 24.030,96 Euro j\u00e4hrlich&#8221; ansteigen. Frau Lang w\u00fcrden damit dann rund 2.000 Euro Pension monatlich zustehen.<\/p>\n<p>Laut Deutscher Rentenversicherung <a rel=\"nofollow noopener\" target=\"_blank\" href=\"https:\/\/www.papershift.com\/blog\/so-viel-bruttoverdienst-ist-fuer-2000-euro-rente-noetig\">erhalten<\/a> nur 16,1 Prozent der M\u00e4nner und lediglich zwei Prozent der Frauen in Deutschland eine Rente von mehr als 1.800 Euro. Diese Summe bezogen auf jahrzehntelange harte t\u00e4gliche Arbeit, gleichlautende\u00a0Lohnh\u00f6hen und damit verbundene Einzahlungen in die Rentenkasse.\u00a0\u00a0<\/p>\n<p><strong>Mehr zum Thema &#8211; <\/strong><a rel=\"nofollow noopener\" target=\"_blank\" href=\"https:\/\/freedert.online\/meinung\/192861-ruestungswahn-frisst-sozialstaat-deutsche-maer\/\">R\u00fcstungswahn frisst Sozialstaat: Deutsche M\u00e4r von B\u00fcrgergeld-Explosion<\/a><\/p>\n<\/p>\n<\/div>\n<p><script async src=\"https:\/\/platform.twitter.com\/widgets.js\" charset=\"utf-8\"><\/script><br \/>\n<br \/><br \/>\n<br \/><a href=\"https:\/\/de.rt.com\/inland\/193078-ricarda-und-mediale-renten-gau\/\">Source link <\/a><\/p>\n","protected":false},"excerpt":{"rendered":"<p>Ricarda Lang, Bundesvorsitzende der Gr\u00fcnen, polarisiert und provoziert durch vermeintlich souver\u00e4ne Eigenpr\u00e4sentation in den Medien. Ihre j\u00fcngste Fehleinsch\u00e4tzung im &#8220;ZDF&#8221; zur H\u00f6he deutscher Durchschnittsrenten wird nun zum pers\u00f6nlichen Medien-GAU. In einem\u00a0Focus-Online-Interview im Mai 2023 mit der Titel\u00fcberschrift: &#8220;K\u00fcmmern sich die Gr\u00fcnen \u00fcberhaupt um unsere Renten, Frau Lang?&#8221; pr\u00e4sentierte sich die\u00a0Bundesvorsitzende der Gr\u00fcnen in gewohnt selbstbewusster [&hellip;]<\/p>\n","protected":false},"author":3,"featured_media":53436,"comment_status":"open","ping_status":"open","sticky":false,"template":"","format":"standard","meta":{"_yoast_indexnow_last_ping":["1705506573"],"wp_automatic_camp":["217"],"25c444f36f9e8a570c68ca45057748ec":["&quot;Durchschnittsrente kenn ich nicht&quot; \u2013 Ricarda Lang weit weg von den B\u00fcrgern"],"original_link":["https:\/\/de.rt.com\/inland\/193078-ricarda-und-mediale-renten-gau\/"],"_thumbnail_id":["53436"],"_wptgpro_p2tg_sent2tg":["a:1:{i:23737;s:19:\"2024-01-17 17:50:43\";}"],"jnews_social_counter_last_update":["1777538638"]},"categories":[19,23],"tags":[16803,48,410,52541,3655,19434,52540,32254,50,2404,15976],"yoast_head":"<!-- This site is optimized with the Yoast SEO Premium plugin v22.7 (Yoast SEO v22.7) - https:\/\/yoast.com\/wordpress\/plugins\/seo\/ -->\n<title>&quot;Durchschnittsrente kenn ich nicht&quot; \u2013 Ricarda Lang weit weg von den B\u00fcrgern - just-now.NEWS Deutschland<\/title>\n<meta name=\"robots\" content=\"index, follow, max-snippet:-1, max-image-preview:large, max-video-preview:-1\" \/>\n<link rel=\"canonical\" href=\"https:\/\/now-news.de\/de\/deutschland\/durchschnittsrente-kenn-ich-nicht-ricarda-lang-weit-weg-von-den-buergern\/\" \/>\n<meta property=\"og:locale\" content=\"de_DE\" \/>\n<meta property=\"og:type\" content=\"article\" \/>\n<meta property=\"og:title\" content=\"&quot;Durchschnittsrente kenn ich nicht&quot; \u2013 Ricarda Lang weit weg von den B\u00fcrgern\" \/>\n<meta property=\"og:description\" content=\"Ricarda Lang, Bundesvorsitzende der Gr\u00fcnen, polarisiert und provoziert durch vermeintlich souver\u00e4ne Eigenpr\u00e4sentation in den Medien. Ihre j\u00fcngste Fehleinsch\u00e4tzung im &#8220;ZDF&#8221; zur H\u00f6he deutscher Durchschnittsrenten wird nun zum pers\u00f6nlichen Medien-GAU. In einem\u00a0Focus-Online-Interview im Mai 2023 mit der Titel\u00fcberschrift: &#8220;K\u00fcmmern sich die Gr\u00fcnen \u00fcberhaupt um unsere Renten, Frau Lang?&#8221; pr\u00e4sentierte sich die\u00a0Bundesvorsitzende der Gr\u00fcnen in gewohnt selbstbewusster [&hellip;]\" \/>\n<meta property=\"og:url\" content=\"https:\/\/now-news.de\/de\/deutschland\/durchschnittsrente-kenn-ich-nicht-ricarda-lang-weit-weg-von-den-buergern\/\" \/>\n<meta property=\"og:site_name\" content=\"just-now.NEWS Deutschland\" \/>\n<meta property=\"article:publisher\" content=\"https:\/\/www.facebook.com\/wirmachenauf\" \/>\n<meta property=\"article:published_time\" content=\"2024-01-17T15:38:41+00:00\" \/>\n<meta property=\"og:image\" content=\"https:\/\/now-news.de\/de\/wp-content\/uploads\/sites\/3\/2024\/01\/quotDurchschnittsrente-kenn-ich-nichtquot-\u2013-Ricarda-Lang-weit-weg-von.jpeg\" \/>\n\t<meta property=\"og:image:width\" content=\"460\" \/>\n\t<meta property=\"og:image:height\" content=\"259\" \/>\n\t<meta property=\"og:image:type\" content=\"image\/jpeg\" \/>\n<meta name=\"author\" content=\"rtnews\" \/>\n<meta name=\"twitter:card\" content=\"summary_large_image\" \/>\n<meta name=\"twitter:creator\" content=\"@WirMachenAuf_de\" \/>\n<meta name=\"twitter:site\" content=\"@WirMachenAuf_de\" \/>\n<meta name=\"twitter:label1\" content=\"Verfasst von\" \/>\n\t<meta name=\"twitter:data1\" content=\"rtnews\" \/>\n\t<meta name=\"twitter:label2\" content=\"Gesch\u00e4tzte Lesezeit\" \/>\n\t<meta name=\"twitter:data2\" content=\"2\u00a0Minuten\" \/>\n<script type=\"application\/ld+json\" class=\"yoast-schema-graph\">{\"@context\":\"https:\/\/schema.org\",\"@graph\":[{\"@type\":\"Article\",\"@id\":\"https:\/\/now-news.de\/de\/deutschland\/durchschnittsrente-kenn-ich-nicht-ricarda-lang-weit-weg-von-den-buergern\/#article\",\"isPartOf\":{\"@id\":\"https:\/\/now-news.de\/de\/deutschland\/durchschnittsrente-kenn-ich-nicht-ricarda-lang-weit-weg-von-den-buergern\/\"},\"author\":{\"name\":\"rtnews\",\"@id\":\"https:\/\/now-news.de\/de\/#\/schema\/person\/fb534a4e865501d8b3285208df34a9b5\"},\"headline\":\"&quot;Durchschnittsrente kenn ich nicht&quot; \u2013 Ricarda Lang weit weg von den B\u00fcrgern\",\"datePublished\":\"2024-01-17T15:38:41+00:00\",\"dateModified\":\"2024-01-17T15:38:41+00:00\",\"mainEntityOfPage\":{\"@id\":\"https:\/\/now-news.de\/de\/deutschland\/durchschnittsrente-kenn-ich-nicht-ricarda-lang-weit-weg-von-den-buergern\/\"},\"wordCount\":471,\"commentCount\":0,\"publisher\":{\"@id\":\"https:\/\/now-news.de\/de\/#organization\"},\"image\":{\"@id\":\"https:\/\/now-news.de\/de\/deutschland\/durchschnittsrente-kenn-ich-nicht-ricarda-lang-weit-weg-von-den-buergern\/#primaryimage\"},\"thumbnailUrl\":\"https:\/\/now-news.de\/de\/wp-content\/uploads\/sites\/3\/2024\/01\/quotDurchschnittsrente-kenn-ich-nichtquot-\u2013-Ricarda-Lang-weit-weg-von.jpeg\",\"keywords\":[\"B\u00fcrgern\",\"den\",\"Ich\",\"kenn\",\"lang\",\"nichtquot\",\"quotDurchschnittsrente\",\"Ricarda\",\"von\",\"Weg\",\"weit\"],\"articleSection\":[\"Deutschland\",\"Russland\"],\"inLanguage\":\"de\",\"potentialAction\":[{\"@type\":\"CommentAction\",\"name\":\"Comment\",\"target\":[\"https:\/\/now-news.de\/de\/deutschland\/durchschnittsrente-kenn-ich-nicht-ricarda-lang-weit-weg-von-den-buergern\/#respond\"]}]},{\"@type\":\"WebPage\",\"@id\":\"https:\/\/now-news.de\/de\/deutschland\/durchschnittsrente-kenn-ich-nicht-ricarda-lang-weit-weg-von-den-buergern\/\",\"url\":\"https:\/\/now-news.de\/de\/deutschland\/durchschnittsrente-kenn-ich-nicht-ricarda-lang-weit-weg-von-den-buergern\/\",\"name\":\"&quot;Durchschnittsrente kenn ich nicht&quot; \u2013 Ricarda Lang weit weg von den B\u00fcrgern - just-now.NEWS Deutschland\",\"isPartOf\":{\"@id\":\"https:\/\/now-news.de\/de\/#website\"},\"primaryImageOfPage\":{\"@id\":\"https:\/\/now-news.de\/de\/deutschland\/durchschnittsrente-kenn-ich-nicht-ricarda-lang-weit-weg-von-den-buergern\/#primaryimage\"},\"image\":{\"@id\":\"https:\/\/now-news.de\/de\/deutschland\/durchschnittsrente-kenn-ich-nicht-ricarda-lang-weit-weg-von-den-buergern\/#primaryimage\"},\"thumbnailUrl\":\"https:\/\/now-news.de\/de\/wp-content\/uploads\/sites\/3\/2024\/01\/quotDurchschnittsrente-kenn-ich-nichtquot-\u2013-Ricarda-Lang-weit-weg-von.jpeg\",\"datePublished\":\"2024-01-17T15:38:41+00:00\",\"dateModified\":\"2024-01-17T15:38:41+00:00\",\"breadcrumb\":{\"@id\":\"https:\/\/now-news.de\/de\/deutschland\/durchschnittsrente-kenn-ich-nicht-ricarda-lang-weit-weg-von-den-buergern\/#breadcrumb\"},\"inLanguage\":\"de\",\"potentialAction\":[{\"@type\":\"ReadAction\",\"target\":[\"https:\/\/now-news.de\/de\/deutschland\/durchschnittsrente-kenn-ich-nicht-ricarda-lang-weit-weg-von-den-buergern\/\"]}]},{\"@type\":\"ImageObject\",\"inLanguage\":\"de\",\"@id\":\"https:\/\/now-news.de\/de\/deutschland\/durchschnittsrente-kenn-ich-nicht-ricarda-lang-weit-weg-von-den-buergern\/#primaryimage\",\"url\":\"https:\/\/now-news.de\/de\/wp-content\/uploads\/sites\/3\/2024\/01\/quotDurchschnittsrente-kenn-ich-nichtquot-\u2013-Ricarda-Lang-weit-weg-von.jpeg\",\"contentUrl\":\"https:\/\/now-news.de\/de\/wp-content\/uploads\/sites\/3\/2024\/01\/quotDurchschnittsrente-kenn-ich-nichtquot-\u2013-Ricarda-Lang-weit-weg-von.jpeg\",\"width\":460,\"height\":259,\"caption\":\"&quot;Durchschnittsrente kenn ich nicht&quot; \u2013 Ricarda Lang weit weg von den B\u00fcrgern\"},{\"@type\":\"BreadcrumbList\",\"@id\":\"https:\/\/now-news.de\/de\/deutschland\/durchschnittsrente-kenn-ich-nicht-ricarda-lang-weit-weg-von-den-buergern\/#breadcrumb\",\"itemListElement\":[{\"@type\":\"ListItem\",\"position\":1,\"name\":\"Home\",\"item\":\"https:\/\/now-news.de\/de\/\"},{\"@type\":\"ListItem\",\"position\":2,\"name\":\"&quot;Durchschnittsrente kenn ich nicht&quot; \u2013 Ricarda Lang weit weg von den B\u00fcrgern\"}]},{\"@type\":\"WebSite\",\"@id\":\"https:\/\/now-news.de\/de\/#website\",\"url\":\"https:\/\/now-news.de\/de\/\",\"name\":\"just-now.NEWS Deutschland\",\"description\":\"Das Portal f\u00fcr unzensierte Nachrichten aus der Welt\",\"publisher\":{\"@id\":\"https:\/\/now-news.de\/de\/#organization\"},\"potentialAction\":[{\"@type\":\"SearchAction\",\"target\":{\"@type\":\"EntryPoint\",\"urlTemplate\":\"https:\/\/now-news.de\/de\/?s={search_term_string}\"},\"query-input\":\"required name=search_term_string\"}],\"inLanguage\":\"de\"},{\"@type\":\"Organization\",\"@id\":\"https:\/\/now-news.de\/de\/#organization\",\"name\":\"Just Now News\",\"url\":\"https:\/\/now-news.de\/de\/\",\"logo\":{\"@type\":\"ImageObject\",\"inLanguage\":\"de\",\"@id\":\"https:\/\/now-news.de\/de\/#\/schema\/logo\/image\/\",\"url\":\"http:\/\/just-now.news\/de\/wp-content\/uploads\/sites\/3\/2022\/04\/logo500x500.jpg\",\"contentUrl\":\"http:\/\/just-now.news\/de\/wp-content\/uploads\/sites\/3\/2022\/04\/logo500x500.jpg\",\"width\":500,\"height\":500,\"caption\":\"Just Now News\"},\"image\":{\"@id\":\"https:\/\/now-news.de\/de\/#\/schema\/logo\/image\/\"},\"sameAs\":[\"https:\/\/www.facebook.com\/wirmachenauf\",\"https:\/\/x.com\/WirMachenAuf_de\"]},{\"@type\":\"Person\",\"@id\":\"https:\/\/now-news.de\/de\/#\/schema\/person\/fb534a4e865501d8b3285208df34a9b5\",\"name\":\"rtnews\",\"image\":{\"@type\":\"ImageObject\",\"inLanguage\":\"de\",\"@id\":\"https:\/\/now-news.de\/de\/#\/schema\/person\/image\/\",\"url\":\"https:\/\/secure.gravatar.com\/avatar\/82aafea7d8127119dd649515f56e2117?s=96&d=mm&r=g\",\"contentUrl\":\"https:\/\/secure.gravatar.com\/avatar\/82aafea7d8127119dd649515f56e2117?s=96&d=mm&r=g\",\"caption\":\"rtnews\"},\"url\":\"https:\/\/now-news.de\/de\/author\/rnews\/\"}]}<\/script>\n<!-- \/ Yoast SEO Premium plugin. -->","yoast_head_json":{"title":"&quot;Durchschnittsrente kenn ich nicht&quot; \u2013 Ricarda Lang weit weg von den B\u00fcrgern - just-now.NEWS Deutschland","robots":{"index":"index","follow":"follow","max-snippet":"max-snippet:-1","max-image-preview":"max-image-preview:large","max-video-preview":"max-video-preview:-1"},"canonical":"https:\/\/now-news.de\/de\/deutschland\/durchschnittsrente-kenn-ich-nicht-ricarda-lang-weit-weg-von-den-buergern\/","og_locale":"de_DE","og_type":"article","og_title":"&quot;Durchschnittsrente kenn ich nicht&quot; \u2013 Ricarda Lang weit weg von den B\u00fcrgern","og_description":"Ricarda Lang, Bundesvorsitzende der Gr\u00fcnen, polarisiert und provoziert durch vermeintlich souver\u00e4ne Eigenpr\u00e4sentation in den Medien. Ihre j\u00fcngste Fehleinsch\u00e4tzung im &#8220;ZDF&#8221; zur H\u00f6he deutscher Durchschnittsrenten wird nun zum pers\u00f6nlichen Medien-GAU. In einem\u00a0Focus-Online-Interview im Mai 2023 mit der Titel\u00fcberschrift: &#8220;K\u00fcmmern sich die Gr\u00fcnen \u00fcberhaupt um unsere Renten, Frau Lang?&#8221; pr\u00e4sentierte sich die\u00a0Bundesvorsitzende der Gr\u00fcnen in gewohnt selbstbewusster [&hellip;]","og_url":"https:\/\/now-news.de\/de\/deutschland\/durchschnittsrente-kenn-ich-nicht-ricarda-lang-weit-weg-von-den-buergern\/","og_site_name":"just-now.NEWS Deutschland","article_publisher":"https:\/\/www.facebook.com\/wirmachenauf","article_published_time":"2024-01-17T15:38:41+00:00","og_image":[{"width":460,"height":259,"url":"https:\/\/now-news.de\/de\/wp-content\/uploads\/sites\/3\/2024\/01\/quotDurchschnittsrente-kenn-ich-nichtquot-\u2013-Ricarda-Lang-weit-weg-von.jpeg","type":"image\/jpeg"}],"author":"rtnews","twitter_card":"summary_large_image","twitter_creator":"@WirMachenAuf_de","twitter_site":"@WirMachenAuf_de","twitter_misc":{"Verfasst von":"rtnews","Gesch\u00e4tzte Lesezeit":"2\u00a0Minuten"},"schema":{"@context":"https:\/\/schema.org","@graph":[{"@type":"Article","@id":"https:\/\/now-news.de\/de\/deutschland\/durchschnittsrente-kenn-ich-nicht-ricarda-lang-weit-weg-von-den-buergern\/#article","isPartOf":{"@id":"https:\/\/now-news.de\/de\/deutschland\/durchschnittsrente-kenn-ich-nicht-ricarda-lang-weit-weg-von-den-buergern\/"},"author":{"name":"rtnews","@id":"https:\/\/now-news.de\/de\/#\/schema\/person\/fb534a4e865501d8b3285208df34a9b5"},"headline":"&quot;Durchschnittsrente kenn ich nicht&quot; \u2013 Ricarda Lang weit weg von den B\u00fcrgern","datePublished":"2024-01-17T15:38:41+00:00","dateModified":"2024-01-17T15:38:41+00:00","mainEntityOfPage":{"@id":"https:\/\/now-news.de\/de\/deutschland\/durchschnittsrente-kenn-ich-nicht-ricarda-lang-weit-weg-von-den-buergern\/"},"wordCount":471,"commentCount":0,"publisher":{"@id":"https:\/\/now-news.de\/de\/#organization"},"image":{"@id":"https:\/\/now-news.de\/de\/deutschland\/durchschnittsrente-kenn-ich-nicht-ricarda-lang-weit-weg-von-den-buergern\/#primaryimage"},"thumbnailUrl":"https:\/\/now-news.de\/de\/wp-content\/uploads\/sites\/3\/2024\/01\/quotDurchschnittsrente-kenn-ich-nichtquot-\u2013-Ricarda-Lang-weit-weg-von.jpeg","keywords":["B\u00fcrgern","den","Ich","kenn","lang","nichtquot","quotDurchschnittsrente","Ricarda","von","Weg","weit"],"articleSection":["Deutschland","Russland"],"inLanguage":"de","potentialAction":[{"@type":"CommentAction","name":"Comment","target":["https:\/\/now-news.de\/de\/deutschland\/durchschnittsrente-kenn-ich-nicht-ricarda-lang-weit-weg-von-den-buergern\/#respond"]}]},{"@type":"WebPage","@id":"https:\/\/now-news.de\/de\/deutschland\/durchschnittsrente-kenn-ich-nicht-ricarda-lang-weit-weg-von-den-buergern\/","url":"https:\/\/now-news.de\/de\/deutschland\/durchschnittsrente-kenn-ich-nicht-ricarda-lang-weit-weg-von-den-buergern\/","name":"&quot;Durchschnittsrente kenn ich nicht&quot; \u2013 Ricarda Lang weit weg von den B\u00fcrgern - just-now.NEWS Deutschland","isPartOf":{"@id":"https:\/\/now-news.de\/de\/#website"},"primaryImageOfPage":{"@id":"https:\/\/now-news.de\/de\/deutschland\/durchschnittsrente-kenn-ich-nicht-ricarda-lang-weit-weg-von-den-buergern\/#primaryimage"},"image":{"@id":"https:\/\/now-news.de\/de\/deutschland\/durchschnittsrente-kenn-ich-nicht-ricarda-lang-weit-weg-von-den-buergern\/#primaryimage"},"thumbnailUrl":"https:\/\/now-news.de\/de\/wp-content\/uploads\/sites\/3\/2024\/01\/quotDurchschnittsrente-kenn-ich-nichtquot-\u2013-Ricarda-Lang-weit-weg-von.jpeg","datePublished":"2024-01-17T15:38:41+00:00","dateModified":"2024-01-17T15:38:41+00:00","breadcrumb":{"@id":"https:\/\/now-news.de\/de\/deutschland\/durchschnittsrente-kenn-ich-nicht-ricarda-lang-weit-weg-von-den-buergern\/#breadcrumb"},"inLanguage":"de","potentialAction":[{"@type":"ReadAction","target":["https:\/\/now-news.de\/de\/deutschland\/durchschnittsrente-kenn-ich-nicht-ricarda-lang-weit-weg-von-den-buergern\/"]}]},{"@type":"ImageObject","inLanguage":"de","@id":"https:\/\/now-news.de\/de\/deutschland\/durchschnittsrente-kenn-ich-nicht-ricarda-lang-weit-weg-von-den-buergern\/#primaryimage","url":"https:\/\/now-news.de\/de\/wp-content\/uploads\/sites\/3\/2024\/01\/quotDurchschnittsrente-kenn-ich-nichtquot-\u2013-Ricarda-Lang-weit-weg-von.jpeg","contentUrl":"https:\/\/now-news.de\/de\/wp-content\/uploads\/sites\/3\/2024\/01\/quotDurchschnittsrente-kenn-ich-nichtquot-\u2013-Ricarda-Lang-weit-weg-von.jpeg","width":460,"height":259,"caption":"&quot;Durchschnittsrente kenn ich nicht&quot; \u2013 Ricarda Lang weit weg von den B\u00fcrgern"},{"@type":"BreadcrumbList","@id":"https:\/\/now-news.de\/de\/deutschland\/durchschnittsrente-kenn-ich-nicht-ricarda-lang-weit-weg-von-den-buergern\/#breadcrumb","itemListElement":[{"@type":"ListItem","position":1,"name":"Home","item":"https:\/\/now-news.de\/de\/"},{"@type":"ListItem","position":2,"name":"&quot;Durchschnittsrente kenn ich nicht&quot; \u2013 Ricarda Lang weit weg von den B\u00fcrgern"}]},{"@type":"WebSite","@id":"https:\/\/now-news.de\/de\/#website","url":"https:\/\/now-news.de\/de\/","name":"just-now.NEWS Deutschland","description":"Das Portal f\u00fcr unzensierte Nachrichten aus der Welt","publisher":{"@id":"https:\/\/now-news.de\/de\/#organization"},"potentialAction":[{"@type":"SearchAction","target":{"@type":"EntryPoint","urlTemplate":"https:\/\/now-news.de\/de\/?s={search_term_string}"},"query-input":"required name=search_term_string"}],"inLanguage":"de"},{"@type":"Organization","@id":"https:\/\/now-news.de\/de\/#organization","name":"Just Now News","url":"https:\/\/now-news.de\/de\/","logo":{"@type":"ImageObject","inLanguage":"de","@id":"https:\/\/now-news.de\/de\/#\/schema\/logo\/image\/","url":"http:\/\/just-now.news\/de\/wp-content\/uploads\/sites\/3\/2022\/04\/logo500x500.jpg","contentUrl":"http:\/\/just-now.news\/de\/wp-content\/uploads\/sites\/3\/2022\/04\/logo500x500.jpg","width":500,"height":500,"caption":"Just Now News"},"image":{"@id":"https:\/\/now-news.de\/de\/#\/schema\/logo\/image\/"},"sameAs":["https:\/\/www.facebook.com\/wirmachenauf","https:\/\/x.com\/WirMachenAuf_de"]},{"@type":"Person","@id":"https:\/\/now-news.de\/de\/#\/schema\/person\/fb534a4e865501d8b3285208df34a9b5","name":"rtnews","image":{"@type":"ImageObject","inLanguage":"de","@id":"https:\/\/now-news.de\/de\/#\/schema\/person\/image\/","url":"https:\/\/secure.gravatar.com\/avatar\/82aafea7d8127119dd649515f56e2117?s=96&d=mm&r=g","contentUrl":"https:\/\/secure.gravatar.com\/avatar\/82aafea7d8127119dd649515f56e2117?s=96&d=mm&r=g","caption":"rtnews"},"url":"https:\/\/now-news.de\/de\/author\/rnews\/"}]}},"_links":{"self":[{"href":"https:\/\/now-news.de\/de\/wp-json\/wp\/v2\/posts\/53435"}],"collection":[{"href":"https:\/\/now-news.de\/de\/wp-json\/wp\/v2\/posts"}],"about":[{"href":"https:\/\/now-news.de\/de\/wp-json\/wp\/v2\/types\/post"}],"author":[{"embeddable":true,"href":"https:\/\/now-news.de\/de\/wp-json\/wp\/v2\/users\/3"}],"replies":[{"embeddable":true,"href":"https:\/\/now-news.de\/de\/wp-json\/wp\/v2\/comments?post=53435"}],"version-history":[{"count":0,"href":"https:\/\/now-news.de\/de\/wp-json\/wp\/v2\/posts\/53435\/revisions"}],"wp:featuredmedia":[{"embeddable":true,"href":"https:\/\/now-news.de\/de\/wp-json\/wp\/v2\/media\/53436"}],"wp:attachment":[{"href":"https:\/\/now-news.de\/de\/wp-json\/wp\/v2\/media?parent=53435"}],"wp:term":[{"taxonomy":"category","embeddable":true,"href":"https:\/\/now-news.de\/de\/wp-json\/wp\/v2\/categories?post=53435"},{"taxonomy":"post_tag","embeddable":true,"href":"https:\/\/now-news.de\/de\/wp-json\/wp\/v2\/tags?post=53435"}],"curies":[{"name":"wp","href":"https:\/\/api.w.org\/{rel}","templated":true}]}}