{"id":5343,"date":"2022-04-28T10:17:36","date_gmt":"2022-04-28T08:17:36","guid":{"rendered":"http:\/\/just-now.news\/de\/great-reset\/greatvideos\/czy-schwab-ma-racje-kapitalizm-interesariuszy-niebezpieczna-wizja\/"},"modified":"2022-04-28T10:17:36","modified_gmt":"2022-04-28T08:17:36","slug":"czy-schwab-ma-racje-kapitalizm-interesariuszy-niebezpieczna-wizja","status":"publish","type":"post","link":"https:\/\/now-news.de\/de\/great-reset\/greatvideos\/czy-schwab-ma-racje-kapitalizm-interesariuszy-niebezpieczna-wizja\/","title":{"rendered":"Czy Schwab ma racj\u0119? Kapitalizm interesariuszy. Niebezpieczna wizja"},"content":{"rendered":"<p><iframe loading=\"lazy\"  width=\"580\" height=\"385\" src=\"https:\/\/www.youtube.com\/embed\/4NPmtU6-_Mc?modestbranding=1\" frameborder=\"0\" allowfullscreen><\/iframe><br \/>\n<br \/>???? Zapraszamy na debat\u0119 Warsaw Enterprise Institute ,,Czy Schwab ma racj\u0119? Kapitalizm interesariuszy. Niebezpieczna wizja.&#8221;<\/p>\n<p>???? Pandemia COVID-19 sta\u0142a si\u0119 silnym bod\u017acem do krytyki gospodarki rynkowej. Kapitalizm akcjonariuszy, czyli w\u0142a\u015bcicieli, ma zast\u0105pi\u0107 promowany przez Klausa Schwaba, tw\u00f3rc\u0119 \u015awiatowego Forum Ekonomicznego w Davos kapitalizm, interesariuszy. Jest on &#8220;&#8230;form\u0105 kapitalizmu, w kt\u00f3rej przedsi\u0119biorstwa nie tylko optymalizuj\u0105 kr\u00f3tkoterminowe zyski dla akcjonariuszy, ale d\u0105\u017c\u0105 do tworzenia d\u0142ugoterminowej warto\u015bci, bior\u0105c pod uwag\u0119 potrzeby wszystkich swoich interesariuszy i og\u00f3\u0142u spo\u0142ecze\u0144stwa&#8221; Kt\u00f3\u017c nie zgodzi si\u0119 z tak\u0105 deklaracj\u0105? Wydaje si\u0119 niekontrowersyjna, ale tylko pozornie. Tak\u0105 form\u0119 kapitalizmu wdra\u017ca\u0107 mia\u0142yby rz\u0105dy z pomoc\u0105 mechanizm\u00f3w regulacyjnych promuj\u0105cych pozafinansowe kryteria oceny dzia\u0142ania firmy: ESG (Environmental, Social, Governance). Jak przekonuje Damian Olko w specjalnym raporcie wdro\u017cenie takich mechanizm\u00f3w mo\u017ce prze\u0142o\u017cy\u0107 si\u0119 na:<br \/>\n&#8211; ni\u017cszy wzrost gospodarczy, a w konsekwencji ni\u017csze wynagrodzenia pracownik\u00f3w i zyski w sektorze firm oraz ni\u017csze wp\u0142ywy podatkowe,<br \/>\n&#8211; wy\u017csze ceny d\u00f3br i us\u0142ug wskutek og\u00f3lnego wzrostu koszt\u00f3w i ryzyka prowadzenia dzia\u0142alno\u015bci gospodarczej, ograniczenia bod\u017ac\u00f3w rynkowych sprzyjaj\u0105cych efektywnemu wykorzystaniu zasob\u00f3w oraz os\u0142abieniu ochrony w\u0142asno\u015bci, zasad r\u00f3wnej konkurencji i swobody dzia\u0142alno\u015bci gospodarcze<br \/>\n&#8211; zwi\u0119kszenie zakresu w\u0142adzy politycznej nad sektorem prywatnym, zar\u00f3wno w spos\u00f3b bezpo\u015bredni wskutek os\u0142abienia sektora prywatnego, jak i przez \u201elewarowanie\u201d si\u0119 decydent\u00f3w politycznych poprzez wykorzystywanie innych interesariuszy do realizacji cel\u00f3w politycznych,<br \/>\n&#8211; stworzenie warunk\u00f3w do zwi\u0119kszenia zakresu i si\u0142y niejasnych powi\u0105za\u0144 mi\u0119dzy sektorem prywatnym, publicznym a innymi interesariuszami, co mo\u017ce zwi\u0119kszy\u0107 dysfunkcje, \u0142\u0105cznie z \u0142amaniem przepis\u00f3w prawa w procesie tworzenia akt\u00f3w prawnych i wydawaniu decyzji przez organy publiczne<br \/>\n<br \/><a href=\"https:\/\/www.youtube.com\/watch?v=4NPmtU6-_Mc\">source<\/a><\/p>\n","protected":false},"excerpt":{"rendered":"<p>???? Zapraszamy na debat\u0119 Warsaw Enterprise Institute ,,Czy Schwab ma racj\u0119? Kapitalizm interesariuszy. Niebezpieczna wizja.&#8221; ???? Pandemia COVID-19 sta\u0142a si\u0119 silnym bod\u017acem do krytyki gospodarki rynkowej. Kapitalizm akcjonariuszy, czyli w\u0142a\u015bcicieli, ma zast\u0105pi\u0107 promowany przez Klausa Schwaba, tw\u00f3rc\u0119 \u015awiatowego Forum Ekonomicznego w Davos kapitalizm, interesariuszy. Jest on &#8220;&#8230;form\u0105 kapitalizmu, w kt\u00f3rej przedsi\u0119biorstwa nie tylko optymalizuj\u0105 kr\u00f3tkoterminowe [&hellip;]<\/p>\n","protected":false},"author":5,"featured_media":5344,"comment_status":"open","ping_status":"open","sticky":false,"template":"","format":"standard","meta":{"wp_automatic_camp":["168"],"d9b2c689c07bc5f535f6f4e9868724e2":["Czy Schwab ma racj\u0119? Kapitalizm interesariuszy. Niebezpieczna wizja"],"original_link":["https:\/\/www.youtube.com\/watch?v=4NPmtU6-_Mc"],"_thumbnail_id":["5344"],"wp_automatic_remove_first_image":["yes"],"jnews_social_counter_last_update":["1777366764"]},"categories":[53],"tags":[12188,13522,8508,14987,14986,58,14988],"yoast_head":"<!-- This site is optimized with the Yoast SEO Premium plugin v22.7 (Yoast SEO v22.7) - https:\/\/yoast.com\/wordpress\/plugins\/seo\/ -->\n<title>Czy Schwab ma racj\u0119? Kapitalizm interesariuszy. Niebezpieczna wizja - just-now.NEWS Deutschland<\/title>\n<meta name=\"robots\" content=\"index, follow, max-snippet:-1, max-image-preview:large, max-video-preview:-1\" \/>\n<link rel=\"canonical\" href=\"https:\/\/now-news.de\/de\/great-reset\/greatvideos\/czy-schwab-ma-racje-kapitalizm-interesariuszy-niebezpieczna-wizja\/\" \/>\n<meta property=\"og:locale\" content=\"de_DE\" \/>\n<meta property=\"og:type\" content=\"article\" \/>\n<meta property=\"og:title\" content=\"Czy Schwab ma racj\u0119? Kapitalizm interesariuszy. Niebezpieczna wizja\" \/>\n<meta property=\"og:description\" content=\"???? Zapraszamy na debat\u0119 Warsaw Enterprise Institute ,,Czy Schwab ma racj\u0119? Kapitalizm interesariuszy. Niebezpieczna wizja.&#8221; ???? Pandemia COVID-19 sta\u0142a si\u0119 silnym bod\u017acem do krytyki gospodarki rynkowej. Kapitalizm akcjonariuszy, czyli w\u0142a\u015bcicieli, ma zast\u0105pi\u0107 promowany przez Klausa Schwaba, tw\u00f3rc\u0119 \u015awiatowego Forum Ekonomicznego w Davos kapitalizm, interesariuszy. Jest on &#8220;&#8230;form\u0105 kapitalizmu, w kt\u00f3rej przedsi\u0119biorstwa nie tylko optymalizuj\u0105 kr\u00f3tkoterminowe [&hellip;]\" \/>\n<meta property=\"og:url\" content=\"https:\/\/now-news.de\/de\/great-reset\/greatvideos\/czy-schwab-ma-racje-kapitalizm-interesariuszy-niebezpieczna-wizja\/\" \/>\n<meta property=\"og:site_name\" content=\"just-now.NEWS Deutschland\" \/>\n<meta property=\"article:publisher\" content=\"https:\/\/www.facebook.com\/wirmachenauf\" \/>\n<meta property=\"article:published_time\" content=\"2022-04-28T08:17:36+00:00\" \/>\n<meta property=\"og:image\" content=\"https:\/\/now-news.de\/de\/wp-content\/uploads\/sites\/3\/2022\/04\/Czy-Schwab-ma-racje-Kapitalizm-interesariuszy-Niebezpieczna-wizja.jpg\" \/>\n\t<meta property=\"og:image:width\" content=\"1280\" \/>\n\t<meta property=\"og:image:height\" content=\"720\" \/>\n\t<meta property=\"og:image:type\" content=\"image\/jpeg\" \/>\n<meta name=\"author\" content=\"greatreset\" \/>\n<meta name=\"twitter:card\" content=\"summary_large_image\" \/>\n<meta name=\"twitter:creator\" content=\"@WirMachenAuf_de\" \/>\n<meta name=\"twitter:site\" content=\"@WirMachenAuf_de\" \/>\n<meta name=\"twitter:label1\" content=\"Verfasst von\" \/>\n\t<meta name=\"twitter:data1\" content=\"greatreset\" \/>\n\t<meta name=\"twitter:label2\" content=\"Gesch\u00e4tzte Lesezeit\" \/>\n\t<meta name=\"twitter:data2\" content=\"2\u00a0Minuten\" \/>\n<script type=\"application\/ld+json\" class=\"yoast-schema-graph\">{\"@context\":\"https:\/\/schema.org\",\"@graph\":[{\"@type\":\"Article\",\"@id\":\"https:\/\/now-news.de\/de\/great-reset\/greatvideos\/czy-schwab-ma-racje-kapitalizm-interesariuszy-niebezpieczna-wizja\/#article\",\"isPartOf\":{\"@id\":\"https:\/\/now-news.de\/de\/great-reset\/greatvideos\/czy-schwab-ma-racje-kapitalizm-interesariuszy-niebezpieczna-wizja\/\"},\"author\":{\"name\":\"greatreset\",\"@id\":\"https:\/\/now-news.de\/de\/#\/schema\/person\/8afb4cd92b68572db7902c13a349ffcb\"},\"headline\":\"Czy Schwab ma racj\u0119? Kapitalizm interesariuszy. Niebezpieczna wizja\",\"datePublished\":\"2022-04-28T08:17:36+00:00\",\"dateModified\":\"2022-04-28T08:17:36+00:00\",\"mainEntityOfPage\":{\"@id\":\"https:\/\/now-news.de\/de\/great-reset\/greatvideos\/czy-schwab-ma-racje-kapitalizm-interesariuszy-niebezpieczna-wizja\/\"},\"wordCount\":313,\"commentCount\":0,\"publisher\":{\"@id\":\"https:\/\/now-news.de\/de\/#organization\"},\"image\":{\"@id\":\"https:\/\/now-news.de\/de\/great-reset\/greatvideos\/czy-schwab-ma-racje-kapitalizm-interesariuszy-niebezpieczna-wizja\/#primaryimage\"},\"thumbnailUrl\":\"https:\/\/now-news.de\/de\/wp-content\/uploads\/sites\/3\/2022\/04\/Czy-Schwab-ma-racje-Kapitalizm-interesariuszy-Niebezpieczna-wizja.jpg\",\"keywords\":[\"Czy\",\"interesariuszy\",\"Kapitalizm\",\"Niebezpieczna\",\"racj\u0119\",\"Schwab\",\"wizja\"],\"articleSection\":[\"GreatVideos\"],\"inLanguage\":\"de\",\"potentialAction\":[{\"@type\":\"CommentAction\",\"name\":\"Comment\",\"target\":[\"https:\/\/now-news.de\/de\/great-reset\/greatvideos\/czy-schwab-ma-racje-kapitalizm-interesariuszy-niebezpieczna-wizja\/#respond\"]}]},{\"@type\":\"WebPage\",\"@id\":\"https:\/\/now-news.de\/de\/great-reset\/greatvideos\/czy-schwab-ma-racje-kapitalizm-interesariuszy-niebezpieczna-wizja\/\",\"url\":\"https:\/\/now-news.de\/de\/great-reset\/greatvideos\/czy-schwab-ma-racje-kapitalizm-interesariuszy-niebezpieczna-wizja\/\",\"name\":\"Czy Schwab ma racj\u0119? Kapitalizm interesariuszy. Niebezpieczna wizja - just-now.NEWS Deutschland\",\"isPartOf\":{\"@id\":\"https:\/\/now-news.de\/de\/#website\"},\"primaryImageOfPage\":{\"@id\":\"https:\/\/now-news.de\/de\/great-reset\/greatvideos\/czy-schwab-ma-racje-kapitalizm-interesariuszy-niebezpieczna-wizja\/#primaryimage\"},\"image\":{\"@id\":\"https:\/\/now-news.de\/de\/great-reset\/greatvideos\/czy-schwab-ma-racje-kapitalizm-interesariuszy-niebezpieczna-wizja\/#primaryimage\"},\"thumbnailUrl\":\"https:\/\/now-news.de\/de\/wp-content\/uploads\/sites\/3\/2022\/04\/Czy-Schwab-ma-racje-Kapitalizm-interesariuszy-Niebezpieczna-wizja.jpg\",\"datePublished\":\"2022-04-28T08:17:36+00:00\",\"dateModified\":\"2022-04-28T08:17:36+00:00\",\"breadcrumb\":{\"@id\":\"https:\/\/now-news.de\/de\/great-reset\/greatvideos\/czy-schwab-ma-racje-kapitalizm-interesariuszy-niebezpieczna-wizja\/#breadcrumb\"},\"inLanguage\":\"de\",\"potentialAction\":[{\"@type\":\"ReadAction\",\"target\":[\"https:\/\/now-news.de\/de\/great-reset\/greatvideos\/czy-schwab-ma-racje-kapitalizm-interesariuszy-niebezpieczna-wizja\/\"]}]},{\"@type\":\"ImageObject\",\"inLanguage\":\"de\",\"@id\":\"https:\/\/now-news.de\/de\/great-reset\/greatvideos\/czy-schwab-ma-racje-kapitalizm-interesariuszy-niebezpieczna-wizja\/#primaryimage\",\"url\":\"https:\/\/now-news.de\/de\/wp-content\/uploads\/sites\/3\/2022\/04\/Czy-Schwab-ma-racje-Kapitalizm-interesariuszy-Niebezpieczna-wizja.jpg\",\"contentUrl\":\"https:\/\/now-news.de\/de\/wp-content\/uploads\/sites\/3\/2022\/04\/Czy-Schwab-ma-racje-Kapitalizm-interesariuszy-Niebezpieczna-wizja.jpg\",\"width\":1280,\"height\":720},{\"@type\":\"BreadcrumbList\",\"@id\":\"https:\/\/now-news.de\/de\/great-reset\/greatvideos\/czy-schwab-ma-racje-kapitalizm-interesariuszy-niebezpieczna-wizja\/#breadcrumb\",\"itemListElement\":[{\"@type\":\"ListItem\",\"position\":1,\"name\":\"Home\",\"item\":\"https:\/\/now-news.de\/de\/\"},{\"@type\":\"ListItem\",\"position\":2,\"name\":\"Czy Schwab ma racj\u0119? Kapitalizm interesariuszy. Niebezpieczna wizja\"}]},{\"@type\":\"WebSite\",\"@id\":\"https:\/\/now-news.de\/de\/#website\",\"url\":\"https:\/\/now-news.de\/de\/\",\"name\":\"just-now.NEWS Deutschland\",\"description\":\"Das Portal f\u00fcr unzensierte Nachrichten aus der Welt\",\"publisher\":{\"@id\":\"https:\/\/now-news.de\/de\/#organization\"},\"potentialAction\":[{\"@type\":\"SearchAction\",\"target\":{\"@type\":\"EntryPoint\",\"urlTemplate\":\"https:\/\/now-news.de\/de\/?s={search_term_string}\"},\"query-input\":\"required name=search_term_string\"}],\"inLanguage\":\"de\"},{\"@type\":\"Organization\",\"@id\":\"https:\/\/now-news.de\/de\/#organization\",\"name\":\"Just Now News\",\"url\":\"https:\/\/now-news.de\/de\/\",\"logo\":{\"@type\":\"ImageObject\",\"inLanguage\":\"de\",\"@id\":\"https:\/\/now-news.de\/de\/#\/schema\/logo\/image\/\",\"url\":\"http:\/\/just-now.news\/de\/wp-content\/uploads\/sites\/3\/2022\/04\/logo500x500.jpg\",\"contentUrl\":\"http:\/\/just-now.news\/de\/wp-content\/uploads\/sites\/3\/2022\/04\/logo500x500.jpg\",\"width\":500,\"height\":500,\"caption\":\"Just Now News\"},\"image\":{\"@id\":\"https:\/\/now-news.de\/de\/#\/schema\/logo\/image\/\"},\"sameAs\":[\"https:\/\/www.facebook.com\/wirmachenauf\",\"https:\/\/x.com\/WirMachenAuf_de\"]},{\"@type\":\"Person\",\"@id\":\"https:\/\/now-news.de\/de\/#\/schema\/person\/8afb4cd92b68572db7902c13a349ffcb\",\"name\":\"greatreset\",\"image\":{\"@type\":\"ImageObject\",\"inLanguage\":\"de\",\"@id\":\"https:\/\/now-news.de\/de\/#\/schema\/person\/image\/\",\"url\":\"https:\/\/secure.gravatar.com\/avatar\/a088df625d49991c090e78c8b9542592?s=96&d=mm&r=g\",\"contentUrl\":\"https:\/\/secure.gravatar.com\/avatar\/a088df625d49991c090e78c8b9542592?s=96&d=mm&r=g\",\"caption\":\"greatreset\"},\"url\":\"https:\/\/now-news.de\/de\/author\/greatreset\/\"}]}<\/script>\n<!-- \/ Yoast SEO Premium plugin. -->","yoast_head_json":{"title":"Czy Schwab ma racj\u0119? Kapitalizm interesariuszy. Niebezpieczna wizja - just-now.NEWS Deutschland","robots":{"index":"index","follow":"follow","max-snippet":"max-snippet:-1","max-image-preview":"max-image-preview:large","max-video-preview":"max-video-preview:-1"},"canonical":"https:\/\/now-news.de\/de\/great-reset\/greatvideos\/czy-schwab-ma-racje-kapitalizm-interesariuszy-niebezpieczna-wizja\/","og_locale":"de_DE","og_type":"article","og_title":"Czy Schwab ma racj\u0119? Kapitalizm interesariuszy. Niebezpieczna wizja","og_description":"???? Zapraszamy na debat\u0119 Warsaw Enterprise Institute ,,Czy Schwab ma racj\u0119? Kapitalizm interesariuszy. Niebezpieczna wizja.&#8221; ???? Pandemia COVID-19 sta\u0142a si\u0119 silnym bod\u017acem do krytyki gospodarki rynkowej. Kapitalizm akcjonariuszy, czyli w\u0142a\u015bcicieli, ma zast\u0105pi\u0107 promowany przez Klausa Schwaba, tw\u00f3rc\u0119 \u015awiatowego Forum Ekonomicznego w Davos kapitalizm, interesariuszy. Jest on &#8220;&#8230;form\u0105 kapitalizmu, w kt\u00f3rej przedsi\u0119biorstwa nie tylko optymalizuj\u0105 kr\u00f3tkoterminowe [&hellip;]","og_url":"https:\/\/now-news.de\/de\/great-reset\/greatvideos\/czy-schwab-ma-racje-kapitalizm-interesariuszy-niebezpieczna-wizja\/","og_site_name":"just-now.NEWS Deutschland","article_publisher":"https:\/\/www.facebook.com\/wirmachenauf","article_published_time":"2022-04-28T08:17:36+00:00","og_image":[{"width":1280,"height":720,"url":"https:\/\/now-news.de\/de\/wp-content\/uploads\/sites\/3\/2022\/04\/Czy-Schwab-ma-racje-Kapitalizm-interesariuszy-Niebezpieczna-wizja.jpg","type":"image\/jpeg"}],"author":"greatreset","twitter_card":"summary_large_image","twitter_creator":"@WirMachenAuf_de","twitter_site":"@WirMachenAuf_de","twitter_misc":{"Verfasst von":"greatreset","Gesch\u00e4tzte Lesezeit":"2\u00a0Minuten"},"schema":{"@context":"https:\/\/schema.org","@graph":[{"@type":"Article","@id":"https:\/\/now-news.de\/de\/great-reset\/greatvideos\/czy-schwab-ma-racje-kapitalizm-interesariuszy-niebezpieczna-wizja\/#article","isPartOf":{"@id":"https:\/\/now-news.de\/de\/great-reset\/greatvideos\/czy-schwab-ma-racje-kapitalizm-interesariuszy-niebezpieczna-wizja\/"},"author":{"name":"greatreset","@id":"https:\/\/now-news.de\/de\/#\/schema\/person\/8afb4cd92b68572db7902c13a349ffcb"},"headline":"Czy Schwab ma racj\u0119? Kapitalizm interesariuszy. Niebezpieczna wizja","datePublished":"2022-04-28T08:17:36+00:00","dateModified":"2022-04-28T08:17:36+00:00","mainEntityOfPage":{"@id":"https:\/\/now-news.de\/de\/great-reset\/greatvideos\/czy-schwab-ma-racje-kapitalizm-interesariuszy-niebezpieczna-wizja\/"},"wordCount":313,"commentCount":0,"publisher":{"@id":"https:\/\/now-news.de\/de\/#organization"},"image":{"@id":"https:\/\/now-news.de\/de\/great-reset\/greatvideos\/czy-schwab-ma-racje-kapitalizm-interesariuszy-niebezpieczna-wizja\/#primaryimage"},"thumbnailUrl":"https:\/\/now-news.de\/de\/wp-content\/uploads\/sites\/3\/2022\/04\/Czy-Schwab-ma-racje-Kapitalizm-interesariuszy-Niebezpieczna-wizja.jpg","keywords":["Czy","interesariuszy","Kapitalizm","Niebezpieczna","racj\u0119","Schwab","wizja"],"articleSection":["GreatVideos"],"inLanguage":"de","potentialAction":[{"@type":"CommentAction","name":"Comment","target":["https:\/\/now-news.de\/de\/great-reset\/greatvideos\/czy-schwab-ma-racje-kapitalizm-interesariuszy-niebezpieczna-wizja\/#respond"]}]},{"@type":"WebPage","@id":"https:\/\/now-news.de\/de\/great-reset\/greatvideos\/czy-schwab-ma-racje-kapitalizm-interesariuszy-niebezpieczna-wizja\/","url":"https:\/\/now-news.de\/de\/great-reset\/greatvideos\/czy-schwab-ma-racje-kapitalizm-interesariuszy-niebezpieczna-wizja\/","name":"Czy Schwab ma racj\u0119? Kapitalizm interesariuszy. Niebezpieczna wizja - just-now.NEWS Deutschland","isPartOf":{"@id":"https:\/\/now-news.de\/de\/#website"},"primaryImageOfPage":{"@id":"https:\/\/now-news.de\/de\/great-reset\/greatvideos\/czy-schwab-ma-racje-kapitalizm-interesariuszy-niebezpieczna-wizja\/#primaryimage"},"image":{"@id":"https:\/\/now-news.de\/de\/great-reset\/greatvideos\/czy-schwab-ma-racje-kapitalizm-interesariuszy-niebezpieczna-wizja\/#primaryimage"},"thumbnailUrl":"https:\/\/now-news.de\/de\/wp-content\/uploads\/sites\/3\/2022\/04\/Czy-Schwab-ma-racje-Kapitalizm-interesariuszy-Niebezpieczna-wizja.jpg","datePublished":"2022-04-28T08:17:36+00:00","dateModified":"2022-04-28T08:17:36+00:00","breadcrumb":{"@id":"https:\/\/now-news.de\/de\/great-reset\/greatvideos\/czy-schwab-ma-racje-kapitalizm-interesariuszy-niebezpieczna-wizja\/#breadcrumb"},"inLanguage":"de","potentialAction":[{"@type":"ReadAction","target":["https:\/\/now-news.de\/de\/great-reset\/greatvideos\/czy-schwab-ma-racje-kapitalizm-interesariuszy-niebezpieczna-wizja\/"]}]},{"@type":"ImageObject","inLanguage":"de","@id":"https:\/\/now-news.de\/de\/great-reset\/greatvideos\/czy-schwab-ma-racje-kapitalizm-interesariuszy-niebezpieczna-wizja\/#primaryimage","url":"https:\/\/now-news.de\/de\/wp-content\/uploads\/sites\/3\/2022\/04\/Czy-Schwab-ma-racje-Kapitalizm-interesariuszy-Niebezpieczna-wizja.jpg","contentUrl":"https:\/\/now-news.de\/de\/wp-content\/uploads\/sites\/3\/2022\/04\/Czy-Schwab-ma-racje-Kapitalizm-interesariuszy-Niebezpieczna-wizja.jpg","width":1280,"height":720},{"@type":"BreadcrumbList","@id":"https:\/\/now-news.de\/de\/great-reset\/greatvideos\/czy-schwab-ma-racje-kapitalizm-interesariuszy-niebezpieczna-wizja\/#breadcrumb","itemListElement":[{"@type":"ListItem","position":1,"name":"Home","item":"https:\/\/now-news.de\/de\/"},{"@type":"ListItem","position":2,"name":"Czy Schwab ma racj\u0119? Kapitalizm interesariuszy. Niebezpieczna wizja"}]},{"@type":"WebSite","@id":"https:\/\/now-news.de\/de\/#website","url":"https:\/\/now-news.de\/de\/","name":"just-now.NEWS Deutschland","description":"Das Portal f\u00fcr unzensierte Nachrichten aus der Welt","publisher":{"@id":"https:\/\/now-news.de\/de\/#organization"},"potentialAction":[{"@type":"SearchAction","target":{"@type":"EntryPoint","urlTemplate":"https:\/\/now-news.de\/de\/?s={search_term_string}"},"query-input":"required name=search_term_string"}],"inLanguage":"de"},{"@type":"Organization","@id":"https:\/\/now-news.de\/de\/#organization","name":"Just Now News","url":"https:\/\/now-news.de\/de\/","logo":{"@type":"ImageObject","inLanguage":"de","@id":"https:\/\/now-news.de\/de\/#\/schema\/logo\/image\/","url":"http:\/\/just-now.news\/de\/wp-content\/uploads\/sites\/3\/2022\/04\/logo500x500.jpg","contentUrl":"http:\/\/just-now.news\/de\/wp-content\/uploads\/sites\/3\/2022\/04\/logo500x500.jpg","width":500,"height":500,"caption":"Just Now News"},"image":{"@id":"https:\/\/now-news.de\/de\/#\/schema\/logo\/image\/"},"sameAs":["https:\/\/www.facebook.com\/wirmachenauf","https:\/\/x.com\/WirMachenAuf_de"]},{"@type":"Person","@id":"https:\/\/now-news.de\/de\/#\/schema\/person\/8afb4cd92b68572db7902c13a349ffcb","name":"greatreset","image":{"@type":"ImageObject","inLanguage":"de","@id":"https:\/\/now-news.de\/de\/#\/schema\/person\/image\/","url":"https:\/\/secure.gravatar.com\/avatar\/a088df625d49991c090e78c8b9542592?s=96&d=mm&r=g","contentUrl":"https:\/\/secure.gravatar.com\/avatar\/a088df625d49991c090e78c8b9542592?s=96&d=mm&r=g","caption":"greatreset"},"url":"https:\/\/now-news.de\/de\/author\/greatreset\/"}]}},"_links":{"self":[{"href":"https:\/\/now-news.de\/de\/wp-json\/wp\/v2\/posts\/5343"}],"collection":[{"href":"https:\/\/now-news.de\/de\/wp-json\/wp\/v2\/posts"}],"about":[{"href":"https:\/\/now-news.de\/de\/wp-json\/wp\/v2\/types\/post"}],"author":[{"embeddable":true,"href":"https:\/\/now-news.de\/de\/wp-json\/wp\/v2\/users\/5"}],"replies":[{"embeddable":true,"href":"https:\/\/now-news.de\/de\/wp-json\/wp\/v2\/comments?post=5343"}],"version-history":[{"count":0,"href":"https:\/\/now-news.de\/de\/wp-json\/wp\/v2\/posts\/5343\/revisions"}],"wp:featuredmedia":[{"embeddable":true,"href":"https:\/\/now-news.de\/de\/wp-json\/wp\/v2\/media\/5344"}],"wp:attachment":[{"href":"https:\/\/now-news.de\/de\/wp-json\/wp\/v2\/media?parent=5343"}],"wp:term":[{"taxonomy":"category","embeddable":true,"href":"https:\/\/now-news.de\/de\/wp-json\/wp\/v2\/categories?post=5343"},{"taxonomy":"post_tag","embeddable":true,"href":"https:\/\/now-news.de\/de\/wp-json\/wp\/v2\/tags?post=5343"}],"curies":[{"name":"wp","href":"https:\/\/api.w.org\/{rel}","templated":true}]}}