{"id":53387,"date":"2024-01-17T11:00:55","date_gmt":"2024-01-17T09:00:55","guid":{"rendered":"https:\/\/just-now.news\/de\/deutschland\/guatemala-amtseinfuehrung-des-neuen-praesidenten-als-huerdenlauf\/"},"modified":"2024-01-17T11:00:55","modified_gmt":"2024-01-17T09:00:55","slug":"guatemala-amtseinfuehrung-des-neuen-praesidenten-als-huerdenlauf","status":"publish","type":"post","link":"https:\/\/now-news.de\/de\/deutschland\/guatemala-amtseinfuehrung-des-neuen-praesidenten-als-huerdenlauf\/","title":{"rendered":"Guatemala: Amtseinf\u00fchrung des neuen Pr\u00e4sidenten als H\u00fcrdenlauf"},"content":{"rendered":"<p><img decoding=\"async\" src=\"http:\/\/just-now.news\/de\/wp-content\/uploads\/sites\/3\/2024\/01\/65a78113b480cc289b194bb6.jpg\" \/><\/p>\n<div class=\"Text-root Text-type_1 \">\n                Nachdem zuvor die Vereidigung des neuen Pr\u00e4sidenten von Guatemala, Bernardo Ar\u00e9valo, verz\u00f6gert wurde, war es am Sonntagabend kurz nach Mitternacht endlich so weit. Zehntausende waren in Guatemala-Stadt auf den Stra\u00dfen.\n            <\/div>\n<p><\/p>\n<div class=\"Text-root Text-type_5 ArticleView-text ViewText-root \">\n<p><strong><\/strong><em>Von Maria M\u00fcller<\/em><\/p>\n<\/p>\n<p>In Guatemala wurde der gew\u00e4hlte Pr\u00e4sident Bernardo Ar\u00e9valo am vergangenen Sonntag kurz nach Mitternacht (Ortszeit) vereidigt. Die Opposition versuchte bis zum letzten Augenblick, seinen Amtsantritt zu verhindern. Nach vielen Stunden des angespannten Wartens aufgrund von chaotischen Auseinandersetzungen im Kongress erhielt Ar\u00e9valo die Pr\u00e4sidentensch\u00e4rpe und leistete den\u00a0<a rel=\"nofollow noopener\" target=\"_blank\" href=\"https:\/\/www.prensalibre.com\/guatemala\/politica\/bernardo-arevalo-jura-como-presidente-de-guatemala-tras-haber-sorteado-golpes-politicos-durante-meses-breaking\/\">Amtseid als Pr\u00e4sident von Guatemala<\/a>. An seiner Seite stand die Vize-Pr\u00e4sidentin Karin Herrera, die ebenfalls ihren Eid auf die Verfassung schwor. Die Zeremonie sollte eigentlich nachmittags um 15:00 Uhr stattfinden. Der scheidende Pr\u00e4sident Alejandro Giammattei weigerte sich, seinem Nachfolger die Insignien des Pr\u00e4sidialamtes in der \u00fcblichen Zeremonie zu \u00fcbergeben und ihn zu vereidigen. Der neue Vorsitzende des Kongresses, Samuel P\u00e9rez \u00c1lvarez, ein Abgeordneter der &#8220;Semilla&#8221;-Partei des neuen Pr\u00e4sidenten, musste diese Aufgabe ersatzweise \u00fcbernehmen.<\/p>\n<p><strong>Hindernisse im Parlament f\u00fchrten zur Verz\u00f6gerung<\/strong><\/p>\n<p>Die gew\u00e4hlten Vertreter von &#8220;Semilla&#8221; mussten noch in letzter Minute um ihre Anerkennung als vollwertige Parlamentsmitglieder k\u00e4mpfen. Die Opposition hatte mithilfe eines regelrechten juristischen Feldzuges gegen Ar\u00e9valo und seine politische Organisation deren demokratische Rechte beschnitten. Anschlie\u00dfend blockierten die gegnerischen Abgeordneten stundenlang die offizielle Vereidigung der neuen Kongressmitglieder.<\/p>\n<p>Die zum Teil lautstark gef\u00fchrten Debatten im Parlament lassen nichts Gutes f\u00fcr die Regierbarkeit des Landes ahnen. Die &#8220;Semilla&#8221;-Partei muss als Minderheit mit anderen politischen Fraktionen Vereinbarungen treffen.<\/p>\n<p><strong>Erneute Demonstrationen f\u00fcr die Demokratie<\/strong><\/p>\n<p>Was geschah, hielt das Land in Atem, und f\u00fcr einen Moment glaubte ein Teil der Bev\u00f6lkerung, dass der im vergangenen August mit 60,9 Prozent Zustimmung gew\u00e4hlte Pr\u00e4sident sein Amt m\u00f6glicherweise nicht antreten k\u00f6nnte. In der Hauptstadt Guatemala-City versammelten sich die Menschen wieder auf den Stra\u00dfen und protestierten gegen die Man\u00f6ver im Parlament. Vor allem vor dem Kongressgeb\u00e4ude kam es zu Konflikten zwischen Polizei und Demonstranten.<\/p>\n<p>\u200bAm Sonntagnachmittag richtete der neue Pr\u00e4sident einen mahnenden Aufruf an das Parlament:<\/p>\n<blockquote>\n<p><em>&#8220;Die Abgeordneten haben die Verantwortung, den bei den Wahlen zum Ausdruck gebrachten Willen des Volkes zu respektieren, anstatt mit Illegalit\u00e4ten, kleinlichen Schikanen und Machtmissbrauch die Demokratie zu verletzen.&#8221;<\/em><\/p>\n<\/blockquote>\n<p><strong>Die gr\u00f6\u00dften internationalen Institutionen intervenierten<\/strong><\/p>\n<p>Der 65-j\u00e4hrige progressive Soziologe und Diplomat Bernardo Ar\u00e9valo erhielt nach seinem Wahlsieg im August 2023 eine in Lateinamerika noch nie erlebte Unterst\u00fctzung seitens der gr\u00f6\u00dften internationalen Institutionen. Die Vereinten Nationen, die Organisation Amerikanischer Staaten (OAS) und die Europ\u00e4ische Union appellierten mehrfach an die extrem feindlichen Oppositionskr\u00e4fte, das Wahlergebnis anzuerkennen und die Demokratie zu wahren. Sie drohten zudem mit unmittelbaren Sanktionen. Die M\u00e4chtigen der westlichen Welt verurteilten diesmal den in Gang gesetzten, justiziell verbr\u00e4mten Putschversuch in Guatemala, mit dem die Wahlergebnisse zensiert werden sollten.<\/p>\n<p>Gibt es eine Wende? Mithilfe der Justiz wurden in den vergangenen Jahren zahlreiche progressive Pr\u00e4sidenten abgesetzt und auch inhaftiert. So geschehen in Brasilien, Paraguay, Ecuador, Bolivien, Argentinien und zuletzt in Peru (der immer noch ohne Prozess inhaftierte Ex-Pr\u00e4sident Pedro Castillo).<\/p>\n<p><strong>Ein Interview mit Bernardo Ar\u00e9valo<\/strong><\/p>\n<p>In einem von\u00a0<em>der BBC<\/em>\u00a0durchgef\u00fchrten\u00a0<a rel=\"nofollow noopener\" target=\"_blank\" href=\"https:\/\/www.bbc.com\/mundo\/articles\/cjmp32w4p4ko\">Interview mit Bernardo Ar\u00e9valo<\/a>\u00a0werden die Hintergr\u00fcnde der politischen Zuspitzung in Guatemala deutlich. Er beschreibt ein Netzwerk aus den Reihen der alteingesessenen Oligarchie und dessen Bestreben, das Land durch Mafia-Methoden unter seine Kontrolle zu bringen. Gleichzeitig versichert er, es habe in Guatemala in den vergangenen Monaten eine positive politische Entwicklung gegeben. Ein Gro\u00dfteil der Bev\u00f6lkerung habe sich daf\u00fcr entschieden, die Demokratie zu verteidigen. Laut Ar\u00e9valo bestehe darin inzwischen ein breiter Konsens:<\/p>\n<blockquote>\n<p><em>&#8220;Die Leute haben uns gew\u00e4hlt, weil sie die Korruption satthaben&#8221;<\/em>, sagt er.<em>&#8220;Sie verteidigten mit massenhaften, friedlichen Demonstrationen die rechtm\u00e4\u00dfigen Wahlen, ihre Ergebnisse und die Demokratie insgesamt.&#8221;<\/em><\/p>\n<\/blockquote>\n<p><strong>Die Mobilisierung der Indigenen Bev\u00f6lkerung war entscheidend<\/strong><\/p>\n<p>Bernardo Ar\u00e9valo betonte, dass die Repr\u00e4sentanten der indigenen V\u00f6lker diese Mobilisierung angef\u00fchrt haben, an der sich verschiedene gesellschaftliche Gruppen beteiligten. Auch der Privatsektor habe sich angeschlossen und einen gemeinsamen Arbeitsprozess zwischen Unternehmen und der indigenen F\u00fchrung mit dem Ziel ins Leben gerufen, die Demokratie zu verteidigen:<\/p>\n<blockquote>\n<p><em>&#8220;Die guatemaltekische Bev\u00f6lkerung mobilisierte sich nicht f\u00fcr den einen oder anderen Kandidaten, oder f\u00fcr eine bestimmte Partei. Es ging ihr nicht in erster Linie um die Verteidigung von Bernardo Ar\u00e9valo oder der Semilla-Bewegung, sondern um die Verteidigung des demokratischen Systems und der Wahlen.&#8221;<\/em><\/p>\n<\/blockquote>\n<p><strong>Eine kriminelle Machtelite auf der Basis von Korruption<\/strong><\/p>\n<p>Auf die Frage nach der Hauptursache der gegenw\u00e4rtigen Krise in Guatemala erkl\u00e4rte er, es habe in Guatemala in den letzten zwei Jahrzehnten einen Prozess der Vereinnahmung staatlicher Institutionen durch eine kriminelle Machtelite gegeben. Sie habe sich in politischen Parteien organisiert und auf diesem Weg die Spitzen der st\u00e4dtischen Verwaltungen, den Kongress der Republik und andere Bereiche des Staates angegriffen:<\/p>\n<blockquote>\n<p><em>&#8220;Die Beamten in den Institutionen stehen unter Druck, sie handelten nicht, um ihre eigenen Interessen zu verteidigen, sondern vielmehr die Interessen anderer\u00a0\u2026&#8221;<\/em><\/p>\n<\/blockquote>\n<p>Das Land brauche dringend umfassende Ver\u00e4nderungen, und die Voraussetzung daf\u00fcr sei, die Korruption zu beseitigen. Sie verhindere die Entwicklung, denn sie verschlinge gut zwischen drei\u00dfig und vierzig Prozent des Staatshaushaltes. Guatemala erlebe gegenw\u00e4rtig einen R\u00fcckschlag, eine Verschlechterung der Lebensbedingungen.<\/p>\n<p>Ar\u00e9valo w\u00f6rtlich:<\/p>\n<blockquote>\n<p><em>&#8220;Es gibt nicht nur eine Stagnation, sondern auch einen R\u00fcckgang der Gesundheits-, Bildungs- und Infrastrukturindikatoren und sogar einen Anstieg der Armut. Das ist das Ergebnis der korrupten Vereinnahmung von Institutionen durch diese kriminelle politische Elite.&#8221;<\/em><\/p>\n<\/blockquote>\n<p>Doch der Pr\u00e4sident ist optimistisch. Der Kampf gegen die Korruption, gegen die Geldw\u00e4sche und die l\u00e4nder\u00fcbergreifende Schmuggel\u00f6konomie werde die finanziellen Mittel wieder bereitstellen, die Guatemala f\u00fcr seinen Entwicklungsprozess ben\u00f6tige.<\/p>\n<p><strong>Umfassende Reformen und langfristige Entwicklungsziele<\/strong><\/p>\n<p>Seine Regierung will einen umfassenden Dialogprozess mit den verschiedenen gesellschaftlichen Sektoren einrichten, um langfristige Vereinbarungen \u00fcber die notwendigen \u00f6ffentlichen Ma\u00dfnahmen und Reformen zu erzielen. Der Kampf gegen die Korruption erfordere eine Verfassungsreform und eine Reihe von Gesetzes\u00e4nderungen sowie eine besondere Ausstattung im Bereich der Justiz. Auch die Beziehungen zwischen den verschiedenen gesellschaftlichen Schichten m\u00fcssten verbessert werden. Damit ist auch die rassistische, koloniale Apartheid-Kultur gegen die indigene Bev\u00f6lkerung gemeint, die die Gesellschaft Guatemalas spaltet. Insgesamt geh\u00f6re es zu den ersten Aufgaben, das Vertrauen der Bev\u00f6lkerung in die Institutionen wiederherzustellen.<\/p>\n<p>Arevalo:<\/p>\n<blockquote>\n<p><em>&#8220;Wir sehen den Kampf gegen die Korruption in Guatemala in einem breiteren Rahmen. Das ist eine Aufgabe, die in drei bis vier Jahren nicht gel\u00f6st werden kann. Aber wir k\u00f6nnen erhebliche Fortschritte machen, um das Land in die richtige Richtung zu lenken.&#8221;<\/em><\/p>\n<\/blockquote>\n<p>Bernardo Arevalo bezieht sich auch auf das Verm\u00e4chtnis seines Vaters Juan Jos\u00e9 Ar\u00e9valo, der als erster (und einziger) demokratischer und reformistischer Pr\u00e4sident Guatemalas (1945 \u2013 1951) in die Geschichte einging. Er habe von ihm gelernt:<\/p>\n<blockquote>\n<p><em>&#8220;Wenn Politik nicht auf einer ethischen Grundlage ausge\u00fcbt wird, wird sie zur k\u00e4uflichen Ware. Unsere Demokratie braucht die Wiederherstellung der ethischen Dimension. Au\u00dferdem hei\u00dft regieren nicht nur, unmittelbare Ergebnisse zu suchen, sondern \u00fcber die gro\u00dfen Ziele nachzudenken, die das Land ben\u00f6tigt, und in diesem Sinne zu handeln.&#8221;<\/em><\/p>\n<\/blockquote>\n<p><strong>Mehr zum Thema<\/strong> \u2013\u00a0<a rel=\"nofollow noopener\" target=\"_blank\" href=\"https:\/\/freeassange.rtde.life\/amerika\/192920-rechtsrutsch-in-argentinien-bundesregierung-setzt-auf-zusammenarbeit\/\">Rechtsrutsch in Argentinien: Bundesregierung setzt auf &#8220;enge und vertrauensvolle Zusammenarbeit&#8221; <\/a><em><\/em><\/p>\n<div class=\"EmbedBlock-root EmbedBlock-externalVideo EmbedBlock-odysee\">\n<div class=\"VkEmbed\"><iframe class=\"lazyload\" data-src=\"https:\/\/odysee.com\/%24\/embed\/%40RTDE%3Ae%2F-Das-war-ein-Akt-des-Terrors!--%E2%80%93-Bewaffnete-st%C3%BCrmen-TV-Studio-w%C3%A4hrend-Live-%C3%9Cbertragung%3Ac\" frameborder=\"0\" width=\"853\" height=\"480\" allowfullscreen><\/iframe><\/div>\n<\/div>\n<p><em><\/em><\/p>\n<p>\u200b<\/p>\n<p>Quellen:<\/p>\n<p><a rel=\"nofollow noopener\" target=\"_blank\" href=\"https:\/\/www.prensalibre.com\/guatemala\/politica\/bernardo-arevalo-jura-como-presidente-de-guatemala-tras-haber-sorteado-golpes-politicos-durante-meses-breaking\/\">https:\/\/www.prensalibre.com\/guatemala\/politica\/bernardo-arevalo-jura-como-presidente-de-guatemala-tras-haber-sorteado-golpes-politicos-durante-meses-breaking\/<\/a><\/p>\n<p><a rel=\"nofollow noopener\" target=\"_blank\" href=\"https:\/\/www.bbc.com\/mundo\/articles\/cjmp32w4p4ko\">https:\/\/www.bbc.com\/mundo\/articles\/cjmp32w4p4ko<\/a><a rel=\"nofollow noopener\" target=\"_blank\" href=\"https:\/\/www.bbc.com\/mundo\/articles\/cjmp32w4p4ko\">https:\/\/www.bbc.com\/mundo\/articles\/cjmp32w4p4ko<\/a><\/p>\n<\/div>\n<p><br \/>\n<br \/><a href=\"https:\/\/de.rt.com\/amerika\/193006-guatemala-amtseinfuehrung-neuen-praesidenten-als-huerdenlauf\/\">Source link <\/a><\/p>\n","protected":false},"excerpt":{"rendered":"<p>Nachdem zuvor die Vereidigung des neuen Pr\u00e4sidenten von Guatemala, Bernardo Ar\u00e9valo, verz\u00f6gert wurde, war es am Sonntagabend kurz nach Mitternacht endlich so weit. Zehntausende waren in Guatemala-Stadt auf den Stra\u00dfen. Von Maria M\u00fcller In Guatemala wurde der gew\u00e4hlte Pr\u00e4sident Bernardo Ar\u00e9valo am vergangenen Sonntag kurz nach Mitternacht (Ortszeit) vereidigt. Die Opposition versuchte bis zum letzten [&hellip;]<\/p>\n","protected":false},"author":3,"featured_media":53388,"comment_status":"open","ping_status":"open","sticky":false,"template":"","format":"standard","meta":{"_yoast_indexnow_last_ping":["1705482314"],"wp_automatic_camp":["217"],"e130d0926f0e3a9a9b10c1c2c57b505d":["Guatemala: Amtseinf\u00fchrung des neuen Pr\u00e4sidenten als H\u00fcrdenlauf"],"original_link":["https:\/\/de.rt.com\/amerika\/193006-guatemala-amtseinfuehrung-neuen-praesidenten-als-huerdenlauf\/"],"_thumbnail_id":["53388"],"jnews_social_counter_last_update":["1777218742"],"_wptgpro_p2tg_sent2tg":["a:1:{i:23737;s:19:\"2024-01-17 11:06:16\";}"]},"categories":[19,23],"tags":[273,13170,583,42760,52521,213,8462],"yoast_head":"<!-- This site is optimized with the Yoast SEO Premium plugin v22.7 (Yoast SEO v22.7) - https:\/\/yoast.com\/wordpress\/plugins\/seo\/ -->\n<title>Guatemala: Amtseinf\u00fchrung des neuen Pr\u00e4sidenten als H\u00fcrdenlauf - just-now.NEWS Deutschland<\/title>\n<meta name=\"robots\" content=\"index, follow, max-snippet:-1, max-image-preview:large, max-video-preview:-1\" \/>\n<link rel=\"canonical\" href=\"https:\/\/now-news.de\/de\/deutschland\/guatemala-amtseinfuehrung-des-neuen-praesidenten-als-huerdenlauf\/\" \/>\n<meta property=\"og:locale\" content=\"de_DE\" \/>\n<meta property=\"og:type\" content=\"article\" \/>\n<meta property=\"og:title\" content=\"Guatemala: Amtseinf\u00fchrung des neuen Pr\u00e4sidenten als H\u00fcrdenlauf\" \/>\n<meta property=\"og:description\" content=\"Nachdem zuvor die Vereidigung des neuen Pr\u00e4sidenten von Guatemala, Bernardo Ar\u00e9valo, verz\u00f6gert wurde, war es am Sonntagabend kurz nach Mitternacht endlich so weit. Zehntausende waren in Guatemala-Stadt auf den Stra\u00dfen. Von Maria M\u00fcller In Guatemala wurde der gew\u00e4hlte Pr\u00e4sident Bernardo Ar\u00e9valo am vergangenen Sonntag kurz nach Mitternacht (Ortszeit) vereidigt. Die Opposition versuchte bis zum letzten [&hellip;]\" \/>\n<meta property=\"og:url\" content=\"https:\/\/now-news.de\/de\/deutschland\/guatemala-amtseinfuehrung-des-neuen-praesidenten-als-huerdenlauf\/\" \/>\n<meta property=\"og:site_name\" content=\"just-now.NEWS Deutschland\" \/>\n<meta property=\"article:publisher\" content=\"https:\/\/www.facebook.com\/wirmachenauf\" \/>\n<meta property=\"article:published_time\" content=\"2024-01-17T09:00:55+00:00\" \/>\n<meta property=\"og:image\" content=\"https:\/\/now-news.de\/de\/wp-content\/uploads\/sites\/3\/2024\/01\/Guatemala-Amtseinfuehrung-des-neuen-Praesidenten-als-Huerdenlauf.jpg\" \/>\n\t<meta property=\"og:image:width\" content=\"460\" \/>\n\t<meta property=\"og:image:height\" content=\"259\" \/>\n\t<meta property=\"og:image:type\" content=\"image\/jpeg\" \/>\n<meta name=\"author\" content=\"rtnews\" \/>\n<meta name=\"twitter:card\" content=\"summary_large_image\" \/>\n<meta name=\"twitter:creator\" content=\"@WirMachenAuf_de\" \/>\n<meta name=\"twitter:site\" content=\"@WirMachenAuf_de\" \/>\n<meta name=\"twitter:label1\" content=\"Verfasst von\" \/>\n\t<meta name=\"twitter:data1\" content=\"rtnews\" \/>\n\t<meta name=\"twitter:label2\" content=\"Gesch\u00e4tzte Lesezeit\" \/>\n\t<meta name=\"twitter:data2\" content=\"6\u00a0Minuten\" \/>\n<script type=\"application\/ld+json\" class=\"yoast-schema-graph\">{\"@context\":\"https:\/\/schema.org\",\"@graph\":[{\"@type\":\"Article\",\"@id\":\"https:\/\/now-news.de\/de\/deutschland\/guatemala-amtseinfuehrung-des-neuen-praesidenten-als-huerdenlauf\/#article\",\"isPartOf\":{\"@id\":\"https:\/\/now-news.de\/de\/deutschland\/guatemala-amtseinfuehrung-des-neuen-praesidenten-als-huerdenlauf\/\"},\"author\":{\"name\":\"rtnews\",\"@id\":\"https:\/\/now-news.de\/de\/#\/schema\/person\/fb534a4e865501d8b3285208df34a9b5\"},\"headline\":\"Guatemala: Amtseinf\u00fchrung des neuen Pr\u00e4sidenten als H\u00fcrdenlauf\",\"datePublished\":\"2024-01-17T09:00:55+00:00\",\"dateModified\":\"2024-01-17T09:00:55+00:00\",\"mainEntityOfPage\":{\"@id\":\"https:\/\/now-news.de\/de\/deutschland\/guatemala-amtseinfuehrung-des-neuen-praesidenten-als-huerdenlauf\/\"},\"wordCount\":1241,\"commentCount\":0,\"publisher\":{\"@id\":\"https:\/\/now-news.de\/de\/#organization\"},\"image\":{\"@id\":\"https:\/\/now-news.de\/de\/deutschland\/guatemala-amtseinfuehrung-des-neuen-praesidenten-als-huerdenlauf\/#primaryimage\"},\"thumbnailUrl\":\"https:\/\/now-news.de\/de\/wp-content\/uploads\/sites\/3\/2024\/01\/Guatemala-Amtseinfuehrung-des-neuen-Praesidenten-als-Huerdenlauf.jpg\",\"keywords\":[\"als\",\"Amtseinf\u00fchrung\",\"des\",\"Guatemala\",\"H\u00fcrdenlauf\",\"neuen\",\"Pr\u00e4sidenten\"],\"articleSection\":[\"Deutschland\",\"Russland\"],\"inLanguage\":\"de\",\"potentialAction\":[{\"@type\":\"CommentAction\",\"name\":\"Comment\",\"target\":[\"https:\/\/now-news.de\/de\/deutschland\/guatemala-amtseinfuehrung-des-neuen-praesidenten-als-huerdenlauf\/#respond\"]}]},{\"@type\":\"WebPage\",\"@id\":\"https:\/\/now-news.de\/de\/deutschland\/guatemala-amtseinfuehrung-des-neuen-praesidenten-als-huerdenlauf\/\",\"url\":\"https:\/\/now-news.de\/de\/deutschland\/guatemala-amtseinfuehrung-des-neuen-praesidenten-als-huerdenlauf\/\",\"name\":\"Guatemala: Amtseinf\u00fchrung des neuen Pr\u00e4sidenten als H\u00fcrdenlauf - just-now.NEWS Deutschland\",\"isPartOf\":{\"@id\":\"https:\/\/now-news.de\/de\/#website\"},\"primaryImageOfPage\":{\"@id\":\"https:\/\/now-news.de\/de\/deutschland\/guatemala-amtseinfuehrung-des-neuen-praesidenten-als-huerdenlauf\/#primaryimage\"},\"image\":{\"@id\":\"https:\/\/now-news.de\/de\/deutschland\/guatemala-amtseinfuehrung-des-neuen-praesidenten-als-huerdenlauf\/#primaryimage\"},\"thumbnailUrl\":\"https:\/\/now-news.de\/de\/wp-content\/uploads\/sites\/3\/2024\/01\/Guatemala-Amtseinfuehrung-des-neuen-Praesidenten-als-Huerdenlauf.jpg\",\"datePublished\":\"2024-01-17T09:00:55+00:00\",\"dateModified\":\"2024-01-17T09:00:55+00:00\",\"breadcrumb\":{\"@id\":\"https:\/\/now-news.de\/de\/deutschland\/guatemala-amtseinfuehrung-des-neuen-praesidenten-als-huerdenlauf\/#breadcrumb\"},\"inLanguage\":\"de\",\"potentialAction\":[{\"@type\":\"ReadAction\",\"target\":[\"https:\/\/now-news.de\/de\/deutschland\/guatemala-amtseinfuehrung-des-neuen-praesidenten-als-huerdenlauf\/\"]}]},{\"@type\":\"ImageObject\",\"inLanguage\":\"de\",\"@id\":\"https:\/\/now-news.de\/de\/deutschland\/guatemala-amtseinfuehrung-des-neuen-praesidenten-als-huerdenlauf\/#primaryimage\",\"url\":\"https:\/\/now-news.de\/de\/wp-content\/uploads\/sites\/3\/2024\/01\/Guatemala-Amtseinfuehrung-des-neuen-Praesidenten-als-Huerdenlauf.jpg\",\"contentUrl\":\"https:\/\/now-news.de\/de\/wp-content\/uploads\/sites\/3\/2024\/01\/Guatemala-Amtseinfuehrung-des-neuen-Praesidenten-als-Huerdenlauf.jpg\",\"width\":460,\"height\":259,\"caption\":\"Guatemala: Amtseinf\u00fchrung des neuen Pr\u00e4sidenten als H\u00fcrdenlauf\"},{\"@type\":\"BreadcrumbList\",\"@id\":\"https:\/\/now-news.de\/de\/deutschland\/guatemala-amtseinfuehrung-des-neuen-praesidenten-als-huerdenlauf\/#breadcrumb\",\"itemListElement\":[{\"@type\":\"ListItem\",\"position\":1,\"name\":\"Home\",\"item\":\"https:\/\/now-news.de\/de\/\"},{\"@type\":\"ListItem\",\"position\":2,\"name\":\"Guatemala: Amtseinf\u00fchrung des neuen Pr\u00e4sidenten als H\u00fcrdenlauf\"}]},{\"@type\":\"WebSite\",\"@id\":\"https:\/\/now-news.de\/de\/#website\",\"url\":\"https:\/\/now-news.de\/de\/\",\"name\":\"just-now.NEWS Deutschland\",\"description\":\"Das Portal f\u00fcr unzensierte Nachrichten aus der Welt\",\"publisher\":{\"@id\":\"https:\/\/now-news.de\/de\/#organization\"},\"potentialAction\":[{\"@type\":\"SearchAction\",\"target\":{\"@type\":\"EntryPoint\",\"urlTemplate\":\"https:\/\/now-news.de\/de\/?s={search_term_string}\"},\"query-input\":\"required name=search_term_string\"}],\"inLanguage\":\"de\"},{\"@type\":\"Organization\",\"@id\":\"https:\/\/now-news.de\/de\/#organization\",\"name\":\"Just Now News\",\"url\":\"https:\/\/now-news.de\/de\/\",\"logo\":{\"@type\":\"ImageObject\",\"inLanguage\":\"de\",\"@id\":\"https:\/\/now-news.de\/de\/#\/schema\/logo\/image\/\",\"url\":\"http:\/\/just-now.news\/de\/wp-content\/uploads\/sites\/3\/2022\/04\/logo500x500.jpg\",\"contentUrl\":\"http:\/\/just-now.news\/de\/wp-content\/uploads\/sites\/3\/2022\/04\/logo500x500.jpg\",\"width\":500,\"height\":500,\"caption\":\"Just Now News\"},\"image\":{\"@id\":\"https:\/\/now-news.de\/de\/#\/schema\/logo\/image\/\"},\"sameAs\":[\"https:\/\/www.facebook.com\/wirmachenauf\",\"https:\/\/x.com\/WirMachenAuf_de\"]},{\"@type\":\"Person\",\"@id\":\"https:\/\/now-news.de\/de\/#\/schema\/person\/fb534a4e865501d8b3285208df34a9b5\",\"name\":\"rtnews\",\"image\":{\"@type\":\"ImageObject\",\"inLanguage\":\"de\",\"@id\":\"https:\/\/now-news.de\/de\/#\/schema\/person\/image\/\",\"url\":\"https:\/\/secure.gravatar.com\/avatar\/82aafea7d8127119dd649515f56e2117?s=96&d=mm&r=g\",\"contentUrl\":\"https:\/\/secure.gravatar.com\/avatar\/82aafea7d8127119dd649515f56e2117?s=96&d=mm&r=g\",\"caption\":\"rtnews\"},\"url\":\"https:\/\/now-news.de\/de\/author\/rnews\/\"}]}<\/script>\n<!-- \/ Yoast SEO Premium plugin. -->","yoast_head_json":{"title":"Guatemala: Amtseinf\u00fchrung des neuen Pr\u00e4sidenten als H\u00fcrdenlauf - just-now.NEWS Deutschland","robots":{"index":"index","follow":"follow","max-snippet":"max-snippet:-1","max-image-preview":"max-image-preview:large","max-video-preview":"max-video-preview:-1"},"canonical":"https:\/\/now-news.de\/de\/deutschland\/guatemala-amtseinfuehrung-des-neuen-praesidenten-als-huerdenlauf\/","og_locale":"de_DE","og_type":"article","og_title":"Guatemala: Amtseinf\u00fchrung des neuen Pr\u00e4sidenten als H\u00fcrdenlauf","og_description":"Nachdem zuvor die Vereidigung des neuen Pr\u00e4sidenten von Guatemala, Bernardo Ar\u00e9valo, verz\u00f6gert wurde, war es am Sonntagabend kurz nach Mitternacht endlich so weit. Zehntausende waren in Guatemala-Stadt auf den Stra\u00dfen. Von Maria M\u00fcller In Guatemala wurde der gew\u00e4hlte Pr\u00e4sident Bernardo Ar\u00e9valo am vergangenen Sonntag kurz nach Mitternacht (Ortszeit) vereidigt. Die Opposition versuchte bis zum letzten [&hellip;]","og_url":"https:\/\/now-news.de\/de\/deutschland\/guatemala-amtseinfuehrung-des-neuen-praesidenten-als-huerdenlauf\/","og_site_name":"just-now.NEWS Deutschland","article_publisher":"https:\/\/www.facebook.com\/wirmachenauf","article_published_time":"2024-01-17T09:00:55+00:00","og_image":[{"width":460,"height":259,"url":"https:\/\/now-news.de\/de\/wp-content\/uploads\/sites\/3\/2024\/01\/Guatemala-Amtseinfuehrung-des-neuen-Praesidenten-als-Huerdenlauf.jpg","type":"image\/jpeg"}],"author":"rtnews","twitter_card":"summary_large_image","twitter_creator":"@WirMachenAuf_de","twitter_site":"@WirMachenAuf_de","twitter_misc":{"Verfasst von":"rtnews","Gesch\u00e4tzte Lesezeit":"6\u00a0Minuten"},"schema":{"@context":"https:\/\/schema.org","@graph":[{"@type":"Article","@id":"https:\/\/now-news.de\/de\/deutschland\/guatemala-amtseinfuehrung-des-neuen-praesidenten-als-huerdenlauf\/#article","isPartOf":{"@id":"https:\/\/now-news.de\/de\/deutschland\/guatemala-amtseinfuehrung-des-neuen-praesidenten-als-huerdenlauf\/"},"author":{"name":"rtnews","@id":"https:\/\/now-news.de\/de\/#\/schema\/person\/fb534a4e865501d8b3285208df34a9b5"},"headline":"Guatemala: Amtseinf\u00fchrung des neuen Pr\u00e4sidenten als H\u00fcrdenlauf","datePublished":"2024-01-17T09:00:55+00:00","dateModified":"2024-01-17T09:00:55+00:00","mainEntityOfPage":{"@id":"https:\/\/now-news.de\/de\/deutschland\/guatemala-amtseinfuehrung-des-neuen-praesidenten-als-huerdenlauf\/"},"wordCount":1241,"commentCount":0,"publisher":{"@id":"https:\/\/now-news.de\/de\/#organization"},"image":{"@id":"https:\/\/now-news.de\/de\/deutschland\/guatemala-amtseinfuehrung-des-neuen-praesidenten-als-huerdenlauf\/#primaryimage"},"thumbnailUrl":"https:\/\/now-news.de\/de\/wp-content\/uploads\/sites\/3\/2024\/01\/Guatemala-Amtseinfuehrung-des-neuen-Praesidenten-als-Huerdenlauf.jpg","keywords":["als","Amtseinf\u00fchrung","des","Guatemala","H\u00fcrdenlauf","neuen","Pr\u00e4sidenten"],"articleSection":["Deutschland","Russland"],"inLanguage":"de","potentialAction":[{"@type":"CommentAction","name":"Comment","target":["https:\/\/now-news.de\/de\/deutschland\/guatemala-amtseinfuehrung-des-neuen-praesidenten-als-huerdenlauf\/#respond"]}]},{"@type":"WebPage","@id":"https:\/\/now-news.de\/de\/deutschland\/guatemala-amtseinfuehrung-des-neuen-praesidenten-als-huerdenlauf\/","url":"https:\/\/now-news.de\/de\/deutschland\/guatemala-amtseinfuehrung-des-neuen-praesidenten-als-huerdenlauf\/","name":"Guatemala: Amtseinf\u00fchrung des neuen Pr\u00e4sidenten als H\u00fcrdenlauf - just-now.NEWS Deutschland","isPartOf":{"@id":"https:\/\/now-news.de\/de\/#website"},"primaryImageOfPage":{"@id":"https:\/\/now-news.de\/de\/deutschland\/guatemala-amtseinfuehrung-des-neuen-praesidenten-als-huerdenlauf\/#primaryimage"},"image":{"@id":"https:\/\/now-news.de\/de\/deutschland\/guatemala-amtseinfuehrung-des-neuen-praesidenten-als-huerdenlauf\/#primaryimage"},"thumbnailUrl":"https:\/\/now-news.de\/de\/wp-content\/uploads\/sites\/3\/2024\/01\/Guatemala-Amtseinfuehrung-des-neuen-Praesidenten-als-Huerdenlauf.jpg","datePublished":"2024-01-17T09:00:55+00:00","dateModified":"2024-01-17T09:00:55+00:00","breadcrumb":{"@id":"https:\/\/now-news.de\/de\/deutschland\/guatemala-amtseinfuehrung-des-neuen-praesidenten-als-huerdenlauf\/#breadcrumb"},"inLanguage":"de","potentialAction":[{"@type":"ReadAction","target":["https:\/\/now-news.de\/de\/deutschland\/guatemala-amtseinfuehrung-des-neuen-praesidenten-als-huerdenlauf\/"]}]},{"@type":"ImageObject","inLanguage":"de","@id":"https:\/\/now-news.de\/de\/deutschland\/guatemala-amtseinfuehrung-des-neuen-praesidenten-als-huerdenlauf\/#primaryimage","url":"https:\/\/now-news.de\/de\/wp-content\/uploads\/sites\/3\/2024\/01\/Guatemala-Amtseinfuehrung-des-neuen-Praesidenten-als-Huerdenlauf.jpg","contentUrl":"https:\/\/now-news.de\/de\/wp-content\/uploads\/sites\/3\/2024\/01\/Guatemala-Amtseinfuehrung-des-neuen-Praesidenten-als-Huerdenlauf.jpg","width":460,"height":259,"caption":"Guatemala: Amtseinf\u00fchrung des neuen Pr\u00e4sidenten als H\u00fcrdenlauf"},{"@type":"BreadcrumbList","@id":"https:\/\/now-news.de\/de\/deutschland\/guatemala-amtseinfuehrung-des-neuen-praesidenten-als-huerdenlauf\/#breadcrumb","itemListElement":[{"@type":"ListItem","position":1,"name":"Home","item":"https:\/\/now-news.de\/de\/"},{"@type":"ListItem","position":2,"name":"Guatemala: Amtseinf\u00fchrung des neuen Pr\u00e4sidenten als H\u00fcrdenlauf"}]},{"@type":"WebSite","@id":"https:\/\/now-news.de\/de\/#website","url":"https:\/\/now-news.de\/de\/","name":"just-now.NEWS Deutschland","description":"Das Portal f\u00fcr unzensierte Nachrichten aus der Welt","publisher":{"@id":"https:\/\/now-news.de\/de\/#organization"},"potentialAction":[{"@type":"SearchAction","target":{"@type":"EntryPoint","urlTemplate":"https:\/\/now-news.de\/de\/?s={search_term_string}"},"query-input":"required name=search_term_string"}],"inLanguage":"de"},{"@type":"Organization","@id":"https:\/\/now-news.de\/de\/#organization","name":"Just Now News","url":"https:\/\/now-news.de\/de\/","logo":{"@type":"ImageObject","inLanguage":"de","@id":"https:\/\/now-news.de\/de\/#\/schema\/logo\/image\/","url":"http:\/\/just-now.news\/de\/wp-content\/uploads\/sites\/3\/2022\/04\/logo500x500.jpg","contentUrl":"http:\/\/just-now.news\/de\/wp-content\/uploads\/sites\/3\/2022\/04\/logo500x500.jpg","width":500,"height":500,"caption":"Just Now News"},"image":{"@id":"https:\/\/now-news.de\/de\/#\/schema\/logo\/image\/"},"sameAs":["https:\/\/www.facebook.com\/wirmachenauf","https:\/\/x.com\/WirMachenAuf_de"]},{"@type":"Person","@id":"https:\/\/now-news.de\/de\/#\/schema\/person\/fb534a4e865501d8b3285208df34a9b5","name":"rtnews","image":{"@type":"ImageObject","inLanguage":"de","@id":"https:\/\/now-news.de\/de\/#\/schema\/person\/image\/","url":"https:\/\/secure.gravatar.com\/avatar\/82aafea7d8127119dd649515f56e2117?s=96&d=mm&r=g","contentUrl":"https:\/\/secure.gravatar.com\/avatar\/82aafea7d8127119dd649515f56e2117?s=96&d=mm&r=g","caption":"rtnews"},"url":"https:\/\/now-news.de\/de\/author\/rnews\/"}]}},"_links":{"self":[{"href":"https:\/\/now-news.de\/de\/wp-json\/wp\/v2\/posts\/53387"}],"collection":[{"href":"https:\/\/now-news.de\/de\/wp-json\/wp\/v2\/posts"}],"about":[{"href":"https:\/\/now-news.de\/de\/wp-json\/wp\/v2\/types\/post"}],"author":[{"embeddable":true,"href":"https:\/\/now-news.de\/de\/wp-json\/wp\/v2\/users\/3"}],"replies":[{"embeddable":true,"href":"https:\/\/now-news.de\/de\/wp-json\/wp\/v2\/comments?post=53387"}],"version-history":[{"count":0,"href":"https:\/\/now-news.de\/de\/wp-json\/wp\/v2\/posts\/53387\/revisions"}],"wp:featuredmedia":[{"embeddable":true,"href":"https:\/\/now-news.de\/de\/wp-json\/wp\/v2\/media\/53388"}],"wp:attachment":[{"href":"https:\/\/now-news.de\/de\/wp-json\/wp\/v2\/media?parent=53387"}],"wp:term":[{"taxonomy":"category","embeddable":true,"href":"https:\/\/now-news.de\/de\/wp-json\/wp\/v2\/categories?post=53387"},{"taxonomy":"post_tag","embeddable":true,"href":"https:\/\/now-news.de\/de\/wp-json\/wp\/v2\/tags?post=53387"}],"curies":[{"name":"wp","href":"https:\/\/api.w.org\/{rel}","templated":true}]}}