{"id":53383,"date":"2024-01-17T09:38:39","date_gmt":"2024-01-17T07:38:39","guid":{"rendered":"https:\/\/just-now.news\/de\/deutschland\/polnische-medien-unsere-fabriken-schalten-auf-krieg-produktion-geht-volle-kraft-voraus\/"},"modified":"2024-01-17T09:38:39","modified_gmt":"2024-01-17T07:38:39","slug":"polnische-medien-unsere-fabriken-schalten-auf-krieg-produktion-geht-volle-kraft-voraus","status":"publish","type":"post","link":"https:\/\/now-news.de\/de\/deutschland\/polnische-medien-unsere-fabriken-schalten-auf-krieg-produktion-geht-volle-kraft-voraus\/","title":{"rendered":"Polnische Medien: &quot;Unsere Fabriken schalten auf Krieg. Produktion geht volle Kraft voraus&quot;"},"content":{"rendered":"<p><img decoding=\"async\" src=\"http:\/\/just-now.news\/de\/wp-content\/uploads\/sites\/3\/2024\/01\/65a6d4dbb480cc36f6032d40.jpg\" \/><\/p>\n<div class=\"Text-root Text-type_1 \">\n                Trotz interner Krisen in vielen EU-L\u00e4ndern laufen einige Priorit\u00e4ten unbeschwert weiter: etwa das Aufr\u00fcsten f\u00fcr den Krieg gegen Russland. Wo Berlin eher noch mit Lippenbekenntnissen das geschrumpfte Wirtschaftswachstum kaschiert, schuften in Polen die Waffenhersteller bereits auf Hochtouren.\n            <\/div>\n<p><\/p>\n<div class=\"Text-root Text-type_5 ArticleView-text ViewText-root \">\n<p><em>Von Elem Chintsky<\/em><\/p>\n<p>Eine erneut aufgefahrene Kakophonie aus kriegsl\u00fcsternen Stimmen in den EU-F\u00fchrungen erfasst die westliche Nachrichtensph\u00e4re. Zuletzt <a rel=\"nofollow noopener\" target=\"_blank\" href=\"https:\/\/www.thetimes.co.uk\/article\/russia-could-threaten-nato-borders-within-three-years-says-estonia-0zfnndpkf?region=global\">erkl\u00e4rte<\/a> die estnische Premierministerin Kaja Kallas gegen\u00fcber der <em>Times,<\/em> dass &#8220;Europa drei bis f\u00fcnf Jahre Zeit hat, um sich darauf vorzubereiten, dass Russland eine ernsthafte Bedrohung f\u00fcr die Ostflanke der NATO darstellen k\u00f6nnte.&#8221;\u00a0<\/p>\n<p><strong><\/strong>Wenn man sich nun die ganzen Milit\u00e4r\u00fcbungen der letzten Jahre an der Ostflanke anschaut, dr\u00e4ngt sich die Frage auf, gegen wen die wohl gerichtet waren.<\/p>\n<p><strong><\/strong>W\u00e4hrend die Ampelregierung und die <em>Bild-Zeitung<\/em> sich haupts\u00e4chlich durch psychologische Operationen mit Blick auf &#8220;geheime Bundeswehr-Szenarios eines immanenten russischen Angriffs auf Deutschland&#8221;\u00a0<a rel=\"nofollow noopener\" target=\"_blank\" href=\"https:\/\/www.bild.de\/bild-plus\/politik\/ausland\/politik-ausland\/exklusives-geheim-papier-bundeswehr-bereitet-sich-auf-putin-angriff-vor-86752990.bild.html\">koordinieren<\/a>, ist Polen erneut der eigentliche Streber im NATO-Klassenraum \u2013 und das trotz seit 1989 pr\u00e4zedenzloser innerer Krisen, die es parallel zu jonglieren vermag:<\/p>\n<p>Denn wie am Montag von der polnischen Tageszeitung <em>Rzeczpospolita<\/em>\u00a0<a rel=\"nofollow noopener\" target=\"_blank\" href=\"https:\/\/www.rp.pl\/biznes\/art39695381-polskie-fabryki-ida-na-wojne-produkcja-idzie-pelna-para\">berichtet<\/a>, bereiten sich &#8220;polnische Fabriken auf den Krieg vor [und] die Waffenproduktion l\u00e4uft auf Hochtouren.&#8221;<\/p>\n<p><strong><\/strong>Verfolgt man den Fluss der Investitionen und Subventionen, best\u00e4tigt sich diese Annahme. Die in der s\u00fcd\u00f6stlichen, polnischen Stadt Radom ans\u00e4ssige <a rel=\"nofollow noopener\" target=\"_blank\" href=\"https:\/\/fabrykabroni.pl\">Waffen-Fabrik<\/a> &#8220;\u0141ucznik&#8221; will in 24 Monaten imstande sein, 100.000 Gewehre pro Jahr zu produzieren.<\/p>\n<p>Viele dieser R\u00fcstungsfirmen wurden nicht lange vor Beginn des Ukrainekrieges im Februar 2022 modernisiert, f\u00fcr h\u00f6here Effektivit\u00e4t und Waren-Output.<\/p>\n<p><strong><\/strong>So hat zum Beispiel auch das im chemischen R\u00fcstungssektor dominante <a rel=\"nofollow noopener\" target=\"_blank\" href=\"https:\/\/www.nitrochem.com.pl\/en\/\">Werk<\/a>\u00a0&#8220;NITRO-CHEM&#8221; S.A. in Bydgoszcz die TNT-Produktion auf ihr maximales Niveau erh\u00f6ht. Das ist ein entscheidender polnischer Standort f\u00fcr alle Arten von Spreng- und Explosionsk\u00f6rpern, die\u00a0im industriellen Ma\u00dfstab hergestellt werden.<\/p>\n<p><strong><\/strong>Des Weiteren wurde die Panzerwagen- und Haubitzen-<a rel=\"nofollow noopener\" target=\"_blank\" href=\"https:\/\/www.hsw.pl\">Fabrik <\/a>Huta Stalowa Wola S.A. vom polnischen Staat angewiesen, ihre Lieferungen innerhalb von zwei Jahren zu verdoppeln.<\/p>\n<p><strong><\/strong>Mal fallen die Zeitr\u00e4ume &#8220;drei bis f\u00fcnf Jahre&#8221; (Estland), mal die Jahre &#8220;2024 oder 2025&#8221; (Deutschland) und mal h\u00f6rt man vermehrt die Deadline &#8220;in zwei Jahren&#8221;, welche der polnische Staat allgemein seinem R\u00fcstungssektor\u00a0einger\u00e4umt hat: Sie alle befassen sich mit der gef\u00e4hrlichen Falschbehauptung, Russland sei\u00a0eilends\u00a0mit der Angriffsvorbereitung auf die NATO-Ostflanke besch\u00e4ftigt. Damit dies als g\u00e4nzlich neue Enth\u00fcllung einer vermeintlich aufrichtigen, geopolitischen Analyse der renommiertesten Experten des Wertewestens gelten kann, ist man gleichzeitig gezwungen zu behaupten, dass alle NATO-\u00dcbungen der letzten zwanzig Jahre in Osteuropa \u2013 besonders im Bereich der Ostsee \u2013 in einem ideologischen Vakuum stattfanden. Ohne &#8220;Feindbild&#8221;. Dass diese Man\u00f6ver zumindest bis 2013\u20132014 &#8220;nichts mit Moskau zu tun gehabt h\u00e4tten.&#8221; Den eigenen Bev\u00f6lkerungen weiter ein so hohes Ma\u00df an Naivit\u00e4t\u00a0 abzuverlangen, ist eine gef\u00e4hrliche Anma\u00dfung. Die Rhetorik Deutschlands der letzten zwei Jahre zeigt \u2013 besonders im Hinblick auf die kosmetisch seit 1994 &#8220;obsolete&#8221; aber nicht aus dem UNO-Vertrag beseitigte Feindstaatenklausel \u2013, dass grobe Fahrl\u00e4ssigkeit und stumpfer Leichtsinn die wichtigsten Tugenden der deutschen F\u00fchrung sind. V\u00f6lkerrechtlich ist die Russische F\u00f6deration \u2013 als Erbin der Sowjetunion und somit Siegermacht nach dem Zweiten Weltkrieg \u2013 berechtigt, gegen den &#8220;Feindstaat&#8221; Deutschland Zwangsma\u00dfnahmen zu verh\u00e4ngen, und zwar ohne spezielle Erm\u00e4chtigung durch den UNO-Sicherheitsrat. Das\u00a0w\u00e4re ab dem Zeitpunkt m\u00f6glich, wo Moskau nach eigenem Ermessen deklariert, dass der juristisch zertifizierte &#8220;Feindstaat&#8221; Deutschland erneut begonnen hat, eine allzu aggressive Politik zu verfolgen. Die schmerzhafte Ironie ist, dass von allen heutigen Erben der Siegerm\u00e4chte Russland noch vor nicht allzu langer Zeit am ehesten bereit gewesen w\u00e4re, diese an Berlin haftende Feindstaatenklausel beseitigen zu lassen. Putin selbst sprach letztes Jahr von dem Faktum, dass die BRD &#8220;nicht souver\u00e4n&#8221; ist. War es doch auch die ehemalige Sowjetunion, die sich bedingungslos und in aufrichtiger Absicht aus der DDR und der Volksrepublik Polen g\u00e4nzlich zur\u00fcckgezogen hatte. Man kann die damalige Entscheidung Moskaus auch unter anderen Aspekten kritischer bewerten \u2013 aber diese Naivit\u00e4t zeugte zumindest von einem guten Willen gegen\u00fcber dem wiedervereinigten, deutschen Volk.<\/p>\n<p><strong><\/strong>Auch wenn milit\u00e4rstrategisch die Wahrscheinlichkeit f\u00fcr einen direkten Krieg zwischen der NATO und Russland nach wie vor relativ gering ist, muss das ganze auch in Polen neu produzierte Kriegsger\u00e4t zumindest verkauft, aber eigentlich auch irgendwo eingesetzt werden. Polen fungiert offensichtlich als ein US-amerikanisch-angels\u00e4chsischer Ersatz innerhalb eines bald kommenden post-EU-Raums, in dem sich die Bundesrepublik Deutschland signifikant dekonstruiert, de-industrialisiert und in die sicherheitspolitisch-wirtschaftliche Bedeutungslosigkeit entlassen hat.\u00a0<\/p>\n<p><strong><\/strong>Zumal am letzten Sonntag <em>The Economist<\/em> noch einmal eine <a rel=\"nofollow noopener\" target=\"_blank\" href=\"https:\/\/www.economist.com\/europe\/2024\/01\/14\/can-europe-arm-ukraine-or-even-itself\">ern\u00fcchternde Beobachtung<\/a> aufgestellt hat, mit dem Titel:<\/p>\n<blockquote>\n<p><em>&#8220;Kann Europa die Ukraine \u2013 oder sogar sich selbst \u2013 bewaffnen?&#8221;<\/em><\/p>\n<\/blockquote>\n<p>Das Journal zitiert darin den Experten der britischen Denkfabrik Royal United Services Institute for Defence and Security Studies, Jack Watling, der behauptete, dass &#8220;der Westen nun vor einer Entscheidung steht. Er kann der Ukraine geben, was sie braucht, oder einen unwiederbringlichen Vorteil an Russland abtreten.&#8221; Auch mit der Medienl\u00fcge eines &#8220;milit\u00e4rischen Patts&#8221; zwischen dem Kiewer Regime und Moskau r\u00e4umen die Autoren unterschwellig auf, indem\u00a0sie das vollkommen ausgewogene Kr\u00e4fteverh\u00e4ltnis eingestehen. Die wenigen in Polen aufrichtig aufgefahrenen R\u00fcstungsbem\u00fchungen, die man in der EU anteilig beobachten k\u00f6nne, seien laut dem britischen NATO-Blatt Absicherungen gegen eine neue US-Pr\u00e4sidentschaft Donald Trumps, die offensichtlich den verheerenden, aber selbstverschuldeten Verpflichtungen der EU fr\u00fchzeitig den R\u00fccken kehren w\u00fcrde. Man hoffe, dass im Februar die von Budapest blockierten 50 Milliarden Euro an EU-Kriegshilfe, welche Br\u00fcssel dem Kiewer Regime liefern m\u00f6chte, doch noch ausgezahlt werden k\u00f6nnen. Die Hoffnung stirbt bekanntlich zuletzt \u2013 analog zu der Wahrheit, die als Erste abtreten musste.<\/p>\n<p><strong><\/strong><em><strong>Elem Chintsky<\/strong> ist ein deutsch-polnischer Journalist, der zu geopolitischen, historischen, finanziellen und kulturellen Themen schreibt. Die fruchtbare Zusammenarbeit mit RT DE besteht seit 2017. Seit Anfang 2020 lebt und arbeitet der freischaffende Autor im russischen Sankt Petersburg. Der urspr\u00fcnglich als Filmregisseur und Drehbuchautor ausgebildete Chintsky betreibt au\u00dferdem einen eigenen <a rel=\"nofollow noopener\" target=\"_blank\" href=\"https:\/\/t.me\/elemread\">Kanal auf Telegram<\/a>, auf dem man noch mehr von ihm lesen kann.<\/em><\/p>\n<p><strong>Mehr zum Thema<\/strong> &#8211;\u00a0 <a rel=\"nofollow noopener\" target=\"_blank\" href=\"https:\/\/freedert.online\/international\/192421-westen-zu-ukraine-verhandlungsbereit-russland-wird-nur-zu-kiews-kapitulation-verhandeln\/\">Was will der Westen verhandeln? Russland verhandelt nur \u00fcber Kiews Kapitulation<\/a><em><\/em><\/p>\n<\/p>\n<\/div>\n<p><br \/>\n<br \/><a href=\"https:\/\/de.rt.com\/europa\/192952-polnische-medien-unsere-fabriken-schalten\/\">Source link <\/a><\/p>\n","protected":false},"excerpt":{"rendered":"<p>Trotz interner Krisen in vielen EU-L\u00e4ndern laufen einige Priorit\u00e4ten unbeschwert weiter: etwa das Aufr\u00fcsten f\u00fcr den Krieg gegen Russland. Wo Berlin eher noch mit Lippenbekenntnissen das geschrumpfte Wirtschaftswachstum kaschiert, schuften in Polen die Waffenhersteller bereits auf Hochtouren. Von Elem Chintsky Eine erneut aufgefahrene Kakophonie aus kriegsl\u00fcsternen Stimmen in den EU-F\u00fchrungen erfasst die westliche Nachrichtensph\u00e4re. Zuletzt [&hellip;]<\/p>\n","protected":false},"author":3,"featured_media":53384,"comment_status":"open","ping_status":"open","sticky":false,"template":"","format":"standard","meta":{"_yoast_indexnow_last_ping":["1705477428"],"wp_automatic_camp":["217"],"53336888ba8f0228350a3cc6b7f055a0":["Polnische Medien: &quot;Unsere Fabriken schalten auf Krieg. Produktion geht volle Kraft voraus&quot;"],"original_link":["https:\/\/de.rt.com\/europa\/192952-polnische-medien-unsere-fabriken-schalten\/"],"_thumbnail_id":["53384"],"_wptgpro_p2tg_sent2tg":["a:1:{i:23737;s:19:\"2024-01-17 09:45:06\";}"],"jnews_social_counter_last_update":["1777649926"]},"categories":[19,23],"tags":[133,10396,1673,13722,130,580,32076,3315,22331,20609,32296,52519],"yoast_head":"<!-- This site is optimized with the Yoast SEO Premium plugin v22.7 (Yoast SEO v22.7) - https:\/\/yoast.com\/wordpress\/plugins\/seo\/ -->\n<title>Polnische Medien: &quot;Unsere Fabriken schalten auf Krieg. Produktion geht volle Kraft voraus&quot; - just-now.NEWS Deutschland<\/title>\n<meta name=\"robots\" content=\"index, follow, max-snippet:-1, max-image-preview:large, max-video-preview:-1\" \/>\n<link rel=\"canonical\" href=\"https:\/\/now-news.de\/de\/deutschland\/polnische-medien-unsere-fabriken-schalten-auf-krieg-produktion-geht-volle-kraft-voraus\/\" \/>\n<meta property=\"og:locale\" content=\"de_DE\" \/>\n<meta property=\"og:type\" content=\"article\" \/>\n<meta property=\"og:title\" content=\"Polnische Medien: &quot;Unsere Fabriken schalten auf Krieg. Produktion geht volle Kraft voraus&quot;\" \/>\n<meta property=\"og:description\" content=\"Trotz interner Krisen in vielen EU-L\u00e4ndern laufen einige Priorit\u00e4ten unbeschwert weiter: etwa das Aufr\u00fcsten f\u00fcr den Krieg gegen Russland. Wo Berlin eher noch mit Lippenbekenntnissen das geschrumpfte Wirtschaftswachstum kaschiert, schuften in Polen die Waffenhersteller bereits auf Hochtouren. Von Elem Chintsky Eine erneut aufgefahrene Kakophonie aus kriegsl\u00fcsternen Stimmen in den EU-F\u00fchrungen erfasst die westliche Nachrichtensph\u00e4re. Zuletzt [&hellip;]\" \/>\n<meta property=\"og:url\" content=\"https:\/\/now-news.de\/de\/deutschland\/polnische-medien-unsere-fabriken-schalten-auf-krieg-produktion-geht-volle-kraft-voraus\/\" \/>\n<meta property=\"og:site_name\" content=\"just-now.NEWS Deutschland\" \/>\n<meta property=\"article:publisher\" content=\"https:\/\/www.facebook.com\/wirmachenauf\" \/>\n<meta property=\"article:published_time\" content=\"2024-01-17T07:38:39+00:00\" \/>\n<meta property=\"og:image\" content=\"https:\/\/now-news.de\/de\/wp-content\/uploads\/sites\/3\/2024\/01\/Polnische-Medien-quotUnsere-Fabriken-schalten-auf-Krieg-Produktion-geht-volle.jpg\" \/>\n\t<meta property=\"og:image:width\" content=\"460\" \/>\n\t<meta property=\"og:image:height\" content=\"259\" \/>\n\t<meta property=\"og:image:type\" content=\"image\/jpeg\" \/>\n<meta name=\"author\" content=\"rtnews\" \/>\n<meta name=\"twitter:card\" content=\"summary_large_image\" \/>\n<meta name=\"twitter:creator\" content=\"@WirMachenAuf_de\" \/>\n<meta name=\"twitter:site\" content=\"@WirMachenAuf_de\" \/>\n<meta name=\"twitter:label1\" content=\"Verfasst von\" \/>\n\t<meta name=\"twitter:data1\" content=\"rtnews\" \/>\n\t<meta name=\"twitter:label2\" content=\"Gesch\u00e4tzte Lesezeit\" \/>\n\t<meta name=\"twitter:data2\" content=\"5\u00a0Minuten\" \/>\n<script type=\"application\/ld+json\" class=\"yoast-schema-graph\">{\"@context\":\"https:\/\/schema.org\",\"@graph\":[{\"@type\":\"Article\",\"@id\":\"https:\/\/now-news.de\/de\/deutschland\/polnische-medien-unsere-fabriken-schalten-auf-krieg-produktion-geht-volle-kraft-voraus\/#article\",\"isPartOf\":{\"@id\":\"https:\/\/now-news.de\/de\/deutschland\/polnische-medien-unsere-fabriken-schalten-auf-krieg-produktion-geht-volle-kraft-voraus\/\"},\"author\":{\"name\":\"rtnews\",\"@id\":\"https:\/\/now-news.de\/de\/#\/schema\/person\/fb534a4e865501d8b3285208df34a9b5\"},\"headline\":\"Polnische Medien: &quot;Unsere Fabriken schalten auf Krieg. Produktion geht volle Kraft voraus&quot;\",\"datePublished\":\"2024-01-17T07:38:39+00:00\",\"dateModified\":\"2024-01-17T07:38:39+00:00\",\"mainEntityOfPage\":{\"@id\":\"https:\/\/now-news.de\/de\/deutschland\/polnische-medien-unsere-fabriken-schalten-auf-krieg-produktion-geht-volle-kraft-voraus\/\"},\"wordCount\":1027,\"commentCount\":0,\"publisher\":{\"@id\":\"https:\/\/now-news.de\/de\/#organization\"},\"image\":{\"@id\":\"https:\/\/now-news.de\/de\/deutschland\/polnische-medien-unsere-fabriken-schalten-auf-krieg-produktion-geht-volle-kraft-voraus\/#primaryimage\"},\"thumbnailUrl\":\"https:\/\/now-news.de\/de\/wp-content\/uploads\/sites\/3\/2024\/01\/Polnische-Medien-quotUnsere-Fabriken-schalten-auf-Krieg-Produktion-geht-volle.jpg\",\"keywords\":[\"AUF\",\"Fabriken\",\"Geht\",\"Kraft\",\"krieg\",\"Medien\",\"Polnische\",\"Produktion\",\"quotUnsere\",\"schalten\",\"Volle\",\"vorausquot\"],\"articleSection\":[\"Deutschland\",\"Russland\"],\"inLanguage\":\"de\",\"potentialAction\":[{\"@type\":\"CommentAction\",\"name\":\"Comment\",\"target\":[\"https:\/\/now-news.de\/de\/deutschland\/polnische-medien-unsere-fabriken-schalten-auf-krieg-produktion-geht-volle-kraft-voraus\/#respond\"]}]},{\"@type\":\"WebPage\",\"@id\":\"https:\/\/now-news.de\/de\/deutschland\/polnische-medien-unsere-fabriken-schalten-auf-krieg-produktion-geht-volle-kraft-voraus\/\",\"url\":\"https:\/\/now-news.de\/de\/deutschland\/polnische-medien-unsere-fabriken-schalten-auf-krieg-produktion-geht-volle-kraft-voraus\/\",\"name\":\"Polnische Medien: &quot;Unsere Fabriken schalten auf Krieg. Produktion geht volle Kraft voraus&quot; - just-now.NEWS Deutschland\",\"isPartOf\":{\"@id\":\"https:\/\/now-news.de\/de\/#website\"},\"primaryImageOfPage\":{\"@id\":\"https:\/\/now-news.de\/de\/deutschland\/polnische-medien-unsere-fabriken-schalten-auf-krieg-produktion-geht-volle-kraft-voraus\/#primaryimage\"},\"image\":{\"@id\":\"https:\/\/now-news.de\/de\/deutschland\/polnische-medien-unsere-fabriken-schalten-auf-krieg-produktion-geht-volle-kraft-voraus\/#primaryimage\"},\"thumbnailUrl\":\"https:\/\/now-news.de\/de\/wp-content\/uploads\/sites\/3\/2024\/01\/Polnische-Medien-quotUnsere-Fabriken-schalten-auf-Krieg-Produktion-geht-volle.jpg\",\"datePublished\":\"2024-01-17T07:38:39+00:00\",\"dateModified\":\"2024-01-17T07:38:39+00:00\",\"breadcrumb\":{\"@id\":\"https:\/\/now-news.de\/de\/deutschland\/polnische-medien-unsere-fabriken-schalten-auf-krieg-produktion-geht-volle-kraft-voraus\/#breadcrumb\"},\"inLanguage\":\"de\",\"potentialAction\":[{\"@type\":\"ReadAction\",\"target\":[\"https:\/\/now-news.de\/de\/deutschland\/polnische-medien-unsere-fabriken-schalten-auf-krieg-produktion-geht-volle-kraft-voraus\/\"]}]},{\"@type\":\"ImageObject\",\"inLanguage\":\"de\",\"@id\":\"https:\/\/now-news.de\/de\/deutschland\/polnische-medien-unsere-fabriken-schalten-auf-krieg-produktion-geht-volle-kraft-voraus\/#primaryimage\",\"url\":\"https:\/\/now-news.de\/de\/wp-content\/uploads\/sites\/3\/2024\/01\/Polnische-Medien-quotUnsere-Fabriken-schalten-auf-Krieg-Produktion-geht-volle.jpg\",\"contentUrl\":\"https:\/\/now-news.de\/de\/wp-content\/uploads\/sites\/3\/2024\/01\/Polnische-Medien-quotUnsere-Fabriken-schalten-auf-Krieg-Produktion-geht-volle.jpg\",\"width\":460,\"height\":259,\"caption\":\"Polnische Medien: &quot;Unsere Fabriken schalten auf Krieg. Produktion geht volle Kraft voraus&quot;\"},{\"@type\":\"BreadcrumbList\",\"@id\":\"https:\/\/now-news.de\/de\/deutschland\/polnische-medien-unsere-fabriken-schalten-auf-krieg-produktion-geht-volle-kraft-voraus\/#breadcrumb\",\"itemListElement\":[{\"@type\":\"ListItem\",\"position\":1,\"name\":\"Home\",\"item\":\"https:\/\/now-news.de\/de\/\"},{\"@type\":\"ListItem\",\"position\":2,\"name\":\"Polnische Medien: &quot;Unsere Fabriken schalten auf Krieg. Produktion geht volle Kraft voraus&quot;\"}]},{\"@type\":\"WebSite\",\"@id\":\"https:\/\/now-news.de\/de\/#website\",\"url\":\"https:\/\/now-news.de\/de\/\",\"name\":\"just-now.NEWS Deutschland\",\"description\":\"Das Portal f\u00fcr unzensierte Nachrichten aus der Welt\",\"publisher\":{\"@id\":\"https:\/\/now-news.de\/de\/#organization\"},\"potentialAction\":[{\"@type\":\"SearchAction\",\"target\":{\"@type\":\"EntryPoint\",\"urlTemplate\":\"https:\/\/now-news.de\/de\/?s={search_term_string}\"},\"query-input\":\"required name=search_term_string\"}],\"inLanguage\":\"de\"},{\"@type\":\"Organization\",\"@id\":\"https:\/\/now-news.de\/de\/#organization\",\"name\":\"Just Now News\",\"url\":\"https:\/\/now-news.de\/de\/\",\"logo\":{\"@type\":\"ImageObject\",\"inLanguage\":\"de\",\"@id\":\"https:\/\/now-news.de\/de\/#\/schema\/logo\/image\/\",\"url\":\"http:\/\/just-now.news\/de\/wp-content\/uploads\/sites\/3\/2022\/04\/logo500x500.jpg\",\"contentUrl\":\"http:\/\/just-now.news\/de\/wp-content\/uploads\/sites\/3\/2022\/04\/logo500x500.jpg\",\"width\":500,\"height\":500,\"caption\":\"Just Now News\"},\"image\":{\"@id\":\"https:\/\/now-news.de\/de\/#\/schema\/logo\/image\/\"},\"sameAs\":[\"https:\/\/www.facebook.com\/wirmachenauf\",\"https:\/\/x.com\/WirMachenAuf_de\"]},{\"@type\":\"Person\",\"@id\":\"https:\/\/now-news.de\/de\/#\/schema\/person\/fb534a4e865501d8b3285208df34a9b5\",\"name\":\"rtnews\",\"image\":{\"@type\":\"ImageObject\",\"inLanguage\":\"de\",\"@id\":\"https:\/\/now-news.de\/de\/#\/schema\/person\/image\/\",\"url\":\"https:\/\/secure.gravatar.com\/avatar\/82aafea7d8127119dd649515f56e2117?s=96&d=mm&r=g\",\"contentUrl\":\"https:\/\/secure.gravatar.com\/avatar\/82aafea7d8127119dd649515f56e2117?s=96&d=mm&r=g\",\"caption\":\"rtnews\"},\"url\":\"https:\/\/now-news.de\/de\/author\/rnews\/\"}]}<\/script>\n<!-- \/ Yoast SEO Premium plugin. -->","yoast_head_json":{"title":"Polnische Medien: &quot;Unsere Fabriken schalten auf Krieg. Produktion geht volle Kraft voraus&quot; - just-now.NEWS Deutschland","robots":{"index":"index","follow":"follow","max-snippet":"max-snippet:-1","max-image-preview":"max-image-preview:large","max-video-preview":"max-video-preview:-1"},"canonical":"https:\/\/now-news.de\/de\/deutschland\/polnische-medien-unsere-fabriken-schalten-auf-krieg-produktion-geht-volle-kraft-voraus\/","og_locale":"de_DE","og_type":"article","og_title":"Polnische Medien: &quot;Unsere Fabriken schalten auf Krieg. Produktion geht volle Kraft voraus&quot;","og_description":"Trotz interner Krisen in vielen EU-L\u00e4ndern laufen einige Priorit\u00e4ten unbeschwert weiter: etwa das Aufr\u00fcsten f\u00fcr den Krieg gegen Russland. Wo Berlin eher noch mit Lippenbekenntnissen das geschrumpfte Wirtschaftswachstum kaschiert, schuften in Polen die Waffenhersteller bereits auf Hochtouren. Von Elem Chintsky Eine erneut aufgefahrene Kakophonie aus kriegsl\u00fcsternen Stimmen in den EU-F\u00fchrungen erfasst die westliche Nachrichtensph\u00e4re. Zuletzt [&hellip;]","og_url":"https:\/\/now-news.de\/de\/deutschland\/polnische-medien-unsere-fabriken-schalten-auf-krieg-produktion-geht-volle-kraft-voraus\/","og_site_name":"just-now.NEWS Deutschland","article_publisher":"https:\/\/www.facebook.com\/wirmachenauf","article_published_time":"2024-01-17T07:38:39+00:00","og_image":[{"width":460,"height":259,"url":"https:\/\/now-news.de\/de\/wp-content\/uploads\/sites\/3\/2024\/01\/Polnische-Medien-quotUnsere-Fabriken-schalten-auf-Krieg-Produktion-geht-volle.jpg","type":"image\/jpeg"}],"author":"rtnews","twitter_card":"summary_large_image","twitter_creator":"@WirMachenAuf_de","twitter_site":"@WirMachenAuf_de","twitter_misc":{"Verfasst von":"rtnews","Gesch\u00e4tzte Lesezeit":"5\u00a0Minuten"},"schema":{"@context":"https:\/\/schema.org","@graph":[{"@type":"Article","@id":"https:\/\/now-news.de\/de\/deutschland\/polnische-medien-unsere-fabriken-schalten-auf-krieg-produktion-geht-volle-kraft-voraus\/#article","isPartOf":{"@id":"https:\/\/now-news.de\/de\/deutschland\/polnische-medien-unsere-fabriken-schalten-auf-krieg-produktion-geht-volle-kraft-voraus\/"},"author":{"name":"rtnews","@id":"https:\/\/now-news.de\/de\/#\/schema\/person\/fb534a4e865501d8b3285208df34a9b5"},"headline":"Polnische Medien: &quot;Unsere Fabriken schalten auf Krieg. Produktion geht volle Kraft voraus&quot;","datePublished":"2024-01-17T07:38:39+00:00","dateModified":"2024-01-17T07:38:39+00:00","mainEntityOfPage":{"@id":"https:\/\/now-news.de\/de\/deutschland\/polnische-medien-unsere-fabriken-schalten-auf-krieg-produktion-geht-volle-kraft-voraus\/"},"wordCount":1027,"commentCount":0,"publisher":{"@id":"https:\/\/now-news.de\/de\/#organization"},"image":{"@id":"https:\/\/now-news.de\/de\/deutschland\/polnische-medien-unsere-fabriken-schalten-auf-krieg-produktion-geht-volle-kraft-voraus\/#primaryimage"},"thumbnailUrl":"https:\/\/now-news.de\/de\/wp-content\/uploads\/sites\/3\/2024\/01\/Polnische-Medien-quotUnsere-Fabriken-schalten-auf-Krieg-Produktion-geht-volle.jpg","keywords":["AUF","Fabriken","Geht","Kraft","krieg","Medien","Polnische","Produktion","quotUnsere","schalten","Volle","vorausquot"],"articleSection":["Deutschland","Russland"],"inLanguage":"de","potentialAction":[{"@type":"CommentAction","name":"Comment","target":["https:\/\/now-news.de\/de\/deutschland\/polnische-medien-unsere-fabriken-schalten-auf-krieg-produktion-geht-volle-kraft-voraus\/#respond"]}]},{"@type":"WebPage","@id":"https:\/\/now-news.de\/de\/deutschland\/polnische-medien-unsere-fabriken-schalten-auf-krieg-produktion-geht-volle-kraft-voraus\/","url":"https:\/\/now-news.de\/de\/deutschland\/polnische-medien-unsere-fabriken-schalten-auf-krieg-produktion-geht-volle-kraft-voraus\/","name":"Polnische Medien: &quot;Unsere Fabriken schalten auf Krieg. Produktion geht volle Kraft voraus&quot; - just-now.NEWS Deutschland","isPartOf":{"@id":"https:\/\/now-news.de\/de\/#website"},"primaryImageOfPage":{"@id":"https:\/\/now-news.de\/de\/deutschland\/polnische-medien-unsere-fabriken-schalten-auf-krieg-produktion-geht-volle-kraft-voraus\/#primaryimage"},"image":{"@id":"https:\/\/now-news.de\/de\/deutschland\/polnische-medien-unsere-fabriken-schalten-auf-krieg-produktion-geht-volle-kraft-voraus\/#primaryimage"},"thumbnailUrl":"https:\/\/now-news.de\/de\/wp-content\/uploads\/sites\/3\/2024\/01\/Polnische-Medien-quotUnsere-Fabriken-schalten-auf-Krieg-Produktion-geht-volle.jpg","datePublished":"2024-01-17T07:38:39+00:00","dateModified":"2024-01-17T07:38:39+00:00","breadcrumb":{"@id":"https:\/\/now-news.de\/de\/deutschland\/polnische-medien-unsere-fabriken-schalten-auf-krieg-produktion-geht-volle-kraft-voraus\/#breadcrumb"},"inLanguage":"de","potentialAction":[{"@type":"ReadAction","target":["https:\/\/now-news.de\/de\/deutschland\/polnische-medien-unsere-fabriken-schalten-auf-krieg-produktion-geht-volle-kraft-voraus\/"]}]},{"@type":"ImageObject","inLanguage":"de","@id":"https:\/\/now-news.de\/de\/deutschland\/polnische-medien-unsere-fabriken-schalten-auf-krieg-produktion-geht-volle-kraft-voraus\/#primaryimage","url":"https:\/\/now-news.de\/de\/wp-content\/uploads\/sites\/3\/2024\/01\/Polnische-Medien-quotUnsere-Fabriken-schalten-auf-Krieg-Produktion-geht-volle.jpg","contentUrl":"https:\/\/now-news.de\/de\/wp-content\/uploads\/sites\/3\/2024\/01\/Polnische-Medien-quotUnsere-Fabriken-schalten-auf-Krieg-Produktion-geht-volle.jpg","width":460,"height":259,"caption":"Polnische Medien: &quot;Unsere Fabriken schalten auf Krieg. Produktion geht volle Kraft voraus&quot;"},{"@type":"BreadcrumbList","@id":"https:\/\/now-news.de\/de\/deutschland\/polnische-medien-unsere-fabriken-schalten-auf-krieg-produktion-geht-volle-kraft-voraus\/#breadcrumb","itemListElement":[{"@type":"ListItem","position":1,"name":"Home","item":"https:\/\/now-news.de\/de\/"},{"@type":"ListItem","position":2,"name":"Polnische Medien: &quot;Unsere Fabriken schalten auf Krieg. Produktion geht volle Kraft voraus&quot;"}]},{"@type":"WebSite","@id":"https:\/\/now-news.de\/de\/#website","url":"https:\/\/now-news.de\/de\/","name":"just-now.NEWS Deutschland","description":"Das Portal f\u00fcr unzensierte Nachrichten aus der Welt","publisher":{"@id":"https:\/\/now-news.de\/de\/#organization"},"potentialAction":[{"@type":"SearchAction","target":{"@type":"EntryPoint","urlTemplate":"https:\/\/now-news.de\/de\/?s={search_term_string}"},"query-input":"required name=search_term_string"}],"inLanguage":"de"},{"@type":"Organization","@id":"https:\/\/now-news.de\/de\/#organization","name":"Just Now News","url":"https:\/\/now-news.de\/de\/","logo":{"@type":"ImageObject","inLanguage":"de","@id":"https:\/\/now-news.de\/de\/#\/schema\/logo\/image\/","url":"http:\/\/just-now.news\/de\/wp-content\/uploads\/sites\/3\/2022\/04\/logo500x500.jpg","contentUrl":"http:\/\/just-now.news\/de\/wp-content\/uploads\/sites\/3\/2022\/04\/logo500x500.jpg","width":500,"height":500,"caption":"Just Now News"},"image":{"@id":"https:\/\/now-news.de\/de\/#\/schema\/logo\/image\/"},"sameAs":["https:\/\/www.facebook.com\/wirmachenauf","https:\/\/x.com\/WirMachenAuf_de"]},{"@type":"Person","@id":"https:\/\/now-news.de\/de\/#\/schema\/person\/fb534a4e865501d8b3285208df34a9b5","name":"rtnews","image":{"@type":"ImageObject","inLanguage":"de","@id":"https:\/\/now-news.de\/de\/#\/schema\/person\/image\/","url":"https:\/\/secure.gravatar.com\/avatar\/82aafea7d8127119dd649515f56e2117?s=96&d=mm&r=g","contentUrl":"https:\/\/secure.gravatar.com\/avatar\/82aafea7d8127119dd649515f56e2117?s=96&d=mm&r=g","caption":"rtnews"},"url":"https:\/\/now-news.de\/de\/author\/rnews\/"}]}},"_links":{"self":[{"href":"https:\/\/now-news.de\/de\/wp-json\/wp\/v2\/posts\/53383"}],"collection":[{"href":"https:\/\/now-news.de\/de\/wp-json\/wp\/v2\/posts"}],"about":[{"href":"https:\/\/now-news.de\/de\/wp-json\/wp\/v2\/types\/post"}],"author":[{"embeddable":true,"href":"https:\/\/now-news.de\/de\/wp-json\/wp\/v2\/users\/3"}],"replies":[{"embeddable":true,"href":"https:\/\/now-news.de\/de\/wp-json\/wp\/v2\/comments?post=53383"}],"version-history":[{"count":0,"href":"https:\/\/now-news.de\/de\/wp-json\/wp\/v2\/posts\/53383\/revisions"}],"wp:featuredmedia":[{"embeddable":true,"href":"https:\/\/now-news.de\/de\/wp-json\/wp\/v2\/media\/53384"}],"wp:attachment":[{"href":"https:\/\/now-news.de\/de\/wp-json\/wp\/v2\/media?parent=53383"}],"wp:term":[{"taxonomy":"category","embeddable":true,"href":"https:\/\/now-news.de\/de\/wp-json\/wp\/v2\/categories?post=53383"},{"taxonomy":"post_tag","embeddable":true,"href":"https:\/\/now-news.de\/de\/wp-json\/wp\/v2\/tags?post=53383"}],"curies":[{"name":"wp","href":"https:\/\/api.w.org\/{rel}","templated":true}]}}