{"id":53323,"date":"2024-01-16T14:28:46","date_gmt":"2024-01-16T12:28:46","guid":{"rendered":"https:\/\/just-now.news\/de\/deutschland\/schweizer-aussenpolitiker-nach-selenskij-sollte-auch-putin-nach-bern-kommen\/"},"modified":"2024-01-16T14:28:46","modified_gmt":"2024-01-16T12:28:46","slug":"schweizer-aussenpolitiker-nach-selenskij-sollte-auch-putin-nach-bern-kommen","status":"publish","type":"post","link":"https:\/\/now-news.de\/de\/deutschland\/schweizer-aussenpolitiker-nach-selenskij-sollte-auch-putin-nach-bern-kommen\/","title":{"rendered":"Schweizer Au\u00dfenpolitiker: Nach Selenskij sollte auch Putin nach Bern kommen"},"content":{"rendered":"<p><img decoding=\"async\" src=\"http:\/\/just-now.news\/de\/wp-content\/uploads\/sites\/3\/2024\/01\/65a63a1eb480cc4316092116.jpg\" \/><\/p>\n<div class=\"Text-root Text-type_1 \">\n                Ein brisanter WEF-Auftakt: In der Schweiz beginnt nach dem Besuch Selenskijs eine Neutralit\u00e4tsdebatte. Die Schweizerische Volkspartei (SVP) fordert, auch Putin einzuladen, w\u00e4hrend die &#8220;linke Mitte&#8221; schweizerische Sicherheitsinteressen betont. Spannung um den schmalen Grat der Neutralit\u00e4t.\n            <\/div>\n<p><\/p>\n<div class=\"Text-root Text-type_5 ArticleView-text ViewText-root \">\n<p>Mit der offiziellen Er\u00f6ffnung des Weltwirtschaftsforums (WEF) durch die Bundespr\u00e4sidentin Viola Amherd, die k\u00fcrzlich den ukrainischen Pr\u00e4sidenten Wladimir Selenskij traf, r\u00fcckt nicht nur die globale Wirtschaft in den Fokus der Veranstaltung, sondern auch die Neutralit\u00e4t der Schweiz.<\/p>\n<p>Amherd, beeindruckt von Selenskis anscheinend ungebremster <a rel=\"nofollow noopener\" target=\"_blank\" href=\"https:\/\/www.blick.ch\/politik\/bundespraesidentin-amherd-im-interview-selenskis-energie-hat-mich-beeindruckt-id19334877.html\">Energie<\/a>, laut <a rel=\"nofollow noopener\" target=\"_blank\" href=\"https:\/\/www.blick.ch\/politik\/bundespraesidentin-amherd-im-interview-selenskis-energie-hat-mich-beeindruckt-id19334877.html\">Schweizer Medien<\/a> sogar etwas zu energisch vorgetragen, er\u00f6ffnete das WEF mit ihrem Blick auf die globalen Herausforderungen. Doch abseits der internationalen B\u00fchne entfachte Selenskijs Besuch eine Diskussion \u00fcber die schweizerische Neutralit\u00e4t. Der SVP-Au\u00dfenpolitiker Roland Rino B\u00fcchel setzt sich nun konstruktiv und konsequent f\u00fcr eine Einladung des russischen Pr\u00e4sidenten Wladimir Putin nach Bern ein, w\u00e4hrend die Mitte-Links-Fraktion den Besuch Selenskijs als einen Schritt im Interesse der Schweizer Sicherheitspolitik begr\u00fc\u00dfte. Als Au\u00dfenpolitiker der Schweizerischen Volkspartei <a rel=\"nofollow noopener\" target=\"_blank\" href=\"https:\/\/www.20min.ch\/story\/neutralitaet-wahren-svpler-moechte-nach-selenski-auch-putin-nach-bern-einladen-103021084\">betonte<\/a>: B\u00fcchel: &#8220;Ich bin bald schon nicht mehr erstaunt, wie bedingungslos sich die Schweiz auf die Seite einer Kriegspartei schl\u00e4gt.&#8221; Es sei &#8220;<a rel=\"nofollow noopener\" target=\"_blank\" href=\"https:\/\/www.20min.ch\/story\/neutralitaet-wahren-svpler-moechte-nach-selenski-auch-putin-nach-bern-einladen-103021084\">clever<\/a>&#8221; von Selenskij, auch die Parteien getroffen zu haben, um dort &#8220;Stimmung zu machen&#8221;. &#8220;Die Schweiz kann die Neutralit\u00e4t nur bewahren, wenn sie auch Wladimir Putin nach Bern einl\u00e4dt.&#8221; Der Bundesrat habe diese T\u00fcr aber durch &#8220;sein Verhalten in letzter Zeit quasi selbst geschlossen&#8221;.<\/p>\n<p>Die SVP, bekannt f\u00fcr ihre Kritik am\u00a0Ukraine-Krieg\u00a0und ihre skeptische Haltung gegen\u00fcber der Europ\u00e4ischen Union, blieb einem Treffen mit Selenskij <a rel=\"nofollow noopener\" target=\"_blank\" href=\"https:\/\/www.aargauerzeitung.ch\/schweiz\/treffen-in-bern-selenski-neutralitaet-heisst-nicht-die-realitaet-zu-ignorieren-schweiz-plant-hochrangigen-friedensgipfel-ld.2565631\">demonstrativ fern<\/a>. B\u00fcchel betont leidenschaftlich, dass die &#8220;noch neutrale Schweiz&#8221; nicht bedingungslos auf die Seite einer Kriegspartei schlittern sollte. <a rel=\"nofollow noopener\" target=\"_blank\" href=\"https:\/\/www.20min.ch\/story\/neutralitaet-wahren-svpler-moechte-nach-selenski-auch-putin-nach-bern-einladen-103021084\">Seine mahnenden Worte<\/a> hallen durch die politische Arena: &#8220;Die neutrale Schweiz darf in diesem sinnlosen Gemetzel keine Partei ergreifen.&#8221;<\/p>\n<p>Die Erinnerung an den fr\u00fcheren Boykott einer Videokonferenzschaltung f\u00fcr Selenskij in den Nationalratssaal st\u00e4rkt die Position der SVP. Diese Partei betont, dass die Friedensgespr\u00e4che in Davos &#8220;absurd&#8221; seien, solange Russland nicht mit am Verhandlungstisch sitzen darf. B\u00fcchel unterstreicht die Notwendigkeit, die Schweizer Neutralit\u00e4t zu wahren, indem auch Putin nach Bern eingeladen werde.<\/p>\n<p>Die Schweiz, dem Anschein nach unverschuldet zwischen den Fronten gefangen, steht vor einer bedeutenden Herausforderung. Die Frage, ob auch Putin nach Bern eingeladen werden sollte, spaltet die Meinungen in der Schweiz und setzt den Bundesrat unter Druck. Die Haltung des Landes in dieser Angelegenheit wird als entscheidend f\u00fcr die Zukunft der schweizerischen Neutralit\u00e4t betrachtet.<\/p>\n<p>In der Diskussion \u00fcber die Grunds\u00e4tze seiner Diplomatie balanciert die Schweiz weiter auf einem schmalen Grat ihrer Neutralit\u00e4t. Der Besuch des <a rel=\"nofollow noopener\" target=\"_blank\" href=\"https:\/\/www.blick.ch\/politik\/bundespraesidentin-amherd-im-interview-selenskis-energie-hat-mich-beeindruckt-id19334877.html\">siegessicheren<\/a> Selenskij hat nicht nur politische Debatten ausgel\u00f6st, sondern vielmehr sogar eine tiefgreifende Diskussion \u00fcber die Grundpfeiler der schweizerischen Au\u00dfenpolitik entfacht. Die Zukunft wird zeigen, ob das Land in der Lage sein wird, diese Herausforderung zu meistern, ohne dabei seine traditionelle Neutralit\u00e4t aufzugeben.<\/p>\n<p><strong>Mehr zum Thema<\/strong>\u00a0&#8211; <a rel=\"nofollow noopener\" target=\"_blank\" href=\"https:\/\/freedert.online\/kurzclips\/video\/192875-wef-diskutiert-in-davos-ueber-friedensformel\/\">WEF diskutiert in Davos \u00fcber &#8220;Friedensformel&#8221; der Ukraine \u2013 ohne Russland<\/a><\/p>\n<div class=\"EmbedBlock-root EmbedBlock-externalVideo EmbedBlock-odysee\">\n<div class=\"VkEmbed\"><iframe class=\"lazyload\" data-src=\"https:\/\/odysee.com\/%24\/embed\/%40RTDE%3Ae%2FWEF-in-Davos-diskutiert-%C3%BCber--Friedensformel--der-Ukraine-%E2%80%93-ohne-Russland%3Af\" frameborder=\"0\" width=\"853\" height=\"480\" allowfullscreen><\/iframe><\/div>\n<\/div>\n<\/div>\n<p><br \/>\n<br \/><a href=\"https:\/\/de.rt.com\/schweiz\/192894-schweiz-soll-nach-selenski-auch\/\">Source link <\/a><\/p>\n","protected":false},"excerpt":{"rendered":"<p>Ein brisanter WEF-Auftakt: In der Schweiz beginnt nach dem Besuch Selenskijs eine Neutralit\u00e4tsdebatte. Die Schweizerische Volkspartei (SVP) fordert, auch Putin einzuladen, w\u00e4hrend die &#8220;linke Mitte&#8221; schweizerische Sicherheitsinteressen betont. Spannung um den schmalen Grat der Neutralit\u00e4t. Mit der offiziellen Er\u00f6ffnung des Weltwirtschaftsforums (WEF) durch die Bundespr\u00e4sidentin Viola Amherd, die k\u00fcrzlich den ukrainischen Pr\u00e4sidenten Wladimir Selenskij traf, [&hellip;]<\/p>\n","protected":false},"author":3,"featured_media":53324,"comment_status":"open","ping_status":"open","sticky":false,"template":"","format":"standard","meta":{"_yoast_indexnow_last_ping":["1705408591"],"wp_automatic_camp":["217"],"fc3413ffefb9a2c8fc8117da9857a40b":["Schweizer Au\u00dfenpolitiker: Nach Selenskij sollte auch Putin nach Bern kommen"],"original_link":["https:\/\/de.rt.com\/schweiz\/192894-schweiz-soll-nach-selenski-auch\/"],"_thumbnail_id":["53324"],"_wptgpro_p2tg_sent2tg":["a:1:{i:23737;s:19:\"2024-01-16 14:38:01\";}"],"jnews_social_counter_last_update":["1777500172"]},"categories":[19,23],"tags":[1475,52488,45148,8370,979,125,3424,6158,3590],"yoast_head":"<!-- This site is optimized with the Yoast SEO Premium plugin v22.7 (Yoast SEO v22.7) - https:\/\/yoast.com\/wordpress\/plugins\/seo\/ -->\n<title>Schweizer Au\u00dfenpolitiker: Nach Selenskij sollte auch Putin nach Bern kommen - just-now.NEWS Deutschland<\/title>\n<meta name=\"robots\" content=\"index, follow, max-snippet:-1, max-image-preview:large, max-video-preview:-1\" \/>\n<link rel=\"canonical\" href=\"https:\/\/now-news.de\/de\/deutschland\/schweizer-aussenpolitiker-nach-selenskij-sollte-auch-putin-nach-bern-kommen\/\" \/>\n<meta property=\"og:locale\" content=\"de_DE\" \/>\n<meta property=\"og:type\" content=\"article\" \/>\n<meta property=\"og:title\" content=\"Schweizer Au\u00dfenpolitiker: Nach Selenskij sollte auch Putin nach Bern kommen\" \/>\n<meta property=\"og:description\" content=\"Ein brisanter WEF-Auftakt: In der Schweiz beginnt nach dem Besuch Selenskijs eine Neutralit\u00e4tsdebatte. Die Schweizerische Volkspartei (SVP) fordert, auch Putin einzuladen, w\u00e4hrend die &#8220;linke Mitte&#8221; schweizerische Sicherheitsinteressen betont. Spannung um den schmalen Grat der Neutralit\u00e4t. Mit der offiziellen Er\u00f6ffnung des Weltwirtschaftsforums (WEF) durch die Bundespr\u00e4sidentin Viola Amherd, die k\u00fcrzlich den ukrainischen Pr\u00e4sidenten Wladimir Selenskij traf, [&hellip;]\" \/>\n<meta property=\"og:url\" content=\"https:\/\/now-news.de\/de\/deutschland\/schweizer-aussenpolitiker-nach-selenskij-sollte-auch-putin-nach-bern-kommen\/\" \/>\n<meta property=\"og:site_name\" content=\"just-now.NEWS Deutschland\" \/>\n<meta property=\"article:publisher\" content=\"https:\/\/www.facebook.com\/wirmachenauf\" \/>\n<meta property=\"article:published_time\" content=\"2024-01-16T12:28:46+00:00\" \/>\n<meta property=\"og:image\" content=\"https:\/\/now-news.de\/de\/wp-content\/uploads\/sites\/3\/2024\/01\/Schweizer-Aussenpolitiker-Nach-Selenskij-sollte-auch-Putin-nach-Bern-kommen.jpg\" \/>\n\t<meta property=\"og:image:width\" content=\"460\" \/>\n\t<meta property=\"og:image:height\" content=\"259\" \/>\n\t<meta property=\"og:image:type\" content=\"image\/jpeg\" \/>\n<meta name=\"author\" content=\"rtnews\" \/>\n<meta name=\"twitter:card\" content=\"summary_large_image\" \/>\n<meta name=\"twitter:creator\" content=\"@WirMachenAuf_de\" \/>\n<meta name=\"twitter:site\" content=\"@WirMachenAuf_de\" \/>\n<meta name=\"twitter:label1\" content=\"Verfasst von\" \/>\n\t<meta name=\"twitter:data1\" content=\"rtnews\" \/>\n\t<meta name=\"twitter:label2\" content=\"Gesch\u00e4tzte Lesezeit\" \/>\n\t<meta name=\"twitter:data2\" content=\"3\u00a0Minuten\" \/>\n<script type=\"application\/ld+json\" class=\"yoast-schema-graph\">{\"@context\":\"https:\/\/schema.org\",\"@graph\":[{\"@type\":\"Article\",\"@id\":\"https:\/\/now-news.de\/de\/deutschland\/schweizer-aussenpolitiker-nach-selenskij-sollte-auch-putin-nach-bern-kommen\/#article\",\"isPartOf\":{\"@id\":\"https:\/\/now-news.de\/de\/deutschland\/schweizer-aussenpolitiker-nach-selenskij-sollte-auch-putin-nach-bern-kommen\/\"},\"author\":{\"name\":\"rtnews\",\"@id\":\"https:\/\/now-news.de\/de\/#\/schema\/person\/fb534a4e865501d8b3285208df34a9b5\"},\"headline\":\"Schweizer Au\u00dfenpolitiker: Nach Selenskij sollte auch Putin nach Bern kommen\",\"datePublished\":\"2024-01-16T12:28:46+00:00\",\"dateModified\":\"2024-01-16T12:28:46+00:00\",\"mainEntityOfPage\":{\"@id\":\"https:\/\/now-news.de\/de\/deutschland\/schweizer-aussenpolitiker-nach-selenskij-sollte-auch-putin-nach-bern-kommen\/\"},\"wordCount\":517,\"commentCount\":0,\"publisher\":{\"@id\":\"https:\/\/now-news.de\/de\/#organization\"},\"image\":{\"@id\":\"https:\/\/now-news.de\/de\/deutschland\/schweizer-aussenpolitiker-nach-selenskij-sollte-auch-putin-nach-bern-kommen\/#primaryimage\"},\"thumbnailUrl\":\"https:\/\/now-news.de\/de\/wp-content\/uploads\/sites\/3\/2024\/01\/Schweizer-Aussenpolitiker-Nach-Selenskij-sollte-auch-Putin-nach-Bern-kommen.jpg\",\"keywords\":[\"auch\",\"Au\u00dfenpolitiker\",\"Bern\",\"kommen\",\"nach\",\"putin\",\"Schweizer\",\"Selenskij\",\"sollte\"],\"articleSection\":[\"Deutschland\",\"Russland\"],\"inLanguage\":\"de\",\"potentialAction\":[{\"@type\":\"CommentAction\",\"name\":\"Comment\",\"target\":[\"https:\/\/now-news.de\/de\/deutschland\/schweizer-aussenpolitiker-nach-selenskij-sollte-auch-putin-nach-bern-kommen\/#respond\"]}]},{\"@type\":\"WebPage\",\"@id\":\"https:\/\/now-news.de\/de\/deutschland\/schweizer-aussenpolitiker-nach-selenskij-sollte-auch-putin-nach-bern-kommen\/\",\"url\":\"https:\/\/now-news.de\/de\/deutschland\/schweizer-aussenpolitiker-nach-selenskij-sollte-auch-putin-nach-bern-kommen\/\",\"name\":\"Schweizer Au\u00dfenpolitiker: Nach Selenskij sollte auch Putin nach Bern kommen - just-now.NEWS Deutschland\",\"isPartOf\":{\"@id\":\"https:\/\/now-news.de\/de\/#website\"},\"primaryImageOfPage\":{\"@id\":\"https:\/\/now-news.de\/de\/deutschland\/schweizer-aussenpolitiker-nach-selenskij-sollte-auch-putin-nach-bern-kommen\/#primaryimage\"},\"image\":{\"@id\":\"https:\/\/now-news.de\/de\/deutschland\/schweizer-aussenpolitiker-nach-selenskij-sollte-auch-putin-nach-bern-kommen\/#primaryimage\"},\"thumbnailUrl\":\"https:\/\/now-news.de\/de\/wp-content\/uploads\/sites\/3\/2024\/01\/Schweizer-Aussenpolitiker-Nach-Selenskij-sollte-auch-Putin-nach-Bern-kommen.jpg\",\"datePublished\":\"2024-01-16T12:28:46+00:00\",\"dateModified\":\"2024-01-16T12:28:46+00:00\",\"breadcrumb\":{\"@id\":\"https:\/\/now-news.de\/de\/deutschland\/schweizer-aussenpolitiker-nach-selenskij-sollte-auch-putin-nach-bern-kommen\/#breadcrumb\"},\"inLanguage\":\"de\",\"potentialAction\":[{\"@type\":\"ReadAction\",\"target\":[\"https:\/\/now-news.de\/de\/deutschland\/schweizer-aussenpolitiker-nach-selenskij-sollte-auch-putin-nach-bern-kommen\/\"]}]},{\"@type\":\"ImageObject\",\"inLanguage\":\"de\",\"@id\":\"https:\/\/now-news.de\/de\/deutschland\/schweizer-aussenpolitiker-nach-selenskij-sollte-auch-putin-nach-bern-kommen\/#primaryimage\",\"url\":\"https:\/\/now-news.de\/de\/wp-content\/uploads\/sites\/3\/2024\/01\/Schweizer-Aussenpolitiker-Nach-Selenskij-sollte-auch-Putin-nach-Bern-kommen.jpg\",\"contentUrl\":\"https:\/\/now-news.de\/de\/wp-content\/uploads\/sites\/3\/2024\/01\/Schweizer-Aussenpolitiker-Nach-Selenskij-sollte-auch-Putin-nach-Bern-kommen.jpg\",\"width\":460,\"height\":259,\"caption\":\"Schweizer Au\u00dfenpolitiker: Nach Selenskij sollte auch Putin nach Bern kommen\"},{\"@type\":\"BreadcrumbList\",\"@id\":\"https:\/\/now-news.de\/de\/deutschland\/schweizer-aussenpolitiker-nach-selenskij-sollte-auch-putin-nach-bern-kommen\/#breadcrumb\",\"itemListElement\":[{\"@type\":\"ListItem\",\"position\":1,\"name\":\"Home\",\"item\":\"https:\/\/now-news.de\/de\/\"},{\"@type\":\"ListItem\",\"position\":2,\"name\":\"Schweizer Au\u00dfenpolitiker: Nach Selenskij sollte auch Putin nach Bern kommen\"}]},{\"@type\":\"WebSite\",\"@id\":\"https:\/\/now-news.de\/de\/#website\",\"url\":\"https:\/\/now-news.de\/de\/\",\"name\":\"just-now.NEWS Deutschland\",\"description\":\"Das Portal f\u00fcr unzensierte Nachrichten aus der Welt\",\"publisher\":{\"@id\":\"https:\/\/now-news.de\/de\/#organization\"},\"potentialAction\":[{\"@type\":\"SearchAction\",\"target\":{\"@type\":\"EntryPoint\",\"urlTemplate\":\"https:\/\/now-news.de\/de\/?s={search_term_string}\"},\"query-input\":\"required name=search_term_string\"}],\"inLanguage\":\"de\"},{\"@type\":\"Organization\",\"@id\":\"https:\/\/now-news.de\/de\/#organization\",\"name\":\"Just Now News\",\"url\":\"https:\/\/now-news.de\/de\/\",\"logo\":{\"@type\":\"ImageObject\",\"inLanguage\":\"de\",\"@id\":\"https:\/\/now-news.de\/de\/#\/schema\/logo\/image\/\",\"url\":\"http:\/\/just-now.news\/de\/wp-content\/uploads\/sites\/3\/2022\/04\/logo500x500.jpg\",\"contentUrl\":\"http:\/\/just-now.news\/de\/wp-content\/uploads\/sites\/3\/2022\/04\/logo500x500.jpg\",\"width\":500,\"height\":500,\"caption\":\"Just Now News\"},\"image\":{\"@id\":\"https:\/\/now-news.de\/de\/#\/schema\/logo\/image\/\"},\"sameAs\":[\"https:\/\/www.facebook.com\/wirmachenauf\",\"https:\/\/x.com\/WirMachenAuf_de\"]},{\"@type\":\"Person\",\"@id\":\"https:\/\/now-news.de\/de\/#\/schema\/person\/fb534a4e865501d8b3285208df34a9b5\",\"name\":\"rtnews\",\"image\":{\"@type\":\"ImageObject\",\"inLanguage\":\"de\",\"@id\":\"https:\/\/now-news.de\/de\/#\/schema\/person\/image\/\",\"url\":\"https:\/\/secure.gravatar.com\/avatar\/82aafea7d8127119dd649515f56e2117?s=96&d=mm&r=g\",\"contentUrl\":\"https:\/\/secure.gravatar.com\/avatar\/82aafea7d8127119dd649515f56e2117?s=96&d=mm&r=g\",\"caption\":\"rtnews\"},\"url\":\"https:\/\/now-news.de\/de\/author\/rnews\/\"}]}<\/script>\n<!-- \/ Yoast SEO Premium plugin. -->","yoast_head_json":{"title":"Schweizer Au\u00dfenpolitiker: Nach Selenskij sollte auch Putin nach Bern kommen - just-now.NEWS Deutschland","robots":{"index":"index","follow":"follow","max-snippet":"max-snippet:-1","max-image-preview":"max-image-preview:large","max-video-preview":"max-video-preview:-1"},"canonical":"https:\/\/now-news.de\/de\/deutschland\/schweizer-aussenpolitiker-nach-selenskij-sollte-auch-putin-nach-bern-kommen\/","og_locale":"de_DE","og_type":"article","og_title":"Schweizer Au\u00dfenpolitiker: Nach Selenskij sollte auch Putin nach Bern kommen","og_description":"Ein brisanter WEF-Auftakt: In der Schweiz beginnt nach dem Besuch Selenskijs eine Neutralit\u00e4tsdebatte. Die Schweizerische Volkspartei (SVP) fordert, auch Putin einzuladen, w\u00e4hrend die &#8220;linke Mitte&#8221; schweizerische Sicherheitsinteressen betont. Spannung um den schmalen Grat der Neutralit\u00e4t. Mit der offiziellen Er\u00f6ffnung des Weltwirtschaftsforums (WEF) durch die Bundespr\u00e4sidentin Viola Amherd, die k\u00fcrzlich den ukrainischen Pr\u00e4sidenten Wladimir Selenskij traf, [&hellip;]","og_url":"https:\/\/now-news.de\/de\/deutschland\/schweizer-aussenpolitiker-nach-selenskij-sollte-auch-putin-nach-bern-kommen\/","og_site_name":"just-now.NEWS Deutschland","article_publisher":"https:\/\/www.facebook.com\/wirmachenauf","article_published_time":"2024-01-16T12:28:46+00:00","og_image":[{"width":460,"height":259,"url":"https:\/\/now-news.de\/de\/wp-content\/uploads\/sites\/3\/2024\/01\/Schweizer-Aussenpolitiker-Nach-Selenskij-sollte-auch-Putin-nach-Bern-kommen.jpg","type":"image\/jpeg"}],"author":"rtnews","twitter_card":"summary_large_image","twitter_creator":"@WirMachenAuf_de","twitter_site":"@WirMachenAuf_de","twitter_misc":{"Verfasst von":"rtnews","Gesch\u00e4tzte Lesezeit":"3\u00a0Minuten"},"schema":{"@context":"https:\/\/schema.org","@graph":[{"@type":"Article","@id":"https:\/\/now-news.de\/de\/deutschland\/schweizer-aussenpolitiker-nach-selenskij-sollte-auch-putin-nach-bern-kommen\/#article","isPartOf":{"@id":"https:\/\/now-news.de\/de\/deutschland\/schweizer-aussenpolitiker-nach-selenskij-sollte-auch-putin-nach-bern-kommen\/"},"author":{"name":"rtnews","@id":"https:\/\/now-news.de\/de\/#\/schema\/person\/fb534a4e865501d8b3285208df34a9b5"},"headline":"Schweizer Au\u00dfenpolitiker: Nach Selenskij sollte auch Putin nach Bern kommen","datePublished":"2024-01-16T12:28:46+00:00","dateModified":"2024-01-16T12:28:46+00:00","mainEntityOfPage":{"@id":"https:\/\/now-news.de\/de\/deutschland\/schweizer-aussenpolitiker-nach-selenskij-sollte-auch-putin-nach-bern-kommen\/"},"wordCount":517,"commentCount":0,"publisher":{"@id":"https:\/\/now-news.de\/de\/#organization"},"image":{"@id":"https:\/\/now-news.de\/de\/deutschland\/schweizer-aussenpolitiker-nach-selenskij-sollte-auch-putin-nach-bern-kommen\/#primaryimage"},"thumbnailUrl":"https:\/\/now-news.de\/de\/wp-content\/uploads\/sites\/3\/2024\/01\/Schweizer-Aussenpolitiker-Nach-Selenskij-sollte-auch-Putin-nach-Bern-kommen.jpg","keywords":["auch","Au\u00dfenpolitiker","Bern","kommen","nach","putin","Schweizer","Selenskij","sollte"],"articleSection":["Deutschland","Russland"],"inLanguage":"de","potentialAction":[{"@type":"CommentAction","name":"Comment","target":["https:\/\/now-news.de\/de\/deutschland\/schweizer-aussenpolitiker-nach-selenskij-sollte-auch-putin-nach-bern-kommen\/#respond"]}]},{"@type":"WebPage","@id":"https:\/\/now-news.de\/de\/deutschland\/schweizer-aussenpolitiker-nach-selenskij-sollte-auch-putin-nach-bern-kommen\/","url":"https:\/\/now-news.de\/de\/deutschland\/schweizer-aussenpolitiker-nach-selenskij-sollte-auch-putin-nach-bern-kommen\/","name":"Schweizer Au\u00dfenpolitiker: Nach Selenskij sollte auch Putin nach Bern kommen - just-now.NEWS Deutschland","isPartOf":{"@id":"https:\/\/now-news.de\/de\/#website"},"primaryImageOfPage":{"@id":"https:\/\/now-news.de\/de\/deutschland\/schweizer-aussenpolitiker-nach-selenskij-sollte-auch-putin-nach-bern-kommen\/#primaryimage"},"image":{"@id":"https:\/\/now-news.de\/de\/deutschland\/schweizer-aussenpolitiker-nach-selenskij-sollte-auch-putin-nach-bern-kommen\/#primaryimage"},"thumbnailUrl":"https:\/\/now-news.de\/de\/wp-content\/uploads\/sites\/3\/2024\/01\/Schweizer-Aussenpolitiker-Nach-Selenskij-sollte-auch-Putin-nach-Bern-kommen.jpg","datePublished":"2024-01-16T12:28:46+00:00","dateModified":"2024-01-16T12:28:46+00:00","breadcrumb":{"@id":"https:\/\/now-news.de\/de\/deutschland\/schweizer-aussenpolitiker-nach-selenskij-sollte-auch-putin-nach-bern-kommen\/#breadcrumb"},"inLanguage":"de","potentialAction":[{"@type":"ReadAction","target":["https:\/\/now-news.de\/de\/deutschland\/schweizer-aussenpolitiker-nach-selenskij-sollte-auch-putin-nach-bern-kommen\/"]}]},{"@type":"ImageObject","inLanguage":"de","@id":"https:\/\/now-news.de\/de\/deutschland\/schweizer-aussenpolitiker-nach-selenskij-sollte-auch-putin-nach-bern-kommen\/#primaryimage","url":"https:\/\/now-news.de\/de\/wp-content\/uploads\/sites\/3\/2024\/01\/Schweizer-Aussenpolitiker-Nach-Selenskij-sollte-auch-Putin-nach-Bern-kommen.jpg","contentUrl":"https:\/\/now-news.de\/de\/wp-content\/uploads\/sites\/3\/2024\/01\/Schweizer-Aussenpolitiker-Nach-Selenskij-sollte-auch-Putin-nach-Bern-kommen.jpg","width":460,"height":259,"caption":"Schweizer Au\u00dfenpolitiker: Nach Selenskij sollte auch Putin nach Bern kommen"},{"@type":"BreadcrumbList","@id":"https:\/\/now-news.de\/de\/deutschland\/schweizer-aussenpolitiker-nach-selenskij-sollte-auch-putin-nach-bern-kommen\/#breadcrumb","itemListElement":[{"@type":"ListItem","position":1,"name":"Home","item":"https:\/\/now-news.de\/de\/"},{"@type":"ListItem","position":2,"name":"Schweizer Au\u00dfenpolitiker: Nach Selenskij sollte auch Putin nach Bern kommen"}]},{"@type":"WebSite","@id":"https:\/\/now-news.de\/de\/#website","url":"https:\/\/now-news.de\/de\/","name":"just-now.NEWS Deutschland","description":"Das Portal f\u00fcr unzensierte Nachrichten aus der Welt","publisher":{"@id":"https:\/\/now-news.de\/de\/#organization"},"potentialAction":[{"@type":"SearchAction","target":{"@type":"EntryPoint","urlTemplate":"https:\/\/now-news.de\/de\/?s={search_term_string}"},"query-input":"required name=search_term_string"}],"inLanguage":"de"},{"@type":"Organization","@id":"https:\/\/now-news.de\/de\/#organization","name":"Just Now News","url":"https:\/\/now-news.de\/de\/","logo":{"@type":"ImageObject","inLanguage":"de","@id":"https:\/\/now-news.de\/de\/#\/schema\/logo\/image\/","url":"http:\/\/just-now.news\/de\/wp-content\/uploads\/sites\/3\/2022\/04\/logo500x500.jpg","contentUrl":"http:\/\/just-now.news\/de\/wp-content\/uploads\/sites\/3\/2022\/04\/logo500x500.jpg","width":500,"height":500,"caption":"Just Now News"},"image":{"@id":"https:\/\/now-news.de\/de\/#\/schema\/logo\/image\/"},"sameAs":["https:\/\/www.facebook.com\/wirmachenauf","https:\/\/x.com\/WirMachenAuf_de"]},{"@type":"Person","@id":"https:\/\/now-news.de\/de\/#\/schema\/person\/fb534a4e865501d8b3285208df34a9b5","name":"rtnews","image":{"@type":"ImageObject","inLanguage":"de","@id":"https:\/\/now-news.de\/de\/#\/schema\/person\/image\/","url":"https:\/\/secure.gravatar.com\/avatar\/82aafea7d8127119dd649515f56e2117?s=96&d=mm&r=g","contentUrl":"https:\/\/secure.gravatar.com\/avatar\/82aafea7d8127119dd649515f56e2117?s=96&d=mm&r=g","caption":"rtnews"},"url":"https:\/\/now-news.de\/de\/author\/rnews\/"}]}},"_links":{"self":[{"href":"https:\/\/now-news.de\/de\/wp-json\/wp\/v2\/posts\/53323"}],"collection":[{"href":"https:\/\/now-news.de\/de\/wp-json\/wp\/v2\/posts"}],"about":[{"href":"https:\/\/now-news.de\/de\/wp-json\/wp\/v2\/types\/post"}],"author":[{"embeddable":true,"href":"https:\/\/now-news.de\/de\/wp-json\/wp\/v2\/users\/3"}],"replies":[{"embeddable":true,"href":"https:\/\/now-news.de\/de\/wp-json\/wp\/v2\/comments?post=53323"}],"version-history":[{"count":0,"href":"https:\/\/now-news.de\/de\/wp-json\/wp\/v2\/posts\/53323\/revisions"}],"wp:featuredmedia":[{"embeddable":true,"href":"https:\/\/now-news.de\/de\/wp-json\/wp\/v2\/media\/53324"}],"wp:attachment":[{"href":"https:\/\/now-news.de\/de\/wp-json\/wp\/v2\/media?parent=53323"}],"wp:term":[{"taxonomy":"category","embeddable":true,"href":"https:\/\/now-news.de\/de\/wp-json\/wp\/v2\/categories?post=53323"},{"taxonomy":"post_tag","embeddable":true,"href":"https:\/\/now-news.de\/de\/wp-json\/wp\/v2\/tags?post=53323"}],"curies":[{"name":"wp","href":"https:\/\/api.w.org\/{rel}","templated":true}]}}