{"id":53258,"date":"2024-01-15T13:51:52","date_gmt":"2024-01-15T11:51:52","guid":{"rendered":"https:\/\/just-now.news\/de\/deutschland\/wucherpreise-in-davos-chalet-waehrend-der-wef-woche-fuer-11-millionen-euro-vermietet\/"},"modified":"2024-01-15T13:51:52","modified_gmt":"2024-01-15T11:51:52","slug":"wucherpreise-in-davos-chalet-waehrend-der-wef-woche-fuer-11-millionen-euro-vermietet","status":"publish","type":"post","link":"https:\/\/now-news.de\/de\/deutschland\/wucherpreise-in-davos-chalet-waehrend-der-wef-woche-fuer-11-millionen-euro-vermietet\/","title":{"rendered":"Wucherpreise in Davos: Chalet w\u00e4hrend der WEF-Woche f\u00fcr 1,1 Millionen Euro vermietet"},"content":{"rendered":"<div class=\"Text-root Text-type_1 \">\n                M\u00e4rchenhafte Mietpreise in Davos w\u00e4hrend der WEF-Woche: Preise erreichen astronomische H\u00f6hen. Ein Privatanbieter verlangt f\u00fcr eine 4,5-Zimmer-Wohnung w\u00e4hrend der WEF-Woche unglaubliche 86.500 Euro \u2013 das entspricht 14.500 Euro pro Tag!\n            <\/div>\n<p><\/p>\n<div class=\"Text-root Text-type_5 ArticleView-text ViewText-root \">\n<p>Die Mietpreise in Davos w\u00e4hrend des World Economic Forum (WEF) mutieren zu einem Spektakel des Absurden. Doch f\u00fcr Vermieter von Luxusvillen ist dies l\u00e4ngst keine Besorgnis mehr, sondern Business as usual, wenn es darum geht, w\u00e4hrend des Weltwirtschaftsforums in Davos Unterk\u00fcnfte f\u00fcr Hunderttausende Franken zu vermieten.<\/p>\n<p>Mit etwa 50 Hotels, die restlos ausgebucht sind, und zahlreichen Ferien- und Zweitwohnungen, die laut der lokalen Tourismusbeh\u00f6rde etwa 25.000 Betten f\u00fcr Besucher bereitstellen, st\u00f6\u00dft Davos an seine Kapazit\u00e4tsgrenzen. Das reicht f\u00fcr ein weltweit bedeutendes Ereignis wie das WEF bei Weitem nicht aus. Selbst Teilnehmer, die sogar in Z\u00fcrich \u00fcbernachten, tragen zu einem regelrechten Umsatzboom bei, der ansonsten nur im Sommer zu verzeichnen ist. Manche Ladenbesitzer vermieten ihre Lokale f\u00fcr exorbitante Preise von 200.000 oder 300.000 Franken pro Woche.<\/p>\n<p>Die meisten Unterk\u00fcnfte sind bereits Monate im Voraus ausgebucht, und sogar das g\u00fcnstigste verf\u00fcgbare Zimmer auf Airbnb schl\u00e4gt mit 1475 Franken (ca. 1354 Euro) pro Nacht zu Buche \u2013 und das in einer bewohnten Wohnung mit geteiltem Bad.<\/p>\n<p>Wer eine eigene Unterkunft f\u00fcr die Woche des 15. Januar buchen m\u00f6chte, zahlt mindestens 2610 Franken (ca. 2400 Euro) pro Nacht. Doch sind die \u00fcberzogenen Preise w\u00e4hrend des WEF ein Auslaufmodell? Nicht ganz. W\u00e4hrend die Hoteliers sich zur\u00fcckhalten, geben einzelne Wohnungsanbieter dieses Jahr so richtig Gas. Mieten von bis zu 20.000 Franken (ca. 18.400 Euro) pro Woche sind keine Seltenheit. Einige Angebote \u00fcbertreffen dies sogar noch. Ein Privatanbieter verlangt f\u00fcr eine 4,5-Zimmer-Wohnung w\u00e4hrend der WEF-Woche unglaubliche 94&#8217;000 Franken (ca. 86.500 Euro) \u2013 das entspricht 15&#8217;700 Franken (ca. 14.500 Euro) pro Tag! Dabei nutzt er ungeniert das Gipfeltreffen der Wirtschaftsf\u00fchrer als Verkaufsargument und bewirbt seine Anzeigen auf den g\u00e4ngigen Buchungswebseiten unter dem Namen &#8220;WEF 2024 Davos&#8221;.<\/p>\n<p>Die Folge: Explodierende Preise w\u00e4hrend der WEF-Woche. Die Preise steigen seit Jahren unaufhaltsam an, da immer mehr Anbieter vom WEF profitieren wollen.<\/p>\n<p>Es gibt zahlreiche H\u00e4user, die ausschlie\u00dflich f\u00fcr die Dauer des WEF vermittelt werden. In diesem Jahr konnte beispielsweise die Tivoli Lodge f\u00fcr 500.000 Franken (ca. 460.000 Euro) vermietet werden, w\u00e4hrend sie in Normalzeiten w\u00f6chentlich etwa 60.000 bis 80.000 Franken (ca. 55.200 bis 73.600 Euro) kostet.<\/p>\n<\/p>\n<figure class=\"RTImage-root\">\n<div class=\"RTImage-image RTImage-original\"><picture class=\"Picture-root Picture-original\"><!--[if IE 9]><video style=\"display: none;\"><![endif]--><source media=\"(-webkit-min-device-pixel-ratio: 2) and (min-resolution: 120dpi)\" data-srcset=\" \nhttp:\/\/just-now.news\/de\/wp-content\/uploads\/sites\/3\/2024\/01\/65a4f63fb480cc308f222249.png 850w,\n                http:\/\/just-now.news\/de\/wp-content\/uploads\/sites\/3\/2024\/01\/65a4f63fb480cc308f222249.png 1960w, 1960w,\n            \" ><source data-srcset=\" \nhttp:\/\/just-now.news\/de\/wp-content\/uploads\/sites\/3\/2024\/01\/65a4f63fb480cc308f222249.png 460w,\n              http:\/\/just-now.news\/de\/wp-content\/uploads\/sites\/3\/2024\/01\/65a4f63fb480cc308f222249.png 980w,\n            \" ><!--[if IE 9]><\/video><![endif]--><img decoding=\"async\" data- src=\"data:image\/png;base64,iVBORw0KGgoAAAANSUhEUgAAABAAAAAJCAQAAACRI2S5AAAAEElEQVR42mNkIAAYRxWAAQAG9gAKqv6+AwAAAABJRU5ErkJggg==\" class=\"Picture-root Picture-original lazyload\" data-src=\"http:\/\/just-now.news\/de\/wp-content\/uploads\/sites\/3\/2024\/01\/65a4f63fb480cc308f222249.png\" alt=\"\"><\/source><\/source><\/picture><!-- noscript pattern --><noscript><img decoding=\"async\" src=\"http:\/\/just-now.news\/de\/wp-content\/uploads\/sites\/3\/2024\/01\/65a4f63fb480cc308f222249.png\" alt=\"\"><\/noscript><\/div><figcaption class=\"RTImage-footer\"><span class=\"RTImage-caption\"><\/span><span class=\"RTImage-source\"><a rel=\"nofollow noopener\" target=\"_blank\" class=\"RTImage-captionItem Link-root\" href=\"https:\/\/www.leotrippi.com\/switzerland\/davos\/bortji-estate\/\">Printscreen Leotrippi.com\/switzerland\/davos\/bortji-estate<\/a><\/span><\/figcaption><\/figure>\n<\/p>\n<p>Doch es geht noch teurer: Das <a rel=\"nofollow noopener\" target=\"_blank\" href=\"https:\/\/www.leotrippi.com\/switzerland\/davos\/bortji-estate\/\">Bortji Estate<\/a> mit drei Chalets und Platz f\u00fcr bis zu 42 Personen wurde f\u00fcr 1,25 Millionen Franken (ca. 1.150.000 Euro) vermietet. Fr\u00fcher haben mehr Vermittler im Ultra-Luxus-Segment mitgemischt, und das Gesch\u00e4ft w\u00e4hrend des WEF war florierender.<\/p>\n<\/p>\n<figure class=\"RTImage-root\">\n<div class=\"RTImage-image RTImage-original\"><picture class=\"Picture-root Picture-original\"><!--[if IE 9]><video style=\"display: none;\"><![endif]--><source media=\"(-webkit-min-device-pixel-ratio: 2) and (min-resolution: 120dpi)\" data-srcset=\" \nhttp:\/\/just-now.news\/de\/wp-content\/uploads\/sites\/3\/2024\/01\/65a4f55b48fbef37006dfcb4.png 850w,\n                http:\/\/just-now.news\/de\/wp-content\/uploads\/sites\/3\/2024\/01\/65a4f55b48fbef37006dfcb4.png 1960w, 1960w,\n            \" ><source data-srcset=\" \nhttp:\/\/just-now.news\/de\/wp-content\/uploads\/sites\/3\/2024\/01\/65a4f55b48fbef37006dfcb4.png 460w,\n              http:\/\/just-now.news\/de\/wp-content\/uploads\/sites\/3\/2024\/01\/65a4f55b48fbef37006dfcb4.png 980w,\n            \" ><!--[if IE 9]><\/video><![endif]--><img decoding=\"async\" data- src=\"data:image\/png;base64,iVBORw0KGgoAAAANSUhEUgAAABAAAAAJCAQAAACRI2S5AAAAEElEQVR42mNkIAAYRxWAAQAG9gAKqv6+AwAAAABJRU5ErkJggg==\" class=\"Picture-root Picture-original lazyload\" data-src=\"http:\/\/just-now.news\/de\/wp-content\/uploads\/sites\/3\/2024\/01\/65a4f55b48fbef37006dfcb4.png\" alt=\"\"><\/source><\/source><\/picture><!-- noscript pattern --><noscript><img decoding=\"async\" src=\"http:\/\/just-now.news\/de\/wp-content\/uploads\/sites\/3\/2024\/01\/65a4f55b48fbef37006dfcb4.png\" alt=\"\"><\/noscript><\/div><figcaption class=\"RTImage-footer\"><span class=\"RTImage-caption\"><\/span><span class=\"RTImage-source\"><a rel=\"nofollow noopener\" target=\"_blank\" class=\"RTImage-captionItem Link-root\" href=\"https:\/\/www.leotrippi.com\/switzerland\/davos\/bortji-estate\/\">Printscreen Leotrippi.com\/switzerland\/davos\/bortji-estate\/<\/a><\/span><\/figcaption><\/figure>\n<p>Die Tatsache, dass bereits 1.000 Franken (ca. 920 Euro) pro Nacht f\u00fcr einfache Unterk\u00fcnfte bezahlt werden, ist schwer zu rechtfertigen, insbesondere wenn Milliarden in der Wirtschaft fehlen. Bei Luxusobjekten hingegen schie\u00dfen die Preise in die H\u00f6he.<\/p>\n<p>Die Situation wird absurd: Manche mieten H\u00e4user in Davos f\u00fcr ein ganzes Jahr, weil es g\u00fcnstiger ist als nur f\u00fcr WEF-Woche zu mieten. Dasselbe gilt f\u00fcr Ladenfl\u00e4chen.<\/p>\n<p>Das WEF f\u00fchrt zu einer enormen Nachfrage bei einem begrenzten Angebot. Davoser Wohnungsbesitzer profitieren in diesem Zeitraum von der enormen Nachfrage. Auf Plattformen wie Airbnb sind Zwei-Zimmer-Wohnungen f\u00fcr \u00fcber 11.000 Franken (ca. 10.100 Euro) pro Nacht ausgeschrieben. F\u00fcr eine Woche WEF kann so ein Betrag weit \u00fcber 50.000 Franken (ca. 46.000 Euro) zusammenkommen, selbst f\u00fcr eine Wohnung mit nur einem Schlafzimmer, einem Wohnzimmer und einem Badezimmer.<\/p>\n<p><strong>Mehr zum Thema<\/strong>\u00a0&#8211;\u00a0<a rel=\"nofollow noopener\" target=\"_blank\" href=\"https:\/\/kurz.rt.com\/448s\">Ukrainischer Pr\u00e4sident Selenskij plant Besuch beim Weltwirtschaftsforum in der Schweiz<\/a><\/p>\n<\/p>\n<\/div>\n<p><br \/>\n<br \/><a href=\"https:\/\/de.rt.com\/europa\/192796-wucherpreise-in-davos-chalet-waehrend\/\">Source link <\/a><\/p>\n","protected":false},"excerpt":{"rendered":"<p>M\u00e4rchenhafte Mietpreise in Davos w\u00e4hrend der WEF-Woche: Preise erreichen astronomische H\u00f6hen. Ein Privatanbieter verlangt f\u00fcr eine 4,5-Zimmer-Wohnung w\u00e4hrend der WEF-Woche unglaubliche 86.500 Euro \u2013 das entspricht 14.500 Euro pro Tag! Die Mietpreise in Davos w\u00e4hrend des World Economic Forum (WEF) mutieren zu einem Spektakel des Absurden. Doch f\u00fcr Vermieter von Luxusvillen ist dies l\u00e4ngst keine [&hellip;]<\/p>\n","protected":false},"author":3,"featured_media":53259,"comment_status":"open","ping_status":"open","sticky":false,"template":"","format":"standard","meta":{"_yoast_indexnow_last_ping":["1705319534"],"wp_automatic_camp":["217"],"b18e67a1c25d1f628f767386f54c29f3":["Wucherpreise in Davos: Chalet w\u00e4hrend der WEF-Woche f\u00fcr 1,1 Millionen Euro vermietet"],"original_link":["https:\/\/de.rt.com\/europa\/192796-wucherpreise-in-davos-chalet-waehrend\/"],"_thumbnail_id":["53259"],"jnews_social_counter_last_update":["1777574504"],"_wptgpro_p2tg_sent2tg":["a:1:{i:23737;s:19:\"2024-01-15 13:53:39\";}"]},"categories":[19,23],"tags":[52441,92,82,1005,221,4294,52443,3647,52442,34242],"yoast_head":"<!-- This site is optimized with the Yoast SEO Premium plugin v22.7 (Yoast SEO v22.7) - https:\/\/yoast.com\/wordpress\/plugins\/seo\/ -->\n<title>Wucherpreise in Davos: Chalet w\u00e4hrend der WEF-Woche f\u00fcr 1,1 Millionen Euro vermietet - just-now.NEWS Deutschland<\/title>\n<meta name=\"robots\" content=\"index, follow, max-snippet:-1, max-image-preview:large, max-video-preview:-1\" \/>\n<link rel=\"canonical\" href=\"https:\/\/now-news.de\/de\/deutschland\/wucherpreise-in-davos-chalet-waehrend-der-wef-woche-fuer-11-millionen-euro-vermietet\/\" \/>\n<meta property=\"og:locale\" content=\"de_DE\" \/>\n<meta property=\"og:type\" content=\"article\" \/>\n<meta property=\"og:title\" content=\"Wucherpreise in Davos: Chalet w\u00e4hrend der WEF-Woche f\u00fcr 1,1 Millionen Euro vermietet\" \/>\n<meta property=\"og:description\" content=\"M\u00e4rchenhafte Mietpreise in Davos w\u00e4hrend der WEF-Woche: Preise erreichen astronomische H\u00f6hen. Ein Privatanbieter verlangt f\u00fcr eine 4,5-Zimmer-Wohnung w\u00e4hrend der WEF-Woche unglaubliche 86.500 Euro \u2013 das entspricht 14.500 Euro pro Tag! Die Mietpreise in Davos w\u00e4hrend des World Economic Forum (WEF) mutieren zu einem Spektakel des Absurden. Doch f\u00fcr Vermieter von Luxusvillen ist dies l\u00e4ngst keine [&hellip;]\" \/>\n<meta property=\"og:url\" content=\"https:\/\/now-news.de\/de\/deutschland\/wucherpreise-in-davos-chalet-waehrend-der-wef-woche-fuer-11-millionen-euro-vermietet\/\" \/>\n<meta property=\"og:site_name\" content=\"just-now.NEWS Deutschland\" \/>\n<meta property=\"article:publisher\" content=\"https:\/\/www.facebook.com\/wirmachenauf\" \/>\n<meta property=\"article:published_time\" content=\"2024-01-15T11:51:52+00:00\" \/>\n<meta property=\"og:image\" content=\"https:\/\/now-news.de\/de\/wp-content\/uploads\/sites\/3\/2024\/01\/Wucherpreise-in-Davos-Chalet-waehrend-der-WEF-Woche-fuer-11-Millionen.png\" \/>\n\t<meta property=\"og:image:width\" content=\"1664\" \/>\n\t<meta property=\"og:image:height\" content=\"1080\" \/>\n\t<meta property=\"og:image:type\" content=\"image\/png\" \/>\n<meta name=\"author\" content=\"rtnews\" \/>\n<meta name=\"twitter:card\" content=\"summary_large_image\" \/>\n<meta name=\"twitter:creator\" content=\"@WirMachenAuf_de\" \/>\n<meta name=\"twitter:site\" content=\"@WirMachenAuf_de\" \/>\n<meta name=\"twitter:label1\" content=\"Verfasst von\" \/>\n\t<meta name=\"twitter:data1\" content=\"rtnews\" \/>\n\t<meta name=\"twitter:label2\" content=\"Gesch\u00e4tzte Lesezeit\" \/>\n\t<meta name=\"twitter:data2\" content=\"3\u00a0Minuten\" \/>\n<script type=\"application\/ld+json\" class=\"yoast-schema-graph\">{\"@context\":\"https:\/\/schema.org\",\"@graph\":[{\"@type\":\"Article\",\"@id\":\"https:\/\/now-news.de\/de\/deutschland\/wucherpreise-in-davos-chalet-waehrend-der-wef-woche-fuer-11-millionen-euro-vermietet\/#article\",\"isPartOf\":{\"@id\":\"https:\/\/now-news.de\/de\/deutschland\/wucherpreise-in-davos-chalet-waehrend-der-wef-woche-fuer-11-millionen-euro-vermietet\/\"},\"author\":{\"name\":\"rtnews\",\"@id\":\"https:\/\/now-news.de\/de\/#\/schema\/person\/fb534a4e865501d8b3285208df34a9b5\"},\"headline\":\"Wucherpreise in Davos: Chalet w\u00e4hrend der WEF-Woche f\u00fcr 1,1 Millionen Euro vermietet\",\"datePublished\":\"2024-01-15T11:51:52+00:00\",\"dateModified\":\"2024-01-15T11:51:52+00:00\",\"mainEntityOfPage\":{\"@id\":\"https:\/\/now-news.de\/de\/deutschland\/wucherpreise-in-davos-chalet-waehrend-der-wef-woche-fuer-11-millionen-euro-vermietet\/\"},\"wordCount\":610,\"commentCount\":0,\"publisher\":{\"@id\":\"https:\/\/now-news.de\/de\/#organization\"},\"image\":{\"@id\":\"https:\/\/now-news.de\/de\/deutschland\/wucherpreise-in-davos-chalet-waehrend-der-wef-woche-fuer-11-millionen-euro-vermietet\/#primaryimage\"},\"thumbnailUrl\":\"https:\/\/now-news.de\/de\/wp-content\/uploads\/sites\/3\/2024\/01\/Wucherpreise-in-Davos-Chalet-waehrend-der-WEF-Woche-fuer-11-Millionen.png\",\"keywords\":[\"Chalet\",\"Davos\",\"der\",\"Euro\",\"f\u00fcr\",\"Millionen\",\"vermietet\",\"w\u00e4hrend\",\"WEFWoche\",\"Wucherpreise\"],\"articleSection\":[\"Deutschland\",\"Russland\"],\"inLanguage\":\"de\",\"potentialAction\":[{\"@type\":\"CommentAction\",\"name\":\"Comment\",\"target\":[\"https:\/\/now-news.de\/de\/deutschland\/wucherpreise-in-davos-chalet-waehrend-der-wef-woche-fuer-11-millionen-euro-vermietet\/#respond\"]}]},{\"@type\":\"WebPage\",\"@id\":\"https:\/\/now-news.de\/de\/deutschland\/wucherpreise-in-davos-chalet-waehrend-der-wef-woche-fuer-11-millionen-euro-vermietet\/\",\"url\":\"https:\/\/now-news.de\/de\/deutschland\/wucherpreise-in-davos-chalet-waehrend-der-wef-woche-fuer-11-millionen-euro-vermietet\/\",\"name\":\"Wucherpreise in Davos: Chalet w\u00e4hrend der WEF-Woche f\u00fcr 1,1 Millionen Euro vermietet - just-now.NEWS Deutschland\",\"isPartOf\":{\"@id\":\"https:\/\/now-news.de\/de\/#website\"},\"primaryImageOfPage\":{\"@id\":\"https:\/\/now-news.de\/de\/deutschland\/wucherpreise-in-davos-chalet-waehrend-der-wef-woche-fuer-11-millionen-euro-vermietet\/#primaryimage\"},\"image\":{\"@id\":\"https:\/\/now-news.de\/de\/deutschland\/wucherpreise-in-davos-chalet-waehrend-der-wef-woche-fuer-11-millionen-euro-vermietet\/#primaryimage\"},\"thumbnailUrl\":\"https:\/\/now-news.de\/de\/wp-content\/uploads\/sites\/3\/2024\/01\/Wucherpreise-in-Davos-Chalet-waehrend-der-WEF-Woche-fuer-11-Millionen.png\",\"datePublished\":\"2024-01-15T11:51:52+00:00\",\"dateModified\":\"2024-01-15T11:51:52+00:00\",\"breadcrumb\":{\"@id\":\"https:\/\/now-news.de\/de\/deutschland\/wucherpreise-in-davos-chalet-waehrend-der-wef-woche-fuer-11-millionen-euro-vermietet\/#breadcrumb\"},\"inLanguage\":\"de\",\"potentialAction\":[{\"@type\":\"ReadAction\",\"target\":[\"https:\/\/now-news.de\/de\/deutschland\/wucherpreise-in-davos-chalet-waehrend-der-wef-woche-fuer-11-millionen-euro-vermietet\/\"]}]},{\"@type\":\"ImageObject\",\"inLanguage\":\"de\",\"@id\":\"https:\/\/now-news.de\/de\/deutschland\/wucherpreise-in-davos-chalet-waehrend-der-wef-woche-fuer-11-millionen-euro-vermietet\/#primaryimage\",\"url\":\"https:\/\/now-news.de\/de\/wp-content\/uploads\/sites\/3\/2024\/01\/Wucherpreise-in-Davos-Chalet-waehrend-der-WEF-Woche-fuer-11-Millionen.png\",\"contentUrl\":\"https:\/\/now-news.de\/de\/wp-content\/uploads\/sites\/3\/2024\/01\/Wucherpreise-in-Davos-Chalet-waehrend-der-WEF-Woche-fuer-11-Millionen.png\",\"width\":1664,\"height\":1080,\"caption\":\"Wucherpreise in Davos: Chalet w\u00e4hrend der WEF-Woche f\u00fcr 1,1 Millionen Euro vermietet\"},{\"@type\":\"BreadcrumbList\",\"@id\":\"https:\/\/now-news.de\/de\/deutschland\/wucherpreise-in-davos-chalet-waehrend-der-wef-woche-fuer-11-millionen-euro-vermietet\/#breadcrumb\",\"itemListElement\":[{\"@type\":\"ListItem\",\"position\":1,\"name\":\"Home\",\"item\":\"https:\/\/now-news.de\/de\/\"},{\"@type\":\"ListItem\",\"position\":2,\"name\":\"Wucherpreise in Davos: Chalet w\u00e4hrend der WEF-Woche f\u00fcr 1,1 Millionen Euro vermietet\"}]},{\"@type\":\"WebSite\",\"@id\":\"https:\/\/now-news.de\/de\/#website\",\"url\":\"https:\/\/now-news.de\/de\/\",\"name\":\"just-now.NEWS Deutschland\",\"description\":\"Das Portal f\u00fcr unzensierte Nachrichten aus der Welt\",\"publisher\":{\"@id\":\"https:\/\/now-news.de\/de\/#organization\"},\"potentialAction\":[{\"@type\":\"SearchAction\",\"target\":{\"@type\":\"EntryPoint\",\"urlTemplate\":\"https:\/\/now-news.de\/de\/?s={search_term_string}\"},\"query-input\":\"required name=search_term_string\"}],\"inLanguage\":\"de\"},{\"@type\":\"Organization\",\"@id\":\"https:\/\/now-news.de\/de\/#organization\",\"name\":\"Just Now News\",\"url\":\"https:\/\/now-news.de\/de\/\",\"logo\":{\"@type\":\"ImageObject\",\"inLanguage\":\"de\",\"@id\":\"https:\/\/now-news.de\/de\/#\/schema\/logo\/image\/\",\"url\":\"http:\/\/just-now.news\/de\/wp-content\/uploads\/sites\/3\/2022\/04\/logo500x500.jpg\",\"contentUrl\":\"http:\/\/just-now.news\/de\/wp-content\/uploads\/sites\/3\/2022\/04\/logo500x500.jpg\",\"width\":500,\"height\":500,\"caption\":\"Just Now News\"},\"image\":{\"@id\":\"https:\/\/now-news.de\/de\/#\/schema\/logo\/image\/\"},\"sameAs\":[\"https:\/\/www.facebook.com\/wirmachenauf\",\"https:\/\/x.com\/WirMachenAuf_de\"]},{\"@type\":\"Person\",\"@id\":\"https:\/\/now-news.de\/de\/#\/schema\/person\/fb534a4e865501d8b3285208df34a9b5\",\"name\":\"rtnews\",\"image\":{\"@type\":\"ImageObject\",\"inLanguage\":\"de\",\"@id\":\"https:\/\/now-news.de\/de\/#\/schema\/person\/image\/\",\"url\":\"https:\/\/secure.gravatar.com\/avatar\/82aafea7d8127119dd649515f56e2117?s=96&d=mm&r=g\",\"contentUrl\":\"https:\/\/secure.gravatar.com\/avatar\/82aafea7d8127119dd649515f56e2117?s=96&d=mm&r=g\",\"caption\":\"rtnews\"},\"url\":\"https:\/\/now-news.de\/de\/author\/rnews\/\"}]}<\/script>\n<!-- \/ Yoast SEO Premium plugin. -->","yoast_head_json":{"title":"Wucherpreise in Davos: Chalet w\u00e4hrend der WEF-Woche f\u00fcr 1,1 Millionen Euro vermietet - just-now.NEWS Deutschland","robots":{"index":"index","follow":"follow","max-snippet":"max-snippet:-1","max-image-preview":"max-image-preview:large","max-video-preview":"max-video-preview:-1"},"canonical":"https:\/\/now-news.de\/de\/deutschland\/wucherpreise-in-davos-chalet-waehrend-der-wef-woche-fuer-11-millionen-euro-vermietet\/","og_locale":"de_DE","og_type":"article","og_title":"Wucherpreise in Davos: Chalet w\u00e4hrend der WEF-Woche f\u00fcr 1,1 Millionen Euro vermietet","og_description":"M\u00e4rchenhafte Mietpreise in Davos w\u00e4hrend der WEF-Woche: Preise erreichen astronomische H\u00f6hen. Ein Privatanbieter verlangt f\u00fcr eine 4,5-Zimmer-Wohnung w\u00e4hrend der WEF-Woche unglaubliche 86.500 Euro \u2013 das entspricht 14.500 Euro pro Tag! Die Mietpreise in Davos w\u00e4hrend des World Economic Forum (WEF) mutieren zu einem Spektakel des Absurden. Doch f\u00fcr Vermieter von Luxusvillen ist dies l\u00e4ngst keine [&hellip;]","og_url":"https:\/\/now-news.de\/de\/deutschland\/wucherpreise-in-davos-chalet-waehrend-der-wef-woche-fuer-11-millionen-euro-vermietet\/","og_site_name":"just-now.NEWS Deutschland","article_publisher":"https:\/\/www.facebook.com\/wirmachenauf","article_published_time":"2024-01-15T11:51:52+00:00","og_image":[{"width":1664,"height":1080,"url":"https:\/\/now-news.de\/de\/wp-content\/uploads\/sites\/3\/2024\/01\/Wucherpreise-in-Davos-Chalet-waehrend-der-WEF-Woche-fuer-11-Millionen.png","type":"image\/png"}],"author":"rtnews","twitter_card":"summary_large_image","twitter_creator":"@WirMachenAuf_de","twitter_site":"@WirMachenAuf_de","twitter_misc":{"Verfasst von":"rtnews","Gesch\u00e4tzte Lesezeit":"3\u00a0Minuten"},"schema":{"@context":"https:\/\/schema.org","@graph":[{"@type":"Article","@id":"https:\/\/now-news.de\/de\/deutschland\/wucherpreise-in-davos-chalet-waehrend-der-wef-woche-fuer-11-millionen-euro-vermietet\/#article","isPartOf":{"@id":"https:\/\/now-news.de\/de\/deutschland\/wucherpreise-in-davos-chalet-waehrend-der-wef-woche-fuer-11-millionen-euro-vermietet\/"},"author":{"name":"rtnews","@id":"https:\/\/now-news.de\/de\/#\/schema\/person\/fb534a4e865501d8b3285208df34a9b5"},"headline":"Wucherpreise in Davos: Chalet w\u00e4hrend der WEF-Woche f\u00fcr 1,1 Millionen Euro vermietet","datePublished":"2024-01-15T11:51:52+00:00","dateModified":"2024-01-15T11:51:52+00:00","mainEntityOfPage":{"@id":"https:\/\/now-news.de\/de\/deutschland\/wucherpreise-in-davos-chalet-waehrend-der-wef-woche-fuer-11-millionen-euro-vermietet\/"},"wordCount":610,"commentCount":0,"publisher":{"@id":"https:\/\/now-news.de\/de\/#organization"},"image":{"@id":"https:\/\/now-news.de\/de\/deutschland\/wucherpreise-in-davos-chalet-waehrend-der-wef-woche-fuer-11-millionen-euro-vermietet\/#primaryimage"},"thumbnailUrl":"https:\/\/now-news.de\/de\/wp-content\/uploads\/sites\/3\/2024\/01\/Wucherpreise-in-Davos-Chalet-waehrend-der-WEF-Woche-fuer-11-Millionen.png","keywords":["Chalet","Davos","der","Euro","f\u00fcr","Millionen","vermietet","w\u00e4hrend","WEFWoche","Wucherpreise"],"articleSection":["Deutschland","Russland"],"inLanguage":"de","potentialAction":[{"@type":"CommentAction","name":"Comment","target":["https:\/\/now-news.de\/de\/deutschland\/wucherpreise-in-davos-chalet-waehrend-der-wef-woche-fuer-11-millionen-euro-vermietet\/#respond"]}]},{"@type":"WebPage","@id":"https:\/\/now-news.de\/de\/deutschland\/wucherpreise-in-davos-chalet-waehrend-der-wef-woche-fuer-11-millionen-euro-vermietet\/","url":"https:\/\/now-news.de\/de\/deutschland\/wucherpreise-in-davos-chalet-waehrend-der-wef-woche-fuer-11-millionen-euro-vermietet\/","name":"Wucherpreise in Davos: Chalet w\u00e4hrend der WEF-Woche f\u00fcr 1,1 Millionen Euro vermietet - just-now.NEWS Deutschland","isPartOf":{"@id":"https:\/\/now-news.de\/de\/#website"},"primaryImageOfPage":{"@id":"https:\/\/now-news.de\/de\/deutschland\/wucherpreise-in-davos-chalet-waehrend-der-wef-woche-fuer-11-millionen-euro-vermietet\/#primaryimage"},"image":{"@id":"https:\/\/now-news.de\/de\/deutschland\/wucherpreise-in-davos-chalet-waehrend-der-wef-woche-fuer-11-millionen-euro-vermietet\/#primaryimage"},"thumbnailUrl":"https:\/\/now-news.de\/de\/wp-content\/uploads\/sites\/3\/2024\/01\/Wucherpreise-in-Davos-Chalet-waehrend-der-WEF-Woche-fuer-11-Millionen.png","datePublished":"2024-01-15T11:51:52+00:00","dateModified":"2024-01-15T11:51:52+00:00","breadcrumb":{"@id":"https:\/\/now-news.de\/de\/deutschland\/wucherpreise-in-davos-chalet-waehrend-der-wef-woche-fuer-11-millionen-euro-vermietet\/#breadcrumb"},"inLanguage":"de","potentialAction":[{"@type":"ReadAction","target":["https:\/\/now-news.de\/de\/deutschland\/wucherpreise-in-davos-chalet-waehrend-der-wef-woche-fuer-11-millionen-euro-vermietet\/"]}]},{"@type":"ImageObject","inLanguage":"de","@id":"https:\/\/now-news.de\/de\/deutschland\/wucherpreise-in-davos-chalet-waehrend-der-wef-woche-fuer-11-millionen-euro-vermietet\/#primaryimage","url":"https:\/\/now-news.de\/de\/wp-content\/uploads\/sites\/3\/2024\/01\/Wucherpreise-in-Davos-Chalet-waehrend-der-WEF-Woche-fuer-11-Millionen.png","contentUrl":"https:\/\/now-news.de\/de\/wp-content\/uploads\/sites\/3\/2024\/01\/Wucherpreise-in-Davos-Chalet-waehrend-der-WEF-Woche-fuer-11-Millionen.png","width":1664,"height":1080,"caption":"Wucherpreise in Davos: Chalet w\u00e4hrend der WEF-Woche f\u00fcr 1,1 Millionen Euro vermietet"},{"@type":"BreadcrumbList","@id":"https:\/\/now-news.de\/de\/deutschland\/wucherpreise-in-davos-chalet-waehrend-der-wef-woche-fuer-11-millionen-euro-vermietet\/#breadcrumb","itemListElement":[{"@type":"ListItem","position":1,"name":"Home","item":"https:\/\/now-news.de\/de\/"},{"@type":"ListItem","position":2,"name":"Wucherpreise in Davos: Chalet w\u00e4hrend der WEF-Woche f\u00fcr 1,1 Millionen Euro vermietet"}]},{"@type":"WebSite","@id":"https:\/\/now-news.de\/de\/#website","url":"https:\/\/now-news.de\/de\/","name":"just-now.NEWS Deutschland","description":"Das Portal f\u00fcr unzensierte Nachrichten aus der Welt","publisher":{"@id":"https:\/\/now-news.de\/de\/#organization"},"potentialAction":[{"@type":"SearchAction","target":{"@type":"EntryPoint","urlTemplate":"https:\/\/now-news.de\/de\/?s={search_term_string}"},"query-input":"required name=search_term_string"}],"inLanguage":"de"},{"@type":"Organization","@id":"https:\/\/now-news.de\/de\/#organization","name":"Just Now News","url":"https:\/\/now-news.de\/de\/","logo":{"@type":"ImageObject","inLanguage":"de","@id":"https:\/\/now-news.de\/de\/#\/schema\/logo\/image\/","url":"http:\/\/just-now.news\/de\/wp-content\/uploads\/sites\/3\/2022\/04\/logo500x500.jpg","contentUrl":"http:\/\/just-now.news\/de\/wp-content\/uploads\/sites\/3\/2022\/04\/logo500x500.jpg","width":500,"height":500,"caption":"Just Now News"},"image":{"@id":"https:\/\/now-news.de\/de\/#\/schema\/logo\/image\/"},"sameAs":["https:\/\/www.facebook.com\/wirmachenauf","https:\/\/x.com\/WirMachenAuf_de"]},{"@type":"Person","@id":"https:\/\/now-news.de\/de\/#\/schema\/person\/fb534a4e865501d8b3285208df34a9b5","name":"rtnews","image":{"@type":"ImageObject","inLanguage":"de","@id":"https:\/\/now-news.de\/de\/#\/schema\/person\/image\/","url":"https:\/\/secure.gravatar.com\/avatar\/82aafea7d8127119dd649515f56e2117?s=96&d=mm&r=g","contentUrl":"https:\/\/secure.gravatar.com\/avatar\/82aafea7d8127119dd649515f56e2117?s=96&d=mm&r=g","caption":"rtnews"},"url":"https:\/\/now-news.de\/de\/author\/rnews\/"}]}},"_links":{"self":[{"href":"https:\/\/now-news.de\/de\/wp-json\/wp\/v2\/posts\/53258"}],"collection":[{"href":"https:\/\/now-news.de\/de\/wp-json\/wp\/v2\/posts"}],"about":[{"href":"https:\/\/now-news.de\/de\/wp-json\/wp\/v2\/types\/post"}],"author":[{"embeddable":true,"href":"https:\/\/now-news.de\/de\/wp-json\/wp\/v2\/users\/3"}],"replies":[{"embeddable":true,"href":"https:\/\/now-news.de\/de\/wp-json\/wp\/v2\/comments?post=53258"}],"version-history":[{"count":0,"href":"https:\/\/now-news.de\/de\/wp-json\/wp\/v2\/posts\/53258\/revisions"}],"wp:featuredmedia":[{"embeddable":true,"href":"https:\/\/now-news.de\/de\/wp-json\/wp\/v2\/media\/53259"}],"wp:attachment":[{"href":"https:\/\/now-news.de\/de\/wp-json\/wp\/v2\/media?parent=53258"}],"wp:term":[{"taxonomy":"category","embeddable":true,"href":"https:\/\/now-news.de\/de\/wp-json\/wp\/v2\/categories?post=53258"},{"taxonomy":"post_tag","embeddable":true,"href":"https:\/\/now-news.de\/de\/wp-json\/wp\/v2\/tags?post=53258"}],"curies":[{"name":"wp","href":"https:\/\/api.w.org\/{rel}","templated":true}]}}