{"id":53228,"date":"2024-01-14T18:05:23","date_gmt":"2024-01-14T16:05:23","guid":{"rendered":"https:\/\/just-now.news\/de\/deutschland\/angst-vor-dem-volk-ein-gutes-zeichen-fuer-die-demokratie\/"},"modified":"2024-01-14T18:05:23","modified_gmt":"2024-01-14T16:05:23","slug":"angst-vor-dem-volk-ein-gutes-zeichen-fuer-die-demokratie","status":"publish","type":"post","link":"https:\/\/now-news.de\/de\/deutschland\/angst-vor-dem-volk-ein-gutes-zeichen-fuer-die-demokratie\/","title":{"rendered":"Angst vor dem Volk: Ein gutes Zeichen f\u00fcr die Demokratie"},"content":{"rendered":"<p><img decoding=\"async\" src=\"http:\/\/just-now.news\/de\/wp-content\/uploads\/sites\/3\/2024\/01\/65a3a38448fbef330d3f5967.jpg\" \/><\/p>\n<div class=\"Text-root Text-type_1 \">\n                Je aussichtsloser die gesellschaftlichen, politischen und wirtschaftlichen Perspektiven in Deutschland werden, desto h\u00e4ufiger sprechen Politiker von der \u201eVerrohung\u201c der Gesellschaft, der Debatte oder des Widerstands. Sie sollten besser vorsichtig mit diesem Begriff sein.\n            <\/div>\n<p><\/p>\n<div class=\"Text-root Text-type_5 ArticleView-text ViewText-root \">\n<p><em>Von Tom J. Wellbrock<\/em><\/p>\n<p>Will man den Begriff &#8220;Verrohung&#8221; in einem Satz definieren, kommt man auf der Seite <em>verben.de<\/em> zu folgender pr\u00e4gnanter Aussage:<\/p>\n<blockquote>\n<p><em>&#8220;Prozess, bei dem das Verhalten oder auch die Sprache aggressiver wird.&#8221;<\/em><\/p>\n<\/blockquote>\n<p>Auf dwds werden Unterteilungen vorgenommen:<\/p>\n<p>\u00b7\u00a0<em>Zunehmende Brutalit\u00e4t, Gewaltt\u00e4tigkeit und R\u00fccksichtslosigkeit<\/em><\/p>\n<p>\u00b7\u00a0<em>Niedergang gesellschaftlicher, kultureller Normen und Werte, zunehmende geistige und sittliche Verwahrlosung, Derbheit, Unkultiviertheit<\/em><\/p>\n<p>\u00b7\u00a0<em>Formung von Menschen zur Aus\u00fcbung von Gewalt und zur Unsensibilit\u00e4t gegen\u00fcber Rohheit, gezieltes Hinwirken auf den Verlust bestimmter Werte&#8221; <\/em><\/p>\n<p>Es lohnt sich, etwas genauer hinzuschauen. Und es sollte keinesfalls unterlassen werden, auf die chronologischen Aspekte hinzuweisen, die sich mit der Besch\u00e4ftigung mit dem Thema ergeben. Dass dies in den politischen und medialen Debatten nicht passiert, kann nicht wirklich \u00fcberraschen, da es doch inzwischen eine Selbstverst\u00e4ndlichkeit geworden ist, Ereignisse oder Entwicklungen g\u00e4nzlich losgel\u00f6st vom Weg dorthin zu bewerten.<\/p>\n<p><strong>Die Verrohung der Wiederbewaffnung<\/strong><\/p>\n<p>Um die Verrohung der politischen Landschaft in Deutschland zu verstehen, m\u00fcsste man zu den Anfangszeiten der Bundesrepublik zur\u00fcckblicken. Man k\u00f6nnte die Wiederbewaffnung der Bundesrepublik Deutschland als Startschuss f\u00fcr die Verrohung nennen. Der vorl\u00e4ufige H\u00f6hepunkt war eine Demonstration in Essen, die sich klar gegen die Wiederbewaffnung Deutschlands richtete. Nachdem die Polizei die Freigabe f\u00fcr den Schie\u00dfbefehl auf Demonstranten erhalten hatte, starb der Kommunist Philipp M\u00fcller durch Sch\u00fcsse, andere Teilnehmer wurden teils schwer verletzt.<\/p>\n<p>Aus Protest gegen die Wiederbewaffnung trat der damalige Innenminister Gustav Heinemann zur\u00fcck, sp\u00e4ter wurde er zun\u00e4chst Justizminister und dann Bundespr\u00e4sident. Er selbst bezeichnete sich als &#8220;B\u00fcrgerpr\u00e4sident&#8221;, der sich f\u00fcr das demokratische und friedliche Erbe der deutschen Geschichte einsetzte. Die Debatten um die Wiederbewaffnung k\u00f6nnen heute als Verrohung der deutschen politischen Entscheider bezeichnet werden, denn die Deutschen waren in den 1950er Jahren au\u00dferordentlich kriegsm\u00fcde und mehrheitlich gegen die Wiederbewaffnung.<\/p>\n<p>Adenauer und seine Mitstreiter argumentierten mit der aggressiven Sowjetunion, die in der Diskussion mit der Gefahr des Hitler-Regimes gleichgesetzt wurde. Die Angst vor dem &#8220;b\u00f6sen Russen&#8221; wurde schon in der damaligen Zeit massiv gesch\u00fcrt, und selbst wenn man aufgrund der zeitlichen N\u00e4he zum Zweiten Weltkrieg eine gewisse Gefahr konstruieren konnte, fehlte dieser doch die fachliche Grundlage. Deutschland war l\u00e4ngst unter den &#8220;Schutzschirm&#8221; der USA geschl\u00fcpft, ein sowjetischer Angriff auf die Bundesrepublik war also eher unwahrscheinlich.<\/p>\n<p><strong>Aggressive Sprache in Politik und Medien<\/strong><\/p>\n<p>Kommen wir zur j\u00fcngeren Geschichte und \u00fcberspringen ein paar Jahrzehnte der politischen Verrohung in Deutschland. Im Jahr 2020 hatte Deutschland es mit einem neuartigen Virus zu tun, von dem schnell behauptet wurde, es w\u00fcrde einen Gro\u00dfteil des menschlichen Lebens auf der Erde ausl\u00f6schen, w\u00fcrden nicht unverz\u00fcglich wirksame Ma\u00dfnahmen ergriffen werden. Die Sorge war aus Unkenntnis und Vorsicht einige Wochen lang nachvollziehbar, denn niemand wusste, was genau da auf uns alle zukommt.<\/p>\n<p>Doch die Faktenlage \u00e4nderte sich recht schnell. Nach und nach zeigte sich, dass die Risikogruppe f\u00fcr Covid-19 \u00fcberschaubar war. Sie zu sch\u00fctzen w\u00e4re keine Hexerei gewesen, sondern h\u00e4tte besonnenen und \u00fcberlegten Handelns bedurft. Nichts davon geschah! Statt auf Verst\u00e4ndnis wurde auf Verrohung gesetzt.<\/p>\n<p>Und w\u00e4hrend im Zuge der aktuellen Bauernproteste die beteiligten T\u00e4ter aus der Politik nicht m\u00fcde werden zu betonen, dass man sich ja in einer Demokratie streiten d\u00fcrfe und miteinander reden m\u00fcsse, taten dieselben Zeitgenossen das w\u00e4hrend der Corona-Episode nicht. Im Gegenteil, so etwas wie eine kritische Auseinandersetzung auf Augenh\u00f6he fand nicht statt, auf skeptische Menschen wurde rhetorisch und physisch eingepr\u00fcgelt, bis sich kaum noch jemand traute, etwas zu \u00e4u\u00dfern, von dem er Gegenwind bef\u00fcrchten musste.<\/p>\n<p>Und so verh\u00e4lt es sich auch bei anderen Themen, deren Gegenma\u00dfnahmen gesellschaftlich erhebliche Auswirkungen haben.<\/p>\n<p><strong>Verrohung in Berlin<\/strong><\/p>\n<p>Was die Vorg\u00e4ngerregierung w\u00e4hrend der Corona-Episode an Zusammenhalt in der Gesellschaft zerst\u00f6rt hat, setzt die aktuelle Ampel-Regierung auf einem neuen Niveau fort. Jeder Appell an das Gemeinschaftsgef\u00fchl, jede Bitte um gegenseitigen Respekt, jeder Aufruf zu einer friedlichen Auseinandersetzung wird begleitet und \u00fcberschattet von verbaler Hetze, Feindbildaufbau und dem Versuch, andere f\u00fcr das eigene Versagen verantwortlich zu machen.<\/p>\n<p>Den derzeitigen H\u00f6hepunkt stellt der weinerliche Hinweis dar, die Bundesregierung k\u00f6nne nichts f\u00fcr das wirtschaftliche und gesellschaftliche Desaster, und an den Bauernprotesten sei wahlweise Putin oder Merkel schuld, gern auch in Kombination. Nicht schuldlos sind zudem die Unionsparteien und das Bundesverfassungsgericht, das der Klage gegen die Ampel in Sachen Schuldenbremse inhaltlich zugestimmt und entsprechend sein Urteil gesprochen hat.<\/p>\n<p>Den Gipfel der Berliner Verrohung stellt die Reaktion auf die Proteste der Bauern dar, von denen Finanzminister Christian Lindner (FDP) behauptet, sie h\u00e4tten sich verrannt und sollten umkehren. Das H\u00f6festerben deutscher (vor allem kleiner) Landwirte ist nicht neu, doch die aktuelle Regierung hat dagegen ebenso wenig etwas getan wie die Regierungen davor.<\/p>\n<p>Wir erinnern uns an die Worte weiter oben im Text mit Blick auf eine Definition der Verrohung:<\/p>\n<blockquote>\n<p><em>&#8220;Zunehmende Brutalit\u00e4t, Gewaltt\u00e4tigkeit und R\u00fccksichtslosigkeit.&#8221;<\/em><\/p>\n<\/blockquote>\n<p>Alle drei Attribute treffen auf Politik und Medien der letzten gut drei Jahre zu. Die Brutalit\u00e4t zeigte sich nicht nur physisch bei Demonstranten gegen die Grundrechtseinschr\u00e4nkungen, sondern auch verbal durch die aggressive Beschimpfung von Kritikern der Ma\u00dfnahmenpolitik, die auf Gewaltt\u00e4tigkeit und R\u00fccksichtslosigkeit schlie\u00dfen lassen. Doch all das l\u00e4sst sich nicht auf die Corona-Episode reduzieren, es ist eine bewusst eingesetzte und stetig eskalierte Strategie, um die Bev\u00f6lkerung zu spalten und in Angst zu halten.<\/p>\n<p>Doch das Pendel schl\u00e4gt zur\u00fcck.<\/p>\n<p><strong>Wieso sprechen?<\/strong><\/p>\n<p>Verpackt in verst\u00e4ndnisvolle Worte, reagiert die Politik nun auf die Bauernproteste. Nachdem die Abschaffung der Kfz-Steuerverg\u00fcnstigung f\u00fcr landwirtschaftliche Fahrzeuge zur\u00fcckgenommen wurde, soll die Streichung f\u00fcr Agrardiesel nun schrittweise statt sofort durchgezogen werden. Die Tatsache, dass die Bauern das nicht akzeptieren, wird mit Debatten in der Politik verwechselt, die von Kompromissen leben, man k\u00f6nnte auch sagen: von faulen Kompromissen und Absprachen hinter verschlossenen T\u00fcren.<\/p>\n<p>Die Bauern sind nach Jahren der G\u00e4ngelung und dem Wahnsinn der B\u00fcrokratie nicht mehr bereit, weitere Abstriche in Kauf zu nehmen, die nicht wenige von ihnen in ihrer Existenz bedrohen. Zumal ihnen t\u00e4glich signalisiert wird, dass an der Streichung der Verg\u00fcnstigung f\u00fcr Agrardiesel keine Zweifel bestehen.<\/p>\n<p>Die Forderungen der Bauern sind klar, die Reaktionen der Politik sind deutlich, insofern muss man die Frage stellen, wor\u00fcber jetzt noch geredet werden sollte.<\/p>\n<p>Das Volk wird seit Jahren in Angst gehalten, und es sind keine \u00e4u\u00dferen Umst\u00e4nde, die diese Angst erzeugen, sondern es ist die Politik, die sich auf diese Strategie eingeschossen hat. Ein \u00e4ngstliches Volk ist nun einmal leichter zu f\u00fchren, das ist keine neue Erkenntnis. Ebenfalls nicht neu ist allerdings die sich daraus ergebende Folge: Man kann versuchen, durch Druck, Angst und Repression ein Volk in den Griff zu bekommen. Der Faktor Zeit spricht jedoch gegen diese Herangehensweise.<\/p>\n<p>Inzwischen meidet die Politik den direkten Kontakt, das direkte Gespr\u00e4ch mit den Menschen bzw. im Speziellen mit den Bauern. Die beteiligten Politiker haben \u2013 man sieht das deutlich \u2013 Angst bekommen vor diesem Volk. Es ist unberechenbar geworden, zeigt weniger Angst und mehr Wut, weniger Zur\u00fcckhaltung und mehr Kampfeswillen. Es ist kein Zufall, dass die Unterst\u00fctzung der Bev\u00f6lkerung f\u00fcr die Bauernproteste so ausgepr\u00e4gt ist, dass andere Branchen sich dazugesellen, dass die politischen und medialen Versuche der Spaltung des Widerstandes weitgehend ins Leere laufen.<\/p>\n<p>Diese Entwicklung hin zu mehr Selbstvertrauen der \u00fcber Jahre missachteten Menschen hat nichts mit Verrohung zu tun, sie ist die Konsequenz einer verrohten Politik, die sich gegen die Menschen im Land richtet. Als die Corona-Episode begann, begann damit auch eine Phase des Ausprobierens bei Politik und Medien. Die Frage war, wie weit man gehen konnte mit dem Aufbau von Druck, dem Aussprechen von Verboten und der Aggressivit\u00e4t im Umgang mit Kritikern. Man konnte sehr weit gehen, und vermutlich waren nicht wenige der Entscheidungstr\u00e4ger selbst \u00fcberrascht, wie einfach es war, durch schlichte, aber effiziente Erz\u00e4hlungen die Demokratie aufweichen zu k\u00f6nnen wie ein St\u00fcck Butter in der Sonne.<\/p>\n<p>Faktisch waren die Grundrechtseinschr\u00e4nkungen der Corona-Zeit gesellschaftlich bedeutender und f\u00fcr die Demokratie gef\u00e4hrlicher als die heutigen Bauernproteste, die sich auf eine Branche beschr\u00e4nken. Aber die Zeit war noch nicht reif damals, sicher auch, weil die Angsterzeugung besser funktionierte. Die Menschen reagieren auf die Streichung von Subventionen nun mal anders als auf die Warnung, man m\u00fcsse sich konform verhalten, weil es um Leben und Tod gehe. Doch das ist nur ein Aspekt, der andere steckt in der Tatsache, dass die eben genannte Phase des Ausprobierens seit Corona nicht beendet wurde. Sie wurde fortgesetzt bis zum heutigen Tage, und der Versuch, die verfassungswidrigen politischen Finanzentscheidungen auf dem R\u00fccken der Bauern auszutragen, w\u00e4hrend die Ausgaben f\u00fcr Krieg und R\u00fcstung nach wie vor unfassbare Dimensionen erreichen, geht nun nicht mehr auf.<\/p>\n<p><strong>Ein gutes Zeichen f\u00fcr die Demokratie<\/strong><\/p>\n<p>Verrohung? Ja, die gab es und die gibt es. Die politische Verrohung der Verantwortungstr\u00e4ger und der Medien ist mit den H\u00e4nden zu greifen, sie ist so offensichtlich geworden, dass immer mehr der Menschen, die ihr ausgeliefert sind, die Augen davor nicht mehr verschlie\u00dfen k\u00f6nnen und nicht mehr verschlie\u00dfen wollen.<\/p>\n<p>Seit fast vier Jahren wird die deutsche Bev\u00f6lkerung in Angst gehalten, eine Krise l\u00f6st die andere ab, und die Verursacher dieser Krisen hei\u00dfen weder Putin noch Merkel noch AfD. Es sind die an den Schalthebeln der Macht sitzenden Entscheider, die die Krisen der letzten Jahre erzeugt und verursacht haben.<\/p>\n<p>Man hielt das Volk in Angst, und man tat das mit einer Selbstverst\u00e4ndlichkeit, die fahrl\u00e4ssig war. Immer wieder neue negative Botschaften erzeugten Angst, Unsicherheit und Zukunftssorgen bei den Menschen. Mut und Zuversicht standen ganz bewusst nicht als Angebot bereit, Ma\u00dfnahmen, die die Lage der Menschen im Land verbessern, wurden nicht in Erw\u00e4gung gezogen.<\/p>\n<p>Nun scheint es, als w\u00fcrde sich die Angst der letzten Jahre bei vielen Menschen in Wut und Kraft verwandeln. Die Kompromisslosigkeit der Bauern bei ihren Forderungen, die wir (noch?) sehen, zeigt, dass sie sicher sind, das Richtige zu fordern, und dass Angst vor der Politik dabei nicht im Vordergrund steht.<\/p>\n<p>Die beste aller Demokratien funktioniert so, dass es ein harmonisches Zusammenspiel zwischen Politik und Bev\u00f6lkerung gibt. Sie ist wohl eher ein gedankliches Modell, das man in Schriften und B\u00fcchern formulieren kann, denn der Alltag in Systemen, die sich Demokratie nennen, ist bestimmt von Korruption, Machtspielen und egoistischen Interessen der Entscheidungstr\u00e4ger.<\/p>\n<p>Die zweitbeste aller Demokratien ist die, in der die Politik mindestens Respekt, zuweilen aber auch Angst vor der Bev\u00f6lkerung hat. Denn die Verantwortung von Politik in Demokratien sollte sein, die Bed\u00fcrfnisse und den Bedarf des Volkes zu erkennen und danach zu handeln. Ein gewisses Ma\u00df an Angst auf der Entscheiderebene ist also kein Zeichen von Verrohung, sondern eines f\u00fcr Empathie der politischen Entscheider.<\/p>\n<p>Die schlechteste aller Demokratien ist die, in der die Bev\u00f6lkerung Angst vor den politisch Verantwortlichen hat. Denn bei Lichte betrachtet handelt es sich nicht mehr um eine Demokratie, sondern um eine totalit\u00e4re und autorit\u00e4re Gesellschaft, die sich nur einen anderen Namen gegeben hat.<\/p>\n<p><em><strong>Tom J. Wellbrock<\/strong> ist Journalist, Sprecher, Texter, Podcaster, Moderator und Mitherausgeber des Blogs <\/em><a rel=\"nofollow noopener\" target=\"_blank\" href=\"https:\/\/lkto.ru\/uv\/service\/hvtrs8%2F-wuw%2Cngunaldpe%60enlgn%2Cdg%2F\">neulandrebellen<\/a><em>.<\/em><\/p>\n<p><strong>Mehr zum Thema<\/strong> &#8211; <a rel=\"nofollow noopener\" target=\"_blank\" href=\"https:\/\/freedert.online\/inland\/192241-ueber-agrardieselsubventionen-krieg-und-ziele\/\">\u00dcber Agrardieselsubventionen, den Krieg und die Ziele der Verfassungsfeinde<\/a><\/p>\n<\/p>\n<\/div>\n<p><br \/>\n<br \/><a href=\"https:\/\/de.rt.com\/meinung\/192571-angst-vor-volk-gutes-zeichen\/\">Source link <\/a><\/p>\n","protected":false},"excerpt":{"rendered":"<p>Je aussichtsloser die gesellschaftlichen, politischen und wirtschaftlichen Perspektiven in Deutschland werden, desto h\u00e4ufiger sprechen Politiker von der \u201eVerrohung\u201c der Gesellschaft, der Debatte oder des Widerstands. Sie sollten besser vorsichtig mit diesem Begriff sein. Von Tom J. Wellbrock Will man den Begriff &#8220;Verrohung&#8221; in einem Satz definieren, kommt man auf der Seite verben.de zu folgender pr\u00e4gnanter [&hellip;]<\/p>\n","protected":false},"author":3,"featured_media":53229,"comment_status":"open","ping_status":"open","sticky":false,"template":"","format":"standard","meta":{"_yoast_indexnow_last_ping":["1705248471"],"wp_automatic_camp":["217"],"27ed35fcaba0065c692998a6b594bfca":["Angst vor dem Volk: Ein gutes Zeichen f\u00fcr die Demokratie"],"original_link":["https:\/\/de.rt.com\/meinung\/192571-angst-vor-volk-gutes-zeichen\/"],"_thumbnail_id":["53229"],"_wptgpro_p2tg_sent2tg":["a:1:{i:23737;s:19:\"2024-01-14 18:08:53\";}"],"jnews_social_counter_last_update":["1777303314"]},"categories":[19,23],"tags":[6178,134,2570,45,357,221,9421,8952,320,20166],"yoast_head":"<!-- This site is optimized with the Yoast SEO Premium plugin v22.7 (Yoast SEO v22.7) - https:\/\/yoast.com\/wordpress\/plugins\/seo\/ -->\n<title>Angst vor dem Volk: Ein gutes Zeichen f\u00fcr die Demokratie - just-now.NEWS Deutschland<\/title>\n<meta name=\"robots\" content=\"index, follow, max-snippet:-1, max-image-preview:large, max-video-preview:-1\" \/>\n<link rel=\"canonical\" href=\"https:\/\/now-news.de\/de\/deutschland\/angst-vor-dem-volk-ein-gutes-zeichen-fuer-die-demokratie\/\" \/>\n<meta property=\"og:locale\" content=\"de_DE\" \/>\n<meta property=\"og:type\" content=\"article\" \/>\n<meta property=\"og:title\" content=\"Angst vor dem Volk: Ein gutes Zeichen f\u00fcr die Demokratie\" \/>\n<meta property=\"og:description\" content=\"Je aussichtsloser die gesellschaftlichen, politischen und wirtschaftlichen Perspektiven in Deutschland werden, desto h\u00e4ufiger sprechen Politiker von der \u201eVerrohung\u201c der Gesellschaft, der Debatte oder des Widerstands. Sie sollten besser vorsichtig mit diesem Begriff sein. Von Tom J. Wellbrock Will man den Begriff &#8220;Verrohung&#8221; in einem Satz definieren, kommt man auf der Seite verben.de zu folgender pr\u00e4gnanter [&hellip;]\" \/>\n<meta property=\"og:url\" content=\"https:\/\/now-news.de\/de\/deutschland\/angst-vor-dem-volk-ein-gutes-zeichen-fuer-die-demokratie\/\" \/>\n<meta property=\"og:site_name\" content=\"just-now.NEWS Deutschland\" \/>\n<meta property=\"article:publisher\" content=\"https:\/\/www.facebook.com\/wirmachenauf\" \/>\n<meta property=\"article:published_time\" content=\"2024-01-14T16:05:23+00:00\" \/>\n<meta property=\"og:image\" content=\"https:\/\/now-news.de\/de\/wp-content\/uploads\/sites\/3\/2024\/01\/Angst-vor-dem-Volk-Ein-gutes-Zeichen-fuer-die-Demokratie.jpg\" \/>\n\t<meta property=\"og:image:width\" content=\"460\" \/>\n\t<meta property=\"og:image:height\" content=\"259\" \/>\n\t<meta property=\"og:image:type\" content=\"image\/jpeg\" \/>\n<meta name=\"author\" content=\"rtnews\" \/>\n<meta name=\"twitter:card\" content=\"summary_large_image\" \/>\n<meta name=\"twitter:creator\" content=\"@WirMachenAuf_de\" \/>\n<meta name=\"twitter:site\" content=\"@WirMachenAuf_de\" \/>\n<meta name=\"twitter:label1\" content=\"Verfasst von\" \/>\n\t<meta name=\"twitter:data1\" content=\"rtnews\" \/>\n\t<meta name=\"twitter:label2\" content=\"Gesch\u00e4tzte Lesezeit\" \/>\n\t<meta name=\"twitter:data2\" content=\"10\u00a0Minuten\" \/>\n<script type=\"application\/ld+json\" class=\"yoast-schema-graph\">{\"@context\":\"https:\/\/schema.org\",\"@graph\":[{\"@type\":\"Article\",\"@id\":\"https:\/\/now-news.de\/de\/deutschland\/angst-vor-dem-volk-ein-gutes-zeichen-fuer-die-demokratie\/#article\",\"isPartOf\":{\"@id\":\"https:\/\/now-news.de\/de\/deutschland\/angst-vor-dem-volk-ein-gutes-zeichen-fuer-die-demokratie\/\"},\"author\":{\"name\":\"rtnews\",\"@id\":\"https:\/\/now-news.de\/de\/#\/schema\/person\/fb534a4e865501d8b3285208df34a9b5\"},\"headline\":\"Angst vor dem Volk: Ein gutes Zeichen f\u00fcr die Demokratie\",\"datePublished\":\"2024-01-14T16:05:23+00:00\",\"dateModified\":\"2024-01-14T16:05:23+00:00\",\"mainEntityOfPage\":{\"@id\":\"https:\/\/now-news.de\/de\/deutschland\/angst-vor-dem-volk-ein-gutes-zeichen-fuer-die-demokratie\/\"},\"wordCount\":1939,\"commentCount\":0,\"publisher\":{\"@id\":\"https:\/\/now-news.de\/de\/#organization\"},\"image\":{\"@id\":\"https:\/\/now-news.de\/de\/deutschland\/angst-vor-dem-volk-ein-gutes-zeichen-fuer-die-demokratie\/#primaryimage\"},\"thumbnailUrl\":\"https:\/\/now-news.de\/de\/wp-content\/uploads\/sites\/3\/2024\/01\/Angst-vor-dem-Volk-Ein-gutes-Zeichen-fuer-die-Demokratie.jpg\",\"keywords\":[\"Angst\",\"DEM\",\"Demokratie\",\"die\",\"ein\",\"f\u00fcr\",\"gutes\",\"volk\",\"vor\",\"Zeichen\"],\"articleSection\":[\"Deutschland\",\"Russland\"],\"inLanguage\":\"de\",\"potentialAction\":[{\"@type\":\"CommentAction\",\"name\":\"Comment\",\"target\":[\"https:\/\/now-news.de\/de\/deutschland\/angst-vor-dem-volk-ein-gutes-zeichen-fuer-die-demokratie\/#respond\"]}]},{\"@type\":\"WebPage\",\"@id\":\"https:\/\/now-news.de\/de\/deutschland\/angst-vor-dem-volk-ein-gutes-zeichen-fuer-die-demokratie\/\",\"url\":\"https:\/\/now-news.de\/de\/deutschland\/angst-vor-dem-volk-ein-gutes-zeichen-fuer-die-demokratie\/\",\"name\":\"Angst vor dem Volk: Ein gutes Zeichen f\u00fcr die Demokratie - just-now.NEWS Deutschland\",\"isPartOf\":{\"@id\":\"https:\/\/now-news.de\/de\/#website\"},\"primaryImageOfPage\":{\"@id\":\"https:\/\/now-news.de\/de\/deutschland\/angst-vor-dem-volk-ein-gutes-zeichen-fuer-die-demokratie\/#primaryimage\"},\"image\":{\"@id\":\"https:\/\/now-news.de\/de\/deutschland\/angst-vor-dem-volk-ein-gutes-zeichen-fuer-die-demokratie\/#primaryimage\"},\"thumbnailUrl\":\"https:\/\/now-news.de\/de\/wp-content\/uploads\/sites\/3\/2024\/01\/Angst-vor-dem-Volk-Ein-gutes-Zeichen-fuer-die-Demokratie.jpg\",\"datePublished\":\"2024-01-14T16:05:23+00:00\",\"dateModified\":\"2024-01-14T16:05:23+00:00\",\"breadcrumb\":{\"@id\":\"https:\/\/now-news.de\/de\/deutschland\/angst-vor-dem-volk-ein-gutes-zeichen-fuer-die-demokratie\/#breadcrumb\"},\"inLanguage\":\"de\",\"potentialAction\":[{\"@type\":\"ReadAction\",\"target\":[\"https:\/\/now-news.de\/de\/deutschland\/angst-vor-dem-volk-ein-gutes-zeichen-fuer-die-demokratie\/\"]}]},{\"@type\":\"ImageObject\",\"inLanguage\":\"de\",\"@id\":\"https:\/\/now-news.de\/de\/deutschland\/angst-vor-dem-volk-ein-gutes-zeichen-fuer-die-demokratie\/#primaryimage\",\"url\":\"https:\/\/now-news.de\/de\/wp-content\/uploads\/sites\/3\/2024\/01\/Angst-vor-dem-Volk-Ein-gutes-Zeichen-fuer-die-Demokratie.jpg\",\"contentUrl\":\"https:\/\/now-news.de\/de\/wp-content\/uploads\/sites\/3\/2024\/01\/Angst-vor-dem-Volk-Ein-gutes-Zeichen-fuer-die-Demokratie.jpg\",\"width\":460,\"height\":259,\"caption\":\"Angst vor dem Volk: Ein gutes Zeichen f\u00fcr die Demokratie\"},{\"@type\":\"BreadcrumbList\",\"@id\":\"https:\/\/now-news.de\/de\/deutschland\/angst-vor-dem-volk-ein-gutes-zeichen-fuer-die-demokratie\/#breadcrumb\",\"itemListElement\":[{\"@type\":\"ListItem\",\"position\":1,\"name\":\"Home\",\"item\":\"https:\/\/now-news.de\/de\/\"},{\"@type\":\"ListItem\",\"position\":2,\"name\":\"Angst vor dem Volk: Ein gutes Zeichen f\u00fcr die Demokratie\"}]},{\"@type\":\"WebSite\",\"@id\":\"https:\/\/now-news.de\/de\/#website\",\"url\":\"https:\/\/now-news.de\/de\/\",\"name\":\"just-now.NEWS Deutschland\",\"description\":\"Das Portal f\u00fcr unzensierte Nachrichten aus der Welt\",\"publisher\":{\"@id\":\"https:\/\/now-news.de\/de\/#organization\"},\"potentialAction\":[{\"@type\":\"SearchAction\",\"target\":{\"@type\":\"EntryPoint\",\"urlTemplate\":\"https:\/\/now-news.de\/de\/?s={search_term_string}\"},\"query-input\":\"required name=search_term_string\"}],\"inLanguage\":\"de\"},{\"@type\":\"Organization\",\"@id\":\"https:\/\/now-news.de\/de\/#organization\",\"name\":\"Just Now News\",\"url\":\"https:\/\/now-news.de\/de\/\",\"logo\":{\"@type\":\"ImageObject\",\"inLanguage\":\"de\",\"@id\":\"https:\/\/now-news.de\/de\/#\/schema\/logo\/image\/\",\"url\":\"http:\/\/just-now.news\/de\/wp-content\/uploads\/sites\/3\/2022\/04\/logo500x500.jpg\",\"contentUrl\":\"http:\/\/just-now.news\/de\/wp-content\/uploads\/sites\/3\/2022\/04\/logo500x500.jpg\",\"width\":500,\"height\":500,\"caption\":\"Just Now News\"},\"image\":{\"@id\":\"https:\/\/now-news.de\/de\/#\/schema\/logo\/image\/\"},\"sameAs\":[\"https:\/\/www.facebook.com\/wirmachenauf\",\"https:\/\/x.com\/WirMachenAuf_de\"]},{\"@type\":\"Person\",\"@id\":\"https:\/\/now-news.de\/de\/#\/schema\/person\/fb534a4e865501d8b3285208df34a9b5\",\"name\":\"rtnews\",\"image\":{\"@type\":\"ImageObject\",\"inLanguage\":\"de\",\"@id\":\"https:\/\/now-news.de\/de\/#\/schema\/person\/image\/\",\"url\":\"https:\/\/secure.gravatar.com\/avatar\/82aafea7d8127119dd649515f56e2117?s=96&d=mm&r=g\",\"contentUrl\":\"https:\/\/secure.gravatar.com\/avatar\/82aafea7d8127119dd649515f56e2117?s=96&d=mm&r=g\",\"caption\":\"rtnews\"},\"url\":\"https:\/\/now-news.de\/de\/author\/rnews\/\"}]}<\/script>\n<!-- \/ Yoast SEO Premium plugin. -->","yoast_head_json":{"title":"Angst vor dem Volk: Ein gutes Zeichen f\u00fcr die Demokratie - just-now.NEWS Deutschland","robots":{"index":"index","follow":"follow","max-snippet":"max-snippet:-1","max-image-preview":"max-image-preview:large","max-video-preview":"max-video-preview:-1"},"canonical":"https:\/\/now-news.de\/de\/deutschland\/angst-vor-dem-volk-ein-gutes-zeichen-fuer-die-demokratie\/","og_locale":"de_DE","og_type":"article","og_title":"Angst vor dem Volk: Ein gutes Zeichen f\u00fcr die Demokratie","og_description":"Je aussichtsloser die gesellschaftlichen, politischen und wirtschaftlichen Perspektiven in Deutschland werden, desto h\u00e4ufiger sprechen Politiker von der \u201eVerrohung\u201c der Gesellschaft, der Debatte oder des Widerstands. Sie sollten besser vorsichtig mit diesem Begriff sein. Von Tom J. Wellbrock Will man den Begriff &#8220;Verrohung&#8221; in einem Satz definieren, kommt man auf der Seite verben.de zu folgender pr\u00e4gnanter [&hellip;]","og_url":"https:\/\/now-news.de\/de\/deutschland\/angst-vor-dem-volk-ein-gutes-zeichen-fuer-die-demokratie\/","og_site_name":"just-now.NEWS Deutschland","article_publisher":"https:\/\/www.facebook.com\/wirmachenauf","article_published_time":"2024-01-14T16:05:23+00:00","og_image":[{"width":460,"height":259,"url":"https:\/\/now-news.de\/de\/wp-content\/uploads\/sites\/3\/2024\/01\/Angst-vor-dem-Volk-Ein-gutes-Zeichen-fuer-die-Demokratie.jpg","type":"image\/jpeg"}],"author":"rtnews","twitter_card":"summary_large_image","twitter_creator":"@WirMachenAuf_de","twitter_site":"@WirMachenAuf_de","twitter_misc":{"Verfasst von":"rtnews","Gesch\u00e4tzte Lesezeit":"10\u00a0Minuten"},"schema":{"@context":"https:\/\/schema.org","@graph":[{"@type":"Article","@id":"https:\/\/now-news.de\/de\/deutschland\/angst-vor-dem-volk-ein-gutes-zeichen-fuer-die-demokratie\/#article","isPartOf":{"@id":"https:\/\/now-news.de\/de\/deutschland\/angst-vor-dem-volk-ein-gutes-zeichen-fuer-die-demokratie\/"},"author":{"name":"rtnews","@id":"https:\/\/now-news.de\/de\/#\/schema\/person\/fb534a4e865501d8b3285208df34a9b5"},"headline":"Angst vor dem Volk: Ein gutes Zeichen f\u00fcr die Demokratie","datePublished":"2024-01-14T16:05:23+00:00","dateModified":"2024-01-14T16:05:23+00:00","mainEntityOfPage":{"@id":"https:\/\/now-news.de\/de\/deutschland\/angst-vor-dem-volk-ein-gutes-zeichen-fuer-die-demokratie\/"},"wordCount":1939,"commentCount":0,"publisher":{"@id":"https:\/\/now-news.de\/de\/#organization"},"image":{"@id":"https:\/\/now-news.de\/de\/deutschland\/angst-vor-dem-volk-ein-gutes-zeichen-fuer-die-demokratie\/#primaryimage"},"thumbnailUrl":"https:\/\/now-news.de\/de\/wp-content\/uploads\/sites\/3\/2024\/01\/Angst-vor-dem-Volk-Ein-gutes-Zeichen-fuer-die-Demokratie.jpg","keywords":["Angst","DEM","Demokratie","die","ein","f\u00fcr","gutes","volk","vor","Zeichen"],"articleSection":["Deutschland","Russland"],"inLanguage":"de","potentialAction":[{"@type":"CommentAction","name":"Comment","target":["https:\/\/now-news.de\/de\/deutschland\/angst-vor-dem-volk-ein-gutes-zeichen-fuer-die-demokratie\/#respond"]}]},{"@type":"WebPage","@id":"https:\/\/now-news.de\/de\/deutschland\/angst-vor-dem-volk-ein-gutes-zeichen-fuer-die-demokratie\/","url":"https:\/\/now-news.de\/de\/deutschland\/angst-vor-dem-volk-ein-gutes-zeichen-fuer-die-demokratie\/","name":"Angst vor dem Volk: Ein gutes Zeichen f\u00fcr die Demokratie - just-now.NEWS Deutschland","isPartOf":{"@id":"https:\/\/now-news.de\/de\/#website"},"primaryImageOfPage":{"@id":"https:\/\/now-news.de\/de\/deutschland\/angst-vor-dem-volk-ein-gutes-zeichen-fuer-die-demokratie\/#primaryimage"},"image":{"@id":"https:\/\/now-news.de\/de\/deutschland\/angst-vor-dem-volk-ein-gutes-zeichen-fuer-die-demokratie\/#primaryimage"},"thumbnailUrl":"https:\/\/now-news.de\/de\/wp-content\/uploads\/sites\/3\/2024\/01\/Angst-vor-dem-Volk-Ein-gutes-Zeichen-fuer-die-Demokratie.jpg","datePublished":"2024-01-14T16:05:23+00:00","dateModified":"2024-01-14T16:05:23+00:00","breadcrumb":{"@id":"https:\/\/now-news.de\/de\/deutschland\/angst-vor-dem-volk-ein-gutes-zeichen-fuer-die-demokratie\/#breadcrumb"},"inLanguage":"de","potentialAction":[{"@type":"ReadAction","target":["https:\/\/now-news.de\/de\/deutschland\/angst-vor-dem-volk-ein-gutes-zeichen-fuer-die-demokratie\/"]}]},{"@type":"ImageObject","inLanguage":"de","@id":"https:\/\/now-news.de\/de\/deutschland\/angst-vor-dem-volk-ein-gutes-zeichen-fuer-die-demokratie\/#primaryimage","url":"https:\/\/now-news.de\/de\/wp-content\/uploads\/sites\/3\/2024\/01\/Angst-vor-dem-Volk-Ein-gutes-Zeichen-fuer-die-Demokratie.jpg","contentUrl":"https:\/\/now-news.de\/de\/wp-content\/uploads\/sites\/3\/2024\/01\/Angst-vor-dem-Volk-Ein-gutes-Zeichen-fuer-die-Demokratie.jpg","width":460,"height":259,"caption":"Angst vor dem Volk: Ein gutes Zeichen f\u00fcr die Demokratie"},{"@type":"BreadcrumbList","@id":"https:\/\/now-news.de\/de\/deutschland\/angst-vor-dem-volk-ein-gutes-zeichen-fuer-die-demokratie\/#breadcrumb","itemListElement":[{"@type":"ListItem","position":1,"name":"Home","item":"https:\/\/now-news.de\/de\/"},{"@type":"ListItem","position":2,"name":"Angst vor dem Volk: Ein gutes Zeichen f\u00fcr die Demokratie"}]},{"@type":"WebSite","@id":"https:\/\/now-news.de\/de\/#website","url":"https:\/\/now-news.de\/de\/","name":"just-now.NEWS Deutschland","description":"Das Portal f\u00fcr unzensierte Nachrichten aus der Welt","publisher":{"@id":"https:\/\/now-news.de\/de\/#organization"},"potentialAction":[{"@type":"SearchAction","target":{"@type":"EntryPoint","urlTemplate":"https:\/\/now-news.de\/de\/?s={search_term_string}"},"query-input":"required name=search_term_string"}],"inLanguage":"de"},{"@type":"Organization","@id":"https:\/\/now-news.de\/de\/#organization","name":"Just Now News","url":"https:\/\/now-news.de\/de\/","logo":{"@type":"ImageObject","inLanguage":"de","@id":"https:\/\/now-news.de\/de\/#\/schema\/logo\/image\/","url":"http:\/\/just-now.news\/de\/wp-content\/uploads\/sites\/3\/2022\/04\/logo500x500.jpg","contentUrl":"http:\/\/just-now.news\/de\/wp-content\/uploads\/sites\/3\/2022\/04\/logo500x500.jpg","width":500,"height":500,"caption":"Just Now News"},"image":{"@id":"https:\/\/now-news.de\/de\/#\/schema\/logo\/image\/"},"sameAs":["https:\/\/www.facebook.com\/wirmachenauf","https:\/\/x.com\/WirMachenAuf_de"]},{"@type":"Person","@id":"https:\/\/now-news.de\/de\/#\/schema\/person\/fb534a4e865501d8b3285208df34a9b5","name":"rtnews","image":{"@type":"ImageObject","inLanguage":"de","@id":"https:\/\/now-news.de\/de\/#\/schema\/person\/image\/","url":"https:\/\/secure.gravatar.com\/avatar\/82aafea7d8127119dd649515f56e2117?s=96&d=mm&r=g","contentUrl":"https:\/\/secure.gravatar.com\/avatar\/82aafea7d8127119dd649515f56e2117?s=96&d=mm&r=g","caption":"rtnews"},"url":"https:\/\/now-news.de\/de\/author\/rnews\/"}]}},"_links":{"self":[{"href":"https:\/\/now-news.de\/de\/wp-json\/wp\/v2\/posts\/53228"}],"collection":[{"href":"https:\/\/now-news.de\/de\/wp-json\/wp\/v2\/posts"}],"about":[{"href":"https:\/\/now-news.de\/de\/wp-json\/wp\/v2\/types\/post"}],"author":[{"embeddable":true,"href":"https:\/\/now-news.de\/de\/wp-json\/wp\/v2\/users\/3"}],"replies":[{"embeddable":true,"href":"https:\/\/now-news.de\/de\/wp-json\/wp\/v2\/comments?post=53228"}],"version-history":[{"count":0,"href":"https:\/\/now-news.de\/de\/wp-json\/wp\/v2\/posts\/53228\/revisions"}],"wp:featuredmedia":[{"embeddable":true,"href":"https:\/\/now-news.de\/de\/wp-json\/wp\/v2\/media\/53229"}],"wp:attachment":[{"href":"https:\/\/now-news.de\/de\/wp-json\/wp\/v2\/media?parent=53228"}],"wp:term":[{"taxonomy":"category","embeddable":true,"href":"https:\/\/now-news.de\/de\/wp-json\/wp\/v2\/categories?post=53228"},{"taxonomy":"post_tag","embeddable":true,"href":"https:\/\/now-news.de\/de\/wp-json\/wp\/v2\/tags?post=53228"}],"curies":[{"name":"wp","href":"https:\/\/api.w.org\/{rel}","templated":true}]}}