{"id":53197,"date":"2024-01-13T22:41:43","date_gmt":"2024-01-13T20:41:43","guid":{"rendered":"https:\/\/just-now.news\/de\/deutschland\/laeuft-gerade-eine-grosse-kampagne-fuer-ein-afd-verbot\/"},"modified":"2024-01-13T22:41:43","modified_gmt":"2024-01-13T20:41:43","slug":"laeuft-gerade-eine-grosse-kampagne-fuer-ein-afd-verbot","status":"publish","type":"post","link":"https:\/\/now-news.de\/de\/deutschland\/laeuft-gerade-eine-grosse-kampagne-fuer-ein-afd-verbot\/","title":{"rendered":"L\u00e4uft gerade eine gro\u00dfe Kampagne f\u00fcr ein AfD-Verbot?"},"content":{"rendered":"<p><img decoding=\"async\" src=\"http:\/\/just-now.news\/de\/wp-content\/uploads\/sites\/3\/2024\/01\/65a2d57eb480cc0ef63484da.jpg\" \/><\/p>\n<div class=\"Text-root Text-type_1 \">\n                Es ist, als w\u00fcrde man Dominosteinen beim Fallen zuschauen, so schnell ging das von dieser vermeintlichen &#8220;Enth\u00fcllung&#8221; auf Correctiv bis zu einer Debatte \u00fcber ein AfD-Verbot quer durch die deutsche Medienlandschaft. Viel zu schnell, viel zu geradlinig, viel zu einheitlich, um echt zu sein.\n            <\/div>\n<p><\/p>\n<div class=\"Text-root Text-type_5 ArticleView-text ViewText-root \">\n<p><em>Von Dagmar Henn<\/em><\/p>\n<p>Es gibt Dinge, die machen mittlerweile misstrauisch. So beispielsweise die Tatsache, dass zeitlich passend zu einer Flut von Artikeln \u00fcber ein ganz b\u00f6ses rechtes Treffen eine Umfrage veranstaltet wurde, wie viele Deutsche ein AfD-Verbot bef\u00fcrworten w\u00fcrden. Die Umfrage hatte vor der Ver\u00f6ffentlichung stattgefunden, die die gegenw\u00e4rtige Welle ausl\u00f6ste. Ein Schuft, der B\u00f6ses dabei denkt.<\/p>\n<p>Inzwischen gab es sogar mehrere Demonstrationen, \u00fcber die jeweils breit berichtet wurde, wie immer, wenn die vermeintlich &#8220;Guten&#8221; unterwegs sind. Dabei ist der zugrunde liegende Artikel, den das gr\u00fcne Parteigeheimdienstportal <em>Correctiv<\/em> ver\u00f6ffentlichte, trotz ganzer f\u00fcnf Autoren derart d\u00fcnn, dass man ihnen fr\u00fcher dringend geraten h\u00e4tte, es doch lieber als Klempner zu versuchen denn als Journalisten.<\/p>\n<p>Die dicht gedr\u00e4ngte Zeitfolge weckt unangenehme Erinnerungen. An die Rollatorputsch-Inszenierung beispielsweise, bei der man unz\u00e4hlige Journalisten mobilisierte, um einen vermeintlichen Staatsstreich zu schaffen, indem man einzelne Treffen mehrerer \u00e4lterer Herrschaften aufblies. Das so vielf\u00e4ltig angef\u00fchrte Gespr\u00e4ch bei Potsdam f\u00e4llt in eine \u00e4hnliche Kategorie. Um das zu bemerken, muss man keinerlei Sympathien f\u00fcr die beteiligten Personen oder die von ihnen get\u00e4tigten \u00dcberlegungen hegen; man muss nur Wort und Tat zu unterscheiden und die Wirksamkeit politischer Kontakte vern\u00fcnftig zu bewerten wissen.<\/p>\n<p>Pro Nase Spenden in H\u00f6he von 5.000 Euro sollten die Teilnehmer abdr\u00fccken; das w\u00e4ren dann bei 30 Teilnehmern insgesamt 150.000 Euro geworden. Eine wahrhaft weltbewegende Summe, wenn die Kosten eines einzelnen Bundesparteitags deutlich dar\u00fcber liegen und jede parlamentarische Partei f\u00fcr den Wahlkampf mehrere Millionen ben\u00f6tigt. Mit Geschick und Erfahrung kann man f\u00fcr diesen Betrag eine bundesweite Demonstration organisieren, wesentlich mehr aber auch nicht.<\/p>\n<p>Die erste Voraussetzung daf\u00fcr, dass eine derartige Geschichte funktioniert und die gew\u00fcnschten Reaktionen hervorruft, ist wieder einmal die Kontaktschuld-These. Das merkt man auch am nachgelegten Material: Der AfD-Bundesvorsitzende Tino Chrupalla <a rel=\"nofollow noopener\" target=\"_blank\" href=\"https:\/\/www.fr.de\/politik\/teil-bericht-afd-chef-chrupalla-nahm-wohl-auch-an-geheimtreffen-zr-92773106.html\">soll<\/a> einmal 2021 bei einem Treffen gewesen sein, das Gernot M\u00f6rig, einer der Teilnehmer des Potsdamer Treffens, organisiert haben soll. Eine Formulierung, die nicht einmal erkennen l\u00e4sst, ob besagter M\u00f6rig als Einlader zu erkennen war. Ein Treffen vor drei Jahren? Das ist ja schon fast so gut wie verheiratet \u2026<\/p>\n<p>Der Hauptvorwurf, der den Teilnehmern dieses Potsdamer Treffens gemacht wird, ist, dass sie unter der \u00dcberschrift &#8220;Remigration&#8221; auch dar\u00fcber geredet h\u00e4tten, Eingeb\u00fcrgerten die deutsche Staatsb\u00fcrgerschaft wieder abzuerkennen. Genau mit diesem Kontext <a rel=\"nofollow noopener\" target=\"_blank\" href=\"https:\/\/www.zeit.de\/gesellschaft\/2024-01\/rechtsextremismus-afd-treffen-potsdam-vertreibung-migration\">entstehen<\/a> dann Kommentare wie in der <em>Zeit<\/em>, die aus der Sicht von Deutschen mit Migrationshintergrund daraus eine gro\u00dfe Bedrohung machen. Was wirklich voraussetzt, dass der Leser ein kurzes Ged\u00e4chtnis hat \u2013 erst vor wenigen Wochen wurde auf breiter Front in den Medien gefordert, man m\u00fcsse ein Bekenntnis zum &#8220;Existenzrecht Israels&#8221; zur Voraussetzung einer Einb\u00fcrgerung machen. Ein Bundesland f\u00fchrte das tats\u00e4chlich ein, und im Zusammenhang dieser Debatte tauchte auch die Forderung auf, man m\u00fcsse jenen Eingeb\u00fcrgerten, die sichtbar anderer \u00dcberzeugung seien, die deutsche Staatsb\u00fcrgerschaft doch irgendwie wieder nehmen k\u00f6nnen \u2026 aus denselben Kreisen, die sich jetzt laut \u00fcber das Potsdamer Treffen emp\u00f6ren.<\/p>\n<p>Vielleicht ist es ja wirklich eine unangenehme deutsche Charaktereigenschaft, so gerne in Extreme zu verfallen. Eine ganze Generation lang war den Menschen, die in den 1970ern in die Bundesrepublik kamen, die Staatsb\u00fcrgerschaft verweigert worden, aber jetzt gilt jeder als rechtsradikal, der nicht alles einb\u00fcrgern m\u00f6chte, was irgendwie \u00fcber die Grenze kommt.<\/p>\n<p>Da ist ungeheuer viel Heuchelei im Spiel und sehr wenig Menschlichkeit. Die Haltung, jeder m\u00fcsse nach Deutschland kommen und bleiben d\u00fcrfen, ist ebenso inhuman und irreal wie das vollst\u00e4ndige Gegenteil, weil die Vorstellung, Migration sei grunds\u00e4tzlich ein Quell des Gl\u00fccks, nicht viel mit der Wirklichkeit zu tun hat. Das deutsche Wort Elend belegt das, denn seine urspr\u00fcngliche Bedeutung lautet: die Fremde.<\/p>\n<p>Aber das ist gar nicht der spannende Punkt, denn in Wirklichkeit war dieses Potsdamer Treffen nur in einer einzigen Hinsicht interessant, wie die Entwicklung der letzten Tage mehr als deutlich belegt: als Startschuss f\u00fcr eine breite Kampagne f\u00fcr ein Verbot der AfD. Wenn sich Luisa Neubauer vor dem Kanzleramt auf einer Demonstration daf\u00fcr <a rel=\"nofollow noopener\" target=\"_blank\" href=\"https:\/\/www.welt.de\/politik\/deutschland\/article249509572\/Halte-ich-fuer-falsch-Ex-Verfassungsgerichtspraesident-Papier-raet-von-AfD-Verbotsantrag-ab.html\">ablichten<\/a> l\u00e4sst und die Hamburger Jusos eine Demonstration <a rel=\"nofollow noopener\" target=\"_blank\" href=\"https:\/\/www.ndr.de\/nachrichten\/hamburg\/Nach-AfD-Treffen-mit-Rechtsextremen-2000-Menschen-bei-Demo-in-Hamburg,afd3108.html\">anmelden<\/a>, dann wei\u00df man, dass die ganze Astroturfing-Szenerie beteiligt ist. Nachdem schon davor einige Politiker (unverzichtbar dabei Bundeswirtschaftsminister Robert Habeck) die gro\u00dfe Gefahr durch die AfD beschworen und das Thema Verbot in den Vordergrund gespielt hatten, wurde inzwischen noch etwas nachgelegt \u2013 mit einer Debatte \u00fcber einen Grundrechtsentzug f\u00fcr Bj\u00f6rn H\u00f6cke. Ja, ernsthaft.<\/p>\n<p>Letzteres wird in einer Petition gefordert, die seit vergangenem November auf dem Soros-Portal <em>Campact<\/em> Unterschriften sammelt. Nachdem sie erst eine Zeit lang im nordrheinwestf\u00e4lischen Umfeld des Initiators in der Presse verbreitet wurde, wird sie nun bundesweit <a rel=\"nofollow noopener\" target=\"_blank\" href=\"https:\/\/www.fr.de\/politik\/bjoern-hoecke-afd-petition-grundrechte-entziehen-extremismus-campact-thueringen-chancen-92773887.html\">bekannt<\/a> gemacht. Wieder ganz unschuldig, versteht sich. Schlie\u00dflich sind es ja schon fast 600.000 Unterschriften.<\/p>\n<p>Wir haben also eine R\u00e4uberpistole von <em>Correctiv<\/em>, dann eine Umfrage, die das Feld sondiert, eine Mediendebatte \u00fcber ein Verbot und eine Reihe von Demonstrationen f\u00fcr dieses Verbot und gegen die AfD, und zu guter Letzt das mit dem Aberkennen der b\u00fcrgerlichen Rechte. So bastelt man sich das, was in gewissen Zeiten das &#8220;gesunde Volksempfinden&#8221; genannt wurde.<\/p>\n<p>F\u00fcr normale politische Abl\u00e4ufe geht das alles viel zu schnell. Wenn die Jusos aus dem Hamburger Norden zu einer Demonstration aufrufen, braucht es daf\u00fcr einen Beschluss, und dann muss jemand anmelden, und der Aufruf muss noch verteilt werden; selbst mit digitalen Mitteln ziemlich knapp vom 11. Januar, an dem die <em>Correctiv<\/em>-Geschichte erschien, bis zum 12., an dem die Demonstration stattfand. Und dass die Jusos schnell waren, liegt auch schon einige Jahrzehnte zur\u00fcck.<\/p>\n<p>Nur, wenn die Regierung schon mit ihren Zustimmungswerten im allertiefsten Keller d\u00fcmpelt und die Mehrheit der Deutschen sie lieber gestern als heute verabschieden w\u00fcrde, muss man schon ein wenig zuarbeiten, um den Eindruck gesellschaftlicher Unterst\u00fctzung zu erwecken. W\u00e4re interessant, zu wissen, wer Neubauer angerufen hat, damit sie vor dem Kanzleramt erscheint. Der Insasse desselben, oder l\u00e4sst sie sich noch von niedrigeren Chargen herbeipfeifen? Die Dame ist immerhin Millionenerbin, und verglichen mit ihr d\u00fcrften die in Potsdam anwesenden Million\u00e4re schon fast Antrag auf B\u00fcrgergeld stellen. Was ist schon der Gr\u00fcnder eines Backwarendiscounters gegen die Erbin eines alteingesessenen Verm\u00f6gens, das auch schon an Zwangsarbeitern verdiente?<\/p>\n<p>Neubauer jedenfalls wurde durch die Kunstbewegung Fridays for Future zumindest f\u00fcr eine gewisse Altersgruppe als Bild des Guten etabliert, und so kann man sie als Beleg daf\u00fcr einsetzen, dass die &#8220;Zivilgesellschaft&#8221; (der Begriff stammt urspr\u00fcnglich vom italienischen Kommunisten Antonio Gramsci, aber der hatte mit Sicherheit keine von Milliard\u00e4ren aufgeblasenen Politprojekte im Sinn) sich ganz gro\u00dfe Sorgen um die deutsche Demokratie macht und ein Verbot der AfD ganz wichtig findet.<\/p>\n<p>Ja, es gibt auch noch welche, die diese Idee nicht so gut finden, aber ihre Argumente sind schwach, etwa, das k\u00f6nne der AfD n\u00fctzen. Oder das Verfahren werde lange dauern. Wobei das, wenn man an die Willf\u00e4hrigkeit des Verfassungsgerichts bei den Corona-Ma\u00dfnahmen denkt, nicht mehr wirklich garantiert ist. Aber dass die Idee dieses Verbots selbst das wenige an Demokratie gef\u00e4hrdet, das in Deutschland noch \u00fcbrig ist, dieser Gedanke taucht in den Medien selbstverst\u00e4ndlich nicht auf.<\/p>\n<p>Es ist ein klein wenig so, als w\u00fcrden sich politische Vorstellungen in dieser Blase viral \u00fcbertragen. Denn jetzt in Deutschland diese Debatte zu betreiben, das hat viel gemein mit den Bem\u00fchungen der US-Demokraten, Donald Trump von den Wahllisten f\u00fcr die Vorwahlen zu streichen. In beiden F\u00e4llen fragt man sich, ob die Betreiber schlicht b\u00f6sartig, arrogant und dumm sind, oder ob sie heimlich das Handbuch &#8220;B\u00fcrgerkrieg f\u00fcr Dummies&#8221; umsetzen.<\/p>\n<p>Denn eigentlich ist die Konstellation geradezu irrwitzig. Eine Regierung, die (man muss das regelm\u00e4\u00dfig wiederholen) eine die gesamte Volkswirtschaft schwer sch\u00e4digende Kriegshandlung eines vermeintlichen Verb\u00fcndeten hingenommen, wenn nicht gebilligt hat, die reihenweise zerst\u00f6rerische Gesetze verabschiedet, sich mit Verve an einem Krieg beteiligt, der eine ganze Generation eines europ\u00e4ischen Landes zerst\u00f6rt, nur weil man in einem anderen die Regierung austauschen will, die sich gleichzeitig hinter V\u00f6lkerm\u00f6rder stellt (und damit dazu beitr\u00e4gt, genau den Staat zu zerst\u00f6ren, dessen Existenzrecht so bedeutend sein soll), sich einem senilen US-Pr\u00e4sidenten unterwirft und \u00fcberhaupt in jeder nur denkbaren Weise Schaden anrichtet; die abweichende Meinungen verfolgt, wie das zuletzt vor siebzig oder noch mehr Jahren geschah und sich wider den Unwillen des Volkes hinter einer erneuerten Majest\u00e4tsbeleidigung verschanzt; der die Arroganz aus jedem Knopfloch rinnt, w\u00e4hrend Geldbeutel und K\u00fchlschrank der Eingeborenen immer leerer werden; von der niemand, au\u00dfer vielleicht noch Anh\u00e4ngern der Gr\u00fcnen, einen Gebrauchtwagen kaufen w\u00fcrde; diese Truppe nimmt Anlauf, um eine Partei zu verbieten, die in mehreren Bundesl\u00e4ndern \u00fcber 30 Prozent der Stimmen bek\u00e4me. Auch wenn viele W\u00e4hler sie aus Verzweiflung w\u00e4hlen, weil das \u00fcbrige Angebot so grausam ist.<\/p>\n<p>Das geht nicht gut. Die erste Voraussetzung, die eine Regierung erf\u00fcllen m\u00fcsste, um eine Partei zu verbieten, w\u00e4re ein Mindestma\u00df an Vertrauen, an Legitimit\u00e4t. Denn ein Parteiverbot, das ist kein Papier mit einem Beschluss darauf. Das ist die Er\u00f6ffnung unz\u00e4hliger Ma\u00dfnahmen. Das KPD-Verbot 1956 erfolgte, um damit die Bewegung gegen die Remilitarisierung zu enthaupten, und das Verbot der Partei selbst war nur ein Puzzleteil; denn rundherum war zuvor schon alles verboten worden, wo man Mitglieder der Partei vermutet hatte, waren selbst Abgeordnete verhaftet, Demonstrationen verboten, Zeitungen verboten, Tausende inhaftiert worden; schon das Wort &#8220;Frieden&#8221; war in einigen Jahren der Adenauerzeit geradezu suspekt. Das alles wurde getan, um die unwilligen Bundesb\u00fcrger mit einer Armee zu versehen und in die NATO zu bef\u00f6rdern.<\/p>\n<p>Soll keiner behaupten, das w\u00e4re eine Kleinigkeit gewesen. Die KPD war zum Zeitpunkt des Verbots eine Partei, die knapp \u00fcber f\u00fcnf Prozent lag; die Adenauer-Regierung hatte tats\u00e4chlich zu diesem Zeitpunkt eine Mehrheit, und sie konnte sich in Verwaltung und Polizei auf die vielen Beamten des Naziapparats st\u00fctzen, denen sie ihre Amtssessel wiederbeschafft hatte. Und da war das &#8220;Wirtschaftswunder&#8221;, das daf\u00fcr sorgte, dass die Mehrheit der Deutschen zuversichtlich in die Zukunft blickte.<\/p>\n<p>Das tut heute kaum jemand. Die Ampel hat keine Mehrheit in der Bev\u00f6lkerung, und auch, wenn die Justiz sich zuletzt als \u00fcberaus willig erwies, mal dieses, mal jenes Grundrecht anzugreifen, ob wirklich gro\u00dfe Teile von Polizei und Verwaltung sich in dem Ausma\u00df an die Regierung gebunden f\u00fchlen, wie das zu Zeiten Adenauers der Fall war, ist auch fraglich. Und wir reden diesmal von einer 30-Prozent-Partei.<\/p>\n<p>Wenn man den Zeitplan betrachtet und wahrnimmt, dass die ersten Vorbereitungen im November angelaufen sind und unter anderem so suspekte Strukturen wie das &#8220;Zentrum f\u00fcr politische Sch\u00f6nheit&#8221; in diesem Monat <a rel=\"nofollow noopener\" target=\"_blank\" href=\"https:\/\/afd-verbot.de\/\">begannen<\/a>, f\u00fcr ein AfD-Verbot zu werben (diese Organisation war das erste Mal 2015 aufgefallen, als sie freien Zugriff auf die Wiese vor dem Bundestag erhalten hatte, um f\u00fcr offene Grenzen zu werben; ein Ort, der belegte, dass das Auftragsarbeit f\u00fcr die Regierung war), und im November auch die oben erw\u00e4hnte Petition gestartet wurde, dann kann man sehen, dass in bestimmten Teilen des Fu\u00dfvolks diese Agenda mit Vorlauf gesetzt wurde, damit man nun auf Zuruf die Darstellung des Volksempfindens erhalten konnte. Aber jeder, der die Entwicklungs- und Verbreitungsgeschwindigkeit realer politischer Forderungen kennt, etwa, wie viele Jahre es f\u00fcr den ersten Anlauf eines NPD-Verbots gebraucht hatte (das auch innerhalb der damaligen Linken nicht unumstritten war), erkennt an diesen Zeitr\u00e4umen schnell, dass hier ein Plan abl\u00e4uft.<\/p>\n<p>Was sich \u00fcbersetzen l\u00e4sst mit: Diese Regierung will ein AfD-Verbot und alles, was dazugeh\u00f6rt. Das geht nicht gut. Das kann nicht gut gehen. Selbst klassischer Macchiavellismus w\u00fcrde dazu raten, wenigstens ein Ventil zu lassen. Denn ein Dampfkochtopf ohne Ventil, unter dem man ordentlich einheizt, kann nur eines: Er explodiert.<\/p>\n<p><strong>Mehr zum Thema<\/strong> \u2013 <a rel=\"nofollow noopener\" target=\"_blank\" href=\"https:\/\/freeassange.rtde.live\/meinung\/192455-demokratie-und-ihre-feinde-deutsche\/\">Die Demokratie und ihre Feinde \u2013 Deutsche Medien zum &#8220;Vertreibungsplan&#8221; der AfD <\/a><\/p>\n<\/p>\n<\/div>\n<p><br \/>\n<br \/><a href=\"https:\/\/de.rt.com\/meinung\/192711-laeuft-gerade-eine-grosse-kampagne-fuer-ein-afd-verbot\/\">Source link <\/a><\/p>\n","protected":false},"excerpt":{"rendered":"<p>Es ist, als w\u00fcrde man Dominosteinen beim Fallen zuschauen, so schnell ging das von dieser vermeintlichen &#8220;Enth\u00fcllung&#8221; auf Correctiv bis zu einer Debatte \u00fcber ein AfD-Verbot quer durch die deutsche Medienlandschaft. Viel zu schnell, viel zu geradlinig, viel zu einheitlich, um echt zu sein. Von Dagmar Henn Es gibt Dinge, die machen mittlerweile misstrauisch. So [&hellip;]<\/p>\n","protected":false},"author":3,"featured_media":53198,"comment_status":"open","ping_status":"open","sticky":false,"template":"","format":"standard","meta":{"_yoast_indexnow_last_ping":["1705178744"],"wp_automatic_camp":["217"],"0e4c71ee3c89911332435bb2ddee71c8":["L\u00e4uft gerade eine gro\u00dfe Kampagne f\u00fcr ein AfD-Verbot?"],"original_link":["https:\/\/de.rt.com\/meinung\/192711-laeuft-gerade-eine-grosse-kampagne-fuer-ein-afd-verbot\/"],"_thumbnail_id":["53198"],"_wptgpro_p2tg_sent2tg":["a:1:{i:23737;s:19:\"2024-01-13 22:46:47\";}"],"jnews_social_counter_last_update":["1777469897"]},"categories":[19,23],"tags":[34226,357,275,221,3269,2830,4413,15743],"yoast_head":"<!-- This site is optimized with the Yoast SEO Premium plugin v22.7 (Yoast SEO v22.7) - https:\/\/yoast.com\/wordpress\/plugins\/seo\/ -->\n<title>L\u00e4uft gerade eine gro\u00dfe Kampagne f\u00fcr ein AfD-Verbot? - just-now.NEWS Deutschland<\/title>\n<meta name=\"robots\" content=\"index, follow, max-snippet:-1, max-image-preview:large, max-video-preview:-1\" \/>\n<link rel=\"canonical\" href=\"https:\/\/now-news.de\/de\/deutschland\/laeuft-gerade-eine-grosse-kampagne-fuer-ein-afd-verbot\/\" \/>\n<meta property=\"og:locale\" content=\"de_DE\" \/>\n<meta property=\"og:type\" content=\"article\" \/>\n<meta property=\"og:title\" content=\"L\u00e4uft gerade eine gro\u00dfe Kampagne f\u00fcr ein AfD-Verbot?\" \/>\n<meta property=\"og:description\" content=\"Es ist, als w\u00fcrde man Dominosteinen beim Fallen zuschauen, so schnell ging das von dieser vermeintlichen &#8220;Enth\u00fcllung&#8221; auf Correctiv bis zu einer Debatte \u00fcber ein AfD-Verbot quer durch die deutsche Medienlandschaft. Viel zu schnell, viel zu geradlinig, viel zu einheitlich, um echt zu sein. Von Dagmar Henn Es gibt Dinge, die machen mittlerweile misstrauisch. So [&hellip;]\" \/>\n<meta property=\"og:url\" content=\"https:\/\/now-news.de\/de\/deutschland\/laeuft-gerade-eine-grosse-kampagne-fuer-ein-afd-verbot\/\" \/>\n<meta property=\"og:site_name\" content=\"just-now.NEWS Deutschland\" \/>\n<meta property=\"article:publisher\" content=\"https:\/\/www.facebook.com\/wirmachenauf\" \/>\n<meta property=\"article:published_time\" content=\"2024-01-13T20:41:43+00:00\" \/>\n<meta property=\"og:image\" content=\"https:\/\/now-news.de\/de\/wp-content\/uploads\/sites\/3\/2024\/01\/Laeuft-gerade-eine-grosse-Kampagne-fuer-ein-AfD-Verbot.jpg\" \/>\n\t<meta property=\"og:image:width\" content=\"460\" \/>\n\t<meta property=\"og:image:height\" content=\"259\" \/>\n\t<meta property=\"og:image:type\" content=\"image\/jpeg\" \/>\n<meta name=\"author\" content=\"rtnews\" \/>\n<meta name=\"twitter:card\" content=\"summary_large_image\" \/>\n<meta name=\"twitter:creator\" content=\"@WirMachenAuf_de\" \/>\n<meta name=\"twitter:site\" content=\"@WirMachenAuf_de\" \/>\n<meta name=\"twitter:label1\" content=\"Verfasst von\" \/>\n\t<meta name=\"twitter:data1\" content=\"rtnews\" \/>\n\t<meta name=\"twitter:label2\" content=\"Gesch\u00e4tzte Lesezeit\" \/>\n\t<meta name=\"twitter:data2\" content=\"10\u00a0Minuten\" \/>\n<script type=\"application\/ld+json\" class=\"yoast-schema-graph\">{\"@context\":\"https:\/\/schema.org\",\"@graph\":[{\"@type\":\"Article\",\"@id\":\"https:\/\/now-news.de\/de\/deutschland\/laeuft-gerade-eine-grosse-kampagne-fuer-ein-afd-verbot\/#article\",\"isPartOf\":{\"@id\":\"https:\/\/now-news.de\/de\/deutschland\/laeuft-gerade-eine-grosse-kampagne-fuer-ein-afd-verbot\/\"},\"author\":{\"name\":\"rtnews\",\"@id\":\"https:\/\/now-news.de\/de\/#\/schema\/person\/fb534a4e865501d8b3285208df34a9b5\"},\"headline\":\"L\u00e4uft gerade eine gro\u00dfe Kampagne f\u00fcr ein AfD-Verbot?\",\"datePublished\":\"2024-01-13T20:41:43+00:00\",\"dateModified\":\"2024-01-13T20:41:43+00:00\",\"mainEntityOfPage\":{\"@id\":\"https:\/\/now-news.de\/de\/deutschland\/laeuft-gerade-eine-grosse-kampagne-fuer-ein-afd-verbot\/\"},\"wordCount\":2044,\"commentCount\":1,\"publisher\":{\"@id\":\"https:\/\/now-news.de\/de\/#organization\"},\"image\":{\"@id\":\"https:\/\/now-news.de\/de\/deutschland\/laeuft-gerade-eine-grosse-kampagne-fuer-ein-afd-verbot\/#primaryimage\"},\"thumbnailUrl\":\"https:\/\/now-news.de\/de\/wp-content\/uploads\/sites\/3\/2024\/01\/Laeuft-gerade-eine-grosse-Kampagne-fuer-ein-AfD-Verbot.jpg\",\"keywords\":[\"AfDVerbot\",\"ein\",\"eine\",\"f\u00fcr\",\"gerade\",\"Gro\u00dfe\",\"Kampagne\",\"l\u00e4uft\"],\"articleSection\":[\"Deutschland\",\"Russland\"],\"inLanguage\":\"de\",\"potentialAction\":[{\"@type\":\"CommentAction\",\"name\":\"Comment\",\"target\":[\"https:\/\/now-news.de\/de\/deutschland\/laeuft-gerade-eine-grosse-kampagne-fuer-ein-afd-verbot\/#respond\"]}]},{\"@type\":\"WebPage\",\"@id\":\"https:\/\/now-news.de\/de\/deutschland\/laeuft-gerade-eine-grosse-kampagne-fuer-ein-afd-verbot\/\",\"url\":\"https:\/\/now-news.de\/de\/deutschland\/laeuft-gerade-eine-grosse-kampagne-fuer-ein-afd-verbot\/\",\"name\":\"L\u00e4uft gerade eine gro\u00dfe Kampagne f\u00fcr ein AfD-Verbot? - just-now.NEWS Deutschland\",\"isPartOf\":{\"@id\":\"https:\/\/now-news.de\/de\/#website\"},\"primaryImageOfPage\":{\"@id\":\"https:\/\/now-news.de\/de\/deutschland\/laeuft-gerade-eine-grosse-kampagne-fuer-ein-afd-verbot\/#primaryimage\"},\"image\":{\"@id\":\"https:\/\/now-news.de\/de\/deutschland\/laeuft-gerade-eine-grosse-kampagne-fuer-ein-afd-verbot\/#primaryimage\"},\"thumbnailUrl\":\"https:\/\/now-news.de\/de\/wp-content\/uploads\/sites\/3\/2024\/01\/Laeuft-gerade-eine-grosse-Kampagne-fuer-ein-AfD-Verbot.jpg\",\"datePublished\":\"2024-01-13T20:41:43+00:00\",\"dateModified\":\"2024-01-13T20:41:43+00:00\",\"breadcrumb\":{\"@id\":\"https:\/\/now-news.de\/de\/deutschland\/laeuft-gerade-eine-grosse-kampagne-fuer-ein-afd-verbot\/#breadcrumb\"},\"inLanguage\":\"de\",\"potentialAction\":[{\"@type\":\"ReadAction\",\"target\":[\"https:\/\/now-news.de\/de\/deutschland\/laeuft-gerade-eine-grosse-kampagne-fuer-ein-afd-verbot\/\"]}]},{\"@type\":\"ImageObject\",\"inLanguage\":\"de\",\"@id\":\"https:\/\/now-news.de\/de\/deutschland\/laeuft-gerade-eine-grosse-kampagne-fuer-ein-afd-verbot\/#primaryimage\",\"url\":\"https:\/\/now-news.de\/de\/wp-content\/uploads\/sites\/3\/2024\/01\/Laeuft-gerade-eine-grosse-Kampagne-fuer-ein-AfD-Verbot.jpg\",\"contentUrl\":\"https:\/\/now-news.de\/de\/wp-content\/uploads\/sites\/3\/2024\/01\/Laeuft-gerade-eine-grosse-Kampagne-fuer-ein-AfD-Verbot.jpg\",\"width\":460,\"height\":259,\"caption\":\"L\u00e4uft gerade eine gro\u00dfe Kampagne f\u00fcr ein AfD-Verbot?\"},{\"@type\":\"BreadcrumbList\",\"@id\":\"https:\/\/now-news.de\/de\/deutschland\/laeuft-gerade-eine-grosse-kampagne-fuer-ein-afd-verbot\/#breadcrumb\",\"itemListElement\":[{\"@type\":\"ListItem\",\"position\":1,\"name\":\"Home\",\"item\":\"https:\/\/now-news.de\/de\/\"},{\"@type\":\"ListItem\",\"position\":2,\"name\":\"L\u00e4uft gerade eine gro\u00dfe Kampagne f\u00fcr ein AfD-Verbot?\"}]},{\"@type\":\"WebSite\",\"@id\":\"https:\/\/now-news.de\/de\/#website\",\"url\":\"https:\/\/now-news.de\/de\/\",\"name\":\"just-now.NEWS Deutschland\",\"description\":\"Das Portal f\u00fcr unzensierte Nachrichten aus der Welt\",\"publisher\":{\"@id\":\"https:\/\/now-news.de\/de\/#organization\"},\"potentialAction\":[{\"@type\":\"SearchAction\",\"target\":{\"@type\":\"EntryPoint\",\"urlTemplate\":\"https:\/\/now-news.de\/de\/?s={search_term_string}\"},\"query-input\":\"required name=search_term_string\"}],\"inLanguage\":\"de\"},{\"@type\":\"Organization\",\"@id\":\"https:\/\/now-news.de\/de\/#organization\",\"name\":\"Just Now News\",\"url\":\"https:\/\/now-news.de\/de\/\",\"logo\":{\"@type\":\"ImageObject\",\"inLanguage\":\"de\",\"@id\":\"https:\/\/now-news.de\/de\/#\/schema\/logo\/image\/\",\"url\":\"http:\/\/just-now.news\/de\/wp-content\/uploads\/sites\/3\/2022\/04\/logo500x500.jpg\",\"contentUrl\":\"http:\/\/just-now.news\/de\/wp-content\/uploads\/sites\/3\/2022\/04\/logo500x500.jpg\",\"width\":500,\"height\":500,\"caption\":\"Just Now News\"},\"image\":{\"@id\":\"https:\/\/now-news.de\/de\/#\/schema\/logo\/image\/\"},\"sameAs\":[\"https:\/\/www.facebook.com\/wirmachenauf\",\"https:\/\/x.com\/WirMachenAuf_de\"]},{\"@type\":\"Person\",\"@id\":\"https:\/\/now-news.de\/de\/#\/schema\/person\/fb534a4e865501d8b3285208df34a9b5\",\"name\":\"rtnews\",\"image\":{\"@type\":\"ImageObject\",\"inLanguage\":\"de\",\"@id\":\"https:\/\/now-news.de\/de\/#\/schema\/person\/image\/\",\"url\":\"https:\/\/secure.gravatar.com\/avatar\/82aafea7d8127119dd649515f56e2117?s=96&d=mm&r=g\",\"contentUrl\":\"https:\/\/secure.gravatar.com\/avatar\/82aafea7d8127119dd649515f56e2117?s=96&d=mm&r=g\",\"caption\":\"rtnews\"},\"url\":\"https:\/\/now-news.de\/de\/author\/rnews\/\"}]}<\/script>\n<!-- \/ Yoast SEO Premium plugin. -->","yoast_head_json":{"title":"L\u00e4uft gerade eine gro\u00dfe Kampagne f\u00fcr ein AfD-Verbot? - just-now.NEWS Deutschland","robots":{"index":"index","follow":"follow","max-snippet":"max-snippet:-1","max-image-preview":"max-image-preview:large","max-video-preview":"max-video-preview:-1"},"canonical":"https:\/\/now-news.de\/de\/deutschland\/laeuft-gerade-eine-grosse-kampagne-fuer-ein-afd-verbot\/","og_locale":"de_DE","og_type":"article","og_title":"L\u00e4uft gerade eine gro\u00dfe Kampagne f\u00fcr ein AfD-Verbot?","og_description":"Es ist, als w\u00fcrde man Dominosteinen beim Fallen zuschauen, so schnell ging das von dieser vermeintlichen &#8220;Enth\u00fcllung&#8221; auf Correctiv bis zu einer Debatte \u00fcber ein AfD-Verbot quer durch die deutsche Medienlandschaft. Viel zu schnell, viel zu geradlinig, viel zu einheitlich, um echt zu sein. Von Dagmar Henn Es gibt Dinge, die machen mittlerweile misstrauisch. So [&hellip;]","og_url":"https:\/\/now-news.de\/de\/deutschland\/laeuft-gerade-eine-grosse-kampagne-fuer-ein-afd-verbot\/","og_site_name":"just-now.NEWS Deutschland","article_publisher":"https:\/\/www.facebook.com\/wirmachenauf","article_published_time":"2024-01-13T20:41:43+00:00","og_image":[{"width":460,"height":259,"url":"https:\/\/now-news.de\/de\/wp-content\/uploads\/sites\/3\/2024\/01\/Laeuft-gerade-eine-grosse-Kampagne-fuer-ein-AfD-Verbot.jpg","type":"image\/jpeg"}],"author":"rtnews","twitter_card":"summary_large_image","twitter_creator":"@WirMachenAuf_de","twitter_site":"@WirMachenAuf_de","twitter_misc":{"Verfasst von":"rtnews","Gesch\u00e4tzte Lesezeit":"10\u00a0Minuten"},"schema":{"@context":"https:\/\/schema.org","@graph":[{"@type":"Article","@id":"https:\/\/now-news.de\/de\/deutschland\/laeuft-gerade-eine-grosse-kampagne-fuer-ein-afd-verbot\/#article","isPartOf":{"@id":"https:\/\/now-news.de\/de\/deutschland\/laeuft-gerade-eine-grosse-kampagne-fuer-ein-afd-verbot\/"},"author":{"name":"rtnews","@id":"https:\/\/now-news.de\/de\/#\/schema\/person\/fb534a4e865501d8b3285208df34a9b5"},"headline":"L\u00e4uft gerade eine gro\u00dfe Kampagne f\u00fcr ein AfD-Verbot?","datePublished":"2024-01-13T20:41:43+00:00","dateModified":"2024-01-13T20:41:43+00:00","mainEntityOfPage":{"@id":"https:\/\/now-news.de\/de\/deutschland\/laeuft-gerade-eine-grosse-kampagne-fuer-ein-afd-verbot\/"},"wordCount":2044,"commentCount":1,"publisher":{"@id":"https:\/\/now-news.de\/de\/#organization"},"image":{"@id":"https:\/\/now-news.de\/de\/deutschland\/laeuft-gerade-eine-grosse-kampagne-fuer-ein-afd-verbot\/#primaryimage"},"thumbnailUrl":"https:\/\/now-news.de\/de\/wp-content\/uploads\/sites\/3\/2024\/01\/Laeuft-gerade-eine-grosse-Kampagne-fuer-ein-AfD-Verbot.jpg","keywords":["AfDVerbot","ein","eine","f\u00fcr","gerade","Gro\u00dfe","Kampagne","l\u00e4uft"],"articleSection":["Deutschland","Russland"],"inLanguage":"de","potentialAction":[{"@type":"CommentAction","name":"Comment","target":["https:\/\/now-news.de\/de\/deutschland\/laeuft-gerade-eine-grosse-kampagne-fuer-ein-afd-verbot\/#respond"]}]},{"@type":"WebPage","@id":"https:\/\/now-news.de\/de\/deutschland\/laeuft-gerade-eine-grosse-kampagne-fuer-ein-afd-verbot\/","url":"https:\/\/now-news.de\/de\/deutschland\/laeuft-gerade-eine-grosse-kampagne-fuer-ein-afd-verbot\/","name":"L\u00e4uft gerade eine gro\u00dfe Kampagne f\u00fcr ein AfD-Verbot? - just-now.NEWS Deutschland","isPartOf":{"@id":"https:\/\/now-news.de\/de\/#website"},"primaryImageOfPage":{"@id":"https:\/\/now-news.de\/de\/deutschland\/laeuft-gerade-eine-grosse-kampagne-fuer-ein-afd-verbot\/#primaryimage"},"image":{"@id":"https:\/\/now-news.de\/de\/deutschland\/laeuft-gerade-eine-grosse-kampagne-fuer-ein-afd-verbot\/#primaryimage"},"thumbnailUrl":"https:\/\/now-news.de\/de\/wp-content\/uploads\/sites\/3\/2024\/01\/Laeuft-gerade-eine-grosse-Kampagne-fuer-ein-AfD-Verbot.jpg","datePublished":"2024-01-13T20:41:43+00:00","dateModified":"2024-01-13T20:41:43+00:00","breadcrumb":{"@id":"https:\/\/now-news.de\/de\/deutschland\/laeuft-gerade-eine-grosse-kampagne-fuer-ein-afd-verbot\/#breadcrumb"},"inLanguage":"de","potentialAction":[{"@type":"ReadAction","target":["https:\/\/now-news.de\/de\/deutschland\/laeuft-gerade-eine-grosse-kampagne-fuer-ein-afd-verbot\/"]}]},{"@type":"ImageObject","inLanguage":"de","@id":"https:\/\/now-news.de\/de\/deutschland\/laeuft-gerade-eine-grosse-kampagne-fuer-ein-afd-verbot\/#primaryimage","url":"https:\/\/now-news.de\/de\/wp-content\/uploads\/sites\/3\/2024\/01\/Laeuft-gerade-eine-grosse-Kampagne-fuer-ein-AfD-Verbot.jpg","contentUrl":"https:\/\/now-news.de\/de\/wp-content\/uploads\/sites\/3\/2024\/01\/Laeuft-gerade-eine-grosse-Kampagne-fuer-ein-AfD-Verbot.jpg","width":460,"height":259,"caption":"L\u00e4uft gerade eine gro\u00dfe Kampagne f\u00fcr ein AfD-Verbot?"},{"@type":"BreadcrumbList","@id":"https:\/\/now-news.de\/de\/deutschland\/laeuft-gerade-eine-grosse-kampagne-fuer-ein-afd-verbot\/#breadcrumb","itemListElement":[{"@type":"ListItem","position":1,"name":"Home","item":"https:\/\/now-news.de\/de\/"},{"@type":"ListItem","position":2,"name":"L\u00e4uft gerade eine gro\u00dfe Kampagne f\u00fcr ein AfD-Verbot?"}]},{"@type":"WebSite","@id":"https:\/\/now-news.de\/de\/#website","url":"https:\/\/now-news.de\/de\/","name":"just-now.NEWS Deutschland","description":"Das Portal f\u00fcr unzensierte Nachrichten aus der Welt","publisher":{"@id":"https:\/\/now-news.de\/de\/#organization"},"potentialAction":[{"@type":"SearchAction","target":{"@type":"EntryPoint","urlTemplate":"https:\/\/now-news.de\/de\/?s={search_term_string}"},"query-input":"required name=search_term_string"}],"inLanguage":"de"},{"@type":"Organization","@id":"https:\/\/now-news.de\/de\/#organization","name":"Just Now News","url":"https:\/\/now-news.de\/de\/","logo":{"@type":"ImageObject","inLanguage":"de","@id":"https:\/\/now-news.de\/de\/#\/schema\/logo\/image\/","url":"http:\/\/just-now.news\/de\/wp-content\/uploads\/sites\/3\/2022\/04\/logo500x500.jpg","contentUrl":"http:\/\/just-now.news\/de\/wp-content\/uploads\/sites\/3\/2022\/04\/logo500x500.jpg","width":500,"height":500,"caption":"Just Now News"},"image":{"@id":"https:\/\/now-news.de\/de\/#\/schema\/logo\/image\/"},"sameAs":["https:\/\/www.facebook.com\/wirmachenauf","https:\/\/x.com\/WirMachenAuf_de"]},{"@type":"Person","@id":"https:\/\/now-news.de\/de\/#\/schema\/person\/fb534a4e865501d8b3285208df34a9b5","name":"rtnews","image":{"@type":"ImageObject","inLanguage":"de","@id":"https:\/\/now-news.de\/de\/#\/schema\/person\/image\/","url":"https:\/\/secure.gravatar.com\/avatar\/82aafea7d8127119dd649515f56e2117?s=96&d=mm&r=g","contentUrl":"https:\/\/secure.gravatar.com\/avatar\/82aafea7d8127119dd649515f56e2117?s=96&d=mm&r=g","caption":"rtnews"},"url":"https:\/\/now-news.de\/de\/author\/rnews\/"}]}},"_links":{"self":[{"href":"https:\/\/now-news.de\/de\/wp-json\/wp\/v2\/posts\/53197"}],"collection":[{"href":"https:\/\/now-news.de\/de\/wp-json\/wp\/v2\/posts"}],"about":[{"href":"https:\/\/now-news.de\/de\/wp-json\/wp\/v2\/types\/post"}],"author":[{"embeddable":true,"href":"https:\/\/now-news.de\/de\/wp-json\/wp\/v2\/users\/3"}],"replies":[{"embeddable":true,"href":"https:\/\/now-news.de\/de\/wp-json\/wp\/v2\/comments?post=53197"}],"version-history":[{"count":0,"href":"https:\/\/now-news.de\/de\/wp-json\/wp\/v2\/posts\/53197\/revisions"}],"wp:featuredmedia":[{"embeddable":true,"href":"https:\/\/now-news.de\/de\/wp-json\/wp\/v2\/media\/53198"}],"wp:attachment":[{"href":"https:\/\/now-news.de\/de\/wp-json\/wp\/v2\/media?parent=53197"}],"wp:term":[{"taxonomy":"category","embeddable":true,"href":"https:\/\/now-news.de\/de\/wp-json\/wp\/v2\/categories?post=53197"},{"taxonomy":"post_tag","embeddable":true,"href":"https:\/\/now-news.de\/de\/wp-json\/wp\/v2\/tags?post=53197"}],"curies":[{"name":"wp","href":"https:\/\/api.w.org\/{rel}","templated":true}]}}