{"id":53116,"date":"2024-01-12T18:58:19","date_gmt":"2024-01-12T16:58:19","guid":{"rendered":"https:\/\/just-now.news\/de\/deutschland\/us-kongress-ueber-bombenangriffe-im-jemen-gespalten\/"},"modified":"2024-01-12T18:58:19","modified_gmt":"2024-01-12T16:58:19","slug":"us-kongress-ueber-bombenangriffe-im-jemen-gespalten","status":"publish","type":"post","link":"https:\/\/now-news.de\/de\/deutschland\/us-kongress-ueber-bombenangriffe-im-jemen-gespalten\/","title":{"rendered":"US-Kongress \u00fcber Bombenangriffe im Jemen gespalten"},"content":{"rendered":"<p><img decoding=\"async\" src=\"http:\/\/just-now.news\/de\/wp-content\/uploads\/sites\/3\/2024\/01\/65a157acb480cc6971651e00.jpg\" \/><\/p>\n<div class=\"Text-root Text-type_1 \">\n                US-Abgeordnete reagierten unterschiedlich auf die Luftangriffe der USA und Gro\u00dfbritanniens auf Ziele der Huthi im Jemen. Einige bezweifeln, ob Pr\u00e4sident Joe Biden die volle Befugnis f\u00fcr diese Ma\u00dfnahmen hatte.\n            <\/div>\n<p><\/p>\n<div class=\"Text-root Text-type_5 ArticleView-text ViewText-root \">\n<p>Das Kommando der US-Luftwaffe f\u00fcr den Nahen Osten teilte mit, es habe in der Nacht zum Donnerstag \u00fcber sechzig Ziele an sechzehn Standorten im Jemen getroffen, darunter &#8220;Kommando- und Kontrollknoten, Munitionsdepots, Abschussanlagen, Produktionsst\u00e4tten und Luftverteidigungsradarsysteme&#8221;.<\/p>\n<p>Nach den Worten von US-Pr\u00e4sident Joe Biden sollten die Angriffe mit Tomahawk-Raketen und Kampfjets zeigen, dass die USA und ihre Verb\u00fcndeten die Angriffe der militanten Huthi auf die Handelsschifffahrt im Roten Meer nicht tolerieren. Die jemenitische Gruppe behauptet, wegen des Gaza-Konflikts gezielt Schiffe anzugreifen, die in Verbindung mit Israel stehen.<\/p>\n<p> Neben einer Reihe von Republikanern \u2013 darunter der liberal eingestellte Abgeordnete Thomas Massie \u2013 kritisierten auch mehrere Mitglieder von Bidens eigener Partei die Entscheidung. Die demokratische Abgeordnete Rashida Tlaib aus Michigan erkl\u00e4rte, Biden sei nicht befugt gewesen, die Milit\u00e4raktion zu genehmigen. Er &#8220;hat damit gegen Artikel I der Verfassung versto\u00dfen&#8221; und die Amerikaner seien &#8220;des endlosen Krieges m\u00fcde&#8221;.<\/p>\n<p>Andere Demokraten, darunter Ro Khanna, Val Hoyle und Mark Pocan, vertraten einen \u00e4hnlichen Standpunkt. Khanna schrieb einen langen Beitrag auf X. Biden m\u00fcsse sich an den Kongress wenden, bevor er einen Angriff gegen die Huthis im Jemen ausl\u00f6se und uns in einen weiteren Konflikt im Nahen Osten verwickle, forderte er. &#8220;Das ist Artikel I der Verfassung. Ich werde daf\u00fcr eintreten, unabh\u00e4ngig davon, ob ein Demokrat oder ein Republikaner im Wei\u00dfen Haus sitzt&#8221;, f\u00fcgte er hinzu.\u00a0Der republikanische Senator Mike Lee \u00e4u\u00dferte sich einige Zeit sp\u00e4ter zu den Luftangriffen: &#8220;Ich stimme [Ro Khanna] vollkommen zu. Die Verfassung ist wichtig, unabh\u00e4ngig von der Parteizugeh\u00f6rigkeit&#8221;. Auch die Republikaner Matt Gaetz und Marjorie Taylor Greene kritisierten die Milit\u00e4raktion.<\/p>\n<blockquote>\n<p><em>&#8220;Biden kann nicht allein entscheiden, den Jemen zu bombardieren&#8221;, kommentierte Greene.<\/em><\/p>\n<\/blockquote>\n<p>Nach Meinung der Abgeordneten der Demokratischen Partei, Sara Jacobs, habe die Regierung Biden die &#8220;feierliche Verantwortung, unsere Soldaten in Gefahr zu sch\u00fctzen, sowie die freien und offenen Gesetze \u00fcber die Meere&#8221;. Die F\u00fchrung des Kongresses sei vor dem Angriff informiert worden. Sie betonte, dass nur der &#8220;Kongress allein den Krieg autorisiert&#8221;.<\/p>\n<p> Die Luftangriffe vom Donnerstagabend folgten auf eine Reihe von \u00dcberf\u00e4llen auf Handelsschiffe im Roten Meer durch militante Huthi, die Teile des Jemen kontrollieren. Im Rahmen des Konflikts zwischen Israel und Gaza, der nach einem Hamas-Anschlag im vergangenen Oktober ausgebrochen ist, hat die bewaffnete Gruppe geschworen, auch Schiffe anzugreifen, die mit Israel verbunden sind.<\/p>\n<p><strong>Mehr zum Thema<\/strong> \u2013 <a rel=\"nofollow noopener\" target=\"_blank\" href=\"https:\/\/freedert.online\/inland\/192559-wegen-konflikt-mit-huthis-tesla-stoppt-produktion-in-deutschland\/\">Wegen Konflikt mit Huthis: Tesla muss Produktion in Deutschland stoppen<\/a><\/p>\n<\/p>\n<\/div>\n<p><br \/>\n<br \/><a href=\"https:\/\/de.rt.com\/international\/192577-us-kongress-ueber-bombenangriffe-im\/\">Source link <\/a><\/p>\n","protected":false},"excerpt":{"rendered":"<p>US-Abgeordnete reagierten unterschiedlich auf die Luftangriffe der USA und Gro\u00dfbritanniens auf Ziele der Huthi im Jemen. Einige bezweifeln, ob Pr\u00e4sident Joe Biden die volle Befugnis f\u00fcr diese Ma\u00dfnahmen hatte. Das Kommando der US-Luftwaffe f\u00fcr den Nahen Osten teilte mit, es habe in der Nacht zum Donnerstag \u00fcber sechzig Ziele an sechzehn Standorten im Jemen getroffen, [&hellip;]<\/p>\n","protected":false},"author":3,"featured_media":53117,"comment_status":"open","ping_status":"open","sticky":false,"template":"","format":"standard","meta":{"_yoast_indexnow_last_ping":["1705080064"],"wp_automatic_camp":["217"],"794375eb018d8028255bda1536693110":["US-Kongress \u00fcber Bombenangriffe im Jemen gespalten"],"original_link":["https:\/\/de.rt.com\/international\/192577-us-kongress-ueber-bombenangriffe-im\/"],"_thumbnail_id":["53117"],"_wptgpro_p2tg_sent2tg":["a:1:{i:23737;s:19:\"2024-01-12 19:22:01\";}"],"jnews_social_counter_last_update":["1777169876"]},"categories":[19,23],"tags":[52385,40723,16957,139,19732],"yoast_head":"<!-- This site is optimized with the Yoast SEO Premium plugin v22.7 (Yoast SEO v22.7) - https:\/\/yoast.com\/wordpress\/plugins\/seo\/ -->\n<title>US-Kongress \u00fcber Bombenangriffe im Jemen gespalten - just-now.NEWS Deutschland<\/title>\n<meta name=\"robots\" content=\"index, follow, max-snippet:-1, max-image-preview:large, max-video-preview:-1\" \/>\n<link rel=\"canonical\" href=\"https:\/\/now-news.de\/de\/deutschland\/us-kongress-ueber-bombenangriffe-im-jemen-gespalten\/\" \/>\n<meta property=\"og:locale\" content=\"de_DE\" \/>\n<meta property=\"og:type\" content=\"article\" \/>\n<meta property=\"og:title\" content=\"US-Kongress \u00fcber Bombenangriffe im Jemen gespalten\" \/>\n<meta property=\"og:description\" content=\"US-Abgeordnete reagierten unterschiedlich auf die Luftangriffe der USA und Gro\u00dfbritanniens auf Ziele der Huthi im Jemen. Einige bezweifeln, ob Pr\u00e4sident Joe Biden die volle Befugnis f\u00fcr diese Ma\u00dfnahmen hatte. Das Kommando der US-Luftwaffe f\u00fcr den Nahen Osten teilte mit, es habe in der Nacht zum Donnerstag \u00fcber sechzig Ziele an sechzehn Standorten im Jemen getroffen, [&hellip;]\" \/>\n<meta property=\"og:url\" content=\"https:\/\/now-news.de\/de\/deutschland\/us-kongress-ueber-bombenangriffe-im-jemen-gespalten\/\" \/>\n<meta property=\"og:site_name\" content=\"just-now.NEWS Deutschland\" \/>\n<meta property=\"article:publisher\" content=\"https:\/\/www.facebook.com\/wirmachenauf\" \/>\n<meta property=\"article:published_time\" content=\"2024-01-12T16:58:19+00:00\" \/>\n<meta property=\"og:image\" content=\"https:\/\/now-news.de\/de\/wp-content\/uploads\/sites\/3\/2024\/01\/US-Kongress-ueber-Bombenangriffe-im-Jemen-gespalten.jpg\" \/>\n\t<meta property=\"og:image:width\" content=\"460\" \/>\n\t<meta property=\"og:image:height\" content=\"259\" \/>\n\t<meta property=\"og:image:type\" content=\"image\/jpeg\" \/>\n<meta name=\"author\" content=\"rtnews\" \/>\n<meta name=\"twitter:card\" content=\"summary_large_image\" \/>\n<meta name=\"twitter:creator\" content=\"@WirMachenAuf_de\" \/>\n<meta name=\"twitter:site\" content=\"@WirMachenAuf_de\" \/>\n<meta name=\"twitter:label1\" content=\"Verfasst von\" \/>\n\t<meta name=\"twitter:data1\" content=\"rtnews\" \/>\n\t<meta name=\"twitter:label2\" content=\"Gesch\u00e4tzte Lesezeit\" \/>\n\t<meta name=\"twitter:data2\" content=\"2\u00a0Minuten\" \/>\n<script type=\"application\/ld+json\" class=\"yoast-schema-graph\">{\"@context\":\"https:\/\/schema.org\",\"@graph\":[{\"@type\":\"Article\",\"@id\":\"https:\/\/now-news.de\/de\/deutschland\/us-kongress-ueber-bombenangriffe-im-jemen-gespalten\/#article\",\"isPartOf\":{\"@id\":\"https:\/\/now-news.de\/de\/deutschland\/us-kongress-ueber-bombenangriffe-im-jemen-gespalten\/\"},\"author\":{\"name\":\"rtnews\",\"@id\":\"https:\/\/now-news.de\/de\/#\/schema\/person\/fb534a4e865501d8b3285208df34a9b5\"},\"headline\":\"US-Kongress \u00fcber Bombenangriffe im Jemen gespalten\",\"datePublished\":\"2024-01-12T16:58:19+00:00\",\"dateModified\":\"2024-01-12T16:58:19+00:00\",\"mainEntityOfPage\":{\"@id\":\"https:\/\/now-news.de\/de\/deutschland\/us-kongress-ueber-bombenangriffe-im-jemen-gespalten\/\"},\"wordCount\":447,\"commentCount\":0,\"publisher\":{\"@id\":\"https:\/\/now-news.de\/de\/#organization\"},\"image\":{\"@id\":\"https:\/\/now-news.de\/de\/deutschland\/us-kongress-ueber-bombenangriffe-im-jemen-gespalten\/#primaryimage\"},\"thumbnailUrl\":\"https:\/\/now-news.de\/de\/wp-content\/uploads\/sites\/3\/2024\/01\/US-Kongress-ueber-Bombenangriffe-im-Jemen-gespalten.jpg\",\"keywords\":[\"Bombenangriffe\",\"gespalten\",\"Jemen\",\"\u00fcber\",\"USKongress\"],\"articleSection\":[\"Deutschland\",\"Russland\"],\"inLanguage\":\"de\",\"potentialAction\":[{\"@type\":\"CommentAction\",\"name\":\"Comment\",\"target\":[\"https:\/\/now-news.de\/de\/deutschland\/us-kongress-ueber-bombenangriffe-im-jemen-gespalten\/#respond\"]}]},{\"@type\":\"WebPage\",\"@id\":\"https:\/\/now-news.de\/de\/deutschland\/us-kongress-ueber-bombenangriffe-im-jemen-gespalten\/\",\"url\":\"https:\/\/now-news.de\/de\/deutschland\/us-kongress-ueber-bombenangriffe-im-jemen-gespalten\/\",\"name\":\"US-Kongress \u00fcber Bombenangriffe im Jemen gespalten - just-now.NEWS Deutschland\",\"isPartOf\":{\"@id\":\"https:\/\/now-news.de\/de\/#website\"},\"primaryImageOfPage\":{\"@id\":\"https:\/\/now-news.de\/de\/deutschland\/us-kongress-ueber-bombenangriffe-im-jemen-gespalten\/#primaryimage\"},\"image\":{\"@id\":\"https:\/\/now-news.de\/de\/deutschland\/us-kongress-ueber-bombenangriffe-im-jemen-gespalten\/#primaryimage\"},\"thumbnailUrl\":\"https:\/\/now-news.de\/de\/wp-content\/uploads\/sites\/3\/2024\/01\/US-Kongress-ueber-Bombenangriffe-im-Jemen-gespalten.jpg\",\"datePublished\":\"2024-01-12T16:58:19+00:00\",\"dateModified\":\"2024-01-12T16:58:19+00:00\",\"breadcrumb\":{\"@id\":\"https:\/\/now-news.de\/de\/deutschland\/us-kongress-ueber-bombenangriffe-im-jemen-gespalten\/#breadcrumb\"},\"inLanguage\":\"de\",\"potentialAction\":[{\"@type\":\"ReadAction\",\"target\":[\"https:\/\/now-news.de\/de\/deutschland\/us-kongress-ueber-bombenangriffe-im-jemen-gespalten\/\"]}]},{\"@type\":\"ImageObject\",\"inLanguage\":\"de\",\"@id\":\"https:\/\/now-news.de\/de\/deutschland\/us-kongress-ueber-bombenangriffe-im-jemen-gespalten\/#primaryimage\",\"url\":\"https:\/\/now-news.de\/de\/wp-content\/uploads\/sites\/3\/2024\/01\/US-Kongress-ueber-Bombenangriffe-im-Jemen-gespalten.jpg\",\"contentUrl\":\"https:\/\/now-news.de\/de\/wp-content\/uploads\/sites\/3\/2024\/01\/US-Kongress-ueber-Bombenangriffe-im-Jemen-gespalten.jpg\",\"width\":460,\"height\":259,\"caption\":\"US-Kongress \u00fcber Bombenangriffe im Jemen gespalten\"},{\"@type\":\"BreadcrumbList\",\"@id\":\"https:\/\/now-news.de\/de\/deutschland\/us-kongress-ueber-bombenangriffe-im-jemen-gespalten\/#breadcrumb\",\"itemListElement\":[{\"@type\":\"ListItem\",\"position\":1,\"name\":\"Home\",\"item\":\"https:\/\/now-news.de\/de\/\"},{\"@type\":\"ListItem\",\"position\":2,\"name\":\"US-Kongress \u00fcber Bombenangriffe im Jemen gespalten\"}]},{\"@type\":\"WebSite\",\"@id\":\"https:\/\/now-news.de\/de\/#website\",\"url\":\"https:\/\/now-news.de\/de\/\",\"name\":\"just-now.NEWS Deutschland\",\"description\":\"Das Portal f\u00fcr unzensierte Nachrichten aus der Welt\",\"publisher\":{\"@id\":\"https:\/\/now-news.de\/de\/#organization\"},\"potentialAction\":[{\"@type\":\"SearchAction\",\"target\":{\"@type\":\"EntryPoint\",\"urlTemplate\":\"https:\/\/now-news.de\/de\/?s={search_term_string}\"},\"query-input\":\"required name=search_term_string\"}],\"inLanguage\":\"de\"},{\"@type\":\"Organization\",\"@id\":\"https:\/\/now-news.de\/de\/#organization\",\"name\":\"Just Now News\",\"url\":\"https:\/\/now-news.de\/de\/\",\"logo\":{\"@type\":\"ImageObject\",\"inLanguage\":\"de\",\"@id\":\"https:\/\/now-news.de\/de\/#\/schema\/logo\/image\/\",\"url\":\"http:\/\/just-now.news\/de\/wp-content\/uploads\/sites\/3\/2022\/04\/logo500x500.jpg\",\"contentUrl\":\"http:\/\/just-now.news\/de\/wp-content\/uploads\/sites\/3\/2022\/04\/logo500x500.jpg\",\"width\":500,\"height\":500,\"caption\":\"Just Now News\"},\"image\":{\"@id\":\"https:\/\/now-news.de\/de\/#\/schema\/logo\/image\/\"},\"sameAs\":[\"https:\/\/www.facebook.com\/wirmachenauf\",\"https:\/\/x.com\/WirMachenAuf_de\"]},{\"@type\":\"Person\",\"@id\":\"https:\/\/now-news.de\/de\/#\/schema\/person\/fb534a4e865501d8b3285208df34a9b5\",\"name\":\"rtnews\",\"image\":{\"@type\":\"ImageObject\",\"inLanguage\":\"de\",\"@id\":\"https:\/\/now-news.de\/de\/#\/schema\/person\/image\/\",\"url\":\"https:\/\/secure.gravatar.com\/avatar\/82aafea7d8127119dd649515f56e2117?s=96&d=mm&r=g\",\"contentUrl\":\"https:\/\/secure.gravatar.com\/avatar\/82aafea7d8127119dd649515f56e2117?s=96&d=mm&r=g\",\"caption\":\"rtnews\"},\"url\":\"https:\/\/now-news.de\/de\/author\/rnews\/\"}]}<\/script>\n<!-- \/ Yoast SEO Premium plugin. -->","yoast_head_json":{"title":"US-Kongress \u00fcber Bombenangriffe im Jemen gespalten - just-now.NEWS Deutschland","robots":{"index":"index","follow":"follow","max-snippet":"max-snippet:-1","max-image-preview":"max-image-preview:large","max-video-preview":"max-video-preview:-1"},"canonical":"https:\/\/now-news.de\/de\/deutschland\/us-kongress-ueber-bombenangriffe-im-jemen-gespalten\/","og_locale":"de_DE","og_type":"article","og_title":"US-Kongress \u00fcber Bombenangriffe im Jemen gespalten","og_description":"US-Abgeordnete reagierten unterschiedlich auf die Luftangriffe der USA und Gro\u00dfbritanniens auf Ziele der Huthi im Jemen. Einige bezweifeln, ob Pr\u00e4sident Joe Biden die volle Befugnis f\u00fcr diese Ma\u00dfnahmen hatte. Das Kommando der US-Luftwaffe f\u00fcr den Nahen Osten teilte mit, es habe in der Nacht zum Donnerstag \u00fcber sechzig Ziele an sechzehn Standorten im Jemen getroffen, [&hellip;]","og_url":"https:\/\/now-news.de\/de\/deutschland\/us-kongress-ueber-bombenangriffe-im-jemen-gespalten\/","og_site_name":"just-now.NEWS Deutschland","article_publisher":"https:\/\/www.facebook.com\/wirmachenauf","article_published_time":"2024-01-12T16:58:19+00:00","og_image":[{"width":460,"height":259,"url":"https:\/\/now-news.de\/de\/wp-content\/uploads\/sites\/3\/2024\/01\/US-Kongress-ueber-Bombenangriffe-im-Jemen-gespalten.jpg","type":"image\/jpeg"}],"author":"rtnews","twitter_card":"summary_large_image","twitter_creator":"@WirMachenAuf_de","twitter_site":"@WirMachenAuf_de","twitter_misc":{"Verfasst von":"rtnews","Gesch\u00e4tzte Lesezeit":"2\u00a0Minuten"},"schema":{"@context":"https:\/\/schema.org","@graph":[{"@type":"Article","@id":"https:\/\/now-news.de\/de\/deutschland\/us-kongress-ueber-bombenangriffe-im-jemen-gespalten\/#article","isPartOf":{"@id":"https:\/\/now-news.de\/de\/deutschland\/us-kongress-ueber-bombenangriffe-im-jemen-gespalten\/"},"author":{"name":"rtnews","@id":"https:\/\/now-news.de\/de\/#\/schema\/person\/fb534a4e865501d8b3285208df34a9b5"},"headline":"US-Kongress \u00fcber Bombenangriffe im Jemen gespalten","datePublished":"2024-01-12T16:58:19+00:00","dateModified":"2024-01-12T16:58:19+00:00","mainEntityOfPage":{"@id":"https:\/\/now-news.de\/de\/deutschland\/us-kongress-ueber-bombenangriffe-im-jemen-gespalten\/"},"wordCount":447,"commentCount":0,"publisher":{"@id":"https:\/\/now-news.de\/de\/#organization"},"image":{"@id":"https:\/\/now-news.de\/de\/deutschland\/us-kongress-ueber-bombenangriffe-im-jemen-gespalten\/#primaryimage"},"thumbnailUrl":"https:\/\/now-news.de\/de\/wp-content\/uploads\/sites\/3\/2024\/01\/US-Kongress-ueber-Bombenangriffe-im-Jemen-gespalten.jpg","keywords":["Bombenangriffe","gespalten","Jemen","\u00fcber","USKongress"],"articleSection":["Deutschland","Russland"],"inLanguage":"de","potentialAction":[{"@type":"CommentAction","name":"Comment","target":["https:\/\/now-news.de\/de\/deutschland\/us-kongress-ueber-bombenangriffe-im-jemen-gespalten\/#respond"]}]},{"@type":"WebPage","@id":"https:\/\/now-news.de\/de\/deutschland\/us-kongress-ueber-bombenangriffe-im-jemen-gespalten\/","url":"https:\/\/now-news.de\/de\/deutschland\/us-kongress-ueber-bombenangriffe-im-jemen-gespalten\/","name":"US-Kongress \u00fcber Bombenangriffe im Jemen gespalten - just-now.NEWS Deutschland","isPartOf":{"@id":"https:\/\/now-news.de\/de\/#website"},"primaryImageOfPage":{"@id":"https:\/\/now-news.de\/de\/deutschland\/us-kongress-ueber-bombenangriffe-im-jemen-gespalten\/#primaryimage"},"image":{"@id":"https:\/\/now-news.de\/de\/deutschland\/us-kongress-ueber-bombenangriffe-im-jemen-gespalten\/#primaryimage"},"thumbnailUrl":"https:\/\/now-news.de\/de\/wp-content\/uploads\/sites\/3\/2024\/01\/US-Kongress-ueber-Bombenangriffe-im-Jemen-gespalten.jpg","datePublished":"2024-01-12T16:58:19+00:00","dateModified":"2024-01-12T16:58:19+00:00","breadcrumb":{"@id":"https:\/\/now-news.de\/de\/deutschland\/us-kongress-ueber-bombenangriffe-im-jemen-gespalten\/#breadcrumb"},"inLanguage":"de","potentialAction":[{"@type":"ReadAction","target":["https:\/\/now-news.de\/de\/deutschland\/us-kongress-ueber-bombenangriffe-im-jemen-gespalten\/"]}]},{"@type":"ImageObject","inLanguage":"de","@id":"https:\/\/now-news.de\/de\/deutschland\/us-kongress-ueber-bombenangriffe-im-jemen-gespalten\/#primaryimage","url":"https:\/\/now-news.de\/de\/wp-content\/uploads\/sites\/3\/2024\/01\/US-Kongress-ueber-Bombenangriffe-im-Jemen-gespalten.jpg","contentUrl":"https:\/\/now-news.de\/de\/wp-content\/uploads\/sites\/3\/2024\/01\/US-Kongress-ueber-Bombenangriffe-im-Jemen-gespalten.jpg","width":460,"height":259,"caption":"US-Kongress \u00fcber Bombenangriffe im Jemen gespalten"},{"@type":"BreadcrumbList","@id":"https:\/\/now-news.de\/de\/deutschland\/us-kongress-ueber-bombenangriffe-im-jemen-gespalten\/#breadcrumb","itemListElement":[{"@type":"ListItem","position":1,"name":"Home","item":"https:\/\/now-news.de\/de\/"},{"@type":"ListItem","position":2,"name":"US-Kongress \u00fcber Bombenangriffe im Jemen gespalten"}]},{"@type":"WebSite","@id":"https:\/\/now-news.de\/de\/#website","url":"https:\/\/now-news.de\/de\/","name":"just-now.NEWS Deutschland","description":"Das Portal f\u00fcr unzensierte Nachrichten aus der Welt","publisher":{"@id":"https:\/\/now-news.de\/de\/#organization"},"potentialAction":[{"@type":"SearchAction","target":{"@type":"EntryPoint","urlTemplate":"https:\/\/now-news.de\/de\/?s={search_term_string}"},"query-input":"required name=search_term_string"}],"inLanguage":"de"},{"@type":"Organization","@id":"https:\/\/now-news.de\/de\/#organization","name":"Just Now News","url":"https:\/\/now-news.de\/de\/","logo":{"@type":"ImageObject","inLanguage":"de","@id":"https:\/\/now-news.de\/de\/#\/schema\/logo\/image\/","url":"http:\/\/just-now.news\/de\/wp-content\/uploads\/sites\/3\/2022\/04\/logo500x500.jpg","contentUrl":"http:\/\/just-now.news\/de\/wp-content\/uploads\/sites\/3\/2022\/04\/logo500x500.jpg","width":500,"height":500,"caption":"Just Now News"},"image":{"@id":"https:\/\/now-news.de\/de\/#\/schema\/logo\/image\/"},"sameAs":["https:\/\/www.facebook.com\/wirmachenauf","https:\/\/x.com\/WirMachenAuf_de"]},{"@type":"Person","@id":"https:\/\/now-news.de\/de\/#\/schema\/person\/fb534a4e865501d8b3285208df34a9b5","name":"rtnews","image":{"@type":"ImageObject","inLanguage":"de","@id":"https:\/\/now-news.de\/de\/#\/schema\/person\/image\/","url":"https:\/\/secure.gravatar.com\/avatar\/82aafea7d8127119dd649515f56e2117?s=96&d=mm&r=g","contentUrl":"https:\/\/secure.gravatar.com\/avatar\/82aafea7d8127119dd649515f56e2117?s=96&d=mm&r=g","caption":"rtnews"},"url":"https:\/\/now-news.de\/de\/author\/rnews\/"}]}},"_links":{"self":[{"href":"https:\/\/now-news.de\/de\/wp-json\/wp\/v2\/posts\/53116"}],"collection":[{"href":"https:\/\/now-news.de\/de\/wp-json\/wp\/v2\/posts"}],"about":[{"href":"https:\/\/now-news.de\/de\/wp-json\/wp\/v2\/types\/post"}],"author":[{"embeddable":true,"href":"https:\/\/now-news.de\/de\/wp-json\/wp\/v2\/users\/3"}],"replies":[{"embeddable":true,"href":"https:\/\/now-news.de\/de\/wp-json\/wp\/v2\/comments?post=53116"}],"version-history":[{"count":0,"href":"https:\/\/now-news.de\/de\/wp-json\/wp\/v2\/posts\/53116\/revisions"}],"wp:featuredmedia":[{"embeddable":true,"href":"https:\/\/now-news.de\/de\/wp-json\/wp\/v2\/media\/53117"}],"wp:attachment":[{"href":"https:\/\/now-news.de\/de\/wp-json\/wp\/v2\/media?parent=53116"}],"wp:term":[{"taxonomy":"category","embeddable":true,"href":"https:\/\/now-news.de\/de\/wp-json\/wp\/v2\/categories?post=53116"},{"taxonomy":"post_tag","embeddable":true,"href":"https:\/\/now-news.de\/de\/wp-json\/wp\/v2\/tags?post=53116"}],"curies":[{"name":"wp","href":"https:\/\/api.w.org\/{rel}","templated":true}]}}