{"id":53040,"date":"2024-01-11T14:47:55","date_gmt":"2024-01-11T12:47:55","guid":{"rendered":"https:\/\/just-now.news\/de\/deutschland\/russischer-politiker-udalzow-angeblich-der-rechtfertigung-des-terrorismus-beschuldigt\/"},"modified":"2024-01-11T14:47:55","modified_gmt":"2024-01-11T12:47:55","slug":"russischer-politiker-udalzow-angeblich-der-rechtfertigung-des-terrorismus-beschuldigt","status":"publish","type":"post","link":"https:\/\/now-news.de\/de\/deutschland\/russischer-politiker-udalzow-angeblich-der-rechtfertigung-des-terrorismus-beschuldigt\/","title":{"rendered":"Russischer Politiker Udalzow angeblich der Rechtfertigung des Terrorismus beschuldigt"},"content":{"rendered":"<p><img decoding=\"async\" src=\"http:\/\/just-now.news\/de\/wp-content\/uploads\/sites\/3\/2024\/01\/659fdc40b480cc2dfb4f68b2.jpg\" \/><\/p>\n<div class=\"Text-root Text-type_1 \">\n                Russlands Ermittlungskomitee hat nach Medienangaben ein Strafverfahren gegen den linken russischen Politiker Sergei Udalzow eingeleitet. Dem Teilnehmer an den Protestaktionen in den Jahren 2011\/12 werde angeblich die Rechtfertigung des Terrorismus vorgeworfen.\n            <\/div>\n<p><\/p>\n<div class=\"Text-root Text-type_5 ArticleView-text ViewText-root \">\n<p>Am Donnerstag haben mehrere Medien berichtet, dass Russlands Ermittlungskomitee ein Strafverfahren gegen den russischen Politiker und den Koordinator der Linken Front Sergei Udalzow eingeleitet habe. Wie <em>RBC<\/em> im Gespr\u00e4ch mit seiner Anw\u00e4ltin feststellte, wird Udalzow die vermeintliche Rechtfertigung des Terrorismus vorgeworfen. Grund daf\u00fcr seien wahrscheinlich Beitr\u00e4ge des Politikers in den sozialen Medien gewesen. Wie der Sender <em>Ren-TV<\/em> unter Berufung auf seine Quellen betonte, k\u00f6nnte das Strafverfahren bereits Mitte Dezember 2023 eingeleitet worden sein.<\/p>\n<p>Fr\u00fch am Donnerstagmorgen schrieb Udalzow auf Telegram, dass die Polizei mit einem Durchsuchungsbefehl zu seinem Haus gekommen sei. Daraufhin sei er zum Verh\u00f6r in das Hauptquartier des Ermittlungskomitees gebracht worden. Weitere Einzelheiten bleiben derzeit unbekannt.<\/p>\n<p>Udalzow gilt als Politiker des linken Spektrums und ist bekannt als Gr\u00fcnder der Bewegung &#8220;Avantgarde der Roten Jugend&#8221; und Mitglied des Exekutivkomitees der Linken Front, die mit der Kommunistischen Partei der Russischen F\u00f6deration verbunden ist. In den Jahren 2011\/12 nahm er aktiv an der Protestbewegung teil. Im Jahr 2014 wurde der Politiker der Anstiftung der Massenunruhen f\u00fcr schuldig befunden und zu viereinhalb Jahren Haft verurteilt. Am 21. Dezember 2023 wurde Udalzow w\u00e4hrend einer Kundgebung zu Ehren Josef Stalins am Roten Platz im Zentrum Moskaus festgenommen.<\/p>\n<p><strong>Mehr zum Thema\u00a0\u2013<\/strong>\u00a0<a rel=\"nofollow noopener\" target=\"_blank\" href=\"https:\/\/freedert.online\/russland\/185575-fsb-nimmt-beteiligten-attentats-auf-zarjow-fest\/\">FSB nimmt Beteiligten des Attentats auf Oleg Zarjow fest<\/a><\/p>\n<\/div>\n<p><br \/>\n<br \/><a href=\"https:\/\/de.rt.com\/russland\/192439-russischer-politiker-udalzow-angeblich-der-rechtfertigung-des-terrorismus-beschuldigt\/\">Source link <\/a><\/p>\n","protected":false},"excerpt":{"rendered":"<p>Russlands Ermittlungskomitee hat nach Medienangaben ein Strafverfahren gegen den linken russischen Politiker Sergei Udalzow eingeleitet. Dem Teilnehmer an den Protestaktionen in den Jahren 2011\/12 werde angeblich die Rechtfertigung des Terrorismus vorgeworfen. Am Donnerstag haben mehrere Medien berichtet, dass Russlands Ermittlungskomitee ein Strafverfahren gegen den russischen Politiker und den Koordinator der Linken Front Sergei Udalzow eingeleitet [&hellip;]<\/p>\n","protected":false},"author":3,"featured_media":53041,"comment_status":"open","ping_status":"open","sticky":false,"template":"","format":"standard","meta":{"_yoast_indexnow_last_ping":["1704977988"],"wp_automatic_camp":["217"],"2344ac05e79dc1526f8dbb0c2a8fa57e":["Russischer Politiker Udalzow angeblich der Rechtfertigung des Terrorismus beschuldigt"],"original_link":["https:\/\/de.rt.com\/russland\/192439-russischer-politiker-udalzow-angeblich-der-rechtfertigung-des-terrorismus-beschuldigt\/"],"_thumbnail_id":["53041"],"_wptgpro_p2tg_sent2tg":["a:1:{i:23737;s:19:\"2024-01-11 15:01:28\";}"],"jnews_social_counter_last_update":["1777279417"]},"categories":[19,23],"tags":[13835,3645,82,583,5679,50164,793,19426,52347],"yoast_head":"<!-- This site is optimized with the Yoast SEO Premium plugin v22.7 (Yoast SEO v22.7) - https:\/\/yoast.com\/wordpress\/plugins\/seo\/ -->\n<title>Russischer Politiker Udalzow angeblich der Rechtfertigung des Terrorismus beschuldigt - just-now.NEWS Deutschland<\/title>\n<meta name=\"robots\" content=\"index, follow, max-snippet:-1, max-image-preview:large, max-video-preview:-1\" \/>\n<link rel=\"canonical\" href=\"https:\/\/now-news.de\/de\/deutschland\/russischer-politiker-udalzow-angeblich-der-rechtfertigung-des-terrorismus-beschuldigt\/\" \/>\n<meta property=\"og:locale\" content=\"de_DE\" \/>\n<meta property=\"og:type\" content=\"article\" \/>\n<meta property=\"og:title\" content=\"Russischer Politiker Udalzow angeblich der Rechtfertigung des Terrorismus beschuldigt\" \/>\n<meta property=\"og:description\" content=\"Russlands Ermittlungskomitee hat nach Medienangaben ein Strafverfahren gegen den linken russischen Politiker Sergei Udalzow eingeleitet. Dem Teilnehmer an den Protestaktionen in den Jahren 2011\/12 werde angeblich die Rechtfertigung des Terrorismus vorgeworfen. Am Donnerstag haben mehrere Medien berichtet, dass Russlands Ermittlungskomitee ein Strafverfahren gegen den russischen Politiker und den Koordinator der Linken Front Sergei Udalzow eingeleitet [&hellip;]\" \/>\n<meta property=\"og:url\" content=\"https:\/\/now-news.de\/de\/deutschland\/russischer-politiker-udalzow-angeblich-der-rechtfertigung-des-terrorismus-beschuldigt\/\" \/>\n<meta property=\"og:site_name\" content=\"just-now.NEWS Deutschland\" \/>\n<meta property=\"article:publisher\" content=\"https:\/\/www.facebook.com\/wirmachenauf\" \/>\n<meta property=\"article:published_time\" content=\"2024-01-11T12:47:55+00:00\" \/>\n<meta property=\"og:image\" content=\"https:\/\/now-news.de\/de\/wp-content\/uploads\/sites\/3\/2024\/01\/Russischer-Politiker-Udalzow-angeblich-der-Rechtfertigung-des-Terrorismus-beschuldigt.jpg\" \/>\n\t<meta property=\"og:image:width\" content=\"460\" \/>\n\t<meta property=\"og:image:height\" content=\"259\" \/>\n\t<meta property=\"og:image:type\" content=\"image\/jpeg\" \/>\n<meta name=\"author\" content=\"rtnews\" \/>\n<meta name=\"twitter:card\" content=\"summary_large_image\" \/>\n<meta name=\"twitter:creator\" content=\"@WirMachenAuf_de\" \/>\n<meta name=\"twitter:site\" content=\"@WirMachenAuf_de\" \/>\n<meta name=\"twitter:label1\" content=\"Verfasst von\" \/>\n\t<meta name=\"twitter:data1\" content=\"rtnews\" \/>\n\t<meta name=\"twitter:label2\" content=\"Gesch\u00e4tzte Lesezeit\" \/>\n\t<meta name=\"twitter:data2\" content=\"1\u00a0Minute\" \/>\n<script type=\"application\/ld+json\" class=\"yoast-schema-graph\">{\"@context\":\"https:\/\/schema.org\",\"@graph\":[{\"@type\":\"Article\",\"@id\":\"https:\/\/now-news.de\/de\/deutschland\/russischer-politiker-udalzow-angeblich-der-rechtfertigung-des-terrorismus-beschuldigt\/#article\",\"isPartOf\":{\"@id\":\"https:\/\/now-news.de\/de\/deutschland\/russischer-politiker-udalzow-angeblich-der-rechtfertigung-des-terrorismus-beschuldigt\/\"},\"author\":{\"name\":\"rtnews\",\"@id\":\"https:\/\/now-news.de\/de\/#\/schema\/person\/fb534a4e865501d8b3285208df34a9b5\"},\"headline\":\"Russischer Politiker Udalzow angeblich der Rechtfertigung des Terrorismus beschuldigt\",\"datePublished\":\"2024-01-11T12:47:55+00:00\",\"dateModified\":\"2024-01-11T12:47:55+00:00\",\"mainEntityOfPage\":{\"@id\":\"https:\/\/now-news.de\/de\/deutschland\/russischer-politiker-udalzow-angeblich-der-rechtfertigung-des-terrorismus-beschuldigt\/\"},\"wordCount\":253,\"commentCount\":0,\"publisher\":{\"@id\":\"https:\/\/now-news.de\/de\/#organization\"},\"image\":{\"@id\":\"https:\/\/now-news.de\/de\/deutschland\/russischer-politiker-udalzow-angeblich-der-rechtfertigung-des-terrorismus-beschuldigt\/#primaryimage\"},\"thumbnailUrl\":\"https:\/\/now-news.de\/de\/wp-content\/uploads\/sites\/3\/2024\/01\/Russischer-Politiker-Udalzow-angeblich-der-Rechtfertigung-des-Terrorismus-beschuldigt.jpg\",\"keywords\":[\"angeblich\",\"beschuldigt\",\"der\",\"des\",\"Politiker\",\"Rechtfertigung\",\"Russischer\",\"Terrorismus\",\"Udalzow\"],\"articleSection\":[\"Deutschland\",\"Russland\"],\"inLanguage\":\"de\",\"potentialAction\":[{\"@type\":\"CommentAction\",\"name\":\"Comment\",\"target\":[\"https:\/\/now-news.de\/de\/deutschland\/russischer-politiker-udalzow-angeblich-der-rechtfertigung-des-terrorismus-beschuldigt\/#respond\"]}]},{\"@type\":\"WebPage\",\"@id\":\"https:\/\/now-news.de\/de\/deutschland\/russischer-politiker-udalzow-angeblich-der-rechtfertigung-des-terrorismus-beschuldigt\/\",\"url\":\"https:\/\/now-news.de\/de\/deutschland\/russischer-politiker-udalzow-angeblich-der-rechtfertigung-des-terrorismus-beschuldigt\/\",\"name\":\"Russischer Politiker Udalzow angeblich der Rechtfertigung des Terrorismus beschuldigt - just-now.NEWS Deutschland\",\"isPartOf\":{\"@id\":\"https:\/\/now-news.de\/de\/#website\"},\"primaryImageOfPage\":{\"@id\":\"https:\/\/now-news.de\/de\/deutschland\/russischer-politiker-udalzow-angeblich-der-rechtfertigung-des-terrorismus-beschuldigt\/#primaryimage\"},\"image\":{\"@id\":\"https:\/\/now-news.de\/de\/deutschland\/russischer-politiker-udalzow-angeblich-der-rechtfertigung-des-terrorismus-beschuldigt\/#primaryimage\"},\"thumbnailUrl\":\"https:\/\/now-news.de\/de\/wp-content\/uploads\/sites\/3\/2024\/01\/Russischer-Politiker-Udalzow-angeblich-der-Rechtfertigung-des-Terrorismus-beschuldigt.jpg\",\"datePublished\":\"2024-01-11T12:47:55+00:00\",\"dateModified\":\"2024-01-11T12:47:55+00:00\",\"breadcrumb\":{\"@id\":\"https:\/\/now-news.de\/de\/deutschland\/russischer-politiker-udalzow-angeblich-der-rechtfertigung-des-terrorismus-beschuldigt\/#breadcrumb\"},\"inLanguage\":\"de\",\"potentialAction\":[{\"@type\":\"ReadAction\",\"target\":[\"https:\/\/now-news.de\/de\/deutschland\/russischer-politiker-udalzow-angeblich-der-rechtfertigung-des-terrorismus-beschuldigt\/\"]}]},{\"@type\":\"ImageObject\",\"inLanguage\":\"de\",\"@id\":\"https:\/\/now-news.de\/de\/deutschland\/russischer-politiker-udalzow-angeblich-der-rechtfertigung-des-terrorismus-beschuldigt\/#primaryimage\",\"url\":\"https:\/\/now-news.de\/de\/wp-content\/uploads\/sites\/3\/2024\/01\/Russischer-Politiker-Udalzow-angeblich-der-Rechtfertigung-des-Terrorismus-beschuldigt.jpg\",\"contentUrl\":\"https:\/\/now-news.de\/de\/wp-content\/uploads\/sites\/3\/2024\/01\/Russischer-Politiker-Udalzow-angeblich-der-Rechtfertigung-des-Terrorismus-beschuldigt.jpg\",\"width\":460,\"height\":259,\"caption\":\"Russischer Politiker Udalzow angeblich der Rechtfertigung des Terrorismus beschuldigt\"},{\"@type\":\"BreadcrumbList\",\"@id\":\"https:\/\/now-news.de\/de\/deutschland\/russischer-politiker-udalzow-angeblich-der-rechtfertigung-des-terrorismus-beschuldigt\/#breadcrumb\",\"itemListElement\":[{\"@type\":\"ListItem\",\"position\":1,\"name\":\"Home\",\"item\":\"https:\/\/now-news.de\/de\/\"},{\"@type\":\"ListItem\",\"position\":2,\"name\":\"Russischer Politiker Udalzow angeblich der Rechtfertigung des Terrorismus beschuldigt\"}]},{\"@type\":\"WebSite\",\"@id\":\"https:\/\/now-news.de\/de\/#website\",\"url\":\"https:\/\/now-news.de\/de\/\",\"name\":\"just-now.NEWS Deutschland\",\"description\":\"Das Portal f\u00fcr unzensierte Nachrichten aus der Welt\",\"publisher\":{\"@id\":\"https:\/\/now-news.de\/de\/#organization\"},\"potentialAction\":[{\"@type\":\"SearchAction\",\"target\":{\"@type\":\"EntryPoint\",\"urlTemplate\":\"https:\/\/now-news.de\/de\/?s={search_term_string}\"},\"query-input\":\"required name=search_term_string\"}],\"inLanguage\":\"de\"},{\"@type\":\"Organization\",\"@id\":\"https:\/\/now-news.de\/de\/#organization\",\"name\":\"Just Now News\",\"url\":\"https:\/\/now-news.de\/de\/\",\"logo\":{\"@type\":\"ImageObject\",\"inLanguage\":\"de\",\"@id\":\"https:\/\/now-news.de\/de\/#\/schema\/logo\/image\/\",\"url\":\"http:\/\/just-now.news\/de\/wp-content\/uploads\/sites\/3\/2022\/04\/logo500x500.jpg\",\"contentUrl\":\"http:\/\/just-now.news\/de\/wp-content\/uploads\/sites\/3\/2022\/04\/logo500x500.jpg\",\"width\":500,\"height\":500,\"caption\":\"Just Now News\"},\"image\":{\"@id\":\"https:\/\/now-news.de\/de\/#\/schema\/logo\/image\/\"},\"sameAs\":[\"https:\/\/www.facebook.com\/wirmachenauf\",\"https:\/\/x.com\/WirMachenAuf_de\"]},{\"@type\":\"Person\",\"@id\":\"https:\/\/now-news.de\/de\/#\/schema\/person\/fb534a4e865501d8b3285208df34a9b5\",\"name\":\"rtnews\",\"image\":{\"@type\":\"ImageObject\",\"inLanguage\":\"de\",\"@id\":\"https:\/\/now-news.de\/de\/#\/schema\/person\/image\/\",\"url\":\"https:\/\/secure.gravatar.com\/avatar\/82aafea7d8127119dd649515f56e2117?s=96&d=mm&r=g\",\"contentUrl\":\"https:\/\/secure.gravatar.com\/avatar\/82aafea7d8127119dd649515f56e2117?s=96&d=mm&r=g\",\"caption\":\"rtnews\"},\"url\":\"https:\/\/now-news.de\/de\/author\/rnews\/\"}]}<\/script>\n<!-- \/ Yoast SEO Premium plugin. -->","yoast_head_json":{"title":"Russischer Politiker Udalzow angeblich der Rechtfertigung des Terrorismus beschuldigt - just-now.NEWS Deutschland","robots":{"index":"index","follow":"follow","max-snippet":"max-snippet:-1","max-image-preview":"max-image-preview:large","max-video-preview":"max-video-preview:-1"},"canonical":"https:\/\/now-news.de\/de\/deutschland\/russischer-politiker-udalzow-angeblich-der-rechtfertigung-des-terrorismus-beschuldigt\/","og_locale":"de_DE","og_type":"article","og_title":"Russischer Politiker Udalzow angeblich der Rechtfertigung des Terrorismus beschuldigt","og_description":"Russlands Ermittlungskomitee hat nach Medienangaben ein Strafverfahren gegen den linken russischen Politiker Sergei Udalzow eingeleitet. Dem Teilnehmer an den Protestaktionen in den Jahren 2011\/12 werde angeblich die Rechtfertigung des Terrorismus vorgeworfen. Am Donnerstag haben mehrere Medien berichtet, dass Russlands Ermittlungskomitee ein Strafverfahren gegen den russischen Politiker und den Koordinator der Linken Front Sergei Udalzow eingeleitet [&hellip;]","og_url":"https:\/\/now-news.de\/de\/deutschland\/russischer-politiker-udalzow-angeblich-der-rechtfertigung-des-terrorismus-beschuldigt\/","og_site_name":"just-now.NEWS Deutschland","article_publisher":"https:\/\/www.facebook.com\/wirmachenauf","article_published_time":"2024-01-11T12:47:55+00:00","og_image":[{"width":460,"height":259,"url":"https:\/\/now-news.de\/de\/wp-content\/uploads\/sites\/3\/2024\/01\/Russischer-Politiker-Udalzow-angeblich-der-Rechtfertigung-des-Terrorismus-beschuldigt.jpg","type":"image\/jpeg"}],"author":"rtnews","twitter_card":"summary_large_image","twitter_creator":"@WirMachenAuf_de","twitter_site":"@WirMachenAuf_de","twitter_misc":{"Verfasst von":"rtnews","Gesch\u00e4tzte Lesezeit":"1\u00a0Minute"},"schema":{"@context":"https:\/\/schema.org","@graph":[{"@type":"Article","@id":"https:\/\/now-news.de\/de\/deutschland\/russischer-politiker-udalzow-angeblich-der-rechtfertigung-des-terrorismus-beschuldigt\/#article","isPartOf":{"@id":"https:\/\/now-news.de\/de\/deutschland\/russischer-politiker-udalzow-angeblich-der-rechtfertigung-des-terrorismus-beschuldigt\/"},"author":{"name":"rtnews","@id":"https:\/\/now-news.de\/de\/#\/schema\/person\/fb534a4e865501d8b3285208df34a9b5"},"headline":"Russischer Politiker Udalzow angeblich der Rechtfertigung des Terrorismus beschuldigt","datePublished":"2024-01-11T12:47:55+00:00","dateModified":"2024-01-11T12:47:55+00:00","mainEntityOfPage":{"@id":"https:\/\/now-news.de\/de\/deutschland\/russischer-politiker-udalzow-angeblich-der-rechtfertigung-des-terrorismus-beschuldigt\/"},"wordCount":253,"commentCount":0,"publisher":{"@id":"https:\/\/now-news.de\/de\/#organization"},"image":{"@id":"https:\/\/now-news.de\/de\/deutschland\/russischer-politiker-udalzow-angeblich-der-rechtfertigung-des-terrorismus-beschuldigt\/#primaryimage"},"thumbnailUrl":"https:\/\/now-news.de\/de\/wp-content\/uploads\/sites\/3\/2024\/01\/Russischer-Politiker-Udalzow-angeblich-der-Rechtfertigung-des-Terrorismus-beschuldigt.jpg","keywords":["angeblich","beschuldigt","der","des","Politiker","Rechtfertigung","Russischer","Terrorismus","Udalzow"],"articleSection":["Deutschland","Russland"],"inLanguage":"de","potentialAction":[{"@type":"CommentAction","name":"Comment","target":["https:\/\/now-news.de\/de\/deutschland\/russischer-politiker-udalzow-angeblich-der-rechtfertigung-des-terrorismus-beschuldigt\/#respond"]}]},{"@type":"WebPage","@id":"https:\/\/now-news.de\/de\/deutschland\/russischer-politiker-udalzow-angeblich-der-rechtfertigung-des-terrorismus-beschuldigt\/","url":"https:\/\/now-news.de\/de\/deutschland\/russischer-politiker-udalzow-angeblich-der-rechtfertigung-des-terrorismus-beschuldigt\/","name":"Russischer Politiker Udalzow angeblich der Rechtfertigung des Terrorismus beschuldigt - just-now.NEWS Deutschland","isPartOf":{"@id":"https:\/\/now-news.de\/de\/#website"},"primaryImageOfPage":{"@id":"https:\/\/now-news.de\/de\/deutschland\/russischer-politiker-udalzow-angeblich-der-rechtfertigung-des-terrorismus-beschuldigt\/#primaryimage"},"image":{"@id":"https:\/\/now-news.de\/de\/deutschland\/russischer-politiker-udalzow-angeblich-der-rechtfertigung-des-terrorismus-beschuldigt\/#primaryimage"},"thumbnailUrl":"https:\/\/now-news.de\/de\/wp-content\/uploads\/sites\/3\/2024\/01\/Russischer-Politiker-Udalzow-angeblich-der-Rechtfertigung-des-Terrorismus-beschuldigt.jpg","datePublished":"2024-01-11T12:47:55+00:00","dateModified":"2024-01-11T12:47:55+00:00","breadcrumb":{"@id":"https:\/\/now-news.de\/de\/deutschland\/russischer-politiker-udalzow-angeblich-der-rechtfertigung-des-terrorismus-beschuldigt\/#breadcrumb"},"inLanguage":"de","potentialAction":[{"@type":"ReadAction","target":["https:\/\/now-news.de\/de\/deutschland\/russischer-politiker-udalzow-angeblich-der-rechtfertigung-des-terrorismus-beschuldigt\/"]}]},{"@type":"ImageObject","inLanguage":"de","@id":"https:\/\/now-news.de\/de\/deutschland\/russischer-politiker-udalzow-angeblich-der-rechtfertigung-des-terrorismus-beschuldigt\/#primaryimage","url":"https:\/\/now-news.de\/de\/wp-content\/uploads\/sites\/3\/2024\/01\/Russischer-Politiker-Udalzow-angeblich-der-Rechtfertigung-des-Terrorismus-beschuldigt.jpg","contentUrl":"https:\/\/now-news.de\/de\/wp-content\/uploads\/sites\/3\/2024\/01\/Russischer-Politiker-Udalzow-angeblich-der-Rechtfertigung-des-Terrorismus-beschuldigt.jpg","width":460,"height":259,"caption":"Russischer Politiker Udalzow angeblich der Rechtfertigung des Terrorismus beschuldigt"},{"@type":"BreadcrumbList","@id":"https:\/\/now-news.de\/de\/deutschland\/russischer-politiker-udalzow-angeblich-der-rechtfertigung-des-terrorismus-beschuldigt\/#breadcrumb","itemListElement":[{"@type":"ListItem","position":1,"name":"Home","item":"https:\/\/now-news.de\/de\/"},{"@type":"ListItem","position":2,"name":"Russischer Politiker Udalzow angeblich der Rechtfertigung des Terrorismus beschuldigt"}]},{"@type":"WebSite","@id":"https:\/\/now-news.de\/de\/#website","url":"https:\/\/now-news.de\/de\/","name":"just-now.NEWS Deutschland","description":"Das Portal f\u00fcr unzensierte Nachrichten aus der Welt","publisher":{"@id":"https:\/\/now-news.de\/de\/#organization"},"potentialAction":[{"@type":"SearchAction","target":{"@type":"EntryPoint","urlTemplate":"https:\/\/now-news.de\/de\/?s={search_term_string}"},"query-input":"required name=search_term_string"}],"inLanguage":"de"},{"@type":"Organization","@id":"https:\/\/now-news.de\/de\/#organization","name":"Just Now News","url":"https:\/\/now-news.de\/de\/","logo":{"@type":"ImageObject","inLanguage":"de","@id":"https:\/\/now-news.de\/de\/#\/schema\/logo\/image\/","url":"http:\/\/just-now.news\/de\/wp-content\/uploads\/sites\/3\/2022\/04\/logo500x500.jpg","contentUrl":"http:\/\/just-now.news\/de\/wp-content\/uploads\/sites\/3\/2022\/04\/logo500x500.jpg","width":500,"height":500,"caption":"Just Now News"},"image":{"@id":"https:\/\/now-news.de\/de\/#\/schema\/logo\/image\/"},"sameAs":["https:\/\/www.facebook.com\/wirmachenauf","https:\/\/x.com\/WirMachenAuf_de"]},{"@type":"Person","@id":"https:\/\/now-news.de\/de\/#\/schema\/person\/fb534a4e865501d8b3285208df34a9b5","name":"rtnews","image":{"@type":"ImageObject","inLanguage":"de","@id":"https:\/\/now-news.de\/de\/#\/schema\/person\/image\/","url":"https:\/\/secure.gravatar.com\/avatar\/82aafea7d8127119dd649515f56e2117?s=96&d=mm&r=g","contentUrl":"https:\/\/secure.gravatar.com\/avatar\/82aafea7d8127119dd649515f56e2117?s=96&d=mm&r=g","caption":"rtnews"},"url":"https:\/\/now-news.de\/de\/author\/rnews\/"}]}},"_links":{"self":[{"href":"https:\/\/now-news.de\/de\/wp-json\/wp\/v2\/posts\/53040"}],"collection":[{"href":"https:\/\/now-news.de\/de\/wp-json\/wp\/v2\/posts"}],"about":[{"href":"https:\/\/now-news.de\/de\/wp-json\/wp\/v2\/types\/post"}],"author":[{"embeddable":true,"href":"https:\/\/now-news.de\/de\/wp-json\/wp\/v2\/users\/3"}],"replies":[{"embeddable":true,"href":"https:\/\/now-news.de\/de\/wp-json\/wp\/v2\/comments?post=53040"}],"version-history":[{"count":0,"href":"https:\/\/now-news.de\/de\/wp-json\/wp\/v2\/posts\/53040\/revisions"}],"wp:featuredmedia":[{"embeddable":true,"href":"https:\/\/now-news.de\/de\/wp-json\/wp\/v2\/media\/53041"}],"wp:attachment":[{"href":"https:\/\/now-news.de\/de\/wp-json\/wp\/v2\/media?parent=53040"}],"wp:term":[{"taxonomy":"category","embeddable":true,"href":"https:\/\/now-news.de\/de\/wp-json\/wp\/v2\/categories?post=53040"},{"taxonomy":"post_tag","embeddable":true,"href":"https:\/\/now-news.de\/de\/wp-json\/wp\/v2\/tags?post=53040"}],"curies":[{"name":"wp","href":"https:\/\/api.w.org\/{rel}","templated":true}]}}