{"id":53018,"date":"2024-01-10T22:53:46","date_gmt":"2024-01-10T20:53:46","guid":{"rendered":"https:\/\/just-now.news\/de\/deutschland\/bmw-muenchen-baut-ab-2027-nur-noch-e-autos-produktion-von-modellen-mit-verbrennungsmotor-verlagert\/"},"modified":"2024-01-10T22:53:46","modified_gmt":"2024-01-10T20:53:46","slug":"bmw-muenchen-baut-ab-2027-nur-noch-e-autos-produktion-von-modellen-mit-verbrennungsmotor-verlagert","status":"publish","type":"post","link":"https:\/\/now-news.de\/de\/deutschland\/bmw-muenchen-baut-ab-2027-nur-noch-e-autos-produktion-von-modellen-mit-verbrennungsmotor-verlagert\/","title":{"rendered":"BMW M\u00fcnchen baut ab 2027 nur noch E-Autos \u2013 Produktion von Modellen mit Verbrennungsmotor verlagert"},"content":{"rendered":"<p><img decoding=\"async\" src=\"http:\/\/just-now.news\/de\/wp-content\/uploads\/sites\/3\/2024\/01\/659ee3cfb480cc7e90236343.jpg\" \/><\/p>\n<div class=\"Text-root Text-type_1 \">\n                BMW hat ehrgeizige Pl\u00e4ne f\u00fcr sein M\u00fcnchner Stammwerk: Von Ende 2027 an werden hier nur noch Elektroautos vom Band rollen. Die Belegschaft soll entweder umgeschult oder versetzt werden. Die Produktion von Verbrennungsmotoren wird verlagert.\n            <\/div>\n<p><\/p>\n<div class=\"Text-root Text-type_5 ArticleView-text ViewText-root \">\n<p>Der M\u00fcnchner Autokonzern BMW plant, in knapp vier Jahren nur noch Elektrofahrzeuge in seinem M\u00fcnchner Stammwerk zu produzieren. Nach Angaben des f\u00fcr die Produktion zust\u00e4ndigen Vorstandsmitglieds Milan Nedeljkovi\u0107 wird das Unternehmen rund 650 Millionen Euro in der bayerischen Landeshauptstadt investieren, um die Autofabrik bei laufendem Betrieb auf die Herstellung von E-Autos umzur\u00fcsten.<\/p>\n<p>Wie die <em>Deutschen Wirtschaftsnachrichten<\/em> (<em>DWN<\/em>) <a rel=\"nofollow noopener\" target=\"_blank\" href=\"https:\/\/deutsche-wirtschafts-nachrichten.de\/707059\/bmw-werk-muenchen-baut-ab-ende-2027-nur-noch-e-autos?src=live\">berichten<\/a>, liegt der Aussto\u00df von BMW-Neuwagen in M\u00fcnchen bei knapp 1.000 Fahrzeugen, darunter die Baureihen 3 und i4, letztere mit vollelektrischem Antrieb. Im Zuge der Produktionsumstellung soll in M\u00fcnchen 2026 die Produktion von Autos auf Basis der neuen E-Plattform &#8220;Neue Klasse&#8221; beginnen. Zum Jahresende 2027 soll das Werk dann vollst\u00e4ndig auf die Herstellung von Akkufahrzeugen (BEV) umgestellt sein.<\/p>\n<p>Der notwendige Platz f\u00fcr neue Montagestra\u00dfen, Fl\u00e4chen f\u00fcr Logistik und Karosseriebau wurde durch die Verlagerung der bisherigen Verbrennungsmotorenfertigung geschaffen. Diese Motoren werden k\u00fcnftig im englischen Hams Hall und im \u00f6sterreichischen Steyr produziert. Rund 1.200 Mitarbeiter wurden im Zusammenhang mit der <a rel=\"nofollow noopener\" target=\"_blank\" href=\"https:\/\/freedert.online\/wirtschaft\/187039-bmw-motorenproduktion-jetzt-komplett-aus\/\">Produktionsverlagerung<\/a> versetzt oder umgeschult.<\/p>\n<p>Die Akku-BMWs der &#8220;Neuen Klasse&#8221; sollen zun\u00e4chst im ungarischen BMW-Werk Debrecen und in M\u00fcnchen gebaut werden. Sp\u00e4ter werden BMW-Werke in China und Mexiko folgen.<\/p>\n<p><strong>Bislang staatlich subventionierter Rekordabsatz<\/strong><\/p>\n<p>Die schrittweise Umstellung auf E-Autos scheint f\u00fcr den bayerischen Autokonzern keine Einbu\u00dfen zu bewirken, im Gegenteil. F\u00fcr das vergangene Jahr konnte das M\u00fcnchner Unternehmen einen Absatzrekord melden. Weltweit konnte BMW im Jahr 2023 etwa 2,55 Millionen Autos verkaufen, was einer Steigerung um 6,5 Prozent entspricht, so die <em>DWN<\/em>. Zum deutlichen Wachstum des Absatzes h\u00e4tten insbesondere Elektro- und Luxusautos beigetragen.<\/p>\n<p>So habe der Absatz vollelektrischer BEV-Fahrzeuge innerhalb des Gesamtkonzerns um 74 Prozent auf 376.000 Fahrzeuge zugelegt. Damit machten E-Autos 15 Prozent des gesamten Konzernabsatzes aus. BMW sei im E-Auto-Bereich 2023 schneller gewachsen als der Gesamtmarkt f\u00fcr Strom-Fahrzeuge.<\/p>\n<p>In diesem Jahr wolle BMW sogar eine halbe Million Batteriefahrzeuge herstellen, die ungef\u00e4hr ein F\u00fcnftel des Gesamtabsatzes erzielen sollen. Der Vertriebsvorstand Jochen Goller habe betont, die Nachfrage nach E-Autos sei konstant hoch und BMW habe 18 Akku-Modelle in seinem Angebot.<\/p>\n<p>In absoluten Zahlen habe BMW die meisten Fahrzeuge in Europa verkauft (943.000 Autos) und damit den Absatz um 7,5 Prozent steigern k\u00f6nnen. In China verkaufte der M\u00fcnchner Konzern 825.000 Wagen, was einem Plus von 4,2 Prozent entspreche. In den USA konnte der Autobauer seinen Absatz sogar um 9,4 Prozent erh\u00f6hen und 396.000 Fahrzeuge absetzen.<\/p>\n<p>F\u00fcr die gesteigerte Nachfrage h\u00e4tten bislang vor allem die vielfach staatlich subventionierten E-Autos \u2013 deren F\u00f6rderung die Bundesregierung k\u00fcrzlich <a rel=\"nofollow noopener\" target=\"_blank\" href=\"https:\/\/freedert.online\/inland\/190077-habeck-ministerium-streicht-umweltpraemie-ab-montag\/\">abrupt beendet<\/a> hat \u2013 sowie nicht zuletzt die Luxusmodelle des Konzerns gesorgt. Beigetragen zum Wachstum h\u00e4tten au\u00dferdem die Spitzenmodelle der 7er-Reihe und der SUV-Typ X7. Auch die ebenfalls zu BMW geh\u00f6rende Luxusmarke Rolls-Royce konnte 2023 einen Produktionsrekord von 6.032 Fahrzeugen aufstellen. Die britische BMW-Marke Mini erzielte ebenfalls ein Plus, wenn auch nur ein knappes Prozent, und lieferte 295.000 Wagen aus. Die Kernmarke BMW brachte es auf einen Zuwachs von 7,3 Prozent und setzte weltweit 2,25 Millionen Autos ab, was ebenfalls einen Rekordwert darstelle.<\/p>\n<p>Vor diesem Hintergrund d\u00fcrfte die Produktionsverlagerung von kleineren Modellen wie der bekannten 3er-Reihe und deren Ersetzung durch mutma\u00dflich profitablere Baureihen wie der Neuen Klasse zu erkl\u00e4ren sein. Allerdings k\u00f6nnte das pl\u00f6tzliche Auslaufenlassen der staatlichen F\u00f6rderung f\u00fcr E-Autos einen Strich durch das Kalk\u00fcl des M\u00fcnchner Konzerns machen.<\/p>\n<p><strong>Mehr zum Thema<\/strong> &#8211; <a rel=\"nofollow noopener\" target=\"_blank\" href=\"https:\/\/freedert.online\/europa\/190272-eu-schafft-neue-grenzwerte-fuer\/\">EU schafft neue Grenzwerte f\u00fcr Fahrzeuge<\/a><\/p>\n<\/div>\n<p><br \/>\n<br \/><a href=\"https:\/\/de.rt.com\/inland\/192375-bmw-muenchen-baut-ab-2027\/\">Source link <\/a><\/p>\n","protected":false},"excerpt":{"rendered":"<p>BMW hat ehrgeizige Pl\u00e4ne f\u00fcr sein M\u00fcnchner Stammwerk: Von Ende 2027 an werden hier nur noch Elektroautos vom Band rollen. Die Belegschaft soll entweder umgeschult oder versetzt werden. Die Produktion von Verbrennungsmotoren wird verlagert. Der M\u00fcnchner Autokonzern BMW plant, in knapp vier Jahren nur noch Elektrofahrzeuge in seinem M\u00fcnchner Stammwerk zu produzieren. Nach Angaben des [&hellip;]<\/p>\n","protected":false},"author":3,"featured_media":53019,"comment_status":"open","ping_status":"open","sticky":false,"template":"","format":"standard","meta":{"_yoast_indexnow_last_ping":["1704920149"],"wp_automatic_camp":["217"],"9d100b0bc73ffc7c20c29008bf068578":["BMW M\u00fcnchen baut ab 2027 nur noch E-Autos \u2013 Produktion von Modellen mit Verbrennungsmotor verlagert"],"original_link":["https:\/\/de.rt.com\/inland\/192375-bmw-muenchen-baut-ab-2027\/"],"_thumbnail_id":["53019"],"_wptgpro_p2tg_sent2tg":["a:1:{i:23737;s:19:\"2024-01-10 22:56:53\";}"],"jnews_social_counter_last_update":["1777381332"]},"categories":[19,23],"tags":[21567,22013,32323,419,52342,2003,1674,4230,3315,28556,23198,50],"yoast_head":"<!-- This site is optimized with the Yoast SEO Premium plugin v22.7 (Yoast SEO v22.7) - https:\/\/yoast.com\/wordpress\/plugins\/seo\/ -->\n<title>BMW M\u00fcnchen baut ab 2027 nur noch E-Autos \u2013 Produktion von Modellen mit Verbrennungsmotor verlagert - just-now.NEWS Deutschland<\/title>\n<meta name=\"robots\" content=\"index, follow, max-snippet:-1, max-image-preview:large, max-video-preview:-1\" \/>\n<link rel=\"canonical\" href=\"https:\/\/now-news.de\/de\/deutschland\/bmw-muenchen-baut-ab-2027-nur-noch-e-autos-produktion-von-modellen-mit-verbrennungsmotor-verlagert\/\" \/>\n<meta property=\"og:locale\" content=\"de_DE\" \/>\n<meta property=\"og:type\" content=\"article\" \/>\n<meta property=\"og:title\" content=\"BMW M\u00fcnchen baut ab 2027 nur noch E-Autos \u2013 Produktion von Modellen mit Verbrennungsmotor verlagert\" \/>\n<meta property=\"og:description\" content=\"BMW hat ehrgeizige Pl\u00e4ne f\u00fcr sein M\u00fcnchner Stammwerk: Von Ende 2027 an werden hier nur noch Elektroautos vom Band rollen. Die Belegschaft soll entweder umgeschult oder versetzt werden. Die Produktion von Verbrennungsmotoren wird verlagert. Der M\u00fcnchner Autokonzern BMW plant, in knapp vier Jahren nur noch Elektrofahrzeuge in seinem M\u00fcnchner Stammwerk zu produzieren. Nach Angaben des [&hellip;]\" \/>\n<meta property=\"og:url\" content=\"https:\/\/now-news.de\/de\/deutschland\/bmw-muenchen-baut-ab-2027-nur-noch-e-autos-produktion-von-modellen-mit-verbrennungsmotor-verlagert\/\" \/>\n<meta property=\"og:site_name\" content=\"just-now.NEWS Deutschland\" \/>\n<meta property=\"article:publisher\" content=\"https:\/\/www.facebook.com\/wirmachenauf\" \/>\n<meta property=\"article:published_time\" content=\"2024-01-10T20:53:46+00:00\" \/>\n<meta property=\"og:image\" content=\"https:\/\/now-news.de\/de\/wp-content\/uploads\/sites\/3\/2024\/01\/BMW-Muenchen-baut-ab-2027-nur-noch-E-Autos-\u2013-Produktion.jpg\" \/>\n\t<meta property=\"og:image:width\" content=\"460\" \/>\n\t<meta property=\"og:image:height\" content=\"259\" \/>\n\t<meta property=\"og:image:type\" content=\"image\/jpeg\" \/>\n<meta name=\"author\" content=\"rtnews\" \/>\n<meta name=\"twitter:card\" content=\"summary_large_image\" \/>\n<meta name=\"twitter:creator\" content=\"@WirMachenAuf_de\" \/>\n<meta name=\"twitter:site\" content=\"@WirMachenAuf_de\" \/>\n<meta name=\"twitter:label1\" content=\"Verfasst von\" \/>\n\t<meta name=\"twitter:data1\" content=\"rtnews\" \/>\n\t<meta name=\"twitter:label2\" content=\"Gesch\u00e4tzte Lesezeit\" \/>\n\t<meta name=\"twitter:data2\" content=\"3\u00a0Minuten\" \/>\n<script type=\"application\/ld+json\" class=\"yoast-schema-graph\">{\"@context\":\"https:\/\/schema.org\",\"@graph\":[{\"@type\":\"Article\",\"@id\":\"https:\/\/now-news.de\/de\/deutschland\/bmw-muenchen-baut-ab-2027-nur-noch-e-autos-produktion-von-modellen-mit-verbrennungsmotor-verlagert\/#article\",\"isPartOf\":{\"@id\":\"https:\/\/now-news.de\/de\/deutschland\/bmw-muenchen-baut-ab-2027-nur-noch-e-autos-produktion-von-modellen-mit-verbrennungsmotor-verlagert\/\"},\"author\":{\"name\":\"rtnews\",\"@id\":\"https:\/\/now-news.de\/de\/#\/schema\/person\/fb534a4e865501d8b3285208df34a9b5\"},\"headline\":\"BMW M\u00fcnchen baut ab 2027 nur noch E-Autos \u2013 Produktion von Modellen mit Verbrennungsmotor verlagert\",\"datePublished\":\"2024-01-10T20:53:46+00:00\",\"dateModified\":\"2024-01-10T20:53:46+00:00\",\"mainEntityOfPage\":{\"@id\":\"https:\/\/now-news.de\/de\/deutschland\/bmw-muenchen-baut-ab-2027-nur-noch-e-autos-produktion-von-modellen-mit-verbrennungsmotor-verlagert\/\"},\"wordCount\":605,\"commentCount\":0,\"publisher\":{\"@id\":\"https:\/\/now-news.de\/de\/#organization\"},\"image\":{\"@id\":\"https:\/\/now-news.de\/de\/deutschland\/bmw-muenchen-baut-ab-2027-nur-noch-e-autos-produktion-von-modellen-mit-verbrennungsmotor-verlagert\/#primaryimage\"},\"thumbnailUrl\":\"https:\/\/now-news.de\/de\/wp-content\/uploads\/sites\/3\/2024\/01\/BMW-Muenchen-baut-ab-2027-nur-noch-E-Autos-\u2013-Produktion.jpg\",\"keywords\":[\"baut\",\"BMW\",\"EAutos\",\"mit\",\"Modellen\",\"M\u00fcnchen\",\"noch\",\"NUR\",\"Produktion\",\"Verbrennungsmotor\",\"verlagert\",\"von\"],\"articleSection\":[\"Deutschland\",\"Russland\"],\"inLanguage\":\"de\",\"potentialAction\":[{\"@type\":\"CommentAction\",\"name\":\"Comment\",\"target\":[\"https:\/\/now-news.de\/de\/deutschland\/bmw-muenchen-baut-ab-2027-nur-noch-e-autos-produktion-von-modellen-mit-verbrennungsmotor-verlagert\/#respond\"]}]},{\"@type\":\"WebPage\",\"@id\":\"https:\/\/now-news.de\/de\/deutschland\/bmw-muenchen-baut-ab-2027-nur-noch-e-autos-produktion-von-modellen-mit-verbrennungsmotor-verlagert\/\",\"url\":\"https:\/\/now-news.de\/de\/deutschland\/bmw-muenchen-baut-ab-2027-nur-noch-e-autos-produktion-von-modellen-mit-verbrennungsmotor-verlagert\/\",\"name\":\"BMW M\u00fcnchen baut ab 2027 nur noch E-Autos \u2013 Produktion von Modellen mit Verbrennungsmotor verlagert - just-now.NEWS Deutschland\",\"isPartOf\":{\"@id\":\"https:\/\/now-news.de\/de\/#website\"},\"primaryImageOfPage\":{\"@id\":\"https:\/\/now-news.de\/de\/deutschland\/bmw-muenchen-baut-ab-2027-nur-noch-e-autos-produktion-von-modellen-mit-verbrennungsmotor-verlagert\/#primaryimage\"},\"image\":{\"@id\":\"https:\/\/now-news.de\/de\/deutschland\/bmw-muenchen-baut-ab-2027-nur-noch-e-autos-produktion-von-modellen-mit-verbrennungsmotor-verlagert\/#primaryimage\"},\"thumbnailUrl\":\"https:\/\/now-news.de\/de\/wp-content\/uploads\/sites\/3\/2024\/01\/BMW-Muenchen-baut-ab-2027-nur-noch-E-Autos-\u2013-Produktion.jpg\",\"datePublished\":\"2024-01-10T20:53:46+00:00\",\"dateModified\":\"2024-01-10T20:53:46+00:00\",\"breadcrumb\":{\"@id\":\"https:\/\/now-news.de\/de\/deutschland\/bmw-muenchen-baut-ab-2027-nur-noch-e-autos-produktion-von-modellen-mit-verbrennungsmotor-verlagert\/#breadcrumb\"},\"inLanguage\":\"de\",\"potentialAction\":[{\"@type\":\"ReadAction\",\"target\":[\"https:\/\/now-news.de\/de\/deutschland\/bmw-muenchen-baut-ab-2027-nur-noch-e-autos-produktion-von-modellen-mit-verbrennungsmotor-verlagert\/\"]}]},{\"@type\":\"ImageObject\",\"inLanguage\":\"de\",\"@id\":\"https:\/\/now-news.de\/de\/deutschland\/bmw-muenchen-baut-ab-2027-nur-noch-e-autos-produktion-von-modellen-mit-verbrennungsmotor-verlagert\/#primaryimage\",\"url\":\"https:\/\/now-news.de\/de\/wp-content\/uploads\/sites\/3\/2024\/01\/BMW-Muenchen-baut-ab-2027-nur-noch-E-Autos-\u2013-Produktion.jpg\",\"contentUrl\":\"https:\/\/now-news.de\/de\/wp-content\/uploads\/sites\/3\/2024\/01\/BMW-Muenchen-baut-ab-2027-nur-noch-E-Autos-\u2013-Produktion.jpg\",\"width\":460,\"height\":259,\"caption\":\"BMW M\u00fcnchen baut ab 2027 nur noch E-Autos \u2013 Produktion von Modellen mit Verbrennungsmotor verlagert\"},{\"@type\":\"BreadcrumbList\",\"@id\":\"https:\/\/now-news.de\/de\/deutschland\/bmw-muenchen-baut-ab-2027-nur-noch-e-autos-produktion-von-modellen-mit-verbrennungsmotor-verlagert\/#breadcrumb\",\"itemListElement\":[{\"@type\":\"ListItem\",\"position\":1,\"name\":\"Home\",\"item\":\"https:\/\/now-news.de\/de\/\"},{\"@type\":\"ListItem\",\"position\":2,\"name\":\"BMW M\u00fcnchen baut ab 2027 nur noch E-Autos \u2013 Produktion von Modellen mit Verbrennungsmotor verlagert\"}]},{\"@type\":\"WebSite\",\"@id\":\"https:\/\/now-news.de\/de\/#website\",\"url\":\"https:\/\/now-news.de\/de\/\",\"name\":\"just-now.NEWS Deutschland\",\"description\":\"Das Portal f\u00fcr unzensierte Nachrichten aus der Welt\",\"publisher\":{\"@id\":\"https:\/\/now-news.de\/de\/#organization\"},\"potentialAction\":[{\"@type\":\"SearchAction\",\"target\":{\"@type\":\"EntryPoint\",\"urlTemplate\":\"https:\/\/now-news.de\/de\/?s={search_term_string}\"},\"query-input\":\"required name=search_term_string\"}],\"inLanguage\":\"de\"},{\"@type\":\"Organization\",\"@id\":\"https:\/\/now-news.de\/de\/#organization\",\"name\":\"Just Now News\",\"url\":\"https:\/\/now-news.de\/de\/\",\"logo\":{\"@type\":\"ImageObject\",\"inLanguage\":\"de\",\"@id\":\"https:\/\/now-news.de\/de\/#\/schema\/logo\/image\/\",\"url\":\"http:\/\/just-now.news\/de\/wp-content\/uploads\/sites\/3\/2022\/04\/logo500x500.jpg\",\"contentUrl\":\"http:\/\/just-now.news\/de\/wp-content\/uploads\/sites\/3\/2022\/04\/logo500x500.jpg\",\"width\":500,\"height\":500,\"caption\":\"Just Now News\"},\"image\":{\"@id\":\"https:\/\/now-news.de\/de\/#\/schema\/logo\/image\/\"},\"sameAs\":[\"https:\/\/www.facebook.com\/wirmachenauf\",\"https:\/\/x.com\/WirMachenAuf_de\"]},{\"@type\":\"Person\",\"@id\":\"https:\/\/now-news.de\/de\/#\/schema\/person\/fb534a4e865501d8b3285208df34a9b5\",\"name\":\"rtnews\",\"image\":{\"@type\":\"ImageObject\",\"inLanguage\":\"de\",\"@id\":\"https:\/\/now-news.de\/de\/#\/schema\/person\/image\/\",\"url\":\"https:\/\/secure.gravatar.com\/avatar\/82aafea7d8127119dd649515f56e2117?s=96&d=mm&r=g\",\"contentUrl\":\"https:\/\/secure.gravatar.com\/avatar\/82aafea7d8127119dd649515f56e2117?s=96&d=mm&r=g\",\"caption\":\"rtnews\"},\"url\":\"https:\/\/now-news.de\/de\/author\/rnews\/\"}]}<\/script>\n<!-- \/ Yoast SEO Premium plugin. -->","yoast_head_json":{"title":"BMW M\u00fcnchen baut ab 2027 nur noch E-Autos \u2013 Produktion von Modellen mit Verbrennungsmotor verlagert - just-now.NEWS Deutschland","robots":{"index":"index","follow":"follow","max-snippet":"max-snippet:-1","max-image-preview":"max-image-preview:large","max-video-preview":"max-video-preview:-1"},"canonical":"https:\/\/now-news.de\/de\/deutschland\/bmw-muenchen-baut-ab-2027-nur-noch-e-autos-produktion-von-modellen-mit-verbrennungsmotor-verlagert\/","og_locale":"de_DE","og_type":"article","og_title":"BMW M\u00fcnchen baut ab 2027 nur noch E-Autos \u2013 Produktion von Modellen mit Verbrennungsmotor verlagert","og_description":"BMW hat ehrgeizige Pl\u00e4ne f\u00fcr sein M\u00fcnchner Stammwerk: Von Ende 2027 an werden hier nur noch Elektroautos vom Band rollen. Die Belegschaft soll entweder umgeschult oder versetzt werden. Die Produktion von Verbrennungsmotoren wird verlagert. Der M\u00fcnchner Autokonzern BMW plant, in knapp vier Jahren nur noch Elektrofahrzeuge in seinem M\u00fcnchner Stammwerk zu produzieren. Nach Angaben des [&hellip;]","og_url":"https:\/\/now-news.de\/de\/deutschland\/bmw-muenchen-baut-ab-2027-nur-noch-e-autos-produktion-von-modellen-mit-verbrennungsmotor-verlagert\/","og_site_name":"just-now.NEWS Deutschland","article_publisher":"https:\/\/www.facebook.com\/wirmachenauf","article_published_time":"2024-01-10T20:53:46+00:00","og_image":[{"width":460,"height":259,"url":"https:\/\/now-news.de\/de\/wp-content\/uploads\/sites\/3\/2024\/01\/BMW-Muenchen-baut-ab-2027-nur-noch-E-Autos-\u2013-Produktion.jpg","type":"image\/jpeg"}],"author":"rtnews","twitter_card":"summary_large_image","twitter_creator":"@WirMachenAuf_de","twitter_site":"@WirMachenAuf_de","twitter_misc":{"Verfasst von":"rtnews","Gesch\u00e4tzte Lesezeit":"3\u00a0Minuten"},"schema":{"@context":"https:\/\/schema.org","@graph":[{"@type":"Article","@id":"https:\/\/now-news.de\/de\/deutschland\/bmw-muenchen-baut-ab-2027-nur-noch-e-autos-produktion-von-modellen-mit-verbrennungsmotor-verlagert\/#article","isPartOf":{"@id":"https:\/\/now-news.de\/de\/deutschland\/bmw-muenchen-baut-ab-2027-nur-noch-e-autos-produktion-von-modellen-mit-verbrennungsmotor-verlagert\/"},"author":{"name":"rtnews","@id":"https:\/\/now-news.de\/de\/#\/schema\/person\/fb534a4e865501d8b3285208df34a9b5"},"headline":"BMW M\u00fcnchen baut ab 2027 nur noch E-Autos \u2013 Produktion von Modellen mit Verbrennungsmotor verlagert","datePublished":"2024-01-10T20:53:46+00:00","dateModified":"2024-01-10T20:53:46+00:00","mainEntityOfPage":{"@id":"https:\/\/now-news.de\/de\/deutschland\/bmw-muenchen-baut-ab-2027-nur-noch-e-autos-produktion-von-modellen-mit-verbrennungsmotor-verlagert\/"},"wordCount":605,"commentCount":0,"publisher":{"@id":"https:\/\/now-news.de\/de\/#organization"},"image":{"@id":"https:\/\/now-news.de\/de\/deutschland\/bmw-muenchen-baut-ab-2027-nur-noch-e-autos-produktion-von-modellen-mit-verbrennungsmotor-verlagert\/#primaryimage"},"thumbnailUrl":"https:\/\/now-news.de\/de\/wp-content\/uploads\/sites\/3\/2024\/01\/BMW-Muenchen-baut-ab-2027-nur-noch-E-Autos-\u2013-Produktion.jpg","keywords":["baut","BMW","EAutos","mit","Modellen","M\u00fcnchen","noch","NUR","Produktion","Verbrennungsmotor","verlagert","von"],"articleSection":["Deutschland","Russland"],"inLanguage":"de","potentialAction":[{"@type":"CommentAction","name":"Comment","target":["https:\/\/now-news.de\/de\/deutschland\/bmw-muenchen-baut-ab-2027-nur-noch-e-autos-produktion-von-modellen-mit-verbrennungsmotor-verlagert\/#respond"]}]},{"@type":"WebPage","@id":"https:\/\/now-news.de\/de\/deutschland\/bmw-muenchen-baut-ab-2027-nur-noch-e-autos-produktion-von-modellen-mit-verbrennungsmotor-verlagert\/","url":"https:\/\/now-news.de\/de\/deutschland\/bmw-muenchen-baut-ab-2027-nur-noch-e-autos-produktion-von-modellen-mit-verbrennungsmotor-verlagert\/","name":"BMW M\u00fcnchen baut ab 2027 nur noch E-Autos \u2013 Produktion von Modellen mit Verbrennungsmotor verlagert - just-now.NEWS Deutschland","isPartOf":{"@id":"https:\/\/now-news.de\/de\/#website"},"primaryImageOfPage":{"@id":"https:\/\/now-news.de\/de\/deutschland\/bmw-muenchen-baut-ab-2027-nur-noch-e-autos-produktion-von-modellen-mit-verbrennungsmotor-verlagert\/#primaryimage"},"image":{"@id":"https:\/\/now-news.de\/de\/deutschland\/bmw-muenchen-baut-ab-2027-nur-noch-e-autos-produktion-von-modellen-mit-verbrennungsmotor-verlagert\/#primaryimage"},"thumbnailUrl":"https:\/\/now-news.de\/de\/wp-content\/uploads\/sites\/3\/2024\/01\/BMW-Muenchen-baut-ab-2027-nur-noch-E-Autos-\u2013-Produktion.jpg","datePublished":"2024-01-10T20:53:46+00:00","dateModified":"2024-01-10T20:53:46+00:00","breadcrumb":{"@id":"https:\/\/now-news.de\/de\/deutschland\/bmw-muenchen-baut-ab-2027-nur-noch-e-autos-produktion-von-modellen-mit-verbrennungsmotor-verlagert\/#breadcrumb"},"inLanguage":"de","potentialAction":[{"@type":"ReadAction","target":["https:\/\/now-news.de\/de\/deutschland\/bmw-muenchen-baut-ab-2027-nur-noch-e-autos-produktion-von-modellen-mit-verbrennungsmotor-verlagert\/"]}]},{"@type":"ImageObject","inLanguage":"de","@id":"https:\/\/now-news.de\/de\/deutschland\/bmw-muenchen-baut-ab-2027-nur-noch-e-autos-produktion-von-modellen-mit-verbrennungsmotor-verlagert\/#primaryimage","url":"https:\/\/now-news.de\/de\/wp-content\/uploads\/sites\/3\/2024\/01\/BMW-Muenchen-baut-ab-2027-nur-noch-E-Autos-\u2013-Produktion.jpg","contentUrl":"https:\/\/now-news.de\/de\/wp-content\/uploads\/sites\/3\/2024\/01\/BMW-Muenchen-baut-ab-2027-nur-noch-E-Autos-\u2013-Produktion.jpg","width":460,"height":259,"caption":"BMW M\u00fcnchen baut ab 2027 nur noch E-Autos \u2013 Produktion von Modellen mit Verbrennungsmotor verlagert"},{"@type":"BreadcrumbList","@id":"https:\/\/now-news.de\/de\/deutschland\/bmw-muenchen-baut-ab-2027-nur-noch-e-autos-produktion-von-modellen-mit-verbrennungsmotor-verlagert\/#breadcrumb","itemListElement":[{"@type":"ListItem","position":1,"name":"Home","item":"https:\/\/now-news.de\/de\/"},{"@type":"ListItem","position":2,"name":"BMW M\u00fcnchen baut ab 2027 nur noch E-Autos \u2013 Produktion von Modellen mit Verbrennungsmotor verlagert"}]},{"@type":"WebSite","@id":"https:\/\/now-news.de\/de\/#website","url":"https:\/\/now-news.de\/de\/","name":"just-now.NEWS Deutschland","description":"Das Portal f\u00fcr unzensierte Nachrichten aus der Welt","publisher":{"@id":"https:\/\/now-news.de\/de\/#organization"},"potentialAction":[{"@type":"SearchAction","target":{"@type":"EntryPoint","urlTemplate":"https:\/\/now-news.de\/de\/?s={search_term_string}"},"query-input":"required name=search_term_string"}],"inLanguage":"de"},{"@type":"Organization","@id":"https:\/\/now-news.de\/de\/#organization","name":"Just Now News","url":"https:\/\/now-news.de\/de\/","logo":{"@type":"ImageObject","inLanguage":"de","@id":"https:\/\/now-news.de\/de\/#\/schema\/logo\/image\/","url":"http:\/\/just-now.news\/de\/wp-content\/uploads\/sites\/3\/2022\/04\/logo500x500.jpg","contentUrl":"http:\/\/just-now.news\/de\/wp-content\/uploads\/sites\/3\/2022\/04\/logo500x500.jpg","width":500,"height":500,"caption":"Just Now News"},"image":{"@id":"https:\/\/now-news.de\/de\/#\/schema\/logo\/image\/"},"sameAs":["https:\/\/www.facebook.com\/wirmachenauf","https:\/\/x.com\/WirMachenAuf_de"]},{"@type":"Person","@id":"https:\/\/now-news.de\/de\/#\/schema\/person\/fb534a4e865501d8b3285208df34a9b5","name":"rtnews","image":{"@type":"ImageObject","inLanguage":"de","@id":"https:\/\/now-news.de\/de\/#\/schema\/person\/image\/","url":"https:\/\/secure.gravatar.com\/avatar\/82aafea7d8127119dd649515f56e2117?s=96&d=mm&r=g","contentUrl":"https:\/\/secure.gravatar.com\/avatar\/82aafea7d8127119dd649515f56e2117?s=96&d=mm&r=g","caption":"rtnews"},"url":"https:\/\/now-news.de\/de\/author\/rnews\/"}]}},"_links":{"self":[{"href":"https:\/\/now-news.de\/de\/wp-json\/wp\/v2\/posts\/53018"}],"collection":[{"href":"https:\/\/now-news.de\/de\/wp-json\/wp\/v2\/posts"}],"about":[{"href":"https:\/\/now-news.de\/de\/wp-json\/wp\/v2\/types\/post"}],"author":[{"embeddable":true,"href":"https:\/\/now-news.de\/de\/wp-json\/wp\/v2\/users\/3"}],"replies":[{"embeddable":true,"href":"https:\/\/now-news.de\/de\/wp-json\/wp\/v2\/comments?post=53018"}],"version-history":[{"count":0,"href":"https:\/\/now-news.de\/de\/wp-json\/wp\/v2\/posts\/53018\/revisions"}],"wp:featuredmedia":[{"embeddable":true,"href":"https:\/\/now-news.de\/de\/wp-json\/wp\/v2\/media\/53019"}],"wp:attachment":[{"href":"https:\/\/now-news.de\/de\/wp-json\/wp\/v2\/media?parent=53018"}],"wp:term":[{"taxonomy":"category","embeddable":true,"href":"https:\/\/now-news.de\/de\/wp-json\/wp\/v2\/categories?post=53018"},{"taxonomy":"post_tag","embeddable":true,"href":"https:\/\/now-news.de\/de\/wp-json\/wp\/v2\/tags?post=53018"}],"curies":[{"name":"wp","href":"https:\/\/api.w.org\/{rel}","templated":true}]}}