{"id":53012,"date":"2024-01-10T21:59:44","date_gmt":"2024-01-10T19:59:44","guid":{"rendered":"https:\/\/just-now.news\/de\/deutschland\/der-neuste-trend-innerhalb-der-westlichen-mainstream-medien-bereitet-selenskij-grosse-sorgen\/"},"modified":"2024-01-10T21:59:44","modified_gmt":"2024-01-10T19:59:44","slug":"der-neuste-trend-innerhalb-der-westlichen-mainstream-medien-bereitet-selenskij-grosse-sorgen","status":"publish","type":"post","link":"https:\/\/now-news.de\/de\/deutschland\/der-neuste-trend-innerhalb-der-westlichen-mainstream-medien-bereitet-selenskij-grosse-sorgen\/","title":{"rendered":"Der neuste Trend innerhalb der westlichen Mainstream-Medien bereitet Selenskij gro\u00dfe Sorgen"},"content":{"rendered":"<p><img decoding=\"async\" src=\"http:\/\/just-now.news\/de\/wp-content\/uploads\/sites\/3\/2024\/01\/659e3a71b480cc74b241d222.jpg\" \/><\/p>\n<div class=\"Text-root Text-type_1 \">\n                Es ist unwahrscheinlich, dass die Medien den Zensurforderungen von Selenskij nachkommen werden. Denn die entscheidende Ver\u00e4nderung im Narrativ des Westens \u00fcber den Ukraine-Konflikt findet nicht mehr auf demselben Niveau statt, wie das in den vergangenen Jahren der Fall war.\n            <\/div>\n<p><\/p>\n<div class=\"Text-root Text-type_5 ArticleView-text ViewText-root \">\n<p><em>Von Andrew Korybko<\/em><\/p>\n<p><strong><\/strong>Selenskij sieht sich offensichtlich einem heftigen Gegenwind <a rel=\"nofollow noopener\" target=\"_blank\" href=\"https:\/\/thealtworld.com\/andrew_korybko\/natos-proxy-war-on-russia-through-ukraine-appears-to-be-winding-down\">ausgesetzt<\/a>, nachdem sich die westliche Darstellung in den Medien \u00fcber den Konflikt in der Ukraine \u2013 nach der gescheiterten Gegenoffensive im vergangenen Sommer \u2013 entscheidend ver\u00e4ndert hat. Deshalb fordert er neuerdings, dass die Geheimdienste die Medien zensieren sollten, um das zu bek\u00e4mpfen, was er als &#8220;russische Desinformation&#8221; bezeichnet. Dies ist genau das, was er laut der offiziellen Webseite seines Pr\u00e4sidialamtes am vergangenen Sonntag bei\u00a0der in Schweden abgehaltenen Konferenz &#8220;Gesellschaft und Verteidigung&#8221; <a rel=\"nofollow noopener\" target=\"_blank\" href=\"https:\/\/www.president.gov.ua\/en\/news\/protidiya-rosijskij-propagandi-u-sviti-ta-nedopushennya-obho-88105\">sagte<\/a>. Auf eine Frage des Moderators der Veranstaltung antwortete der ukrainische Pr\u00e4sident, dass die globale Informationspolitik in naher Zukunft von entscheidender Bedeutung sein werde.<\/p>\n<blockquote>\n<p><strong><\/strong><em>&#8220;Leider kontrolliert Russland heute einen gro\u00dfen Teil des Informationsraums. Und ich spreche hier nicht nur von der Ukraine, sondern von den sozialen Medien \u00fcberall in der zivilisierten Welt. In Europa, den Vereinigten Staaten, Gro\u00dfbritannien, dem afrikanischen Kontinent und Lateinamerika. Russland investiert viel Geld in verschiedene Medien in vielen L\u00e4ndern sowie in soziale Netzwerke.&#8221;<\/em><\/p>\n<\/blockquote>\n<p><strong><\/strong>Laut dem ukrainischen Pr\u00e4sidenten greifen die unabh\u00e4ngigen Medien in den genannten Staaten und Regionen, die von Propagandisten verbreiteten russischen Narrative auf und verbreiten sie nicht als Meinung weiter, sondern als Realit\u00e4t. Daher zeigte sich Selenskij davon \u00fcberzeugt, dass eine der schwierigsten Herausforderungen derzeit darin bestehe, die russische Desinformation in der Welt zu bek\u00e4mpfen. &#8220;Es liegt an den Fachleuten, jene beim Geheimdienst bis hin zu den unabh\u00e4ngigen Journalisten, die Sache zu \u00fcberwachen und ihr entgegenzutreten&#8221;, sagte Selenskij.<\/p>\n<p><strong><\/strong>Wenn man das, was er gesagt hat, im Detail analysiert, f\u00e4llt als Erstes sein Eingest\u00e4ndnis auf, dass Russland auf der ganzen Welt mehr Herzen und Ansichten f\u00fcr sich gewinnen konnte als der Westen, selbst in seinem eigenen Land. Sein Verweis auf die angebliche &#8220;Kontrolle eines gro\u00dfen Teils des Informationsraums&#8221; in der Ukraine ist wahrscheinlich eine Anspielung auf das, wovor er Ende November in Bezug auf die angeblichen Pl\u00e4ne zur Inszenierung eines &#8220;dritten Maidans&#8221; <a rel=\"nofollow noopener\" target=\"_blank\" href=\"https:\/\/korybko.substack.com\/p\/zelensky-is-desperate-to-preemptively\">gewarnt<\/a> hatte. In Wirklichkeit versuchte Selenskij jedoch lediglich, bevorstehende Proteste seiner Rivalen pr\u00e4ventiv zu diskreditieren.<\/p>\n<p><strong><\/strong>Bemerkenswert ist zudem die auff\u00e4llige Auslassung Asiens aus der von ihm als &#8220;zivilisiert&#8221;\u00a0bezeichneten\u00a0Welt. Selenskij ist wahrscheinlich w\u00fctend dar\u00fcber, dass Schwergewichte wie China, Indien, Saudi-Arabien und die T\u00fcrkei sich geweigert haben, ihre objektiven nationalen Interessen zu opfern, indem sie den antirussischen Sanktionen des Westens folgten. Aber auch kein afrikanisches oder lateinamerikanisches Land ist diesen Sanktionen nachgekommen. Hingegen hat die Ukraine in letzter Zeit diplomatische Vorst\u00f6\u00dfe in diesen Teilen der Welt unternommen, weshalb er sie nicht als &#8220;unzivilisiert&#8221; verunglimpfen wollte.<\/p>\n<p><strong><\/strong>Im weiteren Verlauf erweckte Selenskij den Eindruck, dass Russland mehr Geld in seine angeblichen Operationen im Ausland investiert hat, um dort die Meinungen zu beeinflussen, als alle anderen globalen Akteure. Tatsache ist jedoch, dass die US-Agentur f\u00fcr globale Medien vergangenes Jahr 840 Millionen US-Dollar an F\u00f6rdermitteln <a rel=\"nofollow noopener\" target=\"_blank\" href=\"https:\/\/www.usaid.gov\/sites\/default\/files\/2022-05\/FY2023-Congressional-Budget-Justification.pdf\">erhalten<\/a> hat, w\u00e4hrend beispielsweise <em>RT<\/em> lediglich 288 Millionen US-Dollar vom russischen Staat erhielt \u2013 gemessen am heutigen Wechselkurs. Ersteres findet sich auf Seite 68 des Berichts des US-Au\u00dfenministeriums zur Rechtfertigung des Haushalts f\u00fcr das Jahr 2023. W\u00e4hrend der zweite Fakt aus einem Bericht einer antirussischen Webseite <a rel=\"nofollow noopener\" target=\"_blank\" href=\"https:\/\/www.debunk.org\/kremlin-spent-1-9-billion-usd-on-propaganda-last-year-the-budget-exceeded-by-a-quarter#:~:text=In%202023%20RT%20has%20been%20allocated%2026.3%20billion%20RUB,%20from%20the%20federal%20budget%20which%20is%20a%20considerably%20smaller%20amount%20than%20in%20the%20previous%20year%20(28.7%20billion%20RUB).\">stammt<\/a>, in dem die Finanzierung von medialen und kommunikativen Bestrebungen des russischen Staates analysiert wurde.<\/p>\n<p><strong><\/strong>Ein weiterer Punkt ist, dass der ukrainische Staatschef die multipolare Weltanschauung, die den Zeitgeist unserer \u00c4ra darstellt, mit der sogenannten &#8220;russischen Propaganda&#8221; vermischt. Dabei handelt es sich um eine g\u00e4ngige narrative Taktik, mit der ein globaler Systemwandel diskreditiert werden soll. Obwohl es heutzutage viel schwieriger geworden ist, diese Taktik durchzusetzen, nachdem selbst UN-Generalsekret\u00e4r Guterres diesen Prozess im vergangenen Sommer offiziell <a rel=\"nofollow noopener\" target=\"_blank\" href=\"https:\/\/news.un.org\/en\/story\/2023\/07\/1138947\">anerkannt<\/a> hat. Ohne es zu wollen, vertraute Guterres auf die Beobachtungen russlandfreundlicher Experten, und ver\u00e4rgerte damit Selenskij.<\/p>\n<p><strong><\/strong>Schlie\u00dflich forderte der ukrainische Pr\u00e4sident, dass die Geheimdienste die Medien \u00fcberwachen und zensieren sollten, weil der globale S\u00fcden und eine wachsende Zahl von Menschen im Westen \u2013 und sogar in der Ukraine \u2013 das multipolare Paradigma willkommen hei\u00dfen. Ein Paradigma, das von Russland vertreten wird, obwohl die USA wesentlich mehr Aufwand in die globale Meinungsbeeinflussung investieren. Die G\u00f6nner von Selenskij tun dies in gro\u00dfem Umfang, aber tats\u00e4chlich ist es diesen Bestrebungen zu verdanken, dass sich das westliche Narrativ zum Ukraine-Konflikt, nach der gescheiterten Gegenoffensive im vergangenen Sommer, entscheidend ver\u00e4ndert hat.<\/p>\n<p><strong><\/strong>Selenskij scheint noch nicht bemerkt zu haben, dass er seine G\u00f6nner ver\u00e4rgert hat. Obwohl ein Experte der einflussreichen Denkfabrik Atlantic Council vergangenen Monat in einem Artikel f\u00fcr <em>Politico<\/em>\u00a0<a rel=\"nofollow noopener\" target=\"_blank\" href=\"https:\/\/www.politico.eu\/article\/ukraine-volodymyr-zelenskyy-needs-a-government-of-national-unity\/\">forderte<\/a>, dass er so schnell wie m\u00f6glich eine &#8220;Regierung der nationalen Einheit&#8221; bilden solle, um effektiv handeln zu k\u00f6nnen bei der Bew\u00e4ltigung der sich zunehmenden Versch\u00e4rfung innenpolitischer Probleme. Die Versuche der westlichen Medien, einen Waffenstillstand als Sieg f\u00fcr die Ukraine darzustellen \u2013 ebenso wie die anschlie\u00dfenden Friedensgespr\u00e4che mit Russland \u2013, dienen dem Zweck, Selenskij durch die Blume die Botschaft zu vermitteln, dass es an der Zeit ist, Kompromisse einzugehen.<\/p>\n<p><strong><\/strong>Was das Ganze noch schlimmer macht, ist die Schlagzeile: &#8220;Die <em>New York Times<\/em> hat gerade das staatlich finanzierte Nachrichtenprogramm der Ukraine diskreditiert.&#8221; Diese war\u00a0<a rel=\"nofollow noopener\" target=\"_blank\" href=\"https:\/\/archive.is\/as0d5\">ver\u00f6ffentlicht<\/a> worden, bevor Selenskij andeutete, dass jeder auf der Welt, der seine messianische Wahnvorstellung vom maximalistischen Sieg \u00fcber Russland nicht unterst\u00fctzt, von der Propaganda Russlands beeinflusst worden sei. Die Realit\u00e4t hingegen ist, dass er derjenige ist, der eine solche Propaganda verbreitet. Und dass sogar eines der f\u00fchrenden Medien seiner westlichen G\u00f6nner ihm sagen musste, dass er diese Propaganda aufgeben sollte, wenn er das bisschen Glaubw\u00fcrdigkeit, das ihm noch verblieben ist, retten will.<\/p>\n<p><strong><\/strong>Vor diesem Hintergrund wird seiner Forderung, die Geheimdienste\u00a0sollten die Medien zensieren, nicht nachgekommen werden. Die entscheidende Verschiebung in der Berichterstattung \u00fcber den Konflikt in der Ukraine h\u00e4tte stattfinden k\u00f6nnen, ohne dass die im Schatten agierende Gemeinschaft der Geheimdienste involviert gewesen w\u00e4re. Das hei\u00dft nicht, dass man nicht noch st\u00e4rker gegen die Gemeinschaft der alternativen Medien vorgehen wird, sondern nur, dass was auch immer getan wird, es nichts an dem neuesten Trend innerhalb der Medien des Mainstreams \u00e4ndern wird. Und das bereitet Selenskij gro\u00dfe Sorgen.<\/p>\n<p><strong><\/strong><em>Aus dem <a rel=\"nofollow noopener\" target=\"_blank\" href=\"https:\/\/korybko.substack.com\/p\/zelensky-demanded-that-intelligence\">Englischen<\/a>.<\/em><\/p>\n<p><em><strong><\/strong>Andrew Korybko ist ein in Moskau ans\u00e4ssiger amerikanischer Politologe, der sich auf die US-Strategie in Afrika und Eurasien sowie auf Chinas Belt &amp; Road-Initiative, Russlands geopolitischen Balanceakt und hybride Kriegsf\u00fchrung spezialisiert hat.<\/em><\/p>\n<p><strong>Mehr zum Thema &#8211;<\/strong>\u00a0<a rel=\"nofollow noopener\" target=\"_blank\" href=\"https:\/\/freedert.online\/schweiz\/192124-ukrainischer-praesident-selenskij-plant-besuch\/\">Ukrainischer Pr\u00e4sident Selenskij plant Besuch beim Weltwirtschaftsforum in der Schweiz<\/a><\/p>\n<\/div>\n<p><br \/>\n<br \/><a href=\"https:\/\/de.rt.com\/russland\/192272-neuste-trend-innerhalb-westlichen-mainstream\/\">Source link <\/a><\/p>\n","protected":false},"excerpt":{"rendered":"<p>Es ist unwahrscheinlich, dass die Medien den Zensurforderungen von Selenskij nachkommen werden. Denn die entscheidende Ver\u00e4nderung im Narrativ des Westens \u00fcber den Ukraine-Konflikt findet nicht mehr auf demselben Niveau statt, wie das in den vergangenen Jahren der Fall war. Von Andrew Korybko Selenskij sieht sich offensichtlich einem heftigen Gegenwind ausgesetzt, nachdem sich die westliche Darstellung [&hellip;]<\/p>\n","protected":false},"author":3,"featured_media":53013,"comment_status":"open","ping_status":"open","sticky":false,"template":"","format":"standard","meta":{"_yoast_indexnow_last_ping":["1704917258"],"wp_automatic_camp":["217"],"47ae7112902e94c6798cced276c5426c":["Der neuste Trend innerhalb der westlichen Mainstream-Medien bereitet Selenskij gro\u00dfe Sorgen"],"original_link":["https:\/\/de.rt.com\/russland\/192272-neuste-trend-innerhalb-westlichen-mainstream\/"],"_thumbnail_id":["53013"],"jnews_social_counter_last_update":["1777313753"],"_wptgpro_p2tg_sent2tg":["a:1:{i:23737;s:19:\"2024-01-10 22:09:27\";}"]},"categories":[19,23],"tags":[8549,82,2830,3631,21625,52338,6158,23659,4071,712],"yoast_head":"<!-- This site is optimized with the Yoast SEO Premium plugin v22.7 (Yoast SEO v22.7) - https:\/\/yoast.com\/wordpress\/plugins\/seo\/ -->\n<title>Der neuste Trend innerhalb der westlichen Mainstream-Medien bereitet Selenskij gro\u00dfe Sorgen - just-now.NEWS Deutschland<\/title>\n<meta name=\"robots\" content=\"index, follow, max-snippet:-1, max-image-preview:large, max-video-preview:-1\" \/>\n<link rel=\"canonical\" href=\"https:\/\/now-news.de\/de\/deutschland\/der-neuste-trend-innerhalb-der-westlichen-mainstream-medien-bereitet-selenskij-grosse-sorgen\/\" \/>\n<meta property=\"og:locale\" content=\"de_DE\" \/>\n<meta property=\"og:type\" content=\"article\" \/>\n<meta property=\"og:title\" content=\"Der neuste Trend innerhalb der westlichen Mainstream-Medien bereitet Selenskij gro\u00dfe Sorgen\" \/>\n<meta property=\"og:description\" content=\"Es ist unwahrscheinlich, dass die Medien den Zensurforderungen von Selenskij nachkommen werden. Denn die entscheidende Ver\u00e4nderung im Narrativ des Westens \u00fcber den Ukraine-Konflikt findet nicht mehr auf demselben Niveau statt, wie das in den vergangenen Jahren der Fall war. Von Andrew Korybko Selenskij sieht sich offensichtlich einem heftigen Gegenwind ausgesetzt, nachdem sich die westliche Darstellung [&hellip;]\" \/>\n<meta property=\"og:url\" content=\"https:\/\/now-news.de\/de\/deutschland\/der-neuste-trend-innerhalb-der-westlichen-mainstream-medien-bereitet-selenskij-grosse-sorgen\/\" \/>\n<meta property=\"og:site_name\" content=\"just-now.NEWS Deutschland\" \/>\n<meta property=\"article:publisher\" content=\"https:\/\/www.facebook.com\/wirmachenauf\" \/>\n<meta property=\"article:published_time\" content=\"2024-01-10T19:59:44+00:00\" \/>\n<meta property=\"og:image\" content=\"https:\/\/now-news.de\/de\/wp-content\/uploads\/sites\/3\/2024\/01\/Der-neuste-Trend-innerhalb-der-westlichen-Mainstream-Medien-bereitet-Selenskij-grosse.jpg\" \/>\n\t<meta property=\"og:image:width\" content=\"460\" \/>\n\t<meta property=\"og:image:height\" content=\"259\" \/>\n\t<meta property=\"og:image:type\" content=\"image\/jpeg\" \/>\n<meta name=\"author\" content=\"rtnews\" \/>\n<meta name=\"twitter:card\" content=\"summary_large_image\" \/>\n<meta name=\"twitter:creator\" content=\"@WirMachenAuf_de\" \/>\n<meta name=\"twitter:site\" content=\"@WirMachenAuf_de\" \/>\n<meta name=\"twitter:label1\" content=\"Verfasst von\" \/>\n\t<meta name=\"twitter:data1\" content=\"rtnews\" \/>\n\t<meta name=\"twitter:label2\" content=\"Gesch\u00e4tzte Lesezeit\" \/>\n\t<meta name=\"twitter:data2\" content=\"6\u00a0Minuten\" \/>\n<script type=\"application\/ld+json\" class=\"yoast-schema-graph\">{\"@context\":\"https:\/\/schema.org\",\"@graph\":[{\"@type\":\"Article\",\"@id\":\"https:\/\/now-news.de\/de\/deutschland\/der-neuste-trend-innerhalb-der-westlichen-mainstream-medien-bereitet-selenskij-grosse-sorgen\/#article\",\"isPartOf\":{\"@id\":\"https:\/\/now-news.de\/de\/deutschland\/der-neuste-trend-innerhalb-der-westlichen-mainstream-medien-bereitet-selenskij-grosse-sorgen\/\"},\"author\":{\"name\":\"rtnews\",\"@id\":\"https:\/\/now-news.de\/de\/#\/schema\/person\/fb534a4e865501d8b3285208df34a9b5\"},\"headline\":\"Der neuste Trend innerhalb der westlichen Mainstream-Medien bereitet Selenskij gro\u00dfe Sorgen\",\"datePublished\":\"2024-01-10T19:59:44+00:00\",\"dateModified\":\"2024-01-10T19:59:44+00:00\",\"mainEntityOfPage\":{\"@id\":\"https:\/\/now-news.de\/de\/deutschland\/der-neuste-trend-innerhalb-der-westlichen-mainstream-medien-bereitet-selenskij-grosse-sorgen\/\"},\"wordCount\":1113,\"commentCount\":0,\"publisher\":{\"@id\":\"https:\/\/now-news.de\/de\/#organization\"},\"image\":{\"@id\":\"https:\/\/now-news.de\/de\/deutschland\/der-neuste-trend-innerhalb-der-westlichen-mainstream-medien-bereitet-selenskij-grosse-sorgen\/#primaryimage\"},\"thumbnailUrl\":\"https:\/\/now-news.de\/de\/wp-content\/uploads\/sites\/3\/2024\/01\/Der-neuste-Trend-innerhalb-der-westlichen-Mainstream-Medien-bereitet-Selenskij-grosse.jpg\",\"keywords\":[\"bereitet\",\"der\",\"Gro\u00dfe\",\"innerhalb\",\"MainstreamMedien\",\"neuste\",\"Selenskij\",\"sorgen\",\"trend\",\"westlichen\"],\"articleSection\":[\"Deutschland\",\"Russland\"],\"inLanguage\":\"de\",\"potentialAction\":[{\"@type\":\"CommentAction\",\"name\":\"Comment\",\"target\":[\"https:\/\/now-news.de\/de\/deutschland\/der-neuste-trend-innerhalb-der-westlichen-mainstream-medien-bereitet-selenskij-grosse-sorgen\/#respond\"]}]},{\"@type\":\"WebPage\",\"@id\":\"https:\/\/now-news.de\/de\/deutschland\/der-neuste-trend-innerhalb-der-westlichen-mainstream-medien-bereitet-selenskij-grosse-sorgen\/\",\"url\":\"https:\/\/now-news.de\/de\/deutschland\/der-neuste-trend-innerhalb-der-westlichen-mainstream-medien-bereitet-selenskij-grosse-sorgen\/\",\"name\":\"Der neuste Trend innerhalb der westlichen Mainstream-Medien bereitet Selenskij gro\u00dfe Sorgen - just-now.NEWS Deutschland\",\"isPartOf\":{\"@id\":\"https:\/\/now-news.de\/de\/#website\"},\"primaryImageOfPage\":{\"@id\":\"https:\/\/now-news.de\/de\/deutschland\/der-neuste-trend-innerhalb-der-westlichen-mainstream-medien-bereitet-selenskij-grosse-sorgen\/#primaryimage\"},\"image\":{\"@id\":\"https:\/\/now-news.de\/de\/deutschland\/der-neuste-trend-innerhalb-der-westlichen-mainstream-medien-bereitet-selenskij-grosse-sorgen\/#primaryimage\"},\"thumbnailUrl\":\"https:\/\/now-news.de\/de\/wp-content\/uploads\/sites\/3\/2024\/01\/Der-neuste-Trend-innerhalb-der-westlichen-Mainstream-Medien-bereitet-Selenskij-grosse.jpg\",\"datePublished\":\"2024-01-10T19:59:44+00:00\",\"dateModified\":\"2024-01-10T19:59:44+00:00\",\"breadcrumb\":{\"@id\":\"https:\/\/now-news.de\/de\/deutschland\/der-neuste-trend-innerhalb-der-westlichen-mainstream-medien-bereitet-selenskij-grosse-sorgen\/#breadcrumb\"},\"inLanguage\":\"de\",\"potentialAction\":[{\"@type\":\"ReadAction\",\"target\":[\"https:\/\/now-news.de\/de\/deutschland\/der-neuste-trend-innerhalb-der-westlichen-mainstream-medien-bereitet-selenskij-grosse-sorgen\/\"]}]},{\"@type\":\"ImageObject\",\"inLanguage\":\"de\",\"@id\":\"https:\/\/now-news.de\/de\/deutschland\/der-neuste-trend-innerhalb-der-westlichen-mainstream-medien-bereitet-selenskij-grosse-sorgen\/#primaryimage\",\"url\":\"https:\/\/now-news.de\/de\/wp-content\/uploads\/sites\/3\/2024\/01\/Der-neuste-Trend-innerhalb-der-westlichen-Mainstream-Medien-bereitet-Selenskij-grosse.jpg\",\"contentUrl\":\"https:\/\/now-news.de\/de\/wp-content\/uploads\/sites\/3\/2024\/01\/Der-neuste-Trend-innerhalb-der-westlichen-Mainstream-Medien-bereitet-Selenskij-grosse.jpg\",\"width\":460,\"height\":259,\"caption\":\"Der neuste Trend innerhalb der westlichen Mainstream-Medien bereitet Selenskij gro\u00dfe Sorgen\"},{\"@type\":\"BreadcrumbList\",\"@id\":\"https:\/\/now-news.de\/de\/deutschland\/der-neuste-trend-innerhalb-der-westlichen-mainstream-medien-bereitet-selenskij-grosse-sorgen\/#breadcrumb\",\"itemListElement\":[{\"@type\":\"ListItem\",\"position\":1,\"name\":\"Home\",\"item\":\"https:\/\/now-news.de\/de\/\"},{\"@type\":\"ListItem\",\"position\":2,\"name\":\"Der neuste Trend innerhalb der westlichen Mainstream-Medien bereitet Selenskij gro\u00dfe Sorgen\"}]},{\"@type\":\"WebSite\",\"@id\":\"https:\/\/now-news.de\/de\/#website\",\"url\":\"https:\/\/now-news.de\/de\/\",\"name\":\"just-now.NEWS Deutschland\",\"description\":\"Das Portal f\u00fcr unzensierte Nachrichten aus der Welt\",\"publisher\":{\"@id\":\"https:\/\/now-news.de\/de\/#organization\"},\"potentialAction\":[{\"@type\":\"SearchAction\",\"target\":{\"@type\":\"EntryPoint\",\"urlTemplate\":\"https:\/\/now-news.de\/de\/?s={search_term_string}\"},\"query-input\":\"required name=search_term_string\"}],\"inLanguage\":\"de\"},{\"@type\":\"Organization\",\"@id\":\"https:\/\/now-news.de\/de\/#organization\",\"name\":\"Just Now News\",\"url\":\"https:\/\/now-news.de\/de\/\",\"logo\":{\"@type\":\"ImageObject\",\"inLanguage\":\"de\",\"@id\":\"https:\/\/now-news.de\/de\/#\/schema\/logo\/image\/\",\"url\":\"http:\/\/just-now.news\/de\/wp-content\/uploads\/sites\/3\/2022\/04\/logo500x500.jpg\",\"contentUrl\":\"http:\/\/just-now.news\/de\/wp-content\/uploads\/sites\/3\/2022\/04\/logo500x500.jpg\",\"width\":500,\"height\":500,\"caption\":\"Just Now News\"},\"image\":{\"@id\":\"https:\/\/now-news.de\/de\/#\/schema\/logo\/image\/\"},\"sameAs\":[\"https:\/\/www.facebook.com\/wirmachenauf\",\"https:\/\/x.com\/WirMachenAuf_de\"]},{\"@type\":\"Person\",\"@id\":\"https:\/\/now-news.de\/de\/#\/schema\/person\/fb534a4e865501d8b3285208df34a9b5\",\"name\":\"rtnews\",\"image\":{\"@type\":\"ImageObject\",\"inLanguage\":\"de\",\"@id\":\"https:\/\/now-news.de\/de\/#\/schema\/person\/image\/\",\"url\":\"https:\/\/secure.gravatar.com\/avatar\/82aafea7d8127119dd649515f56e2117?s=96&d=mm&r=g\",\"contentUrl\":\"https:\/\/secure.gravatar.com\/avatar\/82aafea7d8127119dd649515f56e2117?s=96&d=mm&r=g\",\"caption\":\"rtnews\"},\"url\":\"https:\/\/now-news.de\/de\/author\/rnews\/\"}]}<\/script>\n<!-- \/ Yoast SEO Premium plugin. -->","yoast_head_json":{"title":"Der neuste Trend innerhalb der westlichen Mainstream-Medien bereitet Selenskij gro\u00dfe Sorgen - just-now.NEWS Deutschland","robots":{"index":"index","follow":"follow","max-snippet":"max-snippet:-1","max-image-preview":"max-image-preview:large","max-video-preview":"max-video-preview:-1"},"canonical":"https:\/\/now-news.de\/de\/deutschland\/der-neuste-trend-innerhalb-der-westlichen-mainstream-medien-bereitet-selenskij-grosse-sorgen\/","og_locale":"de_DE","og_type":"article","og_title":"Der neuste Trend innerhalb der westlichen Mainstream-Medien bereitet Selenskij gro\u00dfe Sorgen","og_description":"Es ist unwahrscheinlich, dass die Medien den Zensurforderungen von Selenskij nachkommen werden. Denn die entscheidende Ver\u00e4nderung im Narrativ des Westens \u00fcber den Ukraine-Konflikt findet nicht mehr auf demselben Niveau statt, wie das in den vergangenen Jahren der Fall war. Von Andrew Korybko Selenskij sieht sich offensichtlich einem heftigen Gegenwind ausgesetzt, nachdem sich die westliche Darstellung [&hellip;]","og_url":"https:\/\/now-news.de\/de\/deutschland\/der-neuste-trend-innerhalb-der-westlichen-mainstream-medien-bereitet-selenskij-grosse-sorgen\/","og_site_name":"just-now.NEWS Deutschland","article_publisher":"https:\/\/www.facebook.com\/wirmachenauf","article_published_time":"2024-01-10T19:59:44+00:00","og_image":[{"width":460,"height":259,"url":"https:\/\/now-news.de\/de\/wp-content\/uploads\/sites\/3\/2024\/01\/Der-neuste-Trend-innerhalb-der-westlichen-Mainstream-Medien-bereitet-Selenskij-grosse.jpg","type":"image\/jpeg"}],"author":"rtnews","twitter_card":"summary_large_image","twitter_creator":"@WirMachenAuf_de","twitter_site":"@WirMachenAuf_de","twitter_misc":{"Verfasst von":"rtnews","Gesch\u00e4tzte Lesezeit":"6\u00a0Minuten"},"schema":{"@context":"https:\/\/schema.org","@graph":[{"@type":"Article","@id":"https:\/\/now-news.de\/de\/deutschland\/der-neuste-trend-innerhalb-der-westlichen-mainstream-medien-bereitet-selenskij-grosse-sorgen\/#article","isPartOf":{"@id":"https:\/\/now-news.de\/de\/deutschland\/der-neuste-trend-innerhalb-der-westlichen-mainstream-medien-bereitet-selenskij-grosse-sorgen\/"},"author":{"name":"rtnews","@id":"https:\/\/now-news.de\/de\/#\/schema\/person\/fb534a4e865501d8b3285208df34a9b5"},"headline":"Der neuste Trend innerhalb der westlichen Mainstream-Medien bereitet Selenskij gro\u00dfe Sorgen","datePublished":"2024-01-10T19:59:44+00:00","dateModified":"2024-01-10T19:59:44+00:00","mainEntityOfPage":{"@id":"https:\/\/now-news.de\/de\/deutschland\/der-neuste-trend-innerhalb-der-westlichen-mainstream-medien-bereitet-selenskij-grosse-sorgen\/"},"wordCount":1113,"commentCount":0,"publisher":{"@id":"https:\/\/now-news.de\/de\/#organization"},"image":{"@id":"https:\/\/now-news.de\/de\/deutschland\/der-neuste-trend-innerhalb-der-westlichen-mainstream-medien-bereitet-selenskij-grosse-sorgen\/#primaryimage"},"thumbnailUrl":"https:\/\/now-news.de\/de\/wp-content\/uploads\/sites\/3\/2024\/01\/Der-neuste-Trend-innerhalb-der-westlichen-Mainstream-Medien-bereitet-Selenskij-grosse.jpg","keywords":["bereitet","der","Gro\u00dfe","innerhalb","MainstreamMedien","neuste","Selenskij","sorgen","trend","westlichen"],"articleSection":["Deutschland","Russland"],"inLanguage":"de","potentialAction":[{"@type":"CommentAction","name":"Comment","target":["https:\/\/now-news.de\/de\/deutschland\/der-neuste-trend-innerhalb-der-westlichen-mainstream-medien-bereitet-selenskij-grosse-sorgen\/#respond"]}]},{"@type":"WebPage","@id":"https:\/\/now-news.de\/de\/deutschland\/der-neuste-trend-innerhalb-der-westlichen-mainstream-medien-bereitet-selenskij-grosse-sorgen\/","url":"https:\/\/now-news.de\/de\/deutschland\/der-neuste-trend-innerhalb-der-westlichen-mainstream-medien-bereitet-selenskij-grosse-sorgen\/","name":"Der neuste Trend innerhalb der westlichen Mainstream-Medien bereitet Selenskij gro\u00dfe Sorgen - just-now.NEWS Deutschland","isPartOf":{"@id":"https:\/\/now-news.de\/de\/#website"},"primaryImageOfPage":{"@id":"https:\/\/now-news.de\/de\/deutschland\/der-neuste-trend-innerhalb-der-westlichen-mainstream-medien-bereitet-selenskij-grosse-sorgen\/#primaryimage"},"image":{"@id":"https:\/\/now-news.de\/de\/deutschland\/der-neuste-trend-innerhalb-der-westlichen-mainstream-medien-bereitet-selenskij-grosse-sorgen\/#primaryimage"},"thumbnailUrl":"https:\/\/now-news.de\/de\/wp-content\/uploads\/sites\/3\/2024\/01\/Der-neuste-Trend-innerhalb-der-westlichen-Mainstream-Medien-bereitet-Selenskij-grosse.jpg","datePublished":"2024-01-10T19:59:44+00:00","dateModified":"2024-01-10T19:59:44+00:00","breadcrumb":{"@id":"https:\/\/now-news.de\/de\/deutschland\/der-neuste-trend-innerhalb-der-westlichen-mainstream-medien-bereitet-selenskij-grosse-sorgen\/#breadcrumb"},"inLanguage":"de","potentialAction":[{"@type":"ReadAction","target":["https:\/\/now-news.de\/de\/deutschland\/der-neuste-trend-innerhalb-der-westlichen-mainstream-medien-bereitet-selenskij-grosse-sorgen\/"]}]},{"@type":"ImageObject","inLanguage":"de","@id":"https:\/\/now-news.de\/de\/deutschland\/der-neuste-trend-innerhalb-der-westlichen-mainstream-medien-bereitet-selenskij-grosse-sorgen\/#primaryimage","url":"https:\/\/now-news.de\/de\/wp-content\/uploads\/sites\/3\/2024\/01\/Der-neuste-Trend-innerhalb-der-westlichen-Mainstream-Medien-bereitet-Selenskij-grosse.jpg","contentUrl":"https:\/\/now-news.de\/de\/wp-content\/uploads\/sites\/3\/2024\/01\/Der-neuste-Trend-innerhalb-der-westlichen-Mainstream-Medien-bereitet-Selenskij-grosse.jpg","width":460,"height":259,"caption":"Der neuste Trend innerhalb der westlichen Mainstream-Medien bereitet Selenskij gro\u00dfe Sorgen"},{"@type":"BreadcrumbList","@id":"https:\/\/now-news.de\/de\/deutschland\/der-neuste-trend-innerhalb-der-westlichen-mainstream-medien-bereitet-selenskij-grosse-sorgen\/#breadcrumb","itemListElement":[{"@type":"ListItem","position":1,"name":"Home","item":"https:\/\/now-news.de\/de\/"},{"@type":"ListItem","position":2,"name":"Der neuste Trend innerhalb der westlichen Mainstream-Medien bereitet Selenskij gro\u00dfe Sorgen"}]},{"@type":"WebSite","@id":"https:\/\/now-news.de\/de\/#website","url":"https:\/\/now-news.de\/de\/","name":"just-now.NEWS Deutschland","description":"Das Portal f\u00fcr unzensierte Nachrichten aus der Welt","publisher":{"@id":"https:\/\/now-news.de\/de\/#organization"},"potentialAction":[{"@type":"SearchAction","target":{"@type":"EntryPoint","urlTemplate":"https:\/\/now-news.de\/de\/?s={search_term_string}"},"query-input":"required name=search_term_string"}],"inLanguage":"de"},{"@type":"Organization","@id":"https:\/\/now-news.de\/de\/#organization","name":"Just Now News","url":"https:\/\/now-news.de\/de\/","logo":{"@type":"ImageObject","inLanguage":"de","@id":"https:\/\/now-news.de\/de\/#\/schema\/logo\/image\/","url":"http:\/\/just-now.news\/de\/wp-content\/uploads\/sites\/3\/2022\/04\/logo500x500.jpg","contentUrl":"http:\/\/just-now.news\/de\/wp-content\/uploads\/sites\/3\/2022\/04\/logo500x500.jpg","width":500,"height":500,"caption":"Just Now News"},"image":{"@id":"https:\/\/now-news.de\/de\/#\/schema\/logo\/image\/"},"sameAs":["https:\/\/www.facebook.com\/wirmachenauf","https:\/\/x.com\/WirMachenAuf_de"]},{"@type":"Person","@id":"https:\/\/now-news.de\/de\/#\/schema\/person\/fb534a4e865501d8b3285208df34a9b5","name":"rtnews","image":{"@type":"ImageObject","inLanguage":"de","@id":"https:\/\/now-news.de\/de\/#\/schema\/person\/image\/","url":"https:\/\/secure.gravatar.com\/avatar\/82aafea7d8127119dd649515f56e2117?s=96&d=mm&r=g","contentUrl":"https:\/\/secure.gravatar.com\/avatar\/82aafea7d8127119dd649515f56e2117?s=96&d=mm&r=g","caption":"rtnews"},"url":"https:\/\/now-news.de\/de\/author\/rnews\/"}]}},"_links":{"self":[{"href":"https:\/\/now-news.de\/de\/wp-json\/wp\/v2\/posts\/53012"}],"collection":[{"href":"https:\/\/now-news.de\/de\/wp-json\/wp\/v2\/posts"}],"about":[{"href":"https:\/\/now-news.de\/de\/wp-json\/wp\/v2\/types\/post"}],"author":[{"embeddable":true,"href":"https:\/\/now-news.de\/de\/wp-json\/wp\/v2\/users\/3"}],"replies":[{"embeddable":true,"href":"https:\/\/now-news.de\/de\/wp-json\/wp\/v2\/comments?post=53012"}],"version-history":[{"count":0,"href":"https:\/\/now-news.de\/de\/wp-json\/wp\/v2\/posts\/53012\/revisions"}],"wp:featuredmedia":[{"embeddable":true,"href":"https:\/\/now-news.de\/de\/wp-json\/wp\/v2\/media\/53013"}],"wp:attachment":[{"href":"https:\/\/now-news.de\/de\/wp-json\/wp\/v2\/media?parent=53012"}],"wp:term":[{"taxonomy":"category","embeddable":true,"href":"https:\/\/now-news.de\/de\/wp-json\/wp\/v2\/categories?post=53012"},{"taxonomy":"post_tag","embeddable":true,"href":"https:\/\/now-news.de\/de\/wp-json\/wp\/v2\/tags?post=53012"}],"curies":[{"name":"wp","href":"https:\/\/api.w.org\/{rel}","templated":true}]}}