{"id":5296,"date":"2022-04-27T14:42:12","date_gmt":"2022-04-27T12:42:12","guid":{"rendered":"http:\/\/just-now.news\/de\/great-reset\/greatvideos\/straznicy-wolnosci-o-anty-covid-19-jacek-hugo-bader-gw-marcin-tomkiel-24-04-2022-bialystok\/"},"modified":"2022-04-27T14:42:12","modified_gmt":"2022-04-27T12:42:12","slug":"straznicy-wolnosci-o-anty-covid-19-jacek-hugo-bader-gw-marcin-tomkiel-24-04-2022-bialystok","status":"publish","type":"post","link":"https:\/\/now-news.de\/de\/great-reset\/greatvideos\/straznicy-wolnosci-o-anty-covid-19-jacek-hugo-bader-gw-marcin-tomkiel-24-04-2022-bialystok\/","title":{"rendered":"\u201eStra\u017cnicy wolno\u015bci\u201d o anty COVID 19 Jacek Hugo-Bader (GW), Marcin Tomkiel 24.04.2022 Bia\u0142ystok"},"content":{"rendered":"<p><iframe loading=\"lazy\"  width=\"580\" height=\"385\" src=\"https:\/\/www.youtube.com\/embed\/Mbvw5zR6NKQ?modestbranding=1\" frameborder=\"0\" allowfullscreen><\/iframe><br \/>\n<br \/>https:\/\/www.facebook.com\/events\/516617906480106 Festiwal Literacki &#8220;Na pograniczu kultur&#8221;| Fundacja S\u0105siedzi | \u201eStra\u017cnicy wolno\u015bci\u201d Jacka Hugo-Badera, dziennikarza, reporta\u017cysty, autora m.in. ksi\u0105\u017cek \u201eSkucha\u201d; \u201eAudyt\u201d; \u201eSzama\u0144ska choroba\u201d<br \/>\nprowadzenie: Marcin Tomkiel<br \/>\nPandemie przychodz\u0105 i odchodz\u0105, teorie spiskowe i ich wyznawcy zostaj\u0105. Jacek Hugo-Bader wszed\u0142 im pod sk\u00f3r\u0119.<br \/>\nCzy uda\u0142o mu si\u0119 wynale\u017a\u0107 szczepionk\u0119 na epidemi\u0119 szale\u0144stwa?<br \/>\n????Czy s\u0142yszeli\u015bcie o C19?<br \/>\nNie, to nie jest rakieta balistyczna do przenoszenia g\u0142owic atomowych ani kryptonim gazu bojowego&#8230; C19 to grupa os\u00f3b, kt\u00f3re kwestionuj\u0105 og\u00f3lno\u015bwiatow\u0105 strategi\u0119 walki z chorob\u0105 COVID-19, jedna z najaktywniejszych grup polskich antyszczepionkowc\u00f3w. S\u0105 zadeklarowanymi wyznawcami teorii spiskowych, w tym tej najnowszej, o globalnym zamachu stanu, og\u00f3lno\u015bwiatowym spisku, kt\u00f3rego pocz\u0105tkiem jest zaplanowana przed kilku laty pandemia COVID-19. Ale za nic w \u015bwiecie nie pozwalaj\u0105 nazywa\u0107 siebie antyszczepionkowcami, bo przecie\u017c oni walcz\u0105 o wolno\u015b\u0107, s\u0105 wi\u0119c wolno\u015bciowcami, a nawet &#8211; stra\u017cnikami wolno\u015bci. Kim s\u0105? Co ich \u0142\u0105czy? Jak si\u0119 organizuj\u0105? Komu ufaj\u0105, jak uzasadniaj\u0105 swoje racje? Dlaczego s\u0105 w wi\u0119kszo\u015bci g\u0142\u0119boko wierz\u0105cymi katolikami? Sk\u0105d si\u0119 wzi\u0119\u0142y ich teorie spiskowe o pandemii, zwanej &#8220;plandemi\u0105&#8221;, kt\u00f3r\u0105 obmy\u015blili Lucyferianie, Bill Gates i Klaus Schwab, by do minimum zmniejszy\u0107 populacj\u0119, dokona\u0107 resetu i zacz\u0105\u0107 histori\u0119 ludzko\u015bci od nowa? Jacek Hugo-Bader, najbardziej brawurowy z polskich reporter\u00f3w, zanurza si\u0119 w trzewia tego ruchu i z w\u0142a\u015bciw\u0105 sobie swad\u0105 zdaje nam relacj\u0119 z tego, co tam us\u0142ysza\u0142, zobaczy\u0142 i poczu\u0142, a poczu\u0142 i zdziwienie, i w\u015bciek\u0142o\u015b\u0107, i obezw\u0142adniaj\u0105c\u0105 bezradno\u015b\u0107. Jak sobie z ni\u0105 poradzi\u0107? O tym r\u00f3wnie\u017c jest ta ksi\u0105\u017cka.<br \/>\n<br \/><a href=\"https:\/\/www.youtube.com\/watch?v=Mbvw5zR6NKQ\">source<\/a><\/p>\n","protected":false},"excerpt":{"rendered":"<p>https:\/\/www.facebook.com\/events\/516617906480106 Festiwal Literacki &#8220;Na pograniczu kultur&#8221;| Fundacja S\u0105siedzi | \u201eStra\u017cnicy wolno\u015bci\u201d Jacka Hugo-Badera, dziennikarza, reporta\u017cysty, autora m.in. ksi\u0105\u017cek \u201eSkucha\u201d; \u201eAudyt\u201d; \u201eSzama\u0144ska choroba\u201d prowadzenie: Marcin Tomkiel Pandemie przychodz\u0105 i odchodz\u0105, teorie spiskowe i ich wyznawcy zostaj\u0105. Jacek Hugo-Bader wszed\u0142 im pod sk\u00f3r\u0119. Czy uda\u0142o mu si\u0119 wynale\u017a\u0107 szczepionk\u0119 na epidemi\u0119 szale\u0144stwa? ????Czy s\u0142yszeli\u015bcie o C19? Nie, [&hellip;]<\/p>\n","protected":false},"author":5,"featured_media":5297,"comment_status":"open","ping_status":"open","sticky":false,"template":"","format":"standard","meta":{"wp_automatic_camp":["168"],"dcf04557c271403ce6e362a8ca2878c8":["\u201eStra\u017cnicy wolno\u015bci\u201d o anty COVID 19 Jacek Hugo-Bader (GW), Marcin Tomkiel 24.04.2022 Bia\u0142ystok"],"original_link":["https:\/\/www.youtube.com\/watch?v=Mbvw5zR6NKQ"],"_thumbnail_id":["5297"],"wp_automatic_remove_first_image":["yes"],"jnews_social_counter_last_update":["1777583366"]},"categories":[53],"tags":[14870,14874,14878,730,14875,12443,14876,14871,14872,14877,14873],"yoast_head":"<!-- This site is optimized with the Yoast SEO Premium plugin v22.7 (Yoast SEO v22.7) - https:\/\/yoast.com\/wordpress\/plugins\/seo\/ -->\n<title>\u201eStra\u017cnicy wolno\u015bci\u201d o anty COVID 19 Jacek Hugo-Bader (GW), Marcin Tomkiel 24.04.2022 Bia\u0142ystok - just-now.NEWS Deutschland<\/title>\n<meta name=\"robots\" content=\"index, follow, max-snippet:-1, max-image-preview:large, max-video-preview:-1\" \/>\n<link rel=\"canonical\" href=\"https:\/\/now-news.de\/de\/great-reset\/greatvideos\/straznicy-wolnosci-o-anty-covid-19-jacek-hugo-bader-gw-marcin-tomkiel-24-04-2022-bialystok\/\" \/>\n<meta property=\"og:locale\" content=\"de_DE\" \/>\n<meta property=\"og:type\" content=\"article\" \/>\n<meta property=\"og:title\" content=\"\u201eStra\u017cnicy wolno\u015bci\u201d o anty COVID 19 Jacek Hugo-Bader (GW), Marcin Tomkiel 24.04.2022 Bia\u0142ystok\" \/>\n<meta property=\"og:description\" content=\"https:\/\/www.facebook.com\/events\/516617906480106 Festiwal Literacki &#8220;Na pograniczu kultur&#8221;| Fundacja S\u0105siedzi | \u201eStra\u017cnicy wolno\u015bci\u201d Jacka Hugo-Badera, dziennikarza, reporta\u017cysty, autora m.in. ksi\u0105\u017cek \u201eSkucha\u201d; \u201eAudyt\u201d; \u201eSzama\u0144ska choroba\u201d prowadzenie: Marcin Tomkiel Pandemie przychodz\u0105 i odchodz\u0105, teorie spiskowe i ich wyznawcy zostaj\u0105. Jacek Hugo-Bader wszed\u0142 im pod sk\u00f3r\u0119. Czy uda\u0142o mu si\u0119 wynale\u017a\u0107 szczepionk\u0119 na epidemi\u0119 szale\u0144stwa? ????Czy s\u0142yszeli\u015bcie o C19? Nie, [&hellip;]\" \/>\n<meta property=\"og:url\" content=\"https:\/\/now-news.de\/de\/great-reset\/greatvideos\/straznicy-wolnosci-o-anty-covid-19-jacek-hugo-bader-gw-marcin-tomkiel-24-04-2022-bialystok\/\" \/>\n<meta property=\"og:site_name\" content=\"just-now.NEWS Deutschland\" \/>\n<meta property=\"article:publisher\" content=\"https:\/\/www.facebook.com\/wirmachenauf\" \/>\n<meta property=\"article:published_time\" content=\"2022-04-27T12:42:12+00:00\" \/>\n<meta property=\"og:image\" content=\"https:\/\/now-news.de\/de\/wp-content\/uploads\/sites\/3\/2022\/04\/\u201eStraznicy-wolnosci-o-anty-COVID-19-Jacek-Hugo-Bader-GW-Marcin.jpg\" \/>\n\t<meta property=\"og:image:width\" content=\"1280\" \/>\n\t<meta property=\"og:image:height\" content=\"720\" \/>\n\t<meta property=\"og:image:type\" content=\"image\/jpeg\" \/>\n<meta name=\"author\" content=\"greatreset\" \/>\n<meta name=\"twitter:card\" content=\"summary_large_image\" \/>\n<meta name=\"twitter:creator\" content=\"@WirMachenAuf_de\" \/>\n<meta name=\"twitter:site\" content=\"@WirMachenAuf_de\" \/>\n<meta name=\"twitter:label1\" content=\"Verfasst von\" \/>\n\t<meta name=\"twitter:data1\" content=\"greatreset\" \/>\n\t<meta name=\"twitter:label2\" content=\"Gesch\u00e4tzte Lesezeit\" \/>\n\t<meta name=\"twitter:data2\" content=\"1\u00a0Minute\" \/>\n<script type=\"application\/ld+json\" class=\"yoast-schema-graph\">{\"@context\":\"https:\/\/schema.org\",\"@graph\":[{\"@type\":\"Article\",\"@id\":\"https:\/\/now-news.de\/de\/great-reset\/greatvideos\/straznicy-wolnosci-o-anty-covid-19-jacek-hugo-bader-gw-marcin-tomkiel-24-04-2022-bialystok\/#article\",\"isPartOf\":{\"@id\":\"https:\/\/now-news.de\/de\/great-reset\/greatvideos\/straznicy-wolnosci-o-anty-covid-19-jacek-hugo-bader-gw-marcin-tomkiel-24-04-2022-bialystok\/\"},\"author\":{\"name\":\"greatreset\",\"@id\":\"https:\/\/now-news.de\/de\/#\/schema\/person\/8afb4cd92b68572db7902c13a349ffcb\"},\"headline\":\"\u201eStra\u017cnicy wolno\u015bci\u201d o anty COVID 19 Jacek Hugo-Bader (GW), Marcin Tomkiel 24.04.2022 Bia\u0142ystok\",\"datePublished\":\"2022-04-27T12:42:12+00:00\",\"dateModified\":\"2022-04-27T12:42:12+00:00\",\"mainEntityOfPage\":{\"@id\":\"https:\/\/now-news.de\/de\/great-reset\/greatvideos\/straznicy-wolnosci-o-anty-covid-19-jacek-hugo-bader-gw-marcin-tomkiel-24-04-2022-bialystok\/\"},\"wordCount\":298,\"commentCount\":0,\"publisher\":{\"@id\":\"https:\/\/now-news.de\/de\/#organization\"},\"image\":{\"@id\":\"https:\/\/now-news.de\/de\/great-reset\/greatvideos\/straznicy-wolnosci-o-anty-covid-19-jacek-hugo-bader-gw-marcin-tomkiel-24-04-2022-bialystok\/#primaryimage\"},\"thumbnailUrl\":\"https:\/\/now-news.de\/de\/wp-content\/uploads\/sites\/3\/2022\/04\/\u201eStraznicy-wolnosci-o-anty-COVID-19-Jacek-Hugo-Bader-GW-Marcin.jpg\",\"keywords\":[\"\u201eStra\u017cnicy wolno\u015bci\u201d o anty COVID 19 Jacek Hugo-Bader\",\"anty\",\"Bia\u0142ystok\",\"covid\",\"HugoBader\",\"Jacek\",\"Marcin\",\"Marcin Tomkiel 24.04.2022 Bia\u0142ystok\",\"Stra\u017cnicy\",\"Tomkiel\",\"wolno\u015bci\"],\"articleSection\":[\"GreatVideos\"],\"inLanguage\":\"de\",\"potentialAction\":[{\"@type\":\"CommentAction\",\"name\":\"Comment\",\"target\":[\"https:\/\/now-news.de\/de\/great-reset\/greatvideos\/straznicy-wolnosci-o-anty-covid-19-jacek-hugo-bader-gw-marcin-tomkiel-24-04-2022-bialystok\/#respond\"]}]},{\"@type\":\"WebPage\",\"@id\":\"https:\/\/now-news.de\/de\/great-reset\/greatvideos\/straznicy-wolnosci-o-anty-covid-19-jacek-hugo-bader-gw-marcin-tomkiel-24-04-2022-bialystok\/\",\"url\":\"https:\/\/now-news.de\/de\/great-reset\/greatvideos\/straznicy-wolnosci-o-anty-covid-19-jacek-hugo-bader-gw-marcin-tomkiel-24-04-2022-bialystok\/\",\"name\":\"\u201eStra\u017cnicy wolno\u015bci\u201d o anty COVID 19 Jacek Hugo-Bader (GW), Marcin Tomkiel 24.04.2022 Bia\u0142ystok - just-now.NEWS Deutschland\",\"isPartOf\":{\"@id\":\"https:\/\/now-news.de\/de\/#website\"},\"primaryImageOfPage\":{\"@id\":\"https:\/\/now-news.de\/de\/great-reset\/greatvideos\/straznicy-wolnosci-o-anty-covid-19-jacek-hugo-bader-gw-marcin-tomkiel-24-04-2022-bialystok\/#primaryimage\"},\"image\":{\"@id\":\"https:\/\/now-news.de\/de\/great-reset\/greatvideos\/straznicy-wolnosci-o-anty-covid-19-jacek-hugo-bader-gw-marcin-tomkiel-24-04-2022-bialystok\/#primaryimage\"},\"thumbnailUrl\":\"https:\/\/now-news.de\/de\/wp-content\/uploads\/sites\/3\/2022\/04\/\u201eStraznicy-wolnosci-o-anty-COVID-19-Jacek-Hugo-Bader-GW-Marcin.jpg\",\"datePublished\":\"2022-04-27T12:42:12+00:00\",\"dateModified\":\"2022-04-27T12:42:12+00:00\",\"breadcrumb\":{\"@id\":\"https:\/\/now-news.de\/de\/great-reset\/greatvideos\/straznicy-wolnosci-o-anty-covid-19-jacek-hugo-bader-gw-marcin-tomkiel-24-04-2022-bialystok\/#breadcrumb\"},\"inLanguage\":\"de\",\"potentialAction\":[{\"@type\":\"ReadAction\",\"target\":[\"https:\/\/now-news.de\/de\/great-reset\/greatvideos\/straznicy-wolnosci-o-anty-covid-19-jacek-hugo-bader-gw-marcin-tomkiel-24-04-2022-bialystok\/\"]}]},{\"@type\":\"ImageObject\",\"inLanguage\":\"de\",\"@id\":\"https:\/\/now-news.de\/de\/great-reset\/greatvideos\/straznicy-wolnosci-o-anty-covid-19-jacek-hugo-bader-gw-marcin-tomkiel-24-04-2022-bialystok\/#primaryimage\",\"url\":\"https:\/\/now-news.de\/de\/wp-content\/uploads\/sites\/3\/2022\/04\/\u201eStraznicy-wolnosci-o-anty-COVID-19-Jacek-Hugo-Bader-GW-Marcin.jpg\",\"contentUrl\":\"https:\/\/now-news.de\/de\/wp-content\/uploads\/sites\/3\/2022\/04\/\u201eStraznicy-wolnosci-o-anty-COVID-19-Jacek-Hugo-Bader-GW-Marcin.jpg\",\"width\":1280,\"height\":720},{\"@type\":\"BreadcrumbList\",\"@id\":\"https:\/\/now-news.de\/de\/great-reset\/greatvideos\/straznicy-wolnosci-o-anty-covid-19-jacek-hugo-bader-gw-marcin-tomkiel-24-04-2022-bialystok\/#breadcrumb\",\"itemListElement\":[{\"@type\":\"ListItem\",\"position\":1,\"name\":\"Home\",\"item\":\"https:\/\/now-news.de\/de\/\"},{\"@type\":\"ListItem\",\"position\":2,\"name\":\"\u201eStra\u017cnicy wolno\u015bci\u201d o anty COVID 19 Jacek Hugo-Bader (GW), Marcin Tomkiel 24.04.2022 Bia\u0142ystok\"}]},{\"@type\":\"WebSite\",\"@id\":\"https:\/\/now-news.de\/de\/#website\",\"url\":\"https:\/\/now-news.de\/de\/\",\"name\":\"just-now.NEWS Deutschland\",\"description\":\"Das Portal f\u00fcr unzensierte Nachrichten aus der Welt\",\"publisher\":{\"@id\":\"https:\/\/now-news.de\/de\/#organization\"},\"potentialAction\":[{\"@type\":\"SearchAction\",\"target\":{\"@type\":\"EntryPoint\",\"urlTemplate\":\"https:\/\/now-news.de\/de\/?s={search_term_string}\"},\"query-input\":\"required name=search_term_string\"}],\"inLanguage\":\"de\"},{\"@type\":\"Organization\",\"@id\":\"https:\/\/now-news.de\/de\/#organization\",\"name\":\"Just Now News\",\"url\":\"https:\/\/now-news.de\/de\/\",\"logo\":{\"@type\":\"ImageObject\",\"inLanguage\":\"de\",\"@id\":\"https:\/\/now-news.de\/de\/#\/schema\/logo\/image\/\",\"url\":\"http:\/\/just-now.news\/de\/wp-content\/uploads\/sites\/3\/2022\/04\/logo500x500.jpg\",\"contentUrl\":\"http:\/\/just-now.news\/de\/wp-content\/uploads\/sites\/3\/2022\/04\/logo500x500.jpg\",\"width\":500,\"height\":500,\"caption\":\"Just Now News\"},\"image\":{\"@id\":\"https:\/\/now-news.de\/de\/#\/schema\/logo\/image\/\"},\"sameAs\":[\"https:\/\/www.facebook.com\/wirmachenauf\",\"https:\/\/x.com\/WirMachenAuf_de\"]},{\"@type\":\"Person\",\"@id\":\"https:\/\/now-news.de\/de\/#\/schema\/person\/8afb4cd92b68572db7902c13a349ffcb\",\"name\":\"greatreset\",\"image\":{\"@type\":\"ImageObject\",\"inLanguage\":\"de\",\"@id\":\"https:\/\/now-news.de\/de\/#\/schema\/person\/image\/\",\"url\":\"https:\/\/secure.gravatar.com\/avatar\/a088df625d49991c090e78c8b9542592?s=96&d=mm&r=g\",\"contentUrl\":\"https:\/\/secure.gravatar.com\/avatar\/a088df625d49991c090e78c8b9542592?s=96&d=mm&r=g\",\"caption\":\"greatreset\"},\"url\":\"https:\/\/now-news.de\/de\/author\/greatreset\/\"}]}<\/script>\n<!-- \/ Yoast SEO Premium plugin. -->","yoast_head_json":{"title":"\u201eStra\u017cnicy wolno\u015bci\u201d o anty COVID 19 Jacek Hugo-Bader (GW), Marcin Tomkiel 24.04.2022 Bia\u0142ystok - just-now.NEWS Deutschland","robots":{"index":"index","follow":"follow","max-snippet":"max-snippet:-1","max-image-preview":"max-image-preview:large","max-video-preview":"max-video-preview:-1"},"canonical":"https:\/\/now-news.de\/de\/great-reset\/greatvideos\/straznicy-wolnosci-o-anty-covid-19-jacek-hugo-bader-gw-marcin-tomkiel-24-04-2022-bialystok\/","og_locale":"de_DE","og_type":"article","og_title":"\u201eStra\u017cnicy wolno\u015bci\u201d o anty COVID 19 Jacek Hugo-Bader (GW), Marcin Tomkiel 24.04.2022 Bia\u0142ystok","og_description":"https:\/\/www.facebook.com\/events\/516617906480106 Festiwal Literacki &#8220;Na pograniczu kultur&#8221;| Fundacja S\u0105siedzi | \u201eStra\u017cnicy wolno\u015bci\u201d Jacka Hugo-Badera, dziennikarza, reporta\u017cysty, autora m.in. ksi\u0105\u017cek \u201eSkucha\u201d; \u201eAudyt\u201d; \u201eSzama\u0144ska choroba\u201d prowadzenie: Marcin Tomkiel Pandemie przychodz\u0105 i odchodz\u0105, teorie spiskowe i ich wyznawcy zostaj\u0105. Jacek Hugo-Bader wszed\u0142 im pod sk\u00f3r\u0119. Czy uda\u0142o mu si\u0119 wynale\u017a\u0107 szczepionk\u0119 na epidemi\u0119 szale\u0144stwa? ????Czy s\u0142yszeli\u015bcie o C19? Nie, [&hellip;]","og_url":"https:\/\/now-news.de\/de\/great-reset\/greatvideos\/straznicy-wolnosci-o-anty-covid-19-jacek-hugo-bader-gw-marcin-tomkiel-24-04-2022-bialystok\/","og_site_name":"just-now.NEWS Deutschland","article_publisher":"https:\/\/www.facebook.com\/wirmachenauf","article_published_time":"2022-04-27T12:42:12+00:00","og_image":[{"width":1280,"height":720,"url":"https:\/\/now-news.de\/de\/wp-content\/uploads\/sites\/3\/2022\/04\/\u201eStraznicy-wolnosci-o-anty-COVID-19-Jacek-Hugo-Bader-GW-Marcin.jpg","type":"image\/jpeg"}],"author":"greatreset","twitter_card":"summary_large_image","twitter_creator":"@WirMachenAuf_de","twitter_site":"@WirMachenAuf_de","twitter_misc":{"Verfasst von":"greatreset","Gesch\u00e4tzte Lesezeit":"1\u00a0Minute"},"schema":{"@context":"https:\/\/schema.org","@graph":[{"@type":"Article","@id":"https:\/\/now-news.de\/de\/great-reset\/greatvideos\/straznicy-wolnosci-o-anty-covid-19-jacek-hugo-bader-gw-marcin-tomkiel-24-04-2022-bialystok\/#article","isPartOf":{"@id":"https:\/\/now-news.de\/de\/great-reset\/greatvideos\/straznicy-wolnosci-o-anty-covid-19-jacek-hugo-bader-gw-marcin-tomkiel-24-04-2022-bialystok\/"},"author":{"name":"greatreset","@id":"https:\/\/now-news.de\/de\/#\/schema\/person\/8afb4cd92b68572db7902c13a349ffcb"},"headline":"\u201eStra\u017cnicy wolno\u015bci\u201d o anty COVID 19 Jacek Hugo-Bader (GW), Marcin Tomkiel 24.04.2022 Bia\u0142ystok","datePublished":"2022-04-27T12:42:12+00:00","dateModified":"2022-04-27T12:42:12+00:00","mainEntityOfPage":{"@id":"https:\/\/now-news.de\/de\/great-reset\/greatvideos\/straznicy-wolnosci-o-anty-covid-19-jacek-hugo-bader-gw-marcin-tomkiel-24-04-2022-bialystok\/"},"wordCount":298,"commentCount":0,"publisher":{"@id":"https:\/\/now-news.de\/de\/#organization"},"image":{"@id":"https:\/\/now-news.de\/de\/great-reset\/greatvideos\/straznicy-wolnosci-o-anty-covid-19-jacek-hugo-bader-gw-marcin-tomkiel-24-04-2022-bialystok\/#primaryimage"},"thumbnailUrl":"https:\/\/now-news.de\/de\/wp-content\/uploads\/sites\/3\/2022\/04\/\u201eStraznicy-wolnosci-o-anty-COVID-19-Jacek-Hugo-Bader-GW-Marcin.jpg","keywords":["\u201eStra\u017cnicy wolno\u015bci\u201d o anty COVID 19 Jacek Hugo-Bader","anty","Bia\u0142ystok","covid","HugoBader","Jacek","Marcin","Marcin Tomkiel 24.04.2022 Bia\u0142ystok","Stra\u017cnicy","Tomkiel","wolno\u015bci"],"articleSection":["GreatVideos"],"inLanguage":"de","potentialAction":[{"@type":"CommentAction","name":"Comment","target":["https:\/\/now-news.de\/de\/great-reset\/greatvideos\/straznicy-wolnosci-o-anty-covid-19-jacek-hugo-bader-gw-marcin-tomkiel-24-04-2022-bialystok\/#respond"]}]},{"@type":"WebPage","@id":"https:\/\/now-news.de\/de\/great-reset\/greatvideos\/straznicy-wolnosci-o-anty-covid-19-jacek-hugo-bader-gw-marcin-tomkiel-24-04-2022-bialystok\/","url":"https:\/\/now-news.de\/de\/great-reset\/greatvideos\/straznicy-wolnosci-o-anty-covid-19-jacek-hugo-bader-gw-marcin-tomkiel-24-04-2022-bialystok\/","name":"\u201eStra\u017cnicy wolno\u015bci\u201d o anty COVID 19 Jacek Hugo-Bader (GW), Marcin Tomkiel 24.04.2022 Bia\u0142ystok - just-now.NEWS Deutschland","isPartOf":{"@id":"https:\/\/now-news.de\/de\/#website"},"primaryImageOfPage":{"@id":"https:\/\/now-news.de\/de\/great-reset\/greatvideos\/straznicy-wolnosci-o-anty-covid-19-jacek-hugo-bader-gw-marcin-tomkiel-24-04-2022-bialystok\/#primaryimage"},"image":{"@id":"https:\/\/now-news.de\/de\/great-reset\/greatvideos\/straznicy-wolnosci-o-anty-covid-19-jacek-hugo-bader-gw-marcin-tomkiel-24-04-2022-bialystok\/#primaryimage"},"thumbnailUrl":"https:\/\/now-news.de\/de\/wp-content\/uploads\/sites\/3\/2022\/04\/\u201eStraznicy-wolnosci-o-anty-COVID-19-Jacek-Hugo-Bader-GW-Marcin.jpg","datePublished":"2022-04-27T12:42:12+00:00","dateModified":"2022-04-27T12:42:12+00:00","breadcrumb":{"@id":"https:\/\/now-news.de\/de\/great-reset\/greatvideos\/straznicy-wolnosci-o-anty-covid-19-jacek-hugo-bader-gw-marcin-tomkiel-24-04-2022-bialystok\/#breadcrumb"},"inLanguage":"de","potentialAction":[{"@type":"ReadAction","target":["https:\/\/now-news.de\/de\/great-reset\/greatvideos\/straznicy-wolnosci-o-anty-covid-19-jacek-hugo-bader-gw-marcin-tomkiel-24-04-2022-bialystok\/"]}]},{"@type":"ImageObject","inLanguage":"de","@id":"https:\/\/now-news.de\/de\/great-reset\/greatvideos\/straznicy-wolnosci-o-anty-covid-19-jacek-hugo-bader-gw-marcin-tomkiel-24-04-2022-bialystok\/#primaryimage","url":"https:\/\/now-news.de\/de\/wp-content\/uploads\/sites\/3\/2022\/04\/\u201eStraznicy-wolnosci-o-anty-COVID-19-Jacek-Hugo-Bader-GW-Marcin.jpg","contentUrl":"https:\/\/now-news.de\/de\/wp-content\/uploads\/sites\/3\/2022\/04\/\u201eStraznicy-wolnosci-o-anty-COVID-19-Jacek-Hugo-Bader-GW-Marcin.jpg","width":1280,"height":720},{"@type":"BreadcrumbList","@id":"https:\/\/now-news.de\/de\/great-reset\/greatvideos\/straznicy-wolnosci-o-anty-covid-19-jacek-hugo-bader-gw-marcin-tomkiel-24-04-2022-bialystok\/#breadcrumb","itemListElement":[{"@type":"ListItem","position":1,"name":"Home","item":"https:\/\/now-news.de\/de\/"},{"@type":"ListItem","position":2,"name":"\u201eStra\u017cnicy wolno\u015bci\u201d o anty COVID 19 Jacek Hugo-Bader (GW), Marcin Tomkiel 24.04.2022 Bia\u0142ystok"}]},{"@type":"WebSite","@id":"https:\/\/now-news.de\/de\/#website","url":"https:\/\/now-news.de\/de\/","name":"just-now.NEWS Deutschland","description":"Das Portal f\u00fcr unzensierte Nachrichten aus der Welt","publisher":{"@id":"https:\/\/now-news.de\/de\/#organization"},"potentialAction":[{"@type":"SearchAction","target":{"@type":"EntryPoint","urlTemplate":"https:\/\/now-news.de\/de\/?s={search_term_string}"},"query-input":"required name=search_term_string"}],"inLanguage":"de"},{"@type":"Organization","@id":"https:\/\/now-news.de\/de\/#organization","name":"Just Now News","url":"https:\/\/now-news.de\/de\/","logo":{"@type":"ImageObject","inLanguage":"de","@id":"https:\/\/now-news.de\/de\/#\/schema\/logo\/image\/","url":"http:\/\/just-now.news\/de\/wp-content\/uploads\/sites\/3\/2022\/04\/logo500x500.jpg","contentUrl":"http:\/\/just-now.news\/de\/wp-content\/uploads\/sites\/3\/2022\/04\/logo500x500.jpg","width":500,"height":500,"caption":"Just Now News"},"image":{"@id":"https:\/\/now-news.de\/de\/#\/schema\/logo\/image\/"},"sameAs":["https:\/\/www.facebook.com\/wirmachenauf","https:\/\/x.com\/WirMachenAuf_de"]},{"@type":"Person","@id":"https:\/\/now-news.de\/de\/#\/schema\/person\/8afb4cd92b68572db7902c13a349ffcb","name":"greatreset","image":{"@type":"ImageObject","inLanguage":"de","@id":"https:\/\/now-news.de\/de\/#\/schema\/person\/image\/","url":"https:\/\/secure.gravatar.com\/avatar\/a088df625d49991c090e78c8b9542592?s=96&d=mm&r=g","contentUrl":"https:\/\/secure.gravatar.com\/avatar\/a088df625d49991c090e78c8b9542592?s=96&d=mm&r=g","caption":"greatreset"},"url":"https:\/\/now-news.de\/de\/author\/greatreset\/"}]}},"_links":{"self":[{"href":"https:\/\/now-news.de\/de\/wp-json\/wp\/v2\/posts\/5296"}],"collection":[{"href":"https:\/\/now-news.de\/de\/wp-json\/wp\/v2\/posts"}],"about":[{"href":"https:\/\/now-news.de\/de\/wp-json\/wp\/v2\/types\/post"}],"author":[{"embeddable":true,"href":"https:\/\/now-news.de\/de\/wp-json\/wp\/v2\/users\/5"}],"replies":[{"embeddable":true,"href":"https:\/\/now-news.de\/de\/wp-json\/wp\/v2\/comments?post=5296"}],"version-history":[{"count":0,"href":"https:\/\/now-news.de\/de\/wp-json\/wp\/v2\/posts\/5296\/revisions"}],"wp:featuredmedia":[{"embeddable":true,"href":"https:\/\/now-news.de\/de\/wp-json\/wp\/v2\/media\/5297"}],"wp:attachment":[{"href":"https:\/\/now-news.de\/de\/wp-json\/wp\/v2\/media?parent=5296"}],"wp:term":[{"taxonomy":"category","embeddable":true,"href":"https:\/\/now-news.de\/de\/wp-json\/wp\/v2\/categories?post=5296"},{"taxonomy":"post_tag","embeddable":true,"href":"https:\/\/now-news.de\/de\/wp-json\/wp\/v2\/tags?post=5296"}],"curies":[{"name":"wp","href":"https:\/\/api.w.org\/{rel}","templated":true}]}}