{"id":52958,"date":"2024-01-10T10:07:17","date_gmt":"2024-01-10T08:07:17","guid":{"rendered":"https:\/\/just-now.news\/de\/deutschland\/us-politologe-mearsheimer-voelkermordklage-gegen-israel-hat-auswirkungen-auch-auf-usa\/"},"modified":"2024-01-10T10:07:17","modified_gmt":"2024-01-10T08:07:17","slug":"us-politologe-mearsheimer-voelkermordklage-gegen-israel-hat-auswirkungen-auch-auf-usa","status":"publish","type":"post","link":"https:\/\/now-news.de\/de\/deutschland\/us-politologe-mearsheimer-voelkermordklage-gegen-israel-hat-auswirkungen-auch-auf-usa\/","title":{"rendered":"US-Politologe Mearsheimer: V\u00f6lkermordklage gegen Israel hat Auswirkungen auch auf USA"},"content":{"rendered":"<p><img decoding=\"async\" src=\"http:\/\/just-now.news\/de\/wp-content\/uploads\/sites\/3\/2024\/01\/659d2be2b480cc0412109bbc.jpg\" \/><\/p>\n<div class=\"Text-root Text-type_1 \">\n                In einem Beitrag analysiert der renommierte Politologe John Mearsheimer die Auswirkungen der Klage S\u00fcdafrikas gegen Israel vor dem IGH der Vereinten Nationen wegen V\u00f6lkermords. Die Unterst\u00fctzer Israels machten sich ebenfalls schuldig. Daher habe die Klage auch Auswirkungen auf die Biden-Administration in den USA und in der Folge wohl auch auf die deutsche Regierungspolitik.\n            <\/div>\n<p><\/p>\n<div class=\"Text-root Text-type_5 ArticleView-text ViewText-root \">\n<p>S\u00fcdafrika hat Israel vor dem Internationalen Gerichtshof (IGH) der Vereinten Nationen mit Sitz in Den Haag wegen V\u00f6lkermords verklagt.\u00a0In Deutschland wird dar\u00fcber kaum berichtet, obwohl diese Klage zweifellos brisant ist. Inzwischen hat sich auch Bolivien dieser Klage angeschlossen. Die T\u00fcrkei und Malaysia haben ebenfalls ihre Unterst\u00fctzung angek\u00fcndigt.\u00a0<\/p>\n<p>W\u00e4hrend die deutsche Au\u00dfenministerin die schweren Anschuldigungen ignoriert und ihrer einseitigen Sicht auf den Konflikt treu bleibt, erwartet der US-amerikanische Politologe John Mearsheimer durch die Klage auch f\u00fcr die US-Politik weitreichende Konsequenzen. Nach deutscher Auffassung begann der aktuelle Krieg erst mit dem &#8220;brutalen Angriff der Terrororganisation Hamas&#8221; am 7. Oktober 2023. Wie auch im Ukraine-Konflikt erz\u00e4hlt Baerbock die Entwicklung des Konflikts verk\u00fcrzt und ergreift obendrein einseitig Partei. Damit f\u00e4llt Deutschland sowohl im Nahen Osten als auch in der Ukraine f\u00fcr eine Vermittlerrolle aus, wird aber sicherlich ebenfalls mit den Folgen dieser einseitigen Positionierung konfrontiert werden.\u00a0<\/p>\n<p>Auf seiner <a rel=\"nofollow noopener\" target=\"_blank\" href=\"https:\/\/mearsheimer.substack.com\/p\/genocide-in-gaza\">Seite<\/a> im Internet versucht John Mearsheimer die Folgen der Klage f\u00fcr das politische Establishment in den USA abzusch\u00e4tzen. Mearsheimer weist auf die ausf\u00fchrliche <a rel=\"nofollow noopener\" target=\"_blank\" href=\"https:\/\/www.icj-cij.org\/sites\/default\/files\/case-related\/192\/192-20231228-app-01-00-en.pdf\">Begr\u00fcndung<\/a> der Klage hin, die nicht nur die Ereignisse seit dem 7. Oktober 2023 beleuchtet, sondern diese auch in ihren historischen Kontext einbettet. Der Antrag S\u00fcdafrikas sei gut formuliert, und die Beweise seien gut dokumentiert. Es handele sich bei dem, was Israel in Gaza tut, eben nicht nur um schwere Kriegsverbrechen, sondern um V\u00f6lkermord, hebt Mearsheimer hervor. Die Klage liefere einen umfassenden Satz an Beweisen, mit denen die Absicht Israels zum V\u00f6lkermord belegt wird.<\/p>\n<p>Die Klage S\u00fcdafrikas versammelt alle bereits bekannten Belege in einem Dokument. Man wird sich daher k\u00fcnftig nicht damit herausreden k\u00f6nnen, man habe von den Pl\u00e4nen der israelischen Regierung nichts gewusst. Das zu verstehen, ist auch f\u00fcr die deutsche Regierung von zentraler Bedeutung, denn noch st\u00e4rker als die US-Regierung unterst\u00fctzt die deutsche Regierungspolitik die israelische Regierung und macht sich damit auch selbst schuldig.<\/p>\n<p>Mearsheimer hebt hervor, dass die Unterst\u00fctzung Israels vor dem Hintergrund des Genozids an den Pal\u00e4stinensern ebenfalls eine strafbare Handlung darstellt. Dies gilt f\u00fcr die Administration von Joe Biden, aber l\u00e4sst sich auch auf die Politik der deutschen Bundesregierung \u00fcbertragen.\u00a0<\/p>\n<p>Selbstverst\u00e4ndlich ist damit zu rechnen, dass sowohl die USA als auch Deutschland \u2013 angesichts der m\u00f6glichen Konsequenzen f\u00fcr einzelne deutsche Politiker \u2013 versuchen werden, einen Prozess am IGH zu sabotieren. Doch dessen ungeachtet glaubt Mearsheimer, dass Israel k\u00fcnftig weltweit als hauptverantwortlich f\u00fcr einen belegten V\u00f6lkermord angesehen werden wird.<\/p>\n<p>Er sieht zudem ein grundlegendes institutionelles Versagen in den USA. Menschenrechtsorganisationen und der journalistische Mainstream, die sonst Verbrechen lautstark anprangern, w\u00fcrden zu den israelischen Verbrechen weitgehend schweigen. Auch dies trifft nicht nur f\u00fcr die Situation in den USA, sondern auch auf die in Deutschland zu. Mearsheimer hofft auf ein sp\u00e4teres Aufarbeiten dieses Versagens. Er selbst gibt zu, sich get\u00e4uscht zu haben. Er ging bisher davon aus, Israel begehe in Gaza schwere Kriegsverbrechen, dass es sich dabei aber nicht um V\u00f6lkermord handele. Diese bisherige Sicht m\u00fcsse er korrigieren.<\/p>\n<p><strong>Mehr zum Thema<\/strong>\u00a0\u2013 <a rel=\"nofollow noopener\" target=\"_blank\" href=\"https:\/\/freedert.online\/der-nahe-osten\/191294-suedafrika-beschuldigt-israel-voelkermordes-vor\/\">V\u00f6lkermord: S\u00fcdafrika reicht vor dem internationalen Gerichtshof Klage gegen Israel ein<\/a><\/p>\n<\/div>\n<p><br \/>\n<br \/><a href=\"https:\/\/de.rt.com\/international\/192193-politologe-john-mearsheimer-voelkermordklage-gegen\/\">Source link <\/a><\/p>\n","protected":false},"excerpt":{"rendered":"<p>In einem Beitrag analysiert der renommierte Politologe John Mearsheimer die Auswirkungen der Klage S\u00fcdafrikas gegen Israel vor dem IGH der Vereinten Nationen wegen V\u00f6lkermords. Die Unterst\u00fctzer Israels machten sich ebenfalls schuldig. Daher habe die Klage auch Auswirkungen auf die Biden-Administration in den USA und in der Folge wohl auch auf die deutsche Regierungspolitik. S\u00fcdafrika hat [&hellip;]<\/p>\n","protected":false},"author":3,"featured_media":52959,"comment_status":"open","ping_status":"open","sticky":false,"template":"","format":"standard","meta":{"_yoast_indexnow_last_ping":["1704874291"],"wp_automatic_camp":["217"],"d51448fc37aac2fd5df6293edd6c1584":["US-Politologe Mearsheimer: V\u00f6lkermordklage gegen Israel hat Auswirkungen auch auf USA"],"original_link":["https:\/\/de.rt.com\/international\/192193-politologe-john-mearsheimer-voelkermordklage-gegen\/"],"_thumbnail_id":["52959"],"jnews_social_counter_last_update":["1777603973"],"_wptgpro_p2tg_sent2tg":["a:1:{i:23737;s:19:\"2024-01-10 10:12:36\";}"]},"categories":[19,23],"tags":[1475,133,597,278,423,432,47716,193,52311,52312],"yoast_head":"<!-- This site is optimized with the Yoast SEO Premium plugin v22.7 (Yoast SEO v22.7) - https:\/\/yoast.com\/wordpress\/plugins\/seo\/ -->\n<title>US-Politologe Mearsheimer: V\u00f6lkermordklage gegen Israel hat Auswirkungen auch auf USA - just-now.NEWS Deutschland<\/title>\n<meta name=\"robots\" content=\"index, follow, max-snippet:-1, max-image-preview:large, max-video-preview:-1\" \/>\n<link rel=\"canonical\" href=\"https:\/\/now-news.de\/de\/deutschland\/us-politologe-mearsheimer-voelkermordklage-gegen-israel-hat-auswirkungen-auch-auf-usa\/\" \/>\n<meta property=\"og:locale\" content=\"de_DE\" \/>\n<meta property=\"og:type\" content=\"article\" \/>\n<meta property=\"og:title\" content=\"US-Politologe Mearsheimer: V\u00f6lkermordklage gegen Israel hat Auswirkungen auch auf USA\" \/>\n<meta property=\"og:description\" content=\"In einem Beitrag analysiert der renommierte Politologe John Mearsheimer die Auswirkungen der Klage S\u00fcdafrikas gegen Israel vor dem IGH der Vereinten Nationen wegen V\u00f6lkermords. Die Unterst\u00fctzer Israels machten sich ebenfalls schuldig. Daher habe die Klage auch Auswirkungen auf die Biden-Administration in den USA und in der Folge wohl auch auf die deutsche Regierungspolitik. S\u00fcdafrika hat [&hellip;]\" \/>\n<meta property=\"og:url\" content=\"https:\/\/now-news.de\/de\/deutschland\/us-politologe-mearsheimer-voelkermordklage-gegen-israel-hat-auswirkungen-auch-auf-usa\/\" \/>\n<meta property=\"og:site_name\" content=\"just-now.NEWS Deutschland\" \/>\n<meta property=\"article:publisher\" content=\"https:\/\/www.facebook.com\/wirmachenauf\" \/>\n<meta property=\"article:published_time\" content=\"2024-01-10T08:07:17+00:00\" \/>\n<meta property=\"og:image\" content=\"https:\/\/now-news.de\/de\/wp-content\/uploads\/sites\/3\/2024\/01\/US-Politologe-Mearsheimer-Voelkermordklage-gegen-Israel-hat-Auswirkungen-auch-auf-USA.jpg\" \/>\n\t<meta property=\"og:image:width\" content=\"460\" \/>\n\t<meta property=\"og:image:height\" content=\"259\" \/>\n\t<meta property=\"og:image:type\" content=\"image\/jpeg\" \/>\n<meta name=\"author\" content=\"rtnews\" \/>\n<meta name=\"twitter:card\" content=\"summary_large_image\" \/>\n<meta name=\"twitter:creator\" content=\"@WirMachenAuf_de\" \/>\n<meta name=\"twitter:site\" content=\"@WirMachenAuf_de\" \/>\n<meta name=\"twitter:label1\" content=\"Verfasst von\" \/>\n\t<meta name=\"twitter:data1\" content=\"rtnews\" \/>\n\t<meta name=\"twitter:label2\" content=\"Gesch\u00e4tzte Lesezeit\" \/>\n\t<meta name=\"twitter:data2\" content=\"3\u00a0Minuten\" \/>\n<script type=\"application\/ld+json\" class=\"yoast-schema-graph\">{\"@context\":\"https:\/\/schema.org\",\"@graph\":[{\"@type\":\"Article\",\"@id\":\"https:\/\/now-news.de\/de\/deutschland\/us-politologe-mearsheimer-voelkermordklage-gegen-israel-hat-auswirkungen-auch-auf-usa\/#article\",\"isPartOf\":{\"@id\":\"https:\/\/now-news.de\/de\/deutschland\/us-politologe-mearsheimer-voelkermordklage-gegen-israel-hat-auswirkungen-auch-auf-usa\/\"},\"author\":{\"name\":\"rtnews\",\"@id\":\"https:\/\/now-news.de\/de\/#\/schema\/person\/fb534a4e865501d8b3285208df34a9b5\"},\"headline\":\"US-Politologe Mearsheimer: V\u00f6lkermordklage gegen Israel hat Auswirkungen auch auf USA\",\"datePublished\":\"2024-01-10T08:07:17+00:00\",\"dateModified\":\"2024-01-10T08:07:17+00:00\",\"mainEntityOfPage\":{\"@id\":\"https:\/\/now-news.de\/de\/deutschland\/us-politologe-mearsheimer-voelkermordklage-gegen-israel-hat-auswirkungen-auch-auf-usa\/\"},\"wordCount\":601,\"commentCount\":0,\"publisher\":{\"@id\":\"https:\/\/now-news.de\/de\/#organization\"},\"image\":{\"@id\":\"https:\/\/now-news.de\/de\/deutschland\/us-politologe-mearsheimer-voelkermordklage-gegen-israel-hat-auswirkungen-auch-auf-usa\/#primaryimage\"},\"thumbnailUrl\":\"https:\/\/now-news.de\/de\/wp-content\/uploads\/sites\/3\/2024\/01\/US-Politologe-Mearsheimer-Voelkermordklage-gegen-Israel-hat-Auswirkungen-auch-auf-USA.jpg\",\"keywords\":[\"auch\",\"AUF\",\"Auswirkungen\",\"gegen\",\"hat\",\"Israel\",\"Mearsheimer\",\"USA\",\"USPolitologe\",\"V\u00f6lkermordklage\"],\"articleSection\":[\"Deutschland\",\"Russland\"],\"inLanguage\":\"de\",\"potentialAction\":[{\"@type\":\"CommentAction\",\"name\":\"Comment\",\"target\":[\"https:\/\/now-news.de\/de\/deutschland\/us-politologe-mearsheimer-voelkermordklage-gegen-israel-hat-auswirkungen-auch-auf-usa\/#respond\"]}]},{\"@type\":\"WebPage\",\"@id\":\"https:\/\/now-news.de\/de\/deutschland\/us-politologe-mearsheimer-voelkermordklage-gegen-israel-hat-auswirkungen-auch-auf-usa\/\",\"url\":\"https:\/\/now-news.de\/de\/deutschland\/us-politologe-mearsheimer-voelkermordklage-gegen-israel-hat-auswirkungen-auch-auf-usa\/\",\"name\":\"US-Politologe Mearsheimer: V\u00f6lkermordklage gegen Israel hat Auswirkungen auch auf USA - just-now.NEWS Deutschland\",\"isPartOf\":{\"@id\":\"https:\/\/now-news.de\/de\/#website\"},\"primaryImageOfPage\":{\"@id\":\"https:\/\/now-news.de\/de\/deutschland\/us-politologe-mearsheimer-voelkermordklage-gegen-israel-hat-auswirkungen-auch-auf-usa\/#primaryimage\"},\"image\":{\"@id\":\"https:\/\/now-news.de\/de\/deutschland\/us-politologe-mearsheimer-voelkermordklage-gegen-israel-hat-auswirkungen-auch-auf-usa\/#primaryimage\"},\"thumbnailUrl\":\"https:\/\/now-news.de\/de\/wp-content\/uploads\/sites\/3\/2024\/01\/US-Politologe-Mearsheimer-Voelkermordklage-gegen-Israel-hat-Auswirkungen-auch-auf-USA.jpg\",\"datePublished\":\"2024-01-10T08:07:17+00:00\",\"dateModified\":\"2024-01-10T08:07:17+00:00\",\"breadcrumb\":{\"@id\":\"https:\/\/now-news.de\/de\/deutschland\/us-politologe-mearsheimer-voelkermordklage-gegen-israel-hat-auswirkungen-auch-auf-usa\/#breadcrumb\"},\"inLanguage\":\"de\",\"potentialAction\":[{\"@type\":\"ReadAction\",\"target\":[\"https:\/\/now-news.de\/de\/deutschland\/us-politologe-mearsheimer-voelkermordklage-gegen-israel-hat-auswirkungen-auch-auf-usa\/\"]}]},{\"@type\":\"ImageObject\",\"inLanguage\":\"de\",\"@id\":\"https:\/\/now-news.de\/de\/deutschland\/us-politologe-mearsheimer-voelkermordklage-gegen-israel-hat-auswirkungen-auch-auf-usa\/#primaryimage\",\"url\":\"https:\/\/now-news.de\/de\/wp-content\/uploads\/sites\/3\/2024\/01\/US-Politologe-Mearsheimer-Voelkermordklage-gegen-Israel-hat-Auswirkungen-auch-auf-USA.jpg\",\"contentUrl\":\"https:\/\/now-news.de\/de\/wp-content\/uploads\/sites\/3\/2024\/01\/US-Politologe-Mearsheimer-Voelkermordklage-gegen-Israel-hat-Auswirkungen-auch-auf-USA.jpg\",\"width\":460,\"height\":259,\"caption\":\"US-Politologe Mearsheimer: V\u00f6lkermordklage gegen Israel hat Auswirkungen auch auf USA\"},{\"@type\":\"BreadcrumbList\",\"@id\":\"https:\/\/now-news.de\/de\/deutschland\/us-politologe-mearsheimer-voelkermordklage-gegen-israel-hat-auswirkungen-auch-auf-usa\/#breadcrumb\",\"itemListElement\":[{\"@type\":\"ListItem\",\"position\":1,\"name\":\"Home\",\"item\":\"https:\/\/now-news.de\/de\/\"},{\"@type\":\"ListItem\",\"position\":2,\"name\":\"US-Politologe Mearsheimer: V\u00f6lkermordklage gegen Israel hat Auswirkungen auch auf USA\"}]},{\"@type\":\"WebSite\",\"@id\":\"https:\/\/now-news.de\/de\/#website\",\"url\":\"https:\/\/now-news.de\/de\/\",\"name\":\"just-now.NEWS Deutschland\",\"description\":\"Das Portal f\u00fcr unzensierte Nachrichten aus der Welt\",\"publisher\":{\"@id\":\"https:\/\/now-news.de\/de\/#organization\"},\"potentialAction\":[{\"@type\":\"SearchAction\",\"target\":{\"@type\":\"EntryPoint\",\"urlTemplate\":\"https:\/\/now-news.de\/de\/?s={search_term_string}\"},\"query-input\":\"required name=search_term_string\"}],\"inLanguage\":\"de\"},{\"@type\":\"Organization\",\"@id\":\"https:\/\/now-news.de\/de\/#organization\",\"name\":\"Just Now News\",\"url\":\"https:\/\/now-news.de\/de\/\",\"logo\":{\"@type\":\"ImageObject\",\"inLanguage\":\"de\",\"@id\":\"https:\/\/now-news.de\/de\/#\/schema\/logo\/image\/\",\"url\":\"http:\/\/just-now.news\/de\/wp-content\/uploads\/sites\/3\/2022\/04\/logo500x500.jpg\",\"contentUrl\":\"http:\/\/just-now.news\/de\/wp-content\/uploads\/sites\/3\/2022\/04\/logo500x500.jpg\",\"width\":500,\"height\":500,\"caption\":\"Just Now News\"},\"image\":{\"@id\":\"https:\/\/now-news.de\/de\/#\/schema\/logo\/image\/\"},\"sameAs\":[\"https:\/\/www.facebook.com\/wirmachenauf\",\"https:\/\/x.com\/WirMachenAuf_de\"]},{\"@type\":\"Person\",\"@id\":\"https:\/\/now-news.de\/de\/#\/schema\/person\/fb534a4e865501d8b3285208df34a9b5\",\"name\":\"rtnews\",\"image\":{\"@type\":\"ImageObject\",\"inLanguage\":\"de\",\"@id\":\"https:\/\/now-news.de\/de\/#\/schema\/person\/image\/\",\"url\":\"https:\/\/secure.gravatar.com\/avatar\/82aafea7d8127119dd649515f56e2117?s=96&d=mm&r=g\",\"contentUrl\":\"https:\/\/secure.gravatar.com\/avatar\/82aafea7d8127119dd649515f56e2117?s=96&d=mm&r=g\",\"caption\":\"rtnews\"},\"url\":\"https:\/\/now-news.de\/de\/author\/rnews\/\"}]}<\/script>\n<!-- \/ Yoast SEO Premium plugin. -->","yoast_head_json":{"title":"US-Politologe Mearsheimer: V\u00f6lkermordklage gegen Israel hat Auswirkungen auch auf USA - just-now.NEWS Deutschland","robots":{"index":"index","follow":"follow","max-snippet":"max-snippet:-1","max-image-preview":"max-image-preview:large","max-video-preview":"max-video-preview:-1"},"canonical":"https:\/\/now-news.de\/de\/deutschland\/us-politologe-mearsheimer-voelkermordklage-gegen-israel-hat-auswirkungen-auch-auf-usa\/","og_locale":"de_DE","og_type":"article","og_title":"US-Politologe Mearsheimer: V\u00f6lkermordklage gegen Israel hat Auswirkungen auch auf USA","og_description":"In einem Beitrag analysiert der renommierte Politologe John Mearsheimer die Auswirkungen der Klage S\u00fcdafrikas gegen Israel vor dem IGH der Vereinten Nationen wegen V\u00f6lkermords. Die Unterst\u00fctzer Israels machten sich ebenfalls schuldig. Daher habe die Klage auch Auswirkungen auf die Biden-Administration in den USA und in der Folge wohl auch auf die deutsche Regierungspolitik. S\u00fcdafrika hat [&hellip;]","og_url":"https:\/\/now-news.de\/de\/deutschland\/us-politologe-mearsheimer-voelkermordklage-gegen-israel-hat-auswirkungen-auch-auf-usa\/","og_site_name":"just-now.NEWS Deutschland","article_publisher":"https:\/\/www.facebook.com\/wirmachenauf","article_published_time":"2024-01-10T08:07:17+00:00","og_image":[{"width":460,"height":259,"url":"https:\/\/now-news.de\/de\/wp-content\/uploads\/sites\/3\/2024\/01\/US-Politologe-Mearsheimer-Voelkermordklage-gegen-Israel-hat-Auswirkungen-auch-auf-USA.jpg","type":"image\/jpeg"}],"author":"rtnews","twitter_card":"summary_large_image","twitter_creator":"@WirMachenAuf_de","twitter_site":"@WirMachenAuf_de","twitter_misc":{"Verfasst von":"rtnews","Gesch\u00e4tzte Lesezeit":"3\u00a0Minuten"},"schema":{"@context":"https:\/\/schema.org","@graph":[{"@type":"Article","@id":"https:\/\/now-news.de\/de\/deutschland\/us-politologe-mearsheimer-voelkermordklage-gegen-israel-hat-auswirkungen-auch-auf-usa\/#article","isPartOf":{"@id":"https:\/\/now-news.de\/de\/deutschland\/us-politologe-mearsheimer-voelkermordklage-gegen-israel-hat-auswirkungen-auch-auf-usa\/"},"author":{"name":"rtnews","@id":"https:\/\/now-news.de\/de\/#\/schema\/person\/fb534a4e865501d8b3285208df34a9b5"},"headline":"US-Politologe Mearsheimer: V\u00f6lkermordklage gegen Israel hat Auswirkungen auch auf USA","datePublished":"2024-01-10T08:07:17+00:00","dateModified":"2024-01-10T08:07:17+00:00","mainEntityOfPage":{"@id":"https:\/\/now-news.de\/de\/deutschland\/us-politologe-mearsheimer-voelkermordklage-gegen-israel-hat-auswirkungen-auch-auf-usa\/"},"wordCount":601,"commentCount":0,"publisher":{"@id":"https:\/\/now-news.de\/de\/#organization"},"image":{"@id":"https:\/\/now-news.de\/de\/deutschland\/us-politologe-mearsheimer-voelkermordklage-gegen-israel-hat-auswirkungen-auch-auf-usa\/#primaryimage"},"thumbnailUrl":"https:\/\/now-news.de\/de\/wp-content\/uploads\/sites\/3\/2024\/01\/US-Politologe-Mearsheimer-Voelkermordklage-gegen-Israel-hat-Auswirkungen-auch-auf-USA.jpg","keywords":["auch","AUF","Auswirkungen","gegen","hat","Israel","Mearsheimer","USA","USPolitologe","V\u00f6lkermordklage"],"articleSection":["Deutschland","Russland"],"inLanguage":"de","potentialAction":[{"@type":"CommentAction","name":"Comment","target":["https:\/\/now-news.de\/de\/deutschland\/us-politologe-mearsheimer-voelkermordklage-gegen-israel-hat-auswirkungen-auch-auf-usa\/#respond"]}]},{"@type":"WebPage","@id":"https:\/\/now-news.de\/de\/deutschland\/us-politologe-mearsheimer-voelkermordklage-gegen-israel-hat-auswirkungen-auch-auf-usa\/","url":"https:\/\/now-news.de\/de\/deutschland\/us-politologe-mearsheimer-voelkermordklage-gegen-israel-hat-auswirkungen-auch-auf-usa\/","name":"US-Politologe Mearsheimer: V\u00f6lkermordklage gegen Israel hat Auswirkungen auch auf USA - just-now.NEWS Deutschland","isPartOf":{"@id":"https:\/\/now-news.de\/de\/#website"},"primaryImageOfPage":{"@id":"https:\/\/now-news.de\/de\/deutschland\/us-politologe-mearsheimer-voelkermordklage-gegen-israel-hat-auswirkungen-auch-auf-usa\/#primaryimage"},"image":{"@id":"https:\/\/now-news.de\/de\/deutschland\/us-politologe-mearsheimer-voelkermordklage-gegen-israel-hat-auswirkungen-auch-auf-usa\/#primaryimage"},"thumbnailUrl":"https:\/\/now-news.de\/de\/wp-content\/uploads\/sites\/3\/2024\/01\/US-Politologe-Mearsheimer-Voelkermordklage-gegen-Israel-hat-Auswirkungen-auch-auf-USA.jpg","datePublished":"2024-01-10T08:07:17+00:00","dateModified":"2024-01-10T08:07:17+00:00","breadcrumb":{"@id":"https:\/\/now-news.de\/de\/deutschland\/us-politologe-mearsheimer-voelkermordklage-gegen-israel-hat-auswirkungen-auch-auf-usa\/#breadcrumb"},"inLanguage":"de","potentialAction":[{"@type":"ReadAction","target":["https:\/\/now-news.de\/de\/deutschland\/us-politologe-mearsheimer-voelkermordklage-gegen-israel-hat-auswirkungen-auch-auf-usa\/"]}]},{"@type":"ImageObject","inLanguage":"de","@id":"https:\/\/now-news.de\/de\/deutschland\/us-politologe-mearsheimer-voelkermordklage-gegen-israel-hat-auswirkungen-auch-auf-usa\/#primaryimage","url":"https:\/\/now-news.de\/de\/wp-content\/uploads\/sites\/3\/2024\/01\/US-Politologe-Mearsheimer-Voelkermordklage-gegen-Israel-hat-Auswirkungen-auch-auf-USA.jpg","contentUrl":"https:\/\/now-news.de\/de\/wp-content\/uploads\/sites\/3\/2024\/01\/US-Politologe-Mearsheimer-Voelkermordklage-gegen-Israel-hat-Auswirkungen-auch-auf-USA.jpg","width":460,"height":259,"caption":"US-Politologe Mearsheimer: V\u00f6lkermordklage gegen Israel hat Auswirkungen auch auf USA"},{"@type":"BreadcrumbList","@id":"https:\/\/now-news.de\/de\/deutschland\/us-politologe-mearsheimer-voelkermordklage-gegen-israel-hat-auswirkungen-auch-auf-usa\/#breadcrumb","itemListElement":[{"@type":"ListItem","position":1,"name":"Home","item":"https:\/\/now-news.de\/de\/"},{"@type":"ListItem","position":2,"name":"US-Politologe Mearsheimer: V\u00f6lkermordklage gegen Israel hat Auswirkungen auch auf USA"}]},{"@type":"WebSite","@id":"https:\/\/now-news.de\/de\/#website","url":"https:\/\/now-news.de\/de\/","name":"just-now.NEWS Deutschland","description":"Das Portal f\u00fcr unzensierte Nachrichten aus der Welt","publisher":{"@id":"https:\/\/now-news.de\/de\/#organization"},"potentialAction":[{"@type":"SearchAction","target":{"@type":"EntryPoint","urlTemplate":"https:\/\/now-news.de\/de\/?s={search_term_string}"},"query-input":"required name=search_term_string"}],"inLanguage":"de"},{"@type":"Organization","@id":"https:\/\/now-news.de\/de\/#organization","name":"Just Now News","url":"https:\/\/now-news.de\/de\/","logo":{"@type":"ImageObject","inLanguage":"de","@id":"https:\/\/now-news.de\/de\/#\/schema\/logo\/image\/","url":"http:\/\/just-now.news\/de\/wp-content\/uploads\/sites\/3\/2022\/04\/logo500x500.jpg","contentUrl":"http:\/\/just-now.news\/de\/wp-content\/uploads\/sites\/3\/2022\/04\/logo500x500.jpg","width":500,"height":500,"caption":"Just Now News"},"image":{"@id":"https:\/\/now-news.de\/de\/#\/schema\/logo\/image\/"},"sameAs":["https:\/\/www.facebook.com\/wirmachenauf","https:\/\/x.com\/WirMachenAuf_de"]},{"@type":"Person","@id":"https:\/\/now-news.de\/de\/#\/schema\/person\/fb534a4e865501d8b3285208df34a9b5","name":"rtnews","image":{"@type":"ImageObject","inLanguage":"de","@id":"https:\/\/now-news.de\/de\/#\/schema\/person\/image\/","url":"https:\/\/secure.gravatar.com\/avatar\/82aafea7d8127119dd649515f56e2117?s=96&d=mm&r=g","contentUrl":"https:\/\/secure.gravatar.com\/avatar\/82aafea7d8127119dd649515f56e2117?s=96&d=mm&r=g","caption":"rtnews"},"url":"https:\/\/now-news.de\/de\/author\/rnews\/"}]}},"_links":{"self":[{"href":"https:\/\/now-news.de\/de\/wp-json\/wp\/v2\/posts\/52958"}],"collection":[{"href":"https:\/\/now-news.de\/de\/wp-json\/wp\/v2\/posts"}],"about":[{"href":"https:\/\/now-news.de\/de\/wp-json\/wp\/v2\/types\/post"}],"author":[{"embeddable":true,"href":"https:\/\/now-news.de\/de\/wp-json\/wp\/v2\/users\/3"}],"replies":[{"embeddable":true,"href":"https:\/\/now-news.de\/de\/wp-json\/wp\/v2\/comments?post=52958"}],"version-history":[{"count":0,"href":"https:\/\/now-news.de\/de\/wp-json\/wp\/v2\/posts\/52958\/revisions"}],"wp:featuredmedia":[{"embeddable":true,"href":"https:\/\/now-news.de\/de\/wp-json\/wp\/v2\/media\/52959"}],"wp:attachment":[{"href":"https:\/\/now-news.de\/de\/wp-json\/wp\/v2\/media?parent=52958"}],"wp:term":[{"taxonomy":"category","embeddable":true,"href":"https:\/\/now-news.de\/de\/wp-json\/wp\/v2\/categories?post=52958"},{"taxonomy":"post_tag","embeddable":true,"href":"https:\/\/now-news.de\/de\/wp-json\/wp\/v2\/tags?post=52958"}],"curies":[{"name":"wp","href":"https:\/\/api.w.org\/{rel}","templated":true}]}}