{"id":52906,"date":"2024-01-09T11:37:15","date_gmt":"2024-01-09T09:37:15","guid":{"rendered":"https:\/\/just-now.news\/de\/deutschland\/suedkorea-kuendigt-abkommen-ueber-sicherheitszone-an-grenze-zu-nordkorea-auf\/"},"modified":"2024-01-09T11:37:15","modified_gmt":"2024-01-09T09:37:15","slug":"suedkorea-kuendigt-abkommen-ueber-sicherheitszone-an-grenze-zu-nordkorea-auf","status":"publish","type":"post","link":"https:\/\/now-news.de\/de\/deutschland\/suedkorea-kuendigt-abkommen-ueber-sicherheitszone-an-grenze-zu-nordkorea-auf\/","title":{"rendered":"S\u00fcdkorea k\u00fcndigt Abkommen \u00fcber Sicherheitszone an Grenze zu Nordkorea auf"},"content":{"rendered":"<p><img decoding=\"async\" src=\"http:\/\/just-now.news\/de\/wp-content\/uploads\/sites\/3\/2024\/01\/659d0111b480cc04283f81a7.jpg\" \/><\/p>\n<div class=\"Text-root Text-type_1 \">\n                Das s\u00fcdkoreanische Milit\u00e4r schafft die Pufferzone an der Grenze zu Nordkorea ab, nachdem auf dem Niemandsland nordkoreanische Geschosse eingeschlagen sind. Somit ist ein weiterer Punkt des Abkommens zum Abbau milit\u00e4rischer Spannungen vom September 2018 au\u00dfer Kraft gesetzt.\n            <\/div>\n<p><\/p>\n<div class=\"Text-root Text-type_5 ArticleView-text ViewText-root \">\n<p>Der Sprecher des s\u00fcdkoreanischen Generalstabs, Lee Sung-jun, hat erkl\u00e4rt, dass nun keine sogenannte Pufferzone an der Grenze zwischen den beiden Koreas mehr existiere. Bislang untersagte ein von Seoul und Pj\u00f6ngjang im September 2018 unterzeichnetes Abkommens zum Abbau milit\u00e4rischer Spannungen jegliche Artillerie\u00fcbungen in diesem Niemandsland. Nachdem aber zuletzt in der Pufferzone mehrere nordkoreanische Geschosse eingeschlagen waren, <a rel=\"nofollow noopener\" target=\"_blank\" href=\"https:\/\/www.chosun.com\/english\/north-korea-en\/2024\/01\/08\/4EUQHLWA4VHRTJOQBRRDARJCWU\/\">sagte<\/a> Lee auf einem Briefing am 8. Januar:<\/p>\n<blockquote>\n<p><em>&#8220;Nordkorea hat mit seinen Aktivit\u00e4ten gezeigt, dass die Waffenstillstandszone nicht mehr existiert.&#8221;<\/em><\/p>\n<\/blockquote>\n<p>Nach Angaben des Generalstabs in Seoul habe das nordkoreanische Milit\u00e4r in den vergangenen drei Tagen diese Pufferzone im Gelben Meer beschossen. Zugleich gab Lee bekannt, dass Pj\u00f6ngjang seit der Unterzeichnung des Abkommens vor gut f\u00fcnf Jahren mehr als 3.600-mal dagegen versto\u00dfen habe.<\/p>\n<p>Am 5. Januar hatte Nordkorea eine Serie von Artillerieschie\u00df\u00fcbungen gegen maritime Ziele begonnen. Dabei wurde entgegen den Vorschriften des Abkommens die neutrale Zone getroffen. Am selben Tag antwortete S\u00fcdkorea ebenfalls mit Artillerie\u00fcbungen, bei denen maritime Ziele in der Pufferzone getroffen wurden.<\/p>\n<p>Am 19. September 2018 hatten Nordkorea und S\u00fcdkorea vereinbart, entlang der Grenze eine Flugverbotszone einzurichten, Man\u00f6ver und Schie\u00df\u00fcbungen entlang der See- und Landgrenze einzustellen und milit\u00e4rische Wachposten aus der erweiterten Pufferzone zur\u00fcckzuziehen. Das Abkommen kam bei einem Gipfeltreffen zwischen dem damaligen US-Pr\u00e4sidenten Donald Trump und Nordkoreas Staatschef Kim Jong-un zustande.<\/p>\n<p>Nachdem das nordkoreanische Milit\u00e4r am 21. November 2023 erstmals erfolgreich einen Spionagesatelliten ins All gestartet hatte, setzte die Regierung in Seoul am folgenden Tag eine Klausel in der Vereinbarung aus und machte den Weg frei, die \u00dcberwachung und die Luftaufkl\u00e4rung in der demilitarisierten Zone zwischen den beiden Koreas wiederaufzunehmen.<\/p>\n<p>Am 23. November stieg Pj\u00f6ngjang aus dem Abkommen aus und k\u00fcndigte an, Truppen und moderne Waffen entlang der Demarkationslinie stationieren zu wollen. Nordkorea verteidigte den Start seines Aufkl\u00e4rungssatelliten, indem das Land auf sein legitimes Recht auf Selbstverteidigung verwies. Au\u00dferdem stellte die nordkoreanische F\u00fchrung weitere Satellitenstarts in Aussicht.<\/p>\n<p><strong>Mehr zum Thema<\/strong> &#8211;\u00a0<a rel=\"nofollow noopener\" target=\"_blank\" href=\"https:\/\/freeassange.rtde.life\/asien\/191959-kriegsgefahr-nordkorea-kuendigt-bei-jeder\/\">Kriegsgefahr: Nordkorea k\u00fcndigt bei jeder s\u00fcdkoreanischen Provokation einen Milit\u00e4rschlag an<\/a><\/p>\n<\/p>\n<\/div>\n<p><br \/>\n<br \/><a href=\"https:\/\/de.rt.com\/asien\/192148-suedkorea-kuendigt-abkommen-ueber-sicherheitszonen\/\">Source link <\/a><\/p>\n","protected":false},"excerpt":{"rendered":"<p>Das s\u00fcdkoreanische Milit\u00e4r schafft die Pufferzone an der Grenze zu Nordkorea ab, nachdem auf dem Niemandsland nordkoreanische Geschosse eingeschlagen sind. Somit ist ein weiterer Punkt des Abkommens zum Abbau milit\u00e4rischer Spannungen vom September 2018 au\u00dfer Kraft gesetzt. Der Sprecher des s\u00fcdkoreanischen Generalstabs, Lee Sung-jun, hat erkl\u00e4rt, dass nun keine sogenannte Pufferzone an der Grenze zwischen [&hellip;]<\/p>\n","protected":false},"author":3,"featured_media":52907,"comment_status":"open","ping_status":"open","sticky":false,"template":"","format":"standard","meta":{"_yoast_indexnow_last_ping":["1704794992"],"wp_automatic_camp":["217"],"aa2d601a5c4d6cb33c5d030f2df1bee4":["S\u00fcdkorea k\u00fcndigt Abkommen \u00fcber Sicherheitszone an Grenze zu Nordkorea auf"],"original_link":["https:\/\/de.rt.com\/asien\/192148-suedkorea-kuendigt-abkommen-ueber-sicherheitszonen\/"],"_thumbnail_id":["52907"],"_wptgpro_p2tg_sent2tg":["a:1:{i:23737;s:19:\"2024-01-09 12:11:01\";}"],"jnews_social_counter_last_update":["1776890828"]},"categories":[19,23],"tags":[6385,133,366,4224,10407,52280,18576,139],"yoast_head":"<!-- This site is optimized with the Yoast SEO Premium plugin v22.7 (Yoast SEO v22.7) - https:\/\/yoast.com\/wordpress\/plugins\/seo\/ -->\n<title>S\u00fcdkorea k\u00fcndigt Abkommen \u00fcber Sicherheitszone an Grenze zu Nordkorea auf - just-now.NEWS Deutschland<\/title>\n<meta name=\"robots\" content=\"index, follow, max-snippet:-1, max-image-preview:large, max-video-preview:-1\" \/>\n<link rel=\"canonical\" href=\"https:\/\/now-news.de\/de\/deutschland\/suedkorea-kuendigt-abkommen-ueber-sicherheitszone-an-grenze-zu-nordkorea-auf\/\" \/>\n<meta property=\"og:locale\" content=\"de_DE\" \/>\n<meta property=\"og:type\" content=\"article\" \/>\n<meta property=\"og:title\" content=\"S\u00fcdkorea k\u00fcndigt Abkommen \u00fcber Sicherheitszone an Grenze zu Nordkorea auf\" \/>\n<meta property=\"og:description\" content=\"Das s\u00fcdkoreanische Milit\u00e4r schafft die Pufferzone an der Grenze zu Nordkorea ab, nachdem auf dem Niemandsland nordkoreanische Geschosse eingeschlagen sind. Somit ist ein weiterer Punkt des Abkommens zum Abbau milit\u00e4rischer Spannungen vom September 2018 au\u00dfer Kraft gesetzt. Der Sprecher des s\u00fcdkoreanischen Generalstabs, Lee Sung-jun, hat erkl\u00e4rt, dass nun keine sogenannte Pufferzone an der Grenze zwischen [&hellip;]\" \/>\n<meta property=\"og:url\" content=\"https:\/\/now-news.de\/de\/deutschland\/suedkorea-kuendigt-abkommen-ueber-sicherheitszone-an-grenze-zu-nordkorea-auf\/\" \/>\n<meta property=\"og:site_name\" content=\"just-now.NEWS Deutschland\" \/>\n<meta property=\"article:publisher\" content=\"https:\/\/www.facebook.com\/wirmachenauf\" \/>\n<meta property=\"article:published_time\" content=\"2024-01-09T09:37:15+00:00\" \/>\n<meta property=\"og:image\" content=\"https:\/\/now-news.de\/de\/wp-content\/uploads\/sites\/3\/2024\/01\/Suedkorea-kuendigt-Abkommen-ueber-Sicherheitszone-an-Grenze-zu-Nordkorea-auf.jpg\" \/>\n\t<meta property=\"og:image:width\" content=\"460\" \/>\n\t<meta property=\"og:image:height\" content=\"259\" \/>\n\t<meta property=\"og:image:type\" content=\"image\/jpeg\" \/>\n<meta name=\"author\" content=\"rtnews\" \/>\n<meta name=\"twitter:card\" content=\"summary_large_image\" \/>\n<meta name=\"twitter:creator\" content=\"@WirMachenAuf_de\" \/>\n<meta name=\"twitter:site\" content=\"@WirMachenAuf_de\" \/>\n<meta name=\"twitter:label1\" content=\"Verfasst von\" \/>\n\t<meta name=\"twitter:data1\" content=\"rtnews\" \/>\n\t<meta name=\"twitter:label2\" content=\"Gesch\u00e4tzte Lesezeit\" \/>\n\t<meta name=\"twitter:data2\" content=\"2\u00a0Minuten\" \/>\n<script type=\"application\/ld+json\" class=\"yoast-schema-graph\">{\"@context\":\"https:\/\/schema.org\",\"@graph\":[{\"@type\":\"Article\",\"@id\":\"https:\/\/now-news.de\/de\/deutschland\/suedkorea-kuendigt-abkommen-ueber-sicherheitszone-an-grenze-zu-nordkorea-auf\/#article\",\"isPartOf\":{\"@id\":\"https:\/\/now-news.de\/de\/deutschland\/suedkorea-kuendigt-abkommen-ueber-sicherheitszone-an-grenze-zu-nordkorea-auf\/\"},\"author\":{\"name\":\"rtnews\",\"@id\":\"https:\/\/now-news.de\/de\/#\/schema\/person\/fb534a4e865501d8b3285208df34a9b5\"},\"headline\":\"S\u00fcdkorea k\u00fcndigt Abkommen \u00fcber Sicherheitszone an Grenze zu Nordkorea auf\",\"datePublished\":\"2024-01-09T09:37:15+00:00\",\"dateModified\":\"2024-01-09T09:37:15+00:00\",\"mainEntityOfPage\":{\"@id\":\"https:\/\/now-news.de\/de\/deutschland\/suedkorea-kuendigt-abkommen-ueber-sicherheitszone-an-grenze-zu-nordkorea-auf\/\"},\"wordCount\":394,\"commentCount\":0,\"publisher\":{\"@id\":\"https:\/\/now-news.de\/de\/#organization\"},\"image\":{\"@id\":\"https:\/\/now-news.de\/de\/deutschland\/suedkorea-kuendigt-abkommen-ueber-sicherheitszone-an-grenze-zu-nordkorea-auf\/#primaryimage\"},\"thumbnailUrl\":\"https:\/\/now-news.de\/de\/wp-content\/uploads\/sites\/3\/2024\/01\/Suedkorea-kuendigt-Abkommen-ueber-Sicherheitszone-an-Grenze-zu-Nordkorea-auf.jpg\",\"keywords\":[\"Abkommen\",\"AUF\",\"Grenze\",\"k\u00fcndigt\",\"Nordkorea\",\"Sicherheitszone\",\"S\u00fcdkorea\",\"\u00fcber\"],\"articleSection\":[\"Deutschland\",\"Russland\"],\"inLanguage\":\"de\",\"potentialAction\":[{\"@type\":\"CommentAction\",\"name\":\"Comment\",\"target\":[\"https:\/\/now-news.de\/de\/deutschland\/suedkorea-kuendigt-abkommen-ueber-sicherheitszone-an-grenze-zu-nordkorea-auf\/#respond\"]}]},{\"@type\":\"WebPage\",\"@id\":\"https:\/\/now-news.de\/de\/deutschland\/suedkorea-kuendigt-abkommen-ueber-sicherheitszone-an-grenze-zu-nordkorea-auf\/\",\"url\":\"https:\/\/now-news.de\/de\/deutschland\/suedkorea-kuendigt-abkommen-ueber-sicherheitszone-an-grenze-zu-nordkorea-auf\/\",\"name\":\"S\u00fcdkorea k\u00fcndigt Abkommen \u00fcber Sicherheitszone an Grenze zu Nordkorea auf - just-now.NEWS Deutschland\",\"isPartOf\":{\"@id\":\"https:\/\/now-news.de\/de\/#website\"},\"primaryImageOfPage\":{\"@id\":\"https:\/\/now-news.de\/de\/deutschland\/suedkorea-kuendigt-abkommen-ueber-sicherheitszone-an-grenze-zu-nordkorea-auf\/#primaryimage\"},\"image\":{\"@id\":\"https:\/\/now-news.de\/de\/deutschland\/suedkorea-kuendigt-abkommen-ueber-sicherheitszone-an-grenze-zu-nordkorea-auf\/#primaryimage\"},\"thumbnailUrl\":\"https:\/\/now-news.de\/de\/wp-content\/uploads\/sites\/3\/2024\/01\/Suedkorea-kuendigt-Abkommen-ueber-Sicherheitszone-an-Grenze-zu-Nordkorea-auf.jpg\",\"datePublished\":\"2024-01-09T09:37:15+00:00\",\"dateModified\":\"2024-01-09T09:37:15+00:00\",\"breadcrumb\":{\"@id\":\"https:\/\/now-news.de\/de\/deutschland\/suedkorea-kuendigt-abkommen-ueber-sicherheitszone-an-grenze-zu-nordkorea-auf\/#breadcrumb\"},\"inLanguage\":\"de\",\"potentialAction\":[{\"@type\":\"ReadAction\",\"target\":[\"https:\/\/now-news.de\/de\/deutschland\/suedkorea-kuendigt-abkommen-ueber-sicherheitszone-an-grenze-zu-nordkorea-auf\/\"]}]},{\"@type\":\"ImageObject\",\"inLanguage\":\"de\",\"@id\":\"https:\/\/now-news.de\/de\/deutschland\/suedkorea-kuendigt-abkommen-ueber-sicherheitszone-an-grenze-zu-nordkorea-auf\/#primaryimage\",\"url\":\"https:\/\/now-news.de\/de\/wp-content\/uploads\/sites\/3\/2024\/01\/Suedkorea-kuendigt-Abkommen-ueber-Sicherheitszone-an-Grenze-zu-Nordkorea-auf.jpg\",\"contentUrl\":\"https:\/\/now-news.de\/de\/wp-content\/uploads\/sites\/3\/2024\/01\/Suedkorea-kuendigt-Abkommen-ueber-Sicherheitszone-an-Grenze-zu-Nordkorea-auf.jpg\",\"width\":460,\"height\":259,\"caption\":\"S\u00fcdkorea k\u00fcndigt Abkommen \u00fcber Sicherheitszone an Grenze zu Nordkorea auf\"},{\"@type\":\"BreadcrumbList\",\"@id\":\"https:\/\/now-news.de\/de\/deutschland\/suedkorea-kuendigt-abkommen-ueber-sicherheitszone-an-grenze-zu-nordkorea-auf\/#breadcrumb\",\"itemListElement\":[{\"@type\":\"ListItem\",\"position\":1,\"name\":\"Home\",\"item\":\"https:\/\/now-news.de\/de\/\"},{\"@type\":\"ListItem\",\"position\":2,\"name\":\"S\u00fcdkorea k\u00fcndigt Abkommen \u00fcber Sicherheitszone an Grenze zu Nordkorea auf\"}]},{\"@type\":\"WebSite\",\"@id\":\"https:\/\/now-news.de\/de\/#website\",\"url\":\"https:\/\/now-news.de\/de\/\",\"name\":\"just-now.NEWS Deutschland\",\"description\":\"Das Portal f\u00fcr unzensierte Nachrichten aus der Welt\",\"publisher\":{\"@id\":\"https:\/\/now-news.de\/de\/#organization\"},\"potentialAction\":[{\"@type\":\"SearchAction\",\"target\":{\"@type\":\"EntryPoint\",\"urlTemplate\":\"https:\/\/now-news.de\/de\/?s={search_term_string}\"},\"query-input\":\"required name=search_term_string\"}],\"inLanguage\":\"de\"},{\"@type\":\"Organization\",\"@id\":\"https:\/\/now-news.de\/de\/#organization\",\"name\":\"Just Now News\",\"url\":\"https:\/\/now-news.de\/de\/\",\"logo\":{\"@type\":\"ImageObject\",\"inLanguage\":\"de\",\"@id\":\"https:\/\/now-news.de\/de\/#\/schema\/logo\/image\/\",\"url\":\"http:\/\/just-now.news\/de\/wp-content\/uploads\/sites\/3\/2022\/04\/logo500x500.jpg\",\"contentUrl\":\"http:\/\/just-now.news\/de\/wp-content\/uploads\/sites\/3\/2022\/04\/logo500x500.jpg\",\"width\":500,\"height\":500,\"caption\":\"Just Now News\"},\"image\":{\"@id\":\"https:\/\/now-news.de\/de\/#\/schema\/logo\/image\/\"},\"sameAs\":[\"https:\/\/www.facebook.com\/wirmachenauf\",\"https:\/\/x.com\/WirMachenAuf_de\"]},{\"@type\":\"Person\",\"@id\":\"https:\/\/now-news.de\/de\/#\/schema\/person\/fb534a4e865501d8b3285208df34a9b5\",\"name\":\"rtnews\",\"image\":{\"@type\":\"ImageObject\",\"inLanguage\":\"de\",\"@id\":\"https:\/\/now-news.de\/de\/#\/schema\/person\/image\/\",\"url\":\"https:\/\/secure.gravatar.com\/avatar\/82aafea7d8127119dd649515f56e2117?s=96&d=mm&r=g\",\"contentUrl\":\"https:\/\/secure.gravatar.com\/avatar\/82aafea7d8127119dd649515f56e2117?s=96&d=mm&r=g\",\"caption\":\"rtnews\"},\"url\":\"https:\/\/now-news.de\/de\/author\/rnews\/\"}]}<\/script>\n<!-- \/ Yoast SEO Premium plugin. -->","yoast_head_json":{"title":"S\u00fcdkorea k\u00fcndigt Abkommen \u00fcber Sicherheitszone an Grenze zu Nordkorea auf - just-now.NEWS Deutschland","robots":{"index":"index","follow":"follow","max-snippet":"max-snippet:-1","max-image-preview":"max-image-preview:large","max-video-preview":"max-video-preview:-1"},"canonical":"https:\/\/now-news.de\/de\/deutschland\/suedkorea-kuendigt-abkommen-ueber-sicherheitszone-an-grenze-zu-nordkorea-auf\/","og_locale":"de_DE","og_type":"article","og_title":"S\u00fcdkorea k\u00fcndigt Abkommen \u00fcber Sicherheitszone an Grenze zu Nordkorea auf","og_description":"Das s\u00fcdkoreanische Milit\u00e4r schafft die Pufferzone an der Grenze zu Nordkorea ab, nachdem auf dem Niemandsland nordkoreanische Geschosse eingeschlagen sind. Somit ist ein weiterer Punkt des Abkommens zum Abbau milit\u00e4rischer Spannungen vom September 2018 au\u00dfer Kraft gesetzt. Der Sprecher des s\u00fcdkoreanischen Generalstabs, Lee Sung-jun, hat erkl\u00e4rt, dass nun keine sogenannte Pufferzone an der Grenze zwischen [&hellip;]","og_url":"https:\/\/now-news.de\/de\/deutschland\/suedkorea-kuendigt-abkommen-ueber-sicherheitszone-an-grenze-zu-nordkorea-auf\/","og_site_name":"just-now.NEWS Deutschland","article_publisher":"https:\/\/www.facebook.com\/wirmachenauf","article_published_time":"2024-01-09T09:37:15+00:00","og_image":[{"width":460,"height":259,"url":"https:\/\/now-news.de\/de\/wp-content\/uploads\/sites\/3\/2024\/01\/Suedkorea-kuendigt-Abkommen-ueber-Sicherheitszone-an-Grenze-zu-Nordkorea-auf.jpg","type":"image\/jpeg"}],"author":"rtnews","twitter_card":"summary_large_image","twitter_creator":"@WirMachenAuf_de","twitter_site":"@WirMachenAuf_de","twitter_misc":{"Verfasst von":"rtnews","Gesch\u00e4tzte Lesezeit":"2\u00a0Minuten"},"schema":{"@context":"https:\/\/schema.org","@graph":[{"@type":"Article","@id":"https:\/\/now-news.de\/de\/deutschland\/suedkorea-kuendigt-abkommen-ueber-sicherheitszone-an-grenze-zu-nordkorea-auf\/#article","isPartOf":{"@id":"https:\/\/now-news.de\/de\/deutschland\/suedkorea-kuendigt-abkommen-ueber-sicherheitszone-an-grenze-zu-nordkorea-auf\/"},"author":{"name":"rtnews","@id":"https:\/\/now-news.de\/de\/#\/schema\/person\/fb534a4e865501d8b3285208df34a9b5"},"headline":"S\u00fcdkorea k\u00fcndigt Abkommen \u00fcber Sicherheitszone an Grenze zu Nordkorea auf","datePublished":"2024-01-09T09:37:15+00:00","dateModified":"2024-01-09T09:37:15+00:00","mainEntityOfPage":{"@id":"https:\/\/now-news.de\/de\/deutschland\/suedkorea-kuendigt-abkommen-ueber-sicherheitszone-an-grenze-zu-nordkorea-auf\/"},"wordCount":394,"commentCount":0,"publisher":{"@id":"https:\/\/now-news.de\/de\/#organization"},"image":{"@id":"https:\/\/now-news.de\/de\/deutschland\/suedkorea-kuendigt-abkommen-ueber-sicherheitszone-an-grenze-zu-nordkorea-auf\/#primaryimage"},"thumbnailUrl":"https:\/\/now-news.de\/de\/wp-content\/uploads\/sites\/3\/2024\/01\/Suedkorea-kuendigt-Abkommen-ueber-Sicherheitszone-an-Grenze-zu-Nordkorea-auf.jpg","keywords":["Abkommen","AUF","Grenze","k\u00fcndigt","Nordkorea","Sicherheitszone","S\u00fcdkorea","\u00fcber"],"articleSection":["Deutschland","Russland"],"inLanguage":"de","potentialAction":[{"@type":"CommentAction","name":"Comment","target":["https:\/\/now-news.de\/de\/deutschland\/suedkorea-kuendigt-abkommen-ueber-sicherheitszone-an-grenze-zu-nordkorea-auf\/#respond"]}]},{"@type":"WebPage","@id":"https:\/\/now-news.de\/de\/deutschland\/suedkorea-kuendigt-abkommen-ueber-sicherheitszone-an-grenze-zu-nordkorea-auf\/","url":"https:\/\/now-news.de\/de\/deutschland\/suedkorea-kuendigt-abkommen-ueber-sicherheitszone-an-grenze-zu-nordkorea-auf\/","name":"S\u00fcdkorea k\u00fcndigt Abkommen \u00fcber Sicherheitszone an Grenze zu Nordkorea auf - just-now.NEWS Deutschland","isPartOf":{"@id":"https:\/\/now-news.de\/de\/#website"},"primaryImageOfPage":{"@id":"https:\/\/now-news.de\/de\/deutschland\/suedkorea-kuendigt-abkommen-ueber-sicherheitszone-an-grenze-zu-nordkorea-auf\/#primaryimage"},"image":{"@id":"https:\/\/now-news.de\/de\/deutschland\/suedkorea-kuendigt-abkommen-ueber-sicherheitszone-an-grenze-zu-nordkorea-auf\/#primaryimage"},"thumbnailUrl":"https:\/\/now-news.de\/de\/wp-content\/uploads\/sites\/3\/2024\/01\/Suedkorea-kuendigt-Abkommen-ueber-Sicherheitszone-an-Grenze-zu-Nordkorea-auf.jpg","datePublished":"2024-01-09T09:37:15+00:00","dateModified":"2024-01-09T09:37:15+00:00","breadcrumb":{"@id":"https:\/\/now-news.de\/de\/deutschland\/suedkorea-kuendigt-abkommen-ueber-sicherheitszone-an-grenze-zu-nordkorea-auf\/#breadcrumb"},"inLanguage":"de","potentialAction":[{"@type":"ReadAction","target":["https:\/\/now-news.de\/de\/deutschland\/suedkorea-kuendigt-abkommen-ueber-sicherheitszone-an-grenze-zu-nordkorea-auf\/"]}]},{"@type":"ImageObject","inLanguage":"de","@id":"https:\/\/now-news.de\/de\/deutschland\/suedkorea-kuendigt-abkommen-ueber-sicherheitszone-an-grenze-zu-nordkorea-auf\/#primaryimage","url":"https:\/\/now-news.de\/de\/wp-content\/uploads\/sites\/3\/2024\/01\/Suedkorea-kuendigt-Abkommen-ueber-Sicherheitszone-an-Grenze-zu-Nordkorea-auf.jpg","contentUrl":"https:\/\/now-news.de\/de\/wp-content\/uploads\/sites\/3\/2024\/01\/Suedkorea-kuendigt-Abkommen-ueber-Sicherheitszone-an-Grenze-zu-Nordkorea-auf.jpg","width":460,"height":259,"caption":"S\u00fcdkorea k\u00fcndigt Abkommen \u00fcber Sicherheitszone an Grenze zu Nordkorea auf"},{"@type":"BreadcrumbList","@id":"https:\/\/now-news.de\/de\/deutschland\/suedkorea-kuendigt-abkommen-ueber-sicherheitszone-an-grenze-zu-nordkorea-auf\/#breadcrumb","itemListElement":[{"@type":"ListItem","position":1,"name":"Home","item":"https:\/\/now-news.de\/de\/"},{"@type":"ListItem","position":2,"name":"S\u00fcdkorea k\u00fcndigt Abkommen \u00fcber Sicherheitszone an Grenze zu Nordkorea auf"}]},{"@type":"WebSite","@id":"https:\/\/now-news.de\/de\/#website","url":"https:\/\/now-news.de\/de\/","name":"just-now.NEWS Deutschland","description":"Das Portal f\u00fcr unzensierte Nachrichten aus der Welt","publisher":{"@id":"https:\/\/now-news.de\/de\/#organization"},"potentialAction":[{"@type":"SearchAction","target":{"@type":"EntryPoint","urlTemplate":"https:\/\/now-news.de\/de\/?s={search_term_string}"},"query-input":"required name=search_term_string"}],"inLanguage":"de"},{"@type":"Organization","@id":"https:\/\/now-news.de\/de\/#organization","name":"Just Now News","url":"https:\/\/now-news.de\/de\/","logo":{"@type":"ImageObject","inLanguage":"de","@id":"https:\/\/now-news.de\/de\/#\/schema\/logo\/image\/","url":"http:\/\/just-now.news\/de\/wp-content\/uploads\/sites\/3\/2022\/04\/logo500x500.jpg","contentUrl":"http:\/\/just-now.news\/de\/wp-content\/uploads\/sites\/3\/2022\/04\/logo500x500.jpg","width":500,"height":500,"caption":"Just Now News"},"image":{"@id":"https:\/\/now-news.de\/de\/#\/schema\/logo\/image\/"},"sameAs":["https:\/\/www.facebook.com\/wirmachenauf","https:\/\/x.com\/WirMachenAuf_de"]},{"@type":"Person","@id":"https:\/\/now-news.de\/de\/#\/schema\/person\/fb534a4e865501d8b3285208df34a9b5","name":"rtnews","image":{"@type":"ImageObject","inLanguage":"de","@id":"https:\/\/now-news.de\/de\/#\/schema\/person\/image\/","url":"https:\/\/secure.gravatar.com\/avatar\/82aafea7d8127119dd649515f56e2117?s=96&d=mm&r=g","contentUrl":"https:\/\/secure.gravatar.com\/avatar\/82aafea7d8127119dd649515f56e2117?s=96&d=mm&r=g","caption":"rtnews"},"url":"https:\/\/now-news.de\/de\/author\/rnews\/"}]}},"_links":{"self":[{"href":"https:\/\/now-news.de\/de\/wp-json\/wp\/v2\/posts\/52906"}],"collection":[{"href":"https:\/\/now-news.de\/de\/wp-json\/wp\/v2\/posts"}],"about":[{"href":"https:\/\/now-news.de\/de\/wp-json\/wp\/v2\/types\/post"}],"author":[{"embeddable":true,"href":"https:\/\/now-news.de\/de\/wp-json\/wp\/v2\/users\/3"}],"replies":[{"embeddable":true,"href":"https:\/\/now-news.de\/de\/wp-json\/wp\/v2\/comments?post=52906"}],"version-history":[{"count":0,"href":"https:\/\/now-news.de\/de\/wp-json\/wp\/v2\/posts\/52906\/revisions"}],"wp:featuredmedia":[{"embeddable":true,"href":"https:\/\/now-news.de\/de\/wp-json\/wp\/v2\/media\/52907"}],"wp:attachment":[{"href":"https:\/\/now-news.de\/de\/wp-json\/wp\/v2\/media?parent=52906"}],"wp:term":[{"taxonomy":"category","embeddable":true,"href":"https:\/\/now-news.de\/de\/wp-json\/wp\/v2\/categories?post=52906"},{"taxonomy":"post_tag","embeddable":true,"href":"https:\/\/now-news.de\/de\/wp-json\/wp\/v2\/tags?post=52906"}],"curies":[{"name":"wp","href":"https:\/\/api.w.org\/{rel}","templated":true}]}}