{"id":52886,"date":"2024-01-08T20:51:40","date_gmt":"2024-01-08T18:51:40","guid":{"rendered":"https:\/\/just-now.news\/de\/deutschland\/elon-musk-unterstuetzt-bauernproteste-in-berlin\/"},"modified":"2024-01-08T20:51:40","modified_gmt":"2024-01-08T18:51:40","slug":"elon-musk-unterstuetzt-bauernproteste-in-berlin","status":"publish","type":"post","link":"https:\/\/now-news.de\/de\/deutschland\/elon-musk-unterstuetzt-bauernproteste-in-berlin\/","title":{"rendered":"Elon Musk unterst\u00fctzt Bauernproteste in Berlin"},"content":{"rendered":"<p><img decoding=\"async\" src=\"http:\/\/just-now.news\/de\/wp-content\/uploads\/sites\/3\/2024\/01\/659c363748fbef117b1e07fb.jpg\" \/><\/p>\n<div class=\"Text-root Text-type_1 \">\n                Schon l\u00e4ngere Zeit bewirkt die Politik der &#8220;Ampel&#8221; nicht nur in Deutschland Fassungslosigkeit. Der anwachsende Protest von Bauern sorgt  auch im Ausland f\u00fcr verwunderte Aufmerksamkeit. Sogar Elon Musk \u00e4u\u00dfert sich wohlwollend auf X, vormals Twitter.\n            <\/div>\n<p><\/p>\n<div class=\"Text-root Text-type_5 ArticleView-text ViewText-root \">\n<p>Der Multimilliard\u00e4r und Tesla-Chef\u00a0Elon Musk\u00a0hat auf X seine Unterst\u00fctzung f\u00fcr den Protest vieler Bauern in Deutschland\u00a0gezeigt. Zun\u00e4chst hatte der Aktivist und Journalist Peter Imanuelsen aus Schweden auf X gefragt:<\/p>\n<blockquote>\n<p><em>&#8220;Tausende von deutschen Landwirten sind in Berlin eingetroffen, um gegen geplante Steuererh\u00f6hungen zu protestieren. Unterst\u00fctzt ihr die Landwirte?&#8221;<\/em><\/p>\n<\/blockquote>\n<p>Den Post hat Musk umgehend weiter geteilt und mit &#8220;I do&#8221; (&#8220;Ich tue es&#8221;) quittiert.<\/p>\n<div class=\"EmbedBlock-root EmbedBlock-twitter\">\n<div class=\"TwitterEmbed\">\n<blockquote class=\"twitter-tweet lazyload\" data-twitter=\"twitter-tweet\">\n<p lang=\"und\" dir=\"ltr\">I do<\/p>\n<p>\u2014 Elon Musk (@elonmusk) <a rel=\"nofollow noopener\" target=\"_blank\" href=\"https:\/\/twitter.com\/elonmusk\/status\/1744235991206871279?ref_src=twsrc%5Etfw\">January 8, 2024<\/a><\/p><\/blockquote>\n<\/div>\n<\/div>\n<p>Laut der <em>Berliner Zeitung<\/em> ist es ist nicht das erste Mal, dass sich Musk auf die Seite von Landwirten schl\u00e4gt. Im vergangenen Jahr nahm er sich der niederl\u00e4ndischen Bauern an, als diese ebenfalls um ihre Existenz zu bangen begannen. Musk postete damals auf X:<\/p>\n<blockquote>\n<p><em>&#8220;Die holl\u00e4ndischen Landwirte sind unglaublich geschickt \u2013 sie haben die h\u00f6chste Produktivit\u00e4t und die effizienteste Landwirtschaft der Welt!&#8221;<\/em><\/p>\n<\/blockquote>\n<p><strong>Mehr zum Thema<\/strong><em> &#8211; <\/em><a rel=\"nofollow noopener\" target=\"_blank\" href=\"https:\/\/freedert.online\/international\/191812-elon-musk-mahnt-zur-vorsicht\/\">Elon Musk mahnt zur Vorsicht: Russland zu attackieren, nie eine gute Idee<\/a><\/p>\n<\/div>\n<p><script async src=\"https:\/\/platform.twitter.com\/widgets.js\" charset=\"utf-8\"><\/script><br \/>\n<br \/><br \/>\n<br \/><a href=\"https:\/\/de.rt.com\/inland\/192130-elon-musk-unterstuetzt-bauernproteste-in\/\">Source link <\/a><\/p>\n","protected":false},"excerpt":{"rendered":"<p>Schon l\u00e4ngere Zeit bewirkt die Politik der &#8220;Ampel&#8221; nicht nur in Deutschland Fassungslosigkeit. Der anwachsende Protest von Bauern sorgt auch im Ausland f\u00fcr verwunderte Aufmerksamkeit. Sogar Elon Musk \u00e4u\u00dfert sich wohlwollend auf X, vormals Twitter. Der Multimilliard\u00e4r und Tesla-Chef\u00a0Elon Musk\u00a0hat auf X seine Unterst\u00fctzung f\u00fcr den Protest vieler Bauern in Deutschland\u00a0gezeigt. Zun\u00e4chst hatte der Aktivist [&hellip;]<\/p>\n","protected":false},"author":3,"featured_media":52887,"comment_status":"open","ping_status":"open","sticky":false,"template":"","format":"standard","meta":{"_yoast_indexnow_last_ping":["1704741660"],"wp_automatic_camp":["217"],"883119c8aa26fc170381443dc29ac0fe":["Elon Musk unterst\u00fctzt Bauernproteste in Berlin"],"original_link":["https:\/\/de.rt.com\/inland\/192130-elon-musk-unterstuetzt-bauernproteste-in\/"],"_thumbnail_id":["52887"],"_wptgpro_p2tg_sent2tg":["a:1:{i:23737;s:19:\"2024-01-08 21:22:23\";}"],"jnews_social_counter_last_update":["1777647306"]},"categories":[19,23],"tags":[26317,943,2056,1582,5073],"yoast_head":"<!-- This site is optimized with the Yoast SEO Premium plugin v22.7 (Yoast SEO v22.7) - https:\/\/yoast.com\/wordpress\/plugins\/seo\/ -->\n<title>Elon Musk unterst\u00fctzt Bauernproteste in Berlin - just-now.NEWS Deutschland<\/title>\n<meta name=\"robots\" content=\"index, follow, max-snippet:-1, max-image-preview:large, max-video-preview:-1\" \/>\n<link rel=\"canonical\" href=\"https:\/\/now-news.de\/de\/deutschland\/elon-musk-unterstuetzt-bauernproteste-in-berlin\/\" \/>\n<meta property=\"og:locale\" content=\"de_DE\" \/>\n<meta property=\"og:type\" content=\"article\" \/>\n<meta property=\"og:title\" content=\"Elon Musk unterst\u00fctzt Bauernproteste in Berlin\" \/>\n<meta property=\"og:description\" content=\"Schon l\u00e4ngere Zeit bewirkt die Politik der &#8220;Ampel&#8221; nicht nur in Deutschland Fassungslosigkeit. Der anwachsende Protest von Bauern sorgt auch im Ausland f\u00fcr verwunderte Aufmerksamkeit. Sogar Elon Musk \u00e4u\u00dfert sich wohlwollend auf X, vormals Twitter. Der Multimilliard\u00e4r und Tesla-Chef\u00a0Elon Musk\u00a0hat auf X seine Unterst\u00fctzung f\u00fcr den Protest vieler Bauern in Deutschland\u00a0gezeigt. Zun\u00e4chst hatte der Aktivist [&hellip;]\" \/>\n<meta property=\"og:url\" content=\"https:\/\/now-news.de\/de\/deutschland\/elon-musk-unterstuetzt-bauernproteste-in-berlin\/\" \/>\n<meta property=\"og:site_name\" content=\"just-now.NEWS Deutschland\" \/>\n<meta property=\"article:publisher\" content=\"https:\/\/www.facebook.com\/wirmachenauf\" \/>\n<meta property=\"article:published_time\" content=\"2024-01-08T18:51:40+00:00\" \/>\n<meta property=\"og:image\" content=\"https:\/\/now-news.de\/de\/wp-content\/uploads\/sites\/3\/2024\/01\/Elon-Musk-unterstuetzt-Bauernproteste-in-Berlin.jpg\" \/>\n\t<meta property=\"og:image:width\" content=\"460\" \/>\n\t<meta property=\"og:image:height\" content=\"259\" \/>\n\t<meta property=\"og:image:type\" content=\"image\/jpeg\" \/>\n<meta name=\"author\" content=\"rtnews\" \/>\n<meta name=\"twitter:card\" content=\"summary_large_image\" \/>\n<meta name=\"twitter:creator\" content=\"@WirMachenAuf_de\" \/>\n<meta name=\"twitter:site\" content=\"@WirMachenAuf_de\" \/>\n<meta name=\"twitter:label1\" content=\"Verfasst von\" \/>\n\t<meta name=\"twitter:data1\" content=\"rtnews\" \/>\n\t<meta name=\"twitter:label2\" content=\"Gesch\u00e4tzte Lesezeit\" \/>\n\t<meta name=\"twitter:data2\" content=\"1\u00a0Minute\" \/>\n<script type=\"application\/ld+json\" class=\"yoast-schema-graph\">{\"@context\":\"https:\/\/schema.org\",\"@graph\":[{\"@type\":\"Article\",\"@id\":\"https:\/\/now-news.de\/de\/deutschland\/elon-musk-unterstuetzt-bauernproteste-in-berlin\/#article\",\"isPartOf\":{\"@id\":\"https:\/\/now-news.de\/de\/deutschland\/elon-musk-unterstuetzt-bauernproteste-in-berlin\/\"},\"author\":{\"name\":\"rtnews\",\"@id\":\"https:\/\/now-news.de\/de\/#\/schema\/person\/fb534a4e865501d8b3285208df34a9b5\"},\"headline\":\"Elon Musk unterst\u00fctzt Bauernproteste in Berlin\",\"datePublished\":\"2024-01-08T18:51:40+00:00\",\"dateModified\":\"2024-01-08T18:51:40+00:00\",\"mainEntityOfPage\":{\"@id\":\"https:\/\/now-news.de\/de\/deutschland\/elon-musk-unterstuetzt-bauernproteste-in-berlin\/\"},\"wordCount\":207,\"commentCount\":0,\"publisher\":{\"@id\":\"https:\/\/now-news.de\/de\/#organization\"},\"image\":{\"@id\":\"https:\/\/now-news.de\/de\/deutschland\/elon-musk-unterstuetzt-bauernproteste-in-berlin\/#primaryimage\"},\"thumbnailUrl\":\"https:\/\/now-news.de\/de\/wp-content\/uploads\/sites\/3\/2024\/01\/Elon-Musk-unterstuetzt-Bauernproteste-in-Berlin.jpg\",\"keywords\":[\"Bauernproteste\",\"Berlin\",\"ELON\",\"Musk\",\"unterst\u00fctzt\"],\"articleSection\":[\"Deutschland\",\"Russland\"],\"inLanguage\":\"de\",\"potentialAction\":[{\"@type\":\"CommentAction\",\"name\":\"Comment\",\"target\":[\"https:\/\/now-news.de\/de\/deutschland\/elon-musk-unterstuetzt-bauernproteste-in-berlin\/#respond\"]}]},{\"@type\":\"WebPage\",\"@id\":\"https:\/\/now-news.de\/de\/deutschland\/elon-musk-unterstuetzt-bauernproteste-in-berlin\/\",\"url\":\"https:\/\/now-news.de\/de\/deutschland\/elon-musk-unterstuetzt-bauernproteste-in-berlin\/\",\"name\":\"Elon Musk unterst\u00fctzt Bauernproteste in Berlin - just-now.NEWS Deutschland\",\"isPartOf\":{\"@id\":\"https:\/\/now-news.de\/de\/#website\"},\"primaryImageOfPage\":{\"@id\":\"https:\/\/now-news.de\/de\/deutschland\/elon-musk-unterstuetzt-bauernproteste-in-berlin\/#primaryimage\"},\"image\":{\"@id\":\"https:\/\/now-news.de\/de\/deutschland\/elon-musk-unterstuetzt-bauernproteste-in-berlin\/#primaryimage\"},\"thumbnailUrl\":\"https:\/\/now-news.de\/de\/wp-content\/uploads\/sites\/3\/2024\/01\/Elon-Musk-unterstuetzt-Bauernproteste-in-Berlin.jpg\",\"datePublished\":\"2024-01-08T18:51:40+00:00\",\"dateModified\":\"2024-01-08T18:51:40+00:00\",\"breadcrumb\":{\"@id\":\"https:\/\/now-news.de\/de\/deutschland\/elon-musk-unterstuetzt-bauernproteste-in-berlin\/#breadcrumb\"},\"inLanguage\":\"de\",\"potentialAction\":[{\"@type\":\"ReadAction\",\"target\":[\"https:\/\/now-news.de\/de\/deutschland\/elon-musk-unterstuetzt-bauernproteste-in-berlin\/\"]}]},{\"@type\":\"ImageObject\",\"inLanguage\":\"de\",\"@id\":\"https:\/\/now-news.de\/de\/deutschland\/elon-musk-unterstuetzt-bauernproteste-in-berlin\/#primaryimage\",\"url\":\"https:\/\/now-news.de\/de\/wp-content\/uploads\/sites\/3\/2024\/01\/Elon-Musk-unterstuetzt-Bauernproteste-in-Berlin.jpg\",\"contentUrl\":\"https:\/\/now-news.de\/de\/wp-content\/uploads\/sites\/3\/2024\/01\/Elon-Musk-unterstuetzt-Bauernproteste-in-Berlin.jpg\",\"width\":460,\"height\":259,\"caption\":\"Elon Musk unterst\u00fctzt Bauernproteste in Berlin\"},{\"@type\":\"BreadcrumbList\",\"@id\":\"https:\/\/now-news.de\/de\/deutschland\/elon-musk-unterstuetzt-bauernproteste-in-berlin\/#breadcrumb\",\"itemListElement\":[{\"@type\":\"ListItem\",\"position\":1,\"name\":\"Home\",\"item\":\"https:\/\/now-news.de\/de\/\"},{\"@type\":\"ListItem\",\"position\":2,\"name\":\"Elon Musk unterst\u00fctzt Bauernproteste in Berlin\"}]},{\"@type\":\"WebSite\",\"@id\":\"https:\/\/now-news.de\/de\/#website\",\"url\":\"https:\/\/now-news.de\/de\/\",\"name\":\"just-now.NEWS Deutschland\",\"description\":\"Das Portal f\u00fcr unzensierte Nachrichten aus der Welt\",\"publisher\":{\"@id\":\"https:\/\/now-news.de\/de\/#organization\"},\"potentialAction\":[{\"@type\":\"SearchAction\",\"target\":{\"@type\":\"EntryPoint\",\"urlTemplate\":\"https:\/\/now-news.de\/de\/?s={search_term_string}\"},\"query-input\":\"required name=search_term_string\"}],\"inLanguage\":\"de\"},{\"@type\":\"Organization\",\"@id\":\"https:\/\/now-news.de\/de\/#organization\",\"name\":\"Just Now News\",\"url\":\"https:\/\/now-news.de\/de\/\",\"logo\":{\"@type\":\"ImageObject\",\"inLanguage\":\"de\",\"@id\":\"https:\/\/now-news.de\/de\/#\/schema\/logo\/image\/\",\"url\":\"http:\/\/just-now.news\/de\/wp-content\/uploads\/sites\/3\/2022\/04\/logo500x500.jpg\",\"contentUrl\":\"http:\/\/just-now.news\/de\/wp-content\/uploads\/sites\/3\/2022\/04\/logo500x500.jpg\",\"width\":500,\"height\":500,\"caption\":\"Just Now News\"},\"image\":{\"@id\":\"https:\/\/now-news.de\/de\/#\/schema\/logo\/image\/\"},\"sameAs\":[\"https:\/\/www.facebook.com\/wirmachenauf\",\"https:\/\/x.com\/WirMachenAuf_de\"]},{\"@type\":\"Person\",\"@id\":\"https:\/\/now-news.de\/de\/#\/schema\/person\/fb534a4e865501d8b3285208df34a9b5\",\"name\":\"rtnews\",\"image\":{\"@type\":\"ImageObject\",\"inLanguage\":\"de\",\"@id\":\"https:\/\/now-news.de\/de\/#\/schema\/person\/image\/\",\"url\":\"https:\/\/secure.gravatar.com\/avatar\/82aafea7d8127119dd649515f56e2117?s=96&d=mm&r=g\",\"contentUrl\":\"https:\/\/secure.gravatar.com\/avatar\/82aafea7d8127119dd649515f56e2117?s=96&d=mm&r=g\",\"caption\":\"rtnews\"},\"url\":\"https:\/\/now-news.de\/de\/author\/rnews\/\"}]}<\/script>\n<!-- \/ Yoast SEO Premium plugin. -->","yoast_head_json":{"title":"Elon Musk unterst\u00fctzt Bauernproteste in Berlin - just-now.NEWS Deutschland","robots":{"index":"index","follow":"follow","max-snippet":"max-snippet:-1","max-image-preview":"max-image-preview:large","max-video-preview":"max-video-preview:-1"},"canonical":"https:\/\/now-news.de\/de\/deutschland\/elon-musk-unterstuetzt-bauernproteste-in-berlin\/","og_locale":"de_DE","og_type":"article","og_title":"Elon Musk unterst\u00fctzt Bauernproteste in Berlin","og_description":"Schon l\u00e4ngere Zeit bewirkt die Politik der &#8220;Ampel&#8221; nicht nur in Deutschland Fassungslosigkeit. Der anwachsende Protest von Bauern sorgt auch im Ausland f\u00fcr verwunderte Aufmerksamkeit. Sogar Elon Musk \u00e4u\u00dfert sich wohlwollend auf X, vormals Twitter. Der Multimilliard\u00e4r und Tesla-Chef\u00a0Elon Musk\u00a0hat auf X seine Unterst\u00fctzung f\u00fcr den Protest vieler Bauern in Deutschland\u00a0gezeigt. Zun\u00e4chst hatte der Aktivist [&hellip;]","og_url":"https:\/\/now-news.de\/de\/deutschland\/elon-musk-unterstuetzt-bauernproteste-in-berlin\/","og_site_name":"just-now.NEWS Deutschland","article_publisher":"https:\/\/www.facebook.com\/wirmachenauf","article_published_time":"2024-01-08T18:51:40+00:00","og_image":[{"width":460,"height":259,"url":"https:\/\/now-news.de\/de\/wp-content\/uploads\/sites\/3\/2024\/01\/Elon-Musk-unterstuetzt-Bauernproteste-in-Berlin.jpg","type":"image\/jpeg"}],"author":"rtnews","twitter_card":"summary_large_image","twitter_creator":"@WirMachenAuf_de","twitter_site":"@WirMachenAuf_de","twitter_misc":{"Verfasst von":"rtnews","Gesch\u00e4tzte Lesezeit":"1\u00a0Minute"},"schema":{"@context":"https:\/\/schema.org","@graph":[{"@type":"Article","@id":"https:\/\/now-news.de\/de\/deutschland\/elon-musk-unterstuetzt-bauernproteste-in-berlin\/#article","isPartOf":{"@id":"https:\/\/now-news.de\/de\/deutschland\/elon-musk-unterstuetzt-bauernproteste-in-berlin\/"},"author":{"name":"rtnews","@id":"https:\/\/now-news.de\/de\/#\/schema\/person\/fb534a4e865501d8b3285208df34a9b5"},"headline":"Elon Musk unterst\u00fctzt Bauernproteste in Berlin","datePublished":"2024-01-08T18:51:40+00:00","dateModified":"2024-01-08T18:51:40+00:00","mainEntityOfPage":{"@id":"https:\/\/now-news.de\/de\/deutschland\/elon-musk-unterstuetzt-bauernproteste-in-berlin\/"},"wordCount":207,"commentCount":0,"publisher":{"@id":"https:\/\/now-news.de\/de\/#organization"},"image":{"@id":"https:\/\/now-news.de\/de\/deutschland\/elon-musk-unterstuetzt-bauernproteste-in-berlin\/#primaryimage"},"thumbnailUrl":"https:\/\/now-news.de\/de\/wp-content\/uploads\/sites\/3\/2024\/01\/Elon-Musk-unterstuetzt-Bauernproteste-in-Berlin.jpg","keywords":["Bauernproteste","Berlin","ELON","Musk","unterst\u00fctzt"],"articleSection":["Deutschland","Russland"],"inLanguage":"de","potentialAction":[{"@type":"CommentAction","name":"Comment","target":["https:\/\/now-news.de\/de\/deutschland\/elon-musk-unterstuetzt-bauernproteste-in-berlin\/#respond"]}]},{"@type":"WebPage","@id":"https:\/\/now-news.de\/de\/deutschland\/elon-musk-unterstuetzt-bauernproteste-in-berlin\/","url":"https:\/\/now-news.de\/de\/deutschland\/elon-musk-unterstuetzt-bauernproteste-in-berlin\/","name":"Elon Musk unterst\u00fctzt Bauernproteste in Berlin - just-now.NEWS Deutschland","isPartOf":{"@id":"https:\/\/now-news.de\/de\/#website"},"primaryImageOfPage":{"@id":"https:\/\/now-news.de\/de\/deutschland\/elon-musk-unterstuetzt-bauernproteste-in-berlin\/#primaryimage"},"image":{"@id":"https:\/\/now-news.de\/de\/deutschland\/elon-musk-unterstuetzt-bauernproteste-in-berlin\/#primaryimage"},"thumbnailUrl":"https:\/\/now-news.de\/de\/wp-content\/uploads\/sites\/3\/2024\/01\/Elon-Musk-unterstuetzt-Bauernproteste-in-Berlin.jpg","datePublished":"2024-01-08T18:51:40+00:00","dateModified":"2024-01-08T18:51:40+00:00","breadcrumb":{"@id":"https:\/\/now-news.de\/de\/deutschland\/elon-musk-unterstuetzt-bauernproteste-in-berlin\/#breadcrumb"},"inLanguage":"de","potentialAction":[{"@type":"ReadAction","target":["https:\/\/now-news.de\/de\/deutschland\/elon-musk-unterstuetzt-bauernproteste-in-berlin\/"]}]},{"@type":"ImageObject","inLanguage":"de","@id":"https:\/\/now-news.de\/de\/deutschland\/elon-musk-unterstuetzt-bauernproteste-in-berlin\/#primaryimage","url":"https:\/\/now-news.de\/de\/wp-content\/uploads\/sites\/3\/2024\/01\/Elon-Musk-unterstuetzt-Bauernproteste-in-Berlin.jpg","contentUrl":"https:\/\/now-news.de\/de\/wp-content\/uploads\/sites\/3\/2024\/01\/Elon-Musk-unterstuetzt-Bauernproteste-in-Berlin.jpg","width":460,"height":259,"caption":"Elon Musk unterst\u00fctzt Bauernproteste in Berlin"},{"@type":"BreadcrumbList","@id":"https:\/\/now-news.de\/de\/deutschland\/elon-musk-unterstuetzt-bauernproteste-in-berlin\/#breadcrumb","itemListElement":[{"@type":"ListItem","position":1,"name":"Home","item":"https:\/\/now-news.de\/de\/"},{"@type":"ListItem","position":2,"name":"Elon Musk unterst\u00fctzt Bauernproteste in Berlin"}]},{"@type":"WebSite","@id":"https:\/\/now-news.de\/de\/#website","url":"https:\/\/now-news.de\/de\/","name":"just-now.NEWS Deutschland","description":"Das Portal f\u00fcr unzensierte Nachrichten aus der Welt","publisher":{"@id":"https:\/\/now-news.de\/de\/#organization"},"potentialAction":[{"@type":"SearchAction","target":{"@type":"EntryPoint","urlTemplate":"https:\/\/now-news.de\/de\/?s={search_term_string}"},"query-input":"required name=search_term_string"}],"inLanguage":"de"},{"@type":"Organization","@id":"https:\/\/now-news.de\/de\/#organization","name":"Just Now News","url":"https:\/\/now-news.de\/de\/","logo":{"@type":"ImageObject","inLanguage":"de","@id":"https:\/\/now-news.de\/de\/#\/schema\/logo\/image\/","url":"http:\/\/just-now.news\/de\/wp-content\/uploads\/sites\/3\/2022\/04\/logo500x500.jpg","contentUrl":"http:\/\/just-now.news\/de\/wp-content\/uploads\/sites\/3\/2022\/04\/logo500x500.jpg","width":500,"height":500,"caption":"Just Now News"},"image":{"@id":"https:\/\/now-news.de\/de\/#\/schema\/logo\/image\/"},"sameAs":["https:\/\/www.facebook.com\/wirmachenauf","https:\/\/x.com\/WirMachenAuf_de"]},{"@type":"Person","@id":"https:\/\/now-news.de\/de\/#\/schema\/person\/fb534a4e865501d8b3285208df34a9b5","name":"rtnews","image":{"@type":"ImageObject","inLanguage":"de","@id":"https:\/\/now-news.de\/de\/#\/schema\/person\/image\/","url":"https:\/\/secure.gravatar.com\/avatar\/82aafea7d8127119dd649515f56e2117?s=96&d=mm&r=g","contentUrl":"https:\/\/secure.gravatar.com\/avatar\/82aafea7d8127119dd649515f56e2117?s=96&d=mm&r=g","caption":"rtnews"},"url":"https:\/\/now-news.de\/de\/author\/rnews\/"}]}},"_links":{"self":[{"href":"https:\/\/now-news.de\/de\/wp-json\/wp\/v2\/posts\/52886"}],"collection":[{"href":"https:\/\/now-news.de\/de\/wp-json\/wp\/v2\/posts"}],"about":[{"href":"https:\/\/now-news.de\/de\/wp-json\/wp\/v2\/types\/post"}],"author":[{"embeddable":true,"href":"https:\/\/now-news.de\/de\/wp-json\/wp\/v2\/users\/3"}],"replies":[{"embeddable":true,"href":"https:\/\/now-news.de\/de\/wp-json\/wp\/v2\/comments?post=52886"}],"version-history":[{"count":0,"href":"https:\/\/now-news.de\/de\/wp-json\/wp\/v2\/posts\/52886\/revisions"}],"wp:featuredmedia":[{"embeddable":true,"href":"https:\/\/now-news.de\/de\/wp-json\/wp\/v2\/media\/52887"}],"wp:attachment":[{"href":"https:\/\/now-news.de\/de\/wp-json\/wp\/v2\/media?parent=52886"}],"wp:term":[{"taxonomy":"category","embeddable":true,"href":"https:\/\/now-news.de\/de\/wp-json\/wp\/v2\/categories?post=52886"},{"taxonomy":"post_tag","embeddable":true,"href":"https:\/\/now-news.de\/de\/wp-json\/wp\/v2\/tags?post=52886"}],"curies":[{"name":"wp","href":"https:\/\/api.w.org\/{rel}","templated":true}]}}