{"id":52880,"date":"2024-01-08T19:41:27","date_gmt":"2024-01-08T17:41:27","guid":{"rendered":"https:\/\/just-now.news\/de\/deutschland\/israel-toetet-hochrangigen-hisbollah-kommandeur-im-libanon\/"},"modified":"2024-01-08T19:41:27","modified_gmt":"2024-01-08T17:41:27","slug":"israel-toetet-hochrangigen-hisbollah-kommandeur-im-libanon","status":"publish","type":"post","link":"https:\/\/now-news.de\/de\/deutschland\/israel-toetet-hochrangigen-hisbollah-kommandeur-im-libanon\/","title":{"rendered":"Israel t\u00f6tet hochrangigen Hisbollah-Kommandeur im Libanon"},"content":{"rendered":"<p><img decoding=\"async\" src=\"http:\/\/just-now.news\/de\/wp-content\/uploads\/sites\/3\/2024\/01\/659c072e48fbef13252141e9.jpg\" \/><\/p>\n<div class=\"Text-root Text-type_1 \">\n                Die Hisbollah best\u00e4tigte, dass der ranghohe Kommandeur der Elitetruppe Radwan, Wissam al-Tawil, am Montag bei einem israelischen Angriff in Khirbet Selm im S\u00fcdlibanon get\u00f6tet wurde.\n            <\/div>\n<p><\/p>\n<div class=\"Text-root Text-type_5 ArticleView-text ViewText-root \">\n<p>Ein hochrangiger Kommandeur der Hisbollah ist im Libanon durch einen israelischen Angriff get\u00f6tet worden.<\/p>\n<p>Wie die Hisbollah am Montag best\u00e4tigte, soll es sich dabei um Wissam al-Tawil, den Kommandeur der Elitetruppe Radwan handeln. Er soll bei einem israelischen Angriff in Khirbet Selm im S\u00fcdlibanon get\u00f6tet worden sein.<\/p>\n<p>Der Get\u00f6tete sei f\u00fcr Milit\u00e4reins\u00e4tze der Hisbollah im S\u00fcdlibanon verantwortlich gewesen, hie\u00df es heute aus libanesischen Sicherheitskreisen. Er sei bei einem Angriff auf sein Auto in einem Dorf nahe der Grenze zu Israel gestorben.<\/p>\n<p><strong>Weitere israelische Angriffe auf Libanon<\/strong><\/p>\n<p>Die israelische Armee hat nach eigenen Angaben wieder mehrere Ziele der Hisbollah-Miliz im n\u00f6rdlich angrenzenden Libanon unter Beschuss genommen. Kampfjets der Luftstreitkr\u00e4fte h\u00e4tten eine milit\u00e4rische Anlage nahe Marwahin und einen Raketenwerfer andernorts an der Grenze angegriffen, teilten die Streitkr\u00e4fte heute mit.<\/p>\n<p>Zudem h\u00e4tten eine israelische Drohne und ein Hubschrauber Stellungen attackiert, von denen aus Israel beschossen worden sei. Die Hisbollah und israelische Streitkr\u00e4fte lieferten einander in den vergangenen Tagen immer wieder Schusswechsel.<\/p>\n<p>Im laufenden Gaza-Krieg als Folge des blutigen Hamas-Terrorangriffs vom 7. Oktober vergangenen Jahres bef\u00fcrchten Chefdiplomaten wie US-Au\u00dfenminister Antony Blinken eine Ausweitung auf andere Teile der Region.<\/p>\n<p>Blinken ist wie die deutsche Au\u00dfenministerin Annalena Baerbock derzeit auf Nahost-Reise und besucht mehrere Staaten, um \u00fcber die Lage in dem Konflikt zu sprechen.<\/p>\n<p><strong>Mehr zum Thema<\/strong> \u2013 <a rel=\"nofollow noopener\" target=\"_blank\" href=\"https:\/\/freeassange.rtde.life\/meinung\/191918-usa-tadeln-israelische-minister-die-stummen-teil-laut-aussprechen\/\">USA tadeln israelische Minister, die den stummen Teil der ethnischen S\u00e4uberung laut aussprechen <\/a><\/p>\n<div class=\"EmbedBlock-root EmbedBlock-externalVideo EmbedBlock-odysee\">\n<div class=\"VkEmbed\"><iframe class=\"lazyload\" data-src=\"https:\/\/odysee.com\/%24\/embed\/%40RTDE%3Ae%2FIsraelischer-Drohnenangriff-in-Westjordanland-Sechs-Pal%C3%A4stinenser-get%C3%B6tet%3Aa\" frameborder=\"0\" width=\"853\" height=\"480\" allowfullscreen><\/iframe><\/div>\n<\/div>\n<\/div>\n<p><br \/>\n<br \/><a href=\"https:\/\/de.rt.com\/der-nahe-osten\/192102-israel-toetet-hochrangigen-hisbollah-kommandeur\/\">Source link <\/a><\/p>\n","protected":false},"excerpt":{"rendered":"<p>Die Hisbollah best\u00e4tigte, dass der ranghohe Kommandeur der Elitetruppe Radwan, Wissam al-Tawil, am Montag bei einem israelischen Angriff in Khirbet Selm im S\u00fcdlibanon get\u00f6tet wurde. Ein hochrangiger Kommandeur der Hisbollah ist im Libanon durch einen israelischen Angriff get\u00f6tet worden. Wie die Hisbollah am Montag best\u00e4tigte, soll es sich dabei um Wissam al-Tawil, den Kommandeur der [&hellip;]<\/p>\n","protected":false},"author":3,"featured_media":52881,"comment_status":"open","ping_status":"open","sticky":false,"template":"","format":"standard","meta":{"_yoast_indexnow_last_ping":["1704735837"],"wp_automatic_camp":["217"],"fc68b19c037eda87f3b432aaf7da970f":["Israel t\u00f6tet hochrangigen Hisbollah-Kommandeur im Libanon"],"original_link":["https:\/\/de.rt.com\/der-nahe-osten\/192102-israel-toetet-hochrangigen-hisbollah-kommandeur\/"],"_thumbnail_id":["52881"],"_wptgpro_p2tg_sent2tg":["a:1:{i:23737;s:19:\"2024-01-08 19:44:58\";}"],"jnews_social_counter_last_update":["1777313541"]},"categories":[19,23],"tags":[52270,12763,432,16906,4032],"yoast_head":"<!-- This site is optimized with the Yoast SEO Premium plugin v22.7 (Yoast SEO v22.7) - https:\/\/yoast.com\/wordpress\/plugins\/seo\/ -->\n<title>Israel t\u00f6tet hochrangigen Hisbollah-Kommandeur im Libanon - just-now.NEWS Deutschland<\/title>\n<meta name=\"robots\" content=\"index, follow, max-snippet:-1, max-image-preview:large, max-video-preview:-1\" \/>\n<link rel=\"canonical\" href=\"https:\/\/now-news.de\/de\/deutschland\/israel-toetet-hochrangigen-hisbollah-kommandeur-im-libanon\/\" \/>\n<meta property=\"og:locale\" content=\"de_DE\" \/>\n<meta property=\"og:type\" content=\"article\" \/>\n<meta property=\"og:title\" content=\"Israel t\u00f6tet hochrangigen Hisbollah-Kommandeur im Libanon\" \/>\n<meta property=\"og:description\" content=\"Die Hisbollah best\u00e4tigte, dass der ranghohe Kommandeur der Elitetruppe Radwan, Wissam al-Tawil, am Montag bei einem israelischen Angriff in Khirbet Selm im S\u00fcdlibanon get\u00f6tet wurde. Ein hochrangiger Kommandeur der Hisbollah ist im Libanon durch einen israelischen Angriff get\u00f6tet worden. Wie die Hisbollah am Montag best\u00e4tigte, soll es sich dabei um Wissam al-Tawil, den Kommandeur der [&hellip;]\" \/>\n<meta property=\"og:url\" content=\"https:\/\/now-news.de\/de\/deutschland\/israel-toetet-hochrangigen-hisbollah-kommandeur-im-libanon\/\" \/>\n<meta property=\"og:site_name\" content=\"just-now.NEWS Deutschland\" \/>\n<meta property=\"article:publisher\" content=\"https:\/\/www.facebook.com\/wirmachenauf\" \/>\n<meta property=\"article:published_time\" content=\"2024-01-08T17:41:27+00:00\" \/>\n<meta property=\"og:image\" content=\"https:\/\/now-news.de\/de\/wp-content\/uploads\/sites\/3\/2024\/01\/Israel-toetet-hochrangigen-Hisbollah-Kommandeur-im-Libanon.jpg\" \/>\n\t<meta property=\"og:image:width\" content=\"460\" \/>\n\t<meta property=\"og:image:height\" content=\"259\" \/>\n\t<meta property=\"og:image:type\" content=\"image\/jpeg\" \/>\n<meta name=\"author\" content=\"rtnews\" \/>\n<meta name=\"twitter:card\" content=\"summary_large_image\" \/>\n<meta name=\"twitter:creator\" content=\"@WirMachenAuf_de\" \/>\n<meta name=\"twitter:site\" content=\"@WirMachenAuf_de\" \/>\n<meta name=\"twitter:label1\" content=\"Verfasst von\" \/>\n\t<meta name=\"twitter:data1\" content=\"rtnews\" \/>\n\t<meta name=\"twitter:label2\" content=\"Gesch\u00e4tzte Lesezeit\" \/>\n\t<meta name=\"twitter:data2\" content=\"1\u00a0Minute\" \/>\n<script type=\"application\/ld+json\" class=\"yoast-schema-graph\">{\"@context\":\"https:\/\/schema.org\",\"@graph\":[{\"@type\":\"Article\",\"@id\":\"https:\/\/now-news.de\/de\/deutschland\/israel-toetet-hochrangigen-hisbollah-kommandeur-im-libanon\/#article\",\"isPartOf\":{\"@id\":\"https:\/\/now-news.de\/de\/deutschland\/israel-toetet-hochrangigen-hisbollah-kommandeur-im-libanon\/\"},\"author\":{\"name\":\"rtnews\",\"@id\":\"https:\/\/now-news.de\/de\/#\/schema\/person\/fb534a4e865501d8b3285208df34a9b5\"},\"headline\":\"Israel t\u00f6tet hochrangigen Hisbollah-Kommandeur im Libanon\",\"datePublished\":\"2024-01-08T17:41:27+00:00\",\"dateModified\":\"2024-01-08T17:41:27+00:00\",\"mainEntityOfPage\":{\"@id\":\"https:\/\/now-news.de\/de\/deutschland\/israel-toetet-hochrangigen-hisbollah-kommandeur-im-libanon\/\"},\"wordCount\":281,\"commentCount\":0,\"publisher\":{\"@id\":\"https:\/\/now-news.de\/de\/#organization\"},\"image\":{\"@id\":\"https:\/\/now-news.de\/de\/deutschland\/israel-toetet-hochrangigen-hisbollah-kommandeur-im-libanon\/#primaryimage\"},\"thumbnailUrl\":\"https:\/\/now-news.de\/de\/wp-content\/uploads\/sites\/3\/2024\/01\/Israel-toetet-hochrangigen-Hisbollah-Kommandeur-im-Libanon.jpg\",\"keywords\":[\"HisbollahKommandeur\",\"hochrangigen\",\"Israel\",\"Libanon\",\"t\u00f6tet\"],\"articleSection\":[\"Deutschland\",\"Russland\"],\"inLanguage\":\"de\",\"potentialAction\":[{\"@type\":\"CommentAction\",\"name\":\"Comment\",\"target\":[\"https:\/\/now-news.de\/de\/deutschland\/israel-toetet-hochrangigen-hisbollah-kommandeur-im-libanon\/#respond\"]}]},{\"@type\":\"WebPage\",\"@id\":\"https:\/\/now-news.de\/de\/deutschland\/israel-toetet-hochrangigen-hisbollah-kommandeur-im-libanon\/\",\"url\":\"https:\/\/now-news.de\/de\/deutschland\/israel-toetet-hochrangigen-hisbollah-kommandeur-im-libanon\/\",\"name\":\"Israel t\u00f6tet hochrangigen Hisbollah-Kommandeur im Libanon - just-now.NEWS Deutschland\",\"isPartOf\":{\"@id\":\"https:\/\/now-news.de\/de\/#website\"},\"primaryImageOfPage\":{\"@id\":\"https:\/\/now-news.de\/de\/deutschland\/israel-toetet-hochrangigen-hisbollah-kommandeur-im-libanon\/#primaryimage\"},\"image\":{\"@id\":\"https:\/\/now-news.de\/de\/deutschland\/israel-toetet-hochrangigen-hisbollah-kommandeur-im-libanon\/#primaryimage\"},\"thumbnailUrl\":\"https:\/\/now-news.de\/de\/wp-content\/uploads\/sites\/3\/2024\/01\/Israel-toetet-hochrangigen-Hisbollah-Kommandeur-im-Libanon.jpg\",\"datePublished\":\"2024-01-08T17:41:27+00:00\",\"dateModified\":\"2024-01-08T17:41:27+00:00\",\"breadcrumb\":{\"@id\":\"https:\/\/now-news.de\/de\/deutschland\/israel-toetet-hochrangigen-hisbollah-kommandeur-im-libanon\/#breadcrumb\"},\"inLanguage\":\"de\",\"potentialAction\":[{\"@type\":\"ReadAction\",\"target\":[\"https:\/\/now-news.de\/de\/deutschland\/israel-toetet-hochrangigen-hisbollah-kommandeur-im-libanon\/\"]}]},{\"@type\":\"ImageObject\",\"inLanguage\":\"de\",\"@id\":\"https:\/\/now-news.de\/de\/deutschland\/israel-toetet-hochrangigen-hisbollah-kommandeur-im-libanon\/#primaryimage\",\"url\":\"https:\/\/now-news.de\/de\/wp-content\/uploads\/sites\/3\/2024\/01\/Israel-toetet-hochrangigen-Hisbollah-Kommandeur-im-Libanon.jpg\",\"contentUrl\":\"https:\/\/now-news.de\/de\/wp-content\/uploads\/sites\/3\/2024\/01\/Israel-toetet-hochrangigen-Hisbollah-Kommandeur-im-Libanon.jpg\",\"width\":460,\"height\":259,\"caption\":\"Israel t\u00f6tet hochrangigen Hisbollah-Kommandeur im Libanon\"},{\"@type\":\"BreadcrumbList\",\"@id\":\"https:\/\/now-news.de\/de\/deutschland\/israel-toetet-hochrangigen-hisbollah-kommandeur-im-libanon\/#breadcrumb\",\"itemListElement\":[{\"@type\":\"ListItem\",\"position\":1,\"name\":\"Home\",\"item\":\"https:\/\/now-news.de\/de\/\"},{\"@type\":\"ListItem\",\"position\":2,\"name\":\"Israel t\u00f6tet hochrangigen Hisbollah-Kommandeur im Libanon\"}]},{\"@type\":\"WebSite\",\"@id\":\"https:\/\/now-news.de\/de\/#website\",\"url\":\"https:\/\/now-news.de\/de\/\",\"name\":\"just-now.NEWS Deutschland\",\"description\":\"Das Portal f\u00fcr unzensierte Nachrichten aus der Welt\",\"publisher\":{\"@id\":\"https:\/\/now-news.de\/de\/#organization\"},\"potentialAction\":[{\"@type\":\"SearchAction\",\"target\":{\"@type\":\"EntryPoint\",\"urlTemplate\":\"https:\/\/now-news.de\/de\/?s={search_term_string}\"},\"query-input\":\"required name=search_term_string\"}],\"inLanguage\":\"de\"},{\"@type\":\"Organization\",\"@id\":\"https:\/\/now-news.de\/de\/#organization\",\"name\":\"Just Now News\",\"url\":\"https:\/\/now-news.de\/de\/\",\"logo\":{\"@type\":\"ImageObject\",\"inLanguage\":\"de\",\"@id\":\"https:\/\/now-news.de\/de\/#\/schema\/logo\/image\/\",\"url\":\"http:\/\/just-now.news\/de\/wp-content\/uploads\/sites\/3\/2022\/04\/logo500x500.jpg\",\"contentUrl\":\"http:\/\/just-now.news\/de\/wp-content\/uploads\/sites\/3\/2022\/04\/logo500x500.jpg\",\"width\":500,\"height\":500,\"caption\":\"Just Now News\"},\"image\":{\"@id\":\"https:\/\/now-news.de\/de\/#\/schema\/logo\/image\/\"},\"sameAs\":[\"https:\/\/www.facebook.com\/wirmachenauf\",\"https:\/\/x.com\/WirMachenAuf_de\"]},{\"@type\":\"Person\",\"@id\":\"https:\/\/now-news.de\/de\/#\/schema\/person\/fb534a4e865501d8b3285208df34a9b5\",\"name\":\"rtnews\",\"image\":{\"@type\":\"ImageObject\",\"inLanguage\":\"de\",\"@id\":\"https:\/\/now-news.de\/de\/#\/schema\/person\/image\/\",\"url\":\"https:\/\/secure.gravatar.com\/avatar\/82aafea7d8127119dd649515f56e2117?s=96&d=mm&r=g\",\"contentUrl\":\"https:\/\/secure.gravatar.com\/avatar\/82aafea7d8127119dd649515f56e2117?s=96&d=mm&r=g\",\"caption\":\"rtnews\"},\"url\":\"https:\/\/now-news.de\/de\/author\/rnews\/\"}]}<\/script>\n<!-- \/ Yoast SEO Premium plugin. -->","yoast_head_json":{"title":"Israel t\u00f6tet hochrangigen Hisbollah-Kommandeur im Libanon - just-now.NEWS Deutschland","robots":{"index":"index","follow":"follow","max-snippet":"max-snippet:-1","max-image-preview":"max-image-preview:large","max-video-preview":"max-video-preview:-1"},"canonical":"https:\/\/now-news.de\/de\/deutschland\/israel-toetet-hochrangigen-hisbollah-kommandeur-im-libanon\/","og_locale":"de_DE","og_type":"article","og_title":"Israel t\u00f6tet hochrangigen Hisbollah-Kommandeur im Libanon","og_description":"Die Hisbollah best\u00e4tigte, dass der ranghohe Kommandeur der Elitetruppe Radwan, Wissam al-Tawil, am Montag bei einem israelischen Angriff in Khirbet Selm im S\u00fcdlibanon get\u00f6tet wurde. Ein hochrangiger Kommandeur der Hisbollah ist im Libanon durch einen israelischen Angriff get\u00f6tet worden. Wie die Hisbollah am Montag best\u00e4tigte, soll es sich dabei um Wissam al-Tawil, den Kommandeur der [&hellip;]","og_url":"https:\/\/now-news.de\/de\/deutschland\/israel-toetet-hochrangigen-hisbollah-kommandeur-im-libanon\/","og_site_name":"just-now.NEWS Deutschland","article_publisher":"https:\/\/www.facebook.com\/wirmachenauf","article_published_time":"2024-01-08T17:41:27+00:00","og_image":[{"width":460,"height":259,"url":"https:\/\/now-news.de\/de\/wp-content\/uploads\/sites\/3\/2024\/01\/Israel-toetet-hochrangigen-Hisbollah-Kommandeur-im-Libanon.jpg","type":"image\/jpeg"}],"author":"rtnews","twitter_card":"summary_large_image","twitter_creator":"@WirMachenAuf_de","twitter_site":"@WirMachenAuf_de","twitter_misc":{"Verfasst von":"rtnews","Gesch\u00e4tzte Lesezeit":"1\u00a0Minute"},"schema":{"@context":"https:\/\/schema.org","@graph":[{"@type":"Article","@id":"https:\/\/now-news.de\/de\/deutschland\/israel-toetet-hochrangigen-hisbollah-kommandeur-im-libanon\/#article","isPartOf":{"@id":"https:\/\/now-news.de\/de\/deutschland\/israel-toetet-hochrangigen-hisbollah-kommandeur-im-libanon\/"},"author":{"name":"rtnews","@id":"https:\/\/now-news.de\/de\/#\/schema\/person\/fb534a4e865501d8b3285208df34a9b5"},"headline":"Israel t\u00f6tet hochrangigen Hisbollah-Kommandeur im Libanon","datePublished":"2024-01-08T17:41:27+00:00","dateModified":"2024-01-08T17:41:27+00:00","mainEntityOfPage":{"@id":"https:\/\/now-news.de\/de\/deutschland\/israel-toetet-hochrangigen-hisbollah-kommandeur-im-libanon\/"},"wordCount":281,"commentCount":0,"publisher":{"@id":"https:\/\/now-news.de\/de\/#organization"},"image":{"@id":"https:\/\/now-news.de\/de\/deutschland\/israel-toetet-hochrangigen-hisbollah-kommandeur-im-libanon\/#primaryimage"},"thumbnailUrl":"https:\/\/now-news.de\/de\/wp-content\/uploads\/sites\/3\/2024\/01\/Israel-toetet-hochrangigen-Hisbollah-Kommandeur-im-Libanon.jpg","keywords":["HisbollahKommandeur","hochrangigen","Israel","Libanon","t\u00f6tet"],"articleSection":["Deutschland","Russland"],"inLanguage":"de","potentialAction":[{"@type":"CommentAction","name":"Comment","target":["https:\/\/now-news.de\/de\/deutschland\/israel-toetet-hochrangigen-hisbollah-kommandeur-im-libanon\/#respond"]}]},{"@type":"WebPage","@id":"https:\/\/now-news.de\/de\/deutschland\/israel-toetet-hochrangigen-hisbollah-kommandeur-im-libanon\/","url":"https:\/\/now-news.de\/de\/deutschland\/israel-toetet-hochrangigen-hisbollah-kommandeur-im-libanon\/","name":"Israel t\u00f6tet hochrangigen Hisbollah-Kommandeur im Libanon - just-now.NEWS Deutschland","isPartOf":{"@id":"https:\/\/now-news.de\/de\/#website"},"primaryImageOfPage":{"@id":"https:\/\/now-news.de\/de\/deutschland\/israel-toetet-hochrangigen-hisbollah-kommandeur-im-libanon\/#primaryimage"},"image":{"@id":"https:\/\/now-news.de\/de\/deutschland\/israel-toetet-hochrangigen-hisbollah-kommandeur-im-libanon\/#primaryimage"},"thumbnailUrl":"https:\/\/now-news.de\/de\/wp-content\/uploads\/sites\/3\/2024\/01\/Israel-toetet-hochrangigen-Hisbollah-Kommandeur-im-Libanon.jpg","datePublished":"2024-01-08T17:41:27+00:00","dateModified":"2024-01-08T17:41:27+00:00","breadcrumb":{"@id":"https:\/\/now-news.de\/de\/deutschland\/israel-toetet-hochrangigen-hisbollah-kommandeur-im-libanon\/#breadcrumb"},"inLanguage":"de","potentialAction":[{"@type":"ReadAction","target":["https:\/\/now-news.de\/de\/deutschland\/israel-toetet-hochrangigen-hisbollah-kommandeur-im-libanon\/"]}]},{"@type":"ImageObject","inLanguage":"de","@id":"https:\/\/now-news.de\/de\/deutschland\/israel-toetet-hochrangigen-hisbollah-kommandeur-im-libanon\/#primaryimage","url":"https:\/\/now-news.de\/de\/wp-content\/uploads\/sites\/3\/2024\/01\/Israel-toetet-hochrangigen-Hisbollah-Kommandeur-im-Libanon.jpg","contentUrl":"https:\/\/now-news.de\/de\/wp-content\/uploads\/sites\/3\/2024\/01\/Israel-toetet-hochrangigen-Hisbollah-Kommandeur-im-Libanon.jpg","width":460,"height":259,"caption":"Israel t\u00f6tet hochrangigen Hisbollah-Kommandeur im Libanon"},{"@type":"BreadcrumbList","@id":"https:\/\/now-news.de\/de\/deutschland\/israel-toetet-hochrangigen-hisbollah-kommandeur-im-libanon\/#breadcrumb","itemListElement":[{"@type":"ListItem","position":1,"name":"Home","item":"https:\/\/now-news.de\/de\/"},{"@type":"ListItem","position":2,"name":"Israel t\u00f6tet hochrangigen Hisbollah-Kommandeur im Libanon"}]},{"@type":"WebSite","@id":"https:\/\/now-news.de\/de\/#website","url":"https:\/\/now-news.de\/de\/","name":"just-now.NEWS Deutschland","description":"Das Portal f\u00fcr unzensierte Nachrichten aus der Welt","publisher":{"@id":"https:\/\/now-news.de\/de\/#organization"},"potentialAction":[{"@type":"SearchAction","target":{"@type":"EntryPoint","urlTemplate":"https:\/\/now-news.de\/de\/?s={search_term_string}"},"query-input":"required name=search_term_string"}],"inLanguage":"de"},{"@type":"Organization","@id":"https:\/\/now-news.de\/de\/#organization","name":"Just Now News","url":"https:\/\/now-news.de\/de\/","logo":{"@type":"ImageObject","inLanguage":"de","@id":"https:\/\/now-news.de\/de\/#\/schema\/logo\/image\/","url":"http:\/\/just-now.news\/de\/wp-content\/uploads\/sites\/3\/2022\/04\/logo500x500.jpg","contentUrl":"http:\/\/just-now.news\/de\/wp-content\/uploads\/sites\/3\/2022\/04\/logo500x500.jpg","width":500,"height":500,"caption":"Just Now News"},"image":{"@id":"https:\/\/now-news.de\/de\/#\/schema\/logo\/image\/"},"sameAs":["https:\/\/www.facebook.com\/wirmachenauf","https:\/\/x.com\/WirMachenAuf_de"]},{"@type":"Person","@id":"https:\/\/now-news.de\/de\/#\/schema\/person\/fb534a4e865501d8b3285208df34a9b5","name":"rtnews","image":{"@type":"ImageObject","inLanguage":"de","@id":"https:\/\/now-news.de\/de\/#\/schema\/person\/image\/","url":"https:\/\/secure.gravatar.com\/avatar\/82aafea7d8127119dd649515f56e2117?s=96&d=mm&r=g","contentUrl":"https:\/\/secure.gravatar.com\/avatar\/82aafea7d8127119dd649515f56e2117?s=96&d=mm&r=g","caption":"rtnews"},"url":"https:\/\/now-news.de\/de\/author\/rnews\/"}]}},"_links":{"self":[{"href":"https:\/\/now-news.de\/de\/wp-json\/wp\/v2\/posts\/52880"}],"collection":[{"href":"https:\/\/now-news.de\/de\/wp-json\/wp\/v2\/posts"}],"about":[{"href":"https:\/\/now-news.de\/de\/wp-json\/wp\/v2\/types\/post"}],"author":[{"embeddable":true,"href":"https:\/\/now-news.de\/de\/wp-json\/wp\/v2\/users\/3"}],"replies":[{"embeddable":true,"href":"https:\/\/now-news.de\/de\/wp-json\/wp\/v2\/comments?post=52880"}],"version-history":[{"count":0,"href":"https:\/\/now-news.de\/de\/wp-json\/wp\/v2\/posts\/52880\/revisions"}],"wp:featuredmedia":[{"embeddable":true,"href":"https:\/\/now-news.de\/de\/wp-json\/wp\/v2\/media\/52881"}],"wp:attachment":[{"href":"https:\/\/now-news.de\/de\/wp-json\/wp\/v2\/media?parent=52880"}],"wp:term":[{"taxonomy":"category","embeddable":true,"href":"https:\/\/now-news.de\/de\/wp-json\/wp\/v2\/categories?post=52880"},{"taxonomy":"post_tag","embeddable":true,"href":"https:\/\/now-news.de\/de\/wp-json\/wp\/v2\/tags?post=52880"}],"curies":[{"name":"wp","href":"https:\/\/api.w.org\/{rel}","templated":true}]}}