{"id":52833,"date":"2024-01-07T16:09:20","date_gmt":"2024-01-07T14:09:20","guid":{"rendered":"https:\/\/just-now.news\/de\/deutschland\/gaza-ethnische-saeuberung-wird-jetzt-als-freiwillige-migration-bezeichnet\/"},"modified":"2024-01-07T16:09:20","modified_gmt":"2024-01-07T14:09:20","slug":"gaza-ethnische-saeuberung-wird-jetzt-als-freiwillige-migration-bezeichnet","status":"publish","type":"post","link":"https:\/\/now-news.de\/de\/deutschland\/gaza-ethnische-saeuberung-wird-jetzt-als-freiwillige-migration-bezeichnet\/","title":{"rendered":"Gaza: Ethnische S\u00e4uberung wird jetzt als &quot;freiwillige Migration&quot; bezeichnet"},"content":{"rendered":"<p><img decoding=\"async\" src=\"http:\/\/just-now.news\/de\/wp-content\/uploads\/sites\/3\/2024\/01\/6596aad748fbef6cb911000e.jpg\" \/><\/p>\n<div class=\"Text-root Text-type_1 \">\n                Israelische Beamte geben nun offen zu, dass sie daran arbeiten, die Abwanderung von Pal\u00e4stinensern aus dem Gazastreifen zu &#8220;f\u00f6rdern&#8221;. Sie behaupten l\u00e4cherlicherweise, diese Abwanderung sei &#8220;freiwillig&#8221;, obwohl sie die Enklave in den vergangenen drei Monaten absichtlich unbewohnbar gemacht haben.\n            <\/div>\n<p><\/p>\n<div class=\"Text-root Text-type_5 ArticleView-text ViewText-root \">\n<p><em>Von Caitlin Johnstone<\/em><\/p>\n<p><strong><\/strong>Israelische Beamte geben nun offen zu, dass sie daran arbeiten, die Abwanderung von Pal\u00e4stinensern aus dem Gazastreifen zu &#8220;f\u00f6rdern&#8221;. Sie behaupten l\u00e4cherlicherweise, diese Abwanderung sei &#8220;freiwillig&#8221;, obwohl sie die Enklave in den vergangenen drei Monaten absichtlich <a rel=\"nofollow noopener\" target=\"_blank\" href=\"https:\/\/pressefreiheit.rtde.live\/meinung\/190338-gaza-wird-von-israel-mit\/\">unbewohnbar gemacht haben<\/a>.<\/p>\n<p>Die <em>Times of Israel<\/em>\u00a0<a rel=\"nofollow noopener\" target=\"_blank\" href=\"https:\/\/www.timesofisrael.com\/ministers-call-for-resettling-gazas-palestinians-building-settlements-in-strip\/\">berichtet<\/a>:<\/p>\n<blockquote>\n<p><em>&#8220;Die beiden rangh\u00f6chsten, rechtsextremen Partner von Premierminister Benjamin Netanjahu bef\u00fcrworteten am Montag den Wiederaufbau von Siedlungen im Gazastreifen und die F\u00f6rderung der &#8220;freiwilligen Auswanderung&#8221; von Pal\u00e4stinensern, w\u00e4hrend Avigdor Liberman, ein Falke der Opposition, Israel aufforderte, den S\u00fcdlibanon wieder zu besetzen.<\/em><\/p>\n<p><em>W\u00e4hrend der Fraktionssitzungen ihrer Parteien in der Knesset pr\u00e4sentierten der Minister f\u00fcr Nationale Sicherheit, Itamar Ben Gvir, und der Finanzminister Bezalel Smotrich die Auswanderung pal\u00e4stinensischer Zivilisten als L\u00f6sung f\u00fcr den lang andauernden Konflikt und als Voraussetzung f\u00fcr die Sicherung der Stabilit\u00e4t, die notwendig ist, damit die Bewohner des s\u00fcdlichen Israels in ihre H\u00e4user zur\u00fcckkehren k\u00f6nnen.<\/em><\/p>\n<p><em>Der Krieg bietet eine &#8216;Gelegenheit, sich auf die F\u00f6rderung der Migration der Bewohner des Gazastreifens zu konzentrieren&#8217;, sagte Ben Gvir vor Reportern und Mitgliedern seiner rechtsextremen Partei Otzma Yehudit und nannte eine solche Politik &#8216;eine korrekte, gerechte, moralische und humane L\u00f6sung&#8217;.<\/em><\/p>\n<p><em>&#8216;Wir k\u00f6nnen uns aus keinem Gebiet im Gazastreifen zur\u00fcckziehen. Ich schlie\u00dfe eine j\u00fcdische Besiedlung dort nicht nur nicht aus, ich halte sie auch f\u00fcr wichtig&#8217;, sagte er.<\/em><\/p>\n<p><em>Die &#8216;richtige L\u00f6sung&#8217; f\u00fcr den andauernden israelisch-pal\u00e4stinensischen Konflikt besteht darin, &#8216;die freiwillige Migration der Bewohner des Gazastreifens in L\u00e4nder zu f\u00f6rdern, die sich bereit erkl\u00e4ren, die Fl\u00fcchtlinge aufzunehmen&#8217;, sagte Smotrich vor Mitgliedern seiner Partei des religi\u00f6sen Zionismus und prophezeite, dass &#8216;Israel das Gebiet des Gazastreifens dauerhaft kontrollieren wird&#8217;, auch durch die Errichtung von Siedlungen.&#8221;<\/em><\/p>\n<\/blockquote>\n<div class=\"EmbedBlock-root EmbedBlock-twitter\">\n<div class=\"TwitterEmbed\">\n<blockquote class=\"twitter-tweet lazyload\" data-twitter=\"twitter-tweet\">\n<p lang=\"en\" dir=\"ltr\">Two Israeli Ministers Say \u2018Resettle\u2019 Palestinians from Gaza and Build Settlements in the StripAn Arab member of the Israeli Knesset said the two extremist ministers were inciting genocideby Dave DeCamp<a rel=\"nofollow noopener\" target=\"_blank\" href=\"https:\/\/twitter.com\/DecampDave?ref_src=twsrc%5Etfw\">@DecampDave<\/a><a rel=\"nofollow noopener\" target=\"_blank\" href=\"https:\/\/twitter.com\/hashtag\/Gaza?src=hash&amp;ref_src=twsrc%5Etfw\">#Gaza<\/a><a rel=\"nofollow noopener\" target=\"_blank\" href=\"https:\/\/twitter.com\/hashtag\/Israel?src=hash&amp;ref_src=twsrc%5Etfw\">#Israel<\/a><a rel=\"nofollow noopener\" target=\"_blank\" href=\"https:\/\/twitter.com\/hashtag\/Palestine?src=hash&amp;ref_src=twsrc%5Etfw\">#Palestine<\/a><a rel=\"nofollow noopener\" target=\"_blank\" href=\"https:\/\/twitter.com\/hashtag\/Palestinians?src=hash&amp;ref_src=twsrc%5Etfw\">#Palestinians<\/a><a rel=\"nofollow noopener\" target=\"_blank\" href=\"https:\/\/t.co\/SI3EjCnVx0\">https:\/\/t.co\/SI3EjCnVx0<\/a><a rel=\"nofollow noopener\" target=\"_blank\" href=\"https:\/\/t.co\/RnGrC4fMDR\">pic.twitter.com\/RnGrC4fMDR<\/a><\/p>\n<p>\u2014 Antiwar.com (@Antiwarcom) <a rel=\"nofollow noopener\" target=\"_blank\" href=\"https:\/\/twitter.com\/Antiwarcom\/status\/1741944593686667591?ref_src=twsrc%5Etfw\">January 1, 2024<\/a><\/p><\/blockquote>\n<\/div>\n<\/div>\n<p><strong><\/strong>Die wiederholte Verwendung des Wortes &#8220;ermutigen&#8221; f\u00e4llt in den \u00c4u\u00dferungen auf, denn die Bewohner des Gazastreifens zur Flucht aus ihrer Heimat zu ermutigen, ist genau das, was Israels Aktionen seit Oktober bewirkt haben. Wenn man 90 Prozent der Bewohner des Gazastreifens durch interne Vertreibung <a rel=\"nofollow noopener\" target=\"_blank\" href=\"https:\/\/www.nbcnews.com\/news\/world\/palestinians-gaza-israel-fear-displacement-sinai-bombing-rcna126321\">obdachlos gemacht<\/a>, die H\u00e4lfte der Bev\u00f6lkerung durch den Belagerungskrieg in den Hungertod <a rel=\"nofollow noopener\" target=\"_blank\" href=\"https:\/\/www.bbc.com\/news\/world-middle-east-67670679\">gezwungen<\/a>, das <a rel=\"nofollow noopener\" target=\"_blank\" href=\"https:\/\/archive.is\/8cZMN#selection-19147.0-19147.45\">gesamte Gesundheitssystem<\/a> der Enklave <a rel=\"nofollow noopener\" target=\"_blank\" href=\"https:\/\/archive.is\/8upB1\">zerst\u00f6rt hat<\/a>, sodass jetzt Krankheiten <a rel=\"nofollow noopener\" target=\"_blank\" href=\"https:\/\/archive.is\/8upB1#selection-1211.0-1217.182\">grassieren<\/a>, und das alles, w\u00e4hrend man Tod und Zerst\u00f6rung von oben <a rel=\"nofollow noopener\" target=\"_blank\" href=\"https:\/\/archive.is\/6rj8b\">regnen l\u00e4sst<\/a> \u2013 in einer \u00e4u\u00dferst unberechenbaren Art und Weise mit Luftangriffen, die routinem\u00e4\u00dfig ausgewiesene Sicherheitszonen <a rel=\"nofollow noopener\" target=\"_blank\" href=\"https:\/\/edition.cnn.com\/2023\/12\/21\/middleeast\/israel-strikes-evacuation-zones-gaza-intl-cmd\/index.html\">treffen<\/a>\u00a0\u2013 bietet man der Bev\u00f6lkerung in der Tat eine sehr starke &#8220;Ermutigung&#8221;, die Region so schnell wie m\u00f6glich zu verlassen.<\/p>\n<p>Das macht das Argument der &#8220;freiwilligen Migration&#8221; der Bewohner des Gazastreifens nat\u00fcrlich v\u00f6llig unsinnig, denn jemanden gewaltsam dazu zu zwingen, etwas zu tun, und ihm zu garantieren, dass er stirbt, wenn er es nicht tut, ist das genaue Gegenteil dessen, was das Wort &#8220;freiwillig&#8221; bedeutet.<\/p>\n<p>Aber das ist der Slogan, der immer wieder auftaucht, wenn Israel sich seiner endg\u00fcltigen L\u00f6sung des pal\u00e4stinensischen Problems in Gaza n\u00e4hert. Netanjahu und seine Gefolgsleute haben wiederholt Ausdr\u00fccke wie &#8220;freiwillige Umsiedlung&#8221; und &#8220;freiwillige Migration&#8221; <a rel=\"nofollow noopener\" target=\"_blank\" href=\"https:\/\/news.antiwar.com\/2023\/12\/26\/netanyahu-says-hes-looking-for-countries-to-absorb-palestinians-from-gaza\/\">verwendet<\/a>, um den Plan zu beschreiben, dass die pal\u00e4stinensischen Bewohner des Gazastreifens entweder in Fl\u00fcchtlingslager auf der angrenzenden Sinai-Halbinsel in \u00c4gypten <a rel=\"nofollow noopener\" target=\"_blank\" href=\"https:\/\/www.jpost.com\/opinion\/article-779510\">umziehen<\/a> oder von anderen Nationen in der ganzen Welt <a rel=\"nofollow noopener\" target=\"_blank\" href=\"https:\/\/twitter.com\/ytirawi\/status\/1727262445033386230\">aufgenommen<\/a> werden sollen.<\/p>\n<p>Netanjahu <a rel=\"nofollow noopener\" target=\"_blank\" href=\"https:\/\/www.middleeasteye.net\/news\/war-gaza-israel-palestine-netanyahu-countries-absorb-palestinians\">sagte<\/a>, dass ein Team gebildet werden m\u00fcsse, das &#8220;sicherstellt, dass diejenigen, die den Gazastreifen in ein Drittland verlassen wollen, dies tun k\u00f6nnen&#8221;. <a rel=\"nofollow noopener\" target=\"_blank\" href=\"https:\/\/www.timesofisrael.com\/liveblog_entry\/report-ex-uk-pm-blair-eyed-as-mediator-on-post-war-gaza-including-resettlement-of-palestinians\/\">Berichten<\/a> zufolge wurde der Irak-Invasor Tony Blair von israelischen Beamten als m\u00f6glicher Leiter eines solchen Teams ins Auge gefasst, obwohl Blair dies <a rel=\"nofollow noopener\" target=\"_blank\" href=\"https:\/\/www.thenationalnews.com\/world\/uk-news\/2024\/01\/01\/tony-blair-denies-role-in-resettling-palestinians-from-gaza\/\">bestritten hat<\/a>.<\/p>\n<div class=\"EmbedBlock-root EmbedBlock-twitter\">\n<div class=\"TwitterEmbed\">\n<blockquote class=\"twitter-tweet lazyload\" data-twitter=\"twitter-tweet\">\n<p lang=\"en\" dir=\"ltr\">Benjamin Netanyahu announced his endgame in Gaza: the \u201cvoluntary migration\u201d of Palestinians forced to choose between leaving or dying by bombardment and starvation. His goal is to end the Palestinians as a people and as a national movement.<a rel=\"nofollow noopener\" target=\"_blank\" href=\"https:\/\/t.co\/RDrm36aE0O\">https:\/\/t.co\/RDrm36aE0O<\/a><\/p>\n<p>\u2014 Mondoweiss (@Mondoweiss) <a rel=\"nofollow noopener\" target=\"_blank\" href=\"https:\/\/twitter.com\/Mondoweiss\/status\/1740447590930358444?ref_src=twsrc%5Etfw\">December 28, 2023<\/a><\/p><\/blockquote>\n<\/div>\n<\/div>\n<p><strong><\/strong>Mitchell Plitnick <a rel=\"nofollow noopener\" target=\"_blank\" href=\"https:\/\/mondoweiss.net\/2023\/12\/israel-announces-its-gaza-endgame-ethnic-cleansing-as-humanitarianism\/\">schrieb<\/a> in einem Artikel f\u00fcr <em>Mondoweiss<\/em> im letzten Monat \u00fcber die Absurdit\u00e4t des Themas &#8220;freiwillige Migration&#8221; Folgendes:<\/p>\n<blockquote>\n<p><em>&#8220;Der Begriff &#8216;freiwillige Auswanderung&#8217; wird in den kommenden Wochen und Monaten wahrscheinlich sehr oft zu h\u00f6ren sein, und er ist einer der zynischsten und unehrlichsten Begriffe, die man sich vorstellen kann. Die Menschen verlassen den Gazastreifen nat\u00fcrlich nicht freiwillig. Israel hat den Ort unbewohnbar gemacht, und das war vor dem aktuellen Bombardement.<\/em><\/p>\n<p><em>Jetzt werden sie im Wesentlichen unter Androhung des Todes zum Verlassen gezwungen. Die Menschen in Gaza haben nicht pl\u00f6tzlich ihre Verbundenheit mit Pal\u00e4stina verloren. Sie werden sterben, wenn sie bleiben, ebenso wie ihre Kinder. Wenn man Wasser, Strom, Nahrung und medizinische Versorgung abstellt, alle Unterk\u00fcnfte zerst\u00f6rt und dann die Menschen fragt: &#8216;M\u00f6chten Sie trotzdem bleiben?&#8217;, dann ist ihre Entscheidung zu gehen offensichtlich nicht freiwillig.&#8221;<\/em><\/p>\n<\/blockquote>\n<p>Aber das ist anscheinend das Narrativ, das sie verfolgen.<\/p>\n<p>Und das ist nichts Neues. Israel behauptet seit Generationen f\u00e4lschlicherweise, dass seine gewaltsame Vertreibung der Pal\u00e4stinenser, die als <a rel=\"nofollow noopener\" target=\"_blank\" href=\"https:\/\/de.wikipedia.org\/wiki\/Nakba\">Nakba<\/a> bekannt ist, ebenfalls freiwillig war. Im Jahr 2000 <a rel=\"nofollow noopener\" target=\"_blank\" href=\"https:\/\/web.archive.org\/web\/20110605164146\/http:\/\/weekly.ahram.org.eg\/2000\/476\/op5.htm\">schrieb<\/a> die pal\u00e4stinensische Akademikerin Ghada Karmi: &#8220;Die israelische Version der Geschichte \u2013 dass die Pal\u00e4stinenser freiwillig oder auf Anweisung ihrer F\u00fchrer gegangen seien und dass die Israelis weder materiell noch moralisch f\u00fcr ihre Notlage verantwortlich seien \u2013 wird seit Jahrzehnten erfolgreich an die Weltgemeinschaft vermarktet.&#8221;<\/p>\n<p>Der Plan, die Pal\u00e4stinenser aus den von Israel gew\u00fcnschten Gebieten umzusiedeln, ist ebenfalls nicht neu. In einem 2002 erschienenen Artikel f\u00fcr <em>The Guardian<\/em> mit dem Titel <a rel=\"nofollow noopener\" target=\"_blank\" href=\"https:\/\/www.theguardian.com\/world\/2002\/oct\/03\/israel1\">&#8220;Ein neuer Exodus f\u00fcr den Nahen Osten?&#8221;<\/a> schreibt der israelische Historiker Benny Morris, dass die Absicht, Pal\u00e4stinenser in andere L\u00e4nder zu &#8220;transferieren&#8221;, schon so lange existiert wie der moderne Zionismus:<\/p>\n<blockquote>\n<p><em>&#8220;Die Idee des Transfers ist so alt wie der moderne Zionismus und hat seine Entwicklung und Praxis w\u00e4hrend des letzten Jahrhunderts begleitet. Und sie wurde von einer eisernen Logik angetrieben: Es konnte keinen lebensf\u00e4higen j\u00fcdischen Staat in ganz oder in Teilen Pal\u00e4stinas geben, wenn nicht die arabischen Einwohner, die sich seiner Entstehung widersetzten und eine aktive oder potenzielle f\u00fcnfte Kolonne in seiner Mitte darstellen w\u00fcrden, massenhaft vertrieben w\u00fcrden. Diese Logik wurde vor und w\u00e4hrend des Jahres 1948 von zionistischen, arabischen und britischen F\u00fchrern und Beamten verstanden und ge\u00e4u\u00dfert.<\/em><\/p>\n<p><em>Bereits 1895 schrieb Theodor Herzl, der Prophet und Gr\u00fcnder des Zionismus, in Erwartung der Gr\u00fcndung des j\u00fcdischen Staates in sein Tagebuch: &#8216;Wir werden versuchen, die mittellose [arabische] Bev\u00f6lkerung \u00fcber die Grenze zu bringen, indem wir ihr in den Transitl\u00e4ndern Arbeit verschaffen, w\u00e4hrend wir ihr in unserem Land jede Besch\u00e4ftigung verweigern \u2026 die Umsiedlung der Armen muss diskret und umsichtig durchgef\u00fchrt werden.'&#8221;<\/em><\/p>\n<\/blockquote>\n<p>Dies ist eine sehr, sehr alte Agenda, die als etwas ganz Neues dargestellt wird, das den israelischen Beamten gerade erst in den Sinn kommt. Sie haben sich das nicht gerade erst ausgedacht. Davon wurde schon getr\u00e4umt, als Israel noch in den Augen seiner Gr\u00fcnderv\u00e4ter funkelte.<\/p>\n<p>Dies ist das wahre Ziel in Gaza. Nicht die &#8220;Eliminierung der Hamas&#8221; (wie auch immer man sich das in der Praxis vorstellen mag), sondern die ethnische S\u00e4uberung der Pal\u00e4stinenser im Gazastreifen.<\/p>\n<p>Die Hamas ist nicht das Ziel in Gaza. Die Hamas ist nur der Vorwand.<\/p>\n<p><em>\u00dcbersetzt aus dem <a rel=\"nofollow noopener\" target=\"_blank\" href=\"https:\/\/www.caitlinjohnst.one\/p\/theyre-calling-ethnic-cleansing-voluntary\">Englischen<\/a>.<\/em><\/p>\n<p><em>Caitlin Johnstone ist eine unabh\u00e4ngige Journalistin aus Melbourne, Australien. Ihre Webseite findet sich <a rel=\"nofollow noopener\" target=\"_blank\" href=\"https:\/\/www.caitlinjohnst.one\/\">hier<\/a>, und man kann ihr auf X unter <a rel=\"nofollow noopener\" target=\"_blank\" href=\"https:\/\/twitter.com\/caitoz\">@caitoz<\/a> folgen.<\/em><\/p>\n<\/p>\n<\/div>\n<p><script async src=\"https:\/\/platform.twitter.com\/widgets.js\" charset=\"utf-8\"><\/script><br \/>\n<br \/><br \/>\n<br \/><a href=\"https:\/\/de.rt.com\/meinung\/191739-ethnische-saeuberung-wird-jetzt-als\/\">Source link <\/a><\/p>\n","protected":false},"excerpt":{"rendered":"<p>Israelische Beamte geben nun offen zu, dass sie daran arbeiten, die Abwanderung von Pal\u00e4stinensern aus dem Gazastreifen zu &#8220;f\u00f6rdern&#8221;. Sie behaupten l\u00e4cherlicherweise, diese Abwanderung sei &#8220;freiwillig&#8221;, obwohl sie die Enklave in den vergangenen drei Monaten absichtlich unbewohnbar gemacht haben. Von Caitlin Johnstone Israelische Beamte geben nun offen zu, dass sie daran arbeiten, die Abwanderung von [&hellip;]<\/p>\n","protected":false},"author":3,"featured_media":52834,"comment_status":"open","ping_status":"open","sticky":false,"template":"","format":"standard","meta":{"_yoast_indexnow_last_ping":["1704637372"],"wp_automatic_camp":["217"],"1194398c31f9987959ef2f6eb3a752a7":["Gaza: Ethnische S\u00e4uberung wird jetzt als &quot;freiwillige Migration&quot; bezeichnet"],"original_link":["https:\/\/de.rt.com\/meinung\/191739-ethnische-saeuberung-wird-jetzt-als\/"],"_thumbnail_id":["52834"],"jnews_social_counter_last_update":["1777473773"],"_wptgpro_p2tg_sent2tg":["a:1:{i:23737;s:19:\"2024-01-07 16:24:46\";}"]},"categories":[19,23],"tags":[273,7183,27577,12988,2731,52248,38876,45125,374],"yoast_head":"<!-- This site is optimized with the Yoast SEO Premium plugin v22.7 (Yoast SEO v22.7) - https:\/\/yoast.com\/wordpress\/plugins\/seo\/ -->\n<title>Gaza: Ethnische S\u00e4uberung wird jetzt als &quot;freiwillige Migration&quot; bezeichnet - just-now.NEWS Deutschland<\/title>\n<meta name=\"robots\" content=\"index, follow, max-snippet:-1, max-image-preview:large, max-video-preview:-1\" \/>\n<link rel=\"canonical\" href=\"https:\/\/now-news.de\/de\/deutschland\/gaza-ethnische-saeuberung-wird-jetzt-als-freiwillige-migration-bezeichnet\/\" \/>\n<meta property=\"og:locale\" content=\"de_DE\" \/>\n<meta property=\"og:type\" content=\"article\" \/>\n<meta property=\"og:title\" content=\"Gaza: Ethnische S\u00e4uberung wird jetzt als &quot;freiwillige Migration&quot; bezeichnet\" \/>\n<meta property=\"og:description\" content=\"Israelische Beamte geben nun offen zu, dass sie daran arbeiten, die Abwanderung von Pal\u00e4stinensern aus dem Gazastreifen zu &#8220;f\u00f6rdern&#8221;. Sie behaupten l\u00e4cherlicherweise, diese Abwanderung sei &#8220;freiwillig&#8221;, obwohl sie die Enklave in den vergangenen drei Monaten absichtlich unbewohnbar gemacht haben. Von Caitlin Johnstone Israelische Beamte geben nun offen zu, dass sie daran arbeiten, die Abwanderung von [&hellip;]\" \/>\n<meta property=\"og:url\" content=\"https:\/\/now-news.de\/de\/deutschland\/gaza-ethnische-saeuberung-wird-jetzt-als-freiwillige-migration-bezeichnet\/\" \/>\n<meta property=\"og:site_name\" content=\"just-now.NEWS Deutschland\" \/>\n<meta property=\"article:publisher\" content=\"https:\/\/www.facebook.com\/wirmachenauf\" \/>\n<meta property=\"article:published_time\" content=\"2024-01-07T14:09:20+00:00\" \/>\n<meta property=\"og:image\" content=\"https:\/\/now-news.de\/de\/wp-content\/uploads\/sites\/3\/2024\/01\/Gaza-Ethnische-Saeuberung-wird-jetzt-als-quotfreiwillige-Migrationquot-bezeichnet.jpg\" \/>\n\t<meta property=\"og:image:width\" content=\"460\" \/>\n\t<meta property=\"og:image:height\" content=\"259\" \/>\n\t<meta property=\"og:image:type\" content=\"image\/jpeg\" \/>\n<meta name=\"author\" content=\"rtnews\" \/>\n<meta name=\"twitter:card\" content=\"summary_large_image\" \/>\n<meta name=\"twitter:creator\" content=\"@WirMachenAuf_de\" \/>\n<meta name=\"twitter:site\" content=\"@WirMachenAuf_de\" \/>\n<meta name=\"twitter:label1\" content=\"Verfasst von\" \/>\n\t<meta name=\"twitter:data1\" content=\"rtnews\" \/>\n\t<meta name=\"twitter:label2\" content=\"Gesch\u00e4tzte Lesezeit\" \/>\n\t<meta name=\"twitter:data2\" content=\"7\u00a0Minuten\" \/>\n<script type=\"application\/ld+json\" class=\"yoast-schema-graph\">{\"@context\":\"https:\/\/schema.org\",\"@graph\":[{\"@type\":\"Article\",\"@id\":\"https:\/\/now-news.de\/de\/deutschland\/gaza-ethnische-saeuberung-wird-jetzt-als-freiwillige-migration-bezeichnet\/#article\",\"isPartOf\":{\"@id\":\"https:\/\/now-news.de\/de\/deutschland\/gaza-ethnische-saeuberung-wird-jetzt-als-freiwillige-migration-bezeichnet\/\"},\"author\":{\"name\":\"rtnews\",\"@id\":\"https:\/\/now-news.de\/de\/#\/schema\/person\/fb534a4e865501d8b3285208df34a9b5\"},\"headline\":\"Gaza: Ethnische S\u00e4uberung wird jetzt als &quot;freiwillige Migration&quot; bezeichnet\",\"datePublished\":\"2024-01-07T14:09:20+00:00\",\"dateModified\":\"2024-01-07T14:09:20+00:00\",\"mainEntityOfPage\":{\"@id\":\"https:\/\/now-news.de\/de\/deutschland\/gaza-ethnische-saeuberung-wird-jetzt-als-freiwillige-migration-bezeichnet\/\"},\"wordCount\":1325,\"commentCount\":0,\"publisher\":{\"@id\":\"https:\/\/now-news.de\/de\/#organization\"},\"image\":{\"@id\":\"https:\/\/now-news.de\/de\/deutschland\/gaza-ethnische-saeuberung-wird-jetzt-als-freiwillige-migration-bezeichnet\/#primaryimage\"},\"thumbnailUrl\":\"https:\/\/now-news.de\/de\/wp-content\/uploads\/sites\/3\/2024\/01\/Gaza-Ethnische-Saeuberung-wird-jetzt-als-quotfreiwillige-Migrationquot-bezeichnet.jpg\",\"keywords\":[\"als\",\"bezeichnet\",\"ethnische\",\"Gaza\",\"Jetzt\",\"Migrationquot\",\"quotfreiwillige\",\"S\u00e4uberung\",\"wird\"],\"articleSection\":[\"Deutschland\",\"Russland\"],\"inLanguage\":\"de\",\"potentialAction\":[{\"@type\":\"CommentAction\",\"name\":\"Comment\",\"target\":[\"https:\/\/now-news.de\/de\/deutschland\/gaza-ethnische-saeuberung-wird-jetzt-als-freiwillige-migration-bezeichnet\/#respond\"]}]},{\"@type\":\"WebPage\",\"@id\":\"https:\/\/now-news.de\/de\/deutschland\/gaza-ethnische-saeuberung-wird-jetzt-als-freiwillige-migration-bezeichnet\/\",\"url\":\"https:\/\/now-news.de\/de\/deutschland\/gaza-ethnische-saeuberung-wird-jetzt-als-freiwillige-migration-bezeichnet\/\",\"name\":\"Gaza: Ethnische S\u00e4uberung wird jetzt als &quot;freiwillige Migration&quot; bezeichnet - just-now.NEWS Deutschland\",\"isPartOf\":{\"@id\":\"https:\/\/now-news.de\/de\/#website\"},\"primaryImageOfPage\":{\"@id\":\"https:\/\/now-news.de\/de\/deutschland\/gaza-ethnische-saeuberung-wird-jetzt-als-freiwillige-migration-bezeichnet\/#primaryimage\"},\"image\":{\"@id\":\"https:\/\/now-news.de\/de\/deutschland\/gaza-ethnische-saeuberung-wird-jetzt-als-freiwillige-migration-bezeichnet\/#primaryimage\"},\"thumbnailUrl\":\"https:\/\/now-news.de\/de\/wp-content\/uploads\/sites\/3\/2024\/01\/Gaza-Ethnische-Saeuberung-wird-jetzt-als-quotfreiwillige-Migrationquot-bezeichnet.jpg\",\"datePublished\":\"2024-01-07T14:09:20+00:00\",\"dateModified\":\"2024-01-07T14:09:20+00:00\",\"breadcrumb\":{\"@id\":\"https:\/\/now-news.de\/de\/deutschland\/gaza-ethnische-saeuberung-wird-jetzt-als-freiwillige-migration-bezeichnet\/#breadcrumb\"},\"inLanguage\":\"de\",\"potentialAction\":[{\"@type\":\"ReadAction\",\"target\":[\"https:\/\/now-news.de\/de\/deutschland\/gaza-ethnische-saeuberung-wird-jetzt-als-freiwillige-migration-bezeichnet\/\"]}]},{\"@type\":\"ImageObject\",\"inLanguage\":\"de\",\"@id\":\"https:\/\/now-news.de\/de\/deutschland\/gaza-ethnische-saeuberung-wird-jetzt-als-freiwillige-migration-bezeichnet\/#primaryimage\",\"url\":\"https:\/\/now-news.de\/de\/wp-content\/uploads\/sites\/3\/2024\/01\/Gaza-Ethnische-Saeuberung-wird-jetzt-als-quotfreiwillige-Migrationquot-bezeichnet.jpg\",\"contentUrl\":\"https:\/\/now-news.de\/de\/wp-content\/uploads\/sites\/3\/2024\/01\/Gaza-Ethnische-Saeuberung-wird-jetzt-als-quotfreiwillige-Migrationquot-bezeichnet.jpg\",\"width\":460,\"height\":259,\"caption\":\"Gaza: Ethnische S\u00e4uberung wird jetzt als &quot;freiwillige Migration&quot; bezeichnet\"},{\"@type\":\"BreadcrumbList\",\"@id\":\"https:\/\/now-news.de\/de\/deutschland\/gaza-ethnische-saeuberung-wird-jetzt-als-freiwillige-migration-bezeichnet\/#breadcrumb\",\"itemListElement\":[{\"@type\":\"ListItem\",\"position\":1,\"name\":\"Home\",\"item\":\"https:\/\/now-news.de\/de\/\"},{\"@type\":\"ListItem\",\"position\":2,\"name\":\"Gaza: Ethnische S\u00e4uberung wird jetzt als &quot;freiwillige Migration&quot; bezeichnet\"}]},{\"@type\":\"WebSite\",\"@id\":\"https:\/\/now-news.de\/de\/#website\",\"url\":\"https:\/\/now-news.de\/de\/\",\"name\":\"just-now.NEWS Deutschland\",\"description\":\"Das Portal f\u00fcr unzensierte Nachrichten aus der Welt\",\"publisher\":{\"@id\":\"https:\/\/now-news.de\/de\/#organization\"},\"potentialAction\":[{\"@type\":\"SearchAction\",\"target\":{\"@type\":\"EntryPoint\",\"urlTemplate\":\"https:\/\/now-news.de\/de\/?s={search_term_string}\"},\"query-input\":\"required name=search_term_string\"}],\"inLanguage\":\"de\"},{\"@type\":\"Organization\",\"@id\":\"https:\/\/now-news.de\/de\/#organization\",\"name\":\"Just Now News\",\"url\":\"https:\/\/now-news.de\/de\/\",\"logo\":{\"@type\":\"ImageObject\",\"inLanguage\":\"de\",\"@id\":\"https:\/\/now-news.de\/de\/#\/schema\/logo\/image\/\",\"url\":\"http:\/\/just-now.news\/de\/wp-content\/uploads\/sites\/3\/2022\/04\/logo500x500.jpg\",\"contentUrl\":\"http:\/\/just-now.news\/de\/wp-content\/uploads\/sites\/3\/2022\/04\/logo500x500.jpg\",\"width\":500,\"height\":500,\"caption\":\"Just Now News\"},\"image\":{\"@id\":\"https:\/\/now-news.de\/de\/#\/schema\/logo\/image\/\"},\"sameAs\":[\"https:\/\/www.facebook.com\/wirmachenauf\",\"https:\/\/x.com\/WirMachenAuf_de\"]},{\"@type\":\"Person\",\"@id\":\"https:\/\/now-news.de\/de\/#\/schema\/person\/fb534a4e865501d8b3285208df34a9b5\",\"name\":\"rtnews\",\"image\":{\"@type\":\"ImageObject\",\"inLanguage\":\"de\",\"@id\":\"https:\/\/now-news.de\/de\/#\/schema\/person\/image\/\",\"url\":\"https:\/\/secure.gravatar.com\/avatar\/82aafea7d8127119dd649515f56e2117?s=96&d=mm&r=g\",\"contentUrl\":\"https:\/\/secure.gravatar.com\/avatar\/82aafea7d8127119dd649515f56e2117?s=96&d=mm&r=g\",\"caption\":\"rtnews\"},\"url\":\"https:\/\/now-news.de\/de\/author\/rnews\/\"}]}<\/script>\n<!-- \/ Yoast SEO Premium plugin. -->","yoast_head_json":{"title":"Gaza: Ethnische S\u00e4uberung wird jetzt als &quot;freiwillige Migration&quot; bezeichnet - just-now.NEWS Deutschland","robots":{"index":"index","follow":"follow","max-snippet":"max-snippet:-1","max-image-preview":"max-image-preview:large","max-video-preview":"max-video-preview:-1"},"canonical":"https:\/\/now-news.de\/de\/deutschland\/gaza-ethnische-saeuberung-wird-jetzt-als-freiwillige-migration-bezeichnet\/","og_locale":"de_DE","og_type":"article","og_title":"Gaza: Ethnische S\u00e4uberung wird jetzt als &quot;freiwillige Migration&quot; bezeichnet","og_description":"Israelische Beamte geben nun offen zu, dass sie daran arbeiten, die Abwanderung von Pal\u00e4stinensern aus dem Gazastreifen zu &#8220;f\u00f6rdern&#8221;. Sie behaupten l\u00e4cherlicherweise, diese Abwanderung sei &#8220;freiwillig&#8221;, obwohl sie die Enklave in den vergangenen drei Monaten absichtlich unbewohnbar gemacht haben. Von Caitlin Johnstone Israelische Beamte geben nun offen zu, dass sie daran arbeiten, die Abwanderung von [&hellip;]","og_url":"https:\/\/now-news.de\/de\/deutschland\/gaza-ethnische-saeuberung-wird-jetzt-als-freiwillige-migration-bezeichnet\/","og_site_name":"just-now.NEWS Deutschland","article_publisher":"https:\/\/www.facebook.com\/wirmachenauf","article_published_time":"2024-01-07T14:09:20+00:00","og_image":[{"width":460,"height":259,"url":"https:\/\/now-news.de\/de\/wp-content\/uploads\/sites\/3\/2024\/01\/Gaza-Ethnische-Saeuberung-wird-jetzt-als-quotfreiwillige-Migrationquot-bezeichnet.jpg","type":"image\/jpeg"}],"author":"rtnews","twitter_card":"summary_large_image","twitter_creator":"@WirMachenAuf_de","twitter_site":"@WirMachenAuf_de","twitter_misc":{"Verfasst von":"rtnews","Gesch\u00e4tzte Lesezeit":"7\u00a0Minuten"},"schema":{"@context":"https:\/\/schema.org","@graph":[{"@type":"Article","@id":"https:\/\/now-news.de\/de\/deutschland\/gaza-ethnische-saeuberung-wird-jetzt-als-freiwillige-migration-bezeichnet\/#article","isPartOf":{"@id":"https:\/\/now-news.de\/de\/deutschland\/gaza-ethnische-saeuberung-wird-jetzt-als-freiwillige-migration-bezeichnet\/"},"author":{"name":"rtnews","@id":"https:\/\/now-news.de\/de\/#\/schema\/person\/fb534a4e865501d8b3285208df34a9b5"},"headline":"Gaza: Ethnische S\u00e4uberung wird jetzt als &quot;freiwillige Migration&quot; bezeichnet","datePublished":"2024-01-07T14:09:20+00:00","dateModified":"2024-01-07T14:09:20+00:00","mainEntityOfPage":{"@id":"https:\/\/now-news.de\/de\/deutschland\/gaza-ethnische-saeuberung-wird-jetzt-als-freiwillige-migration-bezeichnet\/"},"wordCount":1325,"commentCount":0,"publisher":{"@id":"https:\/\/now-news.de\/de\/#organization"},"image":{"@id":"https:\/\/now-news.de\/de\/deutschland\/gaza-ethnische-saeuberung-wird-jetzt-als-freiwillige-migration-bezeichnet\/#primaryimage"},"thumbnailUrl":"https:\/\/now-news.de\/de\/wp-content\/uploads\/sites\/3\/2024\/01\/Gaza-Ethnische-Saeuberung-wird-jetzt-als-quotfreiwillige-Migrationquot-bezeichnet.jpg","keywords":["als","bezeichnet","ethnische","Gaza","Jetzt","Migrationquot","quotfreiwillige","S\u00e4uberung","wird"],"articleSection":["Deutschland","Russland"],"inLanguage":"de","potentialAction":[{"@type":"CommentAction","name":"Comment","target":["https:\/\/now-news.de\/de\/deutschland\/gaza-ethnische-saeuberung-wird-jetzt-als-freiwillige-migration-bezeichnet\/#respond"]}]},{"@type":"WebPage","@id":"https:\/\/now-news.de\/de\/deutschland\/gaza-ethnische-saeuberung-wird-jetzt-als-freiwillige-migration-bezeichnet\/","url":"https:\/\/now-news.de\/de\/deutschland\/gaza-ethnische-saeuberung-wird-jetzt-als-freiwillige-migration-bezeichnet\/","name":"Gaza: Ethnische S\u00e4uberung wird jetzt als &quot;freiwillige Migration&quot; bezeichnet - just-now.NEWS Deutschland","isPartOf":{"@id":"https:\/\/now-news.de\/de\/#website"},"primaryImageOfPage":{"@id":"https:\/\/now-news.de\/de\/deutschland\/gaza-ethnische-saeuberung-wird-jetzt-als-freiwillige-migration-bezeichnet\/#primaryimage"},"image":{"@id":"https:\/\/now-news.de\/de\/deutschland\/gaza-ethnische-saeuberung-wird-jetzt-als-freiwillige-migration-bezeichnet\/#primaryimage"},"thumbnailUrl":"https:\/\/now-news.de\/de\/wp-content\/uploads\/sites\/3\/2024\/01\/Gaza-Ethnische-Saeuberung-wird-jetzt-als-quotfreiwillige-Migrationquot-bezeichnet.jpg","datePublished":"2024-01-07T14:09:20+00:00","dateModified":"2024-01-07T14:09:20+00:00","breadcrumb":{"@id":"https:\/\/now-news.de\/de\/deutschland\/gaza-ethnische-saeuberung-wird-jetzt-als-freiwillige-migration-bezeichnet\/#breadcrumb"},"inLanguage":"de","potentialAction":[{"@type":"ReadAction","target":["https:\/\/now-news.de\/de\/deutschland\/gaza-ethnische-saeuberung-wird-jetzt-als-freiwillige-migration-bezeichnet\/"]}]},{"@type":"ImageObject","inLanguage":"de","@id":"https:\/\/now-news.de\/de\/deutschland\/gaza-ethnische-saeuberung-wird-jetzt-als-freiwillige-migration-bezeichnet\/#primaryimage","url":"https:\/\/now-news.de\/de\/wp-content\/uploads\/sites\/3\/2024\/01\/Gaza-Ethnische-Saeuberung-wird-jetzt-als-quotfreiwillige-Migrationquot-bezeichnet.jpg","contentUrl":"https:\/\/now-news.de\/de\/wp-content\/uploads\/sites\/3\/2024\/01\/Gaza-Ethnische-Saeuberung-wird-jetzt-als-quotfreiwillige-Migrationquot-bezeichnet.jpg","width":460,"height":259,"caption":"Gaza: Ethnische S\u00e4uberung wird jetzt als &quot;freiwillige Migration&quot; bezeichnet"},{"@type":"BreadcrumbList","@id":"https:\/\/now-news.de\/de\/deutschland\/gaza-ethnische-saeuberung-wird-jetzt-als-freiwillige-migration-bezeichnet\/#breadcrumb","itemListElement":[{"@type":"ListItem","position":1,"name":"Home","item":"https:\/\/now-news.de\/de\/"},{"@type":"ListItem","position":2,"name":"Gaza: Ethnische S\u00e4uberung wird jetzt als &quot;freiwillige Migration&quot; bezeichnet"}]},{"@type":"WebSite","@id":"https:\/\/now-news.de\/de\/#website","url":"https:\/\/now-news.de\/de\/","name":"just-now.NEWS Deutschland","description":"Das Portal f\u00fcr unzensierte Nachrichten aus der Welt","publisher":{"@id":"https:\/\/now-news.de\/de\/#organization"},"potentialAction":[{"@type":"SearchAction","target":{"@type":"EntryPoint","urlTemplate":"https:\/\/now-news.de\/de\/?s={search_term_string}"},"query-input":"required name=search_term_string"}],"inLanguage":"de"},{"@type":"Organization","@id":"https:\/\/now-news.de\/de\/#organization","name":"Just Now News","url":"https:\/\/now-news.de\/de\/","logo":{"@type":"ImageObject","inLanguage":"de","@id":"https:\/\/now-news.de\/de\/#\/schema\/logo\/image\/","url":"http:\/\/just-now.news\/de\/wp-content\/uploads\/sites\/3\/2022\/04\/logo500x500.jpg","contentUrl":"http:\/\/just-now.news\/de\/wp-content\/uploads\/sites\/3\/2022\/04\/logo500x500.jpg","width":500,"height":500,"caption":"Just Now News"},"image":{"@id":"https:\/\/now-news.de\/de\/#\/schema\/logo\/image\/"},"sameAs":["https:\/\/www.facebook.com\/wirmachenauf","https:\/\/x.com\/WirMachenAuf_de"]},{"@type":"Person","@id":"https:\/\/now-news.de\/de\/#\/schema\/person\/fb534a4e865501d8b3285208df34a9b5","name":"rtnews","image":{"@type":"ImageObject","inLanguage":"de","@id":"https:\/\/now-news.de\/de\/#\/schema\/person\/image\/","url":"https:\/\/secure.gravatar.com\/avatar\/82aafea7d8127119dd649515f56e2117?s=96&d=mm&r=g","contentUrl":"https:\/\/secure.gravatar.com\/avatar\/82aafea7d8127119dd649515f56e2117?s=96&d=mm&r=g","caption":"rtnews"},"url":"https:\/\/now-news.de\/de\/author\/rnews\/"}]}},"_links":{"self":[{"href":"https:\/\/now-news.de\/de\/wp-json\/wp\/v2\/posts\/52833"}],"collection":[{"href":"https:\/\/now-news.de\/de\/wp-json\/wp\/v2\/posts"}],"about":[{"href":"https:\/\/now-news.de\/de\/wp-json\/wp\/v2\/types\/post"}],"author":[{"embeddable":true,"href":"https:\/\/now-news.de\/de\/wp-json\/wp\/v2\/users\/3"}],"replies":[{"embeddable":true,"href":"https:\/\/now-news.de\/de\/wp-json\/wp\/v2\/comments?post=52833"}],"version-history":[{"count":0,"href":"https:\/\/now-news.de\/de\/wp-json\/wp\/v2\/posts\/52833\/revisions"}],"wp:featuredmedia":[{"embeddable":true,"href":"https:\/\/now-news.de\/de\/wp-json\/wp\/v2\/media\/52834"}],"wp:attachment":[{"href":"https:\/\/now-news.de\/de\/wp-json\/wp\/v2\/media?parent=52833"}],"wp:term":[{"taxonomy":"category","embeddable":true,"href":"https:\/\/now-news.de\/de\/wp-json\/wp\/v2\/categories?post=52833"},{"taxonomy":"post_tag","embeddable":true,"href":"https:\/\/now-news.de\/de\/wp-json\/wp\/v2\/tags?post=52833"}],"curies":[{"name":"wp","href":"https:\/\/api.w.org\/{rel}","templated":true}]}}