{"id":52793,"date":"2024-01-06T14:15:23","date_gmt":"2024-01-06T12:15:23","guid":{"rendered":"https:\/\/just-now.news\/de\/deutschland\/eine-herabstufung-von-apple-koennte-zu-einem-zusammenbruch-an-der-tech-front-fuehren\/"},"modified":"2024-01-06T14:15:23","modified_gmt":"2024-01-06T12:15:23","slug":"eine-herabstufung-von-apple-koennte-zu-einem-zusammenbruch-an-der-tech-front-fuehren","status":"publish","type":"post","link":"https:\/\/now-news.de\/de\/deutschland\/eine-herabstufung-von-apple-koennte-zu-einem-zusammenbruch-an-der-tech-front-fuehren\/","title":{"rendered":"Eine Herabstufung von Apple k\u00f6nnte zu einem Zusammenbruch an der Tech-Front f\u00fchren"},"content":{"rendered":"<p><img decoding=\"async\" src=\"http:\/\/just-now.news\/de\/wp-content\/uploads\/sites\/3\/2024\/01\/659940bf48fbef129920305d.jpg\" \/><\/p>\n<div class=\"Text-root Text-type_1 \">\n                Die Sorgen um das wertvollste Unternehmen der Welt haben die Branche ersch\u00fcttert. Der Technologiesektor musste mit Gegenwind k\u00e4mpfen, w\u00e4hrend die Apple-Aktie einen R\u00fcckgang verzeichnete. Dies ist ein Hinweis auf Bedenken, die Analysten hinsichtlich Apple ge\u00e4u\u00dfert haben.\n            <\/div>\n<p><\/p>\n<div class=\"Text-root Text-type_5 ArticleView-text ViewText-root \">\n<p><em>Von Russian Market<\/em><\/p>\n<p>Nachdem Barclays die Apple-Aktie herabgestuft und ihr Kursziel gesenkt hatte, verzeichnete der Technologieriese am vergangenen Dienstag einen R\u00fcckgang des Werts seiner Aktien um vier Prozent, und dieser R\u00fcckgang setzte sich am darauffolgenden Mittwoch fort. Die Herabstufung, die durch die Abschw\u00e4chung bei den Verk\u00e4ufen des iPhone 15 ausgel\u00f6st wurde, hat bei Analysten und Investoren Bedenken hinsichtlich der Aussichten f\u00fcr die Verk\u00e4ufe beim iPhone 16 und allgemeinerer Prognosen bei der Hardware geweckt.<\/p>\n<p>Tim Long, Analyst bei Barclays, <a rel=\"nofollow noopener\" target=\"_blank\" href=\"https:\/\/www.reuters.com\/technology\/apple-starts-2024-with-barclays-downgrade-2024-01-02\/\">\u00e4u\u00dferte<\/a> nicht nur Bedenken hinsichtlich der Hardwareverk\u00e4ufe von Apple, sondern auch hinsichtlich des Dienstleistungsgesch\u00e4fts und nannte regulatorische Gr\u00fcnde als m\u00f6glichen Faktor. Long geht davon aus, dass regulatorische Herausforderungen zu einer Verlangsamung des Wachstums im lukrativen Dienstleistungssegment von Apple f\u00fchren k\u00f6nnten.<\/p>\n<p>Obwohl der Chef von Apple, Tim Cook, in einem Gespr\u00e4ch mit Investoren hervorhob, dass das Wachstum im Dienstleistungsbereich &#8220;besser als erwartet&#8221; ausgefallen sei, bleibt Barclays skeptisch, was die Verl\u00e4sslichkeit dieses Wachstums auf lange Sicht angeht.<\/p>\n<p>Die regulatorische Landschaft stellt Apple vor zus\u00e4tzliche Unsicherheiten, da Long auf die m\u00f6glichen Auswirkungen von beh\u00f6rdlichen Untersuchungen zu den App-Stores und der bevorstehenden Neufestlegung der Google Traffic Acquisition Cost (TAC) im Jahr 2024 hinweist, die Google j\u00e4hrlich an die Ger\u00e4tehersteller auszahlt. Diese Faktoren tragen zu Barclays vorsichtiger Haltung hinsichtlich der zuk\u00fcnftigen Performance von Apple bei.<\/p>\n<p>Die Bedenken hinsichtlich der Apple-Aktie sind kein Einzelfall, da auch allgemeinere Marktbedingungen beim j\u00fcngsten Abschwung eine Rolle spielten. Die US-Aktien haben nachgegeben und signalisierten nach einer starken Performance im Vorjahr einen m\u00f6glicherweise schlechten Start ins Jahr 2024. Der S&amp;P 500 verlor fast 0,6 Prozent, w\u00e4hrend der Dow Jones Industrial Average knapp \u00fcber die Nulllinie stieg. Der Nasdaq Composite, angetrieben von Technologiewerten, f\u00fchrte die Verluste an und verlor fast 1,6 Prozent.<\/p>\n<p>Die allgemeine Marktstimmung scheint durch die Herabstufung der Apple-Aktie durch die Analysten von Barclays beeinflusst worden zu sein. Vor allem der Technologiesektor hatte mit Gegenwind zu k\u00e4mpfen. Der j\u00fcngste Stillstand der B\u00f6rsenrallye nach zwei Monaten voller Gewinne ist ein Hinweis auf die Bedenken, die Analysten hinsichtlich der Performance von Apple und der gesamten Technologiebranche ge\u00e4u\u00dfert haben.<\/p>\n<p><em>Aus dem <a rel=\"nofollow noopener\" target=\"_blank\" href=\"https:\/\/www.rt.com\/business\/590085-apple-downgrade-tech-decline\/\">Englischen<\/a>.<\/em><\/p>\n<p><em><strong>Russian Market<\/strong>\u00a0ist ein Projekt eines in Z\u00fcrich ans\u00e4ssigen Finanzbloggers, Schweizer Journalisten und politischen Kommentators. Man kann ihm auf X unter\u00a0<a rel=\"nofollow noopener\" target=\"_blank\" href=\"http:\/\/www.apple.com\/de\/\">@runews<\/a>\u00a0folgen.<\/em><\/p>\n<p><strong>Mehr zum Thema<\/strong> &#8211; <a rel=\"nofollow noopener\" target=\"_blank\" href=\"https:\/\/freedert.online\/russland\/188995-russlands-notenbank-verbietet-nutzung-von\/\">Russland: Notenbank verbietet Nutzung von Apple-Ger\u00e4ten f\u00fcr dienstliche Zwecke<\/a><em><\/em><\/p>\n<\/p>\n<\/div>\n<p><br \/>\n<br \/><a href=\"https:\/\/de.rt.com\/international\/191900-herabstufung-von-apple-koennte-zu\/\">Source link <\/a><\/p>\n","protected":false},"excerpt":{"rendered":"<p>Die Sorgen um das wertvollste Unternehmen der Welt haben die Branche ersch\u00fcttert. Der Technologiesektor musste mit Gegenwind k\u00e4mpfen, w\u00e4hrend die Apple-Aktie einen R\u00fcckgang verzeichnete. Dies ist ein Hinweis auf Bedenken, die Analysten hinsichtlich Apple ge\u00e4u\u00dfert haben. Von Russian Market Nachdem Barclays die Apple-Aktie herabgestuft und ihr Kursziel gesenkt hatte, verzeichnete der Technologieriese am vergangenen Dienstag [&hellip;]<\/p>\n","protected":false},"author":3,"featured_media":52794,"comment_status":"open","ping_status":"open","sticky":false,"template":"","format":"standard","meta":{"_yoast_indexnow_last_ping":["1704543830"],"wp_automatic_camp":["217"],"0584bab20fc331ea633c5cb675cadb2e":["Eine Herabstufung von Apple k\u00f6nnte zu einem Zusammenbruch an der Tech-Front f\u00fchren"],"original_link":["https:\/\/de.rt.com\/international\/191900-herabstufung-von-apple-koennte-zu\/"],"_thumbnail_id":["52794"],"_wptgpro_p2tg_sent2tg":["a:1:{i:23737;s:19:\"2024-01-06 14:24:51\";}"],"jnews_social_counter_last_update":["1777267410"]},"categories":[19,23],"tags":[10398,82,275,352,1402,47788,970,52232,50,5603],"yoast_head":"<!-- This site is optimized with the Yoast SEO Premium plugin v22.7 (Yoast SEO v22.7) - https:\/\/yoast.com\/wordpress\/plugins\/seo\/ -->\n<title>Eine Herabstufung von Apple k\u00f6nnte zu einem Zusammenbruch an der Tech-Front f\u00fchren - just-now.NEWS Deutschland<\/title>\n<meta name=\"robots\" content=\"index, follow, max-snippet:-1, max-image-preview:large, max-video-preview:-1\" \/>\n<link rel=\"canonical\" href=\"https:\/\/now-news.de\/de\/deutschland\/eine-herabstufung-von-apple-koennte-zu-einem-zusammenbruch-an-der-tech-front-fuehren\/\" \/>\n<meta property=\"og:locale\" content=\"de_DE\" \/>\n<meta property=\"og:type\" content=\"article\" \/>\n<meta property=\"og:title\" content=\"Eine Herabstufung von Apple k\u00f6nnte zu einem Zusammenbruch an der Tech-Front f\u00fchren\" \/>\n<meta property=\"og:description\" content=\"Die Sorgen um das wertvollste Unternehmen der Welt haben die Branche ersch\u00fcttert. Der Technologiesektor musste mit Gegenwind k\u00e4mpfen, w\u00e4hrend die Apple-Aktie einen R\u00fcckgang verzeichnete. Dies ist ein Hinweis auf Bedenken, die Analysten hinsichtlich Apple ge\u00e4u\u00dfert haben. Von Russian Market Nachdem Barclays die Apple-Aktie herabgestuft und ihr Kursziel gesenkt hatte, verzeichnete der Technologieriese am vergangenen Dienstag [&hellip;]\" \/>\n<meta property=\"og:url\" content=\"https:\/\/now-news.de\/de\/deutschland\/eine-herabstufung-von-apple-koennte-zu-einem-zusammenbruch-an-der-tech-front-fuehren\/\" \/>\n<meta property=\"og:site_name\" content=\"just-now.NEWS Deutschland\" \/>\n<meta property=\"article:publisher\" content=\"https:\/\/www.facebook.com\/wirmachenauf\" \/>\n<meta property=\"article:published_time\" content=\"2024-01-06T12:15:23+00:00\" \/>\n<meta property=\"og:image\" content=\"https:\/\/now-news.de\/de\/wp-content\/uploads\/sites\/3\/2024\/01\/Eine-Herabstufung-von-Apple-koennte-zu-einem-Zusammenbruch-an-der.jpg\" \/>\n\t<meta property=\"og:image:width\" content=\"460\" \/>\n\t<meta property=\"og:image:height\" content=\"259\" \/>\n\t<meta property=\"og:image:type\" content=\"image\/jpeg\" \/>\n<meta name=\"author\" content=\"rtnews\" \/>\n<meta name=\"twitter:card\" content=\"summary_large_image\" \/>\n<meta name=\"twitter:creator\" content=\"@WirMachenAuf_de\" \/>\n<meta name=\"twitter:site\" content=\"@WirMachenAuf_de\" \/>\n<meta name=\"twitter:label1\" content=\"Verfasst von\" \/>\n\t<meta name=\"twitter:data1\" content=\"rtnews\" \/>\n\t<meta name=\"twitter:label2\" content=\"Gesch\u00e4tzte Lesezeit\" \/>\n\t<meta name=\"twitter:data2\" content=\"2\u00a0Minuten\" \/>\n<script type=\"application\/ld+json\" class=\"yoast-schema-graph\">{\"@context\":\"https:\/\/schema.org\",\"@graph\":[{\"@type\":\"Article\",\"@id\":\"https:\/\/now-news.de\/de\/deutschland\/eine-herabstufung-von-apple-koennte-zu-einem-zusammenbruch-an-der-tech-front-fuehren\/#article\",\"isPartOf\":{\"@id\":\"https:\/\/now-news.de\/de\/deutschland\/eine-herabstufung-von-apple-koennte-zu-einem-zusammenbruch-an-der-tech-front-fuehren\/\"},\"author\":{\"name\":\"rtnews\",\"@id\":\"https:\/\/now-news.de\/de\/#\/schema\/person\/fb534a4e865501d8b3285208df34a9b5\"},\"headline\":\"Eine Herabstufung von Apple k\u00f6nnte zu einem Zusammenbruch an der Tech-Front f\u00fchren\",\"datePublished\":\"2024-01-06T12:15:23+00:00\",\"dateModified\":\"2024-01-06T12:15:23+00:00\",\"mainEntityOfPage\":{\"@id\":\"https:\/\/now-news.de\/de\/deutschland\/eine-herabstufung-von-apple-koennte-zu-einem-zusammenbruch-an-der-tech-front-fuehren\/\"},\"wordCount\":462,\"commentCount\":0,\"publisher\":{\"@id\":\"https:\/\/now-news.de\/de\/#organization\"},\"image\":{\"@id\":\"https:\/\/now-news.de\/de\/deutschland\/eine-herabstufung-von-apple-koennte-zu-einem-zusammenbruch-an-der-tech-front-fuehren\/#primaryimage\"},\"thumbnailUrl\":\"https:\/\/now-news.de\/de\/wp-content\/uploads\/sites\/3\/2024\/01\/Eine-Herabstufung-von-Apple-koennte-zu-einem-Zusammenbruch-an-der.jpg\",\"keywords\":[\"Apple\",\"der\",\"eine\",\"einem\",\"f\u00fchren\",\"Herabstufung\",\"K\u00f6nnte\",\"TechFront\",\"von\",\"Zusammenbruch\"],\"articleSection\":[\"Deutschland\",\"Russland\"],\"inLanguage\":\"de\",\"potentialAction\":[{\"@type\":\"CommentAction\",\"name\":\"Comment\",\"target\":[\"https:\/\/now-news.de\/de\/deutschland\/eine-herabstufung-von-apple-koennte-zu-einem-zusammenbruch-an-der-tech-front-fuehren\/#respond\"]}]},{\"@type\":\"WebPage\",\"@id\":\"https:\/\/now-news.de\/de\/deutschland\/eine-herabstufung-von-apple-koennte-zu-einem-zusammenbruch-an-der-tech-front-fuehren\/\",\"url\":\"https:\/\/now-news.de\/de\/deutschland\/eine-herabstufung-von-apple-koennte-zu-einem-zusammenbruch-an-der-tech-front-fuehren\/\",\"name\":\"Eine Herabstufung von Apple k\u00f6nnte zu einem Zusammenbruch an der Tech-Front f\u00fchren - just-now.NEWS Deutschland\",\"isPartOf\":{\"@id\":\"https:\/\/now-news.de\/de\/#website\"},\"primaryImageOfPage\":{\"@id\":\"https:\/\/now-news.de\/de\/deutschland\/eine-herabstufung-von-apple-koennte-zu-einem-zusammenbruch-an-der-tech-front-fuehren\/#primaryimage\"},\"image\":{\"@id\":\"https:\/\/now-news.de\/de\/deutschland\/eine-herabstufung-von-apple-koennte-zu-einem-zusammenbruch-an-der-tech-front-fuehren\/#primaryimage\"},\"thumbnailUrl\":\"https:\/\/now-news.de\/de\/wp-content\/uploads\/sites\/3\/2024\/01\/Eine-Herabstufung-von-Apple-koennte-zu-einem-Zusammenbruch-an-der.jpg\",\"datePublished\":\"2024-01-06T12:15:23+00:00\",\"dateModified\":\"2024-01-06T12:15:23+00:00\",\"breadcrumb\":{\"@id\":\"https:\/\/now-news.de\/de\/deutschland\/eine-herabstufung-von-apple-koennte-zu-einem-zusammenbruch-an-der-tech-front-fuehren\/#breadcrumb\"},\"inLanguage\":\"de\",\"potentialAction\":[{\"@type\":\"ReadAction\",\"target\":[\"https:\/\/now-news.de\/de\/deutschland\/eine-herabstufung-von-apple-koennte-zu-einem-zusammenbruch-an-der-tech-front-fuehren\/\"]}]},{\"@type\":\"ImageObject\",\"inLanguage\":\"de\",\"@id\":\"https:\/\/now-news.de\/de\/deutschland\/eine-herabstufung-von-apple-koennte-zu-einem-zusammenbruch-an-der-tech-front-fuehren\/#primaryimage\",\"url\":\"https:\/\/now-news.de\/de\/wp-content\/uploads\/sites\/3\/2024\/01\/Eine-Herabstufung-von-Apple-koennte-zu-einem-Zusammenbruch-an-der.jpg\",\"contentUrl\":\"https:\/\/now-news.de\/de\/wp-content\/uploads\/sites\/3\/2024\/01\/Eine-Herabstufung-von-Apple-koennte-zu-einem-Zusammenbruch-an-der.jpg\",\"width\":460,\"height\":259,\"caption\":\"Eine Herabstufung von Apple k\u00f6nnte zu einem Zusammenbruch an der Tech-Front f\u00fchren\"},{\"@type\":\"BreadcrumbList\",\"@id\":\"https:\/\/now-news.de\/de\/deutschland\/eine-herabstufung-von-apple-koennte-zu-einem-zusammenbruch-an-der-tech-front-fuehren\/#breadcrumb\",\"itemListElement\":[{\"@type\":\"ListItem\",\"position\":1,\"name\":\"Home\",\"item\":\"https:\/\/now-news.de\/de\/\"},{\"@type\":\"ListItem\",\"position\":2,\"name\":\"Eine Herabstufung von Apple k\u00f6nnte zu einem Zusammenbruch an der Tech-Front f\u00fchren\"}]},{\"@type\":\"WebSite\",\"@id\":\"https:\/\/now-news.de\/de\/#website\",\"url\":\"https:\/\/now-news.de\/de\/\",\"name\":\"just-now.NEWS Deutschland\",\"description\":\"Das Portal f\u00fcr unzensierte Nachrichten aus der Welt\",\"publisher\":{\"@id\":\"https:\/\/now-news.de\/de\/#organization\"},\"potentialAction\":[{\"@type\":\"SearchAction\",\"target\":{\"@type\":\"EntryPoint\",\"urlTemplate\":\"https:\/\/now-news.de\/de\/?s={search_term_string}\"},\"query-input\":\"required name=search_term_string\"}],\"inLanguage\":\"de\"},{\"@type\":\"Organization\",\"@id\":\"https:\/\/now-news.de\/de\/#organization\",\"name\":\"Just Now News\",\"url\":\"https:\/\/now-news.de\/de\/\",\"logo\":{\"@type\":\"ImageObject\",\"inLanguage\":\"de\",\"@id\":\"https:\/\/now-news.de\/de\/#\/schema\/logo\/image\/\",\"url\":\"http:\/\/just-now.news\/de\/wp-content\/uploads\/sites\/3\/2022\/04\/logo500x500.jpg\",\"contentUrl\":\"http:\/\/just-now.news\/de\/wp-content\/uploads\/sites\/3\/2022\/04\/logo500x500.jpg\",\"width\":500,\"height\":500,\"caption\":\"Just Now News\"},\"image\":{\"@id\":\"https:\/\/now-news.de\/de\/#\/schema\/logo\/image\/\"},\"sameAs\":[\"https:\/\/www.facebook.com\/wirmachenauf\",\"https:\/\/x.com\/WirMachenAuf_de\"]},{\"@type\":\"Person\",\"@id\":\"https:\/\/now-news.de\/de\/#\/schema\/person\/fb534a4e865501d8b3285208df34a9b5\",\"name\":\"rtnews\",\"image\":{\"@type\":\"ImageObject\",\"inLanguage\":\"de\",\"@id\":\"https:\/\/now-news.de\/de\/#\/schema\/person\/image\/\",\"url\":\"https:\/\/secure.gravatar.com\/avatar\/82aafea7d8127119dd649515f56e2117?s=96&d=mm&r=g\",\"contentUrl\":\"https:\/\/secure.gravatar.com\/avatar\/82aafea7d8127119dd649515f56e2117?s=96&d=mm&r=g\",\"caption\":\"rtnews\"},\"url\":\"https:\/\/now-news.de\/de\/author\/rnews\/\"}]}<\/script>\n<!-- \/ Yoast SEO Premium plugin. -->","yoast_head_json":{"title":"Eine Herabstufung von Apple k\u00f6nnte zu einem Zusammenbruch an der Tech-Front f\u00fchren - just-now.NEWS Deutschland","robots":{"index":"index","follow":"follow","max-snippet":"max-snippet:-1","max-image-preview":"max-image-preview:large","max-video-preview":"max-video-preview:-1"},"canonical":"https:\/\/now-news.de\/de\/deutschland\/eine-herabstufung-von-apple-koennte-zu-einem-zusammenbruch-an-der-tech-front-fuehren\/","og_locale":"de_DE","og_type":"article","og_title":"Eine Herabstufung von Apple k\u00f6nnte zu einem Zusammenbruch an der Tech-Front f\u00fchren","og_description":"Die Sorgen um das wertvollste Unternehmen der Welt haben die Branche ersch\u00fcttert. Der Technologiesektor musste mit Gegenwind k\u00e4mpfen, w\u00e4hrend die Apple-Aktie einen R\u00fcckgang verzeichnete. Dies ist ein Hinweis auf Bedenken, die Analysten hinsichtlich Apple ge\u00e4u\u00dfert haben. Von Russian Market Nachdem Barclays die Apple-Aktie herabgestuft und ihr Kursziel gesenkt hatte, verzeichnete der Technologieriese am vergangenen Dienstag [&hellip;]","og_url":"https:\/\/now-news.de\/de\/deutschland\/eine-herabstufung-von-apple-koennte-zu-einem-zusammenbruch-an-der-tech-front-fuehren\/","og_site_name":"just-now.NEWS Deutschland","article_publisher":"https:\/\/www.facebook.com\/wirmachenauf","article_published_time":"2024-01-06T12:15:23+00:00","og_image":[{"width":460,"height":259,"url":"https:\/\/now-news.de\/de\/wp-content\/uploads\/sites\/3\/2024\/01\/Eine-Herabstufung-von-Apple-koennte-zu-einem-Zusammenbruch-an-der.jpg","type":"image\/jpeg"}],"author":"rtnews","twitter_card":"summary_large_image","twitter_creator":"@WirMachenAuf_de","twitter_site":"@WirMachenAuf_de","twitter_misc":{"Verfasst von":"rtnews","Gesch\u00e4tzte Lesezeit":"2\u00a0Minuten"},"schema":{"@context":"https:\/\/schema.org","@graph":[{"@type":"Article","@id":"https:\/\/now-news.de\/de\/deutschland\/eine-herabstufung-von-apple-koennte-zu-einem-zusammenbruch-an-der-tech-front-fuehren\/#article","isPartOf":{"@id":"https:\/\/now-news.de\/de\/deutschland\/eine-herabstufung-von-apple-koennte-zu-einem-zusammenbruch-an-der-tech-front-fuehren\/"},"author":{"name":"rtnews","@id":"https:\/\/now-news.de\/de\/#\/schema\/person\/fb534a4e865501d8b3285208df34a9b5"},"headline":"Eine Herabstufung von Apple k\u00f6nnte zu einem Zusammenbruch an der Tech-Front f\u00fchren","datePublished":"2024-01-06T12:15:23+00:00","dateModified":"2024-01-06T12:15:23+00:00","mainEntityOfPage":{"@id":"https:\/\/now-news.de\/de\/deutschland\/eine-herabstufung-von-apple-koennte-zu-einem-zusammenbruch-an-der-tech-front-fuehren\/"},"wordCount":462,"commentCount":0,"publisher":{"@id":"https:\/\/now-news.de\/de\/#organization"},"image":{"@id":"https:\/\/now-news.de\/de\/deutschland\/eine-herabstufung-von-apple-koennte-zu-einem-zusammenbruch-an-der-tech-front-fuehren\/#primaryimage"},"thumbnailUrl":"https:\/\/now-news.de\/de\/wp-content\/uploads\/sites\/3\/2024\/01\/Eine-Herabstufung-von-Apple-koennte-zu-einem-Zusammenbruch-an-der.jpg","keywords":["Apple","der","eine","einem","f\u00fchren","Herabstufung","K\u00f6nnte","TechFront","von","Zusammenbruch"],"articleSection":["Deutschland","Russland"],"inLanguage":"de","potentialAction":[{"@type":"CommentAction","name":"Comment","target":["https:\/\/now-news.de\/de\/deutschland\/eine-herabstufung-von-apple-koennte-zu-einem-zusammenbruch-an-der-tech-front-fuehren\/#respond"]}]},{"@type":"WebPage","@id":"https:\/\/now-news.de\/de\/deutschland\/eine-herabstufung-von-apple-koennte-zu-einem-zusammenbruch-an-der-tech-front-fuehren\/","url":"https:\/\/now-news.de\/de\/deutschland\/eine-herabstufung-von-apple-koennte-zu-einem-zusammenbruch-an-der-tech-front-fuehren\/","name":"Eine Herabstufung von Apple k\u00f6nnte zu einem Zusammenbruch an der Tech-Front f\u00fchren - just-now.NEWS Deutschland","isPartOf":{"@id":"https:\/\/now-news.de\/de\/#website"},"primaryImageOfPage":{"@id":"https:\/\/now-news.de\/de\/deutschland\/eine-herabstufung-von-apple-koennte-zu-einem-zusammenbruch-an-der-tech-front-fuehren\/#primaryimage"},"image":{"@id":"https:\/\/now-news.de\/de\/deutschland\/eine-herabstufung-von-apple-koennte-zu-einem-zusammenbruch-an-der-tech-front-fuehren\/#primaryimage"},"thumbnailUrl":"https:\/\/now-news.de\/de\/wp-content\/uploads\/sites\/3\/2024\/01\/Eine-Herabstufung-von-Apple-koennte-zu-einem-Zusammenbruch-an-der.jpg","datePublished":"2024-01-06T12:15:23+00:00","dateModified":"2024-01-06T12:15:23+00:00","breadcrumb":{"@id":"https:\/\/now-news.de\/de\/deutschland\/eine-herabstufung-von-apple-koennte-zu-einem-zusammenbruch-an-der-tech-front-fuehren\/#breadcrumb"},"inLanguage":"de","potentialAction":[{"@type":"ReadAction","target":["https:\/\/now-news.de\/de\/deutschland\/eine-herabstufung-von-apple-koennte-zu-einem-zusammenbruch-an-der-tech-front-fuehren\/"]}]},{"@type":"ImageObject","inLanguage":"de","@id":"https:\/\/now-news.de\/de\/deutschland\/eine-herabstufung-von-apple-koennte-zu-einem-zusammenbruch-an-der-tech-front-fuehren\/#primaryimage","url":"https:\/\/now-news.de\/de\/wp-content\/uploads\/sites\/3\/2024\/01\/Eine-Herabstufung-von-Apple-koennte-zu-einem-Zusammenbruch-an-der.jpg","contentUrl":"https:\/\/now-news.de\/de\/wp-content\/uploads\/sites\/3\/2024\/01\/Eine-Herabstufung-von-Apple-koennte-zu-einem-Zusammenbruch-an-der.jpg","width":460,"height":259,"caption":"Eine Herabstufung von Apple k\u00f6nnte zu einem Zusammenbruch an der Tech-Front f\u00fchren"},{"@type":"BreadcrumbList","@id":"https:\/\/now-news.de\/de\/deutschland\/eine-herabstufung-von-apple-koennte-zu-einem-zusammenbruch-an-der-tech-front-fuehren\/#breadcrumb","itemListElement":[{"@type":"ListItem","position":1,"name":"Home","item":"https:\/\/now-news.de\/de\/"},{"@type":"ListItem","position":2,"name":"Eine Herabstufung von Apple k\u00f6nnte zu einem Zusammenbruch an der Tech-Front f\u00fchren"}]},{"@type":"WebSite","@id":"https:\/\/now-news.de\/de\/#website","url":"https:\/\/now-news.de\/de\/","name":"just-now.NEWS Deutschland","description":"Das Portal f\u00fcr unzensierte Nachrichten aus der Welt","publisher":{"@id":"https:\/\/now-news.de\/de\/#organization"},"potentialAction":[{"@type":"SearchAction","target":{"@type":"EntryPoint","urlTemplate":"https:\/\/now-news.de\/de\/?s={search_term_string}"},"query-input":"required name=search_term_string"}],"inLanguage":"de"},{"@type":"Organization","@id":"https:\/\/now-news.de\/de\/#organization","name":"Just Now News","url":"https:\/\/now-news.de\/de\/","logo":{"@type":"ImageObject","inLanguage":"de","@id":"https:\/\/now-news.de\/de\/#\/schema\/logo\/image\/","url":"http:\/\/just-now.news\/de\/wp-content\/uploads\/sites\/3\/2022\/04\/logo500x500.jpg","contentUrl":"http:\/\/just-now.news\/de\/wp-content\/uploads\/sites\/3\/2022\/04\/logo500x500.jpg","width":500,"height":500,"caption":"Just Now News"},"image":{"@id":"https:\/\/now-news.de\/de\/#\/schema\/logo\/image\/"},"sameAs":["https:\/\/www.facebook.com\/wirmachenauf","https:\/\/x.com\/WirMachenAuf_de"]},{"@type":"Person","@id":"https:\/\/now-news.de\/de\/#\/schema\/person\/fb534a4e865501d8b3285208df34a9b5","name":"rtnews","image":{"@type":"ImageObject","inLanguage":"de","@id":"https:\/\/now-news.de\/de\/#\/schema\/person\/image\/","url":"https:\/\/secure.gravatar.com\/avatar\/82aafea7d8127119dd649515f56e2117?s=96&d=mm&r=g","contentUrl":"https:\/\/secure.gravatar.com\/avatar\/82aafea7d8127119dd649515f56e2117?s=96&d=mm&r=g","caption":"rtnews"},"url":"https:\/\/now-news.de\/de\/author\/rnews\/"}]}},"_links":{"self":[{"href":"https:\/\/now-news.de\/de\/wp-json\/wp\/v2\/posts\/52793"}],"collection":[{"href":"https:\/\/now-news.de\/de\/wp-json\/wp\/v2\/posts"}],"about":[{"href":"https:\/\/now-news.de\/de\/wp-json\/wp\/v2\/types\/post"}],"author":[{"embeddable":true,"href":"https:\/\/now-news.de\/de\/wp-json\/wp\/v2\/users\/3"}],"replies":[{"embeddable":true,"href":"https:\/\/now-news.de\/de\/wp-json\/wp\/v2\/comments?post=52793"}],"version-history":[{"count":0,"href":"https:\/\/now-news.de\/de\/wp-json\/wp\/v2\/posts\/52793\/revisions"}],"wp:featuredmedia":[{"embeddable":true,"href":"https:\/\/now-news.de\/de\/wp-json\/wp\/v2\/media\/52794"}],"wp:attachment":[{"href":"https:\/\/now-news.de\/de\/wp-json\/wp\/v2\/media?parent=52793"}],"wp:term":[{"taxonomy":"category","embeddable":true,"href":"https:\/\/now-news.de\/de\/wp-json\/wp\/v2\/categories?post=52793"},{"taxonomy":"post_tag","embeddable":true,"href":"https:\/\/now-news.de\/de\/wp-json\/wp\/v2\/tags?post=52793"}],"curies":[{"name":"wp","href":"https:\/\/api.w.org\/{rel}","templated":true}]}}