{"id":52555,"date":"2024-01-01T19:07:47","date_gmt":"2024-01-01T17:07:47","guid":{"rendered":"https:\/\/just-now.news\/de\/deutschland\/fdp-mitgliederbefragung-knappes-aber-gut-dotiertes-ja-zum-verbleib-in-der-ampel\/"},"modified":"2024-01-01T19:07:47","modified_gmt":"2024-01-01T17:07:47","slug":"fdp-mitgliederbefragung-knappes-aber-gut-dotiertes-ja-zum-verbleib-in-der-ampel","status":"publish","type":"post","link":"https:\/\/now-news.de\/de\/deutschland\/fdp-mitgliederbefragung-knappes-aber-gut-dotiertes-ja-zum-verbleib-in-der-ampel\/","title":{"rendered":"FDP-Mitgliederbefragung: Knappes, aber gut dotiertes Ja zum Verbleib in der Ampel"},"content":{"rendered":"<div class=\"Text-root Text-type_1 \">\n                Die digitale Befragung lief seit Mitte Dezember 2023. An der Abstimmung beteiligten sich gerade einmal 26.000 Mitglieder. Damit kann die desastr\u00f6se Bundespolitik vorerst weitergef\u00fchrt werden, zur Neujahrsfreude der beiden Koalitionspartner in der Ampelregierung.\n            <\/div>\n<p><\/p>\n<div class=\"Text-root Text-type_5 ArticleView-text ViewText-root \">\n<p>Am Ende des Jahres 2021 hatte die FDP laut letztem g\u00fcltigem <a rel=\"nofollow noopener\" target=\"_blank\" href=\"https:\/\/de.statista.com\/statistik\/daten\/studie\/192239\/umfrage\/mitgliederentwicklung-der-fdp\/\">Stand<\/a> 77.276 Mitglieder. Die <em>S\u00fcddeutsche Zeitung<\/em>\u00a0<a rel=\"nofollow noopener\" target=\"_blank\" href=\"https:\/\/www.sueddeutsche.de\/politik\/regierungsbeteiligung-fdp-mitglieder-stimmen-knapp-fuer-verbleib-in-der-koalition-1.6326842\">berichtet<\/a> von aktuell 72.100 Parteizugeh\u00f6rigen. Davon beteiligten sich nach Medienangaben\u00a026.058 an der von kritischen und entt\u00e4uschten Mitgliedern initiierten digitalen\u00a0Mitgliederbefragung zum Thema des m\u00f6glichen Ausstiegs aus der sogenannten Ampel-Koalition in Berlin. Ein zuvor eingereichter\u00a0Antrag hatte die n\u00f6tige\u00a0Zustimmung von 500 Unterst\u00fctzern erreicht.\u00a052,24 Prozent der Abstimmenden pl\u00e4dierten nun daf\u00fcr, die Regierungsarbeit fortzusetzen. Die FDP-Bundestagsfraktion erlangte bei den letzten Wahlen 92 der 736 <a rel=\"nofollow noopener\" target=\"_blank\" href=\"https:\/\/www.bundestag.de\/parlament\/plenum\/sitzverteilung_20wp\">Sitze<\/a> im Berliner Reichstag.<\/p>\n<p>Den Antrag auf Mitgliederbefragung hatten 598 FDP-Mitglieder nach den schlechten Wahlergebnissen der\u00a0FDP\u00a0bei den Landtagswahlen in Hessen und Bayern gestellt. Initiiert wurde die Befragung von Kassels FDP-Chef Matthias N\u00f6lke. Die konkrete Frage lautete: &#8220;Soll die FDP die Koalition mit SPD und Gr\u00fcnen als Teil der Bundesregierung beenden?&#8221; Als Antwortm\u00f6glichkeiten\u00a0waren nur &#8220;Ja&#8221; und &#8220;Nein&#8221; vorgesehen. Die Befragung startete kurz vor Jahresende am 18. Dezember. Laut <em>DPA<\/em>-Informationen lautet das Ergebnis:<\/p>\n<p><em>&#8220;52,24 Prozent der Abstimmenden pl\u00e4dierten daf\u00fcr, die Regierungsarbeit fortzusetzen, 47,76 Prozent wollten die Koalition verlassen.&#8221;<\/em><\/p>\n<p>Das Ergebnis des Mitgliederentscheids ist f\u00fcr die leitenden Parteigremien nicht bindend, gilt jedoch als aktueller parteiinterner Stimmungsparameter. In der FDP-Satzung hei\u00dft es: &#8220;Die Organe der Partei sind in ihrer Willensbildung nicht an das Ergebnis der Mitgliederbefragung gebunden.&#8221; Aktuell liegt die Partei laut der &#8220;<a rel=\"nofollow noopener\" target=\"_blank\" href=\"https:\/\/www.wahlrecht.de\/umfragen\/\">Sonntagsfrage<\/a> zur Bundestagswahl&#8221; zwischen vier und f\u00fcnf Prozent. Bei der Bundestagswahl 2021 konnte die FDP noch 11,5 Prozent der W\u00e4hler \u00fcberzeugen.\u00a0<\/p>\n<p>So hatte der stellvertretende FDP-Vorsitzende\u00a0Wolfgang Kubicki\u00a0die Mitglieder im Vorfeld der Abstimmung dazu aufgerufen, beim\u00a0Mitgliedervotum\u00a0gegen den Ausstieg aus der Bundesregierung zu stimmen.\u00a0Die Initiatoren h\u00e4tten laut Kubicki rund f\u00fcnf Wochen gebraucht, um die notwendigen 500 Stimmen zusammenzubekommen. &#8220;Das ist also keine Massenbewegung&#8221;, res\u00fcmierte der FDP-Vize gewohnt salopp. Eine am Neujahrstag durch die\u00a0<em>Bild<\/em>-Zeitung gestartete Umfrage mit immerhin \u00fcber 200.000 abgegebenen Stimmen zeigt die Wahrnehmung der B\u00fcrger zur Leistung der FDP und zur Arbeit der Bundesregierung. Die Frage lautete:<\/p>\n<figure class=\"RTImage-root\">\n<div class=\"RTImage-image RTImage-original\"><picture class=\"Picture-root Picture-original\"><!--[if IE 9]><video style=\"display: none;\"><![endif]--><source media=\"(-webkit-min-device-pixel-ratio: 2) and (min-resolution: 120dpi)\" data-srcset=\" \nhttp:\/\/just-now.news\/de\/wp-content\/uploads\/sites\/3\/2024\/01\/6592d0ab48fbef5ce768a8d9.JPG 850w,\n                http:\/\/just-now.news\/de\/wp-content\/uploads\/sites\/3\/2024\/01\/6592d0ab48fbef5ce768a8d9.JPG 1960w, 1960w,\n            \" ><source data-srcset=\" \nhttp:\/\/just-now.news\/de\/wp-content\/uploads\/sites\/3\/2024\/01\/6592d0ab48fbef5ce768a8d9.JPG 460w,\n              http:\/\/just-now.news\/de\/wp-content\/uploads\/sites\/3\/2024\/01\/6592d0ab48fbef5ce768a8d9.JPG 980w,\n            \" ><!--[if IE 9]><\/video><![endif]--><img decoding=\"async\" data- src=\"data:image\/png;base64,iVBORw0KGgoAAAANSUhEUgAAABAAAAAJCAQAAACRI2S5AAAAEElEQVR42mNkIAAYRxWAAQAG9gAKqv6+AwAAAABJRU5ErkJggg==\" class=\"Picture-root Picture-original lazyload\" data-src=\"http:\/\/just-now.news\/de\/wp-content\/uploads\/sites\/3\/2024\/01\/6592d0ab48fbef5ce768a8d9.JPG\" alt=\"\"><\/source><\/source><\/picture><!-- noscript pattern --><noscript><img decoding=\"async\" src=\"http:\/\/just-now.news\/de\/wp-content\/uploads\/sites\/3\/2024\/01\/6592d0ab48fbef5ce768a8d9.JPG\" alt=\"\"><\/noscript><\/div><figcaption class=\"RTImage-footer\"><span class=\"RTImage-caption\"><\/span><span class=\"RTImage-source\"><span class=\"RTImage-captionItem\">Screenshot: Bild.de<\/span><\/span><\/figcaption><\/figure>\n<p>Laut dem <em>MDR <\/em>habe sich FDP-Chef und Finanzminister Lindner<em>\u00a0<\/em>im Anschluss<em><\/em>an das Mitgliedervotum &#8220;betont gelassen&#8221; gezeigt. Weiter hei\u00dft es im <a rel=\"nofollow noopener\" target=\"_blank\" href=\"https:\/\/www.mdr.de\/nachrichten\/deutschland\/politik\/fpd-mitgliederbefragung-verbleib-partei-ampel-100.html\">Artikel<\/a>: &#8220;Es stresse ihn nicht, sagte er. &#8216;Denn es ist eine Gelegenheit, deutlich zu machen, dass die FDP die Richtung der Regierung mitpr\u00e4gt.'&#8221; FDP-Justizminister Buschmann lie\u00df per X-Posting verlautbaren:<\/p>\n<div class=\"EmbedBlock-root EmbedBlock-twitter\">\n<div class=\"TwitterEmbed\">\n<blockquote class=\"twitter-tweet lazyload\" data-twitter=\"twitter-tweet\">\n<p lang=\"de\" dir=\"ltr\">Das Ergebnis der FDP-Mitgliederbefragung liegt vor:1\ufe0f\u20e3 Fast 40 % der Stimmberechtigten haben mitgemacht. Die FDP ist eine digitale Mitmachpartei.2\ufe0f\u20e3 Eine Mehrheit der FDP-Basis m\u00f6chte, dass die Partei weiter Verantwortung \u00fcbernimmt.3\ufe0f\u20e3 Das konkrete Ergebnis aber auch ein Auftrag.<\/p>\n<p>\u2014 Marco Buschmann (@MarcoBuschmann) <a rel=\"nofollow noopener\" target=\"_blank\" href=\"https:\/\/twitter.com\/MarcoBuschmann\/status\/1741828168674152947?ref_src=twsrc%5Etfw\">January 1, 2024<\/a><\/p><\/blockquote>\n<\/div>\n<\/div>\n<p>Das Superwahljahr 2024 startet am 9. Juni mit den Landtagswahlen in Th\u00fcringen. Laut aktuellen Umfragen steht die FDP in dem Bundesland bei vier Prozent. Im Nachbarbundesland Sachsen, wo am 1. September gew\u00e4hlt wird, erreicht die Partei derzeit gerade einmal zwei Prozent Zustimmung.\u00a0<\/p>\n<p><strong>Mehr zum Thema &#8211; <\/strong><a rel=\"nofollow noopener\" target=\"_blank\" href=\"https:\/\/freedert.online\/meinung\/191224-jahr-in-wohnen-und-essen\/\">2023: Das Jahr, in dem Wohnen und Essen in Deutschland zum Luxus wurden<\/a><\/p>\n<\/div>\n<p><script async src=\"https:\/\/platform.twitter.com\/widgets.js\" charset=\"utf-8\"><\/script><br \/>\n<br \/><br \/>\n<br \/><a href=\"https:\/\/de.rt.com\/inland\/191456-fdp-mitgliederbefragung-knappes-aber-gut\/\">Source link <\/a><\/p>\n","protected":false},"excerpt":{"rendered":"<p>Die digitale Befragung lief seit Mitte Dezember 2023. An der Abstimmung beteiligten sich gerade einmal 26.000 Mitglieder. Damit kann die desastr\u00f6se Bundespolitik vorerst weitergef\u00fchrt werden, zur Neujahrsfreude der beiden Koalitionspartner in der Ampelregierung. Am Ende des Jahres 2021 hatte die FDP laut letztem g\u00fcltigem Stand 77.276 Mitglieder. Die S\u00fcddeutsche Zeitung\u00a0berichtet von aktuell 72.100 Parteizugeh\u00f6rigen. Davon [&hellip;]<\/p>\n","protected":false},"author":3,"featured_media":52556,"comment_status":"open","ping_status":"open","sticky":false,"template":"","format":"standard","meta":{"_yoast_indexnow_last_ping":["1704129829"],"wp_automatic_camp":["217"],"fbbf0d9dd1f864a96276847237964cd2":["FDP-Mitgliederbefragung: Knappes, aber gut dotiertes Ja zum Verbleib in der Ampel"],"original_link":["https:\/\/de.rt.com\/inland\/191456-fdp-mitgliederbefragung-knappes-aber-gut\/"],"_thumbnail_id":["52556"],"_wptgpro_p2tg_sent2tg":["a:1:{i:23737;s:19:\"2024-01-01 19:25:34\";}"],"jnews_social_counter_last_update":["1777388098"]},"categories":[19,23],"tags":[2205,20367,82,52109,52108,15536,18337,52110,565],"yoast_head":"<!-- This site is optimized with the Yoast SEO Premium plugin v22.7 (Yoast SEO v22.7) - https:\/\/yoast.com\/wordpress\/plugins\/seo\/ -->\n<title>FDP-Mitgliederbefragung: Knappes, aber gut dotiertes Ja zum Verbleib in der Ampel - just-now.NEWS Deutschland<\/title>\n<meta name=\"robots\" content=\"index, follow, max-snippet:-1, max-image-preview:large, max-video-preview:-1\" \/>\n<link rel=\"canonical\" href=\"https:\/\/now-news.de\/de\/deutschland\/fdp-mitgliederbefragung-knappes-aber-gut-dotiertes-ja-zum-verbleib-in-der-ampel\/\" \/>\n<meta property=\"og:locale\" content=\"de_DE\" \/>\n<meta property=\"og:type\" content=\"article\" \/>\n<meta property=\"og:title\" content=\"FDP-Mitgliederbefragung: Knappes, aber gut dotiertes Ja zum Verbleib in der Ampel\" \/>\n<meta property=\"og:description\" content=\"Die digitale Befragung lief seit Mitte Dezember 2023. An der Abstimmung beteiligten sich gerade einmal 26.000 Mitglieder. Damit kann die desastr\u00f6se Bundespolitik vorerst weitergef\u00fchrt werden, zur Neujahrsfreude der beiden Koalitionspartner in der Ampelregierung. Am Ende des Jahres 2021 hatte die FDP laut letztem g\u00fcltigem Stand 77.276 Mitglieder. Die S\u00fcddeutsche Zeitung\u00a0berichtet von aktuell 72.100 Parteizugeh\u00f6rigen. Davon [&hellip;]\" \/>\n<meta property=\"og:url\" content=\"https:\/\/now-news.de\/de\/deutschland\/fdp-mitgliederbefragung-knappes-aber-gut-dotiertes-ja-zum-verbleib-in-der-ampel\/\" \/>\n<meta property=\"og:site_name\" content=\"just-now.NEWS Deutschland\" \/>\n<meta property=\"article:publisher\" content=\"https:\/\/www.facebook.com\/wirmachenauf\" \/>\n<meta property=\"article:published_time\" content=\"2024-01-01T17:07:47+00:00\" \/>\n<meta property=\"og:image\" content=\"https:\/\/now-news.de\/de\/wp-content\/uploads\/sites\/3\/2024\/01\/FDP-Mitgliederbefragung-Knappes-aber-gut-dotiertes-Ja-zum-Verbleib-in-der.JPG\" \/>\n\t<meta property=\"og:image:width\" content=\"642\" \/>\n\t<meta property=\"og:image:height\" content=\"258\" \/>\n\t<meta property=\"og:image:type\" content=\"image\/jpeg\" \/>\n<meta name=\"author\" content=\"rtnews\" \/>\n<meta name=\"twitter:card\" content=\"summary_large_image\" \/>\n<meta name=\"twitter:creator\" content=\"@WirMachenAuf_de\" \/>\n<meta name=\"twitter:site\" content=\"@WirMachenAuf_de\" \/>\n<meta name=\"twitter:label1\" content=\"Verfasst von\" \/>\n\t<meta name=\"twitter:data1\" content=\"rtnews\" \/>\n\t<meta name=\"twitter:label2\" content=\"Gesch\u00e4tzte Lesezeit\" \/>\n\t<meta name=\"twitter:data2\" content=\"3\u00a0Minuten\" \/>\n<script type=\"application\/ld+json\" class=\"yoast-schema-graph\">{\"@context\":\"https:\/\/schema.org\",\"@graph\":[{\"@type\":\"Article\",\"@id\":\"https:\/\/now-news.de\/de\/deutschland\/fdp-mitgliederbefragung-knappes-aber-gut-dotiertes-ja-zum-verbleib-in-der-ampel\/#article\",\"isPartOf\":{\"@id\":\"https:\/\/now-news.de\/de\/deutschland\/fdp-mitgliederbefragung-knappes-aber-gut-dotiertes-ja-zum-verbleib-in-der-ampel\/\"},\"author\":{\"name\":\"rtnews\",\"@id\":\"https:\/\/now-news.de\/de\/#\/schema\/person\/fb534a4e865501d8b3285208df34a9b5\"},\"headline\":\"FDP-Mitgliederbefragung: Knappes, aber gut dotiertes Ja zum Verbleib in der Ampel\",\"datePublished\":\"2024-01-01T17:07:47+00:00\",\"dateModified\":\"2024-01-01T17:07:47+00:00\",\"mainEntityOfPage\":{\"@id\":\"https:\/\/now-news.de\/de\/deutschland\/fdp-mitgliederbefragung-knappes-aber-gut-dotiertes-ja-zum-verbleib-in-der-ampel\/\"},\"wordCount\":520,\"commentCount\":0,\"publisher\":{\"@id\":\"https:\/\/now-news.de\/de\/#organization\"},\"image\":{\"@id\":\"https:\/\/now-news.de\/de\/deutschland\/fdp-mitgliederbefragung-knappes-aber-gut-dotiertes-ja-zum-verbleib-in-der-ampel\/#primaryimage\"},\"thumbnailUrl\":\"https:\/\/now-news.de\/de\/wp-content\/uploads\/sites\/3\/2024\/01\/FDP-Mitgliederbefragung-Knappes-aber-gut-dotiertes-Ja-zum-Verbleib-in-der.JPG\",\"keywords\":[\"aber\",\"Ampel\",\"der\",\"dotiertes\",\"FDPMitgliederbefragung\",\"gut\",\"Knappes\",\"Verbleib\",\"zum\"],\"articleSection\":[\"Deutschland\",\"Russland\"],\"inLanguage\":\"de\",\"potentialAction\":[{\"@type\":\"CommentAction\",\"name\":\"Comment\",\"target\":[\"https:\/\/now-news.de\/de\/deutschland\/fdp-mitgliederbefragung-knappes-aber-gut-dotiertes-ja-zum-verbleib-in-der-ampel\/#respond\"]}]},{\"@type\":\"WebPage\",\"@id\":\"https:\/\/now-news.de\/de\/deutschland\/fdp-mitgliederbefragung-knappes-aber-gut-dotiertes-ja-zum-verbleib-in-der-ampel\/\",\"url\":\"https:\/\/now-news.de\/de\/deutschland\/fdp-mitgliederbefragung-knappes-aber-gut-dotiertes-ja-zum-verbleib-in-der-ampel\/\",\"name\":\"FDP-Mitgliederbefragung: Knappes, aber gut dotiertes Ja zum Verbleib in der Ampel - just-now.NEWS Deutschland\",\"isPartOf\":{\"@id\":\"https:\/\/now-news.de\/de\/#website\"},\"primaryImageOfPage\":{\"@id\":\"https:\/\/now-news.de\/de\/deutschland\/fdp-mitgliederbefragung-knappes-aber-gut-dotiertes-ja-zum-verbleib-in-der-ampel\/#primaryimage\"},\"image\":{\"@id\":\"https:\/\/now-news.de\/de\/deutschland\/fdp-mitgliederbefragung-knappes-aber-gut-dotiertes-ja-zum-verbleib-in-der-ampel\/#primaryimage\"},\"thumbnailUrl\":\"https:\/\/now-news.de\/de\/wp-content\/uploads\/sites\/3\/2024\/01\/FDP-Mitgliederbefragung-Knappes-aber-gut-dotiertes-Ja-zum-Verbleib-in-der.JPG\",\"datePublished\":\"2024-01-01T17:07:47+00:00\",\"dateModified\":\"2024-01-01T17:07:47+00:00\",\"breadcrumb\":{\"@id\":\"https:\/\/now-news.de\/de\/deutschland\/fdp-mitgliederbefragung-knappes-aber-gut-dotiertes-ja-zum-verbleib-in-der-ampel\/#breadcrumb\"},\"inLanguage\":\"de\",\"potentialAction\":[{\"@type\":\"ReadAction\",\"target\":[\"https:\/\/now-news.de\/de\/deutschland\/fdp-mitgliederbefragung-knappes-aber-gut-dotiertes-ja-zum-verbleib-in-der-ampel\/\"]}]},{\"@type\":\"ImageObject\",\"inLanguage\":\"de\",\"@id\":\"https:\/\/now-news.de\/de\/deutschland\/fdp-mitgliederbefragung-knappes-aber-gut-dotiertes-ja-zum-verbleib-in-der-ampel\/#primaryimage\",\"url\":\"https:\/\/now-news.de\/de\/wp-content\/uploads\/sites\/3\/2024\/01\/FDP-Mitgliederbefragung-Knappes-aber-gut-dotiertes-Ja-zum-Verbleib-in-der.JPG\",\"contentUrl\":\"https:\/\/now-news.de\/de\/wp-content\/uploads\/sites\/3\/2024\/01\/FDP-Mitgliederbefragung-Knappes-aber-gut-dotiertes-Ja-zum-Verbleib-in-der.JPG\",\"width\":642,\"height\":258,\"caption\":\"FDP-Mitgliederbefragung: Knappes, aber gut dotiertes Ja zum Verbleib in der Ampel\"},{\"@type\":\"BreadcrumbList\",\"@id\":\"https:\/\/now-news.de\/de\/deutschland\/fdp-mitgliederbefragung-knappes-aber-gut-dotiertes-ja-zum-verbleib-in-der-ampel\/#breadcrumb\",\"itemListElement\":[{\"@type\":\"ListItem\",\"position\":1,\"name\":\"Home\",\"item\":\"https:\/\/now-news.de\/de\/\"},{\"@type\":\"ListItem\",\"position\":2,\"name\":\"FDP-Mitgliederbefragung: Knappes, aber gut dotiertes Ja zum Verbleib in der Ampel\"}]},{\"@type\":\"WebSite\",\"@id\":\"https:\/\/now-news.de\/de\/#website\",\"url\":\"https:\/\/now-news.de\/de\/\",\"name\":\"just-now.NEWS Deutschland\",\"description\":\"Das Portal f\u00fcr unzensierte Nachrichten aus der Welt\",\"publisher\":{\"@id\":\"https:\/\/now-news.de\/de\/#organization\"},\"potentialAction\":[{\"@type\":\"SearchAction\",\"target\":{\"@type\":\"EntryPoint\",\"urlTemplate\":\"https:\/\/now-news.de\/de\/?s={search_term_string}\"},\"query-input\":\"required name=search_term_string\"}],\"inLanguage\":\"de\"},{\"@type\":\"Organization\",\"@id\":\"https:\/\/now-news.de\/de\/#organization\",\"name\":\"Just Now News\",\"url\":\"https:\/\/now-news.de\/de\/\",\"logo\":{\"@type\":\"ImageObject\",\"inLanguage\":\"de\",\"@id\":\"https:\/\/now-news.de\/de\/#\/schema\/logo\/image\/\",\"url\":\"http:\/\/just-now.news\/de\/wp-content\/uploads\/sites\/3\/2022\/04\/logo500x500.jpg\",\"contentUrl\":\"http:\/\/just-now.news\/de\/wp-content\/uploads\/sites\/3\/2022\/04\/logo500x500.jpg\",\"width\":500,\"height\":500,\"caption\":\"Just Now News\"},\"image\":{\"@id\":\"https:\/\/now-news.de\/de\/#\/schema\/logo\/image\/\"},\"sameAs\":[\"https:\/\/www.facebook.com\/wirmachenauf\",\"https:\/\/x.com\/WirMachenAuf_de\"]},{\"@type\":\"Person\",\"@id\":\"https:\/\/now-news.de\/de\/#\/schema\/person\/fb534a4e865501d8b3285208df34a9b5\",\"name\":\"rtnews\",\"image\":{\"@type\":\"ImageObject\",\"inLanguage\":\"de\",\"@id\":\"https:\/\/now-news.de\/de\/#\/schema\/person\/image\/\",\"url\":\"https:\/\/secure.gravatar.com\/avatar\/82aafea7d8127119dd649515f56e2117?s=96&d=mm&r=g\",\"contentUrl\":\"https:\/\/secure.gravatar.com\/avatar\/82aafea7d8127119dd649515f56e2117?s=96&d=mm&r=g\",\"caption\":\"rtnews\"},\"url\":\"https:\/\/now-news.de\/de\/author\/rnews\/\"}]}<\/script>\n<!-- \/ Yoast SEO Premium plugin. -->","yoast_head_json":{"title":"FDP-Mitgliederbefragung: Knappes, aber gut dotiertes Ja zum Verbleib in der Ampel - just-now.NEWS Deutschland","robots":{"index":"index","follow":"follow","max-snippet":"max-snippet:-1","max-image-preview":"max-image-preview:large","max-video-preview":"max-video-preview:-1"},"canonical":"https:\/\/now-news.de\/de\/deutschland\/fdp-mitgliederbefragung-knappes-aber-gut-dotiertes-ja-zum-verbleib-in-der-ampel\/","og_locale":"de_DE","og_type":"article","og_title":"FDP-Mitgliederbefragung: Knappes, aber gut dotiertes Ja zum Verbleib in der Ampel","og_description":"Die digitale Befragung lief seit Mitte Dezember 2023. An der Abstimmung beteiligten sich gerade einmal 26.000 Mitglieder. Damit kann die desastr\u00f6se Bundespolitik vorerst weitergef\u00fchrt werden, zur Neujahrsfreude der beiden Koalitionspartner in der Ampelregierung. Am Ende des Jahres 2021 hatte die FDP laut letztem g\u00fcltigem Stand 77.276 Mitglieder. Die S\u00fcddeutsche Zeitung\u00a0berichtet von aktuell 72.100 Parteizugeh\u00f6rigen. Davon [&hellip;]","og_url":"https:\/\/now-news.de\/de\/deutschland\/fdp-mitgliederbefragung-knappes-aber-gut-dotiertes-ja-zum-verbleib-in-der-ampel\/","og_site_name":"just-now.NEWS Deutschland","article_publisher":"https:\/\/www.facebook.com\/wirmachenauf","article_published_time":"2024-01-01T17:07:47+00:00","og_image":[{"width":642,"height":258,"url":"https:\/\/now-news.de\/de\/wp-content\/uploads\/sites\/3\/2024\/01\/FDP-Mitgliederbefragung-Knappes-aber-gut-dotiertes-Ja-zum-Verbleib-in-der.JPG","type":"image\/jpeg"}],"author":"rtnews","twitter_card":"summary_large_image","twitter_creator":"@WirMachenAuf_de","twitter_site":"@WirMachenAuf_de","twitter_misc":{"Verfasst von":"rtnews","Gesch\u00e4tzte Lesezeit":"3\u00a0Minuten"},"schema":{"@context":"https:\/\/schema.org","@graph":[{"@type":"Article","@id":"https:\/\/now-news.de\/de\/deutschland\/fdp-mitgliederbefragung-knappes-aber-gut-dotiertes-ja-zum-verbleib-in-der-ampel\/#article","isPartOf":{"@id":"https:\/\/now-news.de\/de\/deutschland\/fdp-mitgliederbefragung-knappes-aber-gut-dotiertes-ja-zum-verbleib-in-der-ampel\/"},"author":{"name":"rtnews","@id":"https:\/\/now-news.de\/de\/#\/schema\/person\/fb534a4e865501d8b3285208df34a9b5"},"headline":"FDP-Mitgliederbefragung: Knappes, aber gut dotiertes Ja zum Verbleib in der Ampel","datePublished":"2024-01-01T17:07:47+00:00","dateModified":"2024-01-01T17:07:47+00:00","mainEntityOfPage":{"@id":"https:\/\/now-news.de\/de\/deutschland\/fdp-mitgliederbefragung-knappes-aber-gut-dotiertes-ja-zum-verbleib-in-der-ampel\/"},"wordCount":520,"commentCount":0,"publisher":{"@id":"https:\/\/now-news.de\/de\/#organization"},"image":{"@id":"https:\/\/now-news.de\/de\/deutschland\/fdp-mitgliederbefragung-knappes-aber-gut-dotiertes-ja-zum-verbleib-in-der-ampel\/#primaryimage"},"thumbnailUrl":"https:\/\/now-news.de\/de\/wp-content\/uploads\/sites\/3\/2024\/01\/FDP-Mitgliederbefragung-Knappes-aber-gut-dotiertes-Ja-zum-Verbleib-in-der.JPG","keywords":["aber","Ampel","der","dotiertes","FDPMitgliederbefragung","gut","Knappes","Verbleib","zum"],"articleSection":["Deutschland","Russland"],"inLanguage":"de","potentialAction":[{"@type":"CommentAction","name":"Comment","target":["https:\/\/now-news.de\/de\/deutschland\/fdp-mitgliederbefragung-knappes-aber-gut-dotiertes-ja-zum-verbleib-in-der-ampel\/#respond"]}]},{"@type":"WebPage","@id":"https:\/\/now-news.de\/de\/deutschland\/fdp-mitgliederbefragung-knappes-aber-gut-dotiertes-ja-zum-verbleib-in-der-ampel\/","url":"https:\/\/now-news.de\/de\/deutschland\/fdp-mitgliederbefragung-knappes-aber-gut-dotiertes-ja-zum-verbleib-in-der-ampel\/","name":"FDP-Mitgliederbefragung: Knappes, aber gut dotiertes Ja zum Verbleib in der Ampel - just-now.NEWS Deutschland","isPartOf":{"@id":"https:\/\/now-news.de\/de\/#website"},"primaryImageOfPage":{"@id":"https:\/\/now-news.de\/de\/deutschland\/fdp-mitgliederbefragung-knappes-aber-gut-dotiertes-ja-zum-verbleib-in-der-ampel\/#primaryimage"},"image":{"@id":"https:\/\/now-news.de\/de\/deutschland\/fdp-mitgliederbefragung-knappes-aber-gut-dotiertes-ja-zum-verbleib-in-der-ampel\/#primaryimage"},"thumbnailUrl":"https:\/\/now-news.de\/de\/wp-content\/uploads\/sites\/3\/2024\/01\/FDP-Mitgliederbefragung-Knappes-aber-gut-dotiertes-Ja-zum-Verbleib-in-der.JPG","datePublished":"2024-01-01T17:07:47+00:00","dateModified":"2024-01-01T17:07:47+00:00","breadcrumb":{"@id":"https:\/\/now-news.de\/de\/deutschland\/fdp-mitgliederbefragung-knappes-aber-gut-dotiertes-ja-zum-verbleib-in-der-ampel\/#breadcrumb"},"inLanguage":"de","potentialAction":[{"@type":"ReadAction","target":["https:\/\/now-news.de\/de\/deutschland\/fdp-mitgliederbefragung-knappes-aber-gut-dotiertes-ja-zum-verbleib-in-der-ampel\/"]}]},{"@type":"ImageObject","inLanguage":"de","@id":"https:\/\/now-news.de\/de\/deutschland\/fdp-mitgliederbefragung-knappes-aber-gut-dotiertes-ja-zum-verbleib-in-der-ampel\/#primaryimage","url":"https:\/\/now-news.de\/de\/wp-content\/uploads\/sites\/3\/2024\/01\/FDP-Mitgliederbefragung-Knappes-aber-gut-dotiertes-Ja-zum-Verbleib-in-der.JPG","contentUrl":"https:\/\/now-news.de\/de\/wp-content\/uploads\/sites\/3\/2024\/01\/FDP-Mitgliederbefragung-Knappes-aber-gut-dotiertes-Ja-zum-Verbleib-in-der.JPG","width":642,"height":258,"caption":"FDP-Mitgliederbefragung: Knappes, aber gut dotiertes Ja zum Verbleib in der Ampel"},{"@type":"BreadcrumbList","@id":"https:\/\/now-news.de\/de\/deutschland\/fdp-mitgliederbefragung-knappes-aber-gut-dotiertes-ja-zum-verbleib-in-der-ampel\/#breadcrumb","itemListElement":[{"@type":"ListItem","position":1,"name":"Home","item":"https:\/\/now-news.de\/de\/"},{"@type":"ListItem","position":2,"name":"FDP-Mitgliederbefragung: Knappes, aber gut dotiertes Ja zum Verbleib in der Ampel"}]},{"@type":"WebSite","@id":"https:\/\/now-news.de\/de\/#website","url":"https:\/\/now-news.de\/de\/","name":"just-now.NEWS Deutschland","description":"Das Portal f\u00fcr unzensierte Nachrichten aus der Welt","publisher":{"@id":"https:\/\/now-news.de\/de\/#organization"},"potentialAction":[{"@type":"SearchAction","target":{"@type":"EntryPoint","urlTemplate":"https:\/\/now-news.de\/de\/?s={search_term_string}"},"query-input":"required name=search_term_string"}],"inLanguage":"de"},{"@type":"Organization","@id":"https:\/\/now-news.de\/de\/#organization","name":"Just Now News","url":"https:\/\/now-news.de\/de\/","logo":{"@type":"ImageObject","inLanguage":"de","@id":"https:\/\/now-news.de\/de\/#\/schema\/logo\/image\/","url":"http:\/\/just-now.news\/de\/wp-content\/uploads\/sites\/3\/2022\/04\/logo500x500.jpg","contentUrl":"http:\/\/just-now.news\/de\/wp-content\/uploads\/sites\/3\/2022\/04\/logo500x500.jpg","width":500,"height":500,"caption":"Just Now News"},"image":{"@id":"https:\/\/now-news.de\/de\/#\/schema\/logo\/image\/"},"sameAs":["https:\/\/www.facebook.com\/wirmachenauf","https:\/\/x.com\/WirMachenAuf_de"]},{"@type":"Person","@id":"https:\/\/now-news.de\/de\/#\/schema\/person\/fb534a4e865501d8b3285208df34a9b5","name":"rtnews","image":{"@type":"ImageObject","inLanguage":"de","@id":"https:\/\/now-news.de\/de\/#\/schema\/person\/image\/","url":"https:\/\/secure.gravatar.com\/avatar\/82aafea7d8127119dd649515f56e2117?s=96&d=mm&r=g","contentUrl":"https:\/\/secure.gravatar.com\/avatar\/82aafea7d8127119dd649515f56e2117?s=96&d=mm&r=g","caption":"rtnews"},"url":"https:\/\/now-news.de\/de\/author\/rnews\/"}]}},"_links":{"self":[{"href":"https:\/\/now-news.de\/de\/wp-json\/wp\/v2\/posts\/52555"}],"collection":[{"href":"https:\/\/now-news.de\/de\/wp-json\/wp\/v2\/posts"}],"about":[{"href":"https:\/\/now-news.de\/de\/wp-json\/wp\/v2\/types\/post"}],"author":[{"embeddable":true,"href":"https:\/\/now-news.de\/de\/wp-json\/wp\/v2\/users\/3"}],"replies":[{"embeddable":true,"href":"https:\/\/now-news.de\/de\/wp-json\/wp\/v2\/comments?post=52555"}],"version-history":[{"count":0,"href":"https:\/\/now-news.de\/de\/wp-json\/wp\/v2\/posts\/52555\/revisions"}],"wp:featuredmedia":[{"embeddable":true,"href":"https:\/\/now-news.de\/de\/wp-json\/wp\/v2\/media\/52556"}],"wp:attachment":[{"href":"https:\/\/now-news.de\/de\/wp-json\/wp\/v2\/media?parent=52555"}],"wp:term":[{"taxonomy":"category","embeddable":true,"href":"https:\/\/now-news.de\/de\/wp-json\/wp\/v2\/categories?post=52555"},{"taxonomy":"post_tag","embeddable":true,"href":"https:\/\/now-news.de\/de\/wp-json\/wp\/v2\/tags?post=52555"}],"curies":[{"name":"wp","href":"https:\/\/api.w.org\/{rel}","templated":true}]}}