{"id":52541,"date":"2024-01-01T15:31:40","date_gmt":"2024-01-01T13:31:40","guid":{"rendered":"https:\/\/just-now.news\/de\/deutschland\/olaf-scholz-faselt-und-schweigt-zugleich-im-neuen-jahr-am-roten-meer\/"},"modified":"2024-01-01T15:31:40","modified_gmt":"2024-01-01T13:31:40","slug":"olaf-scholz-faselt-und-schweigt-zugleich-im-neuen-jahr-am-roten-meer","status":"publish","type":"post","link":"https:\/\/now-news.de\/de\/deutschland\/olaf-scholz-faselt-und-schweigt-zugleich-im-neuen-jahr-am-roten-meer\/","title":{"rendered":"Olaf Scholz faselt und schweigt zugleich \u2013 Im neuen Jahr am Roten Meer?"},"content":{"rendered":"<p><img decoding=\"async\" src=\"http:\/\/just-now.news\/de\/wp-content\/uploads\/sites\/3\/2024\/01\/6592aa57b480cc21e770f957.jpeg\" \/><\/p>\n<div class=\"Text-root Text-type_1 \">\n                Der Kanzler verk\u00fcndet in seiner Neujahrsansprache: &#8220;Wir haben Freunde \u2013 in Europa und rund um den Globus.&#8221; Stark mache das Land &#8220;auch unsere Demokratie&#8221; und &#8220;unsere Bereitschaft zum Kompromiss. Unser Einsatz f\u00fcreinander.&#8221; Rosinenpicker Uli Gellermann vermittelt inhaltliche Folgen der Wahrnehmung aus dem Kanzleramt.\n            <\/div>\n<p><\/p>\n<div class=\"Text-root Text-type_5 ArticleView-text ViewText-root \">\n<p><em>Von Uli Gellermann<\/em><\/p>\n<p>Zu Beginn seiner <a rel=\"nofollow noopener\" target=\"_blank\" href=\"https:\/\/www.bundeskanzler.de\/resource\/blob\/1833260\/2250218\/247351702f4f66dc6780c62be3ac97db\/2023-12-31-neujahrsansprache-bk-pdf-data.pdf?download=1\">Neujahrsrede<\/a> geht Olaf Scholz zum Angriff \u00fcber:<\/p>\n<p><em>&#8220;Kaum war Corona halbwegs vorbei, brach Russland mitten in Europa einen unerbittlichen Krieg vom Zaun.&#8221; <\/em><\/p>\n<p>Und weiter behauptet der Mann, dass kurz darauf der russische Pr\u00e4sident Wladimir Putin &#8220;uns&#8221; den Gashahn abgedreht habe. Aha, sagt sich der unkritische Betrachter: Da gibt es doch einen Zusammenhang zwischen Putin und Corona.<\/p>\n<p>Aber es ist Scholz und das von den USA gesteuerte Lager, das einen Wirtschaftskrieg gegen Russland vom Zaun gebrochen hat. Primitiver war es nur zu Adenauers Zeiten, in den 1950er-Jahren, da war der Iwan auch f\u00fcr alles verantwortlich.<\/p>\n<p><strong>US-Mission &#8220;Prosperity Guardian&#8221;<\/strong><\/p>\n<p>Dann taucht auch noch dieser gestanzte Satz auf: &#8220;Und im Herbst gab es auch noch den brutalen Terrorangriff der Hamas auf Israel.&#8221; Kein Wort des Mitleids mit den pal\u00e4stinensischen Kindern, kein Wort zu den Ursachen, die in der brutalen Apartheid des Staates Israel zu finden sind. Dabei w\u00e4re das doch die Gelegenheit gewesen, eine Bemerkung seines Sprechers Steffen Hebestreit vom Dezember 2023 zu erl\u00e4utern:<\/p>\n<p><em>&#8220;Es gibt ein Recht auf Sicherheit. Und es gibt die Freiheit auf See und auch auf hoher See. Und wenn das bedroht wird, dann ist die Weltgemeinschaft aufgefordert, solche Bedrohungen zu verringern.&#8221;<\/em><\/p>\n<p>Die scheinbar sibyllinischen Worte waren die Antwort auf die Frage, ob sich denn die Bundesregierung an der US-Mission &#8220;<a rel=\"nofollow noopener\" target=\"_blank\" href=\"https:\/\/www.tagesschau.de\/ausland\/asien\/operation-prosperity-guardian-100.html\">Prosperity Guardian<\/a>&#8221; (Wohlstandsw\u00e4chter) beteiligen wolle.<\/p>\n<p><strong>Eine Koalition der Willigen<\/strong><\/p>\n<p>Bei dieser &#8220;Mission&#8221; geht es mal wieder um eine Koalition der Willigen und ihr Ziel ist die Vernichtung der jemenitischen Widerstandsbewegung Ansar Allah (Huthi-Rebellen). Die Ansar Allah hat unmissverst\u00e4ndlich klargestellt, dass jedes Schiff, das mit Israel in Verbindung steht oder f\u00fcr Israel bestimmt ist, abgefangen wird. Von ihren Standorten im Jemen k\u00f6nnen die Drohnen der Ansar Allah den Seeverkehr zur Unterst\u00fctzung Israels im Kampf gegen die Pal\u00e4stinenser empfindlich st\u00f6ren. Die US-Mission &#8220;Prosperity Guardian&#8221; soll angeblich zur Sicherung der &#8220;Freiheit auf See&#8221; dienen, wird aber im Erfolgsfall nur dem genozidalen Krieg Israels gegen die Pal\u00e4stinenser n\u00fctzen.<\/p>\n<p><strong>Ein Mandat f\u00fcr Annalena Baerbock<\/strong><\/p>\n<p>Der US-Imperialismus will mit seiner Operation &#8220;Prosperity Guardian&#8221; sowohl seinen israelischen Verb\u00fcndeten Hilfe leisten, als auch seinen angeschlagenen Ruf als Weltmacht wieder herstellen. Und wenn der Hegemon ruft, dann knallen seine deutschen Hilfswilligen die Hacken zusammen. Christian Wagner, der Sprecher von Au\u00dfenministerin Annalena Baerbock, windet sich zwar, sondert aber diesen gef\u00e4hrlichen <a rel=\"nofollow noopener\" target=\"_blank\" href=\"https:\/\/www.dw.com\/de\/sch%C3%BCtzt-deutschland-frachter-im-roten-meer\/a-67789416\">Schwulst<\/a> ab:<\/p>\n<p><em>&#8220;Wir pr\u00fcfen das jetzt intern und werden, wenn wir zu dem Entschluss kommen und die Entscheidung gefasst ist, dass wir uns an dieser Mission beteiligen sollten, dazu auch informieren, auf welcher Grundlage und welchem Mandat wir dem Bundestag das dann vorschlagen.&#8221;<\/em><\/p>\n<p><strong>Esken begr\u00fc\u00dfte die US-Mission<\/strong><\/p>\n<p>Die SPD-Chefin Esken begr\u00fc\u00dfte die US-Mission gegen\u00fcber der <em>Deutschen Presse-Agentur<\/em> (<em>DPA<\/em>): &#8220;Wir m\u00fcssen ganz klar sehen, dass diese Allianz wichtig ist und notwendig ist, auch f\u00fcr Deutschland, auch f\u00fcr unsere Handelsbeziehungen&#8221;. Ganz klar: Wo SPD draufsteht, sind seit dem Jugoslawienkrieg Bomben und Granaten drin. Bisher haben sich diese willigen L\u00e4nder gefunden: das Vereinigte K\u00f6nigreich, Bahrain, Kanada, Frankreich, Italien, die Niederlande, <a rel=\"nofollow noopener\" target=\"_blank\" href=\"https:\/\/freedert.online\/der-nahe-osten\/191382-us-militaer-hilft-durch-hubschraubereinsatz\/\">D\u00e4nemark<\/a>, Norwegen und die Seychellen.<\/p>\n<p><strong>Waffenlieferungen an die Ukraine nicht genug?<\/strong><\/p>\n<p>Scholz und seiner politischen Mafia waren die lukrativen Waffenlieferungen an die Ukraine noch nicht genug: Die deutschen R\u00fcstungsexporte nach Israel haben sich in diesem Jahr im Vergleich zu 2022 fast verzehnfacht. Im vergangenen Jahr seien Genehmigungen f\u00fcr den Export von R\u00fcstungsg\u00fctern im Wert von rund 32 Millionen Euro erteilt worden, in diesem Jahr seien es bis einschlie\u00dflich 2. November bereits rund 303 Millionen Euro gewesen.<\/p>\n<p><strong>Willig ist nicht billig<\/strong><\/p>\n<p>Jetzt wollen die Herrschenden einen Nachschlag: Willig bei der Operation &#8220;Prosperity Guardian&#8221; dabei sein, wird nicht billig, aber auf ein paar Tote mehr oder weniger kommt es den M\u00f6rdern im Gewand der Biederm\u00e4nner nicht an. Sie hoffen, dass sie ungeschoren davonkommen.<\/p>\n<p><em><strong>Uli Gellermann<\/strong>\u00a0ist Filmemacher und Journalist. Seine Erfahrungen mit den \u00f6ffentlich-rechtlichen Sendern begr\u00fcnden seine Medienkritik. Er ist Betreiber der Internetseite <a rel=\"nofollow noopener\" target=\"_blank\" href=\"https:\/\/www.rationalgalerie.de\/\">www.rationalgalerie.de<\/a>. Der Beitrag wurde zuerst am 31. Dezember 2023 auf\u00a0<a rel=\"nofollow noopener\" target=\"_blank\" href=\"https:\/\/www.rationalgalerie.de\/home\/im-neuen-jahr-am-roten-meer\">www.rationalgalerie.de<\/a>\u00a0ver\u00f6ffentlicht.<\/em><\/p>\n<p><strong>Mehr zum Thema &#8211;<\/strong>\u00a0<a rel=\"nofollow noopener\" target=\"_blank\" href=\"https:\/\/freedert.online\/meinung\/191397-es-gibt-kein-wir-kanzler\/\">Es gibt kein &#8220;Wir&#8221; \u2013 Kanzler Scholz r\u00fchrt zum Jahresauftakt die nationalistische Propaganda-Trommel<\/a><\/p>\n<\/div>\n<p><br \/>\n<br \/><a href=\"https:\/\/de.rt.com\/meinung\/191444-olaf-scholz-faselt-und-schweigt\/\">Source link <\/a><\/p>\n","protected":false},"excerpt":{"rendered":"<p>Der Kanzler verk\u00fcndet in seiner Neujahrsansprache: &#8220;Wir haben Freunde \u2013 in Europa und rund um den Globus.&#8221; Stark mache das Land &#8220;auch unsere Demokratie&#8221; und &#8220;unsere Bereitschaft zum Kompromiss. Unser Einsatz f\u00fcreinander.&#8221; Rosinenpicker Uli Gellermann vermittelt inhaltliche Folgen der Wahrnehmung aus dem Kanzleramt. Von Uli Gellermann Zu Beginn seiner Neujahrsrede geht Olaf Scholz zum Angriff [&hellip;]<\/p>\n","protected":false},"author":3,"featured_media":52542,"comment_status":"open","ping_status":"open","sticky":false,"template":"","format":"standard","meta":{"_yoast_indexnow_last_ping":["1704116182"],"wp_automatic_camp":["217"],"a1da6486e51147bb7bef9ff9b9a45d51":["Olaf Scholz faselt und schweigt zugleich \u2013 Im neuen Jahr am Roten Meer?"],"original_link":["https:\/\/de.rt.com\/meinung\/191444-olaf-scholz-faselt-und-schweigt\/"],"_thumbnail_id":["52542"],"_wptgpro_p2tg_sent2tg":["a:1:{i:23737;s:19:\"2024-01-01 15:37:27\";}"],"jnews_social_counter_last_update":["1777608493"]},"categories":[19,23],"tags":[52098,1615,1363,213,7179,135,1001,30962,140,17885],"yoast_head":"<!-- This site is optimized with the Yoast SEO Premium plugin v22.7 (Yoast SEO v22.7) - https:\/\/yoast.com\/wordpress\/plugins\/seo\/ -->\n<title>Olaf Scholz faselt und schweigt zugleich \u2013 Im neuen Jahr am Roten Meer? - just-now.NEWS Deutschland<\/title>\n<meta name=\"robots\" content=\"index, follow, max-snippet:-1, max-image-preview:large, max-video-preview:-1\" \/>\n<link rel=\"canonical\" href=\"https:\/\/now-news.de\/de\/deutschland\/olaf-scholz-faselt-und-schweigt-zugleich-im-neuen-jahr-am-roten-meer\/\" \/>\n<meta property=\"og:locale\" content=\"de_DE\" \/>\n<meta property=\"og:type\" content=\"article\" \/>\n<meta property=\"og:title\" content=\"Olaf Scholz faselt und schweigt zugleich \u2013 Im neuen Jahr am Roten Meer?\" \/>\n<meta property=\"og:description\" content=\"Der Kanzler verk\u00fcndet in seiner Neujahrsansprache: &#8220;Wir haben Freunde \u2013 in Europa und rund um den Globus.&#8221; Stark mache das Land &#8220;auch unsere Demokratie&#8221; und &#8220;unsere Bereitschaft zum Kompromiss. Unser Einsatz f\u00fcreinander.&#8221; Rosinenpicker Uli Gellermann vermittelt inhaltliche Folgen der Wahrnehmung aus dem Kanzleramt. Von Uli Gellermann Zu Beginn seiner Neujahrsrede geht Olaf Scholz zum Angriff [&hellip;]\" \/>\n<meta property=\"og:url\" content=\"https:\/\/now-news.de\/de\/deutschland\/olaf-scholz-faselt-und-schweigt-zugleich-im-neuen-jahr-am-roten-meer\/\" \/>\n<meta property=\"og:site_name\" content=\"just-now.NEWS Deutschland\" \/>\n<meta property=\"article:publisher\" content=\"https:\/\/www.facebook.com\/wirmachenauf\" \/>\n<meta property=\"article:published_time\" content=\"2024-01-01T13:31:40+00:00\" \/>\n<meta property=\"og:image\" content=\"https:\/\/now-news.de\/de\/wp-content\/uploads\/sites\/3\/2024\/01\/Olaf-Scholz-faselt-und-schweigt-zugleich-\u2013-Im-neuen-Jahr.jpeg\" \/>\n\t<meta property=\"og:image:width\" content=\"460\" \/>\n\t<meta property=\"og:image:height\" content=\"259\" \/>\n\t<meta property=\"og:image:type\" content=\"image\/jpeg\" \/>\n<meta name=\"author\" content=\"rtnews\" \/>\n<meta name=\"twitter:card\" content=\"summary_large_image\" \/>\n<meta name=\"twitter:creator\" content=\"@WirMachenAuf_de\" \/>\n<meta name=\"twitter:site\" content=\"@WirMachenAuf_de\" \/>\n<meta name=\"twitter:label1\" content=\"Verfasst von\" \/>\n\t<meta name=\"twitter:data1\" content=\"rtnews\" \/>\n\t<meta name=\"twitter:label2\" content=\"Gesch\u00e4tzte Lesezeit\" \/>\n\t<meta name=\"twitter:data2\" content=\"4\u00a0Minuten\" \/>\n<script type=\"application\/ld+json\" class=\"yoast-schema-graph\">{\"@context\":\"https:\/\/schema.org\",\"@graph\":[{\"@type\":\"Article\",\"@id\":\"https:\/\/now-news.de\/de\/deutschland\/olaf-scholz-faselt-und-schweigt-zugleich-im-neuen-jahr-am-roten-meer\/#article\",\"isPartOf\":{\"@id\":\"https:\/\/now-news.de\/de\/deutschland\/olaf-scholz-faselt-und-schweigt-zugleich-im-neuen-jahr-am-roten-meer\/\"},\"author\":{\"name\":\"rtnews\",\"@id\":\"https:\/\/now-news.de\/de\/#\/schema\/person\/fb534a4e865501d8b3285208df34a9b5\"},\"headline\":\"Olaf Scholz faselt und schweigt zugleich \u2013 Im neuen Jahr am Roten Meer?\",\"datePublished\":\"2024-01-01T13:31:40+00:00\",\"dateModified\":\"2024-01-01T13:31:40+00:00\",\"mainEntityOfPage\":{\"@id\":\"https:\/\/now-news.de\/de\/deutschland\/olaf-scholz-faselt-und-schweigt-zugleich-im-neuen-jahr-am-roten-meer\/\"},\"wordCount\":747,\"commentCount\":0,\"publisher\":{\"@id\":\"https:\/\/now-news.de\/de\/#organization\"},\"image\":{\"@id\":\"https:\/\/now-news.de\/de\/deutschland\/olaf-scholz-faselt-und-schweigt-zugleich-im-neuen-jahr-am-roten-meer\/#primaryimage\"},\"thumbnailUrl\":\"https:\/\/now-news.de\/de\/wp-content\/uploads\/sites\/3\/2024\/01\/Olaf-Scholz-faselt-und-schweigt-zugleich-\u2013-Im-neuen-Jahr.jpeg\",\"keywords\":[\"faselt\",\"Jahr\",\"Meer\",\"neuen\",\"Olaf\",\"ROTEN\",\"Scholz\",\"schweigt\",\"und\",\"Zugleich\"],\"articleSection\":[\"Deutschland\",\"Russland\"],\"inLanguage\":\"de\",\"potentialAction\":[{\"@type\":\"CommentAction\",\"name\":\"Comment\",\"target\":[\"https:\/\/now-news.de\/de\/deutschland\/olaf-scholz-faselt-und-schweigt-zugleich-im-neuen-jahr-am-roten-meer\/#respond\"]}]},{\"@type\":\"WebPage\",\"@id\":\"https:\/\/now-news.de\/de\/deutschland\/olaf-scholz-faselt-und-schweigt-zugleich-im-neuen-jahr-am-roten-meer\/\",\"url\":\"https:\/\/now-news.de\/de\/deutschland\/olaf-scholz-faselt-und-schweigt-zugleich-im-neuen-jahr-am-roten-meer\/\",\"name\":\"Olaf Scholz faselt und schweigt zugleich \u2013 Im neuen Jahr am Roten Meer? - just-now.NEWS Deutschland\",\"isPartOf\":{\"@id\":\"https:\/\/now-news.de\/de\/#website\"},\"primaryImageOfPage\":{\"@id\":\"https:\/\/now-news.de\/de\/deutschland\/olaf-scholz-faselt-und-schweigt-zugleich-im-neuen-jahr-am-roten-meer\/#primaryimage\"},\"image\":{\"@id\":\"https:\/\/now-news.de\/de\/deutschland\/olaf-scholz-faselt-und-schweigt-zugleich-im-neuen-jahr-am-roten-meer\/#primaryimage\"},\"thumbnailUrl\":\"https:\/\/now-news.de\/de\/wp-content\/uploads\/sites\/3\/2024\/01\/Olaf-Scholz-faselt-und-schweigt-zugleich-\u2013-Im-neuen-Jahr.jpeg\",\"datePublished\":\"2024-01-01T13:31:40+00:00\",\"dateModified\":\"2024-01-01T13:31:40+00:00\",\"breadcrumb\":{\"@id\":\"https:\/\/now-news.de\/de\/deutschland\/olaf-scholz-faselt-und-schweigt-zugleich-im-neuen-jahr-am-roten-meer\/#breadcrumb\"},\"inLanguage\":\"de\",\"potentialAction\":[{\"@type\":\"ReadAction\",\"target\":[\"https:\/\/now-news.de\/de\/deutschland\/olaf-scholz-faselt-und-schweigt-zugleich-im-neuen-jahr-am-roten-meer\/\"]}]},{\"@type\":\"ImageObject\",\"inLanguage\":\"de\",\"@id\":\"https:\/\/now-news.de\/de\/deutschland\/olaf-scholz-faselt-und-schweigt-zugleich-im-neuen-jahr-am-roten-meer\/#primaryimage\",\"url\":\"https:\/\/now-news.de\/de\/wp-content\/uploads\/sites\/3\/2024\/01\/Olaf-Scholz-faselt-und-schweigt-zugleich-\u2013-Im-neuen-Jahr.jpeg\",\"contentUrl\":\"https:\/\/now-news.de\/de\/wp-content\/uploads\/sites\/3\/2024\/01\/Olaf-Scholz-faselt-und-schweigt-zugleich-\u2013-Im-neuen-Jahr.jpeg\",\"width\":460,\"height\":259,\"caption\":\"Olaf Scholz faselt und schweigt zugleich \u2013 Im neuen Jahr am Roten Meer?\"},{\"@type\":\"BreadcrumbList\",\"@id\":\"https:\/\/now-news.de\/de\/deutschland\/olaf-scholz-faselt-und-schweigt-zugleich-im-neuen-jahr-am-roten-meer\/#breadcrumb\",\"itemListElement\":[{\"@type\":\"ListItem\",\"position\":1,\"name\":\"Home\",\"item\":\"https:\/\/now-news.de\/de\/\"},{\"@type\":\"ListItem\",\"position\":2,\"name\":\"Olaf Scholz faselt und schweigt zugleich \u2013 Im neuen Jahr am Roten Meer?\"}]},{\"@type\":\"WebSite\",\"@id\":\"https:\/\/now-news.de\/de\/#website\",\"url\":\"https:\/\/now-news.de\/de\/\",\"name\":\"just-now.NEWS Deutschland\",\"description\":\"Das Portal f\u00fcr unzensierte Nachrichten aus der Welt\",\"publisher\":{\"@id\":\"https:\/\/now-news.de\/de\/#organization\"},\"potentialAction\":[{\"@type\":\"SearchAction\",\"target\":{\"@type\":\"EntryPoint\",\"urlTemplate\":\"https:\/\/now-news.de\/de\/?s={search_term_string}\"},\"query-input\":\"required name=search_term_string\"}],\"inLanguage\":\"de\"},{\"@type\":\"Organization\",\"@id\":\"https:\/\/now-news.de\/de\/#organization\",\"name\":\"Just Now News\",\"url\":\"https:\/\/now-news.de\/de\/\",\"logo\":{\"@type\":\"ImageObject\",\"inLanguage\":\"de\",\"@id\":\"https:\/\/now-news.de\/de\/#\/schema\/logo\/image\/\",\"url\":\"http:\/\/just-now.news\/de\/wp-content\/uploads\/sites\/3\/2022\/04\/logo500x500.jpg\",\"contentUrl\":\"http:\/\/just-now.news\/de\/wp-content\/uploads\/sites\/3\/2022\/04\/logo500x500.jpg\",\"width\":500,\"height\":500,\"caption\":\"Just Now News\"},\"image\":{\"@id\":\"https:\/\/now-news.de\/de\/#\/schema\/logo\/image\/\"},\"sameAs\":[\"https:\/\/www.facebook.com\/wirmachenauf\",\"https:\/\/x.com\/WirMachenAuf_de\"]},{\"@type\":\"Person\",\"@id\":\"https:\/\/now-news.de\/de\/#\/schema\/person\/fb534a4e865501d8b3285208df34a9b5\",\"name\":\"rtnews\",\"image\":{\"@type\":\"ImageObject\",\"inLanguage\":\"de\",\"@id\":\"https:\/\/now-news.de\/de\/#\/schema\/person\/image\/\",\"url\":\"https:\/\/secure.gravatar.com\/avatar\/82aafea7d8127119dd649515f56e2117?s=96&d=mm&r=g\",\"contentUrl\":\"https:\/\/secure.gravatar.com\/avatar\/82aafea7d8127119dd649515f56e2117?s=96&d=mm&r=g\",\"caption\":\"rtnews\"},\"url\":\"https:\/\/now-news.de\/de\/author\/rnews\/\"}]}<\/script>\n<!-- \/ Yoast SEO Premium plugin. -->","yoast_head_json":{"title":"Olaf Scholz faselt und schweigt zugleich \u2013 Im neuen Jahr am Roten Meer? - just-now.NEWS Deutschland","robots":{"index":"index","follow":"follow","max-snippet":"max-snippet:-1","max-image-preview":"max-image-preview:large","max-video-preview":"max-video-preview:-1"},"canonical":"https:\/\/now-news.de\/de\/deutschland\/olaf-scholz-faselt-und-schweigt-zugleich-im-neuen-jahr-am-roten-meer\/","og_locale":"de_DE","og_type":"article","og_title":"Olaf Scholz faselt und schweigt zugleich \u2013 Im neuen Jahr am Roten Meer?","og_description":"Der Kanzler verk\u00fcndet in seiner Neujahrsansprache: &#8220;Wir haben Freunde \u2013 in Europa und rund um den Globus.&#8221; Stark mache das Land &#8220;auch unsere Demokratie&#8221; und &#8220;unsere Bereitschaft zum Kompromiss. Unser Einsatz f\u00fcreinander.&#8221; Rosinenpicker Uli Gellermann vermittelt inhaltliche Folgen der Wahrnehmung aus dem Kanzleramt. Von Uli Gellermann Zu Beginn seiner Neujahrsrede geht Olaf Scholz zum Angriff [&hellip;]","og_url":"https:\/\/now-news.de\/de\/deutschland\/olaf-scholz-faselt-und-schweigt-zugleich-im-neuen-jahr-am-roten-meer\/","og_site_name":"just-now.NEWS Deutschland","article_publisher":"https:\/\/www.facebook.com\/wirmachenauf","article_published_time":"2024-01-01T13:31:40+00:00","og_image":[{"width":460,"height":259,"url":"https:\/\/now-news.de\/de\/wp-content\/uploads\/sites\/3\/2024\/01\/Olaf-Scholz-faselt-und-schweigt-zugleich-\u2013-Im-neuen-Jahr.jpeg","type":"image\/jpeg"}],"author":"rtnews","twitter_card":"summary_large_image","twitter_creator":"@WirMachenAuf_de","twitter_site":"@WirMachenAuf_de","twitter_misc":{"Verfasst von":"rtnews","Gesch\u00e4tzte Lesezeit":"4\u00a0Minuten"},"schema":{"@context":"https:\/\/schema.org","@graph":[{"@type":"Article","@id":"https:\/\/now-news.de\/de\/deutschland\/olaf-scholz-faselt-und-schweigt-zugleich-im-neuen-jahr-am-roten-meer\/#article","isPartOf":{"@id":"https:\/\/now-news.de\/de\/deutschland\/olaf-scholz-faselt-und-schweigt-zugleich-im-neuen-jahr-am-roten-meer\/"},"author":{"name":"rtnews","@id":"https:\/\/now-news.de\/de\/#\/schema\/person\/fb534a4e865501d8b3285208df34a9b5"},"headline":"Olaf Scholz faselt und schweigt zugleich \u2013 Im neuen Jahr am Roten Meer?","datePublished":"2024-01-01T13:31:40+00:00","dateModified":"2024-01-01T13:31:40+00:00","mainEntityOfPage":{"@id":"https:\/\/now-news.de\/de\/deutschland\/olaf-scholz-faselt-und-schweigt-zugleich-im-neuen-jahr-am-roten-meer\/"},"wordCount":747,"commentCount":0,"publisher":{"@id":"https:\/\/now-news.de\/de\/#organization"},"image":{"@id":"https:\/\/now-news.de\/de\/deutschland\/olaf-scholz-faselt-und-schweigt-zugleich-im-neuen-jahr-am-roten-meer\/#primaryimage"},"thumbnailUrl":"https:\/\/now-news.de\/de\/wp-content\/uploads\/sites\/3\/2024\/01\/Olaf-Scholz-faselt-und-schweigt-zugleich-\u2013-Im-neuen-Jahr.jpeg","keywords":["faselt","Jahr","Meer","neuen","Olaf","ROTEN","Scholz","schweigt","und","Zugleich"],"articleSection":["Deutschland","Russland"],"inLanguage":"de","potentialAction":[{"@type":"CommentAction","name":"Comment","target":["https:\/\/now-news.de\/de\/deutschland\/olaf-scholz-faselt-und-schweigt-zugleich-im-neuen-jahr-am-roten-meer\/#respond"]}]},{"@type":"WebPage","@id":"https:\/\/now-news.de\/de\/deutschland\/olaf-scholz-faselt-und-schweigt-zugleich-im-neuen-jahr-am-roten-meer\/","url":"https:\/\/now-news.de\/de\/deutschland\/olaf-scholz-faselt-und-schweigt-zugleich-im-neuen-jahr-am-roten-meer\/","name":"Olaf Scholz faselt und schweigt zugleich \u2013 Im neuen Jahr am Roten Meer? - just-now.NEWS Deutschland","isPartOf":{"@id":"https:\/\/now-news.de\/de\/#website"},"primaryImageOfPage":{"@id":"https:\/\/now-news.de\/de\/deutschland\/olaf-scholz-faselt-und-schweigt-zugleich-im-neuen-jahr-am-roten-meer\/#primaryimage"},"image":{"@id":"https:\/\/now-news.de\/de\/deutschland\/olaf-scholz-faselt-und-schweigt-zugleich-im-neuen-jahr-am-roten-meer\/#primaryimage"},"thumbnailUrl":"https:\/\/now-news.de\/de\/wp-content\/uploads\/sites\/3\/2024\/01\/Olaf-Scholz-faselt-und-schweigt-zugleich-\u2013-Im-neuen-Jahr.jpeg","datePublished":"2024-01-01T13:31:40+00:00","dateModified":"2024-01-01T13:31:40+00:00","breadcrumb":{"@id":"https:\/\/now-news.de\/de\/deutschland\/olaf-scholz-faselt-und-schweigt-zugleich-im-neuen-jahr-am-roten-meer\/#breadcrumb"},"inLanguage":"de","potentialAction":[{"@type":"ReadAction","target":["https:\/\/now-news.de\/de\/deutschland\/olaf-scholz-faselt-und-schweigt-zugleich-im-neuen-jahr-am-roten-meer\/"]}]},{"@type":"ImageObject","inLanguage":"de","@id":"https:\/\/now-news.de\/de\/deutschland\/olaf-scholz-faselt-und-schweigt-zugleich-im-neuen-jahr-am-roten-meer\/#primaryimage","url":"https:\/\/now-news.de\/de\/wp-content\/uploads\/sites\/3\/2024\/01\/Olaf-Scholz-faselt-und-schweigt-zugleich-\u2013-Im-neuen-Jahr.jpeg","contentUrl":"https:\/\/now-news.de\/de\/wp-content\/uploads\/sites\/3\/2024\/01\/Olaf-Scholz-faselt-und-schweigt-zugleich-\u2013-Im-neuen-Jahr.jpeg","width":460,"height":259,"caption":"Olaf Scholz faselt und schweigt zugleich \u2013 Im neuen Jahr am Roten Meer?"},{"@type":"BreadcrumbList","@id":"https:\/\/now-news.de\/de\/deutschland\/olaf-scholz-faselt-und-schweigt-zugleich-im-neuen-jahr-am-roten-meer\/#breadcrumb","itemListElement":[{"@type":"ListItem","position":1,"name":"Home","item":"https:\/\/now-news.de\/de\/"},{"@type":"ListItem","position":2,"name":"Olaf Scholz faselt und schweigt zugleich \u2013 Im neuen Jahr am Roten Meer?"}]},{"@type":"WebSite","@id":"https:\/\/now-news.de\/de\/#website","url":"https:\/\/now-news.de\/de\/","name":"just-now.NEWS Deutschland","description":"Das Portal f\u00fcr unzensierte Nachrichten aus der Welt","publisher":{"@id":"https:\/\/now-news.de\/de\/#organization"},"potentialAction":[{"@type":"SearchAction","target":{"@type":"EntryPoint","urlTemplate":"https:\/\/now-news.de\/de\/?s={search_term_string}"},"query-input":"required name=search_term_string"}],"inLanguage":"de"},{"@type":"Organization","@id":"https:\/\/now-news.de\/de\/#organization","name":"Just Now News","url":"https:\/\/now-news.de\/de\/","logo":{"@type":"ImageObject","inLanguage":"de","@id":"https:\/\/now-news.de\/de\/#\/schema\/logo\/image\/","url":"http:\/\/just-now.news\/de\/wp-content\/uploads\/sites\/3\/2022\/04\/logo500x500.jpg","contentUrl":"http:\/\/just-now.news\/de\/wp-content\/uploads\/sites\/3\/2022\/04\/logo500x500.jpg","width":500,"height":500,"caption":"Just Now News"},"image":{"@id":"https:\/\/now-news.de\/de\/#\/schema\/logo\/image\/"},"sameAs":["https:\/\/www.facebook.com\/wirmachenauf","https:\/\/x.com\/WirMachenAuf_de"]},{"@type":"Person","@id":"https:\/\/now-news.de\/de\/#\/schema\/person\/fb534a4e865501d8b3285208df34a9b5","name":"rtnews","image":{"@type":"ImageObject","inLanguage":"de","@id":"https:\/\/now-news.de\/de\/#\/schema\/person\/image\/","url":"https:\/\/secure.gravatar.com\/avatar\/82aafea7d8127119dd649515f56e2117?s=96&d=mm&r=g","contentUrl":"https:\/\/secure.gravatar.com\/avatar\/82aafea7d8127119dd649515f56e2117?s=96&d=mm&r=g","caption":"rtnews"},"url":"https:\/\/now-news.de\/de\/author\/rnews\/"}]}},"_links":{"self":[{"href":"https:\/\/now-news.de\/de\/wp-json\/wp\/v2\/posts\/52541"}],"collection":[{"href":"https:\/\/now-news.de\/de\/wp-json\/wp\/v2\/posts"}],"about":[{"href":"https:\/\/now-news.de\/de\/wp-json\/wp\/v2\/types\/post"}],"author":[{"embeddable":true,"href":"https:\/\/now-news.de\/de\/wp-json\/wp\/v2\/users\/3"}],"replies":[{"embeddable":true,"href":"https:\/\/now-news.de\/de\/wp-json\/wp\/v2\/comments?post=52541"}],"version-history":[{"count":0,"href":"https:\/\/now-news.de\/de\/wp-json\/wp\/v2\/posts\/52541\/revisions"}],"wp:featuredmedia":[{"embeddable":true,"href":"https:\/\/now-news.de\/de\/wp-json\/wp\/v2\/media\/52542"}],"wp:attachment":[{"href":"https:\/\/now-news.de\/de\/wp-json\/wp\/v2\/media?parent=52541"}],"wp:term":[{"taxonomy":"category","embeddable":true,"href":"https:\/\/now-news.de\/de\/wp-json\/wp\/v2\/categories?post=52541"},{"taxonomy":"post_tag","embeddable":true,"href":"https:\/\/now-news.de\/de\/wp-json\/wp\/v2\/tags?post=52541"}],"curies":[{"name":"wp","href":"https:\/\/api.w.org\/{rel}","templated":true}]}}