{"id":52521,"date":"2023-12-31T21:55:20","date_gmt":"2023-12-31T19:55:20","guid":{"rendered":"https:\/\/just-now.news\/de\/deutschland\/es-ist-zeit-dass-die-weltmehrheit-im-kommenden-jahr-eine-gemeinsame-basis-findet\/"},"modified":"2023-12-31T21:55:20","modified_gmt":"2023-12-31T19:55:20","slug":"es-ist-zeit-dass-die-weltmehrheit-im-kommenden-jahr-eine-gemeinsame-basis-findet","status":"publish","type":"post","link":"https:\/\/now-news.de\/de\/deutschland\/es-ist-zeit-dass-die-weltmehrheit-im-kommenden-jahr-eine-gemeinsame-basis-findet\/","title":{"rendered":"Es ist Zeit, dass die Weltmehrheit im kommenden Jahr eine gemeinsame Basis findet"},"content":{"rendered":"<p><img decoding=\"async\" src=\"http:\/\/just-now.news\/de\/wp-content\/uploads\/sites\/3\/2023\/12\/658fc7cc48fbef5642545d6c.jpg\" \/><\/p>\n<div class=\"Text-root Text-type_1 \">\n                Das Jahr 2024 k\u00f6nnte zu dem Jahr werden, in dem die liberalen Eliten des Westens die Kontrolle \u00fcber die Weltordnung verlieren. Angesichts bevorstehender Wahlen auf der ganzen Welt k\u00f6nnte sich politisch viel \u00e4ndern, und die Lage der herrschenden Minderheit sah noch nie so bedrohlich aus.\n            <\/div>\n<p><\/p>\n<div class=\"Text-root Text-type_5 ArticleView-text ViewText-root \">\n<p><em>Von Fjodor Lukjanow<\/em><\/p>\n<p>Das zu Ende gehende Jahr begann mit einer heftigen milit\u00e4rischen Konfrontation von globaler Bedeutung und endet mit zwei weiteren. Und es gibt keine Garantie daf\u00fcr, dass diese Konflikte nicht bis Ende 2024 andauern werden. Die Kette der Konflikte, scheinbar territorial, aber im Wesentlichen existenziell \u2013 zumindest in der Wahrnehmung der Beteiligten \u2013, k\u00f6nnte sich als ziemlich lang erweisen.<\/p>\n<p>Im 20. Jahrhundert \u2013 mit seinen Kriegen, Revolutionen, dem Kolonialismus und den nationalen Befreiungen \u2013 wurde die Welt auf bizarre und unlogische Weise zerschnitten. Die milit\u00e4risch-ideologische Konfrontation der zweiten H\u00e4lfte dieses Jahrhunderts wurde nach und nach in einen globalen Rahmen gefasst. Damit h\u00e4tten theoretisch alle Konflikte gel\u00f6st werden m\u00fcssen. Wurden sie aber nicht. Im Gegenteil: Sobald die Fundamente zu wackeln begannen, brachen die Konflikte mit neuer Kraft wieder aus.<\/p>\n<p>Die derzeitige Ausbreitung von Konflikten ist ein Symptom f\u00fcr die Schw\u00e4chung des modernen internationalen Machtgef\u00fcges. Dieses st\u00fctzte sich auf eine &#8220;liberalen Weltordnung&#8221; \u2013 in j\u00fcngerer Zeit auch &#8220;regelbasierte Ordnung&#8221; genannt. Die Grundlage daf\u00fcr war das Vertrauen einer Gruppe von L\u00e4ndern in ihre Rechtschaffenheit und die Wahrheit ihrer Ideologie, die sie durch den &#8220;Sieg&#8221; im Kalten Krieg gewonnen hatten. Die liberale Demokratie und die Marktwirtschaft besiegten das Sowjetregime und seine Planwirtschaft. Doch bald entpuppte sich die Demokratie als Macht der Mehrheit, unter Ber\u00fccksichtigung der Meinung der Minderheit, in ein liberales System, in dem den Minderheiten mehr moralische und politische Rechte einger\u00e4umt werden als der Mehrheit.<\/p>\n<p>Ein typisches Beispiel: In fast allen L\u00e4ndern der G7 sind die Umfragewerte der Regierungsparteien und -koalitionen mittlerweile extrem niedrig. Das hei\u00dft, die Regierungen der G7 vertreten die Interessen eines kleineren Teils ihrer Bev\u00f6lkerung. Alternative Kr\u00e4fte, die aktuelle Regierungen herausfordern, werden als populistisch bezeichnet. Dieser Begriff \u2013 der \u00fcbrigens vom Wort populus, das Volk, kommt \u2013, ist mittlerweile zu einem Schimpfwort geworden, w\u00e4hrend der Mainstream angewiesen wird, diejenigen zu bek\u00e4mpfen, die von diesem Bannstrahl getroffen werden. Die Idee dahinter ist, dass das Gef\u00fcge der heutigen Eliten nicht ver\u00e4ndert werden soll.<\/p>\n<p>Infolgedessen stellt das Establishment mittlerweile fast jede Abstimmung als einen Kampf um die Demokratie dar. Die Implikation ist, dass Demokratie der Sieg der Kr\u00e4fte ist, mit der die &#8220;richtige&#8221; Kontinuit\u00e4t aufrechterhalten wird. Dementsprechend werden diejenigen, die einen Kurswechsel wollen, zu Feinden der Demokratie erkl\u00e4rt, auch wenn sie eine Mehrheit auf ihrer Seite haben.<\/p>\n<p>Zur Abgrenzung zwischen den Prozessen in einzelnen L\u00e4ndern und auf globaler Ebene passt der Begriff der &#8220;Weltmehrheit&#8221; \u2013 das hei\u00dft, die L\u00e4nder au\u00dferhalb der westlichen Gemeinschaft \u2013, der im Laufe des zu Ende gehenden Jahres Eingang in das politische Lexikon Russlands gefunden hat. Der Westen spielt dabei die Rolle des globalen Establishments. Es gibt keine einzige &#8220;populistische&#8221; Kraft, die sich dagegenstellt. Aber es gibt einen gro\u00dfen Raum \u2013 die &#8220;Weltmehrheit&#8221; \u2013, der glaubt, dass die Minderheit \u2013 der Westen \u2013 ihre Macht missbraucht. Es entsteht keine starre Opposition, sondern ein zunehmender Widerstand, der die Wirksamkeit der Politik der USA und ihrer Verb\u00fcndeten eingrenzt. Innerhalb der westlichen Gemeinschaft selbst sehen wir eine zunehmende Forderung von &#8220;Populisten&#8221;, sich weniger in das Weltgeschehen einzumischen, weil die Kosten daf\u00fcr den Nutzen \u00fcberwiegen. Dies hat keine direkte und unmittelbare Wirkung, sondern eine nachhaltige, indirekte Wirkung. Aber da die Geschichte immer schneller voranschreitet, ver\u00e4ndert sich auch die Bedeutung von &#8220;dauerhaft&#8221;.<\/p>\n<p>Das Jahr 2022 war ein Wendepunkt, denn zum ersten Mal wurde die herrschende Minderheit direkt herausgefordert. Nat\u00fcrlich durch die Mehrheit, denn Russland befand sich in einer Art &#8220;weder hier noch dort&#8221;-Position. Aber in diesem Jahr wurde ein Pr\u00e4zedenzfall geschaffen. Dieses Jahr war eine Zeit der Erkenntnis, dass sich die bisherigen Einschr\u00e4nkungen, also die &#8220;Regeln&#8221;, auf denen die bisherige Ordnung basierte, aufl\u00f6sen und sich der Raum der M\u00f6glichkeiten f\u00fcr alle erweitert.\u00a0<\/p>\n<p>Das Jahr 2024 wird &#8220;das Jahr der gro\u00dfen Entscheidungen&#8221; sein. Im wahrsten Sinne des Wortes wird die Mehrheit der Welt zur Wahl gehen. Man z\u00e4hle einfach die Bev\u00f6lkerungen Indiens, der USA, Pakistans, Bangladeschs, S\u00fcdafrikas, Indonesiens, Russlands, \u00c4gyptens und der Europ\u00e4ischen Union zusammen. In den f\u00fchrenden L\u00e4ndern des Westens wird ein ernsthafter Kampf zwischen den Populisten und dem Establishment ausgetragen, wobei der Hauptschauplatz nat\u00fcrlich die USA selbst sein werden.<\/p>\n<p>Im kommenden Jahr k\u00f6nnte die Weltmehrheit eine gemeinsame Basis finden und der weiteren Transformation des globalen Raums einen starken Impuls verleihen.<\/p>\n<p><em>Aus dem <a rel=\"nofollow noopener\" target=\"_blank\" href=\"https:\/\/swentr.site\/news\/589841-wests-liberal-elites-lose-control\/\">Englischen<\/a>.<\/em><\/p>\n<p><em><strong>Fjodor Lukjanow<\/strong> ist Chefredakteur der Zeitschrift Russia in Global Affairs, Vorsitzender des Pr\u00e4sidiums des Rates f\u00fcr Au\u00dfen- und Verteidigungspolitik und Forschungsdirektor am Internationalen Diskussionsklub Waldai.<\/em><\/p>\n<p><strong>Mehr zum Thema<\/strong> \u2013 <a rel=\"nofollow noopener\" target=\"_blank\" href=\"https:\/\/freeassange.rtde.life\/meinung\/190751-in-fuehrung-und-eliten-ukraine\/\">In der F\u00fchrung und den Eliten der Ukraine beginnt die Phase des internen Machtkampfs <\/a><\/p>\n<div class=\"EmbedBlock-root EmbedBlock-externalVideo EmbedBlock-odysee\">\n<div class=\"VkEmbed\"><iframe class=\"lazyload\" data-src=\"https:\/\/odysee.com\/%24\/embed\/%40RTDE%3Ae%2FWaffenstillstand-Ministerpr%C3%A4sident-Kretschmer-legt-Ukraine-Verzicht-auf-Gebiete-nah%3A6\" frameborder=\"0\" width=\"853\" height=\"480\" allowfullscreen><\/iframe><\/div>\n<\/div>\n<\/div>\n<p><br \/>\n<br \/><a href=\"https:\/\/de.rt.com\/meinung\/191284-es-ist-zeit-dass-weltmehrheit\/\">Source link <\/a><\/p>\n","protected":false},"excerpt":{"rendered":"<p>Das Jahr 2024 k\u00f6nnte zu dem Jahr werden, in dem die liberalen Eliten des Westens die Kontrolle \u00fcber die Weltordnung verlieren. Angesichts bevorstehender Wahlen auf der ganzen Welt k\u00f6nnte sich politisch viel \u00e4ndern, und die Lage der herrschenden Minderheit sah noch nie so bedrohlich aus. Von Fjodor Lukjanow Das zu Ende gehende Jahr begann mit [&hellip;]<\/p>\n","protected":false},"author":3,"featured_media":52522,"comment_status":"open","ping_status":"open","sticky":false,"template":"","format":"standard","meta":{"_yoast_indexnow_last_ping":["1704053259"],"wp_automatic_camp":["217"],"3a08fa21edbd22844f56ab37d6d67f03":["Es ist Zeit, dass die Weltmehrheit im kommenden Jahr eine gemeinsame Basis findet"],"original_link":["https:\/\/de.rt.com\/meinung\/191284-es-ist-zeit-dass-weltmehrheit\/"],"_thumbnail_id":["52522"],"jnews_social_counter_last_update":["1777792423"],"_wptgpro_p2tg_sent2tg":["a:1:{i:23737;s:19:\"2023-12-31 22:10:33\";}"]},"categories":[19,23],"tags":[8209,42,45,275,431,21722,414,1615,798,52088,2732],"yoast_head":"<!-- This site is optimized with the Yoast SEO Premium plugin v22.7 (Yoast SEO v22.7) - https:\/\/yoast.com\/wordpress\/plugins\/seo\/ -->\n<title>Es ist Zeit, dass die Weltmehrheit im kommenden Jahr eine gemeinsame Basis findet - just-now.NEWS Deutschland<\/title>\n<meta name=\"robots\" content=\"index, follow, max-snippet:-1, max-image-preview:large, max-video-preview:-1\" \/>\n<link rel=\"canonical\" href=\"https:\/\/now-news.de\/de\/deutschland\/es-ist-zeit-dass-die-weltmehrheit-im-kommenden-jahr-eine-gemeinsame-basis-findet\/\" \/>\n<meta property=\"og:locale\" content=\"de_DE\" \/>\n<meta property=\"og:type\" content=\"article\" \/>\n<meta property=\"og:title\" content=\"Es ist Zeit, dass die Weltmehrheit im kommenden Jahr eine gemeinsame Basis findet\" \/>\n<meta property=\"og:description\" content=\"Das Jahr 2024 k\u00f6nnte zu dem Jahr werden, in dem die liberalen Eliten des Westens die Kontrolle \u00fcber die Weltordnung verlieren. Angesichts bevorstehender Wahlen auf der ganzen Welt k\u00f6nnte sich politisch viel \u00e4ndern, und die Lage der herrschenden Minderheit sah noch nie so bedrohlich aus. Von Fjodor Lukjanow Das zu Ende gehende Jahr begann mit [&hellip;]\" \/>\n<meta property=\"og:url\" content=\"https:\/\/now-news.de\/de\/deutschland\/es-ist-zeit-dass-die-weltmehrheit-im-kommenden-jahr-eine-gemeinsame-basis-findet\/\" \/>\n<meta property=\"og:site_name\" content=\"just-now.NEWS Deutschland\" \/>\n<meta property=\"article:publisher\" content=\"https:\/\/www.facebook.com\/wirmachenauf\" \/>\n<meta property=\"article:published_time\" content=\"2023-12-31T19:55:20+00:00\" \/>\n<meta property=\"og:image\" content=\"https:\/\/now-news.de\/de\/wp-content\/uploads\/sites\/3\/2023\/12\/Es-ist-Zeit-dass-die-Weltmehrheit-im-kommenden-Jahr-eine.jpg\" \/>\n\t<meta property=\"og:image:width\" content=\"460\" \/>\n\t<meta property=\"og:image:height\" content=\"259\" \/>\n\t<meta property=\"og:image:type\" content=\"image\/jpeg\" \/>\n<meta name=\"author\" content=\"rtnews\" \/>\n<meta name=\"twitter:card\" content=\"summary_large_image\" \/>\n<meta name=\"twitter:creator\" content=\"@WirMachenAuf_de\" \/>\n<meta name=\"twitter:site\" content=\"@WirMachenAuf_de\" \/>\n<meta name=\"twitter:label1\" content=\"Verfasst von\" \/>\n\t<meta name=\"twitter:data1\" content=\"rtnews\" \/>\n\t<meta name=\"twitter:label2\" content=\"Gesch\u00e4tzte Lesezeit\" \/>\n\t<meta name=\"twitter:data2\" content=\"4\u00a0Minuten\" \/>\n<script type=\"application\/ld+json\" class=\"yoast-schema-graph\">{\"@context\":\"https:\/\/schema.org\",\"@graph\":[{\"@type\":\"Article\",\"@id\":\"https:\/\/now-news.de\/de\/deutschland\/es-ist-zeit-dass-die-weltmehrheit-im-kommenden-jahr-eine-gemeinsame-basis-findet\/#article\",\"isPartOf\":{\"@id\":\"https:\/\/now-news.de\/de\/deutschland\/es-ist-zeit-dass-die-weltmehrheit-im-kommenden-jahr-eine-gemeinsame-basis-findet\/\"},\"author\":{\"name\":\"rtnews\",\"@id\":\"https:\/\/now-news.de\/de\/#\/schema\/person\/fb534a4e865501d8b3285208df34a9b5\"},\"headline\":\"Es ist Zeit, dass die Weltmehrheit im kommenden Jahr eine gemeinsame Basis findet\",\"datePublished\":\"2023-12-31T19:55:20+00:00\",\"dateModified\":\"2023-12-31T19:55:20+00:00\",\"mainEntityOfPage\":{\"@id\":\"https:\/\/now-news.de\/de\/deutschland\/es-ist-zeit-dass-die-weltmehrheit-im-kommenden-jahr-eine-gemeinsame-basis-findet\/\"},\"wordCount\":835,\"commentCount\":0,\"publisher\":{\"@id\":\"https:\/\/now-news.de\/de\/#organization\"},\"image\":{\"@id\":\"https:\/\/now-news.de\/de\/deutschland\/es-ist-zeit-dass-die-weltmehrheit-im-kommenden-jahr-eine-gemeinsame-basis-findet\/#primaryimage\"},\"thumbnailUrl\":\"https:\/\/now-news.de\/de\/wp-content\/uploads\/sites\/3\/2023\/12\/Es-ist-Zeit-dass-die-Weltmehrheit-im-kommenden-Jahr-eine.jpg\",\"keywords\":[\"Basis\",\"dass\",\"die\",\"eine\",\"findet\",\"gemeinsame\",\"ist\",\"Jahr\",\"kommenden\",\"Weltmehrheit\",\"Zeit\"],\"articleSection\":[\"Deutschland\",\"Russland\"],\"inLanguage\":\"de\",\"potentialAction\":[{\"@type\":\"CommentAction\",\"name\":\"Comment\",\"target\":[\"https:\/\/now-news.de\/de\/deutschland\/es-ist-zeit-dass-die-weltmehrheit-im-kommenden-jahr-eine-gemeinsame-basis-findet\/#respond\"]}]},{\"@type\":\"WebPage\",\"@id\":\"https:\/\/now-news.de\/de\/deutschland\/es-ist-zeit-dass-die-weltmehrheit-im-kommenden-jahr-eine-gemeinsame-basis-findet\/\",\"url\":\"https:\/\/now-news.de\/de\/deutschland\/es-ist-zeit-dass-die-weltmehrheit-im-kommenden-jahr-eine-gemeinsame-basis-findet\/\",\"name\":\"Es ist Zeit, dass die Weltmehrheit im kommenden Jahr eine gemeinsame Basis findet - just-now.NEWS Deutschland\",\"isPartOf\":{\"@id\":\"https:\/\/now-news.de\/de\/#website\"},\"primaryImageOfPage\":{\"@id\":\"https:\/\/now-news.de\/de\/deutschland\/es-ist-zeit-dass-die-weltmehrheit-im-kommenden-jahr-eine-gemeinsame-basis-findet\/#primaryimage\"},\"image\":{\"@id\":\"https:\/\/now-news.de\/de\/deutschland\/es-ist-zeit-dass-die-weltmehrheit-im-kommenden-jahr-eine-gemeinsame-basis-findet\/#primaryimage\"},\"thumbnailUrl\":\"https:\/\/now-news.de\/de\/wp-content\/uploads\/sites\/3\/2023\/12\/Es-ist-Zeit-dass-die-Weltmehrheit-im-kommenden-Jahr-eine.jpg\",\"datePublished\":\"2023-12-31T19:55:20+00:00\",\"dateModified\":\"2023-12-31T19:55:20+00:00\",\"breadcrumb\":{\"@id\":\"https:\/\/now-news.de\/de\/deutschland\/es-ist-zeit-dass-die-weltmehrheit-im-kommenden-jahr-eine-gemeinsame-basis-findet\/#breadcrumb\"},\"inLanguage\":\"de\",\"potentialAction\":[{\"@type\":\"ReadAction\",\"target\":[\"https:\/\/now-news.de\/de\/deutschland\/es-ist-zeit-dass-die-weltmehrheit-im-kommenden-jahr-eine-gemeinsame-basis-findet\/\"]}]},{\"@type\":\"ImageObject\",\"inLanguage\":\"de\",\"@id\":\"https:\/\/now-news.de\/de\/deutschland\/es-ist-zeit-dass-die-weltmehrheit-im-kommenden-jahr-eine-gemeinsame-basis-findet\/#primaryimage\",\"url\":\"https:\/\/now-news.de\/de\/wp-content\/uploads\/sites\/3\/2023\/12\/Es-ist-Zeit-dass-die-Weltmehrheit-im-kommenden-Jahr-eine.jpg\",\"contentUrl\":\"https:\/\/now-news.de\/de\/wp-content\/uploads\/sites\/3\/2023\/12\/Es-ist-Zeit-dass-die-Weltmehrheit-im-kommenden-Jahr-eine.jpg\",\"width\":460,\"height\":259,\"caption\":\"Es ist Zeit, dass die Weltmehrheit im kommenden Jahr eine gemeinsame Basis findet\"},{\"@type\":\"BreadcrumbList\",\"@id\":\"https:\/\/now-news.de\/de\/deutschland\/es-ist-zeit-dass-die-weltmehrheit-im-kommenden-jahr-eine-gemeinsame-basis-findet\/#breadcrumb\",\"itemListElement\":[{\"@type\":\"ListItem\",\"position\":1,\"name\":\"Home\",\"item\":\"https:\/\/now-news.de\/de\/\"},{\"@type\":\"ListItem\",\"position\":2,\"name\":\"Es ist Zeit, dass die Weltmehrheit im kommenden Jahr eine gemeinsame Basis findet\"}]},{\"@type\":\"WebSite\",\"@id\":\"https:\/\/now-news.de\/de\/#website\",\"url\":\"https:\/\/now-news.de\/de\/\",\"name\":\"just-now.NEWS Deutschland\",\"description\":\"Das Portal f\u00fcr unzensierte Nachrichten aus der Welt\",\"publisher\":{\"@id\":\"https:\/\/now-news.de\/de\/#organization\"},\"potentialAction\":[{\"@type\":\"SearchAction\",\"target\":{\"@type\":\"EntryPoint\",\"urlTemplate\":\"https:\/\/now-news.de\/de\/?s={search_term_string}\"},\"query-input\":\"required name=search_term_string\"}],\"inLanguage\":\"de\"},{\"@type\":\"Organization\",\"@id\":\"https:\/\/now-news.de\/de\/#organization\",\"name\":\"Just Now News\",\"url\":\"https:\/\/now-news.de\/de\/\",\"logo\":{\"@type\":\"ImageObject\",\"inLanguage\":\"de\",\"@id\":\"https:\/\/now-news.de\/de\/#\/schema\/logo\/image\/\",\"url\":\"http:\/\/just-now.news\/de\/wp-content\/uploads\/sites\/3\/2022\/04\/logo500x500.jpg\",\"contentUrl\":\"http:\/\/just-now.news\/de\/wp-content\/uploads\/sites\/3\/2022\/04\/logo500x500.jpg\",\"width\":500,\"height\":500,\"caption\":\"Just Now News\"},\"image\":{\"@id\":\"https:\/\/now-news.de\/de\/#\/schema\/logo\/image\/\"},\"sameAs\":[\"https:\/\/www.facebook.com\/wirmachenauf\",\"https:\/\/x.com\/WirMachenAuf_de\"]},{\"@type\":\"Person\",\"@id\":\"https:\/\/now-news.de\/de\/#\/schema\/person\/fb534a4e865501d8b3285208df34a9b5\",\"name\":\"rtnews\",\"image\":{\"@type\":\"ImageObject\",\"inLanguage\":\"de\",\"@id\":\"https:\/\/now-news.de\/de\/#\/schema\/person\/image\/\",\"url\":\"https:\/\/secure.gravatar.com\/avatar\/82aafea7d8127119dd649515f56e2117?s=96&d=mm&r=g\",\"contentUrl\":\"https:\/\/secure.gravatar.com\/avatar\/82aafea7d8127119dd649515f56e2117?s=96&d=mm&r=g\",\"caption\":\"rtnews\"},\"url\":\"https:\/\/now-news.de\/de\/author\/rnews\/\"}]}<\/script>\n<!-- \/ Yoast SEO Premium plugin. -->","yoast_head_json":{"title":"Es ist Zeit, dass die Weltmehrheit im kommenden Jahr eine gemeinsame Basis findet - just-now.NEWS Deutschland","robots":{"index":"index","follow":"follow","max-snippet":"max-snippet:-1","max-image-preview":"max-image-preview:large","max-video-preview":"max-video-preview:-1"},"canonical":"https:\/\/now-news.de\/de\/deutschland\/es-ist-zeit-dass-die-weltmehrheit-im-kommenden-jahr-eine-gemeinsame-basis-findet\/","og_locale":"de_DE","og_type":"article","og_title":"Es ist Zeit, dass die Weltmehrheit im kommenden Jahr eine gemeinsame Basis findet","og_description":"Das Jahr 2024 k\u00f6nnte zu dem Jahr werden, in dem die liberalen Eliten des Westens die Kontrolle \u00fcber die Weltordnung verlieren. Angesichts bevorstehender Wahlen auf der ganzen Welt k\u00f6nnte sich politisch viel \u00e4ndern, und die Lage der herrschenden Minderheit sah noch nie so bedrohlich aus. Von Fjodor Lukjanow Das zu Ende gehende Jahr begann mit [&hellip;]","og_url":"https:\/\/now-news.de\/de\/deutschland\/es-ist-zeit-dass-die-weltmehrheit-im-kommenden-jahr-eine-gemeinsame-basis-findet\/","og_site_name":"just-now.NEWS Deutschland","article_publisher":"https:\/\/www.facebook.com\/wirmachenauf","article_published_time":"2023-12-31T19:55:20+00:00","og_image":[{"width":460,"height":259,"url":"https:\/\/now-news.de\/de\/wp-content\/uploads\/sites\/3\/2023\/12\/Es-ist-Zeit-dass-die-Weltmehrheit-im-kommenden-Jahr-eine.jpg","type":"image\/jpeg"}],"author":"rtnews","twitter_card":"summary_large_image","twitter_creator":"@WirMachenAuf_de","twitter_site":"@WirMachenAuf_de","twitter_misc":{"Verfasst von":"rtnews","Gesch\u00e4tzte Lesezeit":"4\u00a0Minuten"},"schema":{"@context":"https:\/\/schema.org","@graph":[{"@type":"Article","@id":"https:\/\/now-news.de\/de\/deutschland\/es-ist-zeit-dass-die-weltmehrheit-im-kommenden-jahr-eine-gemeinsame-basis-findet\/#article","isPartOf":{"@id":"https:\/\/now-news.de\/de\/deutschland\/es-ist-zeit-dass-die-weltmehrheit-im-kommenden-jahr-eine-gemeinsame-basis-findet\/"},"author":{"name":"rtnews","@id":"https:\/\/now-news.de\/de\/#\/schema\/person\/fb534a4e865501d8b3285208df34a9b5"},"headline":"Es ist Zeit, dass die Weltmehrheit im kommenden Jahr eine gemeinsame Basis findet","datePublished":"2023-12-31T19:55:20+00:00","dateModified":"2023-12-31T19:55:20+00:00","mainEntityOfPage":{"@id":"https:\/\/now-news.de\/de\/deutschland\/es-ist-zeit-dass-die-weltmehrheit-im-kommenden-jahr-eine-gemeinsame-basis-findet\/"},"wordCount":835,"commentCount":0,"publisher":{"@id":"https:\/\/now-news.de\/de\/#organization"},"image":{"@id":"https:\/\/now-news.de\/de\/deutschland\/es-ist-zeit-dass-die-weltmehrheit-im-kommenden-jahr-eine-gemeinsame-basis-findet\/#primaryimage"},"thumbnailUrl":"https:\/\/now-news.de\/de\/wp-content\/uploads\/sites\/3\/2023\/12\/Es-ist-Zeit-dass-die-Weltmehrheit-im-kommenden-Jahr-eine.jpg","keywords":["Basis","dass","die","eine","findet","gemeinsame","ist","Jahr","kommenden","Weltmehrheit","Zeit"],"articleSection":["Deutschland","Russland"],"inLanguage":"de","potentialAction":[{"@type":"CommentAction","name":"Comment","target":["https:\/\/now-news.de\/de\/deutschland\/es-ist-zeit-dass-die-weltmehrheit-im-kommenden-jahr-eine-gemeinsame-basis-findet\/#respond"]}]},{"@type":"WebPage","@id":"https:\/\/now-news.de\/de\/deutschland\/es-ist-zeit-dass-die-weltmehrheit-im-kommenden-jahr-eine-gemeinsame-basis-findet\/","url":"https:\/\/now-news.de\/de\/deutschland\/es-ist-zeit-dass-die-weltmehrheit-im-kommenden-jahr-eine-gemeinsame-basis-findet\/","name":"Es ist Zeit, dass die Weltmehrheit im kommenden Jahr eine gemeinsame Basis findet - just-now.NEWS Deutschland","isPartOf":{"@id":"https:\/\/now-news.de\/de\/#website"},"primaryImageOfPage":{"@id":"https:\/\/now-news.de\/de\/deutschland\/es-ist-zeit-dass-die-weltmehrheit-im-kommenden-jahr-eine-gemeinsame-basis-findet\/#primaryimage"},"image":{"@id":"https:\/\/now-news.de\/de\/deutschland\/es-ist-zeit-dass-die-weltmehrheit-im-kommenden-jahr-eine-gemeinsame-basis-findet\/#primaryimage"},"thumbnailUrl":"https:\/\/now-news.de\/de\/wp-content\/uploads\/sites\/3\/2023\/12\/Es-ist-Zeit-dass-die-Weltmehrheit-im-kommenden-Jahr-eine.jpg","datePublished":"2023-12-31T19:55:20+00:00","dateModified":"2023-12-31T19:55:20+00:00","breadcrumb":{"@id":"https:\/\/now-news.de\/de\/deutschland\/es-ist-zeit-dass-die-weltmehrheit-im-kommenden-jahr-eine-gemeinsame-basis-findet\/#breadcrumb"},"inLanguage":"de","potentialAction":[{"@type":"ReadAction","target":["https:\/\/now-news.de\/de\/deutschland\/es-ist-zeit-dass-die-weltmehrheit-im-kommenden-jahr-eine-gemeinsame-basis-findet\/"]}]},{"@type":"ImageObject","inLanguage":"de","@id":"https:\/\/now-news.de\/de\/deutschland\/es-ist-zeit-dass-die-weltmehrheit-im-kommenden-jahr-eine-gemeinsame-basis-findet\/#primaryimage","url":"https:\/\/now-news.de\/de\/wp-content\/uploads\/sites\/3\/2023\/12\/Es-ist-Zeit-dass-die-Weltmehrheit-im-kommenden-Jahr-eine.jpg","contentUrl":"https:\/\/now-news.de\/de\/wp-content\/uploads\/sites\/3\/2023\/12\/Es-ist-Zeit-dass-die-Weltmehrheit-im-kommenden-Jahr-eine.jpg","width":460,"height":259,"caption":"Es ist Zeit, dass die Weltmehrheit im kommenden Jahr eine gemeinsame Basis findet"},{"@type":"BreadcrumbList","@id":"https:\/\/now-news.de\/de\/deutschland\/es-ist-zeit-dass-die-weltmehrheit-im-kommenden-jahr-eine-gemeinsame-basis-findet\/#breadcrumb","itemListElement":[{"@type":"ListItem","position":1,"name":"Home","item":"https:\/\/now-news.de\/de\/"},{"@type":"ListItem","position":2,"name":"Es ist Zeit, dass die Weltmehrheit im kommenden Jahr eine gemeinsame Basis findet"}]},{"@type":"WebSite","@id":"https:\/\/now-news.de\/de\/#website","url":"https:\/\/now-news.de\/de\/","name":"just-now.NEWS Deutschland","description":"Das Portal f\u00fcr unzensierte Nachrichten aus der Welt","publisher":{"@id":"https:\/\/now-news.de\/de\/#organization"},"potentialAction":[{"@type":"SearchAction","target":{"@type":"EntryPoint","urlTemplate":"https:\/\/now-news.de\/de\/?s={search_term_string}"},"query-input":"required name=search_term_string"}],"inLanguage":"de"},{"@type":"Organization","@id":"https:\/\/now-news.de\/de\/#organization","name":"Just Now News","url":"https:\/\/now-news.de\/de\/","logo":{"@type":"ImageObject","inLanguage":"de","@id":"https:\/\/now-news.de\/de\/#\/schema\/logo\/image\/","url":"http:\/\/just-now.news\/de\/wp-content\/uploads\/sites\/3\/2022\/04\/logo500x500.jpg","contentUrl":"http:\/\/just-now.news\/de\/wp-content\/uploads\/sites\/3\/2022\/04\/logo500x500.jpg","width":500,"height":500,"caption":"Just Now News"},"image":{"@id":"https:\/\/now-news.de\/de\/#\/schema\/logo\/image\/"},"sameAs":["https:\/\/www.facebook.com\/wirmachenauf","https:\/\/x.com\/WirMachenAuf_de"]},{"@type":"Person","@id":"https:\/\/now-news.de\/de\/#\/schema\/person\/fb534a4e865501d8b3285208df34a9b5","name":"rtnews","image":{"@type":"ImageObject","inLanguage":"de","@id":"https:\/\/now-news.de\/de\/#\/schema\/person\/image\/","url":"https:\/\/secure.gravatar.com\/avatar\/82aafea7d8127119dd649515f56e2117?s=96&d=mm&r=g","contentUrl":"https:\/\/secure.gravatar.com\/avatar\/82aafea7d8127119dd649515f56e2117?s=96&d=mm&r=g","caption":"rtnews"},"url":"https:\/\/now-news.de\/de\/author\/rnews\/"}]}},"_links":{"self":[{"href":"https:\/\/now-news.de\/de\/wp-json\/wp\/v2\/posts\/52521"}],"collection":[{"href":"https:\/\/now-news.de\/de\/wp-json\/wp\/v2\/posts"}],"about":[{"href":"https:\/\/now-news.de\/de\/wp-json\/wp\/v2\/types\/post"}],"author":[{"embeddable":true,"href":"https:\/\/now-news.de\/de\/wp-json\/wp\/v2\/users\/3"}],"replies":[{"embeddable":true,"href":"https:\/\/now-news.de\/de\/wp-json\/wp\/v2\/comments?post=52521"}],"version-history":[{"count":0,"href":"https:\/\/now-news.de\/de\/wp-json\/wp\/v2\/posts\/52521\/revisions"}],"wp:featuredmedia":[{"embeddable":true,"href":"https:\/\/now-news.de\/de\/wp-json\/wp\/v2\/media\/52522"}],"wp:attachment":[{"href":"https:\/\/now-news.de\/de\/wp-json\/wp\/v2\/media?parent=52521"}],"wp:term":[{"taxonomy":"category","embeddable":true,"href":"https:\/\/now-news.de\/de\/wp-json\/wp\/v2\/categories?post=52521"},{"taxonomy":"post_tag","embeddable":true,"href":"https:\/\/now-news.de\/de\/wp-json\/wp\/v2\/tags?post=52521"}],"curies":[{"name":"wp","href":"https:\/\/api.w.org\/{rel}","templated":true}]}}