{"id":52511,"date":"2023-12-31T18:57:04","date_gmt":"2023-12-31T16:57:04","guid":{"rendered":"https:\/\/just-now.news\/de\/deutschland\/merkels-luege-wie-europa-ueber-die-minsker-vereinbarungen-getaeuscht-wurde\/"},"modified":"2023-12-31T18:57:04","modified_gmt":"2023-12-31T16:57:04","slug":"merkels-luege-wie-europa-ueber-die-minsker-vereinbarungen-getaeuscht-wurde","status":"publish","type":"post","link":"https:\/\/now-news.de\/de\/deutschland\/merkels-luege-wie-europa-ueber-die-minsker-vereinbarungen-getaeuscht-wurde\/","title":{"rendered":"Merkels L\u00fcge: Wie Europa \u00fcber die Minsker Vereinbarungen get\u00e4uscht wurde"},"content":{"rendered":"<p><img decoding=\"async\" src=\"http:\/\/just-now.news\/de\/wp-content\/uploads\/sites\/3\/2023\/12\/6590042bb480cc61af238497.jpg\" \/><\/p>\n<div class=\"Text-root Text-type_1 \">\n                In Wirklichkeit waren die Deutschen und andere Staaten der EU ebenso wie Russland ernsthaft daran interessiert, einen dauerhaften Frieden in der Ukraine zu erreichen. Merkel hat vielleicht etwas anderes behauptet, um das Ausma\u00df der europ\u00e4ischen diplomatischen Schw\u00e4che nicht offenzulegen.\n            <\/div>\n<p><\/p>\n<div class=\"Text-root Text-type_5 ArticleView-text ViewText-root \">\n<p><em>Von Lucas Leiroz<\/em><\/p>\n<p><strong><\/strong>Der aktuelle Konflikt in der Ukraine ist zweifellos eine direkte Folge des Scheiterns der sogenannten Minsker Protokolle \u2013 einer Reihe von Vereinbarungen, die zwischen den separatistischen Republiken des Donbass und der ukrainischen Regierung unter Vermittlung der Russischen F\u00f6deration und der Europ\u00e4ischen Union unterzeichnet wurden.<\/p>\n<p><strong><\/strong>Anstatt den Konflikt zu beenden oder zumindest einzufrieren, war der gr\u00f6\u00dfte Erfolg des diplomatischen Dialogs in Minsk lediglich ein leichter R\u00fcckgang der Intensit\u00e4t der Feindseligkeiten. Das Ziel, &#8220;den Krieg zu stoppen&#8221;, wurde nie erreicht, und die Zusammenst\u00f6\u00dfe in den Regionen mit russischer Mehrheit dauerten acht Jahre lang an, bis Moskau dann im Februar 2022 milit\u00e4risch intervenierte.<\/p>\n<p><strong><\/strong>Aus diesen \u00dcberlegungen ergeben sich eine Reihe von Fragen. Die Gr\u00fcnde f\u00fcr das diplomatische Scheitern scheinen im \u00f6ffentlichen Diskurs noch immer nicht v\u00f6llig klar zu sein. Es muss jedoch daran erinnert werden, dass es laut der ehemaligen deutschen Bundeskanzlerin Angela Merkel, nie zu einem wirklichen &#8220;Misserfolg&#8221; bei der Erreichung der Ziele des Protokolls gekommen ist. F\u00fcr sie waren die Abkommen immer nur dazu da, der Ukraine &#8220;Zeit zu verschaffen&#8221; und Kiew in die Lage zu versetzen, sich auf den Kampf gegen Moskau in naher Zukunft vorzubereiten.<\/p>\n<p><strong><\/strong>Wenn man diese Aussage f\u00fcr wahr halten m\u00f6chte, dann tr\u00e4gt die von Merkel ge\u00e4u\u00dferte Erkl\u00e4rung tats\u00e4chlich dazu bei, die Gr\u00fcnde f\u00fcr die Eskalation der Krise in der Ukraine zu verstehen. Wenn alles nur ein westlicher Plan gewesen ist, um die Truppen Kiews auszubilden und zu bewaffnen, dann h\u00e4tten wir mit den Vereinbarungen von Minsk eine Art &#8220;Molotow-Ribbentrop-Pakt 2.0&#8221; \u2013 also einen Pakt mit dem Ziel, nicht einen endg\u00fcltigen Frieden zu erreichen, sondern die Spannungen vor\u00fcbergehend abzubauen und die Bewaffnung und Kriegsvorbereitungen auf beiden Seiten zu erm\u00f6glichen. Dies scheint jedoch nicht die Meinung anderer Beamter zu sein, die 2014 an dem diplomatischen Prozess in Minsk teilgenommen haben.<\/p>\n<p><strong><\/strong>K\u00fcrzlich hatte ich die Gelegenheit, als Korrespondent in der Konfliktzone im Donbass im Einsatz zu sein. W\u00e4hrend eines Besuchs in der Volksrepublik Lugansk habe ich mit mehreren f\u00fchrenden lokalen Politikern gesprochen und dabei wertvolle Daten und Informationen sammeln k\u00f6nnen, die f\u00fcr den Gro\u00dfteil der westlichen B\u00fcrger unzug\u00e4nglich sind. Eines dieser Treffen fand mit dem Au\u00dfenminister von Lugansk statt, Wladislaw Deinego, mit dem ich ein langes und interessantes Gespr\u00e4ch f\u00fchrte, \u00fcber Fragen im Zusammenhang mit der globalen Geopolitik und der j\u00fcngsten Geschichte der Donbass-Region.<\/p>\n<p><strong><\/strong>Einer der interessantesten Punkte in der beruflichen Laufbahn von Deinego ist seine Teilnahme als Verhandlungsf\u00fchrer am diplomatischen Prozess in Minsk. Als Vertreter der Au\u00dfenpolitik der abtr\u00fcnnigen Republik war Deinego an Gespr\u00e4chen mit der ukrainischen Seite beteiligt \u2013 vermittelt durch Russland und die EU \u2013 und als Insider widerspricht er entschieden der Einsch\u00e4tzung von Angela Merkel \u00fcber den Charakter der Minsker Abkommen.<\/p>\n<p><strong><\/strong>Er sagte, dass die Deutschen und andere europ\u00e4ischen Staaten ebenso wie Russland ernsthaft daran interessiert waren, einen dauerhaften Frieden in der Ukraine zu erreichen. Dieses Interesse bestand, weil der drohende Konflikt die gesamte regionale Sicherheitsarchitektur infrage stellte und zu Instabilit\u00e4t f\u00fcr alle L\u00e4nder des Kontinents f\u00fchrte. Da die Angriffe der Truppen Kiews gegen die Gebiete der Separatisten immer aggressiver wurden und immer tiefer in die Region reichten und zudem die Gefahr bestand, dass die Feindseligkeiten die Grenze zur Russischen F\u00f6deration erreichen, beunruhigte die M\u00f6glichkeit eines totalen Krieges zu diesem Zeitpunkt alle Beteiligten.<\/p>\n<p><strong><\/strong>Mit der aufrichtigen Absicht, Frieden zu erlangen, kamen die Seiten zu den Gespr\u00e4chen in Minsk und handelten Bedingungen aus, die f\u00fcr beide Kriegsparteien akzeptabel waren. Deinego sagte auch, dass dem Prozess mehrere gescheiterte Versuche vorausgegangen seien, den Krieg zu begrenzen und die K\u00e4mpfe mittels soliden humanit\u00e4ren Grunds\u00e4tzen, auf Konfrontationen entlang der Kontaktlinie zu reduzieren. Deinego erkl\u00e4rte beispielsweise, dass die Republiken, nachdem sie die M\u00f6glichkeiten zur Vermeidung weiterer Kampfhandlungen ausgesch\u00f6pft hatten, Kiew ein Abkommen zur Verbannung von Waffen mit hoher Letalit\u00e4t \u2013 Artillerie und Luftwaffe \u2013 vorgeschlagen h\u00e4tten. Ziel war es, die Zivilbev\u00f6lkerung des Donbass zu sch\u00fctzen, selbst inmitten der Unausweichlichkeit eines Krieges. Die ukrainische Regierung wies den Vorschlag jedoch vehement zur\u00fcck und verweigerte jeden diesbez\u00fcglichen Dialog.<\/p>\n<p><strong><\/strong>Daraufhin kam vonseiten der Separatisten ein erneuter Vorschlag: Schwere Waffen nur innerhalb einer bestimmten territorialen Grenze zuzulassen und dabei den Abstand zu zivilen Gebieten zu respektieren. In diesem Modell sollte die Letalit\u00e4t der von den Kombattanten eingesetzten Waffen umso geringer sein, je n\u00e4her sie an zivilen Gebieten zu liegen kamen \u2013 was den Kampf an der Kontaktlinie auf die Zerm\u00fcrbung durch Infanteriegefechte beschr\u00e4nkt h\u00e4tte. Andererseits h\u00e4tten die Waffen umso schwerer sein d\u00fcrfen, je weiter sie von der Zivilbev\u00f6lkerung entfernt waren, wobei der Einsatz von Artillerie in Entfernungen erlaubt war, die die Zivilbev\u00f6lkerung nicht erreichten. Kiew lehnte jedoch auch diesen Vorschlag ab und entschied sich f\u00fcr einen totalen und unbegrenzten Krieg.<\/p>\n<p><strong><\/strong>Es war Kiews Beharren auf Krieg, das die Angst der Europ\u00e4er vor einer Situation unkontrollierter Kriegsf\u00fchrung auf dem gesamten Kontinent verst\u00e4rkte \u2013 m\u00f6glicherweise unter Beteiligung Russlands. Es ist wichtig, sich daran zu erinnern, dass Russland und Deutschland bis zum Beginn der milit\u00e4rischen Sonderoperation im Februar 2022 als sehr wichtige strategische Partner auf der europ\u00e4ischen B\u00fchne auftraten, wobei Moskau als Hauptlieferant von Gas und \u00d6l f\u00fcr Deutschland \u2013 und praktisch f\u00fcr ganz Europa \u2013 agierte. Dies erkl\u00e4rt weitgehend die Gr\u00fcnde, weshalb Berlin sich als zentraler Vermittler auf ukrainischer Seite im Minsk-Prozess engagierte. F\u00fcr die Deutschen war es von entscheidender Bedeutung, eine Kriegssituation zu vermeiden, die ihren Beziehungen zu den Russen schaden w\u00fcrde. Deswegen gab es vertiefte deutsche Anstrengungen, eine Einigung mittels der Minsker Abkommen zu erzielen.<\/p>\n<p><strong><\/strong>Wladislaw Deinego ist sich sicher: &#8220;Merkel l\u00fcgt&#8221;. F\u00fcr den Au\u00dfenminister von Lugansk war das Minsker Protokoll keine gro\u00dfe Verschw\u00f6rung des Westens, um der Ukraine Zeit zu verschaffen, sondern das Ergebnis gemeinsamer Bem\u00fchungen von Europ\u00e4ern und Russen, eine milit\u00e4rische Eskalation zu verhindern. Und das bringt uns zu einer Reihe von \u00dcberlegungen \u00fcber den wahren Grund f\u00fcr das Scheitern der Minsker Abkommen.<\/p>\n<p><strong><\/strong>Tats\u00e4chlich gab es nie wirklichen Respekt vor den Protokollen von Minsk. Kiew bombardierte weiterhin den Donbass und ermordete Zivilisten im Rahmen seines Projekts zur &#8220;Entrussifizierung&#8221; der Ukraine. Sicherlich nahm die Intensit\u00e4t der K\u00e4mpfe erheblich ab, eine wirkliche Einhaltung der Vereinbarungen wurde jedoch nie erreicht. F\u00fcr Merkel ist dies ein Beweis daf\u00fcr, dass Frieden nie ein Ziel war. Aber f\u00fcr Deinego, einen Diplomaten, der ebenfalls innerhalb der Kulissen der Verhandlungen agierte, ist dies lediglich ein Beweis f\u00fcr das Versagen Europas, seine eigenen Interessen zu wahren.<\/p>\n<p><strong><\/strong>Frieden war damals in europ\u00e4ischem Interesse. Es gab noch keine massiven Sanktionen, die die russisch-europ\u00e4ischen Beziehungen untergruben, w\u00e4hrend alle Seiten von einem stabilen diplomatischen Dialog viel profitieren konnten. Wenn Kiew dazu ermutigt worden ist, die Minsker Vereinbarungen zu missachten und zu versuchen, den Donbass mit Gewalt &#8220;zur\u00fcckzuerobern&#8221;, dann k\u00f6nnte der Agent, der dieses Chaos sch\u00fcrte, au\u00dferhalb des europ\u00e4ischen Kontinents zu finden sein.<\/p>\n<p><strong><\/strong>Somit denken wir \u00fcber die Rolle Washingtons nach. Als F\u00fchrungsnation der NATO und unter Beibehaltung einer missbr\u00e4uchlichen und halbkolonialen Beziehung zur Europ\u00e4ischen Union, sind die USA direkt f\u00fcr das Scheitern der Minsker Vereinbarungen und die Versch\u00e4rfung der Ukraine-Krise verantwortlich. Ein Krieg mit Russland war schon immer Teil der US-amerikanischen und nicht der europ\u00e4ischen Pl\u00e4ne. Und eine vom Hass der Neonazis gegen das russische Volk fanatisierte Ukraine diente diesen Pl\u00e4nen perfekt. Da die USA nicht in der Lage waren, sich auf einen direkten Konflikt einzulassen, nutzten sie die Ukraine als Stellvertreter, um einen Krieg gegen Russland zu f\u00fchren \u2013 ohne auch nur zu fragen, was die Meinung der Europ\u00e4er dazu sein k\u00f6nnte.<\/p>\n<p><strong><\/strong>So sehr die Minsker Vereinbarungen tats\u00e4chlich wie eine Art &#8220;vor\u00fcbergehender Pakt&#8221; erscheinen, um den Krieg f\u00fchrenden Seiten &#8220;Zeit zu geben&#8221;, ist die Meinung von Insidern von entscheidender Bedeutung, um die wahre Natur der Protokolle zu kl\u00e4ren. Nach Meinung von Deinego war der Wunsch nach Frieden aufseiten der Russen und Europ\u00e4er real. Merkel hat vielleicht etwas anderes behauptet, um das wahre Ausma\u00df der deutschen und europ\u00e4ischen diplomatischen Schw\u00e4che nicht offenzulegen.<\/p>\n<p><strong><\/strong>Die eigentlichen Schuldigen des Krieges sind die Neonazis in Kiew und ihre Sponsoren in Washington. Genau wie Russland ist Europa nur ein Opfer der Kriegspl\u00e4ne der NATO \u2013 aber im Gegensatz zu Russland hat die Europ\u00e4ische Union die amerikanischen R\u00e4nkespiele einfach passiv hingenommen und sogar beschlossen, diese zu unterst\u00fctzen.<\/p>\n<p><em>Ersterscheinung in <a rel=\"nofollow noopener\" target=\"_blank\" href=\"https:\/\/strategic-culture.su\/news\/2023\/12\/27\/merkel-lies-how-europe-was-deceived-about-minsk-agreements\/\">englischer Sprache<\/a> bei Strategic Culture Foundation.<\/em><\/p>\n<p><em><strong><\/strong>Lucas Leiroz ist Journalist, Forscher am Zentrum f\u00fcr Geostrategische Studien und geopolitischer Berater.<\/em><\/p>\n<p><strong>Mehr zum Thema<\/strong> \u2013 <a rel=\"nofollow noopener\" target=\"_blank\" href=\"https:\/\/freedert.online\/international\/191304-nebensja-ukraine-und-westen-werden\/\">Nebensja: Die Ukraine und der Westen werden bald &#8220;die schlimmsten Nachrichten&#8221; erhalten<\/a><\/p>\n<div class=\"EmbedBlock-root EmbedBlock-externalVideo EmbedBlock-odysee\">\n<div class=\"VkEmbed\"><iframe class=\"lazyload\" data-src=\"https:\/\/odysee.com\/%24\/embed\/%40RTDE%3Ae%2FRussische-Iskander-Rakete-zerst%C3%B6rt-deutsches-IRIS-T-Luftabwehrsystem%3A7\" frameborder=\"0\" width=\"853\" height=\"480\" allowfullscreen><\/iframe><\/div>\n<\/div>\n<\/div>\n<p><br \/>\n<br \/><a href=\"https:\/\/de.rt.com\/meinung\/191306-merkels-luege-wie-europa-ueber-die-minsker-vereinbarungen-getaeuscht-wurde\/\">Source link <\/a><\/p>\n","protected":false},"excerpt":{"rendered":"<p>In Wirklichkeit waren die Deutschen und andere Staaten der EU ebenso wie Russland ernsthaft daran interessiert, einen dauerhaften Frieden in der Ukraine zu erreichen. Merkel hat vielleicht etwas anderes behauptet, um das Ausma\u00df der europ\u00e4ischen diplomatischen Schw\u00e4che nicht offenzulegen. Von Lucas Leiroz Der aktuelle Konflikt in der Ukraine ist zweifellos eine direkte Folge des Scheiterns [&hellip;]<\/p>\n","protected":false},"author":3,"featured_media":52512,"comment_status":"open","ping_status":"open","sticky":false,"template":"","format":"standard","meta":{"_yoast_indexnow_last_ping":["1704042259"],"wp_automatic_camp":["217"],"1263d8c525327c196973601435560aa8":["Merkels L\u00fcge: Wie Europa \u00fcber die Minsker Vereinbarungen get\u00e4uscht wurde"],"original_link":["https:\/\/de.rt.com\/meinung\/191306-merkels-luege-wie-europa-ueber-die-minsker-vereinbarungen-getaeuscht-wurde\/"],"_thumbnail_id":["52512"],"jnews_social_counter_last_update":["1777622493"],"_wptgpro_p2tg_sent2tg":["a:1:{i:23737;s:19:\"2023-12-31 19:05:31\";}"]},"categories":[19,23],"tags":[45,1370,43257,3656,30080,24900,139,38999,579,528],"yoast_head":"<!-- This site is optimized with the Yoast SEO Premium plugin v22.7 (Yoast SEO v22.7) - https:\/\/yoast.com\/wordpress\/plugins\/seo\/ -->\n<title>Merkels L\u00fcge: Wie Europa \u00fcber die Minsker Vereinbarungen get\u00e4uscht wurde - just-now.NEWS Deutschland<\/title>\n<meta name=\"robots\" content=\"index, follow, max-snippet:-1, max-image-preview:large, max-video-preview:-1\" \/>\n<link rel=\"canonical\" href=\"https:\/\/now-news.de\/de\/deutschland\/merkels-luege-wie-europa-ueber-die-minsker-vereinbarungen-getaeuscht-wurde\/\" \/>\n<meta property=\"og:locale\" content=\"de_DE\" \/>\n<meta property=\"og:type\" content=\"article\" \/>\n<meta property=\"og:title\" content=\"Merkels L\u00fcge: Wie Europa \u00fcber die Minsker Vereinbarungen get\u00e4uscht wurde\" \/>\n<meta property=\"og:description\" content=\"In Wirklichkeit waren die Deutschen und andere Staaten der EU ebenso wie Russland ernsthaft daran interessiert, einen dauerhaften Frieden in der Ukraine zu erreichen. Merkel hat vielleicht etwas anderes behauptet, um das Ausma\u00df der europ\u00e4ischen diplomatischen Schw\u00e4che nicht offenzulegen. Von Lucas Leiroz Der aktuelle Konflikt in der Ukraine ist zweifellos eine direkte Folge des Scheiterns [&hellip;]\" \/>\n<meta property=\"og:url\" content=\"https:\/\/now-news.de\/de\/deutschland\/merkels-luege-wie-europa-ueber-die-minsker-vereinbarungen-getaeuscht-wurde\/\" \/>\n<meta property=\"og:site_name\" content=\"just-now.NEWS Deutschland\" \/>\n<meta property=\"article:publisher\" content=\"https:\/\/www.facebook.com\/wirmachenauf\" \/>\n<meta property=\"article:published_time\" content=\"2023-12-31T16:57:04+00:00\" \/>\n<meta property=\"og:image\" content=\"https:\/\/now-news.de\/de\/wp-content\/uploads\/sites\/3\/2023\/12\/Merkels-Luege-Wie-Europa-ueber-die-Minsker-Vereinbarungen-getaeuscht-wurde.jpg\" \/>\n\t<meta property=\"og:image:width\" content=\"460\" \/>\n\t<meta property=\"og:image:height\" content=\"259\" \/>\n\t<meta property=\"og:image:type\" content=\"image\/jpeg\" \/>\n<meta name=\"author\" content=\"rtnews\" \/>\n<meta name=\"twitter:card\" content=\"summary_large_image\" \/>\n<meta name=\"twitter:creator\" content=\"@WirMachenAuf_de\" \/>\n<meta name=\"twitter:site\" content=\"@WirMachenAuf_de\" \/>\n<meta name=\"twitter:label1\" content=\"Verfasst von\" \/>\n\t<meta name=\"twitter:data1\" content=\"rtnews\" \/>\n\t<meta name=\"twitter:label2\" content=\"Gesch\u00e4tzte Lesezeit\" \/>\n\t<meta name=\"twitter:data2\" content=\"8\u00a0Minuten\" \/>\n<script type=\"application\/ld+json\" class=\"yoast-schema-graph\">{\"@context\":\"https:\/\/schema.org\",\"@graph\":[{\"@type\":\"Article\",\"@id\":\"https:\/\/now-news.de\/de\/deutschland\/merkels-luege-wie-europa-ueber-die-minsker-vereinbarungen-getaeuscht-wurde\/#article\",\"isPartOf\":{\"@id\":\"https:\/\/now-news.de\/de\/deutschland\/merkels-luege-wie-europa-ueber-die-minsker-vereinbarungen-getaeuscht-wurde\/\"},\"author\":{\"name\":\"rtnews\",\"@id\":\"https:\/\/now-news.de\/de\/#\/schema\/person\/fb534a4e865501d8b3285208df34a9b5\"},\"headline\":\"Merkels L\u00fcge: Wie Europa \u00fcber die Minsker Vereinbarungen get\u00e4uscht wurde\",\"datePublished\":\"2023-12-31T16:57:04+00:00\",\"dateModified\":\"2023-12-31T16:57:04+00:00\",\"mainEntityOfPage\":{\"@id\":\"https:\/\/now-news.de\/de\/deutschland\/merkels-luege-wie-europa-ueber-die-minsker-vereinbarungen-getaeuscht-wurde\/\"},\"wordCount\":1525,\"commentCount\":0,\"publisher\":{\"@id\":\"https:\/\/now-news.de\/de\/#organization\"},\"image\":{\"@id\":\"https:\/\/now-news.de\/de\/deutschland\/merkels-luege-wie-europa-ueber-die-minsker-vereinbarungen-getaeuscht-wurde\/#primaryimage\"},\"thumbnailUrl\":\"https:\/\/now-news.de\/de\/wp-content\/uploads\/sites\/3\/2023\/12\/Merkels-Luege-Wie-Europa-ueber-die-Minsker-Vereinbarungen-getaeuscht-wurde.jpg\",\"keywords\":[\"die\",\"Europa\",\"get\u00e4uscht\",\"L\u00fcge\",\"Merkels\",\"Minsker\",\"\u00fcber\",\"Vereinbarungen\",\"Wie\",\"wurde\"],\"articleSection\":[\"Deutschland\",\"Russland\"],\"inLanguage\":\"de\",\"potentialAction\":[{\"@type\":\"CommentAction\",\"name\":\"Comment\",\"target\":[\"https:\/\/now-news.de\/de\/deutschland\/merkels-luege-wie-europa-ueber-die-minsker-vereinbarungen-getaeuscht-wurde\/#respond\"]}]},{\"@type\":\"WebPage\",\"@id\":\"https:\/\/now-news.de\/de\/deutschland\/merkels-luege-wie-europa-ueber-die-minsker-vereinbarungen-getaeuscht-wurde\/\",\"url\":\"https:\/\/now-news.de\/de\/deutschland\/merkels-luege-wie-europa-ueber-die-minsker-vereinbarungen-getaeuscht-wurde\/\",\"name\":\"Merkels L\u00fcge: Wie Europa \u00fcber die Minsker Vereinbarungen get\u00e4uscht wurde - just-now.NEWS Deutschland\",\"isPartOf\":{\"@id\":\"https:\/\/now-news.de\/de\/#website\"},\"primaryImageOfPage\":{\"@id\":\"https:\/\/now-news.de\/de\/deutschland\/merkels-luege-wie-europa-ueber-die-minsker-vereinbarungen-getaeuscht-wurde\/#primaryimage\"},\"image\":{\"@id\":\"https:\/\/now-news.de\/de\/deutschland\/merkels-luege-wie-europa-ueber-die-minsker-vereinbarungen-getaeuscht-wurde\/#primaryimage\"},\"thumbnailUrl\":\"https:\/\/now-news.de\/de\/wp-content\/uploads\/sites\/3\/2023\/12\/Merkels-Luege-Wie-Europa-ueber-die-Minsker-Vereinbarungen-getaeuscht-wurde.jpg\",\"datePublished\":\"2023-12-31T16:57:04+00:00\",\"dateModified\":\"2023-12-31T16:57:04+00:00\",\"breadcrumb\":{\"@id\":\"https:\/\/now-news.de\/de\/deutschland\/merkels-luege-wie-europa-ueber-die-minsker-vereinbarungen-getaeuscht-wurde\/#breadcrumb\"},\"inLanguage\":\"de\",\"potentialAction\":[{\"@type\":\"ReadAction\",\"target\":[\"https:\/\/now-news.de\/de\/deutschland\/merkels-luege-wie-europa-ueber-die-minsker-vereinbarungen-getaeuscht-wurde\/\"]}]},{\"@type\":\"ImageObject\",\"inLanguage\":\"de\",\"@id\":\"https:\/\/now-news.de\/de\/deutschland\/merkels-luege-wie-europa-ueber-die-minsker-vereinbarungen-getaeuscht-wurde\/#primaryimage\",\"url\":\"https:\/\/now-news.de\/de\/wp-content\/uploads\/sites\/3\/2023\/12\/Merkels-Luege-Wie-Europa-ueber-die-Minsker-Vereinbarungen-getaeuscht-wurde.jpg\",\"contentUrl\":\"https:\/\/now-news.de\/de\/wp-content\/uploads\/sites\/3\/2023\/12\/Merkels-Luege-Wie-Europa-ueber-die-Minsker-Vereinbarungen-getaeuscht-wurde.jpg\",\"width\":460,\"height\":259,\"caption\":\"Merkels L\u00fcge: Wie Europa \u00fcber die Minsker Vereinbarungen get\u00e4uscht wurde\"},{\"@type\":\"BreadcrumbList\",\"@id\":\"https:\/\/now-news.de\/de\/deutschland\/merkels-luege-wie-europa-ueber-die-minsker-vereinbarungen-getaeuscht-wurde\/#breadcrumb\",\"itemListElement\":[{\"@type\":\"ListItem\",\"position\":1,\"name\":\"Home\",\"item\":\"https:\/\/now-news.de\/de\/\"},{\"@type\":\"ListItem\",\"position\":2,\"name\":\"Merkels L\u00fcge: Wie Europa \u00fcber die Minsker Vereinbarungen get\u00e4uscht wurde\"}]},{\"@type\":\"WebSite\",\"@id\":\"https:\/\/now-news.de\/de\/#website\",\"url\":\"https:\/\/now-news.de\/de\/\",\"name\":\"just-now.NEWS Deutschland\",\"description\":\"Das Portal f\u00fcr unzensierte Nachrichten aus der Welt\",\"publisher\":{\"@id\":\"https:\/\/now-news.de\/de\/#organization\"},\"potentialAction\":[{\"@type\":\"SearchAction\",\"target\":{\"@type\":\"EntryPoint\",\"urlTemplate\":\"https:\/\/now-news.de\/de\/?s={search_term_string}\"},\"query-input\":\"required name=search_term_string\"}],\"inLanguage\":\"de\"},{\"@type\":\"Organization\",\"@id\":\"https:\/\/now-news.de\/de\/#organization\",\"name\":\"Just Now News\",\"url\":\"https:\/\/now-news.de\/de\/\",\"logo\":{\"@type\":\"ImageObject\",\"inLanguage\":\"de\",\"@id\":\"https:\/\/now-news.de\/de\/#\/schema\/logo\/image\/\",\"url\":\"http:\/\/just-now.news\/de\/wp-content\/uploads\/sites\/3\/2022\/04\/logo500x500.jpg\",\"contentUrl\":\"http:\/\/just-now.news\/de\/wp-content\/uploads\/sites\/3\/2022\/04\/logo500x500.jpg\",\"width\":500,\"height\":500,\"caption\":\"Just Now News\"},\"image\":{\"@id\":\"https:\/\/now-news.de\/de\/#\/schema\/logo\/image\/\"},\"sameAs\":[\"https:\/\/www.facebook.com\/wirmachenauf\",\"https:\/\/x.com\/WirMachenAuf_de\"]},{\"@type\":\"Person\",\"@id\":\"https:\/\/now-news.de\/de\/#\/schema\/person\/fb534a4e865501d8b3285208df34a9b5\",\"name\":\"rtnews\",\"image\":{\"@type\":\"ImageObject\",\"inLanguage\":\"de\",\"@id\":\"https:\/\/now-news.de\/de\/#\/schema\/person\/image\/\",\"url\":\"https:\/\/secure.gravatar.com\/avatar\/82aafea7d8127119dd649515f56e2117?s=96&d=mm&r=g\",\"contentUrl\":\"https:\/\/secure.gravatar.com\/avatar\/82aafea7d8127119dd649515f56e2117?s=96&d=mm&r=g\",\"caption\":\"rtnews\"},\"url\":\"https:\/\/now-news.de\/de\/author\/rnews\/\"}]}<\/script>\n<!-- \/ Yoast SEO Premium plugin. -->","yoast_head_json":{"title":"Merkels L\u00fcge: Wie Europa \u00fcber die Minsker Vereinbarungen get\u00e4uscht wurde - just-now.NEWS Deutschland","robots":{"index":"index","follow":"follow","max-snippet":"max-snippet:-1","max-image-preview":"max-image-preview:large","max-video-preview":"max-video-preview:-1"},"canonical":"https:\/\/now-news.de\/de\/deutschland\/merkels-luege-wie-europa-ueber-die-minsker-vereinbarungen-getaeuscht-wurde\/","og_locale":"de_DE","og_type":"article","og_title":"Merkels L\u00fcge: Wie Europa \u00fcber die Minsker Vereinbarungen get\u00e4uscht wurde","og_description":"In Wirklichkeit waren die Deutschen und andere Staaten der EU ebenso wie Russland ernsthaft daran interessiert, einen dauerhaften Frieden in der Ukraine zu erreichen. Merkel hat vielleicht etwas anderes behauptet, um das Ausma\u00df der europ\u00e4ischen diplomatischen Schw\u00e4che nicht offenzulegen. Von Lucas Leiroz Der aktuelle Konflikt in der Ukraine ist zweifellos eine direkte Folge des Scheiterns [&hellip;]","og_url":"https:\/\/now-news.de\/de\/deutschland\/merkels-luege-wie-europa-ueber-die-minsker-vereinbarungen-getaeuscht-wurde\/","og_site_name":"just-now.NEWS Deutschland","article_publisher":"https:\/\/www.facebook.com\/wirmachenauf","article_published_time":"2023-12-31T16:57:04+00:00","og_image":[{"width":460,"height":259,"url":"https:\/\/now-news.de\/de\/wp-content\/uploads\/sites\/3\/2023\/12\/Merkels-Luege-Wie-Europa-ueber-die-Minsker-Vereinbarungen-getaeuscht-wurde.jpg","type":"image\/jpeg"}],"author":"rtnews","twitter_card":"summary_large_image","twitter_creator":"@WirMachenAuf_de","twitter_site":"@WirMachenAuf_de","twitter_misc":{"Verfasst von":"rtnews","Gesch\u00e4tzte Lesezeit":"8\u00a0Minuten"},"schema":{"@context":"https:\/\/schema.org","@graph":[{"@type":"Article","@id":"https:\/\/now-news.de\/de\/deutschland\/merkels-luege-wie-europa-ueber-die-minsker-vereinbarungen-getaeuscht-wurde\/#article","isPartOf":{"@id":"https:\/\/now-news.de\/de\/deutschland\/merkels-luege-wie-europa-ueber-die-minsker-vereinbarungen-getaeuscht-wurde\/"},"author":{"name":"rtnews","@id":"https:\/\/now-news.de\/de\/#\/schema\/person\/fb534a4e865501d8b3285208df34a9b5"},"headline":"Merkels L\u00fcge: Wie Europa \u00fcber die Minsker Vereinbarungen get\u00e4uscht wurde","datePublished":"2023-12-31T16:57:04+00:00","dateModified":"2023-12-31T16:57:04+00:00","mainEntityOfPage":{"@id":"https:\/\/now-news.de\/de\/deutschland\/merkels-luege-wie-europa-ueber-die-minsker-vereinbarungen-getaeuscht-wurde\/"},"wordCount":1525,"commentCount":0,"publisher":{"@id":"https:\/\/now-news.de\/de\/#organization"},"image":{"@id":"https:\/\/now-news.de\/de\/deutschland\/merkels-luege-wie-europa-ueber-die-minsker-vereinbarungen-getaeuscht-wurde\/#primaryimage"},"thumbnailUrl":"https:\/\/now-news.de\/de\/wp-content\/uploads\/sites\/3\/2023\/12\/Merkels-Luege-Wie-Europa-ueber-die-Minsker-Vereinbarungen-getaeuscht-wurde.jpg","keywords":["die","Europa","get\u00e4uscht","L\u00fcge","Merkels","Minsker","\u00fcber","Vereinbarungen","Wie","wurde"],"articleSection":["Deutschland","Russland"],"inLanguage":"de","potentialAction":[{"@type":"CommentAction","name":"Comment","target":["https:\/\/now-news.de\/de\/deutschland\/merkels-luege-wie-europa-ueber-die-minsker-vereinbarungen-getaeuscht-wurde\/#respond"]}]},{"@type":"WebPage","@id":"https:\/\/now-news.de\/de\/deutschland\/merkels-luege-wie-europa-ueber-die-minsker-vereinbarungen-getaeuscht-wurde\/","url":"https:\/\/now-news.de\/de\/deutschland\/merkels-luege-wie-europa-ueber-die-minsker-vereinbarungen-getaeuscht-wurde\/","name":"Merkels L\u00fcge: Wie Europa \u00fcber die Minsker Vereinbarungen get\u00e4uscht wurde - just-now.NEWS Deutschland","isPartOf":{"@id":"https:\/\/now-news.de\/de\/#website"},"primaryImageOfPage":{"@id":"https:\/\/now-news.de\/de\/deutschland\/merkels-luege-wie-europa-ueber-die-minsker-vereinbarungen-getaeuscht-wurde\/#primaryimage"},"image":{"@id":"https:\/\/now-news.de\/de\/deutschland\/merkels-luege-wie-europa-ueber-die-minsker-vereinbarungen-getaeuscht-wurde\/#primaryimage"},"thumbnailUrl":"https:\/\/now-news.de\/de\/wp-content\/uploads\/sites\/3\/2023\/12\/Merkels-Luege-Wie-Europa-ueber-die-Minsker-Vereinbarungen-getaeuscht-wurde.jpg","datePublished":"2023-12-31T16:57:04+00:00","dateModified":"2023-12-31T16:57:04+00:00","breadcrumb":{"@id":"https:\/\/now-news.de\/de\/deutschland\/merkels-luege-wie-europa-ueber-die-minsker-vereinbarungen-getaeuscht-wurde\/#breadcrumb"},"inLanguage":"de","potentialAction":[{"@type":"ReadAction","target":["https:\/\/now-news.de\/de\/deutschland\/merkels-luege-wie-europa-ueber-die-minsker-vereinbarungen-getaeuscht-wurde\/"]}]},{"@type":"ImageObject","inLanguage":"de","@id":"https:\/\/now-news.de\/de\/deutschland\/merkels-luege-wie-europa-ueber-die-minsker-vereinbarungen-getaeuscht-wurde\/#primaryimage","url":"https:\/\/now-news.de\/de\/wp-content\/uploads\/sites\/3\/2023\/12\/Merkels-Luege-Wie-Europa-ueber-die-Minsker-Vereinbarungen-getaeuscht-wurde.jpg","contentUrl":"https:\/\/now-news.de\/de\/wp-content\/uploads\/sites\/3\/2023\/12\/Merkels-Luege-Wie-Europa-ueber-die-Minsker-Vereinbarungen-getaeuscht-wurde.jpg","width":460,"height":259,"caption":"Merkels L\u00fcge: Wie Europa \u00fcber die Minsker Vereinbarungen get\u00e4uscht wurde"},{"@type":"BreadcrumbList","@id":"https:\/\/now-news.de\/de\/deutschland\/merkels-luege-wie-europa-ueber-die-minsker-vereinbarungen-getaeuscht-wurde\/#breadcrumb","itemListElement":[{"@type":"ListItem","position":1,"name":"Home","item":"https:\/\/now-news.de\/de\/"},{"@type":"ListItem","position":2,"name":"Merkels L\u00fcge: Wie Europa \u00fcber die Minsker Vereinbarungen get\u00e4uscht wurde"}]},{"@type":"WebSite","@id":"https:\/\/now-news.de\/de\/#website","url":"https:\/\/now-news.de\/de\/","name":"just-now.NEWS Deutschland","description":"Das Portal f\u00fcr unzensierte Nachrichten aus der Welt","publisher":{"@id":"https:\/\/now-news.de\/de\/#organization"},"potentialAction":[{"@type":"SearchAction","target":{"@type":"EntryPoint","urlTemplate":"https:\/\/now-news.de\/de\/?s={search_term_string}"},"query-input":"required name=search_term_string"}],"inLanguage":"de"},{"@type":"Organization","@id":"https:\/\/now-news.de\/de\/#organization","name":"Just Now News","url":"https:\/\/now-news.de\/de\/","logo":{"@type":"ImageObject","inLanguage":"de","@id":"https:\/\/now-news.de\/de\/#\/schema\/logo\/image\/","url":"http:\/\/just-now.news\/de\/wp-content\/uploads\/sites\/3\/2022\/04\/logo500x500.jpg","contentUrl":"http:\/\/just-now.news\/de\/wp-content\/uploads\/sites\/3\/2022\/04\/logo500x500.jpg","width":500,"height":500,"caption":"Just Now News"},"image":{"@id":"https:\/\/now-news.de\/de\/#\/schema\/logo\/image\/"},"sameAs":["https:\/\/www.facebook.com\/wirmachenauf","https:\/\/x.com\/WirMachenAuf_de"]},{"@type":"Person","@id":"https:\/\/now-news.de\/de\/#\/schema\/person\/fb534a4e865501d8b3285208df34a9b5","name":"rtnews","image":{"@type":"ImageObject","inLanguage":"de","@id":"https:\/\/now-news.de\/de\/#\/schema\/person\/image\/","url":"https:\/\/secure.gravatar.com\/avatar\/82aafea7d8127119dd649515f56e2117?s=96&d=mm&r=g","contentUrl":"https:\/\/secure.gravatar.com\/avatar\/82aafea7d8127119dd649515f56e2117?s=96&d=mm&r=g","caption":"rtnews"},"url":"https:\/\/now-news.de\/de\/author\/rnews\/"}]}},"_links":{"self":[{"href":"https:\/\/now-news.de\/de\/wp-json\/wp\/v2\/posts\/52511"}],"collection":[{"href":"https:\/\/now-news.de\/de\/wp-json\/wp\/v2\/posts"}],"about":[{"href":"https:\/\/now-news.de\/de\/wp-json\/wp\/v2\/types\/post"}],"author":[{"embeddable":true,"href":"https:\/\/now-news.de\/de\/wp-json\/wp\/v2\/users\/3"}],"replies":[{"embeddable":true,"href":"https:\/\/now-news.de\/de\/wp-json\/wp\/v2\/comments?post=52511"}],"version-history":[{"count":0,"href":"https:\/\/now-news.de\/de\/wp-json\/wp\/v2\/posts\/52511\/revisions"}],"wp:featuredmedia":[{"embeddable":true,"href":"https:\/\/now-news.de\/de\/wp-json\/wp\/v2\/media\/52512"}],"wp:attachment":[{"href":"https:\/\/now-news.de\/de\/wp-json\/wp\/v2\/media?parent=52511"}],"wp:term":[{"taxonomy":"category","embeddable":true,"href":"https:\/\/now-news.de\/de\/wp-json\/wp\/v2\/categories?post=52511"},{"taxonomy":"post_tag","embeddable":true,"href":"https:\/\/now-news.de\/de\/wp-json\/wp\/v2\/tags?post=52511"}],"curies":[{"name":"wp","href":"https:\/\/api.w.org\/{rel}","templated":true}]}}