{"id":52497,"date":"2023-12-31T13:37:36","date_gmt":"2023-12-31T11:37:36","guid":{"rendered":"https:\/\/just-now.news\/de\/deutschland\/serbien-praesident-vucic-verkuendet-den-sieg-seiner-partei-bei-wiederholten-wahlen\/"},"modified":"2023-12-31T13:37:36","modified_gmt":"2023-12-31T11:37:36","slug":"serbien-praesident-vucic-verkuendet-den-sieg-seiner-partei-bei-wiederholten-wahlen","status":"publish","type":"post","link":"https:\/\/now-news.de\/de\/deutschland\/serbien-praesident-vucic-verkuendet-den-sieg-seiner-partei-bei-wiederholten-wahlen\/","title":{"rendered":"Serbien: Pr\u00e4sident Vu\u010di\u0107 verk\u00fcndet den Sieg seiner Partei bei wiederholten Wahlen"},"content":{"rendered":"<p><img decoding=\"async\" src=\"http:\/\/just-now.news\/de\/wp-content\/uploads\/sites\/3\/2023\/12\/65913cf2b480cc65a13b4aed.jpg\" \/><\/p>\n<div class=\"Text-root Text-type_1 \">\n                Der serbische Pr\u00e4sident Aleksandar Vu\u010di\u0107 erkl\u00e4rte am Samstag, dass seine Koalition &#8220;Serbien darf nicht aufh\u00f6ren&#8221; bei den wiederholten Parlaments- und Kommunalwahlen \u00fcberzeugend gewonnen hat.\n            <\/div>\n<p><\/p>\n<div class=\"Text-root Text-type_5 ArticleView-text ViewText-root \">\n<p>Tausende Demonstranten haben j\u00fcngst in Belgrad der serbischen Regierung einen angeblichen Wahlbetrug bei den Parlaments- und Kommunalwahlen am 17. Dezember vorgeworfen. Danach wurden wiederholte Abstimmungen in 35 Wahllokalen anberaumt. Einem Bericht der serbischen Nachrichtenagentur\u00a0<em>Tanjug<\/em>\u00a0zufolge\u00a0<a rel=\"nofollow noopener\" target=\"_blank\" href=\"https:\/\/www.tanjug.rs\/srbija\/politika\/67024\/vucic-lista-srbija-ne-sme-da-stane-ubedljivo-pobedila-na-ponovljenim-izborima\/vest\">verk\u00fcndete<\/a>\u00a0Serbiens Pr\u00e4sident Aleksandar Vu\u010di\u0107 am Samstag, dass seine Koalition &#8220;Aleksandar Vu\u010di\u0107 \u2013 Serbien darf nicht aufh\u00f6ren&#8221; bei den wiederholten Wahlen in 70 Prozent der Wahllokale gewonnen habe. Dabei habe die Wahlbeteiligung bei der Parlamentsnachwahl 43 Prozent betragen und bei der Kommunalwahl in Belgrad etwa 40 Prozent, was &#8220;f\u00fcr den Tag vor Neujahr sehr hoch ist&#8221;. Ferner gab der serbische Staatschef an, dass die Koalition &#8220;Aleksandar Vu\u010di\u0107 \u2013 Serbien darf nicht aufh\u00f6ren&#8221; nach vorl\u00e4ufigen Ergebnissen bei der Neuabstimmung bei der Parlamentswahlen 69,5 Prozent der Stimmen erhalten habe. Das prowestliche B\u00fcndnis &#8220;Serbien gegen Gewalt&#8221; soll 12 Prozent der Stimmen bekommen haben.<\/p>\n<p>In einer Ansprache an die serbischen B\u00fcrger in Belgrad soll Vu\u010di\u0107 au\u00dferdem betont haben, dass es im Land keine Revolutionen oder gewaltsame Machtergreifungen geben werde, weil die Menschen absolut klar zum Ausdruck gebracht h\u00e4tten, wen sie tats\u00e4chlich unterst\u00fctzen w\u00fcrden. Diese Tatsache sei von entscheidender Bedeutung, betonte er weiter. Serbien werde ein souver\u00e4nes und unabh\u00e4ngiges Land bleiben, das seine eigenen Entscheidungen trifft, stellte der Staatschef klar. Belgrad werde weiterhin den EU-Beitritt anstreben und zugleich gute Beziehungen zu Moskau und Peking aufrechterhalten. Sein Land plane nicht, Sanktionen gegen Russland zu verh\u00e4ngen oder st\u00e4ndig Erkl\u00e4rungen gegen Moskau und Peking abzugeben, um &#8220;jemanden zufriedenzustellen&#8221;.<\/p>\n<p>Mittlerweile soll der Oppositionsf\u00fchrer Miroslav Aleksic gegen\u00fcber Medien angegeben haben, dass es keine Proteste mehr vor der republikanischen Wahlkommission geben werde. Von der Nachrichtenagentur\u00a0<em>TASS<\/em>\u00a0wird er mit den Worten zitiert, dass solche Aktionen &#8220;keinen Sinn mehr ergeben&#8221;. Man wolle hingegen regelm\u00e4\u00dfig gr\u00f6\u00dfere Versammlungen veranstalten, so der Oppositionelle.<\/p>\n<p><strong>Mehr zum Thema<\/strong> &#8211; <a rel=\"nofollow noopener\" target=\"_blank\" href=\"https:\/\/freedert.online\/meinung\/190952-serbien-einmischung-als-mittel-politischen\/\">Serbien: Einmischung als Mittel der politischen Steuerung\u00a0<\/a><\/p>\n<\/div>\n<p><br \/>\n<br \/><a href=\"https:\/\/de.rt.com\/europa\/191373-serbien-praesident-vucic-verkuendet-sieg\/\">Source link <\/a><\/p>\n","protected":false},"excerpt":{"rendered":"<p>Der serbische Pr\u00e4sident Aleksandar Vu\u010di\u0107 erkl\u00e4rte am Samstag, dass seine Koalition &#8220;Serbien darf nicht aufh\u00f6ren&#8221; bei den wiederholten Parlaments- und Kommunalwahlen \u00fcberzeugend gewonnen hat. Tausende Demonstranten haben j\u00fcngst in Belgrad der serbischen Regierung einen angeblichen Wahlbetrug bei den Parlaments- und Kommunalwahlen am 17. Dezember vorgeworfen. Danach wurden wiederholte Abstimmungen in 35 Wahllokalen anberaumt. Einem Bericht [&hellip;]<\/p>\n","protected":false},"author":3,"featured_media":52498,"comment_status":"open","ping_status":"open","sticky":false,"template":"","format":"standard","meta":{"_yoast_indexnow_last_ping":["1704023572"],"wp_automatic_camp":["217"],"42659e6ed058d7570ec895b81d15ae54":["Serbien: Pr\u00e4sident Vu\u010di\u0107 verk\u00fcndet den Sieg seiner Partei bei wiederholten Wahlen"],"original_link":["https:\/\/de.rt.com\/europa\/191373-serbien-praesident-vucic-verkuendet-sieg\/"],"_thumbnail_id":["52498"],"jnews_social_counter_last_update":["1777318916"],"_wptgpro_p2tg_sent2tg":["a:1:{i:23737;s:19:\"2023-12-31 13:53:54\";}"]},"categories":[19,23],"tags":[363,48,2504,3464,1607,978,9001,9690,955,2576,21970],"yoast_head":"<!-- This site is optimized with the Yoast SEO Premium plugin v22.7 (Yoast SEO v22.7) - https:\/\/yoast.com\/wordpress\/plugins\/seo\/ -->\n<title>Serbien: Pr\u00e4sident Vu\u010di\u0107 verk\u00fcndet den Sieg seiner Partei bei wiederholten Wahlen - just-now.NEWS Deutschland<\/title>\n<meta name=\"robots\" content=\"index, follow, max-snippet:-1, max-image-preview:large, max-video-preview:-1\" \/>\n<link rel=\"canonical\" href=\"https:\/\/now-news.de\/de\/deutschland\/serbien-praesident-vucic-verkuendet-den-sieg-seiner-partei-bei-wiederholten-wahlen\/\" \/>\n<meta property=\"og:locale\" content=\"de_DE\" \/>\n<meta property=\"og:type\" content=\"article\" \/>\n<meta property=\"og:title\" content=\"Serbien: Pr\u00e4sident Vu\u010di\u0107 verk\u00fcndet den Sieg seiner Partei bei wiederholten Wahlen\" \/>\n<meta property=\"og:description\" content=\"Der serbische Pr\u00e4sident Aleksandar Vu\u010di\u0107 erkl\u00e4rte am Samstag, dass seine Koalition &#8220;Serbien darf nicht aufh\u00f6ren&#8221; bei den wiederholten Parlaments- und Kommunalwahlen \u00fcberzeugend gewonnen hat. Tausende Demonstranten haben j\u00fcngst in Belgrad der serbischen Regierung einen angeblichen Wahlbetrug bei den Parlaments- und Kommunalwahlen am 17. Dezember vorgeworfen. Danach wurden wiederholte Abstimmungen in 35 Wahllokalen anberaumt. Einem Bericht [&hellip;]\" \/>\n<meta property=\"og:url\" content=\"https:\/\/now-news.de\/de\/deutschland\/serbien-praesident-vucic-verkuendet-den-sieg-seiner-partei-bei-wiederholten-wahlen\/\" \/>\n<meta property=\"og:site_name\" content=\"just-now.NEWS Deutschland\" \/>\n<meta property=\"article:publisher\" content=\"https:\/\/www.facebook.com\/wirmachenauf\" \/>\n<meta property=\"article:published_time\" content=\"2023-12-31T11:37:36+00:00\" \/>\n<meta property=\"og:image\" content=\"https:\/\/now-news.de\/de\/wp-content\/uploads\/sites\/3\/2023\/12\/Serbien-Praesident-Vucic-verkuendet-den-Sieg-seiner-Partei-bei-wiederholten.jpg\" \/>\n\t<meta property=\"og:image:width\" content=\"460\" \/>\n\t<meta property=\"og:image:height\" content=\"259\" \/>\n\t<meta property=\"og:image:type\" content=\"image\/jpeg\" \/>\n<meta name=\"author\" content=\"rtnews\" \/>\n<meta name=\"twitter:card\" content=\"summary_large_image\" \/>\n<meta name=\"twitter:creator\" content=\"@WirMachenAuf_de\" \/>\n<meta name=\"twitter:site\" content=\"@WirMachenAuf_de\" \/>\n<meta name=\"twitter:label1\" content=\"Verfasst von\" \/>\n\t<meta name=\"twitter:data1\" content=\"rtnews\" \/>\n\t<meta name=\"twitter:label2\" content=\"Gesch\u00e4tzte Lesezeit\" \/>\n\t<meta name=\"twitter:data2\" content=\"2\u00a0Minuten\" \/>\n<script type=\"application\/ld+json\" class=\"yoast-schema-graph\">{\"@context\":\"https:\/\/schema.org\",\"@graph\":[{\"@type\":\"Article\",\"@id\":\"https:\/\/now-news.de\/de\/deutschland\/serbien-praesident-vucic-verkuendet-den-sieg-seiner-partei-bei-wiederholten-wahlen\/#article\",\"isPartOf\":{\"@id\":\"https:\/\/now-news.de\/de\/deutschland\/serbien-praesident-vucic-verkuendet-den-sieg-seiner-partei-bei-wiederholten-wahlen\/\"},\"author\":{\"name\":\"rtnews\",\"@id\":\"https:\/\/now-news.de\/de\/#\/schema\/person\/fb534a4e865501d8b3285208df34a9b5\"},\"headline\":\"Serbien: Pr\u00e4sident Vu\u010di\u0107 verk\u00fcndet den Sieg seiner Partei bei wiederholten Wahlen\",\"datePublished\":\"2023-12-31T11:37:36+00:00\",\"dateModified\":\"2023-12-31T11:37:36+00:00\",\"mainEntityOfPage\":{\"@id\":\"https:\/\/now-news.de\/de\/deutschland\/serbien-praesident-vucic-verkuendet-den-sieg-seiner-partei-bei-wiederholten-wahlen\/\"},\"wordCount\":358,\"commentCount\":0,\"publisher\":{\"@id\":\"https:\/\/now-news.de\/de\/#organization\"},\"image\":{\"@id\":\"https:\/\/now-news.de\/de\/deutschland\/serbien-praesident-vucic-verkuendet-den-sieg-seiner-partei-bei-wiederholten-wahlen\/#primaryimage\"},\"thumbnailUrl\":\"https:\/\/now-news.de\/de\/wp-content\/uploads\/sites\/3\/2023\/12\/Serbien-Praesident-Vucic-verkuendet-den-Sieg-seiner-Partei-bei-wiederholten.jpg\",\"keywords\":[\"bei\",\"den\",\"Partei\",\"Pr\u00e4sident\",\"seiner\",\"Serbien\",\"Sieg\",\"verk\u00fcndet\",\"Vucic\",\"Wahlen\",\"wiederholten\"],\"articleSection\":[\"Deutschland\",\"Russland\"],\"inLanguage\":\"de\",\"potentialAction\":[{\"@type\":\"CommentAction\",\"name\":\"Comment\",\"target\":[\"https:\/\/now-news.de\/de\/deutschland\/serbien-praesident-vucic-verkuendet-den-sieg-seiner-partei-bei-wiederholten-wahlen\/#respond\"]}]},{\"@type\":\"WebPage\",\"@id\":\"https:\/\/now-news.de\/de\/deutschland\/serbien-praesident-vucic-verkuendet-den-sieg-seiner-partei-bei-wiederholten-wahlen\/\",\"url\":\"https:\/\/now-news.de\/de\/deutschland\/serbien-praesident-vucic-verkuendet-den-sieg-seiner-partei-bei-wiederholten-wahlen\/\",\"name\":\"Serbien: Pr\u00e4sident Vu\u010di\u0107 verk\u00fcndet den Sieg seiner Partei bei wiederholten Wahlen - just-now.NEWS Deutschland\",\"isPartOf\":{\"@id\":\"https:\/\/now-news.de\/de\/#website\"},\"primaryImageOfPage\":{\"@id\":\"https:\/\/now-news.de\/de\/deutschland\/serbien-praesident-vucic-verkuendet-den-sieg-seiner-partei-bei-wiederholten-wahlen\/#primaryimage\"},\"image\":{\"@id\":\"https:\/\/now-news.de\/de\/deutschland\/serbien-praesident-vucic-verkuendet-den-sieg-seiner-partei-bei-wiederholten-wahlen\/#primaryimage\"},\"thumbnailUrl\":\"https:\/\/now-news.de\/de\/wp-content\/uploads\/sites\/3\/2023\/12\/Serbien-Praesident-Vucic-verkuendet-den-Sieg-seiner-Partei-bei-wiederholten.jpg\",\"datePublished\":\"2023-12-31T11:37:36+00:00\",\"dateModified\":\"2023-12-31T11:37:36+00:00\",\"breadcrumb\":{\"@id\":\"https:\/\/now-news.de\/de\/deutschland\/serbien-praesident-vucic-verkuendet-den-sieg-seiner-partei-bei-wiederholten-wahlen\/#breadcrumb\"},\"inLanguage\":\"de\",\"potentialAction\":[{\"@type\":\"ReadAction\",\"target\":[\"https:\/\/now-news.de\/de\/deutschland\/serbien-praesident-vucic-verkuendet-den-sieg-seiner-partei-bei-wiederholten-wahlen\/\"]}]},{\"@type\":\"ImageObject\",\"inLanguage\":\"de\",\"@id\":\"https:\/\/now-news.de\/de\/deutschland\/serbien-praesident-vucic-verkuendet-den-sieg-seiner-partei-bei-wiederholten-wahlen\/#primaryimage\",\"url\":\"https:\/\/now-news.de\/de\/wp-content\/uploads\/sites\/3\/2023\/12\/Serbien-Praesident-Vucic-verkuendet-den-Sieg-seiner-Partei-bei-wiederholten.jpg\",\"contentUrl\":\"https:\/\/now-news.de\/de\/wp-content\/uploads\/sites\/3\/2023\/12\/Serbien-Praesident-Vucic-verkuendet-den-Sieg-seiner-Partei-bei-wiederholten.jpg\",\"width\":460,\"height\":259,\"caption\":\"Serbien: Pr\u00e4sident Vu\u010di\u0107 verk\u00fcndet den Sieg seiner Partei bei wiederholten Wahlen\"},{\"@type\":\"BreadcrumbList\",\"@id\":\"https:\/\/now-news.de\/de\/deutschland\/serbien-praesident-vucic-verkuendet-den-sieg-seiner-partei-bei-wiederholten-wahlen\/#breadcrumb\",\"itemListElement\":[{\"@type\":\"ListItem\",\"position\":1,\"name\":\"Home\",\"item\":\"https:\/\/now-news.de\/de\/\"},{\"@type\":\"ListItem\",\"position\":2,\"name\":\"Serbien: Pr\u00e4sident Vu\u010di\u0107 verk\u00fcndet den Sieg seiner Partei bei wiederholten Wahlen\"}]},{\"@type\":\"WebSite\",\"@id\":\"https:\/\/now-news.de\/de\/#website\",\"url\":\"https:\/\/now-news.de\/de\/\",\"name\":\"just-now.NEWS Deutschland\",\"description\":\"Das Portal f\u00fcr unzensierte Nachrichten aus der Welt\",\"publisher\":{\"@id\":\"https:\/\/now-news.de\/de\/#organization\"},\"potentialAction\":[{\"@type\":\"SearchAction\",\"target\":{\"@type\":\"EntryPoint\",\"urlTemplate\":\"https:\/\/now-news.de\/de\/?s={search_term_string}\"},\"query-input\":\"required name=search_term_string\"}],\"inLanguage\":\"de\"},{\"@type\":\"Organization\",\"@id\":\"https:\/\/now-news.de\/de\/#organization\",\"name\":\"Just Now News\",\"url\":\"https:\/\/now-news.de\/de\/\",\"logo\":{\"@type\":\"ImageObject\",\"inLanguage\":\"de\",\"@id\":\"https:\/\/now-news.de\/de\/#\/schema\/logo\/image\/\",\"url\":\"http:\/\/just-now.news\/de\/wp-content\/uploads\/sites\/3\/2022\/04\/logo500x500.jpg\",\"contentUrl\":\"http:\/\/just-now.news\/de\/wp-content\/uploads\/sites\/3\/2022\/04\/logo500x500.jpg\",\"width\":500,\"height\":500,\"caption\":\"Just Now News\"},\"image\":{\"@id\":\"https:\/\/now-news.de\/de\/#\/schema\/logo\/image\/\"},\"sameAs\":[\"https:\/\/www.facebook.com\/wirmachenauf\",\"https:\/\/x.com\/WirMachenAuf_de\"]},{\"@type\":\"Person\",\"@id\":\"https:\/\/now-news.de\/de\/#\/schema\/person\/fb534a4e865501d8b3285208df34a9b5\",\"name\":\"rtnews\",\"image\":{\"@type\":\"ImageObject\",\"inLanguage\":\"de\",\"@id\":\"https:\/\/now-news.de\/de\/#\/schema\/person\/image\/\",\"url\":\"https:\/\/secure.gravatar.com\/avatar\/82aafea7d8127119dd649515f56e2117?s=96&d=mm&r=g\",\"contentUrl\":\"https:\/\/secure.gravatar.com\/avatar\/82aafea7d8127119dd649515f56e2117?s=96&d=mm&r=g\",\"caption\":\"rtnews\"},\"url\":\"https:\/\/now-news.de\/de\/author\/rnews\/\"}]}<\/script>\n<!-- \/ Yoast SEO Premium plugin. -->","yoast_head_json":{"title":"Serbien: Pr\u00e4sident Vu\u010di\u0107 verk\u00fcndet den Sieg seiner Partei bei wiederholten Wahlen - just-now.NEWS Deutschland","robots":{"index":"index","follow":"follow","max-snippet":"max-snippet:-1","max-image-preview":"max-image-preview:large","max-video-preview":"max-video-preview:-1"},"canonical":"https:\/\/now-news.de\/de\/deutschland\/serbien-praesident-vucic-verkuendet-den-sieg-seiner-partei-bei-wiederholten-wahlen\/","og_locale":"de_DE","og_type":"article","og_title":"Serbien: Pr\u00e4sident Vu\u010di\u0107 verk\u00fcndet den Sieg seiner Partei bei wiederholten Wahlen","og_description":"Der serbische Pr\u00e4sident Aleksandar Vu\u010di\u0107 erkl\u00e4rte am Samstag, dass seine Koalition &#8220;Serbien darf nicht aufh\u00f6ren&#8221; bei den wiederholten Parlaments- und Kommunalwahlen \u00fcberzeugend gewonnen hat. Tausende Demonstranten haben j\u00fcngst in Belgrad der serbischen Regierung einen angeblichen Wahlbetrug bei den Parlaments- und Kommunalwahlen am 17. Dezember vorgeworfen. Danach wurden wiederholte Abstimmungen in 35 Wahllokalen anberaumt. Einem Bericht [&hellip;]","og_url":"https:\/\/now-news.de\/de\/deutschland\/serbien-praesident-vucic-verkuendet-den-sieg-seiner-partei-bei-wiederholten-wahlen\/","og_site_name":"just-now.NEWS Deutschland","article_publisher":"https:\/\/www.facebook.com\/wirmachenauf","article_published_time":"2023-12-31T11:37:36+00:00","og_image":[{"width":460,"height":259,"url":"https:\/\/now-news.de\/de\/wp-content\/uploads\/sites\/3\/2023\/12\/Serbien-Praesident-Vucic-verkuendet-den-Sieg-seiner-Partei-bei-wiederholten.jpg","type":"image\/jpeg"}],"author":"rtnews","twitter_card":"summary_large_image","twitter_creator":"@WirMachenAuf_de","twitter_site":"@WirMachenAuf_de","twitter_misc":{"Verfasst von":"rtnews","Gesch\u00e4tzte Lesezeit":"2\u00a0Minuten"},"schema":{"@context":"https:\/\/schema.org","@graph":[{"@type":"Article","@id":"https:\/\/now-news.de\/de\/deutschland\/serbien-praesident-vucic-verkuendet-den-sieg-seiner-partei-bei-wiederholten-wahlen\/#article","isPartOf":{"@id":"https:\/\/now-news.de\/de\/deutschland\/serbien-praesident-vucic-verkuendet-den-sieg-seiner-partei-bei-wiederholten-wahlen\/"},"author":{"name":"rtnews","@id":"https:\/\/now-news.de\/de\/#\/schema\/person\/fb534a4e865501d8b3285208df34a9b5"},"headline":"Serbien: Pr\u00e4sident Vu\u010di\u0107 verk\u00fcndet den Sieg seiner Partei bei wiederholten Wahlen","datePublished":"2023-12-31T11:37:36+00:00","dateModified":"2023-12-31T11:37:36+00:00","mainEntityOfPage":{"@id":"https:\/\/now-news.de\/de\/deutschland\/serbien-praesident-vucic-verkuendet-den-sieg-seiner-partei-bei-wiederholten-wahlen\/"},"wordCount":358,"commentCount":0,"publisher":{"@id":"https:\/\/now-news.de\/de\/#organization"},"image":{"@id":"https:\/\/now-news.de\/de\/deutschland\/serbien-praesident-vucic-verkuendet-den-sieg-seiner-partei-bei-wiederholten-wahlen\/#primaryimage"},"thumbnailUrl":"https:\/\/now-news.de\/de\/wp-content\/uploads\/sites\/3\/2023\/12\/Serbien-Praesident-Vucic-verkuendet-den-Sieg-seiner-Partei-bei-wiederholten.jpg","keywords":["bei","den","Partei","Pr\u00e4sident","seiner","Serbien","Sieg","verk\u00fcndet","Vucic","Wahlen","wiederholten"],"articleSection":["Deutschland","Russland"],"inLanguage":"de","potentialAction":[{"@type":"CommentAction","name":"Comment","target":["https:\/\/now-news.de\/de\/deutschland\/serbien-praesident-vucic-verkuendet-den-sieg-seiner-partei-bei-wiederholten-wahlen\/#respond"]}]},{"@type":"WebPage","@id":"https:\/\/now-news.de\/de\/deutschland\/serbien-praesident-vucic-verkuendet-den-sieg-seiner-partei-bei-wiederholten-wahlen\/","url":"https:\/\/now-news.de\/de\/deutschland\/serbien-praesident-vucic-verkuendet-den-sieg-seiner-partei-bei-wiederholten-wahlen\/","name":"Serbien: Pr\u00e4sident Vu\u010di\u0107 verk\u00fcndet den Sieg seiner Partei bei wiederholten Wahlen - just-now.NEWS Deutschland","isPartOf":{"@id":"https:\/\/now-news.de\/de\/#website"},"primaryImageOfPage":{"@id":"https:\/\/now-news.de\/de\/deutschland\/serbien-praesident-vucic-verkuendet-den-sieg-seiner-partei-bei-wiederholten-wahlen\/#primaryimage"},"image":{"@id":"https:\/\/now-news.de\/de\/deutschland\/serbien-praesident-vucic-verkuendet-den-sieg-seiner-partei-bei-wiederholten-wahlen\/#primaryimage"},"thumbnailUrl":"https:\/\/now-news.de\/de\/wp-content\/uploads\/sites\/3\/2023\/12\/Serbien-Praesident-Vucic-verkuendet-den-Sieg-seiner-Partei-bei-wiederholten.jpg","datePublished":"2023-12-31T11:37:36+00:00","dateModified":"2023-12-31T11:37:36+00:00","breadcrumb":{"@id":"https:\/\/now-news.de\/de\/deutschland\/serbien-praesident-vucic-verkuendet-den-sieg-seiner-partei-bei-wiederholten-wahlen\/#breadcrumb"},"inLanguage":"de","potentialAction":[{"@type":"ReadAction","target":["https:\/\/now-news.de\/de\/deutschland\/serbien-praesident-vucic-verkuendet-den-sieg-seiner-partei-bei-wiederholten-wahlen\/"]}]},{"@type":"ImageObject","inLanguage":"de","@id":"https:\/\/now-news.de\/de\/deutschland\/serbien-praesident-vucic-verkuendet-den-sieg-seiner-partei-bei-wiederholten-wahlen\/#primaryimage","url":"https:\/\/now-news.de\/de\/wp-content\/uploads\/sites\/3\/2023\/12\/Serbien-Praesident-Vucic-verkuendet-den-Sieg-seiner-Partei-bei-wiederholten.jpg","contentUrl":"https:\/\/now-news.de\/de\/wp-content\/uploads\/sites\/3\/2023\/12\/Serbien-Praesident-Vucic-verkuendet-den-Sieg-seiner-Partei-bei-wiederholten.jpg","width":460,"height":259,"caption":"Serbien: Pr\u00e4sident Vu\u010di\u0107 verk\u00fcndet den Sieg seiner Partei bei wiederholten Wahlen"},{"@type":"BreadcrumbList","@id":"https:\/\/now-news.de\/de\/deutschland\/serbien-praesident-vucic-verkuendet-den-sieg-seiner-partei-bei-wiederholten-wahlen\/#breadcrumb","itemListElement":[{"@type":"ListItem","position":1,"name":"Home","item":"https:\/\/now-news.de\/de\/"},{"@type":"ListItem","position":2,"name":"Serbien: Pr\u00e4sident Vu\u010di\u0107 verk\u00fcndet den Sieg seiner Partei bei wiederholten Wahlen"}]},{"@type":"WebSite","@id":"https:\/\/now-news.de\/de\/#website","url":"https:\/\/now-news.de\/de\/","name":"just-now.NEWS Deutschland","description":"Das Portal f\u00fcr unzensierte Nachrichten aus der Welt","publisher":{"@id":"https:\/\/now-news.de\/de\/#organization"},"potentialAction":[{"@type":"SearchAction","target":{"@type":"EntryPoint","urlTemplate":"https:\/\/now-news.de\/de\/?s={search_term_string}"},"query-input":"required name=search_term_string"}],"inLanguage":"de"},{"@type":"Organization","@id":"https:\/\/now-news.de\/de\/#organization","name":"Just Now News","url":"https:\/\/now-news.de\/de\/","logo":{"@type":"ImageObject","inLanguage":"de","@id":"https:\/\/now-news.de\/de\/#\/schema\/logo\/image\/","url":"http:\/\/just-now.news\/de\/wp-content\/uploads\/sites\/3\/2022\/04\/logo500x500.jpg","contentUrl":"http:\/\/just-now.news\/de\/wp-content\/uploads\/sites\/3\/2022\/04\/logo500x500.jpg","width":500,"height":500,"caption":"Just Now News"},"image":{"@id":"https:\/\/now-news.de\/de\/#\/schema\/logo\/image\/"},"sameAs":["https:\/\/www.facebook.com\/wirmachenauf","https:\/\/x.com\/WirMachenAuf_de"]},{"@type":"Person","@id":"https:\/\/now-news.de\/de\/#\/schema\/person\/fb534a4e865501d8b3285208df34a9b5","name":"rtnews","image":{"@type":"ImageObject","inLanguage":"de","@id":"https:\/\/now-news.de\/de\/#\/schema\/person\/image\/","url":"https:\/\/secure.gravatar.com\/avatar\/82aafea7d8127119dd649515f56e2117?s=96&d=mm&r=g","contentUrl":"https:\/\/secure.gravatar.com\/avatar\/82aafea7d8127119dd649515f56e2117?s=96&d=mm&r=g","caption":"rtnews"},"url":"https:\/\/now-news.de\/de\/author\/rnews\/"}]}},"_links":{"self":[{"href":"https:\/\/now-news.de\/de\/wp-json\/wp\/v2\/posts\/52497"}],"collection":[{"href":"https:\/\/now-news.de\/de\/wp-json\/wp\/v2\/posts"}],"about":[{"href":"https:\/\/now-news.de\/de\/wp-json\/wp\/v2\/types\/post"}],"author":[{"embeddable":true,"href":"https:\/\/now-news.de\/de\/wp-json\/wp\/v2\/users\/3"}],"replies":[{"embeddable":true,"href":"https:\/\/now-news.de\/de\/wp-json\/wp\/v2\/comments?post=52497"}],"version-history":[{"count":0,"href":"https:\/\/now-news.de\/de\/wp-json\/wp\/v2\/posts\/52497\/revisions"}],"wp:featuredmedia":[{"embeddable":true,"href":"https:\/\/now-news.de\/de\/wp-json\/wp\/v2\/media\/52498"}],"wp:attachment":[{"href":"https:\/\/now-news.de\/de\/wp-json\/wp\/v2\/media?parent=52497"}],"wp:term":[{"taxonomy":"category","embeddable":true,"href":"https:\/\/now-news.de\/de\/wp-json\/wp\/v2\/categories?post=52497"},{"taxonomy":"post_tag","embeddable":true,"href":"https:\/\/now-news.de\/de\/wp-json\/wp\/v2\/tags?post=52497"}],"curies":[{"name":"wp","href":"https:\/\/api.w.org\/{rel}","templated":true}]}}