{"id":52475,"date":"2023-12-30T20:58:31","date_gmt":"2023-12-30T18:58:31","guid":{"rendered":"https:\/\/just-now.news\/de\/deutschland\/steinmeier-vom-besten-deutschland-zu-deutschland-bleibt-ein-gutes-land-in-drei-jahren\/"},"modified":"2023-12-30T20:58:31","modified_gmt":"2023-12-30T18:58:31","slug":"steinmeier-vom-besten-deutschland-zu-deutschland-bleibt-ein-gutes-land-in-drei-jahren","status":"publish","type":"post","link":"https:\/\/now-news.de\/de\/deutschland\/steinmeier-vom-besten-deutschland-zu-deutschland-bleibt-ein-gutes-land-in-drei-jahren\/","title":{"rendered":"Steinmeier: Vom &quot;besten Deutschland&quot; zu &quot;Deutschland bleibt ein gutes Land&quot; in drei Jahren"},"content":{"rendered":"<p><img decoding=\"async\" src=\"http:\/\/just-now.news\/de\/wp-content\/uploads\/sites\/3\/2023\/12\/659065fa48fbef5730742c8c.jpg\" \/><\/p>\n<div class=\"Text-root Text-type_1 \">\n                Laut Bundespr\u00e4sident Frank-Walter Steinmeier leben &#8220;wir heute in dem besten Deutschland, das es jemals gegeben hat&#8221;. Doch auch Steinmeier scheint es mittlerweile schwerzufallen, die Lage sch\u00f6nzureden. Drei Jahre sp\u00e4ter hei\u00dft es nur noch: &#8220;Deutschland ist und bleibt ein gutes Land&#8221;.\n            <\/div>\n<p><\/p>\n<div class=\"Text-root Text-type_5 ArticleView-text ViewText-root \">\n<p>Von den Reden des Bundespr\u00e4sidenten Frank-Walter Steinmeier (SPD) blieb zahlreichen B\u00fcrgern der Bundesrepublik vor allem jene zum Tag der Deutschen Einheit im Jahr 2020 h\u00e4ngen. In dieser verk\u00fcndete er bekannterma\u00dfen gro\u00dfspurig:<\/p>\n<blockquote>\n<p><em>&#8220;Ja, wir leben heute in dem besten Deutschland, das es jemals gegeben hat. Lassen Sie uns allen denen danken, die daran mitgewirkt haben!&#8221;<\/em><\/p>\n<\/blockquote>\n<p>F\u00fcr diese Aussage erntete Steinmeier deutliche Kritik, da die Aussage vom &#8220;besten Deutschland, das es jemals gegeben hat&#8221; nichts mit der Lebensrealit\u00e4t der meisten B\u00fcrger zu tun hat.<\/p>\n<p>Drei Jahre sp\u00e4ter f\u00e4llt es anscheinend auch Steinmeier schwer, die politische Lage in Deutschland sch\u00f6nzureden. In seiner diesj\u00e4hrigen Weihnachtsansprache kommt Steinmeier lediglich ein trotziges &#8220;Deutschland ist und bleibt ein gutes Land&#8221; \u00fcber die Lippen. Zun\u00e4chst hatte der Journalist und Blogger Norbert H\u00e4ring auf dieses Detail <a rel=\"nofollow noopener\" target=\"_blank\" href=\"https:\/\/norberthaering.de\/macht-kontrolle\/un-wef-widerstand\/\">hingewiesen<\/a>.<\/p>\n<p>Im Gro\u00dfen und Ganzen blieb Steinmeier jedoch der Linie seiner bisherigen Weihnachtsansprachen treu. So sagte er, dass es angesichts der vielen Krisen in der Welt Menschen brauche, die sich &#8220;einbringen und daf\u00fcr sorgen, dass sich die Welt zum Besseren wandelt&#8221;. Er verstehe zwar die resignierende Haltung vieler B\u00fcrger, aber man d\u00fcrfe die &#8220;Zuversicht auf eine friedlichere Welt nicht aufgeben&#8221;. Er selbst w\u00fcrde &#8220;hoffnungsvoll in die Zukunft blicken&#8221;. Es sei verst\u00e4ndlich, dass die B\u00fcrger Antworten und Klarheit von der Politik fordern, so Steinmeier weiter. Es sei jedoch &#8220;keine L\u00f6sung, mit Verachtung und Wut zu reagieren&#8221;, wenn &#8220;Demokratie anstrengend werde&#8221;.<\/p>\n<p>Beobachter der politischen Szene in der Hauptstadt gehen davon aus, dass es sich nur noch um Jahrzehnte handeln kann, bis Steinmeier die Lebensrealit\u00e4t der B\u00fcrger in Deutschland realisiert.<\/p>\n<p><strong>Mehr zum Thema &#8211;<\/strong>\u00a0<a rel=\"nofollow noopener\" target=\"_blank\" href=\"https:\/\/freedert.online\/inland\/190783-weihnachtsansprache-bundespraesidenten-trotz-krisen-zuversicht\/\">Weihnachtsansprache des Bundespr\u00e4sidenten: Trotz Krisen Zuversicht nicht aufgeben <\/a><\/p>\n<\/p>\n<\/div>\n<p><br \/>\n<br \/><a href=\"https:\/\/de.rt.com\/inland\/191344-steinmeier-vom-besten-deutschland-zu\/\">Source link <\/a><\/p>\n","protected":false},"excerpt":{"rendered":"<p>Laut Bundespr\u00e4sident Frank-Walter Steinmeier leben &#8220;wir heute in dem besten Deutschland, das es jemals gegeben hat&#8221;. Doch auch Steinmeier scheint es mittlerweile schwerzufallen, die Lage sch\u00f6nzureden. Drei Jahre sp\u00e4ter hei\u00dft es nur noch: &#8220;Deutschland ist und bleibt ein gutes Land&#8221;. Von den Reden des Bundespr\u00e4sidenten Frank-Walter Steinmeier (SPD) blieb zahlreichen B\u00fcrgern der Bundesrepublik vor allem [&hellip;]<\/p>\n","protected":false},"author":3,"featured_media":52476,"comment_status":"open","ping_status":"open","sticky":false,"template":"","format":"standard","meta":{"_yoast_indexnow_last_ping":["1703963246"],"wp_automatic_camp":["217"],"b5f4f63cd02b3fea268db982d2e1254a":["Steinmeier: Vom &quot;besten Deutschland&quot; zu &quot;Deutschland bleibt ein gutes Land&quot; in drei Jahren"],"original_link":["https:\/\/de.rt.com\/inland\/191344-steinmeier-vom-besten-deutschland-zu\/"],"_thumbnail_id":["52476"],"jnews_social_counter_last_update":["1777254022"],"_wptgpro_p2tg_sent2tg":["a:1:{i:23737;s:19:\"2023-12-30 21:09:33\";}"]},"categories":[19,23],"tags":[487,19179,3836,357,9421,1728,34600,52067,19197,1723,1010],"yoast_head":"<!-- This site is optimized with the Yoast SEO Premium plugin v22.7 (Yoast SEO v22.7) - https:\/\/yoast.com\/wordpress\/plugins\/seo\/ -->\n<title>Steinmeier: Vom &quot;besten Deutschland&quot; zu &quot;Deutschland bleibt ein gutes Land&quot; in drei Jahren - just-now.NEWS Deutschland<\/title>\n<meta name=\"robots\" content=\"index, follow, max-snippet:-1, max-image-preview:large, max-video-preview:-1\" \/>\n<link rel=\"canonical\" href=\"https:\/\/now-news.de\/de\/deutschland\/steinmeier-vom-besten-deutschland-zu-deutschland-bleibt-ein-gutes-land-in-drei-jahren\/\" \/>\n<meta property=\"og:locale\" content=\"de_DE\" \/>\n<meta property=\"og:type\" content=\"article\" \/>\n<meta property=\"og:title\" content=\"Steinmeier: Vom &quot;besten Deutschland&quot; zu &quot;Deutschland bleibt ein gutes Land&quot; in drei Jahren\" \/>\n<meta property=\"og:description\" content=\"Laut Bundespr\u00e4sident Frank-Walter Steinmeier leben &#8220;wir heute in dem besten Deutschland, das es jemals gegeben hat&#8221;. Doch auch Steinmeier scheint es mittlerweile schwerzufallen, die Lage sch\u00f6nzureden. Drei Jahre sp\u00e4ter hei\u00dft es nur noch: &#8220;Deutschland ist und bleibt ein gutes Land&#8221;. Von den Reden des Bundespr\u00e4sidenten Frank-Walter Steinmeier (SPD) blieb zahlreichen B\u00fcrgern der Bundesrepublik vor allem [&hellip;]\" \/>\n<meta property=\"og:url\" content=\"https:\/\/now-news.de\/de\/deutschland\/steinmeier-vom-besten-deutschland-zu-deutschland-bleibt-ein-gutes-land-in-drei-jahren\/\" \/>\n<meta property=\"og:site_name\" content=\"just-now.NEWS Deutschland\" \/>\n<meta property=\"article:publisher\" content=\"https:\/\/www.facebook.com\/wirmachenauf\" \/>\n<meta property=\"article:published_time\" content=\"2023-12-30T18:58:31+00:00\" \/>\n<meta property=\"og:image\" content=\"https:\/\/now-news.de\/de\/wp-content\/uploads\/sites\/3\/2023\/12\/Steinmeier-Vom-quotbesten-Deutschlandquot-zu-quotDeutschland-bleibt-ein-gutes-Landquot.jpg\" \/>\n\t<meta property=\"og:image:width\" content=\"460\" \/>\n\t<meta property=\"og:image:height\" content=\"259\" \/>\n\t<meta property=\"og:image:type\" content=\"image\/jpeg\" \/>\n<meta name=\"author\" content=\"rtnews\" \/>\n<meta name=\"twitter:card\" content=\"summary_large_image\" \/>\n<meta name=\"twitter:creator\" content=\"@WirMachenAuf_de\" \/>\n<meta name=\"twitter:site\" content=\"@WirMachenAuf_de\" \/>\n<meta name=\"twitter:label1\" content=\"Verfasst von\" \/>\n\t<meta name=\"twitter:data1\" content=\"rtnews\" \/>\n\t<meta name=\"twitter:label2\" content=\"Gesch\u00e4tzte Lesezeit\" \/>\n\t<meta name=\"twitter:data2\" content=\"2\u00a0Minuten\" \/>\n<script type=\"application\/ld+json\" class=\"yoast-schema-graph\">{\"@context\":\"https:\/\/schema.org\",\"@graph\":[{\"@type\":\"Article\",\"@id\":\"https:\/\/now-news.de\/de\/deutschland\/steinmeier-vom-besten-deutschland-zu-deutschland-bleibt-ein-gutes-land-in-drei-jahren\/#article\",\"isPartOf\":{\"@id\":\"https:\/\/now-news.de\/de\/deutschland\/steinmeier-vom-besten-deutschland-zu-deutschland-bleibt-ein-gutes-land-in-drei-jahren\/\"},\"author\":{\"name\":\"rtnews\",\"@id\":\"https:\/\/now-news.de\/de\/#\/schema\/person\/fb534a4e865501d8b3285208df34a9b5\"},\"headline\":\"Steinmeier: Vom &quot;besten Deutschland&quot; zu &quot;Deutschland bleibt ein gutes Land&quot; in drei Jahren\",\"datePublished\":\"2023-12-30T18:58:31+00:00\",\"dateModified\":\"2023-12-30T18:58:31+00:00\",\"mainEntityOfPage\":{\"@id\":\"https:\/\/now-news.de\/de\/deutschland\/steinmeier-vom-besten-deutschland-zu-deutschland-bleibt-ein-gutes-land-in-drei-jahren\/\"},\"wordCount\":355,\"commentCount\":0,\"publisher\":{\"@id\":\"https:\/\/now-news.de\/de\/#organization\"},\"image\":{\"@id\":\"https:\/\/now-news.de\/de\/deutschland\/steinmeier-vom-besten-deutschland-zu-deutschland-bleibt-ein-gutes-land-in-drei-jahren\/#primaryimage\"},\"thumbnailUrl\":\"https:\/\/now-news.de\/de\/wp-content\/uploads\/sites\/3\/2023\/12\/Steinmeier-Vom-quotbesten-Deutschlandquot-zu-quotDeutschland-bleibt-ein-gutes-Landquot.jpg\",\"keywords\":[\"bleibt\",\"Deutschlandquot\",\"drei\",\"ein\",\"gutes\",\"Jahren\",\"Landquot\",\"quotbesten\",\"quotDeutschland\",\"Steinmeier\",\"vom\"],\"articleSection\":[\"Deutschland\",\"Russland\"],\"inLanguage\":\"de\",\"potentialAction\":[{\"@type\":\"CommentAction\",\"name\":\"Comment\",\"target\":[\"https:\/\/now-news.de\/de\/deutschland\/steinmeier-vom-besten-deutschland-zu-deutschland-bleibt-ein-gutes-land-in-drei-jahren\/#respond\"]}]},{\"@type\":\"WebPage\",\"@id\":\"https:\/\/now-news.de\/de\/deutschland\/steinmeier-vom-besten-deutschland-zu-deutschland-bleibt-ein-gutes-land-in-drei-jahren\/\",\"url\":\"https:\/\/now-news.de\/de\/deutschland\/steinmeier-vom-besten-deutschland-zu-deutschland-bleibt-ein-gutes-land-in-drei-jahren\/\",\"name\":\"Steinmeier: Vom &quot;besten Deutschland&quot; zu &quot;Deutschland bleibt ein gutes Land&quot; in drei Jahren - just-now.NEWS Deutschland\",\"isPartOf\":{\"@id\":\"https:\/\/now-news.de\/de\/#website\"},\"primaryImageOfPage\":{\"@id\":\"https:\/\/now-news.de\/de\/deutschland\/steinmeier-vom-besten-deutschland-zu-deutschland-bleibt-ein-gutes-land-in-drei-jahren\/#primaryimage\"},\"image\":{\"@id\":\"https:\/\/now-news.de\/de\/deutschland\/steinmeier-vom-besten-deutschland-zu-deutschland-bleibt-ein-gutes-land-in-drei-jahren\/#primaryimage\"},\"thumbnailUrl\":\"https:\/\/now-news.de\/de\/wp-content\/uploads\/sites\/3\/2023\/12\/Steinmeier-Vom-quotbesten-Deutschlandquot-zu-quotDeutschland-bleibt-ein-gutes-Landquot.jpg\",\"datePublished\":\"2023-12-30T18:58:31+00:00\",\"dateModified\":\"2023-12-30T18:58:31+00:00\",\"breadcrumb\":{\"@id\":\"https:\/\/now-news.de\/de\/deutschland\/steinmeier-vom-besten-deutschland-zu-deutschland-bleibt-ein-gutes-land-in-drei-jahren\/#breadcrumb\"},\"inLanguage\":\"de\",\"potentialAction\":[{\"@type\":\"ReadAction\",\"target\":[\"https:\/\/now-news.de\/de\/deutschland\/steinmeier-vom-besten-deutschland-zu-deutschland-bleibt-ein-gutes-land-in-drei-jahren\/\"]}]},{\"@type\":\"ImageObject\",\"inLanguage\":\"de\",\"@id\":\"https:\/\/now-news.de\/de\/deutschland\/steinmeier-vom-besten-deutschland-zu-deutschland-bleibt-ein-gutes-land-in-drei-jahren\/#primaryimage\",\"url\":\"https:\/\/now-news.de\/de\/wp-content\/uploads\/sites\/3\/2023\/12\/Steinmeier-Vom-quotbesten-Deutschlandquot-zu-quotDeutschland-bleibt-ein-gutes-Landquot.jpg\",\"contentUrl\":\"https:\/\/now-news.de\/de\/wp-content\/uploads\/sites\/3\/2023\/12\/Steinmeier-Vom-quotbesten-Deutschlandquot-zu-quotDeutschland-bleibt-ein-gutes-Landquot.jpg\",\"width\":460,\"height\":259,\"caption\":\"Steinmeier: Vom &quot;besten Deutschland&quot; zu &quot;Deutschland bleibt ein gutes Land&quot; in drei Jahren\"},{\"@type\":\"BreadcrumbList\",\"@id\":\"https:\/\/now-news.de\/de\/deutschland\/steinmeier-vom-besten-deutschland-zu-deutschland-bleibt-ein-gutes-land-in-drei-jahren\/#breadcrumb\",\"itemListElement\":[{\"@type\":\"ListItem\",\"position\":1,\"name\":\"Home\",\"item\":\"https:\/\/now-news.de\/de\/\"},{\"@type\":\"ListItem\",\"position\":2,\"name\":\"Steinmeier: Vom &quot;besten Deutschland&quot; zu &quot;Deutschland bleibt ein gutes Land&quot; in drei Jahren\"}]},{\"@type\":\"WebSite\",\"@id\":\"https:\/\/now-news.de\/de\/#website\",\"url\":\"https:\/\/now-news.de\/de\/\",\"name\":\"just-now.NEWS Deutschland\",\"description\":\"Das Portal f\u00fcr unzensierte Nachrichten aus der Welt\",\"publisher\":{\"@id\":\"https:\/\/now-news.de\/de\/#organization\"},\"potentialAction\":[{\"@type\":\"SearchAction\",\"target\":{\"@type\":\"EntryPoint\",\"urlTemplate\":\"https:\/\/now-news.de\/de\/?s={search_term_string}\"},\"query-input\":\"required name=search_term_string\"}],\"inLanguage\":\"de\"},{\"@type\":\"Organization\",\"@id\":\"https:\/\/now-news.de\/de\/#organization\",\"name\":\"Just Now News\",\"url\":\"https:\/\/now-news.de\/de\/\",\"logo\":{\"@type\":\"ImageObject\",\"inLanguage\":\"de\",\"@id\":\"https:\/\/now-news.de\/de\/#\/schema\/logo\/image\/\",\"url\":\"http:\/\/just-now.news\/de\/wp-content\/uploads\/sites\/3\/2022\/04\/logo500x500.jpg\",\"contentUrl\":\"http:\/\/just-now.news\/de\/wp-content\/uploads\/sites\/3\/2022\/04\/logo500x500.jpg\",\"width\":500,\"height\":500,\"caption\":\"Just Now News\"},\"image\":{\"@id\":\"https:\/\/now-news.de\/de\/#\/schema\/logo\/image\/\"},\"sameAs\":[\"https:\/\/www.facebook.com\/wirmachenauf\",\"https:\/\/x.com\/WirMachenAuf_de\"]},{\"@type\":\"Person\",\"@id\":\"https:\/\/now-news.de\/de\/#\/schema\/person\/fb534a4e865501d8b3285208df34a9b5\",\"name\":\"rtnews\",\"image\":{\"@type\":\"ImageObject\",\"inLanguage\":\"de\",\"@id\":\"https:\/\/now-news.de\/de\/#\/schema\/person\/image\/\",\"url\":\"https:\/\/secure.gravatar.com\/avatar\/82aafea7d8127119dd649515f56e2117?s=96&d=mm&r=g\",\"contentUrl\":\"https:\/\/secure.gravatar.com\/avatar\/82aafea7d8127119dd649515f56e2117?s=96&d=mm&r=g\",\"caption\":\"rtnews\"},\"url\":\"https:\/\/now-news.de\/de\/author\/rnews\/\"}]}<\/script>\n<!-- \/ Yoast SEO Premium plugin. -->","yoast_head_json":{"title":"Steinmeier: Vom &quot;besten Deutschland&quot; zu &quot;Deutschland bleibt ein gutes Land&quot; in drei Jahren - just-now.NEWS Deutschland","robots":{"index":"index","follow":"follow","max-snippet":"max-snippet:-1","max-image-preview":"max-image-preview:large","max-video-preview":"max-video-preview:-1"},"canonical":"https:\/\/now-news.de\/de\/deutschland\/steinmeier-vom-besten-deutschland-zu-deutschland-bleibt-ein-gutes-land-in-drei-jahren\/","og_locale":"de_DE","og_type":"article","og_title":"Steinmeier: Vom &quot;besten Deutschland&quot; zu &quot;Deutschland bleibt ein gutes Land&quot; in drei Jahren","og_description":"Laut Bundespr\u00e4sident Frank-Walter Steinmeier leben &#8220;wir heute in dem besten Deutschland, das es jemals gegeben hat&#8221;. Doch auch Steinmeier scheint es mittlerweile schwerzufallen, die Lage sch\u00f6nzureden. Drei Jahre sp\u00e4ter hei\u00dft es nur noch: &#8220;Deutschland ist und bleibt ein gutes Land&#8221;. Von den Reden des Bundespr\u00e4sidenten Frank-Walter Steinmeier (SPD) blieb zahlreichen B\u00fcrgern der Bundesrepublik vor allem [&hellip;]","og_url":"https:\/\/now-news.de\/de\/deutschland\/steinmeier-vom-besten-deutschland-zu-deutschland-bleibt-ein-gutes-land-in-drei-jahren\/","og_site_name":"just-now.NEWS Deutschland","article_publisher":"https:\/\/www.facebook.com\/wirmachenauf","article_published_time":"2023-12-30T18:58:31+00:00","og_image":[{"width":460,"height":259,"url":"https:\/\/now-news.de\/de\/wp-content\/uploads\/sites\/3\/2023\/12\/Steinmeier-Vom-quotbesten-Deutschlandquot-zu-quotDeutschland-bleibt-ein-gutes-Landquot.jpg","type":"image\/jpeg"}],"author":"rtnews","twitter_card":"summary_large_image","twitter_creator":"@WirMachenAuf_de","twitter_site":"@WirMachenAuf_de","twitter_misc":{"Verfasst von":"rtnews","Gesch\u00e4tzte Lesezeit":"2\u00a0Minuten"},"schema":{"@context":"https:\/\/schema.org","@graph":[{"@type":"Article","@id":"https:\/\/now-news.de\/de\/deutschland\/steinmeier-vom-besten-deutschland-zu-deutschland-bleibt-ein-gutes-land-in-drei-jahren\/#article","isPartOf":{"@id":"https:\/\/now-news.de\/de\/deutschland\/steinmeier-vom-besten-deutschland-zu-deutschland-bleibt-ein-gutes-land-in-drei-jahren\/"},"author":{"name":"rtnews","@id":"https:\/\/now-news.de\/de\/#\/schema\/person\/fb534a4e865501d8b3285208df34a9b5"},"headline":"Steinmeier: Vom &quot;besten Deutschland&quot; zu &quot;Deutschland bleibt ein gutes Land&quot; in drei Jahren","datePublished":"2023-12-30T18:58:31+00:00","dateModified":"2023-12-30T18:58:31+00:00","mainEntityOfPage":{"@id":"https:\/\/now-news.de\/de\/deutschland\/steinmeier-vom-besten-deutschland-zu-deutschland-bleibt-ein-gutes-land-in-drei-jahren\/"},"wordCount":355,"commentCount":0,"publisher":{"@id":"https:\/\/now-news.de\/de\/#organization"},"image":{"@id":"https:\/\/now-news.de\/de\/deutschland\/steinmeier-vom-besten-deutschland-zu-deutschland-bleibt-ein-gutes-land-in-drei-jahren\/#primaryimage"},"thumbnailUrl":"https:\/\/now-news.de\/de\/wp-content\/uploads\/sites\/3\/2023\/12\/Steinmeier-Vom-quotbesten-Deutschlandquot-zu-quotDeutschland-bleibt-ein-gutes-Landquot.jpg","keywords":["bleibt","Deutschlandquot","drei","ein","gutes","Jahren","Landquot","quotbesten","quotDeutschland","Steinmeier","vom"],"articleSection":["Deutschland","Russland"],"inLanguage":"de","potentialAction":[{"@type":"CommentAction","name":"Comment","target":["https:\/\/now-news.de\/de\/deutschland\/steinmeier-vom-besten-deutschland-zu-deutschland-bleibt-ein-gutes-land-in-drei-jahren\/#respond"]}]},{"@type":"WebPage","@id":"https:\/\/now-news.de\/de\/deutschland\/steinmeier-vom-besten-deutschland-zu-deutschland-bleibt-ein-gutes-land-in-drei-jahren\/","url":"https:\/\/now-news.de\/de\/deutschland\/steinmeier-vom-besten-deutschland-zu-deutschland-bleibt-ein-gutes-land-in-drei-jahren\/","name":"Steinmeier: Vom &quot;besten Deutschland&quot; zu &quot;Deutschland bleibt ein gutes Land&quot; in drei Jahren - just-now.NEWS Deutschland","isPartOf":{"@id":"https:\/\/now-news.de\/de\/#website"},"primaryImageOfPage":{"@id":"https:\/\/now-news.de\/de\/deutschland\/steinmeier-vom-besten-deutschland-zu-deutschland-bleibt-ein-gutes-land-in-drei-jahren\/#primaryimage"},"image":{"@id":"https:\/\/now-news.de\/de\/deutschland\/steinmeier-vom-besten-deutschland-zu-deutschland-bleibt-ein-gutes-land-in-drei-jahren\/#primaryimage"},"thumbnailUrl":"https:\/\/now-news.de\/de\/wp-content\/uploads\/sites\/3\/2023\/12\/Steinmeier-Vom-quotbesten-Deutschlandquot-zu-quotDeutschland-bleibt-ein-gutes-Landquot.jpg","datePublished":"2023-12-30T18:58:31+00:00","dateModified":"2023-12-30T18:58:31+00:00","breadcrumb":{"@id":"https:\/\/now-news.de\/de\/deutschland\/steinmeier-vom-besten-deutschland-zu-deutschland-bleibt-ein-gutes-land-in-drei-jahren\/#breadcrumb"},"inLanguage":"de","potentialAction":[{"@type":"ReadAction","target":["https:\/\/now-news.de\/de\/deutschland\/steinmeier-vom-besten-deutschland-zu-deutschland-bleibt-ein-gutes-land-in-drei-jahren\/"]}]},{"@type":"ImageObject","inLanguage":"de","@id":"https:\/\/now-news.de\/de\/deutschland\/steinmeier-vom-besten-deutschland-zu-deutschland-bleibt-ein-gutes-land-in-drei-jahren\/#primaryimage","url":"https:\/\/now-news.de\/de\/wp-content\/uploads\/sites\/3\/2023\/12\/Steinmeier-Vom-quotbesten-Deutschlandquot-zu-quotDeutschland-bleibt-ein-gutes-Landquot.jpg","contentUrl":"https:\/\/now-news.de\/de\/wp-content\/uploads\/sites\/3\/2023\/12\/Steinmeier-Vom-quotbesten-Deutschlandquot-zu-quotDeutschland-bleibt-ein-gutes-Landquot.jpg","width":460,"height":259,"caption":"Steinmeier: Vom &quot;besten Deutschland&quot; zu &quot;Deutschland bleibt ein gutes Land&quot; in drei Jahren"},{"@type":"BreadcrumbList","@id":"https:\/\/now-news.de\/de\/deutschland\/steinmeier-vom-besten-deutschland-zu-deutschland-bleibt-ein-gutes-land-in-drei-jahren\/#breadcrumb","itemListElement":[{"@type":"ListItem","position":1,"name":"Home","item":"https:\/\/now-news.de\/de\/"},{"@type":"ListItem","position":2,"name":"Steinmeier: Vom &quot;besten Deutschland&quot; zu &quot;Deutschland bleibt ein gutes Land&quot; in drei Jahren"}]},{"@type":"WebSite","@id":"https:\/\/now-news.de\/de\/#website","url":"https:\/\/now-news.de\/de\/","name":"just-now.NEWS Deutschland","description":"Das Portal f\u00fcr unzensierte Nachrichten aus der Welt","publisher":{"@id":"https:\/\/now-news.de\/de\/#organization"},"potentialAction":[{"@type":"SearchAction","target":{"@type":"EntryPoint","urlTemplate":"https:\/\/now-news.de\/de\/?s={search_term_string}"},"query-input":"required name=search_term_string"}],"inLanguage":"de"},{"@type":"Organization","@id":"https:\/\/now-news.de\/de\/#organization","name":"Just Now News","url":"https:\/\/now-news.de\/de\/","logo":{"@type":"ImageObject","inLanguage":"de","@id":"https:\/\/now-news.de\/de\/#\/schema\/logo\/image\/","url":"http:\/\/just-now.news\/de\/wp-content\/uploads\/sites\/3\/2022\/04\/logo500x500.jpg","contentUrl":"http:\/\/just-now.news\/de\/wp-content\/uploads\/sites\/3\/2022\/04\/logo500x500.jpg","width":500,"height":500,"caption":"Just Now News"},"image":{"@id":"https:\/\/now-news.de\/de\/#\/schema\/logo\/image\/"},"sameAs":["https:\/\/www.facebook.com\/wirmachenauf","https:\/\/x.com\/WirMachenAuf_de"]},{"@type":"Person","@id":"https:\/\/now-news.de\/de\/#\/schema\/person\/fb534a4e865501d8b3285208df34a9b5","name":"rtnews","image":{"@type":"ImageObject","inLanguage":"de","@id":"https:\/\/now-news.de\/de\/#\/schema\/person\/image\/","url":"https:\/\/secure.gravatar.com\/avatar\/82aafea7d8127119dd649515f56e2117?s=96&d=mm&r=g","contentUrl":"https:\/\/secure.gravatar.com\/avatar\/82aafea7d8127119dd649515f56e2117?s=96&d=mm&r=g","caption":"rtnews"},"url":"https:\/\/now-news.de\/de\/author\/rnews\/"}]}},"_links":{"self":[{"href":"https:\/\/now-news.de\/de\/wp-json\/wp\/v2\/posts\/52475"}],"collection":[{"href":"https:\/\/now-news.de\/de\/wp-json\/wp\/v2\/posts"}],"about":[{"href":"https:\/\/now-news.de\/de\/wp-json\/wp\/v2\/types\/post"}],"author":[{"embeddable":true,"href":"https:\/\/now-news.de\/de\/wp-json\/wp\/v2\/users\/3"}],"replies":[{"embeddable":true,"href":"https:\/\/now-news.de\/de\/wp-json\/wp\/v2\/comments?post=52475"}],"version-history":[{"count":0,"href":"https:\/\/now-news.de\/de\/wp-json\/wp\/v2\/posts\/52475\/revisions"}],"wp:featuredmedia":[{"embeddable":true,"href":"https:\/\/now-news.de\/de\/wp-json\/wp\/v2\/media\/52476"}],"wp:attachment":[{"href":"https:\/\/now-news.de\/de\/wp-json\/wp\/v2\/media?parent=52475"}],"wp:term":[{"taxonomy":"category","embeddable":true,"href":"https:\/\/now-news.de\/de\/wp-json\/wp\/v2\/categories?post=52475"},{"taxonomy":"post_tag","embeddable":true,"href":"https:\/\/now-news.de\/de\/wp-json\/wp\/v2\/tags?post=52475"}],"curies":[{"name":"wp","href":"https:\/\/api.w.org\/{rel}","templated":true}]}}