{"id":52445,"date":"2023-12-30T15:03:49","date_gmt":"2023-12-30T13:03:49","guid":{"rendered":"https:\/\/just-now.news\/de\/deutschland\/nebensja-die-ukraine-und-der-westen-werden-bald-die-schlimmsten-nachrichten-erhalten\/"},"modified":"2023-12-30T15:03:49","modified_gmt":"2023-12-30T13:03:49","slug":"nebensja-die-ukraine-und-der-westen-werden-bald-die-schlimmsten-nachrichten-erhalten","status":"publish","type":"post","link":"https:\/\/now-news.de\/de\/deutschland\/nebensja-die-ukraine-und-der-westen-werden-bald-die-schlimmsten-nachrichten-erhalten\/","title":{"rendered":"Nebensja: Die Ukraine und der Westen werden bald &quot;die schlimmsten Nachrichten&quot; erhalten"},"content":{"rendered":"<p><img decoding=\"async\" src=\"http:\/\/just-now.news\/de\/wp-content\/uploads\/sites\/3\/2023\/12\/659002c6b480cc5e01278808.jpg\" \/><\/p>\n<div class=\"Text-root Text-type_1 \">\n                Die milit\u00e4rischen Pl\u00e4ne Kiews sind gescheitert, erkl\u00e4rte der St\u00e4ndige Vertreter Russlands, Wassili Nebensja, in einer Sitzung des UN-Sicherheitsrats. Er k\u00fcndigte der Ukraine und ihren westlichen Verb\u00fcndeten in naher Zukunft &#8220;die schlimmsten Nachrichten&#8221; an.\n            <\/div>\n<p><\/p>\n<div class=\"Text-root Text-type_5 ArticleView-text ViewText-root \">\n<p>Wassili Nebensja, der St\u00e4ndige Vertreter Russlands bei den Vereinten Nationen, hat Kiew und den Westen in einer Sitzung des UN-Sicherheitsrats aufgefordert, &#8220;in naher Zukunft mit den schlimmsten Nachrichten zu rechnen&#8221;. Die Sendung wurde auf dem YouTube-Kanal der internationalen Organisation <a rel=\"nofollow noopener\" target=\"_blank\" href=\"https:\/\/www.youtube.com\/watch?v=xrWpoTcQ728\">ausgestrahlt<\/a>.<strong><em><\/em><\/strong><\/p>\n<p>Ihm zufolge verf\u00fcgt die Ukraine nicht \u00fcber die Mittel, um &#8220;einen Durchbruch zu erzielen, aber zumindest die Situation an der Kontaktlinie zu halten&#8221;. An die Vertreter der Ukraine und des Westens gerichtet, sagte Nebensja:<\/p>\n<blockquote>\n<p><em>&#8220;Die milit\u00e4rischen Pl\u00e4ne des Kiewer Regimes haben ein totales Fiasko erlitten, also erwarten Sie die schlechtesten Nachrichten f\u00fcr Sie und Ihre ukrainischen Stellvertreter in sehr naher Zukunft und unabh\u00e4ngig davon, ob neue milit\u00e4rische und finanzielle Hilfspakete in Washington oder Br\u00fcssel genehmigt werden.&#8221;<\/em><\/p>\n<\/blockquote>\n<p>Der Politiker f\u00fcgte hinzu:<\/p>\n<blockquote>\n<p><em>&#8220;Wenn es heute etwas zu besprechen gibt, dann sind es die Aktionen der ukrainischen Luftabwehrsysteme, die unter Verletzung des humanit\u00e4ren V\u00f6lkerrechts in Wohngebieten ukrainischer St\u00e4dte stationiert sind.&#8221;<\/em><\/p>\n<\/blockquote>\n<p>Er betonte, dass es &#8220;ohne die Arbeit der ukrainischen Luftabwehrkr\u00e4fte keine Opfer unter den Einwohnern g\u00e4be&#8221;.<\/p>\n<p>Nebensja bezeichnete die heutige Ukraine auch als &#8220;ein privates Milit\u00e4runternehmen in den H\u00e4nden westlicher L\u00e4nder, dessen Aufgabe es ist, Russland maximalen Schaden zuzuf\u00fcgen&#8221;. Der russische Diplomat schloss:<\/p>\n<blockquote>\n<p><em>&#8220;Unsere Aufgabe ist es, Kiew daran zu hindern, sein Volk endg\u00fcltig zu vernichten. Wir hoffen, dass die westlichen Verantwortlichen dies irgendwann begreifen werden. Je fr\u00fcher dies geschieht, desto besser f\u00fcr die Ukraine.&#8221;<\/em><\/p>\n<\/blockquote>\n<p>Westliche Politiker haben wiederholt von der Notwendigkeit gesprochen, Russland in der Ukraine zu besiegen. Insbesondere die Pr\u00e4sidenten der USA und Frankreichs, Joe Biden und Emmanuel Macron, sowie der britische Premierminister Rishi Sunak und der deutsche Bundeskanzler Olaf Scholz \u00e4u\u00dferten sich in diesem Sinne. Am 20. Dezember behauptete der Chef der europ\u00e4ischen Diplomatie, Josep Borrell, dass das EU-Projekt im Falle eines Sieges Russlands &#8220;unwiederbringlich gesch\u00e4digt&#8221; werden k\u00f6nnte. Er sagte:<em><\/em><\/p>\n<blockquote>\n<p><em>&#8220;Europa ist in Gefahr. Wenn wir zulassen, dass Putin in der Ukraine gewinnt, wenn wir zulassen, dass die aktuelle Trag\u00f6die in Gaza weitergeht, k\u00f6nnte das europ\u00e4ische Projekt unwiderruflich besch\u00e4digt werden. Wir m\u00fcssen die \u00c4rmel hochkrempeln, um das zu verhindern.&#8221;<\/em><\/p>\n<\/blockquote>\n<p>Dennoch berichtete <em>Politico<\/em> am 27. Dezember unter Berufung auf Quellen, dass die Vereinigten Staaten aufgrund des Scheiterns der Gegenoffensive der ukrainischen Streitkr\u00e4fte und der Probleme bei der Einigung \u00fcber die Finanzierung begonnen h\u00e4tten, ihre Strategie gegen\u00fcber der Ukraine zugunsten von Verhandlungen zu revidieren, die wahrscheinlich territoriale Zugest\u00e4ndnisse beinhalten w\u00fcrden. Die ukrainischen Beh\u00f6rden bestehen auf einen R\u00fcckzug der russischen Truppen an die Grenzen von 1991. Moskau wiederum nennt die Anerkennung der &#8220;territorialen Realit\u00e4ten&#8221; als eine der Bedingungen f\u00fcr die Aufnahme von Verhandlungen.<em><\/em><\/p>\n<p>Russland kritisiert die Unterst\u00fctzung der westlichen L\u00e4nder f\u00fcr die Ukraine. Kremlsprecher Dmitri Peskow sagte zuvor, es gebe &#8220;einen Krieg gegen Russland an allen Fronten, sei es in der Wirtschaft, in den zwischenstaatlichen Beziehungen oder in den Eigentumsverh\u00e4ltnissen&#8221;, und die westlichen L\u00e4nder seien &#8220;bei all dem nicht zimperlich&#8221;. Trotzdem w\u00fcrden alle Ziele der Sonderoperation in der Ukraine erreicht. Putin erkl\u00e4rte am 14. Dezember, dass die russischen Truppen entlang der gesamten Kampflinie besser geworden seien.<\/p>\n<p><strong>Mehr zum Thema<\/strong> &#8211; <a rel=\"nofollow noopener\" target=\"_blank\" href=\"https:\/\/freedert.online\/kurzclips\/video\/191172-letztes-ukraine-hilfspaket-und-frage\/\">Letztes Ukraine-Hilfspaket und die Frage, wof\u00fcr US-Finanzhilfen ausgegeben wurden<\/a><\/p>\n<\/div>\n<p><br \/>\n<br \/><a href=\"https:\/\/de.rt.com\/international\/191304-nebensja-ukraine-und-westen-werden\/\">Source link <\/a><\/p>\n","protected":false},"excerpt":{"rendered":"<p>Die milit\u00e4rischen Pl\u00e4ne Kiews sind gescheitert, erkl\u00e4rte der St\u00e4ndige Vertreter Russlands, Wassili Nebensja, in einer Sitzung des UN-Sicherheitsrats. Er k\u00fcndigte der Ukraine und ihren westlichen Verb\u00fcndeten in naher Zukunft &#8220;die schlimmsten Nachrichten&#8221; an. Wassili Nebensja, der St\u00e4ndige Vertreter Russlands bei den Vereinten Nationen, hat Kiew und den Westen in einer Sitzung des UN-Sicherheitsrats aufgefordert, &#8220;in [&hellip;]<\/p>\n","protected":false},"author":3,"featured_media":52446,"comment_status":"open","ping_status":"open","sticky":false,"template":"","format":"standard","meta":{"_yoast_indexnow_last_ping":["1703941958"],"wp_automatic_camp":["217"],"5603d1efbf46eaadb0a1bd1c8b4379c0":["Nebensja: Die Ukraine und der Westen werden bald &quot;die schlimmsten Nachrichten&quot; erhalten"],"original_link":["https:\/\/de.rt.com\/international\/191304-nebensja-ukraine-und-westen-werden\/"],"_thumbnail_id":["52446"],"_wptgpro_p2tg_sent2tg":["a:1:{i:23737;s:19:\"2023-12-30 15:13:41\";}"],"jnews_social_counter_last_update":["1777624646"]},"categories":[19,23],"tags":[1624,82,45,5243,21875,31952,1933,25822,127,140,1040,378],"yoast_head":"<!-- This site is optimized with the Yoast SEO Premium plugin v22.7 (Yoast SEO v22.7) - https:\/\/yoast.com\/wordpress\/plugins\/seo\/ -->\n<title>Nebensja: Die Ukraine und der Westen werden bald &quot;die schlimmsten Nachrichten&quot; erhalten - just-now.NEWS Deutschland<\/title>\n<meta name=\"robots\" content=\"index, follow, max-snippet:-1, max-image-preview:large, max-video-preview:-1\" \/>\n<link rel=\"canonical\" href=\"https:\/\/now-news.de\/de\/deutschland\/nebensja-die-ukraine-und-der-westen-werden-bald-die-schlimmsten-nachrichten-erhalten\/\" \/>\n<meta property=\"og:locale\" content=\"de_DE\" \/>\n<meta property=\"og:type\" content=\"article\" \/>\n<meta property=\"og:title\" content=\"Nebensja: Die Ukraine und der Westen werden bald &quot;die schlimmsten Nachrichten&quot; erhalten\" \/>\n<meta property=\"og:description\" content=\"Die milit\u00e4rischen Pl\u00e4ne Kiews sind gescheitert, erkl\u00e4rte der St\u00e4ndige Vertreter Russlands, Wassili Nebensja, in einer Sitzung des UN-Sicherheitsrats. Er k\u00fcndigte der Ukraine und ihren westlichen Verb\u00fcndeten in naher Zukunft &#8220;die schlimmsten Nachrichten&#8221; an. Wassili Nebensja, der St\u00e4ndige Vertreter Russlands bei den Vereinten Nationen, hat Kiew und den Westen in einer Sitzung des UN-Sicherheitsrats aufgefordert, &#8220;in [&hellip;]\" \/>\n<meta property=\"og:url\" content=\"https:\/\/now-news.de\/de\/deutschland\/nebensja-die-ukraine-und-der-westen-werden-bald-die-schlimmsten-nachrichten-erhalten\/\" \/>\n<meta property=\"og:site_name\" content=\"just-now.NEWS Deutschland\" \/>\n<meta property=\"article:publisher\" content=\"https:\/\/www.facebook.com\/wirmachenauf\" \/>\n<meta property=\"article:published_time\" content=\"2023-12-30T13:03:49+00:00\" \/>\n<meta property=\"og:image\" content=\"https:\/\/now-news.de\/de\/wp-content\/uploads\/sites\/3\/2023\/12\/Nebensja-Die-Ukraine-und-der-Westen-werden-bald-quotdie-schlimmsten.jpg\" \/>\n\t<meta property=\"og:image:width\" content=\"460\" \/>\n\t<meta property=\"og:image:height\" content=\"259\" \/>\n\t<meta property=\"og:image:type\" content=\"image\/jpeg\" \/>\n<meta name=\"author\" content=\"rtnews\" \/>\n<meta name=\"twitter:card\" content=\"summary_large_image\" \/>\n<meta name=\"twitter:creator\" content=\"@WirMachenAuf_de\" \/>\n<meta name=\"twitter:site\" content=\"@WirMachenAuf_de\" \/>\n<meta name=\"twitter:label1\" content=\"Verfasst von\" \/>\n\t<meta name=\"twitter:data1\" content=\"rtnews\" \/>\n\t<meta name=\"twitter:label2\" content=\"Gesch\u00e4tzte Lesezeit\" \/>\n\t<meta name=\"twitter:data2\" content=\"3\u00a0Minuten\" \/>\n<script type=\"application\/ld+json\" class=\"yoast-schema-graph\">{\"@context\":\"https:\/\/schema.org\",\"@graph\":[{\"@type\":\"Article\",\"@id\":\"https:\/\/now-news.de\/de\/deutschland\/nebensja-die-ukraine-und-der-westen-werden-bald-die-schlimmsten-nachrichten-erhalten\/#article\",\"isPartOf\":{\"@id\":\"https:\/\/now-news.de\/de\/deutschland\/nebensja-die-ukraine-und-der-westen-werden-bald-die-schlimmsten-nachrichten-erhalten\/\"},\"author\":{\"name\":\"rtnews\",\"@id\":\"https:\/\/now-news.de\/de\/#\/schema\/person\/fb534a4e865501d8b3285208df34a9b5\"},\"headline\":\"Nebensja: Die Ukraine und der Westen werden bald &quot;die schlimmsten Nachrichten&quot; erhalten\",\"datePublished\":\"2023-12-30T13:03:49+00:00\",\"dateModified\":\"2023-12-30T13:03:49+00:00\",\"mainEntityOfPage\":{\"@id\":\"https:\/\/now-news.de\/de\/deutschland\/nebensja-die-ukraine-und-der-westen-werden-bald-die-schlimmsten-nachrichten-erhalten\/\"},\"wordCount\":596,\"commentCount\":0,\"publisher\":{\"@id\":\"https:\/\/now-news.de\/de\/#organization\"},\"image\":{\"@id\":\"https:\/\/now-news.de\/de\/deutschland\/nebensja-die-ukraine-und-der-westen-werden-bald-die-schlimmsten-nachrichten-erhalten\/#primaryimage\"},\"thumbnailUrl\":\"https:\/\/now-news.de\/de\/wp-content\/uploads\/sites\/3\/2023\/12\/Nebensja-Die-Ukraine-und-der-Westen-werden-bald-quotdie-schlimmsten.jpg\",\"keywords\":[\"bald\",\"der\",\"die\",\"erhalten\",\"Nachrichtenquot\",\"Nebensja\",\"quotDie\",\"schlimmsten\",\"ukraine\",\"und\",\"Werden\",\"Westen\"],\"articleSection\":[\"Deutschland\",\"Russland\"],\"inLanguage\":\"de\",\"potentialAction\":[{\"@type\":\"CommentAction\",\"name\":\"Comment\",\"target\":[\"https:\/\/now-news.de\/de\/deutschland\/nebensja-die-ukraine-und-der-westen-werden-bald-die-schlimmsten-nachrichten-erhalten\/#respond\"]}]},{\"@type\":\"WebPage\",\"@id\":\"https:\/\/now-news.de\/de\/deutschland\/nebensja-die-ukraine-und-der-westen-werden-bald-die-schlimmsten-nachrichten-erhalten\/\",\"url\":\"https:\/\/now-news.de\/de\/deutschland\/nebensja-die-ukraine-und-der-westen-werden-bald-die-schlimmsten-nachrichten-erhalten\/\",\"name\":\"Nebensja: Die Ukraine und der Westen werden bald &quot;die schlimmsten Nachrichten&quot; erhalten - just-now.NEWS Deutschland\",\"isPartOf\":{\"@id\":\"https:\/\/now-news.de\/de\/#website\"},\"primaryImageOfPage\":{\"@id\":\"https:\/\/now-news.de\/de\/deutschland\/nebensja-die-ukraine-und-der-westen-werden-bald-die-schlimmsten-nachrichten-erhalten\/#primaryimage\"},\"image\":{\"@id\":\"https:\/\/now-news.de\/de\/deutschland\/nebensja-die-ukraine-und-der-westen-werden-bald-die-schlimmsten-nachrichten-erhalten\/#primaryimage\"},\"thumbnailUrl\":\"https:\/\/now-news.de\/de\/wp-content\/uploads\/sites\/3\/2023\/12\/Nebensja-Die-Ukraine-und-der-Westen-werden-bald-quotdie-schlimmsten.jpg\",\"datePublished\":\"2023-12-30T13:03:49+00:00\",\"dateModified\":\"2023-12-30T13:03:49+00:00\",\"breadcrumb\":{\"@id\":\"https:\/\/now-news.de\/de\/deutschland\/nebensja-die-ukraine-und-der-westen-werden-bald-die-schlimmsten-nachrichten-erhalten\/#breadcrumb\"},\"inLanguage\":\"de\",\"potentialAction\":[{\"@type\":\"ReadAction\",\"target\":[\"https:\/\/now-news.de\/de\/deutschland\/nebensja-die-ukraine-und-der-westen-werden-bald-die-schlimmsten-nachrichten-erhalten\/\"]}]},{\"@type\":\"ImageObject\",\"inLanguage\":\"de\",\"@id\":\"https:\/\/now-news.de\/de\/deutschland\/nebensja-die-ukraine-und-der-westen-werden-bald-die-schlimmsten-nachrichten-erhalten\/#primaryimage\",\"url\":\"https:\/\/now-news.de\/de\/wp-content\/uploads\/sites\/3\/2023\/12\/Nebensja-Die-Ukraine-und-der-Westen-werden-bald-quotdie-schlimmsten.jpg\",\"contentUrl\":\"https:\/\/now-news.de\/de\/wp-content\/uploads\/sites\/3\/2023\/12\/Nebensja-Die-Ukraine-und-der-Westen-werden-bald-quotdie-schlimmsten.jpg\",\"width\":460,\"height\":259,\"caption\":\"Nebensja: Die Ukraine und der Westen werden bald &quot;die schlimmsten Nachrichten&quot; erhalten\"},{\"@type\":\"BreadcrumbList\",\"@id\":\"https:\/\/now-news.de\/de\/deutschland\/nebensja-die-ukraine-und-der-westen-werden-bald-die-schlimmsten-nachrichten-erhalten\/#breadcrumb\",\"itemListElement\":[{\"@type\":\"ListItem\",\"position\":1,\"name\":\"Home\",\"item\":\"https:\/\/now-news.de\/de\/\"},{\"@type\":\"ListItem\",\"position\":2,\"name\":\"Nebensja: Die Ukraine und der Westen werden bald &quot;die schlimmsten Nachrichten&quot; erhalten\"}]},{\"@type\":\"WebSite\",\"@id\":\"https:\/\/now-news.de\/de\/#website\",\"url\":\"https:\/\/now-news.de\/de\/\",\"name\":\"just-now.NEWS Deutschland\",\"description\":\"Das Portal f\u00fcr unzensierte Nachrichten aus der Welt\",\"publisher\":{\"@id\":\"https:\/\/now-news.de\/de\/#organization\"},\"potentialAction\":[{\"@type\":\"SearchAction\",\"target\":{\"@type\":\"EntryPoint\",\"urlTemplate\":\"https:\/\/now-news.de\/de\/?s={search_term_string}\"},\"query-input\":\"required name=search_term_string\"}],\"inLanguage\":\"de\"},{\"@type\":\"Organization\",\"@id\":\"https:\/\/now-news.de\/de\/#organization\",\"name\":\"Just Now News\",\"url\":\"https:\/\/now-news.de\/de\/\",\"logo\":{\"@type\":\"ImageObject\",\"inLanguage\":\"de\",\"@id\":\"https:\/\/now-news.de\/de\/#\/schema\/logo\/image\/\",\"url\":\"http:\/\/just-now.news\/de\/wp-content\/uploads\/sites\/3\/2022\/04\/logo500x500.jpg\",\"contentUrl\":\"http:\/\/just-now.news\/de\/wp-content\/uploads\/sites\/3\/2022\/04\/logo500x500.jpg\",\"width\":500,\"height\":500,\"caption\":\"Just Now News\"},\"image\":{\"@id\":\"https:\/\/now-news.de\/de\/#\/schema\/logo\/image\/\"},\"sameAs\":[\"https:\/\/www.facebook.com\/wirmachenauf\",\"https:\/\/x.com\/WirMachenAuf_de\"]},{\"@type\":\"Person\",\"@id\":\"https:\/\/now-news.de\/de\/#\/schema\/person\/fb534a4e865501d8b3285208df34a9b5\",\"name\":\"rtnews\",\"image\":{\"@type\":\"ImageObject\",\"inLanguage\":\"de\",\"@id\":\"https:\/\/now-news.de\/de\/#\/schema\/person\/image\/\",\"url\":\"https:\/\/secure.gravatar.com\/avatar\/82aafea7d8127119dd649515f56e2117?s=96&d=mm&r=g\",\"contentUrl\":\"https:\/\/secure.gravatar.com\/avatar\/82aafea7d8127119dd649515f56e2117?s=96&d=mm&r=g\",\"caption\":\"rtnews\"},\"url\":\"https:\/\/now-news.de\/de\/author\/rnews\/\"}]}<\/script>\n<!-- \/ Yoast SEO Premium plugin. -->","yoast_head_json":{"title":"Nebensja: Die Ukraine und der Westen werden bald &quot;die schlimmsten Nachrichten&quot; erhalten - just-now.NEWS Deutschland","robots":{"index":"index","follow":"follow","max-snippet":"max-snippet:-1","max-image-preview":"max-image-preview:large","max-video-preview":"max-video-preview:-1"},"canonical":"https:\/\/now-news.de\/de\/deutschland\/nebensja-die-ukraine-und-der-westen-werden-bald-die-schlimmsten-nachrichten-erhalten\/","og_locale":"de_DE","og_type":"article","og_title":"Nebensja: Die Ukraine und der Westen werden bald &quot;die schlimmsten Nachrichten&quot; erhalten","og_description":"Die milit\u00e4rischen Pl\u00e4ne Kiews sind gescheitert, erkl\u00e4rte der St\u00e4ndige Vertreter Russlands, Wassili Nebensja, in einer Sitzung des UN-Sicherheitsrats. Er k\u00fcndigte der Ukraine und ihren westlichen Verb\u00fcndeten in naher Zukunft &#8220;die schlimmsten Nachrichten&#8221; an. Wassili Nebensja, der St\u00e4ndige Vertreter Russlands bei den Vereinten Nationen, hat Kiew und den Westen in einer Sitzung des UN-Sicherheitsrats aufgefordert, &#8220;in [&hellip;]","og_url":"https:\/\/now-news.de\/de\/deutschland\/nebensja-die-ukraine-und-der-westen-werden-bald-die-schlimmsten-nachrichten-erhalten\/","og_site_name":"just-now.NEWS Deutschland","article_publisher":"https:\/\/www.facebook.com\/wirmachenauf","article_published_time":"2023-12-30T13:03:49+00:00","og_image":[{"width":460,"height":259,"url":"https:\/\/now-news.de\/de\/wp-content\/uploads\/sites\/3\/2023\/12\/Nebensja-Die-Ukraine-und-der-Westen-werden-bald-quotdie-schlimmsten.jpg","type":"image\/jpeg"}],"author":"rtnews","twitter_card":"summary_large_image","twitter_creator":"@WirMachenAuf_de","twitter_site":"@WirMachenAuf_de","twitter_misc":{"Verfasst von":"rtnews","Gesch\u00e4tzte Lesezeit":"3\u00a0Minuten"},"schema":{"@context":"https:\/\/schema.org","@graph":[{"@type":"Article","@id":"https:\/\/now-news.de\/de\/deutschland\/nebensja-die-ukraine-und-der-westen-werden-bald-die-schlimmsten-nachrichten-erhalten\/#article","isPartOf":{"@id":"https:\/\/now-news.de\/de\/deutschland\/nebensja-die-ukraine-und-der-westen-werden-bald-die-schlimmsten-nachrichten-erhalten\/"},"author":{"name":"rtnews","@id":"https:\/\/now-news.de\/de\/#\/schema\/person\/fb534a4e865501d8b3285208df34a9b5"},"headline":"Nebensja: Die Ukraine und der Westen werden bald &quot;die schlimmsten Nachrichten&quot; erhalten","datePublished":"2023-12-30T13:03:49+00:00","dateModified":"2023-12-30T13:03:49+00:00","mainEntityOfPage":{"@id":"https:\/\/now-news.de\/de\/deutschland\/nebensja-die-ukraine-und-der-westen-werden-bald-die-schlimmsten-nachrichten-erhalten\/"},"wordCount":596,"commentCount":0,"publisher":{"@id":"https:\/\/now-news.de\/de\/#organization"},"image":{"@id":"https:\/\/now-news.de\/de\/deutschland\/nebensja-die-ukraine-und-der-westen-werden-bald-die-schlimmsten-nachrichten-erhalten\/#primaryimage"},"thumbnailUrl":"https:\/\/now-news.de\/de\/wp-content\/uploads\/sites\/3\/2023\/12\/Nebensja-Die-Ukraine-und-der-Westen-werden-bald-quotdie-schlimmsten.jpg","keywords":["bald","der","die","erhalten","Nachrichtenquot","Nebensja","quotDie","schlimmsten","ukraine","und","Werden","Westen"],"articleSection":["Deutschland","Russland"],"inLanguage":"de","potentialAction":[{"@type":"CommentAction","name":"Comment","target":["https:\/\/now-news.de\/de\/deutschland\/nebensja-die-ukraine-und-der-westen-werden-bald-die-schlimmsten-nachrichten-erhalten\/#respond"]}]},{"@type":"WebPage","@id":"https:\/\/now-news.de\/de\/deutschland\/nebensja-die-ukraine-und-der-westen-werden-bald-die-schlimmsten-nachrichten-erhalten\/","url":"https:\/\/now-news.de\/de\/deutschland\/nebensja-die-ukraine-und-der-westen-werden-bald-die-schlimmsten-nachrichten-erhalten\/","name":"Nebensja: Die Ukraine und der Westen werden bald &quot;die schlimmsten Nachrichten&quot; erhalten - just-now.NEWS Deutschland","isPartOf":{"@id":"https:\/\/now-news.de\/de\/#website"},"primaryImageOfPage":{"@id":"https:\/\/now-news.de\/de\/deutschland\/nebensja-die-ukraine-und-der-westen-werden-bald-die-schlimmsten-nachrichten-erhalten\/#primaryimage"},"image":{"@id":"https:\/\/now-news.de\/de\/deutschland\/nebensja-die-ukraine-und-der-westen-werden-bald-die-schlimmsten-nachrichten-erhalten\/#primaryimage"},"thumbnailUrl":"https:\/\/now-news.de\/de\/wp-content\/uploads\/sites\/3\/2023\/12\/Nebensja-Die-Ukraine-und-der-Westen-werden-bald-quotdie-schlimmsten.jpg","datePublished":"2023-12-30T13:03:49+00:00","dateModified":"2023-12-30T13:03:49+00:00","breadcrumb":{"@id":"https:\/\/now-news.de\/de\/deutschland\/nebensja-die-ukraine-und-der-westen-werden-bald-die-schlimmsten-nachrichten-erhalten\/#breadcrumb"},"inLanguage":"de","potentialAction":[{"@type":"ReadAction","target":["https:\/\/now-news.de\/de\/deutschland\/nebensja-die-ukraine-und-der-westen-werden-bald-die-schlimmsten-nachrichten-erhalten\/"]}]},{"@type":"ImageObject","inLanguage":"de","@id":"https:\/\/now-news.de\/de\/deutschland\/nebensja-die-ukraine-und-der-westen-werden-bald-die-schlimmsten-nachrichten-erhalten\/#primaryimage","url":"https:\/\/now-news.de\/de\/wp-content\/uploads\/sites\/3\/2023\/12\/Nebensja-Die-Ukraine-und-der-Westen-werden-bald-quotdie-schlimmsten.jpg","contentUrl":"https:\/\/now-news.de\/de\/wp-content\/uploads\/sites\/3\/2023\/12\/Nebensja-Die-Ukraine-und-der-Westen-werden-bald-quotdie-schlimmsten.jpg","width":460,"height":259,"caption":"Nebensja: Die Ukraine und der Westen werden bald &quot;die schlimmsten Nachrichten&quot; erhalten"},{"@type":"BreadcrumbList","@id":"https:\/\/now-news.de\/de\/deutschland\/nebensja-die-ukraine-und-der-westen-werden-bald-die-schlimmsten-nachrichten-erhalten\/#breadcrumb","itemListElement":[{"@type":"ListItem","position":1,"name":"Home","item":"https:\/\/now-news.de\/de\/"},{"@type":"ListItem","position":2,"name":"Nebensja: Die Ukraine und der Westen werden bald &quot;die schlimmsten Nachrichten&quot; erhalten"}]},{"@type":"WebSite","@id":"https:\/\/now-news.de\/de\/#website","url":"https:\/\/now-news.de\/de\/","name":"just-now.NEWS Deutschland","description":"Das Portal f\u00fcr unzensierte Nachrichten aus der Welt","publisher":{"@id":"https:\/\/now-news.de\/de\/#organization"},"potentialAction":[{"@type":"SearchAction","target":{"@type":"EntryPoint","urlTemplate":"https:\/\/now-news.de\/de\/?s={search_term_string}"},"query-input":"required name=search_term_string"}],"inLanguage":"de"},{"@type":"Organization","@id":"https:\/\/now-news.de\/de\/#organization","name":"Just Now News","url":"https:\/\/now-news.de\/de\/","logo":{"@type":"ImageObject","inLanguage":"de","@id":"https:\/\/now-news.de\/de\/#\/schema\/logo\/image\/","url":"http:\/\/just-now.news\/de\/wp-content\/uploads\/sites\/3\/2022\/04\/logo500x500.jpg","contentUrl":"http:\/\/just-now.news\/de\/wp-content\/uploads\/sites\/3\/2022\/04\/logo500x500.jpg","width":500,"height":500,"caption":"Just Now News"},"image":{"@id":"https:\/\/now-news.de\/de\/#\/schema\/logo\/image\/"},"sameAs":["https:\/\/www.facebook.com\/wirmachenauf","https:\/\/x.com\/WirMachenAuf_de"]},{"@type":"Person","@id":"https:\/\/now-news.de\/de\/#\/schema\/person\/fb534a4e865501d8b3285208df34a9b5","name":"rtnews","image":{"@type":"ImageObject","inLanguage":"de","@id":"https:\/\/now-news.de\/de\/#\/schema\/person\/image\/","url":"https:\/\/secure.gravatar.com\/avatar\/82aafea7d8127119dd649515f56e2117?s=96&d=mm&r=g","contentUrl":"https:\/\/secure.gravatar.com\/avatar\/82aafea7d8127119dd649515f56e2117?s=96&d=mm&r=g","caption":"rtnews"},"url":"https:\/\/now-news.de\/de\/author\/rnews\/"}]}},"_links":{"self":[{"href":"https:\/\/now-news.de\/de\/wp-json\/wp\/v2\/posts\/52445"}],"collection":[{"href":"https:\/\/now-news.de\/de\/wp-json\/wp\/v2\/posts"}],"about":[{"href":"https:\/\/now-news.de\/de\/wp-json\/wp\/v2\/types\/post"}],"author":[{"embeddable":true,"href":"https:\/\/now-news.de\/de\/wp-json\/wp\/v2\/users\/3"}],"replies":[{"embeddable":true,"href":"https:\/\/now-news.de\/de\/wp-json\/wp\/v2\/comments?post=52445"}],"version-history":[{"count":0,"href":"https:\/\/now-news.de\/de\/wp-json\/wp\/v2\/posts\/52445\/revisions"}],"wp:featuredmedia":[{"embeddable":true,"href":"https:\/\/now-news.de\/de\/wp-json\/wp\/v2\/media\/52446"}],"wp:attachment":[{"href":"https:\/\/now-news.de\/de\/wp-json\/wp\/v2\/media?parent=52445"}],"wp:term":[{"taxonomy":"category","embeddable":true,"href":"https:\/\/now-news.de\/de\/wp-json\/wp\/v2\/categories?post=52445"},{"taxonomy":"post_tag","embeddable":true,"href":"https:\/\/now-news.de\/de\/wp-json\/wp\/v2\/tags?post=52445"}],"curies":[{"name":"wp","href":"https:\/\/api.w.org\/{rel}","templated":true}]}}