{"id":5240,"date":"2022-04-30T14:00:10","date_gmt":"2022-04-30T12:00:10","guid":{"rendered":"http:\/\/just-now.news\/de\/deutschland\/fsb-veroeffentlicht-archivdokumente-zu-hitlers-selbstmord-erinnerungen-seines-piloten-hans-baur\/"},"modified":"2022-04-30T14:00:10","modified_gmt":"2022-04-30T12:00:10","slug":"fsb-veroeffentlicht-archivdokumente-zu-hitlers-selbstmord-erinnerungen-seines-piloten-hans-baur","status":"publish","type":"post","link":"https:\/\/now-news.de\/de\/deutschland\/fsb-veroeffentlicht-archivdokumente-zu-hitlers-selbstmord-erinnerungen-seines-piloten-hans-baur\/","title":{"rendered":"FSB ver\u00f6ffentlicht Archivdokumente zu Hitlers Selbstmord \u2013 Erinnerungen seines Piloten Hans Baur"},"content":{"rendered":"<p><\/p>\n<div class=\"Text-root Text-type_5 ArticleView-text ViewText-root \">\n<p>Der russische Inlandsgeheimdienst FSB <a target=\"_blank\" href=\"http:\/\/www.fsb.ru\/fsb\/history\/archival_material\/Baur.htm\" rel=\"noopener\">hat<\/a>\u00a0Archivmaterial \u00fcber den Selbstmord des Nazi-F\u00fchrers Adolf Hitler Ende April 1945 ver\u00f6ffentlicht. Es handelt sich um Dokumente aus der Ermittlungsakte von Hitlers ehemaligem pers\u00f6nlichen Piloten, SS-Gruppenf\u00fchrer Hans Baur, die bei der regionalen FSB-Direktion Nowgorod aufbewahrt wird.<\/p>\n<p>Erstmals werden nun Baurs handschriftliche Autobiografie in deutscher Sprache mit einer \u00dcbersetzung sowie seine Aussage w\u00e4hrend des Verh\u00f6rs durch das NKWD (Innenministerium der UdSSR) im Dezember 1945 vorgelegt.<\/p>\n<p>Laut Baur hat auch Hitlers engster Kreis, der sich neben ihm im Bunker der Reichskanzlei in Berlin befand, von den endg\u00fcltigen Absichten des F\u00fchrers bis Ende April 1945 nicht Bescheid gewusst. W\u00f6rtlich\u00a0hei\u00dft\u00a0es:<\/p>\n<blockquote>\n<p><em>&#8220;Erst am Nachmittag des 30. April rief er mich zusammen mit meinem Adjutanten Oberst Betz zu sich. Hitler empfing mich im Vorzimmer und f\u00fchrte mich in sein Zimmer. Er reichte mir die Hand und sagte: &#8216;Baur, ich m\u00f6chte mich von Ihnen verabschieden, ich m\u00f6chte Ihnen f\u00fcr all Ihre Dienstjahre danken.'&#8221;<\/em><\/p>\n<\/blockquote>\n<p>Der\u00a0Pilot\u00a0beschreibt auch Hitlers \u00e4u\u00dferes Erscheinungsbild:<\/p>\n<blockquote>\n<p><em>&#8220;Er\u00a0ist sehr alt und abgemagert geworden. Seine H\u00e4nde zitterten. Mir war klar, dass er den endg\u00fcltigen Entschluss gefasst hatte, sich umzubringen.&#8221;<\/em><\/p>\n<\/blockquote>\n<p>Hitler soll ihm mitgeteilt haben, dass er ihm sein Lieblingsgem\u00e4lde, ein Portr\u00e4t von Friedrich dem Gro\u00dfen, das in seinem Zimmer hing, als Andenken schenken wolle. Baur versuchte, Hitler vom Selbstmord abzubringen, &#8220;denn dann w\u00fcrde alles in wenigen Stunden zusammenbrechen&#8221;. Hitler antwortete:<\/p>\n<blockquote>\n<p><em>&#8220;Meine Soldaten k\u00f6nnen und werden nicht l\u00e4nger durchhalten. Ich kann es nicht mehr ertragen.&#8221;<\/em><\/p>\n<\/blockquote>\n<p>Weiter soll Hitler gesagt haben, dass &#8220;die Russen am Potsdamer Platz&#8221; seien und ihn lebendig gefangen nehmen k\u00f6nnten, angeblich durch den Einsatz von Bet\u00e4ubungsgas. Hitler f\u00fcgte hinzu, er habe angeordnet, seine Leiche und die seiner\u00a0Ehefrau Eva Braun zu verbrennen, weil er bef\u00fcrchtet habe, dass sie zu Schauzwecken geh\u00e4ngt w\u00fcrden, so wie italienische Partisanen zuvor den Leichnam des faschistischen italienischen F\u00fchrers Benito Mussolini geh\u00e4ngt hatten.<\/p>\n<p>Nachdem Baur und Betz Hitler verlassen hatten, sollen sie sich daran gemacht haben, die Papiere zu vernichten. Einige Stunden nach dem Gespr\u00e4ch soll Baur zur\u00fcckgekommen sein, um das versprochene Portr\u00e4t abzuholen:<\/p>\n<blockquote>\n<p><em>&#8220;Die Diele der Privatr\u00e4ume war stark verqualmt. Einige der SS-Wachen liefen aufgeregt hin und her. Ich fragte: &#8216;Ist es vorbei?&#8217; &#8216;Ja.&#8217; &#8216;Wo sind die Leichen?&#8217; &#8216;Sie wurden in Decken eingewickelt, mit Benzin \u00fcbergossen und brennen bereits oben im Garten des kaiserlichen Amtshauses.'&#8221;<\/em><\/p>\n<\/blockquote>\n<p>Baur war &#8220;extrem schockiert von dem, was passiert ist&#8221;. Der Pilot versuchte sich zu erinnern, wann\u00a0all dies war. Als er sich von Hitler verabschiedete, soll es sechs oder sieben Uhr\u00a0am Abend gewesen sein. Um neun Uhr soll er wieder in die Unterkunft zur\u00fcckgekommen sein.<\/p>\n<p><strong>Mehr zum Thema<\/strong> &#8211; <a target=\"_blank\" href=\"https:\/\/kurz.rt.com\/2xes\" rel=\"noopener\">Sowjetisches Ehrenmal und KZ-Gedenktafel in Neubrandenburg mit blau-gelben Nazi-Symbolen gesch\u00e4ndet<\/a><\/p>\n<\/p>\n<\/div>\n<p><br \/>\n<br \/><a href=\"https:\/\/de.rt.com\/international\/137382-fsb-veroffentlicht-archivdokumente-zu-hitlers\/\">Source link <\/a><\/p>\n","protected":false},"excerpt":{"rendered":"<p>Der russische Inlandsgeheimdienst FSB hat\u00a0Archivmaterial \u00fcber den Selbstmord des Nazi-F\u00fchrers Adolf Hitler Ende April 1945 ver\u00f6ffentlicht. Es handelt sich um Dokumente aus der Ermittlungsakte von Hitlers ehemaligem pers\u00f6nlichen Piloten, SS-Gruppenf\u00fchrer Hans Baur, die bei der regionalen FSB-Direktion Nowgorod aufbewahrt wird. Erstmals werden nun Baurs handschriftliche Autobiografie in deutscher Sprache mit einer \u00dcbersetzung sowie seine Aussage [&hellip;]<\/p>\n","protected":false},"author":3,"featured_media":5241,"comment_status":"open","ping_status":"open","sticky":false,"template":"","format":"standard","meta":{"wp_automatic_camp":["217"],"ca50665572af914444de30bc8c2863f0":["FSB ver\u00f6ffentlicht Archivdokumente zu Hitlers Selbstmord \u2013 Erinnerungen seines Piloten Hans Baur"],"original_link":["https:\/\/de.rt.com\/international\/137382-fsb-veroffentlicht-archivdokumente-zu-hitlers\/"],"_thumbnail_id":["5241"],"wp_automatic_remove_first_image":["yes"],"_wptg_p2tg_sent2tg":["2022-04-30 14:06:06"],"jnews_social_counter_last_update":["1777170919"]},"categories":[19,23],"tags":[14676,14679,14677,10703,14678,6138,3908,841,8169,2329],"yoast_head":"<!-- This site is optimized with the Yoast SEO Premium plugin v22.7 (Yoast SEO v22.7) - https:\/\/yoast.com\/wordpress\/plugins\/seo\/ -->\n<title>FSB ver\u00f6ffentlicht Archivdokumente zu Hitlers Selbstmord \u2013 Erinnerungen seines Piloten Hans Baur - just-now.NEWS Deutschland<\/title>\n<meta name=\"robots\" content=\"index, follow, max-snippet:-1, max-image-preview:large, max-video-preview:-1\" \/>\n<link rel=\"canonical\" href=\"https:\/\/now-news.de\/de\/deutschland\/fsb-veroeffentlicht-archivdokumente-zu-hitlers-selbstmord-erinnerungen-seines-piloten-hans-baur\/\" \/>\n<meta property=\"og:locale\" content=\"de_DE\" \/>\n<meta property=\"og:type\" content=\"article\" \/>\n<meta property=\"og:title\" content=\"FSB ver\u00f6ffentlicht Archivdokumente zu Hitlers Selbstmord \u2013 Erinnerungen seines Piloten Hans Baur\" \/>\n<meta property=\"og:description\" content=\"Der russische Inlandsgeheimdienst FSB hat\u00a0Archivmaterial \u00fcber den Selbstmord des Nazi-F\u00fchrers Adolf Hitler Ende April 1945 ver\u00f6ffentlicht. Es handelt sich um Dokumente aus der Ermittlungsakte von Hitlers ehemaligem pers\u00f6nlichen Piloten, SS-Gruppenf\u00fchrer Hans Baur, die bei der regionalen FSB-Direktion Nowgorod aufbewahrt wird. Erstmals werden nun Baurs handschriftliche Autobiografie in deutscher Sprache mit einer \u00dcbersetzung sowie seine Aussage [&hellip;]\" \/>\n<meta property=\"og:url\" content=\"https:\/\/now-news.de\/de\/deutschland\/fsb-veroeffentlicht-archivdokumente-zu-hitlers-selbstmord-erinnerungen-seines-piloten-hans-baur\/\" \/>\n<meta property=\"og:site_name\" content=\"just-now.NEWS Deutschland\" \/>\n<meta property=\"article:publisher\" content=\"https:\/\/www.facebook.com\/wirmachenauf\" \/>\n<meta property=\"article:published_time\" content=\"2022-04-30T12:00:10+00:00\" \/>\n<meta property=\"og:image\" content=\"https:\/\/now-news.de\/de\/wp-content\/uploads\/sites\/3\/2022\/04\/FSB-veroeffentlicht-Archivdokumente-zu-Hitlers-Selbstmord-\u2013-Erinnerungen-seines-Piloten.jpg\" \/>\n\t<meta property=\"og:image:width\" content=\"1104\" \/>\n\t<meta property=\"og:image:height\" content=\"622\" \/>\n\t<meta property=\"og:image:type\" content=\"image\/jpeg\" \/>\n<meta name=\"author\" content=\"rtnews\" \/>\n<meta name=\"twitter:card\" content=\"summary_large_image\" \/>\n<meta name=\"twitter:creator\" content=\"@WirMachenAuf_de\" \/>\n<meta name=\"twitter:site\" content=\"@WirMachenAuf_de\" \/>\n<meta name=\"twitter:label1\" content=\"Verfasst von\" \/>\n\t<meta name=\"twitter:data1\" content=\"rtnews\" \/>\n\t<meta name=\"twitter:label2\" content=\"Gesch\u00e4tzte Lesezeit\" \/>\n\t<meta name=\"twitter:data2\" content=\"2\u00a0Minuten\" \/>\n<script type=\"application\/ld+json\" class=\"yoast-schema-graph\">{\"@context\":\"https:\/\/schema.org\",\"@graph\":[{\"@type\":\"Article\",\"@id\":\"https:\/\/now-news.de\/de\/deutschland\/fsb-veroeffentlicht-archivdokumente-zu-hitlers-selbstmord-erinnerungen-seines-piloten-hans-baur\/#article\",\"isPartOf\":{\"@id\":\"https:\/\/now-news.de\/de\/deutschland\/fsb-veroeffentlicht-archivdokumente-zu-hitlers-selbstmord-erinnerungen-seines-piloten-hans-baur\/\"},\"author\":{\"name\":\"rtnews\",\"@id\":\"https:\/\/now-news.de\/de\/#\/schema\/person\/fb534a4e865501d8b3285208df34a9b5\"},\"headline\":\"FSB ver\u00f6ffentlicht Archivdokumente zu Hitlers Selbstmord \u2013 Erinnerungen seines Piloten Hans Baur\",\"datePublished\":\"2022-04-30T12:00:10+00:00\",\"dateModified\":\"2022-04-30T12:00:10+00:00\",\"mainEntityOfPage\":{\"@id\":\"https:\/\/now-news.de\/de\/deutschland\/fsb-veroeffentlicht-archivdokumente-zu-hitlers-selbstmord-erinnerungen-seines-piloten-hans-baur\/\"},\"wordCount\":483,\"commentCount\":0,\"publisher\":{\"@id\":\"https:\/\/now-news.de\/de\/#organization\"},\"image\":{\"@id\":\"https:\/\/now-news.de\/de\/deutschland\/fsb-veroeffentlicht-archivdokumente-zu-hitlers-selbstmord-erinnerungen-seines-piloten-hans-baur\/#primaryimage\"},\"thumbnailUrl\":\"https:\/\/now-news.de\/de\/wp-content\/uploads\/sites\/3\/2022\/04\/FSB-veroeffentlicht-Archivdokumente-zu-Hitlers-Selbstmord-\u2013-Erinnerungen-seines-Piloten.jpg\",\"keywords\":[\"Archivdokumente\",\"Baur\",\"Erinnerungen\",\"FSB\",\"Hans\",\"Hitlers\",\"Piloten\",\"seines\",\"Selbstmord\",\"ver\u00f6ffentlicht\"],\"articleSection\":[\"Deutschland\",\"Russland\"],\"inLanguage\":\"de\",\"potentialAction\":[{\"@type\":\"CommentAction\",\"name\":\"Comment\",\"target\":[\"https:\/\/now-news.de\/de\/deutschland\/fsb-veroeffentlicht-archivdokumente-zu-hitlers-selbstmord-erinnerungen-seines-piloten-hans-baur\/#respond\"]}]},{\"@type\":\"WebPage\",\"@id\":\"https:\/\/now-news.de\/de\/deutschland\/fsb-veroeffentlicht-archivdokumente-zu-hitlers-selbstmord-erinnerungen-seines-piloten-hans-baur\/\",\"url\":\"https:\/\/now-news.de\/de\/deutschland\/fsb-veroeffentlicht-archivdokumente-zu-hitlers-selbstmord-erinnerungen-seines-piloten-hans-baur\/\",\"name\":\"FSB ver\u00f6ffentlicht Archivdokumente zu Hitlers Selbstmord \u2013 Erinnerungen seines Piloten Hans Baur - just-now.NEWS Deutschland\",\"isPartOf\":{\"@id\":\"https:\/\/now-news.de\/de\/#website\"},\"primaryImageOfPage\":{\"@id\":\"https:\/\/now-news.de\/de\/deutschland\/fsb-veroeffentlicht-archivdokumente-zu-hitlers-selbstmord-erinnerungen-seines-piloten-hans-baur\/#primaryimage\"},\"image\":{\"@id\":\"https:\/\/now-news.de\/de\/deutschland\/fsb-veroeffentlicht-archivdokumente-zu-hitlers-selbstmord-erinnerungen-seines-piloten-hans-baur\/#primaryimage\"},\"thumbnailUrl\":\"https:\/\/now-news.de\/de\/wp-content\/uploads\/sites\/3\/2022\/04\/FSB-veroeffentlicht-Archivdokumente-zu-Hitlers-Selbstmord-\u2013-Erinnerungen-seines-Piloten.jpg\",\"datePublished\":\"2022-04-30T12:00:10+00:00\",\"dateModified\":\"2022-04-30T12:00:10+00:00\",\"breadcrumb\":{\"@id\":\"https:\/\/now-news.de\/de\/deutschland\/fsb-veroeffentlicht-archivdokumente-zu-hitlers-selbstmord-erinnerungen-seines-piloten-hans-baur\/#breadcrumb\"},\"inLanguage\":\"de\",\"potentialAction\":[{\"@type\":\"ReadAction\",\"target\":[\"https:\/\/now-news.de\/de\/deutschland\/fsb-veroeffentlicht-archivdokumente-zu-hitlers-selbstmord-erinnerungen-seines-piloten-hans-baur\/\"]}]},{\"@type\":\"ImageObject\",\"inLanguage\":\"de\",\"@id\":\"https:\/\/now-news.de\/de\/deutschland\/fsb-veroeffentlicht-archivdokumente-zu-hitlers-selbstmord-erinnerungen-seines-piloten-hans-baur\/#primaryimage\",\"url\":\"https:\/\/now-news.de\/de\/wp-content\/uploads\/sites\/3\/2022\/04\/FSB-veroeffentlicht-Archivdokumente-zu-Hitlers-Selbstmord-\u2013-Erinnerungen-seines-Piloten.jpg\",\"contentUrl\":\"https:\/\/now-news.de\/de\/wp-content\/uploads\/sites\/3\/2022\/04\/FSB-veroeffentlicht-Archivdokumente-zu-Hitlers-Selbstmord-\u2013-Erinnerungen-seines-Piloten.jpg\",\"width\":1104,\"height\":622,\"caption\":\"FSB ver\u00f6ffentlicht Archivdokumente zu Hitlers Selbstmord \u2013 Erinnerungen seines Piloten Hans Baur\"},{\"@type\":\"BreadcrumbList\",\"@id\":\"https:\/\/now-news.de\/de\/deutschland\/fsb-veroeffentlicht-archivdokumente-zu-hitlers-selbstmord-erinnerungen-seines-piloten-hans-baur\/#breadcrumb\",\"itemListElement\":[{\"@type\":\"ListItem\",\"position\":1,\"name\":\"Home\",\"item\":\"https:\/\/now-news.de\/de\/\"},{\"@type\":\"ListItem\",\"position\":2,\"name\":\"FSB ver\u00f6ffentlicht Archivdokumente zu Hitlers Selbstmord \u2013 Erinnerungen seines Piloten Hans Baur\"}]},{\"@type\":\"WebSite\",\"@id\":\"https:\/\/now-news.de\/de\/#website\",\"url\":\"https:\/\/now-news.de\/de\/\",\"name\":\"just-now.NEWS Deutschland\",\"description\":\"Das Portal f\u00fcr unzensierte Nachrichten aus der Welt\",\"publisher\":{\"@id\":\"https:\/\/now-news.de\/de\/#organization\"},\"potentialAction\":[{\"@type\":\"SearchAction\",\"target\":{\"@type\":\"EntryPoint\",\"urlTemplate\":\"https:\/\/now-news.de\/de\/?s={search_term_string}\"},\"query-input\":\"required name=search_term_string\"}],\"inLanguage\":\"de\"},{\"@type\":\"Organization\",\"@id\":\"https:\/\/now-news.de\/de\/#organization\",\"name\":\"Just Now News\",\"url\":\"https:\/\/now-news.de\/de\/\",\"logo\":{\"@type\":\"ImageObject\",\"inLanguage\":\"de\",\"@id\":\"https:\/\/now-news.de\/de\/#\/schema\/logo\/image\/\",\"url\":\"http:\/\/just-now.news\/de\/wp-content\/uploads\/sites\/3\/2022\/04\/logo500x500.jpg\",\"contentUrl\":\"http:\/\/just-now.news\/de\/wp-content\/uploads\/sites\/3\/2022\/04\/logo500x500.jpg\",\"width\":500,\"height\":500,\"caption\":\"Just Now News\"},\"image\":{\"@id\":\"https:\/\/now-news.de\/de\/#\/schema\/logo\/image\/\"},\"sameAs\":[\"https:\/\/www.facebook.com\/wirmachenauf\",\"https:\/\/x.com\/WirMachenAuf_de\"]},{\"@type\":\"Person\",\"@id\":\"https:\/\/now-news.de\/de\/#\/schema\/person\/fb534a4e865501d8b3285208df34a9b5\",\"name\":\"rtnews\",\"image\":{\"@type\":\"ImageObject\",\"inLanguage\":\"de\",\"@id\":\"https:\/\/now-news.de\/de\/#\/schema\/person\/image\/\",\"url\":\"https:\/\/secure.gravatar.com\/avatar\/82aafea7d8127119dd649515f56e2117?s=96&d=mm&r=g\",\"contentUrl\":\"https:\/\/secure.gravatar.com\/avatar\/82aafea7d8127119dd649515f56e2117?s=96&d=mm&r=g\",\"caption\":\"rtnews\"},\"url\":\"https:\/\/now-news.de\/de\/author\/rnews\/\"}]}<\/script>\n<!-- \/ Yoast SEO Premium plugin. -->","yoast_head_json":{"title":"FSB ver\u00f6ffentlicht Archivdokumente zu Hitlers Selbstmord \u2013 Erinnerungen seines Piloten Hans Baur - just-now.NEWS Deutschland","robots":{"index":"index","follow":"follow","max-snippet":"max-snippet:-1","max-image-preview":"max-image-preview:large","max-video-preview":"max-video-preview:-1"},"canonical":"https:\/\/now-news.de\/de\/deutschland\/fsb-veroeffentlicht-archivdokumente-zu-hitlers-selbstmord-erinnerungen-seines-piloten-hans-baur\/","og_locale":"de_DE","og_type":"article","og_title":"FSB ver\u00f6ffentlicht Archivdokumente zu Hitlers Selbstmord \u2013 Erinnerungen seines Piloten Hans Baur","og_description":"Der russische Inlandsgeheimdienst FSB hat\u00a0Archivmaterial \u00fcber den Selbstmord des Nazi-F\u00fchrers Adolf Hitler Ende April 1945 ver\u00f6ffentlicht. Es handelt sich um Dokumente aus der Ermittlungsakte von Hitlers ehemaligem pers\u00f6nlichen Piloten, SS-Gruppenf\u00fchrer Hans Baur, die bei der regionalen FSB-Direktion Nowgorod aufbewahrt wird. Erstmals werden nun Baurs handschriftliche Autobiografie in deutscher Sprache mit einer \u00dcbersetzung sowie seine Aussage [&hellip;]","og_url":"https:\/\/now-news.de\/de\/deutschland\/fsb-veroeffentlicht-archivdokumente-zu-hitlers-selbstmord-erinnerungen-seines-piloten-hans-baur\/","og_site_name":"just-now.NEWS Deutschland","article_publisher":"https:\/\/www.facebook.com\/wirmachenauf","article_published_time":"2022-04-30T12:00:10+00:00","og_image":[{"width":1104,"height":622,"url":"https:\/\/now-news.de\/de\/wp-content\/uploads\/sites\/3\/2022\/04\/FSB-veroeffentlicht-Archivdokumente-zu-Hitlers-Selbstmord-\u2013-Erinnerungen-seines-Piloten.jpg","type":"image\/jpeg"}],"author":"rtnews","twitter_card":"summary_large_image","twitter_creator":"@WirMachenAuf_de","twitter_site":"@WirMachenAuf_de","twitter_misc":{"Verfasst von":"rtnews","Gesch\u00e4tzte Lesezeit":"2\u00a0Minuten"},"schema":{"@context":"https:\/\/schema.org","@graph":[{"@type":"Article","@id":"https:\/\/now-news.de\/de\/deutschland\/fsb-veroeffentlicht-archivdokumente-zu-hitlers-selbstmord-erinnerungen-seines-piloten-hans-baur\/#article","isPartOf":{"@id":"https:\/\/now-news.de\/de\/deutschland\/fsb-veroeffentlicht-archivdokumente-zu-hitlers-selbstmord-erinnerungen-seines-piloten-hans-baur\/"},"author":{"name":"rtnews","@id":"https:\/\/now-news.de\/de\/#\/schema\/person\/fb534a4e865501d8b3285208df34a9b5"},"headline":"FSB ver\u00f6ffentlicht Archivdokumente zu Hitlers Selbstmord \u2013 Erinnerungen seines Piloten Hans Baur","datePublished":"2022-04-30T12:00:10+00:00","dateModified":"2022-04-30T12:00:10+00:00","mainEntityOfPage":{"@id":"https:\/\/now-news.de\/de\/deutschland\/fsb-veroeffentlicht-archivdokumente-zu-hitlers-selbstmord-erinnerungen-seines-piloten-hans-baur\/"},"wordCount":483,"commentCount":0,"publisher":{"@id":"https:\/\/now-news.de\/de\/#organization"},"image":{"@id":"https:\/\/now-news.de\/de\/deutschland\/fsb-veroeffentlicht-archivdokumente-zu-hitlers-selbstmord-erinnerungen-seines-piloten-hans-baur\/#primaryimage"},"thumbnailUrl":"https:\/\/now-news.de\/de\/wp-content\/uploads\/sites\/3\/2022\/04\/FSB-veroeffentlicht-Archivdokumente-zu-Hitlers-Selbstmord-\u2013-Erinnerungen-seines-Piloten.jpg","keywords":["Archivdokumente","Baur","Erinnerungen","FSB","Hans","Hitlers","Piloten","seines","Selbstmord","ver\u00f6ffentlicht"],"articleSection":["Deutschland","Russland"],"inLanguage":"de","potentialAction":[{"@type":"CommentAction","name":"Comment","target":["https:\/\/now-news.de\/de\/deutschland\/fsb-veroeffentlicht-archivdokumente-zu-hitlers-selbstmord-erinnerungen-seines-piloten-hans-baur\/#respond"]}]},{"@type":"WebPage","@id":"https:\/\/now-news.de\/de\/deutschland\/fsb-veroeffentlicht-archivdokumente-zu-hitlers-selbstmord-erinnerungen-seines-piloten-hans-baur\/","url":"https:\/\/now-news.de\/de\/deutschland\/fsb-veroeffentlicht-archivdokumente-zu-hitlers-selbstmord-erinnerungen-seines-piloten-hans-baur\/","name":"FSB ver\u00f6ffentlicht Archivdokumente zu Hitlers Selbstmord \u2013 Erinnerungen seines Piloten Hans Baur - just-now.NEWS Deutschland","isPartOf":{"@id":"https:\/\/now-news.de\/de\/#website"},"primaryImageOfPage":{"@id":"https:\/\/now-news.de\/de\/deutschland\/fsb-veroeffentlicht-archivdokumente-zu-hitlers-selbstmord-erinnerungen-seines-piloten-hans-baur\/#primaryimage"},"image":{"@id":"https:\/\/now-news.de\/de\/deutschland\/fsb-veroeffentlicht-archivdokumente-zu-hitlers-selbstmord-erinnerungen-seines-piloten-hans-baur\/#primaryimage"},"thumbnailUrl":"https:\/\/now-news.de\/de\/wp-content\/uploads\/sites\/3\/2022\/04\/FSB-veroeffentlicht-Archivdokumente-zu-Hitlers-Selbstmord-\u2013-Erinnerungen-seines-Piloten.jpg","datePublished":"2022-04-30T12:00:10+00:00","dateModified":"2022-04-30T12:00:10+00:00","breadcrumb":{"@id":"https:\/\/now-news.de\/de\/deutschland\/fsb-veroeffentlicht-archivdokumente-zu-hitlers-selbstmord-erinnerungen-seines-piloten-hans-baur\/#breadcrumb"},"inLanguage":"de","potentialAction":[{"@type":"ReadAction","target":["https:\/\/now-news.de\/de\/deutschland\/fsb-veroeffentlicht-archivdokumente-zu-hitlers-selbstmord-erinnerungen-seines-piloten-hans-baur\/"]}]},{"@type":"ImageObject","inLanguage":"de","@id":"https:\/\/now-news.de\/de\/deutschland\/fsb-veroeffentlicht-archivdokumente-zu-hitlers-selbstmord-erinnerungen-seines-piloten-hans-baur\/#primaryimage","url":"https:\/\/now-news.de\/de\/wp-content\/uploads\/sites\/3\/2022\/04\/FSB-veroeffentlicht-Archivdokumente-zu-Hitlers-Selbstmord-\u2013-Erinnerungen-seines-Piloten.jpg","contentUrl":"https:\/\/now-news.de\/de\/wp-content\/uploads\/sites\/3\/2022\/04\/FSB-veroeffentlicht-Archivdokumente-zu-Hitlers-Selbstmord-\u2013-Erinnerungen-seines-Piloten.jpg","width":1104,"height":622,"caption":"FSB ver\u00f6ffentlicht Archivdokumente zu Hitlers Selbstmord \u2013 Erinnerungen seines Piloten Hans Baur"},{"@type":"BreadcrumbList","@id":"https:\/\/now-news.de\/de\/deutschland\/fsb-veroeffentlicht-archivdokumente-zu-hitlers-selbstmord-erinnerungen-seines-piloten-hans-baur\/#breadcrumb","itemListElement":[{"@type":"ListItem","position":1,"name":"Home","item":"https:\/\/now-news.de\/de\/"},{"@type":"ListItem","position":2,"name":"FSB ver\u00f6ffentlicht Archivdokumente zu Hitlers Selbstmord \u2013 Erinnerungen seines Piloten Hans Baur"}]},{"@type":"WebSite","@id":"https:\/\/now-news.de\/de\/#website","url":"https:\/\/now-news.de\/de\/","name":"just-now.NEWS Deutschland","description":"Das Portal f\u00fcr unzensierte Nachrichten aus der Welt","publisher":{"@id":"https:\/\/now-news.de\/de\/#organization"},"potentialAction":[{"@type":"SearchAction","target":{"@type":"EntryPoint","urlTemplate":"https:\/\/now-news.de\/de\/?s={search_term_string}"},"query-input":"required name=search_term_string"}],"inLanguage":"de"},{"@type":"Organization","@id":"https:\/\/now-news.de\/de\/#organization","name":"Just Now News","url":"https:\/\/now-news.de\/de\/","logo":{"@type":"ImageObject","inLanguage":"de","@id":"https:\/\/now-news.de\/de\/#\/schema\/logo\/image\/","url":"http:\/\/just-now.news\/de\/wp-content\/uploads\/sites\/3\/2022\/04\/logo500x500.jpg","contentUrl":"http:\/\/just-now.news\/de\/wp-content\/uploads\/sites\/3\/2022\/04\/logo500x500.jpg","width":500,"height":500,"caption":"Just Now News"},"image":{"@id":"https:\/\/now-news.de\/de\/#\/schema\/logo\/image\/"},"sameAs":["https:\/\/www.facebook.com\/wirmachenauf","https:\/\/x.com\/WirMachenAuf_de"]},{"@type":"Person","@id":"https:\/\/now-news.de\/de\/#\/schema\/person\/fb534a4e865501d8b3285208df34a9b5","name":"rtnews","image":{"@type":"ImageObject","inLanguage":"de","@id":"https:\/\/now-news.de\/de\/#\/schema\/person\/image\/","url":"https:\/\/secure.gravatar.com\/avatar\/82aafea7d8127119dd649515f56e2117?s=96&d=mm&r=g","contentUrl":"https:\/\/secure.gravatar.com\/avatar\/82aafea7d8127119dd649515f56e2117?s=96&d=mm&r=g","caption":"rtnews"},"url":"https:\/\/now-news.de\/de\/author\/rnews\/"}]}},"_links":{"self":[{"href":"https:\/\/now-news.de\/de\/wp-json\/wp\/v2\/posts\/5240"}],"collection":[{"href":"https:\/\/now-news.de\/de\/wp-json\/wp\/v2\/posts"}],"about":[{"href":"https:\/\/now-news.de\/de\/wp-json\/wp\/v2\/types\/post"}],"author":[{"embeddable":true,"href":"https:\/\/now-news.de\/de\/wp-json\/wp\/v2\/users\/3"}],"replies":[{"embeddable":true,"href":"https:\/\/now-news.de\/de\/wp-json\/wp\/v2\/comments?post=5240"}],"version-history":[{"count":0,"href":"https:\/\/now-news.de\/de\/wp-json\/wp\/v2\/posts\/5240\/revisions"}],"wp:featuredmedia":[{"embeddable":true,"href":"https:\/\/now-news.de\/de\/wp-json\/wp\/v2\/media\/5241"}],"wp:attachment":[{"href":"https:\/\/now-news.de\/de\/wp-json\/wp\/v2\/media?parent=5240"}],"wp:term":[{"taxonomy":"category","embeddable":true,"href":"https:\/\/now-news.de\/de\/wp-json\/wp\/v2\/categories?post=5240"},{"taxonomy":"post_tag","embeddable":true,"href":"https:\/\/now-news.de\/de\/wp-json\/wp\/v2\/tags?post=5240"}],"curies":[{"name":"wp","href":"https:\/\/api.w.org\/{rel}","templated":true}]}}