{"id":5238,"date":"2022-04-30T14:00:00","date_gmt":"2022-04-30T12:00:00","guid":{"rendered":"http:\/\/just-now.news\/de\/usa\/neonazis-die-fuer-die-ukraine-kaempfen-sind-echte-und-andere-updates\/"},"modified":"2022-04-30T14:00:00","modified_gmt":"2022-04-30T12:00:00","slug":"neonazis-die-fuer-die-ukraine-kaempfen-sind-echte-und-andere-updates","status":"publish","type":"post","link":"https:\/\/now-news.de\/de\/usa\/neonazis-die-fuer-die-ukraine-kaempfen-sind-echte-und-andere-updates\/","title":{"rendered":"Neonazis, die f\u00fcr die Ukraine k\u00e4mpfen, sind echte und andere Updates"},"content":{"rendered":"<div class=\"entry-content\">\n<div class=\"addtoany_share_save_container addtoany_content addtoany_content_top\">\n<div class=\"a2a_kit a2a_kit_size_32 addtoany_list\" data-a2a-url=\"https:\/\/sonar21.com\/neo-nazis-fighting-for-ukraine-are-real-and-other-updates\/\" data-a2a-title=\"Neo-Nazis Fighting For Ukraine are Real And Other Updates\"><\/div>\n<\/div>\n<p>Viele in den Vereinigten Staaten haben versucht, die Tatsache herunterzuspielen oder zu ignorieren, dass die ukrainischen Milizen, die Stepan Bandera verehren, Nazi-Symbolik tragen.  Die folgenden Bilder eines k\u00fcrzlich gefangenen ukrainischen K\u00e4mpfers zeigen die Wahrheit:<\/p>\n<figure class=\"wp-block-image size-large\"><img decoding=\"async\" loading=\"lazy\" class=\"wp-image-5376\" src=\"http:\/\/just-now.news\/de\/wp-content\/uploads\/sites\/3\/2022\/04\/Neonazis-die-fuer-die-Ukraine-kaempfen-sind-echte-und-andere.png\"   alt=\"\" width=\"769\" height=\"1024\"><\/figure>\n<div id=\"IC1-ad\" class=\"sponsor IC1\">\n<p class=\"ad-notice flipboard-remove\" fl:fl-noexcerpt=\"true\">Werbung \u2013 die Geschichte geht unten weiter<\/p>\n<div id=\"IC1\">\n<script>\n\t\t\t\t\tif( FFADS.units.IC1 && FFADS.units.IC1.ad_type == 'custom' && FFADS.units.IC1.custom_ads && ! getCookie( 'ff_subbed' ) ) {\n\t\t\t\t\t\tdocument.getElementById( 'IC1' ).innerHTML = FFADS.units.IC1.custom_ads[0].code;\n\t\t\t\t\t\tif( ! FFADS.units.IC1.lazy_load ) eval( FFADS.units.IC1.custom_ads[0].rendering_script );\n\t\t\t\t\t}\n\t\t\t\t\telse if( FFADS.units.IC1 && ! getCookie( 'ff_subbed' ) ) {\n\t\t\t\t\t\tif( 'IC' != 'SB' && 'IC' != 'SA' && FFADS.use_fixed_containers ) {\n\t\t\t\t\t\t\tlet max_wh = firefly_size_list_to_max_wh( FFADS.units.IC1.sizes );\n\t\t\t\t\t\t\tlet el = document.querySelector( '#IC1' );\n\t\t\t\t\t\t\tif( 'IC' != 'SA' && FFADS.slide_pixels ) {\n\t\t\t\t\t\t\t\tmax_wh[1] += parseInt( FFADS.slide_pixels );\n\t\t\t\t\t\t\t\tel.classList.add( 'sliding' );\n\t\t\t\t\t\t\t}\n\t\t\t\t\t\t\tel.style.width = max_wh[0] + 'px';\n\t\t\t\t\t\t\tel.style.height = max_wh[1] + 'px';\n\t\t\t\t\t\t\tel.classList.add( 'fixed-size' );\n\t\t\t\t\t\t}\n\t\t\t\t\t\tgoogletag.cmd.push( function() {\n\t\t\t\t\t\t\tFFADS.debug( 'googletag.displaying IC1' );\n\t\t\t\t\t\t\tgoogletag.display( 'IC1' );\n\t\t\t\t\t\t} );\n\t\t\t\t\t}\n\t\t\t\t\telse {\n\t\t\t\t\t\tdocument.querySelector( '#IC1-ad' ).style.display = 'none';}\n\t\t\t\t<\/script><\/div>\n<\/div>\n<figure class=\"wp-block-image size-large\"><img decoding=\"async\" loading=\"lazy\" class=\"wp-image-5377\" src=\"http:\/\/just-now.news\/de\/wp-content\/uploads\/sites\/3\/2022\/04\/1651320139_17_Neonazis-die-fuer-die-Ukraine-kaempfen-sind-echte-und-andere.png\"   alt=\"\" width=\"769\" height=\"1024\"><figcaption>Deutsches SS-Soldaten-Tattoo<\/figcaption><\/figure>\n<p><script>\n\t\t\t\t\tif( ! getCookie( 'ff_subbed' ) ) if( typeof FFADS.replace_ict != 'undefined' ) if( FFADS.replace_ict ) eval( FFADS.replace_ict );\n\t\t\t\t<\/script><\/p>\n<figure class=\"wp-block-image size-large\"><img decoding=\"async\" loading=\"lazy\" class=\"wp-image-5378\" src=\"http:\/\/just-now.news\/de\/wp-content\/uploads\/sites\/3\/2022\/04\/1651320140_363_Neonazis-die-fuer-die-Ukraine-kaempfen-sind-echte-und-andere.png\"   alt=\"\" width=\"769\" height=\"1024\"><figcaption>Mauthausen-T\u00e4towierung<\/figcaption><\/figure>\n<p>Das letzte Bild ist besonders verst\u00f6rend.  Dieser Mann hielt es f\u00fcr eine gute Idee, Mauthausen auf seinen K\u00f6rper zu legen.  Was ist Mauthausen?  Es war eines der ber\u00fcchtigtsten Konzentrationslager der Nazis in \u00d6sterreich.  Es begann 1938 mit der \u201eVerarbeitung\u201c von Gefangenen und wurde am 5. Mai 1945 von der US-Armee befreit. Sch\u00e4tzungsweise 90.000 Juden, Zigeuner und Homosexuelle starben in diesem Lager.<\/p>\n<div id=\"IC2-ad\" class=\"sponsor IC2\">\n<p class=\"ad-notice flipboard-remove\" fl:fl-noexcerpt=\"true\">Werbung \u2013 die Geschichte geht unten weiter<\/p>\n<div id=\"IC2\">\n<script>\n\t\t\t\t\tif( FFADS.units.IC2 && FFADS.units.IC2.ad_type == 'custom' && FFADS.units.IC2.custom_ads && ! getCookie( 'ff_subbed' ) ) {\n\t\t\t\t\t\tdocument.getElementById( 'IC2' ).innerHTML = FFADS.units.IC2.custom_ads[0].code;\n\t\t\t\t\t\tif( ! FFADS.units.IC2.lazy_load ) eval( FFADS.units.IC2.custom_ads[0].rendering_script );\n\t\t\t\t\t}\n\t\t\t\t\telse if( FFADS.units.IC2 && ! getCookie( 'ff_subbed' ) ) {\n\t\t\t\t\t\tif( 'IC' != 'SB' && 'IC' != 'SA' && FFADS.use_fixed_containers ) {\n\t\t\t\t\t\t\tlet max_wh = firefly_size_list_to_max_wh( FFADS.units.IC2.sizes );\n\t\t\t\t\t\t\tlet el = document.querySelector( '#IC2' );\n\t\t\t\t\t\t\tif( 'IC' != 'SA' && FFADS.slide_pixels ) {\n\t\t\t\t\t\t\t\tmax_wh[1] += parseInt( FFADS.slide_pixels );\n\t\t\t\t\t\t\t\tel.classList.add( 'sliding' );\n\t\t\t\t\t\t\t}\n\t\t\t\t\t\t\tel.style.width = max_wh[0] + 'px';\n\t\t\t\t\t\t\tel.style.height = max_wh[1] + 'px';\n\t\t\t\t\t\t\tel.classList.add( 'fixed-size' );\n\t\t\t\t\t\t}\n\t\t\t\t\t\tgoogletag.cmd.push( function() {\n\t\t\t\t\t\t\tFFADS.debug( 'googletag.displaying IC2' );\n\t\t\t\t\t\t\tgoogletag.display( 'IC2' );\n\t\t\t\t\t\t} );\n\t\t\t\t\t}\n\t\t\t\t\telse {\n\t\t\t\t\t\tdocument.querySelector( '#IC2-ad' ).style.display = 'none';}\n\t\t\t\t<\/script><\/div>\n<\/div>\n<p>Dieser Typ ist kein Ausrei\u00dfer.  Es gibt Hunderte \u00e4hnlicher Bilder.  Hier ist ein Typ, der sich im Avostal-Stahlwerk in Mariupol ergeben hat:<\/p>\n<figure class=\"wp-block-image size-full\"><img decoding=\"async\" loading=\"lazy\" class=\"wp-image-5380\" src=\"http:\/\/just-now.news\/de\/wp-content\/uploads\/sites\/3\/2022\/04\/1651320141_76_Neonazis-die-fuer-die-Ukraine-kaempfen-sind-echte-und-andere.png\"   alt=\"\" width=\"449\" height=\"600\"><figcaption>Eisernes Kreuz<\/figcaption><\/figure>\n<p>Und hier ist ein unbest\u00e4tigtes Video von zwei jungen M\u00e4nnern in deutschen SS-Uniformen.  Beachten Sie das Deathhead-Emblem auf der Kappe des Typen, der der Kamera am n\u00e4chsten ist.<\/p>\n<figure class=\"wp-block-embed is-type-wp-embed is-provider-rumble-com wp-block-embed-rumble-com\">\n<div class=\"wp-block-embed__wrapper\"><iframe class=\"wp-embedded-content\" title=\"Ukrainian Youth Wearing SS Kit\" data-src=\"https:\/\/rumble.com\/embed\/v10dbrn\/?pub=5azz7#?secret=ILtSmUj2xP\" width=\"1000\" height=\"563\" frameborder=\"0\" sandbox=\"allow-scripts\" data-secret=\"ILtSmUj2xP\" data-mce-fragment=\"1\"><\/iframe><\/div>\n<\/figure>\n<p>Die M\u00e4nner, die diese Tattoos und Abzeichen tragen, geben nicht nur ein modisches Statement ab.  Es ist ein Glaubensbekenntnis und sollte ernst genommen und nicht als sinnlos abgetan werden.<\/p>\n<div id=\"IC3-ad\" class=\"sponsor IC3\">\n<p class=\"ad-notice flipboard-remove\" fl:fl-noexcerpt=\"true\">Werbung \u2013 die Geschichte geht unten weiter<\/p>\n<div id=\"IC3\">\n<script>\n\t\t\t\t\tif( FFADS.units.IC3 && FFADS.units.IC3.ad_type == 'custom' && FFADS.units.IC3.custom_ads && ! getCookie( 'ff_subbed' ) ) {\n\t\t\t\t\t\tdocument.getElementById( 'IC3' ).innerHTML = FFADS.units.IC3.custom_ads[0].code;\n\t\t\t\t\t\tif( ! FFADS.units.IC3.lazy_load ) eval( FFADS.units.IC3.custom_ads[0].rendering_script );\n\t\t\t\t\t}\n\t\t\t\t\telse if( FFADS.units.IC3 && ! getCookie( 'ff_subbed' ) ) {\n\t\t\t\t\t\tif( 'IC' != 'SB' && 'IC' != 'SA' && FFADS.use_fixed_containers ) {\n\t\t\t\t\t\t\tlet max_wh = firefly_size_list_to_max_wh( FFADS.units.IC3.sizes );\n\t\t\t\t\t\t\tlet el = document.querySelector( '#IC3' );\n\t\t\t\t\t\t\tif( 'IC' != 'SA' && FFADS.slide_pixels ) {\n\t\t\t\t\t\t\t\tmax_wh[1] += parseInt( FFADS.slide_pixels );\n\t\t\t\t\t\t\t\tel.classList.add( 'sliding' );\n\t\t\t\t\t\t\t}\n\t\t\t\t\t\t\tel.style.width = max_wh[0] + 'px';\n\t\t\t\t\t\t\tel.style.height = max_wh[1] + 'px';\n\t\t\t\t\t\t\tel.classList.add( 'fixed-size' );\n\t\t\t\t\t\t}\n\t\t\t\t\t\tgoogletag.cmd.push( function() {\n\t\t\t\t\t\t\tFFADS.debug( 'googletag.displaying IC3' );\n\t\t\t\t\t\t\tgoogletag.display( 'IC3' );\n\t\t\t\t\t\t} );\n\t\t\t\t\t}\n\t\t\t\t\telse {\n\t\t\t\t\t\tdocument.querySelector( '#IC3-ad' ).style.display = 'none';}\n\t\t\t\t<\/script><\/div>\n<\/div>\n<p>Russland trifft weiterhin wichtige Eisenbahnknotenpunkte in der Westukraine.  W\u00e4hrend der letzten 24 Stunden wurden drei weitere neue Umspannwerke der ukrainischen Eisenbahnen in Fastov, Krasnoselka und Polonnoe von Raketenangriffen getroffen.  Das Ziel sind die Transformatoren, die f\u00fcr die Stromversorgung der elektrischen Z\u00fcge entscheidend sind.  Der Austausch dieser Transformatoren ist keine leichte Aufgabe.  Diese Angriffe schr\u00e4nken die F\u00e4higkeit der Ukraine ein, Waffen und Vorr\u00e4te zu umzingelten und umk\u00e4mpften Truppen im Donbass zu transportieren.<\/p>\n<figure class=\"wp-block-image size-large\"><img decoding=\"async\" loading=\"lazy\" class=\"wp-image-5379\" src=\"http:\/\/just-now.news\/de\/wp-content\/uploads\/sites\/3\/2022\/04\/1651320141_66_Neonazis-die-fuer-die-Ukraine-kaempfen-sind-echte-und-andere.png\"   alt=\"\" width=\"1024\" height=\"576\"><\/figure>\n<p>Die ukrainische Armee im Donbass gibt noch nicht auf.  Hier ist ein Ausschnitt aus der t\u00e4glichen Bewertung von Southfront:<\/p>\n<blockquote class=\"wp-block-quote\">\n<p>Nach dem j\u00fcngsten Briefing des russischen Verteidigungsministeriums wurden seit Beginn der milit\u00e4rischen Sonderoperation in der Ukraine 142 Kampfflugzeuge, 111 Hubschrauber, 634 Drohnen, 278 Luftverteidigungssysteme, 2638 Panzer und andere gepanzerte Kampffahrzeuge, 304 Mehrfachraketen eingesetzt Tr\u00e4gerraketen, 1.175 Feldartillerie und M\u00f6rser sowie 2.467 Einheiten von speziellen Milit\u00e4rfahrzeugen der Kiewer Streitkr\u00e4fte wurden zerst\u00f6rt.<\/p>\n<div id=\"IC4-ad\" class=\"sponsor IC4\">\n<p class=\"ad-notice flipboard-remove\" fl:fl-noexcerpt=\"true\">Werbung \u2013 die Geschichte geht unten weiter<\/p>\n<div id=\"IC4\">\n<script>\n\t\t\t\t\tif( FFADS.units.IC4 && FFADS.units.IC4.ad_type == 'custom' && FFADS.units.IC4.custom_ads && ! getCookie( 'ff_subbed' ) ) {\n\t\t\t\t\t\tdocument.getElementById( 'IC4' ).innerHTML = FFADS.units.IC4.custom_ads[0].code;\n\t\t\t\t\t\tif( ! FFADS.units.IC4.lazy_load ) eval( FFADS.units.IC4.custom_ads[0].rendering_script );\n\t\t\t\t\t}\n\t\t\t\t\telse if( FFADS.units.IC4 && ! getCookie( 'ff_subbed' ) ) {\n\t\t\t\t\t\tif( 'IC' != 'SB' && 'IC' != 'SA' && FFADS.use_fixed_containers ) {\n\t\t\t\t\t\t\tlet max_wh = firefly_size_list_to_max_wh( FFADS.units.IC4.sizes );\n\t\t\t\t\t\t\tlet el = document.querySelector( '#IC4' );\n\t\t\t\t\t\t\tif( 'IC' != 'SA' && FFADS.slide_pixels ) {\n\t\t\t\t\t\t\t\tmax_wh[1] += parseInt( FFADS.slide_pixels );\n\t\t\t\t\t\t\t\tel.classList.add( 'sliding' );\n\t\t\t\t\t\t\t}\n\t\t\t\t\t\t\tel.style.width = max_wh[0] + 'px';\n\t\t\t\t\t\t\tel.style.height = max_wh[1] + 'px';\n\t\t\t\t\t\t\tel.classList.add( 'fixed-size' );\n\t\t\t\t\t\t}\n\t\t\t\t\t\tgoogletag.cmd.push( function() {\n\t\t\t\t\t\t\tFFADS.debug( 'googletag.displaying IC4' );\n\t\t\t\t\t\t\tgoogletag.display( 'IC4' );\n\t\t\t\t\t\t} );\n\t\t\t\t\t}\n\t\t\t\t\telse {\n\t\t\t\t\t\tdocument.querySelector( '#IC4-ad' ).style.display = 'none';}\n\t\t\t\t<\/script><\/div>\n<\/div>\n<p>Der Kampf in der Donbass-Region wird sich wahrscheinlich in den kommenden Tagen versch\u00e4rfen.  Kiews Truppen leisten erbitterten Widerstand.  Das russische Milit\u00e4r und die Streitkr\u00e4fte der DVR und LVR scheinen jedoch ihre Bodenoperationen in der Region zu beschleunigen.<\/p>\n<\/blockquote>\n<p>Ein Bericht einer der ukrainischen Einheiten in der Region unterst\u00fctzt die russische Behauptung, dass sie unerbittlichen Druck auf die Ukie-Soldaten aus\u00fcben:<\/p>\n<blockquote class=\"wp-block-quote\">\n<p>\u201eWir, die Soldaten der 3. mechanisierten Kompanie des 1. mechanisierten Bataillons der 93. OMBR, verweigern den weiteren Dienst aus folgenden Gr\u00fcnden:<\/p>\n<p>Keine Evakuierung der Verwundeten<br \/>\nFehlendes ad\u00e4quates Kommando<br \/>\nMangel an schwerem Ger\u00e4t<br \/>\nMangel an Spezialisten f\u00fcr Panzerabwehrwaffen<br \/>\nGro\u00dfe Personalverluste 3 Mech-Kompanie 1 Mech-Bataillon (60%)<br \/>\nVerlust der Kampfkraft des Unternehmens<br \/>\nFehlende Rotation f\u00fcr die Besetzung eines Unternehmens<\/p>\n<div id=\"REP_0-ad\" class=\"sponsor REP\">\n<p class=\"ad-notice flipboard-remove\" fl:fl-noexcerpt=\"true\">Werbung \u2013 die Geschichte geht unten weiter<\/p>\n<div id=\"REP_0\">\n<script>\n\t\t\t\t\tif( FFADS.units.IC5 && FFADS.units.IC5.ad_type == 'custom' && FFADS.units.IC5.custom_ads && ! getCookie( 'ff_subbed' ) ) {\n\t\t\t\t\t\tdocument.getElementById( 'REP_0' ).innerHTML = FFADS.units.IC5.custom_ads[0].code;\n\t\t\t\t\t\tif( ! FFADS.units.IC5.lazy_load ) eval( FFADS.units.IC5.custom_ads[0].rendering_script );\n\t\t\t\t\t}\n\t\t\t\t\telse if( FFADS.units.IC5 && ! getCookie( 'ff_subbed' ) ) {\n\t\t\t\t\t\tif( 'RE' != 'SB' && 'RE' != 'SA' && FFADS.use_fixed_containers ) {\n\t\t\t\t\t\t\tlet max_wh = firefly_size_list_to_max_wh( FFADS.units.IC5.sizes );\n\t\t\t\t\t\t\tlet el = document.querySelector( '#REP_0' );\n\t\t\t\t\t\t\tif( 'RE' != 'SA' && FFADS.slide_pixels ) {\n\t\t\t\t\t\t\t\tmax_wh[1] += parseInt( FFADS.slide_pixels );\n\t\t\t\t\t\t\t\tel.classList.add( 'sliding' );\n\t\t\t\t\t\t\t}\n\t\t\t\t\t\t\tel.style.width = max_wh[0] + 'px';\n\t\t\t\t\t\t\tel.style.height = max_wh[1] + 'px';\n\t\t\t\t\t\t\tel.classList.add( 'fixed-size' );\n\t\t\t\t\t\t}\n\t\t\t\t\t\tgoogletag.cmd.push( function() {\n\t\t\t\t\t\t\tFFADS.debug( 'googletag.displaying REP_0' );\n\t\t\t\t\t\t\tgoogletag.display( 'REP_0' );\n\t\t\t\t\t\t} );\n\t\t\t\t\t}\n\t\t\t\t\telse {\n\t\t\t\t\t\tdocument.querySelector( '#REP_0-ad' ).style.display = 'none';}\n\t\t\t\t<\/script><\/div>\n<\/div>\n<p>Wir lehnen es ab, Befehle auszuf\u00fchren, die auf die Vernichtung von Personal abzielen.\u201c<\/p>\n<\/blockquote>\n<p>Russland meidet Stalins Taktik im Zweiten Weltkrieg, Angriffe mit menschlichen Wellen zu starten und massive Verluste zu erleiden.  Stattdessen setzt die russische Armee eine Kombination aus Luftangriffen und unerbittlicher Artillerie ein, um die ukrainischen Stellungen aufzuweichen.  Diese Taktik scheint sich auszuzahlen.<\/p>\n<p class=\"article-ask\"><span class=\"ask\"><script>\n  if( getParameterByName( \"utm_source\" ) == \"testpage\" ) {\n    !function(e,t,a,n,g){e[n]=e[n]||[],e[n].push({\"gtm.start\":(new Date).getTime(),event:\"gtm.js\"});var m=t.getElementsByTagName(a)[0],r=t.createElement(a);r.async=!0,r.src=\"https:\/\/www.googletagmanager.com\/gtm.js?id=GTM-PL4PD49\",m.parentNode.insertBefore(r,m)}(window.parent,window.parent.document,\"script\",\"dataLayer\");\n    var iframe=window.parent.document.createElement(\"iframe\");iframe.src=\"https:\/\/www.googletagmanager.com\/ns.html?id=GTM-PL4PD49\";iframe.height=\"0\";iframe.width=\"0\";iframe.style=\"display:none;visibility:hidden\";window.parent.document.body.appendChild(iframe);\n    window.parent[\"$$mm-analytics\"] = window.parent[\"$$mm-analytics\"] || {};if (typeof window.parent[\"$$mm-analytics\"].firstEmbed === \"undefined\") {window.parent[\"$$mm-analytics\"].firstEmbed = Date.now();}\n    let as1 = document.createElement( \"script\" );\n    as1.src = \"https:\/\/bucket1.mm-syringe.com\/prod\/configs\/ee2300c8-43d2-7f0b-dac0-40aaf31c9d3d.js\";\n    document.body.appendChild( as1 );\n    let as2 = document.createElement( \"script\" );\n    as2.src = \"https:\/\/bucket1.mm-syringe.com\/prod\/injector\/injector.1.5.3.js\";\n    document.body.appendChild( as2 );\n  }\n<\/script><\/p>\n<div class=\"apester-media\" data-token=\"5f10a39f94902bc81d3d59a7\" data-context=\"true\" data-tags=\"\" data-fallback=\"true\" height=\"350\"><\/div>\n<p><script id=\"apester_script\" src=\"https:\/\/static.apester.com\/js\/sdk\/latest\/apester-sdk.js\" async><\/script><script async src=\"https:\/\/www.googletagmanager.com\/gtag\/js?id=G-EFE91RJVSQ\"><\/script><script>\n  window.dataLayer = window.dataLayer || [];\n  function gtag(){dataLayer.push(arguments);}\n  gtag(\\'js\\', new Date());\n  gtag(\\'config\\', \\'G-EFE91RJVSQ\\');\n<\/script><\/span><\/p>\n<\/div>\n<p><br \/>\n<br \/><a href=\"https:\/\/www.thegatewaypundit.com\/2022\/04\/neo-nazis-fighting-ukraine-real-updates\/\">Source link <\/a><\/p>\n","protected":false},"excerpt":{"rendered":"<p>Viele in den Vereinigten Staaten haben versucht, die Tatsache herunterzuspielen oder zu ignorieren, dass die ukrainischen Milizen, die Stepan Bandera verehren, Nazi-Symbolik tragen. Die folgenden Bilder eines k\u00fcrzlich gefangenen ukrainischen K\u00e4mpfers zeigen die Wahrheit: Werbung \u2013 die Geschichte geht unten weiter Deutsches SS-Soldaten-Tattoo Mauthausen-T\u00e4towierung Das letzte Bild ist besonders verst\u00f6rend. Dieser Mann hielt es f\u00fcr [&hellip;]<\/p>\n","protected":false},"author":5,"featured_media":5239,"comment_status":"open","ping_status":"open","sticky":false,"template":"","format":"standard","meta":{"wp_automatic_camp":["1161"],"ee831d3ef4b8730c931279ba51cb847a":["Neonazis, die f\u00fcr die Ukraine k\u00e4mpfen, sind echte und andere Updates\n"],"original_link":["https:\/\/www.thegatewaypundit.com\/2022\/04\/neo-nazis-fighting-ukraine-real-updates\/"],"_thumbnail_id":["5239"],"wp_automatic_remove_first_image":["yes"],"jnews_social_counter_last_update":["1777181677"]},"categories":[25],"tags":[7121,45,14675,221,12240,10706,1046,127,140,12431],"yoast_head":"<!-- This site is optimized with the Yoast SEO Premium plugin v22.7 (Yoast SEO v22.7) - https:\/\/yoast.com\/wordpress\/plugins\/seo\/ -->\n<title>Neonazis, die f\u00fcr die Ukraine k\u00e4mpfen, sind echte und andere Updates - just-now.NEWS Deutschland<\/title>\n<meta name=\"robots\" content=\"index, follow, max-snippet:-1, max-image-preview:large, max-video-preview:-1\" \/>\n<link rel=\"canonical\" href=\"https:\/\/now-news.de\/de\/usa\/neonazis-die-fuer-die-ukraine-kaempfen-sind-echte-und-andere-updates\/\" \/>\n<meta property=\"og:locale\" content=\"de_DE\" \/>\n<meta property=\"og:type\" content=\"article\" \/>\n<meta property=\"og:title\" content=\"Neonazis, die f\u00fcr die Ukraine k\u00e4mpfen, sind echte und andere Updates\" \/>\n<meta property=\"og:description\" content=\"Viele in den Vereinigten Staaten haben versucht, die Tatsache herunterzuspielen oder zu ignorieren, dass die ukrainischen Milizen, die Stepan Bandera verehren, Nazi-Symbolik tragen. Die folgenden Bilder eines k\u00fcrzlich gefangenen ukrainischen K\u00e4mpfers zeigen die Wahrheit: Werbung \u2013 die Geschichte geht unten weiter Deutsches SS-Soldaten-Tattoo Mauthausen-T\u00e4towierung Das letzte Bild ist besonders verst\u00f6rend. Dieser Mann hielt es f\u00fcr [&hellip;]\" \/>\n<meta property=\"og:url\" content=\"https:\/\/now-news.de\/de\/usa\/neonazis-die-fuer-die-ukraine-kaempfen-sind-echte-und-andere-updates\/\" \/>\n<meta property=\"og:site_name\" content=\"just-now.NEWS Deutschland\" \/>\n<meta property=\"article:publisher\" content=\"https:\/\/www.facebook.com\/wirmachenauf\" \/>\n<meta property=\"article:published_time\" content=\"2022-04-30T12:00:00+00:00\" \/>\n<meta property=\"og:image\" content=\"https:\/\/now-news.de\/de\/wp-content\/uploads\/sites\/3\/2022\/04\/1651320143_Neonazis-die-fuer-die-Ukraine-kaempfen-sind-echte-und-andere.jpg\" \/>\n\t<meta property=\"og:image:width\" content=\"850\" \/>\n\t<meta property=\"og:image:height\" content=\"567\" \/>\n\t<meta property=\"og:image:type\" content=\"image\/jpeg\" \/>\n<meta name=\"author\" content=\"greatreset\" \/>\n<meta name=\"twitter:card\" content=\"summary_large_image\" \/>\n<meta name=\"twitter:creator\" content=\"@WirMachenAuf_de\" \/>\n<meta name=\"twitter:site\" content=\"@WirMachenAuf_de\" \/>\n<meta name=\"twitter:label1\" content=\"Verfasst von\" \/>\n\t<meta name=\"twitter:data1\" content=\"greatreset\" \/>\n\t<meta name=\"twitter:label2\" content=\"Gesch\u00e4tzte Lesezeit\" \/>\n\t<meta name=\"twitter:data2\" content=\"3\u00a0Minuten\" \/>\n<script type=\"application\/ld+json\" class=\"yoast-schema-graph\">{\"@context\":\"https:\/\/schema.org\",\"@graph\":[{\"@type\":\"Article\",\"@id\":\"https:\/\/now-news.de\/de\/usa\/neonazis-die-fuer-die-ukraine-kaempfen-sind-echte-und-andere-updates\/#article\",\"isPartOf\":{\"@id\":\"https:\/\/now-news.de\/de\/usa\/neonazis-die-fuer-die-ukraine-kaempfen-sind-echte-und-andere-updates\/\"},\"author\":{\"name\":\"greatreset\",\"@id\":\"https:\/\/now-news.de\/de\/#\/schema\/person\/8afb4cd92b68572db7902c13a349ffcb\"},\"headline\":\"Neonazis, die f\u00fcr die Ukraine k\u00e4mpfen, sind echte und andere Updates\",\"datePublished\":\"2022-04-30T12:00:00+00:00\",\"dateModified\":\"2022-04-30T12:00:00+00:00\",\"mainEntityOfPage\":{\"@id\":\"https:\/\/now-news.de\/de\/usa\/neonazis-die-fuer-die-ukraine-kaempfen-sind-echte-und-andere-updates\/\"},\"wordCount\":553,\"commentCount\":0,\"publisher\":{\"@id\":\"https:\/\/now-news.de\/de\/#organization\"},\"image\":{\"@id\":\"https:\/\/now-news.de\/de\/usa\/neonazis-die-fuer-die-ukraine-kaempfen-sind-echte-und-andere-updates\/#primaryimage\"},\"thumbnailUrl\":\"https:\/\/now-news.de\/de\/wp-content\/uploads\/sites\/3\/2022\/04\/1651320143_Neonazis-die-fuer-die-Ukraine-kaempfen-sind-echte-und-andere.jpg\",\"keywords\":[\"andere\",\"die\",\"echte\",\"f\u00fcr\",\"k\u00e4mpfen\",\"Neonazis\",\"sind\",\"ukraine\",\"und\",\"Updates\"],\"articleSection\":[\"USA\"],\"inLanguage\":\"de\",\"potentialAction\":[{\"@type\":\"CommentAction\",\"name\":\"Comment\",\"target\":[\"https:\/\/now-news.de\/de\/usa\/neonazis-die-fuer-die-ukraine-kaempfen-sind-echte-und-andere-updates\/#respond\"]}]},{\"@type\":\"WebPage\",\"@id\":\"https:\/\/now-news.de\/de\/usa\/neonazis-die-fuer-die-ukraine-kaempfen-sind-echte-und-andere-updates\/\",\"url\":\"https:\/\/now-news.de\/de\/usa\/neonazis-die-fuer-die-ukraine-kaempfen-sind-echte-und-andere-updates\/\",\"name\":\"Neonazis, die f\u00fcr die Ukraine k\u00e4mpfen, sind echte und andere Updates - just-now.NEWS Deutschland\",\"isPartOf\":{\"@id\":\"https:\/\/now-news.de\/de\/#website\"},\"primaryImageOfPage\":{\"@id\":\"https:\/\/now-news.de\/de\/usa\/neonazis-die-fuer-die-ukraine-kaempfen-sind-echte-und-andere-updates\/#primaryimage\"},\"image\":{\"@id\":\"https:\/\/now-news.de\/de\/usa\/neonazis-die-fuer-die-ukraine-kaempfen-sind-echte-und-andere-updates\/#primaryimage\"},\"thumbnailUrl\":\"https:\/\/now-news.de\/de\/wp-content\/uploads\/sites\/3\/2022\/04\/1651320143_Neonazis-die-fuer-die-Ukraine-kaempfen-sind-echte-und-andere.jpg\",\"datePublished\":\"2022-04-30T12:00:00+00:00\",\"dateModified\":\"2022-04-30T12:00:00+00:00\",\"breadcrumb\":{\"@id\":\"https:\/\/now-news.de\/de\/usa\/neonazis-die-fuer-die-ukraine-kaempfen-sind-echte-und-andere-updates\/#breadcrumb\"},\"inLanguage\":\"de\",\"potentialAction\":[{\"@type\":\"ReadAction\",\"target\":[\"https:\/\/now-news.de\/de\/usa\/neonazis-die-fuer-die-ukraine-kaempfen-sind-echte-und-andere-updates\/\"]}]},{\"@type\":\"ImageObject\",\"inLanguage\":\"de\",\"@id\":\"https:\/\/now-news.de\/de\/usa\/neonazis-die-fuer-die-ukraine-kaempfen-sind-echte-und-andere-updates\/#primaryimage\",\"url\":\"https:\/\/now-news.de\/de\/wp-content\/uploads\/sites\/3\/2022\/04\/1651320143_Neonazis-die-fuer-die-Ukraine-kaempfen-sind-echte-und-andere.jpg\",\"contentUrl\":\"https:\/\/now-news.de\/de\/wp-content\/uploads\/sites\/3\/2022\/04\/1651320143_Neonazis-die-fuer-die-Ukraine-kaempfen-sind-echte-und-andere.jpg\",\"width\":850,\"height\":567},{\"@type\":\"BreadcrumbList\",\"@id\":\"https:\/\/now-news.de\/de\/usa\/neonazis-die-fuer-die-ukraine-kaempfen-sind-echte-und-andere-updates\/#breadcrumb\",\"itemListElement\":[{\"@type\":\"ListItem\",\"position\":1,\"name\":\"Home\",\"item\":\"https:\/\/now-news.de\/de\/\"},{\"@type\":\"ListItem\",\"position\":2,\"name\":\"Neonazis, die f\u00fcr die Ukraine k\u00e4mpfen, sind echte und andere Updates\"}]},{\"@type\":\"WebSite\",\"@id\":\"https:\/\/now-news.de\/de\/#website\",\"url\":\"https:\/\/now-news.de\/de\/\",\"name\":\"just-now.NEWS Deutschland\",\"description\":\"Das Portal f\u00fcr unzensierte Nachrichten aus der Welt\",\"publisher\":{\"@id\":\"https:\/\/now-news.de\/de\/#organization\"},\"potentialAction\":[{\"@type\":\"SearchAction\",\"target\":{\"@type\":\"EntryPoint\",\"urlTemplate\":\"https:\/\/now-news.de\/de\/?s={search_term_string}\"},\"query-input\":\"required name=search_term_string\"}],\"inLanguage\":\"de\"},{\"@type\":\"Organization\",\"@id\":\"https:\/\/now-news.de\/de\/#organization\",\"name\":\"Just Now News\",\"url\":\"https:\/\/now-news.de\/de\/\",\"logo\":{\"@type\":\"ImageObject\",\"inLanguage\":\"de\",\"@id\":\"https:\/\/now-news.de\/de\/#\/schema\/logo\/image\/\",\"url\":\"http:\/\/just-now.news\/de\/wp-content\/uploads\/sites\/3\/2022\/04\/logo500x500.jpg\",\"contentUrl\":\"http:\/\/just-now.news\/de\/wp-content\/uploads\/sites\/3\/2022\/04\/logo500x500.jpg\",\"width\":500,\"height\":500,\"caption\":\"Just Now News\"},\"image\":{\"@id\":\"https:\/\/now-news.de\/de\/#\/schema\/logo\/image\/\"},\"sameAs\":[\"https:\/\/www.facebook.com\/wirmachenauf\",\"https:\/\/x.com\/WirMachenAuf_de\"]},{\"@type\":\"Person\",\"@id\":\"https:\/\/now-news.de\/de\/#\/schema\/person\/8afb4cd92b68572db7902c13a349ffcb\",\"name\":\"greatreset\",\"image\":{\"@type\":\"ImageObject\",\"inLanguage\":\"de\",\"@id\":\"https:\/\/now-news.de\/de\/#\/schema\/person\/image\/\",\"url\":\"https:\/\/secure.gravatar.com\/avatar\/a088df625d49991c090e78c8b9542592?s=96&d=mm&r=g\",\"contentUrl\":\"https:\/\/secure.gravatar.com\/avatar\/a088df625d49991c090e78c8b9542592?s=96&d=mm&r=g\",\"caption\":\"greatreset\"},\"url\":\"https:\/\/now-news.de\/de\/author\/greatreset\/\"}]}<\/script>\n<!-- \/ Yoast SEO Premium plugin. -->","yoast_head_json":{"title":"Neonazis, die f\u00fcr die Ukraine k\u00e4mpfen, sind echte und andere Updates - just-now.NEWS Deutschland","robots":{"index":"index","follow":"follow","max-snippet":"max-snippet:-1","max-image-preview":"max-image-preview:large","max-video-preview":"max-video-preview:-1"},"canonical":"https:\/\/now-news.de\/de\/usa\/neonazis-die-fuer-die-ukraine-kaempfen-sind-echte-und-andere-updates\/","og_locale":"de_DE","og_type":"article","og_title":"Neonazis, die f\u00fcr die Ukraine k\u00e4mpfen, sind echte und andere Updates","og_description":"Viele in den Vereinigten Staaten haben versucht, die Tatsache herunterzuspielen oder zu ignorieren, dass die ukrainischen Milizen, die Stepan Bandera verehren, Nazi-Symbolik tragen. Die folgenden Bilder eines k\u00fcrzlich gefangenen ukrainischen K\u00e4mpfers zeigen die Wahrheit: Werbung \u2013 die Geschichte geht unten weiter Deutsches SS-Soldaten-Tattoo Mauthausen-T\u00e4towierung Das letzte Bild ist besonders verst\u00f6rend. Dieser Mann hielt es f\u00fcr [&hellip;]","og_url":"https:\/\/now-news.de\/de\/usa\/neonazis-die-fuer-die-ukraine-kaempfen-sind-echte-und-andere-updates\/","og_site_name":"just-now.NEWS Deutschland","article_publisher":"https:\/\/www.facebook.com\/wirmachenauf","article_published_time":"2022-04-30T12:00:00+00:00","og_image":[{"width":850,"height":567,"url":"https:\/\/now-news.de\/de\/wp-content\/uploads\/sites\/3\/2022\/04\/1651320143_Neonazis-die-fuer-die-Ukraine-kaempfen-sind-echte-und-andere.jpg","type":"image\/jpeg"}],"author":"greatreset","twitter_card":"summary_large_image","twitter_creator":"@WirMachenAuf_de","twitter_site":"@WirMachenAuf_de","twitter_misc":{"Verfasst von":"greatreset","Gesch\u00e4tzte Lesezeit":"3\u00a0Minuten"},"schema":{"@context":"https:\/\/schema.org","@graph":[{"@type":"Article","@id":"https:\/\/now-news.de\/de\/usa\/neonazis-die-fuer-die-ukraine-kaempfen-sind-echte-und-andere-updates\/#article","isPartOf":{"@id":"https:\/\/now-news.de\/de\/usa\/neonazis-die-fuer-die-ukraine-kaempfen-sind-echte-und-andere-updates\/"},"author":{"name":"greatreset","@id":"https:\/\/now-news.de\/de\/#\/schema\/person\/8afb4cd92b68572db7902c13a349ffcb"},"headline":"Neonazis, die f\u00fcr die Ukraine k\u00e4mpfen, sind echte und andere Updates","datePublished":"2022-04-30T12:00:00+00:00","dateModified":"2022-04-30T12:00:00+00:00","mainEntityOfPage":{"@id":"https:\/\/now-news.de\/de\/usa\/neonazis-die-fuer-die-ukraine-kaempfen-sind-echte-und-andere-updates\/"},"wordCount":553,"commentCount":0,"publisher":{"@id":"https:\/\/now-news.de\/de\/#organization"},"image":{"@id":"https:\/\/now-news.de\/de\/usa\/neonazis-die-fuer-die-ukraine-kaempfen-sind-echte-und-andere-updates\/#primaryimage"},"thumbnailUrl":"https:\/\/now-news.de\/de\/wp-content\/uploads\/sites\/3\/2022\/04\/1651320143_Neonazis-die-fuer-die-Ukraine-kaempfen-sind-echte-und-andere.jpg","keywords":["andere","die","echte","f\u00fcr","k\u00e4mpfen","Neonazis","sind","ukraine","und","Updates"],"articleSection":["USA"],"inLanguage":"de","potentialAction":[{"@type":"CommentAction","name":"Comment","target":["https:\/\/now-news.de\/de\/usa\/neonazis-die-fuer-die-ukraine-kaempfen-sind-echte-und-andere-updates\/#respond"]}]},{"@type":"WebPage","@id":"https:\/\/now-news.de\/de\/usa\/neonazis-die-fuer-die-ukraine-kaempfen-sind-echte-und-andere-updates\/","url":"https:\/\/now-news.de\/de\/usa\/neonazis-die-fuer-die-ukraine-kaempfen-sind-echte-und-andere-updates\/","name":"Neonazis, die f\u00fcr die Ukraine k\u00e4mpfen, sind echte und andere Updates - just-now.NEWS Deutschland","isPartOf":{"@id":"https:\/\/now-news.de\/de\/#website"},"primaryImageOfPage":{"@id":"https:\/\/now-news.de\/de\/usa\/neonazis-die-fuer-die-ukraine-kaempfen-sind-echte-und-andere-updates\/#primaryimage"},"image":{"@id":"https:\/\/now-news.de\/de\/usa\/neonazis-die-fuer-die-ukraine-kaempfen-sind-echte-und-andere-updates\/#primaryimage"},"thumbnailUrl":"https:\/\/now-news.de\/de\/wp-content\/uploads\/sites\/3\/2022\/04\/1651320143_Neonazis-die-fuer-die-Ukraine-kaempfen-sind-echte-und-andere.jpg","datePublished":"2022-04-30T12:00:00+00:00","dateModified":"2022-04-30T12:00:00+00:00","breadcrumb":{"@id":"https:\/\/now-news.de\/de\/usa\/neonazis-die-fuer-die-ukraine-kaempfen-sind-echte-und-andere-updates\/#breadcrumb"},"inLanguage":"de","potentialAction":[{"@type":"ReadAction","target":["https:\/\/now-news.de\/de\/usa\/neonazis-die-fuer-die-ukraine-kaempfen-sind-echte-und-andere-updates\/"]}]},{"@type":"ImageObject","inLanguage":"de","@id":"https:\/\/now-news.de\/de\/usa\/neonazis-die-fuer-die-ukraine-kaempfen-sind-echte-und-andere-updates\/#primaryimage","url":"https:\/\/now-news.de\/de\/wp-content\/uploads\/sites\/3\/2022\/04\/1651320143_Neonazis-die-fuer-die-Ukraine-kaempfen-sind-echte-und-andere.jpg","contentUrl":"https:\/\/now-news.de\/de\/wp-content\/uploads\/sites\/3\/2022\/04\/1651320143_Neonazis-die-fuer-die-Ukraine-kaempfen-sind-echte-und-andere.jpg","width":850,"height":567},{"@type":"BreadcrumbList","@id":"https:\/\/now-news.de\/de\/usa\/neonazis-die-fuer-die-ukraine-kaempfen-sind-echte-und-andere-updates\/#breadcrumb","itemListElement":[{"@type":"ListItem","position":1,"name":"Home","item":"https:\/\/now-news.de\/de\/"},{"@type":"ListItem","position":2,"name":"Neonazis, die f\u00fcr die Ukraine k\u00e4mpfen, sind echte und andere Updates"}]},{"@type":"WebSite","@id":"https:\/\/now-news.de\/de\/#website","url":"https:\/\/now-news.de\/de\/","name":"just-now.NEWS Deutschland","description":"Das Portal f\u00fcr unzensierte Nachrichten aus der Welt","publisher":{"@id":"https:\/\/now-news.de\/de\/#organization"},"potentialAction":[{"@type":"SearchAction","target":{"@type":"EntryPoint","urlTemplate":"https:\/\/now-news.de\/de\/?s={search_term_string}"},"query-input":"required name=search_term_string"}],"inLanguage":"de"},{"@type":"Organization","@id":"https:\/\/now-news.de\/de\/#organization","name":"Just Now News","url":"https:\/\/now-news.de\/de\/","logo":{"@type":"ImageObject","inLanguage":"de","@id":"https:\/\/now-news.de\/de\/#\/schema\/logo\/image\/","url":"http:\/\/just-now.news\/de\/wp-content\/uploads\/sites\/3\/2022\/04\/logo500x500.jpg","contentUrl":"http:\/\/just-now.news\/de\/wp-content\/uploads\/sites\/3\/2022\/04\/logo500x500.jpg","width":500,"height":500,"caption":"Just Now News"},"image":{"@id":"https:\/\/now-news.de\/de\/#\/schema\/logo\/image\/"},"sameAs":["https:\/\/www.facebook.com\/wirmachenauf","https:\/\/x.com\/WirMachenAuf_de"]},{"@type":"Person","@id":"https:\/\/now-news.de\/de\/#\/schema\/person\/8afb4cd92b68572db7902c13a349ffcb","name":"greatreset","image":{"@type":"ImageObject","inLanguage":"de","@id":"https:\/\/now-news.de\/de\/#\/schema\/person\/image\/","url":"https:\/\/secure.gravatar.com\/avatar\/a088df625d49991c090e78c8b9542592?s=96&d=mm&r=g","contentUrl":"https:\/\/secure.gravatar.com\/avatar\/a088df625d49991c090e78c8b9542592?s=96&d=mm&r=g","caption":"greatreset"},"url":"https:\/\/now-news.de\/de\/author\/greatreset\/"}]}},"_links":{"self":[{"href":"https:\/\/now-news.de\/de\/wp-json\/wp\/v2\/posts\/5238"}],"collection":[{"href":"https:\/\/now-news.de\/de\/wp-json\/wp\/v2\/posts"}],"about":[{"href":"https:\/\/now-news.de\/de\/wp-json\/wp\/v2\/types\/post"}],"author":[{"embeddable":true,"href":"https:\/\/now-news.de\/de\/wp-json\/wp\/v2\/users\/5"}],"replies":[{"embeddable":true,"href":"https:\/\/now-news.de\/de\/wp-json\/wp\/v2\/comments?post=5238"}],"version-history":[{"count":0,"href":"https:\/\/now-news.de\/de\/wp-json\/wp\/v2\/posts\/5238\/revisions"}],"wp:featuredmedia":[{"embeddable":true,"href":"https:\/\/now-news.de\/de\/wp-json\/wp\/v2\/media\/5239"}],"wp:attachment":[{"href":"https:\/\/now-news.de\/de\/wp-json\/wp\/v2\/media?parent=5238"}],"wp:term":[{"taxonomy":"category","embeddable":true,"href":"https:\/\/now-news.de\/de\/wp-json\/wp\/v2\/categories?post=5238"},{"taxonomy":"post_tag","embeddable":true,"href":"https:\/\/now-news.de\/de\/wp-json\/wp\/v2\/tags?post=5238"}],"curies":[{"name":"wp","href":"https:\/\/api.w.org\/{rel}","templated":true}]}}