{"id":52352,"date":"2023-12-28T18:23:02","date_gmt":"2023-12-28T16:23:02","guid":{"rendered":"https:\/\/just-now.news\/de\/deutschland\/serbischer-politiker-westliche-geheimdienste-stecken-hinter-protesten-in-belgrad\/"},"modified":"2023-12-28T18:23:02","modified_gmt":"2023-12-28T16:23:02","slug":"serbischer-politiker-westliche-geheimdienste-stecken-hinter-protesten-in-belgrad","status":"publish","type":"post","link":"https:\/\/now-news.de\/de\/deutschland\/serbischer-politiker-westliche-geheimdienste-stecken-hinter-protesten-in-belgrad\/","title":{"rendered":"Serbischer Politiker: Westliche Geheimdienste stecken hinter Protesten in Belgrad"},"content":{"rendered":"<p><img decoding=\"async\" src=\"http:\/\/just-now.news\/de\/wp-content\/uploads\/sites\/3\/2023\/12\/658d7c65b480cc7dd8117c48.jpg\" \/><\/p>\n<div class=\"Text-root Text-type_1 \">\n                Vojislav \u0160e\u0161elj, der Anf\u00fchrer der Serbischen Radikalen Partei, hat in einem Interview mit der Nachrichtenagentur RIA Nowosti westliche Geheimdienste, allen voran den Bundesnachrichtendienst (BND), f\u00fcr die Unruhen in Serbien nach den Parlamentswahlen verantwortlich gemacht. \u00a0\u00a0\n            <\/div>\n<p><\/p>\n<div class=\"Text-root Text-type_5 ArticleView-text ViewText-root \">\n<p>Am vergangenen Wochenende versammelten sich Tausende von oppositionellen Demonstranten vor dem Belgrader Stadtparlament, um gegen den Sieg der Serbischen Fortschrittspartei (SNS) von Pr\u00e4sident Alexander Vu\u010di\u0107\u00a0bei den Parlamentswahlen zu protestieren. Als sie versuchten, ins Rathaus einzudringen und Fenster sowie T\u00fcren des Geb\u00e4udes einschlugen, wurden sie von der Polizei auseinandergetrieben. Vojislav \u0160e\u0161elj, der Vorsitzende der Serbische Radikale Partei, erkl\u00e4rte in einem Gespr\u00e4ch mit der Nachrichtenagentur\u00a0<em>RIA Nowosti<\/em>, dass die Proteste von Geheimdiensten westlicher Staaten gesteuert worden seien. Hierzu wird der Politiker mit den Worten zitiert:\u00a0 \u00a0\u00a0<\/p>\n<blockquote>\n<p><em>&#8220;Hinter diesen Protesten stehen zweifellos westliche Geheimdienste. Die Hauptrolle spielt diesmal der Bundesnachrichtendienst (BND), aber auch US-amerikanische, britische und franz\u00f6sische Geheimdienste sind beteiligt.&#8221;<\/em><\/p>\n<\/blockquote>\n<p>Ferner stellte \u0160e\u0161elj fest, dass die serbischen Beh\u00f6rden Gewalt anwenden m\u00fcssten. Lange habe die Regierung in Belgrad mit dieser Entscheidung gez\u00f6gert, betonte er. Die Anwendung von Gewalt sei gerechtfertigt gewesen, da zuvor &#8220;unverantwortliche Menschen Br\u00fccken und Autobahnen blockierten&#8221;. Wie es hei\u00dft, sei es inakzeptabel, dass lebenswichtige Verkehrsverbindungen einer Gefahr ausgesetzt werden. Der Westen sei derzeit dabei, dem Pr\u00e4sidenten Vu\u010di\u0107 den Puls zu f\u00fchlen, um dann weiter zu handeln, \u00e4u\u00dferte der serbische Politiker. Mit Blick auf die f\u00fcr das kommende Wochenende angesetzte Demonstrationen der prowestlichen Oppositionskr\u00e4fte sagte \u0160e\u0161elj, dass es erneut zu Gewalt auf den Stra\u00dfen kommen k\u00f6nne.\u00a0<\/p>\n<blockquote>\n<p><em>&#8220;Westliche Kr\u00e4fte wollen Vu\u010di\u0107 lediglich dazu zwingen, auf Kosovo und\u00a0Metochien\u00a0zu verzichten, die Unterst\u00fctzung f\u00fcr die Republika Srpska in Bosnien und Herzegowina aufzugeben, aber auch Sanktionen gegen Russland zu verh\u00e4ngen. Und das w\u00fcrde dann das Ende seiner Karriere bedeuten.&#8221;<\/em><\/p>\n<\/blockquote>\n<p>Laut \u0160e\u0161elj erinnern die aktuellen Ereignisse an die Proteste im Jahr 2000, als der serbische Pr\u00e4sident Slobodan Milo\u0161evi\u0107 gest\u00fcrzt wurde, doch die Rolle der Jugendlichen bei den Demonstrationen d\u00fcrfe nicht \u00fcbersch\u00e4tzt werden. Hierbei gab er an, es sei eine gewisse Anzahl von Studenten der Fakult\u00e4t f\u00fcr Politikwissenschaften der Universit\u00e4t in Belgrad beteiligt, die unter der Schirmherrschaft antiserbischer Kreise stehe.<\/p>\n<p>Bei einem Besuch in dieser Hochschule habe der NATO-Generalsekret\u00e4r Jens Stoltenberg in seiner Rede vor Studierenden gesagt, dass die Bombardierung Jugoslawiens im Jahr 1999 eine humanit\u00e4re Aktion gewesen sei. Die Jugendlichen h\u00e4tten ihm applaudiert. Die Studenten seien jedoch keine f\u00fchrenden Kr\u00e4fte bei Protesten, zeigte sich der Politiker sicher. Wichtiger sei der Umstand, dass die f\u00fchrenden Akteure Geld f\u00fcr ihre Aktivit\u00e4ten aus dem Ausland erhalten w\u00fcrden.<\/p>\n<blockquote>\n<p><em>&#8220;Im Jahr 2000, als die Otpor-Bewegung entstand, war es genauso. Riesige Geldsummen wurden damals \u00fcber Budapest nach Belgrad geliefert. Und dieses Mal bekommen die Hauptaktivisten Geld.&#8221;<\/em><\/p>\n<\/blockquote>\n<p>Der russische Botschafter in Serbien, Alexander Botsan-Kharchenko \u00e4u\u00dferte sich k\u00fcrzlich zu den andauernden Protesten in Belgrad und sagte, Pr\u00e4sident Vu\u010di\u0107 habe Beweise, dass der Westen seine Finger im Spiel hat. Laut dem Diplomaten wisse Vu\u010di\u0107, wie er vorgehen m\u00fcsse und sei bereit, jede Entwicklung, jede Eskalation, jeden Versuch der Destabilisierung Serbiens zu verhindern. &#8220;Das Maidan-Szenario wird sich angesichts der Entschlossenheit von Vu\u010di\u0107 nicht wiederholen&#8221;, f\u00fcgte der Botschafter hinzu. Maria Sacharowa, die Sprecherin des russischen Au\u00dfenministeriums, \u00e4u\u00dferte sich auch zu den Ereignissen in Serbien. Sie vermutet, dass der Westen nicht nur an den Provokationen in Belgrad beteiligt ist, sondern auch versucht, die historisch engen Beziehungen zwischen Serbien und Russland aufzubrechen.<\/p>\n<p><strong>Mehr zum Thema<\/strong> &#8211; <a rel=\"nofollow noopener\" target=\"_blank\" href=\"https:\/\/freedert.online\/kurzclips\/video\/190947-exklusiv-westen-versuchte-putsch-serbien\/\">Exklusiv: &#8220;Westen versuchte, Putsch in Serbien zu inszenieren&#8221; \u2013 Maria Sacharowa<\/a><\/p>\n<\/div>\n<p><br \/>\n<br \/><a href=\"https:\/\/de.rt.com\/europa\/191124-serbischer-politiker-westliche-geheimdienste-stecken\/\">Source link <\/a><\/p>\n","protected":false},"excerpt":{"rendered":"<p>Vojislav \u0160e\u0161elj, der Anf\u00fchrer der Serbischen Radikalen Partei, hat in einem Interview mit der Nachrichtenagentur RIA Nowosti westliche Geheimdienste, allen voran den Bundesnachrichtendienst (BND), f\u00fcr die Unruhen in Serbien nach den Parlamentswahlen verantwortlich gemacht. \u00a0\u00a0 Am vergangenen Wochenende versammelten sich Tausende von oppositionellen Demonstranten vor dem Belgrader Stadtparlament, um gegen den Sieg der Serbischen Fortschrittspartei [&hellip;]<\/p>\n","protected":false},"author":3,"featured_media":52353,"comment_status":"open","ping_status":"open","sticky":false,"template":"","format":"standard","meta":{"_yoast_indexnow_last_ping":["1703780739"],"wp_automatic_camp":["217"],"017dcd62f6a2ad86d0e2fe08f97f1028":["Serbischer Politiker: Westliche Geheimdienste stecken hinter Protesten in Belgrad"],"original_link":["https:\/\/de.rt.com\/europa\/191124-serbischer-politiker-westliche-geheimdienste-stecken\/"],"_thumbnail_id":["52353"],"jnews_social_counter_last_update":["1777344872"],"_wptgpro_p2tg_sent2tg":["a:1:{i:23737;s:19:\"2023-12-28 18:26:49\";}"]},"categories":[19,23],"tags":[967,2558,4440,5679,19562,31500,6148,740],"yoast_head":"<!-- This site is optimized with the Yoast SEO Premium plugin v22.7 (Yoast SEO v22.7) - https:\/\/yoast.com\/wordpress\/plugins\/seo\/ -->\n<title>Serbischer Politiker: Westliche Geheimdienste stecken hinter Protesten in Belgrad - just-now.NEWS Deutschland<\/title>\n<meta name=\"robots\" content=\"index, follow, max-snippet:-1, max-image-preview:large, max-video-preview:-1\" \/>\n<link rel=\"canonical\" href=\"https:\/\/now-news.de\/de\/deutschland\/serbischer-politiker-westliche-geheimdienste-stecken-hinter-protesten-in-belgrad\/\" \/>\n<meta property=\"og:locale\" content=\"de_DE\" \/>\n<meta property=\"og:type\" content=\"article\" \/>\n<meta property=\"og:title\" content=\"Serbischer Politiker: Westliche Geheimdienste stecken hinter Protesten in Belgrad\" \/>\n<meta property=\"og:description\" content=\"Vojislav \u0160e\u0161elj, der Anf\u00fchrer der Serbischen Radikalen Partei, hat in einem Interview mit der Nachrichtenagentur RIA Nowosti westliche Geheimdienste, allen voran den Bundesnachrichtendienst (BND), f\u00fcr die Unruhen in Serbien nach den Parlamentswahlen verantwortlich gemacht. \u00a0\u00a0 Am vergangenen Wochenende versammelten sich Tausende von oppositionellen Demonstranten vor dem Belgrader Stadtparlament, um gegen den Sieg der Serbischen Fortschrittspartei [&hellip;]\" \/>\n<meta property=\"og:url\" content=\"https:\/\/now-news.de\/de\/deutschland\/serbischer-politiker-westliche-geheimdienste-stecken-hinter-protesten-in-belgrad\/\" \/>\n<meta property=\"og:site_name\" content=\"just-now.NEWS Deutschland\" \/>\n<meta property=\"article:publisher\" content=\"https:\/\/www.facebook.com\/wirmachenauf\" \/>\n<meta property=\"article:published_time\" content=\"2023-12-28T16:23:02+00:00\" \/>\n<meta property=\"og:image\" content=\"https:\/\/now-news.de\/de\/wp-content\/uploads\/sites\/3\/2023\/12\/Serbischer-Politiker-Westliche-Geheimdienste-stecken-hinter-Protesten-in-Belgrad.jpg\" \/>\n\t<meta property=\"og:image:width\" content=\"460\" \/>\n\t<meta property=\"og:image:height\" content=\"259\" \/>\n\t<meta property=\"og:image:type\" content=\"image\/jpeg\" \/>\n<meta name=\"author\" content=\"rtnews\" \/>\n<meta name=\"twitter:card\" content=\"summary_large_image\" \/>\n<meta name=\"twitter:creator\" content=\"@WirMachenAuf_de\" \/>\n<meta name=\"twitter:site\" content=\"@WirMachenAuf_de\" \/>\n<meta name=\"twitter:label1\" content=\"Verfasst von\" \/>\n\t<meta name=\"twitter:data1\" content=\"rtnews\" \/>\n\t<meta name=\"twitter:label2\" content=\"Gesch\u00e4tzte Lesezeit\" \/>\n\t<meta name=\"twitter:data2\" content=\"3\u00a0Minuten\" \/>\n<script type=\"application\/ld+json\" class=\"yoast-schema-graph\">{\"@context\":\"https:\/\/schema.org\",\"@graph\":[{\"@type\":\"Article\",\"@id\":\"https:\/\/now-news.de\/de\/deutschland\/serbischer-politiker-westliche-geheimdienste-stecken-hinter-protesten-in-belgrad\/#article\",\"isPartOf\":{\"@id\":\"https:\/\/now-news.de\/de\/deutschland\/serbischer-politiker-westliche-geheimdienste-stecken-hinter-protesten-in-belgrad\/\"},\"author\":{\"name\":\"rtnews\",\"@id\":\"https:\/\/now-news.de\/de\/#\/schema\/person\/fb534a4e865501d8b3285208df34a9b5\"},\"headline\":\"Serbischer Politiker: Westliche Geheimdienste stecken hinter Protesten in Belgrad\",\"datePublished\":\"2023-12-28T16:23:02+00:00\",\"dateModified\":\"2023-12-28T16:23:02+00:00\",\"mainEntityOfPage\":{\"@id\":\"https:\/\/now-news.de\/de\/deutschland\/serbischer-politiker-westliche-geheimdienste-stecken-hinter-protesten-in-belgrad\/\"},\"wordCount\":620,\"commentCount\":0,\"publisher\":{\"@id\":\"https:\/\/now-news.de\/de\/#organization\"},\"image\":{\"@id\":\"https:\/\/now-news.de\/de\/deutschland\/serbischer-politiker-westliche-geheimdienste-stecken-hinter-protesten-in-belgrad\/#primaryimage\"},\"thumbnailUrl\":\"https:\/\/now-news.de\/de\/wp-content\/uploads\/sites\/3\/2023\/12\/Serbischer-Politiker-Westliche-Geheimdienste-stecken-hinter-Protesten-in-Belgrad.jpg\",\"keywords\":[\"Belgrad\",\"Geheimdienste\",\"hinter\",\"Politiker\",\"Protesten\",\"serbischer\",\"stecken\",\"westliche\"],\"articleSection\":[\"Deutschland\",\"Russland\"],\"inLanguage\":\"de\",\"potentialAction\":[{\"@type\":\"CommentAction\",\"name\":\"Comment\",\"target\":[\"https:\/\/now-news.de\/de\/deutschland\/serbischer-politiker-westliche-geheimdienste-stecken-hinter-protesten-in-belgrad\/#respond\"]}]},{\"@type\":\"WebPage\",\"@id\":\"https:\/\/now-news.de\/de\/deutschland\/serbischer-politiker-westliche-geheimdienste-stecken-hinter-protesten-in-belgrad\/\",\"url\":\"https:\/\/now-news.de\/de\/deutschland\/serbischer-politiker-westliche-geheimdienste-stecken-hinter-protesten-in-belgrad\/\",\"name\":\"Serbischer Politiker: Westliche Geheimdienste stecken hinter Protesten in Belgrad - just-now.NEWS Deutschland\",\"isPartOf\":{\"@id\":\"https:\/\/now-news.de\/de\/#website\"},\"primaryImageOfPage\":{\"@id\":\"https:\/\/now-news.de\/de\/deutschland\/serbischer-politiker-westliche-geheimdienste-stecken-hinter-protesten-in-belgrad\/#primaryimage\"},\"image\":{\"@id\":\"https:\/\/now-news.de\/de\/deutschland\/serbischer-politiker-westliche-geheimdienste-stecken-hinter-protesten-in-belgrad\/#primaryimage\"},\"thumbnailUrl\":\"https:\/\/now-news.de\/de\/wp-content\/uploads\/sites\/3\/2023\/12\/Serbischer-Politiker-Westliche-Geheimdienste-stecken-hinter-Protesten-in-Belgrad.jpg\",\"datePublished\":\"2023-12-28T16:23:02+00:00\",\"dateModified\":\"2023-12-28T16:23:02+00:00\",\"breadcrumb\":{\"@id\":\"https:\/\/now-news.de\/de\/deutschland\/serbischer-politiker-westliche-geheimdienste-stecken-hinter-protesten-in-belgrad\/#breadcrumb\"},\"inLanguage\":\"de\",\"potentialAction\":[{\"@type\":\"ReadAction\",\"target\":[\"https:\/\/now-news.de\/de\/deutschland\/serbischer-politiker-westliche-geheimdienste-stecken-hinter-protesten-in-belgrad\/\"]}]},{\"@type\":\"ImageObject\",\"inLanguage\":\"de\",\"@id\":\"https:\/\/now-news.de\/de\/deutschland\/serbischer-politiker-westliche-geheimdienste-stecken-hinter-protesten-in-belgrad\/#primaryimage\",\"url\":\"https:\/\/now-news.de\/de\/wp-content\/uploads\/sites\/3\/2023\/12\/Serbischer-Politiker-Westliche-Geheimdienste-stecken-hinter-Protesten-in-Belgrad.jpg\",\"contentUrl\":\"https:\/\/now-news.de\/de\/wp-content\/uploads\/sites\/3\/2023\/12\/Serbischer-Politiker-Westliche-Geheimdienste-stecken-hinter-Protesten-in-Belgrad.jpg\",\"width\":460,\"height\":259,\"caption\":\"Serbischer Politiker: Westliche Geheimdienste stecken hinter Protesten in Belgrad\"},{\"@type\":\"BreadcrumbList\",\"@id\":\"https:\/\/now-news.de\/de\/deutschland\/serbischer-politiker-westliche-geheimdienste-stecken-hinter-protesten-in-belgrad\/#breadcrumb\",\"itemListElement\":[{\"@type\":\"ListItem\",\"position\":1,\"name\":\"Home\",\"item\":\"https:\/\/now-news.de\/de\/\"},{\"@type\":\"ListItem\",\"position\":2,\"name\":\"Serbischer Politiker: Westliche Geheimdienste stecken hinter Protesten in Belgrad\"}]},{\"@type\":\"WebSite\",\"@id\":\"https:\/\/now-news.de\/de\/#website\",\"url\":\"https:\/\/now-news.de\/de\/\",\"name\":\"just-now.NEWS Deutschland\",\"description\":\"Das Portal f\u00fcr unzensierte Nachrichten aus der Welt\",\"publisher\":{\"@id\":\"https:\/\/now-news.de\/de\/#organization\"},\"potentialAction\":[{\"@type\":\"SearchAction\",\"target\":{\"@type\":\"EntryPoint\",\"urlTemplate\":\"https:\/\/now-news.de\/de\/?s={search_term_string}\"},\"query-input\":\"required name=search_term_string\"}],\"inLanguage\":\"de\"},{\"@type\":\"Organization\",\"@id\":\"https:\/\/now-news.de\/de\/#organization\",\"name\":\"Just Now News\",\"url\":\"https:\/\/now-news.de\/de\/\",\"logo\":{\"@type\":\"ImageObject\",\"inLanguage\":\"de\",\"@id\":\"https:\/\/now-news.de\/de\/#\/schema\/logo\/image\/\",\"url\":\"http:\/\/just-now.news\/de\/wp-content\/uploads\/sites\/3\/2022\/04\/logo500x500.jpg\",\"contentUrl\":\"http:\/\/just-now.news\/de\/wp-content\/uploads\/sites\/3\/2022\/04\/logo500x500.jpg\",\"width\":500,\"height\":500,\"caption\":\"Just Now News\"},\"image\":{\"@id\":\"https:\/\/now-news.de\/de\/#\/schema\/logo\/image\/\"},\"sameAs\":[\"https:\/\/www.facebook.com\/wirmachenauf\",\"https:\/\/x.com\/WirMachenAuf_de\"]},{\"@type\":\"Person\",\"@id\":\"https:\/\/now-news.de\/de\/#\/schema\/person\/fb534a4e865501d8b3285208df34a9b5\",\"name\":\"rtnews\",\"image\":{\"@type\":\"ImageObject\",\"inLanguage\":\"de\",\"@id\":\"https:\/\/now-news.de\/de\/#\/schema\/person\/image\/\",\"url\":\"https:\/\/secure.gravatar.com\/avatar\/82aafea7d8127119dd649515f56e2117?s=96&d=mm&r=g\",\"contentUrl\":\"https:\/\/secure.gravatar.com\/avatar\/82aafea7d8127119dd649515f56e2117?s=96&d=mm&r=g\",\"caption\":\"rtnews\"},\"url\":\"https:\/\/now-news.de\/de\/author\/rnews\/\"}]}<\/script>\n<!-- \/ Yoast SEO Premium plugin. -->","yoast_head_json":{"title":"Serbischer Politiker: Westliche Geheimdienste stecken hinter Protesten in Belgrad - just-now.NEWS Deutschland","robots":{"index":"index","follow":"follow","max-snippet":"max-snippet:-1","max-image-preview":"max-image-preview:large","max-video-preview":"max-video-preview:-1"},"canonical":"https:\/\/now-news.de\/de\/deutschland\/serbischer-politiker-westliche-geheimdienste-stecken-hinter-protesten-in-belgrad\/","og_locale":"de_DE","og_type":"article","og_title":"Serbischer Politiker: Westliche Geheimdienste stecken hinter Protesten in Belgrad","og_description":"Vojislav \u0160e\u0161elj, der Anf\u00fchrer der Serbischen Radikalen Partei, hat in einem Interview mit der Nachrichtenagentur RIA Nowosti westliche Geheimdienste, allen voran den Bundesnachrichtendienst (BND), f\u00fcr die Unruhen in Serbien nach den Parlamentswahlen verantwortlich gemacht. \u00a0\u00a0 Am vergangenen Wochenende versammelten sich Tausende von oppositionellen Demonstranten vor dem Belgrader Stadtparlament, um gegen den Sieg der Serbischen Fortschrittspartei [&hellip;]","og_url":"https:\/\/now-news.de\/de\/deutschland\/serbischer-politiker-westliche-geheimdienste-stecken-hinter-protesten-in-belgrad\/","og_site_name":"just-now.NEWS Deutschland","article_publisher":"https:\/\/www.facebook.com\/wirmachenauf","article_published_time":"2023-12-28T16:23:02+00:00","og_image":[{"width":460,"height":259,"url":"https:\/\/now-news.de\/de\/wp-content\/uploads\/sites\/3\/2023\/12\/Serbischer-Politiker-Westliche-Geheimdienste-stecken-hinter-Protesten-in-Belgrad.jpg","type":"image\/jpeg"}],"author":"rtnews","twitter_card":"summary_large_image","twitter_creator":"@WirMachenAuf_de","twitter_site":"@WirMachenAuf_de","twitter_misc":{"Verfasst von":"rtnews","Gesch\u00e4tzte Lesezeit":"3\u00a0Minuten"},"schema":{"@context":"https:\/\/schema.org","@graph":[{"@type":"Article","@id":"https:\/\/now-news.de\/de\/deutschland\/serbischer-politiker-westliche-geheimdienste-stecken-hinter-protesten-in-belgrad\/#article","isPartOf":{"@id":"https:\/\/now-news.de\/de\/deutschland\/serbischer-politiker-westliche-geheimdienste-stecken-hinter-protesten-in-belgrad\/"},"author":{"name":"rtnews","@id":"https:\/\/now-news.de\/de\/#\/schema\/person\/fb534a4e865501d8b3285208df34a9b5"},"headline":"Serbischer Politiker: Westliche Geheimdienste stecken hinter Protesten in Belgrad","datePublished":"2023-12-28T16:23:02+00:00","dateModified":"2023-12-28T16:23:02+00:00","mainEntityOfPage":{"@id":"https:\/\/now-news.de\/de\/deutschland\/serbischer-politiker-westliche-geheimdienste-stecken-hinter-protesten-in-belgrad\/"},"wordCount":620,"commentCount":0,"publisher":{"@id":"https:\/\/now-news.de\/de\/#organization"},"image":{"@id":"https:\/\/now-news.de\/de\/deutschland\/serbischer-politiker-westliche-geheimdienste-stecken-hinter-protesten-in-belgrad\/#primaryimage"},"thumbnailUrl":"https:\/\/now-news.de\/de\/wp-content\/uploads\/sites\/3\/2023\/12\/Serbischer-Politiker-Westliche-Geheimdienste-stecken-hinter-Protesten-in-Belgrad.jpg","keywords":["Belgrad","Geheimdienste","hinter","Politiker","Protesten","serbischer","stecken","westliche"],"articleSection":["Deutschland","Russland"],"inLanguage":"de","potentialAction":[{"@type":"CommentAction","name":"Comment","target":["https:\/\/now-news.de\/de\/deutschland\/serbischer-politiker-westliche-geheimdienste-stecken-hinter-protesten-in-belgrad\/#respond"]}]},{"@type":"WebPage","@id":"https:\/\/now-news.de\/de\/deutschland\/serbischer-politiker-westliche-geheimdienste-stecken-hinter-protesten-in-belgrad\/","url":"https:\/\/now-news.de\/de\/deutschland\/serbischer-politiker-westliche-geheimdienste-stecken-hinter-protesten-in-belgrad\/","name":"Serbischer Politiker: Westliche Geheimdienste stecken hinter Protesten in Belgrad - just-now.NEWS Deutschland","isPartOf":{"@id":"https:\/\/now-news.de\/de\/#website"},"primaryImageOfPage":{"@id":"https:\/\/now-news.de\/de\/deutschland\/serbischer-politiker-westliche-geheimdienste-stecken-hinter-protesten-in-belgrad\/#primaryimage"},"image":{"@id":"https:\/\/now-news.de\/de\/deutschland\/serbischer-politiker-westliche-geheimdienste-stecken-hinter-protesten-in-belgrad\/#primaryimage"},"thumbnailUrl":"https:\/\/now-news.de\/de\/wp-content\/uploads\/sites\/3\/2023\/12\/Serbischer-Politiker-Westliche-Geheimdienste-stecken-hinter-Protesten-in-Belgrad.jpg","datePublished":"2023-12-28T16:23:02+00:00","dateModified":"2023-12-28T16:23:02+00:00","breadcrumb":{"@id":"https:\/\/now-news.de\/de\/deutschland\/serbischer-politiker-westliche-geheimdienste-stecken-hinter-protesten-in-belgrad\/#breadcrumb"},"inLanguage":"de","potentialAction":[{"@type":"ReadAction","target":["https:\/\/now-news.de\/de\/deutschland\/serbischer-politiker-westliche-geheimdienste-stecken-hinter-protesten-in-belgrad\/"]}]},{"@type":"ImageObject","inLanguage":"de","@id":"https:\/\/now-news.de\/de\/deutschland\/serbischer-politiker-westliche-geheimdienste-stecken-hinter-protesten-in-belgrad\/#primaryimage","url":"https:\/\/now-news.de\/de\/wp-content\/uploads\/sites\/3\/2023\/12\/Serbischer-Politiker-Westliche-Geheimdienste-stecken-hinter-Protesten-in-Belgrad.jpg","contentUrl":"https:\/\/now-news.de\/de\/wp-content\/uploads\/sites\/3\/2023\/12\/Serbischer-Politiker-Westliche-Geheimdienste-stecken-hinter-Protesten-in-Belgrad.jpg","width":460,"height":259,"caption":"Serbischer Politiker: Westliche Geheimdienste stecken hinter Protesten in Belgrad"},{"@type":"BreadcrumbList","@id":"https:\/\/now-news.de\/de\/deutschland\/serbischer-politiker-westliche-geheimdienste-stecken-hinter-protesten-in-belgrad\/#breadcrumb","itemListElement":[{"@type":"ListItem","position":1,"name":"Home","item":"https:\/\/now-news.de\/de\/"},{"@type":"ListItem","position":2,"name":"Serbischer Politiker: Westliche Geheimdienste stecken hinter Protesten in Belgrad"}]},{"@type":"WebSite","@id":"https:\/\/now-news.de\/de\/#website","url":"https:\/\/now-news.de\/de\/","name":"just-now.NEWS Deutschland","description":"Das Portal f\u00fcr unzensierte Nachrichten aus der Welt","publisher":{"@id":"https:\/\/now-news.de\/de\/#organization"},"potentialAction":[{"@type":"SearchAction","target":{"@type":"EntryPoint","urlTemplate":"https:\/\/now-news.de\/de\/?s={search_term_string}"},"query-input":"required name=search_term_string"}],"inLanguage":"de"},{"@type":"Organization","@id":"https:\/\/now-news.de\/de\/#organization","name":"Just Now News","url":"https:\/\/now-news.de\/de\/","logo":{"@type":"ImageObject","inLanguage":"de","@id":"https:\/\/now-news.de\/de\/#\/schema\/logo\/image\/","url":"http:\/\/just-now.news\/de\/wp-content\/uploads\/sites\/3\/2022\/04\/logo500x500.jpg","contentUrl":"http:\/\/just-now.news\/de\/wp-content\/uploads\/sites\/3\/2022\/04\/logo500x500.jpg","width":500,"height":500,"caption":"Just Now News"},"image":{"@id":"https:\/\/now-news.de\/de\/#\/schema\/logo\/image\/"},"sameAs":["https:\/\/www.facebook.com\/wirmachenauf","https:\/\/x.com\/WirMachenAuf_de"]},{"@type":"Person","@id":"https:\/\/now-news.de\/de\/#\/schema\/person\/fb534a4e865501d8b3285208df34a9b5","name":"rtnews","image":{"@type":"ImageObject","inLanguage":"de","@id":"https:\/\/now-news.de\/de\/#\/schema\/person\/image\/","url":"https:\/\/secure.gravatar.com\/avatar\/82aafea7d8127119dd649515f56e2117?s=96&d=mm&r=g","contentUrl":"https:\/\/secure.gravatar.com\/avatar\/82aafea7d8127119dd649515f56e2117?s=96&d=mm&r=g","caption":"rtnews"},"url":"https:\/\/now-news.de\/de\/author\/rnews\/"}]}},"_links":{"self":[{"href":"https:\/\/now-news.de\/de\/wp-json\/wp\/v2\/posts\/52352"}],"collection":[{"href":"https:\/\/now-news.de\/de\/wp-json\/wp\/v2\/posts"}],"about":[{"href":"https:\/\/now-news.de\/de\/wp-json\/wp\/v2\/types\/post"}],"author":[{"embeddable":true,"href":"https:\/\/now-news.de\/de\/wp-json\/wp\/v2\/users\/3"}],"replies":[{"embeddable":true,"href":"https:\/\/now-news.de\/de\/wp-json\/wp\/v2\/comments?post=52352"}],"version-history":[{"count":0,"href":"https:\/\/now-news.de\/de\/wp-json\/wp\/v2\/posts\/52352\/revisions"}],"wp:featuredmedia":[{"embeddable":true,"href":"https:\/\/now-news.de\/de\/wp-json\/wp\/v2\/media\/52353"}],"wp:attachment":[{"href":"https:\/\/now-news.de\/de\/wp-json\/wp\/v2\/media?parent=52352"}],"wp:term":[{"taxonomy":"category","embeddable":true,"href":"https:\/\/now-news.de\/de\/wp-json\/wp\/v2\/categories?post=52352"},{"taxonomy":"post_tag","embeddable":true,"href":"https:\/\/now-news.de\/de\/wp-json\/wp\/v2\/tags?post=52352"}],"curies":[{"name":"wp","href":"https:\/\/api.w.org\/{rel}","templated":true}]}}