{"id":52289,"date":"2023-12-27T18:19:46","date_gmt":"2023-12-27T16:19:46","guid":{"rendered":"https:\/\/just-now.news\/de\/deutschland\/eu-parlamentswahlen-borrell-fuerchtet-rechtsrutsch\/"},"modified":"2023-12-27T18:19:46","modified_gmt":"2023-12-27T16:19:46","slug":"eu-parlamentswahlen-borrell-fuerchtet-rechtsrutsch","status":"publish","type":"post","link":"https:\/\/now-news.de\/de\/deutschland\/eu-parlamentswahlen-borrell-fuerchtet-rechtsrutsch\/","title":{"rendered":"EU-Parlamentswahlen: Borrell f\u00fcrchtet Rechtsrutsch"},"content":{"rendered":"<p><img decoding=\"async\" src=\"http:\/\/just-now.news\/de\/wp-content\/uploads\/sites\/3\/2023\/12\/658bffd248fbef626e32fffc.jpg\" \/><\/p>\n<div class=\"Text-root Text-type_1 \">\n                Im kommenden Jahr finden die Wahlen zum EU-Parlament statt. Der EU-Au\u00dfenbeauftragte Josep Borrell f\u00fcrchtet einen Rechtsrutsch. Die W\u00e4hler h\u00e4tten Zukunftsangst und w\u00fcrden daher Populisten w\u00e4hlen. Verantwortlich daf\u00fcr macht er Putin. \u00dcber eigene Fehler will man in der EU nicht diskutieren.\n            <\/div>\n<p><\/p>\n<div class=\"Text-root Text-type_5 ArticleView-text ViewText-root \">\n<p>In einem Interview mit der britischen Tageszeitung\u00a0<em>The Guardian<\/em>\u00a0dr\u00fcckt der EU-Au\u00dfenbeauftragte Josep Borrell seine Sorge vor den kommenden Wahlen zum EU-Parlament aus. Borrell f\u00fcrchtet einen Rechtsrutsch. Die Sorgen der W\u00e4hler vor der Zukunft k\u00f6nnten sie im Verlangen nach Sicherheit rechten Populisten in die Arme treiben, f\u00fcrchtet Borrell.<\/p>\n<blockquote>\n<p><em>&#8220;Ich habe Angst vor der Angst, ich habe Angst, dass die Europ\u00e4er w\u00e4hlen, weil sie Angst haben. Es ist wissenschaftlich erwiesen, dass Angst vor dem Unbekannten und der Ungewissheit ein Hormon erzeugt, das eine Sicherheitsreaktion erfordert. Das ist ein Fakt&#8221;, sagte Borrell in dem Interview.<\/em><\/p>\n<\/blockquote>\n<p>Angesichts des Krieges in Nahost, vor allem aber durch den Krieg in der Ukraine seien die Menschen verunsichert. Putin bedrohe nicht nur die Ukraine, sondern die ganze EU, wiederholt Borrell eine von Politikern der EU und ihrer L\u00e4nder vielfach vorgebrachte These. Es sei ein Kampf der Demokratie und der Freiheit gegen den Autoritarismus, behauptet er.\u00a0<\/p>\n<blockquote>\n<p><em>&#8220;Vielleicht ist dies der Moment, in dem wir uns mit der Gefahr befassen m\u00fcssen, die von einer Gro\u00dfmacht ausgeht, die unsere Demokratie bedroht, die Europa selbst bedroht, nicht nur die Ukraine.&#8221;<\/em><\/p>\n<\/blockquote>\n<blockquote>\n<\/blockquote>\n<p>Dass Russland allerdings die gr\u00f6\u00dfte Gefahr f\u00fcr den Zusammenhalt der EU darstellt, ist mindestens fragw\u00fcrdig. Der Journalist und Betreiber des Blogs\u00a0<em>Lost in Europe<\/em>, Eric Bonse, sieht tieferliegende\u00a0<a rel=\"nofollow noopener\" target=\"_blank\" href=\"https:\/\/lostineu.eu\/die-neue-eu-krise-8-das-vertrauen-schwindet\/\">Probleme<\/a>. Auf die Klimakrise, die Corona-Krise, den Ukraine-Krieg und nicht zuletzt die Fl\u00fcchtlingskrise liefere die EU keine befriedigenden Antworten. Zwar w\u00fcrde sich die EU umfassend selbst loben, das k\u00f6nne aber nicht dar\u00fcber hinwegt\u00e4uschen, dass vom urspr\u00fcnglichen Wachstums- und Wohlstands-Versprechen der EU faktisch nichts mehr \u00fcbrig sei.\u00a0<\/p>\n<p>Bedenklich sei, dass sich EU-Parlamentarier die dringend notwendige Kritik an der EU-Kommissionspr\u00e4sidentin von der Leyen selbst verbieten, aus Angst, damit der AfD in die H\u00e4nde zu spielen.\u00a0<\/p>\n<blockquote>\n<p><em>&#8220;Das Misstrauen hat den innersten Zirkel der EU erfasst \u2013 doch psst: Wer das ausspricht, ist ein EU-Gegner \u2013 oder mindestens ein b\u00f6ser &#8216;Populist&#8217; im Solde Putins bzw. der Hamas&#8221;, schreibt Bonse.<\/em><\/p>\n<\/blockquote>\n<p>Die EU-Eliten w\u00fcrden sich in einer Wagenburg verschanzen und sich gegen\u00fcber Kritik abschotten.\u00a0Kaum ein Politiker der EU steht f\u00fcr die vollkommene Selbstabschottung vor der Realit\u00e4t wie der EU-Au\u00dfenbeauftragte Borrell. Im Interview mit dem<em>\u00a0Guardian<\/em>\u00a0sagt er<\/p>\n<blockquote>\n<p><em>&#8220;Wir sind ein Magnet f\u00fcr Hunderttausende, die in Europa leben wollen. Und es ist leicht zu verstehen, warum, wenn wir unseren Lebensstandard vergleichen. Wir sind die beste Kombination aus politischer Freiheit, wirtschaftlichem Wohlstand und sozialem Zusammenhalt, die die Menschheit je schaffen konnte.&#8221;<\/em><\/p>\n<\/blockquote>\n<p>Besser als mit diesen S\u00e4tzen lie\u00dfe sich kaum ausdr\u00fccken, dass Bonse recht hat und sich die EU-Eliten inzwischen vor den Tatsachen und Herausforderungen\u00a0gut verschanzt haben.\u00a0\u00a0<\/p>\n<p><strong>Mehr zum Thema<\/strong>\u00a0\u2013 <a rel=\"nofollow noopener\" target=\"_blank\" href=\"https:\/\/freedert.online\/meinung\/190644-welt-braucht-europa-nicht\/\">Erkenntnis 2023: Die Welt braucht Europa nicht<\/a><\/p>\n<\/p>\n<\/div>\n<p><br \/>\n<br \/><a href=\"https:\/\/de.rt.com\/europa\/191010-eu-parlamentswahlen-borrell-fuerchtet-rechtsrutsch\/\">Source link <\/a><\/p>\n","protected":false},"excerpt":{"rendered":"<p>Im kommenden Jahr finden die Wahlen zum EU-Parlament statt. Der EU-Au\u00dfenbeauftragte Josep Borrell f\u00fcrchtet einen Rechtsrutsch. Die W\u00e4hler h\u00e4tten Zukunftsangst und w\u00fcrden daher Populisten w\u00e4hlen. Verantwortlich daf\u00fcr macht er Putin. \u00dcber eigene Fehler will man in der EU nicht diskutieren. In einem Interview mit der britischen Tageszeitung\u00a0The Guardian\u00a0dr\u00fcckt der EU-Au\u00dfenbeauftragte Josep Borrell seine Sorge vor [&hellip;]<\/p>\n","protected":false},"author":3,"featured_media":52290,"comment_status":"open","ping_status":"open","sticky":false,"template":"","format":"standard","meta":{"_yoast_indexnow_last_ping":["1703694591"],"wp_automatic_camp":["217"],"5781a367618d92d5fc016b23e945af37":["EU-Parlamentswahlen: Borrell f\u00fcrchtet Rechtsrutsch"],"original_link":["https:\/\/de.rt.com\/europa\/191010-eu-parlamentswahlen-borrell-fuerchtet-rechtsrutsch\/"],"_thumbnail_id":["52290"],"_wptgpro_p2tg_sent2tg":["a:1:{i:23737;s:19:\"2023-12-27 18:30:53\";}"],"jnews_social_counter_last_update":["1777623344"]},"categories":[19,23],"tags":[25926,51977,25167,51978],"yoast_head":"<!-- This site is optimized with the Yoast SEO Premium plugin v22.7 (Yoast SEO v22.7) - https:\/\/yoast.com\/wordpress\/plugins\/seo\/ -->\n<title>EU-Parlamentswahlen: Borrell f\u00fcrchtet Rechtsrutsch - just-now.NEWS Deutschland<\/title>\n<meta name=\"robots\" content=\"index, follow, max-snippet:-1, max-image-preview:large, max-video-preview:-1\" \/>\n<link rel=\"canonical\" href=\"https:\/\/now-news.de\/de\/deutschland\/eu-parlamentswahlen-borrell-fuerchtet-rechtsrutsch\/\" \/>\n<meta property=\"og:locale\" content=\"de_DE\" \/>\n<meta property=\"og:type\" content=\"article\" \/>\n<meta property=\"og:title\" content=\"EU-Parlamentswahlen: Borrell f\u00fcrchtet Rechtsrutsch\" \/>\n<meta property=\"og:description\" content=\"Im kommenden Jahr finden die Wahlen zum EU-Parlament statt. Der EU-Au\u00dfenbeauftragte Josep Borrell f\u00fcrchtet einen Rechtsrutsch. Die W\u00e4hler h\u00e4tten Zukunftsangst und w\u00fcrden daher Populisten w\u00e4hlen. Verantwortlich daf\u00fcr macht er Putin. \u00dcber eigene Fehler will man in der EU nicht diskutieren. In einem Interview mit der britischen Tageszeitung\u00a0The Guardian\u00a0dr\u00fcckt der EU-Au\u00dfenbeauftragte Josep Borrell seine Sorge vor [&hellip;]\" \/>\n<meta property=\"og:url\" content=\"https:\/\/now-news.de\/de\/deutschland\/eu-parlamentswahlen-borrell-fuerchtet-rechtsrutsch\/\" \/>\n<meta property=\"og:site_name\" content=\"just-now.NEWS Deutschland\" \/>\n<meta property=\"article:publisher\" content=\"https:\/\/www.facebook.com\/wirmachenauf\" \/>\n<meta property=\"article:published_time\" content=\"2023-12-27T16:19:46+00:00\" \/>\n<meta property=\"og:image\" content=\"https:\/\/now-news.de\/de\/wp-content\/uploads\/sites\/3\/2023\/12\/EU-Parlamentswahlen-Borrell-fuerchtet-Rechtsrutsch.jpg\" \/>\n\t<meta property=\"og:image:width\" content=\"460\" \/>\n\t<meta property=\"og:image:height\" content=\"259\" \/>\n\t<meta property=\"og:image:type\" content=\"image\/jpeg\" \/>\n<meta name=\"author\" content=\"rtnews\" \/>\n<meta name=\"twitter:card\" content=\"summary_large_image\" \/>\n<meta name=\"twitter:creator\" content=\"@WirMachenAuf_de\" \/>\n<meta name=\"twitter:site\" content=\"@WirMachenAuf_de\" \/>\n<meta name=\"twitter:label1\" content=\"Verfasst von\" \/>\n\t<meta name=\"twitter:data1\" content=\"rtnews\" \/>\n\t<meta name=\"twitter:label2\" content=\"Gesch\u00e4tzte Lesezeit\" \/>\n\t<meta name=\"twitter:data2\" content=\"3\u00a0Minuten\" \/>\n<script type=\"application\/ld+json\" class=\"yoast-schema-graph\">{\"@context\":\"https:\/\/schema.org\",\"@graph\":[{\"@type\":\"Article\",\"@id\":\"https:\/\/now-news.de\/de\/deutschland\/eu-parlamentswahlen-borrell-fuerchtet-rechtsrutsch\/#article\",\"isPartOf\":{\"@id\":\"https:\/\/now-news.de\/de\/deutschland\/eu-parlamentswahlen-borrell-fuerchtet-rechtsrutsch\/\"},\"author\":{\"name\":\"rtnews\",\"@id\":\"https:\/\/now-news.de\/de\/#\/schema\/person\/fb534a4e865501d8b3285208df34a9b5\"},\"headline\":\"EU-Parlamentswahlen: Borrell f\u00fcrchtet Rechtsrutsch\",\"datePublished\":\"2023-12-27T16:19:46+00:00\",\"dateModified\":\"2023-12-27T16:19:46+00:00\",\"mainEntityOfPage\":{\"@id\":\"https:\/\/now-news.de\/de\/deutschland\/eu-parlamentswahlen-borrell-fuerchtet-rechtsrutsch\/\"},\"wordCount\":511,\"commentCount\":0,\"publisher\":{\"@id\":\"https:\/\/now-news.de\/de\/#organization\"},\"image\":{\"@id\":\"https:\/\/now-news.de\/de\/deutschland\/eu-parlamentswahlen-borrell-fuerchtet-rechtsrutsch\/#primaryimage\"},\"thumbnailUrl\":\"https:\/\/now-news.de\/de\/wp-content\/uploads\/sites\/3\/2023\/12\/EU-Parlamentswahlen-Borrell-fuerchtet-Rechtsrutsch.jpg\",\"keywords\":[\"Borrell\",\"EUParlamentswahlen\",\"f\u00fcrchtet\",\"Rechtsrutsch\"],\"articleSection\":[\"Deutschland\",\"Russland\"],\"inLanguage\":\"de\",\"potentialAction\":[{\"@type\":\"CommentAction\",\"name\":\"Comment\",\"target\":[\"https:\/\/now-news.de\/de\/deutschland\/eu-parlamentswahlen-borrell-fuerchtet-rechtsrutsch\/#respond\"]}]},{\"@type\":\"WebPage\",\"@id\":\"https:\/\/now-news.de\/de\/deutschland\/eu-parlamentswahlen-borrell-fuerchtet-rechtsrutsch\/\",\"url\":\"https:\/\/now-news.de\/de\/deutschland\/eu-parlamentswahlen-borrell-fuerchtet-rechtsrutsch\/\",\"name\":\"EU-Parlamentswahlen: Borrell f\u00fcrchtet Rechtsrutsch - just-now.NEWS Deutschland\",\"isPartOf\":{\"@id\":\"https:\/\/now-news.de\/de\/#website\"},\"primaryImageOfPage\":{\"@id\":\"https:\/\/now-news.de\/de\/deutschland\/eu-parlamentswahlen-borrell-fuerchtet-rechtsrutsch\/#primaryimage\"},\"image\":{\"@id\":\"https:\/\/now-news.de\/de\/deutschland\/eu-parlamentswahlen-borrell-fuerchtet-rechtsrutsch\/#primaryimage\"},\"thumbnailUrl\":\"https:\/\/now-news.de\/de\/wp-content\/uploads\/sites\/3\/2023\/12\/EU-Parlamentswahlen-Borrell-fuerchtet-Rechtsrutsch.jpg\",\"datePublished\":\"2023-12-27T16:19:46+00:00\",\"dateModified\":\"2023-12-27T16:19:46+00:00\",\"breadcrumb\":{\"@id\":\"https:\/\/now-news.de\/de\/deutschland\/eu-parlamentswahlen-borrell-fuerchtet-rechtsrutsch\/#breadcrumb\"},\"inLanguage\":\"de\",\"potentialAction\":[{\"@type\":\"ReadAction\",\"target\":[\"https:\/\/now-news.de\/de\/deutschland\/eu-parlamentswahlen-borrell-fuerchtet-rechtsrutsch\/\"]}]},{\"@type\":\"ImageObject\",\"inLanguage\":\"de\",\"@id\":\"https:\/\/now-news.de\/de\/deutschland\/eu-parlamentswahlen-borrell-fuerchtet-rechtsrutsch\/#primaryimage\",\"url\":\"https:\/\/now-news.de\/de\/wp-content\/uploads\/sites\/3\/2023\/12\/EU-Parlamentswahlen-Borrell-fuerchtet-Rechtsrutsch.jpg\",\"contentUrl\":\"https:\/\/now-news.de\/de\/wp-content\/uploads\/sites\/3\/2023\/12\/EU-Parlamentswahlen-Borrell-fuerchtet-Rechtsrutsch.jpg\",\"width\":460,\"height\":259,\"caption\":\"EU-Parlamentswahlen: Borrell f\u00fcrchtet Rechtsrutsch\"},{\"@type\":\"BreadcrumbList\",\"@id\":\"https:\/\/now-news.de\/de\/deutschland\/eu-parlamentswahlen-borrell-fuerchtet-rechtsrutsch\/#breadcrumb\",\"itemListElement\":[{\"@type\":\"ListItem\",\"position\":1,\"name\":\"Home\",\"item\":\"https:\/\/now-news.de\/de\/\"},{\"@type\":\"ListItem\",\"position\":2,\"name\":\"EU-Parlamentswahlen: Borrell f\u00fcrchtet Rechtsrutsch\"}]},{\"@type\":\"WebSite\",\"@id\":\"https:\/\/now-news.de\/de\/#website\",\"url\":\"https:\/\/now-news.de\/de\/\",\"name\":\"just-now.NEWS Deutschland\",\"description\":\"Das Portal f\u00fcr unzensierte Nachrichten aus der Welt\",\"publisher\":{\"@id\":\"https:\/\/now-news.de\/de\/#organization\"},\"potentialAction\":[{\"@type\":\"SearchAction\",\"target\":{\"@type\":\"EntryPoint\",\"urlTemplate\":\"https:\/\/now-news.de\/de\/?s={search_term_string}\"},\"query-input\":\"required name=search_term_string\"}],\"inLanguage\":\"de\"},{\"@type\":\"Organization\",\"@id\":\"https:\/\/now-news.de\/de\/#organization\",\"name\":\"Just Now News\",\"url\":\"https:\/\/now-news.de\/de\/\",\"logo\":{\"@type\":\"ImageObject\",\"inLanguage\":\"de\",\"@id\":\"https:\/\/now-news.de\/de\/#\/schema\/logo\/image\/\",\"url\":\"http:\/\/just-now.news\/de\/wp-content\/uploads\/sites\/3\/2022\/04\/logo500x500.jpg\",\"contentUrl\":\"http:\/\/just-now.news\/de\/wp-content\/uploads\/sites\/3\/2022\/04\/logo500x500.jpg\",\"width\":500,\"height\":500,\"caption\":\"Just Now News\"},\"image\":{\"@id\":\"https:\/\/now-news.de\/de\/#\/schema\/logo\/image\/\"},\"sameAs\":[\"https:\/\/www.facebook.com\/wirmachenauf\",\"https:\/\/x.com\/WirMachenAuf_de\"]},{\"@type\":\"Person\",\"@id\":\"https:\/\/now-news.de\/de\/#\/schema\/person\/fb534a4e865501d8b3285208df34a9b5\",\"name\":\"rtnews\",\"image\":{\"@type\":\"ImageObject\",\"inLanguage\":\"de\",\"@id\":\"https:\/\/now-news.de\/de\/#\/schema\/person\/image\/\",\"url\":\"https:\/\/secure.gravatar.com\/avatar\/82aafea7d8127119dd649515f56e2117?s=96&d=mm&r=g\",\"contentUrl\":\"https:\/\/secure.gravatar.com\/avatar\/82aafea7d8127119dd649515f56e2117?s=96&d=mm&r=g\",\"caption\":\"rtnews\"},\"url\":\"https:\/\/now-news.de\/de\/author\/rnews\/\"}]}<\/script>\n<!-- \/ Yoast SEO Premium plugin. -->","yoast_head_json":{"title":"EU-Parlamentswahlen: Borrell f\u00fcrchtet Rechtsrutsch - just-now.NEWS Deutschland","robots":{"index":"index","follow":"follow","max-snippet":"max-snippet:-1","max-image-preview":"max-image-preview:large","max-video-preview":"max-video-preview:-1"},"canonical":"https:\/\/now-news.de\/de\/deutschland\/eu-parlamentswahlen-borrell-fuerchtet-rechtsrutsch\/","og_locale":"de_DE","og_type":"article","og_title":"EU-Parlamentswahlen: Borrell f\u00fcrchtet Rechtsrutsch","og_description":"Im kommenden Jahr finden die Wahlen zum EU-Parlament statt. Der EU-Au\u00dfenbeauftragte Josep Borrell f\u00fcrchtet einen Rechtsrutsch. Die W\u00e4hler h\u00e4tten Zukunftsangst und w\u00fcrden daher Populisten w\u00e4hlen. Verantwortlich daf\u00fcr macht er Putin. \u00dcber eigene Fehler will man in der EU nicht diskutieren. In einem Interview mit der britischen Tageszeitung\u00a0The Guardian\u00a0dr\u00fcckt der EU-Au\u00dfenbeauftragte Josep Borrell seine Sorge vor [&hellip;]","og_url":"https:\/\/now-news.de\/de\/deutschland\/eu-parlamentswahlen-borrell-fuerchtet-rechtsrutsch\/","og_site_name":"just-now.NEWS Deutschland","article_publisher":"https:\/\/www.facebook.com\/wirmachenauf","article_published_time":"2023-12-27T16:19:46+00:00","og_image":[{"width":460,"height":259,"url":"https:\/\/now-news.de\/de\/wp-content\/uploads\/sites\/3\/2023\/12\/EU-Parlamentswahlen-Borrell-fuerchtet-Rechtsrutsch.jpg","type":"image\/jpeg"}],"author":"rtnews","twitter_card":"summary_large_image","twitter_creator":"@WirMachenAuf_de","twitter_site":"@WirMachenAuf_de","twitter_misc":{"Verfasst von":"rtnews","Gesch\u00e4tzte Lesezeit":"3\u00a0Minuten"},"schema":{"@context":"https:\/\/schema.org","@graph":[{"@type":"Article","@id":"https:\/\/now-news.de\/de\/deutschland\/eu-parlamentswahlen-borrell-fuerchtet-rechtsrutsch\/#article","isPartOf":{"@id":"https:\/\/now-news.de\/de\/deutschland\/eu-parlamentswahlen-borrell-fuerchtet-rechtsrutsch\/"},"author":{"name":"rtnews","@id":"https:\/\/now-news.de\/de\/#\/schema\/person\/fb534a4e865501d8b3285208df34a9b5"},"headline":"EU-Parlamentswahlen: Borrell f\u00fcrchtet Rechtsrutsch","datePublished":"2023-12-27T16:19:46+00:00","dateModified":"2023-12-27T16:19:46+00:00","mainEntityOfPage":{"@id":"https:\/\/now-news.de\/de\/deutschland\/eu-parlamentswahlen-borrell-fuerchtet-rechtsrutsch\/"},"wordCount":511,"commentCount":0,"publisher":{"@id":"https:\/\/now-news.de\/de\/#organization"},"image":{"@id":"https:\/\/now-news.de\/de\/deutschland\/eu-parlamentswahlen-borrell-fuerchtet-rechtsrutsch\/#primaryimage"},"thumbnailUrl":"https:\/\/now-news.de\/de\/wp-content\/uploads\/sites\/3\/2023\/12\/EU-Parlamentswahlen-Borrell-fuerchtet-Rechtsrutsch.jpg","keywords":["Borrell","EUParlamentswahlen","f\u00fcrchtet","Rechtsrutsch"],"articleSection":["Deutschland","Russland"],"inLanguage":"de","potentialAction":[{"@type":"CommentAction","name":"Comment","target":["https:\/\/now-news.de\/de\/deutschland\/eu-parlamentswahlen-borrell-fuerchtet-rechtsrutsch\/#respond"]}]},{"@type":"WebPage","@id":"https:\/\/now-news.de\/de\/deutschland\/eu-parlamentswahlen-borrell-fuerchtet-rechtsrutsch\/","url":"https:\/\/now-news.de\/de\/deutschland\/eu-parlamentswahlen-borrell-fuerchtet-rechtsrutsch\/","name":"EU-Parlamentswahlen: Borrell f\u00fcrchtet Rechtsrutsch - just-now.NEWS Deutschland","isPartOf":{"@id":"https:\/\/now-news.de\/de\/#website"},"primaryImageOfPage":{"@id":"https:\/\/now-news.de\/de\/deutschland\/eu-parlamentswahlen-borrell-fuerchtet-rechtsrutsch\/#primaryimage"},"image":{"@id":"https:\/\/now-news.de\/de\/deutschland\/eu-parlamentswahlen-borrell-fuerchtet-rechtsrutsch\/#primaryimage"},"thumbnailUrl":"https:\/\/now-news.de\/de\/wp-content\/uploads\/sites\/3\/2023\/12\/EU-Parlamentswahlen-Borrell-fuerchtet-Rechtsrutsch.jpg","datePublished":"2023-12-27T16:19:46+00:00","dateModified":"2023-12-27T16:19:46+00:00","breadcrumb":{"@id":"https:\/\/now-news.de\/de\/deutschland\/eu-parlamentswahlen-borrell-fuerchtet-rechtsrutsch\/#breadcrumb"},"inLanguage":"de","potentialAction":[{"@type":"ReadAction","target":["https:\/\/now-news.de\/de\/deutschland\/eu-parlamentswahlen-borrell-fuerchtet-rechtsrutsch\/"]}]},{"@type":"ImageObject","inLanguage":"de","@id":"https:\/\/now-news.de\/de\/deutschland\/eu-parlamentswahlen-borrell-fuerchtet-rechtsrutsch\/#primaryimage","url":"https:\/\/now-news.de\/de\/wp-content\/uploads\/sites\/3\/2023\/12\/EU-Parlamentswahlen-Borrell-fuerchtet-Rechtsrutsch.jpg","contentUrl":"https:\/\/now-news.de\/de\/wp-content\/uploads\/sites\/3\/2023\/12\/EU-Parlamentswahlen-Borrell-fuerchtet-Rechtsrutsch.jpg","width":460,"height":259,"caption":"EU-Parlamentswahlen: Borrell f\u00fcrchtet Rechtsrutsch"},{"@type":"BreadcrumbList","@id":"https:\/\/now-news.de\/de\/deutschland\/eu-parlamentswahlen-borrell-fuerchtet-rechtsrutsch\/#breadcrumb","itemListElement":[{"@type":"ListItem","position":1,"name":"Home","item":"https:\/\/now-news.de\/de\/"},{"@type":"ListItem","position":2,"name":"EU-Parlamentswahlen: Borrell f\u00fcrchtet Rechtsrutsch"}]},{"@type":"WebSite","@id":"https:\/\/now-news.de\/de\/#website","url":"https:\/\/now-news.de\/de\/","name":"just-now.NEWS Deutschland","description":"Das Portal f\u00fcr unzensierte Nachrichten aus der Welt","publisher":{"@id":"https:\/\/now-news.de\/de\/#organization"},"potentialAction":[{"@type":"SearchAction","target":{"@type":"EntryPoint","urlTemplate":"https:\/\/now-news.de\/de\/?s={search_term_string}"},"query-input":"required name=search_term_string"}],"inLanguage":"de"},{"@type":"Organization","@id":"https:\/\/now-news.de\/de\/#organization","name":"Just Now News","url":"https:\/\/now-news.de\/de\/","logo":{"@type":"ImageObject","inLanguage":"de","@id":"https:\/\/now-news.de\/de\/#\/schema\/logo\/image\/","url":"http:\/\/just-now.news\/de\/wp-content\/uploads\/sites\/3\/2022\/04\/logo500x500.jpg","contentUrl":"http:\/\/just-now.news\/de\/wp-content\/uploads\/sites\/3\/2022\/04\/logo500x500.jpg","width":500,"height":500,"caption":"Just Now News"},"image":{"@id":"https:\/\/now-news.de\/de\/#\/schema\/logo\/image\/"},"sameAs":["https:\/\/www.facebook.com\/wirmachenauf","https:\/\/x.com\/WirMachenAuf_de"]},{"@type":"Person","@id":"https:\/\/now-news.de\/de\/#\/schema\/person\/fb534a4e865501d8b3285208df34a9b5","name":"rtnews","image":{"@type":"ImageObject","inLanguage":"de","@id":"https:\/\/now-news.de\/de\/#\/schema\/person\/image\/","url":"https:\/\/secure.gravatar.com\/avatar\/82aafea7d8127119dd649515f56e2117?s=96&d=mm&r=g","contentUrl":"https:\/\/secure.gravatar.com\/avatar\/82aafea7d8127119dd649515f56e2117?s=96&d=mm&r=g","caption":"rtnews"},"url":"https:\/\/now-news.de\/de\/author\/rnews\/"}]}},"_links":{"self":[{"href":"https:\/\/now-news.de\/de\/wp-json\/wp\/v2\/posts\/52289"}],"collection":[{"href":"https:\/\/now-news.de\/de\/wp-json\/wp\/v2\/posts"}],"about":[{"href":"https:\/\/now-news.de\/de\/wp-json\/wp\/v2\/types\/post"}],"author":[{"embeddable":true,"href":"https:\/\/now-news.de\/de\/wp-json\/wp\/v2\/users\/3"}],"replies":[{"embeddable":true,"href":"https:\/\/now-news.de\/de\/wp-json\/wp\/v2\/comments?post=52289"}],"version-history":[{"count":0,"href":"https:\/\/now-news.de\/de\/wp-json\/wp\/v2\/posts\/52289\/revisions"}],"wp:featuredmedia":[{"embeddable":true,"href":"https:\/\/now-news.de\/de\/wp-json\/wp\/v2\/media\/52290"}],"wp:attachment":[{"href":"https:\/\/now-news.de\/de\/wp-json\/wp\/v2\/media?parent=52289"}],"wp:term":[{"taxonomy":"category","embeddable":true,"href":"https:\/\/now-news.de\/de\/wp-json\/wp\/v2\/categories?post=52289"},{"taxonomy":"post_tag","embeddable":true,"href":"https:\/\/now-news.de\/de\/wp-json\/wp\/v2\/tags?post=52289"}],"curies":[{"name":"wp","href":"https:\/\/api.w.org\/{rel}","templated":true}]}}