{"id":52271,"date":"2023-12-27T15:37:51","date_gmt":"2023-12-27T13:37:51","guid":{"rendered":"https:\/\/just-now.news\/de\/deutschland\/berufstaetig-35-jahre-alt-russische-armee-zeigt-den-durchschnittlichen-mobilisierten\/"},"modified":"2023-12-27T15:37:51","modified_gmt":"2023-12-27T13:37:51","slug":"berufstaetig-35-jahre-alt-russische-armee-zeigt-den-durchschnittlichen-mobilisierten","status":"publish","type":"post","link":"https:\/\/now-news.de\/de\/deutschland\/berufstaetig-35-jahre-alt-russische-armee-zeigt-den-durchschnittlichen-mobilisierten\/","title":{"rendered":"Berufst\u00e4tig, 35 Jahre alt: Russische Armee zeigt den durchschnittlichen Mobilisierten"},"content":{"rendered":"<p><img decoding=\"async\" src=\"http:\/\/just-now.news\/de\/wp-content\/uploads\/sites\/3\/2023\/12\/658c1dc9b480cc2a7844aa70.jpg\" \/><\/p>\n<div class=\"Text-root Text-type_1 \">\n                Laut einem Bericht des russischen Verteidigungsministeriums wurden im September 2022 mehr als 300.000 Personen im Rahmen einer Teilmobilmachung einberufen. Doch wer sind diese M\u00e4nner? Die Beh\u00f6rde hat nun ein Portr\u00e4t ver\u00f6ffentlicht.\n            <\/div>\n<p><\/p>\n<div class=\"Text-root Text-type_5 ArticleView-text ViewText-root \">\n<p>Wie aus den Statistiken des Berichts &#8220;Armee in Zahlen-2023&#8221; hervorgeht, handelt es sich \u00fcberwiegend um berufst\u00e4tige M\u00e4nner mit Pflichtschulabschluss (63 Prozent) oder Fachschulabschluss (30 Prozent). Nur sieben Prozent haben einen Hochschulabschluss. Die \u00fcberwiegende Mehrheit hat zuvor in der Armee gedient (96,4 Prozent).<\/p>\n<p>Zu Beginn der Teilmobilmachung\u00a0waren 89 Prozent der M\u00e4nner erwerbst\u00e4tig. 40 Prozent von ihnen haben mehr als zehn Jahre Berufserfahrung.\u00a0<\/p>\n<p>Das Durchschnittsalter liegt bei 35 Jahren. Dar\u00fcber hinaus sind 57 Prozent der mobilisierten M\u00e4nner verheiratet. 56,3 Prozent haben Kinder. Rund ein Drittel hat ein Kind, ein Viertel zwei Kinder und 0,3 Prozent drei Kinder.<\/p>\n<p>Im Rahmen der im September 2022 angek\u00fcndigten Teilmobilmachung wurden dem Bericht zufolge 302.503 Personen einberufen. 33.000 B\u00fcrger h\u00e4tten sich direkt nach Bekanntgabe der Mobilmachung gemeldet, ohne auf eine Einberufung zu warten.<\/p>\n<p>Der russische Pr\u00e4sident Wladimir Putin erkl\u00e4rte im Dezember, dass eine weitere Mobilisierungswelle nicht notwendig sei. Die Beh\u00f6rden h\u00e4tten eine Kampagne zur Anwerbung von Freiwilligen gestartet. Es h\u00e4tten sich mehr M\u00e4nner gemeldet, als ben\u00f6tigt w\u00fcrden.<\/p>\n<p><strong><\/strong><strong>Mehr zum Thema <\/strong>&#8211; <a rel=\"nofollow noopener\" target=\"_blank\" href=\"https:\/\/freedert.online\/international\/189837-putin-russland-braucht-keine-zweite\/\">Putin: Russland braucht keine zweite Mobilisierungswelle<\/a><\/p>\n<\/p>\n<\/div>\n<p><br \/>\n<br \/><a href=\"https:\/\/de.rt.com\/russland\/191035-berufstaetig-35-jahre-russische-armee\/\">Source link <\/a><\/p>\n","protected":false},"excerpt":{"rendered":"<p>Laut einem Bericht des russischen Verteidigungsministeriums wurden im September 2022 mehr als 300.000 Personen im Rahmen einer Teilmobilmachung einberufen. Doch wer sind diese M\u00e4nner? Die Beh\u00f6rde hat nun ein Portr\u00e4t ver\u00f6ffentlicht. Wie aus den Statistiken des Berichts &#8220;Armee in Zahlen-2023&#8221; hervorgeht, handelt es sich \u00fcberwiegend um berufst\u00e4tige M\u00e4nner mit Pflichtschulabschluss (63 Prozent) oder Fachschulabschluss (30 [&hellip;]<\/p>\n","protected":false},"author":3,"featured_media":52272,"comment_status":"open","ping_status":"open","sticky":false,"template":"","format":"standard","meta":{"_yoast_indexnow_last_ping":["1703684853"],"wp_automatic_camp":["217"],"29311a5003cdf71cc3689d24ea17b427":["Berufst\u00e4tig, 35 Jahre alt: Russische Armee zeigt den durchschnittlichen Mobilisierten"],"original_link":["https:\/\/de.rt.com\/russland\/191035-berufstaetig-35-jahre-russische-armee\/"],"_thumbnail_id":["52272"],"_wptgpro_p2tg_sent2tg":["a:1:{i:23737;s:19:\"2023-12-27 15:48:34\";}"],"jnews_social_counter_last_update":["1777282527"]},"categories":[19,23],"tags":[29208,2398,51969,48,51970,7530,33511,570,5315],"yoast_head":"<!-- This site is optimized with the Yoast SEO Premium plugin v22.7 (Yoast SEO v22.7) - https:\/\/yoast.com\/wordpress\/plugins\/seo\/ -->\n<title>Berufst\u00e4tig, 35 Jahre alt: Russische Armee zeigt den durchschnittlichen Mobilisierten - just-now.NEWS Deutschland<\/title>\n<meta name=\"robots\" content=\"index, follow, max-snippet:-1, max-image-preview:large, max-video-preview:-1\" \/>\n<link rel=\"canonical\" href=\"https:\/\/now-news.de\/de\/deutschland\/berufstaetig-35-jahre-alt-russische-armee-zeigt-den-durchschnittlichen-mobilisierten\/\" \/>\n<meta property=\"og:locale\" content=\"de_DE\" \/>\n<meta property=\"og:type\" content=\"article\" \/>\n<meta property=\"og:title\" content=\"Berufst\u00e4tig, 35 Jahre alt: Russische Armee zeigt den durchschnittlichen Mobilisierten\" \/>\n<meta property=\"og:description\" content=\"Laut einem Bericht des russischen Verteidigungsministeriums wurden im September 2022 mehr als 300.000 Personen im Rahmen einer Teilmobilmachung einberufen. Doch wer sind diese M\u00e4nner? Die Beh\u00f6rde hat nun ein Portr\u00e4t ver\u00f6ffentlicht. Wie aus den Statistiken des Berichts &#8220;Armee in Zahlen-2023&#8221; hervorgeht, handelt es sich \u00fcberwiegend um berufst\u00e4tige M\u00e4nner mit Pflichtschulabschluss (63 Prozent) oder Fachschulabschluss (30 [&hellip;]\" \/>\n<meta property=\"og:url\" content=\"https:\/\/now-news.de\/de\/deutschland\/berufstaetig-35-jahre-alt-russische-armee-zeigt-den-durchschnittlichen-mobilisierten\/\" \/>\n<meta property=\"og:site_name\" content=\"just-now.NEWS Deutschland\" \/>\n<meta property=\"article:publisher\" content=\"https:\/\/www.facebook.com\/wirmachenauf\" \/>\n<meta property=\"article:published_time\" content=\"2023-12-27T13:37:51+00:00\" \/>\n<meta property=\"og:image\" content=\"https:\/\/now-news.de\/de\/wp-content\/uploads\/sites\/3\/2023\/12\/Berufstaetig-35-Jahre-alt-Russische-Armee-zeigt-den-durchschnittlichen-Mobilisierten.jpg\" \/>\n\t<meta property=\"og:image:width\" content=\"460\" \/>\n\t<meta property=\"og:image:height\" content=\"259\" \/>\n\t<meta property=\"og:image:type\" content=\"image\/jpeg\" \/>\n<meta name=\"author\" content=\"rtnews\" \/>\n<meta name=\"twitter:card\" content=\"summary_large_image\" \/>\n<meta name=\"twitter:creator\" content=\"@WirMachenAuf_de\" \/>\n<meta name=\"twitter:site\" content=\"@WirMachenAuf_de\" \/>\n<meta name=\"twitter:label1\" content=\"Verfasst von\" \/>\n\t<meta name=\"twitter:data1\" content=\"rtnews\" \/>\n\t<meta name=\"twitter:label2\" content=\"Gesch\u00e4tzte Lesezeit\" \/>\n\t<meta name=\"twitter:data2\" content=\"1\u00a0Minute\" \/>\n<script type=\"application\/ld+json\" class=\"yoast-schema-graph\">{\"@context\":\"https:\/\/schema.org\",\"@graph\":[{\"@type\":\"Article\",\"@id\":\"https:\/\/now-news.de\/de\/deutschland\/berufstaetig-35-jahre-alt-russische-armee-zeigt-den-durchschnittlichen-mobilisierten\/#article\",\"isPartOf\":{\"@id\":\"https:\/\/now-news.de\/de\/deutschland\/berufstaetig-35-jahre-alt-russische-armee-zeigt-den-durchschnittlichen-mobilisierten\/\"},\"author\":{\"name\":\"rtnews\",\"@id\":\"https:\/\/now-news.de\/de\/#\/schema\/person\/fb534a4e865501d8b3285208df34a9b5\"},\"headline\":\"Berufst\u00e4tig, 35 Jahre alt: Russische Armee zeigt den durchschnittlichen Mobilisierten\",\"datePublished\":\"2023-12-27T13:37:51+00:00\",\"dateModified\":\"2023-12-27T13:37:51+00:00\",\"mainEntityOfPage\":{\"@id\":\"https:\/\/now-news.de\/de\/deutschland\/berufstaetig-35-jahre-alt-russische-armee-zeigt-den-durchschnittlichen-mobilisierten\/\"},\"wordCount\":222,\"commentCount\":0,\"publisher\":{\"@id\":\"https:\/\/now-news.de\/de\/#organization\"},\"image\":{\"@id\":\"https:\/\/now-news.de\/de\/deutschland\/berufstaetig-35-jahre-alt-russische-armee-zeigt-den-durchschnittlichen-mobilisierten\/#primaryimage\"},\"thumbnailUrl\":\"https:\/\/now-news.de\/de\/wp-content\/uploads\/sites\/3\/2023\/12\/Berufstaetig-35-Jahre-alt-Russische-Armee-zeigt-den-durchschnittlichen-Mobilisierten.jpg\",\"keywords\":[\"alt\",\"Armee\",\"Berufst\u00e4tig\",\"den\",\"durchschnittlichen\",\"Jahre\",\"mobilisierten\",\"Russische\",\"zeigt\"],\"articleSection\":[\"Deutschland\",\"Russland\"],\"inLanguage\":\"de\",\"potentialAction\":[{\"@type\":\"CommentAction\",\"name\":\"Comment\",\"target\":[\"https:\/\/now-news.de\/de\/deutschland\/berufstaetig-35-jahre-alt-russische-armee-zeigt-den-durchschnittlichen-mobilisierten\/#respond\"]}]},{\"@type\":\"WebPage\",\"@id\":\"https:\/\/now-news.de\/de\/deutschland\/berufstaetig-35-jahre-alt-russische-armee-zeigt-den-durchschnittlichen-mobilisierten\/\",\"url\":\"https:\/\/now-news.de\/de\/deutschland\/berufstaetig-35-jahre-alt-russische-armee-zeigt-den-durchschnittlichen-mobilisierten\/\",\"name\":\"Berufst\u00e4tig, 35 Jahre alt: Russische Armee zeigt den durchschnittlichen Mobilisierten - just-now.NEWS Deutschland\",\"isPartOf\":{\"@id\":\"https:\/\/now-news.de\/de\/#website\"},\"primaryImageOfPage\":{\"@id\":\"https:\/\/now-news.de\/de\/deutschland\/berufstaetig-35-jahre-alt-russische-armee-zeigt-den-durchschnittlichen-mobilisierten\/#primaryimage\"},\"image\":{\"@id\":\"https:\/\/now-news.de\/de\/deutschland\/berufstaetig-35-jahre-alt-russische-armee-zeigt-den-durchschnittlichen-mobilisierten\/#primaryimage\"},\"thumbnailUrl\":\"https:\/\/now-news.de\/de\/wp-content\/uploads\/sites\/3\/2023\/12\/Berufstaetig-35-Jahre-alt-Russische-Armee-zeigt-den-durchschnittlichen-Mobilisierten.jpg\",\"datePublished\":\"2023-12-27T13:37:51+00:00\",\"dateModified\":\"2023-12-27T13:37:51+00:00\",\"breadcrumb\":{\"@id\":\"https:\/\/now-news.de\/de\/deutschland\/berufstaetig-35-jahre-alt-russische-armee-zeigt-den-durchschnittlichen-mobilisierten\/#breadcrumb\"},\"inLanguage\":\"de\",\"potentialAction\":[{\"@type\":\"ReadAction\",\"target\":[\"https:\/\/now-news.de\/de\/deutschland\/berufstaetig-35-jahre-alt-russische-armee-zeigt-den-durchschnittlichen-mobilisierten\/\"]}]},{\"@type\":\"ImageObject\",\"inLanguage\":\"de\",\"@id\":\"https:\/\/now-news.de\/de\/deutschland\/berufstaetig-35-jahre-alt-russische-armee-zeigt-den-durchschnittlichen-mobilisierten\/#primaryimage\",\"url\":\"https:\/\/now-news.de\/de\/wp-content\/uploads\/sites\/3\/2023\/12\/Berufstaetig-35-Jahre-alt-Russische-Armee-zeigt-den-durchschnittlichen-Mobilisierten.jpg\",\"contentUrl\":\"https:\/\/now-news.de\/de\/wp-content\/uploads\/sites\/3\/2023\/12\/Berufstaetig-35-Jahre-alt-Russische-Armee-zeigt-den-durchschnittlichen-Mobilisierten.jpg\",\"width\":460,\"height\":259,\"caption\":\"Berufst\u00e4tig, 35 Jahre alt: Russische Armee zeigt den durchschnittlichen Mobilisierten\"},{\"@type\":\"BreadcrumbList\",\"@id\":\"https:\/\/now-news.de\/de\/deutschland\/berufstaetig-35-jahre-alt-russische-armee-zeigt-den-durchschnittlichen-mobilisierten\/#breadcrumb\",\"itemListElement\":[{\"@type\":\"ListItem\",\"position\":1,\"name\":\"Home\",\"item\":\"https:\/\/now-news.de\/de\/\"},{\"@type\":\"ListItem\",\"position\":2,\"name\":\"Berufst\u00e4tig, 35 Jahre alt: Russische Armee zeigt den durchschnittlichen Mobilisierten\"}]},{\"@type\":\"WebSite\",\"@id\":\"https:\/\/now-news.de\/de\/#website\",\"url\":\"https:\/\/now-news.de\/de\/\",\"name\":\"just-now.NEWS Deutschland\",\"description\":\"Das Portal f\u00fcr unzensierte Nachrichten aus der Welt\",\"publisher\":{\"@id\":\"https:\/\/now-news.de\/de\/#organization\"},\"potentialAction\":[{\"@type\":\"SearchAction\",\"target\":{\"@type\":\"EntryPoint\",\"urlTemplate\":\"https:\/\/now-news.de\/de\/?s={search_term_string}\"},\"query-input\":\"required name=search_term_string\"}],\"inLanguage\":\"de\"},{\"@type\":\"Organization\",\"@id\":\"https:\/\/now-news.de\/de\/#organization\",\"name\":\"Just Now News\",\"url\":\"https:\/\/now-news.de\/de\/\",\"logo\":{\"@type\":\"ImageObject\",\"inLanguage\":\"de\",\"@id\":\"https:\/\/now-news.de\/de\/#\/schema\/logo\/image\/\",\"url\":\"http:\/\/just-now.news\/de\/wp-content\/uploads\/sites\/3\/2022\/04\/logo500x500.jpg\",\"contentUrl\":\"http:\/\/just-now.news\/de\/wp-content\/uploads\/sites\/3\/2022\/04\/logo500x500.jpg\",\"width\":500,\"height\":500,\"caption\":\"Just Now News\"},\"image\":{\"@id\":\"https:\/\/now-news.de\/de\/#\/schema\/logo\/image\/\"},\"sameAs\":[\"https:\/\/www.facebook.com\/wirmachenauf\",\"https:\/\/x.com\/WirMachenAuf_de\"]},{\"@type\":\"Person\",\"@id\":\"https:\/\/now-news.de\/de\/#\/schema\/person\/fb534a4e865501d8b3285208df34a9b5\",\"name\":\"rtnews\",\"image\":{\"@type\":\"ImageObject\",\"inLanguage\":\"de\",\"@id\":\"https:\/\/now-news.de\/de\/#\/schema\/person\/image\/\",\"url\":\"https:\/\/secure.gravatar.com\/avatar\/82aafea7d8127119dd649515f56e2117?s=96&d=mm&r=g\",\"contentUrl\":\"https:\/\/secure.gravatar.com\/avatar\/82aafea7d8127119dd649515f56e2117?s=96&d=mm&r=g\",\"caption\":\"rtnews\"},\"url\":\"https:\/\/now-news.de\/de\/author\/rnews\/\"}]}<\/script>\n<!-- \/ Yoast SEO Premium plugin. -->","yoast_head_json":{"title":"Berufst\u00e4tig, 35 Jahre alt: Russische Armee zeigt den durchschnittlichen Mobilisierten - just-now.NEWS Deutschland","robots":{"index":"index","follow":"follow","max-snippet":"max-snippet:-1","max-image-preview":"max-image-preview:large","max-video-preview":"max-video-preview:-1"},"canonical":"https:\/\/now-news.de\/de\/deutschland\/berufstaetig-35-jahre-alt-russische-armee-zeigt-den-durchschnittlichen-mobilisierten\/","og_locale":"de_DE","og_type":"article","og_title":"Berufst\u00e4tig, 35 Jahre alt: Russische Armee zeigt den durchschnittlichen Mobilisierten","og_description":"Laut einem Bericht des russischen Verteidigungsministeriums wurden im September 2022 mehr als 300.000 Personen im Rahmen einer Teilmobilmachung einberufen. Doch wer sind diese M\u00e4nner? Die Beh\u00f6rde hat nun ein Portr\u00e4t ver\u00f6ffentlicht. Wie aus den Statistiken des Berichts &#8220;Armee in Zahlen-2023&#8221; hervorgeht, handelt es sich \u00fcberwiegend um berufst\u00e4tige M\u00e4nner mit Pflichtschulabschluss (63 Prozent) oder Fachschulabschluss (30 [&hellip;]","og_url":"https:\/\/now-news.de\/de\/deutschland\/berufstaetig-35-jahre-alt-russische-armee-zeigt-den-durchschnittlichen-mobilisierten\/","og_site_name":"just-now.NEWS Deutschland","article_publisher":"https:\/\/www.facebook.com\/wirmachenauf","article_published_time":"2023-12-27T13:37:51+00:00","og_image":[{"width":460,"height":259,"url":"https:\/\/now-news.de\/de\/wp-content\/uploads\/sites\/3\/2023\/12\/Berufstaetig-35-Jahre-alt-Russische-Armee-zeigt-den-durchschnittlichen-Mobilisierten.jpg","type":"image\/jpeg"}],"author":"rtnews","twitter_card":"summary_large_image","twitter_creator":"@WirMachenAuf_de","twitter_site":"@WirMachenAuf_de","twitter_misc":{"Verfasst von":"rtnews","Gesch\u00e4tzte Lesezeit":"1\u00a0Minute"},"schema":{"@context":"https:\/\/schema.org","@graph":[{"@type":"Article","@id":"https:\/\/now-news.de\/de\/deutschland\/berufstaetig-35-jahre-alt-russische-armee-zeigt-den-durchschnittlichen-mobilisierten\/#article","isPartOf":{"@id":"https:\/\/now-news.de\/de\/deutschland\/berufstaetig-35-jahre-alt-russische-armee-zeigt-den-durchschnittlichen-mobilisierten\/"},"author":{"name":"rtnews","@id":"https:\/\/now-news.de\/de\/#\/schema\/person\/fb534a4e865501d8b3285208df34a9b5"},"headline":"Berufst\u00e4tig, 35 Jahre alt: Russische Armee zeigt den durchschnittlichen Mobilisierten","datePublished":"2023-12-27T13:37:51+00:00","dateModified":"2023-12-27T13:37:51+00:00","mainEntityOfPage":{"@id":"https:\/\/now-news.de\/de\/deutschland\/berufstaetig-35-jahre-alt-russische-armee-zeigt-den-durchschnittlichen-mobilisierten\/"},"wordCount":222,"commentCount":0,"publisher":{"@id":"https:\/\/now-news.de\/de\/#organization"},"image":{"@id":"https:\/\/now-news.de\/de\/deutschland\/berufstaetig-35-jahre-alt-russische-armee-zeigt-den-durchschnittlichen-mobilisierten\/#primaryimage"},"thumbnailUrl":"https:\/\/now-news.de\/de\/wp-content\/uploads\/sites\/3\/2023\/12\/Berufstaetig-35-Jahre-alt-Russische-Armee-zeigt-den-durchschnittlichen-Mobilisierten.jpg","keywords":["alt","Armee","Berufst\u00e4tig","den","durchschnittlichen","Jahre","mobilisierten","Russische","zeigt"],"articleSection":["Deutschland","Russland"],"inLanguage":"de","potentialAction":[{"@type":"CommentAction","name":"Comment","target":["https:\/\/now-news.de\/de\/deutschland\/berufstaetig-35-jahre-alt-russische-armee-zeigt-den-durchschnittlichen-mobilisierten\/#respond"]}]},{"@type":"WebPage","@id":"https:\/\/now-news.de\/de\/deutschland\/berufstaetig-35-jahre-alt-russische-armee-zeigt-den-durchschnittlichen-mobilisierten\/","url":"https:\/\/now-news.de\/de\/deutschland\/berufstaetig-35-jahre-alt-russische-armee-zeigt-den-durchschnittlichen-mobilisierten\/","name":"Berufst\u00e4tig, 35 Jahre alt: Russische Armee zeigt den durchschnittlichen Mobilisierten - just-now.NEWS Deutschland","isPartOf":{"@id":"https:\/\/now-news.de\/de\/#website"},"primaryImageOfPage":{"@id":"https:\/\/now-news.de\/de\/deutschland\/berufstaetig-35-jahre-alt-russische-armee-zeigt-den-durchschnittlichen-mobilisierten\/#primaryimage"},"image":{"@id":"https:\/\/now-news.de\/de\/deutschland\/berufstaetig-35-jahre-alt-russische-armee-zeigt-den-durchschnittlichen-mobilisierten\/#primaryimage"},"thumbnailUrl":"https:\/\/now-news.de\/de\/wp-content\/uploads\/sites\/3\/2023\/12\/Berufstaetig-35-Jahre-alt-Russische-Armee-zeigt-den-durchschnittlichen-Mobilisierten.jpg","datePublished":"2023-12-27T13:37:51+00:00","dateModified":"2023-12-27T13:37:51+00:00","breadcrumb":{"@id":"https:\/\/now-news.de\/de\/deutschland\/berufstaetig-35-jahre-alt-russische-armee-zeigt-den-durchschnittlichen-mobilisierten\/#breadcrumb"},"inLanguage":"de","potentialAction":[{"@type":"ReadAction","target":["https:\/\/now-news.de\/de\/deutschland\/berufstaetig-35-jahre-alt-russische-armee-zeigt-den-durchschnittlichen-mobilisierten\/"]}]},{"@type":"ImageObject","inLanguage":"de","@id":"https:\/\/now-news.de\/de\/deutschland\/berufstaetig-35-jahre-alt-russische-armee-zeigt-den-durchschnittlichen-mobilisierten\/#primaryimage","url":"https:\/\/now-news.de\/de\/wp-content\/uploads\/sites\/3\/2023\/12\/Berufstaetig-35-Jahre-alt-Russische-Armee-zeigt-den-durchschnittlichen-Mobilisierten.jpg","contentUrl":"https:\/\/now-news.de\/de\/wp-content\/uploads\/sites\/3\/2023\/12\/Berufstaetig-35-Jahre-alt-Russische-Armee-zeigt-den-durchschnittlichen-Mobilisierten.jpg","width":460,"height":259,"caption":"Berufst\u00e4tig, 35 Jahre alt: Russische Armee zeigt den durchschnittlichen Mobilisierten"},{"@type":"BreadcrumbList","@id":"https:\/\/now-news.de\/de\/deutschland\/berufstaetig-35-jahre-alt-russische-armee-zeigt-den-durchschnittlichen-mobilisierten\/#breadcrumb","itemListElement":[{"@type":"ListItem","position":1,"name":"Home","item":"https:\/\/now-news.de\/de\/"},{"@type":"ListItem","position":2,"name":"Berufst\u00e4tig, 35 Jahre alt: Russische Armee zeigt den durchschnittlichen Mobilisierten"}]},{"@type":"WebSite","@id":"https:\/\/now-news.de\/de\/#website","url":"https:\/\/now-news.de\/de\/","name":"just-now.NEWS Deutschland","description":"Das Portal f\u00fcr unzensierte Nachrichten aus der Welt","publisher":{"@id":"https:\/\/now-news.de\/de\/#organization"},"potentialAction":[{"@type":"SearchAction","target":{"@type":"EntryPoint","urlTemplate":"https:\/\/now-news.de\/de\/?s={search_term_string}"},"query-input":"required name=search_term_string"}],"inLanguage":"de"},{"@type":"Organization","@id":"https:\/\/now-news.de\/de\/#organization","name":"Just Now News","url":"https:\/\/now-news.de\/de\/","logo":{"@type":"ImageObject","inLanguage":"de","@id":"https:\/\/now-news.de\/de\/#\/schema\/logo\/image\/","url":"http:\/\/just-now.news\/de\/wp-content\/uploads\/sites\/3\/2022\/04\/logo500x500.jpg","contentUrl":"http:\/\/just-now.news\/de\/wp-content\/uploads\/sites\/3\/2022\/04\/logo500x500.jpg","width":500,"height":500,"caption":"Just Now News"},"image":{"@id":"https:\/\/now-news.de\/de\/#\/schema\/logo\/image\/"},"sameAs":["https:\/\/www.facebook.com\/wirmachenauf","https:\/\/x.com\/WirMachenAuf_de"]},{"@type":"Person","@id":"https:\/\/now-news.de\/de\/#\/schema\/person\/fb534a4e865501d8b3285208df34a9b5","name":"rtnews","image":{"@type":"ImageObject","inLanguage":"de","@id":"https:\/\/now-news.de\/de\/#\/schema\/person\/image\/","url":"https:\/\/secure.gravatar.com\/avatar\/82aafea7d8127119dd649515f56e2117?s=96&d=mm&r=g","contentUrl":"https:\/\/secure.gravatar.com\/avatar\/82aafea7d8127119dd649515f56e2117?s=96&d=mm&r=g","caption":"rtnews"},"url":"https:\/\/now-news.de\/de\/author\/rnews\/"}]}},"_links":{"self":[{"href":"https:\/\/now-news.de\/de\/wp-json\/wp\/v2\/posts\/52271"}],"collection":[{"href":"https:\/\/now-news.de\/de\/wp-json\/wp\/v2\/posts"}],"about":[{"href":"https:\/\/now-news.de\/de\/wp-json\/wp\/v2\/types\/post"}],"author":[{"embeddable":true,"href":"https:\/\/now-news.de\/de\/wp-json\/wp\/v2\/users\/3"}],"replies":[{"embeddable":true,"href":"https:\/\/now-news.de\/de\/wp-json\/wp\/v2\/comments?post=52271"}],"version-history":[{"count":0,"href":"https:\/\/now-news.de\/de\/wp-json\/wp\/v2\/posts\/52271\/revisions"}],"wp:featuredmedia":[{"embeddable":true,"href":"https:\/\/now-news.de\/de\/wp-json\/wp\/v2\/media\/52272"}],"wp:attachment":[{"href":"https:\/\/now-news.de\/de\/wp-json\/wp\/v2\/media?parent=52271"}],"wp:term":[{"taxonomy":"category","embeddable":true,"href":"https:\/\/now-news.de\/de\/wp-json\/wp\/v2\/categories?post=52271"},{"taxonomy":"post_tag","embeddable":true,"href":"https:\/\/now-news.de\/de\/wp-json\/wp\/v2\/tags?post=52271"}],"curies":[{"name":"wp","href":"https:\/\/api.w.org\/{rel}","templated":true}]}}