{"id":5225,"date":"2022-04-30T13:00:42","date_gmt":"2022-04-30T11:00:42","guid":{"rendered":"http:\/\/just-now.news\/de\/deutschland\/estland-lettland-und-litauen-fordern-einstellung-von-impfstofflieferungen\/"},"modified":"2022-04-30T13:00:42","modified_gmt":"2022-04-30T11:00:42","slug":"estland-lettland-und-litauen-fordern-einstellung-von-impfstofflieferungen","status":"publish","type":"post","link":"https:\/\/now-news.de\/de\/deutschland\/estland-lettland-und-litauen-fordern-einstellung-von-impfstofflieferungen\/","title":{"rendered":"Estland, Lettland und Litauen fordern Einstellung von Impfstofflieferungen"},"content":{"rendered":"<div class=\"Text-root Text-type_5 ArticleView-text ViewText-root \">\n<p>Die baltischen Staaten Estland, Lettland und Litauen haben sich wegen eines sich abzeichnenden \u00dcberschusses an Corona-Impfstoff in einem gemeinsamen Brief an die EU-Kommission gewandt.\u00a0Darin wird die Br\u00fcsseler Beh\u00f6rde aufgefordert, &#8220;Gespr\u00e4che mit den Herstellern aufzunehmen, um die bestehenden Liefervertr\u00e4ge zugunsten der EU-Mitgliedstaaten zu \u00e4ndern&#8221;, so Informationen der <em>dpa<\/em>.<\/p>\n<div class=\"ReadMore-root Section-root Section-is1to3-xs_is1to1\" data-widgets=\"ReadMore\" data-has-alias>\n<div class=\"Section-container Section-isRow-isTop-isWrap\">\n<article class=\"Card-root Card-is1to1 \">\n<div class=\"Card-imageWrap\">\n<div class=\"Card-picture\">\n<picture class=\"Picture-root Picture-default\"><!--[if IE 9]><video style=\"display: none;\"><![endif]--><source media=\"(-webkit-min-device-pixel-ratio: 2) and (min-resolution: 120dpi)\" data-srcset=\" \nhttps:\/\/cdni.russiatoday.com\/deutsch\/images\/2022.04\/thumbnail\/62639d3548fbef3abb26cec1.jpg 850w,\n                https:\/\/cdni.russiatoday.com\/deutsch\/images\/2022.04\/article\/62639d3548fbef3abb26cec0.jpg 1960w,\n            \" srcset=\"data:image\/png;base64,iVBORw0KGgoAAAANSUhEUgAAABAAAAAJCAQAAACRI2S5AAAAEElEQVR42mNkIAAYRxWAAQAG9gAKqv6+AwAAAABJRU5ErkJggg==\"><source data-srcset=\" \nhttps:\/\/cdni.russiatoday.com\/deutsch\/images\/2022.04\/thumbnail\/62639d3548fbef3abb26cec1.jpg 460w,\n              https:\/\/cdni.russiatoday.com\/deutsch\/images\/2022.04\/article\/62639d3548fbef3abb26cec0.jpg 980w,\n            \" srcset=\"data:image\/png;base64,iVBORw0KGgoAAAANSUhEUgAAABAAAAAJCAQAAACRI2S5AAAAEElEQVR42mNkIAAYRxWAAQAG9gAKqv6+AwAAAABJRU5ErkJggg==\"><!--[if IE 9]><\/video><![endif]--><\/source><\/source><\/picture><!-- noscript pattern --><noscript><img decoding=\"async\" src=\"https:\/\/cdni.russiatoday.com\/deutsch\/images\/2022.04\/article\/62639d3548fbef3abb26cec0.jpg\" alt=\"Mangelnde Transparenz bei Impfstoffvertr\u00e4gen: Abgeordnete verklagen EU-Kommission\"><\/noscript>    <\/div><\/div>\n<div class=\"Card-contentWrap\">\n<div class=\"Card-content\">\n<div class=\"Card-title\">\n<div class=\"HeaderNews-root HeaderNews-type_6 \">\n<p>            <a target=\"_blank\" href=\"https:\/\/de.rt.com\/europa\/136841-eu-kommission-erhalt-klage-wegen\/\" class=\"Link-root Link-isFullCard \" rel=\"noopener\"><br \/>\n                Mangelnde Transparenz bei Impfstoffvertr\u00e4gen: Abgeordnete verklagen EU-Kommission<br \/>\n            <\/a><\/p><\/div><\/div><\/div><\/div>\n<\/article>\n<\/div><\/div>\n<p>Damit zeichnet sich ab, dass immer mehr Staaten in der EU mit der Verpflichtung \u2013 ausgehend\u00a0von den Vertragshandlungen Br\u00fcssels mit den\u00a0Corona-Impfstoffherstellern \u2013 \u00fcber Abnahmegarantien von Impfstoffmengen unbekannter Gr\u00f6\u00dfenordnung zusehends Probleme bekommen. Die Pr\u00e4sidentin der Europ\u00e4ischen Kommission, Ursula von der Leyen, weigert sich weiterhin, ungeschw\u00e4rzte Informationen und Details zu den Vertr\u00e4gen mit den Pharmafirmen zur Verf\u00fcgung zu stellen.\u00a0<\/p>\n<p>Der Brief, verfasst von\u00a0der estnischen\u00a0Premierministerin Kaja Kallas,\u00a0vom lettischen\u00a0Ministerpr\u00e4sidenten\u00a0Kri\u0161j\u0101nis Kari\u0146\u0161 und der Premierministerin Litauens Ingrida \u0160imonyt\u0117, ist auf der Webseite der Republik Litauen <a target=\"_blank\" href=\"https:\/\/lrv.lt\/en\/news\/joint-letter-of-the-prime-ministers-of-the-baltic-states-to-eu-commission-president-on-covid-19-vaccines\" rel=\"noopener noreferrer\">einlesbar<\/a>. Zu Beginn des Schreibens danken die drei Regierungsleiter EU-Kommissionspr\u00e4sidentin von der Leyen f\u00fcr die &#8220;erfolgreiche Beschaffung von Impfstoffen und eine reibungslose und \u00e4u\u00dferst wirksame Impfkampagne in der gesamten Union&#8221;. Das eigentliche Ansinnen des Schreibens lautet jedoch:<\/p>\n<blockquote>\n<p><em>&#8220;Gleichzeitig stellen wir in Anbetracht der aktuellen Umst\u00e4nde mit Besorgnis fest, dass die Mitgliedstaaten vor einer neuen Herausforderung stehen, n\u00e4mlich der \u00dcberproduktion und dem \u00dcberangebot an Impfstoffen. Die Impfstofflieferungen an die baltischen Staaten und andere Mitgliedstaaten gehen trotz unzureichender Impfstoffverabreichung weiter. Dies belastet nicht nur die Logistiknetze und die Lagerung, sondern hat auch Auswirkungen auf den Haushalt.&#8221;<\/em><\/p>\n<\/blockquote>\n<div class=\"ReadMore-root Section-root Section-is1to3-xs_is1to1\" data-widgets=\"ReadMore\" data-has-alias>\n<div class=\"Section-container Section-isRow-isTop-isWrap\">\n<article class=\"Card-root Card-is1to1 \">\n<div class=\"Card-imageWrap\">\n<div class=\"Card-picture\">\n<picture class=\"Picture-root Picture-default\"><!--[if IE 9]><video style=\"display: none;\"><![endif]--><source media=\"(-webkit-min-device-pixel-ratio: 2) and (min-resolution: 120dpi)\" data-srcset=\" \nhttps:\/\/cdni.russiatoday.com\/deutsch\/images\/2022.04\/thumbnail\/6261159d48fbef158d4b326b.jpg 850w,\n                https:\/\/cdni.russiatoday.com\/deutsch\/images\/2022.04\/article\/6261159d48fbef158d4b326a.jpg 1960w,\n            \" srcset=\"data:image\/png;base64,iVBORw0KGgoAAAANSUhEUgAAABAAAAAJCAQAAACRI2S5AAAAEElEQVR42mNkIAAYRxWAAQAG9gAKqv6+AwAAAABJRU5ErkJggg==\"><source data-srcset=\" \nhttps:\/\/cdni.russiatoday.com\/deutsch\/images\/2022.04\/thumbnail\/6261159d48fbef158d4b326b.jpg 460w,\n              https:\/\/cdni.russiatoday.com\/deutsch\/images\/2022.04\/article\/6261159d48fbef158d4b326a.jpg 980w,\n            \" srcset=\"data:image\/png;base64,iVBORw0KGgoAAAANSUhEUgAAABAAAAAJCAQAAACRI2S5AAAAEElEQVR42mNkIAAYRxWAAQAG9gAKqv6+AwAAAABJRU5ErkJggg==\"><!--[if IE 9]><\/video><![endif]--><img decoding=\"async\" data-sizes=\"auto\" src=\"data:image\/png;base64,iVBORw0KGgoAAAANSUhEUgAAABAAAAAJCAQAAACRI2S5AAAAEElEQVR42mNkIAAYRxWAAQAG9gAKqv6+AwAAAABJRU5ErkJggg==\" class=\"Picture-root Picture-default lazyload\" data-src=\"https:\/\/cdni.russiatoday.com\/deutsch\/images\/2022.04\/thumbnail\/6261159d48fbef158d4b326b.jpg\" alt='\"H\u00f6here Gewalt\" \u2013 Polen verweigert Annahme und Bezahlung von Corona-Impfstoffen'><\/source><\/source><\/picture><!-- noscript pattern --><noscript><img decoding=\"async\" src=\"https:\/\/cdni.russiatoday.com\/deutsch\/images\/2022.04\/article\/6261159d48fbef158d4b326a.jpg\" alt='\"H\u00f6here Gewalt\" \u2013 Polen verweigert Annahme und Bezahlung von Corona-Impfstoffen'><\/noscript>    <\/div><\/div>\n<div class=\"Card-contentWrap\">\n<div class=\"Card-content\">\n<div class=\"Card-title\">\n<div class=\"HeaderNews-root HeaderNews-type_6 \">\n<p>            <a target=\"_blank\" href=\"https:\/\/de.rt.com\/europa\/136656-polen-nutzt-hartefallklausel-und-stellt\/\" class=\"Link-root Link-isFullCard \" rel=\"noopener\"><br \/>\n                &#8220;H\u00f6here Gewalt&#8221; \u2013 Polen verweigert Annahme und Bezahlung von Corona-Impfstoffen<br \/>\n            <\/a><\/p><\/div><\/div><\/div><\/div>\n<\/article>\n<\/div><\/div>\n<p>Die Quote\u00a0vollst\u00e4ndig\u00a0geimpfter B\u00fcrger (zwei Impfstoffdosen) liegt in\u00a0<a target=\"_blank\" href=\"https:\/\/www.google.de\/search?q=Impfquote+Estland&amp;ei=xPNsYrKoG5SN9u8PyO2ZyAs&amp;ved=0ahUKEwiymuHUr7v3AhWUhv0HHch2BrkQ4dUDCA4&amp;uact=5&amp;oq=Impfquote+Estland&amp;gs_lcp=Cgdnd3Mtd2l6EAMyBQgAEIAEOgQILhBDOgsIABCABBCxAxCDAToOCC4QgAQQsQMQxwEQowI6CwguEIAEEMcBEK8BOgUILhCABDoOCC4QgAQQsQMQxwEQ0QM6BwgAELEDEAo6EQguEIAEELEDEIMBEMcBENEDOggIABCABBCxAzoFCAAQsQM6CAguEIAEENQCOgsIABCABBCxAxDJAzoFCAAQkgM6BggAEBYQHkoECEEYAEoECEYYAFAAWIVGYNxLaABwAXgAgAF4iAG_CZIBBDE1LjKYAQCgAQHAAQE&amp;sclient=gws-wiz\" rel=\"noopener noreferrer\">Estland<\/a>\u00a0aktuell bei 63,5 Prozent, in <a target=\"_blank\" href=\"https:\/\/www.google.de\/search?q=Impfquote+Lettland&amp;ei=GfZsYpy9D4jikgX8_5CYCw&amp;ved=0ahUKEwjcravxsbv3AhUIsaQKHfw_BLMQ4dUDCA4&amp;uact=5&amp;oq=Impfquote+Lettland&amp;gs_lcp=Cgdnd3Mtd2l6EAMyBQgAEIAEMgYIABAWEB46CAgAEIAEELADOgQIABBDOggIABCABBCxA0oECEEYAUoECEYYAFCx2AFYjvMBYIz2AWgCcAB4AIABWIgBrweSAQIxNZgBAKABAcgBAcABAQ&amp;sclient=gws-wiz\" rel=\"noopener noreferrer\">Lettland<\/a>\u00a0bei\u00a068,6 Prozent und in <a target=\"_blank\" href=\"https:\/\/www.google.de\/search?q=Impfquote+Litauen&amp;ei=i_ZsYoeZOZDUkwWi3peAAQ&amp;ved=0ahUKEwjHioOosrv3AhUQ6qQKHSLvBRAQ4dUDCA4&amp;uact=5&amp;oq=Impfquote+Litauen&amp;gs_lcp=Cgdnd3Mtd2l6EAMyBQgAEIAESgQIQRgBSgQIRhgAULIFWJ8PYNURaAFwAHgAgAFDiAH5ApIBATaYAQCgAQHAAQE&amp;sclient=gws-wiz\" rel=\"noopener noreferrer\">Litauen<\/a>\u00a0bei 67,1 Prozent.\u00a0Im Brief\u00a0hei\u00dft es au\u00dferdem, dass die aktuellen Lieferungen Impfstoff-Chargen &#8220;mit immer k\u00fcrzerer Haltbarkeitsdauer&#8221; beinhalten w\u00fcrden. In einigen F\u00e4llen h\u00e4tten &#8220;die gelieferten Impfstoffe bereits die H\u00e4lfte ihrer Haltbarkeitsdauer erreicht&#8221;. Und weiter:<\/p>\n<blockquote>\n<p><em>&#8220;Unseres Erachtens entspricht das Vorgehen der Hersteller in solchen F\u00e4llen m\u00f6glicherweise nicht dem in den Vereinbarungen verankerten Grundsatz der angemessenen Bem\u00fchungen (Reasonable Best Efforts). Eine derart kurze Haltbarkeitsdauer der Impfstoffe in Verbindung mit den Beschr\u00e4nkungen der Impfstoffspenden aus den Mitgliedstaaten an die COVAX-Einrichtung benachteiligt die Mitgliedstaaten und schr\u00e4nkt die M\u00f6glichkeit ein, eine wirksame Verwendung der Impfstoffe zu gew\u00e4hrleisten.&#8221;\u00a0<\/em><\/p>\n<\/blockquote>\n<p>Da die &#8220;Kommission im Namen aller Mitgliedstaaten Vereinbarungen mit den Impfstoffherstellern&#8221; getroffen habe, lautet die Forderung daher an von der Leyen gerichtet, dass &#8220;eine geeignete L\u00f6sung f\u00fcr die oben genannten Probleme&#8221; zu finden sei. Demnach ist die Problematik in Br\u00fcssel bekannt\u00a0und m\u00fcsste bei\u00a0der Kommissionspr\u00e4sidentin\u00a0auf dem Schreibtisch vorliegen, da es im Brief weiter hei\u00dft:<\/p>\n<blockquote>\n<p><em>&#8220;Ein Aufruf zum Handeln wurde u. a. von vielen Ministern auf der letzten EPSCO-Sitzung in Br\u00fcssel ge\u00e4u\u00dfert.&#8221;<\/em><\/p>\n<\/blockquote>\n<p>Der Rat f\u00fcr Besch\u00e4ftigung, Soziales, Gesundheit und Verbraucherschutz, kurz <a target=\"_blank\" href=\"https:\/\/www.consilium.europa.eu\/de\/council-eu\/configurations\/epsco\/\" rel=\"noopener noreferrer\">EPSCO<\/a>, ist eine Formation des Rats der Europ\u00e4ischen Union, in der etwa viermal j\u00e4hrlich die f\u00fcr diese Politikbereiche zust\u00e4ndigen Minister der Mitgliedstaaten der EU zusammentreten. Die letzte Sitzung war am\u00a0<a target=\"_blank\" href=\"https:\/\/www.consilium.europa.eu\/de\/meetings\/epsco\/2022\/03\/29\/\" rel=\"noopener noreferrer\">29. M\u00e4rz<\/a> dieses Jahres. Dazu hei\u00dft es auf der Seite der EU-Kommission:<\/p>\n<blockquote>\n<p><em>&#8220;Die epidemiologische Lage hinsichtlich der Verbreitung von SARS\u2011CoV\u20112 in Europa und weltweit verbessert sich, und\u00a0<strong>somit \u00fcbersteigt das Impfstoffangebot die Nachfrage<\/strong>\u00a0sowohl in den Mitgliedstaaten als auch in den Staaten, die Impfstoffspenden von der Union erhalten.&#8221;<\/em><\/p>\n<\/blockquote>\n<div class=\"ReadMore-root Section-root Section-is1to3-xs_is1to1\" data-widgets=\"ReadMore\" data-has-alias>\n<div class=\"Section-container Section-isRow-isTop-isWrap\">\n<article class=\"Card-root Card-is1to1 \">\n<div class=\"Card-imageWrap\">\n<div class=\"Card-picture\">\n<picture class=\"Picture-root Picture-default\"><!--[if IE 9]><video style=\"display: none;\"><![endif]--><source media=\"(-webkit-min-device-pixel-ratio: 2) and (min-resolution: 120dpi)\" data-srcset=\" \nhttps:\/\/cdni.russiatoday.com\/deutsch\/images\/2021.12\/thumbnail\/61c300fd48fbef4ce12d5ba6.jpg 850w,\n                https:\/\/cdni.russiatoday.com\/deutsch\/images\/2021.12\/article\/61c300fd48fbef4ce12d5ba5.jpg 1960w,\n            \" srcset=\"data:image\/png;base64,iVBORw0KGgoAAAANSUhEUgAAABAAAAAJCAQAAACRI2S5AAAAEElEQVR42mNkIAAYRxWAAQAG9gAKqv6+AwAAAABJRU5ErkJggg==\"><source data-srcset=\" \nhttps:\/\/cdni.russiatoday.com\/deutsch\/images\/2021.12\/thumbnail\/61c300fd48fbef4ce12d5ba6.jpg 460w,\n              https:\/\/cdni.russiatoday.com\/deutsch\/images\/2021.12\/article\/61c300fd48fbef4ce12d5ba5.jpg 980w,\n            \" srcset=\"data:image\/png;base64,iVBORw0KGgoAAAANSUhEUgAAABAAAAAJCAQAAACRI2S5AAAAEElEQVR42mNkIAAYRxWAAQAG9gAKqv6+AwAAAABJRU5ErkJggg==\"><!--[if IE 9]><\/video><![endif]--><img decoding=\"async\" data-sizes=\"auto\" src=\"data:image\/png;base64,iVBORw0KGgoAAAANSUhEUgAAABAAAAAJCAQAAACRI2S5AAAAEElEQVR42mNkIAAYRxWAAQAG9gAKqv6+AwAAAABJRU5ErkJggg==\" class=\"Picture-root Picture-default lazyload\" data-src=\"https:\/\/cdni.russiatoday.com\/deutsch\/images\/2021.12\/thumbnail\/61c300fd48fbef4ce12d5ba6.jpg\" alt=\"An der Goldgrube 12 \u2013 EU ordert bei BioNTech 650 Millionen Impfstoffdosen f\u00fcr 2022\"><\/source><\/source><\/picture><!-- noscript pattern --><noscript><img decoding=\"async\" src=\"https:\/\/cdni.russiatoday.com\/deutsch\/images\/2021.12\/article\/61c300fd48fbef4ce12d5ba5.jpg\" alt=\"An der Goldgrube 12 \u2013 EU ordert bei BioNTech 650 Millionen Impfstoffdosen f\u00fcr 2022\"><\/noscript>    <\/div><\/div>\n<div class=\"Card-contentWrap\">\n<div class=\"Card-content\">\n<div class=\"Card-title\">\n<div class=\"HeaderNews-root HeaderNews-type_6 \">\n<p>            <a target=\"_blank\" href=\"https:\/\/de.rt.com\/europa\/128825-an-goldgrube-12-eu-ordert\/\" class=\"Link-root Link-isFullCard \" rel=\"noopener\"><br \/>\n                An der Goldgrube 12 \u2013 EU ordert bei BioNTech 650 Millionen Impfstoffdosen f\u00fcr 2022<br \/>\n            <\/a><\/p><\/div><\/div><\/div><\/div>\n<\/article>\n<\/div><\/div>\n<p>Gesundheitsminister Karl Lauterbach <a target=\"_blank\" href=\"https:\/\/twitter.com\/Karl_Lauterbach\/status\/1508790638858448908?ref_src=twsrc%5Etfw\" rel=\"noopener noreferrer\">twitterte<\/a> bezugnehmend auf seine\u00a0Teilnahme an der EPSCO-Sitzung in Br\u00fcssel: &#8220;Europa braucht eine gemeinsame Strategie zur 4. Impfung. Wir werden das heute hier in Br\u00fcssel auf meinen Wunsch hin verhandeln.&#8221; Die Verfasser des Briefes schlagen deshalb vor, dass &#8220;die Kommission Verhandlungen mit den Impfstoffherstellern aufnimmt&#8221;, um zu erreichen, dass die erweiterten Kaufvereinbarungen (&#8220;Advanced Purchase Agreements&#8221;) zum Nutzen der Mitgliedstaaten ge\u00e4ndert oder zumindest erg\u00e4nzt werden. Die nun erw\u00fcnschten Neuerungen lauten unter anderem:<\/p>\n<ul>\n<li>Die Impfstofflieferungen werden \u00fcber einen l\u00e4ngeren Zeitraum verteilt, wobei die M\u00f6glichkeit besteht, Impfstoffe entsprechend dem tats\u00e4chlichen nationalen Bedarf zu bestellen, wodurch auch sichergestellt wird, dass die Mitgliedstaaten mit angepassten Impfstoffen beliefert werden, sobald diese verf\u00fcgbar sind;\u00a0\u00a0<\/li>\n<li>Den Mitgliedstaaten wird das Recht einger\u00e4umt, Impfstofflieferungen mit kurzer Haltbarkeitsdauer zu verschieben, auszusetzen oder ganz zu stornieren, wobei die Nachfrage nach diesen Impfstoffen auf nationaler Ebene ber\u00fccksichtigt wird;\u00a0\u00a0<\/li>\n<li>Den Mitgliedstaaten wird die M\u00f6glichkeit einger\u00e4umt, Impfstofflieferungen durch andere medizinische Produkte des Herstellers zu ersetzen, um den tats\u00e4chlichen nationalen Bedarf zu decken.\u00a0\u00a0<\/li>\n<\/ul>\n<p>Der Brief endet mit der Feststellung, dass sich die derzeitige Situation jedoch &#8220;deutlich von der unterscheidet, die wir zu Beginn oder w\u00e4hrend des H\u00f6hepunkts der Pandemie hatten, als die Vereinbarungen mit den Herstellern und alle darin enthaltenen Bedingungen ausgehandelt und vereinbart wurden&#8221;. EU-Kommissionspr\u00e4sidentin von der Leyen wird zudem aufgefordert, &#8220;ihre \u00dcberlegungen zu diesen Fragen so bald wie m\u00f6glich vorzulegen&#8221;.<\/p>\n<p><strong>Mehr zum Thema &#8211;<\/strong>\u00a0<a target=\"_blank\" href=\"https:\/\/de.rt.com\/international\/136106-weitere-erkenntnisse-wie-big-pharma\/\" rel=\"noopener noreferrer\">Immer mehr Erkenntnisse, wie &#8220;Big Pharma&#8221; Vertragsinhalte und Preise einforderte und bestimmt<\/a><\/p>\n<\/div>\n<p><script async src=\"https:\/\/platform.twitter.com\/widgets.js\" charset=\"utf-8\"><\/script><br \/>\n<br \/><br \/>\n<br \/><a href=\"https:\/\/de.rt.com\/europa\/137407-nach-polen-bestehen-auch-drei\/\">Source link <\/a><\/p>\n","protected":false},"excerpt":{"rendered":"<p>Die baltischen Staaten Estland, Lettland und Litauen haben sich wegen eines sich abzeichnenden \u00dcberschusses an Corona-Impfstoff in einem gemeinsamen Brief an die EU-Kommission gewandt.\u00a0Darin wird die Br\u00fcsseler Beh\u00f6rde aufgefordert, &#8220;Gespr\u00e4che mit den Herstellern aufzunehmen, um die bestehenden Liefervertr\u00e4ge zugunsten der EU-Mitgliedstaaten zu \u00e4ndern&#8221;, so Informationen der dpa. Mangelnde Transparenz bei Impfstoffvertr\u00e4gen: Abgeordnete verklagen EU-Kommission Damit [&hellip;]<\/p>\n","protected":false},"author":3,"featured_media":5226,"comment_status":"open","ping_status":"open","sticky":false,"template":"","format":"standard","meta":{"wp_automatic_camp":["217"],"7db8d5eee298f6b6240c29198c9abbbc":["Estland, Lettland und Litauen fordern Einstellung von Impfstofflieferungen"],"original_link":["https:\/\/de.rt.com\/europa\/137407-nach-polen-bestehen-auch-drei\/"],"_thumbnail_id":["5226"],"wp_automatic_remove_first_image":["yes"],"_wptg_p2tg_sent2tg":["2022-04-30 13:03:15"],"jnews_social_counter_last_update":["1777153176"]},"categories":[19,23],"tags":[12862,14642,3657,14643,3789,14610,140,50],"yoast_head":"<!-- This site is optimized with the Yoast SEO Premium plugin v22.7 (Yoast SEO v22.7) - https:\/\/yoast.com\/wordpress\/plugins\/seo\/ -->\n<title>Estland, Lettland und Litauen fordern Einstellung von Impfstofflieferungen - just-now.NEWS Deutschland<\/title>\n<meta name=\"robots\" content=\"index, follow, max-snippet:-1, max-image-preview:large, max-video-preview:-1\" \/>\n<link rel=\"canonical\" href=\"https:\/\/now-news.de\/de\/deutschland\/estland-lettland-und-litauen-fordern-einstellung-von-impfstofflieferungen\/\" \/>\n<meta property=\"og:locale\" content=\"de_DE\" \/>\n<meta property=\"og:type\" content=\"article\" \/>\n<meta property=\"og:title\" content=\"Estland, Lettland und Litauen fordern Einstellung von Impfstofflieferungen\" \/>\n<meta property=\"og:description\" content=\"Die baltischen Staaten Estland, Lettland und Litauen haben sich wegen eines sich abzeichnenden \u00dcberschusses an Corona-Impfstoff in einem gemeinsamen Brief an die EU-Kommission gewandt.\u00a0Darin wird die Br\u00fcsseler Beh\u00f6rde aufgefordert, &#8220;Gespr\u00e4che mit den Herstellern aufzunehmen, um die bestehenden Liefervertr\u00e4ge zugunsten der EU-Mitgliedstaaten zu \u00e4ndern&#8221;, so Informationen der dpa. Mangelnde Transparenz bei Impfstoffvertr\u00e4gen: Abgeordnete verklagen EU-Kommission Damit [&hellip;]\" \/>\n<meta property=\"og:url\" content=\"https:\/\/now-news.de\/de\/deutschland\/estland-lettland-und-litauen-fordern-einstellung-von-impfstofflieferungen\/\" \/>\n<meta property=\"og:site_name\" content=\"just-now.NEWS Deutschland\" \/>\n<meta property=\"article:publisher\" content=\"https:\/\/www.facebook.com\/wirmachenauf\" \/>\n<meta property=\"article:published_time\" content=\"2022-04-30T11:00:42+00:00\" \/>\n<meta property=\"og:image\" content=\"https:\/\/now-news.de\/de\/wp-content\/uploads\/sites\/3\/2022\/04\/Estland-Lettland-und-Litauen-fordern-Einstellung-von-Impfstofflieferungen.jpg\" \/>\n\t<meta property=\"og:image:width\" content=\"1104\" \/>\n\t<meta property=\"og:image:height\" content=\"622\" \/>\n\t<meta property=\"og:image:type\" content=\"image\/jpeg\" \/>\n<meta name=\"author\" content=\"rtnews\" \/>\n<meta name=\"twitter:card\" content=\"summary_large_image\" \/>\n<meta name=\"twitter:creator\" content=\"@WirMachenAuf_de\" \/>\n<meta name=\"twitter:site\" content=\"@WirMachenAuf_de\" \/>\n<meta name=\"twitter:label1\" content=\"Verfasst von\" \/>\n\t<meta name=\"twitter:data1\" content=\"rtnews\" \/>\n\t<meta name=\"twitter:label2\" content=\"Gesch\u00e4tzte Lesezeit\" \/>\n\t<meta name=\"twitter:data2\" content=\"4\u00a0Minuten\" \/>\n<script type=\"application\/ld+json\" class=\"yoast-schema-graph\">{\"@context\":\"https:\/\/schema.org\",\"@graph\":[{\"@type\":\"Article\",\"@id\":\"https:\/\/now-news.de\/de\/deutschland\/estland-lettland-und-litauen-fordern-einstellung-von-impfstofflieferungen\/#article\",\"isPartOf\":{\"@id\":\"https:\/\/now-news.de\/de\/deutschland\/estland-lettland-und-litauen-fordern-einstellung-von-impfstofflieferungen\/\"},\"author\":{\"name\":\"rtnews\",\"@id\":\"https:\/\/now-news.de\/de\/#\/schema\/person\/fb534a4e865501d8b3285208df34a9b5\"},\"headline\":\"Estland, Lettland und Litauen fordern Einstellung von Impfstofflieferungen\",\"datePublished\":\"2022-04-30T11:00:42+00:00\",\"dateModified\":\"2022-04-30T11:00:42+00:00\",\"mainEntityOfPage\":{\"@id\":\"https:\/\/now-news.de\/de\/deutschland\/estland-lettland-und-litauen-fordern-einstellung-von-impfstofflieferungen\/\"},\"wordCount\":841,\"commentCount\":0,\"publisher\":{\"@id\":\"https:\/\/now-news.de\/de\/#organization\"},\"image\":{\"@id\":\"https:\/\/now-news.de\/de\/deutschland\/estland-lettland-und-litauen-fordern-einstellung-von-impfstofflieferungen\/#primaryimage\"},\"thumbnailUrl\":\"https:\/\/now-news.de\/de\/wp-content\/uploads\/sites\/3\/2022\/04\/Estland-Lettland-und-Litauen-fordern-Einstellung-von-Impfstofflieferungen.jpg\",\"keywords\":[\"Einstellung\",\"Estland\",\"f\u00f6rdern\",\"Impfstofflieferungen\",\"Lettland\",\"Litauen\",\"und\",\"von\"],\"articleSection\":[\"Deutschland\",\"Russland\"],\"inLanguage\":\"de\",\"potentialAction\":[{\"@type\":\"CommentAction\",\"name\":\"Comment\",\"target\":[\"https:\/\/now-news.de\/de\/deutschland\/estland-lettland-und-litauen-fordern-einstellung-von-impfstofflieferungen\/#respond\"]}]},{\"@type\":\"WebPage\",\"@id\":\"https:\/\/now-news.de\/de\/deutschland\/estland-lettland-und-litauen-fordern-einstellung-von-impfstofflieferungen\/\",\"url\":\"https:\/\/now-news.de\/de\/deutschland\/estland-lettland-und-litauen-fordern-einstellung-von-impfstofflieferungen\/\",\"name\":\"Estland, Lettland und Litauen fordern Einstellung von Impfstofflieferungen - just-now.NEWS Deutschland\",\"isPartOf\":{\"@id\":\"https:\/\/now-news.de\/de\/#website\"},\"primaryImageOfPage\":{\"@id\":\"https:\/\/now-news.de\/de\/deutschland\/estland-lettland-und-litauen-fordern-einstellung-von-impfstofflieferungen\/#primaryimage\"},\"image\":{\"@id\":\"https:\/\/now-news.de\/de\/deutschland\/estland-lettland-und-litauen-fordern-einstellung-von-impfstofflieferungen\/#primaryimage\"},\"thumbnailUrl\":\"https:\/\/now-news.de\/de\/wp-content\/uploads\/sites\/3\/2022\/04\/Estland-Lettland-und-Litauen-fordern-Einstellung-von-Impfstofflieferungen.jpg\",\"datePublished\":\"2022-04-30T11:00:42+00:00\",\"dateModified\":\"2022-04-30T11:00:42+00:00\",\"breadcrumb\":{\"@id\":\"https:\/\/now-news.de\/de\/deutschland\/estland-lettland-und-litauen-fordern-einstellung-von-impfstofflieferungen\/#breadcrumb\"},\"inLanguage\":\"de\",\"potentialAction\":[{\"@type\":\"ReadAction\",\"target\":[\"https:\/\/now-news.de\/de\/deutschland\/estland-lettland-und-litauen-fordern-einstellung-von-impfstofflieferungen\/\"]}]},{\"@type\":\"ImageObject\",\"inLanguage\":\"de\",\"@id\":\"https:\/\/now-news.de\/de\/deutschland\/estland-lettland-und-litauen-fordern-einstellung-von-impfstofflieferungen\/#primaryimage\",\"url\":\"https:\/\/now-news.de\/de\/wp-content\/uploads\/sites\/3\/2022\/04\/Estland-Lettland-und-Litauen-fordern-Einstellung-von-Impfstofflieferungen.jpg\",\"contentUrl\":\"https:\/\/now-news.de\/de\/wp-content\/uploads\/sites\/3\/2022\/04\/Estland-Lettland-und-Litauen-fordern-Einstellung-von-Impfstofflieferungen.jpg\",\"width\":1104,\"height\":622,\"caption\":\"Estland, Lettland und Litauen fordern Einstellung von Impfstofflieferungen\"},{\"@type\":\"BreadcrumbList\",\"@id\":\"https:\/\/now-news.de\/de\/deutschland\/estland-lettland-und-litauen-fordern-einstellung-von-impfstofflieferungen\/#breadcrumb\",\"itemListElement\":[{\"@type\":\"ListItem\",\"position\":1,\"name\":\"Home\",\"item\":\"https:\/\/now-news.de\/de\/\"},{\"@type\":\"ListItem\",\"position\":2,\"name\":\"Estland, Lettland und Litauen fordern Einstellung von Impfstofflieferungen\"}]},{\"@type\":\"WebSite\",\"@id\":\"https:\/\/now-news.de\/de\/#website\",\"url\":\"https:\/\/now-news.de\/de\/\",\"name\":\"just-now.NEWS Deutschland\",\"description\":\"Das Portal f\u00fcr unzensierte Nachrichten aus der Welt\",\"publisher\":{\"@id\":\"https:\/\/now-news.de\/de\/#organization\"},\"potentialAction\":[{\"@type\":\"SearchAction\",\"target\":{\"@type\":\"EntryPoint\",\"urlTemplate\":\"https:\/\/now-news.de\/de\/?s={search_term_string}\"},\"query-input\":\"required name=search_term_string\"}],\"inLanguage\":\"de\"},{\"@type\":\"Organization\",\"@id\":\"https:\/\/now-news.de\/de\/#organization\",\"name\":\"Just Now News\",\"url\":\"https:\/\/now-news.de\/de\/\",\"logo\":{\"@type\":\"ImageObject\",\"inLanguage\":\"de\",\"@id\":\"https:\/\/now-news.de\/de\/#\/schema\/logo\/image\/\",\"url\":\"http:\/\/just-now.news\/de\/wp-content\/uploads\/sites\/3\/2022\/04\/logo500x500.jpg\",\"contentUrl\":\"http:\/\/just-now.news\/de\/wp-content\/uploads\/sites\/3\/2022\/04\/logo500x500.jpg\",\"width\":500,\"height\":500,\"caption\":\"Just Now News\"},\"image\":{\"@id\":\"https:\/\/now-news.de\/de\/#\/schema\/logo\/image\/\"},\"sameAs\":[\"https:\/\/www.facebook.com\/wirmachenauf\",\"https:\/\/x.com\/WirMachenAuf_de\"]},{\"@type\":\"Person\",\"@id\":\"https:\/\/now-news.de\/de\/#\/schema\/person\/fb534a4e865501d8b3285208df34a9b5\",\"name\":\"rtnews\",\"image\":{\"@type\":\"ImageObject\",\"inLanguage\":\"de\",\"@id\":\"https:\/\/now-news.de\/de\/#\/schema\/person\/image\/\",\"url\":\"https:\/\/secure.gravatar.com\/avatar\/82aafea7d8127119dd649515f56e2117?s=96&d=mm&r=g\",\"contentUrl\":\"https:\/\/secure.gravatar.com\/avatar\/82aafea7d8127119dd649515f56e2117?s=96&d=mm&r=g\",\"caption\":\"rtnews\"},\"url\":\"https:\/\/now-news.de\/de\/author\/rnews\/\"}]}<\/script>\n<!-- \/ Yoast SEO Premium plugin. -->","yoast_head_json":{"title":"Estland, Lettland und Litauen fordern Einstellung von Impfstofflieferungen - just-now.NEWS Deutschland","robots":{"index":"index","follow":"follow","max-snippet":"max-snippet:-1","max-image-preview":"max-image-preview:large","max-video-preview":"max-video-preview:-1"},"canonical":"https:\/\/now-news.de\/de\/deutschland\/estland-lettland-und-litauen-fordern-einstellung-von-impfstofflieferungen\/","og_locale":"de_DE","og_type":"article","og_title":"Estland, Lettland und Litauen fordern Einstellung von Impfstofflieferungen","og_description":"Die baltischen Staaten Estland, Lettland und Litauen haben sich wegen eines sich abzeichnenden \u00dcberschusses an Corona-Impfstoff in einem gemeinsamen Brief an die EU-Kommission gewandt.\u00a0Darin wird die Br\u00fcsseler Beh\u00f6rde aufgefordert, &#8220;Gespr\u00e4che mit den Herstellern aufzunehmen, um die bestehenden Liefervertr\u00e4ge zugunsten der EU-Mitgliedstaaten zu \u00e4ndern&#8221;, so Informationen der dpa. Mangelnde Transparenz bei Impfstoffvertr\u00e4gen: Abgeordnete verklagen EU-Kommission Damit [&hellip;]","og_url":"https:\/\/now-news.de\/de\/deutschland\/estland-lettland-und-litauen-fordern-einstellung-von-impfstofflieferungen\/","og_site_name":"just-now.NEWS Deutschland","article_publisher":"https:\/\/www.facebook.com\/wirmachenauf","article_published_time":"2022-04-30T11:00:42+00:00","og_image":[{"width":1104,"height":622,"url":"https:\/\/now-news.de\/de\/wp-content\/uploads\/sites\/3\/2022\/04\/Estland-Lettland-und-Litauen-fordern-Einstellung-von-Impfstofflieferungen.jpg","type":"image\/jpeg"}],"author":"rtnews","twitter_card":"summary_large_image","twitter_creator":"@WirMachenAuf_de","twitter_site":"@WirMachenAuf_de","twitter_misc":{"Verfasst von":"rtnews","Gesch\u00e4tzte Lesezeit":"4\u00a0Minuten"},"schema":{"@context":"https:\/\/schema.org","@graph":[{"@type":"Article","@id":"https:\/\/now-news.de\/de\/deutschland\/estland-lettland-und-litauen-fordern-einstellung-von-impfstofflieferungen\/#article","isPartOf":{"@id":"https:\/\/now-news.de\/de\/deutschland\/estland-lettland-und-litauen-fordern-einstellung-von-impfstofflieferungen\/"},"author":{"name":"rtnews","@id":"https:\/\/now-news.de\/de\/#\/schema\/person\/fb534a4e865501d8b3285208df34a9b5"},"headline":"Estland, Lettland und Litauen fordern Einstellung von Impfstofflieferungen","datePublished":"2022-04-30T11:00:42+00:00","dateModified":"2022-04-30T11:00:42+00:00","mainEntityOfPage":{"@id":"https:\/\/now-news.de\/de\/deutschland\/estland-lettland-und-litauen-fordern-einstellung-von-impfstofflieferungen\/"},"wordCount":841,"commentCount":0,"publisher":{"@id":"https:\/\/now-news.de\/de\/#organization"},"image":{"@id":"https:\/\/now-news.de\/de\/deutschland\/estland-lettland-und-litauen-fordern-einstellung-von-impfstofflieferungen\/#primaryimage"},"thumbnailUrl":"https:\/\/now-news.de\/de\/wp-content\/uploads\/sites\/3\/2022\/04\/Estland-Lettland-und-Litauen-fordern-Einstellung-von-Impfstofflieferungen.jpg","keywords":["Einstellung","Estland","f\u00f6rdern","Impfstofflieferungen","Lettland","Litauen","und","von"],"articleSection":["Deutschland","Russland"],"inLanguage":"de","potentialAction":[{"@type":"CommentAction","name":"Comment","target":["https:\/\/now-news.de\/de\/deutschland\/estland-lettland-und-litauen-fordern-einstellung-von-impfstofflieferungen\/#respond"]}]},{"@type":"WebPage","@id":"https:\/\/now-news.de\/de\/deutschland\/estland-lettland-und-litauen-fordern-einstellung-von-impfstofflieferungen\/","url":"https:\/\/now-news.de\/de\/deutschland\/estland-lettland-und-litauen-fordern-einstellung-von-impfstofflieferungen\/","name":"Estland, Lettland und Litauen fordern Einstellung von Impfstofflieferungen - just-now.NEWS Deutschland","isPartOf":{"@id":"https:\/\/now-news.de\/de\/#website"},"primaryImageOfPage":{"@id":"https:\/\/now-news.de\/de\/deutschland\/estland-lettland-und-litauen-fordern-einstellung-von-impfstofflieferungen\/#primaryimage"},"image":{"@id":"https:\/\/now-news.de\/de\/deutschland\/estland-lettland-und-litauen-fordern-einstellung-von-impfstofflieferungen\/#primaryimage"},"thumbnailUrl":"https:\/\/now-news.de\/de\/wp-content\/uploads\/sites\/3\/2022\/04\/Estland-Lettland-und-Litauen-fordern-Einstellung-von-Impfstofflieferungen.jpg","datePublished":"2022-04-30T11:00:42+00:00","dateModified":"2022-04-30T11:00:42+00:00","breadcrumb":{"@id":"https:\/\/now-news.de\/de\/deutschland\/estland-lettland-und-litauen-fordern-einstellung-von-impfstofflieferungen\/#breadcrumb"},"inLanguage":"de","potentialAction":[{"@type":"ReadAction","target":["https:\/\/now-news.de\/de\/deutschland\/estland-lettland-und-litauen-fordern-einstellung-von-impfstofflieferungen\/"]}]},{"@type":"ImageObject","inLanguage":"de","@id":"https:\/\/now-news.de\/de\/deutschland\/estland-lettland-und-litauen-fordern-einstellung-von-impfstofflieferungen\/#primaryimage","url":"https:\/\/now-news.de\/de\/wp-content\/uploads\/sites\/3\/2022\/04\/Estland-Lettland-und-Litauen-fordern-Einstellung-von-Impfstofflieferungen.jpg","contentUrl":"https:\/\/now-news.de\/de\/wp-content\/uploads\/sites\/3\/2022\/04\/Estland-Lettland-und-Litauen-fordern-Einstellung-von-Impfstofflieferungen.jpg","width":1104,"height":622,"caption":"Estland, Lettland und Litauen fordern Einstellung von Impfstofflieferungen"},{"@type":"BreadcrumbList","@id":"https:\/\/now-news.de\/de\/deutschland\/estland-lettland-und-litauen-fordern-einstellung-von-impfstofflieferungen\/#breadcrumb","itemListElement":[{"@type":"ListItem","position":1,"name":"Home","item":"https:\/\/now-news.de\/de\/"},{"@type":"ListItem","position":2,"name":"Estland, Lettland und Litauen fordern Einstellung von Impfstofflieferungen"}]},{"@type":"WebSite","@id":"https:\/\/now-news.de\/de\/#website","url":"https:\/\/now-news.de\/de\/","name":"just-now.NEWS Deutschland","description":"Das Portal f\u00fcr unzensierte Nachrichten aus der Welt","publisher":{"@id":"https:\/\/now-news.de\/de\/#organization"},"potentialAction":[{"@type":"SearchAction","target":{"@type":"EntryPoint","urlTemplate":"https:\/\/now-news.de\/de\/?s={search_term_string}"},"query-input":"required name=search_term_string"}],"inLanguage":"de"},{"@type":"Organization","@id":"https:\/\/now-news.de\/de\/#organization","name":"Just Now News","url":"https:\/\/now-news.de\/de\/","logo":{"@type":"ImageObject","inLanguage":"de","@id":"https:\/\/now-news.de\/de\/#\/schema\/logo\/image\/","url":"http:\/\/just-now.news\/de\/wp-content\/uploads\/sites\/3\/2022\/04\/logo500x500.jpg","contentUrl":"http:\/\/just-now.news\/de\/wp-content\/uploads\/sites\/3\/2022\/04\/logo500x500.jpg","width":500,"height":500,"caption":"Just Now News"},"image":{"@id":"https:\/\/now-news.de\/de\/#\/schema\/logo\/image\/"},"sameAs":["https:\/\/www.facebook.com\/wirmachenauf","https:\/\/x.com\/WirMachenAuf_de"]},{"@type":"Person","@id":"https:\/\/now-news.de\/de\/#\/schema\/person\/fb534a4e865501d8b3285208df34a9b5","name":"rtnews","image":{"@type":"ImageObject","inLanguage":"de","@id":"https:\/\/now-news.de\/de\/#\/schema\/person\/image\/","url":"https:\/\/secure.gravatar.com\/avatar\/82aafea7d8127119dd649515f56e2117?s=96&d=mm&r=g","contentUrl":"https:\/\/secure.gravatar.com\/avatar\/82aafea7d8127119dd649515f56e2117?s=96&d=mm&r=g","caption":"rtnews"},"url":"https:\/\/now-news.de\/de\/author\/rnews\/"}]}},"_links":{"self":[{"href":"https:\/\/now-news.de\/de\/wp-json\/wp\/v2\/posts\/5225"}],"collection":[{"href":"https:\/\/now-news.de\/de\/wp-json\/wp\/v2\/posts"}],"about":[{"href":"https:\/\/now-news.de\/de\/wp-json\/wp\/v2\/types\/post"}],"author":[{"embeddable":true,"href":"https:\/\/now-news.de\/de\/wp-json\/wp\/v2\/users\/3"}],"replies":[{"embeddable":true,"href":"https:\/\/now-news.de\/de\/wp-json\/wp\/v2\/comments?post=5225"}],"version-history":[{"count":0,"href":"https:\/\/now-news.de\/de\/wp-json\/wp\/v2\/posts\/5225\/revisions"}],"wp:featuredmedia":[{"embeddable":true,"href":"https:\/\/now-news.de\/de\/wp-json\/wp\/v2\/media\/5226"}],"wp:attachment":[{"href":"https:\/\/now-news.de\/de\/wp-json\/wp\/v2\/media?parent=5225"}],"wp:term":[{"taxonomy":"category","embeddable":true,"href":"https:\/\/now-news.de\/de\/wp-json\/wp\/v2\/categories?post=5225"},{"taxonomy":"post_tag","embeddable":true,"href":"https:\/\/now-news.de\/de\/wp-json\/wp\/v2\/tags?post=5225"}],"curies":[{"name":"wp","href":"https:\/\/api.w.org\/{rel}","templated":true}]}}