{"id":52146,"date":"2023-12-25T15:39:58","date_gmt":"2023-12-25T13:39:58","guid":{"rendered":"https:\/\/just-now.news\/de\/deutschland\/mitwirkung-an-ueber-100-terroranschlaegen-russland-erhebt-anklage-gegen-kiews-geheimdienstchef\/"},"modified":"2023-12-25T15:39:58","modified_gmt":"2023-12-25T13:39:58","slug":"mitwirkung-an-ueber-100-terroranschlaegen-russland-erhebt-anklage-gegen-kiews-geheimdienstchef","status":"publish","type":"post","link":"https:\/\/now-news.de\/de\/deutschland\/mitwirkung-an-ueber-100-terroranschlaegen-russland-erhebt-anklage-gegen-kiews-geheimdienstchef\/","title":{"rendered":"Mitwirkung an \u00fcber 100 Terroranschl\u00e4gen \u2013 Russland erhebt Anklage gegen Kiews Geheimdienstchef"},"content":{"rendered":"<p><img decoding=\"async\" src=\"http:\/\/just-now.news\/de\/wp-content\/uploads\/sites\/3\/2023\/12\/65897e5b48fbef449936897e.jpg\" \/><\/p>\n<div class=\"Text-root Text-type_1 \">\n                \u00dcber hundert Terroranschl\u00e4ge in f\u00fcnfzehn russischen Regionen lastet Russlands Ermittlungskomitee dem Chef des ukrainischen Milit\u00e4rgeheimdienstes GUR, Kirill Budanow, an. Ein Moskauer Gericht setzte ihn jetzt auf die Fahndungsliste \u2013 zum zweiten Mal.\n            <\/div>\n<p><\/p>\n<div class=\"Text-root Text-type_5 ArticleView-text ViewText-root \">\n<p>Kirill Budanow, der Leiter des ukrainischen Milit\u00e4rgeheimdienstes GUR, ist wegen Mitwirkung an \u00fcber 100 Terroranschl\u00e4gen angeklagt und in absentia verhaftet worden. Der Pressedienst des Moskauer Bezirksgerichts Basmanny erkl\u00e4rte gegen\u00fcber der Nachrichtenagentur <em>TASS<\/em>, dass Budanow im Falle einer Festnahme zun\u00e4chst eine zweimonatige Untersuchungshaft droht und f\u00fchrte aus:<\/p>\n<blockquote>\n<p><em>&#8220;Budanow K. A. wird wegen der Begehung von 104 Verbrechen gem\u00e4\u00df Abs. &#8220;a&#8221;, &#8220;w&#8221; Teil 2 Art. 205 des Strafgesetzbuchs der Russischen F\u00f6deration (Terroranschlag, der durch eine Gruppe von Personen ausgef\u00fchrt wurde und schwerwiegende Folgen nach sich zog) angeklagt.&#8221;<\/em><\/p>\n<\/blockquote>\n<p>Der angewendete Artikel sieht im Falle einer Verurteilung eine Haftstrafe zwischen zw\u00f6lf und zwanzig Jahren vor.<\/p>\n<p>Nach Angaben des russischen Ermittlungskomitees ist der Chef des GUR f\u00fcr zahlreiche F\u00e4lle von Artilleriebeschuss, Fahrzeugsprengungen und Drohnenangriffen mitverantwortlich. Die Anschl\u00e4ge wurden seit dem Beginn des russischen Milit\u00e4reinsatzes in der Ukraine in den St\u00e4dten Moskau und Sewastopol, den Gebieten Belgorod, Brjansk, Kaluga, Krasnodar, Kursk, Moskau, Orjol, Peskow, Rostow, Rjasan, Smolensk, Twer, Tula sowie in den Teilrepubliken Adygeja und Krim ver\u00fcbt.<\/p>\n<p>Dies ist bereits die zweite formale Verhaftung von Budanow in Russland. Zuvor, im April 2023, hatte das Moskauer Bezirksgericht Lefortowo den Leiter von GUR wegen der Organisation einer terroristischen Vereinigung, Terroranschlag sowie illegaler T\u00e4tigkeit mit Sprengstoffen angeklagt und in absentia verhaftet.<\/p>\n<p>In seinen Interviews f\u00fcr westliche und ukrainische Medien war Budanow unter anderem durch Ank\u00fcndigungen aufgefallen, Russen <a rel=\"nofollow noopener\" target=\"_blank\" href=\"https:\/\/freedert.online\/europa\/169478-ukrainischer-geheimdienstchef-zu-anschaegen-wir-werden-weiterhin-ueberall-welt-russen-toeten\/\">&#8220;\u00fcberall auf der Welt zu t\u00f6ten&#8221;<\/a> sowie Bewohner der Krim, denen er eine &#8220;ver\u00e4nderte Psyche&#8221; unterstellte, <a rel=\"nofollow noopener\" target=\"_blank\" href=\"https:\/\/freedert.online\/kurzclips\/video\/170633-im-falle-sieges-ukrainischer-geheimdienst-will-physisch-ausloeschen\/\">&#8220;physisch auszul\u00f6schen&#8221;<\/a>. Russlands Inlandsgeheimdienst FSB hatte im Oktober erkl\u00e4rt, dass der GUR, beziehungsweise dessen Leiter Budanow, f\u00fcr den Terroranschlag auf die Krimbr\u00fccke verantwortlich sei.<\/p>\n<p><strong>Mehr zum Thema <\/strong>\u2013 <a rel=\"nofollow noopener\" target=\"_blank\" href=\"https:\/\/freedert.online\/international\/184707-washington-post-ukrainische-geheimdienste-organisierten\/\">Washington Post: Ukrainische Geheimdienste haben Mordtaten auf Russlands Territorium organisiert<\/a><\/p>\n<\/div>\n<p><br \/>\n<br \/><a href=\"https:\/\/de.rt.com\/russland\/190867-mitwirkung-an-ueber-100-terroranschlaegen\/\">Source link <\/a><\/p>\n","protected":false},"excerpt":{"rendered":"<p>\u00dcber hundert Terroranschl\u00e4ge in f\u00fcnfzehn russischen Regionen lastet Russlands Ermittlungskomitee dem Chef des ukrainischen Milit\u00e4rgeheimdienstes GUR, Kirill Budanow, an. Ein Moskauer Gericht setzte ihn jetzt auf die Fahndungsliste \u2013 zum zweiten Mal. Kirill Budanow, der Leiter des ukrainischen Milit\u00e4rgeheimdienstes GUR, ist wegen Mitwirkung an \u00fcber 100 Terroranschl\u00e4gen angeklagt und in absentia verhaftet worden. Der Pressedienst [&hellip;]<\/p>\n","protected":false},"author":3,"featured_media":52147,"comment_status":"open","ping_status":"open","sticky":false,"template":"","format":"standard","meta":{"_yoast_indexnow_last_ping":["1703511910"],"wp_automatic_camp":["217"],"f8f6198ace6204d57b1fcb592a3bb300":["Mitwirkung an \u00fcber 100 Terroranschl\u00e4gen \u2013 Russland erhebt Anklage gegen Kiews Geheimdienstchef"],"original_link":["https:\/\/de.rt.com\/russland\/190867-mitwirkung-an-ueber-100-terroranschlaegen\/"],"_thumbnail_id":["52147"],"_wptgpro_p2tg_sent2tg":["a:1:{i:23737;s:19:\"2023-12-25 15:46:15\";}"],"jnews_social_counter_last_update":["1777196283"]},"categories":[19,23],"tags":[8054,24286,278,33678,6313,51900,126,34212,139],"yoast_head":"<!-- This site is optimized with the Yoast SEO Premium plugin v22.7 (Yoast SEO v22.7) - https:\/\/yoast.com\/wordpress\/plugins\/seo\/ -->\n<title>Mitwirkung an \u00fcber 100 Terroranschl\u00e4gen \u2013 Russland erhebt Anklage gegen Kiews Geheimdienstchef - just-now.NEWS Deutschland<\/title>\n<meta name=\"robots\" content=\"index, follow, max-snippet:-1, max-image-preview:large, max-video-preview:-1\" \/>\n<link rel=\"canonical\" href=\"https:\/\/now-news.de\/de\/deutschland\/mitwirkung-an-ueber-100-terroranschlaegen-russland-erhebt-anklage-gegen-kiews-geheimdienstchef\/\" \/>\n<meta property=\"og:locale\" content=\"de_DE\" \/>\n<meta property=\"og:type\" content=\"article\" \/>\n<meta property=\"og:title\" content=\"Mitwirkung an \u00fcber 100 Terroranschl\u00e4gen \u2013 Russland erhebt Anklage gegen Kiews Geheimdienstchef\" \/>\n<meta property=\"og:description\" content=\"\u00dcber hundert Terroranschl\u00e4ge in f\u00fcnfzehn russischen Regionen lastet Russlands Ermittlungskomitee dem Chef des ukrainischen Milit\u00e4rgeheimdienstes GUR, Kirill Budanow, an. Ein Moskauer Gericht setzte ihn jetzt auf die Fahndungsliste \u2013 zum zweiten Mal. Kirill Budanow, der Leiter des ukrainischen Milit\u00e4rgeheimdienstes GUR, ist wegen Mitwirkung an \u00fcber 100 Terroranschl\u00e4gen angeklagt und in absentia verhaftet worden. Der Pressedienst [&hellip;]\" \/>\n<meta property=\"og:url\" content=\"https:\/\/now-news.de\/de\/deutschland\/mitwirkung-an-ueber-100-terroranschlaegen-russland-erhebt-anklage-gegen-kiews-geheimdienstchef\/\" \/>\n<meta property=\"og:site_name\" content=\"just-now.NEWS Deutschland\" \/>\n<meta property=\"article:publisher\" content=\"https:\/\/www.facebook.com\/wirmachenauf\" \/>\n<meta property=\"article:published_time\" content=\"2023-12-25T13:39:58+00:00\" \/>\n<meta property=\"og:image\" content=\"https:\/\/now-news.de\/de\/wp-content\/uploads\/sites\/3\/2023\/12\/Mitwirkung-an-ueber-100-Terroranschlaegen-\u2013-Russland-erhebt-Anklage-gegen.jpg\" \/>\n\t<meta property=\"og:image:width\" content=\"460\" \/>\n\t<meta property=\"og:image:height\" content=\"259\" \/>\n\t<meta property=\"og:image:type\" content=\"image\/jpeg\" \/>\n<meta name=\"author\" content=\"rtnews\" \/>\n<meta name=\"twitter:card\" content=\"summary_large_image\" \/>\n<meta name=\"twitter:creator\" content=\"@WirMachenAuf_de\" \/>\n<meta name=\"twitter:site\" content=\"@WirMachenAuf_de\" \/>\n<meta name=\"twitter:label1\" content=\"Verfasst von\" \/>\n\t<meta name=\"twitter:data1\" content=\"rtnews\" \/>\n\t<meta name=\"twitter:label2\" content=\"Gesch\u00e4tzte Lesezeit\" \/>\n\t<meta name=\"twitter:data2\" content=\"2\u00a0Minuten\" \/>\n<script type=\"application\/ld+json\" class=\"yoast-schema-graph\">{\"@context\":\"https:\/\/schema.org\",\"@graph\":[{\"@type\":\"Article\",\"@id\":\"https:\/\/now-news.de\/de\/deutschland\/mitwirkung-an-ueber-100-terroranschlaegen-russland-erhebt-anklage-gegen-kiews-geheimdienstchef\/#article\",\"isPartOf\":{\"@id\":\"https:\/\/now-news.de\/de\/deutschland\/mitwirkung-an-ueber-100-terroranschlaegen-russland-erhebt-anklage-gegen-kiews-geheimdienstchef\/\"},\"author\":{\"name\":\"rtnews\",\"@id\":\"https:\/\/now-news.de\/de\/#\/schema\/person\/fb534a4e865501d8b3285208df34a9b5\"},\"headline\":\"Mitwirkung an \u00fcber 100 Terroranschl\u00e4gen \u2013 Russland erhebt Anklage gegen Kiews Geheimdienstchef\",\"datePublished\":\"2023-12-25T13:39:58+00:00\",\"dateModified\":\"2023-12-25T13:39:58+00:00\",\"mainEntityOfPage\":{\"@id\":\"https:\/\/now-news.de\/de\/deutschland\/mitwirkung-an-ueber-100-terroranschlaegen-russland-erhebt-anklage-gegen-kiews-geheimdienstchef\/\"},\"wordCount\":338,\"commentCount\":0,\"publisher\":{\"@id\":\"https:\/\/now-news.de\/de\/#organization\"},\"image\":{\"@id\":\"https:\/\/now-news.de\/de\/deutschland\/mitwirkung-an-ueber-100-terroranschlaegen-russland-erhebt-anklage-gegen-kiews-geheimdienstchef\/#primaryimage\"},\"thumbnailUrl\":\"https:\/\/now-news.de\/de\/wp-content\/uploads\/sites\/3\/2023\/12\/Mitwirkung-an-ueber-100-Terroranschlaegen-\u2013-Russland-erhebt-Anklage-gegen.jpg\",\"keywords\":[\"Anklage\",\"erhebt\",\"gegen\",\"GeheimdienstChef\",\"Kiews\",\"Mitwirkung\",\"russland\",\"Terroranschl\u00e4gen\",\"\u00fcber\"],\"articleSection\":[\"Deutschland\",\"Russland\"],\"inLanguage\":\"de\",\"potentialAction\":[{\"@type\":\"CommentAction\",\"name\":\"Comment\",\"target\":[\"https:\/\/now-news.de\/de\/deutschland\/mitwirkung-an-ueber-100-terroranschlaegen-russland-erhebt-anklage-gegen-kiews-geheimdienstchef\/#respond\"]}]},{\"@type\":\"WebPage\",\"@id\":\"https:\/\/now-news.de\/de\/deutschland\/mitwirkung-an-ueber-100-terroranschlaegen-russland-erhebt-anklage-gegen-kiews-geheimdienstchef\/\",\"url\":\"https:\/\/now-news.de\/de\/deutschland\/mitwirkung-an-ueber-100-terroranschlaegen-russland-erhebt-anklage-gegen-kiews-geheimdienstchef\/\",\"name\":\"Mitwirkung an \u00fcber 100 Terroranschl\u00e4gen \u2013 Russland erhebt Anklage gegen Kiews Geheimdienstchef - just-now.NEWS Deutschland\",\"isPartOf\":{\"@id\":\"https:\/\/now-news.de\/de\/#website\"},\"primaryImageOfPage\":{\"@id\":\"https:\/\/now-news.de\/de\/deutschland\/mitwirkung-an-ueber-100-terroranschlaegen-russland-erhebt-anklage-gegen-kiews-geheimdienstchef\/#primaryimage\"},\"image\":{\"@id\":\"https:\/\/now-news.de\/de\/deutschland\/mitwirkung-an-ueber-100-terroranschlaegen-russland-erhebt-anklage-gegen-kiews-geheimdienstchef\/#primaryimage\"},\"thumbnailUrl\":\"https:\/\/now-news.de\/de\/wp-content\/uploads\/sites\/3\/2023\/12\/Mitwirkung-an-ueber-100-Terroranschlaegen-\u2013-Russland-erhebt-Anklage-gegen.jpg\",\"datePublished\":\"2023-12-25T13:39:58+00:00\",\"dateModified\":\"2023-12-25T13:39:58+00:00\",\"breadcrumb\":{\"@id\":\"https:\/\/now-news.de\/de\/deutschland\/mitwirkung-an-ueber-100-terroranschlaegen-russland-erhebt-anklage-gegen-kiews-geheimdienstchef\/#breadcrumb\"},\"inLanguage\":\"de\",\"potentialAction\":[{\"@type\":\"ReadAction\",\"target\":[\"https:\/\/now-news.de\/de\/deutschland\/mitwirkung-an-ueber-100-terroranschlaegen-russland-erhebt-anklage-gegen-kiews-geheimdienstchef\/\"]}]},{\"@type\":\"ImageObject\",\"inLanguage\":\"de\",\"@id\":\"https:\/\/now-news.de\/de\/deutschland\/mitwirkung-an-ueber-100-terroranschlaegen-russland-erhebt-anklage-gegen-kiews-geheimdienstchef\/#primaryimage\",\"url\":\"https:\/\/now-news.de\/de\/wp-content\/uploads\/sites\/3\/2023\/12\/Mitwirkung-an-ueber-100-Terroranschlaegen-\u2013-Russland-erhebt-Anklage-gegen.jpg\",\"contentUrl\":\"https:\/\/now-news.de\/de\/wp-content\/uploads\/sites\/3\/2023\/12\/Mitwirkung-an-ueber-100-Terroranschlaegen-\u2013-Russland-erhebt-Anklage-gegen.jpg\",\"width\":460,\"height\":259,\"caption\":\"Mitwirkung an \u00fcber 100 Terroranschl\u00e4gen \u2013 Russland erhebt Anklage gegen Kiews Geheimdienstchef\"},{\"@type\":\"BreadcrumbList\",\"@id\":\"https:\/\/now-news.de\/de\/deutschland\/mitwirkung-an-ueber-100-terroranschlaegen-russland-erhebt-anklage-gegen-kiews-geheimdienstchef\/#breadcrumb\",\"itemListElement\":[{\"@type\":\"ListItem\",\"position\":1,\"name\":\"Home\",\"item\":\"https:\/\/now-news.de\/de\/\"},{\"@type\":\"ListItem\",\"position\":2,\"name\":\"Mitwirkung an \u00fcber 100 Terroranschl\u00e4gen \u2013 Russland erhebt Anklage gegen Kiews Geheimdienstchef\"}]},{\"@type\":\"WebSite\",\"@id\":\"https:\/\/now-news.de\/de\/#website\",\"url\":\"https:\/\/now-news.de\/de\/\",\"name\":\"just-now.NEWS Deutschland\",\"description\":\"Das Portal f\u00fcr unzensierte Nachrichten aus der Welt\",\"publisher\":{\"@id\":\"https:\/\/now-news.de\/de\/#organization\"},\"potentialAction\":[{\"@type\":\"SearchAction\",\"target\":{\"@type\":\"EntryPoint\",\"urlTemplate\":\"https:\/\/now-news.de\/de\/?s={search_term_string}\"},\"query-input\":\"required name=search_term_string\"}],\"inLanguage\":\"de\"},{\"@type\":\"Organization\",\"@id\":\"https:\/\/now-news.de\/de\/#organization\",\"name\":\"Just Now News\",\"url\":\"https:\/\/now-news.de\/de\/\",\"logo\":{\"@type\":\"ImageObject\",\"inLanguage\":\"de\",\"@id\":\"https:\/\/now-news.de\/de\/#\/schema\/logo\/image\/\",\"url\":\"http:\/\/just-now.news\/de\/wp-content\/uploads\/sites\/3\/2022\/04\/logo500x500.jpg\",\"contentUrl\":\"http:\/\/just-now.news\/de\/wp-content\/uploads\/sites\/3\/2022\/04\/logo500x500.jpg\",\"width\":500,\"height\":500,\"caption\":\"Just Now News\"},\"image\":{\"@id\":\"https:\/\/now-news.de\/de\/#\/schema\/logo\/image\/\"},\"sameAs\":[\"https:\/\/www.facebook.com\/wirmachenauf\",\"https:\/\/x.com\/WirMachenAuf_de\"]},{\"@type\":\"Person\",\"@id\":\"https:\/\/now-news.de\/de\/#\/schema\/person\/fb534a4e865501d8b3285208df34a9b5\",\"name\":\"rtnews\",\"image\":{\"@type\":\"ImageObject\",\"inLanguage\":\"de\",\"@id\":\"https:\/\/now-news.de\/de\/#\/schema\/person\/image\/\",\"url\":\"https:\/\/secure.gravatar.com\/avatar\/82aafea7d8127119dd649515f56e2117?s=96&d=mm&r=g\",\"contentUrl\":\"https:\/\/secure.gravatar.com\/avatar\/82aafea7d8127119dd649515f56e2117?s=96&d=mm&r=g\",\"caption\":\"rtnews\"},\"url\":\"https:\/\/now-news.de\/de\/author\/rnews\/\"}]}<\/script>\n<!-- \/ Yoast SEO Premium plugin. -->","yoast_head_json":{"title":"Mitwirkung an \u00fcber 100 Terroranschl\u00e4gen \u2013 Russland erhebt Anklage gegen Kiews Geheimdienstchef - just-now.NEWS Deutschland","robots":{"index":"index","follow":"follow","max-snippet":"max-snippet:-1","max-image-preview":"max-image-preview:large","max-video-preview":"max-video-preview:-1"},"canonical":"https:\/\/now-news.de\/de\/deutschland\/mitwirkung-an-ueber-100-terroranschlaegen-russland-erhebt-anklage-gegen-kiews-geheimdienstchef\/","og_locale":"de_DE","og_type":"article","og_title":"Mitwirkung an \u00fcber 100 Terroranschl\u00e4gen \u2013 Russland erhebt Anklage gegen Kiews Geheimdienstchef","og_description":"\u00dcber hundert Terroranschl\u00e4ge in f\u00fcnfzehn russischen Regionen lastet Russlands Ermittlungskomitee dem Chef des ukrainischen Milit\u00e4rgeheimdienstes GUR, Kirill Budanow, an. Ein Moskauer Gericht setzte ihn jetzt auf die Fahndungsliste \u2013 zum zweiten Mal. Kirill Budanow, der Leiter des ukrainischen Milit\u00e4rgeheimdienstes GUR, ist wegen Mitwirkung an \u00fcber 100 Terroranschl\u00e4gen angeklagt und in absentia verhaftet worden. Der Pressedienst [&hellip;]","og_url":"https:\/\/now-news.de\/de\/deutschland\/mitwirkung-an-ueber-100-terroranschlaegen-russland-erhebt-anklage-gegen-kiews-geheimdienstchef\/","og_site_name":"just-now.NEWS Deutschland","article_publisher":"https:\/\/www.facebook.com\/wirmachenauf","article_published_time":"2023-12-25T13:39:58+00:00","og_image":[{"width":460,"height":259,"url":"https:\/\/now-news.de\/de\/wp-content\/uploads\/sites\/3\/2023\/12\/Mitwirkung-an-ueber-100-Terroranschlaegen-\u2013-Russland-erhebt-Anklage-gegen.jpg","type":"image\/jpeg"}],"author":"rtnews","twitter_card":"summary_large_image","twitter_creator":"@WirMachenAuf_de","twitter_site":"@WirMachenAuf_de","twitter_misc":{"Verfasst von":"rtnews","Gesch\u00e4tzte Lesezeit":"2\u00a0Minuten"},"schema":{"@context":"https:\/\/schema.org","@graph":[{"@type":"Article","@id":"https:\/\/now-news.de\/de\/deutschland\/mitwirkung-an-ueber-100-terroranschlaegen-russland-erhebt-anklage-gegen-kiews-geheimdienstchef\/#article","isPartOf":{"@id":"https:\/\/now-news.de\/de\/deutschland\/mitwirkung-an-ueber-100-terroranschlaegen-russland-erhebt-anklage-gegen-kiews-geheimdienstchef\/"},"author":{"name":"rtnews","@id":"https:\/\/now-news.de\/de\/#\/schema\/person\/fb534a4e865501d8b3285208df34a9b5"},"headline":"Mitwirkung an \u00fcber 100 Terroranschl\u00e4gen \u2013 Russland erhebt Anklage gegen Kiews Geheimdienstchef","datePublished":"2023-12-25T13:39:58+00:00","dateModified":"2023-12-25T13:39:58+00:00","mainEntityOfPage":{"@id":"https:\/\/now-news.de\/de\/deutschland\/mitwirkung-an-ueber-100-terroranschlaegen-russland-erhebt-anklage-gegen-kiews-geheimdienstchef\/"},"wordCount":338,"commentCount":0,"publisher":{"@id":"https:\/\/now-news.de\/de\/#organization"},"image":{"@id":"https:\/\/now-news.de\/de\/deutschland\/mitwirkung-an-ueber-100-terroranschlaegen-russland-erhebt-anklage-gegen-kiews-geheimdienstchef\/#primaryimage"},"thumbnailUrl":"https:\/\/now-news.de\/de\/wp-content\/uploads\/sites\/3\/2023\/12\/Mitwirkung-an-ueber-100-Terroranschlaegen-\u2013-Russland-erhebt-Anklage-gegen.jpg","keywords":["Anklage","erhebt","gegen","GeheimdienstChef","Kiews","Mitwirkung","russland","Terroranschl\u00e4gen","\u00fcber"],"articleSection":["Deutschland","Russland"],"inLanguage":"de","potentialAction":[{"@type":"CommentAction","name":"Comment","target":["https:\/\/now-news.de\/de\/deutschland\/mitwirkung-an-ueber-100-terroranschlaegen-russland-erhebt-anklage-gegen-kiews-geheimdienstchef\/#respond"]}]},{"@type":"WebPage","@id":"https:\/\/now-news.de\/de\/deutschland\/mitwirkung-an-ueber-100-terroranschlaegen-russland-erhebt-anklage-gegen-kiews-geheimdienstchef\/","url":"https:\/\/now-news.de\/de\/deutschland\/mitwirkung-an-ueber-100-terroranschlaegen-russland-erhebt-anklage-gegen-kiews-geheimdienstchef\/","name":"Mitwirkung an \u00fcber 100 Terroranschl\u00e4gen \u2013 Russland erhebt Anklage gegen Kiews Geheimdienstchef - just-now.NEWS Deutschland","isPartOf":{"@id":"https:\/\/now-news.de\/de\/#website"},"primaryImageOfPage":{"@id":"https:\/\/now-news.de\/de\/deutschland\/mitwirkung-an-ueber-100-terroranschlaegen-russland-erhebt-anklage-gegen-kiews-geheimdienstchef\/#primaryimage"},"image":{"@id":"https:\/\/now-news.de\/de\/deutschland\/mitwirkung-an-ueber-100-terroranschlaegen-russland-erhebt-anklage-gegen-kiews-geheimdienstchef\/#primaryimage"},"thumbnailUrl":"https:\/\/now-news.de\/de\/wp-content\/uploads\/sites\/3\/2023\/12\/Mitwirkung-an-ueber-100-Terroranschlaegen-\u2013-Russland-erhebt-Anklage-gegen.jpg","datePublished":"2023-12-25T13:39:58+00:00","dateModified":"2023-12-25T13:39:58+00:00","breadcrumb":{"@id":"https:\/\/now-news.de\/de\/deutschland\/mitwirkung-an-ueber-100-terroranschlaegen-russland-erhebt-anklage-gegen-kiews-geheimdienstchef\/#breadcrumb"},"inLanguage":"de","potentialAction":[{"@type":"ReadAction","target":["https:\/\/now-news.de\/de\/deutschland\/mitwirkung-an-ueber-100-terroranschlaegen-russland-erhebt-anklage-gegen-kiews-geheimdienstchef\/"]}]},{"@type":"ImageObject","inLanguage":"de","@id":"https:\/\/now-news.de\/de\/deutschland\/mitwirkung-an-ueber-100-terroranschlaegen-russland-erhebt-anklage-gegen-kiews-geheimdienstchef\/#primaryimage","url":"https:\/\/now-news.de\/de\/wp-content\/uploads\/sites\/3\/2023\/12\/Mitwirkung-an-ueber-100-Terroranschlaegen-\u2013-Russland-erhebt-Anklage-gegen.jpg","contentUrl":"https:\/\/now-news.de\/de\/wp-content\/uploads\/sites\/3\/2023\/12\/Mitwirkung-an-ueber-100-Terroranschlaegen-\u2013-Russland-erhebt-Anklage-gegen.jpg","width":460,"height":259,"caption":"Mitwirkung an \u00fcber 100 Terroranschl\u00e4gen \u2013 Russland erhebt Anklage gegen Kiews Geheimdienstchef"},{"@type":"BreadcrumbList","@id":"https:\/\/now-news.de\/de\/deutschland\/mitwirkung-an-ueber-100-terroranschlaegen-russland-erhebt-anklage-gegen-kiews-geheimdienstchef\/#breadcrumb","itemListElement":[{"@type":"ListItem","position":1,"name":"Home","item":"https:\/\/now-news.de\/de\/"},{"@type":"ListItem","position":2,"name":"Mitwirkung an \u00fcber 100 Terroranschl\u00e4gen \u2013 Russland erhebt Anklage gegen Kiews Geheimdienstchef"}]},{"@type":"WebSite","@id":"https:\/\/now-news.de\/de\/#website","url":"https:\/\/now-news.de\/de\/","name":"just-now.NEWS Deutschland","description":"Das Portal f\u00fcr unzensierte Nachrichten aus der Welt","publisher":{"@id":"https:\/\/now-news.de\/de\/#organization"},"potentialAction":[{"@type":"SearchAction","target":{"@type":"EntryPoint","urlTemplate":"https:\/\/now-news.de\/de\/?s={search_term_string}"},"query-input":"required name=search_term_string"}],"inLanguage":"de"},{"@type":"Organization","@id":"https:\/\/now-news.de\/de\/#organization","name":"Just Now News","url":"https:\/\/now-news.de\/de\/","logo":{"@type":"ImageObject","inLanguage":"de","@id":"https:\/\/now-news.de\/de\/#\/schema\/logo\/image\/","url":"http:\/\/just-now.news\/de\/wp-content\/uploads\/sites\/3\/2022\/04\/logo500x500.jpg","contentUrl":"http:\/\/just-now.news\/de\/wp-content\/uploads\/sites\/3\/2022\/04\/logo500x500.jpg","width":500,"height":500,"caption":"Just Now News"},"image":{"@id":"https:\/\/now-news.de\/de\/#\/schema\/logo\/image\/"},"sameAs":["https:\/\/www.facebook.com\/wirmachenauf","https:\/\/x.com\/WirMachenAuf_de"]},{"@type":"Person","@id":"https:\/\/now-news.de\/de\/#\/schema\/person\/fb534a4e865501d8b3285208df34a9b5","name":"rtnews","image":{"@type":"ImageObject","inLanguage":"de","@id":"https:\/\/now-news.de\/de\/#\/schema\/person\/image\/","url":"https:\/\/secure.gravatar.com\/avatar\/82aafea7d8127119dd649515f56e2117?s=96&d=mm&r=g","contentUrl":"https:\/\/secure.gravatar.com\/avatar\/82aafea7d8127119dd649515f56e2117?s=96&d=mm&r=g","caption":"rtnews"},"url":"https:\/\/now-news.de\/de\/author\/rnews\/"}]}},"_links":{"self":[{"href":"https:\/\/now-news.de\/de\/wp-json\/wp\/v2\/posts\/52146"}],"collection":[{"href":"https:\/\/now-news.de\/de\/wp-json\/wp\/v2\/posts"}],"about":[{"href":"https:\/\/now-news.de\/de\/wp-json\/wp\/v2\/types\/post"}],"author":[{"embeddable":true,"href":"https:\/\/now-news.de\/de\/wp-json\/wp\/v2\/users\/3"}],"replies":[{"embeddable":true,"href":"https:\/\/now-news.de\/de\/wp-json\/wp\/v2\/comments?post=52146"}],"version-history":[{"count":0,"href":"https:\/\/now-news.de\/de\/wp-json\/wp\/v2\/posts\/52146\/revisions"}],"wp:featuredmedia":[{"embeddable":true,"href":"https:\/\/now-news.de\/de\/wp-json\/wp\/v2\/media\/52147"}],"wp:attachment":[{"href":"https:\/\/now-news.de\/de\/wp-json\/wp\/v2\/media?parent=52146"}],"wp:term":[{"taxonomy":"category","embeddable":true,"href":"https:\/\/now-news.de\/de\/wp-json\/wp\/v2\/categories?post=52146"},{"taxonomy":"post_tag","embeddable":true,"href":"https:\/\/now-news.de\/de\/wp-json\/wp\/v2\/tags?post=52146"}],"curies":[{"name":"wp","href":"https:\/\/api.w.org\/{rel}","templated":true}]}}