{"id":52115,"date":"2023-12-24T19:20:51","date_gmt":"2023-12-24T17:20:51","guid":{"rendered":"https:\/\/just-now.news\/de\/deutschland\/zeugnis-des-doppelten-standards-baerbock-im-interview\/"},"modified":"2023-12-24T19:20:51","modified_gmt":"2023-12-24T17:20:51","slug":"zeugnis-des-doppelten-standards-baerbock-im-interview","status":"publish","type":"post","link":"https:\/\/now-news.de\/de\/deutschland\/zeugnis-des-doppelten-standards-baerbock-im-interview\/","title":{"rendered":"Zeugnis des doppelten Standards: Baerbock im Interview"},"content":{"rendered":"<p><img decoding=\"async\" src=\"http:\/\/just-now.news\/de\/wp-content\/uploads\/sites\/3\/2023\/12\/658851a248fbef38255299f6.jpg\" \/><\/p>\n<div class=\"Text-root Text-type_1 \">\n                Die deutsche Au\u00dfenministerin Baerbock holt f\u00fcr ihre Familie sonntags die Br\u00f6tchen. Ansonsten verbreitet sie Desinformation und ist noch verantwortlich f\u00fcr eine menschenverachtende Au\u00dfenpolitik, die die Anwendung von Gewalt \u00fcber Diplomatie stellt. Ihre Skrupellosigkeit macht Baerbock so gef\u00e4hrlich.\n            <\/div>\n<p><\/p>\n<div class=\"Text-root Text-type_5 ArticleView-text ViewText-root \">\n<p>Bez\u00fcglich des Ukraine-Konflikts werden die Deutschen fl\u00e4chendeckend von den verantwortlichen Politikern und von den mitverantwortlichen Medien des Mainstreams desinformiert. Dass die deutsche Au\u00dfenministerin da keine Ausnahme bildet, ist nicht \u00fcberraschend. Sie tut sich im Gegenteil seit Langem damit hervor, die Unwahrheiten besonders dick aufzutragen.\u00a0<\/p>\n<p>In einem <a rel=\"nofollow noopener\" target=\"_blank\" href=\"https:\/\/www.tagesspiegel.de\/potsdam\/landeshauptstadt\/annalena-baerbock-im-interview-muttersein-ermoglicht-mir-eine-bessere-politikerin-zu-sein-10950997.html\">Interview<\/a> mit dem <em>Tagesspiegel<\/em> treten dabei die Widerspr\u00fcche ihrer Politik offen zutage, denn Baerbock spricht in kurzer Folge vom Ukraine- und vom Nahost-Konflikt.<\/p>\n<p>Wie schon der Vizekanzler und Bundesminister f\u00fcr Wirtschaft und Klimaschutz Habeck macht auch Baerbock Russland f\u00fcr die wirtschaftlichen Probleme in Deutschland verantwortlich. Das ist nachweislich falsch. Die Ursache der deutschen Krise sind die Sanktionen und der Verzicht auf Russland als Lieferant f\u00fcr g\u00fcnstige Energietr\u00e4ger. Auf die Preissteigerungen angesprochen, die auf die Deutschen im kommenden Jahr zukommen werden, sagt Baerbock:\u00a0<\/p>\n<blockquote>\n<p><em>&#8220;Es ist klar, die Preissteigerungen sind heftig. F\u00fcr einige bedeutet das, am Ende des Monats nicht mehr zu wissen, wie sie die Rechnungen bezahlen sollen. Ursache f\u00fcr die Preissteigerungen ist aber nicht die Ampel, sondern der russische Angriffskrieg.&#8221; <br \/><\/em><\/p>\n<\/blockquote>\n<p>Das ist schon eine absolute dreiste Verh\u00f6hnung der B\u00fcrger durch die komplette Umkehrung der tats\u00e4chlichen Abl\u00e4ufe. Es ist zudem die vollst\u00e4ndige Zur\u00fcckweisung\u00a0ihrer Mitverantwortung\u00a0f\u00fcr die Wohlstandsverluste, die alle Menschen in der Bundesrepublik treffen werden. Baerbock ist sich offensichtlich \u00fcber die Folgen ihres politischen Handelns \u00fcberhaupt nicht im Klaren.<\/p>\n<blockquote>\n<p><em>&#8220;H\u00e4tte Wladimir Putin nicht auf brutalste Art und Weise sein Nachbarland \u00fcberfallen, tausende Menschen ermordet, vergewaltigt, in die Flucht getrieben und mit seinem brutalen Angriffskrieg zeitgleich weltweite Wirtschaftsschocks ausgel\u00f6st, w\u00fcrden wir in Deutschland nicht in dieser schwierigen finanziellen Lage sein.&#8221;<\/em><\/p>\n<\/blockquote>\n<p>Mal davon abgesehen, dass die pers\u00f6nliche Zuschreibung an Putin absolut verungl\u00fcckte Rhetorik ist, spricht es nicht f\u00fcr guten Journalismus, dass der <em>Tagesspiegel<\/em> Baerbock diese faktenwidrige Behauptung durchgehen l\u00e4sst. Vor allem angesichts angeblich Tausender durch Putin ermordeter Menschen ist es zudem entlarvend, wie Baerbock den Nahost-Konflikt einordnet. Die Hamas m\u00fcsse Israel die M\u00f6glichkeit zum Frieden geben, sagt sie allen Ernstes.\u00a0<\/p>\n<blockquote>\n<p><em>&#8220;Die Terroristen der Hamas m\u00fcssen ihre Waffen niederlegen und alle Geiseln freilassen, damit Israel nicht mehr gezwungen ist, sich selbst zu verteidigen&#8221;<\/em>, sagte Baerbock.<\/p>\n<\/blockquote>\n<p>Der doppelte Standard ist offensichtlich.\u00a0Vor allem aber steht Deutschland in beiden Konflikten damit auf der Seite der Gewalt. Deutschland hat im Ukraine-Konflikt nicht nur alles unterlassen, was zu einer Befriedung beigetragen h\u00e4tte. Deutschland hat aktiv das Abkommen Minsk 2 sabotiert und ignorierte in allen bez\u00fcglich des Ukraine-Konflikts verabschiedeten Resolutionen die Aufforderungen, die diplomatischen Bem\u00fchungen zur L\u00f6sung des Konflikts zu erh\u00f6hen. Ganz im Gegenteil: Deutschland brach seine diplomatischen Beziehungen zu Russland faktisch ab.\u00a0F\u00fcr diesen zivilisatorischen R\u00fcckfall\u00a0ist Baerbock verantwortlich.\u00a0<\/p>\n<p>Ebenso lehnt Baerbock eine Waffenruhe f\u00fcr den Gazastreifen ab und stellt \u2013 wie auch im Ukraine-Krieg \u2013 f\u00fcr die Gegenseite unannehmbare Vorbedingungen. Die Hamas m\u00fcsse ihre Waffen niederlegen. Russland muss sich zun\u00e4chst komplett zur\u00fcckziehen. Beide Vorschl\u00e4ge sind nicht geeignet, einen Beitrag zur Konfliktl\u00f6sung zu leisten, weil sie schlicht einseitig sind. Sie nehmen die Interessen einer Konfliktseite noch nicht einmal zur Kenntnis.\u00a0<\/p>\n<p>Baerbock geht es auch nicht um Konfliktl\u00f6sung, wie sie mit dem Verbreiten von Gr\u00e4uelpropaganda deutlich macht. Es geht ihr nur um Sieg und Macht. Putin wolle 40 Millionen Ukrainer ermorden, behauptet Baerbock. Die Behauptung ist vollkommen absurd, dennoch hakt der <em>Tagesspiegel<\/em>\u00a0auch hier nicht nach und gibt damit seinen eigenen journalistischen Anspruch vollkommen preis. Er degradiert sich selbst \u2013 zum Sprachrohr der Au\u00dfenministerin.\u00a0<\/p>\n<blockquote>\n<p><em>&#8220;Dass Putins urspr\u00fcnglicher Plan, Kiew einzunehmen und \u00fcber 40 Millionen Menschen zu ermorden, zu vertreiben oder zu unterwerfen, nicht aufgegangen ist, liegt an dem unglaublichen Mut der Ukrainerinnen und Ukrainer, ihr Land zu verteidigen.&#8221;<\/em><\/p>\n<\/blockquote>\n<p>Es geht im Ukraine-Konflikt nicht um Landnahme, ihm zugrunde liegt der Expansionswunsch der NATO. Im Nahost-Konflikt geht es dagegen tats\u00e4chlich um Landnahme. Israel h\u00e4lt Gebiete besetzt und plant ganz offen die Vertreibung der Pal\u00e4stinenser. Dazu schweigt Baerbock. Das macht sie als Politikerin nicht nur unglaubw\u00fcrdig, sondern faktisch untragbar. Aus sogenannter &#8220;Staatsr\u00e4son&#8221; duldet sie die israelischen Verbrechen gegen die Menschlichkeit, die sie im Falle Russlands verurteilt, und sie unterschl\u00e4gt zudem noch die Opferzahlen. Die machen n\u00e4mlich deutlich, dass es Israel sehr wohl um Ausl\u00f6schung geht, Russland aber nicht. Russland geht es um die Durchsetzung seiner Sicherheitsinteressen. Israel geht es um Landraub, Genozid und Vertreibung. Baerbocks Au\u00dfenpolitik positioniert Deutschland erneut auf der falschen Seite.\u00a0\u00a0<\/p>\n<p>Die umfassende Unehrlichkeit Baerbocks ist nat\u00fcrlich vielen Deutschen nicht entgangen. Dort, wo sie \u00f6ffentlich auftritt, schl\u00e4gt ihr Protest entgegen. Baerbock ist f\u00fcr den R\u00fcckfall deutscher Au\u00dfenpolitik in die Logik der Gewalt und die Ablehnung von Diplomatie als Mittel zur Konfliktbeilegung verantwortlich. Doch Kritik prallt an ihr genauso ab wie an der gesamten &#8220;Ampel&#8221;-Regierung. Auch in dieser Hinsicht zeigt sich immer deutlicher ein neues, f\u00fcr den gesellschaftlichen Zusammenhalt gef\u00e4hrliches Regierungs-Narrativ: Wer die Politik der Bundesregierung, wer Habeck oder Baerbock kritisiert, ist ein Antidemokrat.\u00a0<\/p>\n<blockquote>\n<p><em>&#8220;Die AfD will unsere Gesellschaft spalten. In Leute, die dazugeh\u00f6ren, und die, die nicht dazugeh\u00f6ren. Ich erlebe ja im Bundestag, wie viel Hass und Hetze verbreitet wird. (&#8230;) Wir brauchen dagegen ein breites B\u00fcndnis von demokratischen Parteien, die die politische Debatte mit Anstand und Respekt vor allen Menschen f\u00fchren.&#8221;<\/em><\/p>\n<\/blockquote>\n<p>Auch hier\u00a0spielt Baerbock ein f\u00fcr die Demokratie gef\u00e4hrliches Spiel und kehrt die Verh\u00e4ltnisse um. Sie fordert, Kritiker aus dem demokratischen Diskurs auszuschlie\u00dfen und betreibt damit die Abschaffung der Demokratie in Deutschland. Kritik spaltet die Gesellschaft, lautet ihre These. Das ist perfide und antidemokratisch. Baerbock ist eine verantwortungslose und f\u00fcr die Demokratie in Deutschland gef\u00e4hrliche Politikerin. Das von ihr gezeichnete Idyll, in dem es zu ihren sonnt\u00e4glichen Aufgaben in ihrer Familie geh\u00f6rt, die Br\u00f6tchen zu besorgen, kann \u00fcber extreme Brutalit\u00e4t und Skrupellosigkeit der von ihr zu verantwortenden Politik nicht hinwegt\u00e4uschen. Baerbock hat Deutschland erneut auf die falsche Seite der Geschichte gestellt.<\/p>\n<p><strong>Mehr zum Thema<\/strong>\u00a0\u2013\u00a0<a rel=\"nofollow noopener\" target=\"_blank\" href=\"https:\/\/freedert.online\/kurzclips\/video\/190629-nach-aufforderung-bundesregierung-vier-russische\/\">Nach Aufforderung der Bundesregierung: Vier russische Generalkonsulate schlie\u00dfen<\/a><\/p>\n<\/div>\n<p><br \/>\n<br \/><a href=\"https:\/\/de.rt.com\/meinung\/190811-zeugnis-doppelten-standards-baerbock-im\/\">Source link <\/a><\/p>\n","protected":false},"excerpt":{"rendered":"<p>Die deutsche Au\u00dfenministerin Baerbock holt f\u00fcr ihre Familie sonntags die Br\u00f6tchen. Ansonsten verbreitet sie Desinformation und ist noch verantwortlich f\u00fcr eine menschenverachtende Au\u00dfenpolitik, die die Anwendung von Gewalt \u00fcber Diplomatie stellt. Ihre Skrupellosigkeit macht Baerbock so gef\u00e4hrlich. Bez\u00fcglich des Ukraine-Konflikts werden die Deutschen fl\u00e4chendeckend von den verantwortlichen Politikern und von den mitverantwortlichen Medien des Mainstreams [&hellip;]<\/p>\n","protected":false},"author":3,"featured_media":52116,"comment_status":"open","ping_status":"open","sticky":false,"template":"","format":"standard","meta":{"_yoast_indexnow_last_ping":["1703438598"],"wp_automatic_camp":["217"],"e6d29bf8619e14b387fa2c2789f879a5":["Zeugnis des doppelten Standards: Baerbock im Interview"],"original_link":["https:\/\/de.rt.com\/meinung\/190811-zeugnis-doppelten-standards-baerbock-im\/"],"_thumbnail_id":["52116"],"_wptgpro_p2tg_sent2tg":["a:1:{i:23737;s:19:\"2023-12-24 19:24:40\";}"],"jnews_social_counter_last_update":["1777446301"]},"categories":[19,23],"tags":[587,583,43334,122,848,40057],"yoast_head":"<!-- This site is optimized with the Yoast SEO Premium plugin v22.7 (Yoast SEO v22.7) - https:\/\/yoast.com\/wordpress\/plugins\/seo\/ -->\n<title>Zeugnis des doppelten Standards: Baerbock im Interview - just-now.NEWS Deutschland<\/title>\n<meta name=\"robots\" content=\"index, follow, max-snippet:-1, max-image-preview:large, max-video-preview:-1\" \/>\n<link rel=\"canonical\" href=\"https:\/\/now-news.de\/de\/deutschland\/zeugnis-des-doppelten-standards-baerbock-im-interview\/\" \/>\n<meta property=\"og:locale\" content=\"de_DE\" \/>\n<meta property=\"og:type\" content=\"article\" \/>\n<meta property=\"og:title\" content=\"Zeugnis des doppelten Standards: Baerbock im Interview\" \/>\n<meta property=\"og:description\" content=\"Die deutsche Au\u00dfenministerin Baerbock holt f\u00fcr ihre Familie sonntags die Br\u00f6tchen. Ansonsten verbreitet sie Desinformation und ist noch verantwortlich f\u00fcr eine menschenverachtende Au\u00dfenpolitik, die die Anwendung von Gewalt \u00fcber Diplomatie stellt. Ihre Skrupellosigkeit macht Baerbock so gef\u00e4hrlich. Bez\u00fcglich des Ukraine-Konflikts werden die Deutschen fl\u00e4chendeckend von den verantwortlichen Politikern und von den mitverantwortlichen Medien des Mainstreams [&hellip;]\" \/>\n<meta property=\"og:url\" content=\"https:\/\/now-news.de\/de\/deutschland\/zeugnis-des-doppelten-standards-baerbock-im-interview\/\" \/>\n<meta property=\"og:site_name\" content=\"just-now.NEWS Deutschland\" \/>\n<meta property=\"article:publisher\" content=\"https:\/\/www.facebook.com\/wirmachenauf\" \/>\n<meta property=\"article:published_time\" content=\"2023-12-24T17:20:51+00:00\" \/>\n<meta property=\"og:image\" content=\"https:\/\/now-news.de\/de\/wp-content\/uploads\/sites\/3\/2023\/12\/Zeugnis-des-doppelten-Standards-Baerbock-im-Interview.jpg\" \/>\n\t<meta property=\"og:image:width\" content=\"460\" \/>\n\t<meta property=\"og:image:height\" content=\"259\" \/>\n\t<meta property=\"og:image:type\" content=\"image\/jpeg\" \/>\n<meta name=\"author\" content=\"rtnews\" \/>\n<meta name=\"twitter:card\" content=\"summary_large_image\" \/>\n<meta name=\"twitter:creator\" content=\"@WirMachenAuf_de\" \/>\n<meta name=\"twitter:site\" content=\"@WirMachenAuf_de\" \/>\n<meta name=\"twitter:label1\" content=\"Verfasst von\" \/>\n\t<meta name=\"twitter:data1\" content=\"rtnews\" \/>\n\t<meta name=\"twitter:label2\" content=\"Gesch\u00e4tzte Lesezeit\" \/>\n\t<meta name=\"twitter:data2\" content=\"5\u00a0Minuten\" \/>\n<script type=\"application\/ld+json\" class=\"yoast-schema-graph\">{\"@context\":\"https:\/\/schema.org\",\"@graph\":[{\"@type\":\"Article\",\"@id\":\"https:\/\/now-news.de\/de\/deutschland\/zeugnis-des-doppelten-standards-baerbock-im-interview\/#article\",\"isPartOf\":{\"@id\":\"https:\/\/now-news.de\/de\/deutschland\/zeugnis-des-doppelten-standards-baerbock-im-interview\/\"},\"author\":{\"name\":\"rtnews\",\"@id\":\"https:\/\/now-news.de\/de\/#\/schema\/person\/fb534a4e865501d8b3285208df34a9b5\"},\"headline\":\"Zeugnis des doppelten Standards: Baerbock im Interview\",\"datePublished\":\"2023-12-24T17:20:51+00:00\",\"dateModified\":\"2023-12-24T17:20:51+00:00\",\"mainEntityOfPage\":{\"@id\":\"https:\/\/now-news.de\/de\/deutschland\/zeugnis-des-doppelten-standards-baerbock-im-interview\/\"},\"wordCount\":1056,\"commentCount\":0,\"publisher\":{\"@id\":\"https:\/\/now-news.de\/de\/#organization\"},\"image\":{\"@id\":\"https:\/\/now-news.de\/de\/deutschland\/zeugnis-des-doppelten-standards-baerbock-im-interview\/#primaryimage\"},\"thumbnailUrl\":\"https:\/\/now-news.de\/de\/wp-content\/uploads\/sites\/3\/2023\/12\/Zeugnis-des-doppelten-Standards-Baerbock-im-Interview.jpg\",\"keywords\":[\"Baerbock\",\"des\",\"doppelten\",\"interview\",\"Standards\",\"Zeugnis\"],\"articleSection\":[\"Deutschland\",\"Russland\"],\"inLanguage\":\"de\",\"potentialAction\":[{\"@type\":\"CommentAction\",\"name\":\"Comment\",\"target\":[\"https:\/\/now-news.de\/de\/deutschland\/zeugnis-des-doppelten-standards-baerbock-im-interview\/#respond\"]}]},{\"@type\":\"WebPage\",\"@id\":\"https:\/\/now-news.de\/de\/deutschland\/zeugnis-des-doppelten-standards-baerbock-im-interview\/\",\"url\":\"https:\/\/now-news.de\/de\/deutschland\/zeugnis-des-doppelten-standards-baerbock-im-interview\/\",\"name\":\"Zeugnis des doppelten Standards: Baerbock im Interview - just-now.NEWS Deutschland\",\"isPartOf\":{\"@id\":\"https:\/\/now-news.de\/de\/#website\"},\"primaryImageOfPage\":{\"@id\":\"https:\/\/now-news.de\/de\/deutschland\/zeugnis-des-doppelten-standards-baerbock-im-interview\/#primaryimage\"},\"image\":{\"@id\":\"https:\/\/now-news.de\/de\/deutschland\/zeugnis-des-doppelten-standards-baerbock-im-interview\/#primaryimage\"},\"thumbnailUrl\":\"https:\/\/now-news.de\/de\/wp-content\/uploads\/sites\/3\/2023\/12\/Zeugnis-des-doppelten-Standards-Baerbock-im-Interview.jpg\",\"datePublished\":\"2023-12-24T17:20:51+00:00\",\"dateModified\":\"2023-12-24T17:20:51+00:00\",\"breadcrumb\":{\"@id\":\"https:\/\/now-news.de\/de\/deutschland\/zeugnis-des-doppelten-standards-baerbock-im-interview\/#breadcrumb\"},\"inLanguage\":\"de\",\"potentialAction\":[{\"@type\":\"ReadAction\",\"target\":[\"https:\/\/now-news.de\/de\/deutschland\/zeugnis-des-doppelten-standards-baerbock-im-interview\/\"]}]},{\"@type\":\"ImageObject\",\"inLanguage\":\"de\",\"@id\":\"https:\/\/now-news.de\/de\/deutschland\/zeugnis-des-doppelten-standards-baerbock-im-interview\/#primaryimage\",\"url\":\"https:\/\/now-news.de\/de\/wp-content\/uploads\/sites\/3\/2023\/12\/Zeugnis-des-doppelten-Standards-Baerbock-im-Interview.jpg\",\"contentUrl\":\"https:\/\/now-news.de\/de\/wp-content\/uploads\/sites\/3\/2023\/12\/Zeugnis-des-doppelten-Standards-Baerbock-im-Interview.jpg\",\"width\":460,\"height\":259,\"caption\":\"Zeugnis des doppelten Standards: Baerbock im Interview\"},{\"@type\":\"BreadcrumbList\",\"@id\":\"https:\/\/now-news.de\/de\/deutschland\/zeugnis-des-doppelten-standards-baerbock-im-interview\/#breadcrumb\",\"itemListElement\":[{\"@type\":\"ListItem\",\"position\":1,\"name\":\"Home\",\"item\":\"https:\/\/now-news.de\/de\/\"},{\"@type\":\"ListItem\",\"position\":2,\"name\":\"Zeugnis des doppelten Standards: Baerbock im Interview\"}]},{\"@type\":\"WebSite\",\"@id\":\"https:\/\/now-news.de\/de\/#website\",\"url\":\"https:\/\/now-news.de\/de\/\",\"name\":\"just-now.NEWS Deutschland\",\"description\":\"Das Portal f\u00fcr unzensierte Nachrichten aus der Welt\",\"publisher\":{\"@id\":\"https:\/\/now-news.de\/de\/#organization\"},\"potentialAction\":[{\"@type\":\"SearchAction\",\"target\":{\"@type\":\"EntryPoint\",\"urlTemplate\":\"https:\/\/now-news.de\/de\/?s={search_term_string}\"},\"query-input\":\"required name=search_term_string\"}],\"inLanguage\":\"de\"},{\"@type\":\"Organization\",\"@id\":\"https:\/\/now-news.de\/de\/#organization\",\"name\":\"Just Now News\",\"url\":\"https:\/\/now-news.de\/de\/\",\"logo\":{\"@type\":\"ImageObject\",\"inLanguage\":\"de\",\"@id\":\"https:\/\/now-news.de\/de\/#\/schema\/logo\/image\/\",\"url\":\"http:\/\/just-now.news\/de\/wp-content\/uploads\/sites\/3\/2022\/04\/logo500x500.jpg\",\"contentUrl\":\"http:\/\/just-now.news\/de\/wp-content\/uploads\/sites\/3\/2022\/04\/logo500x500.jpg\",\"width\":500,\"height\":500,\"caption\":\"Just Now News\"},\"image\":{\"@id\":\"https:\/\/now-news.de\/de\/#\/schema\/logo\/image\/\"},\"sameAs\":[\"https:\/\/www.facebook.com\/wirmachenauf\",\"https:\/\/x.com\/WirMachenAuf_de\"]},{\"@type\":\"Person\",\"@id\":\"https:\/\/now-news.de\/de\/#\/schema\/person\/fb534a4e865501d8b3285208df34a9b5\",\"name\":\"rtnews\",\"image\":{\"@type\":\"ImageObject\",\"inLanguage\":\"de\",\"@id\":\"https:\/\/now-news.de\/de\/#\/schema\/person\/image\/\",\"url\":\"https:\/\/secure.gravatar.com\/avatar\/82aafea7d8127119dd649515f56e2117?s=96&d=mm&r=g\",\"contentUrl\":\"https:\/\/secure.gravatar.com\/avatar\/82aafea7d8127119dd649515f56e2117?s=96&d=mm&r=g\",\"caption\":\"rtnews\"},\"url\":\"https:\/\/now-news.de\/de\/author\/rnews\/\"}]}<\/script>\n<!-- \/ Yoast SEO Premium plugin. -->","yoast_head_json":{"title":"Zeugnis des doppelten Standards: Baerbock im Interview - just-now.NEWS Deutschland","robots":{"index":"index","follow":"follow","max-snippet":"max-snippet:-1","max-image-preview":"max-image-preview:large","max-video-preview":"max-video-preview:-1"},"canonical":"https:\/\/now-news.de\/de\/deutschland\/zeugnis-des-doppelten-standards-baerbock-im-interview\/","og_locale":"de_DE","og_type":"article","og_title":"Zeugnis des doppelten Standards: Baerbock im Interview","og_description":"Die deutsche Au\u00dfenministerin Baerbock holt f\u00fcr ihre Familie sonntags die Br\u00f6tchen. Ansonsten verbreitet sie Desinformation und ist noch verantwortlich f\u00fcr eine menschenverachtende Au\u00dfenpolitik, die die Anwendung von Gewalt \u00fcber Diplomatie stellt. Ihre Skrupellosigkeit macht Baerbock so gef\u00e4hrlich. Bez\u00fcglich des Ukraine-Konflikts werden die Deutschen fl\u00e4chendeckend von den verantwortlichen Politikern und von den mitverantwortlichen Medien des Mainstreams [&hellip;]","og_url":"https:\/\/now-news.de\/de\/deutschland\/zeugnis-des-doppelten-standards-baerbock-im-interview\/","og_site_name":"just-now.NEWS Deutschland","article_publisher":"https:\/\/www.facebook.com\/wirmachenauf","article_published_time":"2023-12-24T17:20:51+00:00","og_image":[{"width":460,"height":259,"url":"https:\/\/now-news.de\/de\/wp-content\/uploads\/sites\/3\/2023\/12\/Zeugnis-des-doppelten-Standards-Baerbock-im-Interview.jpg","type":"image\/jpeg"}],"author":"rtnews","twitter_card":"summary_large_image","twitter_creator":"@WirMachenAuf_de","twitter_site":"@WirMachenAuf_de","twitter_misc":{"Verfasst von":"rtnews","Gesch\u00e4tzte Lesezeit":"5\u00a0Minuten"},"schema":{"@context":"https:\/\/schema.org","@graph":[{"@type":"Article","@id":"https:\/\/now-news.de\/de\/deutschland\/zeugnis-des-doppelten-standards-baerbock-im-interview\/#article","isPartOf":{"@id":"https:\/\/now-news.de\/de\/deutschland\/zeugnis-des-doppelten-standards-baerbock-im-interview\/"},"author":{"name":"rtnews","@id":"https:\/\/now-news.de\/de\/#\/schema\/person\/fb534a4e865501d8b3285208df34a9b5"},"headline":"Zeugnis des doppelten Standards: Baerbock im Interview","datePublished":"2023-12-24T17:20:51+00:00","dateModified":"2023-12-24T17:20:51+00:00","mainEntityOfPage":{"@id":"https:\/\/now-news.de\/de\/deutschland\/zeugnis-des-doppelten-standards-baerbock-im-interview\/"},"wordCount":1056,"commentCount":0,"publisher":{"@id":"https:\/\/now-news.de\/de\/#organization"},"image":{"@id":"https:\/\/now-news.de\/de\/deutschland\/zeugnis-des-doppelten-standards-baerbock-im-interview\/#primaryimage"},"thumbnailUrl":"https:\/\/now-news.de\/de\/wp-content\/uploads\/sites\/3\/2023\/12\/Zeugnis-des-doppelten-Standards-Baerbock-im-Interview.jpg","keywords":["Baerbock","des","doppelten","interview","Standards","Zeugnis"],"articleSection":["Deutschland","Russland"],"inLanguage":"de","potentialAction":[{"@type":"CommentAction","name":"Comment","target":["https:\/\/now-news.de\/de\/deutschland\/zeugnis-des-doppelten-standards-baerbock-im-interview\/#respond"]}]},{"@type":"WebPage","@id":"https:\/\/now-news.de\/de\/deutschland\/zeugnis-des-doppelten-standards-baerbock-im-interview\/","url":"https:\/\/now-news.de\/de\/deutschland\/zeugnis-des-doppelten-standards-baerbock-im-interview\/","name":"Zeugnis des doppelten Standards: Baerbock im Interview - just-now.NEWS Deutschland","isPartOf":{"@id":"https:\/\/now-news.de\/de\/#website"},"primaryImageOfPage":{"@id":"https:\/\/now-news.de\/de\/deutschland\/zeugnis-des-doppelten-standards-baerbock-im-interview\/#primaryimage"},"image":{"@id":"https:\/\/now-news.de\/de\/deutschland\/zeugnis-des-doppelten-standards-baerbock-im-interview\/#primaryimage"},"thumbnailUrl":"https:\/\/now-news.de\/de\/wp-content\/uploads\/sites\/3\/2023\/12\/Zeugnis-des-doppelten-Standards-Baerbock-im-Interview.jpg","datePublished":"2023-12-24T17:20:51+00:00","dateModified":"2023-12-24T17:20:51+00:00","breadcrumb":{"@id":"https:\/\/now-news.de\/de\/deutschland\/zeugnis-des-doppelten-standards-baerbock-im-interview\/#breadcrumb"},"inLanguage":"de","potentialAction":[{"@type":"ReadAction","target":["https:\/\/now-news.de\/de\/deutschland\/zeugnis-des-doppelten-standards-baerbock-im-interview\/"]}]},{"@type":"ImageObject","inLanguage":"de","@id":"https:\/\/now-news.de\/de\/deutschland\/zeugnis-des-doppelten-standards-baerbock-im-interview\/#primaryimage","url":"https:\/\/now-news.de\/de\/wp-content\/uploads\/sites\/3\/2023\/12\/Zeugnis-des-doppelten-Standards-Baerbock-im-Interview.jpg","contentUrl":"https:\/\/now-news.de\/de\/wp-content\/uploads\/sites\/3\/2023\/12\/Zeugnis-des-doppelten-Standards-Baerbock-im-Interview.jpg","width":460,"height":259,"caption":"Zeugnis des doppelten Standards: Baerbock im Interview"},{"@type":"BreadcrumbList","@id":"https:\/\/now-news.de\/de\/deutschland\/zeugnis-des-doppelten-standards-baerbock-im-interview\/#breadcrumb","itemListElement":[{"@type":"ListItem","position":1,"name":"Home","item":"https:\/\/now-news.de\/de\/"},{"@type":"ListItem","position":2,"name":"Zeugnis des doppelten Standards: Baerbock im Interview"}]},{"@type":"WebSite","@id":"https:\/\/now-news.de\/de\/#website","url":"https:\/\/now-news.de\/de\/","name":"just-now.NEWS Deutschland","description":"Das Portal f\u00fcr unzensierte Nachrichten aus der Welt","publisher":{"@id":"https:\/\/now-news.de\/de\/#organization"},"potentialAction":[{"@type":"SearchAction","target":{"@type":"EntryPoint","urlTemplate":"https:\/\/now-news.de\/de\/?s={search_term_string}"},"query-input":"required name=search_term_string"}],"inLanguage":"de"},{"@type":"Organization","@id":"https:\/\/now-news.de\/de\/#organization","name":"Just Now News","url":"https:\/\/now-news.de\/de\/","logo":{"@type":"ImageObject","inLanguage":"de","@id":"https:\/\/now-news.de\/de\/#\/schema\/logo\/image\/","url":"http:\/\/just-now.news\/de\/wp-content\/uploads\/sites\/3\/2022\/04\/logo500x500.jpg","contentUrl":"http:\/\/just-now.news\/de\/wp-content\/uploads\/sites\/3\/2022\/04\/logo500x500.jpg","width":500,"height":500,"caption":"Just Now News"},"image":{"@id":"https:\/\/now-news.de\/de\/#\/schema\/logo\/image\/"},"sameAs":["https:\/\/www.facebook.com\/wirmachenauf","https:\/\/x.com\/WirMachenAuf_de"]},{"@type":"Person","@id":"https:\/\/now-news.de\/de\/#\/schema\/person\/fb534a4e865501d8b3285208df34a9b5","name":"rtnews","image":{"@type":"ImageObject","inLanguage":"de","@id":"https:\/\/now-news.de\/de\/#\/schema\/person\/image\/","url":"https:\/\/secure.gravatar.com\/avatar\/82aafea7d8127119dd649515f56e2117?s=96&d=mm&r=g","contentUrl":"https:\/\/secure.gravatar.com\/avatar\/82aafea7d8127119dd649515f56e2117?s=96&d=mm&r=g","caption":"rtnews"},"url":"https:\/\/now-news.de\/de\/author\/rnews\/"}]}},"_links":{"self":[{"href":"https:\/\/now-news.de\/de\/wp-json\/wp\/v2\/posts\/52115"}],"collection":[{"href":"https:\/\/now-news.de\/de\/wp-json\/wp\/v2\/posts"}],"about":[{"href":"https:\/\/now-news.de\/de\/wp-json\/wp\/v2\/types\/post"}],"author":[{"embeddable":true,"href":"https:\/\/now-news.de\/de\/wp-json\/wp\/v2\/users\/3"}],"replies":[{"embeddable":true,"href":"https:\/\/now-news.de\/de\/wp-json\/wp\/v2\/comments?post=52115"}],"version-history":[{"count":0,"href":"https:\/\/now-news.de\/de\/wp-json\/wp\/v2\/posts\/52115\/revisions"}],"wp:featuredmedia":[{"embeddable":true,"href":"https:\/\/now-news.de\/de\/wp-json\/wp\/v2\/media\/52116"}],"wp:attachment":[{"href":"https:\/\/now-news.de\/de\/wp-json\/wp\/v2\/media?parent=52115"}],"wp:term":[{"taxonomy":"category","embeddable":true,"href":"https:\/\/now-news.de\/de\/wp-json\/wp\/v2\/categories?post=52115"},{"taxonomy":"post_tag","embeddable":true,"href":"https:\/\/now-news.de\/de\/wp-json\/wp\/v2\/tags?post=52115"}],"curies":[{"name":"wp","href":"https:\/\/api.w.org\/{rel}","templated":true}]}}