{"id":52081,"date":"2023-12-23T17:52:01","date_gmt":"2023-12-23T15:52:01","guid":{"rendered":"https:\/\/just-now.news\/de\/deutschland\/ukrainischer-fernsehmoderator-kehrt-nach-eu-gipfel-nicht-ins-land-zurueck\/"},"modified":"2023-12-23T17:52:01","modified_gmt":"2023-12-23T15:52:01","slug":"ukrainischer-fernsehmoderator-kehrt-nach-eu-gipfel-nicht-ins-land-zurueck","status":"publish","type":"post","link":"https:\/\/now-news.de\/de\/deutschland\/ukrainischer-fernsehmoderator-kehrt-nach-eu-gipfel-nicht-ins-land-zurueck\/","title":{"rendered":"Ukrainischer Fernsehmoderator kehrt nach EU-Gipfel nicht ins Land zur\u00fcck"},"content":{"rendered":"<p><img decoding=\"async\" src=\"http:\/\/just-now.news\/de\/wp-content\/uploads\/sites\/3\/2023\/12\/6586da6548fbef38e1559e28.jpg\" \/><\/p>\n<div class=\"Text-root Text-type_1 \">\n                Alexei Petschij, der Moderator des ukrainischen Fernsehsenders Kanal 24, hat j\u00fcngst in Br\u00fcssel \u00fcber den EU-Gipfel berichtet. Nach der Beendigung seines Auftrags reiste er jedoch nicht in die Ukraine zur\u00fcck. Roman Andrejko, CEO der Holding, zu der auch der Sender geh\u00f6rt, sprach von einer &#8220;Flucht&#8221;.\n            <\/div>\n<p><\/p>\n<div class=\"Text-root Text-type_5 ArticleView-text ViewText-root \">\n<p>Am 14. und 15. Dezember fand in Br\u00fcssel ein Gipfeltreffen der EU-Mitgliedsstaaten statt. Der Moderator des ukrainischen Fernsehsenders<em> Kanal 24<\/em>, Alexei Petschij, bekam f\u00fcr die Veranstaltung eine Akkreditierung zugesagt. Nach seiner Dienstreise kehrte er jedoch nicht ins Land zur\u00fcck. Laut einer auf der Webseite des Senders ver\u00f6ffentlichten Mitteilung <a rel=\"nofollow noopener\" target=\"_blank\" href=\"https:\/\/24tv.ua\/ru\/aleksej-pechij-skrylsja-za-granicu-posle-sammita-es-pozicija-mediaholdinga-ljuks-24-kanal_n2458228\">best\u00e4tigte<\/a> Roman Andrejko, CEO der Lux Media Holding, der Eigent\u00fcmerin des Kanals, dass der Journalist beschlossen habe, nicht nach Kiew zur\u00fcckzukehren. Andrejko betonte, dass Petschij aus dem Land &#8220;geflohen&#8221; sei, wobei er sich &#8220;aller Konsequenzen seiner Flucht bewusst ist&#8221;. &#8220;Zu sagen, dass ich schockiert bin, w\u00e4re eine Untertreibung&#8221;, sagt Andrejko. Mit diesem Schritt habe Petschij buchst\u00e4blich alle Br\u00fccken abgebrochen.<\/p>\n<p>Petschij selbst ver\u00f6ffentlichte am Freitag ein Video, in dem er seine &#8220;schwierige Entscheidung&#8221; best\u00e4tigt, nicht in die Ukraine zur\u00fcckkehren, sondern in der EU bleiben zu wollen. Als ukrainischer Journalist wolle er mit westlichen Medienprojekten zusammenarbeiten, um die ukrainische Agenda in der westlichen Gesellschaft zu f\u00f6rdern, sagt er in dem Video. &#8220;Trotz Verurteilung, Druck und Verfolgung werde ich nicht aufh\u00f6ren, das zu tun, was ich wei\u00df und was unseren Sieg noch ein wenig n\u00e4her bringen kann&#8221;, erkl\u00e4rt der inzwischen entlassene Moderator weiter. Seine Kollegen vom <em>Kanal 24<\/em> werfen ihm unterdessen vor, erst eine Woche nach seiner Weigerung, in die Ukraine zur\u00fcckzukehren, einen Text verfasst zu haben, in dem er versucht, &#8220;seine verr\u00e4terische Position zu rechtfertigen&#8221;. Dabei sprechen sie von einer &#8220;besch\u00e4menden Tat, mit der er das Vertrauen des <em>Kanals 24<\/em> und jedes Ukrainers ausgenutzt hat, der die Arbeit des Journalisten verfolgte&#8221;.<\/p>\n<p>Im August meldeten ukrainische Medien unter Verweis auf diplomatische Quellen, dass sich seit 2022 rund 40 bis 60 Prozent der Mitarbeiter ukrainischer Vertretungen im Ausland geweigert h\u00e4tten, nach Abschluss ihrer Dienstreisen in die Ukraine zur\u00fcckzukehren. Demnach sollten im Jahr 2022 etwa 20 Botschafts- und Konsulatsmitarbeiter aus den USA zur\u00fcckkehren, doch nur einer sei in die Ukraine zur\u00fcckgekommen. Es gebe auch diplomatische Vertretungen, von denen niemand zur\u00fcckgekehrt sei. Ihre Entscheidung f\u00fchrten die Diplomaten unter anderem auf m\u00f6gliche Probleme mit der Besch\u00e4ftigung in der Ukraine zur\u00fcck, berichteten Medien. Ein weiterer Grund sei die Angst vor der Einberufung, hie\u00df es.<\/p>\n<p><strong>Mehr zum Thema<\/strong> &#8211;\u00a0<a rel=\"nofollow noopener\" target=\"_blank\" href=\"https:\/\/freedert.online\/international\/190680-selbst-mit-allen-waffen-welt\/\">Selbst mit &#8220;allen Waffen der Welt&#8221;: Slowakischer Ministerpr\u00e4sident erwartet Niederlage der Ukraine<\/a><\/p>\n<\/div>\n<p><br \/>\n<br \/><a href=\"https:\/\/de.rt.com\/europa\/190726-ukrainischer-fernsehmoderator-kehrt-nach-eu\/\">Source link <\/a><\/p>\n","protected":false},"excerpt":{"rendered":"<p>Alexei Petschij, der Moderator des ukrainischen Fernsehsenders Kanal 24, hat j\u00fcngst in Br\u00fcssel \u00fcber den EU-Gipfel berichtet. Nach der Beendigung seines Auftrags reiste er jedoch nicht in die Ukraine zur\u00fcck. Roman Andrejko, CEO der Holding, zu der auch der Sender geh\u00f6rt, sprach von einer &#8220;Flucht&#8221;. Am 14. und 15. Dezember fand in Br\u00fcssel ein Gipfeltreffen [&hellip;]<\/p>\n","protected":false},"author":3,"featured_media":52082,"comment_status":"open","ping_status":"open","sticky":false,"template":"","format":"standard","meta":{"_yoast_indexnow_last_ping":["1703346856"],"wp_automatic_camp":["217"],"4e07cdd6031509c1253a40fe7fe71489":["Ukrainischer Fernsehmoderator kehrt nach EU-Gipfel nicht ins Land zur\u00fcck"],"original_link":["https:\/\/de.rt.com\/europa\/190726-ukrainischer-fernsehmoderator-kehrt-nach-eu\/"],"_thumbnail_id":["52082"],"_wptgpro_p2tg_sent2tg":["a:1:{i:23737;s:19:\"2023-12-23 17:56:37\";}"],"jnews_social_counter_last_update":["1777294965"]},"categories":[19,23],"tags":[40642,51874,1678,18886,7414,979,800,488,3337],"yoast_head":"<!-- This site is optimized with the Yoast SEO Premium plugin v22.7 (Yoast SEO v22.7) - https:\/\/yoast.com\/wordpress\/plugins\/seo\/ -->\n<title>Ukrainischer Fernsehmoderator kehrt nach EU-Gipfel nicht ins Land zur\u00fcck - just-now.NEWS Deutschland<\/title>\n<meta name=\"robots\" content=\"index, follow, max-snippet:-1, max-image-preview:large, max-video-preview:-1\" \/>\n<link rel=\"canonical\" href=\"https:\/\/now-news.de\/de\/deutschland\/ukrainischer-fernsehmoderator-kehrt-nach-eu-gipfel-nicht-ins-land-zurueck\/\" \/>\n<meta property=\"og:locale\" content=\"de_DE\" \/>\n<meta property=\"og:type\" content=\"article\" \/>\n<meta property=\"og:title\" content=\"Ukrainischer Fernsehmoderator kehrt nach EU-Gipfel nicht ins Land zur\u00fcck\" \/>\n<meta property=\"og:description\" content=\"Alexei Petschij, der Moderator des ukrainischen Fernsehsenders Kanal 24, hat j\u00fcngst in Br\u00fcssel \u00fcber den EU-Gipfel berichtet. Nach der Beendigung seines Auftrags reiste er jedoch nicht in die Ukraine zur\u00fcck. Roman Andrejko, CEO der Holding, zu der auch der Sender geh\u00f6rt, sprach von einer &#8220;Flucht&#8221;. Am 14. und 15. Dezember fand in Br\u00fcssel ein Gipfeltreffen [&hellip;]\" \/>\n<meta property=\"og:url\" content=\"https:\/\/now-news.de\/de\/deutschland\/ukrainischer-fernsehmoderator-kehrt-nach-eu-gipfel-nicht-ins-land-zurueck\/\" \/>\n<meta property=\"og:site_name\" content=\"just-now.NEWS Deutschland\" \/>\n<meta property=\"article:publisher\" content=\"https:\/\/www.facebook.com\/wirmachenauf\" \/>\n<meta property=\"article:published_time\" content=\"2023-12-23T15:52:01+00:00\" \/>\n<meta property=\"og:image\" content=\"https:\/\/now-news.de\/de\/wp-content\/uploads\/sites\/3\/2023\/12\/Ukrainischer-Fernsehmoderator-kehrt-nach-EU-Gipfel-nicht-ins-Land-zurueck.jpg\" \/>\n\t<meta property=\"og:image:width\" content=\"460\" \/>\n\t<meta property=\"og:image:height\" content=\"259\" \/>\n\t<meta property=\"og:image:type\" content=\"image\/jpeg\" \/>\n<meta name=\"author\" content=\"rtnews\" \/>\n<meta name=\"twitter:card\" content=\"summary_large_image\" \/>\n<meta name=\"twitter:creator\" content=\"@WirMachenAuf_de\" \/>\n<meta name=\"twitter:site\" content=\"@WirMachenAuf_de\" \/>\n<meta name=\"twitter:label1\" content=\"Verfasst von\" \/>\n\t<meta name=\"twitter:data1\" content=\"rtnews\" \/>\n\t<meta name=\"twitter:label2\" content=\"Gesch\u00e4tzte Lesezeit\" \/>\n\t<meta name=\"twitter:data2\" content=\"2\u00a0Minuten\" \/>\n<script type=\"application\/ld+json\" class=\"yoast-schema-graph\">{\"@context\":\"https:\/\/schema.org\",\"@graph\":[{\"@type\":\"Article\",\"@id\":\"https:\/\/now-news.de\/de\/deutschland\/ukrainischer-fernsehmoderator-kehrt-nach-eu-gipfel-nicht-ins-land-zurueck\/#article\",\"isPartOf\":{\"@id\":\"https:\/\/now-news.de\/de\/deutschland\/ukrainischer-fernsehmoderator-kehrt-nach-eu-gipfel-nicht-ins-land-zurueck\/\"},\"author\":{\"name\":\"rtnews\",\"@id\":\"https:\/\/now-news.de\/de\/#\/schema\/person\/fb534a4e865501d8b3285208df34a9b5\"},\"headline\":\"Ukrainischer Fernsehmoderator kehrt nach EU-Gipfel nicht ins Land zur\u00fcck\",\"datePublished\":\"2023-12-23T15:52:01+00:00\",\"dateModified\":\"2023-12-23T15:52:01+00:00\",\"mainEntityOfPage\":{\"@id\":\"https:\/\/now-news.de\/de\/deutschland\/ukrainischer-fernsehmoderator-kehrt-nach-eu-gipfel-nicht-ins-land-zurueck\/\"},\"wordCount\":441,\"commentCount\":0,\"publisher\":{\"@id\":\"https:\/\/now-news.de\/de\/#organization\"},\"image\":{\"@id\":\"https:\/\/now-news.de\/de\/deutschland\/ukrainischer-fernsehmoderator-kehrt-nach-eu-gipfel-nicht-ins-land-zurueck\/#primaryimage\"},\"thumbnailUrl\":\"https:\/\/now-news.de\/de\/wp-content\/uploads\/sites\/3\/2023\/12\/Ukrainischer-Fernsehmoderator-kehrt-nach-EU-Gipfel-nicht-ins-Land-zurueck.jpg\",\"keywords\":[\"EUGipfel\",\"Fernsehmoderator\",\"ins\",\"kehrt\",\"Land\",\"nach\",\"nicht\",\"Ukrainischer\",\"zur\u00fcck\"],\"articleSection\":[\"Deutschland\",\"Russland\"],\"inLanguage\":\"de\",\"potentialAction\":[{\"@type\":\"CommentAction\",\"name\":\"Comment\",\"target\":[\"https:\/\/now-news.de\/de\/deutschland\/ukrainischer-fernsehmoderator-kehrt-nach-eu-gipfel-nicht-ins-land-zurueck\/#respond\"]}]},{\"@type\":\"WebPage\",\"@id\":\"https:\/\/now-news.de\/de\/deutschland\/ukrainischer-fernsehmoderator-kehrt-nach-eu-gipfel-nicht-ins-land-zurueck\/\",\"url\":\"https:\/\/now-news.de\/de\/deutschland\/ukrainischer-fernsehmoderator-kehrt-nach-eu-gipfel-nicht-ins-land-zurueck\/\",\"name\":\"Ukrainischer Fernsehmoderator kehrt nach EU-Gipfel nicht ins Land zur\u00fcck - just-now.NEWS Deutschland\",\"isPartOf\":{\"@id\":\"https:\/\/now-news.de\/de\/#website\"},\"primaryImageOfPage\":{\"@id\":\"https:\/\/now-news.de\/de\/deutschland\/ukrainischer-fernsehmoderator-kehrt-nach-eu-gipfel-nicht-ins-land-zurueck\/#primaryimage\"},\"image\":{\"@id\":\"https:\/\/now-news.de\/de\/deutschland\/ukrainischer-fernsehmoderator-kehrt-nach-eu-gipfel-nicht-ins-land-zurueck\/#primaryimage\"},\"thumbnailUrl\":\"https:\/\/now-news.de\/de\/wp-content\/uploads\/sites\/3\/2023\/12\/Ukrainischer-Fernsehmoderator-kehrt-nach-EU-Gipfel-nicht-ins-Land-zurueck.jpg\",\"datePublished\":\"2023-12-23T15:52:01+00:00\",\"dateModified\":\"2023-12-23T15:52:01+00:00\",\"breadcrumb\":{\"@id\":\"https:\/\/now-news.de\/de\/deutschland\/ukrainischer-fernsehmoderator-kehrt-nach-eu-gipfel-nicht-ins-land-zurueck\/#breadcrumb\"},\"inLanguage\":\"de\",\"potentialAction\":[{\"@type\":\"ReadAction\",\"target\":[\"https:\/\/now-news.de\/de\/deutschland\/ukrainischer-fernsehmoderator-kehrt-nach-eu-gipfel-nicht-ins-land-zurueck\/\"]}]},{\"@type\":\"ImageObject\",\"inLanguage\":\"de\",\"@id\":\"https:\/\/now-news.de\/de\/deutschland\/ukrainischer-fernsehmoderator-kehrt-nach-eu-gipfel-nicht-ins-land-zurueck\/#primaryimage\",\"url\":\"https:\/\/now-news.de\/de\/wp-content\/uploads\/sites\/3\/2023\/12\/Ukrainischer-Fernsehmoderator-kehrt-nach-EU-Gipfel-nicht-ins-Land-zurueck.jpg\",\"contentUrl\":\"https:\/\/now-news.de\/de\/wp-content\/uploads\/sites\/3\/2023\/12\/Ukrainischer-Fernsehmoderator-kehrt-nach-EU-Gipfel-nicht-ins-Land-zurueck.jpg\",\"width\":460,\"height\":259,\"caption\":\"Ukrainischer Fernsehmoderator kehrt nach EU-Gipfel nicht ins Land zur\u00fcck\"},{\"@type\":\"BreadcrumbList\",\"@id\":\"https:\/\/now-news.de\/de\/deutschland\/ukrainischer-fernsehmoderator-kehrt-nach-eu-gipfel-nicht-ins-land-zurueck\/#breadcrumb\",\"itemListElement\":[{\"@type\":\"ListItem\",\"position\":1,\"name\":\"Home\",\"item\":\"https:\/\/now-news.de\/de\/\"},{\"@type\":\"ListItem\",\"position\":2,\"name\":\"Ukrainischer Fernsehmoderator kehrt nach EU-Gipfel nicht ins Land zur\u00fcck\"}]},{\"@type\":\"WebSite\",\"@id\":\"https:\/\/now-news.de\/de\/#website\",\"url\":\"https:\/\/now-news.de\/de\/\",\"name\":\"just-now.NEWS Deutschland\",\"description\":\"Das Portal f\u00fcr unzensierte Nachrichten aus der Welt\",\"publisher\":{\"@id\":\"https:\/\/now-news.de\/de\/#organization\"},\"potentialAction\":[{\"@type\":\"SearchAction\",\"target\":{\"@type\":\"EntryPoint\",\"urlTemplate\":\"https:\/\/now-news.de\/de\/?s={search_term_string}\"},\"query-input\":\"required name=search_term_string\"}],\"inLanguage\":\"de\"},{\"@type\":\"Organization\",\"@id\":\"https:\/\/now-news.de\/de\/#organization\",\"name\":\"Just Now News\",\"url\":\"https:\/\/now-news.de\/de\/\",\"logo\":{\"@type\":\"ImageObject\",\"inLanguage\":\"de\",\"@id\":\"https:\/\/now-news.de\/de\/#\/schema\/logo\/image\/\",\"url\":\"http:\/\/just-now.news\/de\/wp-content\/uploads\/sites\/3\/2022\/04\/logo500x500.jpg\",\"contentUrl\":\"http:\/\/just-now.news\/de\/wp-content\/uploads\/sites\/3\/2022\/04\/logo500x500.jpg\",\"width\":500,\"height\":500,\"caption\":\"Just Now News\"},\"image\":{\"@id\":\"https:\/\/now-news.de\/de\/#\/schema\/logo\/image\/\"},\"sameAs\":[\"https:\/\/www.facebook.com\/wirmachenauf\",\"https:\/\/x.com\/WirMachenAuf_de\"]},{\"@type\":\"Person\",\"@id\":\"https:\/\/now-news.de\/de\/#\/schema\/person\/fb534a4e865501d8b3285208df34a9b5\",\"name\":\"rtnews\",\"image\":{\"@type\":\"ImageObject\",\"inLanguage\":\"de\",\"@id\":\"https:\/\/now-news.de\/de\/#\/schema\/person\/image\/\",\"url\":\"https:\/\/secure.gravatar.com\/avatar\/82aafea7d8127119dd649515f56e2117?s=96&d=mm&r=g\",\"contentUrl\":\"https:\/\/secure.gravatar.com\/avatar\/82aafea7d8127119dd649515f56e2117?s=96&d=mm&r=g\",\"caption\":\"rtnews\"},\"url\":\"https:\/\/now-news.de\/de\/author\/rnews\/\"}]}<\/script>\n<!-- \/ Yoast SEO Premium plugin. -->","yoast_head_json":{"title":"Ukrainischer Fernsehmoderator kehrt nach EU-Gipfel nicht ins Land zur\u00fcck - just-now.NEWS Deutschland","robots":{"index":"index","follow":"follow","max-snippet":"max-snippet:-1","max-image-preview":"max-image-preview:large","max-video-preview":"max-video-preview:-1"},"canonical":"https:\/\/now-news.de\/de\/deutschland\/ukrainischer-fernsehmoderator-kehrt-nach-eu-gipfel-nicht-ins-land-zurueck\/","og_locale":"de_DE","og_type":"article","og_title":"Ukrainischer Fernsehmoderator kehrt nach EU-Gipfel nicht ins Land zur\u00fcck","og_description":"Alexei Petschij, der Moderator des ukrainischen Fernsehsenders Kanal 24, hat j\u00fcngst in Br\u00fcssel \u00fcber den EU-Gipfel berichtet. Nach der Beendigung seines Auftrags reiste er jedoch nicht in die Ukraine zur\u00fcck. Roman Andrejko, CEO der Holding, zu der auch der Sender geh\u00f6rt, sprach von einer &#8220;Flucht&#8221;. Am 14. und 15. Dezember fand in Br\u00fcssel ein Gipfeltreffen [&hellip;]","og_url":"https:\/\/now-news.de\/de\/deutschland\/ukrainischer-fernsehmoderator-kehrt-nach-eu-gipfel-nicht-ins-land-zurueck\/","og_site_name":"just-now.NEWS Deutschland","article_publisher":"https:\/\/www.facebook.com\/wirmachenauf","article_published_time":"2023-12-23T15:52:01+00:00","og_image":[{"width":460,"height":259,"url":"https:\/\/now-news.de\/de\/wp-content\/uploads\/sites\/3\/2023\/12\/Ukrainischer-Fernsehmoderator-kehrt-nach-EU-Gipfel-nicht-ins-Land-zurueck.jpg","type":"image\/jpeg"}],"author":"rtnews","twitter_card":"summary_large_image","twitter_creator":"@WirMachenAuf_de","twitter_site":"@WirMachenAuf_de","twitter_misc":{"Verfasst von":"rtnews","Gesch\u00e4tzte Lesezeit":"2\u00a0Minuten"},"schema":{"@context":"https:\/\/schema.org","@graph":[{"@type":"Article","@id":"https:\/\/now-news.de\/de\/deutschland\/ukrainischer-fernsehmoderator-kehrt-nach-eu-gipfel-nicht-ins-land-zurueck\/#article","isPartOf":{"@id":"https:\/\/now-news.de\/de\/deutschland\/ukrainischer-fernsehmoderator-kehrt-nach-eu-gipfel-nicht-ins-land-zurueck\/"},"author":{"name":"rtnews","@id":"https:\/\/now-news.de\/de\/#\/schema\/person\/fb534a4e865501d8b3285208df34a9b5"},"headline":"Ukrainischer Fernsehmoderator kehrt nach EU-Gipfel nicht ins Land zur\u00fcck","datePublished":"2023-12-23T15:52:01+00:00","dateModified":"2023-12-23T15:52:01+00:00","mainEntityOfPage":{"@id":"https:\/\/now-news.de\/de\/deutschland\/ukrainischer-fernsehmoderator-kehrt-nach-eu-gipfel-nicht-ins-land-zurueck\/"},"wordCount":441,"commentCount":0,"publisher":{"@id":"https:\/\/now-news.de\/de\/#organization"},"image":{"@id":"https:\/\/now-news.de\/de\/deutschland\/ukrainischer-fernsehmoderator-kehrt-nach-eu-gipfel-nicht-ins-land-zurueck\/#primaryimage"},"thumbnailUrl":"https:\/\/now-news.de\/de\/wp-content\/uploads\/sites\/3\/2023\/12\/Ukrainischer-Fernsehmoderator-kehrt-nach-EU-Gipfel-nicht-ins-Land-zurueck.jpg","keywords":["EUGipfel","Fernsehmoderator","ins","kehrt","Land","nach","nicht","Ukrainischer","zur\u00fcck"],"articleSection":["Deutschland","Russland"],"inLanguage":"de","potentialAction":[{"@type":"CommentAction","name":"Comment","target":["https:\/\/now-news.de\/de\/deutschland\/ukrainischer-fernsehmoderator-kehrt-nach-eu-gipfel-nicht-ins-land-zurueck\/#respond"]}]},{"@type":"WebPage","@id":"https:\/\/now-news.de\/de\/deutschland\/ukrainischer-fernsehmoderator-kehrt-nach-eu-gipfel-nicht-ins-land-zurueck\/","url":"https:\/\/now-news.de\/de\/deutschland\/ukrainischer-fernsehmoderator-kehrt-nach-eu-gipfel-nicht-ins-land-zurueck\/","name":"Ukrainischer Fernsehmoderator kehrt nach EU-Gipfel nicht ins Land zur\u00fcck - just-now.NEWS Deutschland","isPartOf":{"@id":"https:\/\/now-news.de\/de\/#website"},"primaryImageOfPage":{"@id":"https:\/\/now-news.de\/de\/deutschland\/ukrainischer-fernsehmoderator-kehrt-nach-eu-gipfel-nicht-ins-land-zurueck\/#primaryimage"},"image":{"@id":"https:\/\/now-news.de\/de\/deutschland\/ukrainischer-fernsehmoderator-kehrt-nach-eu-gipfel-nicht-ins-land-zurueck\/#primaryimage"},"thumbnailUrl":"https:\/\/now-news.de\/de\/wp-content\/uploads\/sites\/3\/2023\/12\/Ukrainischer-Fernsehmoderator-kehrt-nach-EU-Gipfel-nicht-ins-Land-zurueck.jpg","datePublished":"2023-12-23T15:52:01+00:00","dateModified":"2023-12-23T15:52:01+00:00","breadcrumb":{"@id":"https:\/\/now-news.de\/de\/deutschland\/ukrainischer-fernsehmoderator-kehrt-nach-eu-gipfel-nicht-ins-land-zurueck\/#breadcrumb"},"inLanguage":"de","potentialAction":[{"@type":"ReadAction","target":["https:\/\/now-news.de\/de\/deutschland\/ukrainischer-fernsehmoderator-kehrt-nach-eu-gipfel-nicht-ins-land-zurueck\/"]}]},{"@type":"ImageObject","inLanguage":"de","@id":"https:\/\/now-news.de\/de\/deutschland\/ukrainischer-fernsehmoderator-kehrt-nach-eu-gipfel-nicht-ins-land-zurueck\/#primaryimage","url":"https:\/\/now-news.de\/de\/wp-content\/uploads\/sites\/3\/2023\/12\/Ukrainischer-Fernsehmoderator-kehrt-nach-EU-Gipfel-nicht-ins-Land-zurueck.jpg","contentUrl":"https:\/\/now-news.de\/de\/wp-content\/uploads\/sites\/3\/2023\/12\/Ukrainischer-Fernsehmoderator-kehrt-nach-EU-Gipfel-nicht-ins-Land-zurueck.jpg","width":460,"height":259,"caption":"Ukrainischer Fernsehmoderator kehrt nach EU-Gipfel nicht ins Land zur\u00fcck"},{"@type":"BreadcrumbList","@id":"https:\/\/now-news.de\/de\/deutschland\/ukrainischer-fernsehmoderator-kehrt-nach-eu-gipfel-nicht-ins-land-zurueck\/#breadcrumb","itemListElement":[{"@type":"ListItem","position":1,"name":"Home","item":"https:\/\/now-news.de\/de\/"},{"@type":"ListItem","position":2,"name":"Ukrainischer Fernsehmoderator kehrt nach EU-Gipfel nicht ins Land zur\u00fcck"}]},{"@type":"WebSite","@id":"https:\/\/now-news.de\/de\/#website","url":"https:\/\/now-news.de\/de\/","name":"just-now.NEWS Deutschland","description":"Das Portal f\u00fcr unzensierte Nachrichten aus der Welt","publisher":{"@id":"https:\/\/now-news.de\/de\/#organization"},"potentialAction":[{"@type":"SearchAction","target":{"@type":"EntryPoint","urlTemplate":"https:\/\/now-news.de\/de\/?s={search_term_string}"},"query-input":"required name=search_term_string"}],"inLanguage":"de"},{"@type":"Organization","@id":"https:\/\/now-news.de\/de\/#organization","name":"Just Now News","url":"https:\/\/now-news.de\/de\/","logo":{"@type":"ImageObject","inLanguage":"de","@id":"https:\/\/now-news.de\/de\/#\/schema\/logo\/image\/","url":"http:\/\/just-now.news\/de\/wp-content\/uploads\/sites\/3\/2022\/04\/logo500x500.jpg","contentUrl":"http:\/\/just-now.news\/de\/wp-content\/uploads\/sites\/3\/2022\/04\/logo500x500.jpg","width":500,"height":500,"caption":"Just Now News"},"image":{"@id":"https:\/\/now-news.de\/de\/#\/schema\/logo\/image\/"},"sameAs":["https:\/\/www.facebook.com\/wirmachenauf","https:\/\/x.com\/WirMachenAuf_de"]},{"@type":"Person","@id":"https:\/\/now-news.de\/de\/#\/schema\/person\/fb534a4e865501d8b3285208df34a9b5","name":"rtnews","image":{"@type":"ImageObject","inLanguage":"de","@id":"https:\/\/now-news.de\/de\/#\/schema\/person\/image\/","url":"https:\/\/secure.gravatar.com\/avatar\/82aafea7d8127119dd649515f56e2117?s=96&d=mm&r=g","contentUrl":"https:\/\/secure.gravatar.com\/avatar\/82aafea7d8127119dd649515f56e2117?s=96&d=mm&r=g","caption":"rtnews"},"url":"https:\/\/now-news.de\/de\/author\/rnews\/"}]}},"_links":{"self":[{"href":"https:\/\/now-news.de\/de\/wp-json\/wp\/v2\/posts\/52081"}],"collection":[{"href":"https:\/\/now-news.de\/de\/wp-json\/wp\/v2\/posts"}],"about":[{"href":"https:\/\/now-news.de\/de\/wp-json\/wp\/v2\/types\/post"}],"author":[{"embeddable":true,"href":"https:\/\/now-news.de\/de\/wp-json\/wp\/v2\/users\/3"}],"replies":[{"embeddable":true,"href":"https:\/\/now-news.de\/de\/wp-json\/wp\/v2\/comments?post=52081"}],"version-history":[{"count":0,"href":"https:\/\/now-news.de\/de\/wp-json\/wp\/v2\/posts\/52081\/revisions"}],"wp:featuredmedia":[{"embeddable":true,"href":"https:\/\/now-news.de\/de\/wp-json\/wp\/v2\/media\/52082"}],"wp:attachment":[{"href":"https:\/\/now-news.de\/de\/wp-json\/wp\/v2\/media?parent=52081"}],"wp:term":[{"taxonomy":"category","embeddable":true,"href":"https:\/\/now-news.de\/de\/wp-json\/wp\/v2\/categories?post=52081"},{"taxonomy":"post_tag","embeddable":true,"href":"https:\/\/now-news.de\/de\/wp-json\/wp\/v2\/tags?post=52081"}],"curies":[{"name":"wp","href":"https:\/\/api.w.org\/{rel}","templated":true}]}}