{"id":52069,"date":"2023-12-23T15:23:50","date_gmt":"2023-12-23T13:23:50","guid":{"rendered":"https:\/\/just-now.news\/de\/deutschland\/estnische-behoerden-erklaeren-sich-bereit-ukrainische-wehrpflichtige-an-kiew-auszuliefern\/"},"modified":"2023-12-23T15:23:50","modified_gmt":"2023-12-23T13:23:50","slug":"estnische-behoerden-erklaeren-sich-bereit-ukrainische-wehrpflichtige-an-kiew-auszuliefern","status":"publish","type":"post","link":"https:\/\/now-news.de\/de\/deutschland\/estnische-behoerden-erklaeren-sich-bereit-ukrainische-wehrpflichtige-an-kiew-auszuliefern\/","title":{"rendered":"Estnische Beh\u00f6rden erkl\u00e4ren sich bereit, ukrainische Wehrpflichtige an Kiew auszuliefern"},"content":{"rendered":"<p><img decoding=\"async\" src=\"http:\/\/just-now.news\/de\/wp-content\/uploads\/sites\/3\/2023\/12\/6586d46cb480cc277b4be5f2.jpg\" \/><\/p>\n<div class=\"Text-root Text-type_1 \">\n                Als eines der ersten EU-L\u00e4nder will Estland die Auslieferung wehrf\u00e4higer ukrainischer M\u00e4nner in ihr Heimatland erleichtern. In Deutschland scheinen die juristischen H\u00fcrden daf\u00fcr weitaus h\u00f6her zu sein. Auf deutschem Boden ist zun\u00e4chst mehr Werbung f\u00fcr den ukrainischen Milit\u00e4rdienst zu erwarten.\n            <\/div>\n<p><\/p>\n<div class=\"Text-root Text-type_5 ArticleView-text ViewText-root \">\n<p>Das estnische Innenministerium hat sich bereit erkl\u00e4rt, in dem Land lebende ukrainische Wehrpflichtige zu finden und an die Ukraine auszuliefern. Dies gab der Leiter des Ministeriums, Lauri L\u00e4\u00e4nemets, bekannt, wie der estnische Rundfunk (<em>ERR)<\/em> berichtet.<\/p>\n<blockquote>\n<p><em>&#8220;Wenn die Ukraine es braucht, kann sich Estland daran beteiligen, diese Person zu finden und sie an die Ukraine auszuliefern. Grunds\u00e4tzlich wissen wir, wo sich diese Menschen aufhalten und was sie tun. Die meisten gehen zur Arbeit und haben einen Wohnsitz in Estland&#8221;, sagte der Minister.<\/em><\/p>\n<\/blockquote>\n<p>Der Chef des Innenministeriums f\u00fcgte hinzu, dass er in naher Zukunft offiziell den Abschluss eines Abkommens zwischen Estland und der Ukraine vorschlagen werde, das die Auslieferung von Wehrpflichtigen erm\u00f6gliche. Derzeit ist die Auslieferung von Ausl\u00e4ndern nach estnischem Recht nur m\u00f6glich, wenn sie strafrechtlich verfolgt werden. Nach Angaben des estnischen Sozialministeriums befanden sich im Mai 2023 etwa 36.000 ukrainische Fl\u00fcchtlinge unter vor\u00fcbergehendem Schutz in Estland, darunter etwa 7.000 M\u00e4nner im wehrpflichtigen Alter.\u00a0<\/p>\n<p>Estland ist nicht das erste Land, das sich mit der Frage der Auslieferung von Wehrdienstverweigerern an die Ukraine befasst. Nach Angaben der polnischen Tageszeitung <em>Rzeczpospolita<\/em> hat Warschau im September damit begonnen, Ukrainer im Mobilisierungsalter auszuliefern, allerdings nur solche, die an der illegalen Schleusung von Migranten beteiligt waren. Damals hie\u00df es, die Ukraine m\u00fcsse in jedem einzelnen Fall einen internationalen Haftbefehl ausstellen, um ihre M\u00e4nner nach Hause zu holen.<\/p>\n<p><strong>Knapp 200.000 potenzielle Soldaten in Deutschland\u00a0<\/strong><\/p>\n<p>Der ukrainische Verteidigungsminister Rustem Umjerow hat in Deutschland lebende Ukrainer im wehrf\u00e4higen Alter in einem <em>Bild-<\/em>Interview dazu eingeladen, &#8220;der Armee zu dienen&#8221;.\u00a0Sie sollten sich in Rekrutierungszentren melden. &#8220;Wir besprechen auch, was passieren soll, wenn sie nicht freiwillig kommen&#8221;, sagte er. Dies wurde in den Medien zun\u00e4chst als Drohung interpretiert.\u00a0Das ukrainische Verteidigungsministerium teilte jedoch sp\u00e4ter auf Anfrage mit, dass es sich vielmehr um eine Informationskampagne handelte. Der Minister habe generell \u00fcber Rekrutierungen und \u00fcber die Notwendigkeit gesprochen, den Ukrainern im Ausland zu vermitteln, wie wichtig es f\u00fcr sie sei, der Armee beizutreten.\u00a0<\/p>\n<p>Schon seit Wochen <a rel=\"nofollow noopener\" target=\"_blank\" href=\"https:\/\/freedert.online\/international\/190444-nach-gescheiterten-gegenoffensive-ukrainische-armee\/\">fordert<\/a> die Armeef\u00fchrung laut Pr\u00e4sident Wladimir Selenskij die Mobilmachung von\u00a0450.000 bis 500.000 neuen Soldaten. Wegen Schwierigkeiten bei der Mobilisierung im Inland richtet sich der Blick ukrainischer Beh\u00f6rden zunehmend auf im Ausland lebende Ukrainer. Allein in Deutschland <a rel=\"nofollow noopener\" target=\"_blank\" href=\"https:\/\/freedert.online\/international\/187469-flucht-vor-armee-rund-190000\/\">leben<\/a> laut den Einwanderungsbeh\u00f6rden derzeit 197.072 Ukrainer im wehrf\u00e4higen Alter. Das Grundgesetz und das Europarecht sprechen jedoch gegen eine Auslieferung.\u00a0<\/p>\n<p>Der wissenschaftliche Dienst hat sich vor wenigen Tagen mit der Frage besch\u00e4ftigt. Zwar sei Fahnenflucht auch in Deutschland eine Straftat und insofern mit dem Strafrecht der Ukraine vergleichbar. Doch das Grundgesetz kennt auch das Grundrecht auf Verweigerung des Kriegsdienstes mit der Waffe. Damit begr\u00fcndete der Bundesgerichtshof die &#8220;Unzul\u00e4ssigkeit einer Auslieferung&#8221;.<\/p>\n<p><strong>Daten zu Fl\u00fcchtlingen gehen auseinander<\/strong><\/p>\n<p>Nach dem Einmarsch der russischen Truppen im Februar 2022 wurde den meisten ukrainischen M\u00e4nnern zwischen 18 und 60 Jahren untersagt, das Land zu verlassen. Diese k\u00f6nnen nur mit einer Sondergenehmigung aus der Ukraine ausreisen. Nach Angaben des Staatlichen Statistikdienstes der Ukraine f\u00fcr das Jahr 2022 lebten mindestens elf Millionen M\u00e4nner im Alter von 18 bis 60 Jahren im Land.<\/p>\n<p>Seit Beginn des umfassenden Krieges in der Ukraine haben bis August 2023 rund 2,4 Millionen Ukrainer das Land verlassen und sind nicht zur\u00fcckgekehrt, so das Projekt Opendatabot unter Berufung auf Daten des staatlichen Grenzdienstes. Die UNO sch\u00e4tzt, dass weltweit 6,3 Millionen Fl\u00fcchtlinge aus der Ukraine registriert wurden.<\/p>\n<p><strong>Mehr zum Thema<\/strong> &#8211;<a rel=\"nofollow noopener\" target=\"_blank\" href=\"https:\/\/freedert.online\/international\/190444-nach-gescheiterten-gegenoffensive-ukrainische-armee\/\">\u00a0Trotz schwerer Verluste bei Gegenoffensive: Ukrainische Armee fordert 450.000 neue Soldaten<\/a><\/p>\n<div class=\"EmbedBlock-root EmbedBlock-externalVideo EmbedBlock-odysee\">\n<div class=\"VkEmbed\"><iframe class=\"lazyload\" data-src=\"https:\/\/odysee.com\/%24\/embed\/%40RTDE%3Ae%2FSelenskij-offenbart-Ukrainische-Milit%C3%A4rspitze-will-bis-zu-500.000-Mann-zus%C3%A4tzlich-mobilisieren%3A1\" frameborder=\"0\" width=\"853\" height=\"480\" allowfullscreen><\/iframe><\/div>\n<\/div>\n<\/div>\n<p><br \/>\n<br \/><a href=\"https:\/\/de.rt.com\/europa\/190721-estnische-behoerden-erklaeren-sich-bereit\/\">Source link <\/a><\/p>\n","protected":false},"excerpt":{"rendered":"<p>Als eines der ersten EU-L\u00e4nder will Estland die Auslieferung wehrf\u00e4higer ukrainischer M\u00e4nner in ihr Heimatland erleichtern. In Deutschland scheinen die juristischen H\u00fcrden daf\u00fcr weitaus h\u00f6her zu sein. Auf deutschem Boden ist zun\u00e4chst mehr Werbung f\u00fcr den ukrainischen Milit\u00e4rdienst zu erwarten. Das estnische Innenministerium hat sich bereit erkl\u00e4rt, in dem Land lebende ukrainische Wehrpflichtige zu finden [&hellip;]<\/p>\n","protected":false},"author":3,"featured_media":52070,"comment_status":"open","ping_status":"open","sticky":false,"template":"","format":"standard","meta":{"_yoast_indexnow_last_ping":["1703338126"],"wp_automatic_camp":["217"],"269bec2b23349a5fd812e1094d3d02c7":["Estnische Beh\u00f6rden erkl\u00e4ren sich bereit, ukrainische Wehrpflichtige an Kiew auszuliefern"],"original_link":["https:\/\/de.rt.com\/europa\/190721-estnische-behoerden-erklaeren-sich-bereit\/"],"_thumbnail_id":["52070"],"jnews_social_counter_last_update":["1777178997"],"_wptgpro_p2tg_sent2tg":["a:1:{i:23737;s:19:\"2023-12-23 15:29:46\";}"]},"categories":[19,23],"tags":[51397,3244,964,3916,31751,1025,434,905,41957],"yoast_head":"<!-- This site is optimized with the Yoast SEO Premium plugin v22.7 (Yoast SEO v22.7) - https:\/\/yoast.com\/wordpress\/plugins\/seo\/ -->\n<title>Estnische Beh\u00f6rden erkl\u00e4ren sich bereit, ukrainische Wehrpflichtige an Kiew auszuliefern - just-now.NEWS Deutschland<\/title>\n<meta name=\"robots\" content=\"index, follow, max-snippet:-1, max-image-preview:large, max-video-preview:-1\" \/>\n<link rel=\"canonical\" href=\"https:\/\/now-news.de\/de\/deutschland\/estnische-behoerden-erklaeren-sich-bereit-ukrainische-wehrpflichtige-an-kiew-auszuliefern\/\" \/>\n<meta property=\"og:locale\" content=\"de_DE\" \/>\n<meta property=\"og:type\" content=\"article\" \/>\n<meta property=\"og:title\" content=\"Estnische Beh\u00f6rden erkl\u00e4ren sich bereit, ukrainische Wehrpflichtige an Kiew auszuliefern\" \/>\n<meta property=\"og:description\" content=\"Als eines der ersten EU-L\u00e4nder will Estland die Auslieferung wehrf\u00e4higer ukrainischer M\u00e4nner in ihr Heimatland erleichtern. In Deutschland scheinen die juristischen H\u00fcrden daf\u00fcr weitaus h\u00f6her zu sein. Auf deutschem Boden ist zun\u00e4chst mehr Werbung f\u00fcr den ukrainischen Milit\u00e4rdienst zu erwarten. Das estnische Innenministerium hat sich bereit erkl\u00e4rt, in dem Land lebende ukrainische Wehrpflichtige zu finden [&hellip;]\" \/>\n<meta property=\"og:url\" content=\"https:\/\/now-news.de\/de\/deutschland\/estnische-behoerden-erklaeren-sich-bereit-ukrainische-wehrpflichtige-an-kiew-auszuliefern\/\" \/>\n<meta property=\"og:site_name\" content=\"just-now.NEWS Deutschland\" \/>\n<meta property=\"article:publisher\" content=\"https:\/\/www.facebook.com\/wirmachenauf\" \/>\n<meta property=\"article:published_time\" content=\"2023-12-23T13:23:50+00:00\" \/>\n<meta property=\"og:image\" content=\"https:\/\/now-news.de\/de\/wp-content\/uploads\/sites\/3\/2023\/12\/Estnische-Behoerden-erklaeren-sich-bereit-ukrainische-Wehrpflichtige-an-Kiew-auszuliefern.jpg\" \/>\n\t<meta property=\"og:image:width\" content=\"460\" \/>\n\t<meta property=\"og:image:height\" content=\"259\" \/>\n\t<meta property=\"og:image:type\" content=\"image\/jpeg\" \/>\n<meta name=\"author\" content=\"rtnews\" \/>\n<meta name=\"twitter:card\" content=\"summary_large_image\" \/>\n<meta name=\"twitter:creator\" content=\"@WirMachenAuf_de\" \/>\n<meta name=\"twitter:site\" content=\"@WirMachenAuf_de\" \/>\n<meta name=\"twitter:label1\" content=\"Verfasst von\" \/>\n\t<meta name=\"twitter:data1\" content=\"rtnews\" \/>\n\t<meta name=\"twitter:label2\" content=\"Gesch\u00e4tzte Lesezeit\" \/>\n\t<meta name=\"twitter:data2\" content=\"3\u00a0Minuten\" \/>\n<script type=\"application\/ld+json\" class=\"yoast-schema-graph\">{\"@context\":\"https:\/\/schema.org\",\"@graph\":[{\"@type\":\"Article\",\"@id\":\"https:\/\/now-news.de\/de\/deutschland\/estnische-behoerden-erklaeren-sich-bereit-ukrainische-wehrpflichtige-an-kiew-auszuliefern\/#article\",\"isPartOf\":{\"@id\":\"https:\/\/now-news.de\/de\/deutschland\/estnische-behoerden-erklaeren-sich-bereit-ukrainische-wehrpflichtige-an-kiew-auszuliefern\/\"},\"author\":{\"name\":\"rtnews\",\"@id\":\"https:\/\/now-news.de\/de\/#\/schema\/person\/fb534a4e865501d8b3285208df34a9b5\"},\"headline\":\"Estnische Beh\u00f6rden erkl\u00e4ren sich bereit, ukrainische Wehrpflichtige an Kiew auszuliefern\",\"datePublished\":\"2023-12-23T13:23:50+00:00\",\"dateModified\":\"2023-12-23T13:23:50+00:00\",\"mainEntityOfPage\":{\"@id\":\"https:\/\/now-news.de\/de\/deutschland\/estnische-behoerden-erklaeren-sich-bereit-ukrainische-wehrpflichtige-an-kiew-auszuliefern\/\"},\"wordCount\":634,\"commentCount\":0,\"publisher\":{\"@id\":\"https:\/\/now-news.de\/de\/#organization\"},\"image\":{\"@id\":\"https:\/\/now-news.de\/de\/deutschland\/estnische-behoerden-erklaeren-sich-bereit-ukrainische-wehrpflichtige-an-kiew-auszuliefern\/#primaryimage\"},\"thumbnailUrl\":\"https:\/\/now-news.de\/de\/wp-content\/uploads\/sites\/3\/2023\/12\/Estnische-Behoerden-erklaeren-sich-bereit-ukrainische-Wehrpflichtige-an-Kiew-auszuliefern.jpg\",\"keywords\":[\"auszuliefern\",\"Beh\u00f6rden\",\"bereit\",\"erkl\u00e4ren\",\"Estnische\",\"Kiew\",\"sich\",\"Ukrainische\",\"Wehrpflichtige\"],\"articleSection\":[\"Deutschland\",\"Russland\"],\"inLanguage\":\"de\",\"potentialAction\":[{\"@type\":\"CommentAction\",\"name\":\"Comment\",\"target\":[\"https:\/\/now-news.de\/de\/deutschland\/estnische-behoerden-erklaeren-sich-bereit-ukrainische-wehrpflichtige-an-kiew-auszuliefern\/#respond\"]}]},{\"@type\":\"WebPage\",\"@id\":\"https:\/\/now-news.de\/de\/deutschland\/estnische-behoerden-erklaeren-sich-bereit-ukrainische-wehrpflichtige-an-kiew-auszuliefern\/\",\"url\":\"https:\/\/now-news.de\/de\/deutschland\/estnische-behoerden-erklaeren-sich-bereit-ukrainische-wehrpflichtige-an-kiew-auszuliefern\/\",\"name\":\"Estnische Beh\u00f6rden erkl\u00e4ren sich bereit, ukrainische Wehrpflichtige an Kiew auszuliefern - just-now.NEWS Deutschland\",\"isPartOf\":{\"@id\":\"https:\/\/now-news.de\/de\/#website\"},\"primaryImageOfPage\":{\"@id\":\"https:\/\/now-news.de\/de\/deutschland\/estnische-behoerden-erklaeren-sich-bereit-ukrainische-wehrpflichtige-an-kiew-auszuliefern\/#primaryimage\"},\"image\":{\"@id\":\"https:\/\/now-news.de\/de\/deutschland\/estnische-behoerden-erklaeren-sich-bereit-ukrainische-wehrpflichtige-an-kiew-auszuliefern\/#primaryimage\"},\"thumbnailUrl\":\"https:\/\/now-news.de\/de\/wp-content\/uploads\/sites\/3\/2023\/12\/Estnische-Behoerden-erklaeren-sich-bereit-ukrainische-Wehrpflichtige-an-Kiew-auszuliefern.jpg\",\"datePublished\":\"2023-12-23T13:23:50+00:00\",\"dateModified\":\"2023-12-23T13:23:50+00:00\",\"breadcrumb\":{\"@id\":\"https:\/\/now-news.de\/de\/deutschland\/estnische-behoerden-erklaeren-sich-bereit-ukrainische-wehrpflichtige-an-kiew-auszuliefern\/#breadcrumb\"},\"inLanguage\":\"de\",\"potentialAction\":[{\"@type\":\"ReadAction\",\"target\":[\"https:\/\/now-news.de\/de\/deutschland\/estnische-behoerden-erklaeren-sich-bereit-ukrainische-wehrpflichtige-an-kiew-auszuliefern\/\"]}]},{\"@type\":\"ImageObject\",\"inLanguage\":\"de\",\"@id\":\"https:\/\/now-news.de\/de\/deutschland\/estnische-behoerden-erklaeren-sich-bereit-ukrainische-wehrpflichtige-an-kiew-auszuliefern\/#primaryimage\",\"url\":\"https:\/\/now-news.de\/de\/wp-content\/uploads\/sites\/3\/2023\/12\/Estnische-Behoerden-erklaeren-sich-bereit-ukrainische-Wehrpflichtige-an-Kiew-auszuliefern.jpg\",\"contentUrl\":\"https:\/\/now-news.de\/de\/wp-content\/uploads\/sites\/3\/2023\/12\/Estnische-Behoerden-erklaeren-sich-bereit-ukrainische-Wehrpflichtige-an-Kiew-auszuliefern.jpg\",\"width\":460,\"height\":259,\"caption\":\"Estnische Beh\u00f6rden erkl\u00e4ren sich bereit, ukrainische Wehrpflichtige an Kiew auszuliefern\"},{\"@type\":\"BreadcrumbList\",\"@id\":\"https:\/\/now-news.de\/de\/deutschland\/estnische-behoerden-erklaeren-sich-bereit-ukrainische-wehrpflichtige-an-kiew-auszuliefern\/#breadcrumb\",\"itemListElement\":[{\"@type\":\"ListItem\",\"position\":1,\"name\":\"Home\",\"item\":\"https:\/\/now-news.de\/de\/\"},{\"@type\":\"ListItem\",\"position\":2,\"name\":\"Estnische Beh\u00f6rden erkl\u00e4ren sich bereit, ukrainische Wehrpflichtige an Kiew auszuliefern\"}]},{\"@type\":\"WebSite\",\"@id\":\"https:\/\/now-news.de\/de\/#website\",\"url\":\"https:\/\/now-news.de\/de\/\",\"name\":\"just-now.NEWS Deutschland\",\"description\":\"Das Portal f\u00fcr unzensierte Nachrichten aus der Welt\",\"publisher\":{\"@id\":\"https:\/\/now-news.de\/de\/#organization\"},\"potentialAction\":[{\"@type\":\"SearchAction\",\"target\":{\"@type\":\"EntryPoint\",\"urlTemplate\":\"https:\/\/now-news.de\/de\/?s={search_term_string}\"},\"query-input\":\"required name=search_term_string\"}],\"inLanguage\":\"de\"},{\"@type\":\"Organization\",\"@id\":\"https:\/\/now-news.de\/de\/#organization\",\"name\":\"Just Now News\",\"url\":\"https:\/\/now-news.de\/de\/\",\"logo\":{\"@type\":\"ImageObject\",\"inLanguage\":\"de\",\"@id\":\"https:\/\/now-news.de\/de\/#\/schema\/logo\/image\/\",\"url\":\"http:\/\/just-now.news\/de\/wp-content\/uploads\/sites\/3\/2022\/04\/logo500x500.jpg\",\"contentUrl\":\"http:\/\/just-now.news\/de\/wp-content\/uploads\/sites\/3\/2022\/04\/logo500x500.jpg\",\"width\":500,\"height\":500,\"caption\":\"Just Now News\"},\"image\":{\"@id\":\"https:\/\/now-news.de\/de\/#\/schema\/logo\/image\/\"},\"sameAs\":[\"https:\/\/www.facebook.com\/wirmachenauf\",\"https:\/\/x.com\/WirMachenAuf_de\"]},{\"@type\":\"Person\",\"@id\":\"https:\/\/now-news.de\/de\/#\/schema\/person\/fb534a4e865501d8b3285208df34a9b5\",\"name\":\"rtnews\",\"image\":{\"@type\":\"ImageObject\",\"inLanguage\":\"de\",\"@id\":\"https:\/\/now-news.de\/de\/#\/schema\/person\/image\/\",\"url\":\"https:\/\/secure.gravatar.com\/avatar\/82aafea7d8127119dd649515f56e2117?s=96&d=mm&r=g\",\"contentUrl\":\"https:\/\/secure.gravatar.com\/avatar\/82aafea7d8127119dd649515f56e2117?s=96&d=mm&r=g\",\"caption\":\"rtnews\"},\"url\":\"https:\/\/now-news.de\/de\/author\/rnews\/\"}]}<\/script>\n<!-- \/ Yoast SEO Premium plugin. -->","yoast_head_json":{"title":"Estnische Beh\u00f6rden erkl\u00e4ren sich bereit, ukrainische Wehrpflichtige an Kiew auszuliefern - just-now.NEWS Deutschland","robots":{"index":"index","follow":"follow","max-snippet":"max-snippet:-1","max-image-preview":"max-image-preview:large","max-video-preview":"max-video-preview:-1"},"canonical":"https:\/\/now-news.de\/de\/deutschland\/estnische-behoerden-erklaeren-sich-bereit-ukrainische-wehrpflichtige-an-kiew-auszuliefern\/","og_locale":"de_DE","og_type":"article","og_title":"Estnische Beh\u00f6rden erkl\u00e4ren sich bereit, ukrainische Wehrpflichtige an Kiew auszuliefern","og_description":"Als eines der ersten EU-L\u00e4nder will Estland die Auslieferung wehrf\u00e4higer ukrainischer M\u00e4nner in ihr Heimatland erleichtern. In Deutschland scheinen die juristischen H\u00fcrden daf\u00fcr weitaus h\u00f6her zu sein. Auf deutschem Boden ist zun\u00e4chst mehr Werbung f\u00fcr den ukrainischen Milit\u00e4rdienst zu erwarten. Das estnische Innenministerium hat sich bereit erkl\u00e4rt, in dem Land lebende ukrainische Wehrpflichtige zu finden [&hellip;]","og_url":"https:\/\/now-news.de\/de\/deutschland\/estnische-behoerden-erklaeren-sich-bereit-ukrainische-wehrpflichtige-an-kiew-auszuliefern\/","og_site_name":"just-now.NEWS Deutschland","article_publisher":"https:\/\/www.facebook.com\/wirmachenauf","article_published_time":"2023-12-23T13:23:50+00:00","og_image":[{"width":460,"height":259,"url":"https:\/\/now-news.de\/de\/wp-content\/uploads\/sites\/3\/2023\/12\/Estnische-Behoerden-erklaeren-sich-bereit-ukrainische-Wehrpflichtige-an-Kiew-auszuliefern.jpg","type":"image\/jpeg"}],"author":"rtnews","twitter_card":"summary_large_image","twitter_creator":"@WirMachenAuf_de","twitter_site":"@WirMachenAuf_de","twitter_misc":{"Verfasst von":"rtnews","Gesch\u00e4tzte Lesezeit":"3\u00a0Minuten"},"schema":{"@context":"https:\/\/schema.org","@graph":[{"@type":"Article","@id":"https:\/\/now-news.de\/de\/deutschland\/estnische-behoerden-erklaeren-sich-bereit-ukrainische-wehrpflichtige-an-kiew-auszuliefern\/#article","isPartOf":{"@id":"https:\/\/now-news.de\/de\/deutschland\/estnische-behoerden-erklaeren-sich-bereit-ukrainische-wehrpflichtige-an-kiew-auszuliefern\/"},"author":{"name":"rtnews","@id":"https:\/\/now-news.de\/de\/#\/schema\/person\/fb534a4e865501d8b3285208df34a9b5"},"headline":"Estnische Beh\u00f6rden erkl\u00e4ren sich bereit, ukrainische Wehrpflichtige an Kiew auszuliefern","datePublished":"2023-12-23T13:23:50+00:00","dateModified":"2023-12-23T13:23:50+00:00","mainEntityOfPage":{"@id":"https:\/\/now-news.de\/de\/deutschland\/estnische-behoerden-erklaeren-sich-bereit-ukrainische-wehrpflichtige-an-kiew-auszuliefern\/"},"wordCount":634,"commentCount":0,"publisher":{"@id":"https:\/\/now-news.de\/de\/#organization"},"image":{"@id":"https:\/\/now-news.de\/de\/deutschland\/estnische-behoerden-erklaeren-sich-bereit-ukrainische-wehrpflichtige-an-kiew-auszuliefern\/#primaryimage"},"thumbnailUrl":"https:\/\/now-news.de\/de\/wp-content\/uploads\/sites\/3\/2023\/12\/Estnische-Behoerden-erklaeren-sich-bereit-ukrainische-Wehrpflichtige-an-Kiew-auszuliefern.jpg","keywords":["auszuliefern","Beh\u00f6rden","bereit","erkl\u00e4ren","Estnische","Kiew","sich","Ukrainische","Wehrpflichtige"],"articleSection":["Deutschland","Russland"],"inLanguage":"de","potentialAction":[{"@type":"CommentAction","name":"Comment","target":["https:\/\/now-news.de\/de\/deutschland\/estnische-behoerden-erklaeren-sich-bereit-ukrainische-wehrpflichtige-an-kiew-auszuliefern\/#respond"]}]},{"@type":"WebPage","@id":"https:\/\/now-news.de\/de\/deutschland\/estnische-behoerden-erklaeren-sich-bereit-ukrainische-wehrpflichtige-an-kiew-auszuliefern\/","url":"https:\/\/now-news.de\/de\/deutschland\/estnische-behoerden-erklaeren-sich-bereit-ukrainische-wehrpflichtige-an-kiew-auszuliefern\/","name":"Estnische Beh\u00f6rden erkl\u00e4ren sich bereit, ukrainische Wehrpflichtige an Kiew auszuliefern - just-now.NEWS Deutschland","isPartOf":{"@id":"https:\/\/now-news.de\/de\/#website"},"primaryImageOfPage":{"@id":"https:\/\/now-news.de\/de\/deutschland\/estnische-behoerden-erklaeren-sich-bereit-ukrainische-wehrpflichtige-an-kiew-auszuliefern\/#primaryimage"},"image":{"@id":"https:\/\/now-news.de\/de\/deutschland\/estnische-behoerden-erklaeren-sich-bereit-ukrainische-wehrpflichtige-an-kiew-auszuliefern\/#primaryimage"},"thumbnailUrl":"https:\/\/now-news.de\/de\/wp-content\/uploads\/sites\/3\/2023\/12\/Estnische-Behoerden-erklaeren-sich-bereit-ukrainische-Wehrpflichtige-an-Kiew-auszuliefern.jpg","datePublished":"2023-12-23T13:23:50+00:00","dateModified":"2023-12-23T13:23:50+00:00","breadcrumb":{"@id":"https:\/\/now-news.de\/de\/deutschland\/estnische-behoerden-erklaeren-sich-bereit-ukrainische-wehrpflichtige-an-kiew-auszuliefern\/#breadcrumb"},"inLanguage":"de","potentialAction":[{"@type":"ReadAction","target":["https:\/\/now-news.de\/de\/deutschland\/estnische-behoerden-erklaeren-sich-bereit-ukrainische-wehrpflichtige-an-kiew-auszuliefern\/"]}]},{"@type":"ImageObject","inLanguage":"de","@id":"https:\/\/now-news.de\/de\/deutschland\/estnische-behoerden-erklaeren-sich-bereit-ukrainische-wehrpflichtige-an-kiew-auszuliefern\/#primaryimage","url":"https:\/\/now-news.de\/de\/wp-content\/uploads\/sites\/3\/2023\/12\/Estnische-Behoerden-erklaeren-sich-bereit-ukrainische-Wehrpflichtige-an-Kiew-auszuliefern.jpg","contentUrl":"https:\/\/now-news.de\/de\/wp-content\/uploads\/sites\/3\/2023\/12\/Estnische-Behoerden-erklaeren-sich-bereit-ukrainische-Wehrpflichtige-an-Kiew-auszuliefern.jpg","width":460,"height":259,"caption":"Estnische Beh\u00f6rden erkl\u00e4ren sich bereit, ukrainische Wehrpflichtige an Kiew auszuliefern"},{"@type":"BreadcrumbList","@id":"https:\/\/now-news.de\/de\/deutschland\/estnische-behoerden-erklaeren-sich-bereit-ukrainische-wehrpflichtige-an-kiew-auszuliefern\/#breadcrumb","itemListElement":[{"@type":"ListItem","position":1,"name":"Home","item":"https:\/\/now-news.de\/de\/"},{"@type":"ListItem","position":2,"name":"Estnische Beh\u00f6rden erkl\u00e4ren sich bereit, ukrainische Wehrpflichtige an Kiew auszuliefern"}]},{"@type":"WebSite","@id":"https:\/\/now-news.de\/de\/#website","url":"https:\/\/now-news.de\/de\/","name":"just-now.NEWS Deutschland","description":"Das Portal f\u00fcr unzensierte Nachrichten aus der Welt","publisher":{"@id":"https:\/\/now-news.de\/de\/#organization"},"potentialAction":[{"@type":"SearchAction","target":{"@type":"EntryPoint","urlTemplate":"https:\/\/now-news.de\/de\/?s={search_term_string}"},"query-input":"required name=search_term_string"}],"inLanguage":"de"},{"@type":"Organization","@id":"https:\/\/now-news.de\/de\/#organization","name":"Just Now News","url":"https:\/\/now-news.de\/de\/","logo":{"@type":"ImageObject","inLanguage":"de","@id":"https:\/\/now-news.de\/de\/#\/schema\/logo\/image\/","url":"http:\/\/just-now.news\/de\/wp-content\/uploads\/sites\/3\/2022\/04\/logo500x500.jpg","contentUrl":"http:\/\/just-now.news\/de\/wp-content\/uploads\/sites\/3\/2022\/04\/logo500x500.jpg","width":500,"height":500,"caption":"Just Now News"},"image":{"@id":"https:\/\/now-news.de\/de\/#\/schema\/logo\/image\/"},"sameAs":["https:\/\/www.facebook.com\/wirmachenauf","https:\/\/x.com\/WirMachenAuf_de"]},{"@type":"Person","@id":"https:\/\/now-news.de\/de\/#\/schema\/person\/fb534a4e865501d8b3285208df34a9b5","name":"rtnews","image":{"@type":"ImageObject","inLanguage":"de","@id":"https:\/\/now-news.de\/de\/#\/schema\/person\/image\/","url":"https:\/\/secure.gravatar.com\/avatar\/82aafea7d8127119dd649515f56e2117?s=96&d=mm&r=g","contentUrl":"https:\/\/secure.gravatar.com\/avatar\/82aafea7d8127119dd649515f56e2117?s=96&d=mm&r=g","caption":"rtnews"},"url":"https:\/\/now-news.de\/de\/author\/rnews\/"}]}},"_links":{"self":[{"href":"https:\/\/now-news.de\/de\/wp-json\/wp\/v2\/posts\/52069"}],"collection":[{"href":"https:\/\/now-news.de\/de\/wp-json\/wp\/v2\/posts"}],"about":[{"href":"https:\/\/now-news.de\/de\/wp-json\/wp\/v2\/types\/post"}],"author":[{"embeddable":true,"href":"https:\/\/now-news.de\/de\/wp-json\/wp\/v2\/users\/3"}],"replies":[{"embeddable":true,"href":"https:\/\/now-news.de\/de\/wp-json\/wp\/v2\/comments?post=52069"}],"version-history":[{"count":0,"href":"https:\/\/now-news.de\/de\/wp-json\/wp\/v2\/posts\/52069\/revisions"}],"wp:featuredmedia":[{"embeddable":true,"href":"https:\/\/now-news.de\/de\/wp-json\/wp\/v2\/media\/52070"}],"wp:attachment":[{"href":"https:\/\/now-news.de\/de\/wp-json\/wp\/v2\/media?parent=52069"}],"wp:term":[{"taxonomy":"category","embeddable":true,"href":"https:\/\/now-news.de\/de\/wp-json\/wp\/v2\/categories?post=52069"},{"taxonomy":"post_tag","embeddable":true,"href":"https:\/\/now-news.de\/de\/wp-json\/wp\/v2\/tags?post=52069"}],"curies":[{"name":"wp","href":"https:\/\/api.w.org\/{rel}","templated":true}]}}