{"id":52067,"date":"2023-12-23T13:42:19","date_gmt":"2023-12-23T11:42:19","guid":{"rendered":"https:\/\/just-now.news\/de\/deutschland\/ex-praesident-trump-feiert-erfolg-beim-obersten-gericht-immunitaetsfrage-fuer-monate-vertagt\/"},"modified":"2023-12-23T13:42:19","modified_gmt":"2023-12-23T11:42:19","slug":"ex-praesident-trump-feiert-erfolg-beim-obersten-gericht-immunitaetsfrage-fuer-monate-vertagt","status":"publish","type":"post","link":"https:\/\/now-news.de\/de\/deutschland\/ex-praesident-trump-feiert-erfolg-beim-obersten-gericht-immunitaetsfrage-fuer-monate-vertagt\/","title":{"rendered":"Ex-Pr\u00e4sident Trump feiert Erfolg beim Obersten Gericht \u2013 Immunit\u00e4tsfrage f\u00fcr Monate vertagt"},"content":{"rendered":"<p><img decoding=\"async\" src=\"http:\/\/just-now.news\/de\/wp-content\/uploads\/sites\/3\/2023\/12\/6586c0ed48fbef37dd0794d8.jpg\" \/><\/p>\n<div class=\"Text-root Text-type_1 \">\n                Der Prozess gegen den Ex-Pr\u00e4sidenten Donald Trump wegen &#8220;Wahlbetrugs&#8221; zieht sich in die L\u00e4nge \u2013 das Oberste Gericht wird sich vorerst nicht mit der Frage seiner Immunit\u00e4t auf Bundesebene befassen. Mit einem entsprechenden Antrag wollte Sonderermittler Smith das Berufungsgericht umgehen.\n            <\/div>\n<p><\/p>\n<div class=\"Text-root Text-type_5 ArticleView-text ViewText-root \">\n<p>Der Oberste Gerichtshof der USA wird sich vorerst nicht mit der Frage der Immunit\u00e4t des ehemaligen Pr\u00e4sidenten Donald Trump befassen. Ein entsprechender Antrag von Sonderermittler Jack Smith wurde am Freitag ohne Begr\u00fcndung abgelehnt. Damit d\u00fcrfte der Anfang M\u00e4rz geplante Termin f\u00fcr den Prozess gegen Trump wegen versuchten Wahlbetrugs nicht mehr zu halten sein.<\/p>\n<p>Smith hatte den Supreme Court darum gebeten, z\u00fcgig zu kl\u00e4ren, ob Trump wegen seiner Versuche, das Wahlergebnis der Pr\u00e4sidentenwahl im Jahr 2020 zu kippen, auf Bundesebene strafrechtlich verfolgt werden kann \u2013 oder ob er durch seine Immunit\u00e4t als Pr\u00e4sident gesch\u00fctzt ist.<\/p>\n<p>Trump ist in der US-Hauptstadt Washington angeklagt, ihm wird versuchter Wahlbetrug vorgeworfen.\u00a0Grund f\u00fcr die Anklage ist der sogenannte Sturm auf das Capitol am 6. Januar 2021, als die Anh\u00e4nger Trumps eine Kongress-Sitzung verhinderten. Bei der Sitzung sollte der Sieg des Demokraten Joe Biden bei der Pr\u00e4sidentenwahl formal best\u00e4tigt werden. Nach Auffassung seiner Gegner hatte Trump seine Anh\u00e4nger zuvor mit einer Rede aufgewiegelt. Infolge der Krawalle kamen damals f\u00fcnf Menschen ums Leben, darunter eine Trump-Anh\u00e4ngerin, die von einem Polizisten erschossen wurde.\u00a0<\/p>\n<p>Der 77-J\u00e4hrige spielt in dem Gerichtsverfahren auf Zeit. Trumps Anw\u00e4lte argumentierten, dass der Republikaner rechtlich nicht f\u00fcr Taten belangt werden k\u00f6nne, die zu seinen Pflichten als Pr\u00e4sident geh\u00f6rten. Die zust\u00e4ndige Richterin hatte einen entsprechenden Antrag allerdings abgelehnt. Gegen diese Entscheidung hatte Trump Berufung eingelegt \u2013 damit ist nun ein Berufungsgericht am Zug.<\/p>\n<p>Doch Sonderermittler Smith w\u00e4hlte einen ungew\u00f6hnlichen Weg: Er wollte das Berufungsgericht umgehen und wandte sich direkt an den Supreme Court, mit der Bitte, die Frage schnell zu kl\u00e4ren. &#8220;Dieser Fall betrifft Fragen von au\u00dfergew\u00f6hnlicher nationaler Bedeutung.&#8221;<\/p>\n<p>Das Oberste Gericht des Landes folgte diesem Antrag nicht. Damit muss die Berufung ihren Weg durch die Instanzen gehen, was sich hinziehen kann. Die aktuelle Ablehnung durch den Supreme Court bedeutet gleichwohl nicht, dass der Fall nicht letztlich doch wieder vor den neun Richterinnen und Richtern landen wird.<\/p>\n<p>Das Berufungsgericht soll pr\u00fcfen, ob der 77-j\u00e4hrige Ex-Pr\u00e4sident ein &#8220;Aufr\u00fchrer&#8221; ist, was ihn verfassungsm\u00e4\u00dfig von einer zweiten Amtszeit ausschlie\u00dfen w\u00fcrde. Eine Verurteilung in Smiths Verfahren k\u00f6nnte den Trump-Gegnern helfen, diese Position zu vertreten \u2013 nachdem der Oberste Gerichtshof von Colorado diese Woche <a rel=\"nofollow noopener\" target=\"_blank\" href=\"https:\/\/freedert.online\/nordamerika\/190401-gericht-untersagt-donald-trump-teilnahme\/\">entschieden hat<\/a>, dass Trump von den republikanischen Vorwahlen ausgeschlossen werden muss.<\/p>\n<p>Bei den Vorwahlen um die republikanische Nominierung f\u00fcr die US-Pr\u00e4sidentschaft ist Ex-Amtsinhaber Trump nach wie vor der gro\u00dfe Favorit. Zahlreichen Prozesse, Pressekampagnen und Skandale um seine Person konnten Trumps Popularit\u00e4t in der Partei bisher nichts anhaben.\u00a0Insgesamt ist Trump mit mehr als 90 Strafanzeigen in vier verschiedenen Strafverfahren konfrontiert, die seinen Einfluss auf die republikanische Partei eher gest\u00e4rkt als geschw\u00e4cht haben. In Wahlkampfreden begeistert Trump seine Fans, wenn er behauptet, er sei der einzige Mensch, dessen politische Aussichten mit jeder weiteren Anklage steigen.<\/p>\n<p><strong>Mehr zum Thema &#8211;<\/strong>\u00a0<a rel=\"nofollow noopener\" target=\"_blank\" href=\"https:\/\/freeassange.rtde.life\/nordamerika\/188705-us-regierung-ordnet-an-x\/\">Schon mal einen Trump-Tweet geliked? Die US-Regierung hat Sie jetzt im Fadenkreuz<\/a><\/p>\n<div class=\"EmbedBlock-root EmbedBlock-externalVideo EmbedBlock-odysee\">\n<div class=\"VkEmbed\"><iframe class=\"lazyload\" data-src=\"https:\/\/odysee.com\/%24\/embed\/%40RTDE%3Ae%2FCarlson-kritisiert-Gerichtsurteil-zu-Trump---Das-sieht-nach-dem-Ende-der-Demokratie-aus-%3A9\" frameborder=\"0\" width=\"853\" height=\"480\" allowfullscreen><\/iframe><\/div>\n<\/div>\n<\/div>\n<p><br \/>\n<br \/><a href=\"https:\/\/de.rt.com\/nordamerika\/190715-ex-praesident-trump-feiert-erfolg\/\">Source link <\/a><\/p>\n","protected":false},"excerpt":{"rendered":"<p>Der Prozess gegen den Ex-Pr\u00e4sidenten Donald Trump wegen &#8220;Wahlbetrugs&#8221; zieht sich in die L\u00e4nge \u2013 das Oberste Gericht wird sich vorerst nicht mit der Frage seiner Immunit\u00e4t auf Bundesebene befassen. Mit einem entsprechenden Antrag wollte Sonderermittler Smith das Berufungsgericht umgehen. Der Oberste Gerichtshof der USA wird sich vorerst nicht mit der Frage der Immunit\u00e4t des [&hellip;]<\/p>\n","protected":false},"author":3,"featured_media":52068,"comment_status":"open","ping_status":"open","sticky":false,"template":"","format":"standard","meta":{"_yoast_indexnow_last_ping":["1703332156"],"wp_automatic_camp":["217"],"4e23753c789e9cdec2eb8180b4b82fd3":["Ex-Pr\u00e4sident Trump feiert Erfolg beim Obersten Gericht \u2013 Immunit\u00e4tsfrage f\u00fcr Monate vertagt"],"original_link":["https:\/\/de.rt.com\/nordamerika\/190715-ex-praesident-trump-feiert-erfolg\/"],"_thumbnail_id":["52068"],"_wptgpro_p2tg_sent2tg":["a:1:{i:23737;s:19:\"2023-12-23 13:50:26\";}"],"jnews_social_counter_last_update":["1777446502"]},"categories":[19,23],"tags":[1814,591,3104,11639,221,3348,51865,7077,6801,1639,49413],"yoast_head":"<!-- This site is optimized with the Yoast SEO Premium plugin v22.7 (Yoast SEO v22.7) - https:\/\/yoast.com\/wordpress\/plugins\/seo\/ -->\n<title>Ex-Pr\u00e4sident Trump feiert Erfolg beim Obersten Gericht \u2013 Immunit\u00e4tsfrage f\u00fcr Monate vertagt - just-now.NEWS Deutschland<\/title>\n<meta name=\"robots\" content=\"index, follow, max-snippet:-1, max-image-preview:large, max-video-preview:-1\" \/>\n<link rel=\"canonical\" href=\"https:\/\/now-news.de\/de\/deutschland\/ex-praesident-trump-feiert-erfolg-beim-obersten-gericht-immunitaetsfrage-fuer-monate-vertagt\/\" \/>\n<meta property=\"og:locale\" content=\"de_DE\" \/>\n<meta property=\"og:type\" content=\"article\" \/>\n<meta property=\"og:title\" content=\"Ex-Pr\u00e4sident Trump feiert Erfolg beim Obersten Gericht \u2013 Immunit\u00e4tsfrage f\u00fcr Monate vertagt\" \/>\n<meta property=\"og:description\" content=\"Der Prozess gegen den Ex-Pr\u00e4sidenten Donald Trump wegen &#8220;Wahlbetrugs&#8221; zieht sich in die L\u00e4nge \u2013 das Oberste Gericht wird sich vorerst nicht mit der Frage seiner Immunit\u00e4t auf Bundesebene befassen. Mit einem entsprechenden Antrag wollte Sonderermittler Smith das Berufungsgericht umgehen. Der Oberste Gerichtshof der USA wird sich vorerst nicht mit der Frage der Immunit\u00e4t des [&hellip;]\" \/>\n<meta property=\"og:url\" content=\"https:\/\/now-news.de\/de\/deutschland\/ex-praesident-trump-feiert-erfolg-beim-obersten-gericht-immunitaetsfrage-fuer-monate-vertagt\/\" \/>\n<meta property=\"og:site_name\" content=\"just-now.NEWS Deutschland\" \/>\n<meta property=\"article:publisher\" content=\"https:\/\/www.facebook.com\/wirmachenauf\" \/>\n<meta property=\"article:published_time\" content=\"2023-12-23T11:42:19+00:00\" \/>\n<meta property=\"og:image\" content=\"https:\/\/now-news.de\/de\/wp-content\/uploads\/sites\/3\/2023\/12\/Ex-Praesident-Trump-feiert-Erfolg-beim-Obersten-Gericht-\u2013-Immunitaetsfrage-fuer.jpg\" \/>\n\t<meta property=\"og:image:width\" content=\"460\" \/>\n\t<meta property=\"og:image:height\" content=\"259\" \/>\n\t<meta property=\"og:image:type\" content=\"image\/jpeg\" \/>\n<meta name=\"author\" content=\"rtnews\" \/>\n<meta name=\"twitter:card\" content=\"summary_large_image\" \/>\n<meta name=\"twitter:creator\" content=\"@WirMachenAuf_de\" \/>\n<meta name=\"twitter:site\" content=\"@WirMachenAuf_de\" \/>\n<meta name=\"twitter:label1\" content=\"Verfasst von\" \/>\n\t<meta name=\"twitter:data1\" content=\"rtnews\" \/>\n\t<meta name=\"twitter:label2\" content=\"Gesch\u00e4tzte Lesezeit\" \/>\n\t<meta name=\"twitter:data2\" content=\"3\u00a0Minuten\" \/>\n<script type=\"application\/ld+json\" class=\"yoast-schema-graph\">{\"@context\":\"https:\/\/schema.org\",\"@graph\":[{\"@type\":\"Article\",\"@id\":\"https:\/\/now-news.de\/de\/deutschland\/ex-praesident-trump-feiert-erfolg-beim-obersten-gericht-immunitaetsfrage-fuer-monate-vertagt\/#article\",\"isPartOf\":{\"@id\":\"https:\/\/now-news.de\/de\/deutschland\/ex-praesident-trump-feiert-erfolg-beim-obersten-gericht-immunitaetsfrage-fuer-monate-vertagt\/\"},\"author\":{\"name\":\"rtnews\",\"@id\":\"https:\/\/now-news.de\/de\/#\/schema\/person\/fb534a4e865501d8b3285208df34a9b5\"},\"headline\":\"Ex-Pr\u00e4sident Trump feiert Erfolg beim Obersten Gericht \u2013 Immunit\u00e4tsfrage f\u00fcr Monate vertagt\",\"datePublished\":\"2023-12-23T11:42:19+00:00\",\"dateModified\":\"2023-12-23T11:42:19+00:00\",\"mainEntityOfPage\":{\"@id\":\"https:\/\/now-news.de\/de\/deutschland\/ex-praesident-trump-feiert-erfolg-beim-obersten-gericht-immunitaetsfrage-fuer-monate-vertagt\/\"},\"wordCount\":560,\"commentCount\":0,\"publisher\":{\"@id\":\"https:\/\/now-news.de\/de\/#organization\"},\"image\":{\"@id\":\"https:\/\/now-news.de\/de\/deutschland\/ex-praesident-trump-feiert-erfolg-beim-obersten-gericht-immunitaetsfrage-fuer-monate-vertagt\/#primaryimage\"},\"thumbnailUrl\":\"https:\/\/now-news.de\/de\/wp-content\/uploads\/sites\/3\/2023\/12\/Ex-Praesident-Trump-feiert-Erfolg-beim-Obersten-Gericht-\u2013-Immunitaetsfrage-fuer.jpg\",\"keywords\":[\"beim\",\"Erfolg\",\"ExPr\u00e4sident\",\"feiert\",\"f\u00fcr\",\"Gericht\",\"Immunit\u00e4tsfrage\",\"Monate\",\"Obersten\",\"trump\",\"vertagt\"],\"articleSection\":[\"Deutschland\",\"Russland\"],\"inLanguage\":\"de\",\"potentialAction\":[{\"@type\":\"CommentAction\",\"name\":\"Comment\",\"target\":[\"https:\/\/now-news.de\/de\/deutschland\/ex-praesident-trump-feiert-erfolg-beim-obersten-gericht-immunitaetsfrage-fuer-monate-vertagt\/#respond\"]}]},{\"@type\":\"WebPage\",\"@id\":\"https:\/\/now-news.de\/de\/deutschland\/ex-praesident-trump-feiert-erfolg-beim-obersten-gericht-immunitaetsfrage-fuer-monate-vertagt\/\",\"url\":\"https:\/\/now-news.de\/de\/deutschland\/ex-praesident-trump-feiert-erfolg-beim-obersten-gericht-immunitaetsfrage-fuer-monate-vertagt\/\",\"name\":\"Ex-Pr\u00e4sident Trump feiert Erfolg beim Obersten Gericht \u2013 Immunit\u00e4tsfrage f\u00fcr Monate vertagt - just-now.NEWS Deutschland\",\"isPartOf\":{\"@id\":\"https:\/\/now-news.de\/de\/#website\"},\"primaryImageOfPage\":{\"@id\":\"https:\/\/now-news.de\/de\/deutschland\/ex-praesident-trump-feiert-erfolg-beim-obersten-gericht-immunitaetsfrage-fuer-monate-vertagt\/#primaryimage\"},\"image\":{\"@id\":\"https:\/\/now-news.de\/de\/deutschland\/ex-praesident-trump-feiert-erfolg-beim-obersten-gericht-immunitaetsfrage-fuer-monate-vertagt\/#primaryimage\"},\"thumbnailUrl\":\"https:\/\/now-news.de\/de\/wp-content\/uploads\/sites\/3\/2023\/12\/Ex-Praesident-Trump-feiert-Erfolg-beim-Obersten-Gericht-\u2013-Immunitaetsfrage-fuer.jpg\",\"datePublished\":\"2023-12-23T11:42:19+00:00\",\"dateModified\":\"2023-12-23T11:42:19+00:00\",\"breadcrumb\":{\"@id\":\"https:\/\/now-news.de\/de\/deutschland\/ex-praesident-trump-feiert-erfolg-beim-obersten-gericht-immunitaetsfrage-fuer-monate-vertagt\/#breadcrumb\"},\"inLanguage\":\"de\",\"potentialAction\":[{\"@type\":\"ReadAction\",\"target\":[\"https:\/\/now-news.de\/de\/deutschland\/ex-praesident-trump-feiert-erfolg-beim-obersten-gericht-immunitaetsfrage-fuer-monate-vertagt\/\"]}]},{\"@type\":\"ImageObject\",\"inLanguage\":\"de\",\"@id\":\"https:\/\/now-news.de\/de\/deutschland\/ex-praesident-trump-feiert-erfolg-beim-obersten-gericht-immunitaetsfrage-fuer-monate-vertagt\/#primaryimage\",\"url\":\"https:\/\/now-news.de\/de\/wp-content\/uploads\/sites\/3\/2023\/12\/Ex-Praesident-Trump-feiert-Erfolg-beim-Obersten-Gericht-\u2013-Immunitaetsfrage-fuer.jpg\",\"contentUrl\":\"https:\/\/now-news.de\/de\/wp-content\/uploads\/sites\/3\/2023\/12\/Ex-Praesident-Trump-feiert-Erfolg-beim-Obersten-Gericht-\u2013-Immunitaetsfrage-fuer.jpg\",\"width\":460,\"height\":259,\"caption\":\"Ex-Pr\u00e4sident Trump feiert Erfolg beim Obersten Gericht \u2013 Immunit\u00e4tsfrage f\u00fcr Monate vertagt\"},{\"@type\":\"BreadcrumbList\",\"@id\":\"https:\/\/now-news.de\/de\/deutschland\/ex-praesident-trump-feiert-erfolg-beim-obersten-gericht-immunitaetsfrage-fuer-monate-vertagt\/#breadcrumb\",\"itemListElement\":[{\"@type\":\"ListItem\",\"position\":1,\"name\":\"Home\",\"item\":\"https:\/\/now-news.de\/de\/\"},{\"@type\":\"ListItem\",\"position\":2,\"name\":\"Ex-Pr\u00e4sident Trump feiert Erfolg beim Obersten Gericht \u2013 Immunit\u00e4tsfrage f\u00fcr Monate vertagt\"}]},{\"@type\":\"WebSite\",\"@id\":\"https:\/\/now-news.de\/de\/#website\",\"url\":\"https:\/\/now-news.de\/de\/\",\"name\":\"just-now.NEWS Deutschland\",\"description\":\"Das Portal f\u00fcr unzensierte Nachrichten aus der Welt\",\"publisher\":{\"@id\":\"https:\/\/now-news.de\/de\/#organization\"},\"potentialAction\":[{\"@type\":\"SearchAction\",\"target\":{\"@type\":\"EntryPoint\",\"urlTemplate\":\"https:\/\/now-news.de\/de\/?s={search_term_string}\"},\"query-input\":\"required name=search_term_string\"}],\"inLanguage\":\"de\"},{\"@type\":\"Organization\",\"@id\":\"https:\/\/now-news.de\/de\/#organization\",\"name\":\"Just Now News\",\"url\":\"https:\/\/now-news.de\/de\/\",\"logo\":{\"@type\":\"ImageObject\",\"inLanguage\":\"de\",\"@id\":\"https:\/\/now-news.de\/de\/#\/schema\/logo\/image\/\",\"url\":\"http:\/\/just-now.news\/de\/wp-content\/uploads\/sites\/3\/2022\/04\/logo500x500.jpg\",\"contentUrl\":\"http:\/\/just-now.news\/de\/wp-content\/uploads\/sites\/3\/2022\/04\/logo500x500.jpg\",\"width\":500,\"height\":500,\"caption\":\"Just Now News\"},\"image\":{\"@id\":\"https:\/\/now-news.de\/de\/#\/schema\/logo\/image\/\"},\"sameAs\":[\"https:\/\/www.facebook.com\/wirmachenauf\",\"https:\/\/x.com\/WirMachenAuf_de\"]},{\"@type\":\"Person\",\"@id\":\"https:\/\/now-news.de\/de\/#\/schema\/person\/fb534a4e865501d8b3285208df34a9b5\",\"name\":\"rtnews\",\"image\":{\"@type\":\"ImageObject\",\"inLanguage\":\"de\",\"@id\":\"https:\/\/now-news.de\/de\/#\/schema\/person\/image\/\",\"url\":\"https:\/\/secure.gravatar.com\/avatar\/82aafea7d8127119dd649515f56e2117?s=96&d=mm&r=g\",\"contentUrl\":\"https:\/\/secure.gravatar.com\/avatar\/82aafea7d8127119dd649515f56e2117?s=96&d=mm&r=g\",\"caption\":\"rtnews\"},\"url\":\"https:\/\/now-news.de\/de\/author\/rnews\/\"}]}<\/script>\n<!-- \/ Yoast SEO Premium plugin. -->","yoast_head_json":{"title":"Ex-Pr\u00e4sident Trump feiert Erfolg beim Obersten Gericht \u2013 Immunit\u00e4tsfrage f\u00fcr Monate vertagt - just-now.NEWS Deutschland","robots":{"index":"index","follow":"follow","max-snippet":"max-snippet:-1","max-image-preview":"max-image-preview:large","max-video-preview":"max-video-preview:-1"},"canonical":"https:\/\/now-news.de\/de\/deutschland\/ex-praesident-trump-feiert-erfolg-beim-obersten-gericht-immunitaetsfrage-fuer-monate-vertagt\/","og_locale":"de_DE","og_type":"article","og_title":"Ex-Pr\u00e4sident Trump feiert Erfolg beim Obersten Gericht \u2013 Immunit\u00e4tsfrage f\u00fcr Monate vertagt","og_description":"Der Prozess gegen den Ex-Pr\u00e4sidenten Donald Trump wegen &#8220;Wahlbetrugs&#8221; zieht sich in die L\u00e4nge \u2013 das Oberste Gericht wird sich vorerst nicht mit der Frage seiner Immunit\u00e4t auf Bundesebene befassen. Mit einem entsprechenden Antrag wollte Sonderermittler Smith das Berufungsgericht umgehen. Der Oberste Gerichtshof der USA wird sich vorerst nicht mit der Frage der Immunit\u00e4t des [&hellip;]","og_url":"https:\/\/now-news.de\/de\/deutschland\/ex-praesident-trump-feiert-erfolg-beim-obersten-gericht-immunitaetsfrage-fuer-monate-vertagt\/","og_site_name":"just-now.NEWS Deutschland","article_publisher":"https:\/\/www.facebook.com\/wirmachenauf","article_published_time":"2023-12-23T11:42:19+00:00","og_image":[{"width":460,"height":259,"url":"https:\/\/now-news.de\/de\/wp-content\/uploads\/sites\/3\/2023\/12\/Ex-Praesident-Trump-feiert-Erfolg-beim-Obersten-Gericht-\u2013-Immunitaetsfrage-fuer.jpg","type":"image\/jpeg"}],"author":"rtnews","twitter_card":"summary_large_image","twitter_creator":"@WirMachenAuf_de","twitter_site":"@WirMachenAuf_de","twitter_misc":{"Verfasst von":"rtnews","Gesch\u00e4tzte Lesezeit":"3\u00a0Minuten"},"schema":{"@context":"https:\/\/schema.org","@graph":[{"@type":"Article","@id":"https:\/\/now-news.de\/de\/deutschland\/ex-praesident-trump-feiert-erfolg-beim-obersten-gericht-immunitaetsfrage-fuer-monate-vertagt\/#article","isPartOf":{"@id":"https:\/\/now-news.de\/de\/deutschland\/ex-praesident-trump-feiert-erfolg-beim-obersten-gericht-immunitaetsfrage-fuer-monate-vertagt\/"},"author":{"name":"rtnews","@id":"https:\/\/now-news.de\/de\/#\/schema\/person\/fb534a4e865501d8b3285208df34a9b5"},"headline":"Ex-Pr\u00e4sident Trump feiert Erfolg beim Obersten Gericht \u2013 Immunit\u00e4tsfrage f\u00fcr Monate vertagt","datePublished":"2023-12-23T11:42:19+00:00","dateModified":"2023-12-23T11:42:19+00:00","mainEntityOfPage":{"@id":"https:\/\/now-news.de\/de\/deutschland\/ex-praesident-trump-feiert-erfolg-beim-obersten-gericht-immunitaetsfrage-fuer-monate-vertagt\/"},"wordCount":560,"commentCount":0,"publisher":{"@id":"https:\/\/now-news.de\/de\/#organization"},"image":{"@id":"https:\/\/now-news.de\/de\/deutschland\/ex-praesident-trump-feiert-erfolg-beim-obersten-gericht-immunitaetsfrage-fuer-monate-vertagt\/#primaryimage"},"thumbnailUrl":"https:\/\/now-news.de\/de\/wp-content\/uploads\/sites\/3\/2023\/12\/Ex-Praesident-Trump-feiert-Erfolg-beim-Obersten-Gericht-\u2013-Immunitaetsfrage-fuer.jpg","keywords":["beim","Erfolg","ExPr\u00e4sident","feiert","f\u00fcr","Gericht","Immunit\u00e4tsfrage","Monate","Obersten","trump","vertagt"],"articleSection":["Deutschland","Russland"],"inLanguage":"de","potentialAction":[{"@type":"CommentAction","name":"Comment","target":["https:\/\/now-news.de\/de\/deutschland\/ex-praesident-trump-feiert-erfolg-beim-obersten-gericht-immunitaetsfrage-fuer-monate-vertagt\/#respond"]}]},{"@type":"WebPage","@id":"https:\/\/now-news.de\/de\/deutschland\/ex-praesident-trump-feiert-erfolg-beim-obersten-gericht-immunitaetsfrage-fuer-monate-vertagt\/","url":"https:\/\/now-news.de\/de\/deutschland\/ex-praesident-trump-feiert-erfolg-beim-obersten-gericht-immunitaetsfrage-fuer-monate-vertagt\/","name":"Ex-Pr\u00e4sident Trump feiert Erfolg beim Obersten Gericht \u2013 Immunit\u00e4tsfrage f\u00fcr Monate vertagt - just-now.NEWS Deutschland","isPartOf":{"@id":"https:\/\/now-news.de\/de\/#website"},"primaryImageOfPage":{"@id":"https:\/\/now-news.de\/de\/deutschland\/ex-praesident-trump-feiert-erfolg-beim-obersten-gericht-immunitaetsfrage-fuer-monate-vertagt\/#primaryimage"},"image":{"@id":"https:\/\/now-news.de\/de\/deutschland\/ex-praesident-trump-feiert-erfolg-beim-obersten-gericht-immunitaetsfrage-fuer-monate-vertagt\/#primaryimage"},"thumbnailUrl":"https:\/\/now-news.de\/de\/wp-content\/uploads\/sites\/3\/2023\/12\/Ex-Praesident-Trump-feiert-Erfolg-beim-Obersten-Gericht-\u2013-Immunitaetsfrage-fuer.jpg","datePublished":"2023-12-23T11:42:19+00:00","dateModified":"2023-12-23T11:42:19+00:00","breadcrumb":{"@id":"https:\/\/now-news.de\/de\/deutschland\/ex-praesident-trump-feiert-erfolg-beim-obersten-gericht-immunitaetsfrage-fuer-monate-vertagt\/#breadcrumb"},"inLanguage":"de","potentialAction":[{"@type":"ReadAction","target":["https:\/\/now-news.de\/de\/deutschland\/ex-praesident-trump-feiert-erfolg-beim-obersten-gericht-immunitaetsfrage-fuer-monate-vertagt\/"]}]},{"@type":"ImageObject","inLanguage":"de","@id":"https:\/\/now-news.de\/de\/deutschland\/ex-praesident-trump-feiert-erfolg-beim-obersten-gericht-immunitaetsfrage-fuer-monate-vertagt\/#primaryimage","url":"https:\/\/now-news.de\/de\/wp-content\/uploads\/sites\/3\/2023\/12\/Ex-Praesident-Trump-feiert-Erfolg-beim-Obersten-Gericht-\u2013-Immunitaetsfrage-fuer.jpg","contentUrl":"https:\/\/now-news.de\/de\/wp-content\/uploads\/sites\/3\/2023\/12\/Ex-Praesident-Trump-feiert-Erfolg-beim-Obersten-Gericht-\u2013-Immunitaetsfrage-fuer.jpg","width":460,"height":259,"caption":"Ex-Pr\u00e4sident Trump feiert Erfolg beim Obersten Gericht \u2013 Immunit\u00e4tsfrage f\u00fcr Monate vertagt"},{"@type":"BreadcrumbList","@id":"https:\/\/now-news.de\/de\/deutschland\/ex-praesident-trump-feiert-erfolg-beim-obersten-gericht-immunitaetsfrage-fuer-monate-vertagt\/#breadcrumb","itemListElement":[{"@type":"ListItem","position":1,"name":"Home","item":"https:\/\/now-news.de\/de\/"},{"@type":"ListItem","position":2,"name":"Ex-Pr\u00e4sident Trump feiert Erfolg beim Obersten Gericht \u2013 Immunit\u00e4tsfrage f\u00fcr Monate vertagt"}]},{"@type":"WebSite","@id":"https:\/\/now-news.de\/de\/#website","url":"https:\/\/now-news.de\/de\/","name":"just-now.NEWS Deutschland","description":"Das Portal f\u00fcr unzensierte Nachrichten aus der Welt","publisher":{"@id":"https:\/\/now-news.de\/de\/#organization"},"potentialAction":[{"@type":"SearchAction","target":{"@type":"EntryPoint","urlTemplate":"https:\/\/now-news.de\/de\/?s={search_term_string}"},"query-input":"required name=search_term_string"}],"inLanguage":"de"},{"@type":"Organization","@id":"https:\/\/now-news.de\/de\/#organization","name":"Just Now News","url":"https:\/\/now-news.de\/de\/","logo":{"@type":"ImageObject","inLanguage":"de","@id":"https:\/\/now-news.de\/de\/#\/schema\/logo\/image\/","url":"http:\/\/just-now.news\/de\/wp-content\/uploads\/sites\/3\/2022\/04\/logo500x500.jpg","contentUrl":"http:\/\/just-now.news\/de\/wp-content\/uploads\/sites\/3\/2022\/04\/logo500x500.jpg","width":500,"height":500,"caption":"Just Now News"},"image":{"@id":"https:\/\/now-news.de\/de\/#\/schema\/logo\/image\/"},"sameAs":["https:\/\/www.facebook.com\/wirmachenauf","https:\/\/x.com\/WirMachenAuf_de"]},{"@type":"Person","@id":"https:\/\/now-news.de\/de\/#\/schema\/person\/fb534a4e865501d8b3285208df34a9b5","name":"rtnews","image":{"@type":"ImageObject","inLanguage":"de","@id":"https:\/\/now-news.de\/de\/#\/schema\/person\/image\/","url":"https:\/\/secure.gravatar.com\/avatar\/82aafea7d8127119dd649515f56e2117?s=96&d=mm&r=g","contentUrl":"https:\/\/secure.gravatar.com\/avatar\/82aafea7d8127119dd649515f56e2117?s=96&d=mm&r=g","caption":"rtnews"},"url":"https:\/\/now-news.de\/de\/author\/rnews\/"}]}},"_links":{"self":[{"href":"https:\/\/now-news.de\/de\/wp-json\/wp\/v2\/posts\/52067"}],"collection":[{"href":"https:\/\/now-news.de\/de\/wp-json\/wp\/v2\/posts"}],"about":[{"href":"https:\/\/now-news.de\/de\/wp-json\/wp\/v2\/types\/post"}],"author":[{"embeddable":true,"href":"https:\/\/now-news.de\/de\/wp-json\/wp\/v2\/users\/3"}],"replies":[{"embeddable":true,"href":"https:\/\/now-news.de\/de\/wp-json\/wp\/v2\/comments?post=52067"}],"version-history":[{"count":0,"href":"https:\/\/now-news.de\/de\/wp-json\/wp\/v2\/posts\/52067\/revisions"}],"wp:featuredmedia":[{"embeddable":true,"href":"https:\/\/now-news.de\/de\/wp-json\/wp\/v2\/media\/52068"}],"wp:attachment":[{"href":"https:\/\/now-news.de\/de\/wp-json\/wp\/v2\/media?parent=52067"}],"wp:term":[{"taxonomy":"category","embeddable":true,"href":"https:\/\/now-news.de\/de\/wp-json\/wp\/v2\/categories?post=52067"},{"taxonomy":"post_tag","embeddable":true,"href":"https:\/\/now-news.de\/de\/wp-json\/wp\/v2\/tags?post=52067"}],"curies":[{"name":"wp","href":"https:\/\/api.w.org\/{rel}","templated":true}]}}