{"id":52009,"date":"2023-12-22T09:30:48","date_gmt":"2023-12-22T07:30:48","guid":{"rendered":"https:\/\/just-now.news\/de\/deutschland\/gewinner-der-khaled-alkhateb-international-memorial-awards-2023-verkuendet\/"},"modified":"2023-12-22T09:30:48","modified_gmt":"2023-12-22T07:30:48","slug":"gewinner-der-khaled-alkhateb-international-memorial-awards-2023-verkuendet","status":"publish","type":"post","link":"https:\/\/now-news.de\/de\/deutschland\/gewinner-der-khaled-alkhateb-international-memorial-awards-2023-verkuendet\/","title":{"rendered":"Gewinner der Khaled Alkhateb International Memorial Awards 2023 verk\u00fcndet"},"content":{"rendered":"<p><img decoding=\"async\" src=\"http:\/\/just-now.news\/de\/wp-content\/uploads\/sites\/3\/2023\/12\/6584790d48fbef5f1347d185.jpg\" \/><\/p>\n<div class=\"Text-root Text-type_1 \">\n                Die diesj\u00e4hrigen Gewinner der Khaled Alkhateb International Memorial Awards wurden bekannt gegeben. Mit dem Internationalen Preis f\u00fcr Kriegsberichterstatter wurden Beitr\u00e4ge zu den Konflikten im Donbass, im Gazastreifen und in Syrien ausgezeichnet.\n            <\/div>\n<p><\/p>\n<div class=\"Text-root Text-type_5 ArticleView-text ViewText-root \">\n<p>Die Jury der Khaled Alkhateb International Memorial Awards 2023, mit dem Journalisten f\u00fcr die besten Beitr\u00e4ge aus Konfliktgebieten ausgezeichnet werden, hat die Gewinner verk\u00fcndet. Geehrt wurden Kriegsberichterstatter aus Pal\u00e4stina, Russland, Syrien und Argentinien. Der Fernsehsender <em>RT<\/em> hat die Auszeichnung in Erinnerung an den Journalisten von <em>RT Arabic<\/em> Khaled Alkhateb gestiftet, der 2017 in Syrien bei einem Beschuss get\u00f6tet worden war.<\/p>\n<p>Im Jahr 2023 wurden die Preise in vier Kategorien verliehen. Die Beitr\u00e4ge wurden von Journalisten aus 14 L\u00e4ndern in sechs Sprachen verfasst. Die Gewinner sind:<\/p>\n<p><strong>1. &#8220;Bester Videobeitrag aus einer Konfliktzone&#8221;<\/strong><\/p>\n<p>Ghazi Al-Aloul (Gazastreifen, Pal\u00e4stina), &#8220;Gaza. Die Folgen&#8221;, Fernsehsender <em>Roya <\/em>(Jordanien)<\/p>\n<p>Eine Reihe von Berichten \u00fcber die Situation im Gazastreifen, der unter st\u00e4ndigem Bombardement durch die israelische Armee steht. Der Korrespondent berichtet \u00fcber den Tod von Journalisten, die \u00fcber den Konflikt informierten, \u00fcber die Arbeit der Krankenh\u00e4user unter Kriegsbedingungen und das Leben der Fl\u00fcchtlinge.<\/p>\n<p><strong>2. &#8220;Bester Textbeitrag aus einer Konfliktzone&#8221;<\/strong><\/p>\n<p>Sergei Prudnikow, &#8220;Berichte aus dem Donbass&#8221;, Zeitung <em>Iswestija<\/em> (Russland)<\/p>\n<p>Eine Reihe von Artikeln \u00fcber Frontst\u00e4dte in der Donezker Volksrepublik Mitte 2022. Der Korrespondent beschreibt die Folgen eines der schwersten Besch\u00fcsse von Donezk, die R\u00fcckkehr zu relativer Ruhe in Wolnowacha, wo die K\u00e4mpfe vor Kurzem beendet wurden, die Evakuierung von Zivilisten aus Mariupol und die Lage in Jassinowataja, das t\u00e4glich unter Beschuss stand.<\/p>\n<p><strong>3. &#8220;Bester Videobeitrag: Humanit\u00e4re Mission&#8221;<\/strong><\/p>\n<p>Sebastian Salgado, &#8220;Freiheitstango in Lugansk&#8221;, Internetportal <em>Data Urgente<\/em> (Argentinien)<\/p>\n<p>Der argentinische Journalist reiste im August 2022 in die Volksrepubliken Lugansk und Donezk, um eine Reihe von Dokumentarfilmen zu drehen. Der Film erz\u00e4hlt die Geschichten der Einheimischen und wie diese Frontregion mit dem Krieg zurechtkommt.<\/p>\n<p><strong>4. &#8220;Bester Textbeitrag: Humanit\u00e4re Mission&#8221;<\/strong><\/p>\n<p>Sara Salloum (Syrien), &#8220;Als die Waffen verstummten &#8230;&#8221;, <em>Al Mayadeen English<\/em> (Libanon).<\/p>\n<p>Eine Reihe von Artikeln \u00fcber das Leben nach dem Krieg in mehreren Regionen Syriens. Die Journalistin beschreibt die humanit\u00e4re Krise aufgrund von Wasser- und Nahrungsmittelknappheit, die Zunahme von Kinderarbeit und die Gefahren durch nicht explodierte Minen.<\/p>\n<p>Zur diesj\u00e4hrigen Jury geh\u00f6rten der <em>WGTRK<\/em>-Kriegsberichterstatter Jewgeni Poddubny, der Chefredakteur der \u00e4gyptischen Zeitung <em>Youm7<\/em> Ahmed Gomma, der Chefmoderator des interarabischen Fernsehsenders <em>Al Ghad <\/em>Amro Abdelhamid, der libanesische Kriegsberichterstatter und Mitarbeiter des Zentrums f\u00fcr Studien der arabischen Einheit Muhammad Ballout und Ayanda Hollow, Leiter der Afrika-Abteilung von <em>TV BRICS<\/em>. Die Arbeiten wurden auch von den <em>RT<\/em>-Journalisten Salam Musafir (<em>RT Arabi<\/em><em>\u0441<\/em>), Semjon Senderow (<em>RT Spanish<\/em>) und Thomas R\u00f6per (<em>RT DE<\/em>) bewertet.<\/p>\n<p>In den vergangenen Jahren waren Journalisten aus Russland, dem Irak, Irland, Singapur, den USA, Italien, Syrien und dem Jemen die Gewinner der Khaled Alkhateb Memorial Awards.<\/p>\n<p>Die Auszeichnung wurde von <em>RT<\/em> im Gedenken an den Journalisten und freien Korrespondenten von <em>RT Arabic<\/em> Khaled Alkhateb ins Leben gerufen, der im Jahr 2017 bei einem Raketenbeschuss durch K\u00e4mpfer des Islamischen Staats in der syrischen Provinz Homs get\u00f6tet wurde. Khaled hatte \u00fcber die K\u00e4mpfe zwischen syrischen Regierungstruppen und Terroristen berichtet. Im Jahr 2018 unterzeichnete der russische Pr\u00e4sident Wladimir Putin ein Dekret zur posthumen Auszeichnung von Khaled Alkhateb mit der Tapferkeitsmedaille, die seiner Familie bei der Zeremonie der ersten Preis-Verleihung \u00fcberreicht wurde.<\/p>\n<p><strong>Mehr zum Thema<\/strong> \u2013 <a rel=\"nofollow noopener\" target=\"_blank\" href=\"https:\/\/kurz.rt.com\/3dkl\">Diesj\u00e4hrige Gewinner der Khaled Alkhateb International Memorial Awards stehen fest<\/a><\/p>\n<\/div>\n<p><br \/>\n<br \/><a href=\"https:\/\/de.rt.com\/international\/190600-gewinner-khaled-alkhateb-international-memorial\/\">Source link <\/a><\/p>\n","protected":false},"excerpt":{"rendered":"<p>Die diesj\u00e4hrigen Gewinner der Khaled Alkhateb International Memorial Awards wurden bekannt gegeben. Mit dem Internationalen Preis f\u00fcr Kriegsberichterstatter wurden Beitr\u00e4ge zu den Konflikten im Donbass, im Gazastreifen und in Syrien ausgezeichnet. Die Jury der Khaled Alkhateb International Memorial Awards 2023, mit dem Journalisten f\u00fcr die besten Beitr\u00e4ge aus Konfliktgebieten ausgezeichnet werden, hat die Gewinner verk\u00fcndet. [&hellip;]<\/p>\n","protected":false},"author":3,"featured_media":52010,"comment_status":"open","ping_status":"open","sticky":false,"template":"","format":"standard","meta":{"_yoast_indexnow_last_ping":["1703231091"],"wp_automatic_camp":["217"],"f515af7d4398afe5e6ccd5044e4073b1":["Gewinner der Khaled Alkhateb International Memorial Awards 2023 verk\u00fcndet"],"original_link":["https:\/\/de.rt.com\/international\/190600-gewinner-khaled-alkhateb-international-memorial\/"],"_thumbnail_id":["52010"],"jnews_social_counter_last_update":["1777328615"],"_wptgpro_p2tg_sent2tg":["a:1:{i:23737;s:19:\"2023-12-22 09:46:16\";}"]},"categories":[19,23],"tags":[29639,10311,82,37709,9188,29638,22412,9690],"yoast_head":"<!-- This site is optimized with the Yoast SEO Premium plugin v22.7 (Yoast SEO v22.7) - https:\/\/yoast.com\/wordpress\/plugins\/seo\/ -->\n<title>Gewinner der Khaled Alkhateb International Memorial Awards 2023 verk\u00fcndet - just-now.NEWS Deutschland<\/title>\n<meta name=\"robots\" content=\"index, follow, max-snippet:-1, max-image-preview:large, max-video-preview:-1\" \/>\n<link rel=\"canonical\" href=\"https:\/\/now-news.de\/de\/deutschland\/gewinner-der-khaled-alkhateb-international-memorial-awards-2023-verkuendet\/\" \/>\n<meta property=\"og:locale\" content=\"de_DE\" \/>\n<meta property=\"og:type\" content=\"article\" \/>\n<meta property=\"og:title\" content=\"Gewinner der Khaled Alkhateb International Memorial Awards 2023 verk\u00fcndet\" \/>\n<meta property=\"og:description\" content=\"Die diesj\u00e4hrigen Gewinner der Khaled Alkhateb International Memorial Awards wurden bekannt gegeben. Mit dem Internationalen Preis f\u00fcr Kriegsberichterstatter wurden Beitr\u00e4ge zu den Konflikten im Donbass, im Gazastreifen und in Syrien ausgezeichnet. Die Jury der Khaled Alkhateb International Memorial Awards 2023, mit dem Journalisten f\u00fcr die besten Beitr\u00e4ge aus Konfliktgebieten ausgezeichnet werden, hat die Gewinner verk\u00fcndet. [&hellip;]\" \/>\n<meta property=\"og:url\" content=\"https:\/\/now-news.de\/de\/deutschland\/gewinner-der-khaled-alkhateb-international-memorial-awards-2023-verkuendet\/\" \/>\n<meta property=\"og:site_name\" content=\"just-now.NEWS Deutschland\" \/>\n<meta property=\"article:publisher\" content=\"https:\/\/www.facebook.com\/wirmachenauf\" \/>\n<meta property=\"article:published_time\" content=\"2023-12-22T07:30:48+00:00\" \/>\n<meta property=\"og:image\" content=\"https:\/\/now-news.de\/de\/wp-content\/uploads\/sites\/3\/2023\/12\/Gewinner-der-Khaled-Alkhateb-International-Memorial-Awards-2023-verkuendet.jpg\" \/>\n\t<meta property=\"og:image:width\" content=\"460\" \/>\n\t<meta property=\"og:image:height\" content=\"259\" \/>\n\t<meta property=\"og:image:type\" content=\"image\/jpeg\" \/>\n<meta name=\"author\" content=\"rtnews\" \/>\n<meta name=\"twitter:card\" content=\"summary_large_image\" \/>\n<meta name=\"twitter:creator\" content=\"@WirMachenAuf_de\" \/>\n<meta name=\"twitter:site\" content=\"@WirMachenAuf_de\" \/>\n<meta name=\"twitter:label1\" content=\"Verfasst von\" \/>\n\t<meta name=\"twitter:data1\" content=\"rtnews\" \/>\n\t<meta name=\"twitter:label2\" content=\"Gesch\u00e4tzte Lesezeit\" \/>\n\t<meta name=\"twitter:data2\" content=\"3\u00a0Minuten\" \/>\n<script type=\"application\/ld+json\" class=\"yoast-schema-graph\">{\"@context\":\"https:\/\/schema.org\",\"@graph\":[{\"@type\":\"Article\",\"@id\":\"https:\/\/now-news.de\/de\/deutschland\/gewinner-der-khaled-alkhateb-international-memorial-awards-2023-verkuendet\/#article\",\"isPartOf\":{\"@id\":\"https:\/\/now-news.de\/de\/deutschland\/gewinner-der-khaled-alkhateb-international-memorial-awards-2023-verkuendet\/\"},\"author\":{\"name\":\"rtnews\",\"@id\":\"https:\/\/now-news.de\/de\/#\/schema\/person\/fb534a4e865501d8b3285208df34a9b5\"},\"headline\":\"Gewinner der Khaled Alkhateb International Memorial Awards 2023 verk\u00fcndet\",\"datePublished\":\"2023-12-22T07:30:48+00:00\",\"dateModified\":\"2023-12-22T07:30:48+00:00\",\"mainEntityOfPage\":{\"@id\":\"https:\/\/now-news.de\/de\/deutschland\/gewinner-der-khaled-alkhateb-international-memorial-awards-2023-verkuendet\/\"},\"wordCount\":567,\"commentCount\":0,\"publisher\":{\"@id\":\"https:\/\/now-news.de\/de\/#organization\"},\"image\":{\"@id\":\"https:\/\/now-news.de\/de\/deutschland\/gewinner-der-khaled-alkhateb-international-memorial-awards-2023-verkuendet\/#primaryimage\"},\"thumbnailUrl\":\"https:\/\/now-news.de\/de\/wp-content\/uploads\/sites\/3\/2023\/12\/Gewinner-der-Khaled-Alkhateb-International-Memorial-Awards-2023-verkuendet.jpg\",\"keywords\":[\"Alkhateb\",\"Awards\",\"der\",\"Gewinner\",\"International\",\"Khaled\",\"Memorial\",\"verk\u00fcndet\"],\"articleSection\":[\"Deutschland\",\"Russland\"],\"inLanguage\":\"de\",\"potentialAction\":[{\"@type\":\"CommentAction\",\"name\":\"Comment\",\"target\":[\"https:\/\/now-news.de\/de\/deutschland\/gewinner-der-khaled-alkhateb-international-memorial-awards-2023-verkuendet\/#respond\"]}]},{\"@type\":\"WebPage\",\"@id\":\"https:\/\/now-news.de\/de\/deutschland\/gewinner-der-khaled-alkhateb-international-memorial-awards-2023-verkuendet\/\",\"url\":\"https:\/\/now-news.de\/de\/deutschland\/gewinner-der-khaled-alkhateb-international-memorial-awards-2023-verkuendet\/\",\"name\":\"Gewinner der Khaled Alkhateb International Memorial Awards 2023 verk\u00fcndet - just-now.NEWS Deutschland\",\"isPartOf\":{\"@id\":\"https:\/\/now-news.de\/de\/#website\"},\"primaryImageOfPage\":{\"@id\":\"https:\/\/now-news.de\/de\/deutschland\/gewinner-der-khaled-alkhateb-international-memorial-awards-2023-verkuendet\/#primaryimage\"},\"image\":{\"@id\":\"https:\/\/now-news.de\/de\/deutschland\/gewinner-der-khaled-alkhateb-international-memorial-awards-2023-verkuendet\/#primaryimage\"},\"thumbnailUrl\":\"https:\/\/now-news.de\/de\/wp-content\/uploads\/sites\/3\/2023\/12\/Gewinner-der-Khaled-Alkhateb-International-Memorial-Awards-2023-verkuendet.jpg\",\"datePublished\":\"2023-12-22T07:30:48+00:00\",\"dateModified\":\"2023-12-22T07:30:48+00:00\",\"breadcrumb\":{\"@id\":\"https:\/\/now-news.de\/de\/deutschland\/gewinner-der-khaled-alkhateb-international-memorial-awards-2023-verkuendet\/#breadcrumb\"},\"inLanguage\":\"de\",\"potentialAction\":[{\"@type\":\"ReadAction\",\"target\":[\"https:\/\/now-news.de\/de\/deutschland\/gewinner-der-khaled-alkhateb-international-memorial-awards-2023-verkuendet\/\"]}]},{\"@type\":\"ImageObject\",\"inLanguage\":\"de\",\"@id\":\"https:\/\/now-news.de\/de\/deutschland\/gewinner-der-khaled-alkhateb-international-memorial-awards-2023-verkuendet\/#primaryimage\",\"url\":\"https:\/\/now-news.de\/de\/wp-content\/uploads\/sites\/3\/2023\/12\/Gewinner-der-Khaled-Alkhateb-International-Memorial-Awards-2023-verkuendet.jpg\",\"contentUrl\":\"https:\/\/now-news.de\/de\/wp-content\/uploads\/sites\/3\/2023\/12\/Gewinner-der-Khaled-Alkhateb-International-Memorial-Awards-2023-verkuendet.jpg\",\"width\":460,\"height\":259,\"caption\":\"Gewinner der Khaled Alkhateb International Memorial Awards 2023 verk\u00fcndet\"},{\"@type\":\"BreadcrumbList\",\"@id\":\"https:\/\/now-news.de\/de\/deutschland\/gewinner-der-khaled-alkhateb-international-memorial-awards-2023-verkuendet\/#breadcrumb\",\"itemListElement\":[{\"@type\":\"ListItem\",\"position\":1,\"name\":\"Home\",\"item\":\"https:\/\/now-news.de\/de\/\"},{\"@type\":\"ListItem\",\"position\":2,\"name\":\"Gewinner der Khaled Alkhateb International Memorial Awards 2023 verk\u00fcndet\"}]},{\"@type\":\"WebSite\",\"@id\":\"https:\/\/now-news.de\/de\/#website\",\"url\":\"https:\/\/now-news.de\/de\/\",\"name\":\"just-now.NEWS Deutschland\",\"description\":\"Das Portal f\u00fcr unzensierte Nachrichten aus der Welt\",\"publisher\":{\"@id\":\"https:\/\/now-news.de\/de\/#organization\"},\"potentialAction\":[{\"@type\":\"SearchAction\",\"target\":{\"@type\":\"EntryPoint\",\"urlTemplate\":\"https:\/\/now-news.de\/de\/?s={search_term_string}\"},\"query-input\":\"required name=search_term_string\"}],\"inLanguage\":\"de\"},{\"@type\":\"Organization\",\"@id\":\"https:\/\/now-news.de\/de\/#organization\",\"name\":\"Just Now News\",\"url\":\"https:\/\/now-news.de\/de\/\",\"logo\":{\"@type\":\"ImageObject\",\"inLanguage\":\"de\",\"@id\":\"https:\/\/now-news.de\/de\/#\/schema\/logo\/image\/\",\"url\":\"http:\/\/just-now.news\/de\/wp-content\/uploads\/sites\/3\/2022\/04\/logo500x500.jpg\",\"contentUrl\":\"http:\/\/just-now.news\/de\/wp-content\/uploads\/sites\/3\/2022\/04\/logo500x500.jpg\",\"width\":500,\"height\":500,\"caption\":\"Just Now News\"},\"image\":{\"@id\":\"https:\/\/now-news.de\/de\/#\/schema\/logo\/image\/\"},\"sameAs\":[\"https:\/\/www.facebook.com\/wirmachenauf\",\"https:\/\/x.com\/WirMachenAuf_de\"]},{\"@type\":\"Person\",\"@id\":\"https:\/\/now-news.de\/de\/#\/schema\/person\/fb534a4e865501d8b3285208df34a9b5\",\"name\":\"rtnews\",\"image\":{\"@type\":\"ImageObject\",\"inLanguage\":\"de\",\"@id\":\"https:\/\/now-news.de\/de\/#\/schema\/person\/image\/\",\"url\":\"https:\/\/secure.gravatar.com\/avatar\/82aafea7d8127119dd649515f56e2117?s=96&d=mm&r=g\",\"contentUrl\":\"https:\/\/secure.gravatar.com\/avatar\/82aafea7d8127119dd649515f56e2117?s=96&d=mm&r=g\",\"caption\":\"rtnews\"},\"url\":\"https:\/\/now-news.de\/de\/author\/rnews\/\"}]}<\/script>\n<!-- \/ Yoast SEO Premium plugin. -->","yoast_head_json":{"title":"Gewinner der Khaled Alkhateb International Memorial Awards 2023 verk\u00fcndet - just-now.NEWS Deutschland","robots":{"index":"index","follow":"follow","max-snippet":"max-snippet:-1","max-image-preview":"max-image-preview:large","max-video-preview":"max-video-preview:-1"},"canonical":"https:\/\/now-news.de\/de\/deutschland\/gewinner-der-khaled-alkhateb-international-memorial-awards-2023-verkuendet\/","og_locale":"de_DE","og_type":"article","og_title":"Gewinner der Khaled Alkhateb International Memorial Awards 2023 verk\u00fcndet","og_description":"Die diesj\u00e4hrigen Gewinner der Khaled Alkhateb International Memorial Awards wurden bekannt gegeben. Mit dem Internationalen Preis f\u00fcr Kriegsberichterstatter wurden Beitr\u00e4ge zu den Konflikten im Donbass, im Gazastreifen und in Syrien ausgezeichnet. Die Jury der Khaled Alkhateb International Memorial Awards 2023, mit dem Journalisten f\u00fcr die besten Beitr\u00e4ge aus Konfliktgebieten ausgezeichnet werden, hat die Gewinner verk\u00fcndet. [&hellip;]","og_url":"https:\/\/now-news.de\/de\/deutschland\/gewinner-der-khaled-alkhateb-international-memorial-awards-2023-verkuendet\/","og_site_name":"just-now.NEWS Deutschland","article_publisher":"https:\/\/www.facebook.com\/wirmachenauf","article_published_time":"2023-12-22T07:30:48+00:00","og_image":[{"width":460,"height":259,"url":"https:\/\/now-news.de\/de\/wp-content\/uploads\/sites\/3\/2023\/12\/Gewinner-der-Khaled-Alkhateb-International-Memorial-Awards-2023-verkuendet.jpg","type":"image\/jpeg"}],"author":"rtnews","twitter_card":"summary_large_image","twitter_creator":"@WirMachenAuf_de","twitter_site":"@WirMachenAuf_de","twitter_misc":{"Verfasst von":"rtnews","Gesch\u00e4tzte Lesezeit":"3\u00a0Minuten"},"schema":{"@context":"https:\/\/schema.org","@graph":[{"@type":"Article","@id":"https:\/\/now-news.de\/de\/deutschland\/gewinner-der-khaled-alkhateb-international-memorial-awards-2023-verkuendet\/#article","isPartOf":{"@id":"https:\/\/now-news.de\/de\/deutschland\/gewinner-der-khaled-alkhateb-international-memorial-awards-2023-verkuendet\/"},"author":{"name":"rtnews","@id":"https:\/\/now-news.de\/de\/#\/schema\/person\/fb534a4e865501d8b3285208df34a9b5"},"headline":"Gewinner der Khaled Alkhateb International Memorial Awards 2023 verk\u00fcndet","datePublished":"2023-12-22T07:30:48+00:00","dateModified":"2023-12-22T07:30:48+00:00","mainEntityOfPage":{"@id":"https:\/\/now-news.de\/de\/deutschland\/gewinner-der-khaled-alkhateb-international-memorial-awards-2023-verkuendet\/"},"wordCount":567,"commentCount":0,"publisher":{"@id":"https:\/\/now-news.de\/de\/#organization"},"image":{"@id":"https:\/\/now-news.de\/de\/deutschland\/gewinner-der-khaled-alkhateb-international-memorial-awards-2023-verkuendet\/#primaryimage"},"thumbnailUrl":"https:\/\/now-news.de\/de\/wp-content\/uploads\/sites\/3\/2023\/12\/Gewinner-der-Khaled-Alkhateb-International-Memorial-Awards-2023-verkuendet.jpg","keywords":["Alkhateb","Awards","der","Gewinner","International","Khaled","Memorial","verk\u00fcndet"],"articleSection":["Deutschland","Russland"],"inLanguage":"de","potentialAction":[{"@type":"CommentAction","name":"Comment","target":["https:\/\/now-news.de\/de\/deutschland\/gewinner-der-khaled-alkhateb-international-memorial-awards-2023-verkuendet\/#respond"]}]},{"@type":"WebPage","@id":"https:\/\/now-news.de\/de\/deutschland\/gewinner-der-khaled-alkhateb-international-memorial-awards-2023-verkuendet\/","url":"https:\/\/now-news.de\/de\/deutschland\/gewinner-der-khaled-alkhateb-international-memorial-awards-2023-verkuendet\/","name":"Gewinner der Khaled Alkhateb International Memorial Awards 2023 verk\u00fcndet - just-now.NEWS Deutschland","isPartOf":{"@id":"https:\/\/now-news.de\/de\/#website"},"primaryImageOfPage":{"@id":"https:\/\/now-news.de\/de\/deutschland\/gewinner-der-khaled-alkhateb-international-memorial-awards-2023-verkuendet\/#primaryimage"},"image":{"@id":"https:\/\/now-news.de\/de\/deutschland\/gewinner-der-khaled-alkhateb-international-memorial-awards-2023-verkuendet\/#primaryimage"},"thumbnailUrl":"https:\/\/now-news.de\/de\/wp-content\/uploads\/sites\/3\/2023\/12\/Gewinner-der-Khaled-Alkhateb-International-Memorial-Awards-2023-verkuendet.jpg","datePublished":"2023-12-22T07:30:48+00:00","dateModified":"2023-12-22T07:30:48+00:00","breadcrumb":{"@id":"https:\/\/now-news.de\/de\/deutschland\/gewinner-der-khaled-alkhateb-international-memorial-awards-2023-verkuendet\/#breadcrumb"},"inLanguage":"de","potentialAction":[{"@type":"ReadAction","target":["https:\/\/now-news.de\/de\/deutschland\/gewinner-der-khaled-alkhateb-international-memorial-awards-2023-verkuendet\/"]}]},{"@type":"ImageObject","inLanguage":"de","@id":"https:\/\/now-news.de\/de\/deutschland\/gewinner-der-khaled-alkhateb-international-memorial-awards-2023-verkuendet\/#primaryimage","url":"https:\/\/now-news.de\/de\/wp-content\/uploads\/sites\/3\/2023\/12\/Gewinner-der-Khaled-Alkhateb-International-Memorial-Awards-2023-verkuendet.jpg","contentUrl":"https:\/\/now-news.de\/de\/wp-content\/uploads\/sites\/3\/2023\/12\/Gewinner-der-Khaled-Alkhateb-International-Memorial-Awards-2023-verkuendet.jpg","width":460,"height":259,"caption":"Gewinner der Khaled Alkhateb International Memorial Awards 2023 verk\u00fcndet"},{"@type":"BreadcrumbList","@id":"https:\/\/now-news.de\/de\/deutschland\/gewinner-der-khaled-alkhateb-international-memorial-awards-2023-verkuendet\/#breadcrumb","itemListElement":[{"@type":"ListItem","position":1,"name":"Home","item":"https:\/\/now-news.de\/de\/"},{"@type":"ListItem","position":2,"name":"Gewinner der Khaled Alkhateb International Memorial Awards 2023 verk\u00fcndet"}]},{"@type":"WebSite","@id":"https:\/\/now-news.de\/de\/#website","url":"https:\/\/now-news.de\/de\/","name":"just-now.NEWS Deutschland","description":"Das Portal f\u00fcr unzensierte Nachrichten aus der Welt","publisher":{"@id":"https:\/\/now-news.de\/de\/#organization"},"potentialAction":[{"@type":"SearchAction","target":{"@type":"EntryPoint","urlTemplate":"https:\/\/now-news.de\/de\/?s={search_term_string}"},"query-input":"required name=search_term_string"}],"inLanguage":"de"},{"@type":"Organization","@id":"https:\/\/now-news.de\/de\/#organization","name":"Just Now News","url":"https:\/\/now-news.de\/de\/","logo":{"@type":"ImageObject","inLanguage":"de","@id":"https:\/\/now-news.de\/de\/#\/schema\/logo\/image\/","url":"http:\/\/just-now.news\/de\/wp-content\/uploads\/sites\/3\/2022\/04\/logo500x500.jpg","contentUrl":"http:\/\/just-now.news\/de\/wp-content\/uploads\/sites\/3\/2022\/04\/logo500x500.jpg","width":500,"height":500,"caption":"Just Now News"},"image":{"@id":"https:\/\/now-news.de\/de\/#\/schema\/logo\/image\/"},"sameAs":["https:\/\/www.facebook.com\/wirmachenauf","https:\/\/x.com\/WirMachenAuf_de"]},{"@type":"Person","@id":"https:\/\/now-news.de\/de\/#\/schema\/person\/fb534a4e865501d8b3285208df34a9b5","name":"rtnews","image":{"@type":"ImageObject","inLanguage":"de","@id":"https:\/\/now-news.de\/de\/#\/schema\/person\/image\/","url":"https:\/\/secure.gravatar.com\/avatar\/82aafea7d8127119dd649515f56e2117?s=96&d=mm&r=g","contentUrl":"https:\/\/secure.gravatar.com\/avatar\/82aafea7d8127119dd649515f56e2117?s=96&d=mm&r=g","caption":"rtnews"},"url":"https:\/\/now-news.de\/de\/author\/rnews\/"}]}},"_links":{"self":[{"href":"https:\/\/now-news.de\/de\/wp-json\/wp\/v2\/posts\/52009"}],"collection":[{"href":"https:\/\/now-news.de\/de\/wp-json\/wp\/v2\/posts"}],"about":[{"href":"https:\/\/now-news.de\/de\/wp-json\/wp\/v2\/types\/post"}],"author":[{"embeddable":true,"href":"https:\/\/now-news.de\/de\/wp-json\/wp\/v2\/users\/3"}],"replies":[{"embeddable":true,"href":"https:\/\/now-news.de\/de\/wp-json\/wp\/v2\/comments?post=52009"}],"version-history":[{"count":0,"href":"https:\/\/now-news.de\/de\/wp-json\/wp\/v2\/posts\/52009\/revisions"}],"wp:featuredmedia":[{"embeddable":true,"href":"https:\/\/now-news.de\/de\/wp-json\/wp\/v2\/media\/52010"}],"wp:attachment":[{"href":"https:\/\/now-news.de\/de\/wp-json\/wp\/v2\/media?parent=52009"}],"wp:term":[{"taxonomy":"category","embeddable":true,"href":"https:\/\/now-news.de\/de\/wp-json\/wp\/v2\/categories?post=52009"},{"taxonomy":"post_tag","embeddable":true,"href":"https:\/\/now-news.de\/de\/wp-json\/wp\/v2\/tags?post=52009"}],"curies":[{"name":"wp","href":"https:\/\/api.w.org\/{rel}","templated":true}]}}