{"id":51987,"date":"2023-12-21T20:49:23","date_gmt":"2023-12-21T18:49:23","guid":{"rendered":"https:\/\/just-now.news\/de\/deutschland\/wann-gab-es-das-zuletzt-mehr-als-jeder-zehnte-liegt-flach\/"},"modified":"2023-12-21T20:49:23","modified_gmt":"2023-12-21T18:49:23","slug":"wann-gab-es-das-zuletzt-mehr-als-jeder-zehnte-liegt-flach","status":"publish","type":"post","link":"https:\/\/now-news.de\/de\/deutschland\/wann-gab-es-das-zuletzt-mehr-als-jeder-zehnte-liegt-flach\/","title":{"rendered":"Wann gab es das zuletzt? Mehr als jeder Zehnte liegt flach"},"content":{"rendered":"<p><img decoding=\"async\" src=\"http:\/\/just-now.news\/de\/wp-content\/uploads\/sites\/3\/2023\/12\/65846656b480cc46c0194ecc.jpg\" \/><\/p>\n<div class=\"Text-root Text-type_1 \">\n                Eine Grippe- und Erk\u00e4ltungswelle rollt \u00fcber Deutschland. Die Krankschreibungen befinden sich auf hohem Niveau. Insgesamt steckte sich vergangene Woche mehr als jeder zehnte Mensch in Deutschland neu mit einem Atemwegserreger an, so das RKI.\n            <\/div>\n<p><\/p>\n<div class=\"Text-root Text-type_5 ArticleView-text ViewText-root \">\n<p>Wie aus dem <a rel=\"nofollow noopener\" target=\"_blank\" href=\"https:\/\/influenza.rki.de\/Wochenberichte\/2023_2024\/2023-50.pdf\">aktuellen Wochenbericht<\/a> des Robert-Koch-Instituts hervorgeht, hat sich die Zahl der registrierten Ansteckungen von Atemwegserkrankungen erneut verdoppelt, auf nunmehr 3.317 F\u00e4lle. Das berichtet der<em>\u00a0MDR<\/em>\u00a0am Donnerstag. In der Studie hei\u00dft es:\u00a0&#8220;Von Influenzaerkrankungen sind bisher vornehmlich Kinder im Schulalter und junge Erwachsene betroffen.&#8221;<\/p>\n<p>Der h\u00e4ufigste Grippestamm ist diesmal die Linie\u00a0Influenza\u00a0A(H1N1)pdm09, ein angeblicher Nachfahre der Schweinegrippe von 2009.\u00a0Insgesamt steckte sich vergangene Woche mehr als jeder zehnte Mensch in Deutschland neu mit einem Atemwegserreger an, so die RKI-Sch\u00e4tzung auf Basis der Zahlen des Umfragetools GrippeWeb. Demnach lag die Neuinfektionsrate in der Bev\u00f6lkerung bei 10,6 Prozent,\u00a0das entspricht etwa\u00a08,9 Millionen Neuerkrankungen.\u00a0Das RKI sch\u00e4tzt, dass mehr als jede dritte Infektion durch das Coronavirus SARS-CoV-2 ausgel\u00f6st worden ist.<\/p>\n<p>Unklar ist jedoch, wer sich \u00fcberhaupt noch testen l\u00e4sst und welche Aussagekraft diese \u00dcberlegungen Ende 2023 noch haben. Klar ist aber: Durch die Lockdowns 2020\/2021, Homeoffice und Homeschooling scheint das Immunsystem vieler Menschen weniger belastbar als vor der &#8220;Corona-Krise&#8221; zu sein.\u00a0<\/p>\n<p><strong>Mehr zum Thema &#8211;<\/strong>\u00a0<a rel=\"nofollow noopener\" target=\"_blank\" href=\"https:\/\/freeassange.rtde.life\/inland\/189736-zaavv-umfassende-dokumentation-von-folgeschaeden\/\">Das ZAAVV \u2013 Ein Verein treibt Aufarbeitung von Folgesch\u00e4den der Coronapolitik voran<\/a><\/p>\n<\/p>\n<\/div>\n<p><br \/>\n<br \/><a href=\"https:\/\/de.rt.com\/inland\/190594-wann-gab-es-zuletzt-mehr\/\">Source link <\/a><\/p>\n","protected":false},"excerpt":{"rendered":"<p>Eine Grippe- und Erk\u00e4ltungswelle rollt \u00fcber Deutschland. Die Krankschreibungen befinden sich auf hohem Niveau. Insgesamt steckte sich vergangene Woche mehr als jeder zehnte Mensch in Deutschland neu mit einem Atemwegserreger an, so das RKI. Wie aus dem aktuellen Wochenbericht des Robert-Koch-Instituts hervorgeht, hat sich die Zahl der registrierten Ansteckungen von Atemwegserkrankungen erneut verdoppelt, auf nunmehr [&hellip;]<\/p>\n","protected":false},"author":3,"featured_media":51988,"comment_status":"open","ping_status":"open","sticky":false,"template":"","format":"standard","meta":{"_yoast_indexnow_last_ping":["1703185101"],"wp_automatic_camp":["217"],"06c0f41d23880475ad3ce54edbc07903":["Wann gab es das zuletzt? Mehr als jeder Zehnte liegt flach"],"original_link":["https:\/\/de.rt.com\/inland\/190594-wann-gab-es-zuletzt-mehr\/"],"_thumbnail_id":["51988"],"_wptgpro_p2tg_sent2tg":["a:1:{i:23737;s:19:\"2023-12-21 20:59:19\";}"],"jnews_social_counter_last_update":["1777267556"]},"categories":[19,23],"tags":[273,427,51828,11610,12049,3953,2063,13562,31792,51827],"yoast_head":"<!-- This site is optimized with the Yoast SEO Premium plugin v22.7 (Yoast SEO v22.7) - https:\/\/yoast.com\/wordpress\/plugins\/seo\/ -->\n<title>Wann gab es das zuletzt? Mehr als jeder Zehnte liegt flach - just-now.NEWS Deutschland<\/title>\n<meta name=\"robots\" content=\"index, follow, max-snippet:-1, max-image-preview:large, max-video-preview:-1\" \/>\n<link rel=\"canonical\" href=\"https:\/\/now-news.de\/de\/deutschland\/wann-gab-es-das-zuletzt-mehr-als-jeder-zehnte-liegt-flach\/\" \/>\n<meta property=\"og:locale\" content=\"de_DE\" \/>\n<meta property=\"og:type\" content=\"article\" \/>\n<meta property=\"og:title\" content=\"Wann gab es das zuletzt? Mehr als jeder Zehnte liegt flach\" \/>\n<meta property=\"og:description\" content=\"Eine Grippe- und Erk\u00e4ltungswelle rollt \u00fcber Deutschland. Die Krankschreibungen befinden sich auf hohem Niveau. Insgesamt steckte sich vergangene Woche mehr als jeder zehnte Mensch in Deutschland neu mit einem Atemwegserreger an, so das RKI. Wie aus dem aktuellen Wochenbericht des Robert-Koch-Instituts hervorgeht, hat sich die Zahl der registrierten Ansteckungen von Atemwegserkrankungen erneut verdoppelt, auf nunmehr [&hellip;]\" \/>\n<meta property=\"og:url\" content=\"https:\/\/now-news.de\/de\/deutschland\/wann-gab-es-das-zuletzt-mehr-als-jeder-zehnte-liegt-flach\/\" \/>\n<meta property=\"og:site_name\" content=\"just-now.NEWS Deutschland\" \/>\n<meta property=\"article:publisher\" content=\"https:\/\/www.facebook.com\/wirmachenauf\" \/>\n<meta property=\"article:published_time\" content=\"2023-12-21T18:49:23+00:00\" \/>\n<meta property=\"og:image\" content=\"https:\/\/now-news.de\/de\/wp-content\/uploads\/sites\/3\/2023\/12\/Wann-gab-es-das-zuletzt-Mehr-als-jeder-Zehnte-liegt.jpg\" \/>\n\t<meta property=\"og:image:width\" content=\"460\" \/>\n\t<meta property=\"og:image:height\" content=\"259\" \/>\n\t<meta property=\"og:image:type\" content=\"image\/jpeg\" \/>\n<meta name=\"author\" content=\"rtnews\" \/>\n<meta name=\"twitter:card\" content=\"summary_large_image\" \/>\n<meta name=\"twitter:creator\" content=\"@WirMachenAuf_de\" \/>\n<meta name=\"twitter:site\" content=\"@WirMachenAuf_de\" \/>\n<meta name=\"twitter:label1\" content=\"Verfasst von\" \/>\n\t<meta name=\"twitter:data1\" content=\"rtnews\" \/>\n\t<meta name=\"twitter:label2\" content=\"Gesch\u00e4tzte Lesezeit\" \/>\n\t<meta name=\"twitter:data2\" content=\"1\u00a0Minute\" \/>\n<script type=\"application\/ld+json\" class=\"yoast-schema-graph\">{\"@context\":\"https:\/\/schema.org\",\"@graph\":[{\"@type\":\"Article\",\"@id\":\"https:\/\/now-news.de\/de\/deutschland\/wann-gab-es-das-zuletzt-mehr-als-jeder-zehnte-liegt-flach\/#article\",\"isPartOf\":{\"@id\":\"https:\/\/now-news.de\/de\/deutschland\/wann-gab-es-das-zuletzt-mehr-als-jeder-zehnte-liegt-flach\/\"},\"author\":{\"name\":\"rtnews\",\"@id\":\"https:\/\/now-news.de\/de\/#\/schema\/person\/fb534a4e865501d8b3285208df34a9b5\"},\"headline\":\"Wann gab es das zuletzt? Mehr als jeder Zehnte liegt flach\",\"datePublished\":\"2023-12-21T18:49:23+00:00\",\"dateModified\":\"2023-12-21T18:49:23+00:00\",\"mainEntityOfPage\":{\"@id\":\"https:\/\/now-news.de\/de\/deutschland\/wann-gab-es-das-zuletzt-mehr-als-jeder-zehnte-liegt-flach\/\"},\"wordCount\":232,\"commentCount\":0,\"publisher\":{\"@id\":\"https:\/\/now-news.de\/de\/#organization\"},\"image\":{\"@id\":\"https:\/\/now-news.de\/de\/deutschland\/wann-gab-es-das-zuletzt-mehr-als-jeder-zehnte-liegt-flach\/#primaryimage\"},\"thumbnailUrl\":\"https:\/\/now-news.de\/de\/wp-content\/uploads\/sites\/3\/2023\/12\/Wann-gab-es-das-zuletzt-Mehr-als-jeder-Zehnte-liegt.jpg\",\"keywords\":[\"als\",\"das\",\"flach\",\"gab\",\"jeder\",\"liegt\",\"mehr\",\"Wann\",\"Zehnte\",\"zuletzt\"],\"articleSection\":[\"Deutschland\",\"Russland\"],\"inLanguage\":\"de\",\"potentialAction\":[{\"@type\":\"CommentAction\",\"name\":\"Comment\",\"target\":[\"https:\/\/now-news.de\/de\/deutschland\/wann-gab-es-das-zuletzt-mehr-als-jeder-zehnte-liegt-flach\/#respond\"]}]},{\"@type\":\"WebPage\",\"@id\":\"https:\/\/now-news.de\/de\/deutschland\/wann-gab-es-das-zuletzt-mehr-als-jeder-zehnte-liegt-flach\/\",\"url\":\"https:\/\/now-news.de\/de\/deutschland\/wann-gab-es-das-zuletzt-mehr-als-jeder-zehnte-liegt-flach\/\",\"name\":\"Wann gab es das zuletzt? Mehr als jeder Zehnte liegt flach - just-now.NEWS Deutschland\",\"isPartOf\":{\"@id\":\"https:\/\/now-news.de\/de\/#website\"},\"primaryImageOfPage\":{\"@id\":\"https:\/\/now-news.de\/de\/deutschland\/wann-gab-es-das-zuletzt-mehr-als-jeder-zehnte-liegt-flach\/#primaryimage\"},\"image\":{\"@id\":\"https:\/\/now-news.de\/de\/deutschland\/wann-gab-es-das-zuletzt-mehr-als-jeder-zehnte-liegt-flach\/#primaryimage\"},\"thumbnailUrl\":\"https:\/\/now-news.de\/de\/wp-content\/uploads\/sites\/3\/2023\/12\/Wann-gab-es-das-zuletzt-Mehr-als-jeder-Zehnte-liegt.jpg\",\"datePublished\":\"2023-12-21T18:49:23+00:00\",\"dateModified\":\"2023-12-21T18:49:23+00:00\",\"breadcrumb\":{\"@id\":\"https:\/\/now-news.de\/de\/deutschland\/wann-gab-es-das-zuletzt-mehr-als-jeder-zehnte-liegt-flach\/#breadcrumb\"},\"inLanguage\":\"de\",\"potentialAction\":[{\"@type\":\"ReadAction\",\"target\":[\"https:\/\/now-news.de\/de\/deutschland\/wann-gab-es-das-zuletzt-mehr-als-jeder-zehnte-liegt-flach\/\"]}]},{\"@type\":\"ImageObject\",\"inLanguage\":\"de\",\"@id\":\"https:\/\/now-news.de\/de\/deutschland\/wann-gab-es-das-zuletzt-mehr-als-jeder-zehnte-liegt-flach\/#primaryimage\",\"url\":\"https:\/\/now-news.de\/de\/wp-content\/uploads\/sites\/3\/2023\/12\/Wann-gab-es-das-zuletzt-Mehr-als-jeder-Zehnte-liegt.jpg\",\"contentUrl\":\"https:\/\/now-news.de\/de\/wp-content\/uploads\/sites\/3\/2023\/12\/Wann-gab-es-das-zuletzt-Mehr-als-jeder-Zehnte-liegt.jpg\",\"width\":460,\"height\":259,\"caption\":\"Wann gab es das zuletzt? Mehr als jeder Zehnte liegt flach\"},{\"@type\":\"BreadcrumbList\",\"@id\":\"https:\/\/now-news.de\/de\/deutschland\/wann-gab-es-das-zuletzt-mehr-als-jeder-zehnte-liegt-flach\/#breadcrumb\",\"itemListElement\":[{\"@type\":\"ListItem\",\"position\":1,\"name\":\"Home\",\"item\":\"https:\/\/now-news.de\/de\/\"},{\"@type\":\"ListItem\",\"position\":2,\"name\":\"Wann gab es das zuletzt? Mehr als jeder Zehnte liegt flach\"}]},{\"@type\":\"WebSite\",\"@id\":\"https:\/\/now-news.de\/de\/#website\",\"url\":\"https:\/\/now-news.de\/de\/\",\"name\":\"just-now.NEWS Deutschland\",\"description\":\"Das Portal f\u00fcr unzensierte Nachrichten aus der Welt\",\"publisher\":{\"@id\":\"https:\/\/now-news.de\/de\/#organization\"},\"potentialAction\":[{\"@type\":\"SearchAction\",\"target\":{\"@type\":\"EntryPoint\",\"urlTemplate\":\"https:\/\/now-news.de\/de\/?s={search_term_string}\"},\"query-input\":\"required name=search_term_string\"}],\"inLanguage\":\"de\"},{\"@type\":\"Organization\",\"@id\":\"https:\/\/now-news.de\/de\/#organization\",\"name\":\"Just Now News\",\"url\":\"https:\/\/now-news.de\/de\/\",\"logo\":{\"@type\":\"ImageObject\",\"inLanguage\":\"de\",\"@id\":\"https:\/\/now-news.de\/de\/#\/schema\/logo\/image\/\",\"url\":\"http:\/\/just-now.news\/de\/wp-content\/uploads\/sites\/3\/2022\/04\/logo500x500.jpg\",\"contentUrl\":\"http:\/\/just-now.news\/de\/wp-content\/uploads\/sites\/3\/2022\/04\/logo500x500.jpg\",\"width\":500,\"height\":500,\"caption\":\"Just Now News\"},\"image\":{\"@id\":\"https:\/\/now-news.de\/de\/#\/schema\/logo\/image\/\"},\"sameAs\":[\"https:\/\/www.facebook.com\/wirmachenauf\",\"https:\/\/x.com\/WirMachenAuf_de\"]},{\"@type\":\"Person\",\"@id\":\"https:\/\/now-news.de\/de\/#\/schema\/person\/fb534a4e865501d8b3285208df34a9b5\",\"name\":\"rtnews\",\"image\":{\"@type\":\"ImageObject\",\"inLanguage\":\"de\",\"@id\":\"https:\/\/now-news.de\/de\/#\/schema\/person\/image\/\",\"url\":\"https:\/\/secure.gravatar.com\/avatar\/82aafea7d8127119dd649515f56e2117?s=96&d=mm&r=g\",\"contentUrl\":\"https:\/\/secure.gravatar.com\/avatar\/82aafea7d8127119dd649515f56e2117?s=96&d=mm&r=g\",\"caption\":\"rtnews\"},\"url\":\"https:\/\/now-news.de\/de\/author\/rnews\/\"}]}<\/script>\n<!-- \/ Yoast SEO Premium plugin. -->","yoast_head_json":{"title":"Wann gab es das zuletzt? Mehr als jeder Zehnte liegt flach - just-now.NEWS Deutschland","robots":{"index":"index","follow":"follow","max-snippet":"max-snippet:-1","max-image-preview":"max-image-preview:large","max-video-preview":"max-video-preview:-1"},"canonical":"https:\/\/now-news.de\/de\/deutschland\/wann-gab-es-das-zuletzt-mehr-als-jeder-zehnte-liegt-flach\/","og_locale":"de_DE","og_type":"article","og_title":"Wann gab es das zuletzt? Mehr als jeder Zehnte liegt flach","og_description":"Eine Grippe- und Erk\u00e4ltungswelle rollt \u00fcber Deutschland. Die Krankschreibungen befinden sich auf hohem Niveau. Insgesamt steckte sich vergangene Woche mehr als jeder zehnte Mensch in Deutschland neu mit einem Atemwegserreger an, so das RKI. Wie aus dem aktuellen Wochenbericht des Robert-Koch-Instituts hervorgeht, hat sich die Zahl der registrierten Ansteckungen von Atemwegserkrankungen erneut verdoppelt, auf nunmehr [&hellip;]","og_url":"https:\/\/now-news.de\/de\/deutschland\/wann-gab-es-das-zuletzt-mehr-als-jeder-zehnte-liegt-flach\/","og_site_name":"just-now.NEWS Deutschland","article_publisher":"https:\/\/www.facebook.com\/wirmachenauf","article_published_time":"2023-12-21T18:49:23+00:00","og_image":[{"width":460,"height":259,"url":"https:\/\/now-news.de\/de\/wp-content\/uploads\/sites\/3\/2023\/12\/Wann-gab-es-das-zuletzt-Mehr-als-jeder-Zehnte-liegt.jpg","type":"image\/jpeg"}],"author":"rtnews","twitter_card":"summary_large_image","twitter_creator":"@WirMachenAuf_de","twitter_site":"@WirMachenAuf_de","twitter_misc":{"Verfasst von":"rtnews","Gesch\u00e4tzte Lesezeit":"1\u00a0Minute"},"schema":{"@context":"https:\/\/schema.org","@graph":[{"@type":"Article","@id":"https:\/\/now-news.de\/de\/deutschland\/wann-gab-es-das-zuletzt-mehr-als-jeder-zehnte-liegt-flach\/#article","isPartOf":{"@id":"https:\/\/now-news.de\/de\/deutschland\/wann-gab-es-das-zuletzt-mehr-als-jeder-zehnte-liegt-flach\/"},"author":{"name":"rtnews","@id":"https:\/\/now-news.de\/de\/#\/schema\/person\/fb534a4e865501d8b3285208df34a9b5"},"headline":"Wann gab es das zuletzt? Mehr als jeder Zehnte liegt flach","datePublished":"2023-12-21T18:49:23+00:00","dateModified":"2023-12-21T18:49:23+00:00","mainEntityOfPage":{"@id":"https:\/\/now-news.de\/de\/deutschland\/wann-gab-es-das-zuletzt-mehr-als-jeder-zehnte-liegt-flach\/"},"wordCount":232,"commentCount":0,"publisher":{"@id":"https:\/\/now-news.de\/de\/#organization"},"image":{"@id":"https:\/\/now-news.de\/de\/deutschland\/wann-gab-es-das-zuletzt-mehr-als-jeder-zehnte-liegt-flach\/#primaryimage"},"thumbnailUrl":"https:\/\/now-news.de\/de\/wp-content\/uploads\/sites\/3\/2023\/12\/Wann-gab-es-das-zuletzt-Mehr-als-jeder-Zehnte-liegt.jpg","keywords":["als","das","flach","gab","jeder","liegt","mehr","Wann","Zehnte","zuletzt"],"articleSection":["Deutschland","Russland"],"inLanguage":"de","potentialAction":[{"@type":"CommentAction","name":"Comment","target":["https:\/\/now-news.de\/de\/deutschland\/wann-gab-es-das-zuletzt-mehr-als-jeder-zehnte-liegt-flach\/#respond"]}]},{"@type":"WebPage","@id":"https:\/\/now-news.de\/de\/deutschland\/wann-gab-es-das-zuletzt-mehr-als-jeder-zehnte-liegt-flach\/","url":"https:\/\/now-news.de\/de\/deutschland\/wann-gab-es-das-zuletzt-mehr-als-jeder-zehnte-liegt-flach\/","name":"Wann gab es das zuletzt? Mehr als jeder Zehnte liegt flach - just-now.NEWS Deutschland","isPartOf":{"@id":"https:\/\/now-news.de\/de\/#website"},"primaryImageOfPage":{"@id":"https:\/\/now-news.de\/de\/deutschland\/wann-gab-es-das-zuletzt-mehr-als-jeder-zehnte-liegt-flach\/#primaryimage"},"image":{"@id":"https:\/\/now-news.de\/de\/deutschland\/wann-gab-es-das-zuletzt-mehr-als-jeder-zehnte-liegt-flach\/#primaryimage"},"thumbnailUrl":"https:\/\/now-news.de\/de\/wp-content\/uploads\/sites\/3\/2023\/12\/Wann-gab-es-das-zuletzt-Mehr-als-jeder-Zehnte-liegt.jpg","datePublished":"2023-12-21T18:49:23+00:00","dateModified":"2023-12-21T18:49:23+00:00","breadcrumb":{"@id":"https:\/\/now-news.de\/de\/deutschland\/wann-gab-es-das-zuletzt-mehr-als-jeder-zehnte-liegt-flach\/#breadcrumb"},"inLanguage":"de","potentialAction":[{"@type":"ReadAction","target":["https:\/\/now-news.de\/de\/deutschland\/wann-gab-es-das-zuletzt-mehr-als-jeder-zehnte-liegt-flach\/"]}]},{"@type":"ImageObject","inLanguage":"de","@id":"https:\/\/now-news.de\/de\/deutschland\/wann-gab-es-das-zuletzt-mehr-als-jeder-zehnte-liegt-flach\/#primaryimage","url":"https:\/\/now-news.de\/de\/wp-content\/uploads\/sites\/3\/2023\/12\/Wann-gab-es-das-zuletzt-Mehr-als-jeder-Zehnte-liegt.jpg","contentUrl":"https:\/\/now-news.de\/de\/wp-content\/uploads\/sites\/3\/2023\/12\/Wann-gab-es-das-zuletzt-Mehr-als-jeder-Zehnte-liegt.jpg","width":460,"height":259,"caption":"Wann gab es das zuletzt? Mehr als jeder Zehnte liegt flach"},{"@type":"BreadcrumbList","@id":"https:\/\/now-news.de\/de\/deutschland\/wann-gab-es-das-zuletzt-mehr-als-jeder-zehnte-liegt-flach\/#breadcrumb","itemListElement":[{"@type":"ListItem","position":1,"name":"Home","item":"https:\/\/now-news.de\/de\/"},{"@type":"ListItem","position":2,"name":"Wann gab es das zuletzt? Mehr als jeder Zehnte liegt flach"}]},{"@type":"WebSite","@id":"https:\/\/now-news.de\/de\/#website","url":"https:\/\/now-news.de\/de\/","name":"just-now.NEWS Deutschland","description":"Das Portal f\u00fcr unzensierte Nachrichten aus der Welt","publisher":{"@id":"https:\/\/now-news.de\/de\/#organization"},"potentialAction":[{"@type":"SearchAction","target":{"@type":"EntryPoint","urlTemplate":"https:\/\/now-news.de\/de\/?s={search_term_string}"},"query-input":"required name=search_term_string"}],"inLanguage":"de"},{"@type":"Organization","@id":"https:\/\/now-news.de\/de\/#organization","name":"Just Now News","url":"https:\/\/now-news.de\/de\/","logo":{"@type":"ImageObject","inLanguage":"de","@id":"https:\/\/now-news.de\/de\/#\/schema\/logo\/image\/","url":"http:\/\/just-now.news\/de\/wp-content\/uploads\/sites\/3\/2022\/04\/logo500x500.jpg","contentUrl":"http:\/\/just-now.news\/de\/wp-content\/uploads\/sites\/3\/2022\/04\/logo500x500.jpg","width":500,"height":500,"caption":"Just Now News"},"image":{"@id":"https:\/\/now-news.de\/de\/#\/schema\/logo\/image\/"},"sameAs":["https:\/\/www.facebook.com\/wirmachenauf","https:\/\/x.com\/WirMachenAuf_de"]},{"@type":"Person","@id":"https:\/\/now-news.de\/de\/#\/schema\/person\/fb534a4e865501d8b3285208df34a9b5","name":"rtnews","image":{"@type":"ImageObject","inLanguage":"de","@id":"https:\/\/now-news.de\/de\/#\/schema\/person\/image\/","url":"https:\/\/secure.gravatar.com\/avatar\/82aafea7d8127119dd649515f56e2117?s=96&d=mm&r=g","contentUrl":"https:\/\/secure.gravatar.com\/avatar\/82aafea7d8127119dd649515f56e2117?s=96&d=mm&r=g","caption":"rtnews"},"url":"https:\/\/now-news.de\/de\/author\/rnews\/"}]}},"_links":{"self":[{"href":"https:\/\/now-news.de\/de\/wp-json\/wp\/v2\/posts\/51987"}],"collection":[{"href":"https:\/\/now-news.de\/de\/wp-json\/wp\/v2\/posts"}],"about":[{"href":"https:\/\/now-news.de\/de\/wp-json\/wp\/v2\/types\/post"}],"author":[{"embeddable":true,"href":"https:\/\/now-news.de\/de\/wp-json\/wp\/v2\/users\/3"}],"replies":[{"embeddable":true,"href":"https:\/\/now-news.de\/de\/wp-json\/wp\/v2\/comments?post=51987"}],"version-history":[{"count":0,"href":"https:\/\/now-news.de\/de\/wp-json\/wp\/v2\/posts\/51987\/revisions"}],"wp:featuredmedia":[{"embeddable":true,"href":"https:\/\/now-news.de\/de\/wp-json\/wp\/v2\/media\/51988"}],"wp:attachment":[{"href":"https:\/\/now-news.de\/de\/wp-json\/wp\/v2\/media?parent=51987"}],"wp:term":[{"taxonomy":"category","embeddable":true,"href":"https:\/\/now-news.de\/de\/wp-json\/wp\/v2\/categories?post=51987"},{"taxonomy":"post_tag","embeddable":true,"href":"https:\/\/now-news.de\/de\/wp-json\/wp\/v2\/tags?post=51987"}],"curies":[{"name":"wp","href":"https:\/\/api.w.org\/{rel}","templated":true}]}}