{"id":51949,"date":"2023-12-21T10:24:53","date_gmt":"2023-12-21T08:24:53","guid":{"rendered":"https:\/\/just-now.news\/de\/deutschland\/macron-schliesst-einladung-putins-zum-80-jahrestag-der-normandie-landung-nicht-aus\/"},"modified":"2023-12-21T10:24:53","modified_gmt":"2023-12-21T08:24:53","slug":"macron-schliesst-einladung-putins-zum-80-jahrestag-der-normandie-landung-nicht-aus","status":"publish","type":"post","link":"https:\/\/now-news.de\/de\/deutschland\/macron-schliesst-einladung-putins-zum-80-jahrestag-der-normandie-landung-nicht-aus\/","title":{"rendered":"Macron schlie\u00dft Einladung Putins zum 80. Jahrestag der Normandie-Landung nicht aus"},"content":{"rendered":"<p><img decoding=\"async\" src=\"http:\/\/just-now.news\/de\/wp-content\/uploads\/sites\/3\/2023\/12\/6583f120b480cc21243e7a6e.jpg\" \/><\/p>\n<div class=\"Text-root Text-type_1 \">\n                Eine Einladung an Wladimir Putin nach Frankreich zum 80. Jahrestag der Landung in der Normandie sei nicht ausgeschlossen, sagte der franz\u00f6sische Pr\u00e4sident Emmanuel Macron. Allerdings erst nach Friedensverhandlungen zwischen Moskau und Kiew.\n            <\/div>\n<p><\/p>\n<div class=\"Text-root Text-type_5 ArticleView-text ViewText-root \">\n<p>Frankreichs Staatschef\u00a0Emmanuel Macron schlie\u00dft nicht aus, seinen russischen Amtskollegen Wladimir Putin im kommenden Juni zum 80. Jahrestag der Landung der Alliierten in der Normandie einzuladen.\u00a0<\/p>\n<p>Journalisten, die mit Macron im Fernsehsender <em>France 5<\/em> sprachen, deuteten an, dass Putin wahrscheinlich nicht unter den G\u00e4sten sein werde, die zu den Feierlichkeiten eingeladen w\u00fcrden. Macron antwortete: &#8220;Es sei denn, er f\u00fchrt Friedensgespr\u00e4che und \u00e4ndert die Situation mit Selenskij.&#8221;<\/p>\n<p>Putins letzter Besuch in Frankreich anl\u00e4sslich des Jahrestages der Landung der Alliierten fand im Jahr 2014 statt. F\u00fcr den 75. Jahrestag im Jahr 2019 schickte ihm der \u00c9lys\u00e9e-Palast keine Einladung. Dies geschah inmitten einer Reihe von Vorf\u00e4llen, bei denen westliche Regierungen die Rolle der Sowjetunion beim Sieg der Alliierten ignorierten. Moskau kritisierte diese Vorg\u00e4nge als Geschichtsrevisionismus.<\/p>\n<p>Vergangene Woche erkl\u00e4rte Macron auf einer Pressekonferenz, er sei bereit, den Dialog mit Putin wieder aufzunehmen. Der Ukraine-Konflikt habe die Beziehungen zu Russland jedoch &#8220;praktisch unm\u00f6glich&#8221; gemacht. Falls Putin einem Frieden zustimme, &#8220;der das V\u00f6lkerrecht und damit die Interessen und die Souver\u00e4nit\u00e4t der Ukraine respektiert&#8221;, werde er mit ihm telefonieren. &#8220;Ich habe meine Nummer nicht ge\u00e4ndert&#8221;, sagte Macron damals.<\/p>\n<p>Macrons Kommentare waren eine Reaktion auf Putins \u00c4u\u00dferungen, dass Moskau eine &#8220;ziemlich gute Arbeitsbeziehung&#8221; mit Paris gehabt habe, die Macron aber abgebrochen habe.<\/p>\n<p><strong>Mehr zum Thema<\/strong> &#8211; <a rel=\"nofollow noopener\" target=\"_blank\" href=\"https:\/\/freedert.online\/europa\/190471-frankreichs-parlament-verschaerft-migrationsrecht\/\">Frankreichs Parlament versch\u00e4rft Migrationsrecht \u2013 Regierung l\u00e4sst Verfassungsm\u00e4\u00dfigkeit pr\u00fcfen<\/a><\/p>\n<\/p>\n<\/div>\n<p><br \/>\n<br \/><a href=\"https:\/\/de.rt.com\/europa\/190524-macron-schliesst-putins-besuch-in\/\">Source link <\/a><\/p>\n","protected":false},"excerpt":{"rendered":"<p>Eine Einladung an Wladimir Putin nach Frankreich zum 80. Jahrestag der Landung in der Normandie sei nicht ausgeschlossen, sagte der franz\u00f6sische Pr\u00e4sident Emmanuel Macron. Allerdings erst nach Friedensverhandlungen zwischen Moskau und Kiew. Frankreichs Staatschef\u00a0Emmanuel Macron schlie\u00dft nicht aus, seinen russischen Amtskollegen Wladimir Putin im kommenden Juni zum 80. Jahrestag der Landung der Alliierten in der [&hellip;]<\/p>\n","protected":false},"author":3,"featured_media":51950,"comment_status":"open","ping_status":"open","sticky":false,"template":"","format":"standard","meta":{"_yoast_indexnow_last_ping":["1703147956"],"wp_automatic_camp":["217"],"d62fe047272c7f956269c4f03dcaed57":["Macron schlie\u00dft Einladung Putins zum 80. Jahrestag der Normandie-Landung nicht aus"],"original_link":["https:\/\/de.rt.com\/europa\/190524-macron-schliesst-putins-besuch-in\/"],"_thumbnail_id":["51950"],"jnews_social_counter_last_update":["1777351340"],"_wptgpro_p2tg_sent2tg":["a:1:{i:23737;s:19:\"2023-12-21 10:40:16\";}"]},"categories":[19,23],"tags":[679,82,23458,16868,1711,800,51798,23746,870,565],"yoast_head":"<!-- This site is optimized with the Yoast SEO Premium plugin v22.7 (Yoast SEO v22.7) - https:\/\/yoast.com\/wordpress\/plugins\/seo\/ -->\n<title>Macron schlie\u00dft Einladung Putins zum 80. Jahrestag der Normandie-Landung nicht aus - just-now.NEWS Deutschland<\/title>\n<meta name=\"robots\" content=\"index, follow, max-snippet:-1, max-image-preview:large, max-video-preview:-1\" \/>\n<link rel=\"canonical\" href=\"https:\/\/now-news.de\/de\/deutschland\/macron-schliesst-einladung-putins-zum-80-jahrestag-der-normandie-landung-nicht-aus\/\" \/>\n<meta property=\"og:locale\" content=\"de_DE\" \/>\n<meta property=\"og:type\" content=\"article\" \/>\n<meta property=\"og:title\" content=\"Macron schlie\u00dft Einladung Putins zum 80. Jahrestag der Normandie-Landung nicht aus\" \/>\n<meta property=\"og:description\" content=\"Eine Einladung an Wladimir Putin nach Frankreich zum 80. Jahrestag der Landung in der Normandie sei nicht ausgeschlossen, sagte der franz\u00f6sische Pr\u00e4sident Emmanuel Macron. Allerdings erst nach Friedensverhandlungen zwischen Moskau und Kiew. Frankreichs Staatschef\u00a0Emmanuel Macron schlie\u00dft nicht aus, seinen russischen Amtskollegen Wladimir Putin im kommenden Juni zum 80. Jahrestag der Landung der Alliierten in der [&hellip;]\" \/>\n<meta property=\"og:url\" content=\"https:\/\/now-news.de\/de\/deutschland\/macron-schliesst-einladung-putins-zum-80-jahrestag-der-normandie-landung-nicht-aus\/\" \/>\n<meta property=\"og:site_name\" content=\"just-now.NEWS Deutschland\" \/>\n<meta property=\"article:publisher\" content=\"https:\/\/www.facebook.com\/wirmachenauf\" \/>\n<meta property=\"article:published_time\" content=\"2023-12-21T08:24:53+00:00\" \/>\n<meta property=\"og:image\" content=\"https:\/\/now-news.de\/de\/wp-content\/uploads\/sites\/3\/2023\/12\/Macron-schliesst-Einladung-Putins-zum-80-Jahrestag-der-Normandie-Landung-nicht.jpg\" \/>\n\t<meta property=\"og:image:width\" content=\"460\" \/>\n\t<meta property=\"og:image:height\" content=\"259\" \/>\n\t<meta property=\"og:image:type\" content=\"image\/jpeg\" \/>\n<meta name=\"author\" content=\"rtnews\" \/>\n<meta name=\"twitter:card\" content=\"summary_large_image\" \/>\n<meta name=\"twitter:creator\" content=\"@WirMachenAuf_de\" \/>\n<meta name=\"twitter:site\" content=\"@WirMachenAuf_de\" \/>\n<meta name=\"twitter:label1\" content=\"Verfasst von\" \/>\n\t<meta name=\"twitter:data1\" content=\"rtnews\" \/>\n\t<meta name=\"twitter:label2\" content=\"Gesch\u00e4tzte Lesezeit\" \/>\n\t<meta name=\"twitter:data2\" content=\"1\u00a0Minute\" \/>\n<script type=\"application\/ld+json\" class=\"yoast-schema-graph\">{\"@context\":\"https:\/\/schema.org\",\"@graph\":[{\"@type\":\"Article\",\"@id\":\"https:\/\/now-news.de\/de\/deutschland\/macron-schliesst-einladung-putins-zum-80-jahrestag-der-normandie-landung-nicht-aus\/#article\",\"isPartOf\":{\"@id\":\"https:\/\/now-news.de\/de\/deutschland\/macron-schliesst-einladung-putins-zum-80-jahrestag-der-normandie-landung-nicht-aus\/\"},\"author\":{\"name\":\"rtnews\",\"@id\":\"https:\/\/now-news.de\/de\/#\/schema\/person\/fb534a4e865501d8b3285208df34a9b5\"},\"headline\":\"Macron schlie\u00dft Einladung Putins zum 80. Jahrestag der Normandie-Landung nicht aus\",\"datePublished\":\"2023-12-21T08:24:53+00:00\",\"dateModified\":\"2023-12-21T08:24:53+00:00\",\"mainEntityOfPage\":{\"@id\":\"https:\/\/now-news.de\/de\/deutschland\/macron-schliesst-einladung-putins-zum-80-jahrestag-der-normandie-landung-nicht-aus\/\"},\"wordCount\":279,\"commentCount\":0,\"publisher\":{\"@id\":\"https:\/\/now-news.de\/de\/#organization\"},\"image\":{\"@id\":\"https:\/\/now-news.de\/de\/deutschland\/macron-schliesst-einladung-putins-zum-80-jahrestag-der-normandie-landung-nicht-aus\/#primaryimage\"},\"thumbnailUrl\":\"https:\/\/now-news.de\/de\/wp-content\/uploads\/sites\/3\/2023\/12\/Macron-schliesst-Einladung-Putins-zum-80-Jahrestag-der-Normandie-Landung-nicht.jpg\",\"keywords\":[\"aus\",\"der\",\"Einladung\",\"Jahrestag\",\"macron\",\"nicht\",\"NormandieLandung\",\"Putins\",\"schlie\u00dft\",\"zum\"],\"articleSection\":[\"Deutschland\",\"Russland\"],\"inLanguage\":\"de\",\"potentialAction\":[{\"@type\":\"CommentAction\",\"name\":\"Comment\",\"target\":[\"https:\/\/now-news.de\/de\/deutschland\/macron-schliesst-einladung-putins-zum-80-jahrestag-der-normandie-landung-nicht-aus\/#respond\"]}]},{\"@type\":\"WebPage\",\"@id\":\"https:\/\/now-news.de\/de\/deutschland\/macron-schliesst-einladung-putins-zum-80-jahrestag-der-normandie-landung-nicht-aus\/\",\"url\":\"https:\/\/now-news.de\/de\/deutschland\/macron-schliesst-einladung-putins-zum-80-jahrestag-der-normandie-landung-nicht-aus\/\",\"name\":\"Macron schlie\u00dft Einladung Putins zum 80. Jahrestag der Normandie-Landung nicht aus - just-now.NEWS Deutschland\",\"isPartOf\":{\"@id\":\"https:\/\/now-news.de\/de\/#website\"},\"primaryImageOfPage\":{\"@id\":\"https:\/\/now-news.de\/de\/deutschland\/macron-schliesst-einladung-putins-zum-80-jahrestag-der-normandie-landung-nicht-aus\/#primaryimage\"},\"image\":{\"@id\":\"https:\/\/now-news.de\/de\/deutschland\/macron-schliesst-einladung-putins-zum-80-jahrestag-der-normandie-landung-nicht-aus\/#primaryimage\"},\"thumbnailUrl\":\"https:\/\/now-news.de\/de\/wp-content\/uploads\/sites\/3\/2023\/12\/Macron-schliesst-Einladung-Putins-zum-80-Jahrestag-der-Normandie-Landung-nicht.jpg\",\"datePublished\":\"2023-12-21T08:24:53+00:00\",\"dateModified\":\"2023-12-21T08:24:53+00:00\",\"breadcrumb\":{\"@id\":\"https:\/\/now-news.de\/de\/deutschland\/macron-schliesst-einladung-putins-zum-80-jahrestag-der-normandie-landung-nicht-aus\/#breadcrumb\"},\"inLanguage\":\"de\",\"potentialAction\":[{\"@type\":\"ReadAction\",\"target\":[\"https:\/\/now-news.de\/de\/deutschland\/macron-schliesst-einladung-putins-zum-80-jahrestag-der-normandie-landung-nicht-aus\/\"]}]},{\"@type\":\"ImageObject\",\"inLanguage\":\"de\",\"@id\":\"https:\/\/now-news.de\/de\/deutschland\/macron-schliesst-einladung-putins-zum-80-jahrestag-der-normandie-landung-nicht-aus\/#primaryimage\",\"url\":\"https:\/\/now-news.de\/de\/wp-content\/uploads\/sites\/3\/2023\/12\/Macron-schliesst-Einladung-Putins-zum-80-Jahrestag-der-Normandie-Landung-nicht.jpg\",\"contentUrl\":\"https:\/\/now-news.de\/de\/wp-content\/uploads\/sites\/3\/2023\/12\/Macron-schliesst-Einladung-Putins-zum-80-Jahrestag-der-Normandie-Landung-nicht.jpg\",\"width\":460,\"height\":259,\"caption\":\"Macron schlie\u00dft Einladung Putins zum 80. Jahrestag der Normandie-Landung nicht aus\"},{\"@type\":\"BreadcrumbList\",\"@id\":\"https:\/\/now-news.de\/de\/deutschland\/macron-schliesst-einladung-putins-zum-80-jahrestag-der-normandie-landung-nicht-aus\/#breadcrumb\",\"itemListElement\":[{\"@type\":\"ListItem\",\"position\":1,\"name\":\"Home\",\"item\":\"https:\/\/now-news.de\/de\/\"},{\"@type\":\"ListItem\",\"position\":2,\"name\":\"Macron schlie\u00dft Einladung Putins zum 80. Jahrestag der Normandie-Landung nicht aus\"}]},{\"@type\":\"WebSite\",\"@id\":\"https:\/\/now-news.de\/de\/#website\",\"url\":\"https:\/\/now-news.de\/de\/\",\"name\":\"just-now.NEWS Deutschland\",\"description\":\"Das Portal f\u00fcr unzensierte Nachrichten aus der Welt\",\"publisher\":{\"@id\":\"https:\/\/now-news.de\/de\/#organization\"},\"potentialAction\":[{\"@type\":\"SearchAction\",\"target\":{\"@type\":\"EntryPoint\",\"urlTemplate\":\"https:\/\/now-news.de\/de\/?s={search_term_string}\"},\"query-input\":\"required name=search_term_string\"}],\"inLanguage\":\"de\"},{\"@type\":\"Organization\",\"@id\":\"https:\/\/now-news.de\/de\/#organization\",\"name\":\"Just Now News\",\"url\":\"https:\/\/now-news.de\/de\/\",\"logo\":{\"@type\":\"ImageObject\",\"inLanguage\":\"de\",\"@id\":\"https:\/\/now-news.de\/de\/#\/schema\/logo\/image\/\",\"url\":\"http:\/\/just-now.news\/de\/wp-content\/uploads\/sites\/3\/2022\/04\/logo500x500.jpg\",\"contentUrl\":\"http:\/\/just-now.news\/de\/wp-content\/uploads\/sites\/3\/2022\/04\/logo500x500.jpg\",\"width\":500,\"height\":500,\"caption\":\"Just Now News\"},\"image\":{\"@id\":\"https:\/\/now-news.de\/de\/#\/schema\/logo\/image\/\"},\"sameAs\":[\"https:\/\/www.facebook.com\/wirmachenauf\",\"https:\/\/x.com\/WirMachenAuf_de\"]},{\"@type\":\"Person\",\"@id\":\"https:\/\/now-news.de\/de\/#\/schema\/person\/fb534a4e865501d8b3285208df34a9b5\",\"name\":\"rtnews\",\"image\":{\"@type\":\"ImageObject\",\"inLanguage\":\"de\",\"@id\":\"https:\/\/now-news.de\/de\/#\/schema\/person\/image\/\",\"url\":\"https:\/\/secure.gravatar.com\/avatar\/82aafea7d8127119dd649515f56e2117?s=96&d=mm&r=g\",\"contentUrl\":\"https:\/\/secure.gravatar.com\/avatar\/82aafea7d8127119dd649515f56e2117?s=96&d=mm&r=g\",\"caption\":\"rtnews\"},\"url\":\"https:\/\/now-news.de\/de\/author\/rnews\/\"}]}<\/script>\n<!-- \/ Yoast SEO Premium plugin. -->","yoast_head_json":{"title":"Macron schlie\u00dft Einladung Putins zum 80. Jahrestag der Normandie-Landung nicht aus - just-now.NEWS Deutschland","robots":{"index":"index","follow":"follow","max-snippet":"max-snippet:-1","max-image-preview":"max-image-preview:large","max-video-preview":"max-video-preview:-1"},"canonical":"https:\/\/now-news.de\/de\/deutschland\/macron-schliesst-einladung-putins-zum-80-jahrestag-der-normandie-landung-nicht-aus\/","og_locale":"de_DE","og_type":"article","og_title":"Macron schlie\u00dft Einladung Putins zum 80. Jahrestag der Normandie-Landung nicht aus","og_description":"Eine Einladung an Wladimir Putin nach Frankreich zum 80. Jahrestag der Landung in der Normandie sei nicht ausgeschlossen, sagte der franz\u00f6sische Pr\u00e4sident Emmanuel Macron. Allerdings erst nach Friedensverhandlungen zwischen Moskau und Kiew. Frankreichs Staatschef\u00a0Emmanuel Macron schlie\u00dft nicht aus, seinen russischen Amtskollegen Wladimir Putin im kommenden Juni zum 80. Jahrestag der Landung der Alliierten in der [&hellip;]","og_url":"https:\/\/now-news.de\/de\/deutschland\/macron-schliesst-einladung-putins-zum-80-jahrestag-der-normandie-landung-nicht-aus\/","og_site_name":"just-now.NEWS Deutschland","article_publisher":"https:\/\/www.facebook.com\/wirmachenauf","article_published_time":"2023-12-21T08:24:53+00:00","og_image":[{"width":460,"height":259,"url":"https:\/\/now-news.de\/de\/wp-content\/uploads\/sites\/3\/2023\/12\/Macron-schliesst-Einladung-Putins-zum-80-Jahrestag-der-Normandie-Landung-nicht.jpg","type":"image\/jpeg"}],"author":"rtnews","twitter_card":"summary_large_image","twitter_creator":"@WirMachenAuf_de","twitter_site":"@WirMachenAuf_de","twitter_misc":{"Verfasst von":"rtnews","Gesch\u00e4tzte Lesezeit":"1\u00a0Minute"},"schema":{"@context":"https:\/\/schema.org","@graph":[{"@type":"Article","@id":"https:\/\/now-news.de\/de\/deutschland\/macron-schliesst-einladung-putins-zum-80-jahrestag-der-normandie-landung-nicht-aus\/#article","isPartOf":{"@id":"https:\/\/now-news.de\/de\/deutschland\/macron-schliesst-einladung-putins-zum-80-jahrestag-der-normandie-landung-nicht-aus\/"},"author":{"name":"rtnews","@id":"https:\/\/now-news.de\/de\/#\/schema\/person\/fb534a4e865501d8b3285208df34a9b5"},"headline":"Macron schlie\u00dft Einladung Putins zum 80. Jahrestag der Normandie-Landung nicht aus","datePublished":"2023-12-21T08:24:53+00:00","dateModified":"2023-12-21T08:24:53+00:00","mainEntityOfPage":{"@id":"https:\/\/now-news.de\/de\/deutschland\/macron-schliesst-einladung-putins-zum-80-jahrestag-der-normandie-landung-nicht-aus\/"},"wordCount":279,"commentCount":0,"publisher":{"@id":"https:\/\/now-news.de\/de\/#organization"},"image":{"@id":"https:\/\/now-news.de\/de\/deutschland\/macron-schliesst-einladung-putins-zum-80-jahrestag-der-normandie-landung-nicht-aus\/#primaryimage"},"thumbnailUrl":"https:\/\/now-news.de\/de\/wp-content\/uploads\/sites\/3\/2023\/12\/Macron-schliesst-Einladung-Putins-zum-80-Jahrestag-der-Normandie-Landung-nicht.jpg","keywords":["aus","der","Einladung","Jahrestag","macron","nicht","NormandieLandung","Putins","schlie\u00dft","zum"],"articleSection":["Deutschland","Russland"],"inLanguage":"de","potentialAction":[{"@type":"CommentAction","name":"Comment","target":["https:\/\/now-news.de\/de\/deutschland\/macron-schliesst-einladung-putins-zum-80-jahrestag-der-normandie-landung-nicht-aus\/#respond"]}]},{"@type":"WebPage","@id":"https:\/\/now-news.de\/de\/deutschland\/macron-schliesst-einladung-putins-zum-80-jahrestag-der-normandie-landung-nicht-aus\/","url":"https:\/\/now-news.de\/de\/deutschland\/macron-schliesst-einladung-putins-zum-80-jahrestag-der-normandie-landung-nicht-aus\/","name":"Macron schlie\u00dft Einladung Putins zum 80. Jahrestag der Normandie-Landung nicht aus - just-now.NEWS Deutschland","isPartOf":{"@id":"https:\/\/now-news.de\/de\/#website"},"primaryImageOfPage":{"@id":"https:\/\/now-news.de\/de\/deutschland\/macron-schliesst-einladung-putins-zum-80-jahrestag-der-normandie-landung-nicht-aus\/#primaryimage"},"image":{"@id":"https:\/\/now-news.de\/de\/deutschland\/macron-schliesst-einladung-putins-zum-80-jahrestag-der-normandie-landung-nicht-aus\/#primaryimage"},"thumbnailUrl":"https:\/\/now-news.de\/de\/wp-content\/uploads\/sites\/3\/2023\/12\/Macron-schliesst-Einladung-Putins-zum-80-Jahrestag-der-Normandie-Landung-nicht.jpg","datePublished":"2023-12-21T08:24:53+00:00","dateModified":"2023-12-21T08:24:53+00:00","breadcrumb":{"@id":"https:\/\/now-news.de\/de\/deutschland\/macron-schliesst-einladung-putins-zum-80-jahrestag-der-normandie-landung-nicht-aus\/#breadcrumb"},"inLanguage":"de","potentialAction":[{"@type":"ReadAction","target":["https:\/\/now-news.de\/de\/deutschland\/macron-schliesst-einladung-putins-zum-80-jahrestag-der-normandie-landung-nicht-aus\/"]}]},{"@type":"ImageObject","inLanguage":"de","@id":"https:\/\/now-news.de\/de\/deutschland\/macron-schliesst-einladung-putins-zum-80-jahrestag-der-normandie-landung-nicht-aus\/#primaryimage","url":"https:\/\/now-news.de\/de\/wp-content\/uploads\/sites\/3\/2023\/12\/Macron-schliesst-Einladung-Putins-zum-80-Jahrestag-der-Normandie-Landung-nicht.jpg","contentUrl":"https:\/\/now-news.de\/de\/wp-content\/uploads\/sites\/3\/2023\/12\/Macron-schliesst-Einladung-Putins-zum-80-Jahrestag-der-Normandie-Landung-nicht.jpg","width":460,"height":259,"caption":"Macron schlie\u00dft Einladung Putins zum 80. Jahrestag der Normandie-Landung nicht aus"},{"@type":"BreadcrumbList","@id":"https:\/\/now-news.de\/de\/deutschland\/macron-schliesst-einladung-putins-zum-80-jahrestag-der-normandie-landung-nicht-aus\/#breadcrumb","itemListElement":[{"@type":"ListItem","position":1,"name":"Home","item":"https:\/\/now-news.de\/de\/"},{"@type":"ListItem","position":2,"name":"Macron schlie\u00dft Einladung Putins zum 80. Jahrestag der Normandie-Landung nicht aus"}]},{"@type":"WebSite","@id":"https:\/\/now-news.de\/de\/#website","url":"https:\/\/now-news.de\/de\/","name":"just-now.NEWS Deutschland","description":"Das Portal f\u00fcr unzensierte Nachrichten aus der Welt","publisher":{"@id":"https:\/\/now-news.de\/de\/#organization"},"potentialAction":[{"@type":"SearchAction","target":{"@type":"EntryPoint","urlTemplate":"https:\/\/now-news.de\/de\/?s={search_term_string}"},"query-input":"required name=search_term_string"}],"inLanguage":"de"},{"@type":"Organization","@id":"https:\/\/now-news.de\/de\/#organization","name":"Just Now News","url":"https:\/\/now-news.de\/de\/","logo":{"@type":"ImageObject","inLanguage":"de","@id":"https:\/\/now-news.de\/de\/#\/schema\/logo\/image\/","url":"http:\/\/just-now.news\/de\/wp-content\/uploads\/sites\/3\/2022\/04\/logo500x500.jpg","contentUrl":"http:\/\/just-now.news\/de\/wp-content\/uploads\/sites\/3\/2022\/04\/logo500x500.jpg","width":500,"height":500,"caption":"Just Now News"},"image":{"@id":"https:\/\/now-news.de\/de\/#\/schema\/logo\/image\/"},"sameAs":["https:\/\/www.facebook.com\/wirmachenauf","https:\/\/x.com\/WirMachenAuf_de"]},{"@type":"Person","@id":"https:\/\/now-news.de\/de\/#\/schema\/person\/fb534a4e865501d8b3285208df34a9b5","name":"rtnews","image":{"@type":"ImageObject","inLanguage":"de","@id":"https:\/\/now-news.de\/de\/#\/schema\/person\/image\/","url":"https:\/\/secure.gravatar.com\/avatar\/82aafea7d8127119dd649515f56e2117?s=96&d=mm&r=g","contentUrl":"https:\/\/secure.gravatar.com\/avatar\/82aafea7d8127119dd649515f56e2117?s=96&d=mm&r=g","caption":"rtnews"},"url":"https:\/\/now-news.de\/de\/author\/rnews\/"}]}},"_links":{"self":[{"href":"https:\/\/now-news.de\/de\/wp-json\/wp\/v2\/posts\/51949"}],"collection":[{"href":"https:\/\/now-news.de\/de\/wp-json\/wp\/v2\/posts"}],"about":[{"href":"https:\/\/now-news.de\/de\/wp-json\/wp\/v2\/types\/post"}],"author":[{"embeddable":true,"href":"https:\/\/now-news.de\/de\/wp-json\/wp\/v2\/users\/3"}],"replies":[{"embeddable":true,"href":"https:\/\/now-news.de\/de\/wp-json\/wp\/v2\/comments?post=51949"}],"version-history":[{"count":0,"href":"https:\/\/now-news.de\/de\/wp-json\/wp\/v2\/posts\/51949\/revisions"}],"wp:featuredmedia":[{"embeddable":true,"href":"https:\/\/now-news.de\/de\/wp-json\/wp\/v2\/media\/51950"}],"wp:attachment":[{"href":"https:\/\/now-news.de\/de\/wp-json\/wp\/v2\/media?parent=51949"}],"wp:term":[{"taxonomy":"category","embeddable":true,"href":"https:\/\/now-news.de\/de\/wp-json\/wp\/v2\/categories?post=51949"},{"taxonomy":"post_tag","embeddable":true,"href":"https:\/\/now-news.de\/de\/wp-json\/wp\/v2\/tags?post=51949"}],"curies":[{"name":"wp","href":"https:\/\/api.w.org\/{rel}","templated":true}]}}