{"id":5193,"date":"2020-12-12T20:58:59","date_gmt":"2020-12-12T18:58:59","guid":{"rendered":"http:\/\/just-now.news\/de\/great-reset\/greatvideos\/covid-19-a-grande-reinicializacao-klaus-schwab-thierry-malleret-livro-em-analise\/"},"modified":"2020-12-12T20:58:59","modified_gmt":"2020-12-12T18:58:59","slug":"covid-19-a-grande-reinicializacao-klaus-schwab-thierry-malleret-livro-em-analise","status":"publish","type":"post","link":"https:\/\/now-news.de\/de\/great-reset\/greatvideos\/covid-19-a-grande-reinicializacao-klaus-schwab-thierry-malleret-livro-em-analise\/","title":{"rendered":"Covid &#8211; 19: a Grande Reinicializa\u00e7\u00e3o| Klaus Schwab &amp; Thierry Malleret, livro em an\u00e1lise"},"content":{"rendered":"<p><iframe loading=\"lazy\"  width=\"580\" height=\"385\" src=\"https:\/\/www.youtube.com\/embed\/wvJqR_rXt5o?modestbranding=1\" frameborder=\"0\" allowfullscreen><\/iframe><br \/>\n<br \/>Livro em an\u00e1lise: &#8220;Covid &#8211; 19: The Great Reset&#8221; de Klaus Schwab &#038; Thierry Malleret<br \/>\nVoz e an\u00e1lise: Jadem Freitas<\/p>\n<p>Este \u00e1udio pode ser baixado em: https:\/\/d3ctxlq1ktw2nl.cloudfront.net\/staging\/2021-0-10\/144408298-44100-2-8fceea76a01dd.m4a<\/p>\n<p>Livros citados:<br \/>\n1. Viagens aos Confins do Comunismo| Theodore Dalrymple<br \/>\n2. MPI das Mudan\u00e7as Clim\u00e1ticas| Marc Morano<br \/>\n3. Psicose Ambientalista| Dom Bertrand<br \/>\n4. A Conspira\u00e7\u00e3o Aberta| H.G. Wells<br \/>\n5. Dominados pelos N\u00fameros| David Sumpter<br \/>\n6. A Nova Ordem Ecol\u00f3gica| Luc Ferry<br \/>\n<br \/><a href=\"https:\/\/www.youtube.com\/watch?v=wvJqR_rXt5o\">source<\/a><\/p>\n","protected":false},"excerpt":{"rendered":"<p>Livro em an\u00e1lise: &#8220;Covid &#8211; 19: The Great Reset&#8221; de Klaus Schwab &#038; Thierry Malleret Voz e an\u00e1lise: Jadem Freitas Este \u00e1udio pode ser baixado em: https:\/\/d3ctxlq1ktw2nl.cloudfront.net\/staging\/2021-0-10\/144408298-44100-2-8fceea76a01dd.m4a Livros citados: 1. Viagens aos Confins do Comunismo| Theodore Dalrymple 2. MPI das Mudan\u00e7as Clim\u00e1ticas| Marc Morano 3. Psicose Ambientalista| Dom Bertrand 4. A Conspira\u00e7\u00e3o Aberta| H.G. Wells [&hellip;]<\/p>\n","protected":false},"author":5,"featured_media":5194,"comment_status":"open","ping_status":"open","sticky":false,"template":"","format":"standard","meta":{"wp_automatic_camp":["168"],"cb19bb9bf0549f333220728397db9a3f":["Covid - 19: a Grande Reinicializa\u00e7\u00e3o| Klaus Schwab &amp; Thierry Malleret, livro em an\u00e1lise"],"original_link":["https:\/\/www.youtube.com\/watch?v=wvJqR_rXt5o"],"_thumbnail_id":["5194"],"wp_automatic_remove_first_image":["yes"],"enclosure":["https:\/\/d3ctxlq1ktw2nl.cloudfront.net\/staging\/2021-0-10\/144408298-44100-2-8fceea76a01dd.m4a\n59116282\naudio\/mpeg\n"],"jnews_social_counter_last_update":["1777282885"]},"categories":[53],"tags":[56,14556,1239,14533,730,14555,14539,14542,13943,14522,14538,14521,322,14548,14547,3225,14543,14537,57,12285,14545,736,14540,14552,1240,14544,14553,14377,1238,14541,14551,60,10889,58,14546,14550,735,14549,14554,407],"yoast_head":"<!-- This site is optimized with the Yoast SEO Premium plugin v22.7 (Yoast SEO v22.7) - https:\/\/yoast.com\/wordpress\/plugins\/seo\/ -->\n<title>Covid - 19: a Grande Reinicializa\u00e7\u00e3o| Klaus Schwab &amp; Thierry Malleret, livro em an\u00e1lise - just-now.NEWS Deutschland<\/title>\n<meta name=\"robots\" content=\"index, follow, max-snippet:-1, max-image-preview:large, max-video-preview:-1\" \/>\n<link rel=\"canonical\" href=\"https:\/\/now-news.de\/de\/great-reset\/greatvideos\/covid-19-a-grande-reinicializacao-klaus-schwab-thierry-malleret-livro-em-analise\/\" \/>\n<meta property=\"og:locale\" content=\"de_DE\" \/>\n<meta property=\"og:type\" content=\"article\" \/>\n<meta property=\"og:title\" content=\"Covid - 19: a Grande Reinicializa\u00e7\u00e3o| Klaus Schwab &amp; Thierry Malleret, livro em an\u00e1lise\" \/>\n<meta property=\"og:description\" content=\"Livro em an\u00e1lise: &#8220;Covid &#8211; 19: The Great Reset&#8221; de Klaus Schwab &#038; Thierry Malleret Voz e an\u00e1lise: Jadem Freitas Este \u00e1udio pode ser baixado em: https:\/\/d3ctxlq1ktw2nl.cloudfront.net\/staging\/2021-0-10\/144408298-44100-2-8fceea76a01dd.m4a Livros citados: 1. Viagens aos Confins do Comunismo| Theodore Dalrymple 2. MPI das Mudan\u00e7as Clim\u00e1ticas| Marc Morano 3. Psicose Ambientalista| Dom Bertrand 4. A Conspira\u00e7\u00e3o Aberta| H.G. Wells [&hellip;]\" \/>\n<meta property=\"og:url\" content=\"https:\/\/now-news.de\/de\/great-reset\/greatvideos\/covid-19-a-grande-reinicializacao-klaus-schwab-thierry-malleret-livro-em-analise\/\" \/>\n<meta property=\"og:site_name\" content=\"just-now.NEWS Deutschland\" \/>\n<meta property=\"article:publisher\" content=\"https:\/\/www.facebook.com\/wirmachenauf\" \/>\n<meta property=\"article:published_time\" content=\"2020-12-12T18:58:59+00:00\" \/>\n<meta property=\"og:image\" content=\"https:\/\/now-news.de\/de\/wp-content\/uploads\/sites\/3\/2022\/04\/Covid-19-a-Grande-Reinicializacao-Klaus-Schwab-amp-Thierry.jpg\" \/>\n\t<meta property=\"og:image:width\" content=\"480\" \/>\n\t<meta property=\"og:image:height\" content=\"360\" \/>\n\t<meta property=\"og:image:type\" content=\"image\/jpeg\" \/>\n<meta name=\"author\" content=\"greatreset\" \/>\n<meta name=\"twitter:card\" content=\"summary_large_image\" \/>\n<meta name=\"twitter:creator\" content=\"@WirMachenAuf_de\" \/>\n<meta name=\"twitter:site\" content=\"@WirMachenAuf_de\" \/>\n<meta name=\"twitter:label1\" content=\"Verfasst von\" \/>\n\t<meta name=\"twitter:data1\" content=\"greatreset\" \/>\n<script type=\"application\/ld+json\" class=\"yoast-schema-graph\">{\"@context\":\"https:\/\/schema.org\",\"@graph\":[{\"@type\":\"Article\",\"@id\":\"https:\/\/now-news.de\/de\/great-reset\/greatvideos\/covid-19-a-grande-reinicializacao-klaus-schwab-thierry-malleret-livro-em-analise\/#article\",\"isPartOf\":{\"@id\":\"https:\/\/now-news.de\/de\/great-reset\/greatvideos\/covid-19-a-grande-reinicializacao-klaus-schwab-thierry-malleret-livro-em-analise\/\"},\"author\":{\"name\":\"greatreset\",\"@id\":\"https:\/\/now-news.de\/de\/#\/schema\/person\/8afb4cd92b68572db7902c13a349ffcb\"},\"headline\":\"Covid &#8211; 19: a Grande Reinicializa\u00e7\u00e3o| Klaus Schwab &amp; Thierry Malleret, livro em an\u00e1lise\",\"datePublished\":\"2020-12-12T18:58:59+00:00\",\"dateModified\":\"2020-12-12T18:58:59+00:00\",\"mainEntityOfPage\":{\"@id\":\"https:\/\/now-news.de\/de\/great-reset\/greatvideos\/covid-19-a-grande-reinicializacao-klaus-schwab-thierry-malleret-livro-em-analise\/\"},\"wordCount\":101,\"commentCount\":0,\"publisher\":{\"@id\":\"https:\/\/now-news.de\/de\/#organization\"},\"image\":{\"@id\":\"https:\/\/now-news.de\/de\/great-reset\/greatvideos\/covid-19-a-grande-reinicializacao-klaus-schwab-thierry-malleret-livro-em-analise\/#primaryimage\"},\"thumbnailUrl\":\"https:\/\/now-news.de\/de\/wp-content\/uploads\/sites\/3\/2022\/04\/Covid-19-a-Grande-Reinicializacao-Klaus-Schwab-amp-Thierry.jpg\",\"keywords\":[\"amp\",\"an\u00e1lise\",\"Brasil\",\"climatica\",\"covid\",\"cristaos\",\"doen\u00e7a\",\"engenharia social\",\"estado\",\"fran\u00e7a\",\"freitas\",\"globalismo\",\"Grande\",\"gripe\",\"h1n1\",\"Hospital\",\"industria\",\"jadem\",\"Klaus\",\"LIVRO\",\"mae natureza\",\"Malleret\",\"medicamento\",\"mudan\u00e7as\",\"Mundo\",\"nova ordem\",\"oms\",\"onu\",\"Pol\u00edtica\",\"procedimento\",\"reinicializacao\",\"Reset\",\"revolu\u00e7\u00e3o\",\"Schwab\",\"sistema\",\"theodore\",\"Thierry\",\"transforma\u00e7\u00e3o\",\"unicef\",\"VIRUS\"],\"articleSection\":[\"GreatVideos\"],\"inLanguage\":\"de\",\"potentialAction\":[{\"@type\":\"CommentAction\",\"name\":\"Comment\",\"target\":[\"https:\/\/now-news.de\/de\/great-reset\/greatvideos\/covid-19-a-grande-reinicializacao-klaus-schwab-thierry-malleret-livro-em-analise\/#respond\"]}]},{\"@type\":\"WebPage\",\"@id\":\"https:\/\/now-news.de\/de\/great-reset\/greatvideos\/covid-19-a-grande-reinicializacao-klaus-schwab-thierry-malleret-livro-em-analise\/\",\"url\":\"https:\/\/now-news.de\/de\/great-reset\/greatvideos\/covid-19-a-grande-reinicializacao-klaus-schwab-thierry-malleret-livro-em-analise\/\",\"name\":\"Covid - 19: a Grande Reinicializa\u00e7\u00e3o| Klaus Schwab &amp; Thierry Malleret, livro em an\u00e1lise - just-now.NEWS Deutschland\",\"isPartOf\":{\"@id\":\"https:\/\/now-news.de\/de\/#website\"},\"primaryImageOfPage\":{\"@id\":\"https:\/\/now-news.de\/de\/great-reset\/greatvideos\/covid-19-a-grande-reinicializacao-klaus-schwab-thierry-malleret-livro-em-analise\/#primaryimage\"},\"image\":{\"@id\":\"https:\/\/now-news.de\/de\/great-reset\/greatvideos\/covid-19-a-grande-reinicializacao-klaus-schwab-thierry-malleret-livro-em-analise\/#primaryimage\"},\"thumbnailUrl\":\"https:\/\/now-news.de\/de\/wp-content\/uploads\/sites\/3\/2022\/04\/Covid-19-a-Grande-Reinicializacao-Klaus-Schwab-amp-Thierry.jpg\",\"datePublished\":\"2020-12-12T18:58:59+00:00\",\"dateModified\":\"2020-12-12T18:58:59+00:00\",\"breadcrumb\":{\"@id\":\"https:\/\/now-news.de\/de\/great-reset\/greatvideos\/covid-19-a-grande-reinicializacao-klaus-schwab-thierry-malleret-livro-em-analise\/#breadcrumb\"},\"inLanguage\":\"de\",\"potentialAction\":[{\"@type\":\"ReadAction\",\"target\":[\"https:\/\/now-news.de\/de\/great-reset\/greatvideos\/covid-19-a-grande-reinicializacao-klaus-schwab-thierry-malleret-livro-em-analise\/\"]}]},{\"@type\":\"ImageObject\",\"inLanguage\":\"de\",\"@id\":\"https:\/\/now-news.de\/de\/great-reset\/greatvideos\/covid-19-a-grande-reinicializacao-klaus-schwab-thierry-malleret-livro-em-analise\/#primaryimage\",\"url\":\"https:\/\/now-news.de\/de\/wp-content\/uploads\/sites\/3\/2022\/04\/Covid-19-a-Grande-Reinicializacao-Klaus-Schwab-amp-Thierry.jpg\",\"contentUrl\":\"https:\/\/now-news.de\/de\/wp-content\/uploads\/sites\/3\/2022\/04\/Covid-19-a-Grande-Reinicializacao-Klaus-Schwab-amp-Thierry.jpg\",\"width\":480,\"height\":360},{\"@type\":\"BreadcrumbList\",\"@id\":\"https:\/\/now-news.de\/de\/great-reset\/greatvideos\/covid-19-a-grande-reinicializacao-klaus-schwab-thierry-malleret-livro-em-analise\/#breadcrumb\",\"itemListElement\":[{\"@type\":\"ListItem\",\"position\":1,\"name\":\"Home\",\"item\":\"https:\/\/now-news.de\/de\/\"},{\"@type\":\"ListItem\",\"position\":2,\"name\":\"Covid &#8211; 19: a Grande Reinicializa\u00e7\u00e3o| Klaus Schwab &amp; Thierry Malleret, livro em an\u00e1lise\"}]},{\"@type\":\"WebSite\",\"@id\":\"https:\/\/now-news.de\/de\/#website\",\"url\":\"https:\/\/now-news.de\/de\/\",\"name\":\"just-now.NEWS Deutschland\",\"description\":\"Das Portal f\u00fcr unzensierte Nachrichten aus der Welt\",\"publisher\":{\"@id\":\"https:\/\/now-news.de\/de\/#organization\"},\"potentialAction\":[{\"@type\":\"SearchAction\",\"target\":{\"@type\":\"EntryPoint\",\"urlTemplate\":\"https:\/\/now-news.de\/de\/?s={search_term_string}\"},\"query-input\":\"required name=search_term_string\"}],\"inLanguage\":\"de\"},{\"@type\":\"Organization\",\"@id\":\"https:\/\/now-news.de\/de\/#organization\",\"name\":\"Just Now News\",\"url\":\"https:\/\/now-news.de\/de\/\",\"logo\":{\"@type\":\"ImageObject\",\"inLanguage\":\"de\",\"@id\":\"https:\/\/now-news.de\/de\/#\/schema\/logo\/image\/\",\"url\":\"http:\/\/just-now.news\/de\/wp-content\/uploads\/sites\/3\/2022\/04\/logo500x500.jpg\",\"contentUrl\":\"http:\/\/just-now.news\/de\/wp-content\/uploads\/sites\/3\/2022\/04\/logo500x500.jpg\",\"width\":500,\"height\":500,\"caption\":\"Just Now News\"},\"image\":{\"@id\":\"https:\/\/now-news.de\/de\/#\/schema\/logo\/image\/\"},\"sameAs\":[\"https:\/\/www.facebook.com\/wirmachenauf\",\"https:\/\/x.com\/WirMachenAuf_de\"]},{\"@type\":\"Person\",\"@id\":\"https:\/\/now-news.de\/de\/#\/schema\/person\/8afb4cd92b68572db7902c13a349ffcb\",\"name\":\"greatreset\",\"image\":{\"@type\":\"ImageObject\",\"inLanguage\":\"de\",\"@id\":\"https:\/\/now-news.de\/de\/#\/schema\/person\/image\/\",\"url\":\"https:\/\/secure.gravatar.com\/avatar\/a088df625d49991c090e78c8b9542592?s=96&d=mm&r=g\",\"contentUrl\":\"https:\/\/secure.gravatar.com\/avatar\/a088df625d49991c090e78c8b9542592?s=96&d=mm&r=g\",\"caption\":\"greatreset\"},\"url\":\"https:\/\/now-news.de\/de\/author\/greatreset\/\"}]}<\/script>\n<!-- \/ Yoast SEO Premium plugin. -->","yoast_head_json":{"title":"Covid - 19: a Grande Reinicializa\u00e7\u00e3o| Klaus Schwab &amp; Thierry Malleret, livro em an\u00e1lise - just-now.NEWS Deutschland","robots":{"index":"index","follow":"follow","max-snippet":"max-snippet:-1","max-image-preview":"max-image-preview:large","max-video-preview":"max-video-preview:-1"},"canonical":"https:\/\/now-news.de\/de\/great-reset\/greatvideos\/covid-19-a-grande-reinicializacao-klaus-schwab-thierry-malleret-livro-em-analise\/","og_locale":"de_DE","og_type":"article","og_title":"Covid - 19: a Grande Reinicializa\u00e7\u00e3o| Klaus Schwab &amp; Thierry Malleret, livro em an\u00e1lise","og_description":"Livro em an\u00e1lise: &#8220;Covid &#8211; 19: The Great Reset&#8221; de Klaus Schwab &#038; Thierry Malleret Voz e an\u00e1lise: Jadem Freitas Este \u00e1udio pode ser baixado em: https:\/\/d3ctxlq1ktw2nl.cloudfront.net\/staging\/2021-0-10\/144408298-44100-2-8fceea76a01dd.m4a Livros citados: 1. Viagens aos Confins do Comunismo| Theodore Dalrymple 2. MPI das Mudan\u00e7as Clim\u00e1ticas| Marc Morano 3. Psicose Ambientalista| Dom Bertrand 4. A Conspira\u00e7\u00e3o Aberta| H.G. Wells [&hellip;]","og_url":"https:\/\/now-news.de\/de\/great-reset\/greatvideos\/covid-19-a-grande-reinicializacao-klaus-schwab-thierry-malleret-livro-em-analise\/","og_site_name":"just-now.NEWS Deutschland","article_publisher":"https:\/\/www.facebook.com\/wirmachenauf","article_published_time":"2020-12-12T18:58:59+00:00","og_image":[{"width":480,"height":360,"url":"https:\/\/now-news.de\/de\/wp-content\/uploads\/sites\/3\/2022\/04\/Covid-19-a-Grande-Reinicializacao-Klaus-Schwab-amp-Thierry.jpg","type":"image\/jpeg"}],"author":"greatreset","twitter_card":"summary_large_image","twitter_creator":"@WirMachenAuf_de","twitter_site":"@WirMachenAuf_de","twitter_misc":{"Verfasst von":"greatreset"},"schema":{"@context":"https:\/\/schema.org","@graph":[{"@type":"Article","@id":"https:\/\/now-news.de\/de\/great-reset\/greatvideos\/covid-19-a-grande-reinicializacao-klaus-schwab-thierry-malleret-livro-em-analise\/#article","isPartOf":{"@id":"https:\/\/now-news.de\/de\/great-reset\/greatvideos\/covid-19-a-grande-reinicializacao-klaus-schwab-thierry-malleret-livro-em-analise\/"},"author":{"name":"greatreset","@id":"https:\/\/now-news.de\/de\/#\/schema\/person\/8afb4cd92b68572db7902c13a349ffcb"},"headline":"Covid &#8211; 19: a Grande Reinicializa\u00e7\u00e3o| Klaus Schwab &amp; Thierry Malleret, livro em an\u00e1lise","datePublished":"2020-12-12T18:58:59+00:00","dateModified":"2020-12-12T18:58:59+00:00","mainEntityOfPage":{"@id":"https:\/\/now-news.de\/de\/great-reset\/greatvideos\/covid-19-a-grande-reinicializacao-klaus-schwab-thierry-malleret-livro-em-analise\/"},"wordCount":101,"commentCount":0,"publisher":{"@id":"https:\/\/now-news.de\/de\/#organization"},"image":{"@id":"https:\/\/now-news.de\/de\/great-reset\/greatvideos\/covid-19-a-grande-reinicializacao-klaus-schwab-thierry-malleret-livro-em-analise\/#primaryimage"},"thumbnailUrl":"https:\/\/now-news.de\/de\/wp-content\/uploads\/sites\/3\/2022\/04\/Covid-19-a-Grande-Reinicializacao-Klaus-Schwab-amp-Thierry.jpg","keywords":["amp","an\u00e1lise","Brasil","climatica","covid","cristaos","doen\u00e7a","engenharia social","estado","fran\u00e7a","freitas","globalismo","Grande","gripe","h1n1","Hospital","industria","jadem","Klaus","LIVRO","mae natureza","Malleret","medicamento","mudan\u00e7as","Mundo","nova ordem","oms","onu","Pol\u00edtica","procedimento","reinicializacao","Reset","revolu\u00e7\u00e3o","Schwab","sistema","theodore","Thierry","transforma\u00e7\u00e3o","unicef","VIRUS"],"articleSection":["GreatVideos"],"inLanguage":"de","potentialAction":[{"@type":"CommentAction","name":"Comment","target":["https:\/\/now-news.de\/de\/great-reset\/greatvideos\/covid-19-a-grande-reinicializacao-klaus-schwab-thierry-malleret-livro-em-analise\/#respond"]}]},{"@type":"WebPage","@id":"https:\/\/now-news.de\/de\/great-reset\/greatvideos\/covid-19-a-grande-reinicializacao-klaus-schwab-thierry-malleret-livro-em-analise\/","url":"https:\/\/now-news.de\/de\/great-reset\/greatvideos\/covid-19-a-grande-reinicializacao-klaus-schwab-thierry-malleret-livro-em-analise\/","name":"Covid - 19: a Grande Reinicializa\u00e7\u00e3o| Klaus Schwab &amp; Thierry Malleret, livro em an\u00e1lise - just-now.NEWS Deutschland","isPartOf":{"@id":"https:\/\/now-news.de\/de\/#website"},"primaryImageOfPage":{"@id":"https:\/\/now-news.de\/de\/great-reset\/greatvideos\/covid-19-a-grande-reinicializacao-klaus-schwab-thierry-malleret-livro-em-analise\/#primaryimage"},"image":{"@id":"https:\/\/now-news.de\/de\/great-reset\/greatvideos\/covid-19-a-grande-reinicializacao-klaus-schwab-thierry-malleret-livro-em-analise\/#primaryimage"},"thumbnailUrl":"https:\/\/now-news.de\/de\/wp-content\/uploads\/sites\/3\/2022\/04\/Covid-19-a-Grande-Reinicializacao-Klaus-Schwab-amp-Thierry.jpg","datePublished":"2020-12-12T18:58:59+00:00","dateModified":"2020-12-12T18:58:59+00:00","breadcrumb":{"@id":"https:\/\/now-news.de\/de\/great-reset\/greatvideos\/covid-19-a-grande-reinicializacao-klaus-schwab-thierry-malleret-livro-em-analise\/#breadcrumb"},"inLanguage":"de","potentialAction":[{"@type":"ReadAction","target":["https:\/\/now-news.de\/de\/great-reset\/greatvideos\/covid-19-a-grande-reinicializacao-klaus-schwab-thierry-malleret-livro-em-analise\/"]}]},{"@type":"ImageObject","inLanguage":"de","@id":"https:\/\/now-news.de\/de\/great-reset\/greatvideos\/covid-19-a-grande-reinicializacao-klaus-schwab-thierry-malleret-livro-em-analise\/#primaryimage","url":"https:\/\/now-news.de\/de\/wp-content\/uploads\/sites\/3\/2022\/04\/Covid-19-a-Grande-Reinicializacao-Klaus-Schwab-amp-Thierry.jpg","contentUrl":"https:\/\/now-news.de\/de\/wp-content\/uploads\/sites\/3\/2022\/04\/Covid-19-a-Grande-Reinicializacao-Klaus-Schwab-amp-Thierry.jpg","width":480,"height":360},{"@type":"BreadcrumbList","@id":"https:\/\/now-news.de\/de\/great-reset\/greatvideos\/covid-19-a-grande-reinicializacao-klaus-schwab-thierry-malleret-livro-em-analise\/#breadcrumb","itemListElement":[{"@type":"ListItem","position":1,"name":"Home","item":"https:\/\/now-news.de\/de\/"},{"@type":"ListItem","position":2,"name":"Covid &#8211; 19: a Grande Reinicializa\u00e7\u00e3o| Klaus Schwab &amp; Thierry Malleret, livro em an\u00e1lise"}]},{"@type":"WebSite","@id":"https:\/\/now-news.de\/de\/#website","url":"https:\/\/now-news.de\/de\/","name":"just-now.NEWS Deutschland","description":"Das Portal f\u00fcr unzensierte Nachrichten aus der Welt","publisher":{"@id":"https:\/\/now-news.de\/de\/#organization"},"potentialAction":[{"@type":"SearchAction","target":{"@type":"EntryPoint","urlTemplate":"https:\/\/now-news.de\/de\/?s={search_term_string}"},"query-input":"required name=search_term_string"}],"inLanguage":"de"},{"@type":"Organization","@id":"https:\/\/now-news.de\/de\/#organization","name":"Just Now News","url":"https:\/\/now-news.de\/de\/","logo":{"@type":"ImageObject","inLanguage":"de","@id":"https:\/\/now-news.de\/de\/#\/schema\/logo\/image\/","url":"http:\/\/just-now.news\/de\/wp-content\/uploads\/sites\/3\/2022\/04\/logo500x500.jpg","contentUrl":"http:\/\/just-now.news\/de\/wp-content\/uploads\/sites\/3\/2022\/04\/logo500x500.jpg","width":500,"height":500,"caption":"Just Now News"},"image":{"@id":"https:\/\/now-news.de\/de\/#\/schema\/logo\/image\/"},"sameAs":["https:\/\/www.facebook.com\/wirmachenauf","https:\/\/x.com\/WirMachenAuf_de"]},{"@type":"Person","@id":"https:\/\/now-news.de\/de\/#\/schema\/person\/8afb4cd92b68572db7902c13a349ffcb","name":"greatreset","image":{"@type":"ImageObject","inLanguage":"de","@id":"https:\/\/now-news.de\/de\/#\/schema\/person\/image\/","url":"https:\/\/secure.gravatar.com\/avatar\/a088df625d49991c090e78c8b9542592?s=96&d=mm&r=g","contentUrl":"https:\/\/secure.gravatar.com\/avatar\/a088df625d49991c090e78c8b9542592?s=96&d=mm&r=g","caption":"greatreset"},"url":"https:\/\/now-news.de\/de\/author\/greatreset\/"}]}},"_links":{"self":[{"href":"https:\/\/now-news.de\/de\/wp-json\/wp\/v2\/posts\/5193"}],"collection":[{"href":"https:\/\/now-news.de\/de\/wp-json\/wp\/v2\/posts"}],"about":[{"href":"https:\/\/now-news.de\/de\/wp-json\/wp\/v2\/types\/post"}],"author":[{"embeddable":true,"href":"https:\/\/now-news.de\/de\/wp-json\/wp\/v2\/users\/5"}],"replies":[{"embeddable":true,"href":"https:\/\/now-news.de\/de\/wp-json\/wp\/v2\/comments?post=5193"}],"version-history":[{"count":0,"href":"https:\/\/now-news.de\/de\/wp-json\/wp\/v2\/posts\/5193\/revisions"}],"wp:featuredmedia":[{"embeddable":true,"href":"https:\/\/now-news.de\/de\/wp-json\/wp\/v2\/media\/5194"}],"wp:attachment":[{"href":"https:\/\/now-news.de\/de\/wp-json\/wp\/v2\/media?parent=5193"}],"wp:term":[{"taxonomy":"category","embeddable":true,"href":"https:\/\/now-news.de\/de\/wp-json\/wp\/v2\/categories?post=5193"},{"taxonomy":"post_tag","embeddable":true,"href":"https:\/\/now-news.de\/de\/wp-json\/wp\/v2\/tags?post=5193"}],"curies":[{"name":"wp","href":"https:\/\/api.w.org\/{rel}","templated":true}]}}