{"id":51910,"date":"2023-12-20T16:35:18","date_gmt":"2023-12-20T14:35:18","guid":{"rendered":"https:\/\/just-now.news\/de\/deutschland\/erdogan-ueber-eu-beitrittsgespraeche-mit-ukraine-und-moldawien-auch-sie-werden-vor-der-tuer-warten\/"},"modified":"2023-12-20T16:35:18","modified_gmt":"2023-12-20T14:35:18","slug":"erdogan-ueber-eu-beitrittsgespraeche-mit-ukraine-und-moldawien-auch-sie-werden-vor-der-tuer-warten","status":"publish","type":"post","link":"https:\/\/now-news.de\/de\/deutschland\/erdogan-ueber-eu-beitrittsgespraeche-mit-ukraine-und-moldawien-auch-sie-werden-vor-der-tuer-warten\/","title":{"rendered":"Erdo\u011fan \u00fcber EU-Beitrittsgespr\u00e4che mit Ukraine und Moldawien: Auch sie werden vor der T\u00fcr warten"},"content":{"rendered":"<p><img decoding=\"async\" src=\"http:\/\/just-now.news\/de\/wp-content\/uploads\/sites\/3\/2023\/12\/6582f0a648fbef5b0374693c.jpg\" \/><\/p>\n<div class=\"Text-root Text-type_1 \">\n                Seit dem Jahr 1999 ist die T\u00fcrkei ein EU-Beitrittskandidat. Der t\u00fcrkische Pr\u00e4sident Recep Tayyip Erdo\u011fan sieht sein Land f\u00fcr eine Mitgliedschaft besser vorbereitet als manche EU-Mitgliedstaaten. F\u00fcr die Ukraine und Moldawien orakelt er nach dem sogenannten Beginn der Beitrittsgespr\u00e4che \u00fcber eine lange Wartezeit.\n            <\/div>\n<p><\/p>\n<div class=\"Text-root Text-type_5 ArticleView-text ViewText-root \">\n<p>Nachdem die Europ\u00e4ische Union vor einer Woche entschieden hatte, EU-Beitrittsverhandlungen mit der Ukraine und Moldawien zu beginnen, sagte der t\u00fcrkische Staatspr\u00e4sident Recep Tayyip Erdo\u011fan den Regierenden in Kiew und Chi\u0219in\u0103u nicht besonders rosige Perspektiven voraus. Am Dienstag erkl\u00e4rte der Politiker auf dem R\u00fcckweg aus Ungarn den Journalisten an Bord seines Flugzeugs, dass der Kandidatenstatus noch lange nicht die Aussicht auf eine volle EU-Mitgliedschaft bedeute. Die Nachrichtenagentur <em>Anadolu<\/em>\u00a0<a rel=\"nofollow noopener\" target=\"_blank\" href=\"https:\/\/www.aa.com.tr\/tr\/ayrimcilikhatti\/ayrimcilik\/cumhurbaskani-erdogan-macaristan-donusu-ucakta-gazetecilerin-sorularini-yanitladi\/1818573\">zitiert<\/a> Erdo\u011fan mit den Worten:<\/p>\n<blockquote>\n<p><em>&#8220;Ihnen den Kandidatenstatus zu verleihen, bedeutet nicht, dass sie sich in EU-Mitglieder verwandeln werden. Man wird einen Verhandlungsprozess mit ihnen beginnen, und er wird ins Stocken geraten.&#8221;<\/em><\/p>\n<\/blockquote>\n<p>Erdo\u011fan rief dar\u00fcber hinaus die Verantwortlichen in Br\u00fcssel dazu auf, die Stellung der T\u00fcrkei zu evaluieren. Der Pr\u00e4sident verwies darauf, dass die T\u00fcrkei inzwischen ein einflussreicher Akteur in der internationalen Arena sei. Aber obwohl das strategische und wirtschaftliche Potenzial der T\u00fcrkei darauf schlie\u00dfen lasse, dass dieses Land die EU-Mitgliedschaft verdient habe, werde dem Land der EU-Beitritt seit Jahren mit verschiedenen Entschuldigungen verwehrt.<\/p>\n<blockquote>\n<p><em>&#8220;Es ist ein Fehler, dass die T\u00fcrkei, die auf einen Beitritt zur EU besser als viele Mitgliedstaaten vorbereitet ist, jahrelang wegen politischer Hindernisse vor der T\u00fcr warten muss.&#8221;<\/em><\/p>\n<\/blockquote>\n<p>Anschlie\u00dfend brachte Erdo\u011fan seine Hoffnung zum Ausdruck, dass der EU-Beitritt der T\u00fcrkei unter Ungarns EU-Vorsitz im Jahr 2024 &#8220;auf eine ganz andere Art und Weise&#8221; diskutiert werden k\u00f6nnte, sodass es einen Fortschritt geben k\u00f6nne.<\/p>\n<p>Am 14. Dezember hatte die EU entschieden, EU-Beitrittsverhandlungen mit der Ukraine und Moldawien zu beginnen. Der EU-Ratspr\u00e4sident Charles Michel nannte die Entscheidung einen historischen Moment, der die Glaubw\u00fcrdigkeit und die St\u00e4rke der westlich orientierten Europ\u00e4ischen Union zeige. Dar\u00fcber hinaus wurde beim EU-Gipfel auch Georgien der Kandidatenstatus zuerkannt. Ungarn war das einzige EU-Land, das sich gegen die Aufnahme von Beitrittsverhandlungen ausgesprochen hatte. Regierungschef Viktor Orb\u00e1n war zum Zeitpunkt der Abstimmung nicht im Raum.<\/p>\n<p><strong>Mehr zum Thema<\/strong> &#8211;\u00a0<a rel=\"nofollow noopener\" target=\"_blank\" href=\"https:\/\/freedert.online\/europa\/190166-gipfel-europaeischen-rats-gipfel-vortaeuschung\/\">Der Gipfel des Europ\u00e4ischen Rats: Ein Gipfel der Vort\u00e4uschung<\/a><\/p>\n<\/div>\n<p><br \/>\n<br \/><a href=\"https:\/\/de.rt.com\/europa\/190446-erdogan-zu-eu-beitrittsgespraechen-mit-ukraine-und-moldawien\/\">Source link <\/a><\/p>\n","protected":false},"excerpt":{"rendered":"<p>Seit dem Jahr 1999 ist die T\u00fcrkei ein EU-Beitrittskandidat. Der t\u00fcrkische Pr\u00e4sident Recep Tayyip Erdo\u011fan sieht sein Land f\u00fcr eine Mitgliedschaft besser vorbereitet als manche EU-Mitgliedstaaten. F\u00fcr die Ukraine und Moldawien orakelt er nach dem sogenannten Beginn der Beitrittsgespr\u00e4che \u00fcber eine lange Wartezeit. Nachdem die Europ\u00e4ische Union vor einer Woche entschieden hatte, EU-Beitrittsverhandlungen mit der [&hellip;]<\/p>\n","protected":false},"author":3,"featured_media":51911,"comment_status":"open","ping_status":"open","sticky":false,"template":"","format":"standard","meta":{"_yoast_indexnow_last_ping":["1703083354"],"wp_automatic_camp":["217"],"53b9f1106424feab7f2b366a3928cecc":["Erdo\u011fan \u00fcber EU-Beitrittsgespr\u00e4che mit Ukraine und Moldawien: Auch sie werden vor der T\u00fcr warten"],"original_link":["https:\/\/de.rt.com\/europa\/190446-erdogan-zu-eu-beitrittsgespraechen-mit-ukraine-und-moldawien\/"],"_thumbnail_id":["51911"],"_wptgpro_p2tg_sent2tg":["a:1:{i:23737;s:19:\"2023-12-20 16:43:40\";}"],"jnews_social_counter_last_update":["1777224268"]},"categories":[19,23],"tags":[1475,82,13697,51778,419,25732,527,22163,139,127,140,320,14368,1040],"yoast_head":"<!-- This site is optimized with the Yoast SEO Premium plugin v22.7 (Yoast SEO v22.7) - https:\/\/yoast.com\/wordpress\/plugins\/seo\/ -->\n<title>Erdo\u011fan \u00fcber EU-Beitrittsgespr\u00e4che mit Ukraine und Moldawien: Auch sie werden vor der T\u00fcr warten - just-now.NEWS Deutschland<\/title>\n<meta name=\"robots\" content=\"index, follow, max-snippet:-1, max-image-preview:large, max-video-preview:-1\" \/>\n<link rel=\"canonical\" href=\"https:\/\/now-news.de\/de\/deutschland\/erdogan-ueber-eu-beitrittsgespraeche-mit-ukraine-und-moldawien-auch-sie-werden-vor-der-tuer-warten\/\" \/>\n<meta property=\"og:locale\" content=\"de_DE\" \/>\n<meta property=\"og:type\" content=\"article\" \/>\n<meta property=\"og:title\" content=\"Erdo\u011fan \u00fcber EU-Beitrittsgespr\u00e4che mit Ukraine und Moldawien: Auch sie werden vor der T\u00fcr warten\" \/>\n<meta property=\"og:description\" content=\"Seit dem Jahr 1999 ist die T\u00fcrkei ein EU-Beitrittskandidat. Der t\u00fcrkische Pr\u00e4sident Recep Tayyip Erdo\u011fan sieht sein Land f\u00fcr eine Mitgliedschaft besser vorbereitet als manche EU-Mitgliedstaaten. F\u00fcr die Ukraine und Moldawien orakelt er nach dem sogenannten Beginn der Beitrittsgespr\u00e4che \u00fcber eine lange Wartezeit. Nachdem die Europ\u00e4ische Union vor einer Woche entschieden hatte, EU-Beitrittsverhandlungen mit der [&hellip;]\" \/>\n<meta property=\"og:url\" content=\"https:\/\/now-news.de\/de\/deutschland\/erdogan-ueber-eu-beitrittsgespraeche-mit-ukraine-und-moldawien-auch-sie-werden-vor-der-tuer-warten\/\" \/>\n<meta property=\"og:site_name\" content=\"just-now.NEWS Deutschland\" \/>\n<meta property=\"article:publisher\" content=\"https:\/\/www.facebook.com\/wirmachenauf\" \/>\n<meta property=\"article:published_time\" content=\"2023-12-20T14:35:18+00:00\" \/>\n<meta property=\"og:image\" content=\"https:\/\/now-news.de\/de\/wp-content\/uploads\/sites\/3\/2023\/12\/Erdogan-ueber-EU-Beitrittsgespraeche-mit-Ukraine-und-Moldawien-Auch-sie-werden.jpg\" \/>\n\t<meta property=\"og:image:width\" content=\"460\" \/>\n\t<meta property=\"og:image:height\" content=\"259\" \/>\n\t<meta property=\"og:image:type\" content=\"image\/jpeg\" \/>\n<meta name=\"author\" content=\"rtnews\" \/>\n<meta name=\"twitter:card\" content=\"summary_large_image\" \/>\n<meta name=\"twitter:creator\" content=\"@WirMachenAuf_de\" \/>\n<meta name=\"twitter:site\" content=\"@WirMachenAuf_de\" \/>\n<meta name=\"twitter:label1\" content=\"Verfasst von\" \/>\n\t<meta name=\"twitter:data1\" content=\"rtnews\" \/>\n\t<meta name=\"twitter:label2\" content=\"Gesch\u00e4tzte Lesezeit\" \/>\n\t<meta name=\"twitter:data2\" content=\"2\u00a0Minuten\" \/>\n<script type=\"application\/ld+json\" class=\"yoast-schema-graph\">{\"@context\":\"https:\/\/schema.org\",\"@graph\":[{\"@type\":\"Article\",\"@id\":\"https:\/\/now-news.de\/de\/deutschland\/erdogan-ueber-eu-beitrittsgespraeche-mit-ukraine-und-moldawien-auch-sie-werden-vor-der-tuer-warten\/#article\",\"isPartOf\":{\"@id\":\"https:\/\/now-news.de\/de\/deutschland\/erdogan-ueber-eu-beitrittsgespraeche-mit-ukraine-und-moldawien-auch-sie-werden-vor-der-tuer-warten\/\"},\"author\":{\"name\":\"rtnews\",\"@id\":\"https:\/\/now-news.de\/de\/#\/schema\/person\/fb534a4e865501d8b3285208df34a9b5\"},\"headline\":\"Erdo\u011fan \u00fcber EU-Beitrittsgespr\u00e4che mit Ukraine und Moldawien: Auch sie werden vor der T\u00fcr warten\",\"datePublished\":\"2023-12-20T14:35:18+00:00\",\"dateModified\":\"2023-12-20T14:35:18+00:00\",\"mainEntityOfPage\":{\"@id\":\"https:\/\/now-news.de\/de\/deutschland\/erdogan-ueber-eu-beitrittsgespraeche-mit-ukraine-und-moldawien-auch-sie-werden-vor-der-tuer-warten\/\"},\"wordCount\":407,\"commentCount\":0,\"publisher\":{\"@id\":\"https:\/\/now-news.de\/de\/#organization\"},\"image\":{\"@id\":\"https:\/\/now-news.de\/de\/deutschland\/erdogan-ueber-eu-beitrittsgespraeche-mit-ukraine-und-moldawien-auch-sie-werden-vor-der-tuer-warten\/#primaryimage\"},\"thumbnailUrl\":\"https:\/\/now-news.de\/de\/wp-content\/uploads\/sites\/3\/2023\/12\/Erdogan-ueber-EU-Beitrittsgespraeche-mit-Ukraine-und-Moldawien-Auch-sie-werden.jpg\",\"keywords\":[\"auch\",\"der\",\"Erdo\u011fan\",\"EUBeitrittsgespr\u00e4che\",\"mit\",\"Moldawien\",\"Sie\",\"T\u00fcr\",\"\u00fcber\",\"ukraine\",\"und\",\"vor\",\"warten\",\"Werden\"],\"articleSection\":[\"Deutschland\",\"Russland\"],\"inLanguage\":\"de\",\"potentialAction\":[{\"@type\":\"CommentAction\",\"name\":\"Comment\",\"target\":[\"https:\/\/now-news.de\/de\/deutschland\/erdogan-ueber-eu-beitrittsgespraeche-mit-ukraine-und-moldawien-auch-sie-werden-vor-der-tuer-warten\/#respond\"]}]},{\"@type\":\"WebPage\",\"@id\":\"https:\/\/now-news.de\/de\/deutschland\/erdogan-ueber-eu-beitrittsgespraeche-mit-ukraine-und-moldawien-auch-sie-werden-vor-der-tuer-warten\/\",\"url\":\"https:\/\/now-news.de\/de\/deutschland\/erdogan-ueber-eu-beitrittsgespraeche-mit-ukraine-und-moldawien-auch-sie-werden-vor-der-tuer-warten\/\",\"name\":\"Erdo\u011fan \u00fcber EU-Beitrittsgespr\u00e4che mit Ukraine und Moldawien: Auch sie werden vor der T\u00fcr warten - just-now.NEWS Deutschland\",\"isPartOf\":{\"@id\":\"https:\/\/now-news.de\/de\/#website\"},\"primaryImageOfPage\":{\"@id\":\"https:\/\/now-news.de\/de\/deutschland\/erdogan-ueber-eu-beitrittsgespraeche-mit-ukraine-und-moldawien-auch-sie-werden-vor-der-tuer-warten\/#primaryimage\"},\"image\":{\"@id\":\"https:\/\/now-news.de\/de\/deutschland\/erdogan-ueber-eu-beitrittsgespraeche-mit-ukraine-und-moldawien-auch-sie-werden-vor-der-tuer-warten\/#primaryimage\"},\"thumbnailUrl\":\"https:\/\/now-news.de\/de\/wp-content\/uploads\/sites\/3\/2023\/12\/Erdogan-ueber-EU-Beitrittsgespraeche-mit-Ukraine-und-Moldawien-Auch-sie-werden.jpg\",\"datePublished\":\"2023-12-20T14:35:18+00:00\",\"dateModified\":\"2023-12-20T14:35:18+00:00\",\"breadcrumb\":{\"@id\":\"https:\/\/now-news.de\/de\/deutschland\/erdogan-ueber-eu-beitrittsgespraeche-mit-ukraine-und-moldawien-auch-sie-werden-vor-der-tuer-warten\/#breadcrumb\"},\"inLanguage\":\"de\",\"potentialAction\":[{\"@type\":\"ReadAction\",\"target\":[\"https:\/\/now-news.de\/de\/deutschland\/erdogan-ueber-eu-beitrittsgespraeche-mit-ukraine-und-moldawien-auch-sie-werden-vor-der-tuer-warten\/\"]}]},{\"@type\":\"ImageObject\",\"inLanguage\":\"de\",\"@id\":\"https:\/\/now-news.de\/de\/deutschland\/erdogan-ueber-eu-beitrittsgespraeche-mit-ukraine-und-moldawien-auch-sie-werden-vor-der-tuer-warten\/#primaryimage\",\"url\":\"https:\/\/now-news.de\/de\/wp-content\/uploads\/sites\/3\/2023\/12\/Erdogan-ueber-EU-Beitrittsgespraeche-mit-Ukraine-und-Moldawien-Auch-sie-werden.jpg\",\"contentUrl\":\"https:\/\/now-news.de\/de\/wp-content\/uploads\/sites\/3\/2023\/12\/Erdogan-ueber-EU-Beitrittsgespraeche-mit-Ukraine-und-Moldawien-Auch-sie-werden.jpg\",\"width\":460,\"height\":259,\"caption\":\"Erdo\u011fan \u00fcber EU-Beitrittsgespr\u00e4che mit Ukraine und Moldawien: Auch sie werden vor der T\u00fcr warten\"},{\"@type\":\"BreadcrumbList\",\"@id\":\"https:\/\/now-news.de\/de\/deutschland\/erdogan-ueber-eu-beitrittsgespraeche-mit-ukraine-und-moldawien-auch-sie-werden-vor-der-tuer-warten\/#breadcrumb\",\"itemListElement\":[{\"@type\":\"ListItem\",\"position\":1,\"name\":\"Home\",\"item\":\"https:\/\/now-news.de\/de\/\"},{\"@type\":\"ListItem\",\"position\":2,\"name\":\"Erdo\u011fan \u00fcber EU-Beitrittsgespr\u00e4che mit Ukraine und Moldawien: Auch sie werden vor der T\u00fcr warten\"}]},{\"@type\":\"WebSite\",\"@id\":\"https:\/\/now-news.de\/de\/#website\",\"url\":\"https:\/\/now-news.de\/de\/\",\"name\":\"just-now.NEWS Deutschland\",\"description\":\"Das Portal f\u00fcr unzensierte Nachrichten aus der Welt\",\"publisher\":{\"@id\":\"https:\/\/now-news.de\/de\/#organization\"},\"potentialAction\":[{\"@type\":\"SearchAction\",\"target\":{\"@type\":\"EntryPoint\",\"urlTemplate\":\"https:\/\/now-news.de\/de\/?s={search_term_string}\"},\"query-input\":\"required name=search_term_string\"}],\"inLanguage\":\"de\"},{\"@type\":\"Organization\",\"@id\":\"https:\/\/now-news.de\/de\/#organization\",\"name\":\"Just Now News\",\"url\":\"https:\/\/now-news.de\/de\/\",\"logo\":{\"@type\":\"ImageObject\",\"inLanguage\":\"de\",\"@id\":\"https:\/\/now-news.de\/de\/#\/schema\/logo\/image\/\",\"url\":\"http:\/\/just-now.news\/de\/wp-content\/uploads\/sites\/3\/2022\/04\/logo500x500.jpg\",\"contentUrl\":\"http:\/\/just-now.news\/de\/wp-content\/uploads\/sites\/3\/2022\/04\/logo500x500.jpg\",\"width\":500,\"height\":500,\"caption\":\"Just Now News\"},\"image\":{\"@id\":\"https:\/\/now-news.de\/de\/#\/schema\/logo\/image\/\"},\"sameAs\":[\"https:\/\/www.facebook.com\/wirmachenauf\",\"https:\/\/x.com\/WirMachenAuf_de\"]},{\"@type\":\"Person\",\"@id\":\"https:\/\/now-news.de\/de\/#\/schema\/person\/fb534a4e865501d8b3285208df34a9b5\",\"name\":\"rtnews\",\"image\":{\"@type\":\"ImageObject\",\"inLanguage\":\"de\",\"@id\":\"https:\/\/now-news.de\/de\/#\/schema\/person\/image\/\",\"url\":\"https:\/\/secure.gravatar.com\/avatar\/82aafea7d8127119dd649515f56e2117?s=96&d=mm&r=g\",\"contentUrl\":\"https:\/\/secure.gravatar.com\/avatar\/82aafea7d8127119dd649515f56e2117?s=96&d=mm&r=g\",\"caption\":\"rtnews\"},\"url\":\"https:\/\/now-news.de\/de\/author\/rnews\/\"}]}<\/script>\n<!-- \/ Yoast SEO Premium plugin. -->","yoast_head_json":{"title":"Erdo\u011fan \u00fcber EU-Beitrittsgespr\u00e4che mit Ukraine und Moldawien: Auch sie werden vor der T\u00fcr warten - just-now.NEWS Deutschland","robots":{"index":"index","follow":"follow","max-snippet":"max-snippet:-1","max-image-preview":"max-image-preview:large","max-video-preview":"max-video-preview:-1"},"canonical":"https:\/\/now-news.de\/de\/deutschland\/erdogan-ueber-eu-beitrittsgespraeche-mit-ukraine-und-moldawien-auch-sie-werden-vor-der-tuer-warten\/","og_locale":"de_DE","og_type":"article","og_title":"Erdo\u011fan \u00fcber EU-Beitrittsgespr\u00e4che mit Ukraine und Moldawien: Auch sie werden vor der T\u00fcr warten","og_description":"Seit dem Jahr 1999 ist die T\u00fcrkei ein EU-Beitrittskandidat. Der t\u00fcrkische Pr\u00e4sident Recep Tayyip Erdo\u011fan sieht sein Land f\u00fcr eine Mitgliedschaft besser vorbereitet als manche EU-Mitgliedstaaten. F\u00fcr die Ukraine und Moldawien orakelt er nach dem sogenannten Beginn der Beitrittsgespr\u00e4che \u00fcber eine lange Wartezeit. Nachdem die Europ\u00e4ische Union vor einer Woche entschieden hatte, EU-Beitrittsverhandlungen mit der [&hellip;]","og_url":"https:\/\/now-news.de\/de\/deutschland\/erdogan-ueber-eu-beitrittsgespraeche-mit-ukraine-und-moldawien-auch-sie-werden-vor-der-tuer-warten\/","og_site_name":"just-now.NEWS Deutschland","article_publisher":"https:\/\/www.facebook.com\/wirmachenauf","article_published_time":"2023-12-20T14:35:18+00:00","og_image":[{"width":460,"height":259,"url":"https:\/\/now-news.de\/de\/wp-content\/uploads\/sites\/3\/2023\/12\/Erdogan-ueber-EU-Beitrittsgespraeche-mit-Ukraine-und-Moldawien-Auch-sie-werden.jpg","type":"image\/jpeg"}],"author":"rtnews","twitter_card":"summary_large_image","twitter_creator":"@WirMachenAuf_de","twitter_site":"@WirMachenAuf_de","twitter_misc":{"Verfasst von":"rtnews","Gesch\u00e4tzte Lesezeit":"2\u00a0Minuten"},"schema":{"@context":"https:\/\/schema.org","@graph":[{"@type":"Article","@id":"https:\/\/now-news.de\/de\/deutschland\/erdogan-ueber-eu-beitrittsgespraeche-mit-ukraine-und-moldawien-auch-sie-werden-vor-der-tuer-warten\/#article","isPartOf":{"@id":"https:\/\/now-news.de\/de\/deutschland\/erdogan-ueber-eu-beitrittsgespraeche-mit-ukraine-und-moldawien-auch-sie-werden-vor-der-tuer-warten\/"},"author":{"name":"rtnews","@id":"https:\/\/now-news.de\/de\/#\/schema\/person\/fb534a4e865501d8b3285208df34a9b5"},"headline":"Erdo\u011fan \u00fcber EU-Beitrittsgespr\u00e4che mit Ukraine und Moldawien: Auch sie werden vor der T\u00fcr warten","datePublished":"2023-12-20T14:35:18+00:00","dateModified":"2023-12-20T14:35:18+00:00","mainEntityOfPage":{"@id":"https:\/\/now-news.de\/de\/deutschland\/erdogan-ueber-eu-beitrittsgespraeche-mit-ukraine-und-moldawien-auch-sie-werden-vor-der-tuer-warten\/"},"wordCount":407,"commentCount":0,"publisher":{"@id":"https:\/\/now-news.de\/de\/#organization"},"image":{"@id":"https:\/\/now-news.de\/de\/deutschland\/erdogan-ueber-eu-beitrittsgespraeche-mit-ukraine-und-moldawien-auch-sie-werden-vor-der-tuer-warten\/#primaryimage"},"thumbnailUrl":"https:\/\/now-news.de\/de\/wp-content\/uploads\/sites\/3\/2023\/12\/Erdogan-ueber-EU-Beitrittsgespraeche-mit-Ukraine-und-Moldawien-Auch-sie-werden.jpg","keywords":["auch","der","Erdo\u011fan","EUBeitrittsgespr\u00e4che","mit","Moldawien","Sie","T\u00fcr","\u00fcber","ukraine","und","vor","warten","Werden"],"articleSection":["Deutschland","Russland"],"inLanguage":"de","potentialAction":[{"@type":"CommentAction","name":"Comment","target":["https:\/\/now-news.de\/de\/deutschland\/erdogan-ueber-eu-beitrittsgespraeche-mit-ukraine-und-moldawien-auch-sie-werden-vor-der-tuer-warten\/#respond"]}]},{"@type":"WebPage","@id":"https:\/\/now-news.de\/de\/deutschland\/erdogan-ueber-eu-beitrittsgespraeche-mit-ukraine-und-moldawien-auch-sie-werden-vor-der-tuer-warten\/","url":"https:\/\/now-news.de\/de\/deutschland\/erdogan-ueber-eu-beitrittsgespraeche-mit-ukraine-und-moldawien-auch-sie-werden-vor-der-tuer-warten\/","name":"Erdo\u011fan \u00fcber EU-Beitrittsgespr\u00e4che mit Ukraine und Moldawien: Auch sie werden vor der T\u00fcr warten - just-now.NEWS Deutschland","isPartOf":{"@id":"https:\/\/now-news.de\/de\/#website"},"primaryImageOfPage":{"@id":"https:\/\/now-news.de\/de\/deutschland\/erdogan-ueber-eu-beitrittsgespraeche-mit-ukraine-und-moldawien-auch-sie-werden-vor-der-tuer-warten\/#primaryimage"},"image":{"@id":"https:\/\/now-news.de\/de\/deutschland\/erdogan-ueber-eu-beitrittsgespraeche-mit-ukraine-und-moldawien-auch-sie-werden-vor-der-tuer-warten\/#primaryimage"},"thumbnailUrl":"https:\/\/now-news.de\/de\/wp-content\/uploads\/sites\/3\/2023\/12\/Erdogan-ueber-EU-Beitrittsgespraeche-mit-Ukraine-und-Moldawien-Auch-sie-werden.jpg","datePublished":"2023-12-20T14:35:18+00:00","dateModified":"2023-12-20T14:35:18+00:00","breadcrumb":{"@id":"https:\/\/now-news.de\/de\/deutschland\/erdogan-ueber-eu-beitrittsgespraeche-mit-ukraine-und-moldawien-auch-sie-werden-vor-der-tuer-warten\/#breadcrumb"},"inLanguage":"de","potentialAction":[{"@type":"ReadAction","target":["https:\/\/now-news.de\/de\/deutschland\/erdogan-ueber-eu-beitrittsgespraeche-mit-ukraine-und-moldawien-auch-sie-werden-vor-der-tuer-warten\/"]}]},{"@type":"ImageObject","inLanguage":"de","@id":"https:\/\/now-news.de\/de\/deutschland\/erdogan-ueber-eu-beitrittsgespraeche-mit-ukraine-und-moldawien-auch-sie-werden-vor-der-tuer-warten\/#primaryimage","url":"https:\/\/now-news.de\/de\/wp-content\/uploads\/sites\/3\/2023\/12\/Erdogan-ueber-EU-Beitrittsgespraeche-mit-Ukraine-und-Moldawien-Auch-sie-werden.jpg","contentUrl":"https:\/\/now-news.de\/de\/wp-content\/uploads\/sites\/3\/2023\/12\/Erdogan-ueber-EU-Beitrittsgespraeche-mit-Ukraine-und-Moldawien-Auch-sie-werden.jpg","width":460,"height":259,"caption":"Erdo\u011fan \u00fcber EU-Beitrittsgespr\u00e4che mit Ukraine und Moldawien: Auch sie werden vor der T\u00fcr warten"},{"@type":"BreadcrumbList","@id":"https:\/\/now-news.de\/de\/deutschland\/erdogan-ueber-eu-beitrittsgespraeche-mit-ukraine-und-moldawien-auch-sie-werden-vor-der-tuer-warten\/#breadcrumb","itemListElement":[{"@type":"ListItem","position":1,"name":"Home","item":"https:\/\/now-news.de\/de\/"},{"@type":"ListItem","position":2,"name":"Erdo\u011fan \u00fcber EU-Beitrittsgespr\u00e4che mit Ukraine und Moldawien: Auch sie werden vor der T\u00fcr warten"}]},{"@type":"WebSite","@id":"https:\/\/now-news.de\/de\/#website","url":"https:\/\/now-news.de\/de\/","name":"just-now.NEWS Deutschland","description":"Das Portal f\u00fcr unzensierte Nachrichten aus der Welt","publisher":{"@id":"https:\/\/now-news.de\/de\/#organization"},"potentialAction":[{"@type":"SearchAction","target":{"@type":"EntryPoint","urlTemplate":"https:\/\/now-news.de\/de\/?s={search_term_string}"},"query-input":"required name=search_term_string"}],"inLanguage":"de"},{"@type":"Organization","@id":"https:\/\/now-news.de\/de\/#organization","name":"Just Now News","url":"https:\/\/now-news.de\/de\/","logo":{"@type":"ImageObject","inLanguage":"de","@id":"https:\/\/now-news.de\/de\/#\/schema\/logo\/image\/","url":"http:\/\/just-now.news\/de\/wp-content\/uploads\/sites\/3\/2022\/04\/logo500x500.jpg","contentUrl":"http:\/\/just-now.news\/de\/wp-content\/uploads\/sites\/3\/2022\/04\/logo500x500.jpg","width":500,"height":500,"caption":"Just Now News"},"image":{"@id":"https:\/\/now-news.de\/de\/#\/schema\/logo\/image\/"},"sameAs":["https:\/\/www.facebook.com\/wirmachenauf","https:\/\/x.com\/WirMachenAuf_de"]},{"@type":"Person","@id":"https:\/\/now-news.de\/de\/#\/schema\/person\/fb534a4e865501d8b3285208df34a9b5","name":"rtnews","image":{"@type":"ImageObject","inLanguage":"de","@id":"https:\/\/now-news.de\/de\/#\/schema\/person\/image\/","url":"https:\/\/secure.gravatar.com\/avatar\/82aafea7d8127119dd649515f56e2117?s=96&d=mm&r=g","contentUrl":"https:\/\/secure.gravatar.com\/avatar\/82aafea7d8127119dd649515f56e2117?s=96&d=mm&r=g","caption":"rtnews"},"url":"https:\/\/now-news.de\/de\/author\/rnews\/"}]}},"_links":{"self":[{"href":"https:\/\/now-news.de\/de\/wp-json\/wp\/v2\/posts\/51910"}],"collection":[{"href":"https:\/\/now-news.de\/de\/wp-json\/wp\/v2\/posts"}],"about":[{"href":"https:\/\/now-news.de\/de\/wp-json\/wp\/v2\/types\/post"}],"author":[{"embeddable":true,"href":"https:\/\/now-news.de\/de\/wp-json\/wp\/v2\/users\/3"}],"replies":[{"embeddable":true,"href":"https:\/\/now-news.de\/de\/wp-json\/wp\/v2\/comments?post=51910"}],"version-history":[{"count":0,"href":"https:\/\/now-news.de\/de\/wp-json\/wp\/v2\/posts\/51910\/revisions"}],"wp:featuredmedia":[{"embeddable":true,"href":"https:\/\/now-news.de\/de\/wp-json\/wp\/v2\/media\/51911"}],"wp:attachment":[{"href":"https:\/\/now-news.de\/de\/wp-json\/wp\/v2\/media?parent=51910"}],"wp:term":[{"taxonomy":"category","embeddable":true,"href":"https:\/\/now-news.de\/de\/wp-json\/wp\/v2\/categories?post=51910"},{"taxonomy":"post_tag","embeddable":true,"href":"https:\/\/now-news.de\/de\/wp-json\/wp\/v2\/tags?post=51910"}],"curies":[{"name":"wp","href":"https:\/\/api.w.org\/{rel}","templated":true}]}}