{"id":51906,"date":"2023-12-20T15:41:40","date_gmt":"2023-12-20T13:41:40","guid":{"rendered":"https:\/\/just-now.news\/de\/deutschland\/umfrage-meinungsaeusserungen-nur-hinter-vorgehaltener-hand\/"},"modified":"2023-12-20T15:41:40","modified_gmt":"2023-12-20T13:41:40","slug":"umfrage-meinungsaeusserungen-nur-hinter-vorgehaltener-hand","status":"publish","type":"post","link":"https:\/\/now-news.de\/de\/deutschland\/umfrage-meinungsaeusserungen-nur-hinter-vorgehaltener-hand\/","title":{"rendered":"Umfrage: Meinungs\u00e4u\u00dferungen nur hinter vorgehaltener Hand"},"content":{"rendered":"<p><img decoding=\"async\" src=\"http:\/\/just-now.news\/de\/wp-content\/uploads\/sites\/3\/2023\/12\/6582d71348fbef5f8e7f2542.jpg\" \/><\/p>\n<div class=\"Text-root Text-type_1 \">\n                Die Mehrheit der Deutschen glaubt nicht mehr, in einem Land zu leben, in dem man seine Meinung frei \u00e4u\u00dfern kann. Das ergibt eine aktuelle Meinungsumfrage. Die Ergebnisse folgen einem lang anhaltenden Trend und sind f\u00fcr eine funktionierende Demokratie alarmierend.\n            <\/div>\n<p><\/p>\n<div class=\"Text-root Text-type_5 ArticleView-text ViewText-root \">\n<p>Die Meinungsfreiheit ist im Grundgesetz verankert. In Artikel 5 hei\u00dft es dort:<\/p>\n<blockquote>\n<p><em>&#8220;Jeder hat das Recht, seine Meinung in Wort, Schrift und Bild frei zu \u00e4u\u00dfern und zu verbreiten und sich aus allgemein zug\u00e4nglichen Quellen ungehindert zu unterrichten. Die Pressefreiheit und die Freiheit der Berichterstattung durch Rundfunk und Film werden gew\u00e4hrleistet. Eine Zensur findet nicht statt.&#8221;<\/em><\/p>\n<\/blockquote>\n<p>In der Praxis sieht das freilich anders aus. Insbesondere in den vergangenen Jahren wurde viel daf\u00fcr getan, die Meinungsfreiheit einzuschr\u00e4nken. Inzwischen wurde sogar das Strafrecht versch\u00e4rft. Kein Wunder also, dass immer mehr Deutsche das Gef\u00fchl haben, man m\u00fcsse vorsichtig sein, was man \u00f6ffentlich \u00e4u\u00dferst.\u00a0<\/p>\n<p>Laut einer aktuellen Umfrage des Instituts f\u00fcr Demoskopie Allensbach und des Meinungsforschungsinstituts Media Tenor glaubt nur noch eine Minderheit von 40 Prozent der Deutschen, ihre Meinung frei \u00e4u\u00dfern zu k\u00f6nnen. 44 Prozent geben an, dass man in Deutschland mit dem Ausdruck seiner Meinung vorsichtig sein m\u00fcsse.\u00a0<\/p>\n<p>Der Anteil derjenigen, die glauben, ihre Meinung nur noch hinter vorgehaltener Hand sagen zu k\u00f6nnen, ist in den vergangenen drei\u00dfig Jahren massiv gestiegen. Stimmten zu Beginn der 90er-Jahre noch \u00fcber Dreiviertel der Befragten der Auffassung zu, dass man in Deutschland offen seine Meinung darlegen k\u00f6nne, sank dieser Wert zun\u00e4chst unter der ersten rot-gr\u00fcnen Koalition, dann unter den diversen Merkel-Regierungen best\u00e4ndig ab, um nun unter der Ampel einen vorl\u00e4ufigen Tiefpunkt zu erreichen.\u00a0<\/p>\n<div class=\"EmbedBlock-root EmbedBlock-twitter\">\n<div class=\"TwitterEmbed\">\n<blockquote class=\"twitter-tweet lazyload\" data-twitter=\"twitter-tweet\">\n<p lang=\"de\" dir=\"ltr\">&#8220;Nur Anh\u00e4nger der Gr\u00fcnen sind noch von der Meinungsfreiheit \u00fcberzeugt&#8221; bzw. dem, was sie daf\u00fcr halten. <a rel=\"nofollow noopener\" target=\"_blank\" href=\"https:\/\/t.co\/VUWR52pdUM\">pic.twitter.com\/VUWR52pdUM<\/a><\/p>\n<p>\u2014 Gr@ntl\u0258r \ud83e\udd68\ud83c\udf7a (@oida_grantler) <a rel=\"nofollow noopener\" target=\"_blank\" href=\"https:\/\/twitter.com\/oida_grantler\/status\/1737401758706540620?ref_src=twsrc%5Etfw\">December 20, 2023<\/a><\/p><\/blockquote>\n<\/div>\n<\/div>\n<p>Dabei ist die Verteilung interessant. J\u00fcngere glauben noch eher daran, in einem Land mit Meinungsfreiheit zu leben als \u00c4ltere. Auch nach Parteizugeh\u00f6rigkeit gibt es gro\u00dfe Unterschiede. So ist der Anteil derer, die \u00fcberzeugt sind, frei reden zu k\u00f6nnen, unter den W\u00e4hlern der Gr\u00fcnen mit einem Prozentsatz von 75 Prozent am h\u00f6chsten.\u00a0Damit korrespondiert, dass 62 Prozent der W\u00e4hler der AfD nicht das Gef\u00fchl haben, in einer Gesellschaft zu leben, in der man seine Meinung frei \u00e4u\u00dfern kann.\u00a0<\/p>\n<p>Die Autoren erkl\u00e4ren die Unterschiede \u00fcbrigens mit der Mediennutzung der Befragten. Dabei ist eine wesentlich n\u00e4herliegende Erkl\u00e4rung, dass die AfD ganz offen durch Medien und Politik diskriminiert wird, w\u00e4hrend die politischen Positionen der Gr\u00fcnen in der deutschen Medienlandschaft breit abgebildet werden. Das liegt an der Besetzung der Redaktionen in der Republik. Dort sind die Gr\u00fcnen \u00fcberproportional vertreten. Sie k\u00f6nnen dort ihre Meinung und ihr Weltbild kommunizieren, andere Positionen nach Kr\u00e4ften verurteilen und Parteiverbote und Ausgrenzung fordern.<\/p>\n<p><strong>Mehr zum Thema\u00a0<\/strong>\u2013 <a rel=\"nofollow noopener\" target=\"_blank\" href=\"https:\/\/freedert.online\/inland\/186096-politologe-juergen-falter-ard-und\/\">Politologe J\u00fcrgen Falter: &#8220;ARD und ZDF arbeiten offen gegen die Mehrheitsmeinung&#8221;<\/a><\/p>\n<\/p>\n<\/div>\n<p><script async src=\"https:\/\/platform.twitter.com\/widgets.js\" charset=\"utf-8\"><\/script><br \/>\n<br \/><br \/>\n<br \/><a href=\"https:\/\/de.rt.com\/inland\/190442-umfrage-meinungsaeusserungen-nur-hinter-vorgehaltener\/\">Source link <\/a><\/p>\n","protected":false},"excerpt":{"rendered":"<p>Die Mehrheit der Deutschen glaubt nicht mehr, in einem Land zu leben, in dem man seine Meinung frei \u00e4u\u00dfern kann. Das ergibt eine aktuelle Meinungsumfrage. Die Ergebnisse folgen einem lang anhaltenden Trend und sind f\u00fcr eine funktionierende Demokratie alarmierend. Die Meinungsfreiheit ist im Grundgesetz verankert. In Artikel 5 hei\u00dft es dort: &#8220;Jeder hat das Recht, [&hellip;]<\/p>\n","protected":false},"author":3,"featured_media":51907,"comment_status":"open","ping_status":"open","sticky":false,"template":"","format":"standard","meta":{"_yoast_indexnow_last_ping":["1703081434"],"wp_automatic_camp":["217"],"a4f29245452c503dd4470c83a55965f5":["Umfrage: Meinungs\u00e4u\u00dferungen nur hinter vorgehaltener Hand"],"original_link":["https:\/\/de.rt.com\/inland\/190442-umfrage-meinungsaeusserungen-nur-hinter-vorgehaltener\/"],"_thumbnail_id":["51907"],"_wptgpro_p2tg_sent2tg":["a:1:{i:23737;s:19:\"2023-12-20 16:11:35\";}"],"jnews_social_counter_last_update":["1777343071"]},"categories":[19,23],"tags":[8748,4440,51775,4230,1428,29380],"yoast_head":"<!-- This site is optimized with the Yoast SEO Premium plugin v22.7 (Yoast SEO v22.7) - https:\/\/yoast.com\/wordpress\/plugins\/seo\/ -->\n<title>Umfrage: Meinungs\u00e4u\u00dferungen nur hinter vorgehaltener Hand - just-now.NEWS Deutschland<\/title>\n<meta name=\"robots\" content=\"index, follow, max-snippet:-1, max-image-preview:large, max-video-preview:-1\" \/>\n<link rel=\"canonical\" href=\"https:\/\/now-news.de\/de\/deutschland\/umfrage-meinungsaeusserungen-nur-hinter-vorgehaltener-hand\/\" \/>\n<meta property=\"og:locale\" content=\"de_DE\" \/>\n<meta property=\"og:type\" content=\"article\" \/>\n<meta property=\"og:title\" content=\"Umfrage: Meinungs\u00e4u\u00dferungen nur hinter vorgehaltener Hand\" \/>\n<meta property=\"og:description\" content=\"Die Mehrheit der Deutschen glaubt nicht mehr, in einem Land zu leben, in dem man seine Meinung frei \u00e4u\u00dfern kann. Das ergibt eine aktuelle Meinungsumfrage. Die Ergebnisse folgen einem lang anhaltenden Trend und sind f\u00fcr eine funktionierende Demokratie alarmierend. Die Meinungsfreiheit ist im Grundgesetz verankert. In Artikel 5 hei\u00dft es dort: &#8220;Jeder hat das Recht, [&hellip;]\" \/>\n<meta property=\"og:url\" content=\"https:\/\/now-news.de\/de\/deutschland\/umfrage-meinungsaeusserungen-nur-hinter-vorgehaltener-hand\/\" \/>\n<meta property=\"og:site_name\" content=\"just-now.NEWS Deutschland\" \/>\n<meta property=\"article:publisher\" content=\"https:\/\/www.facebook.com\/wirmachenauf\" \/>\n<meta property=\"article:published_time\" content=\"2023-12-20T13:41:40+00:00\" \/>\n<meta property=\"og:image\" content=\"https:\/\/now-news.de\/de\/wp-content\/uploads\/sites\/3\/2023\/12\/Umfrage-Meinungsaeusserungen-nur-hinter-vorgehaltener-Hand.jpg\" \/>\n\t<meta property=\"og:image:width\" content=\"460\" \/>\n\t<meta property=\"og:image:height\" content=\"259\" \/>\n\t<meta property=\"og:image:type\" content=\"image\/jpeg\" \/>\n<meta name=\"author\" content=\"rtnews\" \/>\n<meta name=\"twitter:card\" content=\"summary_large_image\" \/>\n<meta name=\"twitter:creator\" content=\"@WirMachenAuf_de\" \/>\n<meta name=\"twitter:site\" content=\"@WirMachenAuf_de\" \/>\n<meta name=\"twitter:label1\" content=\"Verfasst von\" \/>\n\t<meta name=\"twitter:data1\" content=\"rtnews\" \/>\n\t<meta name=\"twitter:label2\" content=\"Gesch\u00e4tzte Lesezeit\" \/>\n\t<meta name=\"twitter:data2\" content=\"2\u00a0Minuten\" \/>\n<script type=\"application\/ld+json\" class=\"yoast-schema-graph\">{\"@context\":\"https:\/\/schema.org\",\"@graph\":[{\"@type\":\"Article\",\"@id\":\"https:\/\/now-news.de\/de\/deutschland\/umfrage-meinungsaeusserungen-nur-hinter-vorgehaltener-hand\/#article\",\"isPartOf\":{\"@id\":\"https:\/\/now-news.de\/de\/deutschland\/umfrage-meinungsaeusserungen-nur-hinter-vorgehaltener-hand\/\"},\"author\":{\"name\":\"rtnews\",\"@id\":\"https:\/\/now-news.de\/de\/#\/schema\/person\/fb534a4e865501d8b3285208df34a9b5\"},\"headline\":\"Umfrage: Meinungs\u00e4u\u00dferungen nur hinter vorgehaltener Hand\",\"datePublished\":\"2023-12-20T13:41:40+00:00\",\"dateModified\":\"2023-12-20T13:41:40+00:00\",\"mainEntityOfPage\":{\"@id\":\"https:\/\/now-news.de\/de\/deutschland\/umfrage-meinungsaeusserungen-nur-hinter-vorgehaltener-hand\/\"},\"wordCount\":501,\"commentCount\":0,\"publisher\":{\"@id\":\"https:\/\/now-news.de\/de\/#organization\"},\"image\":{\"@id\":\"https:\/\/now-news.de\/de\/deutschland\/umfrage-meinungsaeusserungen-nur-hinter-vorgehaltener-hand\/#primaryimage\"},\"thumbnailUrl\":\"https:\/\/now-news.de\/de\/wp-content\/uploads\/sites\/3\/2023\/12\/Umfrage-Meinungsaeusserungen-nur-hinter-vorgehaltener-Hand.jpg\",\"keywords\":[\"hand\",\"hinter\",\"Meinungs\u00e4u\u00dferungen\",\"NUR\",\"Umfrage\",\"vorgehaltener\"],\"articleSection\":[\"Deutschland\",\"Russland\"],\"inLanguage\":\"de\",\"potentialAction\":[{\"@type\":\"CommentAction\",\"name\":\"Comment\",\"target\":[\"https:\/\/now-news.de\/de\/deutschland\/umfrage-meinungsaeusserungen-nur-hinter-vorgehaltener-hand\/#respond\"]}]},{\"@type\":\"WebPage\",\"@id\":\"https:\/\/now-news.de\/de\/deutschland\/umfrage-meinungsaeusserungen-nur-hinter-vorgehaltener-hand\/\",\"url\":\"https:\/\/now-news.de\/de\/deutschland\/umfrage-meinungsaeusserungen-nur-hinter-vorgehaltener-hand\/\",\"name\":\"Umfrage: Meinungs\u00e4u\u00dferungen nur hinter vorgehaltener Hand - just-now.NEWS Deutschland\",\"isPartOf\":{\"@id\":\"https:\/\/now-news.de\/de\/#website\"},\"primaryImageOfPage\":{\"@id\":\"https:\/\/now-news.de\/de\/deutschland\/umfrage-meinungsaeusserungen-nur-hinter-vorgehaltener-hand\/#primaryimage\"},\"image\":{\"@id\":\"https:\/\/now-news.de\/de\/deutschland\/umfrage-meinungsaeusserungen-nur-hinter-vorgehaltener-hand\/#primaryimage\"},\"thumbnailUrl\":\"https:\/\/now-news.de\/de\/wp-content\/uploads\/sites\/3\/2023\/12\/Umfrage-Meinungsaeusserungen-nur-hinter-vorgehaltener-Hand.jpg\",\"datePublished\":\"2023-12-20T13:41:40+00:00\",\"dateModified\":\"2023-12-20T13:41:40+00:00\",\"breadcrumb\":{\"@id\":\"https:\/\/now-news.de\/de\/deutschland\/umfrage-meinungsaeusserungen-nur-hinter-vorgehaltener-hand\/#breadcrumb\"},\"inLanguage\":\"de\",\"potentialAction\":[{\"@type\":\"ReadAction\",\"target\":[\"https:\/\/now-news.de\/de\/deutschland\/umfrage-meinungsaeusserungen-nur-hinter-vorgehaltener-hand\/\"]}]},{\"@type\":\"ImageObject\",\"inLanguage\":\"de\",\"@id\":\"https:\/\/now-news.de\/de\/deutschland\/umfrage-meinungsaeusserungen-nur-hinter-vorgehaltener-hand\/#primaryimage\",\"url\":\"https:\/\/now-news.de\/de\/wp-content\/uploads\/sites\/3\/2023\/12\/Umfrage-Meinungsaeusserungen-nur-hinter-vorgehaltener-Hand.jpg\",\"contentUrl\":\"https:\/\/now-news.de\/de\/wp-content\/uploads\/sites\/3\/2023\/12\/Umfrage-Meinungsaeusserungen-nur-hinter-vorgehaltener-Hand.jpg\",\"width\":460,\"height\":259,\"caption\":\"Umfrage: Meinungs\u00e4u\u00dferungen nur hinter vorgehaltener Hand\"},{\"@type\":\"BreadcrumbList\",\"@id\":\"https:\/\/now-news.de\/de\/deutschland\/umfrage-meinungsaeusserungen-nur-hinter-vorgehaltener-hand\/#breadcrumb\",\"itemListElement\":[{\"@type\":\"ListItem\",\"position\":1,\"name\":\"Home\",\"item\":\"https:\/\/now-news.de\/de\/\"},{\"@type\":\"ListItem\",\"position\":2,\"name\":\"Umfrage: Meinungs\u00e4u\u00dferungen nur hinter vorgehaltener Hand\"}]},{\"@type\":\"WebSite\",\"@id\":\"https:\/\/now-news.de\/de\/#website\",\"url\":\"https:\/\/now-news.de\/de\/\",\"name\":\"just-now.NEWS Deutschland\",\"description\":\"Das Portal f\u00fcr unzensierte Nachrichten aus der Welt\",\"publisher\":{\"@id\":\"https:\/\/now-news.de\/de\/#organization\"},\"potentialAction\":[{\"@type\":\"SearchAction\",\"target\":{\"@type\":\"EntryPoint\",\"urlTemplate\":\"https:\/\/now-news.de\/de\/?s={search_term_string}\"},\"query-input\":\"required name=search_term_string\"}],\"inLanguage\":\"de\"},{\"@type\":\"Organization\",\"@id\":\"https:\/\/now-news.de\/de\/#organization\",\"name\":\"Just Now News\",\"url\":\"https:\/\/now-news.de\/de\/\",\"logo\":{\"@type\":\"ImageObject\",\"inLanguage\":\"de\",\"@id\":\"https:\/\/now-news.de\/de\/#\/schema\/logo\/image\/\",\"url\":\"http:\/\/just-now.news\/de\/wp-content\/uploads\/sites\/3\/2022\/04\/logo500x500.jpg\",\"contentUrl\":\"http:\/\/just-now.news\/de\/wp-content\/uploads\/sites\/3\/2022\/04\/logo500x500.jpg\",\"width\":500,\"height\":500,\"caption\":\"Just Now News\"},\"image\":{\"@id\":\"https:\/\/now-news.de\/de\/#\/schema\/logo\/image\/\"},\"sameAs\":[\"https:\/\/www.facebook.com\/wirmachenauf\",\"https:\/\/x.com\/WirMachenAuf_de\"]},{\"@type\":\"Person\",\"@id\":\"https:\/\/now-news.de\/de\/#\/schema\/person\/fb534a4e865501d8b3285208df34a9b5\",\"name\":\"rtnews\",\"image\":{\"@type\":\"ImageObject\",\"inLanguage\":\"de\",\"@id\":\"https:\/\/now-news.de\/de\/#\/schema\/person\/image\/\",\"url\":\"https:\/\/secure.gravatar.com\/avatar\/82aafea7d8127119dd649515f56e2117?s=96&d=mm&r=g\",\"contentUrl\":\"https:\/\/secure.gravatar.com\/avatar\/82aafea7d8127119dd649515f56e2117?s=96&d=mm&r=g\",\"caption\":\"rtnews\"},\"url\":\"https:\/\/now-news.de\/de\/author\/rnews\/\"}]}<\/script>\n<!-- \/ Yoast SEO Premium plugin. -->","yoast_head_json":{"title":"Umfrage: Meinungs\u00e4u\u00dferungen nur hinter vorgehaltener Hand - just-now.NEWS Deutschland","robots":{"index":"index","follow":"follow","max-snippet":"max-snippet:-1","max-image-preview":"max-image-preview:large","max-video-preview":"max-video-preview:-1"},"canonical":"https:\/\/now-news.de\/de\/deutschland\/umfrage-meinungsaeusserungen-nur-hinter-vorgehaltener-hand\/","og_locale":"de_DE","og_type":"article","og_title":"Umfrage: Meinungs\u00e4u\u00dferungen nur hinter vorgehaltener Hand","og_description":"Die Mehrheit der Deutschen glaubt nicht mehr, in einem Land zu leben, in dem man seine Meinung frei \u00e4u\u00dfern kann. Das ergibt eine aktuelle Meinungsumfrage. Die Ergebnisse folgen einem lang anhaltenden Trend und sind f\u00fcr eine funktionierende Demokratie alarmierend. Die Meinungsfreiheit ist im Grundgesetz verankert. In Artikel 5 hei\u00dft es dort: &#8220;Jeder hat das Recht, [&hellip;]","og_url":"https:\/\/now-news.de\/de\/deutschland\/umfrage-meinungsaeusserungen-nur-hinter-vorgehaltener-hand\/","og_site_name":"just-now.NEWS Deutschland","article_publisher":"https:\/\/www.facebook.com\/wirmachenauf","article_published_time":"2023-12-20T13:41:40+00:00","og_image":[{"width":460,"height":259,"url":"https:\/\/now-news.de\/de\/wp-content\/uploads\/sites\/3\/2023\/12\/Umfrage-Meinungsaeusserungen-nur-hinter-vorgehaltener-Hand.jpg","type":"image\/jpeg"}],"author":"rtnews","twitter_card":"summary_large_image","twitter_creator":"@WirMachenAuf_de","twitter_site":"@WirMachenAuf_de","twitter_misc":{"Verfasst von":"rtnews","Gesch\u00e4tzte Lesezeit":"2\u00a0Minuten"},"schema":{"@context":"https:\/\/schema.org","@graph":[{"@type":"Article","@id":"https:\/\/now-news.de\/de\/deutschland\/umfrage-meinungsaeusserungen-nur-hinter-vorgehaltener-hand\/#article","isPartOf":{"@id":"https:\/\/now-news.de\/de\/deutschland\/umfrage-meinungsaeusserungen-nur-hinter-vorgehaltener-hand\/"},"author":{"name":"rtnews","@id":"https:\/\/now-news.de\/de\/#\/schema\/person\/fb534a4e865501d8b3285208df34a9b5"},"headline":"Umfrage: Meinungs\u00e4u\u00dferungen nur hinter vorgehaltener Hand","datePublished":"2023-12-20T13:41:40+00:00","dateModified":"2023-12-20T13:41:40+00:00","mainEntityOfPage":{"@id":"https:\/\/now-news.de\/de\/deutschland\/umfrage-meinungsaeusserungen-nur-hinter-vorgehaltener-hand\/"},"wordCount":501,"commentCount":0,"publisher":{"@id":"https:\/\/now-news.de\/de\/#organization"},"image":{"@id":"https:\/\/now-news.de\/de\/deutschland\/umfrage-meinungsaeusserungen-nur-hinter-vorgehaltener-hand\/#primaryimage"},"thumbnailUrl":"https:\/\/now-news.de\/de\/wp-content\/uploads\/sites\/3\/2023\/12\/Umfrage-Meinungsaeusserungen-nur-hinter-vorgehaltener-Hand.jpg","keywords":["hand","hinter","Meinungs\u00e4u\u00dferungen","NUR","Umfrage","vorgehaltener"],"articleSection":["Deutschland","Russland"],"inLanguage":"de","potentialAction":[{"@type":"CommentAction","name":"Comment","target":["https:\/\/now-news.de\/de\/deutschland\/umfrage-meinungsaeusserungen-nur-hinter-vorgehaltener-hand\/#respond"]}]},{"@type":"WebPage","@id":"https:\/\/now-news.de\/de\/deutschland\/umfrage-meinungsaeusserungen-nur-hinter-vorgehaltener-hand\/","url":"https:\/\/now-news.de\/de\/deutschland\/umfrage-meinungsaeusserungen-nur-hinter-vorgehaltener-hand\/","name":"Umfrage: Meinungs\u00e4u\u00dferungen nur hinter vorgehaltener Hand - just-now.NEWS Deutschland","isPartOf":{"@id":"https:\/\/now-news.de\/de\/#website"},"primaryImageOfPage":{"@id":"https:\/\/now-news.de\/de\/deutschland\/umfrage-meinungsaeusserungen-nur-hinter-vorgehaltener-hand\/#primaryimage"},"image":{"@id":"https:\/\/now-news.de\/de\/deutschland\/umfrage-meinungsaeusserungen-nur-hinter-vorgehaltener-hand\/#primaryimage"},"thumbnailUrl":"https:\/\/now-news.de\/de\/wp-content\/uploads\/sites\/3\/2023\/12\/Umfrage-Meinungsaeusserungen-nur-hinter-vorgehaltener-Hand.jpg","datePublished":"2023-12-20T13:41:40+00:00","dateModified":"2023-12-20T13:41:40+00:00","breadcrumb":{"@id":"https:\/\/now-news.de\/de\/deutschland\/umfrage-meinungsaeusserungen-nur-hinter-vorgehaltener-hand\/#breadcrumb"},"inLanguage":"de","potentialAction":[{"@type":"ReadAction","target":["https:\/\/now-news.de\/de\/deutschland\/umfrage-meinungsaeusserungen-nur-hinter-vorgehaltener-hand\/"]}]},{"@type":"ImageObject","inLanguage":"de","@id":"https:\/\/now-news.de\/de\/deutschland\/umfrage-meinungsaeusserungen-nur-hinter-vorgehaltener-hand\/#primaryimage","url":"https:\/\/now-news.de\/de\/wp-content\/uploads\/sites\/3\/2023\/12\/Umfrage-Meinungsaeusserungen-nur-hinter-vorgehaltener-Hand.jpg","contentUrl":"https:\/\/now-news.de\/de\/wp-content\/uploads\/sites\/3\/2023\/12\/Umfrage-Meinungsaeusserungen-nur-hinter-vorgehaltener-Hand.jpg","width":460,"height":259,"caption":"Umfrage: Meinungs\u00e4u\u00dferungen nur hinter vorgehaltener Hand"},{"@type":"BreadcrumbList","@id":"https:\/\/now-news.de\/de\/deutschland\/umfrage-meinungsaeusserungen-nur-hinter-vorgehaltener-hand\/#breadcrumb","itemListElement":[{"@type":"ListItem","position":1,"name":"Home","item":"https:\/\/now-news.de\/de\/"},{"@type":"ListItem","position":2,"name":"Umfrage: Meinungs\u00e4u\u00dferungen nur hinter vorgehaltener Hand"}]},{"@type":"WebSite","@id":"https:\/\/now-news.de\/de\/#website","url":"https:\/\/now-news.de\/de\/","name":"just-now.NEWS Deutschland","description":"Das Portal f\u00fcr unzensierte Nachrichten aus der Welt","publisher":{"@id":"https:\/\/now-news.de\/de\/#organization"},"potentialAction":[{"@type":"SearchAction","target":{"@type":"EntryPoint","urlTemplate":"https:\/\/now-news.de\/de\/?s={search_term_string}"},"query-input":"required name=search_term_string"}],"inLanguage":"de"},{"@type":"Organization","@id":"https:\/\/now-news.de\/de\/#organization","name":"Just Now News","url":"https:\/\/now-news.de\/de\/","logo":{"@type":"ImageObject","inLanguage":"de","@id":"https:\/\/now-news.de\/de\/#\/schema\/logo\/image\/","url":"http:\/\/just-now.news\/de\/wp-content\/uploads\/sites\/3\/2022\/04\/logo500x500.jpg","contentUrl":"http:\/\/just-now.news\/de\/wp-content\/uploads\/sites\/3\/2022\/04\/logo500x500.jpg","width":500,"height":500,"caption":"Just Now News"},"image":{"@id":"https:\/\/now-news.de\/de\/#\/schema\/logo\/image\/"},"sameAs":["https:\/\/www.facebook.com\/wirmachenauf","https:\/\/x.com\/WirMachenAuf_de"]},{"@type":"Person","@id":"https:\/\/now-news.de\/de\/#\/schema\/person\/fb534a4e865501d8b3285208df34a9b5","name":"rtnews","image":{"@type":"ImageObject","inLanguage":"de","@id":"https:\/\/now-news.de\/de\/#\/schema\/person\/image\/","url":"https:\/\/secure.gravatar.com\/avatar\/82aafea7d8127119dd649515f56e2117?s=96&d=mm&r=g","contentUrl":"https:\/\/secure.gravatar.com\/avatar\/82aafea7d8127119dd649515f56e2117?s=96&d=mm&r=g","caption":"rtnews"},"url":"https:\/\/now-news.de\/de\/author\/rnews\/"}]}},"_links":{"self":[{"href":"https:\/\/now-news.de\/de\/wp-json\/wp\/v2\/posts\/51906"}],"collection":[{"href":"https:\/\/now-news.de\/de\/wp-json\/wp\/v2\/posts"}],"about":[{"href":"https:\/\/now-news.de\/de\/wp-json\/wp\/v2\/types\/post"}],"author":[{"embeddable":true,"href":"https:\/\/now-news.de\/de\/wp-json\/wp\/v2\/users\/3"}],"replies":[{"embeddable":true,"href":"https:\/\/now-news.de\/de\/wp-json\/wp\/v2\/comments?post=51906"}],"version-history":[{"count":0,"href":"https:\/\/now-news.de\/de\/wp-json\/wp\/v2\/posts\/51906\/revisions"}],"wp:featuredmedia":[{"embeddable":true,"href":"https:\/\/now-news.de\/de\/wp-json\/wp\/v2\/media\/51907"}],"wp:attachment":[{"href":"https:\/\/now-news.de\/de\/wp-json\/wp\/v2\/media?parent=51906"}],"wp:term":[{"taxonomy":"category","embeddable":true,"href":"https:\/\/now-news.de\/de\/wp-json\/wp\/v2\/categories?post=51906"},{"taxonomy":"post_tag","embeddable":true,"href":"https:\/\/now-news.de\/de\/wp-json\/wp\/v2\/tags?post=51906"}],"curies":[{"name":"wp","href":"https:\/\/api.w.org\/{rel}","templated":true}]}}